{"id":3336,"date":"2022-05-09T10:54:06","date_gmt":"2022-05-09T08:54:06","guid":{"rendered":"https:\/\/www.victorarandagarcia.es\/?p=3336"},"modified":"2022-05-09T11:18:45","modified_gmt":"2022-05-09T09:18:45","slug":"portada-para-el-sol-de-los-lobos","status":"publish","type":"post","link":"https:\/\/www.victorarandagarcia.es\/index.php\/publicaciones\/portada-para-el-sol-de-los-lobos\/","title":{"rendered":"Portada para El Sol de los Lobos"},"content":{"rendered":"\n<p>El pr\u00f3ximo libro de poes\u00eda de\u00a0<strong>Laura de la Fuente<\/strong>\u00a0llevar\u00e1 en su portada una de mis fotograf\u00edas,\u00a0<em>dendritas<\/em>, tomada en N\u00e1quera en 2021.<\/p>\n\n\n\n<figure class=\"wp-block-image size-full\"><img data-attachment-id=\"3337\" data-permalink=\"https:\/\/www.victorarandagarcia.es\/index.php\/publicaciones\/portada-para-el-sol-de-los-lobos\/attachment\/portada-sol-de-los-lobos\/\" data-orig-file=\"https:\/\/www.victorarandagarcia.es\/wp-content\/uploads\/portada-sol-de-los-lobos.jpg\" data-orig-size=\"949,724\" data-comments-opened=\"0\" data-image-meta=\"{&quot;aperture&quot;:&quot;0&quot;,&quot;credit&quot;:&quot;&quot;,&quot;camera&quot;:&quot;&quot;,&quot;caption&quot;:&quot;&quot;,&quot;created_timestamp&quot;:&quot;0&quot;,&quot;copyright&quot;:&quot;&quot;,&quot;focal_length&quot;:&quot;0&quot;,&quot;iso&quot;:&quot;0&quot;,&quot;shutter_speed&quot;:&quot;0&quot;,&quot;title&quot;:&quot;&quot;,&quot;orientation&quot;:&quot;0&quot;}\" data-image-title=\"portada-sol-de-los-lobos\" data-image-description=\"\" data-image-caption=\"\" data-medium-file=\"https:\/\/www.victorarandagarcia.es\/wp-content\/uploads\/portada-sol-de-los-lobos-300x229.jpg\" data-large-file=\"https:\/\/www.victorarandagarcia.es\/wp-content\/uploads\/portada-sol-de-los-lobos.jpg\" decoding=\"async\" loading=\"lazy\" width=\"949\" height=\"724\" src=\"https:\/\/www.victorarandagarcia.es\/wp-content\/uploads\/portada-sol-de-los-lobos.jpg\" alt=\"\" class=\"wp-image-3337\" srcset=\"https:\/\/www.victorarandagarcia.es\/wp-content\/uploads\/portada-sol-de-los-lobos.jpg 949w, https:\/\/www.victorarandagarcia.es\/wp-content\/uploads\/portada-sol-de-los-lobos-300x229.jpg 300w, https:\/\/www.victorarandagarcia.es\/wp-content\/uploads\/portada-sol-de-los-lobos-768x586.jpg 768w\" sizes=\"(max-width: 949px) 100vw, 949px\" \/><\/figure>\n\n\n\n<p>Bajo el t\u00edtulo&nbsp;<strong><em>El Sol de los Lobos<\/em><\/strong>&nbsp;la poeta y actriz presenta 30&nbsp;<em>\u00abpoemas hacia un desvanecimiento de la poes\u00eda\u00bb<\/em>&nbsp;en el que ser\u00e1 su tercer libro tras&nbsp;<a href=\"https:\/\/www.15-15-15.org\/webzine\/download\/cuadernos-para-naufragos\/\" target=\"_blank\" rel=\"noreferrer noopener\"><em>Cuadernos para Naufragos (2016)<\/em><\/a>&nbsp;y&nbsp;<a href=\"https:\/\/www.15-15-15.org\/webzine\/download\/en-mi-tierra-de-nadie\/\" target=\"_blank\" rel=\"noreferrer noopener\"><em>En mi Tierra de Nadie (2018)<\/em><\/a>.<\/p>\n\n\n\n<p class=\"has-text-align-center has-small-font-size\"><em>Para una vida nueva me acuesto cada d\u00eda<\/em><br><em><em>entre los escombros de la luz y del temblor;<\/em><\/em><br><em><em>recorro de memoria cenizas r\u00edo arriba<\/em><\/em><br><em><br><em>y me entierro viva<\/em><\/em><\/p>\n\n\n\n<p>Para m\u00e1s detalles pod\u00e9is leer la interesante rese\u00f1a que ha escrito Luis Valcarce sobre el nuevo libro de Laura de la Fuente pinchando en este enlace:\u00a0<a href=\"https:\/\/www.15-15-15.org\/webzine\/2022\/03\/13\/resena-de-el-sol-de-los-lobos\/\" target=\"_blank\" rel=\"noreferrer noopener\"><strong><em>El Sol de los Lobos<\/em><\/strong><\/a>. As\u00edmismo para contactar con la autora y pedir que os reserve un ejemplar pod\u00e9is enviarle un mensaje a trav\u00e9s de su facebook:\u00a0<a href=\"https:\/\/www.facebook.com\/laura.delafuente.16\" target=\"_blank\" rel=\"noreferrer noopener\"><strong>Laura de la Fuente<\/strong><\/a>.<br><\/p>\n","protected":false},"excerpt":{"rendered":"<p>El nuevo libro de poes\u00eda de\u00a0Laura de la Fuente\u00a0ilustra su portada con una de mis fotograf\u00edas. &hellip; <a href=\"https:\/\/www.victorarandagarcia.es\/index.php\/publicaciones\/portada-para-el-sol-de-los-lobos\/\" class=\"more-link\"><span>Continuar<span class=\"screen-reader-text\">Portada para El Sol de los Lobos<\/span><\/span><\/a><\/p>\n","protected":false},"author":1,"featured_media":3339,"comment_status":"closed","ping_status":"open","sticky":false,"template":"","format":"standard","meta":{"jetpack_post_was_ever_published":false,"_jetpack_newsletter_access":"","_jetpack_dont_email_post_to_subs":false,"_jetpack_newsletter_tier_id":0,"_jetpack_memberships_contains_paywalled_content":false,"footnotes":"","_jetpack_memberships_contains_paid_content":false},"categories":[84,83],"tags":[100,99,79],"yoast_head":"<!-- This site is optimized with the Yoast SEO plugin v22.6 - https:\/\/yoast.com\/wordpress\/plugins\/seo\/ -->\n<title>Portada para El Sol de los Lobos - arte y estudio<\/title>\n<meta name=\"description\" content=\"El pr\u00f3ximo libro de la actriz y poeta\u00a0Laura de la Fuente\u00a0llevar\u00e1 en su portada una de mis fotograf\u00edas,\u00a0dendritas, tomada en N\u00e1quera en 2021.\" \/>\n<meta name=\"robots\" content=\"index, follow, max-snippet:-1, max-image-preview:large, max-video-preview:-1\" \/>\n<link rel=\"canonical\" href=\"https:\/\/www.victorarandagarcia.es\/index.php\/publicaciones\/portada-para-el-sol-de-los-lobos\/\" \/>\n<meta property=\"og:locale\" content=\"es_ES\" \/>\n<meta property=\"og:type\" content=\"article\" \/>\n<meta property=\"og:title\" content=\"Portada para El Sol de los Lobos - arte y estudio\" \/>\n<meta property=\"og:description\" content=\"El pr\u00f3ximo libro de la actriz y poeta\u00a0Laura de la Fuente\u00a0llevar\u00e1 en su portada una de mis fotograf\u00edas,\u00a0dendritas, tomada en N\u00e1quera en 2021.\" \/>\n<meta property=\"og:url\" content=\"https:\/\/www.victorarandagarcia.es\/index.php\/publicaciones\/portada-para-el-sol-de-los-lobos\/\" \/>\n<meta property=\"og:site_name\" content=\"arte y estudio\" \/>\n<meta property=\"article:published_time\" content=\"2022-05-09T08:54:06+00:00\" \/>\n<meta property=\"article:modified_time\" content=\"2022-05-09T09:18:45+00:00\" \/>\n<meta property=\"og:image\" content=\"https:\/\/www.victorarandagarcia.es\/wp-content\/uploads\/libro-poesia-ilustracion.jpg\" \/>\n\t<meta property=\"og:image:width\" content=\"422\" \/>\n\t<meta property=\"og:image:height\" content=\"550\" \/>\n\t<meta property=\"og:image:type\" content=\"image\/jpeg\" \/>\n<meta name=\"author\" content=\"victorarandagarcia\" \/>\n<meta name=\"twitter:card\" content=\"summary_large_image\" \/>\n<meta name=\"twitter:label1\" content=\"Escrito por\" \/>\n\t<meta name=\"twitter:data1\" content=\"victorarandagarcia\" \/>\n\t<meta name=\"twitter:label2\" content=\"Tiempo de lectura\" \/>\n\t<meta name=\"twitter:data2\" content=\"1 minuto\" \/>\n<script type=\"application\/ld+json\" class=\"yoast-schema-graph\">{\"@context\":\"https:\/\/schema.org\",\"@graph\":[{\"@type\":\"Article\",\"@id\":\"https:\/\/www.victorarandagarcia.es\/index.php\/publicaciones\/portada-para-el-sol-de-los-lobos\/#article\",\"isPartOf\":{\"@id\":\"https:\/\/www.victorarandagarcia.es\/index.php\/publicaciones\/portada-para-el-sol-de-los-lobos\/\"},\"author\":{\"name\":\"victorarandagarcia\",\"@id\":\"https:\/\/www.victorarandagarcia.es\/#\/schema\/person\/bfa9c61a3776d517deeee5f9386ef302\"},\"headline\":\"Portada para El Sol de los Lobos\",\"datePublished\":\"2022-05-09T08:54:06+00:00\",\"dateModified\":\"2022-05-09T09:18:45+00:00\",\"mainEntityOfPage\":{\"@id\":\"https:\/\/www.victorarandagarcia.es\/index.php\/publicaciones\/portada-para-el-sol-de-los-lobos\/\"},\"wordCount\":172,\"publisher\":{\"@id\":\"https:\/\/www.victorarandagarcia.es\/#organization\"},\"image\":{\"@id\":\"https:\/\/www.victorarandagarcia.es\/index.php\/publicaciones\/portada-para-el-sol-de-los-lobos\/#primaryimage\"},\"thumbnailUrl\":\"https:\/\/www.victorarandagarcia.es\/wp-content\/uploads\/libro-poesia-ilustracion.jpg\",\"keywords\":[\"libro\",\"portada\",\"publicaciones\"],\"articleSection\":[\"LIBROS Y REVISTAS\",\"PUBLICACIONES\"],\"inLanguage\":\"es\"},{\"@type\":\"WebPage\",\"@id\":\"https:\/\/www.victorarandagarcia.es\/index.php\/publicaciones\/portada-para-el-sol-de-los-lobos\/\",\"url\":\"https:\/\/www.victorarandagarcia.es\/index.php\/publicaciones\/portada-para-el-sol-de-los-lobos\/\",\"name\":\"Portada para El Sol de los Lobos - arte y estudio\",\"isPartOf\":{\"@id\":\"https:\/\/www.victorarandagarcia.es\/#website\"},\"primaryImageOfPage\":{\"@id\":\"https:\/\/www.victorarandagarcia.es\/index.php\/publicaciones\/portada-para-el-sol-de-los-lobos\/#primaryimage\"},\"image\":{\"@id\":\"https:\/\/www.victorarandagarcia.es\/index.php\/publicaciones\/portada-para-el-sol-de-los-lobos\/#primaryimage\"},\"thumbnailUrl\":\"https:\/\/www.victorarandagarcia.es\/wp-content\/uploads\/libro-poesia-ilustracion.jpg\",\"datePublished\":\"2022-05-09T08:54:06+00:00\",\"dateModified\":\"2022-05-09T09:18:45+00:00\",\"description\":\"El pr\u00f3ximo libro de la actriz y poeta\u00a0Laura de la Fuente\u00a0llevar\u00e1 en su portada una de mis fotograf\u00edas,\u00a0dendritas, tomada en N\u00e1quera en 2021.\",\"breadcrumb\":{\"@id\":\"https:\/\/www.victorarandagarcia.es\/index.php\/publicaciones\/portada-para-el-sol-de-los-lobos\/#breadcrumb\"},\"inLanguage\":\"es\",\"potentialAction\":[{\"@type\":\"ReadAction\",\"target\":[\"https:\/\/www.victorarandagarcia.es\/index.php\/publicaciones\/portada-para-el-sol-de-los-lobos\/\"]}]},{\"@type\":\"ImageObject\",\"inLanguage\":\"es\",\"@id\":\"https:\/\/www.victorarandagarcia.es\/index.php\/publicaciones\/portada-para-el-sol-de-los-lobos\/#primaryimage\",\"url\":\"https:\/\/www.victorarandagarcia.es\/wp-content\/uploads\/libro-poesia-ilustracion.jpg\",\"contentUrl\":\"https:\/\/www.victorarandagarcia.es\/wp-content\/uploads\/libro-poesia-ilustracion.jpg\",\"width\":422,\"height\":550},{\"@type\":\"BreadcrumbList\",\"@id\":\"https:\/\/www.victorarandagarcia.es\/index.php\/publicaciones\/portada-para-el-sol-de-los-lobos\/#breadcrumb\",\"itemListElement\":[{\"@type\":\"ListItem\",\"position\":1,\"name\":\"Portada\",\"item\":\"https:\/\/www.victorarandagarcia.es\/\"},{\"@type\":\"ListItem\",\"position\":2,\"name\":\"Portada para El Sol de los Lobos\"}]},{\"@type\":\"WebSite\",\"@id\":\"https:\/\/www.victorarandagarcia.es\/#website\",\"url\":\"https:\/\/www.victorarandagarcia.es\/\",\"name\":\"arte y estudio\",\"description\":\"Fot\u00f3grafo\",\"publisher\":{\"@id\":\"https:\/\/www.victorarandagarcia.es\/#organization\"},\"potentialAction\":[{\"@type\":\"SearchAction\",\"target\":{\"@type\":\"EntryPoint\",\"urlTemplate\":\"https:\/\/www.victorarandagarcia.es\/?s={search_term_string}\"},\"query-input\":\"required name=search_term_string\"}],\"inLanguage\":\"es\"},{\"@type\":\"Organization\",\"@id\":\"https:\/\/www.victorarandagarcia.es\/#organization\",\"name\":\"arte y estudio\",\"url\":\"https:\/\/www.victorarandagarcia.es\/\",\"logo\":{\"@type\":\"ImageObject\",\"inLanguage\":\"es\",\"@id\":\"https:\/\/www.victorarandagarcia.es\/#\/schema\/logo\/image\/\",\"url\":\"https:\/\/www.victorarandagarcia.es\/wp-content\/uploads\/2019\/03\/logo-fotografo.png\",\"contentUrl\":\"https:\/\/www.victorarandagarcia.es\/wp-content\/uploads\/2019\/03\/logo-fotografo.png\",\"width\":150,\"height\":150,\"caption\":\"arte y estudio\"},\"image\":{\"@id\":\"https:\/\/www.victorarandagarcia.es\/#\/schema\/logo\/image\/\"}},{\"@type\":\"Person\",\"@id\":\"https:\/\/www.victorarandagarcia.es\/#\/schema\/person\/bfa9c61a3776d517deeee5f9386ef302\",\"name\":\"victorarandagarcia\",\"image\":{\"@type\":\"ImageObject\",\"inLanguage\":\"es\",\"@id\":\"https:\/\/www.victorarandagarcia.es\/#\/schema\/person\/image\/\",\"url\":\"https:\/\/secure.gravatar.com\/avatar\/957a01ac23a6393e755ae8225c35dbdb?s=96&d=mm&r=g\",\"contentUrl\":\"https:\/\/secure.gravatar.com\/avatar\/957a01ac23a6393e755ae8225c35dbdb?s=96&d=mm&r=g\",\"caption\":\"victorarandagarcia\"}}]}<\/script>\n<!-- \/ Yoast SEO plugin. -->","yoast_head_json":{"title":"Portada para El Sol de los Lobos - arte y estudio","description":"El pr\u00f3ximo libro de la actriz y poeta\u00a0Laura de la Fuente\u00a0llevar\u00e1 en su portada una de mis fotograf\u00edas,\u00a0dendritas, tomada en N\u00e1quera en 2021.","robots":{"index":"index","follow":"follow","max-snippet":"max-snippet:-1","max-image-preview":"max-image-preview:large","max-video-preview":"max-video-preview:-1"},"canonical":"https:\/\/www.victorarandagarcia.es\/index.php\/publicaciones\/portada-para-el-sol-de-los-lobos\/","og_locale":"es_ES","og_type":"article","og_title":"Portada para El Sol de los Lobos - arte y estudio","og_description":"El pr\u00f3ximo libro de la actriz y poeta\u00a0Laura de la Fuente\u00a0llevar\u00e1 en su portada una de mis fotograf\u00edas,\u00a0dendritas, tomada en N\u00e1quera en 2021.","og_url":"https:\/\/www.victorarandagarcia.es\/index.php\/publicaciones\/portada-para-el-sol-de-los-lobos\/","og_site_name":"arte y estudio","article_published_time":"2022-05-09T08:54:06+00:00","article_modified_time":"2022-05-09T09:18:45+00:00","og_image":[{"width":422,"height":550,"url":"https:\/\/www.victorarandagarcia.es\/wp-content\/uploads\/libro-poesia-ilustracion.jpg","type":"image\/jpeg"}],"author":"victorarandagarcia","twitter_card":"summary_large_image","twitter_misc":{"Escrito por":"victorarandagarcia","Tiempo de lectura":"1 minuto"},"schema":{"@context":"https:\/\/schema.org","@graph":[{"@type":"Article","@id":"https:\/\/www.victorarandagarcia.es\/index.php\/publicaciones\/portada-para-el-sol-de-los-lobos\/#article","isPartOf":{"@id":"https:\/\/www.victorarandagarcia.es\/index.php\/publicaciones\/portada-para-el-sol-de-los-lobos\/"},"author":{"name":"victorarandagarcia","@id":"https:\/\/www.victorarandagarcia.es\/#\/schema\/person\/bfa9c61a3776d517deeee5f9386ef302"},"headline":"Portada para El Sol de los Lobos","datePublished":"2022-05-09T08:54:06+00:00","dateModified":"2022-05-09T09:18:45+00:00","mainEntityOfPage":{"@id":"https:\/\/www.victorarandagarcia.es\/index.php\/publicaciones\/portada-para-el-sol-de-los-lobos\/"},"wordCount":172,"publisher":{"@id":"https:\/\/www.victorarandagarcia.es\/#organization"},"image":{"@id":"https:\/\/www.victorarandagarcia.es\/index.php\/publicaciones\/portada-para-el-sol-de-los-lobos\/#primaryimage"},"thumbnailUrl":"https:\/\/www.victorarandagarcia.es\/wp-content\/uploads\/libro-poesia-ilustracion.jpg","keywords":["libro","portada","publicaciones"],"articleSection":["LIBROS Y REVISTAS","PUBLICACIONES"],"inLanguage":"es"},{"@type":"WebPage","@id":"https:\/\/www.victorarandagarcia.es\/index.php\/publicaciones\/portada-para-el-sol-de-los-lobos\/","url":"https:\/\/www.victorarandagarcia.es\/index.php\/publicaciones\/portada-para-el-sol-de-los-lobos\/","name":"Portada para El Sol de los Lobos - arte y estudio","isPartOf":{"@id":"https:\/\/www.victorarandagarcia.es\/#website"},"primaryImageOfPage":{"@id":"https:\/\/www.victorarandagarcia.es\/index.php\/publicaciones\/portada-para-el-sol-de-los-lobos\/#primaryimage"},"image":{"@id":"https:\/\/www.victorarandagarcia.es\/index.php\/publicaciones\/portada-para-el-sol-de-los-lobos\/#primaryimage"},"thumbnailUrl":"https:\/\/www.victorarandagarcia.es\/wp-content\/uploads\/libro-poesia-ilustracion.jpg","datePublished":"2022-05-09T08:54:06+00:00","dateModified":"2022-05-09T09:18:45+00:00","description":"El pr\u00f3ximo libro de la actriz y poeta\u00a0Laura de la Fuente\u00a0llevar\u00e1 en su portada una de mis fotograf\u00edas,\u00a0dendritas, tomada en N\u00e1quera en 2021.","breadcrumb":{"@id":"https:\/\/www.victorarandagarcia.es\/index.php\/publicaciones\/portada-para-el-sol-de-los-lobos\/#breadcrumb"},"inLanguage":"es","potentialAction":[{"@type":"ReadAction","target":["https:\/\/www.victorarandagarcia.es\/index.php\/publicaciones\/portada-para-el-sol-de-los-lobos\/"]}]},{"@type":"ImageObject","inLanguage":"es","@id":"https:\/\/www.victorarandagarcia.es\/index.php\/publicaciones\/portada-para-el-sol-de-los-lobos\/#primaryimage","url":"https:\/\/www.victorarandagarcia.es\/wp-content\/uploads\/libro-poesia-ilustracion.jpg","contentUrl":"https:\/\/www.victorarandagarcia.es\/wp-content\/uploads\/libro-poesia-ilustracion.jpg","width":422,"height":550},{"@type":"BreadcrumbList","@id":"https:\/\/www.victorarandagarcia.es\/index.php\/publicaciones\/portada-para-el-sol-de-los-lobos\/#breadcrumb","itemListElement":[{"@type":"ListItem","position":1,"name":"Portada","item":"https:\/\/www.victorarandagarcia.es\/"},{"@type":"ListItem","position":2,"name":"Portada para El Sol de los Lobos"}]},{"@type":"WebSite","@id":"https:\/\/www.victorarandagarcia.es\/#website","url":"https:\/\/www.victorarandagarcia.es\/","name":"arte y estudio","description":"Fot\u00f3grafo","publisher":{"@id":"https:\/\/www.victorarandagarcia.es\/#organization"},"potentialAction":[{"@type":"SearchAction","target":{"@type":"EntryPoint","urlTemplate":"https:\/\/www.victorarandagarcia.es\/?s={search_term_string}"},"query-input":"required name=search_term_string"}],"inLanguage":"es"},{"@type":"Organization","@id":"https:\/\/www.victorarandagarcia.es\/#organization","name":"arte y estudio","url":"https:\/\/www.victorarandagarcia.es\/","logo":{"@type":"ImageObject","inLanguage":"es","@id":"https:\/\/www.victorarandagarcia.es\/#\/schema\/logo\/image\/","url":"https:\/\/www.victorarandagarcia.es\/wp-content\/uploads\/2019\/03\/logo-fotografo.png","contentUrl":"https:\/\/www.victorarandagarcia.es\/wp-content\/uploads\/2019\/03\/logo-fotografo.png","width":150,"height":150,"caption":"arte y estudio"},"image":{"@id":"https:\/\/www.victorarandagarcia.es\/#\/schema\/logo\/image\/"}},{"@type":"Person","@id":"https:\/\/www.victorarandagarcia.es\/#\/schema\/person\/bfa9c61a3776d517deeee5f9386ef302","name":"victorarandagarcia","image":{"@type":"ImageObject","inLanguage":"es","@id":"https:\/\/www.victorarandagarcia.es\/#\/schema\/person\/image\/","url":"https:\/\/secure.gravatar.com\/avatar\/957a01ac23a6393e755ae8225c35dbdb?s=96&d=mm&r=g","contentUrl":"https:\/\/secure.gravatar.com\/avatar\/957a01ac23a6393e755ae8225c35dbdb?s=96&d=mm&r=g","caption":"victorarandagarcia"}}]}},"jetpack_featured_media_url":"https:\/\/www.victorarandagarcia.es\/wp-content\/uploads\/libro-poesia-ilustracion.jpg","jetpack_sharing_enabled":true,"_links":{"self":[{"href":"https:\/\/www.victorarandagarcia.es\/index.php\/wp-json\/wp\/v2\/posts\/3336"}],"collection":[{"href":"https:\/\/www.victorarandagarcia.es\/index.php\/wp-json\/wp\/v2\/posts"}],"about":[{"href":"https:\/\/www.victorarandagarcia.es\/index.php\/wp-json\/wp\/v2\/types\/post"}],"author":[{"embeddable":true,"href":"https:\/\/www.victorarandagarcia.es\/index.php\/wp-json\/wp\/v2\/users\/1"}],"replies":[{"embeddable":true,"href":"https:\/\/www.victorarandagarcia.es\/index.php\/wp-json\/wp\/v2\/comments?post=3336"}],"version-history":[{"count":4,"href":"https:\/\/www.victorarandagarcia.es\/index.php\/wp-json\/wp\/v2\/posts\/3336\/revisions"}],"predecessor-version":[{"id":3345,"href":"https:\/\/www.victorarandagarcia.es\/index.php\/wp-json\/wp\/v2\/posts\/3336\/revisions\/3345"}],"wp:featuredmedia":[{"embeddable":true,"href":"https:\/\/www.victorarandagarcia.es\/index.php\/wp-json\/wp\/v2\/media\/3339"}],"wp:attachment":[{"href":"https:\/\/www.victorarandagarcia.es\/index.php\/wp-json\/wp\/v2\/media?parent=3336"}],"wp:term":[{"taxonomy":"category","embeddable":true,"href":"https:\/\/www.victorarandagarcia.es\/index.php\/wp-json\/wp\/v2\/categories?post=3336"},{"taxonomy":"post_tag","embeddable":true,"href":"https:\/\/www.victorarandagarcia.es\/index.php\/wp-json\/wp\/v2\/tags?post=3336"}],"curies":[{"name":"wp","href":"https:\/\/api.w.org\/{rel}","templated":true}]}}