{"id":3221,"date":"2022-03-24T23:49:25","date_gmt":"2022-03-24T22:49:25","guid":{"rendered":"https:\/\/www.victorarandagarcia.es\/?p=3221"},"modified":"2022-03-25T09:29:42","modified_gmt":"2022-03-25T08:29:42","slug":"sesion-de-fotos-de-comunion","status":"publish","type":"post","link":"https:\/\/www.victorarandagarcia.es\/index.php\/estudio\/bodas-y-eventos\/sesion-de-fotos-de-comunion\/","title":{"rendered":"Sesi\u00f3n de fotos de Comuni\u00f3n"},"content":{"rendered":"\n<div class=\"wp-block-image\"><figure class=\"aligncenter size-full\"><img data-attachment-id=\"3307\" data-permalink=\"https:\/\/www.victorarandagarcia.es\/sesion-comunion-albufera-01\/\" data-orig-file=\"https:\/\/www.victorarandagarcia.es\/wp-content\/uploads\/sesion-comunion-albufera-01.jpg\" data-orig-size=\"720,498\" data-comments-opened=\"0\" data-image-meta=\"{&quot;aperture&quot;:&quot;5&quot;,&quot;credit&quot;:&quot;&quot;,&quot;camera&quot;:&quot;Canon EOS 50D&quot;,&quot;caption&quot;:&quot;&quot;,&quot;created_timestamp&quot;:&quot;1279379842&quot;,&quot;copyright&quot;:&quot;&quot;,&quot;focal_length&quot;:&quot;40&quot;,&quot;iso&quot;:&quot;200&quot;,&quot;shutter_speed&quot;:&quot;0.01&quot;,&quot;title&quot;:&quot;&quot;,&quot;orientation&quot;:&quot;1&quot;}\" data-image-title=\"sesion-comunion-albufera-01\" data-image-description=\"&lt;p&gt;Sesi\u00f3n de fotos de Comuni\u00f3n en La Albufera&lt;\/p&gt;\n\" data-image-caption=\"\" data-medium-file=\"https:\/\/www.victorarandagarcia.es\/wp-content\/uploads\/sesion-comunion-albufera-01-300x208.jpg\" data-large-file=\"https:\/\/www.victorarandagarcia.es\/wp-content\/uploads\/sesion-comunion-albufera-01.jpg\" decoding=\"async\" loading=\"lazy\" width=\"720\" height=\"498\" src=\"https:\/\/www.victorarandagarcia.es\/wp-content\/uploads\/sesion-comunion-albufera-01.jpg\" alt=\"\" class=\"wp-image-3307\" srcset=\"https:\/\/www.victorarandagarcia.es\/wp-content\/uploads\/sesion-comunion-albufera-01.jpg 720w, https:\/\/www.victorarandagarcia.es\/wp-content\/uploads\/sesion-comunion-albufera-01-300x208.jpg 300w\" sizes=\"(max-width: 720px) 100vw, 720px\" \/><\/figure><\/div>\n\n\n\n<p>Ya sea en casa, en un jard\u00edn o en estudio, una sesi\u00f3n de fotos de comuni\u00f3n permite hacer retratos con algo m\u00e1s de tiempo y preparaci\u00f3n que el ajetreado d\u00eda en que se celebra el evento.<\/p>\n\n\n\n<p><strong>Sesi\u00f3n de fotos en estudio<\/strong><\/p>\n\n\n\n<figure class=\"wp-block-gallery has-nested-images columns-2 is-cropped wp-block-gallery-1 is-layout-flex wp-block-gallery-is-layout-flex\">\n<figure class=\"wp-block-image size-large\"><img data-attachment-id=\"3227\" data-permalink=\"https:\/\/www.victorarandagarcia.es\/index.php\/estudio\/bodas-y-eventos\/sesion-de-fotos-de-comunion\/attachment\/estudio-fotos-comunion-2\/\" data-orig-file=\"https:\/\/www.victorarandagarcia.es\/wp-content\/uploads\/estudio-fotos-comunion-2.jpg\" data-orig-size=\"540,750\" data-comments-opened=\"0\" data-image-meta=\"{&quot;aperture&quot;:&quot;0&quot;,&quot;credit&quot;:&quot;&quot;,&quot;camera&quot;:&quot;&quot;,&quot;caption&quot;:&quot;&quot;,&quot;created_timestamp&quot;:&quot;0&quot;,&quot;copyright&quot;:&quot;&quot;,&quot;focal_length&quot;:&quot;0&quot;,&quot;iso&quot;:&quot;0&quot;,&quot;shutter_speed&quot;:&quot;0&quot;,&quot;title&quot;:&quot;&quot;,&quot;orientation&quot;:&quot;0&quot;}\" data-image-title=\"estudio-fotos-comunion-2\" data-image-description=\"\" data-image-caption=\"\" data-medium-file=\"https:\/\/www.victorarandagarcia.es\/wp-content\/uploads\/estudio-fotos-comunion-2-216x300.jpg\" data-large-file=\"https:\/\/www.victorarandagarcia.es\/wp-content\/uploads\/estudio-fotos-comunion-2.jpg\" decoding=\"async\" loading=\"lazy\" width=\"540\" height=\"750\" data-id=\"3227\" src=\"https:\/\/www.victorarandagarcia.es\/wp-content\/uploads\/estudio-fotos-comunion-2.jpg\" alt=\"\" class=\"wp-image-3227\" srcset=\"https:\/\/www.victorarandagarcia.es\/wp-content\/uploads\/estudio-fotos-comunion-2.jpg 540w, https:\/\/www.victorarandagarcia.es\/wp-content\/uploads\/estudio-fotos-comunion-2-216x300.jpg 216w\" sizes=\"(max-width: 540px) 100vw, 540px\" \/><\/figure>\n\n\n\n<figure class=\"wp-block-image size-large\"><img data-attachment-id=\"3222\" data-permalink=\"https:\/\/www.victorarandagarcia.es\/index.php\/estudio\/bodas-y-eventos\/sesion-de-fotos-de-comunion\/attachment\/estudio-fotos-comunion-1\/\" data-orig-file=\"https:\/\/www.victorarandagarcia.es\/wp-content\/uploads\/estudio-fotos-comunion-1.jpg\" data-orig-size=\"850,572\" data-comments-opened=\"0\" data-image-meta=\"{&quot;aperture&quot;:&quot;0&quot;,&quot;credit&quot;:&quot;&quot;,&quot;camera&quot;:&quot;&quot;,&quot;caption&quot;:&quot;&quot;,&quot;created_timestamp&quot;:&quot;0&quot;,&quot;copyright&quot;:&quot;&quot;,&quot;focal_length&quot;:&quot;0&quot;,&quot;iso&quot;:&quot;0&quot;,&quot;shutter_speed&quot;:&quot;0&quot;,&quot;title&quot;:&quot;&quot;,&quot;orientation&quot;:&quot;0&quot;}\" data-image-title=\"estudio-fotos-comunion-1\" data-image-description=\"\" data-image-caption=\"\" data-medium-file=\"https:\/\/www.victorarandagarcia.es\/wp-content\/uploads\/estudio-fotos-comunion-1-300x202.jpg\" data-large-file=\"https:\/\/www.victorarandagarcia.es\/wp-content\/uploads\/estudio-fotos-comunion-1.jpg\" decoding=\"async\" loading=\"lazy\" width=\"850\" height=\"572\" data-id=\"3222\" src=\"https:\/\/www.victorarandagarcia.es\/wp-content\/uploads\/estudio-fotos-comunion-1.jpg\" alt=\"\" class=\"wp-image-3222\" srcset=\"https:\/\/www.victorarandagarcia.es\/wp-content\/uploads\/estudio-fotos-comunion-1.jpg 850w, https:\/\/www.victorarandagarcia.es\/wp-content\/uploads\/estudio-fotos-comunion-1-300x202.jpg 300w, https:\/\/www.victorarandagarcia.es\/wp-content\/uploads\/estudio-fotos-comunion-1-768x517.jpg 768w\" sizes=\"(max-width: 850px) 100vw, 850px\" \/><\/figure>\n\n\n\n<figure class=\"wp-block-image size-large\"><img data-attachment-id=\"3228\" data-permalink=\"https:\/\/www.victorarandagarcia.es\/index.php\/estudio\/bodas-y-eventos\/sesion-de-fotos-de-comunion\/attachment\/estudio-fotos-comunion-3\/\" data-orig-file=\"https:\/\/www.victorarandagarcia.es\/wp-content\/uploads\/estudio-fotos-comunion-3.jpg\" data-orig-size=\"850,572\" data-comments-opened=\"0\" data-image-meta=\"{&quot;aperture&quot;:&quot;0&quot;,&quot;credit&quot;:&quot;&quot;,&quot;camera&quot;:&quot;&quot;,&quot;caption&quot;:&quot;&quot;,&quot;created_timestamp&quot;:&quot;0&quot;,&quot;copyright&quot;:&quot;&quot;,&quot;focal_length&quot;:&quot;0&quot;,&quot;iso&quot;:&quot;0&quot;,&quot;shutter_speed&quot;:&quot;0&quot;,&quot;title&quot;:&quot;&quot;,&quot;orientation&quot;:&quot;0&quot;}\" data-image-title=\"estudio-fotos-comunion-3\" data-image-description=\"\" data-image-caption=\"\" data-medium-file=\"https:\/\/www.victorarandagarcia.es\/wp-content\/uploads\/estudio-fotos-comunion-3-300x202.jpg\" data-large-file=\"https:\/\/www.victorarandagarcia.es\/wp-content\/uploads\/estudio-fotos-comunion-3.jpg\" decoding=\"async\" loading=\"lazy\" width=\"850\" height=\"572\" data-id=\"3228\" src=\"https:\/\/www.victorarandagarcia.es\/wp-content\/uploads\/estudio-fotos-comunion-3.jpg\" alt=\"\" class=\"wp-image-3228\" srcset=\"https:\/\/www.victorarandagarcia.es\/wp-content\/uploads\/estudio-fotos-comunion-3.jpg 850w, https:\/\/www.victorarandagarcia.es\/wp-content\/uploads\/estudio-fotos-comunion-3-300x202.jpg 300w, https:\/\/www.victorarandagarcia.es\/wp-content\/uploads\/estudio-fotos-comunion-3-768x517.jpg 768w\" sizes=\"(max-width: 850px) 100vw, 850px\" \/><\/figure>\n\n\n\n<figure class=\"wp-block-image size-large\"><img data-attachment-id=\"3224\" data-permalink=\"https:\/\/www.victorarandagarcia.es\/index.php\/estudio\/bodas-y-eventos\/sesion-de-fotos-de-comunion\/attachment\/estudio-fotos-comunion-4\/\" data-orig-file=\"https:\/\/www.victorarandagarcia.es\/wp-content\/uploads\/estudio-fotos-comunion-4.jpg\" data-orig-size=\"850,572\" data-comments-opened=\"0\" data-image-meta=\"{&quot;aperture&quot;:&quot;0&quot;,&quot;credit&quot;:&quot;&quot;,&quot;camera&quot;:&quot;&quot;,&quot;caption&quot;:&quot;&quot;,&quot;created_timestamp&quot;:&quot;0&quot;,&quot;copyright&quot;:&quot;&quot;,&quot;focal_length&quot;:&quot;0&quot;,&quot;iso&quot;:&quot;0&quot;,&quot;shutter_speed&quot;:&quot;0&quot;,&quot;title&quot;:&quot;&quot;,&quot;orientation&quot;:&quot;0&quot;}\" data-image-title=\"estudio-fotos-comunion-4\" data-image-description=\"&lt;p&gt;Sesi\u00f3n de fotos de Comuni\u00f3n en estudio&lt;\/p&gt;\n\" data-image-caption=\"\" data-medium-file=\"https:\/\/www.victorarandagarcia.es\/wp-content\/uploads\/estudio-fotos-comunion-4-300x202.jpg\" data-large-file=\"https:\/\/www.victorarandagarcia.es\/wp-content\/uploads\/estudio-fotos-comunion-4.jpg\" decoding=\"async\" loading=\"lazy\" width=\"850\" height=\"572\" data-id=\"3224\" src=\"https:\/\/www.victorarandagarcia.es\/wp-content\/uploads\/estudio-fotos-comunion-4.jpg\" alt=\"\" class=\"wp-image-3224\" srcset=\"https:\/\/www.victorarandagarcia.es\/wp-content\/uploads\/estudio-fotos-comunion-4.jpg 850w, https:\/\/www.victorarandagarcia.es\/wp-content\/uploads\/estudio-fotos-comunion-4-300x202.jpg 300w, https:\/\/www.victorarandagarcia.es\/wp-content\/uploads\/estudio-fotos-comunion-4-768x517.jpg 768w\" sizes=\"(max-width: 850px) 100vw, 850px\" \/><\/figure>\n\n\n\n<figure class=\"wp-block-image size-large\"><img data-attachment-id=\"3225\" data-permalink=\"https:\/\/www.victorarandagarcia.es\/index.php\/estudio\/bodas-y-eventos\/sesion-de-fotos-de-comunion\/attachment\/estudio-fotos-comunion-5\/\" data-orig-file=\"https:\/\/www.victorarandagarcia.es\/wp-content\/uploads\/estudio-fotos-comunion-5.jpg\" data-orig-size=\"505,750\" data-comments-opened=\"0\" data-image-meta=\"{&quot;aperture&quot;:&quot;0&quot;,&quot;credit&quot;:&quot;&quot;,&quot;camera&quot;:&quot;&quot;,&quot;caption&quot;:&quot;&quot;,&quot;created_timestamp&quot;:&quot;0&quot;,&quot;copyright&quot;:&quot;&quot;,&quot;focal_length&quot;:&quot;0&quot;,&quot;iso&quot;:&quot;0&quot;,&quot;shutter_speed&quot;:&quot;0&quot;,&quot;title&quot;:&quot;&quot;,&quot;orientation&quot;:&quot;0&quot;}\" data-image-title=\"estudio-fotos-comunion-5\" data-image-description=\"&lt;p&gt;Sesi\u00f3n de fotos de Comuni\u00f3n en estudio&lt;\/p&gt;\n\" data-image-caption=\"\" data-medium-file=\"https:\/\/www.victorarandagarcia.es\/wp-content\/uploads\/estudio-fotos-comunion-5-202x300.jpg\" data-large-file=\"https:\/\/www.victorarandagarcia.es\/wp-content\/uploads\/estudio-fotos-comunion-5.jpg\" decoding=\"async\" loading=\"lazy\" width=\"505\" height=\"750\" data-id=\"3225\" src=\"https:\/\/www.victorarandagarcia.es\/wp-content\/uploads\/estudio-fotos-comunion-5.jpg\" alt=\"\" class=\"wp-image-3225\" srcset=\"https:\/\/www.victorarandagarcia.es\/wp-content\/uploads\/estudio-fotos-comunion-5.jpg 505w, https:\/\/www.victorarandagarcia.es\/wp-content\/uploads\/estudio-fotos-comunion-5-202x300.jpg 202w\" sizes=\"(max-width: 505px) 100vw, 505px\" \/><\/figure>\n\n\n\n<figure class=\"wp-block-image size-large\"><img data-attachment-id=\"3223\" data-permalink=\"https:\/\/www.victorarandagarcia.es\/index.php\/estudio\/bodas-y-eventos\/sesion-de-fotos-de-comunion\/attachment\/estudio-fotos-comunion-7\/\" data-orig-file=\"https:\/\/www.victorarandagarcia.es\/wp-content\/uploads\/estudio-fotos-comunion-7.jpg\" data-orig-size=\"505,750\" data-comments-opened=\"0\" data-image-meta=\"{&quot;aperture&quot;:&quot;0&quot;,&quot;credit&quot;:&quot;&quot;,&quot;camera&quot;:&quot;&quot;,&quot;caption&quot;:&quot;&quot;,&quot;created_timestamp&quot;:&quot;0&quot;,&quot;copyright&quot;:&quot;&quot;,&quot;focal_length&quot;:&quot;0&quot;,&quot;iso&quot;:&quot;0&quot;,&quot;shutter_speed&quot;:&quot;0&quot;,&quot;title&quot;:&quot;&quot;,&quot;orientation&quot;:&quot;0&quot;}\" data-image-title=\"estudio-fotos-comunion-7\" data-image-description=\"&lt;p&gt;Sesi\u00f3n de fotos de Comuni\u00f3n en estudio&lt;\/p&gt;\n\" data-image-caption=\"\" data-medium-file=\"https:\/\/www.victorarandagarcia.es\/wp-content\/uploads\/estudio-fotos-comunion-7-202x300.jpg\" data-large-file=\"https:\/\/www.victorarandagarcia.es\/wp-content\/uploads\/estudio-fotos-comunion-7.jpg\" decoding=\"async\" loading=\"lazy\" width=\"505\" height=\"750\" data-id=\"3223\" src=\"https:\/\/www.victorarandagarcia.es\/wp-content\/uploads\/estudio-fotos-comunion-7.jpg\" alt=\"\" class=\"wp-image-3223\" srcset=\"https:\/\/www.victorarandagarcia.es\/wp-content\/uploads\/estudio-fotos-comunion-7.jpg 505w, https:\/\/www.victorarandagarcia.es\/wp-content\/uploads\/estudio-fotos-comunion-7-202x300.jpg 202w\" sizes=\"(max-width: 505px) 100vw, 505px\" \/><\/figure>\n\n\n\n<figure class=\"wp-block-image size-large\"><img data-attachment-id=\"3230\" data-permalink=\"https:\/\/www.victorarandagarcia.es\/index.php\/estudio\/bodas-y-eventos\/sesion-de-fotos-de-comunion\/attachment\/estudio-fotos-comunion-9\/\" data-orig-file=\"https:\/\/www.victorarandagarcia.es\/wp-content\/uploads\/estudio-fotos-comunion-9.jpg\" data-orig-size=\"505,750\" data-comments-opened=\"0\" data-image-meta=\"{&quot;aperture&quot;:&quot;0&quot;,&quot;credit&quot;:&quot;&quot;,&quot;camera&quot;:&quot;&quot;,&quot;caption&quot;:&quot;&quot;,&quot;created_timestamp&quot;:&quot;0&quot;,&quot;copyright&quot;:&quot;&quot;,&quot;focal_length&quot;:&quot;0&quot;,&quot;iso&quot;:&quot;0&quot;,&quot;shutter_speed&quot;:&quot;0&quot;,&quot;title&quot;:&quot;&quot;,&quot;orientation&quot;:&quot;0&quot;}\" data-image-title=\"estudio-fotos-comunion-9\" data-image-description=\"&lt;p&gt;Sesi\u00f3n de fotos de Comuni\u00f3n en estudio&lt;\/p&gt;\n\" data-image-caption=\"\" data-medium-file=\"https:\/\/www.victorarandagarcia.es\/wp-content\/uploads\/estudio-fotos-comunion-9-202x300.jpg\" data-large-file=\"https:\/\/www.victorarandagarcia.es\/wp-content\/uploads\/estudio-fotos-comunion-9.jpg\" decoding=\"async\" loading=\"lazy\" width=\"505\" height=\"750\" data-id=\"3230\" src=\"https:\/\/www.victorarandagarcia.es\/wp-content\/uploads\/estudio-fotos-comunion-9.jpg\" alt=\"\" class=\"wp-image-3230\" srcset=\"https:\/\/www.victorarandagarcia.es\/wp-content\/uploads\/estudio-fotos-comunion-9.jpg 505w, https:\/\/www.victorarandagarcia.es\/wp-content\/uploads\/estudio-fotos-comunion-9-202x300.jpg 202w\" sizes=\"(max-width: 505px) 100vw, 505px\" \/><\/figure>\n\n\n\n<figure class=\"wp-block-image size-large\"><img data-attachment-id=\"3226\" data-permalink=\"https:\/\/www.victorarandagarcia.es\/index.php\/estudio\/bodas-y-eventos\/sesion-de-fotos-de-comunion\/attachment\/estudio-fotos-comunion-8\/\" data-orig-file=\"https:\/\/www.victorarandagarcia.es\/wp-content\/uploads\/estudio-fotos-comunion-8.jpg\" data-orig-size=\"505,750\" data-comments-opened=\"0\" data-image-meta=\"{&quot;aperture&quot;:&quot;0&quot;,&quot;credit&quot;:&quot;&quot;,&quot;camera&quot;:&quot;&quot;,&quot;caption&quot;:&quot;&quot;,&quot;created_timestamp&quot;:&quot;0&quot;,&quot;copyright&quot;:&quot;&quot;,&quot;focal_length&quot;:&quot;0&quot;,&quot;iso&quot;:&quot;0&quot;,&quot;shutter_speed&quot;:&quot;0&quot;,&quot;title&quot;:&quot;&quot;,&quot;orientation&quot;:&quot;0&quot;}\" data-image-title=\"estudio-fotos-comunion-8\" data-image-description=\"&lt;p&gt;Sesi\u00f3n de fotos de Comuni\u00f3n en estudio&lt;\/p&gt;\n\" data-image-caption=\"\" data-medium-file=\"https:\/\/www.victorarandagarcia.es\/wp-content\/uploads\/estudio-fotos-comunion-8-202x300.jpg\" data-large-file=\"https:\/\/www.victorarandagarcia.es\/wp-content\/uploads\/estudio-fotos-comunion-8.jpg\" decoding=\"async\" loading=\"lazy\" width=\"505\" height=\"750\" data-id=\"3226\" src=\"https:\/\/www.victorarandagarcia.es\/wp-content\/uploads\/estudio-fotos-comunion-8.jpg\" alt=\"\" class=\"wp-image-3226\" srcset=\"https:\/\/www.victorarandagarcia.es\/wp-content\/uploads\/estudio-fotos-comunion-8.jpg 505w, https:\/\/www.victorarandagarcia.es\/wp-content\/uploads\/estudio-fotos-comunion-8-202x300.jpg 202w\" sizes=\"(max-width: 505px) 100vw, 505px\" \/><\/figure>\n\n\n\n<figure class=\"wp-block-image size-large\"><img data-attachment-id=\"3229\" data-permalink=\"https:\/\/www.victorarandagarcia.es\/index.php\/estudio\/bodas-y-eventos\/sesion-de-fotos-de-comunion\/attachment\/estudio-fotos-comunion-6\/\" data-orig-file=\"https:\/\/www.victorarandagarcia.es\/wp-content\/uploads\/estudio-fotos-comunion-6.jpg\" data-orig-size=\"850,656\" data-comments-opened=\"0\" data-image-meta=\"{&quot;aperture&quot;:&quot;0&quot;,&quot;credit&quot;:&quot;&quot;,&quot;camera&quot;:&quot;&quot;,&quot;caption&quot;:&quot;&quot;,&quot;created_timestamp&quot;:&quot;0&quot;,&quot;copyright&quot;:&quot;&quot;,&quot;focal_length&quot;:&quot;0&quot;,&quot;iso&quot;:&quot;0&quot;,&quot;shutter_speed&quot;:&quot;0&quot;,&quot;title&quot;:&quot;&quot;,&quot;orientation&quot;:&quot;0&quot;}\" data-image-title=\"estudio-fotos-comunion-6\" data-image-description=\"\" data-image-caption=\"\" data-medium-file=\"https:\/\/www.victorarandagarcia.es\/wp-content\/uploads\/estudio-fotos-comunion-6-300x232.jpg\" data-large-file=\"https:\/\/www.victorarandagarcia.es\/wp-content\/uploads\/estudio-fotos-comunion-6.jpg\" decoding=\"async\" loading=\"lazy\" width=\"850\" height=\"656\" data-id=\"3229\" src=\"https:\/\/www.victorarandagarcia.es\/wp-content\/uploads\/estudio-fotos-comunion-6.jpg\" alt=\"\" class=\"wp-image-3229\" srcset=\"https:\/\/www.victorarandagarcia.es\/wp-content\/uploads\/estudio-fotos-comunion-6.jpg 850w, https:\/\/www.victorarandagarcia.es\/wp-content\/uploads\/estudio-fotos-comunion-6-300x232.jpg 300w, https:\/\/www.victorarandagarcia.es\/wp-content\/uploads\/estudio-fotos-comunion-6-768x593.jpg 768w\" sizes=\"(max-width: 850px) 100vw, 850px\" \/><\/figure>\n<\/figure>\n\n\n\n<p><strong>Sesi\u00f3n de fotos en casa<\/strong><br>Si vamos a tu casa no te preocupes si crees que en tu hogar \u00abno hay buena luz para fotos\u00bb: hacemos un uso avanzado tanto del flash como de la luz disponible para conseguir un efecto de luz similar al que conseguimos en estudio.<\/p>\n\n\n\n<figure class=\"wp-block-gallery has-nested-images columns-2 is-cropped wp-block-gallery-3 is-layout-flex wp-block-gallery-is-layout-flex\">\n<figure class=\"wp-block-image size-large\"><img data-attachment-id=\"3238\" data-permalink=\"https:\/\/www.victorarandagarcia.es\/index.php\/estudio\/bodas-y-eventos\/sesion-de-fotos-de-comunion\/attachment\/sesion-fotos-comunion-casa3\/\" data-orig-file=\"https:\/\/www.victorarandagarcia.es\/wp-content\/uploads\/sesion-fotos-comunion-casa3.jpg\" data-orig-size=\"850,572\" data-comments-opened=\"0\" data-image-meta=\"{&quot;aperture&quot;:&quot;0&quot;,&quot;credit&quot;:&quot;&quot;,&quot;camera&quot;:&quot;&quot;,&quot;caption&quot;:&quot;&quot;,&quot;created_timestamp&quot;:&quot;0&quot;,&quot;copyright&quot;:&quot;&quot;,&quot;focal_length&quot;:&quot;0&quot;,&quot;iso&quot;:&quot;0&quot;,&quot;shutter_speed&quot;:&quot;0&quot;,&quot;title&quot;:&quot;&quot;,&quot;orientation&quot;:&quot;0&quot;}\" data-image-title=\"sesion-fotos-comunion-casa3\" data-image-description=\"&lt;p&gt;Sesi\u00f3n de fotos de Comuni\u00f3n en casa&lt;\/p&gt;\n\" data-image-caption=\"\" data-medium-file=\"https:\/\/www.victorarandagarcia.es\/wp-content\/uploads\/sesion-fotos-comunion-casa3-300x202.jpg\" data-large-file=\"https:\/\/www.victorarandagarcia.es\/wp-content\/uploads\/sesion-fotos-comunion-casa3.jpg\" decoding=\"async\" loading=\"lazy\" width=\"850\" height=\"572\" data-id=\"3238\" src=\"https:\/\/www.victorarandagarcia.es\/wp-content\/uploads\/sesion-fotos-comunion-casa3.jpg\" alt=\"\" class=\"wp-image-3238\" srcset=\"https:\/\/www.victorarandagarcia.es\/wp-content\/uploads\/sesion-fotos-comunion-casa3.jpg 850w, https:\/\/www.victorarandagarcia.es\/wp-content\/uploads\/sesion-fotos-comunion-casa3-300x202.jpg 300w, https:\/\/www.victorarandagarcia.es\/wp-content\/uploads\/sesion-fotos-comunion-casa3-768x517.jpg 768w\" sizes=\"(max-width: 850px) 100vw, 850px\" \/><\/figure>\n\n\n\n<figure class=\"wp-block-image size-large\"><img data-attachment-id=\"3231\" data-permalink=\"https:\/\/www.victorarandagarcia.es\/index.php\/estudio\/bodas-y-eventos\/sesion-de-fotos-de-comunion\/attachment\/sesion-fotos-comunion-casa1\/\" data-orig-file=\"https:\/\/www.victorarandagarcia.es\/wp-content\/uploads\/sesion-fotos-comunion-casa1.jpg\" data-orig-size=\"850,621\" data-comments-opened=\"0\" data-image-meta=\"{&quot;aperture&quot;:&quot;0&quot;,&quot;credit&quot;:&quot;Victor Aranda Garcia&quot;,&quot;camera&quot;:&quot;&quot;,&quot;caption&quot;:&quot;&quot;,&quot;created_timestamp&quot;:&quot;0&quot;,&quot;copyright&quot;:&quot;&quot;,&quot;focal_length&quot;:&quot;0&quot;,&quot;iso&quot;:&quot;0&quot;,&quot;shutter_speed&quot;:&quot;0&quot;,&quot;title&quot;:&quot;&quot;,&quot;orientation&quot;:&quot;0&quot;}\" data-image-title=\"sesion-fotos-comunion-casa1\" data-image-description=\"&lt;p&gt;Sesi\u00f3n de fotos de Comuni\u00f3n en casa&lt;\/p&gt;\n\" data-image-caption=\"\" data-medium-file=\"https:\/\/www.victorarandagarcia.es\/wp-content\/uploads\/sesion-fotos-comunion-casa1-300x219.jpg\" data-large-file=\"https:\/\/www.victorarandagarcia.es\/wp-content\/uploads\/sesion-fotos-comunion-casa1.jpg\" decoding=\"async\" loading=\"lazy\" width=\"850\" height=\"621\" data-id=\"3231\" src=\"https:\/\/www.victorarandagarcia.es\/wp-content\/uploads\/sesion-fotos-comunion-casa1.jpg\" alt=\"\" class=\"wp-image-3231\" srcset=\"https:\/\/www.victorarandagarcia.es\/wp-content\/uploads\/sesion-fotos-comunion-casa1.jpg 850w, https:\/\/www.victorarandagarcia.es\/wp-content\/uploads\/sesion-fotos-comunion-casa1-300x219.jpg 300w, https:\/\/www.victorarandagarcia.es\/wp-content\/uploads\/sesion-fotos-comunion-casa1-768x561.jpg 768w\" sizes=\"(max-width: 850px) 100vw, 850px\" \/><\/figure>\n\n\n\n<figure class=\"wp-block-image size-large\"><img data-attachment-id=\"3235\" data-permalink=\"https:\/\/www.victorarandagarcia.es\/index.php\/estudio\/bodas-y-eventos\/sesion-de-fotos-de-comunion\/attachment\/sesion-fotos-comunion-casa2\/\" data-orig-file=\"https:\/\/www.victorarandagarcia.es\/wp-content\/uploads\/sesion-fotos-comunion-casa2.jpg\" data-orig-size=\"510,750\" data-comments-opened=\"0\" data-image-meta=\"{&quot;aperture&quot;:&quot;0&quot;,&quot;credit&quot;:&quot;&quot;,&quot;camera&quot;:&quot;&quot;,&quot;caption&quot;:&quot;&quot;,&quot;created_timestamp&quot;:&quot;0&quot;,&quot;copyright&quot;:&quot;&quot;,&quot;focal_length&quot;:&quot;0&quot;,&quot;iso&quot;:&quot;0&quot;,&quot;shutter_speed&quot;:&quot;0&quot;,&quot;title&quot;:&quot;&quot;,&quot;orientation&quot;:&quot;1&quot;}\" data-image-title=\"sesion-fotos-comunion-casa2\" data-image-description=\"&lt;p&gt;Sesi\u00f3n de fotos de Comuni\u00f3n en casa&lt;\/p&gt;\n\" data-image-caption=\"\" data-medium-file=\"https:\/\/www.victorarandagarcia.es\/wp-content\/uploads\/sesion-fotos-comunion-casa2-204x300.jpg\" data-large-file=\"https:\/\/www.victorarandagarcia.es\/wp-content\/uploads\/sesion-fotos-comunion-casa2.jpg\" decoding=\"async\" loading=\"lazy\" width=\"510\" height=\"750\" data-id=\"3235\" src=\"https:\/\/www.victorarandagarcia.es\/wp-content\/uploads\/sesion-fotos-comunion-casa2.jpg\" alt=\"\" class=\"wp-image-3235\" srcset=\"https:\/\/www.victorarandagarcia.es\/wp-content\/uploads\/sesion-fotos-comunion-casa2.jpg 510w, https:\/\/www.victorarandagarcia.es\/wp-content\/uploads\/sesion-fotos-comunion-casa2-204x300.jpg 204w\" sizes=\"(max-width: 510px) 100vw, 510px\" \/><\/figure>\n\n\n\n<figure class=\"wp-block-image size-large\"><img data-attachment-id=\"3236\" data-permalink=\"https:\/\/www.victorarandagarcia.es\/index.php\/estudio\/bodas-y-eventos\/sesion-de-fotos-de-comunion\/attachment\/sesion-fotos-comunion-casa4\/\" data-orig-file=\"https:\/\/www.victorarandagarcia.es\/wp-content\/uploads\/sesion-fotos-comunion-casa4.jpg\" data-orig-size=\"505,750\" data-comments-opened=\"0\" data-image-meta=\"{&quot;aperture&quot;:&quot;0&quot;,&quot;credit&quot;:&quot;&quot;,&quot;camera&quot;:&quot;&quot;,&quot;caption&quot;:&quot;&quot;,&quot;created_timestamp&quot;:&quot;0&quot;,&quot;copyright&quot;:&quot;&quot;,&quot;focal_length&quot;:&quot;0&quot;,&quot;iso&quot;:&quot;0&quot;,&quot;shutter_speed&quot;:&quot;0&quot;,&quot;title&quot;:&quot;&quot;,&quot;orientation&quot;:&quot;0&quot;}\" data-image-title=\"sesion-fotos-comunion-casa4\" data-image-description=\"&lt;p&gt;Sesi\u00f3n de fotos de Comuni\u00f3n en casa&lt;\/p&gt;\n\" data-image-caption=\"\" data-medium-file=\"https:\/\/www.victorarandagarcia.es\/wp-content\/uploads\/sesion-fotos-comunion-casa4-202x300.jpg\" data-large-file=\"https:\/\/www.victorarandagarcia.es\/wp-content\/uploads\/sesion-fotos-comunion-casa4.jpg\" decoding=\"async\" loading=\"lazy\" width=\"505\" height=\"750\" data-id=\"3236\" src=\"https:\/\/www.victorarandagarcia.es\/wp-content\/uploads\/sesion-fotos-comunion-casa4.jpg\" alt=\"\" class=\"wp-image-3236\" srcset=\"https:\/\/www.victorarandagarcia.es\/wp-content\/uploads\/sesion-fotos-comunion-casa4.jpg 505w, https:\/\/www.victorarandagarcia.es\/wp-content\/uploads\/sesion-fotos-comunion-casa4-202x300.jpg 202w\" sizes=\"(max-width: 505px) 100vw, 505px\" \/><\/figure>\n\n\n\n<figure class=\"wp-block-image size-large\"><img data-attachment-id=\"3237\" data-permalink=\"https:\/\/www.victorarandagarcia.es\/index.php\/estudio\/bodas-y-eventos\/sesion-de-fotos-de-comunion\/attachment\/sesion-fotos-comunion-casa6\/\" data-orig-file=\"https:\/\/www.victorarandagarcia.es\/wp-content\/uploads\/sesion-fotos-comunion-casa6.jpg\" data-orig-size=\"505,750\" data-comments-opened=\"0\" data-image-meta=\"{&quot;aperture&quot;:&quot;0&quot;,&quot;credit&quot;:&quot;&quot;,&quot;camera&quot;:&quot;&quot;,&quot;caption&quot;:&quot;&quot;,&quot;created_timestamp&quot;:&quot;0&quot;,&quot;copyright&quot;:&quot;&quot;,&quot;focal_length&quot;:&quot;0&quot;,&quot;iso&quot;:&quot;0&quot;,&quot;shutter_speed&quot;:&quot;0&quot;,&quot;title&quot;:&quot;&quot;,&quot;orientation&quot;:&quot;0&quot;}\" data-image-title=\"sesion-fotos-comunion-casa6\" data-image-description=\"&lt;p&gt;Sesi\u00f3n de fotos de Comuni\u00f3n en casa&lt;\/p&gt;\n\" data-image-caption=\"\" data-medium-file=\"https:\/\/www.victorarandagarcia.es\/wp-content\/uploads\/sesion-fotos-comunion-casa6-202x300.jpg\" data-large-file=\"https:\/\/www.victorarandagarcia.es\/wp-content\/uploads\/sesion-fotos-comunion-casa6.jpg\" decoding=\"async\" loading=\"lazy\" width=\"505\" height=\"750\" data-id=\"3237\" src=\"https:\/\/www.victorarandagarcia.es\/wp-content\/uploads\/sesion-fotos-comunion-casa6.jpg\" alt=\"\" class=\"wp-image-3237\" srcset=\"https:\/\/www.victorarandagarcia.es\/wp-content\/uploads\/sesion-fotos-comunion-casa6.jpg 505w, https:\/\/www.victorarandagarcia.es\/wp-content\/uploads\/sesion-fotos-comunion-casa6-202x300.jpg 202w\" sizes=\"(max-width: 505px) 100vw, 505px\" \/><\/figure>\n\n\n\n<figure class=\"wp-block-image size-large\"><img data-attachment-id=\"3232\" data-permalink=\"https:\/\/www.victorarandagarcia.es\/index.php\/estudio\/bodas-y-eventos\/sesion-de-fotos-de-comunion\/attachment\/sesion-fotos-comunion-casa7\/\" data-orig-file=\"https:\/\/www.victorarandagarcia.es\/wp-content\/uploads\/sesion-fotos-comunion-casa7.jpg\" data-orig-size=\"505,750\" data-comments-opened=\"0\" data-image-meta=\"{&quot;aperture&quot;:&quot;0&quot;,&quot;credit&quot;:&quot;&quot;,&quot;camera&quot;:&quot;&quot;,&quot;caption&quot;:&quot;&quot;,&quot;created_timestamp&quot;:&quot;0&quot;,&quot;copyright&quot;:&quot;&quot;,&quot;focal_length&quot;:&quot;0&quot;,&quot;iso&quot;:&quot;0&quot;,&quot;shutter_speed&quot;:&quot;0&quot;,&quot;title&quot;:&quot;&quot;,&quot;orientation&quot;:&quot;0&quot;}\" data-image-title=\"sesion-fotos-comunion-casa7\" data-image-description=\"&lt;p&gt;Sesi\u00f3n de fotos de Comuni\u00f3n en casa&lt;\/p&gt;\n\" data-image-caption=\"\" data-medium-file=\"https:\/\/www.victorarandagarcia.es\/wp-content\/uploads\/sesion-fotos-comunion-casa7-202x300.jpg\" data-large-file=\"https:\/\/www.victorarandagarcia.es\/wp-content\/uploads\/sesion-fotos-comunion-casa7.jpg\" decoding=\"async\" loading=\"lazy\" width=\"505\" height=\"750\" data-id=\"3232\" src=\"https:\/\/www.victorarandagarcia.es\/wp-content\/uploads\/sesion-fotos-comunion-casa7.jpg\" alt=\"\" class=\"wp-image-3232\" srcset=\"https:\/\/www.victorarandagarcia.es\/wp-content\/uploads\/sesion-fotos-comunion-casa7.jpg 505w, https:\/\/www.victorarandagarcia.es\/wp-content\/uploads\/sesion-fotos-comunion-casa7-202x300.jpg 202w\" sizes=\"(max-width: 505px) 100vw, 505px\" \/><\/figure>\n\n\n\n<figure class=\"wp-block-image size-large\"><img data-attachment-id=\"3234\" data-permalink=\"https:\/\/www.victorarandagarcia.es\/index.php\/estudio\/bodas-y-eventos\/sesion-de-fotos-de-comunion\/attachment\/sesion-fotos-comunion-casa8\/\" data-orig-file=\"https:\/\/www.victorarandagarcia.es\/wp-content\/uploads\/sesion-fotos-comunion-casa8.jpg\" data-orig-size=\"850,572\" data-comments-opened=\"0\" data-image-meta=\"{&quot;aperture&quot;:&quot;0&quot;,&quot;credit&quot;:&quot;&quot;,&quot;camera&quot;:&quot;&quot;,&quot;caption&quot;:&quot;&quot;,&quot;created_timestamp&quot;:&quot;0&quot;,&quot;copyright&quot;:&quot;&quot;,&quot;focal_length&quot;:&quot;0&quot;,&quot;iso&quot;:&quot;0&quot;,&quot;shutter_speed&quot;:&quot;0&quot;,&quot;title&quot;:&quot;&quot;,&quot;orientation&quot;:&quot;0&quot;}\" data-image-title=\"sesion-fotos-comunion-casa8\" data-image-description=\"&lt;p&gt;Sesi\u00f3n de fotos de Comuni\u00f3n en casa&lt;\/p&gt;\n\" data-image-caption=\"\" data-medium-file=\"https:\/\/www.victorarandagarcia.es\/wp-content\/uploads\/sesion-fotos-comunion-casa8-300x202.jpg\" data-large-file=\"https:\/\/www.victorarandagarcia.es\/wp-content\/uploads\/sesion-fotos-comunion-casa8.jpg\" decoding=\"async\" loading=\"lazy\" width=\"850\" height=\"572\" data-id=\"3234\" src=\"https:\/\/www.victorarandagarcia.es\/wp-content\/uploads\/sesion-fotos-comunion-casa8.jpg\" alt=\"\" class=\"wp-image-3234\" srcset=\"https:\/\/www.victorarandagarcia.es\/wp-content\/uploads\/sesion-fotos-comunion-casa8.jpg 850w, https:\/\/www.victorarandagarcia.es\/wp-content\/uploads\/sesion-fotos-comunion-casa8-300x202.jpg 300w, https:\/\/www.victorarandagarcia.es\/wp-content\/uploads\/sesion-fotos-comunion-casa8-768x517.jpg 768w\" sizes=\"(max-width: 850px) 100vw, 850px\" \/><\/figure>\n\n\n\n<figure class=\"wp-block-image size-large\"><img data-attachment-id=\"3240\" data-permalink=\"https:\/\/www.victorarandagarcia.es\/index.php\/estudio\/bodas-y-eventos\/sesion-de-fotos-de-comunion\/attachment\/sesion-fotos-comunion-casa-11\/\" data-orig-file=\"https:\/\/www.victorarandagarcia.es\/wp-content\/uploads\/sesion-fotos-comunion-casa-11.jpg\" data-orig-size=\"720,482\" data-comments-opened=\"0\" data-image-meta=\"{&quot;aperture&quot;:&quot;0&quot;,&quot;credit&quot;:&quot;&quot;,&quot;camera&quot;:&quot;&quot;,&quot;caption&quot;:&quot;&quot;,&quot;created_timestamp&quot;:&quot;0&quot;,&quot;copyright&quot;:&quot;&quot;,&quot;focal_length&quot;:&quot;0&quot;,&quot;iso&quot;:&quot;0&quot;,&quot;shutter_speed&quot;:&quot;0&quot;,&quot;title&quot;:&quot;&quot;,&quot;orientation&quot;:&quot;1&quot;}\" data-image-title=\"sesion-fotos-comunion-casa-11\" data-image-description=\"&lt;p&gt;Sesi\u00f3n de fotos de Comuni\u00f3n en casa&lt;\/p&gt;\n\" data-image-caption=\"\" data-medium-file=\"https:\/\/www.victorarandagarcia.es\/wp-content\/uploads\/sesion-fotos-comunion-casa-11-300x201.jpg\" data-large-file=\"https:\/\/www.victorarandagarcia.es\/wp-content\/uploads\/sesion-fotos-comunion-casa-11.jpg\" decoding=\"async\" loading=\"lazy\" width=\"720\" height=\"482\" data-id=\"3240\" src=\"https:\/\/www.victorarandagarcia.es\/wp-content\/uploads\/sesion-fotos-comunion-casa-11.jpg\" alt=\"\" class=\"wp-image-3240\" srcset=\"https:\/\/www.victorarandagarcia.es\/wp-content\/uploads\/sesion-fotos-comunion-casa-11.jpg 720w, https:\/\/www.victorarandagarcia.es\/wp-content\/uploads\/sesion-fotos-comunion-casa-11-300x201.jpg 300w\" sizes=\"(max-width: 720px) 100vw, 720px\" \/><\/figure>\n\n\n\n<figure class=\"wp-block-image size-large\"><img data-attachment-id=\"3243\" data-permalink=\"https:\/\/www.victorarandagarcia.es\/index.php\/estudio\/bodas-y-eventos\/sesion-de-fotos-de-comunion\/attachment\/sesion-fotos-comunion-casa9\/\" data-orig-file=\"https:\/\/www.victorarandagarcia.es\/wp-content\/uploads\/sesion-fotos-comunion-casa9.jpg\" data-orig-size=\"505,750\" data-comments-opened=\"0\" data-image-meta=\"{&quot;aperture&quot;:&quot;0&quot;,&quot;credit&quot;:&quot;&quot;,&quot;camera&quot;:&quot;&quot;,&quot;caption&quot;:&quot;&quot;,&quot;created_timestamp&quot;:&quot;0&quot;,&quot;copyright&quot;:&quot;&quot;,&quot;focal_length&quot;:&quot;0&quot;,&quot;iso&quot;:&quot;0&quot;,&quot;shutter_speed&quot;:&quot;0&quot;,&quot;title&quot;:&quot;&quot;,&quot;orientation&quot;:&quot;0&quot;}\" data-image-title=\"sesion-fotos-comunion-casa9\" data-image-description=\"&lt;p&gt;Sesi\u00f3n de fotos de Comuni\u00f3n en casa&lt;\/p&gt;\n\" data-image-caption=\"\" data-medium-file=\"https:\/\/www.victorarandagarcia.es\/wp-content\/uploads\/sesion-fotos-comunion-casa9-202x300.jpg\" data-large-file=\"https:\/\/www.victorarandagarcia.es\/wp-content\/uploads\/sesion-fotos-comunion-casa9.jpg\" decoding=\"async\" loading=\"lazy\" width=\"505\" height=\"750\" data-id=\"3243\" src=\"https:\/\/www.victorarandagarcia.es\/wp-content\/uploads\/sesion-fotos-comunion-casa9.jpg\" alt=\"\" class=\"wp-image-3243\" srcset=\"https:\/\/www.victorarandagarcia.es\/wp-content\/uploads\/sesion-fotos-comunion-casa9.jpg 505w, https:\/\/www.victorarandagarcia.es\/wp-content\/uploads\/sesion-fotos-comunion-casa9-202x300.jpg 202w\" sizes=\"(max-width: 505px) 100vw, 505px\" \/><\/figure>\n\n\n\n<figure class=\"wp-block-image size-large\"><img data-attachment-id=\"3242\" data-permalink=\"https:\/\/www.victorarandagarcia.es\/index.php\/estudio\/bodas-y-eventos\/sesion-de-fotos-de-comunion\/attachment\/sesion-fotos-comunion-casa-13\/\" data-orig-file=\"https:\/\/www.victorarandagarcia.es\/wp-content\/uploads\/sesion-fotos-comunion-casa-13.jpg\" data-orig-size=\"482,720\" data-comments-opened=\"0\" data-image-meta=\"{&quot;aperture&quot;:&quot;0&quot;,&quot;credit&quot;:&quot;&quot;,&quot;camera&quot;:&quot;&quot;,&quot;caption&quot;:&quot;&quot;,&quot;created_timestamp&quot;:&quot;0&quot;,&quot;copyright&quot;:&quot;&quot;,&quot;focal_length&quot;:&quot;0&quot;,&quot;iso&quot;:&quot;0&quot;,&quot;shutter_speed&quot;:&quot;0&quot;,&quot;title&quot;:&quot;&quot;,&quot;orientation&quot;:&quot;1&quot;}\" data-image-title=\"sesion-fotos-comunion-casa-13\" data-image-description=\"&lt;p&gt;Sesi\u00f3n de fotos de Comuni\u00f3n en casa&lt;\/p&gt;\n\" data-image-caption=\"\" data-medium-file=\"https:\/\/www.victorarandagarcia.es\/wp-content\/uploads\/sesion-fotos-comunion-casa-13-201x300.jpg\" data-large-file=\"https:\/\/www.victorarandagarcia.es\/wp-content\/uploads\/sesion-fotos-comunion-casa-13.jpg\" decoding=\"async\" loading=\"lazy\" width=\"482\" height=\"720\" data-id=\"3242\" src=\"https:\/\/www.victorarandagarcia.es\/wp-content\/uploads\/sesion-fotos-comunion-casa-13.jpg\" alt=\"\" class=\"wp-image-3242\" srcset=\"https:\/\/www.victorarandagarcia.es\/wp-content\/uploads\/sesion-fotos-comunion-casa-13.jpg 482w, https:\/\/www.victorarandagarcia.es\/wp-content\/uploads\/sesion-fotos-comunion-casa-13-201x300.jpg 201w\" sizes=\"(max-width: 482px) 100vw, 482px\" \/><\/figure>\n\n\n\n<figure class=\"wp-block-image size-large\"><img data-attachment-id=\"3239\" data-permalink=\"https:\/\/www.victorarandagarcia.es\/index.php\/estudio\/bodas-y-eventos\/sesion-de-fotos-de-comunion\/attachment\/sesion-fotos-comunion-casa-15\/\" data-orig-file=\"https:\/\/www.victorarandagarcia.es\/wp-content\/uploads\/sesion-fotos-comunion-casa-15.jpg\" data-orig-size=\"482,720\" data-comments-opened=\"0\" data-image-meta=\"{&quot;aperture&quot;:&quot;0&quot;,&quot;credit&quot;:&quot;&quot;,&quot;camera&quot;:&quot;&quot;,&quot;caption&quot;:&quot;&quot;,&quot;created_timestamp&quot;:&quot;0&quot;,&quot;copyright&quot;:&quot;&quot;,&quot;focal_length&quot;:&quot;0&quot;,&quot;iso&quot;:&quot;0&quot;,&quot;shutter_speed&quot;:&quot;0&quot;,&quot;title&quot;:&quot;&quot;,&quot;orientation&quot;:&quot;1&quot;}\" data-image-title=\"sesion-fotos-comunion-casa-15\" data-image-description=\"&lt;p&gt;Sesi\u00f3n de fotos de Comuni\u00f3n en casa&lt;\/p&gt;\n\" data-image-caption=\"\" data-medium-file=\"https:\/\/www.victorarandagarcia.es\/wp-content\/uploads\/sesion-fotos-comunion-casa-15-201x300.jpg\" data-large-file=\"https:\/\/www.victorarandagarcia.es\/wp-content\/uploads\/sesion-fotos-comunion-casa-15.jpg\" decoding=\"async\" loading=\"lazy\" width=\"482\" height=\"720\" data-id=\"3239\" src=\"https:\/\/www.victorarandagarcia.es\/wp-content\/uploads\/sesion-fotos-comunion-casa-15.jpg\" alt=\"\" class=\"wp-image-3239\" srcset=\"https:\/\/www.victorarandagarcia.es\/wp-content\/uploads\/sesion-fotos-comunion-casa-15.jpg 482w, https:\/\/www.victorarandagarcia.es\/wp-content\/uploads\/sesion-fotos-comunion-casa-15-201x300.jpg 201w\" sizes=\"(max-width: 482px) 100vw, 482px\" \/><\/figure>\n\n\n\n<figure class=\"wp-block-image size-large\"><img data-attachment-id=\"3241\" data-permalink=\"https:\/\/www.victorarandagarcia.es\/index.php\/estudio\/bodas-y-eventos\/sesion-de-fotos-de-comunion\/attachment\/sesion-fotos-comunion-casa-17\/\" data-orig-file=\"https:\/\/www.victorarandagarcia.es\/wp-content\/uploads\/sesion-fotos-comunion-casa-17.jpg\" data-orig-size=\"476,720\" data-comments-opened=\"0\" data-image-meta=\"{&quot;aperture&quot;:&quot;0&quot;,&quot;credit&quot;:&quot;&quot;,&quot;camera&quot;:&quot;&quot;,&quot;caption&quot;:&quot;&quot;,&quot;created_timestamp&quot;:&quot;0&quot;,&quot;copyright&quot;:&quot;&quot;,&quot;focal_length&quot;:&quot;0&quot;,&quot;iso&quot;:&quot;0&quot;,&quot;shutter_speed&quot;:&quot;0&quot;,&quot;title&quot;:&quot;&quot;,&quot;orientation&quot;:&quot;1&quot;}\" data-image-title=\"sesion-fotos-comunion-casa-17\" data-image-description=\"&lt;p&gt;Sesi\u00f3n de fotos de Comuni\u00f3n en casa&lt;\/p&gt;\n\" data-image-caption=\"\" data-medium-file=\"https:\/\/www.victorarandagarcia.es\/wp-content\/uploads\/sesion-fotos-comunion-casa-17-198x300.jpg\" data-large-file=\"https:\/\/www.victorarandagarcia.es\/wp-content\/uploads\/sesion-fotos-comunion-casa-17.jpg\" decoding=\"async\" loading=\"lazy\" width=\"476\" height=\"720\" data-id=\"3241\" src=\"https:\/\/www.victorarandagarcia.es\/wp-content\/uploads\/sesion-fotos-comunion-casa-17.jpg\" alt=\"\" class=\"wp-image-3241\" srcset=\"https:\/\/www.victorarandagarcia.es\/wp-content\/uploads\/sesion-fotos-comunion-casa-17.jpg 476w, https:\/\/www.victorarandagarcia.es\/wp-content\/uploads\/sesion-fotos-comunion-casa-17-198x300.jpg 198w\" sizes=\"(max-width: 476px) 100vw, 476px\" \/><\/figure>\n\n\n\n<figure class=\"wp-block-image size-large\"><img data-attachment-id=\"3244\" data-permalink=\"https:\/\/www.victorarandagarcia.es\/index.php\/estudio\/bodas-y-eventos\/sesion-de-fotos-de-comunion\/attachment\/sesion-fotos-comunion-casa-18\/\" data-orig-file=\"https:\/\/www.victorarandagarcia.es\/wp-content\/uploads\/sesion-fotos-comunion-casa-18.jpg\" data-orig-size=\"720,482\" data-comments-opened=\"0\" data-image-meta=\"{&quot;aperture&quot;:&quot;0&quot;,&quot;credit&quot;:&quot;&quot;,&quot;camera&quot;:&quot;&quot;,&quot;caption&quot;:&quot;&quot;,&quot;created_timestamp&quot;:&quot;0&quot;,&quot;copyright&quot;:&quot;&quot;,&quot;focal_length&quot;:&quot;0&quot;,&quot;iso&quot;:&quot;0&quot;,&quot;shutter_speed&quot;:&quot;0&quot;,&quot;title&quot;:&quot;&quot;,&quot;orientation&quot;:&quot;1&quot;}\" data-image-title=\"sesion-fotos-comunion-casa-18\" data-image-description=\"&lt;p&gt;Sesi\u00f3n de fotos de Comuni\u00f3n en casa&lt;\/p&gt;\n\" data-image-caption=\"\" data-medium-file=\"https:\/\/www.victorarandagarcia.es\/wp-content\/uploads\/sesion-fotos-comunion-casa-18-300x201.jpg\" data-large-file=\"https:\/\/www.victorarandagarcia.es\/wp-content\/uploads\/sesion-fotos-comunion-casa-18.jpg\" decoding=\"async\" loading=\"lazy\" width=\"720\" height=\"482\" data-id=\"3244\" src=\"https:\/\/www.victorarandagarcia.es\/wp-content\/uploads\/sesion-fotos-comunion-casa-18.jpg\" alt=\"\" class=\"wp-image-3244\" srcset=\"https:\/\/www.victorarandagarcia.es\/wp-content\/uploads\/sesion-fotos-comunion-casa-18.jpg 720w, https:\/\/www.victorarandagarcia.es\/wp-content\/uploads\/sesion-fotos-comunion-casa-18-300x201.jpg 300w\" sizes=\"(max-width: 720px) 100vw, 720px\" \/><\/figure>\n\n\n\n<figure class=\"wp-block-image size-large\"><img data-attachment-id=\"3245\" data-permalink=\"https:\/\/www.victorarandagarcia.es\/index.php\/estudio\/bodas-y-eventos\/sesion-de-fotos-de-comunion\/attachment\/sesion-fotos-comunion-casa-22\/\" data-orig-file=\"https:\/\/www.victorarandagarcia.es\/wp-content\/uploads\/sesion-fotos-comunion-casa-22.jpg\" data-orig-size=\"720,482\" data-comments-opened=\"0\" data-image-meta=\"{&quot;aperture&quot;:&quot;0&quot;,&quot;credit&quot;:&quot;&quot;,&quot;camera&quot;:&quot;&quot;,&quot;caption&quot;:&quot;&quot;,&quot;created_timestamp&quot;:&quot;0&quot;,&quot;copyright&quot;:&quot;&quot;,&quot;focal_length&quot;:&quot;0&quot;,&quot;iso&quot;:&quot;0&quot;,&quot;shutter_speed&quot;:&quot;0&quot;,&quot;title&quot;:&quot;&quot;,&quot;orientation&quot;:&quot;1&quot;}\" data-image-title=\"sesion-fotos-comunion-casa-22\" data-image-description=\"&lt;p&gt;Sesi\u00f3n de fotos de Comuni\u00f3n en casa&lt;\/p&gt;\n\" data-image-caption=\"\" data-medium-file=\"https:\/\/www.victorarandagarcia.es\/wp-content\/uploads\/sesion-fotos-comunion-casa-22-300x201.jpg\" data-large-file=\"https:\/\/www.victorarandagarcia.es\/wp-content\/uploads\/sesion-fotos-comunion-casa-22.jpg\" decoding=\"async\" loading=\"lazy\" width=\"720\" height=\"482\" data-id=\"3245\" src=\"https:\/\/www.victorarandagarcia.es\/wp-content\/uploads\/sesion-fotos-comunion-casa-22.jpg\" alt=\"\" class=\"wp-image-3245\" srcset=\"https:\/\/www.victorarandagarcia.es\/wp-content\/uploads\/sesion-fotos-comunion-casa-22.jpg 720w, https:\/\/www.victorarandagarcia.es\/wp-content\/uploads\/sesion-fotos-comunion-casa-22-300x201.jpg 300w\" sizes=\"(max-width: 720px) 100vw, 720px\" \/><\/figure>\n\n\n\n<figure class=\"wp-block-image size-large\"><img data-attachment-id=\"3252\" data-permalink=\"https:\/\/www.victorarandagarcia.es\/index.php\/estudio\/bodas-y-eventos\/sesion-de-fotos-de-comunion\/attachment\/sesion-fotos-comunion-casa-21\/\" data-orig-file=\"https:\/\/www.victorarandagarcia.es\/wp-content\/uploads\/sesion-fotos-comunion-casa-21.jpg\" data-orig-size=\"473,720\" data-comments-opened=\"0\" data-image-meta=\"{&quot;aperture&quot;:&quot;0&quot;,&quot;credit&quot;:&quot;&quot;,&quot;camera&quot;:&quot;&quot;,&quot;caption&quot;:&quot;&quot;,&quot;created_timestamp&quot;:&quot;0&quot;,&quot;copyright&quot;:&quot;&quot;,&quot;focal_length&quot;:&quot;0&quot;,&quot;iso&quot;:&quot;0&quot;,&quot;shutter_speed&quot;:&quot;0&quot;,&quot;title&quot;:&quot;&quot;,&quot;orientation&quot;:&quot;1&quot;}\" data-image-title=\"sesion-fotos-comunion-casa-21\" data-image-description=\"&lt;p&gt;Sesi\u00f3n de fotos de Comuni\u00f3n en casa&lt;\/p&gt;\n\" data-image-caption=\"\" data-medium-file=\"https:\/\/www.victorarandagarcia.es\/wp-content\/uploads\/sesion-fotos-comunion-casa-21-197x300.jpg\" data-large-file=\"https:\/\/www.victorarandagarcia.es\/wp-content\/uploads\/sesion-fotos-comunion-casa-21.jpg\" decoding=\"async\" loading=\"lazy\" width=\"473\" height=\"720\" data-id=\"3252\" src=\"https:\/\/www.victorarandagarcia.es\/wp-content\/uploads\/sesion-fotos-comunion-casa-21.jpg\" alt=\"\" class=\"wp-image-3252\" srcset=\"https:\/\/www.victorarandagarcia.es\/wp-content\/uploads\/sesion-fotos-comunion-casa-21.jpg 473w, https:\/\/www.victorarandagarcia.es\/wp-content\/uploads\/sesion-fotos-comunion-casa-21-197x300.jpg 197w\" sizes=\"(max-width: 473px) 100vw, 473px\" \/><\/figure>\n\n\n\n<figure class=\"wp-block-image size-large\"><img data-attachment-id=\"3246\" data-permalink=\"https:\/\/www.victorarandagarcia.es\/index.php\/estudio\/bodas-y-eventos\/sesion-de-fotos-de-comunion\/attachment\/sesion-fotos-comunion-casa-23\/\" data-orig-file=\"https:\/\/www.victorarandagarcia.es\/wp-content\/uploads\/sesion-fotos-comunion-casa-23.jpg\" data-orig-size=\"526,720\" data-comments-opened=\"0\" data-image-meta=\"{&quot;aperture&quot;:&quot;0&quot;,&quot;credit&quot;:&quot;&quot;,&quot;camera&quot;:&quot;&quot;,&quot;caption&quot;:&quot;&quot;,&quot;created_timestamp&quot;:&quot;0&quot;,&quot;copyright&quot;:&quot;&quot;,&quot;focal_length&quot;:&quot;0&quot;,&quot;iso&quot;:&quot;0&quot;,&quot;shutter_speed&quot;:&quot;0&quot;,&quot;title&quot;:&quot;&quot;,&quot;orientation&quot;:&quot;1&quot;}\" data-image-title=\"sesion-fotos-comunion-casa-23\" data-image-description=\"&lt;p&gt;Sesi\u00f3n de fotos de Comuni\u00f3n en casa&lt;\/p&gt;\n\" data-image-caption=\"\" data-medium-file=\"https:\/\/www.victorarandagarcia.es\/wp-content\/uploads\/sesion-fotos-comunion-casa-23-219x300.jpg\" data-large-file=\"https:\/\/www.victorarandagarcia.es\/wp-content\/uploads\/sesion-fotos-comunion-casa-23.jpg\" decoding=\"async\" loading=\"lazy\" width=\"526\" height=\"720\" data-id=\"3246\" src=\"https:\/\/www.victorarandagarcia.es\/wp-content\/uploads\/sesion-fotos-comunion-casa-23.jpg\" alt=\"\" class=\"wp-image-3246\" srcset=\"https:\/\/www.victorarandagarcia.es\/wp-content\/uploads\/sesion-fotos-comunion-casa-23.jpg 526w, https:\/\/www.victorarandagarcia.es\/wp-content\/uploads\/sesion-fotos-comunion-casa-23-219x300.jpg 219w\" sizes=\"(max-width: 526px) 100vw, 526px\" \/><\/figure>\n\n\n\n<figure class=\"wp-block-image size-large\"><img data-attachment-id=\"3248\" data-permalink=\"https:\/\/www.victorarandagarcia.es\/index.php\/estudio\/bodas-y-eventos\/sesion-de-fotos-de-comunion\/attachment\/sesion-fotos-comunion-casa-24\/\" data-orig-file=\"https:\/\/www.victorarandagarcia.es\/wp-content\/uploads\/sesion-fotos-comunion-casa-24.jpg\" data-orig-size=\"720,482\" data-comments-opened=\"0\" data-image-meta=\"{&quot;aperture&quot;:&quot;0&quot;,&quot;credit&quot;:&quot;&quot;,&quot;camera&quot;:&quot;&quot;,&quot;caption&quot;:&quot;&quot;,&quot;created_timestamp&quot;:&quot;0&quot;,&quot;copyright&quot;:&quot;&quot;,&quot;focal_length&quot;:&quot;0&quot;,&quot;iso&quot;:&quot;0&quot;,&quot;shutter_speed&quot;:&quot;0&quot;,&quot;title&quot;:&quot;&quot;,&quot;orientation&quot;:&quot;1&quot;}\" data-image-title=\"sesion-fotos-comunion-casa-24\" data-image-description=\"&lt;p&gt;Sesi\u00f3n de fotos de Comuni\u00f3n en casa&lt;\/p&gt;\n\" data-image-caption=\"\" data-medium-file=\"https:\/\/www.victorarandagarcia.es\/wp-content\/uploads\/sesion-fotos-comunion-casa-24-300x201.jpg\" data-large-file=\"https:\/\/www.victorarandagarcia.es\/wp-content\/uploads\/sesion-fotos-comunion-casa-24.jpg\" decoding=\"async\" loading=\"lazy\" width=\"720\" height=\"482\" data-id=\"3248\" src=\"https:\/\/www.victorarandagarcia.es\/wp-content\/uploads\/sesion-fotos-comunion-casa-24.jpg\" alt=\"\" class=\"wp-image-3248\" srcset=\"https:\/\/www.victorarandagarcia.es\/wp-content\/uploads\/sesion-fotos-comunion-casa-24.jpg 720w, https:\/\/www.victorarandagarcia.es\/wp-content\/uploads\/sesion-fotos-comunion-casa-24-300x201.jpg 300w\" sizes=\"(max-width: 720px) 100vw, 720px\" \/><\/figure>\n\n\n\n<figure class=\"wp-block-image size-large\"><img data-attachment-id=\"3250\" data-permalink=\"https:\/\/www.victorarandagarcia.es\/index.php\/estudio\/bodas-y-eventos\/sesion-de-fotos-de-comunion\/attachment\/sesion-fotos-comunion-casa-33\/\" data-orig-file=\"https:\/\/www.victorarandagarcia.es\/wp-content\/uploads\/sesion-fotos-comunion-casa-33.jpg\" data-orig-size=\"720,495\" data-comments-opened=\"0\" data-image-meta=\"{&quot;aperture&quot;:&quot;0&quot;,&quot;credit&quot;:&quot;&quot;,&quot;camera&quot;:&quot;&quot;,&quot;caption&quot;:&quot;&quot;,&quot;created_timestamp&quot;:&quot;0&quot;,&quot;copyright&quot;:&quot;&quot;,&quot;focal_length&quot;:&quot;0&quot;,&quot;iso&quot;:&quot;0&quot;,&quot;shutter_speed&quot;:&quot;0&quot;,&quot;title&quot;:&quot;&quot;,&quot;orientation&quot;:&quot;1&quot;}\" data-image-title=\"sesion-fotos-comunion-casa-33\" data-image-description=\"&lt;p&gt;Sesi\u00f3n de fotos de Comuni\u00f3n en casa&lt;\/p&gt;\n\" data-image-caption=\"\" data-medium-file=\"https:\/\/www.victorarandagarcia.es\/wp-content\/uploads\/sesion-fotos-comunion-casa-33-300x206.jpg\" data-large-file=\"https:\/\/www.victorarandagarcia.es\/wp-content\/uploads\/sesion-fotos-comunion-casa-33.jpg\" decoding=\"async\" loading=\"lazy\" width=\"720\" height=\"495\" data-id=\"3250\" src=\"https:\/\/www.victorarandagarcia.es\/wp-content\/uploads\/sesion-fotos-comunion-casa-33.jpg\" alt=\"\" class=\"wp-image-3250\" srcset=\"https:\/\/www.victorarandagarcia.es\/wp-content\/uploads\/sesion-fotos-comunion-casa-33.jpg 720w, https:\/\/www.victorarandagarcia.es\/wp-content\/uploads\/sesion-fotos-comunion-casa-33-300x206.jpg 300w\" sizes=\"(max-width: 720px) 100vw, 720px\" \/><\/figure>\n\n\n\n<figure class=\"wp-block-image size-large\"><img data-attachment-id=\"3251\" data-permalink=\"https:\/\/www.victorarandagarcia.es\/index.php\/estudio\/bodas-y-eventos\/sesion-de-fotos-de-comunion\/attachment\/sesion-fotos-comunion-casa-31\/\" data-orig-file=\"https:\/\/www.victorarandagarcia.es\/wp-content\/uploads\/sesion-fotos-comunion-casa-31.jpg\" data-orig-size=\"720,482\" data-comments-opened=\"0\" data-image-meta=\"{&quot;aperture&quot;:&quot;0&quot;,&quot;credit&quot;:&quot;&quot;,&quot;camera&quot;:&quot;&quot;,&quot;caption&quot;:&quot;&quot;,&quot;created_timestamp&quot;:&quot;0&quot;,&quot;copyright&quot;:&quot;&quot;,&quot;focal_length&quot;:&quot;0&quot;,&quot;iso&quot;:&quot;0&quot;,&quot;shutter_speed&quot;:&quot;0&quot;,&quot;title&quot;:&quot;&quot;,&quot;orientation&quot;:&quot;1&quot;}\" data-image-title=\"sesion-fotos-comunion-casa-31\" data-image-description=\"&lt;p&gt;Sesi\u00f3n de fotos de Comuni\u00f3n en casa&lt;\/p&gt;\n\" data-image-caption=\"\" data-medium-file=\"https:\/\/www.victorarandagarcia.es\/wp-content\/uploads\/sesion-fotos-comunion-casa-31-300x201.jpg\" data-large-file=\"https:\/\/www.victorarandagarcia.es\/wp-content\/uploads\/sesion-fotos-comunion-casa-31.jpg\" decoding=\"async\" loading=\"lazy\" width=\"720\" height=\"482\" data-id=\"3251\" src=\"https:\/\/www.victorarandagarcia.es\/wp-content\/uploads\/sesion-fotos-comunion-casa-31.jpg\" alt=\"\" class=\"wp-image-3251\" srcset=\"https:\/\/www.victorarandagarcia.es\/wp-content\/uploads\/sesion-fotos-comunion-casa-31.jpg 720w, https:\/\/www.victorarandagarcia.es\/wp-content\/uploads\/sesion-fotos-comunion-casa-31-300x201.jpg 300w\" sizes=\"(max-width: 720px) 100vw, 720px\" \/><\/figure>\n\n\n\n<figure class=\"wp-block-image size-large\"><img data-attachment-id=\"3247\" data-permalink=\"https:\/\/www.victorarandagarcia.es\/index.php\/estudio\/bodas-y-eventos\/sesion-de-fotos-de-comunion\/attachment\/sesion-fotos-comunion-casa-32\/\" data-orig-file=\"https:\/\/www.victorarandagarcia.es\/wp-content\/uploads\/sesion-fotos-comunion-casa-32.jpg\" data-orig-size=\"720,482\" data-comments-opened=\"0\" data-image-meta=\"{&quot;aperture&quot;:&quot;0&quot;,&quot;credit&quot;:&quot;&quot;,&quot;camera&quot;:&quot;&quot;,&quot;caption&quot;:&quot;&quot;,&quot;created_timestamp&quot;:&quot;0&quot;,&quot;copyright&quot;:&quot;&quot;,&quot;focal_length&quot;:&quot;0&quot;,&quot;iso&quot;:&quot;0&quot;,&quot;shutter_speed&quot;:&quot;0&quot;,&quot;title&quot;:&quot;&quot;,&quot;orientation&quot;:&quot;1&quot;}\" data-image-title=\"sesion-fotos-comunion-casa-32\" data-image-description=\"&lt;p&gt;Sesi\u00f3n de fotos de Comuni\u00f3n en casa&lt;\/p&gt;\n\" data-image-caption=\"\" data-medium-file=\"https:\/\/www.victorarandagarcia.es\/wp-content\/uploads\/sesion-fotos-comunion-casa-32-300x201.jpg\" data-large-file=\"https:\/\/www.victorarandagarcia.es\/wp-content\/uploads\/sesion-fotos-comunion-casa-32.jpg\" decoding=\"async\" loading=\"lazy\" width=\"720\" height=\"482\" data-id=\"3247\" src=\"https:\/\/www.victorarandagarcia.es\/wp-content\/uploads\/sesion-fotos-comunion-casa-32.jpg\" alt=\"\" class=\"wp-image-3247\" srcset=\"https:\/\/www.victorarandagarcia.es\/wp-content\/uploads\/sesion-fotos-comunion-casa-32.jpg 720w, https:\/\/www.victorarandagarcia.es\/wp-content\/uploads\/sesion-fotos-comunion-casa-32-300x201.jpg 300w\" sizes=\"(max-width: 720px) 100vw, 720px\" \/><\/figure>\n\n\n\n<figure class=\"wp-block-image size-large\"><img data-attachment-id=\"3249\" data-permalink=\"https:\/\/www.victorarandagarcia.es\/index.php\/estudio\/bodas-y-eventos\/sesion-de-fotos-de-comunion\/attachment\/sesion-fotos-comunion-casa-34\/\" data-orig-file=\"https:\/\/www.victorarandagarcia.es\/wp-content\/uploads\/sesion-fotos-comunion-casa-34.jpg\" data-orig-size=\"720,482\" data-comments-opened=\"0\" data-image-meta=\"{&quot;aperture&quot;:&quot;0&quot;,&quot;credit&quot;:&quot;&quot;,&quot;camera&quot;:&quot;&quot;,&quot;caption&quot;:&quot;&quot;,&quot;created_timestamp&quot;:&quot;0&quot;,&quot;copyright&quot;:&quot;&quot;,&quot;focal_length&quot;:&quot;0&quot;,&quot;iso&quot;:&quot;0&quot;,&quot;shutter_speed&quot;:&quot;0&quot;,&quot;title&quot;:&quot;&quot;,&quot;orientation&quot;:&quot;1&quot;}\" data-image-title=\"sesion-fotos-comunion-casa-34\" data-image-description=\"&lt;p&gt;Sesi\u00f3n de fotos de Comuni\u00f3n en casa&lt;\/p&gt;\n\" data-image-caption=\"\" data-medium-file=\"https:\/\/www.victorarandagarcia.es\/wp-content\/uploads\/sesion-fotos-comunion-casa-34-300x201.jpg\" data-large-file=\"https:\/\/www.victorarandagarcia.es\/wp-content\/uploads\/sesion-fotos-comunion-casa-34.jpg\" decoding=\"async\" loading=\"lazy\" width=\"720\" height=\"482\" data-id=\"3249\" src=\"https:\/\/www.victorarandagarcia.es\/wp-content\/uploads\/sesion-fotos-comunion-casa-34.jpg\" alt=\"\" class=\"wp-image-3249\" srcset=\"https:\/\/www.victorarandagarcia.es\/wp-content\/uploads\/sesion-fotos-comunion-casa-34.jpg 720w, https:\/\/www.victorarandagarcia.es\/wp-content\/uploads\/sesion-fotos-comunion-casa-34-300x201.jpg 300w\" sizes=\"(max-width: 720px) 100vw, 720px\" \/><\/figure>\n\n\n\n<figure class=\"wp-block-image size-large\"><img data-attachment-id=\"3253\" data-permalink=\"https:\/\/www.victorarandagarcia.es\/index.php\/estudio\/bodas-y-eventos\/sesion-de-fotos-de-comunion\/attachment\/sesion-fotos-comunion-casa-35\/\" data-orig-file=\"https:\/\/www.victorarandagarcia.es\/wp-content\/uploads\/sesion-fotos-comunion-casa-35.jpg\" data-orig-size=\"720,482\" data-comments-opened=\"0\" data-image-meta=\"{&quot;aperture&quot;:&quot;0&quot;,&quot;credit&quot;:&quot;&quot;,&quot;camera&quot;:&quot;&quot;,&quot;caption&quot;:&quot;&quot;,&quot;created_timestamp&quot;:&quot;0&quot;,&quot;copyright&quot;:&quot;&quot;,&quot;focal_length&quot;:&quot;0&quot;,&quot;iso&quot;:&quot;0&quot;,&quot;shutter_speed&quot;:&quot;0&quot;,&quot;title&quot;:&quot;&quot;,&quot;orientation&quot;:&quot;1&quot;}\" data-image-title=\"sesion-fotos-comunion-casa-35\" data-image-description=\"&lt;p&gt;Sesi\u00f3n de fotos de Comuni\u00f3n en casa&lt;\/p&gt;\n\" data-image-caption=\"\" data-medium-file=\"https:\/\/www.victorarandagarcia.es\/wp-content\/uploads\/sesion-fotos-comunion-casa-35-300x201.jpg\" data-large-file=\"https:\/\/www.victorarandagarcia.es\/wp-content\/uploads\/sesion-fotos-comunion-casa-35.jpg\" decoding=\"async\" loading=\"lazy\" width=\"720\" height=\"482\" data-id=\"3253\" src=\"https:\/\/www.victorarandagarcia.es\/wp-content\/uploads\/sesion-fotos-comunion-casa-35.jpg\" alt=\"\" class=\"wp-image-3253\" srcset=\"https:\/\/www.victorarandagarcia.es\/wp-content\/uploads\/sesion-fotos-comunion-casa-35.jpg 720w, https:\/\/www.victorarandagarcia.es\/wp-content\/uploads\/sesion-fotos-comunion-casa-35-300x201.jpg 300w\" sizes=\"(max-width: 720px) 100vw, 720px\" \/><\/figure>\n\n\n\n<figure class=\"wp-block-image size-large\"><img data-attachment-id=\"3233\" data-permalink=\"https:\/\/www.victorarandagarcia.es\/index.php\/estudio\/bodas-y-eventos\/sesion-de-fotos-de-comunion\/attachment\/sesion-fotos-comunion-casa5\/\" data-orig-file=\"https:\/\/www.victorarandagarcia.es\/wp-content\/uploads\/sesion-fotos-comunion-casa5.jpg\" data-orig-size=\"850,572\" data-comments-opened=\"0\" data-image-meta=\"{&quot;aperture&quot;:&quot;0&quot;,&quot;credit&quot;:&quot;&quot;,&quot;camera&quot;:&quot;&quot;,&quot;caption&quot;:&quot;&quot;,&quot;created_timestamp&quot;:&quot;0&quot;,&quot;copyright&quot;:&quot;&quot;,&quot;focal_length&quot;:&quot;0&quot;,&quot;iso&quot;:&quot;0&quot;,&quot;shutter_speed&quot;:&quot;0&quot;,&quot;title&quot;:&quot;&quot;,&quot;orientation&quot;:&quot;0&quot;}\" data-image-title=\"sesion-fotos-comunion-casa5\" data-image-description=\"&lt;p&gt;Sesi\u00f3n de fotos de Comuni\u00f3n en casa&lt;\/p&gt;\n\" data-image-caption=\"\" data-medium-file=\"https:\/\/www.victorarandagarcia.es\/wp-content\/uploads\/sesion-fotos-comunion-casa5-300x202.jpg\" data-large-file=\"https:\/\/www.victorarandagarcia.es\/wp-content\/uploads\/sesion-fotos-comunion-casa5.jpg\" decoding=\"async\" loading=\"lazy\" width=\"850\" height=\"572\" data-id=\"3233\" src=\"https:\/\/www.victorarandagarcia.es\/wp-content\/uploads\/sesion-fotos-comunion-casa5.jpg\" alt=\"\" class=\"wp-image-3233\" srcset=\"https:\/\/www.victorarandagarcia.es\/wp-content\/uploads\/sesion-fotos-comunion-casa5.jpg 850w, https:\/\/www.victorarandagarcia.es\/wp-content\/uploads\/sesion-fotos-comunion-casa5-300x202.jpg 300w, https:\/\/www.victorarandagarcia.es\/wp-content\/uploads\/sesion-fotos-comunion-casa5-768x517.jpg 768w\" sizes=\"(max-width: 850px) 100vw, 850px\" \/><\/figure>\n<\/figure>\n\n\n\n<p><strong>Sesi\u00f3n de fotos en exteriores <\/strong><br>Mi opci\u00f3n preferida. La naturaleza ofrece multitud de posibilidades sugerentes como escenario, ya sea el atardecer en la playa, el verdor de un jard\u00edn o la magia de un bosque cercano, los retratos de una sesi\u00f3n as\u00ed son siempre especiales.<\/p>\n\n\n\n<figure class=\"wp-block-gallery has-nested-images columns-2 is-cropped wp-block-gallery-5 is-layout-flex wp-block-gallery-is-layout-flex\">\n<figure class=\"wp-block-image size-large\"><img data-attachment-id=\"3278\" data-permalink=\"https:\/\/www.victorarandagarcia.es\/index.php\/estudio\/bodas-y-eventos\/sesion-de-fotos-de-comunion\/attachment\/sesion-fotos-comunion-jardin-001-1\/\" data-orig-file=\"https:\/\/www.victorarandagarcia.es\/wp-content\/uploads\/sesion-fotos-comunion-jardin-001-1.jpg\" data-orig-size=\"500,720\" data-comments-opened=\"0\" data-image-meta=\"{&quot;aperture&quot;:&quot;8&quot;,&quot;credit&quot;:&quot;Victor Aranda Garcia&quot;,&quot;camera&quot;:&quot;Canon EOS 50D&quot;,&quot;caption&quot;:&quot;&quot;,&quot;created_timestamp&quot;:&quot;1398247480&quot;,&quot;copyright&quot;:&quot;Victor Aranda Garcia&quot;,&quot;focal_length&quot;:&quot;50&quot;,&quot;iso&quot;:&quot;100&quot;,&quot;shutter_speed&quot;:&quot;0.005&quot;,&quot;title&quot;:&quot;&quot;,&quot;orientation&quot;:&quot;1&quot;}\" data-image-title=\"sesion-fotos-comunion-jardin-001-1\" data-image-description=\"&lt;p&gt;Sesi\u00f3n de fotos de Comuni\u00f3n en exteriores&lt;\/p&gt;\n\" data-image-caption=\"\" data-medium-file=\"https:\/\/www.victorarandagarcia.es\/wp-content\/uploads\/sesion-fotos-comunion-jardin-001-1-208x300.jpg\" data-large-file=\"https:\/\/www.victorarandagarcia.es\/wp-content\/uploads\/sesion-fotos-comunion-jardin-001-1.jpg\" decoding=\"async\" loading=\"lazy\" width=\"500\" height=\"720\" data-id=\"3278\" src=\"https:\/\/www.victorarandagarcia.es\/wp-content\/uploads\/sesion-fotos-comunion-jardin-001-1.jpg\" alt=\"\" class=\"wp-image-3278\" srcset=\"https:\/\/www.victorarandagarcia.es\/wp-content\/uploads\/sesion-fotos-comunion-jardin-001-1.jpg 500w, https:\/\/www.victorarandagarcia.es\/wp-content\/uploads\/sesion-fotos-comunion-jardin-001-1-208x300.jpg 208w\" sizes=\"(max-width: 500px) 100vw, 500px\" \/><\/figure>\n\n\n\n<figure class=\"wp-block-image size-large\"><img data-attachment-id=\"3280\" data-permalink=\"https:\/\/www.victorarandagarcia.es\/index.php\/estudio\/bodas-y-eventos\/sesion-de-fotos-de-comunion\/attachment\/sesion-fotos-comunion-jardin-2-1\/\" data-orig-file=\"https:\/\/www.victorarandagarcia.es\/wp-content\/uploads\/sesion-fotos-comunion-jardin-2-1.jpg\" data-orig-size=\"505,750\" data-comments-opened=\"0\" data-image-meta=\"{&quot;aperture&quot;:&quot;0&quot;,&quot;credit&quot;:&quot;&quot;,&quot;camera&quot;:&quot;&quot;,&quot;caption&quot;:&quot;&quot;,&quot;created_timestamp&quot;:&quot;0&quot;,&quot;copyright&quot;:&quot;&quot;,&quot;focal_length&quot;:&quot;0&quot;,&quot;iso&quot;:&quot;0&quot;,&quot;shutter_speed&quot;:&quot;0&quot;,&quot;title&quot;:&quot;&quot;,&quot;orientation&quot;:&quot;0&quot;}\" data-image-title=\"sesion-fotos-comunion-jardin-2-1\" data-image-description=\"&lt;p&gt;Sesi\u00f3n de fotos de Comuni\u00f3n en exteriores&lt;\/p&gt;\n\" data-image-caption=\"\" data-medium-file=\"https:\/\/www.victorarandagarcia.es\/wp-content\/uploads\/sesion-fotos-comunion-jardin-2-1-202x300.jpg\" data-large-file=\"https:\/\/www.victorarandagarcia.es\/wp-content\/uploads\/sesion-fotos-comunion-jardin-2-1.jpg\" decoding=\"async\" loading=\"lazy\" width=\"505\" height=\"750\" data-id=\"3280\" src=\"https:\/\/www.victorarandagarcia.es\/wp-content\/uploads\/sesion-fotos-comunion-jardin-2-1.jpg\" alt=\"\" class=\"wp-image-3280\" srcset=\"https:\/\/www.victorarandagarcia.es\/wp-content\/uploads\/sesion-fotos-comunion-jardin-2-1.jpg 505w, https:\/\/www.victorarandagarcia.es\/wp-content\/uploads\/sesion-fotos-comunion-jardin-2-1-202x300.jpg 202w\" sizes=\"(max-width: 505px) 100vw, 505px\" \/><\/figure>\n\n\n\n<figure class=\"wp-block-image size-large\"><img data-attachment-id=\"3282\" data-permalink=\"https:\/\/www.victorarandagarcia.es\/index.php\/estudio\/bodas-y-eventos\/sesion-de-fotos-de-comunion\/attachment\/sesion-fotos-comunion-jardin-002-1\/\" data-orig-file=\"https:\/\/www.victorarandagarcia.es\/wp-content\/uploads\/sesion-fotos-comunion-jardin-002-1.jpg\" data-orig-size=\"720,481\" data-comments-opened=\"0\" data-image-meta=\"{&quot;aperture&quot;:&quot;8&quot;,&quot;credit&quot;:&quot;Victor Aranda Garcia&quot;,&quot;camera&quot;:&quot;Canon EOS 50D&quot;,&quot;caption&quot;:&quot;&quot;,&quot;created_timestamp&quot;:&quot;1398243193&quot;,&quot;copyright&quot;:&quot;Victor Aranda Garcia&quot;,&quot;focal_length&quot;:&quot;28&quot;,&quot;iso&quot;:&quot;100&quot;,&quot;shutter_speed&quot;:&quot;0.00625&quot;,&quot;title&quot;:&quot;&quot;,&quot;orientation&quot;:&quot;1&quot;}\" data-image-title=\"sesion-fotos-comunion-jardin-002-1\" data-image-description=\"&lt;p&gt;Sesi\u00f3n de fotos de Comuni\u00f3n en exteriores&lt;\/p&gt;\n\" data-image-caption=\"\" data-medium-file=\"https:\/\/www.victorarandagarcia.es\/wp-content\/uploads\/sesion-fotos-comunion-jardin-002-1-300x200.jpg\" data-large-file=\"https:\/\/www.victorarandagarcia.es\/wp-content\/uploads\/sesion-fotos-comunion-jardin-002-1.jpg\" decoding=\"async\" loading=\"lazy\" width=\"720\" height=\"481\" data-id=\"3282\" src=\"https:\/\/www.victorarandagarcia.es\/wp-content\/uploads\/sesion-fotos-comunion-jardin-002-1.jpg\" alt=\"\" class=\"wp-image-3282\" srcset=\"https:\/\/www.victorarandagarcia.es\/wp-content\/uploads\/sesion-fotos-comunion-jardin-002-1.jpg 720w, https:\/\/www.victorarandagarcia.es\/wp-content\/uploads\/sesion-fotos-comunion-jardin-002-1-300x200.jpg 300w\" sizes=\"(max-width: 720px) 100vw, 720px\" \/><\/figure>\n\n\n\n<figure class=\"wp-block-image size-large\"><img data-attachment-id=\"3281\" data-permalink=\"https:\/\/www.victorarandagarcia.es\/index.php\/estudio\/bodas-y-eventos\/sesion-de-fotos-de-comunion\/attachment\/sesion-fotos-comunion-jardin-003-1\/\" data-orig-file=\"https:\/\/www.victorarandagarcia.es\/wp-content\/uploads\/sesion-fotos-comunion-jardin-003-1.jpg\" data-orig-size=\"720,481\" data-comments-opened=\"0\" data-image-meta=\"{&quot;aperture&quot;:&quot;7.1&quot;,&quot;credit&quot;:&quot;Victor Aranda Garcia&quot;,&quot;camera&quot;:&quot;Canon EOS 50D&quot;,&quot;caption&quot;:&quot;&quot;,&quot;created_timestamp&quot;:&quot;1398243224&quot;,&quot;copyright&quot;:&quot;Victor Aranda Garcia&quot;,&quot;focal_length&quot;:&quot;48&quot;,&quot;iso&quot;:&quot;100&quot;,&quot;shutter_speed&quot;:&quot;0.00625&quot;,&quot;title&quot;:&quot;&quot;,&quot;orientation&quot;:&quot;1&quot;}\" data-image-title=\"sesion-fotos-comunion-jardin-003-1\" data-image-description=\"&lt;p&gt;Sesi\u00f3n de fotos de Comuni\u00f3n en exteriores&lt;\/p&gt;\n\" data-image-caption=\"\" data-medium-file=\"https:\/\/www.victorarandagarcia.es\/wp-content\/uploads\/sesion-fotos-comunion-jardin-003-1-300x200.jpg\" data-large-file=\"https:\/\/www.victorarandagarcia.es\/wp-content\/uploads\/sesion-fotos-comunion-jardin-003-1.jpg\" decoding=\"async\" loading=\"lazy\" width=\"720\" height=\"481\" data-id=\"3281\" src=\"https:\/\/www.victorarandagarcia.es\/wp-content\/uploads\/sesion-fotos-comunion-jardin-003-1.jpg\" alt=\"\" class=\"wp-image-3281\" srcset=\"https:\/\/www.victorarandagarcia.es\/wp-content\/uploads\/sesion-fotos-comunion-jardin-003-1.jpg 720w, https:\/\/www.victorarandagarcia.es\/wp-content\/uploads\/sesion-fotos-comunion-jardin-003-1-300x200.jpg 300w\" sizes=\"(max-width: 720px) 100vw, 720px\" \/><\/figure>\n\n\n\n<figure class=\"wp-block-image size-large\"><img data-attachment-id=\"3284\" data-permalink=\"https:\/\/www.victorarandagarcia.es\/index.php\/estudio\/bodas-y-eventos\/sesion-de-fotos-de-comunion\/attachment\/sesion-fotos-comunion-jardin-004-1\/\" data-orig-file=\"https:\/\/www.victorarandagarcia.es\/wp-content\/uploads\/sesion-fotos-comunion-jardin-004-1.jpg\" data-orig-size=\"481,720\" data-comments-opened=\"0\" data-image-meta=\"{&quot;aperture&quot;:&quot;7.1&quot;,&quot;credit&quot;:&quot;Victor Aranda Garcia&quot;,&quot;camera&quot;:&quot;Canon EOS 50D&quot;,&quot;caption&quot;:&quot;&quot;,&quot;created_timestamp&quot;:&quot;1398243277&quot;,&quot;copyright&quot;:&quot;Victor Aranda Garcia&quot;,&quot;focal_length&quot;:&quot;28&quot;,&quot;iso&quot;:&quot;100&quot;,&quot;shutter_speed&quot;:&quot;0.00625&quot;,&quot;title&quot;:&quot;&quot;,&quot;orientation&quot;:&quot;1&quot;}\" data-image-title=\"sesion-fotos-comunion-jardin-004-1\" data-image-description=\"&lt;p&gt;Sesi\u00f3n de fotos de Comuni\u00f3n en exteriores&lt;\/p&gt;\n\" data-image-caption=\"\" data-medium-file=\"https:\/\/www.victorarandagarcia.es\/wp-content\/uploads\/sesion-fotos-comunion-jardin-004-1-200x300.jpg\" data-large-file=\"https:\/\/www.victorarandagarcia.es\/wp-content\/uploads\/sesion-fotos-comunion-jardin-004-1.jpg\" decoding=\"async\" loading=\"lazy\" width=\"481\" height=\"720\" data-id=\"3284\" src=\"https:\/\/www.victorarandagarcia.es\/wp-content\/uploads\/sesion-fotos-comunion-jardin-004-1.jpg\" alt=\"\" class=\"wp-image-3284\" srcset=\"https:\/\/www.victorarandagarcia.es\/wp-content\/uploads\/sesion-fotos-comunion-jardin-004-1.jpg 481w, https:\/\/www.victorarandagarcia.es\/wp-content\/uploads\/sesion-fotos-comunion-jardin-004-1-200x300.jpg 200w\" sizes=\"(max-width: 481px) 100vw, 481px\" \/><\/figure>\n\n\n\n<figure class=\"wp-block-image size-large\"><img data-attachment-id=\"3283\" data-permalink=\"https:\/\/www.victorarandagarcia.es\/index.php\/estudio\/bodas-y-eventos\/sesion-de-fotos-de-comunion\/attachment\/sesion-fotos-comunion-jardin-3-1\/\" data-orig-file=\"https:\/\/www.victorarandagarcia.es\/wp-content\/uploads\/sesion-fotos-comunion-jardin-3-1.jpg\" data-orig-size=\"481,720\" data-comments-opened=\"0\" data-image-meta=\"{&quot;aperture&quot;:&quot;6.3&quot;,&quot;credit&quot;:&quot;&quot;,&quot;camera&quot;:&quot;Canon EOS 50D&quot;,&quot;caption&quot;:&quot;&quot;,&quot;created_timestamp&quot;:&quot;1340562201&quot;,&quot;copyright&quot;:&quot;&quot;,&quot;focal_length&quot;:&quot;22&quot;,&quot;iso&quot;:&quot;400&quot;,&quot;shutter_speed&quot;:&quot;0.008&quot;,&quot;title&quot;:&quot;&quot;,&quot;orientation&quot;:&quot;1&quot;}\" data-image-title=\"sesion-fotos-comunion-jardin-3-1\" data-image-description=\"&lt;p&gt;Sesi\u00f3n de fotos de Comuni\u00f3n en exteriores&lt;\/p&gt;\n\" data-image-caption=\"\" data-medium-file=\"https:\/\/www.victorarandagarcia.es\/wp-content\/uploads\/sesion-fotos-comunion-jardin-3-1-200x300.jpg\" data-large-file=\"https:\/\/www.victorarandagarcia.es\/wp-content\/uploads\/sesion-fotos-comunion-jardin-3-1.jpg\" decoding=\"async\" loading=\"lazy\" width=\"481\" height=\"720\" data-id=\"3283\" src=\"https:\/\/www.victorarandagarcia.es\/wp-content\/uploads\/sesion-fotos-comunion-jardin-3-1.jpg\" alt=\"\" class=\"wp-image-3283\" srcset=\"https:\/\/www.victorarandagarcia.es\/wp-content\/uploads\/sesion-fotos-comunion-jardin-3-1.jpg 481w, https:\/\/www.victorarandagarcia.es\/wp-content\/uploads\/sesion-fotos-comunion-jardin-3-1-200x300.jpg 200w\" sizes=\"(max-width: 481px) 100vw, 481px\" \/><\/figure>\n\n\n\n<figure class=\"wp-block-image size-large\"><img data-attachment-id=\"3279\" data-permalink=\"https:\/\/www.victorarandagarcia.es\/index.php\/estudio\/bodas-y-eventos\/sesion-de-fotos-de-comunion\/attachment\/sesion-fotos-comunion-jardin-1-1\/\" data-orig-file=\"https:\/\/www.victorarandagarcia.es\/wp-content\/uploads\/sesion-fotos-comunion-jardin-1-1.jpg\" data-orig-size=\"850,570\" data-comments-opened=\"0\" data-image-meta=\"{&quot;aperture&quot;:&quot;0&quot;,&quot;credit&quot;:&quot;Victor Aranda Garcia&quot;,&quot;camera&quot;:&quot;&quot;,&quot;caption&quot;:&quot;&quot;,&quot;created_timestamp&quot;:&quot;0&quot;,&quot;copyright&quot;:&quot;&quot;,&quot;focal_length&quot;:&quot;0&quot;,&quot;iso&quot;:&quot;0&quot;,&quot;shutter_speed&quot;:&quot;0&quot;,&quot;title&quot;:&quot;&quot;,&quot;orientation&quot;:&quot;0&quot;}\" data-image-title=\"sesion-fotos-comunion-jardin-1-1\" data-image-description=\"&lt;p&gt;Sesi\u00f3n de fotos de Comuni\u00f3n en exteriores&lt;\/p&gt;\n\" data-image-caption=\"\" data-medium-file=\"https:\/\/www.victorarandagarcia.es\/wp-content\/uploads\/sesion-fotos-comunion-jardin-1-1-300x201.jpg\" data-large-file=\"https:\/\/www.victorarandagarcia.es\/wp-content\/uploads\/sesion-fotos-comunion-jardin-1-1.jpg\" decoding=\"async\" loading=\"lazy\" width=\"850\" height=\"570\" data-id=\"3279\" src=\"https:\/\/www.victorarandagarcia.es\/wp-content\/uploads\/sesion-fotos-comunion-jardin-1-1.jpg\" alt=\"\" class=\"wp-image-3279\" srcset=\"https:\/\/www.victorarandagarcia.es\/wp-content\/uploads\/sesion-fotos-comunion-jardin-1-1.jpg 850w, https:\/\/www.victorarandagarcia.es\/wp-content\/uploads\/sesion-fotos-comunion-jardin-1-1-300x201.jpg 300w, https:\/\/www.victorarandagarcia.es\/wp-content\/uploads\/sesion-fotos-comunion-jardin-1-1-768x515.jpg 768w\" sizes=\"(max-width: 850px) 100vw, 850px\" \/><\/figure>\n\n\n\n<figure class=\"wp-block-image size-large\"><img data-attachment-id=\"3285\" data-permalink=\"https:\/\/www.victorarandagarcia.es\/index.php\/estudio\/bodas-y-eventos\/sesion-de-fotos-de-comunion\/attachment\/sesion-fotos-comunion-jardin-4-1\/\" data-orig-file=\"https:\/\/www.victorarandagarcia.es\/wp-content\/uploads\/sesion-fotos-comunion-jardin-4-1.jpg\" data-orig-size=\"850,572\" data-comments-opened=\"0\" data-image-meta=\"{&quot;aperture&quot;:&quot;0&quot;,&quot;credit&quot;:&quot;&quot;,&quot;camera&quot;:&quot;&quot;,&quot;caption&quot;:&quot;&quot;,&quot;created_timestamp&quot;:&quot;0&quot;,&quot;copyright&quot;:&quot;&quot;,&quot;focal_length&quot;:&quot;0&quot;,&quot;iso&quot;:&quot;0&quot;,&quot;shutter_speed&quot;:&quot;0&quot;,&quot;title&quot;:&quot;&quot;,&quot;orientation&quot;:&quot;0&quot;}\" data-image-title=\"sesion-fotos-comunion-jardin-4-1\" data-image-description=\"&lt;p&gt;Sesi\u00f3n de fotos de Comuni\u00f3n en exteriores&lt;\/p&gt;\n\" data-image-caption=\"\" data-medium-file=\"https:\/\/www.victorarandagarcia.es\/wp-content\/uploads\/sesion-fotos-comunion-jardin-4-1-300x202.jpg\" data-large-file=\"https:\/\/www.victorarandagarcia.es\/wp-content\/uploads\/sesion-fotos-comunion-jardin-4-1.jpg\" decoding=\"async\" loading=\"lazy\" width=\"850\" height=\"572\" data-id=\"3285\" src=\"https:\/\/www.victorarandagarcia.es\/wp-content\/uploads\/sesion-fotos-comunion-jardin-4-1.jpg\" alt=\"\" class=\"wp-image-3285\" srcset=\"https:\/\/www.victorarandagarcia.es\/wp-content\/uploads\/sesion-fotos-comunion-jardin-4-1.jpg 850w, https:\/\/www.victorarandagarcia.es\/wp-content\/uploads\/sesion-fotos-comunion-jardin-4-1-300x202.jpg 300w, https:\/\/www.victorarandagarcia.es\/wp-content\/uploads\/sesion-fotos-comunion-jardin-4-1-768x517.jpg 768w\" sizes=\"(max-width: 850px) 100vw, 850px\" \/><\/figure>\n\n\n\n<figure class=\"wp-block-image size-large\"><img data-attachment-id=\"3286\" data-permalink=\"https:\/\/www.victorarandagarcia.es\/index.php\/estudio\/bodas-y-eventos\/sesion-de-fotos-de-comunion\/attachment\/sesion-fotos-comunion-jardin-005-1\/\" data-orig-file=\"https:\/\/www.victorarandagarcia.es\/wp-content\/uploads\/sesion-fotos-comunion-jardin-005-1.jpg\" data-orig-size=\"500,720\" data-comments-opened=\"0\" data-image-meta=\"{&quot;aperture&quot;:&quot;1.8&quot;,&quot;credit&quot;:&quot;Victor Aranda Garcia&quot;,&quot;camera&quot;:&quot;Canon EOS 50D&quot;,&quot;caption&quot;:&quot;&quot;,&quot;created_timestamp&quot;:&quot;1398245823&quot;,&quot;copyright&quot;:&quot;Victor Aranda Garcia&quot;,&quot;focal_length&quot;:&quot;50&quot;,&quot;iso&quot;:&quot;100&quot;,&quot;shutter_speed&quot;:&quot;0.002&quot;,&quot;title&quot;:&quot;&quot;,&quot;orientation&quot;:&quot;1&quot;}\" data-image-title=\"sesion-fotos-comunion-jardin-005-1\" data-image-description=\"&lt;p&gt;Sesi\u00f3n de fotos de Comuni\u00f3n en exteriores&lt;\/p&gt;\n\" data-image-caption=\"\" data-medium-file=\"https:\/\/www.victorarandagarcia.es\/wp-content\/uploads\/sesion-fotos-comunion-jardin-005-1-208x300.jpg\" data-large-file=\"https:\/\/www.victorarandagarcia.es\/wp-content\/uploads\/sesion-fotos-comunion-jardin-005-1.jpg\" decoding=\"async\" loading=\"lazy\" width=\"500\" height=\"720\" data-id=\"3286\" src=\"https:\/\/www.victorarandagarcia.es\/wp-content\/uploads\/sesion-fotos-comunion-jardin-005-1.jpg\" alt=\"\" class=\"wp-image-3286\" srcset=\"https:\/\/www.victorarandagarcia.es\/wp-content\/uploads\/sesion-fotos-comunion-jardin-005-1.jpg 500w, https:\/\/www.victorarandagarcia.es\/wp-content\/uploads\/sesion-fotos-comunion-jardin-005-1-208x300.jpg 208w\" sizes=\"(max-width: 500px) 100vw, 500px\" \/><\/figure>\n\n\n\n<figure class=\"wp-block-image size-large\"><img data-attachment-id=\"3287\" data-permalink=\"https:\/\/www.victorarandagarcia.es\/index.php\/estudio\/bodas-y-eventos\/sesion-de-fotos-de-comunion\/attachment\/sesion-fotos-comunion-jardin-5-1\/\" data-orig-file=\"https:\/\/www.victorarandagarcia.es\/wp-content\/uploads\/sesion-fotos-comunion-jardin-5-1.jpg\" data-orig-size=\"505,750\" data-comments-opened=\"0\" data-image-meta=\"{&quot;aperture&quot;:&quot;0&quot;,&quot;credit&quot;:&quot;&quot;,&quot;camera&quot;:&quot;&quot;,&quot;caption&quot;:&quot;&quot;,&quot;created_timestamp&quot;:&quot;0&quot;,&quot;copyright&quot;:&quot;&quot;,&quot;focal_length&quot;:&quot;0&quot;,&quot;iso&quot;:&quot;0&quot;,&quot;shutter_speed&quot;:&quot;0&quot;,&quot;title&quot;:&quot;&quot;,&quot;orientation&quot;:&quot;0&quot;}\" data-image-title=\"sesion-fotos-comunion-jardin-5-1\" data-image-description=\"&lt;p&gt;Sesi\u00f3n de fotos de Comuni\u00f3n en exteriores&lt;\/p&gt;\n\" data-image-caption=\"\" data-medium-file=\"https:\/\/www.victorarandagarcia.es\/wp-content\/uploads\/sesion-fotos-comunion-jardin-5-1-202x300.jpg\" data-large-file=\"https:\/\/www.victorarandagarcia.es\/wp-content\/uploads\/sesion-fotos-comunion-jardin-5-1.jpg\" decoding=\"async\" loading=\"lazy\" width=\"505\" height=\"750\" data-id=\"3287\" src=\"https:\/\/www.victorarandagarcia.es\/wp-content\/uploads\/sesion-fotos-comunion-jardin-5-1.jpg\" alt=\"\" class=\"wp-image-3287\" srcset=\"https:\/\/www.victorarandagarcia.es\/wp-content\/uploads\/sesion-fotos-comunion-jardin-5-1.jpg 505w, https:\/\/www.victorarandagarcia.es\/wp-content\/uploads\/sesion-fotos-comunion-jardin-5-1-202x300.jpg 202w\" sizes=\"(max-width: 505px) 100vw, 505px\" \/><\/figure>\n\n\n\n<figure class=\"wp-block-image size-large\"><img data-attachment-id=\"3288\" data-permalink=\"https:\/\/www.victorarandagarcia.es\/index.php\/estudio\/bodas-y-eventos\/sesion-de-fotos-de-comunion\/attachment\/sesion-fotos-comunion-jardin-6-1\/\" data-orig-file=\"https:\/\/www.victorarandagarcia.es\/wp-content\/uploads\/sesion-fotos-comunion-jardin-6-1.jpg\" data-orig-size=\"850,572\" data-comments-opened=\"0\" data-image-meta=\"{&quot;aperture&quot;:&quot;0&quot;,&quot;credit&quot;:&quot;&quot;,&quot;camera&quot;:&quot;&quot;,&quot;caption&quot;:&quot;&quot;,&quot;created_timestamp&quot;:&quot;0&quot;,&quot;copyright&quot;:&quot;&quot;,&quot;focal_length&quot;:&quot;0&quot;,&quot;iso&quot;:&quot;0&quot;,&quot;shutter_speed&quot;:&quot;0&quot;,&quot;title&quot;:&quot;&quot;,&quot;orientation&quot;:&quot;0&quot;}\" data-image-title=\"sesion-fotos-comunion-jardin-6-1\" data-image-description=\"&lt;p&gt;Sesi\u00f3n de fotos de Comuni\u00f3n en exteriores&lt;\/p&gt;\n\" data-image-caption=\"\" data-medium-file=\"https:\/\/www.victorarandagarcia.es\/wp-content\/uploads\/sesion-fotos-comunion-jardin-6-1-300x202.jpg\" data-large-file=\"https:\/\/www.victorarandagarcia.es\/wp-content\/uploads\/sesion-fotos-comunion-jardin-6-1.jpg\" decoding=\"async\" loading=\"lazy\" width=\"850\" height=\"572\" data-id=\"3288\" src=\"https:\/\/www.victorarandagarcia.es\/wp-content\/uploads\/sesion-fotos-comunion-jardin-6-1.jpg\" alt=\"\" class=\"wp-image-3288\" srcset=\"https:\/\/www.victorarandagarcia.es\/wp-content\/uploads\/sesion-fotos-comunion-jardin-6-1.jpg 850w, https:\/\/www.victorarandagarcia.es\/wp-content\/uploads\/sesion-fotos-comunion-jardin-6-1-300x202.jpg 300w, https:\/\/www.victorarandagarcia.es\/wp-content\/uploads\/sesion-fotos-comunion-jardin-6-1-768x517.jpg 768w\" sizes=\"(max-width: 850px) 100vw, 850px\" \/><\/figure>\n\n\n\n<figure class=\"wp-block-image size-large\"><img data-attachment-id=\"3290\" data-permalink=\"https:\/\/www.victorarandagarcia.es\/index.php\/estudio\/bodas-y-eventos\/sesion-de-fotos-de-comunion\/attachment\/sesion-fotos-comunion-jardin-007-1\/\" data-orig-file=\"https:\/\/www.victorarandagarcia.es\/wp-content\/uploads\/sesion-fotos-comunion-jardin-007-1.jpg\" data-orig-size=\"720,481\" data-comments-opened=\"0\" data-image-meta=\"{&quot;aperture&quot;:&quot;6.3&quot;,&quot;credit&quot;:&quot;Victor Aranda Garcia&quot;,&quot;camera&quot;:&quot;Canon EOS 50D&quot;,&quot;caption&quot;:&quot;&quot;,&quot;created_timestamp&quot;:&quot;1398243591&quot;,&quot;copyright&quot;:&quot;Victor Aranda Garcia&quot;,&quot;focal_length&quot;:&quot;28&quot;,&quot;iso&quot;:&quot;100&quot;,&quot;shutter_speed&quot;:&quot;0.01&quot;,&quot;title&quot;:&quot;&quot;,&quot;orientation&quot;:&quot;1&quot;}\" data-image-title=\"sesion-fotos-comunion-jardin-007-1\" data-image-description=\"&lt;p&gt;Sesi\u00f3n de fotos de Comuni\u00f3n en exteriores&lt;\/p&gt;\n\" data-image-caption=\"\" data-medium-file=\"https:\/\/www.victorarandagarcia.es\/wp-content\/uploads\/sesion-fotos-comunion-jardin-007-1-300x200.jpg\" data-large-file=\"https:\/\/www.victorarandagarcia.es\/wp-content\/uploads\/sesion-fotos-comunion-jardin-007-1.jpg\" decoding=\"async\" loading=\"lazy\" width=\"720\" height=\"481\" data-id=\"3290\" src=\"https:\/\/www.victorarandagarcia.es\/wp-content\/uploads\/sesion-fotos-comunion-jardin-007-1.jpg\" alt=\"\" class=\"wp-image-3290\" srcset=\"https:\/\/www.victorarandagarcia.es\/wp-content\/uploads\/sesion-fotos-comunion-jardin-007-1.jpg 720w, https:\/\/www.victorarandagarcia.es\/wp-content\/uploads\/sesion-fotos-comunion-jardin-007-1-300x200.jpg 300w\" sizes=\"(max-width: 720px) 100vw, 720px\" \/><\/figure>\n\n\n\n<figure class=\"wp-block-image size-large\"><img data-attachment-id=\"3289\" data-permalink=\"https:\/\/www.victorarandagarcia.es\/index.php\/estudio\/bodas-y-eventos\/sesion-de-fotos-de-comunion\/attachment\/sesion-fotos-comunion-jardin-7-1\/\" data-orig-file=\"https:\/\/www.victorarandagarcia.es\/wp-content\/uploads\/sesion-fotos-comunion-jardin-7-1.jpg\" data-orig-size=\"505,750\" data-comments-opened=\"0\" data-image-meta=\"{&quot;aperture&quot;:&quot;0&quot;,&quot;credit&quot;:&quot;&quot;,&quot;camera&quot;:&quot;&quot;,&quot;caption&quot;:&quot;&quot;,&quot;created_timestamp&quot;:&quot;0&quot;,&quot;copyright&quot;:&quot;&quot;,&quot;focal_length&quot;:&quot;0&quot;,&quot;iso&quot;:&quot;0&quot;,&quot;shutter_speed&quot;:&quot;0&quot;,&quot;title&quot;:&quot;&quot;,&quot;orientation&quot;:&quot;0&quot;}\" data-image-title=\"sesion-fotos-comunion-jardin-7-1\" data-image-description=\"&lt;p&gt;Sesi\u00f3n de fotos de Comuni\u00f3n en exteriores&lt;\/p&gt;\n\" data-image-caption=\"\" data-medium-file=\"https:\/\/www.victorarandagarcia.es\/wp-content\/uploads\/sesion-fotos-comunion-jardin-7-1-202x300.jpg\" data-large-file=\"https:\/\/www.victorarandagarcia.es\/wp-content\/uploads\/sesion-fotos-comunion-jardin-7-1.jpg\" decoding=\"async\" loading=\"lazy\" width=\"505\" height=\"750\" data-id=\"3289\" src=\"https:\/\/www.victorarandagarcia.es\/wp-content\/uploads\/sesion-fotos-comunion-jardin-7-1.jpg\" alt=\"\" class=\"wp-image-3289\" srcset=\"https:\/\/www.victorarandagarcia.es\/wp-content\/uploads\/sesion-fotos-comunion-jardin-7-1.jpg 505w, https:\/\/www.victorarandagarcia.es\/wp-content\/uploads\/sesion-fotos-comunion-jardin-7-1-202x300.jpg 202w\" sizes=\"(max-width: 505px) 100vw, 505px\" \/><\/figure>\n\n\n\n<figure class=\"wp-block-image size-large\"><img data-attachment-id=\"3293\" data-permalink=\"https:\/\/www.victorarandagarcia.es\/index.php\/estudio\/bodas-y-eventos\/sesion-de-fotos-de-comunion\/attachment\/sesion-fotos-comunion-jardin-9-1\/\" data-orig-file=\"https:\/\/www.victorarandagarcia.es\/wp-content\/uploads\/sesion-fotos-comunion-jardin-9-1.jpg\" data-orig-size=\"506,750\" data-comments-opened=\"0\" data-image-meta=\"{&quot;aperture&quot;:&quot;0&quot;,&quot;credit&quot;:&quot;&quot;,&quot;camera&quot;:&quot;&quot;,&quot;caption&quot;:&quot;&quot;,&quot;created_timestamp&quot;:&quot;0&quot;,&quot;copyright&quot;:&quot;&quot;,&quot;focal_length&quot;:&quot;0&quot;,&quot;iso&quot;:&quot;0&quot;,&quot;shutter_speed&quot;:&quot;0&quot;,&quot;title&quot;:&quot;&quot;,&quot;orientation&quot;:&quot;0&quot;}\" data-image-title=\"sesion-fotos-comunion-jardin-9-1\" data-image-description=\"&lt;p&gt;Sesi\u00f3n de fotos de Comuni\u00f3n en exteriores&lt;\/p&gt;\n\" data-image-caption=\"\" data-medium-file=\"https:\/\/www.victorarandagarcia.es\/wp-content\/uploads\/sesion-fotos-comunion-jardin-9-1-202x300.jpg\" data-large-file=\"https:\/\/www.victorarandagarcia.es\/wp-content\/uploads\/sesion-fotos-comunion-jardin-9-1.jpg\" decoding=\"async\" loading=\"lazy\" width=\"506\" height=\"750\" data-id=\"3293\" src=\"https:\/\/www.victorarandagarcia.es\/wp-content\/uploads\/sesion-fotos-comunion-jardin-9-1.jpg\" alt=\"\" class=\"wp-image-3293\" srcset=\"https:\/\/www.victorarandagarcia.es\/wp-content\/uploads\/sesion-fotos-comunion-jardin-9-1.jpg 506w, https:\/\/www.victorarandagarcia.es\/wp-content\/uploads\/sesion-fotos-comunion-jardin-9-1-202x300.jpg 202w\" sizes=\"(max-width: 506px) 100vw, 506px\" \/><\/figure>\n\n\n\n<figure class=\"wp-block-image size-large\"><img data-attachment-id=\"3291\" data-permalink=\"https:\/\/www.victorarandagarcia.es\/index.php\/estudio\/bodas-y-eventos\/sesion-de-fotos-de-comunion\/attachment\/sesion-fotos-comunion-jardin-8-1\/\" data-orig-file=\"https:\/\/www.victorarandagarcia.es\/wp-content\/uploads\/sesion-fotos-comunion-jardin-8-1.jpg\" data-orig-size=\"850,572\" data-comments-opened=\"0\" data-image-meta=\"{&quot;aperture&quot;:&quot;0&quot;,&quot;credit&quot;:&quot;&quot;,&quot;camera&quot;:&quot;&quot;,&quot;caption&quot;:&quot;&quot;,&quot;created_timestamp&quot;:&quot;0&quot;,&quot;copyright&quot;:&quot;&quot;,&quot;focal_length&quot;:&quot;0&quot;,&quot;iso&quot;:&quot;0&quot;,&quot;shutter_speed&quot;:&quot;0&quot;,&quot;title&quot;:&quot;&quot;,&quot;orientation&quot;:&quot;0&quot;}\" data-image-title=\"sesion-fotos-comunion-jardin-8-1\" data-image-description=\"&lt;p&gt;Sesi\u00f3n de fotos de Comuni\u00f3n en exteriores&lt;\/p&gt;\n\" data-image-caption=\"\" data-medium-file=\"https:\/\/www.victorarandagarcia.es\/wp-content\/uploads\/sesion-fotos-comunion-jardin-8-1-300x202.jpg\" data-large-file=\"https:\/\/www.victorarandagarcia.es\/wp-content\/uploads\/sesion-fotos-comunion-jardin-8-1.jpg\" decoding=\"async\" loading=\"lazy\" width=\"850\" height=\"572\" data-id=\"3291\" src=\"https:\/\/www.victorarandagarcia.es\/wp-content\/uploads\/sesion-fotos-comunion-jardin-8-1.jpg\" alt=\"\" class=\"wp-image-3291\" srcset=\"https:\/\/www.victorarandagarcia.es\/wp-content\/uploads\/sesion-fotos-comunion-jardin-8-1.jpg 850w, https:\/\/www.victorarandagarcia.es\/wp-content\/uploads\/sesion-fotos-comunion-jardin-8-1-300x202.jpg 300w, https:\/\/www.victorarandagarcia.es\/wp-content\/uploads\/sesion-fotos-comunion-jardin-8-1-768x517.jpg 768w\" sizes=\"(max-width: 850px) 100vw, 850px\" \/><\/figure>\n\n\n\n<figure class=\"wp-block-image size-large\"><img data-attachment-id=\"3295\" data-permalink=\"https:\/\/www.victorarandagarcia.es\/index.php\/estudio\/bodas-y-eventos\/sesion-de-fotos-de-comunion\/attachment\/sesion-fotos-comunion-jardin-10-1\/\" data-orig-file=\"https:\/\/www.victorarandagarcia.es\/wp-content\/uploads\/sesion-fotos-comunion-jardin-10-1.jpg\" data-orig-size=\"850,572\" data-comments-opened=\"0\" data-image-meta=\"{&quot;aperture&quot;:&quot;0&quot;,&quot;credit&quot;:&quot;&quot;,&quot;camera&quot;:&quot;&quot;,&quot;caption&quot;:&quot;&quot;,&quot;created_timestamp&quot;:&quot;0&quot;,&quot;copyright&quot;:&quot;&quot;,&quot;focal_length&quot;:&quot;0&quot;,&quot;iso&quot;:&quot;0&quot;,&quot;shutter_speed&quot;:&quot;0&quot;,&quot;title&quot;:&quot;&quot;,&quot;orientation&quot;:&quot;0&quot;}\" data-image-title=\"sesion-fotos-comunion-jardin-10-1\" data-image-description=\"&lt;p&gt;Sesi\u00f3n de fotos de Comuni\u00f3n en exteriores&lt;\/p&gt;\n\" data-image-caption=\"\" data-medium-file=\"https:\/\/www.victorarandagarcia.es\/wp-content\/uploads\/sesion-fotos-comunion-jardin-10-1-300x202.jpg\" data-large-file=\"https:\/\/www.victorarandagarcia.es\/wp-content\/uploads\/sesion-fotos-comunion-jardin-10-1.jpg\" decoding=\"async\" loading=\"lazy\" width=\"850\" height=\"572\" data-id=\"3295\" src=\"https:\/\/www.victorarandagarcia.es\/wp-content\/uploads\/sesion-fotos-comunion-jardin-10-1.jpg\" alt=\"\" class=\"wp-image-3295\" srcset=\"https:\/\/www.victorarandagarcia.es\/wp-content\/uploads\/sesion-fotos-comunion-jardin-10-1.jpg 850w, https:\/\/www.victorarandagarcia.es\/wp-content\/uploads\/sesion-fotos-comunion-jardin-10-1-300x202.jpg 300w, https:\/\/www.victorarandagarcia.es\/wp-content\/uploads\/sesion-fotos-comunion-jardin-10-1-768x517.jpg 768w\" sizes=\"(max-width: 850px) 100vw, 850px\" \/><\/figure>\n\n\n\n<figure class=\"wp-block-image size-large\"><img data-attachment-id=\"3297\" data-permalink=\"https:\/\/www.victorarandagarcia.es\/index.php\/estudio\/bodas-y-eventos\/sesion-de-fotos-de-comunion\/attachment\/sesion-fotos-comunion-jardin-14-1\/\" data-orig-file=\"https:\/\/www.victorarandagarcia.es\/wp-content\/uploads\/sesion-fotos-comunion-jardin-14-1.jpg\" data-orig-size=\"570,850\" data-comments-opened=\"0\" data-image-meta=\"{&quot;aperture&quot;:&quot;0&quot;,&quot;credit&quot;:&quot;Victor Aranda Garcia&quot;,&quot;camera&quot;:&quot;&quot;,&quot;caption&quot;:&quot;&quot;,&quot;created_timestamp&quot;:&quot;0&quot;,&quot;copyright&quot;:&quot;&quot;,&quot;focal_length&quot;:&quot;0&quot;,&quot;iso&quot;:&quot;0&quot;,&quot;shutter_speed&quot;:&quot;0&quot;,&quot;title&quot;:&quot;&quot;,&quot;orientation&quot;:&quot;0&quot;}\" data-image-title=\"sesion-fotos-comunion-jardin-14-1\" data-image-description=\"&lt;p&gt;Sesi\u00f3n de fotos de Comuni\u00f3n en exteriores&lt;\/p&gt;\n\" data-image-caption=\"\" data-medium-file=\"https:\/\/www.victorarandagarcia.es\/wp-content\/uploads\/sesion-fotos-comunion-jardin-14-1-201x300.jpg\" data-large-file=\"https:\/\/www.victorarandagarcia.es\/wp-content\/uploads\/sesion-fotos-comunion-jardin-14-1.jpg\" decoding=\"async\" loading=\"lazy\" width=\"570\" height=\"850\" data-id=\"3297\" src=\"https:\/\/www.victorarandagarcia.es\/wp-content\/uploads\/sesion-fotos-comunion-jardin-14-1.jpg\" alt=\"\" class=\"wp-image-3297\" srcset=\"https:\/\/www.victorarandagarcia.es\/wp-content\/uploads\/sesion-fotos-comunion-jardin-14-1.jpg 570w, https:\/\/www.victorarandagarcia.es\/wp-content\/uploads\/sesion-fotos-comunion-jardin-14-1-201x300.jpg 201w\" sizes=\"(max-width: 570px) 100vw, 570px\" \/><\/figure>\n\n\n\n<figure class=\"wp-block-image size-large\"><img data-attachment-id=\"3294\" data-permalink=\"https:\/\/www.victorarandagarcia.es\/index.php\/estudio\/bodas-y-eventos\/sesion-de-fotos-de-comunion\/attachment\/sesion-fotos-comunion-jardin-11-1\/\" data-orig-file=\"https:\/\/www.victorarandagarcia.es\/wp-content\/uploads\/sesion-fotos-comunion-jardin-11-1.jpg\" data-orig-size=\"522,750\" data-comments-opened=\"0\" data-image-meta=\"{&quot;aperture&quot;:&quot;0&quot;,&quot;credit&quot;:&quot;&quot;,&quot;camera&quot;:&quot;&quot;,&quot;caption&quot;:&quot;&quot;,&quot;created_timestamp&quot;:&quot;0&quot;,&quot;copyright&quot;:&quot;&quot;,&quot;focal_length&quot;:&quot;0&quot;,&quot;iso&quot;:&quot;0&quot;,&quot;shutter_speed&quot;:&quot;0&quot;,&quot;title&quot;:&quot;&quot;,&quot;orientation&quot;:&quot;0&quot;}\" data-image-title=\"sesion-fotos-comunion-jardin-11-1\" data-image-description=\"&lt;p&gt;Sesi\u00f3n de fotos de Comuni\u00f3n en exteriores&lt;\/p&gt;\n\" data-image-caption=\"\" data-medium-file=\"https:\/\/www.victorarandagarcia.es\/wp-content\/uploads\/sesion-fotos-comunion-jardin-11-1-209x300.jpg\" data-large-file=\"https:\/\/www.victorarandagarcia.es\/wp-content\/uploads\/sesion-fotos-comunion-jardin-11-1.jpg\" decoding=\"async\" loading=\"lazy\" width=\"522\" height=\"750\" data-id=\"3294\" src=\"https:\/\/www.victorarandagarcia.es\/wp-content\/uploads\/sesion-fotos-comunion-jardin-11-1.jpg\" alt=\"\" class=\"wp-image-3294\" srcset=\"https:\/\/www.victorarandagarcia.es\/wp-content\/uploads\/sesion-fotos-comunion-jardin-11-1.jpg 522w, https:\/\/www.victorarandagarcia.es\/wp-content\/uploads\/sesion-fotos-comunion-jardin-11-1-209x300.jpg 209w\" sizes=\"(max-width: 522px) 100vw, 522px\" \/><\/figure>\n\n\n\n<figure class=\"wp-block-image size-large\"><img data-attachment-id=\"3292\" data-permalink=\"https:\/\/www.victorarandagarcia.es\/index.php\/estudio\/bodas-y-eventos\/sesion-de-fotos-de-comunion\/attachment\/sesion-fotos-comunion-jardin-009-1\/\" data-orig-file=\"https:\/\/www.victorarandagarcia.es\/wp-content\/uploads\/sesion-fotos-comunion-jardin-009-1.jpg\" data-orig-size=\"720,481\" data-comments-opened=\"0\" data-image-meta=\"{&quot;aperture&quot;:&quot;1.8&quot;,&quot;credit&quot;:&quot;Victor Aranda Garcia&quot;,&quot;camera&quot;:&quot;Canon EOS 50D&quot;,&quot;caption&quot;:&quot;&quot;,&quot;created_timestamp&quot;:&quot;1398245841&quot;,&quot;copyright&quot;:&quot;Victor Aranda Garcia&quot;,&quot;focal_length&quot;:&quot;50&quot;,&quot;iso&quot;:&quot;100&quot;,&quot;shutter_speed&quot;:&quot;0.002&quot;,&quot;title&quot;:&quot;&quot;,&quot;orientation&quot;:&quot;1&quot;}\" data-image-title=\"sesion-fotos-comunion-jardin-009-1\" data-image-description=\"&lt;p&gt;Sesi\u00f3n de fotos de Comuni\u00f3n en exteriores&lt;\/p&gt;\n\" data-image-caption=\"\" data-medium-file=\"https:\/\/www.victorarandagarcia.es\/wp-content\/uploads\/sesion-fotos-comunion-jardin-009-1-300x200.jpg\" data-large-file=\"https:\/\/www.victorarandagarcia.es\/wp-content\/uploads\/sesion-fotos-comunion-jardin-009-1.jpg\" decoding=\"async\" loading=\"lazy\" width=\"720\" height=\"481\" data-id=\"3292\" src=\"https:\/\/www.victorarandagarcia.es\/wp-content\/uploads\/sesion-fotos-comunion-jardin-009-1.jpg\" alt=\"\" class=\"wp-image-3292\" srcset=\"https:\/\/www.victorarandagarcia.es\/wp-content\/uploads\/sesion-fotos-comunion-jardin-009-1.jpg 720w, https:\/\/www.victorarandagarcia.es\/wp-content\/uploads\/sesion-fotos-comunion-jardin-009-1-300x200.jpg 300w\" sizes=\"(max-width: 720px) 100vw, 720px\" \/><\/figure>\n\n\n\n<figure class=\"wp-block-image size-large\"><img data-attachment-id=\"3296\" data-permalink=\"https:\/\/www.victorarandagarcia.es\/index.php\/estudio\/bodas-y-eventos\/sesion-de-fotos-de-comunion\/attachment\/sesion-fotos-comunion-jardin-12-1\/\" data-orig-file=\"https:\/\/www.victorarandagarcia.es\/wp-content\/uploads\/sesion-fotos-comunion-jardin-12-1.jpg\" data-orig-size=\"850,572\" data-comments-opened=\"0\" data-image-meta=\"{&quot;aperture&quot;:&quot;0&quot;,&quot;credit&quot;:&quot;&quot;,&quot;camera&quot;:&quot;&quot;,&quot;caption&quot;:&quot;&quot;,&quot;created_timestamp&quot;:&quot;0&quot;,&quot;copyright&quot;:&quot;&quot;,&quot;focal_length&quot;:&quot;0&quot;,&quot;iso&quot;:&quot;0&quot;,&quot;shutter_speed&quot;:&quot;0&quot;,&quot;title&quot;:&quot;&quot;,&quot;orientation&quot;:&quot;0&quot;}\" data-image-title=\"sesion-fotos-comunion-jardin-12-1\" data-image-description=\"&lt;p&gt;Sesi\u00f3n de fotos de Comuni\u00f3n en exteriores&lt;\/p&gt;\n\" data-image-caption=\"\" data-medium-file=\"https:\/\/www.victorarandagarcia.es\/wp-content\/uploads\/sesion-fotos-comunion-jardin-12-1-300x202.jpg\" data-large-file=\"https:\/\/www.victorarandagarcia.es\/wp-content\/uploads\/sesion-fotos-comunion-jardin-12-1.jpg\" decoding=\"async\" loading=\"lazy\" width=\"850\" height=\"572\" data-id=\"3296\" src=\"https:\/\/www.victorarandagarcia.es\/wp-content\/uploads\/sesion-fotos-comunion-jardin-12-1.jpg\" alt=\"\" class=\"wp-image-3296\" srcset=\"https:\/\/www.victorarandagarcia.es\/wp-content\/uploads\/sesion-fotos-comunion-jardin-12-1.jpg 850w, https:\/\/www.victorarandagarcia.es\/wp-content\/uploads\/sesion-fotos-comunion-jardin-12-1-300x202.jpg 300w, https:\/\/www.victorarandagarcia.es\/wp-content\/uploads\/sesion-fotos-comunion-jardin-12-1-768x517.jpg 768w\" sizes=\"(max-width: 850px) 100vw, 850px\" \/><\/figure>\n\n\n\n<figure class=\"wp-block-image size-large\"><img data-attachment-id=\"3299\" data-permalink=\"https:\/\/www.victorarandagarcia.es\/index.php\/estudio\/bodas-y-eventos\/sesion-de-fotos-de-comunion\/attachment\/sesion-fotos-comunion-jardin-16-1\/\" data-orig-file=\"https:\/\/www.victorarandagarcia.es\/wp-content\/uploads\/sesion-fotos-comunion-jardin-16-1.jpg\" data-orig-size=\"506,750\" data-comments-opened=\"0\" data-image-meta=\"{&quot;aperture&quot;:&quot;0&quot;,&quot;credit&quot;:&quot;&quot;,&quot;camera&quot;:&quot;&quot;,&quot;caption&quot;:&quot;&quot;,&quot;created_timestamp&quot;:&quot;0&quot;,&quot;copyright&quot;:&quot;&quot;,&quot;focal_length&quot;:&quot;0&quot;,&quot;iso&quot;:&quot;0&quot;,&quot;shutter_speed&quot;:&quot;0&quot;,&quot;title&quot;:&quot;&quot;,&quot;orientation&quot;:&quot;0&quot;}\" data-image-title=\"sesion-fotos-comunion-jardin-16-1\" data-image-description=\"&lt;p&gt;Sesi\u00f3n de fotos de Comuni\u00f3n en exteriores&lt;\/p&gt;\n\" data-image-caption=\"\" data-medium-file=\"https:\/\/www.victorarandagarcia.es\/wp-content\/uploads\/sesion-fotos-comunion-jardin-16-1-202x300.jpg\" data-large-file=\"https:\/\/www.victorarandagarcia.es\/wp-content\/uploads\/sesion-fotos-comunion-jardin-16-1.jpg\" decoding=\"async\" loading=\"lazy\" width=\"506\" height=\"750\" data-id=\"3299\" src=\"https:\/\/www.victorarandagarcia.es\/wp-content\/uploads\/sesion-fotos-comunion-jardin-16-1.jpg\" alt=\"\" class=\"wp-image-3299\" srcset=\"https:\/\/www.victorarandagarcia.es\/wp-content\/uploads\/sesion-fotos-comunion-jardin-16-1.jpg 506w, https:\/\/www.victorarandagarcia.es\/wp-content\/uploads\/sesion-fotos-comunion-jardin-16-1-202x300.jpg 202w\" sizes=\"(max-width: 506px) 100vw, 506px\" \/><\/figure>\n\n\n\n<figure class=\"wp-block-image size-large\"><img data-attachment-id=\"3298\" data-permalink=\"https:\/\/www.victorarandagarcia.es\/index.php\/estudio\/bodas-y-eventos\/sesion-de-fotos-de-comunion\/attachment\/sesion-fotos-comunion-jardin-15-1\/\" data-orig-file=\"https:\/\/www.victorarandagarcia.es\/wp-content\/uploads\/sesion-fotos-comunion-jardin-15-1.jpg\" data-orig-size=\"850,572\" data-comments-opened=\"0\" data-image-meta=\"{&quot;aperture&quot;:&quot;0&quot;,&quot;credit&quot;:&quot;&quot;,&quot;camera&quot;:&quot;&quot;,&quot;caption&quot;:&quot;&quot;,&quot;created_timestamp&quot;:&quot;0&quot;,&quot;copyright&quot;:&quot;&quot;,&quot;focal_length&quot;:&quot;0&quot;,&quot;iso&quot;:&quot;0&quot;,&quot;shutter_speed&quot;:&quot;0&quot;,&quot;title&quot;:&quot;&quot;,&quot;orientation&quot;:&quot;0&quot;}\" data-image-title=\"sesion-fotos-comunion-jardin-15-1\" data-image-description=\"&lt;p&gt;Sesi\u00f3n de fotos de Comuni\u00f3n en exteriores&lt;\/p&gt;\n\" data-image-caption=\"\" data-medium-file=\"https:\/\/www.victorarandagarcia.es\/wp-content\/uploads\/sesion-fotos-comunion-jardin-15-1-300x202.jpg\" data-large-file=\"https:\/\/www.victorarandagarcia.es\/wp-content\/uploads\/sesion-fotos-comunion-jardin-15-1.jpg\" decoding=\"async\" loading=\"lazy\" width=\"850\" height=\"572\" data-id=\"3298\" src=\"https:\/\/www.victorarandagarcia.es\/wp-content\/uploads\/sesion-fotos-comunion-jardin-15-1.jpg\" alt=\"\" class=\"wp-image-3298\" srcset=\"https:\/\/www.victorarandagarcia.es\/wp-content\/uploads\/sesion-fotos-comunion-jardin-15-1.jpg 850w, https:\/\/www.victorarandagarcia.es\/wp-content\/uploads\/sesion-fotos-comunion-jardin-15-1-300x202.jpg 300w, https:\/\/www.victorarandagarcia.es\/wp-content\/uploads\/sesion-fotos-comunion-jardin-15-1-768x517.jpg 768w\" sizes=\"(max-width: 850px) 100vw, 850px\" \/><\/figure>\n\n\n\n<figure class=\"wp-block-image size-large\"><img data-attachment-id=\"3300\" data-permalink=\"https:\/\/www.victorarandagarcia.es\/index.php\/estudio\/bodas-y-eventos\/sesion-de-fotos-de-comunion\/attachment\/sesion-fotos-comunion-jardin-18-1\/\" data-orig-file=\"https:\/\/www.victorarandagarcia.es\/wp-content\/uploads\/sesion-fotos-comunion-jardin-18-1.jpg\" data-orig-size=\"850,572\" data-comments-opened=\"0\" data-image-meta=\"{&quot;aperture&quot;:&quot;0&quot;,&quot;credit&quot;:&quot;&quot;,&quot;camera&quot;:&quot;&quot;,&quot;caption&quot;:&quot;&quot;,&quot;created_timestamp&quot;:&quot;0&quot;,&quot;copyright&quot;:&quot;&quot;,&quot;focal_length&quot;:&quot;0&quot;,&quot;iso&quot;:&quot;0&quot;,&quot;shutter_speed&quot;:&quot;0&quot;,&quot;title&quot;:&quot;&quot;,&quot;orientation&quot;:&quot;0&quot;}\" data-image-title=\"sesion-fotos-comunion-jardin-18-1\" data-image-description=\"&lt;p&gt;Sesi\u00f3n de fotos de Comuni\u00f3n en exteriores&lt;\/p&gt;\n\" data-image-caption=\"\" data-medium-file=\"https:\/\/www.victorarandagarcia.es\/wp-content\/uploads\/sesion-fotos-comunion-jardin-18-1-300x202.jpg\" data-large-file=\"https:\/\/www.victorarandagarcia.es\/wp-content\/uploads\/sesion-fotos-comunion-jardin-18-1.jpg\" decoding=\"async\" loading=\"lazy\" width=\"850\" height=\"572\" data-id=\"3300\" src=\"https:\/\/www.victorarandagarcia.es\/wp-content\/uploads\/sesion-fotos-comunion-jardin-18-1.jpg\" alt=\"\" class=\"wp-image-3300\" srcset=\"https:\/\/www.victorarandagarcia.es\/wp-content\/uploads\/sesion-fotos-comunion-jardin-18-1.jpg 850w, https:\/\/www.victorarandagarcia.es\/wp-content\/uploads\/sesion-fotos-comunion-jardin-18-1-300x202.jpg 300w, https:\/\/www.victorarandagarcia.es\/wp-content\/uploads\/sesion-fotos-comunion-jardin-18-1-768x517.jpg 768w\" sizes=\"(max-width: 850px) 100vw, 850px\" \/><\/figure>\n\n\n\n<figure class=\"wp-block-image size-large\"><img data-attachment-id=\"3301\" data-permalink=\"https:\/\/www.victorarandagarcia.es\/index.php\/estudio\/bodas-y-eventos\/sesion-de-fotos-de-comunion\/attachment\/sesion-fotos-comunion-jardin-19-1\/\" data-orig-file=\"https:\/\/www.victorarandagarcia.es\/wp-content\/uploads\/sesion-fotos-comunion-jardin-19-1.jpg\" data-orig-size=\"850,612\" data-comments-opened=\"0\" data-image-meta=\"{&quot;aperture&quot;:&quot;0&quot;,&quot;credit&quot;:&quot;Victor Aranda Garcia&quot;,&quot;camera&quot;:&quot;&quot;,&quot;caption&quot;:&quot;&quot;,&quot;created_timestamp&quot;:&quot;0&quot;,&quot;copyright&quot;:&quot;&quot;,&quot;focal_length&quot;:&quot;0&quot;,&quot;iso&quot;:&quot;0&quot;,&quot;shutter_speed&quot;:&quot;0&quot;,&quot;title&quot;:&quot;&quot;,&quot;orientation&quot;:&quot;0&quot;}\" data-image-title=\"sesion-fotos-comunion-jardin-19-1\" data-image-description=\"&lt;p&gt;Sesi\u00f3n de fotos de Comuni\u00f3n en exteriores&lt;\/p&gt;\n\" data-image-caption=\"\" data-medium-file=\"https:\/\/www.victorarandagarcia.es\/wp-content\/uploads\/sesion-fotos-comunion-jardin-19-1-300x216.jpg\" data-large-file=\"https:\/\/www.victorarandagarcia.es\/wp-content\/uploads\/sesion-fotos-comunion-jardin-19-1.jpg\" decoding=\"async\" loading=\"lazy\" width=\"850\" height=\"612\" data-id=\"3301\" src=\"https:\/\/www.victorarandagarcia.es\/wp-content\/uploads\/sesion-fotos-comunion-jardin-19-1.jpg\" alt=\"\" class=\"wp-image-3301\" srcset=\"https:\/\/www.victorarandagarcia.es\/wp-content\/uploads\/sesion-fotos-comunion-jardin-19-1.jpg 850w, https:\/\/www.victorarandagarcia.es\/wp-content\/uploads\/sesion-fotos-comunion-jardin-19-1-300x216.jpg 300w, https:\/\/www.victorarandagarcia.es\/wp-content\/uploads\/sesion-fotos-comunion-jardin-19-1-768x553.jpg 768w\" sizes=\"(max-width: 850px) 100vw, 850px\" \/><\/figure>\n\n\n\n<figure class=\"wp-block-image size-large\"><img data-attachment-id=\"3303\" data-permalink=\"https:\/\/www.victorarandagarcia.es\/index.php\/estudio\/bodas-y-eventos\/sesion-de-fotos-de-comunion\/attachment\/sesion-comunion-albufera-02\/\" data-orig-file=\"https:\/\/www.victorarandagarcia.es\/wp-content\/uploads\/sesion-comunion-albufera-02.jpg\" data-orig-size=\"720,498\" data-comments-opened=\"0\" data-image-meta=\"{&quot;aperture&quot;:&quot;5&quot;,&quot;credit&quot;:&quot;&quot;,&quot;camera&quot;:&quot;Canon EOS 50D&quot;,&quot;caption&quot;:&quot;&quot;,&quot;created_timestamp&quot;:&quot;1279379842&quot;,&quot;copyright&quot;:&quot;&quot;,&quot;focal_length&quot;:&quot;40&quot;,&quot;iso&quot;:&quot;200&quot;,&quot;shutter_speed&quot;:&quot;0.01&quot;,&quot;title&quot;:&quot;&quot;,&quot;orientation&quot;:&quot;1&quot;}\" data-image-title=\"sesion-comunion-albufera-02\" data-image-description=\"&lt;p&gt;Sesi\u00f3n de fotos de Comuni\u00f3n en La Albufera&lt;\/p&gt;\n\" data-image-caption=\"\" data-medium-file=\"https:\/\/www.victorarandagarcia.es\/wp-content\/uploads\/sesion-comunion-albufera-02-300x208.jpg\" data-large-file=\"https:\/\/www.victorarandagarcia.es\/wp-content\/uploads\/sesion-comunion-albufera-02.jpg\" decoding=\"async\" loading=\"lazy\" width=\"720\" height=\"498\" data-id=\"3303\" src=\"https:\/\/www.victorarandagarcia.es\/wp-content\/uploads\/sesion-comunion-albufera-02.jpg\" alt=\"\" class=\"wp-image-3303\" srcset=\"https:\/\/www.victorarandagarcia.es\/wp-content\/uploads\/sesion-comunion-albufera-02.jpg 720w, https:\/\/www.victorarandagarcia.es\/wp-content\/uploads\/sesion-comunion-albufera-02-300x208.jpg 300w\" sizes=\"(max-width: 720px) 100vw, 720px\" \/><\/figure>\n\n\n\n<figure class=\"wp-block-image size-full\"><img data-attachment-id=\"3307\" data-permalink=\"https:\/\/www.victorarandagarcia.es\/sesion-comunion-albufera-01\/\" data-orig-file=\"https:\/\/www.victorarandagarcia.es\/wp-content\/uploads\/sesion-comunion-albufera-01.jpg\" data-orig-size=\"720,498\" data-comments-opened=\"0\" data-image-meta=\"{&quot;aperture&quot;:&quot;5&quot;,&quot;credit&quot;:&quot;&quot;,&quot;camera&quot;:&quot;Canon EOS 50D&quot;,&quot;caption&quot;:&quot;&quot;,&quot;created_timestamp&quot;:&quot;1279379842&quot;,&quot;copyright&quot;:&quot;&quot;,&quot;focal_length&quot;:&quot;40&quot;,&quot;iso&quot;:&quot;200&quot;,&quot;shutter_speed&quot;:&quot;0.01&quot;,&quot;title&quot;:&quot;&quot;,&quot;orientation&quot;:&quot;1&quot;}\" data-image-title=\"sesion-comunion-albufera-01\" data-image-description=\"&lt;p&gt;Sesi\u00f3n de fotos de Comuni\u00f3n en La Albufera&lt;\/p&gt;\n\" data-image-caption=\"\" data-medium-file=\"https:\/\/www.victorarandagarcia.es\/wp-content\/uploads\/sesion-comunion-albufera-01-300x208.jpg\" data-large-file=\"https:\/\/www.victorarandagarcia.es\/wp-content\/uploads\/sesion-comunion-albufera-01.jpg\" decoding=\"async\" loading=\"lazy\" width=\"720\" height=\"498\" data-id=\"3307\" src=\"https:\/\/www.victorarandagarcia.es\/wp-content\/uploads\/sesion-comunion-albufera-01.jpg\" alt=\"\" class=\"wp-image-3307\" srcset=\"https:\/\/www.victorarandagarcia.es\/wp-content\/uploads\/sesion-comunion-albufera-01.jpg 720w, https:\/\/www.victorarandagarcia.es\/wp-content\/uploads\/sesion-comunion-albufera-01-300x208.jpg 300w\" sizes=\"(max-width: 720px) 100vw, 720px\" \/><\/figure>\n<\/figure>\n\n\n\n<p><\/p>\n\n\n\n<p>Entradas relacionadas:<br><strong><a href=\"https:\/\/www.victorarandagarcia.es\/index.php\/estudio\/bodas-y-eventos\/album-y-recordatorio-de-primera-comunion\/\">\u00c1LBUM Y RECORDATORIO DE COMUNI\u00d3N<\/a><\/strong>   \/   <strong><a href=\"https:\/\/www.victorarandagarcia.es\/index.php\/estudio\/bodas-y-eventos\/reportaje-primera-comunion\/\">REPORTAJE DE COMUNI\u00d3N<\/a><\/strong><\/p>\n","protected":false},"excerpt":{"rendered":"<p>Ya sea en casa, en un jard\u00edn o en estudio, una sesi\u00f3n de fotos de comuni\u00f3n permite hacer retratos con algo m\u00e1s de tiempo y preparaci\u00f3n que el ajetreado d\u00eda en que se celebra el evento. &hellip; <a href=\"https:\/\/www.victorarandagarcia.es\/index.php\/estudio\/bodas-y-eventos\/sesion-de-fotos-de-comunion\/\" class=\"more-link\"><span>Continuar<span class=\"screen-reader-text\">Sesi\u00f3n de fotos de Comuni\u00f3n<\/span><\/span><\/a><\/p>\n","protected":false},"author":1,"featured_media":3309,"comment_status":"closed","ping_status":"open","sticky":false,"template":"","format":"standard","meta":{"jetpack_post_was_ever_published":false,"_jetpack_newsletter_access":"","_jetpack_dont_email_post_to_subs":false,"_jetpack_newsletter_tier_id":0,"_jetpack_memberships_contains_paywalled_content":false,"footnotes":"","_jetpack_memberships_contains_paid_content":false},"categories":[61,19],"tags":[64,27],"yoast_head":"<!-- This site is optimized with the Yoast SEO plugin v22.6 - https:\/\/yoast.com\/wordpress\/plugins\/seo\/ -->\n<title>Sesi\u00f3n de fotos de Comuni\u00f3n - arte y estudio<\/title>\n<meta name=\"description\" content=\"Ya sea en casa, en un jard\u00edn o en estudio, una sesi\u00f3n de fotos de comuni\u00f3n permite hacer retratos con algo m\u00e1s de tiempo y preparaci\u00f3n que el ajetreado d\u00eda en que se celebra el evento.\" \/>\n<meta name=\"robots\" content=\"index, follow, max-snippet:-1, max-image-preview:large, max-video-preview:-1\" \/>\n<link rel=\"canonical\" href=\"https:\/\/www.victorarandagarcia.es\/index.php\/estudio\/bodas-y-eventos\/sesion-de-fotos-de-comunion\/\" \/>\n<meta property=\"og:locale\" content=\"es_ES\" \/>\n<meta property=\"og:type\" content=\"article\" \/>\n<meta property=\"og:title\" content=\"Sesi\u00f3n de fotos de Comuni\u00f3n - arte y estudio\" \/>\n<meta property=\"og:description\" content=\"Ya sea en casa, en un jard\u00edn o en estudio, una sesi\u00f3n de fotos de comuni\u00f3n permite hacer retratos con algo m\u00e1s de tiempo y preparaci\u00f3n que el ajetreado d\u00eda en que se celebra el evento.\" \/>\n<meta property=\"og:url\" content=\"https:\/\/www.victorarandagarcia.es\/index.php\/estudio\/bodas-y-eventos\/sesion-de-fotos-de-comunion\/\" \/>\n<meta property=\"og:site_name\" content=\"arte y estudio\" \/>\n<meta property=\"article:published_time\" content=\"2022-03-24T22:49:25+00:00\" \/>\n<meta property=\"article:modified_time\" content=\"2022-03-25T08:29:42+00:00\" \/>\n<meta property=\"og:image\" content=\"https:\/\/www.victorarandagarcia.es\/wp-content\/uploads\/sesion-comunion-indice-1.jpg\" \/>\n\t<meta property=\"og:image:width\" content=\"487\" \/>\n\t<meta property=\"og:image:height\" content=\"488\" \/>\n\t<meta property=\"og:image:type\" content=\"image\/jpeg\" \/>\n<meta name=\"author\" content=\"victorarandagarcia\" \/>\n<meta name=\"twitter:card\" content=\"summary_large_image\" \/>\n<meta name=\"twitter:label1\" content=\"Escrito por\" \/>\n\t<meta name=\"twitter:data1\" content=\"victorarandagarcia\" \/>\n\t<meta name=\"twitter:label2\" content=\"Tiempo de lectura\" \/>\n\t<meta name=\"twitter:data2\" content=\"13 minutos\" \/>\n<script type=\"application\/ld+json\" class=\"yoast-schema-graph\">{\"@context\":\"https:\/\/schema.org\",\"@graph\":[{\"@type\":\"Article\",\"@id\":\"https:\/\/www.victorarandagarcia.es\/index.php\/estudio\/bodas-y-eventos\/sesion-de-fotos-de-comunion\/#article\",\"isPartOf\":{\"@id\":\"https:\/\/www.victorarandagarcia.es\/index.php\/estudio\/bodas-y-eventos\/sesion-de-fotos-de-comunion\/\"},\"author\":{\"name\":\"victorarandagarcia\",\"@id\":\"https:\/\/www.victorarandagarcia.es\/#\/schema\/person\/bfa9c61a3776d517deeee5f9386ef302\"},\"headline\":\"Sesi\u00f3n de fotos de Comuni\u00f3n\",\"datePublished\":\"2022-03-24T22:49:25+00:00\",\"dateModified\":\"2022-03-25T08:29:42+00:00\",\"mainEntityOfPage\":{\"@id\":\"https:\/\/www.victorarandagarcia.es\/index.php\/estudio\/bodas-y-eventos\/sesion-de-fotos-de-comunion\/\"},\"wordCount\":166,\"publisher\":{\"@id\":\"https:\/\/www.victorarandagarcia.es\/#organization\"},\"image\":{\"@id\":\"https:\/\/www.victorarandagarcia.es\/index.php\/estudio\/bodas-y-eventos\/sesion-de-fotos-de-comunion\/#primaryimage\"},\"thumbnailUrl\":\"https:\/\/www.victorarandagarcia.es\/wp-content\/uploads\/sesion-comunion-indice-1.jpg\",\"keywords\":[\"Primera Comuni\u00f3n\",\"retrato\"],\"articleSection\":[\"BODAS Y EVENTOS\",\"estudio\"],\"inLanguage\":\"es\"},{\"@type\":\"WebPage\",\"@id\":\"https:\/\/www.victorarandagarcia.es\/index.php\/estudio\/bodas-y-eventos\/sesion-de-fotos-de-comunion\/\",\"url\":\"https:\/\/www.victorarandagarcia.es\/index.php\/estudio\/bodas-y-eventos\/sesion-de-fotos-de-comunion\/\",\"name\":\"Sesi\u00f3n de fotos de Comuni\u00f3n - arte y estudio\",\"isPartOf\":{\"@id\":\"https:\/\/www.victorarandagarcia.es\/#website\"},\"primaryImageOfPage\":{\"@id\":\"https:\/\/www.victorarandagarcia.es\/index.php\/estudio\/bodas-y-eventos\/sesion-de-fotos-de-comunion\/#primaryimage\"},\"image\":{\"@id\":\"https:\/\/www.victorarandagarcia.es\/index.php\/estudio\/bodas-y-eventos\/sesion-de-fotos-de-comunion\/#primaryimage\"},\"thumbnailUrl\":\"https:\/\/www.victorarandagarcia.es\/wp-content\/uploads\/sesion-comunion-indice-1.jpg\",\"datePublished\":\"2022-03-24T22:49:25+00:00\",\"dateModified\":\"2022-03-25T08:29:42+00:00\",\"description\":\"Ya sea en casa, en un jard\u00edn o en estudio, una sesi\u00f3n de fotos de comuni\u00f3n permite hacer retratos con algo m\u00e1s de tiempo y preparaci\u00f3n que el ajetreado d\u00eda en que se celebra el evento.\",\"breadcrumb\":{\"@id\":\"https:\/\/www.victorarandagarcia.es\/index.php\/estudio\/bodas-y-eventos\/sesion-de-fotos-de-comunion\/#breadcrumb\"},\"inLanguage\":\"es\",\"potentialAction\":[{\"@type\":\"ReadAction\",\"target\":[\"https:\/\/www.victorarandagarcia.es\/index.php\/estudio\/bodas-y-eventos\/sesion-de-fotos-de-comunion\/\"]}]},{\"@type\":\"ImageObject\",\"inLanguage\":\"es\",\"@id\":\"https:\/\/www.victorarandagarcia.es\/index.php\/estudio\/bodas-y-eventos\/sesion-de-fotos-de-comunion\/#primaryimage\",\"url\":\"https:\/\/www.victorarandagarcia.es\/wp-content\/uploads\/sesion-comunion-indice-1.jpg\",\"contentUrl\":\"https:\/\/www.victorarandagarcia.es\/wp-content\/uploads\/sesion-comunion-indice-1.jpg\",\"width\":487,\"height\":488},{\"@type\":\"BreadcrumbList\",\"@id\":\"https:\/\/www.victorarandagarcia.es\/index.php\/estudio\/bodas-y-eventos\/sesion-de-fotos-de-comunion\/#breadcrumb\",\"itemListElement\":[{\"@type\":\"ListItem\",\"position\":1,\"name\":\"Portada\",\"item\":\"https:\/\/www.victorarandagarcia.es\/\"},{\"@type\":\"ListItem\",\"position\":2,\"name\":\"Sesi\u00f3n de fotos de Comuni\u00f3n\"}]},{\"@type\":\"WebSite\",\"@id\":\"https:\/\/www.victorarandagarcia.es\/#website\",\"url\":\"https:\/\/www.victorarandagarcia.es\/\",\"name\":\"arte y estudio\",\"description\":\"Fot\u00f3grafo\",\"publisher\":{\"@id\":\"https:\/\/www.victorarandagarcia.es\/#organization\"},\"potentialAction\":[{\"@type\":\"SearchAction\",\"target\":{\"@type\":\"EntryPoint\",\"urlTemplate\":\"https:\/\/www.victorarandagarcia.es\/?s={search_term_string}\"},\"query-input\":\"required name=search_term_string\"}],\"inLanguage\":\"es\"},{\"@type\":\"Organization\",\"@id\":\"https:\/\/www.victorarandagarcia.es\/#organization\",\"name\":\"arte y estudio\",\"url\":\"https:\/\/www.victorarandagarcia.es\/\",\"logo\":{\"@type\":\"ImageObject\",\"inLanguage\":\"es\",\"@id\":\"https:\/\/www.victorarandagarcia.es\/#\/schema\/logo\/image\/\",\"url\":\"https:\/\/www.victorarandagarcia.es\/wp-content\/uploads\/2019\/03\/logo-fotografo.png\",\"contentUrl\":\"https:\/\/www.victorarandagarcia.es\/wp-content\/uploads\/2019\/03\/logo-fotografo.png\",\"width\":150,\"height\":150,\"caption\":\"arte y estudio\"},\"image\":{\"@id\":\"https:\/\/www.victorarandagarcia.es\/#\/schema\/logo\/image\/\"}},{\"@type\":\"Person\",\"@id\":\"https:\/\/www.victorarandagarcia.es\/#\/schema\/person\/bfa9c61a3776d517deeee5f9386ef302\",\"name\":\"victorarandagarcia\",\"image\":{\"@type\":\"ImageObject\",\"inLanguage\":\"es\",\"@id\":\"https:\/\/www.victorarandagarcia.es\/#\/schema\/person\/image\/\",\"url\":\"https:\/\/secure.gravatar.com\/avatar\/957a01ac23a6393e755ae8225c35dbdb?s=96&d=mm&r=g\",\"contentUrl\":\"https:\/\/secure.gravatar.com\/avatar\/957a01ac23a6393e755ae8225c35dbdb?s=96&d=mm&r=g\",\"caption\":\"victorarandagarcia\"}}]}<\/script>\n<!-- \/ Yoast SEO plugin. -->","yoast_head_json":{"title":"Sesi\u00f3n de fotos de Comuni\u00f3n - arte y estudio","description":"Ya sea en casa, en un jard\u00edn o en estudio, una sesi\u00f3n de fotos de comuni\u00f3n permite hacer retratos con algo m\u00e1s de tiempo y preparaci\u00f3n que el ajetreado d\u00eda en que se celebra el evento.","robots":{"index":"index","follow":"follow","max-snippet":"max-snippet:-1","max-image-preview":"max-image-preview:large","max-video-preview":"max-video-preview:-1"},"canonical":"https:\/\/www.victorarandagarcia.es\/index.php\/estudio\/bodas-y-eventos\/sesion-de-fotos-de-comunion\/","og_locale":"es_ES","og_type":"article","og_title":"Sesi\u00f3n de fotos de Comuni\u00f3n - arte y estudio","og_description":"Ya sea en casa, en un jard\u00edn o en estudio, una sesi\u00f3n de fotos de comuni\u00f3n permite hacer retratos con algo m\u00e1s de tiempo y preparaci\u00f3n que el ajetreado d\u00eda en que se celebra el evento.","og_url":"https:\/\/www.victorarandagarcia.es\/index.php\/estudio\/bodas-y-eventos\/sesion-de-fotos-de-comunion\/","og_site_name":"arte y estudio","article_published_time":"2022-03-24T22:49:25+00:00","article_modified_time":"2022-03-25T08:29:42+00:00","og_image":[{"width":487,"height":488,"url":"https:\/\/www.victorarandagarcia.es\/wp-content\/uploads\/sesion-comunion-indice-1.jpg","type":"image\/jpeg"}],"author":"victorarandagarcia","twitter_card":"summary_large_image","twitter_misc":{"Escrito por":"victorarandagarcia","Tiempo de lectura":"13 minutos"},"schema":{"@context":"https:\/\/schema.org","@graph":[{"@type":"Article","@id":"https:\/\/www.victorarandagarcia.es\/index.php\/estudio\/bodas-y-eventos\/sesion-de-fotos-de-comunion\/#article","isPartOf":{"@id":"https:\/\/www.victorarandagarcia.es\/index.php\/estudio\/bodas-y-eventos\/sesion-de-fotos-de-comunion\/"},"author":{"name":"victorarandagarcia","@id":"https:\/\/www.victorarandagarcia.es\/#\/schema\/person\/bfa9c61a3776d517deeee5f9386ef302"},"headline":"Sesi\u00f3n de fotos de Comuni\u00f3n","datePublished":"2022-03-24T22:49:25+00:00","dateModified":"2022-03-25T08:29:42+00:00","mainEntityOfPage":{"@id":"https:\/\/www.victorarandagarcia.es\/index.php\/estudio\/bodas-y-eventos\/sesion-de-fotos-de-comunion\/"},"wordCount":166,"publisher":{"@id":"https:\/\/www.victorarandagarcia.es\/#organization"},"image":{"@id":"https:\/\/www.victorarandagarcia.es\/index.php\/estudio\/bodas-y-eventos\/sesion-de-fotos-de-comunion\/#primaryimage"},"thumbnailUrl":"https:\/\/www.victorarandagarcia.es\/wp-content\/uploads\/sesion-comunion-indice-1.jpg","keywords":["Primera Comuni\u00f3n","retrato"],"articleSection":["BODAS Y EVENTOS","estudio"],"inLanguage":"es"},{"@type":"WebPage","@id":"https:\/\/www.victorarandagarcia.es\/index.php\/estudio\/bodas-y-eventos\/sesion-de-fotos-de-comunion\/","url":"https:\/\/www.victorarandagarcia.es\/index.php\/estudio\/bodas-y-eventos\/sesion-de-fotos-de-comunion\/","name":"Sesi\u00f3n de fotos de Comuni\u00f3n - arte y estudio","isPartOf":{"@id":"https:\/\/www.victorarandagarcia.es\/#website"},"primaryImageOfPage":{"@id":"https:\/\/www.victorarandagarcia.es\/index.php\/estudio\/bodas-y-eventos\/sesion-de-fotos-de-comunion\/#primaryimage"},"image":{"@id":"https:\/\/www.victorarandagarcia.es\/index.php\/estudio\/bodas-y-eventos\/sesion-de-fotos-de-comunion\/#primaryimage"},"thumbnailUrl":"https:\/\/www.victorarandagarcia.es\/wp-content\/uploads\/sesion-comunion-indice-1.jpg","datePublished":"2022-03-24T22:49:25+00:00","dateModified":"2022-03-25T08:29:42+00:00","description":"Ya sea en casa, en un jard\u00edn o en estudio, una sesi\u00f3n de fotos de comuni\u00f3n permite hacer retratos con algo m\u00e1s de tiempo y preparaci\u00f3n que el ajetreado d\u00eda en que se celebra el evento.","breadcrumb":{"@id":"https:\/\/www.victorarandagarcia.es\/index.php\/estudio\/bodas-y-eventos\/sesion-de-fotos-de-comunion\/#breadcrumb"},"inLanguage":"es","potentialAction":[{"@type":"ReadAction","target":["https:\/\/www.victorarandagarcia.es\/index.php\/estudio\/bodas-y-eventos\/sesion-de-fotos-de-comunion\/"]}]},{"@type":"ImageObject","inLanguage":"es","@id":"https:\/\/www.victorarandagarcia.es\/index.php\/estudio\/bodas-y-eventos\/sesion-de-fotos-de-comunion\/#primaryimage","url":"https:\/\/www.victorarandagarcia.es\/wp-content\/uploads\/sesion-comunion-indice-1.jpg","contentUrl":"https:\/\/www.victorarandagarcia.es\/wp-content\/uploads\/sesion-comunion-indice-1.jpg","width":487,"height":488},{"@type":"BreadcrumbList","@id":"https:\/\/www.victorarandagarcia.es\/index.php\/estudio\/bodas-y-eventos\/sesion-de-fotos-de-comunion\/#breadcrumb","itemListElement":[{"@type":"ListItem","position":1,"name":"Portada","item":"https:\/\/www.victorarandagarcia.es\/"},{"@type":"ListItem","position":2,"name":"Sesi\u00f3n de fotos de Comuni\u00f3n"}]},{"@type":"WebSite","@id":"https:\/\/www.victorarandagarcia.es\/#website","url":"https:\/\/www.victorarandagarcia.es\/","name":"arte y estudio","description":"Fot\u00f3grafo","publisher":{"@id":"https:\/\/www.victorarandagarcia.es\/#organization"},"potentialAction":[{"@type":"SearchAction","target":{"@type":"EntryPoint","urlTemplate":"https:\/\/www.victorarandagarcia.es\/?s={search_term_string}"},"query-input":"required name=search_term_string"}],"inLanguage":"es"},{"@type":"Organization","@id":"https:\/\/www.victorarandagarcia.es\/#organization","name":"arte y estudio","url":"https:\/\/www.victorarandagarcia.es\/","logo":{"@type":"ImageObject","inLanguage":"es","@id":"https:\/\/www.victorarandagarcia.es\/#\/schema\/logo\/image\/","url":"https:\/\/www.victorarandagarcia.es\/wp-content\/uploads\/2019\/03\/logo-fotografo.png","contentUrl":"https:\/\/www.victorarandagarcia.es\/wp-content\/uploads\/2019\/03\/logo-fotografo.png","width":150,"height":150,"caption":"arte y estudio"},"image":{"@id":"https:\/\/www.victorarandagarcia.es\/#\/schema\/logo\/image\/"}},{"@type":"Person","@id":"https:\/\/www.victorarandagarcia.es\/#\/schema\/person\/bfa9c61a3776d517deeee5f9386ef302","name":"victorarandagarcia","image":{"@type":"ImageObject","inLanguage":"es","@id":"https:\/\/www.victorarandagarcia.es\/#\/schema\/person\/image\/","url":"https:\/\/secure.gravatar.com\/avatar\/957a01ac23a6393e755ae8225c35dbdb?s=96&d=mm&r=g","contentUrl":"https:\/\/secure.gravatar.com\/avatar\/957a01ac23a6393e755ae8225c35dbdb?s=96&d=mm&r=g","caption":"victorarandagarcia"}}]}},"jetpack_featured_media_url":"https:\/\/www.victorarandagarcia.es\/wp-content\/uploads\/sesion-comunion-indice-1.jpg","jetpack_sharing_enabled":true,"_links":{"self":[{"href":"https:\/\/www.victorarandagarcia.es\/index.php\/wp-json\/wp\/v2\/posts\/3221"}],"collection":[{"href":"https:\/\/www.victorarandagarcia.es\/index.php\/wp-json\/wp\/v2\/posts"}],"about":[{"href":"https:\/\/www.victorarandagarcia.es\/index.php\/wp-json\/wp\/v2\/types\/post"}],"author":[{"embeddable":true,"href":"https:\/\/www.victorarandagarcia.es\/index.php\/wp-json\/wp\/v2\/users\/1"}],"replies":[{"embeddable":true,"href":"https:\/\/www.victorarandagarcia.es\/index.php\/wp-json\/wp\/v2\/comments?post=3221"}],"version-history":[{"count":6,"href":"https:\/\/www.victorarandagarcia.es\/index.php\/wp-json\/wp\/v2\/posts\/3221\/revisions"}],"predecessor-version":[{"id":3327,"href":"https:\/\/www.victorarandagarcia.es\/index.php\/wp-json\/wp\/v2\/posts\/3221\/revisions\/3327"}],"wp:featuredmedia":[{"embeddable":true,"href":"https:\/\/www.victorarandagarcia.es\/index.php\/wp-json\/wp\/v2\/media\/3309"}],"wp:attachment":[{"href":"https:\/\/www.victorarandagarcia.es\/index.php\/wp-json\/wp\/v2\/media?parent=3221"}],"wp:term":[{"taxonomy":"category","embeddable":true,"href":"https:\/\/www.victorarandagarcia.es\/index.php\/wp-json\/wp\/v2\/categories?post=3221"},{"taxonomy":"post_tag","embeddable":true,"href":"https:\/\/www.victorarandagarcia.es\/index.php\/wp-json\/wp\/v2\/tags?post=3221"}],"curies":[{"name":"wp","href":"https:\/\/api.w.org\/{rel}","templated":true}]}}