{"id":3126,"date":"2021-11-22T17:36:34","date_gmt":"2021-11-22T16:36:34","guid":{"rendered":"https:\/\/www.victorarandagarcia.es\/?p=3126"},"modified":"2021-11-22T17:36:37","modified_gmt":"2021-11-22T16:36:37","slug":"calendario-2022","status":"publish","type":"post","link":"https:\/\/www.victorarandagarcia.es\/index.php\/arte\/calendario-2022\/","title":{"rendered":"Calendario 2022"},"content":{"rendered":"\n<figure class=\"wp-block-image\"><img data-attachment-id=\"3113\" data-permalink=\"https:\/\/www.victorarandagarcia.es\/01-calendario-2022\/\" data-orig-file=\"https:\/\/www.victorarandagarcia.es\/wp-content\/uploads\/01-calendario-2022.jpg\" data-orig-size=\"720,1018\" data-comments-opened=\"0\" data-image-meta=\"{&quot;aperture&quot;:&quot;0&quot;,&quot;credit&quot;:&quot;&quot;,&quot;camera&quot;:&quot;&quot;,&quot;caption&quot;:&quot;&quot;,&quot;created_timestamp&quot;:&quot;0&quot;,&quot;copyright&quot;:&quot;&quot;,&quot;focal_length&quot;:&quot;0&quot;,&quot;iso&quot;:&quot;0&quot;,&quot;shutter_speed&quot;:&quot;0&quot;,&quot;title&quot;:&quot;&quot;,&quot;orientation&quot;:&quot;1&quot;}\" data-image-title=\"01-calendario-2022\" data-image-description=\"&lt;p&gt;Portada del calendario&lt;\/p&gt;\n\" data-image-caption=\"\" data-medium-file=\"https:\/\/www.victorarandagarcia.es\/wp-content\/uploads\/01-calendario-2022-212x300.jpg\" data-large-file=\"https:\/\/www.victorarandagarcia.es\/wp-content\/uploads\/01-calendario-2022.jpg\" decoding=\"async\" loading=\"lazy\" width=\"720\" height=\"1018\" src=\"https:\/\/www.victorarandagarcia.es\/wp-content\/uploads\/01-calendario-2022.jpg\" alt=\"\" class=\"wp-image-3113\" srcset=\"https:\/\/www.victorarandagarcia.es\/wp-content\/uploads\/01-calendario-2022.jpg 720w, https:\/\/www.victorarandagarcia.es\/wp-content\/uploads\/01-calendario-2022-212x300.jpg 212w\" sizes=\"(max-width: 720px) 100vw, 720px\" \/><\/figure>\n\n\n\n<p>El calendario 2022 es el primero que dedico a la fotograf\u00eda de paisaje. Tambi\u00e9n es el primero con dos portadas: ambas est\u00e1n inclu\u00eddas en el calendario, no hace falta elegir, una hace de primera p\u00e1gina y la otra es la \u00faltima, seg\u00fan se prefiera.  El formato es el habitual, un calendario de pared tama\u00f1o 43&#215;30 cent\u00edmetros con un dise\u00f1o pr\u00e1ctico. Su precio es el de siempre 15 euros. Si te interesa puedes dejar tus datos <a href=\"https:\/\/www.victorarandagarcia.es\/index.php\/contacto\/\">aqu\u00ed<\/a> (en la secci\u00f3n de <a href=\"https:\/\/www.victorarandagarcia.es\/index.php\/contacto\/\">contacto<\/a>) y te escribir\u00e9 para concretar la entrega o el env\u00edo del calendario.<\/p>\n\n\n\n<ul class=\"wp-block-gallery columns-3 is-cropped wp-block-gallery-1 is-layout-flex wp-block-gallery-is-layout-flex\"><li class=\"blocks-gallery-item\"><figure><img data-attachment-id=\"3115\" data-permalink=\"https:\/\/www.victorarandagarcia.es\/03-calendario-2022\/\" data-orig-file=\"https:\/\/www.victorarandagarcia.es\/wp-content\/uploads\/03-calendario-2022.jpg\" data-orig-size=\"720,1018\" data-comments-opened=\"0\" data-image-meta=\"{&quot;aperture&quot;:&quot;0&quot;,&quot;credit&quot;:&quot;&quot;,&quot;camera&quot;:&quot;&quot;,&quot;caption&quot;:&quot;&quot;,&quot;created_timestamp&quot;:&quot;0&quot;,&quot;copyright&quot;:&quot;&quot;,&quot;focal_length&quot;:&quot;0&quot;,&quot;iso&quot;:&quot;0&quot;,&quot;shutter_speed&quot;:&quot;0&quot;,&quot;title&quot;:&quot;&quot;,&quot;orientation&quot;:&quot;1&quot;}\" data-image-title=\"03-calendario-2022\" data-image-description=\"&lt;p&gt;Muestra del calendario 2022&lt;\/p&gt;\n\" data-image-caption=\"\" data-medium-file=\"https:\/\/www.victorarandagarcia.es\/wp-content\/uploads\/03-calendario-2022-212x300.jpg\" data-large-file=\"https:\/\/www.victorarandagarcia.es\/wp-content\/uploads\/03-calendario-2022.jpg\" decoding=\"async\" loading=\"lazy\" width=\"720\" height=\"1018\" src=\"https:\/\/www.victorarandagarcia.es\/wp-content\/uploads\/03-calendario-2022.jpg\" alt=\"\" data-id=\"3115\" data-link=\"https:\/\/www.victorarandagarcia.es\/03-calendario-2022\/\" class=\"wp-image-3115\" srcset=\"https:\/\/www.victorarandagarcia.es\/wp-content\/uploads\/03-calendario-2022.jpg 720w, https:\/\/www.victorarandagarcia.es\/wp-content\/uploads\/03-calendario-2022-212x300.jpg 212w\" sizes=\"(max-width: 720px) 100vw, 720px\" \/><\/figure><\/li><li class=\"blocks-gallery-item\"><figure><img data-attachment-id=\"3122\" data-permalink=\"https:\/\/www.victorarandagarcia.es\/11-calendario-2022-paisaje\/\" data-orig-file=\"https:\/\/www.victorarandagarcia.es\/wp-content\/uploads\/11-calendario-2022-paisaje.jpg\" data-orig-size=\"720,1018\" data-comments-opened=\"0\" data-image-meta=\"{&quot;aperture&quot;:&quot;0&quot;,&quot;credit&quot;:&quot;&quot;,&quot;camera&quot;:&quot;&quot;,&quot;caption&quot;:&quot;&quot;,&quot;created_timestamp&quot;:&quot;0&quot;,&quot;copyright&quot;:&quot;&quot;,&quot;focal_length&quot;:&quot;0&quot;,&quot;iso&quot;:&quot;0&quot;,&quot;shutter_speed&quot;:&quot;0&quot;,&quot;title&quot;:&quot;&quot;,&quot;orientation&quot;:&quot;1&quot;}\" data-image-title=\"11-calendario-2022-paisaje\" data-image-description=\"&lt;p&gt;Muestra del calendario 2022&lt;\/p&gt;\n\" data-image-caption=\"\" data-medium-file=\"https:\/\/www.victorarandagarcia.es\/wp-content\/uploads\/11-calendario-2022-paisaje-212x300.jpg\" data-large-file=\"https:\/\/www.victorarandagarcia.es\/wp-content\/uploads\/11-calendario-2022-paisaje.jpg\" decoding=\"async\" loading=\"lazy\" width=\"720\" height=\"1018\" src=\"https:\/\/www.victorarandagarcia.es\/wp-content\/uploads\/11-calendario-2022-paisaje.jpg\" alt=\"\" data-id=\"3122\" data-link=\"https:\/\/www.victorarandagarcia.es\/11-calendario-2022-paisaje\/\" class=\"wp-image-3122\" srcset=\"https:\/\/www.victorarandagarcia.es\/wp-content\/uploads\/11-calendario-2022-paisaje.jpg 720w, https:\/\/www.victorarandagarcia.es\/wp-content\/uploads\/11-calendario-2022-paisaje-212x300.jpg 212w\" sizes=\"(max-width: 720px) 100vw, 720px\" \/><\/figure><\/li><li class=\"blocks-gallery-item\"><figure><img data-attachment-id=\"3124\" data-permalink=\"https:\/\/www.victorarandagarcia.es\/13-calendario-2022\/\" data-orig-file=\"https:\/\/www.victorarandagarcia.es\/wp-content\/uploads\/13-calendario-2022.jpg\" data-orig-size=\"720,1018\" data-comments-opened=\"0\" data-image-meta=\"{&quot;aperture&quot;:&quot;0&quot;,&quot;credit&quot;:&quot;&quot;,&quot;camera&quot;:&quot;&quot;,&quot;caption&quot;:&quot;&quot;,&quot;created_timestamp&quot;:&quot;0&quot;,&quot;copyright&quot;:&quot;&quot;,&quot;focal_length&quot;:&quot;0&quot;,&quot;iso&quot;:&quot;0&quot;,&quot;shutter_speed&quot;:&quot;0&quot;,&quot;title&quot;:&quot;&quot;,&quot;orientation&quot;:&quot;1&quot;}\" data-image-title=\"13-calendario-2022\" data-image-description=\"&lt;p&gt;Muestra del calendario 2022&lt;\/p&gt;\n\" data-image-caption=\"\" data-medium-file=\"https:\/\/www.victorarandagarcia.es\/wp-content\/uploads\/13-calendario-2022-212x300.jpg\" data-large-file=\"https:\/\/www.victorarandagarcia.es\/wp-content\/uploads\/13-calendario-2022.jpg\" decoding=\"async\" loading=\"lazy\" width=\"720\" height=\"1018\" src=\"https:\/\/www.victorarandagarcia.es\/wp-content\/uploads\/13-calendario-2022.jpg\" alt=\"\" data-id=\"3124\" data-link=\"https:\/\/www.victorarandagarcia.es\/13-calendario-2022\/\" class=\"wp-image-3124\" srcset=\"https:\/\/www.victorarandagarcia.es\/wp-content\/uploads\/13-calendario-2022.jpg 720w, https:\/\/www.victorarandagarcia.es\/wp-content\/uploads\/13-calendario-2022-212x300.jpg 212w\" sizes=\"(max-width: 720px) 100vw, 720px\" \/><\/figure><\/li><li class=\"blocks-gallery-item\"><figure><img data-attachment-id=\"3119\" data-permalink=\"https:\/\/www.victorarandagarcia.es\/07-calendario-paisaje\/\" data-orig-file=\"https:\/\/www.victorarandagarcia.es\/wp-content\/uploads\/07-calendario-paisaje.jpg\" data-orig-size=\"720,1018\" data-comments-opened=\"0\" data-image-meta=\"{&quot;aperture&quot;:&quot;0&quot;,&quot;credit&quot;:&quot;&quot;,&quot;camera&quot;:&quot;&quot;,&quot;caption&quot;:&quot;&quot;,&quot;created_timestamp&quot;:&quot;0&quot;,&quot;copyright&quot;:&quot;&quot;,&quot;focal_length&quot;:&quot;0&quot;,&quot;iso&quot;:&quot;0&quot;,&quot;shutter_speed&quot;:&quot;0&quot;,&quot;title&quot;:&quot;&quot;,&quot;orientation&quot;:&quot;1&quot;}\" data-image-title=\"07-calendario-paisaje\" data-image-description=\"&lt;p&gt;Muestra del calendario 2022&lt;\/p&gt;\n\" data-image-caption=\"\" data-medium-file=\"https:\/\/www.victorarandagarcia.es\/wp-content\/uploads\/07-calendario-paisaje-212x300.jpg\" data-large-file=\"https:\/\/www.victorarandagarcia.es\/wp-content\/uploads\/07-calendario-paisaje.jpg\" decoding=\"async\" loading=\"lazy\" width=\"720\" height=\"1018\" src=\"https:\/\/www.victorarandagarcia.es\/wp-content\/uploads\/07-calendario-paisaje.jpg\" alt=\"\" data-id=\"3119\" data-link=\"https:\/\/www.victorarandagarcia.es\/07-calendario-paisaje\/\" class=\"wp-image-3119\" srcset=\"https:\/\/www.victorarandagarcia.es\/wp-content\/uploads\/07-calendario-paisaje.jpg 720w, https:\/\/www.victorarandagarcia.es\/wp-content\/uploads\/07-calendario-paisaje-212x300.jpg 212w\" sizes=\"(max-width: 720px) 100vw, 720px\" \/><\/figure><\/li><li class=\"blocks-gallery-item\"><figure><img data-attachment-id=\"3118\" data-permalink=\"https:\/\/www.victorarandagarcia.es\/06-calendario-paisaje\/\" data-orig-file=\"https:\/\/www.victorarandagarcia.es\/wp-content\/uploads\/06-calendario-paisaje.jpg\" data-orig-size=\"720,1018\" data-comments-opened=\"0\" data-image-meta=\"{&quot;aperture&quot;:&quot;0&quot;,&quot;credit&quot;:&quot;&quot;,&quot;camera&quot;:&quot;&quot;,&quot;caption&quot;:&quot;&quot;,&quot;created_timestamp&quot;:&quot;0&quot;,&quot;copyright&quot;:&quot;&quot;,&quot;focal_length&quot;:&quot;0&quot;,&quot;iso&quot;:&quot;0&quot;,&quot;shutter_speed&quot;:&quot;0&quot;,&quot;title&quot;:&quot;&quot;,&quot;orientation&quot;:&quot;1&quot;}\" data-image-title=\"06-calendario-paisaje\" data-image-description=\"&lt;p&gt;Muestra del calendario 2022&lt;\/p&gt;\n\" data-image-caption=\"\" data-medium-file=\"https:\/\/www.victorarandagarcia.es\/wp-content\/uploads\/06-calendario-paisaje-212x300.jpg\" data-large-file=\"https:\/\/www.victorarandagarcia.es\/wp-content\/uploads\/06-calendario-paisaje.jpg\" decoding=\"async\" loading=\"lazy\" width=\"720\" height=\"1018\" src=\"https:\/\/www.victorarandagarcia.es\/wp-content\/uploads\/06-calendario-paisaje.jpg\" alt=\"\" data-id=\"3118\" data-link=\"https:\/\/www.victorarandagarcia.es\/06-calendario-paisaje\/\" class=\"wp-image-3118\" srcset=\"https:\/\/www.victorarandagarcia.es\/wp-content\/uploads\/06-calendario-paisaje.jpg 720w, https:\/\/www.victorarandagarcia.es\/wp-content\/uploads\/06-calendario-paisaje-212x300.jpg 212w\" sizes=\"(max-width: 720px) 100vw, 720px\" \/><\/figure><\/li><li class=\"blocks-gallery-item\"><figure><img data-attachment-id=\"3117\" data-permalink=\"https:\/\/www.victorarandagarcia.es\/05-calendario-fotografia\/\" data-orig-file=\"https:\/\/www.victorarandagarcia.es\/wp-content\/uploads\/05-calendario-fotografia.jpg\" data-orig-size=\"720,1018\" data-comments-opened=\"0\" data-image-meta=\"{&quot;aperture&quot;:&quot;0&quot;,&quot;credit&quot;:&quot;&quot;,&quot;camera&quot;:&quot;&quot;,&quot;caption&quot;:&quot;&quot;,&quot;created_timestamp&quot;:&quot;0&quot;,&quot;copyright&quot;:&quot;&quot;,&quot;focal_length&quot;:&quot;0&quot;,&quot;iso&quot;:&quot;0&quot;,&quot;shutter_speed&quot;:&quot;0&quot;,&quot;title&quot;:&quot;&quot;,&quot;orientation&quot;:&quot;1&quot;}\" data-image-title=\"05-calendario-fotografia\" data-image-description=\"&lt;p&gt;Muestra del calendario 2022&lt;\/p&gt;\n\" data-image-caption=\"\" data-medium-file=\"https:\/\/www.victorarandagarcia.es\/wp-content\/uploads\/05-calendario-fotografia-212x300.jpg\" data-large-file=\"https:\/\/www.victorarandagarcia.es\/wp-content\/uploads\/05-calendario-fotografia.jpg\" decoding=\"async\" loading=\"lazy\" width=\"720\" height=\"1018\" src=\"https:\/\/www.victorarandagarcia.es\/wp-content\/uploads\/05-calendario-fotografia.jpg\" alt=\"\" data-id=\"3117\" data-link=\"https:\/\/www.victorarandagarcia.es\/05-calendario-fotografia\/\" class=\"wp-image-3117\" srcset=\"https:\/\/www.victorarandagarcia.es\/wp-content\/uploads\/05-calendario-fotografia.jpg 720w, https:\/\/www.victorarandagarcia.es\/wp-content\/uploads\/05-calendario-fotografia-212x300.jpg 212w\" sizes=\"(max-width: 720px) 100vw, 720px\" \/><\/figure><\/li><\/ul>\n\n\n\n<figure class=\"wp-block-image\"><img data-attachment-id=\"3125\" data-permalink=\"https:\/\/www.victorarandagarcia.es\/14-calendario-2022-portada\/\" data-orig-file=\"https:\/\/www.victorarandagarcia.es\/wp-content\/uploads\/14-calendario-2022-portada.jpg\" data-orig-size=\"720,1018\" data-comments-opened=\"0\" data-image-meta=\"{&quot;aperture&quot;:&quot;0&quot;,&quot;credit&quot;:&quot;&quot;,&quot;camera&quot;:&quot;&quot;,&quot;caption&quot;:&quot;&quot;,&quot;created_timestamp&quot;:&quot;0&quot;,&quot;copyright&quot;:&quot;&quot;,&quot;focal_length&quot;:&quot;0&quot;,&quot;iso&quot;:&quot;0&quot;,&quot;shutter_speed&quot;:&quot;0&quot;,&quot;title&quot;:&quot;&quot;,&quot;orientation&quot;:&quot;1&quot;}\" data-image-title=\"14-calendario-2022-portada\" data-image-description=\"&lt;p&gt;Portada del calendario&lt;\/p&gt;\n\" data-image-caption=\"\" data-medium-file=\"https:\/\/www.victorarandagarcia.es\/wp-content\/uploads\/14-calendario-2022-portada-212x300.jpg\" data-large-file=\"https:\/\/www.victorarandagarcia.es\/wp-content\/uploads\/14-calendario-2022-portada.jpg\" decoding=\"async\" loading=\"lazy\" width=\"720\" height=\"1018\" src=\"https:\/\/www.victorarandagarcia.es\/wp-content\/uploads\/14-calendario-2022-portada.jpg\" alt=\"\" class=\"wp-image-3125\" srcset=\"https:\/\/www.victorarandagarcia.es\/wp-content\/uploads\/14-calendario-2022-portada.jpg 720w, https:\/\/www.victorarandagarcia.es\/wp-content\/uploads\/14-calendario-2022-portada-212x300.jpg 212w\" sizes=\"(max-width: 720px) 100vw, 720px\" \/><\/figure>\n\n\n\n<ul class=\"wp-block-gallery columns-3 is-cropped wp-block-gallery-3 is-layout-flex wp-block-gallery-is-layout-flex\"><li class=\"blocks-gallery-item\"><figure><img data-attachment-id=\"3123\" data-permalink=\"https:\/\/www.victorarandagarcia.es\/12-calendario-2022-murcia\/\" data-orig-file=\"https:\/\/www.victorarandagarcia.es\/wp-content\/uploads\/12-calendario-2022-murcia.jpg\" data-orig-size=\"720,481\" data-comments-opened=\"0\" data-image-meta=\"{&quot;aperture&quot;:&quot;0&quot;,&quot;credit&quot;:&quot;Victor Aranda Garcia&quot;,&quot;camera&quot;:&quot;&quot;,&quot;caption&quot;:&quot;&quot;,&quot;created_timestamp&quot;:&quot;0&quot;,&quot;copyright&quot;:&quot;Victor Aranda Garcia&quot;,&quot;focal_length&quot;:&quot;0&quot;,&quot;iso&quot;:&quot;0&quot;,&quot;shutter_speed&quot;:&quot;0&quot;,&quot;title&quot;:&quot;&quot;,&quot;orientation&quot;:&quot;1&quot;}\" data-image-title=\"12-calendario-2022-murcia\" data-image-description=\"&lt;p&gt;Sin t\u00edtulo (Fuente \u00c1lamo 2016), fotograf\u00eda inclu\u00edda en el calendario 2022&lt;\/p&gt;\n\" data-image-caption=\"\" data-medium-file=\"https:\/\/www.victorarandagarcia.es\/wp-content\/uploads\/12-calendario-2022-murcia-300x200.jpg\" data-large-file=\"https:\/\/www.victorarandagarcia.es\/wp-content\/uploads\/12-calendario-2022-murcia.jpg\" decoding=\"async\" loading=\"lazy\" width=\"720\" height=\"481\" src=\"https:\/\/www.victorarandagarcia.es\/wp-content\/uploads\/12-calendario-2022-murcia.jpg\" alt=\"\" data-id=\"3123\" data-link=\"https:\/\/www.victorarandagarcia.es\/12-calendario-2022-murcia\/\" class=\"wp-image-3123\" srcset=\"https:\/\/www.victorarandagarcia.es\/wp-content\/uploads\/12-calendario-2022-murcia.jpg 720w, https:\/\/www.victorarandagarcia.es\/wp-content\/uploads\/12-calendario-2022-murcia-300x200.jpg 300w\" sizes=\"(max-width: 720px) 100vw, 720px\" \/><\/figure><\/li><li class=\"blocks-gallery-item\"><figure><img data-attachment-id=\"3114\" data-permalink=\"https:\/\/www.victorarandagarcia.es\/02-calendario-2022-paisaje\/\" data-orig-file=\"https:\/\/www.victorarandagarcia.es\/wp-content\/uploads\/02-calendario-2022-paisaje.jpg\" data-orig-size=\"720,481\" data-comments-opened=\"0\" data-image-meta=\"{&quot;aperture&quot;:&quot;0&quot;,&quot;credit&quot;:&quot;Victor Aranda Garcia&quot;,&quot;camera&quot;:&quot;&quot;,&quot;caption&quot;:&quot;&quot;,&quot;created_timestamp&quot;:&quot;0&quot;,&quot;copyright&quot;:&quot;Victor Aranda Garcia&quot;,&quot;focal_length&quot;:&quot;0&quot;,&quot;iso&quot;:&quot;0&quot;,&quot;shutter_speed&quot;:&quot;0&quot;,&quot;title&quot;:&quot;&quot;,&quot;orientation&quot;:&quot;1&quot;}\" data-image-title=\"02-calendario-2022-paisaje\" data-image-description=\"&lt;p&gt;Cultivos (Fuente \u00c1lamo 2016)&lt;\/p&gt;\n\" data-image-caption=\"\" data-medium-file=\"https:\/\/www.victorarandagarcia.es\/wp-content\/uploads\/02-calendario-2022-paisaje-300x200.jpg\" data-large-file=\"https:\/\/www.victorarandagarcia.es\/wp-content\/uploads\/02-calendario-2022-paisaje.jpg\" decoding=\"async\" loading=\"lazy\" width=\"720\" height=\"481\" src=\"https:\/\/www.victorarandagarcia.es\/wp-content\/uploads\/02-calendario-2022-paisaje.jpg\" alt=\"\" data-id=\"3114\" data-link=\"https:\/\/www.victorarandagarcia.es\/02-calendario-2022-paisaje\/\" class=\"wp-image-3114\" srcset=\"https:\/\/www.victorarandagarcia.es\/wp-content\/uploads\/02-calendario-2022-paisaje.jpg 720w, https:\/\/www.victorarandagarcia.es\/wp-content\/uploads\/02-calendario-2022-paisaje-300x200.jpg 300w\" sizes=\"(max-width: 720px) 100vw, 720px\" \/><\/figure><\/li><li class=\"blocks-gallery-item\"><figure><img data-attachment-id=\"3116\" data-permalink=\"https:\/\/www.victorarandagarcia.es\/04-calendario-valencia\/\" data-orig-file=\"https:\/\/www.victorarandagarcia.es\/wp-content\/uploads\/04-calendario-valencia.jpg\" data-orig-size=\"720,481\" data-comments-opened=\"0\" data-image-meta=\"{&quot;aperture&quot;:&quot;0&quot;,&quot;credit&quot;:&quot;Victor Aranda Garcia&quot;,&quot;camera&quot;:&quot;&quot;,&quot;caption&quot;:&quot;&quot;,&quot;created_timestamp&quot;:&quot;0&quot;,&quot;copyright&quot;:&quot;&quot;,&quot;focal_length&quot;:&quot;0&quot;,&quot;iso&quot;:&quot;0&quot;,&quot;shutter_speed&quot;:&quot;0&quot;,&quot;title&quot;:&quot;&quot;,&quot;orientation&quot;:&quot;1&quot;}\" data-image-title=\"04-calendario-valencia\" data-image-description=\"&lt;p&gt;Sin t\u00edtulo (B\u00e9tera 2013), fotograf\u00eda inclu\u00edda en el calendario 2022&lt;\/p&gt;\n\" data-image-caption=\"\" data-medium-file=\"https:\/\/www.victorarandagarcia.es\/wp-content\/uploads\/04-calendario-valencia-300x200.jpg\" data-large-file=\"https:\/\/www.victorarandagarcia.es\/wp-content\/uploads\/04-calendario-valencia.jpg\" decoding=\"async\" loading=\"lazy\" width=\"720\" height=\"481\" src=\"https:\/\/www.victorarandagarcia.es\/wp-content\/uploads\/04-calendario-valencia.jpg\" alt=\"\" data-id=\"3116\" data-link=\"https:\/\/www.victorarandagarcia.es\/04-calendario-valencia\/\" class=\"wp-image-3116\" srcset=\"https:\/\/www.victorarandagarcia.es\/wp-content\/uploads\/04-calendario-valencia.jpg 720w, https:\/\/www.victorarandagarcia.es\/wp-content\/uploads\/04-calendario-valencia-300x200.jpg 300w\" sizes=\"(max-width: 720px) 100vw, 720px\" \/><\/figure><\/li><li class=\"blocks-gallery-item\"><figure><img data-attachment-id=\"3121\" data-permalink=\"https:\/\/www.victorarandagarcia.es\/10-calendario-2022-paisaje\/\" data-orig-file=\"https:\/\/www.victorarandagarcia.es\/wp-content\/uploads\/10-calendario-2022-paisaje.jpg\" data-orig-size=\"720,481\" data-comments-opened=\"0\" data-image-meta=\"{&quot;aperture&quot;:&quot;0&quot;,&quot;credit&quot;:&quot;unknown&quot;,&quot;camera&quot;:&quot;&quot;,&quot;caption&quot;:&quot;&quot;,&quot;created_timestamp&quot;:&quot;0&quot;,&quot;copyright&quot;:&quot;&quot;,&quot;focal_length&quot;:&quot;0&quot;,&quot;iso&quot;:&quot;0&quot;,&quot;shutter_speed&quot;:&quot;0&quot;,&quot;title&quot;:&quot;&quot;,&quot;orientation&quot;:&quot;1&quot;}\" data-image-title=\"10-calendario-2022-paisaje\" data-image-description=\"&lt;p&gt;Sin t\u00edtulo (Campoamor 2017), fotograf\u00eda inclu\u00edda en el calendario 2022&lt;\/p&gt;\n\" data-image-caption=\"\" data-medium-file=\"https:\/\/www.victorarandagarcia.es\/wp-content\/uploads\/10-calendario-2022-paisaje-300x200.jpg\" data-large-file=\"https:\/\/www.victorarandagarcia.es\/wp-content\/uploads\/10-calendario-2022-paisaje.jpg\" decoding=\"async\" loading=\"lazy\" width=\"720\" height=\"481\" src=\"https:\/\/www.victorarandagarcia.es\/wp-content\/uploads\/10-calendario-2022-paisaje.jpg\" alt=\"\" data-id=\"3121\" data-link=\"https:\/\/www.victorarandagarcia.es\/10-calendario-2022-paisaje\/\" class=\"wp-image-3121\" srcset=\"https:\/\/www.victorarandagarcia.es\/wp-content\/uploads\/10-calendario-2022-paisaje.jpg 720w, https:\/\/www.victorarandagarcia.es\/wp-content\/uploads\/10-calendario-2022-paisaje-300x200.jpg 300w\" sizes=\"(max-width: 720px) 100vw, 720px\" \/><\/figure><\/li><li class=\"blocks-gallery-item\"><figure><img data-attachment-id=\"3120\" data-permalink=\"https:\/\/www.victorarandagarcia.es\/08-calendario-2022-valencia\/\" data-orig-file=\"https:\/\/www.victorarandagarcia.es\/wp-content\/uploads\/08-calendario-2022-valencia.jpg\" data-orig-size=\"850,569\" data-comments-opened=\"0\" data-image-meta=\"{&quot;aperture&quot;:&quot;8&quot;,&quot;credit&quot;:&quot;Victor Aranda Garcia&quot;,&quot;camera&quot;:&quot;Canon EOS 50D&quot;,&quot;caption&quot;:&quot;&quot;,&quot;created_timestamp&quot;:&quot;1413132462&quot;,&quot;copyright&quot;:&quot;Victor Aranda Garcia&quot;,&quot;focal_length&quot;:&quot;31&quot;,&quot;iso&quot;:&quot;400&quot;,&quot;shutter_speed&quot;:&quot;0.003125&quot;,&quot;title&quot;:&quot;&quot;,&quot;orientation&quot;:&quot;1&quot;}\" data-image-title=\"08-calendario-2022-valencia\" data-image-description=\"&lt;p&gt;Sin t\u00edtulo (Valencia 2014), fotograf\u00eda inclu\u00edda en el calendario 2022&lt;\/p&gt;\n\" data-image-caption=\"\" data-medium-file=\"https:\/\/www.victorarandagarcia.es\/wp-content\/uploads\/08-calendario-2022-valencia-300x201.jpg\" data-large-file=\"https:\/\/www.victorarandagarcia.es\/wp-content\/uploads\/08-calendario-2022-valencia.jpg\" decoding=\"async\" loading=\"lazy\" width=\"850\" height=\"569\" src=\"https:\/\/www.victorarandagarcia.es\/wp-content\/uploads\/08-calendario-2022-valencia.jpg\" alt=\"\" data-id=\"3120\" data-link=\"https:\/\/www.victorarandagarcia.es\/08-calendario-2022-valencia\/\" class=\"wp-image-3120\" srcset=\"https:\/\/www.victorarandagarcia.es\/wp-content\/uploads\/08-calendario-2022-valencia.jpg 850w, https:\/\/www.victorarandagarcia.es\/wp-content\/uploads\/08-calendario-2022-valencia-300x201.jpg 300w, https:\/\/www.victorarandagarcia.es\/wp-content\/uploads\/08-calendario-2022-valencia-768x514.jpg 768w\" sizes=\"(max-width: 850px) 100vw, 850px\" \/><\/figure><\/li><\/ul>\n","protected":false},"excerpt":{"rendered":"<p>El calendario 2022 es el primero que dedico a la fotograf\u00eda de paisaje. Tambi\u00e9n es el primero con dos portadas&#8230; &hellip; <a href=\"https:\/\/www.victorarandagarcia.es\/index.php\/arte\/calendario-2022\/\" class=\"more-link\"><span>Continuar<span class=\"screen-reader-text\">Calendario 2022<\/span><\/span><\/a><\/p>\n","protected":false},"author":1,"featured_media":3113,"comment_status":"closed","ping_status":"open","sticky":false,"template":"","format":"standard","meta":{"jetpack_post_was_ever_published":false,"_jetpack_newsletter_access":"","_jetpack_dont_email_post_to_subs":false,"_jetpack_newsletter_tier_id":0,"_jetpack_memberships_contains_paywalled_content":false,"footnotes":"","_jetpack_memberships_contains_paid_content":false},"categories":[18,78,83],"tags":[80,44],"yoast_head":"<!-- This site is optimized with the Yoast SEO plugin v22.6 - https:\/\/yoast.com\/wordpress\/plugins\/seo\/ -->\n<title>Calendario 2022 - arte y estudio<\/title>\n<meta name=\"robots\" content=\"index, follow, max-snippet:-1, max-image-preview:large, max-video-preview:-1\" \/>\n<link rel=\"canonical\" href=\"https:\/\/www.victorarandagarcia.es\/index.php\/arte\/calendario-2022\/\" \/>\n<meta property=\"og:locale\" content=\"es_ES\" \/>\n<meta property=\"og:type\" content=\"article\" \/>\n<meta property=\"og:title\" content=\"Calendario 2022 - arte y estudio\" \/>\n<meta property=\"og:description\" content=\"El calendario 2022 es el primero que dedico a la fotograf\u00eda de paisaje. Tambi\u00e9n es el primero con dos portadas... &hellip; ContinuarCalendario 2022\" \/>\n<meta property=\"og:url\" content=\"https:\/\/www.victorarandagarcia.es\/index.php\/arte\/calendario-2022\/\" \/>\n<meta property=\"og:site_name\" content=\"arte y estudio\" \/>\n<meta property=\"article:published_time\" content=\"2021-11-22T16:36:34+00:00\" \/>\n<meta property=\"article:modified_time\" content=\"2021-11-22T16:36:37+00:00\" \/>\n<meta property=\"og:image\" content=\"https:\/\/www.victorarandagarcia.es\/wp-content\/uploads\/01-calendario-2022.jpg\" \/>\n\t<meta property=\"og:image:width\" content=\"720\" \/>\n\t<meta property=\"og:image:height\" content=\"1018\" \/>\n\t<meta property=\"og:image:type\" content=\"image\/jpeg\" \/>\n<meta name=\"author\" content=\"victorarandagarcia\" \/>\n<meta name=\"twitter:card\" content=\"summary_large_image\" \/>\n<meta name=\"twitter:label1\" content=\"Escrito por\" \/>\n\t<meta name=\"twitter:data1\" content=\"victorarandagarcia\" \/>\n\t<meta name=\"twitter:label2\" content=\"Tiempo de lectura\" \/>\n\t<meta name=\"twitter:data2\" content=\"1 minuto\" \/>\n<script type=\"application\/ld+json\" class=\"yoast-schema-graph\">{\"@context\":\"https:\/\/schema.org\",\"@graph\":[{\"@type\":\"Article\",\"@id\":\"https:\/\/www.victorarandagarcia.es\/index.php\/arte\/calendario-2022\/#article\",\"isPartOf\":{\"@id\":\"https:\/\/www.victorarandagarcia.es\/index.php\/arte\/calendario-2022\/\"},\"author\":{\"name\":\"victorarandagarcia\",\"@id\":\"https:\/\/www.victorarandagarcia.es\/#\/schema\/person\/bfa9c61a3776d517deeee5f9386ef302\"},\"headline\":\"Calendario 2022\",\"datePublished\":\"2021-11-22T16:36:34+00:00\",\"dateModified\":\"2021-11-22T16:36:37+00:00\",\"mainEntityOfPage\":{\"@id\":\"https:\/\/www.victorarandagarcia.es\/index.php\/arte\/calendario-2022\/\"},\"wordCount\":104,\"publisher\":{\"@id\":\"https:\/\/www.victorarandagarcia.es\/#organization\"},\"image\":{\"@id\":\"https:\/\/www.victorarandagarcia.es\/index.php\/arte\/calendario-2022\/#primaryimage\"},\"thumbnailUrl\":\"https:\/\/www.victorarandagarcia.es\/wp-content\/uploads\/01-calendario-2022.jpg\",\"keywords\":[\"calendario\",\"paisaje\"],\"articleSection\":[\"arte\",\"CALENDARIO ANUAL\",\"PUBLICACIONES\"],\"inLanguage\":\"es\"},{\"@type\":\"WebPage\",\"@id\":\"https:\/\/www.victorarandagarcia.es\/index.php\/arte\/calendario-2022\/\",\"url\":\"https:\/\/www.victorarandagarcia.es\/index.php\/arte\/calendario-2022\/\",\"name\":\"Calendario 2022 - arte y estudio\",\"isPartOf\":{\"@id\":\"https:\/\/www.victorarandagarcia.es\/#website\"},\"primaryImageOfPage\":{\"@id\":\"https:\/\/www.victorarandagarcia.es\/index.php\/arte\/calendario-2022\/#primaryimage\"},\"image\":{\"@id\":\"https:\/\/www.victorarandagarcia.es\/index.php\/arte\/calendario-2022\/#primaryimage\"},\"thumbnailUrl\":\"https:\/\/www.victorarandagarcia.es\/wp-content\/uploads\/01-calendario-2022.jpg\",\"datePublished\":\"2021-11-22T16:36:34+00:00\",\"dateModified\":\"2021-11-22T16:36:37+00:00\",\"breadcrumb\":{\"@id\":\"https:\/\/www.victorarandagarcia.es\/index.php\/arte\/calendario-2022\/#breadcrumb\"},\"inLanguage\":\"es\",\"potentialAction\":[{\"@type\":\"ReadAction\",\"target\":[\"https:\/\/www.victorarandagarcia.es\/index.php\/arte\/calendario-2022\/\"]}]},{\"@type\":\"ImageObject\",\"inLanguage\":\"es\",\"@id\":\"https:\/\/www.victorarandagarcia.es\/index.php\/arte\/calendario-2022\/#primaryimage\",\"url\":\"https:\/\/www.victorarandagarcia.es\/wp-content\/uploads\/01-calendario-2022.jpg\",\"contentUrl\":\"https:\/\/www.victorarandagarcia.es\/wp-content\/uploads\/01-calendario-2022.jpg\",\"width\":720,\"height\":1018},{\"@type\":\"BreadcrumbList\",\"@id\":\"https:\/\/www.victorarandagarcia.es\/index.php\/arte\/calendario-2022\/#breadcrumb\",\"itemListElement\":[{\"@type\":\"ListItem\",\"position\":1,\"name\":\"Portada\",\"item\":\"https:\/\/www.victorarandagarcia.es\/\"},{\"@type\":\"ListItem\",\"position\":2,\"name\":\"Calendario 2022\"}]},{\"@type\":\"WebSite\",\"@id\":\"https:\/\/www.victorarandagarcia.es\/#website\",\"url\":\"https:\/\/www.victorarandagarcia.es\/\",\"name\":\"arte y estudio\",\"description\":\"Fot\u00f3grafo\",\"publisher\":{\"@id\":\"https:\/\/www.victorarandagarcia.es\/#organization\"},\"potentialAction\":[{\"@type\":\"SearchAction\",\"target\":{\"@type\":\"EntryPoint\",\"urlTemplate\":\"https:\/\/www.victorarandagarcia.es\/?s={search_term_string}\"},\"query-input\":\"required name=search_term_string\"}],\"inLanguage\":\"es\"},{\"@type\":\"Organization\",\"@id\":\"https:\/\/www.victorarandagarcia.es\/#organization\",\"name\":\"arte y estudio\",\"url\":\"https:\/\/www.victorarandagarcia.es\/\",\"logo\":{\"@type\":\"ImageObject\",\"inLanguage\":\"es\",\"@id\":\"https:\/\/www.victorarandagarcia.es\/#\/schema\/logo\/image\/\",\"url\":\"https:\/\/www.victorarandagarcia.es\/wp-content\/uploads\/2019\/03\/logo-fotografo.png\",\"contentUrl\":\"https:\/\/www.victorarandagarcia.es\/wp-content\/uploads\/2019\/03\/logo-fotografo.png\",\"width\":150,\"height\":150,\"caption\":\"arte y estudio\"},\"image\":{\"@id\":\"https:\/\/www.victorarandagarcia.es\/#\/schema\/logo\/image\/\"}},{\"@type\":\"Person\",\"@id\":\"https:\/\/www.victorarandagarcia.es\/#\/schema\/person\/bfa9c61a3776d517deeee5f9386ef302\",\"name\":\"victorarandagarcia\",\"image\":{\"@type\":\"ImageObject\",\"inLanguage\":\"es\",\"@id\":\"https:\/\/www.victorarandagarcia.es\/#\/schema\/person\/image\/\",\"url\":\"https:\/\/secure.gravatar.com\/avatar\/957a01ac23a6393e755ae8225c35dbdb?s=96&d=mm&r=g\",\"contentUrl\":\"https:\/\/secure.gravatar.com\/avatar\/957a01ac23a6393e755ae8225c35dbdb?s=96&d=mm&r=g\",\"caption\":\"victorarandagarcia\"}}]}<\/script>\n<!-- \/ Yoast SEO plugin. -->","yoast_head_json":{"title":"Calendario 2022 - arte y estudio","robots":{"index":"index","follow":"follow","max-snippet":"max-snippet:-1","max-image-preview":"max-image-preview:large","max-video-preview":"max-video-preview:-1"},"canonical":"https:\/\/www.victorarandagarcia.es\/index.php\/arte\/calendario-2022\/","og_locale":"es_ES","og_type":"article","og_title":"Calendario 2022 - arte y estudio","og_description":"El calendario 2022 es el primero que dedico a la fotograf\u00eda de paisaje. Tambi\u00e9n es el primero con dos portadas... &hellip; ContinuarCalendario 2022","og_url":"https:\/\/www.victorarandagarcia.es\/index.php\/arte\/calendario-2022\/","og_site_name":"arte y estudio","article_published_time":"2021-11-22T16:36:34+00:00","article_modified_time":"2021-11-22T16:36:37+00:00","og_image":[{"width":720,"height":1018,"url":"https:\/\/www.victorarandagarcia.es\/wp-content\/uploads\/01-calendario-2022.jpg","type":"image\/jpeg"}],"author":"victorarandagarcia","twitter_card":"summary_large_image","twitter_misc":{"Escrito por":"victorarandagarcia","Tiempo de lectura":"1 minuto"},"schema":{"@context":"https:\/\/schema.org","@graph":[{"@type":"Article","@id":"https:\/\/www.victorarandagarcia.es\/index.php\/arte\/calendario-2022\/#article","isPartOf":{"@id":"https:\/\/www.victorarandagarcia.es\/index.php\/arte\/calendario-2022\/"},"author":{"name":"victorarandagarcia","@id":"https:\/\/www.victorarandagarcia.es\/#\/schema\/person\/bfa9c61a3776d517deeee5f9386ef302"},"headline":"Calendario 2022","datePublished":"2021-11-22T16:36:34+00:00","dateModified":"2021-11-22T16:36:37+00:00","mainEntityOfPage":{"@id":"https:\/\/www.victorarandagarcia.es\/index.php\/arte\/calendario-2022\/"},"wordCount":104,"publisher":{"@id":"https:\/\/www.victorarandagarcia.es\/#organization"},"image":{"@id":"https:\/\/www.victorarandagarcia.es\/index.php\/arte\/calendario-2022\/#primaryimage"},"thumbnailUrl":"https:\/\/www.victorarandagarcia.es\/wp-content\/uploads\/01-calendario-2022.jpg","keywords":["calendario","paisaje"],"articleSection":["arte","CALENDARIO ANUAL","PUBLICACIONES"],"inLanguage":"es"},{"@type":"WebPage","@id":"https:\/\/www.victorarandagarcia.es\/index.php\/arte\/calendario-2022\/","url":"https:\/\/www.victorarandagarcia.es\/index.php\/arte\/calendario-2022\/","name":"Calendario 2022 - arte y estudio","isPartOf":{"@id":"https:\/\/www.victorarandagarcia.es\/#website"},"primaryImageOfPage":{"@id":"https:\/\/www.victorarandagarcia.es\/index.php\/arte\/calendario-2022\/#primaryimage"},"image":{"@id":"https:\/\/www.victorarandagarcia.es\/index.php\/arte\/calendario-2022\/#primaryimage"},"thumbnailUrl":"https:\/\/www.victorarandagarcia.es\/wp-content\/uploads\/01-calendario-2022.jpg","datePublished":"2021-11-22T16:36:34+00:00","dateModified":"2021-11-22T16:36:37+00:00","breadcrumb":{"@id":"https:\/\/www.victorarandagarcia.es\/index.php\/arte\/calendario-2022\/#breadcrumb"},"inLanguage":"es","potentialAction":[{"@type":"ReadAction","target":["https:\/\/www.victorarandagarcia.es\/index.php\/arte\/calendario-2022\/"]}]},{"@type":"ImageObject","inLanguage":"es","@id":"https:\/\/www.victorarandagarcia.es\/index.php\/arte\/calendario-2022\/#primaryimage","url":"https:\/\/www.victorarandagarcia.es\/wp-content\/uploads\/01-calendario-2022.jpg","contentUrl":"https:\/\/www.victorarandagarcia.es\/wp-content\/uploads\/01-calendario-2022.jpg","width":720,"height":1018},{"@type":"BreadcrumbList","@id":"https:\/\/www.victorarandagarcia.es\/index.php\/arte\/calendario-2022\/#breadcrumb","itemListElement":[{"@type":"ListItem","position":1,"name":"Portada","item":"https:\/\/www.victorarandagarcia.es\/"},{"@type":"ListItem","position":2,"name":"Calendario 2022"}]},{"@type":"WebSite","@id":"https:\/\/www.victorarandagarcia.es\/#website","url":"https:\/\/www.victorarandagarcia.es\/","name":"arte y estudio","description":"Fot\u00f3grafo","publisher":{"@id":"https:\/\/www.victorarandagarcia.es\/#organization"},"potentialAction":[{"@type":"SearchAction","target":{"@type":"EntryPoint","urlTemplate":"https:\/\/www.victorarandagarcia.es\/?s={search_term_string}"},"query-input":"required name=search_term_string"}],"inLanguage":"es"},{"@type":"Organization","@id":"https:\/\/www.victorarandagarcia.es\/#organization","name":"arte y estudio","url":"https:\/\/www.victorarandagarcia.es\/","logo":{"@type":"ImageObject","inLanguage":"es","@id":"https:\/\/www.victorarandagarcia.es\/#\/schema\/logo\/image\/","url":"https:\/\/www.victorarandagarcia.es\/wp-content\/uploads\/2019\/03\/logo-fotografo.png","contentUrl":"https:\/\/www.victorarandagarcia.es\/wp-content\/uploads\/2019\/03\/logo-fotografo.png","width":150,"height":150,"caption":"arte y estudio"},"image":{"@id":"https:\/\/www.victorarandagarcia.es\/#\/schema\/logo\/image\/"}},{"@type":"Person","@id":"https:\/\/www.victorarandagarcia.es\/#\/schema\/person\/bfa9c61a3776d517deeee5f9386ef302","name":"victorarandagarcia","image":{"@type":"ImageObject","inLanguage":"es","@id":"https:\/\/www.victorarandagarcia.es\/#\/schema\/person\/image\/","url":"https:\/\/secure.gravatar.com\/avatar\/957a01ac23a6393e755ae8225c35dbdb?s=96&d=mm&r=g","contentUrl":"https:\/\/secure.gravatar.com\/avatar\/957a01ac23a6393e755ae8225c35dbdb?s=96&d=mm&r=g","caption":"victorarandagarcia"}}]}},"jetpack_featured_media_url":"https:\/\/www.victorarandagarcia.es\/wp-content\/uploads\/01-calendario-2022.jpg","jetpack_sharing_enabled":true,"_links":{"self":[{"href":"https:\/\/www.victorarandagarcia.es\/index.php\/wp-json\/wp\/v2\/posts\/3126"}],"collection":[{"href":"https:\/\/www.victorarandagarcia.es\/index.php\/wp-json\/wp\/v2\/posts"}],"about":[{"href":"https:\/\/www.victorarandagarcia.es\/index.php\/wp-json\/wp\/v2\/types\/post"}],"author":[{"embeddable":true,"href":"https:\/\/www.victorarandagarcia.es\/index.php\/wp-json\/wp\/v2\/users\/1"}],"replies":[{"embeddable":true,"href":"https:\/\/www.victorarandagarcia.es\/index.php\/wp-json\/wp\/v2\/comments?post=3126"}],"version-history":[{"count":1,"href":"https:\/\/www.victorarandagarcia.es\/index.php\/wp-json\/wp\/v2\/posts\/3126\/revisions"}],"predecessor-version":[{"id":3127,"href":"https:\/\/www.victorarandagarcia.es\/index.php\/wp-json\/wp\/v2\/posts\/3126\/revisions\/3127"}],"wp:featuredmedia":[{"embeddable":true,"href":"https:\/\/www.victorarandagarcia.es\/index.php\/wp-json\/wp\/v2\/media\/3113"}],"wp:attachment":[{"href":"https:\/\/www.victorarandagarcia.es\/index.php\/wp-json\/wp\/v2\/media?parent=3126"}],"wp:term":[{"taxonomy":"category","embeddable":true,"href":"https:\/\/www.victorarandagarcia.es\/index.php\/wp-json\/wp\/v2\/categories?post=3126"},{"taxonomy":"post_tag","embeddable":true,"href":"https:\/\/www.victorarandagarcia.es\/index.php\/wp-json\/wp\/v2\/tags?post=3126"}],"curies":[{"name":"wp","href":"https:\/\/api.w.org\/{rel}","templated":true}]}}