{"id":3015,"date":"2020-11-28T20:39:55","date_gmt":"2020-11-28T19:39:55","guid":{"rendered":"https:\/\/www.victorarandagarcia.es\/?p=3015"},"modified":"2021-01-26T16:14:32","modified_gmt":"2021-01-26T15:14:32","slug":"calendario-2021","status":"publish","type":"post","link":"https:\/\/www.victorarandagarcia.es\/index.php\/publicaciones\/calendario\/calendario-2021\/","title":{"rendered":"Calendario 2021"},"content":{"rendered":"\n<div class=\"wp-block-image\"><figure class=\"aligncenter\"><img data-attachment-id=\"3029\" data-permalink=\"https:\/\/www.victorarandagarcia.es\/index.php\/publicaciones\/calendario\/calendario-2021\/attachment\/01-calendario-2021-1\/\" data-orig-file=\"https:\/\/www.victorarandagarcia.es\/wp-content\/uploads\/01-calendario-2021-1.jpg\" data-orig-size=\"509,720\" data-comments-opened=\"0\" data-image-meta=\"{&quot;aperture&quot;:&quot;0&quot;,&quot;credit&quot;:&quot;&quot;,&quot;camera&quot;:&quot;&quot;,&quot;caption&quot;:&quot;&quot;,&quot;created_timestamp&quot;:&quot;0&quot;,&quot;copyright&quot;:&quot;&quot;,&quot;focal_length&quot;:&quot;0&quot;,&quot;iso&quot;:&quot;0&quot;,&quot;shutter_speed&quot;:&quot;0&quot;,&quot;title&quot;:&quot;&quot;,&quot;orientation&quot;:&quot;1&quot;}\" data-image-title=\"01-calendario-2021-1\" data-image-description=\"\" data-image-caption=\"\" data-medium-file=\"https:\/\/www.victorarandagarcia.es\/wp-content\/uploads\/01-calendario-2021-1-212x300.jpg\" data-large-file=\"https:\/\/www.victorarandagarcia.es\/wp-content\/uploads\/01-calendario-2021-1.jpg\" decoding=\"async\" loading=\"lazy\" width=\"509\" height=\"720\" src=\"https:\/\/www.victorarandagarcia.es\/wp-content\/uploads\/01-calendario-2021-1.jpg\" alt=\"\" class=\"wp-image-3029\" srcset=\"https:\/\/www.victorarandagarcia.es\/wp-content\/uploads\/01-calendario-2021-1.jpg 509w, https:\/\/www.victorarandagarcia.es\/wp-content\/uploads\/01-calendario-2021-1-212x300.jpg 212w\" sizes=\"(max-width: 509px) 100vw, 509px\" \/><\/figure><\/div>\n\n\n\n<p>El calendario 2021 lo he dedicado a la serie&nbsp;<strong><em><a href=\"https:\/\/www.victorarandagarcia.es\/index.php\/category\/arte\/variaciones\/\">\u201cVariaciones\u201d<\/a><\/em><\/strong>, una extensa colecci\u00f3n de fotograf\u00edas que realizo desde 2002 en la que predomina el trabajo de estudio con objetos cotidianos. El formato es el habitual, un calendario para colgar en pared de tama\u00f1o A3 (aproximadamente 43&#215;30 cent\u00edmetros) con un dise\u00f1o que no descuida su uso pr\u00e1ctico. Su precio son 15 euros. Si te interesa puedes dejar tus datos <a href=\"https:\/\/www.victorarandagarcia.es\/index.php\/contacto\/\">aqu\u00ed<\/a> (en la secci\u00f3n de <a href=\"https:\/\/www.victorarandagarcia.es\/index.php\/contacto\/\">contacto<\/a>) y te contactar\u00e9 para la entrega o env\u00edo del calendario. Adjunto a continuaci\u00f3n algunas muestras con el dise\u00f1o y las fotograf\u00edas que he seleccionado, junto a una breve explicaci\u00f3n al final. \u00a1Feliz 2021!<br><br>(*) ACTUALIZACI\u00d3N (5 de enero, 2021): Hace algunas semanas una amiga me pregunt\u00f3 si podr\u00eda hacer una versi\u00f3n de sobremesa del calendario que hago todos los a\u00f1os con mi trabajo. Ayer por la tarde por fin pude terminarlo. Es la primera vez que hago este formato, por el momento es s\u00f3lo un prototipo que he hecho casi a mano, pero si gusta y hay personas interesadas podr\u00eda hacer m\u00e1s. Tambi\u00e9n me quedan algunos calendarios en su versi\u00f3n de pared disponibles todav\u00eda. <a href=\"https:\/\/victorarandagarcia.blogspot.com\/\">En mi blog<\/a> he colgado un par de fotos que he hecho al calendario de sobremesa, pod\u00e9is verlo pinchando aqu\u00ed: <a href=\"https:\/\/victorarandagarcia.blogspot.com\/2021\/01\/calendario-de-sobremesa.html\">versi\u00f3n sobremesa del calendario<\/a>.<\/p>\n\n\n\n<ul><li><strong><em>Maneras de romperse<\/em><\/strong>: nueve fotograf\u00edas en blanco y negro de baldosas rotas sobre suelo de baldosas.<\/li><\/ul>\n\n\n\n<div class=\"wp-block-image\"><figure class=\"aligncenter\"><img data-attachment-id=\"3051\" data-permalink=\"https:\/\/www.victorarandagarcia.es\/02-foto-calendario\/\" data-orig-file=\"https:\/\/www.victorarandagarcia.es\/wp-content\/uploads\/02-foto-calendario.jpg\" data-orig-size=\"720,720\" data-comments-opened=\"0\" data-image-meta=\"{&quot;aperture&quot;:&quot;8&quot;,&quot;credit&quot;:&quot;Victor Aranda Garcia&quot;,&quot;camera&quot;:&quot;Canon EOS 50D&quot;,&quot;caption&quot;:&quot;&quot;,&quot;created_timestamp&quot;:&quot;1606737501&quot;,&quot;copyright&quot;:&quot;Victor Aranda Garcia&quot;,&quot;focal_length&quot;:&quot;50&quot;,&quot;iso&quot;:&quot;100&quot;,&quot;shutter_speed&quot;:&quot;0.003125&quot;,&quot;title&quot;:&quot;&quot;,&quot;orientation&quot;:&quot;1&quot;}\" data-image-title=\"02-foto-calendario\" data-image-description=\"&lt;p&gt;Maneras de romperse (Fuente \u00c1lamo 2016)&lt;\/p&gt;\n\" data-image-caption=\"\" data-medium-file=\"https:\/\/www.victorarandagarcia.es\/wp-content\/uploads\/02-foto-calendario-300x300.jpg\" data-large-file=\"https:\/\/www.victorarandagarcia.es\/wp-content\/uploads\/02-foto-calendario.jpg\" decoding=\"async\" loading=\"lazy\" width=\"720\" height=\"720\" src=\"https:\/\/www.victorarandagarcia.es\/wp-content\/uploads\/02-foto-calendario.jpg\" alt=\"Composici\u00f3n de nueve fotograf\u00edas en blanco y negro de baldosas rotas\" class=\"wp-image-3051\" srcset=\"https:\/\/www.victorarandagarcia.es\/wp-content\/uploads\/02-foto-calendario.jpg 720w, https:\/\/www.victorarandagarcia.es\/wp-content\/uploads\/02-foto-calendario-150x150.jpg 150w, https:\/\/www.victorarandagarcia.es\/wp-content\/uploads\/02-foto-calendario-300x300.jpg 300w, https:\/\/www.victorarandagarcia.es\/wp-content\/uploads\/02-foto-calendario-533x533.jpg 533w, https:\/\/www.victorarandagarcia.es\/wp-content\/uploads\/02-foto-calendario-640x640.jpg 640w, https:\/\/www.victorarandagarcia.es\/wp-content\/uploads\/02-foto-calendario-50x50.jpg 50w\" sizes=\"(max-width: 720px) 100vw, 720px\" \/><\/figure><\/div>\n\n\n\n<ul><li><strong><em>2A4<\/em><\/strong>: seis fotograf\u00edas en blanco y negro realizadas en estudio con dos papeles de tama\u00f1o A4 y sus sombras.<\/li><\/ul>\n\n\n\n<div class=\"wp-block-image\"><figure class=\"aligncenter\"><img data-attachment-id=\"3018\" data-permalink=\"https:\/\/www.victorarandagarcia.es\/index.php\/publicaciones\/calendario\/calendario-2021\/attachment\/03-calendario-2021-fotografia\/\" data-orig-file=\"https:\/\/www.victorarandagarcia.es\/wp-content\/uploads\/03-calendario-2021-fotografia.jpg\" data-orig-size=\"509,720\" data-comments-opened=\"0\" data-image-meta=\"{&quot;aperture&quot;:&quot;0&quot;,&quot;credit&quot;:&quot;&quot;,&quot;camera&quot;:&quot;&quot;,&quot;caption&quot;:&quot;&quot;,&quot;created_timestamp&quot;:&quot;0&quot;,&quot;copyright&quot;:&quot;&quot;,&quot;focal_length&quot;:&quot;0&quot;,&quot;iso&quot;:&quot;0&quot;,&quot;shutter_speed&quot;:&quot;0&quot;,&quot;title&quot;:&quot;&quot;,&quot;orientation&quot;:&quot;1&quot;}\" data-image-title=\"03-calendario-2021-fotografia\" data-image-description=\"&lt;p&gt;2A4 (Valencia 2010-2013)&lt;\/p&gt;\n\" data-image-caption=\"\" data-medium-file=\"https:\/\/www.victorarandagarcia.es\/wp-content\/uploads\/03-calendario-2021-fotografia-212x300.jpg\" data-large-file=\"https:\/\/www.victorarandagarcia.es\/wp-content\/uploads\/03-calendario-2021-fotografia.jpg\" decoding=\"async\" loading=\"lazy\" width=\"509\" height=\"720\" src=\"https:\/\/www.victorarandagarcia.es\/wp-content\/uploads\/03-calendario-2021-fotografia.jpg\" alt=\"P\u00e1gina del dise\u00f1o del calendario con fotograf\u00edas en blanco y negro\" class=\"wp-image-3018\" srcset=\"https:\/\/www.victorarandagarcia.es\/wp-content\/uploads\/03-calendario-2021-fotografia.jpg 509w, https:\/\/www.victorarandagarcia.es\/wp-content\/uploads\/03-calendario-2021-fotografia-212x300.jpg 212w\" sizes=\"(max-width: 509px) 100vw, 509px\" \/><\/figure><\/div>\n\n\n\n<ul><li><strong><em>LOVE<\/em><\/strong>: secuencia de nueve fotograf\u00edas tomadas de noche cerca de un hormiguero con una cartulina blanca, az\u00facar moreno y luz de estudio.<\/li><\/ul>\n\n\n\n<div class=\"wp-block-image\"><figure class=\"aligncenter\"><img data-attachment-id=\"3019\" data-permalink=\"https:\/\/www.victorarandagarcia.es\/index.php\/publicaciones\/calendario\/calendario-2021\/attachment\/04-calendario-2021\/\" data-orig-file=\"https:\/\/www.victorarandagarcia.es\/wp-content\/uploads\/04-calendario-2021.jpg\" data-orig-size=\"800,826\" data-comments-opened=\"0\" data-image-meta=\"{&quot;aperture&quot;:&quot;7.1&quot;,&quot;credit&quot;:&quot;&quot;,&quot;camera&quot;:&quot;Canon EOS 400D DIGITAL&quot;,&quot;caption&quot;:&quot;&quot;,&quot;created_timestamp&quot;:&quot;1220138068&quot;,&quot;copyright&quot;:&quot;&quot;,&quot;focal_length&quot;:&quot;55&quot;,&quot;iso&quot;:&quot;200&quot;,&quot;shutter_speed&quot;:&quot;0.016666666666667&quot;,&quot;title&quot;:&quot;&quot;,&quot;orientation&quot;:&quot;1&quot;}\" data-image-title=\"04-calendario-2021\" data-image-description=\"&lt;p&gt;LOVE (B\u00e9tera 2008)&lt;\/p&gt;\n\" data-image-caption=\"\" data-medium-file=\"https:\/\/www.victorarandagarcia.es\/wp-content\/uploads\/04-calendario-2021-291x300.jpg\" data-large-file=\"https:\/\/www.victorarandagarcia.es\/wp-content\/uploads\/04-calendario-2021.jpg\" decoding=\"async\" loading=\"lazy\" width=\"800\" height=\"826\" src=\"https:\/\/www.victorarandagarcia.es\/wp-content\/uploads\/04-calendario-2021.jpg\" alt=\"Fotograf\u00edas de hormigas tomando el az\u00facar con el que ha sido escrita la palabra LOVE\" class=\"wp-image-3019\" srcset=\"https:\/\/www.victorarandagarcia.es\/wp-content\/uploads\/04-calendario-2021.jpg 800w, https:\/\/www.victorarandagarcia.es\/wp-content\/uploads\/04-calendario-2021-291x300.jpg 291w, https:\/\/www.victorarandagarcia.es\/wp-content\/uploads\/04-calendario-2021-768x793.jpg 768w\" sizes=\"(max-width: 800px) 100vw, 800px\" \/><\/figure><\/div>\n\n\n\n<ul><li><strong><em>Fuego \/ Variaciones<\/em><\/strong>: seis fotograf\u00edas en blanco y negro de una hoguera.<\/li><\/ul>\n\n\n\n<div class=\"wp-block-image\"><figure class=\"aligncenter\"><img data-attachment-id=\"3020\" data-permalink=\"https:\/\/www.victorarandagarcia.es\/index.php\/publicaciones\/calendario\/calendario-2021\/attachment\/05-calendario-2021\/\" data-orig-file=\"https:\/\/www.victorarandagarcia.es\/wp-content\/uploads\/05-calendario-2021.jpg\" data-orig-size=\"509,720\" data-comments-opened=\"0\" data-image-meta=\"{&quot;aperture&quot;:&quot;0&quot;,&quot;credit&quot;:&quot;&quot;,&quot;camera&quot;:&quot;&quot;,&quot;caption&quot;:&quot;&quot;,&quot;created_timestamp&quot;:&quot;0&quot;,&quot;copyright&quot;:&quot;&quot;,&quot;focal_length&quot;:&quot;0&quot;,&quot;iso&quot;:&quot;0&quot;,&quot;shutter_speed&quot;:&quot;0&quot;,&quot;title&quot;:&quot;&quot;,&quot;orientation&quot;:&quot;1&quot;}\" data-image-title=\"05-calendario-2021\" data-image-description=\"&lt;p&gt;Fuego \/ Variaciones (B\u00e9tera 2012)&lt;\/p&gt;\n\" data-image-caption=\"\" data-medium-file=\"https:\/\/www.victorarandagarcia.es\/wp-content\/uploads\/05-calendario-2021-212x300.jpg\" data-large-file=\"https:\/\/www.victorarandagarcia.es\/wp-content\/uploads\/05-calendario-2021.jpg\" decoding=\"async\" loading=\"lazy\" width=\"509\" height=\"720\" src=\"https:\/\/www.victorarandagarcia.es\/wp-content\/uploads\/05-calendario-2021.jpg\" alt=\"\" class=\"wp-image-3020\" srcset=\"https:\/\/www.victorarandagarcia.es\/wp-content\/uploads\/05-calendario-2021.jpg 509w, https:\/\/www.victorarandagarcia.es\/wp-content\/uploads\/05-calendario-2021-212x300.jpg 212w\" sizes=\"(max-width: 509px) 100vw, 509px\" \/><\/figure><\/div>\n\n\n\n<ul><li><strong><em>Humo \/ Variaciones<\/em><\/strong>: cinco fotograf\u00edas en blanco y negro de humo realizadas en estudio sobre fondo negro e invertidas para su presentaci\u00f3n.<\/li><\/ul>\n\n\n\n<div class=\"wp-block-image\"><figure class=\"aligncenter\"><img data-attachment-id=\"3021\" data-permalink=\"https:\/\/www.victorarandagarcia.es\/index.php\/publicaciones\/calendario\/calendario-2021\/attachment\/06-calendario-2021\/\" data-orig-file=\"https:\/\/www.victorarandagarcia.es\/wp-content\/uploads\/06-calendario-2021.jpg\" data-orig-size=\"509,720\" data-comments-opened=\"0\" data-image-meta=\"{&quot;aperture&quot;:&quot;0&quot;,&quot;credit&quot;:&quot;&quot;,&quot;camera&quot;:&quot;&quot;,&quot;caption&quot;:&quot;&quot;,&quot;created_timestamp&quot;:&quot;0&quot;,&quot;copyright&quot;:&quot;&quot;,&quot;focal_length&quot;:&quot;0&quot;,&quot;iso&quot;:&quot;0&quot;,&quot;shutter_speed&quot;:&quot;0&quot;,&quot;title&quot;:&quot;&quot;,&quot;orientation&quot;:&quot;1&quot;}\" data-image-title=\"06-calendario-2021\" data-image-description=\"&lt;p&gt;Humo \/ Variaciones (Valencia 2011)&lt;\/p&gt;\n\" data-image-caption=\"\" data-medium-file=\"https:\/\/www.victorarandagarcia.es\/wp-content\/uploads\/06-calendario-2021-212x300.jpg\" data-large-file=\"https:\/\/www.victorarandagarcia.es\/wp-content\/uploads\/06-calendario-2021.jpg\" decoding=\"async\" loading=\"lazy\" width=\"509\" height=\"720\" src=\"https:\/\/www.victorarandagarcia.es\/wp-content\/uploads\/06-calendario-2021.jpg\" alt=\"Dise\u00f1o de una p\u00e1gina del calendario 2021 con fotograf\u00edas art\u00edsticas de humo\" class=\"wp-image-3021\" srcset=\"https:\/\/www.victorarandagarcia.es\/wp-content\/uploads\/06-calendario-2021.jpg 509w, https:\/\/www.victorarandagarcia.es\/wp-content\/uploads\/06-calendario-2021-212x300.jpg 212w\" sizes=\"(max-width: 509px) 100vw, 509px\" \/><\/figure><\/div>\n\n\n\n<ul><li><strong><em>Latas aplastadas sobre cat\u00e1logo de Carrefour retroiluminado<\/em><\/strong>: cinco fotograf\u00edas realizadas en estudio de latas encontradas en la calle dispuestas sobre las p\u00e1ginas de un cat\u00e1logo comercial de un hipermercado iluminado por detr\u00e1s.<\/li><\/ul>\n\n\n\n<div class=\"wp-block-image\"><figure class=\"aligncenter\"><img data-attachment-id=\"3046\" data-permalink=\"https:\/\/www.victorarandagarcia.es\/index.php\/publicaciones\/calendario\/calendario-2021\/attachment\/07-calendario-2021\/\" data-orig-file=\"https:\/\/www.victorarandagarcia.es\/wp-content\/uploads\/07-calendario-2021.jpg\" data-orig-size=\"720,487\" data-comments-opened=\"0\" data-image-meta=\"{&quot;aperture&quot;:&quot;0&quot;,&quot;credit&quot;:&quot;&quot;,&quot;camera&quot;:&quot;&quot;,&quot;caption&quot;:&quot;&quot;,&quot;created_timestamp&quot;:&quot;1606706916&quot;,&quot;copyright&quot;:&quot;&quot;,&quot;focal_length&quot;:&quot;0&quot;,&quot;iso&quot;:&quot;0&quot;,&quot;shutter_speed&quot;:&quot;0&quot;,&quot;title&quot;:&quot;&quot;,&quot;orientation&quot;:&quot;1&quot;}\" data-image-title=\"07-calendario-2021\" data-image-description=\"&lt;p&gt;Latas aplastadas sobre cat\u00e1logo de Carrefour retroiluminado (Valencia 2009-2010)&lt;\/p&gt;\n\" data-image-caption=\"\" data-medium-file=\"https:\/\/www.victorarandagarcia.es\/wp-content\/uploads\/07-calendario-2021-300x203.jpg\" data-large-file=\"https:\/\/www.victorarandagarcia.es\/wp-content\/uploads\/07-calendario-2021.jpg\" decoding=\"async\" loading=\"lazy\" width=\"720\" height=\"487\" src=\"https:\/\/www.victorarandagarcia.es\/wp-content\/uploads\/07-calendario-2021.jpg\" alt=\"Dise\u00f1o de calendario con cinco fotograf\u00edas de latas aplastadas sobre las p\u00e1ginas de un cat\u00e1logo comercial\" class=\"wp-image-3046\" srcset=\"https:\/\/www.victorarandagarcia.es\/wp-content\/uploads\/07-calendario-2021.jpg 720w, https:\/\/www.victorarandagarcia.es\/wp-content\/uploads\/07-calendario-2021-300x203.jpg 300w\" sizes=\"(max-width: 720px) 100vw, 720px\" \/><\/figure><\/div>\n\n\n\n<ul><li><strong><em>BIG POP CORN BANG<\/em><\/strong>: quince fotograf\u00edas en blanco y negro realizadas en estudio de palomitas y un grano de ma\u00edz sobre fondo negro.<\/li><\/ul>\n\n\n\n<div class=\"wp-block-image\"><figure class=\"aligncenter\"><img data-attachment-id=\"3022\" data-permalink=\"https:\/\/www.victorarandagarcia.es\/index.php\/publicaciones\/calendario\/calendario-2021\/attachment\/08-calendario-2021\/\" data-orig-file=\"https:\/\/www.victorarandagarcia.es\/wp-content\/uploads\/08-calendario-2021.jpg\" data-orig-size=\"720,590\" data-comments-opened=\"0\" data-image-meta=\"{&quot;aperture&quot;:&quot;0&quot;,&quot;credit&quot;:&quot;&quot;,&quot;camera&quot;:&quot;&quot;,&quot;caption&quot;:&quot;&quot;,&quot;created_timestamp&quot;:&quot;1606666963&quot;,&quot;copyright&quot;:&quot;&quot;,&quot;focal_length&quot;:&quot;0&quot;,&quot;iso&quot;:&quot;0&quot;,&quot;shutter_speed&quot;:&quot;0&quot;,&quot;title&quot;:&quot;&quot;,&quot;orientation&quot;:&quot;1&quot;}\" data-image-title=\"08-calendario-2021\" data-image-description=\"&lt;p&gt;BIG POP CORN BANG (Valencia 2010)&lt;\/p&gt;\n\" data-image-caption=\"\" data-medium-file=\"https:\/\/www.victorarandagarcia.es\/wp-content\/uploads\/08-calendario-2021-300x246.jpg\" data-large-file=\"https:\/\/www.victorarandagarcia.es\/wp-content\/uploads\/08-calendario-2021.jpg\" decoding=\"async\" loading=\"lazy\" width=\"720\" height=\"590\" src=\"https:\/\/www.victorarandagarcia.es\/wp-content\/uploads\/08-calendario-2021.jpg\" alt=\"Composici\u00f3n de fotograf\u00edas de palomitas de ma\u00edz en blanco y negro\" class=\"wp-image-3022\" srcset=\"https:\/\/www.victorarandagarcia.es\/wp-content\/uploads\/08-calendario-2021.jpg 720w, https:\/\/www.victorarandagarcia.es\/wp-content\/uploads\/08-calendario-2021-300x246.jpg 300w\" sizes=\"(max-width: 720px) 100vw, 720px\" \/><\/figure><\/div>\n\n\n\n<ul><li><strong><em>Mar adentro<\/em><\/strong>: siete fotograf\u00edas de los pies del autor en diferentes lugares.<\/li><\/ul>\n\n\n\n<div class=\"wp-block-image\"><figure class=\"aligncenter\"><img data-attachment-id=\"3023\" data-permalink=\"https:\/\/www.victorarandagarcia.es\/index.php\/publicaciones\/calendario\/calendario-2021\/attachment\/09-calendario-2021\/\" data-orig-file=\"https:\/\/www.victorarandagarcia.es\/wp-content\/uploads\/09-calendario-2021.jpg\" data-orig-size=\"720,570\" data-comments-opened=\"0\" data-image-meta=\"{&quot;aperture&quot;:&quot;0&quot;,&quot;credit&quot;:&quot;&quot;,&quot;camera&quot;:&quot;&quot;,&quot;caption&quot;:&quot;&quot;,&quot;created_timestamp&quot;:&quot;1606666580&quot;,&quot;copyright&quot;:&quot;&quot;,&quot;focal_length&quot;:&quot;0&quot;,&quot;iso&quot;:&quot;0&quot;,&quot;shutter_speed&quot;:&quot;0&quot;,&quot;title&quot;:&quot;&quot;,&quot;orientation&quot;:&quot;1&quot;}\" data-image-title=\"09-calendario-2021\" data-image-description=\"&lt;p&gt;Mar adentro (Espa\u00f1a 2014-2016)&lt;\/p&gt;\n\" data-image-caption=\"\" data-medium-file=\"https:\/\/www.victorarandagarcia.es\/wp-content\/uploads\/09-calendario-2021-300x238.jpg\" data-large-file=\"https:\/\/www.victorarandagarcia.es\/wp-content\/uploads\/09-calendario-2021.jpg\" decoding=\"async\" loading=\"lazy\" width=\"720\" height=\"570\" src=\"https:\/\/www.victorarandagarcia.es\/wp-content\/uploads\/09-calendario-2021.jpg\" alt=\"\" class=\"wp-image-3023\" srcset=\"https:\/\/www.victorarandagarcia.es\/wp-content\/uploads\/09-calendario-2021.jpg 720w, https:\/\/www.victorarandagarcia.es\/wp-content\/uploads\/09-calendario-2021-300x238.jpg 300w\" sizes=\"(max-width: 720px) 100vw, 720px\" \/><\/figure><\/div>\n\n\n\n<ul><li><strong><em>R@stros:<\/em><\/strong> tres secuencias de fotograf\u00edas en blanco y negro; <em>John Paul<\/em>; <em>Kaiko<\/em> y <em>Autorretrato (quien se mueve no sale en la foto)<\/em>.<\/li><\/ul>\n\n\n\n<div class=\"wp-block-image\"><figure class=\"aligncenter\"><img data-attachment-id=\"3024\" data-permalink=\"https:\/\/www.victorarandagarcia.es\/index.php\/publicaciones\/calendario\/calendario-2021\/attachment\/10-calendario-2021\/\" data-orig-file=\"https:\/\/www.victorarandagarcia.es\/wp-content\/uploads\/10-calendario-2021.jpg\" data-orig-size=\"438,604\" data-comments-opened=\"0\" data-image-meta=\"{&quot;aperture&quot;:&quot;0&quot;,&quot;credit&quot;:&quot;&quot;,&quot;camera&quot;:&quot;&quot;,&quot;caption&quot;:&quot;&quot;,&quot;created_timestamp&quot;:&quot;0&quot;,&quot;copyright&quot;:&quot;&quot;,&quot;focal_length&quot;:&quot;0&quot;,&quot;iso&quot;:&quot;0&quot;,&quot;shutter_speed&quot;:&quot;0&quot;,&quot;title&quot;:&quot;&quot;,&quot;orientation&quot;:&quot;1&quot;}\" data-image-title=\"10-calendario-2021\" data-image-description=\"&lt;p&gt;John Paul \/ Variaciones (Valencia 2002)&lt;\/p&gt;\n\" data-image-caption=\"\" data-medium-file=\"https:\/\/www.victorarandagarcia.es\/wp-content\/uploads\/10-calendario-2021-218x300.jpg\" data-large-file=\"https:\/\/www.victorarandagarcia.es\/wp-content\/uploads\/10-calendario-2021.jpg\" decoding=\"async\" loading=\"lazy\" width=\"438\" height=\"604\" src=\"https:\/\/www.victorarandagarcia.es\/wp-content\/uploads\/10-calendario-2021.jpg\" alt=\"Secuencia de nueve retratos en blanco y negro de un chico al que se corta el pelo\" class=\"wp-image-3024\" srcset=\"https:\/\/www.victorarandagarcia.es\/wp-content\/uploads\/10-calendario-2021.jpg 438w, https:\/\/www.victorarandagarcia.es\/wp-content\/uploads\/10-calendario-2021-218x300.jpg 218w\" sizes=\"(max-width: 438px) 100vw, 438px\" \/><\/figure><\/div>\n\n\n\n<ul><li><strong><em>Carteles \/ Variaciones<\/em><\/strong>: fotograf\u00edas de diferentes carteles tomadas en la calle.<\/li><\/ul>\n\n\n\n<div class=\"wp-block-image\"><figure class=\"aligncenter\"><img data-attachment-id=\"3025\" data-permalink=\"https:\/\/www.victorarandagarcia.es\/index.php\/publicaciones\/calendario\/calendario-2021\/attachment\/11-calendario-2021\/\" data-orig-file=\"https:\/\/www.victorarandagarcia.es\/wp-content\/uploads\/11-calendario-2021.jpg\" data-orig-size=\"720,720\" data-comments-opened=\"0\" data-image-meta=\"{&quot;aperture&quot;:&quot;4.5&quot;,&quot;credit&quot;:&quot;Victor Aranda Garcia&quot;,&quot;camera&quot;:&quot;Canon EOS 50D&quot;,&quot;caption&quot;:&quot;&quot;,&quot;created_timestamp&quot;:&quot;1294423145&quot;,&quot;copyright&quot;:&quot;&quot;,&quot;focal_length&quot;:&quot;50&quot;,&quot;iso&quot;:&quot;400&quot;,&quot;shutter_speed&quot;:&quot;0.00625&quot;,&quot;title&quot;:&quot;&quot;,&quot;orientation&quot;:&quot;1&quot;}\" data-image-title=\"11-calendario-2021\" data-image-description=\"&lt;p&gt;Carteles \/ Variaciones (Valencia 2010)&lt;\/p&gt;\n\" data-image-caption=\"\" data-medium-file=\"https:\/\/www.victorarandagarcia.es\/wp-content\/uploads\/11-calendario-2021-300x300.jpg\" data-large-file=\"https:\/\/www.victorarandagarcia.es\/wp-content\/uploads\/11-calendario-2021.jpg\" decoding=\"async\" loading=\"lazy\" width=\"720\" height=\"720\" src=\"https:\/\/www.victorarandagarcia.es\/wp-content\/uploads\/11-calendario-2021.jpg\" alt=\"Seis fotograf\u00edas de diferentes carteles con el rostro del m\u00fasico Chris Isaak\" class=\"wp-image-3025\" srcset=\"https:\/\/www.victorarandagarcia.es\/wp-content\/uploads\/11-calendario-2021.jpg 720w, https:\/\/www.victorarandagarcia.es\/wp-content\/uploads\/11-calendario-2021-150x150.jpg 150w, https:\/\/www.victorarandagarcia.es\/wp-content\/uploads\/11-calendario-2021-300x300.jpg 300w, https:\/\/www.victorarandagarcia.es\/wp-content\/uploads\/11-calendario-2021-533x533.jpg 533w, https:\/\/www.victorarandagarcia.es\/wp-content\/uploads\/11-calendario-2021-640x640.jpg 640w, https:\/\/www.victorarandagarcia.es\/wp-content\/uploads\/11-calendario-2021-50x50.jpg 50w\" sizes=\"(max-width: 720px) 100vw, 720px\" \/><\/figure><\/div>\n\n\n\n<ul><li><strong><em>Nidos Vac\u00edos Ca\u00eddos<\/em><\/strong>: cuatro fotograf\u00edas en blanco y negro tomadas en estudio de nidos de ave encontrados en el suelo.<\/li><\/ul>\n\n\n\n<div class=\"wp-block-image\"><figure class=\"aligncenter\"><img data-attachment-id=\"3026\" data-permalink=\"https:\/\/www.victorarandagarcia.es\/index.php\/publicaciones\/calendario\/calendario-2021\/attachment\/12-calendario-2021\/\" data-orig-file=\"https:\/\/www.victorarandagarcia.es\/wp-content\/uploads\/12-calendario-2021.jpg\" data-orig-size=\"509,720\" data-comments-opened=\"0\" data-image-meta=\"{&quot;aperture&quot;:&quot;0&quot;,&quot;credit&quot;:&quot;&quot;,&quot;camera&quot;:&quot;&quot;,&quot;caption&quot;:&quot;&quot;,&quot;created_timestamp&quot;:&quot;0&quot;,&quot;copyright&quot;:&quot;&quot;,&quot;focal_length&quot;:&quot;0&quot;,&quot;iso&quot;:&quot;0&quot;,&quot;shutter_speed&quot;:&quot;0&quot;,&quot;title&quot;:&quot;&quot;,&quot;orientation&quot;:&quot;1&quot;}\" data-image-title=\"12-calendario-2021\" data-image-description=\"&lt;p&gt;Nidos Vac\u00edos Ca\u00eddos (Fuente \u00c1lamo 2016)&lt;\/p&gt;\n\" data-image-caption=\"\" data-medium-file=\"https:\/\/www.victorarandagarcia.es\/wp-content\/uploads\/12-calendario-2021-212x300.jpg\" data-large-file=\"https:\/\/www.victorarandagarcia.es\/wp-content\/uploads\/12-calendario-2021.jpg\" decoding=\"async\" loading=\"lazy\" width=\"509\" height=\"720\" src=\"https:\/\/www.victorarandagarcia.es\/wp-content\/uploads\/12-calendario-2021.jpg\" alt=\"\" class=\"wp-image-3026\" srcset=\"https:\/\/www.victorarandagarcia.es\/wp-content\/uploads\/12-calendario-2021.jpg 509w, https:\/\/www.victorarandagarcia.es\/wp-content\/uploads\/12-calendario-2021-212x300.jpg 212w\" sizes=\"(max-width: 509px) 100vw, 509px\" \/><\/figure><\/div>\n\n\n\n<ul><li><strong><em>Capricho de Oto\u00f1o:<\/em><\/strong> doce fotograf\u00edas de las hojas de un \u00e1rbol ca\u00eddas en oto\u00f1o tomadas en estudio sobre una hoja de papel. <\/li><\/ul>\n\n\n\n<div class=\"wp-block-image\"><figure class=\"aligncenter\"><img data-attachment-id=\"3027\" data-permalink=\"https:\/\/www.victorarandagarcia.es\/index.php\/publicaciones\/calendario\/calendario-2021\/attachment\/13-calendario-2021\/\" data-orig-file=\"https:\/\/www.victorarandagarcia.es\/wp-content\/uploads\/13-calendario-2021.jpg\" data-orig-size=\"720,542\" data-comments-opened=\"0\" data-image-meta=\"{&quot;aperture&quot;:&quot;0&quot;,&quot;credit&quot;:&quot;&quot;,&quot;camera&quot;:&quot;&quot;,&quot;caption&quot;:&quot;&quot;,&quot;created_timestamp&quot;:&quot;1606665643&quot;,&quot;copyright&quot;:&quot;&quot;,&quot;focal_length&quot;:&quot;0&quot;,&quot;iso&quot;:&quot;0&quot;,&quot;shutter_speed&quot;:&quot;0&quot;,&quot;title&quot;:&quot;&quot;,&quot;orientation&quot;:&quot;1&quot;}\" data-image-title=\"13-calendario-2021\" data-image-description=\"&lt;p&gt;Capricho de oto\u00f1o (Valencia 2010)&lt;\/p&gt;\n\" data-image-caption=\"\" data-medium-file=\"https:\/\/www.victorarandagarcia.es\/wp-content\/uploads\/13-calendario-2021-300x226.jpg\" data-large-file=\"https:\/\/www.victorarandagarcia.es\/wp-content\/uploads\/13-calendario-2021.jpg\" decoding=\"async\" loading=\"lazy\" width=\"720\" height=\"542\" src=\"https:\/\/www.victorarandagarcia.es\/wp-content\/uploads\/13-calendario-2021.jpg\" alt=\"Composici\u00f3n de fotograf\u00edas de hojas con los colores naturales del oto\u00f1o sobre fondo blanco\" class=\"wp-image-3027\" srcset=\"https:\/\/www.victorarandagarcia.es\/wp-content\/uploads\/13-calendario-2021.jpg 720w, https:\/\/www.victorarandagarcia.es\/wp-content\/uploads\/13-calendario-2021-300x226.jpg 300w\" sizes=\"(max-width: 720px) 100vw, 720px\" \/><\/figure><\/div>\n\n\n\n<ul><li><strong><em>Ciclos<\/em><\/strong>: cuatro fotograf\u00edas en blanco y negro sobre la rutina.<\/li><\/ul>\n\n\n\n<div class=\"wp-block-image\"><figure class=\"aligncenter\"><img data-attachment-id=\"3028\" data-permalink=\"https:\/\/www.victorarandagarcia.es\/index.php\/publicaciones\/calendario\/calendario-2021\/attachment\/14-calendario-2021\/\" data-orig-file=\"https:\/\/www.victorarandagarcia.es\/wp-content\/uploads\/14-calendario-2021.jpg\" data-orig-size=\"720,556\" data-comments-opened=\"0\" data-image-meta=\"{&quot;aperture&quot;:&quot;0&quot;,&quot;credit&quot;:&quot;&quot;,&quot;camera&quot;:&quot;&quot;,&quot;caption&quot;:&quot;&quot;,&quot;created_timestamp&quot;:&quot;1606665144&quot;,&quot;copyright&quot;:&quot;&quot;,&quot;focal_length&quot;:&quot;0&quot;,&quot;iso&quot;:&quot;0&quot;,&quot;shutter_speed&quot;:&quot;0&quot;,&quot;title&quot;:&quot;&quot;,&quot;orientation&quot;:&quot;1&quot;}\" data-image-title=\"14-calendario-2021\" data-image-description=\"&lt;p&gt;Ciclos \/ La rutina (Valencia 2005)&lt;\/p&gt;\n\" data-image-caption=\"\" data-medium-file=\"https:\/\/www.victorarandagarcia.es\/wp-content\/uploads\/14-calendario-2021-300x232.jpg\" data-large-file=\"https:\/\/www.victorarandagarcia.es\/wp-content\/uploads\/14-calendario-2021.jpg\" decoding=\"async\" loading=\"lazy\" width=\"720\" height=\"556\" src=\"https:\/\/www.victorarandagarcia.es\/wp-content\/uploads\/14-calendario-2021.jpg\" alt=\"Cuatro fotograf\u00edas en blanco y negro que tienen en com\u00fan un elemento circular en el centro de la composic\u00ed\u00f3n\" class=\"wp-image-3028\" srcset=\"https:\/\/www.victorarandagarcia.es\/wp-content\/uploads\/14-calendario-2021.jpg 720w, https:\/\/www.victorarandagarcia.es\/wp-content\/uploads\/14-calendario-2021-300x232.jpg 300w\" sizes=\"(max-width: 720px) 100vw, 720px\" \/><\/figure><\/div>\n\n\n\n<p><\/p>\n","protected":false},"excerpt":{"rendered":"<p>El calendario 2021 lo he dedicado a la serie \u201cVariaciones\u201d, una extensa colecci\u00f3n de fotograf\u00edas que realizo desde 2002 en la que predomina el trabajo de estudio con objetos cotidianos. &hellip; <a href=\"https:\/\/www.victorarandagarcia.es\/index.php\/publicaciones\/calendario\/calendario-2021\/\" class=\"more-link\"><span>Continuar<span class=\"screen-reader-text\">Calendario 2021<\/span><\/span><\/a><\/p>\n","protected":false},"author":1,"featured_media":3071,"comment_status":"closed","ping_status":"open","sticky":false,"template":"","format":"standard","meta":{"jetpack_post_was_ever_published":false,"_jetpack_newsletter_access":"","_jetpack_dont_email_post_to_subs":false,"_jetpack_newsletter_tier_id":0,"_jetpack_memberships_contains_paywalled_content":false,"footnotes":"","_jetpack_memberships_contains_paid_content":false},"categories":[78,83],"tags":[35,80,79,30],"yoast_head":"<!-- This site is optimized with the Yoast SEO plugin v22.6 - https:\/\/yoast.com\/wordpress\/plugins\/seo\/ -->\n<title>Calendario 2021 - arte y estudio<\/title>\n<meta name=\"description\" content=\"Dise\u00f1o del calendario de fotograf\u00eda art\u00edstica 2021, ya a la venta con obra original del fot\u00f3grafo V\u00edctor Aranda Garc\u00eda por 15 euros.\" \/>\n<meta name=\"robots\" content=\"index, follow, max-snippet:-1, max-image-preview:large, max-video-preview:-1\" \/>\n<link rel=\"canonical\" href=\"https:\/\/www.victorarandagarcia.es\/index.php\/publicaciones\/calendario\/calendario-2021\/\" \/>\n<meta property=\"og:locale\" content=\"es_ES\" \/>\n<meta property=\"og:type\" content=\"article\" \/>\n<meta property=\"og:title\" content=\"Calendario 2021 - arte y estudio\" \/>\n<meta property=\"og:description\" content=\"Dise\u00f1o del calendario de fotograf\u00eda art\u00edstica 2021, ya a la venta con obra original del fot\u00f3grafo V\u00edctor Aranda Garc\u00eda por 15 euros.\" \/>\n<meta property=\"og:url\" content=\"https:\/\/www.victorarandagarcia.es\/index.php\/publicaciones\/calendario\/calendario-2021\/\" \/>\n<meta property=\"og:site_name\" content=\"arte y estudio\" \/>\n<meta property=\"article:published_time\" content=\"2020-11-28T19:39:55+00:00\" \/>\n<meta property=\"article:modified_time\" content=\"2021-01-26T15:14:32+00:00\" \/>\n<meta property=\"og:image\" content=\"https:\/\/www.victorarandagarcia.es\/wp-content\/uploads\/portada-calendario.jpg\" \/>\n\t<meta property=\"og:image:width\" content=\"509\" \/>\n\t<meta property=\"og:image:height\" content=\"564\" \/>\n\t<meta property=\"og:image:type\" content=\"image\/jpeg\" \/>\n<meta name=\"author\" content=\"victorarandagarcia\" \/>\n<meta name=\"twitter:card\" content=\"summary_large_image\" \/>\n<meta name=\"twitter:label1\" content=\"Escrito por\" \/>\n\t<meta name=\"twitter:data1\" content=\"victorarandagarcia\" \/>\n\t<meta name=\"twitter:label2\" content=\"Tiempo de lectura\" \/>\n\t<meta name=\"twitter:data2\" content=\"2 minutos\" \/>\n<script type=\"application\/ld+json\" class=\"yoast-schema-graph\">{\"@context\":\"https:\/\/schema.org\",\"@graph\":[{\"@type\":\"Article\",\"@id\":\"https:\/\/www.victorarandagarcia.es\/index.php\/publicaciones\/calendario\/calendario-2021\/#article\",\"isPartOf\":{\"@id\":\"https:\/\/www.victorarandagarcia.es\/index.php\/publicaciones\/calendario\/calendario-2021\/\"},\"author\":{\"name\":\"victorarandagarcia\",\"@id\":\"https:\/\/www.victorarandagarcia.es\/#\/schema\/person\/bfa9c61a3776d517deeee5f9386ef302\"},\"headline\":\"Calendario 2021\",\"datePublished\":\"2020-11-28T19:39:55+00:00\",\"dateModified\":\"2021-01-26T15:14:32+00:00\",\"mainEntityOfPage\":{\"@id\":\"https:\/\/www.victorarandagarcia.es\/index.php\/publicaciones\/calendario\/calendario-2021\/\"},\"wordCount\":498,\"publisher\":{\"@id\":\"https:\/\/www.victorarandagarcia.es\/#organization\"},\"image\":{\"@id\":\"https:\/\/www.victorarandagarcia.es\/index.php\/publicaciones\/calendario\/calendario-2021\/#primaryimage\"},\"thumbnailUrl\":\"https:\/\/www.victorarandagarcia.es\/wp-content\/uploads\/portada-calendario.jpg\",\"keywords\":[\"arte\",\"calendario\",\"publicaciones\",\"variaciones\"],\"articleSection\":[\"CALENDARIO ANUAL\",\"PUBLICACIONES\"],\"inLanguage\":\"es\"},{\"@type\":\"WebPage\",\"@id\":\"https:\/\/www.victorarandagarcia.es\/index.php\/publicaciones\/calendario\/calendario-2021\/\",\"url\":\"https:\/\/www.victorarandagarcia.es\/index.php\/publicaciones\/calendario\/calendario-2021\/\",\"name\":\"Calendario 2021 - arte y estudio\",\"isPartOf\":{\"@id\":\"https:\/\/www.victorarandagarcia.es\/#website\"},\"primaryImageOfPage\":{\"@id\":\"https:\/\/www.victorarandagarcia.es\/index.php\/publicaciones\/calendario\/calendario-2021\/#primaryimage\"},\"image\":{\"@id\":\"https:\/\/www.victorarandagarcia.es\/index.php\/publicaciones\/calendario\/calendario-2021\/#primaryimage\"},\"thumbnailUrl\":\"https:\/\/www.victorarandagarcia.es\/wp-content\/uploads\/portada-calendario.jpg\",\"datePublished\":\"2020-11-28T19:39:55+00:00\",\"dateModified\":\"2021-01-26T15:14:32+00:00\",\"description\":\"Dise\u00f1o del calendario de fotograf\u00eda art\u00edstica 2021, ya a la venta con obra original del fot\u00f3grafo V\u00edctor Aranda Garc\u00eda por 15 euros.\",\"breadcrumb\":{\"@id\":\"https:\/\/www.victorarandagarcia.es\/index.php\/publicaciones\/calendario\/calendario-2021\/#breadcrumb\"},\"inLanguage\":\"es\",\"potentialAction\":[{\"@type\":\"ReadAction\",\"target\":[\"https:\/\/www.victorarandagarcia.es\/index.php\/publicaciones\/calendario\/calendario-2021\/\"]}]},{\"@type\":\"ImageObject\",\"inLanguage\":\"es\",\"@id\":\"https:\/\/www.victorarandagarcia.es\/index.php\/publicaciones\/calendario\/calendario-2021\/#primaryimage\",\"url\":\"https:\/\/www.victorarandagarcia.es\/wp-content\/uploads\/portada-calendario.jpg\",\"contentUrl\":\"https:\/\/www.victorarandagarcia.es\/wp-content\/uploads\/portada-calendario.jpg\",\"width\":509,\"height\":564,\"caption\":\"Detalle de la portada del calendario de fotograf\u00edas 2021\"},{\"@type\":\"BreadcrumbList\",\"@id\":\"https:\/\/www.victorarandagarcia.es\/index.php\/publicaciones\/calendario\/calendario-2021\/#breadcrumb\",\"itemListElement\":[{\"@type\":\"ListItem\",\"position\":1,\"name\":\"Portada\",\"item\":\"https:\/\/www.victorarandagarcia.es\/\"},{\"@type\":\"ListItem\",\"position\":2,\"name\":\"Calendario 2021\"}]},{\"@type\":\"WebSite\",\"@id\":\"https:\/\/www.victorarandagarcia.es\/#website\",\"url\":\"https:\/\/www.victorarandagarcia.es\/\",\"name\":\"arte y estudio\",\"description\":\"Fot\u00f3grafo\",\"publisher\":{\"@id\":\"https:\/\/www.victorarandagarcia.es\/#organization\"},\"potentialAction\":[{\"@type\":\"SearchAction\",\"target\":{\"@type\":\"EntryPoint\",\"urlTemplate\":\"https:\/\/www.victorarandagarcia.es\/?s={search_term_string}\"},\"query-input\":\"required name=search_term_string\"}],\"inLanguage\":\"es\"},{\"@type\":\"Organization\",\"@id\":\"https:\/\/www.victorarandagarcia.es\/#organization\",\"name\":\"arte y estudio\",\"url\":\"https:\/\/www.victorarandagarcia.es\/\",\"logo\":{\"@type\":\"ImageObject\",\"inLanguage\":\"es\",\"@id\":\"https:\/\/www.victorarandagarcia.es\/#\/schema\/logo\/image\/\",\"url\":\"https:\/\/www.victorarandagarcia.es\/wp-content\/uploads\/2019\/03\/logo-fotografo.png\",\"contentUrl\":\"https:\/\/www.victorarandagarcia.es\/wp-content\/uploads\/2019\/03\/logo-fotografo.png\",\"width\":150,\"height\":150,\"caption\":\"arte y estudio\"},\"image\":{\"@id\":\"https:\/\/www.victorarandagarcia.es\/#\/schema\/logo\/image\/\"}},{\"@type\":\"Person\",\"@id\":\"https:\/\/www.victorarandagarcia.es\/#\/schema\/person\/bfa9c61a3776d517deeee5f9386ef302\",\"name\":\"victorarandagarcia\",\"image\":{\"@type\":\"ImageObject\",\"inLanguage\":\"es\",\"@id\":\"https:\/\/www.victorarandagarcia.es\/#\/schema\/person\/image\/\",\"url\":\"https:\/\/secure.gravatar.com\/avatar\/957a01ac23a6393e755ae8225c35dbdb?s=96&d=mm&r=g\",\"contentUrl\":\"https:\/\/secure.gravatar.com\/avatar\/957a01ac23a6393e755ae8225c35dbdb?s=96&d=mm&r=g\",\"caption\":\"victorarandagarcia\"}}]}<\/script>\n<!-- \/ Yoast SEO plugin. -->","yoast_head_json":{"title":"Calendario 2021 - arte y estudio","description":"Dise\u00f1o del calendario de fotograf\u00eda art\u00edstica 2021, ya a la venta con obra original del fot\u00f3grafo V\u00edctor Aranda Garc\u00eda por 15 euros.","robots":{"index":"index","follow":"follow","max-snippet":"max-snippet:-1","max-image-preview":"max-image-preview:large","max-video-preview":"max-video-preview:-1"},"canonical":"https:\/\/www.victorarandagarcia.es\/index.php\/publicaciones\/calendario\/calendario-2021\/","og_locale":"es_ES","og_type":"article","og_title":"Calendario 2021 - arte y estudio","og_description":"Dise\u00f1o del calendario de fotograf\u00eda art\u00edstica 2021, ya a la venta con obra original del fot\u00f3grafo V\u00edctor Aranda Garc\u00eda por 15 euros.","og_url":"https:\/\/www.victorarandagarcia.es\/index.php\/publicaciones\/calendario\/calendario-2021\/","og_site_name":"arte y estudio","article_published_time":"2020-11-28T19:39:55+00:00","article_modified_time":"2021-01-26T15:14:32+00:00","og_image":[{"width":509,"height":564,"url":"https:\/\/www.victorarandagarcia.es\/wp-content\/uploads\/portada-calendario.jpg","type":"image\/jpeg"}],"author":"victorarandagarcia","twitter_card":"summary_large_image","twitter_misc":{"Escrito por":"victorarandagarcia","Tiempo de lectura":"2 minutos"},"schema":{"@context":"https:\/\/schema.org","@graph":[{"@type":"Article","@id":"https:\/\/www.victorarandagarcia.es\/index.php\/publicaciones\/calendario\/calendario-2021\/#article","isPartOf":{"@id":"https:\/\/www.victorarandagarcia.es\/index.php\/publicaciones\/calendario\/calendario-2021\/"},"author":{"name":"victorarandagarcia","@id":"https:\/\/www.victorarandagarcia.es\/#\/schema\/person\/bfa9c61a3776d517deeee5f9386ef302"},"headline":"Calendario 2021","datePublished":"2020-11-28T19:39:55+00:00","dateModified":"2021-01-26T15:14:32+00:00","mainEntityOfPage":{"@id":"https:\/\/www.victorarandagarcia.es\/index.php\/publicaciones\/calendario\/calendario-2021\/"},"wordCount":498,"publisher":{"@id":"https:\/\/www.victorarandagarcia.es\/#organization"},"image":{"@id":"https:\/\/www.victorarandagarcia.es\/index.php\/publicaciones\/calendario\/calendario-2021\/#primaryimage"},"thumbnailUrl":"https:\/\/www.victorarandagarcia.es\/wp-content\/uploads\/portada-calendario.jpg","keywords":["arte","calendario","publicaciones","variaciones"],"articleSection":["CALENDARIO ANUAL","PUBLICACIONES"],"inLanguage":"es"},{"@type":"WebPage","@id":"https:\/\/www.victorarandagarcia.es\/index.php\/publicaciones\/calendario\/calendario-2021\/","url":"https:\/\/www.victorarandagarcia.es\/index.php\/publicaciones\/calendario\/calendario-2021\/","name":"Calendario 2021 - arte y estudio","isPartOf":{"@id":"https:\/\/www.victorarandagarcia.es\/#website"},"primaryImageOfPage":{"@id":"https:\/\/www.victorarandagarcia.es\/index.php\/publicaciones\/calendario\/calendario-2021\/#primaryimage"},"image":{"@id":"https:\/\/www.victorarandagarcia.es\/index.php\/publicaciones\/calendario\/calendario-2021\/#primaryimage"},"thumbnailUrl":"https:\/\/www.victorarandagarcia.es\/wp-content\/uploads\/portada-calendario.jpg","datePublished":"2020-11-28T19:39:55+00:00","dateModified":"2021-01-26T15:14:32+00:00","description":"Dise\u00f1o del calendario de fotograf\u00eda art\u00edstica 2021, ya a la venta con obra original del fot\u00f3grafo V\u00edctor Aranda Garc\u00eda por 15 euros.","breadcrumb":{"@id":"https:\/\/www.victorarandagarcia.es\/index.php\/publicaciones\/calendario\/calendario-2021\/#breadcrumb"},"inLanguage":"es","potentialAction":[{"@type":"ReadAction","target":["https:\/\/www.victorarandagarcia.es\/index.php\/publicaciones\/calendario\/calendario-2021\/"]}]},{"@type":"ImageObject","inLanguage":"es","@id":"https:\/\/www.victorarandagarcia.es\/index.php\/publicaciones\/calendario\/calendario-2021\/#primaryimage","url":"https:\/\/www.victorarandagarcia.es\/wp-content\/uploads\/portada-calendario.jpg","contentUrl":"https:\/\/www.victorarandagarcia.es\/wp-content\/uploads\/portada-calendario.jpg","width":509,"height":564,"caption":"Detalle de la portada del calendario de fotograf\u00edas 2021"},{"@type":"BreadcrumbList","@id":"https:\/\/www.victorarandagarcia.es\/index.php\/publicaciones\/calendario\/calendario-2021\/#breadcrumb","itemListElement":[{"@type":"ListItem","position":1,"name":"Portada","item":"https:\/\/www.victorarandagarcia.es\/"},{"@type":"ListItem","position":2,"name":"Calendario 2021"}]},{"@type":"WebSite","@id":"https:\/\/www.victorarandagarcia.es\/#website","url":"https:\/\/www.victorarandagarcia.es\/","name":"arte y estudio","description":"Fot\u00f3grafo","publisher":{"@id":"https:\/\/www.victorarandagarcia.es\/#organization"},"potentialAction":[{"@type":"SearchAction","target":{"@type":"EntryPoint","urlTemplate":"https:\/\/www.victorarandagarcia.es\/?s={search_term_string}"},"query-input":"required name=search_term_string"}],"inLanguage":"es"},{"@type":"Organization","@id":"https:\/\/www.victorarandagarcia.es\/#organization","name":"arte y estudio","url":"https:\/\/www.victorarandagarcia.es\/","logo":{"@type":"ImageObject","inLanguage":"es","@id":"https:\/\/www.victorarandagarcia.es\/#\/schema\/logo\/image\/","url":"https:\/\/www.victorarandagarcia.es\/wp-content\/uploads\/2019\/03\/logo-fotografo.png","contentUrl":"https:\/\/www.victorarandagarcia.es\/wp-content\/uploads\/2019\/03\/logo-fotografo.png","width":150,"height":150,"caption":"arte y estudio"},"image":{"@id":"https:\/\/www.victorarandagarcia.es\/#\/schema\/logo\/image\/"}},{"@type":"Person","@id":"https:\/\/www.victorarandagarcia.es\/#\/schema\/person\/bfa9c61a3776d517deeee5f9386ef302","name":"victorarandagarcia","image":{"@type":"ImageObject","inLanguage":"es","@id":"https:\/\/www.victorarandagarcia.es\/#\/schema\/person\/image\/","url":"https:\/\/secure.gravatar.com\/avatar\/957a01ac23a6393e755ae8225c35dbdb?s=96&d=mm&r=g","contentUrl":"https:\/\/secure.gravatar.com\/avatar\/957a01ac23a6393e755ae8225c35dbdb?s=96&d=mm&r=g","caption":"victorarandagarcia"}}]}},"jetpack_featured_media_url":"https:\/\/www.victorarandagarcia.es\/wp-content\/uploads\/portada-calendario.jpg","jetpack_sharing_enabled":true,"_links":{"self":[{"href":"https:\/\/www.victorarandagarcia.es\/index.php\/wp-json\/wp\/v2\/posts\/3015"}],"collection":[{"href":"https:\/\/www.victorarandagarcia.es\/index.php\/wp-json\/wp\/v2\/posts"}],"about":[{"href":"https:\/\/www.victorarandagarcia.es\/index.php\/wp-json\/wp\/v2\/types\/post"}],"author":[{"embeddable":true,"href":"https:\/\/www.victorarandagarcia.es\/index.php\/wp-json\/wp\/v2\/users\/1"}],"replies":[{"embeddable":true,"href":"https:\/\/www.victorarandagarcia.es\/index.php\/wp-json\/wp\/v2\/comments?post=3015"}],"version-history":[{"count":24,"href":"https:\/\/www.victorarandagarcia.es\/index.php\/wp-json\/wp\/v2\/posts\/3015\/revisions"}],"predecessor-version":[{"id":3111,"href":"https:\/\/www.victorarandagarcia.es\/index.php\/wp-json\/wp\/v2\/posts\/3015\/revisions\/3111"}],"wp:featuredmedia":[{"embeddable":true,"href":"https:\/\/www.victorarandagarcia.es\/index.php\/wp-json\/wp\/v2\/media\/3071"}],"wp:attachment":[{"href":"https:\/\/www.victorarandagarcia.es\/index.php\/wp-json\/wp\/v2\/media?parent=3015"}],"wp:term":[{"taxonomy":"category","embeddable":true,"href":"https:\/\/www.victorarandagarcia.es\/index.php\/wp-json\/wp\/v2\/categories?post=3015"},{"taxonomy":"post_tag","embeddable":true,"href":"https:\/\/www.victorarandagarcia.es\/index.php\/wp-json\/wp\/v2\/tags?post=3015"}],"curies":[{"name":"wp","href":"https:\/\/api.w.org\/{rel}","templated":true}]}}