{"id":2924,"date":"2020-05-01T13:05:53","date_gmt":"2020-05-01T11:05:53","guid":{"rendered":"https:\/\/www.victorarandagarcia.es\/?p=2924"},"modified":"2020-05-01T13:05:56","modified_gmt":"2020-05-01T11:05:56","slug":"night-leaves","status":"publish","type":"post","link":"https:\/\/www.victorarandagarcia.es\/index.php\/arte\/night-leaves\/","title":{"rendered":"Night Leaves"},"content":{"rendered":"\n<p>En  diciembre de 2006 empec\u00e9 una serie de fotos de naturaleza en la ciudad  que llamo &#8216;Night Leaves&#8217;. En ella fotograf\u00edo \u00e1rboles y hojas de noche a la luz de las farolas, a veces incluyendo en el  plano la fuente de luz.<\/p>\n\n\n\n<ul class=\"wp-block-gallery columns-2 is-cropped wp-block-gallery-1 is-layout-flex wp-block-gallery-is-layout-flex\"><li class=\"blocks-gallery-item\"><figure><img data-attachment-id=\"2922\" data-permalink=\"https:\/\/www.victorarandagarcia.es\/001-night-leaves-2014\/\" data-orig-file=\"https:\/\/www.victorarandagarcia.es\/wp-content\/uploads\/001-night-leaves-2014.jpg\" data-orig-size=\"481,720\" data-comments-opened=\"0\" data-image-meta=\"{&quot;aperture&quot;:&quot;0&quot;,&quot;credit&quot;:&quot;&quot;,&quot;camera&quot;:&quot;&quot;,&quot;caption&quot;:&quot;&quot;,&quot;created_timestamp&quot;:&quot;0&quot;,&quot;copyright&quot;:&quot;&quot;,&quot;focal_length&quot;:&quot;0&quot;,&quot;iso&quot;:&quot;0&quot;,&quot;shutter_speed&quot;:&quot;0&quot;,&quot;title&quot;:&quot;&quot;,&quot;orientation&quot;:&quot;0&quot;}\" data-image-title=\"001-night-leaves-2014\" data-image-description=\"&lt;p&gt;Night Leaves (Valencia 2014)&lt;\/p&gt;\n\" data-image-caption=\"\" data-medium-file=\"https:\/\/www.victorarandagarcia.es\/wp-content\/uploads\/001-night-leaves-2014-200x300.jpg\" data-large-file=\"https:\/\/www.victorarandagarcia.es\/wp-content\/uploads\/001-night-leaves-2014.jpg\" decoding=\"async\" loading=\"lazy\" width=\"481\" height=\"720\" src=\"https:\/\/www.victorarandagarcia.es\/wp-content\/uploads\/001-night-leaves-2014.jpg\" alt=\"Fotograf\u00eda de las hojas de un \u00e1rbol de noche\" data-id=\"2922\" data-link=\"https:\/\/www.victorarandagarcia.es\/001-night-leaves-2014\/\" class=\"wp-image-2922\" srcset=\"https:\/\/www.victorarandagarcia.es\/wp-content\/uploads\/001-night-leaves-2014.jpg 481w, https:\/\/www.victorarandagarcia.es\/wp-content\/uploads\/001-night-leaves-2014-200x300.jpg 200w\" sizes=\"(max-width: 481px) 100vw, 481px\" \/><\/figure><\/li><li class=\"blocks-gallery-item\"><figure><img data-attachment-id=\"2917\" data-permalink=\"https:\/\/www.victorarandagarcia.es\/002-night-leaves-valencia-2011\/\" data-orig-file=\"https:\/\/www.victorarandagarcia.es\/wp-content\/uploads\/002-night-leaves-valencia-2011.jpg\" data-orig-size=\"481,720\" data-comments-opened=\"0\" data-image-meta=\"{&quot;aperture&quot;:&quot;0&quot;,&quot;credit&quot;:&quot;Victor Aranda Garcia&quot;,&quot;camera&quot;:&quot;&quot;,&quot;caption&quot;:&quot;&quot;,&quot;created_timestamp&quot;:&quot;0&quot;,&quot;copyright&quot;:&quot;&quot;,&quot;focal_length&quot;:&quot;0&quot;,&quot;iso&quot;:&quot;0&quot;,&quot;shutter_speed&quot;:&quot;0&quot;,&quot;title&quot;:&quot;&quot;,&quot;orientation&quot;:&quot;0&quot;}\" data-image-title=\"002-night-leaves-(valencia-2011)\" data-image-description=\"&lt;p&gt;Night Leaves (Valencia 2011)&lt;\/p&gt;\n\" data-image-caption=\"\" data-medium-file=\"https:\/\/www.victorarandagarcia.es\/wp-content\/uploads\/002-night-leaves-valencia-2011-200x300.jpg\" data-large-file=\"https:\/\/www.victorarandagarcia.es\/wp-content\/uploads\/002-night-leaves-valencia-2011.jpg\" decoding=\"async\" loading=\"lazy\" width=\"481\" height=\"720\" src=\"https:\/\/www.victorarandagarcia.es\/wp-content\/uploads\/002-night-leaves-valencia-2011.jpg\" alt=\"Fotograf\u00eda de las hojas de un \u00e1rbol de noche\" data-id=\"2917\" data-link=\"https:\/\/www.victorarandagarcia.es\/002-night-leaves-valencia-2011\/\" class=\"wp-image-2917\" srcset=\"https:\/\/www.victorarandagarcia.es\/wp-content\/uploads\/002-night-leaves-valencia-2011.jpg 481w, https:\/\/www.victorarandagarcia.es\/wp-content\/uploads\/002-night-leaves-valencia-2011-200x300.jpg 200w\" sizes=\"(max-width: 481px) 100vw, 481px\" \/><\/figure><\/li><li class=\"blocks-gallery-item\"><figure><img data-attachment-id=\"2923\" data-permalink=\"https:\/\/www.victorarandagarcia.es\/003-night-leaves-2007\/\" data-orig-file=\"https:\/\/www.victorarandagarcia.es\/wp-content\/uploads\/003-night-leaves-2007.jpg\" data-orig-size=\"720,523\" data-comments-opened=\"0\" data-image-meta=\"{&quot;aperture&quot;:&quot;0&quot;,&quot;credit&quot;:&quot;&quot;,&quot;camera&quot;:&quot;&quot;,&quot;caption&quot;:&quot;&quot;,&quot;created_timestamp&quot;:&quot;0&quot;,&quot;copyright&quot;:&quot;&quot;,&quot;focal_length&quot;:&quot;0&quot;,&quot;iso&quot;:&quot;0&quot;,&quot;shutter_speed&quot;:&quot;0&quot;,&quot;title&quot;:&quot;&quot;,&quot;orientation&quot;:&quot;0&quot;}\" data-image-title=\"003-night-leaves-2007\" data-image-description=\"&lt;p&gt;Night Leaves (Valencia 2007)&lt;\/p&gt;\n\" data-image-caption=\"\" data-medium-file=\"https:\/\/www.victorarandagarcia.es\/wp-content\/uploads\/003-night-leaves-2007-300x218.jpg\" data-large-file=\"https:\/\/www.victorarandagarcia.es\/wp-content\/uploads\/003-night-leaves-2007.jpg\" decoding=\"async\" loading=\"lazy\" width=\"720\" height=\"523\" src=\"https:\/\/www.victorarandagarcia.es\/wp-content\/uploads\/003-night-leaves-2007.jpg\" alt=\"Fotograf\u00eda de las hojas de un \u00e1rbol de noche\" data-id=\"2923\" data-link=\"https:\/\/www.victorarandagarcia.es\/003-night-leaves-2007\/\" class=\"wp-image-2923\" srcset=\"https:\/\/www.victorarandagarcia.es\/wp-content\/uploads\/003-night-leaves-2007.jpg 720w, https:\/\/www.victorarandagarcia.es\/wp-content\/uploads\/003-night-leaves-2007-300x218.jpg 300w\" sizes=\"(max-width: 720px) 100vw, 720px\" \/><\/figure><\/li><li class=\"blocks-gallery-item\"><figure><img data-attachment-id=\"2919\" data-permalink=\"https:\/\/www.victorarandagarcia.es\/004-night-leaves-valencia-2007\/\" data-orig-file=\"https:\/\/www.victorarandagarcia.es\/wp-content\/uploads\/004-night-leaves-valencia-2007.jpg\" data-orig-size=\"720,481\" data-comments-opened=\"0\" data-image-meta=\"{&quot;aperture&quot;:&quot;0&quot;,&quot;credit&quot;:&quot;Victor Aranda Garcia&quot;,&quot;camera&quot;:&quot;&quot;,&quot;caption&quot;:&quot;&quot;,&quot;created_timestamp&quot;:&quot;0&quot;,&quot;copyright&quot;:&quot;&quot;,&quot;focal_length&quot;:&quot;0&quot;,&quot;iso&quot;:&quot;0&quot;,&quot;shutter_speed&quot;:&quot;0&quot;,&quot;title&quot;:&quot;&quot;,&quot;orientation&quot;:&quot;0&quot;}\" data-image-title=\"004-night-leaves-(valencia-2007)\" data-image-description=\"&lt;p&gt;Night Leaves (Valencia 2007)&lt;\/p&gt;\n\" data-image-caption=\"\" data-medium-file=\"https:\/\/www.victorarandagarcia.es\/wp-content\/uploads\/004-night-leaves-valencia-2007-300x200.jpg\" data-large-file=\"https:\/\/www.victorarandagarcia.es\/wp-content\/uploads\/004-night-leaves-valencia-2007.jpg\" decoding=\"async\" loading=\"lazy\" width=\"720\" height=\"481\" src=\"https:\/\/www.victorarandagarcia.es\/wp-content\/uploads\/004-night-leaves-valencia-2007.jpg\" alt=\"Fotograf\u00eda de las hojas de un \u00e1rbol de noche\" data-id=\"2919\" data-link=\"https:\/\/www.victorarandagarcia.es\/004-night-leaves-valencia-2007\/\" class=\"wp-image-2919\" srcset=\"https:\/\/www.victorarandagarcia.es\/wp-content\/uploads\/004-night-leaves-valencia-2007.jpg 720w, https:\/\/www.victorarandagarcia.es\/wp-content\/uploads\/004-night-leaves-valencia-2007-300x200.jpg 300w\" sizes=\"(max-width: 720px) 100vw, 720px\" \/><\/figure><\/li><li class=\"blocks-gallery-item\"><figure><img data-attachment-id=\"2907\" data-permalink=\"https:\/\/www.victorarandagarcia.es\/005-night-leaves-valencia-2010\/\" data-orig-file=\"https:\/\/www.victorarandagarcia.es\/wp-content\/uploads\/005-night-leaves-valencia-2010.jpg\" data-orig-size=\"482,720\" data-comments-opened=\"0\" data-image-meta=\"{&quot;aperture&quot;:&quot;0&quot;,&quot;credit&quot;:&quot;&quot;,&quot;camera&quot;:&quot;&quot;,&quot;caption&quot;:&quot;&quot;,&quot;created_timestamp&quot;:&quot;0&quot;,&quot;copyright&quot;:&quot;&quot;,&quot;focal_length&quot;:&quot;0&quot;,&quot;iso&quot;:&quot;0&quot;,&quot;shutter_speed&quot;:&quot;0&quot;,&quot;title&quot;:&quot;&quot;,&quot;orientation&quot;:&quot;0&quot;}\" data-image-title=\"005-night-leaves-(valencia-2010)\" data-image-description=\"&lt;p&gt;Night Leaves (Valencia 2010)&lt;\/p&gt;\n\" data-image-caption=\"\" data-medium-file=\"https:\/\/www.victorarandagarcia.es\/wp-content\/uploads\/005-night-leaves-valencia-2010-201x300.jpg\" data-large-file=\"https:\/\/www.victorarandagarcia.es\/wp-content\/uploads\/005-night-leaves-valencia-2010.jpg\" decoding=\"async\" loading=\"lazy\" width=\"482\" height=\"720\" src=\"https:\/\/www.victorarandagarcia.es\/wp-content\/uploads\/005-night-leaves-valencia-2010.jpg\" alt=\"Fotograf\u00eda de las hojas de un \u00e1rbol de noche\" data-id=\"2907\" data-link=\"https:\/\/www.victorarandagarcia.es\/005-night-leaves-valencia-2010\/\" class=\"wp-image-2907\" srcset=\"https:\/\/www.victorarandagarcia.es\/wp-content\/uploads\/005-night-leaves-valencia-2010.jpg 482w, https:\/\/www.victorarandagarcia.es\/wp-content\/uploads\/005-night-leaves-valencia-2010-201x300.jpg 201w\" sizes=\"(max-width: 482px) 100vw, 482px\" \/><\/figure><\/li><li class=\"blocks-gallery-item\"><figure><img data-attachment-id=\"2894\" data-permalink=\"https:\/\/www.victorarandagarcia.es\/006-night-leaves-valencia-2010\/\" data-orig-file=\"https:\/\/www.victorarandagarcia.es\/wp-content\/uploads\/006-night-leaves-valencia-2010.jpg\" data-orig-size=\"482,720\" data-comments-opened=\"0\" data-image-meta=\"{&quot;aperture&quot;:&quot;0&quot;,&quot;credit&quot;:&quot;&quot;,&quot;camera&quot;:&quot;&quot;,&quot;caption&quot;:&quot;&quot;,&quot;created_timestamp&quot;:&quot;0&quot;,&quot;copyright&quot;:&quot;&quot;,&quot;focal_length&quot;:&quot;0&quot;,&quot;iso&quot;:&quot;0&quot;,&quot;shutter_speed&quot;:&quot;0&quot;,&quot;title&quot;:&quot;&quot;,&quot;orientation&quot;:&quot;0&quot;}\" data-image-title=\"006-night-leaves-(valencia-2010)\" data-image-description=\"&lt;p&gt;Night Leaves (Valencia 2010)&lt;\/p&gt;\n\" data-image-caption=\"\" data-medium-file=\"https:\/\/www.victorarandagarcia.es\/wp-content\/uploads\/006-night-leaves-valencia-2010-201x300.jpg\" data-large-file=\"https:\/\/www.victorarandagarcia.es\/wp-content\/uploads\/006-night-leaves-valencia-2010.jpg\" decoding=\"async\" loading=\"lazy\" width=\"482\" height=\"720\" src=\"https:\/\/www.victorarandagarcia.es\/wp-content\/uploads\/006-night-leaves-valencia-2010.jpg\" alt=\"Fotograf\u00eda de las hojas de un \u00e1rbol de noche\" data-id=\"2894\" data-link=\"https:\/\/www.victorarandagarcia.es\/006-night-leaves-valencia-2010\/\" class=\"wp-image-2894\" srcset=\"https:\/\/www.victorarandagarcia.es\/wp-content\/uploads\/006-night-leaves-valencia-2010.jpg 482w, https:\/\/www.victorarandagarcia.es\/wp-content\/uploads\/006-night-leaves-valencia-2010-201x300.jpg 201w\" sizes=\"(max-width: 482px) 100vw, 482px\" \/><\/figure><\/li><li class=\"blocks-gallery-item\"><figure><img data-attachment-id=\"2895\" data-permalink=\"https:\/\/www.victorarandagarcia.es\/007-night-leaves-valencia-2006\/\" data-orig-file=\"https:\/\/www.victorarandagarcia.es\/wp-content\/uploads\/007-night-leaves-valencia-2006.jpg\" data-orig-size=\"720,481\" data-comments-opened=\"0\" data-image-meta=\"{&quot;aperture&quot;:&quot;0&quot;,&quot;credit&quot;:&quot;&quot;,&quot;camera&quot;:&quot;&quot;,&quot;caption&quot;:&quot;&quot;,&quot;created_timestamp&quot;:&quot;0&quot;,&quot;copyright&quot;:&quot;&quot;,&quot;focal_length&quot;:&quot;0&quot;,&quot;iso&quot;:&quot;0&quot;,&quot;shutter_speed&quot;:&quot;0&quot;,&quot;title&quot;:&quot;&quot;,&quot;orientation&quot;:&quot;0&quot;}\" data-image-title=\"007-night-leaves-(valencia-2006)\" data-image-description=\"&lt;p&gt;Night Leaves (Valencia 2006)&lt;\/p&gt;\n\" data-image-caption=\"\" data-medium-file=\"https:\/\/www.victorarandagarcia.es\/wp-content\/uploads\/007-night-leaves-valencia-2006-300x200.jpg\" data-large-file=\"https:\/\/www.victorarandagarcia.es\/wp-content\/uploads\/007-night-leaves-valencia-2006.jpg\" decoding=\"async\" loading=\"lazy\" width=\"720\" height=\"481\" src=\"https:\/\/www.victorarandagarcia.es\/wp-content\/uploads\/007-night-leaves-valencia-2006.jpg\" alt=\"Fotograf\u00eda de las hojas de un \u00e1rbol de noche\" data-id=\"2895\" data-link=\"https:\/\/www.victorarandagarcia.es\/007-night-leaves-valencia-2006\/\" class=\"wp-image-2895\" srcset=\"https:\/\/www.victorarandagarcia.es\/wp-content\/uploads\/007-night-leaves-valencia-2006.jpg 720w, https:\/\/www.victorarandagarcia.es\/wp-content\/uploads\/007-night-leaves-valencia-2006-300x200.jpg 300w\" sizes=\"(max-width: 720px) 100vw, 720px\" \/><\/figure><\/li><li class=\"blocks-gallery-item\"><figure><img data-attachment-id=\"2898\" data-permalink=\"https:\/\/www.victorarandagarcia.es\/008-night-leaves-valencia-2007\/\" data-orig-file=\"https:\/\/www.victorarandagarcia.es\/wp-content\/uploads\/008-night-leaves-valencia-2007.jpg\" data-orig-size=\"720,539\" data-comments-opened=\"0\" data-image-meta=\"{&quot;aperture&quot;:&quot;0&quot;,&quot;credit&quot;:&quot;&quot;,&quot;camera&quot;:&quot;&quot;,&quot;caption&quot;:&quot;&quot;,&quot;created_timestamp&quot;:&quot;0&quot;,&quot;copyright&quot;:&quot;&quot;,&quot;focal_length&quot;:&quot;0&quot;,&quot;iso&quot;:&quot;0&quot;,&quot;shutter_speed&quot;:&quot;0&quot;,&quot;title&quot;:&quot;&quot;,&quot;orientation&quot;:&quot;0&quot;}\" data-image-title=\"008-night-leaves-(valencia-2007)\" data-image-description=\"&lt;p&gt;Night Leaves (Valencia 2007)&lt;\/p&gt;\n\" data-image-caption=\"\" data-medium-file=\"https:\/\/www.victorarandagarcia.es\/wp-content\/uploads\/008-night-leaves-valencia-2007-300x225.jpg\" data-large-file=\"https:\/\/www.victorarandagarcia.es\/wp-content\/uploads\/008-night-leaves-valencia-2007.jpg\" decoding=\"async\" loading=\"lazy\" width=\"720\" height=\"539\" src=\"https:\/\/www.victorarandagarcia.es\/wp-content\/uploads\/008-night-leaves-valencia-2007.jpg\" alt=\"Fotograf\u00eda de las hojas de un \u00e1rbol de noche\" data-id=\"2898\" data-link=\"https:\/\/www.victorarandagarcia.es\/008-night-leaves-valencia-2007\/\" class=\"wp-image-2898\" srcset=\"https:\/\/www.victorarandagarcia.es\/wp-content\/uploads\/008-night-leaves-valencia-2007.jpg 720w, https:\/\/www.victorarandagarcia.es\/wp-content\/uploads\/008-night-leaves-valencia-2007-300x225.jpg 300w\" sizes=\"(max-width: 720px) 100vw, 720px\" \/><\/figure><\/li><li class=\"blocks-gallery-item\"><figure><img data-attachment-id=\"2914\" data-permalink=\"https:\/\/www.victorarandagarcia.es\/009-night-leaves-valencia-2006\/\" data-orig-file=\"https:\/\/www.victorarandagarcia.es\/wp-content\/uploads\/009-night-leaves-valencia-2006.jpg\" data-orig-size=\"720,720\" data-comments-opened=\"0\" data-image-meta=\"{&quot;aperture&quot;:&quot;0&quot;,&quot;credit&quot;:&quot;&quot;,&quot;camera&quot;:&quot;&quot;,&quot;caption&quot;:&quot;&quot;,&quot;created_timestamp&quot;:&quot;0&quot;,&quot;copyright&quot;:&quot;&quot;,&quot;focal_length&quot;:&quot;0&quot;,&quot;iso&quot;:&quot;0&quot;,&quot;shutter_speed&quot;:&quot;0&quot;,&quot;title&quot;:&quot;&quot;,&quot;orientation&quot;:&quot;0&quot;}\" data-image-title=\"009-night-leaves-(valencia-2006)\" data-image-description=\"&lt;p&gt;Night Leaves (Valencia 2006)&lt;\/p&gt;\n\" data-image-caption=\"\" data-medium-file=\"https:\/\/www.victorarandagarcia.es\/wp-content\/uploads\/009-night-leaves-valencia-2006-300x300.jpg\" data-large-file=\"https:\/\/www.victorarandagarcia.es\/wp-content\/uploads\/009-night-leaves-valencia-2006.jpg\" decoding=\"async\" loading=\"lazy\" width=\"720\" height=\"720\" src=\"https:\/\/www.victorarandagarcia.es\/wp-content\/uploads\/009-night-leaves-valencia-2006.jpg\" alt=\"Fotograf\u00eda de las hojas de un \u00e1rbol de noche\" data-id=\"2914\" data-link=\"https:\/\/www.victorarandagarcia.es\/009-night-leaves-valencia-2006\/\" class=\"wp-image-2914\" srcset=\"https:\/\/www.victorarandagarcia.es\/wp-content\/uploads\/009-night-leaves-valencia-2006.jpg 720w, https:\/\/www.victorarandagarcia.es\/wp-content\/uploads\/009-night-leaves-valencia-2006-150x150.jpg 150w, https:\/\/www.victorarandagarcia.es\/wp-content\/uploads\/009-night-leaves-valencia-2006-300x300.jpg 300w, https:\/\/www.victorarandagarcia.es\/wp-content\/uploads\/009-night-leaves-valencia-2006-533x533.jpg 533w, https:\/\/www.victorarandagarcia.es\/wp-content\/uploads\/009-night-leaves-valencia-2006-640x640.jpg 640w, https:\/\/www.victorarandagarcia.es\/wp-content\/uploads\/009-night-leaves-valencia-2006-50x50.jpg 50w\" sizes=\"(max-width: 720px) 100vw, 720px\" \/><\/figure><\/li><li class=\"blocks-gallery-item\"><figure><img data-attachment-id=\"2903\" data-permalink=\"https:\/\/www.victorarandagarcia.es\/010-night-leaves-valencia-2007\/\" data-orig-file=\"https:\/\/www.victorarandagarcia.es\/wp-content\/uploads\/010-night-leaves-valencia-2007.jpg\" data-orig-size=\"720,694\" data-comments-opened=\"0\" data-image-meta=\"{&quot;aperture&quot;:&quot;0&quot;,&quot;credit&quot;:&quot;&quot;,&quot;camera&quot;:&quot;&quot;,&quot;caption&quot;:&quot;&quot;,&quot;created_timestamp&quot;:&quot;0&quot;,&quot;copyright&quot;:&quot;&quot;,&quot;focal_length&quot;:&quot;0&quot;,&quot;iso&quot;:&quot;0&quot;,&quot;shutter_speed&quot;:&quot;0&quot;,&quot;title&quot;:&quot;&quot;,&quot;orientation&quot;:&quot;0&quot;}\" data-image-title=\"010-night-leaves-(valencia-2007)\" data-image-description=\"&lt;p&gt;Night Leaves (Valencia 2007)&lt;\/p&gt;\n\" data-image-caption=\"\" data-medium-file=\"https:\/\/www.victorarandagarcia.es\/wp-content\/uploads\/010-night-leaves-valencia-2007-300x289.jpg\" data-large-file=\"https:\/\/www.victorarandagarcia.es\/wp-content\/uploads\/010-night-leaves-valencia-2007.jpg\" decoding=\"async\" loading=\"lazy\" width=\"720\" height=\"694\" src=\"https:\/\/www.victorarandagarcia.es\/wp-content\/uploads\/010-night-leaves-valencia-2007.jpg\" alt=\"Fotograf\u00eda de las hojas de un \u00e1rbol de noche\" data-id=\"2903\" data-link=\"https:\/\/www.victorarandagarcia.es\/010-night-leaves-valencia-2007\/\" class=\"wp-image-2903\" srcset=\"https:\/\/www.victorarandagarcia.es\/wp-content\/uploads\/010-night-leaves-valencia-2007.jpg 720w, https:\/\/www.victorarandagarcia.es\/wp-content\/uploads\/010-night-leaves-valencia-2007-300x289.jpg 300w\" sizes=\"(max-width: 720px) 100vw, 720px\" \/><\/figure><\/li><li class=\"blocks-gallery-item\"><figure><img data-attachment-id=\"2908\" data-permalink=\"https:\/\/www.victorarandagarcia.es\/011-night-leaves-valencia-2006\/\" data-orig-file=\"https:\/\/www.victorarandagarcia.es\/wp-content\/uploads\/011-night-leaves-valencia-2006.jpg\" data-orig-size=\"720,481\" data-comments-opened=\"0\" data-image-meta=\"{&quot;aperture&quot;:&quot;0&quot;,&quot;credit&quot;:&quot;&quot;,&quot;camera&quot;:&quot;&quot;,&quot;caption&quot;:&quot;&quot;,&quot;created_timestamp&quot;:&quot;0&quot;,&quot;copyright&quot;:&quot;&quot;,&quot;focal_length&quot;:&quot;0&quot;,&quot;iso&quot;:&quot;0&quot;,&quot;shutter_speed&quot;:&quot;0&quot;,&quot;title&quot;:&quot;&quot;,&quot;orientation&quot;:&quot;0&quot;}\" data-image-title=\"011-night-leaves-(valencia-2006)\" data-image-description=\"&lt;p&gt;Night Leaves (Valencia 2006)&lt;\/p&gt;\n\" data-image-caption=\"\" data-medium-file=\"https:\/\/www.victorarandagarcia.es\/wp-content\/uploads\/011-night-leaves-valencia-2006-300x200.jpg\" data-large-file=\"https:\/\/www.victorarandagarcia.es\/wp-content\/uploads\/011-night-leaves-valencia-2006.jpg\" decoding=\"async\" loading=\"lazy\" width=\"720\" height=\"481\" src=\"https:\/\/www.victorarandagarcia.es\/wp-content\/uploads\/011-night-leaves-valencia-2006.jpg\" alt=\"Fotograf\u00eda de las hojas de un \u00e1rbol de noche\" data-id=\"2908\" data-link=\"https:\/\/www.victorarandagarcia.es\/011-night-leaves-valencia-2006\/\" class=\"wp-image-2908\" srcset=\"https:\/\/www.victorarandagarcia.es\/wp-content\/uploads\/011-night-leaves-valencia-2006.jpg 720w, https:\/\/www.victorarandagarcia.es\/wp-content\/uploads\/011-night-leaves-valencia-2006-300x200.jpg 300w\" sizes=\"(max-width: 720px) 100vw, 720px\" \/><\/figure><\/li><li class=\"blocks-gallery-item\"><figure><img data-attachment-id=\"2909\" data-permalink=\"https:\/\/www.victorarandagarcia.es\/012-night-leaves-valencia-2007\/\" data-orig-file=\"https:\/\/www.victorarandagarcia.es\/wp-content\/uploads\/012-night-leaves-valencia-2007.jpg\" data-orig-size=\"720,481\" data-comments-opened=\"0\" data-image-meta=\"{&quot;aperture&quot;:&quot;0&quot;,&quot;credit&quot;:&quot;&quot;,&quot;camera&quot;:&quot;&quot;,&quot;caption&quot;:&quot;&quot;,&quot;created_timestamp&quot;:&quot;0&quot;,&quot;copyright&quot;:&quot;&quot;,&quot;focal_length&quot;:&quot;0&quot;,&quot;iso&quot;:&quot;0&quot;,&quot;shutter_speed&quot;:&quot;0&quot;,&quot;title&quot;:&quot;&quot;,&quot;orientation&quot;:&quot;0&quot;}\" data-image-title=\"012-night-leaves-(valencia-2007)\" data-image-description=\"&lt;p&gt;Night Leaves (Valencia 2007)&lt;\/p&gt;\n\" data-image-caption=\"\" data-medium-file=\"https:\/\/www.victorarandagarcia.es\/wp-content\/uploads\/012-night-leaves-valencia-2007-300x200.jpg\" data-large-file=\"https:\/\/www.victorarandagarcia.es\/wp-content\/uploads\/012-night-leaves-valencia-2007.jpg\" decoding=\"async\" loading=\"lazy\" width=\"720\" height=\"481\" src=\"https:\/\/www.victorarandagarcia.es\/wp-content\/uploads\/012-night-leaves-valencia-2007.jpg\" alt=\"Fotograf\u00eda de las hojas de un \u00e1rbol de noche\" data-id=\"2909\" data-link=\"https:\/\/www.victorarandagarcia.es\/012-night-leaves-valencia-2007\/\" class=\"wp-image-2909\" srcset=\"https:\/\/www.victorarandagarcia.es\/wp-content\/uploads\/012-night-leaves-valencia-2007.jpg 720w, https:\/\/www.victorarandagarcia.es\/wp-content\/uploads\/012-night-leaves-valencia-2007-300x200.jpg 300w\" sizes=\"(max-width: 720px) 100vw, 720px\" \/><\/figure><\/li><li class=\"blocks-gallery-item\"><figure><img data-attachment-id=\"2904\" data-permalink=\"https:\/\/www.victorarandagarcia.es\/012-night-leaves-2010\/\" data-orig-file=\"https:\/\/www.victorarandagarcia.es\/wp-content\/uploads\/012-night-leaves-2010.jpg\" data-orig-size=\"482,720\" data-comments-opened=\"0\" data-image-meta=\"{&quot;aperture&quot;:&quot;0&quot;,&quot;credit&quot;:&quot;&quot;,&quot;camera&quot;:&quot;&quot;,&quot;caption&quot;:&quot;&quot;,&quot;created_timestamp&quot;:&quot;0&quot;,&quot;copyright&quot;:&quot;&quot;,&quot;focal_length&quot;:&quot;0&quot;,&quot;iso&quot;:&quot;0&quot;,&quot;shutter_speed&quot;:&quot;0&quot;,&quot;title&quot;:&quot;&quot;,&quot;orientation&quot;:&quot;0&quot;}\" data-image-title=\"012-night-leaves-2010\" data-image-description=\"&lt;p&gt;Night Leaves (Valencia 2010)&lt;\/p&gt;\n\" data-image-caption=\"\" data-medium-file=\"https:\/\/www.victorarandagarcia.es\/wp-content\/uploads\/012-night-leaves-2010-201x300.jpg\" data-large-file=\"https:\/\/www.victorarandagarcia.es\/wp-content\/uploads\/012-night-leaves-2010.jpg\" decoding=\"async\" loading=\"lazy\" width=\"482\" height=\"720\" src=\"https:\/\/www.victorarandagarcia.es\/wp-content\/uploads\/012-night-leaves-2010.jpg\" alt=\"Fotograf\u00eda de las hojas de un \u00e1rbol de noche\" data-id=\"2904\" data-link=\"https:\/\/www.victorarandagarcia.es\/012-night-leaves-2010\/\" class=\"wp-image-2904\" srcset=\"https:\/\/www.victorarandagarcia.es\/wp-content\/uploads\/012-night-leaves-2010.jpg 482w, https:\/\/www.victorarandagarcia.es\/wp-content\/uploads\/012-night-leaves-2010-201x300.jpg 201w\" sizes=\"(max-width: 482px) 100vw, 482px\" \/><\/figure><\/li><li class=\"blocks-gallery-item\"><figure><img data-attachment-id=\"2901\" data-permalink=\"https:\/\/www.victorarandagarcia.es\/013-night-leaves-valencia-2010\/\" data-orig-file=\"https:\/\/www.victorarandagarcia.es\/wp-content\/uploads\/013-night-leaves-valencia-2010.jpg\" data-orig-size=\"482,720\" data-comments-opened=\"0\" data-image-meta=\"{&quot;aperture&quot;:&quot;0&quot;,&quot;credit&quot;:&quot;&quot;,&quot;camera&quot;:&quot;&quot;,&quot;caption&quot;:&quot;&quot;,&quot;created_timestamp&quot;:&quot;0&quot;,&quot;copyright&quot;:&quot;&quot;,&quot;focal_length&quot;:&quot;0&quot;,&quot;iso&quot;:&quot;0&quot;,&quot;shutter_speed&quot;:&quot;0&quot;,&quot;title&quot;:&quot;&quot;,&quot;orientation&quot;:&quot;0&quot;}\" data-image-title=\"013-night-leaves-(valencia-2010)\" data-image-description=\"&lt;p&gt;Night Leaves (Valencia 2010)&lt;\/p&gt;\n\" data-image-caption=\"\" data-medium-file=\"https:\/\/www.victorarandagarcia.es\/wp-content\/uploads\/013-night-leaves-valencia-2010-201x300.jpg\" data-large-file=\"https:\/\/www.victorarandagarcia.es\/wp-content\/uploads\/013-night-leaves-valencia-2010.jpg\" decoding=\"async\" loading=\"lazy\" width=\"482\" height=\"720\" src=\"https:\/\/www.victorarandagarcia.es\/wp-content\/uploads\/013-night-leaves-valencia-2010.jpg\" alt=\"Fotograf\u00eda de las hojas de un \u00e1rbol de noche\" data-id=\"2901\" data-link=\"https:\/\/www.victorarandagarcia.es\/013-night-leaves-valencia-2010\/\" class=\"wp-image-2901\" srcset=\"https:\/\/www.victorarandagarcia.es\/wp-content\/uploads\/013-night-leaves-valencia-2010.jpg 482w, https:\/\/www.victorarandagarcia.es\/wp-content\/uploads\/013-night-leaves-valencia-2010-201x300.jpg 201w\" sizes=\"(max-width: 482px) 100vw, 482px\" \/><\/figure><\/li><li class=\"blocks-gallery-item\"><figure><img data-attachment-id=\"2902\" data-permalink=\"https:\/\/www.victorarandagarcia.es\/014-night-leaves-valencia-2010\/\" data-orig-file=\"https:\/\/www.victorarandagarcia.es\/wp-content\/uploads\/014-night-leaves-valencia-2010.jpg\" data-orig-size=\"720,482\" data-comments-opened=\"0\" data-image-meta=\"{&quot;aperture&quot;:&quot;0&quot;,&quot;credit&quot;:&quot;&quot;,&quot;camera&quot;:&quot;&quot;,&quot;caption&quot;:&quot;&quot;,&quot;created_timestamp&quot;:&quot;0&quot;,&quot;copyright&quot;:&quot;&quot;,&quot;focal_length&quot;:&quot;0&quot;,&quot;iso&quot;:&quot;0&quot;,&quot;shutter_speed&quot;:&quot;0&quot;,&quot;title&quot;:&quot;&quot;,&quot;orientation&quot;:&quot;0&quot;}\" data-image-title=\"014-night-leaves-(valencia-2010)\" data-image-description=\"&lt;p&gt;Night Leaves (Valencia 2010)&lt;\/p&gt;\n\" data-image-caption=\"\" data-medium-file=\"https:\/\/www.victorarandagarcia.es\/wp-content\/uploads\/014-night-leaves-valencia-2010-300x201.jpg\" data-large-file=\"https:\/\/www.victorarandagarcia.es\/wp-content\/uploads\/014-night-leaves-valencia-2010.jpg\" decoding=\"async\" loading=\"lazy\" width=\"720\" height=\"482\" src=\"https:\/\/www.victorarandagarcia.es\/wp-content\/uploads\/014-night-leaves-valencia-2010.jpg\" alt=\"Fotograf\u00eda de las hojas de un \u00e1rbol de noche\" data-id=\"2902\" data-link=\"https:\/\/www.victorarandagarcia.es\/014-night-leaves-valencia-2010\/\" class=\"wp-image-2902\" srcset=\"https:\/\/www.victorarandagarcia.es\/wp-content\/uploads\/014-night-leaves-valencia-2010.jpg 720w, https:\/\/www.victorarandagarcia.es\/wp-content\/uploads\/014-night-leaves-valencia-2010-300x201.jpg 300w\" sizes=\"(max-width: 720px) 100vw, 720px\" \/><\/figure><\/li><li class=\"blocks-gallery-item\"><figure><img data-attachment-id=\"2911\" data-permalink=\"https:\/\/www.victorarandagarcia.es\/015-night-leaves-valencia-2014\/\" data-orig-file=\"https:\/\/www.victorarandagarcia.es\/wp-content\/uploads\/015-night-leaves-valencia-2014.jpg\" data-orig-size=\"720,481\" data-comments-opened=\"0\" data-image-meta=\"{&quot;aperture&quot;:&quot;0&quot;,&quot;credit&quot;:&quot;&quot;,&quot;camera&quot;:&quot;&quot;,&quot;caption&quot;:&quot;&quot;,&quot;created_timestamp&quot;:&quot;0&quot;,&quot;copyright&quot;:&quot;&quot;,&quot;focal_length&quot;:&quot;0&quot;,&quot;iso&quot;:&quot;0&quot;,&quot;shutter_speed&quot;:&quot;0&quot;,&quot;title&quot;:&quot;&quot;,&quot;orientation&quot;:&quot;0&quot;}\" data-image-title=\"015-night-leaves-(valencia-2014)\" data-image-description=\"&lt;p&gt;Night Leaves (Valencia 2014)&lt;\/p&gt;\n\" data-image-caption=\"\" data-medium-file=\"https:\/\/www.victorarandagarcia.es\/wp-content\/uploads\/015-night-leaves-valencia-2014-300x200.jpg\" data-large-file=\"https:\/\/www.victorarandagarcia.es\/wp-content\/uploads\/015-night-leaves-valencia-2014.jpg\" decoding=\"async\" loading=\"lazy\" width=\"720\" height=\"481\" src=\"https:\/\/www.victorarandagarcia.es\/wp-content\/uploads\/015-night-leaves-valencia-2014.jpg\" alt=\"Fotograf\u00eda de las hojas de un \u00e1rbol de noche\" data-id=\"2911\" data-link=\"https:\/\/www.victorarandagarcia.es\/015-night-leaves-valencia-2014\/\" class=\"wp-image-2911\" srcset=\"https:\/\/www.victorarandagarcia.es\/wp-content\/uploads\/015-night-leaves-valencia-2014.jpg 720w, https:\/\/www.victorarandagarcia.es\/wp-content\/uploads\/015-night-leaves-valencia-2014-300x200.jpg 300w\" sizes=\"(max-width: 720px) 100vw, 720px\" \/><\/figure><\/li><li class=\"blocks-gallery-item\"><figure><img data-attachment-id=\"2912\" data-permalink=\"https:\/\/www.victorarandagarcia.es\/016-night-leaves-valencia-2014\/\" data-orig-file=\"https:\/\/www.victorarandagarcia.es\/wp-content\/uploads\/016-night-leaves-valencia-2014.jpg\" data-orig-size=\"481,720\" data-comments-opened=\"0\" data-image-meta=\"{&quot;aperture&quot;:&quot;0&quot;,&quot;credit&quot;:&quot;&quot;,&quot;camera&quot;:&quot;&quot;,&quot;caption&quot;:&quot;&quot;,&quot;created_timestamp&quot;:&quot;0&quot;,&quot;copyright&quot;:&quot;&quot;,&quot;focal_length&quot;:&quot;0&quot;,&quot;iso&quot;:&quot;0&quot;,&quot;shutter_speed&quot;:&quot;0&quot;,&quot;title&quot;:&quot;&quot;,&quot;orientation&quot;:&quot;0&quot;}\" data-image-title=\"016-night-leaves-(valencia-2014)\" data-image-description=\"&lt;p&gt;Night Leaves (Valencia 2014)&lt;\/p&gt;\n\" data-image-caption=\"\" data-medium-file=\"https:\/\/www.victorarandagarcia.es\/wp-content\/uploads\/016-night-leaves-valencia-2014-200x300.jpg\" data-large-file=\"https:\/\/www.victorarandagarcia.es\/wp-content\/uploads\/016-night-leaves-valencia-2014.jpg\" decoding=\"async\" loading=\"lazy\" width=\"481\" height=\"720\" src=\"https:\/\/www.victorarandagarcia.es\/wp-content\/uploads\/016-night-leaves-valencia-2014.jpg\" alt=\"Fotograf\u00eda de las hojas de un \u00e1rbol de noche\" data-id=\"2912\" data-link=\"https:\/\/www.victorarandagarcia.es\/016-night-leaves-valencia-2014\/\" class=\"wp-image-2912\" srcset=\"https:\/\/www.victorarandagarcia.es\/wp-content\/uploads\/016-night-leaves-valencia-2014.jpg 481w, https:\/\/www.victorarandagarcia.es\/wp-content\/uploads\/016-night-leaves-valencia-2014-200x300.jpg 200w\" sizes=\"(max-width: 481px) 100vw, 481px\" \/><\/figure><\/li><li class=\"blocks-gallery-item\"><figure><img data-attachment-id=\"2900\" data-permalink=\"https:\/\/www.victorarandagarcia.es\/017-night-leaves-valencia-2010\/\" data-orig-file=\"https:\/\/www.victorarandagarcia.es\/wp-content\/uploads\/017-night-leaves-valencia-2010.jpg\" data-orig-size=\"482,720\" data-comments-opened=\"0\" data-image-meta=\"{&quot;aperture&quot;:&quot;0&quot;,&quot;credit&quot;:&quot;&quot;,&quot;camera&quot;:&quot;&quot;,&quot;caption&quot;:&quot;&quot;,&quot;created_timestamp&quot;:&quot;0&quot;,&quot;copyright&quot;:&quot;&quot;,&quot;focal_length&quot;:&quot;0&quot;,&quot;iso&quot;:&quot;0&quot;,&quot;shutter_speed&quot;:&quot;0&quot;,&quot;title&quot;:&quot;&quot;,&quot;orientation&quot;:&quot;0&quot;}\" data-image-title=\"017-night-leaves-(valencia-2010)\" data-image-description=\"&lt;p&gt;Night Leaves (Valencia 2010)&lt;\/p&gt;\n\" data-image-caption=\"\" data-medium-file=\"https:\/\/www.victorarandagarcia.es\/wp-content\/uploads\/017-night-leaves-valencia-2010-201x300.jpg\" data-large-file=\"https:\/\/www.victorarandagarcia.es\/wp-content\/uploads\/017-night-leaves-valencia-2010.jpg\" decoding=\"async\" loading=\"lazy\" width=\"482\" height=\"720\" src=\"https:\/\/www.victorarandagarcia.es\/wp-content\/uploads\/017-night-leaves-valencia-2010.jpg\" alt=\"Fotograf\u00eda de las hojas de un \u00e1rbol de noche\" data-id=\"2900\" data-link=\"https:\/\/www.victorarandagarcia.es\/017-night-leaves-valencia-2010\/\" class=\"wp-image-2900\" srcset=\"https:\/\/www.victorarandagarcia.es\/wp-content\/uploads\/017-night-leaves-valencia-2010.jpg 482w, https:\/\/www.victorarandagarcia.es\/wp-content\/uploads\/017-night-leaves-valencia-2010-201x300.jpg 201w\" sizes=\"(max-width: 482px) 100vw, 482px\" \/><\/figure><\/li><li class=\"blocks-gallery-item\"><figure><img data-attachment-id=\"2905\" data-permalink=\"https:\/\/www.victorarandagarcia.es\/018-night-leaves-valencia-2010\/\" data-orig-file=\"https:\/\/www.victorarandagarcia.es\/wp-content\/uploads\/018-night-leaves-valencia-2010.jpg\" data-orig-size=\"720,481\" data-comments-opened=\"0\" data-image-meta=\"{&quot;aperture&quot;:&quot;0&quot;,&quot;credit&quot;:&quot;&quot;,&quot;camera&quot;:&quot;&quot;,&quot;caption&quot;:&quot;&quot;,&quot;created_timestamp&quot;:&quot;0&quot;,&quot;copyright&quot;:&quot;&quot;,&quot;focal_length&quot;:&quot;0&quot;,&quot;iso&quot;:&quot;0&quot;,&quot;shutter_speed&quot;:&quot;0&quot;,&quot;title&quot;:&quot;&quot;,&quot;orientation&quot;:&quot;0&quot;}\" data-image-title=\"018-night-leaves-(valencia-2010)\" data-image-description=\"&lt;p&gt;Night Leaves (Valencia 2010)&lt;\/p&gt;\n\" data-image-caption=\"\" data-medium-file=\"https:\/\/www.victorarandagarcia.es\/wp-content\/uploads\/018-night-leaves-valencia-2010-300x200.jpg\" data-large-file=\"https:\/\/www.victorarandagarcia.es\/wp-content\/uploads\/018-night-leaves-valencia-2010.jpg\" decoding=\"async\" loading=\"lazy\" width=\"720\" height=\"481\" src=\"https:\/\/www.victorarandagarcia.es\/wp-content\/uploads\/018-night-leaves-valencia-2010.jpg\" alt=\"Fotograf\u00eda de las hojas de un \u00e1rbol de noche\" data-id=\"2905\" data-link=\"https:\/\/www.victorarandagarcia.es\/018-night-leaves-valencia-2010\/\" class=\"wp-image-2905\" srcset=\"https:\/\/www.victorarandagarcia.es\/wp-content\/uploads\/018-night-leaves-valencia-2010.jpg 720w, https:\/\/www.victorarandagarcia.es\/wp-content\/uploads\/018-night-leaves-valencia-2010-300x200.jpg 300w\" sizes=\"(max-width: 720px) 100vw, 720px\" \/><\/figure><\/li><li class=\"blocks-gallery-item\"><figure><img data-attachment-id=\"2918\" data-permalink=\"https:\/\/www.victorarandagarcia.es\/019-night-leaves-valencia-2006\/\" data-orig-file=\"https:\/\/www.victorarandagarcia.es\/wp-content\/uploads\/019-night-leaves-valencia-2006.jpg\" data-orig-size=\"720,481\" data-comments-opened=\"0\" data-image-meta=\"{&quot;aperture&quot;:&quot;0&quot;,&quot;credit&quot;:&quot;&quot;,&quot;camera&quot;:&quot;&quot;,&quot;caption&quot;:&quot;&quot;,&quot;created_timestamp&quot;:&quot;0&quot;,&quot;copyright&quot;:&quot;&quot;,&quot;focal_length&quot;:&quot;0&quot;,&quot;iso&quot;:&quot;0&quot;,&quot;shutter_speed&quot;:&quot;0&quot;,&quot;title&quot;:&quot;&quot;,&quot;orientation&quot;:&quot;0&quot;}\" data-image-title=\"019-night-leaves-(valencia-2006)\" data-image-description=\"&lt;p&gt;Night Leaves (Valencia 2006)&lt;\/p&gt;\n\" data-image-caption=\"\" data-medium-file=\"https:\/\/www.victorarandagarcia.es\/wp-content\/uploads\/019-night-leaves-valencia-2006-300x200.jpg\" data-large-file=\"https:\/\/www.victorarandagarcia.es\/wp-content\/uploads\/019-night-leaves-valencia-2006.jpg\" decoding=\"async\" loading=\"lazy\" width=\"720\" height=\"481\" src=\"https:\/\/www.victorarandagarcia.es\/wp-content\/uploads\/019-night-leaves-valencia-2006.jpg\" alt=\"Fotograf\u00eda de las hojas de un \u00e1rbol de noche\" data-id=\"2918\" data-link=\"https:\/\/www.victorarandagarcia.es\/019-night-leaves-valencia-2006\/\" class=\"wp-image-2918\" srcset=\"https:\/\/www.victorarandagarcia.es\/wp-content\/uploads\/019-night-leaves-valencia-2006.jpg 720w, https:\/\/www.victorarandagarcia.es\/wp-content\/uploads\/019-night-leaves-valencia-2006-300x200.jpg 300w\" sizes=\"(max-width: 720px) 100vw, 720px\" \/><\/figure><\/li><li class=\"blocks-gallery-item\"><figure><img data-attachment-id=\"2915\" data-permalink=\"https:\/\/www.victorarandagarcia.es\/020-night-leaves-valencia-2010\/\" data-orig-file=\"https:\/\/www.victorarandagarcia.es\/wp-content\/uploads\/020-night-leaves-valencia-2010.jpg\" data-orig-size=\"482,720\" data-comments-opened=\"0\" data-image-meta=\"{&quot;aperture&quot;:&quot;0&quot;,&quot;credit&quot;:&quot;&quot;,&quot;camera&quot;:&quot;&quot;,&quot;caption&quot;:&quot;&quot;,&quot;created_timestamp&quot;:&quot;0&quot;,&quot;copyright&quot;:&quot;&quot;,&quot;focal_length&quot;:&quot;0&quot;,&quot;iso&quot;:&quot;0&quot;,&quot;shutter_speed&quot;:&quot;0&quot;,&quot;title&quot;:&quot;&quot;,&quot;orientation&quot;:&quot;0&quot;}\" data-image-title=\"020-night-leaves-(valencia-2010)\" data-image-description=\"&lt;p&gt;Night Leaves (Valencia 2010)&lt;\/p&gt;\n\" data-image-caption=\"\" data-medium-file=\"https:\/\/www.victorarandagarcia.es\/wp-content\/uploads\/020-night-leaves-valencia-2010-201x300.jpg\" data-large-file=\"https:\/\/www.victorarandagarcia.es\/wp-content\/uploads\/020-night-leaves-valencia-2010.jpg\" decoding=\"async\" loading=\"lazy\" width=\"482\" height=\"720\" src=\"https:\/\/www.victorarandagarcia.es\/wp-content\/uploads\/020-night-leaves-valencia-2010.jpg\" alt=\"Fotograf\u00eda de las hojas de un \u00e1rbol de noche\" data-id=\"2915\" data-link=\"https:\/\/www.victorarandagarcia.es\/020-night-leaves-valencia-2010\/\" class=\"wp-image-2915\" srcset=\"https:\/\/www.victorarandagarcia.es\/wp-content\/uploads\/020-night-leaves-valencia-2010.jpg 482w, https:\/\/www.victorarandagarcia.es\/wp-content\/uploads\/020-night-leaves-valencia-2010-201x300.jpg 201w\" sizes=\"(max-width: 482px) 100vw, 482px\" \/><\/figure><\/li><li class=\"blocks-gallery-item\"><figure><img data-attachment-id=\"2920\" data-permalink=\"https:\/\/www.victorarandagarcia.es\/020-night-leaves-valencia-2013\/\" data-orig-file=\"https:\/\/www.victorarandagarcia.es\/wp-content\/uploads\/020-night-leaves-valencia-2013.jpg\" data-orig-size=\"481,720\" data-comments-opened=\"0\" data-image-meta=\"{&quot;aperture&quot;:&quot;0&quot;,&quot;credit&quot;:&quot;&quot;,&quot;camera&quot;:&quot;&quot;,&quot;caption&quot;:&quot;&quot;,&quot;created_timestamp&quot;:&quot;0&quot;,&quot;copyright&quot;:&quot;&quot;,&quot;focal_length&quot;:&quot;0&quot;,&quot;iso&quot;:&quot;0&quot;,&quot;shutter_speed&quot;:&quot;0&quot;,&quot;title&quot;:&quot;&quot;,&quot;orientation&quot;:&quot;0&quot;}\" data-image-title=\"020-night-leaves-(valencia-2013)\" data-image-description=\"&lt;p&gt;Night Leaves (Valencia 2013)&lt;\/p&gt;\n\" data-image-caption=\"\" data-medium-file=\"https:\/\/www.victorarandagarcia.es\/wp-content\/uploads\/020-night-leaves-valencia-2013-200x300.jpg\" data-large-file=\"https:\/\/www.victorarandagarcia.es\/wp-content\/uploads\/020-night-leaves-valencia-2013.jpg\" decoding=\"async\" loading=\"lazy\" width=\"481\" height=\"720\" src=\"https:\/\/www.victorarandagarcia.es\/wp-content\/uploads\/020-night-leaves-valencia-2013.jpg\" alt=\"Fotograf\u00eda de las hojas de un \u00e1rbol de noche\" data-id=\"2920\" data-link=\"https:\/\/www.victorarandagarcia.es\/020-night-leaves-valencia-2013\/\" class=\"wp-image-2920\" srcset=\"https:\/\/www.victorarandagarcia.es\/wp-content\/uploads\/020-night-leaves-valencia-2013.jpg 481w, https:\/\/www.victorarandagarcia.es\/wp-content\/uploads\/020-night-leaves-valencia-2013-200x300.jpg 200w\" sizes=\"(max-width: 481px) 100vw, 481px\" \/><\/figure><\/li><li class=\"blocks-gallery-item\"><figure><img data-attachment-id=\"2916\" data-permalink=\"https:\/\/www.victorarandagarcia.es\/021-night-leaves-valencia-2009\/\" data-orig-file=\"https:\/\/www.victorarandagarcia.es\/wp-content\/uploads\/021-night-leaves-valencia-2009.jpg\" data-orig-size=\"720,482\" data-comments-opened=\"0\" data-image-meta=\"{&quot;aperture&quot;:&quot;0&quot;,&quot;credit&quot;:&quot;&quot;,&quot;camera&quot;:&quot;&quot;,&quot;caption&quot;:&quot;&quot;,&quot;created_timestamp&quot;:&quot;0&quot;,&quot;copyright&quot;:&quot;&quot;,&quot;focal_length&quot;:&quot;0&quot;,&quot;iso&quot;:&quot;0&quot;,&quot;shutter_speed&quot;:&quot;0&quot;,&quot;title&quot;:&quot;&quot;,&quot;orientation&quot;:&quot;0&quot;}\" data-image-title=\"021-night-leaves-(valencia-2009)\" data-image-description=\"&lt;p&gt;Night Leaves (Valencia 2009)&lt;\/p&gt;\n\" data-image-caption=\"\" data-medium-file=\"https:\/\/www.victorarandagarcia.es\/wp-content\/uploads\/021-night-leaves-valencia-2009-300x201.jpg\" data-large-file=\"https:\/\/www.victorarandagarcia.es\/wp-content\/uploads\/021-night-leaves-valencia-2009.jpg\" decoding=\"async\" loading=\"lazy\" width=\"720\" height=\"482\" src=\"https:\/\/www.victorarandagarcia.es\/wp-content\/uploads\/021-night-leaves-valencia-2009.jpg\" alt=\"Fotograf\u00eda de las hojas de un \u00e1rbol de noche\" data-id=\"2916\" data-link=\"https:\/\/www.victorarandagarcia.es\/021-night-leaves-valencia-2009\/\" class=\"wp-image-2916\" srcset=\"https:\/\/www.victorarandagarcia.es\/wp-content\/uploads\/021-night-leaves-valencia-2009.jpg 720w, https:\/\/www.victorarandagarcia.es\/wp-content\/uploads\/021-night-leaves-valencia-2009-300x201.jpg 300w\" sizes=\"(max-width: 720px) 100vw, 720px\" \/><\/figure><\/li><li class=\"blocks-gallery-item\"><figure><img data-attachment-id=\"2896\" data-permalink=\"https:\/\/www.victorarandagarcia.es\/022-night-leaves-valencia-2013\/\" data-orig-file=\"https:\/\/www.victorarandagarcia.es\/wp-content\/uploads\/022-night-leaves-valencia-2013.jpg\" data-orig-size=\"720,481\" data-comments-opened=\"0\" data-image-meta=\"{&quot;aperture&quot;:&quot;0&quot;,&quot;credit&quot;:&quot;&quot;,&quot;camera&quot;:&quot;&quot;,&quot;caption&quot;:&quot;&quot;,&quot;created_timestamp&quot;:&quot;0&quot;,&quot;copyright&quot;:&quot;&quot;,&quot;focal_length&quot;:&quot;0&quot;,&quot;iso&quot;:&quot;0&quot;,&quot;shutter_speed&quot;:&quot;0&quot;,&quot;title&quot;:&quot;&quot;,&quot;orientation&quot;:&quot;0&quot;}\" data-image-title=\"022-night-leaves-(valencia-2013)\" data-image-description=\"&lt;p&gt;Night Leaves (Valencia 2013)&lt;\/p&gt;\n\" data-image-caption=\"\" data-medium-file=\"https:\/\/www.victorarandagarcia.es\/wp-content\/uploads\/022-night-leaves-valencia-2013-300x200.jpg\" data-large-file=\"https:\/\/www.victorarandagarcia.es\/wp-content\/uploads\/022-night-leaves-valencia-2013.jpg\" decoding=\"async\" loading=\"lazy\" width=\"720\" height=\"481\" src=\"https:\/\/www.victorarandagarcia.es\/wp-content\/uploads\/022-night-leaves-valencia-2013.jpg\" alt=\"Fotograf\u00eda de las hojas de un \u00e1rbol de noche\" data-id=\"2896\" data-link=\"https:\/\/www.victorarandagarcia.es\/022-night-leaves-valencia-2013\/\" class=\"wp-image-2896\" srcset=\"https:\/\/www.victorarandagarcia.es\/wp-content\/uploads\/022-night-leaves-valencia-2013.jpg 720w, https:\/\/www.victorarandagarcia.es\/wp-content\/uploads\/022-night-leaves-valencia-2013-300x200.jpg 300w\" sizes=\"(max-width: 720px) 100vw, 720px\" \/><\/figure><\/li><li class=\"blocks-gallery-item\"><figure><img data-attachment-id=\"2899\" data-permalink=\"https:\/\/www.victorarandagarcia.es\/023-anight-leaves-valencia-2013\/\" data-orig-file=\"https:\/\/www.victorarandagarcia.es\/wp-content\/uploads\/023-anight-leaves-valencia-2013.jpg\" data-orig-size=\"720,481\" data-comments-opened=\"0\" data-image-meta=\"{&quot;aperture&quot;:&quot;0&quot;,&quot;credit&quot;:&quot;&quot;,&quot;camera&quot;:&quot;&quot;,&quot;caption&quot;:&quot;&quot;,&quot;created_timestamp&quot;:&quot;0&quot;,&quot;copyright&quot;:&quot;&quot;,&quot;focal_length&quot;:&quot;0&quot;,&quot;iso&quot;:&quot;0&quot;,&quot;shutter_speed&quot;:&quot;0&quot;,&quot;title&quot;:&quot;&quot;,&quot;orientation&quot;:&quot;0&quot;}\" data-image-title=\"023-anight-leaves-(valencia-2013)\" data-image-description=\"&lt;p&gt;Night Leaves (Valencia 2013)&lt;\/p&gt;\n\" data-image-caption=\"\" data-medium-file=\"https:\/\/www.victorarandagarcia.es\/wp-content\/uploads\/023-anight-leaves-valencia-2013-300x200.jpg\" data-large-file=\"https:\/\/www.victorarandagarcia.es\/wp-content\/uploads\/023-anight-leaves-valencia-2013.jpg\" decoding=\"async\" loading=\"lazy\" width=\"720\" height=\"481\" src=\"https:\/\/www.victorarandagarcia.es\/wp-content\/uploads\/023-anight-leaves-valencia-2013.jpg\" alt=\"Fotograf\u00eda de las hojas de un \u00e1rbol de noche\" data-id=\"2899\" data-link=\"https:\/\/www.victorarandagarcia.es\/023-anight-leaves-valencia-2013\/\" class=\"wp-image-2899\" srcset=\"https:\/\/www.victorarandagarcia.es\/wp-content\/uploads\/023-anight-leaves-valencia-2013.jpg 720w, https:\/\/www.victorarandagarcia.es\/wp-content\/uploads\/023-anight-leaves-valencia-2013-300x200.jpg 300w\" sizes=\"(max-width: 720px) 100vw, 720px\" \/><\/figure><\/li><li class=\"blocks-gallery-item\"><figure><img data-attachment-id=\"2913\" data-permalink=\"https:\/\/www.victorarandagarcia.es\/024-night-leaves-valencia-2007\/\" data-orig-file=\"https:\/\/www.victorarandagarcia.es\/wp-content\/uploads\/024-night-leaves-valencia-2007.jpg\" data-orig-size=\"720,497\" data-comments-opened=\"0\" data-image-meta=\"{&quot;aperture&quot;:&quot;0&quot;,&quot;credit&quot;:&quot;&quot;,&quot;camera&quot;:&quot;&quot;,&quot;caption&quot;:&quot;&quot;,&quot;created_timestamp&quot;:&quot;0&quot;,&quot;copyright&quot;:&quot;&quot;,&quot;focal_length&quot;:&quot;0&quot;,&quot;iso&quot;:&quot;0&quot;,&quot;shutter_speed&quot;:&quot;0&quot;,&quot;title&quot;:&quot;&quot;,&quot;orientation&quot;:&quot;0&quot;}\" data-image-title=\"024-night-leaves-(valencia-2007)\" data-image-description=\"&lt;p&gt;Night Leaves (Valencia 2007)&lt;\/p&gt;\n\" data-image-caption=\"\" data-medium-file=\"https:\/\/www.victorarandagarcia.es\/wp-content\/uploads\/024-night-leaves-valencia-2007-300x207.jpg\" data-large-file=\"https:\/\/www.victorarandagarcia.es\/wp-content\/uploads\/024-night-leaves-valencia-2007.jpg\" decoding=\"async\" loading=\"lazy\" width=\"720\" height=\"497\" src=\"https:\/\/www.victorarandagarcia.es\/wp-content\/uploads\/024-night-leaves-valencia-2007.jpg\" alt=\"Fotograf\u00eda de las hojas de un \u00e1rbol de noche\" data-id=\"2913\" data-link=\"https:\/\/www.victorarandagarcia.es\/024-night-leaves-valencia-2007\/\" class=\"wp-image-2913\" srcset=\"https:\/\/www.victorarandagarcia.es\/wp-content\/uploads\/024-night-leaves-valencia-2007.jpg 720w, https:\/\/www.victorarandagarcia.es\/wp-content\/uploads\/024-night-leaves-valencia-2007-300x207.jpg 300w\" sizes=\"(max-width: 720px) 100vw, 720px\" \/><\/figure><\/li><li class=\"blocks-gallery-item\"><figure><img data-attachment-id=\"2921\" data-permalink=\"https:\/\/www.victorarandagarcia.es\/026-night-leaves-valencia-2007\/\" data-orig-file=\"https:\/\/www.victorarandagarcia.es\/wp-content\/uploads\/026-night-leaves-valencia-2007.jpg\" data-orig-size=\"720,481\" data-comments-opened=\"0\" data-image-meta=\"{&quot;aperture&quot;:&quot;0&quot;,&quot;credit&quot;:&quot;&quot;,&quot;camera&quot;:&quot;&quot;,&quot;caption&quot;:&quot;&quot;,&quot;created_timestamp&quot;:&quot;0&quot;,&quot;copyright&quot;:&quot;&quot;,&quot;focal_length&quot;:&quot;0&quot;,&quot;iso&quot;:&quot;0&quot;,&quot;shutter_speed&quot;:&quot;0&quot;,&quot;title&quot;:&quot;&quot;,&quot;orientation&quot;:&quot;0&quot;}\" data-image-title=\"026-night-leaves-(valencia-2007)\" data-image-description=\"&lt;p&gt;Night Leaves (Valencia 2007)&lt;\/p&gt;\n\" data-image-caption=\"\" data-medium-file=\"https:\/\/www.victorarandagarcia.es\/wp-content\/uploads\/026-night-leaves-valencia-2007-300x200.jpg\" data-large-file=\"https:\/\/www.victorarandagarcia.es\/wp-content\/uploads\/026-night-leaves-valencia-2007.jpg\" decoding=\"async\" loading=\"lazy\" width=\"720\" height=\"481\" src=\"https:\/\/www.victorarandagarcia.es\/wp-content\/uploads\/026-night-leaves-valencia-2007.jpg\" alt=\"Fotograf\u00eda de las hojas de un \u00e1rbol de noche\" data-id=\"2921\" data-link=\"https:\/\/www.victorarandagarcia.es\/026-night-leaves-valencia-2007\/\" class=\"wp-image-2921\" srcset=\"https:\/\/www.victorarandagarcia.es\/wp-content\/uploads\/026-night-leaves-valencia-2007.jpg 720w, https:\/\/www.victorarandagarcia.es\/wp-content\/uploads\/026-night-leaves-valencia-2007-300x200.jpg 300w\" sizes=\"(max-width: 720px) 100vw, 720px\" \/><\/figure><\/li><li class=\"blocks-gallery-item\"><figure><img data-attachment-id=\"2897\" data-permalink=\"https:\/\/www.victorarandagarcia.es\/027-night-leaves-valencia-2007\/\" data-orig-file=\"https:\/\/www.victorarandagarcia.es\/wp-content\/uploads\/027-night-leaves-valencia-2007.jpg\" data-orig-size=\"720,492\" data-comments-opened=\"0\" data-image-meta=\"{&quot;aperture&quot;:&quot;0&quot;,&quot;credit&quot;:&quot;&quot;,&quot;camera&quot;:&quot;&quot;,&quot;caption&quot;:&quot;&quot;,&quot;created_timestamp&quot;:&quot;0&quot;,&quot;copyright&quot;:&quot;&quot;,&quot;focal_length&quot;:&quot;0&quot;,&quot;iso&quot;:&quot;0&quot;,&quot;shutter_speed&quot;:&quot;0&quot;,&quot;title&quot;:&quot;&quot;,&quot;orientation&quot;:&quot;0&quot;}\" data-image-title=\"027-night-leaves-(valencia-2007)\" data-image-description=\"&lt;p&gt;Night Leaves (Valencia 2007)&lt;\/p&gt;\n\" data-image-caption=\"\" data-medium-file=\"https:\/\/www.victorarandagarcia.es\/wp-content\/uploads\/027-night-leaves-valencia-2007-300x205.jpg\" data-large-file=\"https:\/\/www.victorarandagarcia.es\/wp-content\/uploads\/027-night-leaves-valencia-2007.jpg\" decoding=\"async\" loading=\"lazy\" width=\"720\" height=\"492\" src=\"https:\/\/www.victorarandagarcia.es\/wp-content\/uploads\/027-night-leaves-valencia-2007.jpg\" alt=\"Fotograf\u00eda de las hojas de un \u00e1rbol de noche\" data-id=\"2897\" data-link=\"https:\/\/www.victorarandagarcia.es\/027-night-leaves-valencia-2007\/\" class=\"wp-image-2897\" srcset=\"https:\/\/www.victorarandagarcia.es\/wp-content\/uploads\/027-night-leaves-valencia-2007.jpg 720w, https:\/\/www.victorarandagarcia.es\/wp-content\/uploads\/027-night-leaves-valencia-2007-300x205.jpg 300w\" sizes=\"(max-width: 720px) 100vw, 720px\" \/><\/figure><\/li><li class=\"blocks-gallery-item\"><figure><img data-attachment-id=\"2910\" data-permalink=\"https:\/\/www.victorarandagarcia.es\/029-night-leaves-valencia-2007\/\" data-orig-file=\"https:\/\/www.victorarandagarcia.es\/wp-content\/uploads\/029-night-leaves-valencia-2007.jpg\" data-orig-size=\"720,481\" data-comments-opened=\"0\" data-image-meta=\"{&quot;aperture&quot;:&quot;0&quot;,&quot;credit&quot;:&quot;&quot;,&quot;camera&quot;:&quot;&quot;,&quot;caption&quot;:&quot;&quot;,&quot;created_timestamp&quot;:&quot;0&quot;,&quot;copyright&quot;:&quot;&quot;,&quot;focal_length&quot;:&quot;0&quot;,&quot;iso&quot;:&quot;0&quot;,&quot;shutter_speed&quot;:&quot;0&quot;,&quot;title&quot;:&quot;&quot;,&quot;orientation&quot;:&quot;0&quot;}\" data-image-title=\"029-night-leaves-(valencia-2007)\" data-image-description=\"&lt;p&gt;Night Leaves (Valencia 2007)&lt;\/p&gt;\n\" data-image-caption=\"\" data-medium-file=\"https:\/\/www.victorarandagarcia.es\/wp-content\/uploads\/029-night-leaves-valencia-2007-300x200.jpg\" data-large-file=\"https:\/\/www.victorarandagarcia.es\/wp-content\/uploads\/029-night-leaves-valencia-2007.jpg\" decoding=\"async\" loading=\"lazy\" width=\"720\" height=\"481\" src=\"https:\/\/www.victorarandagarcia.es\/wp-content\/uploads\/029-night-leaves-valencia-2007.jpg\" alt=\"Fotograf\u00eda de las hojas de un \u00e1rbol de noche\" data-id=\"2910\" data-link=\"https:\/\/www.victorarandagarcia.es\/029-night-leaves-valencia-2007\/\" class=\"wp-image-2910\" srcset=\"https:\/\/www.victorarandagarcia.es\/wp-content\/uploads\/029-night-leaves-valencia-2007.jpg 720w, https:\/\/www.victorarandagarcia.es\/wp-content\/uploads\/029-night-leaves-valencia-2007-300x200.jpg 300w\" sizes=\"(max-width: 720px) 100vw, 720px\" \/><\/figure><\/li><li class=\"blocks-gallery-item\"><figure><img data-attachment-id=\"2906\" data-permalink=\"https:\/\/www.victorarandagarcia.es\/030-night-leaves-valencia-2007\/\" data-orig-file=\"https:\/\/www.victorarandagarcia.es\/wp-content\/uploads\/030-night-leaves-valencia-2007.jpg\" data-orig-size=\"479,720\" data-comments-opened=\"0\" data-image-meta=\"{&quot;aperture&quot;:&quot;0&quot;,&quot;credit&quot;:&quot;Victor Aranda Garcia&quot;,&quot;camera&quot;:&quot;&quot;,&quot;caption&quot;:&quot;&quot;,&quot;created_timestamp&quot;:&quot;0&quot;,&quot;copyright&quot;:&quot;&quot;,&quot;focal_length&quot;:&quot;0&quot;,&quot;iso&quot;:&quot;0&quot;,&quot;shutter_speed&quot;:&quot;0&quot;,&quot;title&quot;:&quot;&quot;,&quot;orientation&quot;:&quot;0&quot;}\" data-image-title=\"030-night-leaves-(valencia-2007)\" data-image-description=\"&lt;p&gt;Night Leaves (Valencia 2007)&lt;\/p&gt;\n\" data-image-caption=\"\" data-medium-file=\"https:\/\/www.victorarandagarcia.es\/wp-content\/uploads\/030-night-leaves-valencia-2007-200x300.jpg\" data-large-file=\"https:\/\/www.victorarandagarcia.es\/wp-content\/uploads\/030-night-leaves-valencia-2007.jpg\" decoding=\"async\" loading=\"lazy\" width=\"479\" height=\"720\" src=\"https:\/\/www.victorarandagarcia.es\/wp-content\/uploads\/030-night-leaves-valencia-2007.jpg\" alt=\"Fotograf\u00eda de las hojas de un \u00e1rbol de noche\" data-id=\"2906\" data-link=\"https:\/\/www.victorarandagarcia.es\/030-night-leaves-valencia-2007\/\" class=\"wp-image-2906\" srcset=\"https:\/\/www.victorarandagarcia.es\/wp-content\/uploads\/030-night-leaves-valencia-2007.jpg 479w, https:\/\/www.victorarandagarcia.es\/wp-content\/uploads\/030-night-leaves-valencia-2007-200x300.jpg 200w\" sizes=\"(max-width: 479px) 100vw, 479px\" \/><\/figure><\/li><\/ul>\n","protected":false},"excerpt":{"rendered":"<p>En diciembre de 2006 empec\u00e9 una serie de fotos de naturaleza en la ciudad que llamo &#8216;Night Leaves&#8217;. En ella fotograf\u00edo \u00e1rboles y hojas de noche a la luz de las farolas, a veces incluyendo en el plano la fuente de luz. &hellip; <a href=\"https:\/\/www.victorarandagarcia.es\/index.php\/arte\/night-leaves\/\" class=\"more-link\"><span>Continuar<span class=\"screen-reader-text\">Night Leaves<\/span><\/span><\/a><\/p>\n","protected":false},"author":1,"featured_media":2922,"comment_status":"closed","ping_status":"open","sticky":false,"template":"","format":"standard","meta":{"jetpack_post_was_ever_published":false,"_jetpack_newsletter_access":"","_jetpack_dont_email_post_to_subs":false,"_jetpack_newsletter_tier_id":0,"_jetpack_memberships_contains_paywalled_content":false,"footnotes":"","_jetpack_memberships_contains_paid_content":false},"categories":[18,46],"tags":[36],"yoast_head":"<!-- This site is optimized with the Yoast SEO plugin v22.6 - https:\/\/yoast.com\/wordpress\/plugins\/seo\/ -->\n<title>Night Leaves - arte y estudio<\/title>\n<meta name=\"robots\" content=\"index, follow, max-snippet:-1, max-image-preview:large, max-video-preview:-1\" \/>\n<link rel=\"canonical\" href=\"https:\/\/www.victorarandagarcia.es\/index.php\/arte\/night-leaves\/\" \/>\n<meta property=\"og:locale\" content=\"es_ES\" \/>\n<meta property=\"og:type\" content=\"article\" \/>\n<meta property=\"og:title\" content=\"Night Leaves - arte y estudio\" \/>\n<meta property=\"og:description\" content=\"En diciembre de 2006 empec\u00e9 una serie de fotos de naturaleza en la ciudad que llamo &#039;Night Leaves&#039;. En ella fotograf\u00edo \u00e1rboles y hojas de noche a la luz de las farolas, a veces incluyendo en el plano la fuente de luz. &hellip; ContinuarNight Leaves\" \/>\n<meta property=\"og:url\" content=\"https:\/\/www.victorarandagarcia.es\/index.php\/arte\/night-leaves\/\" \/>\n<meta property=\"og:site_name\" content=\"arte y estudio\" \/>\n<meta property=\"article:published_time\" content=\"2020-05-01T11:05:53+00:00\" \/>\n<meta property=\"article:modified_time\" content=\"2020-05-01T11:05:56+00:00\" \/>\n<meta property=\"og:image\" content=\"https:\/\/www.victorarandagarcia.es\/wp-content\/uploads\/001-night-leaves-2014.jpg\" \/>\n\t<meta property=\"og:image:width\" content=\"481\" \/>\n\t<meta property=\"og:image:height\" content=\"720\" \/>\n\t<meta property=\"og:image:type\" content=\"image\/jpeg\" \/>\n<meta name=\"author\" content=\"victorarandagarcia\" \/>\n<meta name=\"twitter:card\" content=\"summary_large_image\" \/>\n<meta name=\"twitter:label1\" content=\"Escrito por\" \/>\n\t<meta name=\"twitter:data1\" content=\"victorarandagarcia\" \/>\n<script type=\"application\/ld+json\" class=\"yoast-schema-graph\">{\"@context\":\"https:\/\/schema.org\",\"@graph\":[{\"@type\":\"Article\",\"@id\":\"https:\/\/www.victorarandagarcia.es\/index.php\/arte\/night-leaves\/#article\",\"isPartOf\":{\"@id\":\"https:\/\/www.victorarandagarcia.es\/index.php\/arte\/night-leaves\/\"},\"author\":{\"name\":\"victorarandagarcia\",\"@id\":\"https:\/\/www.victorarandagarcia.es\/#\/schema\/person\/bfa9c61a3776d517deeee5f9386ef302\"},\"headline\":\"Night Leaves\",\"datePublished\":\"2020-05-01T11:05:53+00:00\",\"dateModified\":\"2020-05-01T11:05:56+00:00\",\"mainEntityOfPage\":{\"@id\":\"https:\/\/www.victorarandagarcia.es\/index.php\/arte\/night-leaves\/\"},\"wordCount\":44,\"publisher\":{\"@id\":\"https:\/\/www.victorarandagarcia.es\/#organization\"},\"image\":{\"@id\":\"https:\/\/www.victorarandagarcia.es\/index.php\/arte\/night-leaves\/#primaryimage\"},\"thumbnailUrl\":\"https:\/\/www.victorarandagarcia.es\/wp-content\/uploads\/001-night-leaves-2014.jpg\",\"keywords\":[\"naturaleza\"],\"articleSection\":[\"arte\",\"NATURALEZA\"],\"inLanguage\":\"es\"},{\"@type\":\"WebPage\",\"@id\":\"https:\/\/www.victorarandagarcia.es\/index.php\/arte\/night-leaves\/\",\"url\":\"https:\/\/www.victorarandagarcia.es\/index.php\/arte\/night-leaves\/\",\"name\":\"Night Leaves - arte y estudio\",\"isPartOf\":{\"@id\":\"https:\/\/www.victorarandagarcia.es\/#website\"},\"primaryImageOfPage\":{\"@id\":\"https:\/\/www.victorarandagarcia.es\/index.php\/arte\/night-leaves\/#primaryimage\"},\"image\":{\"@id\":\"https:\/\/www.victorarandagarcia.es\/index.php\/arte\/night-leaves\/#primaryimage\"},\"thumbnailUrl\":\"https:\/\/www.victorarandagarcia.es\/wp-content\/uploads\/001-night-leaves-2014.jpg\",\"datePublished\":\"2020-05-01T11:05:53+00:00\",\"dateModified\":\"2020-05-01T11:05:56+00:00\",\"breadcrumb\":{\"@id\":\"https:\/\/www.victorarandagarcia.es\/index.php\/arte\/night-leaves\/#breadcrumb\"},\"inLanguage\":\"es\",\"potentialAction\":[{\"@type\":\"ReadAction\",\"target\":[\"https:\/\/www.victorarandagarcia.es\/index.php\/arte\/night-leaves\/\"]}]},{\"@type\":\"ImageObject\",\"inLanguage\":\"es\",\"@id\":\"https:\/\/www.victorarandagarcia.es\/index.php\/arte\/night-leaves\/#primaryimage\",\"url\":\"https:\/\/www.victorarandagarcia.es\/wp-content\/uploads\/001-night-leaves-2014.jpg\",\"contentUrl\":\"https:\/\/www.victorarandagarcia.es\/wp-content\/uploads\/001-night-leaves-2014.jpg\",\"width\":481,\"height\":720,\"caption\":\"Fotograf\u00eda de las hojas de un \u00e1rbol de noche\"},{\"@type\":\"BreadcrumbList\",\"@id\":\"https:\/\/www.victorarandagarcia.es\/index.php\/arte\/night-leaves\/#breadcrumb\",\"itemListElement\":[{\"@type\":\"ListItem\",\"position\":1,\"name\":\"Portada\",\"item\":\"https:\/\/www.victorarandagarcia.es\/\"},{\"@type\":\"ListItem\",\"position\":2,\"name\":\"Night Leaves\"}]},{\"@type\":\"WebSite\",\"@id\":\"https:\/\/www.victorarandagarcia.es\/#website\",\"url\":\"https:\/\/www.victorarandagarcia.es\/\",\"name\":\"arte y estudio\",\"description\":\"Fot\u00f3grafo\",\"publisher\":{\"@id\":\"https:\/\/www.victorarandagarcia.es\/#organization\"},\"potentialAction\":[{\"@type\":\"SearchAction\",\"target\":{\"@type\":\"EntryPoint\",\"urlTemplate\":\"https:\/\/www.victorarandagarcia.es\/?s={search_term_string}\"},\"query-input\":\"required name=search_term_string\"}],\"inLanguage\":\"es\"},{\"@type\":\"Organization\",\"@id\":\"https:\/\/www.victorarandagarcia.es\/#organization\",\"name\":\"arte y estudio\",\"url\":\"https:\/\/www.victorarandagarcia.es\/\",\"logo\":{\"@type\":\"ImageObject\",\"inLanguage\":\"es\",\"@id\":\"https:\/\/www.victorarandagarcia.es\/#\/schema\/logo\/image\/\",\"url\":\"https:\/\/www.victorarandagarcia.es\/wp-content\/uploads\/2019\/03\/logo-fotografo.png\",\"contentUrl\":\"https:\/\/www.victorarandagarcia.es\/wp-content\/uploads\/2019\/03\/logo-fotografo.png\",\"width\":150,\"height\":150,\"caption\":\"arte y estudio\"},\"image\":{\"@id\":\"https:\/\/www.victorarandagarcia.es\/#\/schema\/logo\/image\/\"}},{\"@type\":\"Person\",\"@id\":\"https:\/\/www.victorarandagarcia.es\/#\/schema\/person\/bfa9c61a3776d517deeee5f9386ef302\",\"name\":\"victorarandagarcia\",\"image\":{\"@type\":\"ImageObject\",\"inLanguage\":\"es\",\"@id\":\"https:\/\/www.victorarandagarcia.es\/#\/schema\/person\/image\/\",\"url\":\"https:\/\/secure.gravatar.com\/avatar\/957a01ac23a6393e755ae8225c35dbdb?s=96&d=mm&r=g\",\"contentUrl\":\"https:\/\/secure.gravatar.com\/avatar\/957a01ac23a6393e755ae8225c35dbdb?s=96&d=mm&r=g\",\"caption\":\"victorarandagarcia\"}}]}<\/script>\n<!-- \/ Yoast SEO plugin. -->","yoast_head_json":{"title":"Night Leaves - arte y estudio","robots":{"index":"index","follow":"follow","max-snippet":"max-snippet:-1","max-image-preview":"max-image-preview:large","max-video-preview":"max-video-preview:-1"},"canonical":"https:\/\/www.victorarandagarcia.es\/index.php\/arte\/night-leaves\/","og_locale":"es_ES","og_type":"article","og_title":"Night Leaves - arte y estudio","og_description":"En diciembre de 2006 empec\u00e9 una serie de fotos de naturaleza en la ciudad que llamo 'Night Leaves'. En ella fotograf\u00edo \u00e1rboles y hojas de noche a la luz de las farolas, a veces incluyendo en el plano la fuente de luz. &hellip; ContinuarNight Leaves","og_url":"https:\/\/www.victorarandagarcia.es\/index.php\/arte\/night-leaves\/","og_site_name":"arte y estudio","article_published_time":"2020-05-01T11:05:53+00:00","article_modified_time":"2020-05-01T11:05:56+00:00","og_image":[{"width":481,"height":720,"url":"https:\/\/www.victorarandagarcia.es\/wp-content\/uploads\/001-night-leaves-2014.jpg","type":"image\/jpeg"}],"author":"victorarandagarcia","twitter_card":"summary_large_image","twitter_misc":{"Escrito por":"victorarandagarcia"},"schema":{"@context":"https:\/\/schema.org","@graph":[{"@type":"Article","@id":"https:\/\/www.victorarandagarcia.es\/index.php\/arte\/night-leaves\/#article","isPartOf":{"@id":"https:\/\/www.victorarandagarcia.es\/index.php\/arte\/night-leaves\/"},"author":{"name":"victorarandagarcia","@id":"https:\/\/www.victorarandagarcia.es\/#\/schema\/person\/bfa9c61a3776d517deeee5f9386ef302"},"headline":"Night Leaves","datePublished":"2020-05-01T11:05:53+00:00","dateModified":"2020-05-01T11:05:56+00:00","mainEntityOfPage":{"@id":"https:\/\/www.victorarandagarcia.es\/index.php\/arte\/night-leaves\/"},"wordCount":44,"publisher":{"@id":"https:\/\/www.victorarandagarcia.es\/#organization"},"image":{"@id":"https:\/\/www.victorarandagarcia.es\/index.php\/arte\/night-leaves\/#primaryimage"},"thumbnailUrl":"https:\/\/www.victorarandagarcia.es\/wp-content\/uploads\/001-night-leaves-2014.jpg","keywords":["naturaleza"],"articleSection":["arte","NATURALEZA"],"inLanguage":"es"},{"@type":"WebPage","@id":"https:\/\/www.victorarandagarcia.es\/index.php\/arte\/night-leaves\/","url":"https:\/\/www.victorarandagarcia.es\/index.php\/arte\/night-leaves\/","name":"Night Leaves - arte y estudio","isPartOf":{"@id":"https:\/\/www.victorarandagarcia.es\/#website"},"primaryImageOfPage":{"@id":"https:\/\/www.victorarandagarcia.es\/index.php\/arte\/night-leaves\/#primaryimage"},"image":{"@id":"https:\/\/www.victorarandagarcia.es\/index.php\/arte\/night-leaves\/#primaryimage"},"thumbnailUrl":"https:\/\/www.victorarandagarcia.es\/wp-content\/uploads\/001-night-leaves-2014.jpg","datePublished":"2020-05-01T11:05:53+00:00","dateModified":"2020-05-01T11:05:56+00:00","breadcrumb":{"@id":"https:\/\/www.victorarandagarcia.es\/index.php\/arte\/night-leaves\/#breadcrumb"},"inLanguage":"es","potentialAction":[{"@type":"ReadAction","target":["https:\/\/www.victorarandagarcia.es\/index.php\/arte\/night-leaves\/"]}]},{"@type":"ImageObject","inLanguage":"es","@id":"https:\/\/www.victorarandagarcia.es\/index.php\/arte\/night-leaves\/#primaryimage","url":"https:\/\/www.victorarandagarcia.es\/wp-content\/uploads\/001-night-leaves-2014.jpg","contentUrl":"https:\/\/www.victorarandagarcia.es\/wp-content\/uploads\/001-night-leaves-2014.jpg","width":481,"height":720,"caption":"Fotograf\u00eda de las hojas de un \u00e1rbol de noche"},{"@type":"BreadcrumbList","@id":"https:\/\/www.victorarandagarcia.es\/index.php\/arte\/night-leaves\/#breadcrumb","itemListElement":[{"@type":"ListItem","position":1,"name":"Portada","item":"https:\/\/www.victorarandagarcia.es\/"},{"@type":"ListItem","position":2,"name":"Night Leaves"}]},{"@type":"WebSite","@id":"https:\/\/www.victorarandagarcia.es\/#website","url":"https:\/\/www.victorarandagarcia.es\/","name":"arte y estudio","description":"Fot\u00f3grafo","publisher":{"@id":"https:\/\/www.victorarandagarcia.es\/#organization"},"potentialAction":[{"@type":"SearchAction","target":{"@type":"EntryPoint","urlTemplate":"https:\/\/www.victorarandagarcia.es\/?s={search_term_string}"},"query-input":"required name=search_term_string"}],"inLanguage":"es"},{"@type":"Organization","@id":"https:\/\/www.victorarandagarcia.es\/#organization","name":"arte y estudio","url":"https:\/\/www.victorarandagarcia.es\/","logo":{"@type":"ImageObject","inLanguage":"es","@id":"https:\/\/www.victorarandagarcia.es\/#\/schema\/logo\/image\/","url":"https:\/\/www.victorarandagarcia.es\/wp-content\/uploads\/2019\/03\/logo-fotografo.png","contentUrl":"https:\/\/www.victorarandagarcia.es\/wp-content\/uploads\/2019\/03\/logo-fotografo.png","width":150,"height":150,"caption":"arte y estudio"},"image":{"@id":"https:\/\/www.victorarandagarcia.es\/#\/schema\/logo\/image\/"}},{"@type":"Person","@id":"https:\/\/www.victorarandagarcia.es\/#\/schema\/person\/bfa9c61a3776d517deeee5f9386ef302","name":"victorarandagarcia","image":{"@type":"ImageObject","inLanguage":"es","@id":"https:\/\/www.victorarandagarcia.es\/#\/schema\/person\/image\/","url":"https:\/\/secure.gravatar.com\/avatar\/957a01ac23a6393e755ae8225c35dbdb?s=96&d=mm&r=g","contentUrl":"https:\/\/secure.gravatar.com\/avatar\/957a01ac23a6393e755ae8225c35dbdb?s=96&d=mm&r=g","caption":"victorarandagarcia"}}]}},"jetpack_featured_media_url":"https:\/\/www.victorarandagarcia.es\/wp-content\/uploads\/001-night-leaves-2014.jpg","jetpack_sharing_enabled":true,"_links":{"self":[{"href":"https:\/\/www.victorarandagarcia.es\/index.php\/wp-json\/wp\/v2\/posts\/2924"}],"collection":[{"href":"https:\/\/www.victorarandagarcia.es\/index.php\/wp-json\/wp\/v2\/posts"}],"about":[{"href":"https:\/\/www.victorarandagarcia.es\/index.php\/wp-json\/wp\/v2\/types\/post"}],"author":[{"embeddable":true,"href":"https:\/\/www.victorarandagarcia.es\/index.php\/wp-json\/wp\/v2\/users\/1"}],"replies":[{"embeddable":true,"href":"https:\/\/www.victorarandagarcia.es\/index.php\/wp-json\/wp\/v2\/comments?post=2924"}],"version-history":[{"count":1,"href":"https:\/\/www.victorarandagarcia.es\/index.php\/wp-json\/wp\/v2\/posts\/2924\/revisions"}],"predecessor-version":[{"id":2925,"href":"https:\/\/www.victorarandagarcia.es\/index.php\/wp-json\/wp\/v2\/posts\/2924\/revisions\/2925"}],"wp:featuredmedia":[{"embeddable":true,"href":"https:\/\/www.victorarandagarcia.es\/index.php\/wp-json\/wp\/v2\/media\/2922"}],"wp:attachment":[{"href":"https:\/\/www.victorarandagarcia.es\/index.php\/wp-json\/wp\/v2\/media?parent=2924"}],"wp:term":[{"taxonomy":"category","embeddable":true,"href":"https:\/\/www.victorarandagarcia.es\/index.php\/wp-json\/wp\/v2\/categories?post=2924"},{"taxonomy":"post_tag","embeddable":true,"href":"https:\/\/www.victorarandagarcia.es\/index.php\/wp-json\/wp\/v2\/tags?post=2924"}],"curies":[{"name":"wp","href":"https:\/\/api.w.org\/{rel}","templated":true}]}}