{"id":2864,"date":"2020-02-08T20:47:43","date_gmt":"2020-02-08T19:47:43","guid":{"rendered":"https:\/\/www.victorarandagarcia.es\/?p=2864"},"modified":"2022-03-25T09:56:43","modified_gmt":"2022-03-25T08:56:43","slug":"reportaje-primera-comunion","status":"publish","type":"post","link":"https:\/\/www.victorarandagarcia.es\/index.php\/estudio\/bodas-y-eventos\/reportaje-primera-comunion\/","title":{"rendered":"Reportaje Primera Comuni\u00f3n"},"content":{"rendered":"\n<p>En mayo, el llamado <em>mes de las flores<\/em>, es cuando se celebran la mayor\u00eda de comuniones en Espa\u00f1a, un d\u00eda especial en el que ni\u00f1os y ni\u00f1as de entre ocho y nueve a\u00f1os toman por vez primera la sagrada forma. <\/p>\n\n\n\n<figure class=\"wp-block-gallery aligncenter has-nested-images columns-default is-cropped wp-block-gallery-1 is-layout-flex wp-block-gallery-is-layout-flex\">\n<figure class=\"wp-block-image\"><img data-attachment-id=\"2873\" data-permalink=\"https:\/\/www.victorarandagarcia.es\/index.php\/estudio\/bodas-y-eventos\/reportaje-primera-comunion\/attachment\/017-reportaje-primera-comunion-murcia-2\/\" data-orig-file=\"https:\/\/www.victorarandagarcia.es\/wp-content\/uploads\/017-Reportaje-Primera-Comunion-Murcia-2.jpg\" data-orig-size=\"850,572\" data-comments-opened=\"0\" data-image-meta=\"{&quot;aperture&quot;:&quot;0&quot;,&quot;credit&quot;:&quot;&quot;,&quot;camera&quot;:&quot;&quot;,&quot;caption&quot;:&quot;&quot;,&quot;created_timestamp&quot;:&quot;0&quot;,&quot;copyright&quot;:&quot;&quot;,&quot;focal_length&quot;:&quot;0&quot;,&quot;iso&quot;:&quot;0&quot;,&quot;shutter_speed&quot;:&quot;0&quot;,&quot;title&quot;:&quot;&quot;,&quot;orientation&quot;:&quot;0&quot;}\" data-image-title=\"017-Reportaje-Primera-Comunion-Murcia-2\" data-image-description=\"&lt;p&gt;Reportaje de Primera Comuni\u00f3n&lt;\/p&gt;\n\" data-image-caption=\"\" data-medium-file=\"https:\/\/www.victorarandagarcia.es\/wp-content\/uploads\/017-Reportaje-Primera-Comunion-Murcia-2-300x202.jpg\" data-large-file=\"https:\/\/www.victorarandagarcia.es\/wp-content\/uploads\/017-Reportaje-Primera-Comunion-Murcia-2.jpg\" decoding=\"async\" loading=\"lazy\" width=\"850\" height=\"572\" data-id=\"2873\" src=\"https:\/\/www.victorarandagarcia.es\/wp-content\/uploads\/017-Reportaje-Primera-Comunion-Murcia-2.jpg\" alt=\"\" class=\"wp-image-2873\" srcset=\"https:\/\/www.victorarandagarcia.es\/wp-content\/uploads\/017-Reportaje-Primera-Comunion-Murcia-2.jpg 850w, https:\/\/www.victorarandagarcia.es\/wp-content\/uploads\/017-Reportaje-Primera-Comunion-Murcia-2-300x202.jpg 300w, https:\/\/www.victorarandagarcia.es\/wp-content\/uploads\/017-Reportaje-Primera-Comunion-Murcia-2-768x517.jpg 768w\" sizes=\"(max-width: 850px) 100vw, 850px\" \/><\/figure>\n<\/figure>\n\n\n\n<p>La ceremonia de la Primera Comuni\u00f3n puede ser individual o colectiva,  casi siempre en f\u00edn de semana. \u00bfQuieres guardar un bonito recuerdo de un  d\u00eda tan especial? Trabajamos en el \u00e1rea de Murcia y Valencia y todav\u00eda  tenemos fechas disponibles para las comuniones de 2022, tanto para tomar las fotos de la ceremonia como para -opcionalmente- acompa\u00f1aros al  banquete de celebraci\u00f3n para seguir con el reportaje o incluso para hacer una sesi\u00f3n de fotos otro d\u00eda (haz clic <a href=\"https:\/\/www.victorarandagarcia.es\/index.php\/estudio\/bodas-y-eventos\/sesion-de-fotos-de-comunion\/\">aqu\u00ed<\/a> para ver ejemplos). Tambi\u00e9n si quieres puedes ver una muestra de los \u00e1lbumes de Comuni\u00f3n que hacemos entrando <a href=\"https:\/\/www.victorarandagarcia.es\/index.php\/estudio\/bodas-y-eventos\/album-y-recordatorio-de-primera-comunion\/\">en este enlace<\/a>. \u00a1Consulta tu presupuesto personalizado sin compromiso!<\/p>\n\n\n\n<figure class=\"wp-block-gallery has-nested-images columns-2 is-cropped wp-block-gallery-3 is-layout-flex wp-block-gallery-is-layout-flex\">\n<figure class=\"wp-block-image\"><img data-attachment-id=\"2865\" data-permalink=\"https:\/\/www.victorarandagarcia.es\/index.php\/estudio\/bodas-y-eventos\/reportaje-primera-comunion\/attachment\/007-ceremonia_primera_comunion\/\" data-orig-file=\"https:\/\/www.victorarandagarcia.es\/wp-content\/uploads\/007-ceremonia_primera_comunion.jpg\" data-orig-size=\"850,571\" data-comments-opened=\"0\" data-image-meta=\"{&quot;aperture&quot;:&quot;0&quot;,&quot;credit&quot;:&quot;Victor Aranda Garcia&quot;,&quot;camera&quot;:&quot;&quot;,&quot;caption&quot;:&quot;&quot;,&quot;created_timestamp&quot;:&quot;0&quot;,&quot;copyright&quot;:&quot;&quot;,&quot;focal_length&quot;:&quot;0&quot;,&quot;iso&quot;:&quot;0&quot;,&quot;shutter_speed&quot;:&quot;0&quot;,&quot;title&quot;:&quot;&quot;,&quot;orientation&quot;:&quot;0&quot;}\" data-image-title=\"007-ceremonia_primera_comunion\" data-image-description=\"&lt;p&gt;Reportaje de Primera Comuni\u00f3n&lt;\/p&gt;\n\" data-image-caption=\"\" data-medium-file=\"https:\/\/www.victorarandagarcia.es\/wp-content\/uploads\/007-ceremonia_primera_comunion-300x202.jpg\" data-large-file=\"https:\/\/www.victorarandagarcia.es\/wp-content\/uploads\/007-ceremonia_primera_comunion.jpg\" decoding=\"async\" loading=\"lazy\" width=\"850\" height=\"571\" data-id=\"2865\" src=\"https:\/\/www.victorarandagarcia.es\/wp-content\/uploads\/007-ceremonia_primera_comunion.jpg\" alt=\"\" class=\"wp-image-2865\" srcset=\"https:\/\/www.victorarandagarcia.es\/wp-content\/uploads\/007-ceremonia_primera_comunion.jpg 850w, https:\/\/www.victorarandagarcia.es\/wp-content\/uploads\/007-ceremonia_primera_comunion-300x202.jpg 300w, https:\/\/www.victorarandagarcia.es\/wp-content\/uploads\/007-ceremonia_primera_comunion-768x516.jpg 768w\" sizes=\"(max-width: 850px) 100vw, 850px\" \/><\/figure>\n\n\n\n<figure class=\"wp-block-image size-large\"><img data-attachment-id=\"3333\" data-permalink=\"https:\/\/www.victorarandagarcia.es\/index.php\/estudio\/bodas-y-eventos\/reportaje-primera-comunion\/attachment\/reportaje-primera-comunion-03\/\" data-orig-file=\"https:\/\/www.victorarandagarcia.es\/wp-content\/uploads\/reportaje-primera-comunion-03.jpg\" data-orig-size=\"720,483\" data-comments-opened=\"0\" data-image-meta=\"{&quot;aperture&quot;:&quot;0&quot;,&quot;credit&quot;:&quot;&quot;,&quot;camera&quot;:&quot;&quot;,&quot;caption&quot;:&quot;&quot;,&quot;created_timestamp&quot;:&quot;0&quot;,&quot;copyright&quot;:&quot;&quot;,&quot;focal_length&quot;:&quot;0&quot;,&quot;iso&quot;:&quot;0&quot;,&quot;shutter_speed&quot;:&quot;0&quot;,&quot;title&quot;:&quot;&quot;,&quot;orientation&quot;:&quot;1&quot;}\" data-image-title=\"reportaje-primera-comunion-03\" data-image-description=\"\" data-image-caption=\"\" data-medium-file=\"https:\/\/www.victorarandagarcia.es\/wp-content\/uploads\/reportaje-primera-comunion-03-300x201.jpg\" data-large-file=\"https:\/\/www.victorarandagarcia.es\/wp-content\/uploads\/reportaje-primera-comunion-03.jpg\" decoding=\"async\" loading=\"lazy\" width=\"720\" height=\"483\" data-id=\"3333\" src=\"https:\/\/www.victorarandagarcia.es\/wp-content\/uploads\/reportaje-primera-comunion-03.jpg\" alt=\"\" class=\"wp-image-3333\" srcset=\"https:\/\/www.victorarandagarcia.es\/wp-content\/uploads\/reportaje-primera-comunion-03.jpg 720w, https:\/\/www.victorarandagarcia.es\/wp-content\/uploads\/reportaje-primera-comunion-03-300x201.jpg 300w\" sizes=\"(max-width: 720px) 100vw, 720px\" \/><\/figure>\n\n\n\n<figure class=\"wp-block-image\"><img data-attachment-id=\"2869\" data-permalink=\"https:\/\/www.victorarandagarcia.es\/index.php\/estudio\/bodas-y-eventos\/reportaje-primera-comunion\/attachment\/001-reportaje-de-primera-comunion-en-murcia\/\" data-orig-file=\"https:\/\/www.victorarandagarcia.es\/wp-content\/uploads\/001-Reportaje-de-Primera-Comunion-en-Murcia.jpg\" data-orig-size=\"850,572\" data-comments-opened=\"0\" data-image-meta=\"{&quot;aperture&quot;:&quot;0&quot;,&quot;credit&quot;:&quot;Victor Aranda Garcia&quot;,&quot;camera&quot;:&quot;&quot;,&quot;caption&quot;:&quot;&quot;,&quot;created_timestamp&quot;:&quot;0&quot;,&quot;copyright&quot;:&quot;&quot;,&quot;focal_length&quot;:&quot;0&quot;,&quot;iso&quot;:&quot;0&quot;,&quot;shutter_speed&quot;:&quot;0&quot;,&quot;title&quot;:&quot;&quot;,&quot;orientation&quot;:&quot;0&quot;}\" data-image-title=\"001-Reportaje-de-Primera-Comunion-en-Murcia\" data-image-description=\"&lt;p&gt;Reportaje de Primera Comuni\u00f3n&lt;\/p&gt;\n\" data-image-caption=\"\" data-medium-file=\"https:\/\/www.victorarandagarcia.es\/wp-content\/uploads\/001-Reportaje-de-Primera-Comunion-en-Murcia-300x202.jpg\" data-large-file=\"https:\/\/www.victorarandagarcia.es\/wp-content\/uploads\/001-Reportaje-de-Primera-Comunion-en-Murcia.jpg\" decoding=\"async\" loading=\"lazy\" width=\"850\" height=\"572\" data-id=\"2869\" src=\"https:\/\/www.victorarandagarcia.es\/wp-content\/uploads\/001-Reportaje-de-Primera-Comunion-en-Murcia.jpg\" alt=\"\" class=\"wp-image-2869\" srcset=\"https:\/\/www.victorarandagarcia.es\/wp-content\/uploads\/001-Reportaje-de-Primera-Comunion-en-Murcia.jpg 850w, https:\/\/www.victorarandagarcia.es\/wp-content\/uploads\/001-Reportaje-de-Primera-Comunion-en-Murcia-300x202.jpg 300w, https:\/\/www.victorarandagarcia.es\/wp-content\/uploads\/001-Reportaje-de-Primera-Comunion-en-Murcia-768x517.jpg 768w\" sizes=\"(max-width: 850px) 100vw, 850px\" \/><\/figure>\n\n\n\n<figure class=\"wp-block-image\"><img data-attachment-id=\"2874\" data-permalink=\"https:\/\/www.victorarandagarcia.es\/index.php\/estudio\/bodas-y-eventos\/reportaje-primera-comunion\/attachment\/003-fotografia-de-primera-comunion\/\" data-orig-file=\"https:\/\/www.victorarandagarcia.es\/wp-content\/uploads\/003-Fotografia-de-Primera-Comunion.jpg\" data-orig-size=\"850,572\" data-comments-opened=\"0\" data-image-meta=\"{&quot;aperture&quot;:&quot;0&quot;,&quot;credit&quot;:&quot;Victor Aranda Garcia&quot;,&quot;camera&quot;:&quot;&quot;,&quot;caption&quot;:&quot;&quot;,&quot;created_timestamp&quot;:&quot;0&quot;,&quot;copyright&quot;:&quot;&quot;,&quot;focal_length&quot;:&quot;0&quot;,&quot;iso&quot;:&quot;0&quot;,&quot;shutter_speed&quot;:&quot;0&quot;,&quot;title&quot;:&quot;&quot;,&quot;orientation&quot;:&quot;0&quot;}\" data-image-title=\"003-Fotografia-de-Primera-Comunion\" data-image-description=\"&lt;p&gt;Reportaje de Primera Comuni\u00f3n&lt;\/p&gt;\n\" data-image-caption=\"\" data-medium-file=\"https:\/\/www.victorarandagarcia.es\/wp-content\/uploads\/003-Fotografia-de-Primera-Comunion-300x202.jpg\" data-large-file=\"https:\/\/www.victorarandagarcia.es\/wp-content\/uploads\/003-Fotografia-de-Primera-Comunion.jpg\" decoding=\"async\" loading=\"lazy\" width=\"850\" height=\"572\" data-id=\"2874\" src=\"https:\/\/www.victorarandagarcia.es\/wp-content\/uploads\/003-Fotografia-de-Primera-Comunion.jpg\" alt=\"\" class=\"wp-image-2874\" srcset=\"https:\/\/www.victorarandagarcia.es\/wp-content\/uploads\/003-Fotografia-de-Primera-Comunion.jpg 850w, https:\/\/www.victorarandagarcia.es\/wp-content\/uploads\/003-Fotografia-de-Primera-Comunion-300x202.jpg 300w, https:\/\/www.victorarandagarcia.es\/wp-content\/uploads\/003-Fotografia-de-Primera-Comunion-768x517.jpg 768w\" sizes=\"(max-width: 850px) 100vw, 850px\" \/><\/figure>\n\n\n\n<figure class=\"wp-block-image\"><img data-attachment-id=\"2876\" data-permalink=\"https:\/\/www.victorarandagarcia.es\/index.php\/estudio\/bodas-y-eventos\/reportaje-primera-comunion\/attachment\/111-reportaje-de-primera-comunion-en-valencia\/\" data-orig-file=\"https:\/\/www.victorarandagarcia.es\/wp-content\/uploads\/111-Reportaje-de-Primera-Comunion-en-Valencia.jpg\" data-orig-size=\"850,572\" data-comments-opened=\"0\" data-image-meta=\"{&quot;aperture&quot;:&quot;0&quot;,&quot;credit&quot;:&quot;Victor Aranda Garcia&quot;,&quot;camera&quot;:&quot;&quot;,&quot;caption&quot;:&quot;&quot;,&quot;created_timestamp&quot;:&quot;0&quot;,&quot;copyright&quot;:&quot;&quot;,&quot;focal_length&quot;:&quot;0&quot;,&quot;iso&quot;:&quot;0&quot;,&quot;shutter_speed&quot;:&quot;0&quot;,&quot;title&quot;:&quot;&quot;,&quot;orientation&quot;:&quot;1&quot;}\" data-image-title=\"111-Reportaje-de-Primera-Comunion-en-Valencia\" data-image-description=\"&lt;p&gt;Reportaje de Primera Comuni\u00f3n&lt;\/p&gt;\n\" data-image-caption=\"\" data-medium-file=\"https:\/\/www.victorarandagarcia.es\/wp-content\/uploads\/111-Reportaje-de-Primera-Comunion-en-Valencia-300x202.jpg\" data-large-file=\"https:\/\/www.victorarandagarcia.es\/wp-content\/uploads\/111-Reportaje-de-Primera-Comunion-en-Valencia.jpg\" decoding=\"async\" loading=\"lazy\" width=\"850\" height=\"572\" data-id=\"2876\" src=\"https:\/\/www.victorarandagarcia.es\/wp-content\/uploads\/111-Reportaje-de-Primera-Comunion-en-Valencia.jpg\" alt=\"\" class=\"wp-image-2876\" srcset=\"https:\/\/www.victorarandagarcia.es\/wp-content\/uploads\/111-Reportaje-de-Primera-Comunion-en-Valencia.jpg 850w, https:\/\/www.victorarandagarcia.es\/wp-content\/uploads\/111-Reportaje-de-Primera-Comunion-en-Valencia-300x202.jpg 300w, https:\/\/www.victorarandagarcia.es\/wp-content\/uploads\/111-Reportaje-de-Primera-Comunion-en-Valencia-768x517.jpg 768w\" sizes=\"(max-width: 850px) 100vw, 850px\" \/><\/figure>\n\n\n\n<figure class=\"wp-block-image\"><img data-attachment-id=\"2870\" data-permalink=\"https:\/\/www.victorarandagarcia.es\/index.php\/estudio\/bodas-y-eventos\/reportaje-primera-comunion\/attachment\/015-reporaje-de-primera-comunion-en-murcia\/\" data-orig-file=\"https:\/\/www.victorarandagarcia.es\/wp-content\/uploads\/015-Reporaje-de-Primera-Comunion-en-Murcia.jpg\" data-orig-size=\"850,572\" data-comments-opened=\"0\" data-image-meta=\"{&quot;aperture&quot;:&quot;0&quot;,&quot;credit&quot;:&quot;Victor Aranda Garcia&quot;,&quot;camera&quot;:&quot;&quot;,&quot;caption&quot;:&quot;&quot;,&quot;created_timestamp&quot;:&quot;0&quot;,&quot;copyright&quot;:&quot;&quot;,&quot;focal_length&quot;:&quot;0&quot;,&quot;iso&quot;:&quot;0&quot;,&quot;shutter_speed&quot;:&quot;0&quot;,&quot;title&quot;:&quot;&quot;,&quot;orientation&quot;:&quot;0&quot;}\" data-image-title=\"015-Reporaje-de-Primera-Comunion-en-Murcia\" data-image-description=\"&lt;p&gt;Reportaje de Primera Comuni\u00f3n&lt;\/p&gt;\n\" data-image-caption=\"\" data-medium-file=\"https:\/\/www.victorarandagarcia.es\/wp-content\/uploads\/015-Reporaje-de-Primera-Comunion-en-Murcia-300x202.jpg\" data-large-file=\"https:\/\/www.victorarandagarcia.es\/wp-content\/uploads\/015-Reporaje-de-Primera-Comunion-en-Murcia.jpg\" decoding=\"async\" loading=\"lazy\" width=\"850\" height=\"572\" data-id=\"2870\" src=\"https:\/\/www.victorarandagarcia.es\/wp-content\/uploads\/015-Reporaje-de-Primera-Comunion-en-Murcia.jpg\" alt=\"\" class=\"wp-image-2870\" srcset=\"https:\/\/www.victorarandagarcia.es\/wp-content\/uploads\/015-Reporaje-de-Primera-Comunion-en-Murcia.jpg 850w, https:\/\/www.victorarandagarcia.es\/wp-content\/uploads\/015-Reporaje-de-Primera-Comunion-en-Murcia-300x202.jpg 300w, https:\/\/www.victorarandagarcia.es\/wp-content\/uploads\/015-Reporaje-de-Primera-Comunion-en-Murcia-768x517.jpg 768w\" sizes=\"(max-width: 850px) 100vw, 850px\" \/><\/figure>\n\n\n\n<figure class=\"wp-block-image\"><img data-attachment-id=\"2868\" data-permalink=\"https:\/\/www.victorarandagarcia.es\/index.php\/estudio\/bodas-y-eventos\/reportaje-primera-comunion\/attachment\/016-ceremonia_comunion\/\" data-orig-file=\"https:\/\/www.victorarandagarcia.es\/wp-content\/uploads\/016-ceremonia_comunion.jpg\" data-orig-size=\"850,570\" data-comments-opened=\"0\" data-image-meta=\"{&quot;aperture&quot;:&quot;0&quot;,&quot;credit&quot;:&quot;Victor Aranda Garcia&quot;,&quot;camera&quot;:&quot;&quot;,&quot;caption&quot;:&quot;&quot;,&quot;created_timestamp&quot;:&quot;0&quot;,&quot;copyright&quot;:&quot;&quot;,&quot;focal_length&quot;:&quot;0&quot;,&quot;iso&quot;:&quot;0&quot;,&quot;shutter_speed&quot;:&quot;0&quot;,&quot;title&quot;:&quot;&quot;,&quot;orientation&quot;:&quot;0&quot;}\" data-image-title=\"016-ceremonia_comunion\" data-image-description=\"&lt;p&gt;Reportaje de Primera Comuni\u00f3n&lt;\/p&gt;\n\" data-image-caption=\"\" data-medium-file=\"https:\/\/www.victorarandagarcia.es\/wp-content\/uploads\/016-ceremonia_comunion-300x201.jpg\" data-large-file=\"https:\/\/www.victorarandagarcia.es\/wp-content\/uploads\/016-ceremonia_comunion.jpg\" decoding=\"async\" loading=\"lazy\" width=\"850\" height=\"570\" data-id=\"2868\" src=\"https:\/\/www.victorarandagarcia.es\/wp-content\/uploads\/016-ceremonia_comunion.jpg\" alt=\"\" class=\"wp-image-2868\" srcset=\"https:\/\/www.victorarandagarcia.es\/wp-content\/uploads\/016-ceremonia_comunion.jpg 850w, https:\/\/www.victorarandagarcia.es\/wp-content\/uploads\/016-ceremonia_comunion-300x201.jpg 300w, https:\/\/www.victorarandagarcia.es\/wp-content\/uploads\/016-ceremonia_comunion-768x515.jpg 768w\" sizes=\"(max-width: 850px) 100vw, 850px\" \/><\/figure>\n\n\n\n<figure class=\"wp-block-image\"><img data-attachment-id=\"2875\" data-permalink=\"https:\/\/www.victorarandagarcia.es\/index.php\/estudio\/bodas-y-eventos\/reportaje-primera-comunion\/attachment\/009-reportaje_primera_comunion\/\" data-orig-file=\"https:\/\/www.victorarandagarcia.es\/wp-content\/uploads\/009-reportaje_primera_comunion.jpg\" data-orig-size=\"850,571\" data-comments-opened=\"0\" data-image-meta=\"{&quot;aperture&quot;:&quot;0&quot;,&quot;credit&quot;:&quot;Victor Aranda Garcia&quot;,&quot;camera&quot;:&quot;&quot;,&quot;caption&quot;:&quot;&quot;,&quot;created_timestamp&quot;:&quot;0&quot;,&quot;copyright&quot;:&quot;&quot;,&quot;focal_length&quot;:&quot;0&quot;,&quot;iso&quot;:&quot;0&quot;,&quot;shutter_speed&quot;:&quot;0&quot;,&quot;title&quot;:&quot;&quot;,&quot;orientation&quot;:&quot;0&quot;}\" data-image-title=\"009-reportaje_primera_comunion\" data-image-description=\"&lt;p&gt;Reportaje de Primera Comuni\u00f3n&lt;\/p&gt;\n\" data-image-caption=\"\" data-medium-file=\"https:\/\/www.victorarandagarcia.es\/wp-content\/uploads\/009-reportaje_primera_comunion-300x202.jpg\" data-large-file=\"https:\/\/www.victorarandagarcia.es\/wp-content\/uploads\/009-reportaje_primera_comunion.jpg\" decoding=\"async\" loading=\"lazy\" width=\"850\" height=\"571\" data-id=\"2875\" src=\"https:\/\/www.victorarandagarcia.es\/wp-content\/uploads\/009-reportaje_primera_comunion.jpg\" alt=\"\" class=\"wp-image-2875\" srcset=\"https:\/\/www.victorarandagarcia.es\/wp-content\/uploads\/009-reportaje_primera_comunion.jpg 850w, https:\/\/www.victorarandagarcia.es\/wp-content\/uploads\/009-reportaje_primera_comunion-300x202.jpg 300w, https:\/\/www.victorarandagarcia.es\/wp-content\/uploads\/009-reportaje_primera_comunion-768x516.jpg 768w\" sizes=\"(max-width: 850px) 100vw, 850px\" \/><\/figure>\n\n\n\n<figure class=\"wp-block-image size-large\"><img data-attachment-id=\"3334\" data-permalink=\"https:\/\/www.victorarandagarcia.es\/index.php\/estudio\/bodas-y-eventos\/reportaje-primera-comunion\/attachment\/reportaje-primera-comunion-02\/\" data-orig-file=\"https:\/\/www.victorarandagarcia.es\/wp-content\/uploads\/reportaje-primera-comunion-02.jpg\" data-orig-size=\"720,482\" data-comments-opened=\"0\" data-image-meta=\"{&quot;aperture&quot;:&quot;0&quot;,&quot;credit&quot;:&quot;&quot;,&quot;camera&quot;:&quot;&quot;,&quot;caption&quot;:&quot;&quot;,&quot;created_timestamp&quot;:&quot;0&quot;,&quot;copyright&quot;:&quot;&quot;,&quot;focal_length&quot;:&quot;0&quot;,&quot;iso&quot;:&quot;0&quot;,&quot;shutter_speed&quot;:&quot;0&quot;,&quot;title&quot;:&quot;&quot;,&quot;orientation&quot;:&quot;1&quot;}\" data-image-title=\"reportaje-primera-comunion-02\" data-image-description=\"\" data-image-caption=\"\" data-medium-file=\"https:\/\/www.victorarandagarcia.es\/wp-content\/uploads\/reportaje-primera-comunion-02-300x201.jpg\" data-large-file=\"https:\/\/www.victorarandagarcia.es\/wp-content\/uploads\/reportaje-primera-comunion-02.jpg\" decoding=\"async\" loading=\"lazy\" width=\"720\" height=\"482\" data-id=\"3334\" src=\"https:\/\/www.victorarandagarcia.es\/wp-content\/uploads\/reportaje-primera-comunion-02.jpg\" alt=\"\" class=\"wp-image-3334\" srcset=\"https:\/\/www.victorarandagarcia.es\/wp-content\/uploads\/reportaje-primera-comunion-02.jpg 720w, https:\/\/www.victorarandagarcia.es\/wp-content\/uploads\/reportaje-primera-comunion-02-300x201.jpg 300w\" sizes=\"(max-width: 720px) 100vw, 720px\" \/><\/figure>\n\n\n\n<figure class=\"wp-block-image size-large\"><img data-attachment-id=\"3328\" data-permalink=\"https:\/\/www.victorarandagarcia.es\/index.php\/estudio\/bodas-y-eventos\/reportaje-primera-comunion\/attachment\/022-reportaje-primera-comunion-en-murcia\/\" data-orig-file=\"https:\/\/www.victorarandagarcia.es\/wp-content\/uploads\/022-Reportaje-Primera-Comunion-en-Murcia.jpg\" data-orig-size=\"850,572\" data-comments-opened=\"0\" data-image-meta=\"{&quot;aperture&quot;:&quot;0&quot;,&quot;credit&quot;:&quot;&quot;,&quot;camera&quot;:&quot;&quot;,&quot;caption&quot;:&quot;&quot;,&quot;created_timestamp&quot;:&quot;0&quot;,&quot;copyright&quot;:&quot;&quot;,&quot;focal_length&quot;:&quot;0&quot;,&quot;iso&quot;:&quot;0&quot;,&quot;shutter_speed&quot;:&quot;0&quot;,&quot;title&quot;:&quot;&quot;,&quot;orientation&quot;:&quot;0&quot;}\" data-image-title=\"022-Reportaje-Primera-Comunion-en-Murcia\" data-image-description=\"\" data-image-caption=\"\" data-medium-file=\"https:\/\/www.victorarandagarcia.es\/wp-content\/uploads\/022-Reportaje-Primera-Comunion-en-Murcia-300x202.jpg\" data-large-file=\"https:\/\/www.victorarandagarcia.es\/wp-content\/uploads\/022-Reportaje-Primera-Comunion-en-Murcia.jpg\" decoding=\"async\" loading=\"lazy\" width=\"850\" height=\"572\" data-id=\"3328\" src=\"https:\/\/www.victorarandagarcia.es\/wp-content\/uploads\/022-Reportaje-Primera-Comunion-en-Murcia.jpg\" alt=\"\" class=\"wp-image-3328\" srcset=\"https:\/\/www.victorarandagarcia.es\/wp-content\/uploads\/022-Reportaje-Primera-Comunion-en-Murcia.jpg 850w, https:\/\/www.victorarandagarcia.es\/wp-content\/uploads\/022-Reportaje-Primera-Comunion-en-Murcia-300x202.jpg 300w, https:\/\/www.victorarandagarcia.es\/wp-content\/uploads\/022-Reportaje-Primera-Comunion-en-Murcia-768x517.jpg 768w\" sizes=\"(max-width: 850px) 100vw, 850px\" \/><\/figure>\n\n\n\n<figure class=\"wp-block-image size-large\"><img data-attachment-id=\"3330\" data-permalink=\"https:\/\/www.victorarandagarcia.es\/index.php\/estudio\/bodas-y-eventos\/reportaje-primera-comunion\/attachment\/019-retrato-familia-primera-comunion\/\" data-orig-file=\"https:\/\/www.victorarandagarcia.es\/wp-content\/uploads\/019-Retrato-Familia-Primera-Comunion.jpg\" data-orig-size=\"482,720\" data-comments-opened=\"0\" data-image-meta=\"{&quot;aperture&quot;:&quot;0&quot;,&quot;credit&quot;:&quot;&quot;,&quot;camera&quot;:&quot;&quot;,&quot;caption&quot;:&quot;&quot;,&quot;created_timestamp&quot;:&quot;0&quot;,&quot;copyright&quot;:&quot;&quot;,&quot;focal_length&quot;:&quot;0&quot;,&quot;iso&quot;:&quot;0&quot;,&quot;shutter_speed&quot;:&quot;0&quot;,&quot;title&quot;:&quot;&quot;,&quot;orientation&quot;:&quot;0&quot;}\" data-image-title=\"019-Retrato-Familia-Primera-Comunion\" data-image-description=\"\" data-image-caption=\"\" data-medium-file=\"https:\/\/www.victorarandagarcia.es\/wp-content\/uploads\/019-Retrato-Familia-Primera-Comunion-201x300.jpg\" data-large-file=\"https:\/\/www.victorarandagarcia.es\/wp-content\/uploads\/019-Retrato-Familia-Primera-Comunion.jpg\" decoding=\"async\" loading=\"lazy\" width=\"482\" height=\"720\" data-id=\"3330\" src=\"https:\/\/www.victorarandagarcia.es\/wp-content\/uploads\/019-Retrato-Familia-Primera-Comunion.jpg\" alt=\"\" class=\"wp-image-3330\" srcset=\"https:\/\/www.victorarandagarcia.es\/wp-content\/uploads\/019-Retrato-Familia-Primera-Comunion.jpg 482w, https:\/\/www.victorarandagarcia.es\/wp-content\/uploads\/019-Retrato-Familia-Primera-Comunion-201x300.jpg 201w\" sizes=\"(max-width: 482px) 100vw, 482px\" \/><\/figure>\n\n\n\n<figure class=\"wp-block-image size-large\"><img data-attachment-id=\"3329\" data-permalink=\"https:\/\/www.victorarandagarcia.es\/index.php\/estudio\/bodas-y-eventos\/reportaje-primera-comunion\/attachment\/021-retrato-de-primera-comunion\/\" data-orig-file=\"https:\/\/www.victorarandagarcia.es\/wp-content\/uploads\/021-Retrato-de-Primera-Comunion.jpg\" data-orig-size=\"485,720\" data-comments-opened=\"0\" data-image-meta=\"{&quot;aperture&quot;:&quot;0&quot;,&quot;credit&quot;:&quot;Victor Aranda Garcia&quot;,&quot;camera&quot;:&quot;&quot;,&quot;caption&quot;:&quot;&quot;,&quot;created_timestamp&quot;:&quot;0&quot;,&quot;copyright&quot;:&quot;&quot;,&quot;focal_length&quot;:&quot;0&quot;,&quot;iso&quot;:&quot;0&quot;,&quot;shutter_speed&quot;:&quot;0&quot;,&quot;title&quot;:&quot;&quot;,&quot;orientation&quot;:&quot;0&quot;}\" data-image-title=\"021-Retrato-de-Primera-Comunion\" data-image-description=\"\" data-image-caption=\"\" data-medium-file=\"https:\/\/www.victorarandagarcia.es\/wp-content\/uploads\/021-Retrato-de-Primera-Comunion-202x300.jpg\" data-large-file=\"https:\/\/www.victorarandagarcia.es\/wp-content\/uploads\/021-Retrato-de-Primera-Comunion.jpg\" decoding=\"async\" loading=\"lazy\" width=\"485\" height=\"720\" data-id=\"3329\" src=\"https:\/\/www.victorarandagarcia.es\/wp-content\/uploads\/021-Retrato-de-Primera-Comunion.jpg\" alt=\"\" class=\"wp-image-3329\" srcset=\"https:\/\/www.victorarandagarcia.es\/wp-content\/uploads\/021-Retrato-de-Primera-Comunion.jpg 485w, https:\/\/www.victorarandagarcia.es\/wp-content\/uploads\/021-Retrato-de-Primera-Comunion-202x300.jpg 202w\" sizes=\"(max-width: 485px) 100vw, 485px\" \/><\/figure>\n\n\n\n<figure class=\"wp-block-image size-large\"><img data-attachment-id=\"3332\" data-permalink=\"https:\/\/www.victorarandagarcia.es\/index.php\/estudio\/bodas-y-eventos\/reportaje-primera-comunion\/attachment\/reportaje-primera-comunion-01\/\" data-orig-file=\"https:\/\/www.victorarandagarcia.es\/wp-content\/uploads\/reportaje-primera-comunion-01.jpg\" data-orig-size=\"480,720\" data-comments-opened=\"0\" data-image-meta=\"{&quot;aperture&quot;:&quot;0&quot;,&quot;credit&quot;:&quot;&quot;,&quot;camera&quot;:&quot;&quot;,&quot;caption&quot;:&quot;&quot;,&quot;created_timestamp&quot;:&quot;0&quot;,&quot;copyright&quot;:&quot;&quot;,&quot;focal_length&quot;:&quot;0&quot;,&quot;iso&quot;:&quot;0&quot;,&quot;shutter_speed&quot;:&quot;0&quot;,&quot;title&quot;:&quot;&quot;,&quot;orientation&quot;:&quot;1&quot;}\" data-image-title=\"reportaje-primera-comunion-01\" data-image-description=\"\" data-image-caption=\"\" data-medium-file=\"https:\/\/www.victorarandagarcia.es\/wp-content\/uploads\/reportaje-primera-comunion-01-200x300.jpg\" data-large-file=\"https:\/\/www.victorarandagarcia.es\/wp-content\/uploads\/reportaje-primera-comunion-01.jpg\" decoding=\"async\" loading=\"lazy\" width=\"480\" height=\"720\" data-id=\"3332\" src=\"https:\/\/www.victorarandagarcia.es\/wp-content\/uploads\/reportaje-primera-comunion-01.jpg\" alt=\"\" class=\"wp-image-3332\" srcset=\"https:\/\/www.victorarandagarcia.es\/wp-content\/uploads\/reportaje-primera-comunion-01.jpg 480w, https:\/\/www.victorarandagarcia.es\/wp-content\/uploads\/reportaje-primera-comunion-01-200x300.jpg 200w\" sizes=\"(max-width: 480px) 100vw, 480px\" \/><\/figure>\n\n\n\n<figure class=\"wp-block-image\"><img data-attachment-id=\"2871\" data-permalink=\"https:\/\/www.victorarandagarcia.es\/index.php\/estudio\/bodas-y-eventos\/reportaje-primera-comunion\/attachment\/113-comunion_murcia\/\" data-orig-file=\"https:\/\/www.victorarandagarcia.es\/wp-content\/uploads\/113-comunion_murcia.jpg\" data-orig-size=\"850,572\" data-comments-opened=\"0\" data-image-meta=\"{&quot;aperture&quot;:&quot;0&quot;,&quot;credit&quot;:&quot;&quot;,&quot;camera&quot;:&quot;&quot;,&quot;caption&quot;:&quot;&quot;,&quot;created_timestamp&quot;:&quot;0&quot;,&quot;copyright&quot;:&quot;&quot;,&quot;focal_length&quot;:&quot;0&quot;,&quot;iso&quot;:&quot;0&quot;,&quot;shutter_speed&quot;:&quot;0&quot;,&quot;title&quot;:&quot;&quot;,&quot;orientation&quot;:&quot;0&quot;}\" data-image-title=\"113-comunion_murcia\" data-image-description=\"&lt;p&gt;Reportaje de Primera Comuni\u00f3n&lt;\/p&gt;\n\" data-image-caption=\"\" data-medium-file=\"https:\/\/www.victorarandagarcia.es\/wp-content\/uploads\/113-comunion_murcia-300x202.jpg\" data-large-file=\"https:\/\/www.victorarandagarcia.es\/wp-content\/uploads\/113-comunion_murcia.jpg\" decoding=\"async\" loading=\"lazy\" width=\"850\" height=\"572\" data-id=\"2871\" src=\"https:\/\/www.victorarandagarcia.es\/wp-content\/uploads\/113-comunion_murcia.jpg\" alt=\"\" class=\"wp-image-2871\" srcset=\"https:\/\/www.victorarandagarcia.es\/wp-content\/uploads\/113-comunion_murcia.jpg 850w, https:\/\/www.victorarandagarcia.es\/wp-content\/uploads\/113-comunion_murcia-300x202.jpg 300w, https:\/\/www.victorarandagarcia.es\/wp-content\/uploads\/113-comunion_murcia-768x517.jpg 768w\" sizes=\"(max-width: 850px) 100vw, 850px\" \/><\/figure>\n\n\n\n<figure class=\"wp-block-image\"><img data-attachment-id=\"2867\" data-permalink=\"https:\/\/www.victorarandagarcia.es\/index.php\/estudio\/bodas-y-eventos\/reportaje-primera-comunion\/attachment\/027-celebracion_comunion_murcia\/\" data-orig-file=\"https:\/\/www.victorarandagarcia.es\/wp-content\/uploads\/027-celebracion_comunion_murcia.jpg\" data-orig-size=\"850,572\" data-comments-opened=\"0\" data-image-meta=\"{&quot;aperture&quot;:&quot;0&quot;,&quot;credit&quot;:&quot;&quot;,&quot;camera&quot;:&quot;&quot;,&quot;caption&quot;:&quot;&quot;,&quot;created_timestamp&quot;:&quot;0&quot;,&quot;copyright&quot;:&quot;&quot;,&quot;focal_length&quot;:&quot;0&quot;,&quot;iso&quot;:&quot;0&quot;,&quot;shutter_speed&quot;:&quot;0&quot;,&quot;title&quot;:&quot;&quot;,&quot;orientation&quot;:&quot;0&quot;}\" data-image-title=\"027-celebracion_comunion_murcia\" data-image-description=\"&lt;p&gt;Celebraci\u00f3n de Primera Comuni\u00f3n&lt;\/p&gt;\n\" data-image-caption=\"\" data-medium-file=\"https:\/\/www.victorarandagarcia.es\/wp-content\/uploads\/027-celebracion_comunion_murcia-300x202.jpg\" data-large-file=\"https:\/\/www.victorarandagarcia.es\/wp-content\/uploads\/027-celebracion_comunion_murcia.jpg\" decoding=\"async\" loading=\"lazy\" width=\"850\" height=\"572\" data-id=\"2867\" src=\"https:\/\/www.victorarandagarcia.es\/wp-content\/uploads\/027-celebracion_comunion_murcia.jpg\" alt=\"\" class=\"wp-image-2867\" srcset=\"https:\/\/www.victorarandagarcia.es\/wp-content\/uploads\/027-celebracion_comunion_murcia.jpg 850w, https:\/\/www.victorarandagarcia.es\/wp-content\/uploads\/027-celebracion_comunion_murcia-300x202.jpg 300w, https:\/\/www.victorarandagarcia.es\/wp-content\/uploads\/027-celebracion_comunion_murcia-768x517.jpg 768w\" sizes=\"(max-width: 850px) 100vw, 850px\" \/><\/figure>\n<\/figure>\n\n\n\n<p><\/p>\n\n\n\n<p>Entradas relacionadas:<br><strong><a href=\"https:\/\/www.victorarandagarcia.es\/index.php\/estudio\/bodas-y-eventos\/album-y-recordatorio-de-primera-comunion\/\">\u00c1LBUM Y RECORDATORIO DE COMUNI\u00d3N<\/a><\/strong>   \/   <strong><a href=\"https:\/\/www.victorarandagarcia.es\/index.php\/estudio\/bodas-y-eventos\/sesion-de-fotos-de-comunion\/\">SESI\u00d3N DE FOTOS DE COMUNI\u00d3N<\/a><\/strong><\/p>\n","protected":false},"excerpt":{"rendered":"<p>La ceremonia de la Primera Comuni\u00f3n puede ser individual o colectiva, casi siempre en f\u00edn de semana. \u00bfQuieres guardar un bonito recuerdo de un d\u00eda tan especial? Trabajamos en el \u00e1rea de Murcia y Valencia y todav\u00eda tenemos fechas disponibles &hellip; <a href=\"https:\/\/www.victorarandagarcia.es\/index.php\/estudio\/bodas-y-eventos\/reportaje-primera-comunion\/\" class=\"more-link\"><span>Continuar<span class=\"screen-reader-text\">Reportaje Primera Comuni\u00f3n<\/span><\/span><\/a><\/p>\n","protected":false},"author":1,"featured_media":2869,"comment_status":"closed","ping_status":"open","sticky":false,"template":"","format":"standard","meta":{"jetpack_post_was_ever_published":false,"_jetpack_newsletter_access":"","_jetpack_dont_email_post_to_subs":false,"_jetpack_newsletter_tier_id":0,"_jetpack_memberships_contains_paywalled_content":false,"footnotes":"","_jetpack_memberships_contains_paid_content":false},"categories":[61,19],"tags":[64,91],"yoast_head":"<!-- This site is optimized with the Yoast SEO plugin v22.6 - https:\/\/yoast.com\/wordpress\/plugins\/seo\/ -->\n<title>Reportaje Primera Comuni\u00f3n - arte y estudio<\/title>\n<meta name=\"description\" content=\"Trabajamos en el \u00e1rea de Murcia y Valencia y todav\u00eda tenemos fechas disponibles para las comuniones de 2020, opcionalmente con sesi\u00f3n de fotos individual\" \/>\n<meta name=\"robots\" content=\"index, follow, max-snippet:-1, max-image-preview:large, max-video-preview:-1\" \/>\n<link rel=\"canonical\" href=\"https:\/\/www.victorarandagarcia.es\/index.php\/estudio\/bodas-y-eventos\/reportaje-primera-comunion\/\" \/>\n<meta property=\"og:locale\" content=\"es_ES\" \/>\n<meta property=\"og:type\" content=\"article\" \/>\n<meta property=\"og:title\" content=\"Reportaje Primera Comuni\u00f3n - arte y estudio\" \/>\n<meta property=\"og:description\" content=\"Trabajamos en el \u00e1rea de Murcia y Valencia y todav\u00eda tenemos fechas disponibles para las comuniones de 2020, opcionalmente con sesi\u00f3n de fotos individual\" \/>\n<meta property=\"og:url\" content=\"https:\/\/www.victorarandagarcia.es\/index.php\/estudio\/bodas-y-eventos\/reportaje-primera-comunion\/\" \/>\n<meta property=\"og:site_name\" content=\"arte y estudio\" \/>\n<meta property=\"article:published_time\" content=\"2020-02-08T19:47:43+00:00\" \/>\n<meta property=\"article:modified_time\" content=\"2022-03-25T08:56:43+00:00\" \/>\n<meta property=\"og:image\" content=\"https:\/\/www.victorarandagarcia.es\/wp-content\/uploads\/001-Reportaje-de-Primera-Comunion-en-Murcia.jpg\" \/>\n\t<meta property=\"og:image:width\" content=\"850\" \/>\n\t<meta property=\"og:image:height\" content=\"572\" \/>\n\t<meta property=\"og:image:type\" content=\"image\/jpeg\" \/>\n<meta name=\"author\" content=\"victorarandagarcia\" \/>\n<meta name=\"twitter:card\" content=\"summary_large_image\" \/>\n<meta name=\"twitter:label1\" content=\"Escrito por\" \/>\n\t<meta name=\"twitter:data1\" content=\"victorarandagarcia\" \/>\n\t<meta name=\"twitter:label2\" content=\"Tiempo de lectura\" \/>\n\t<meta name=\"twitter:data2\" content=\"4 minutos\" \/>\n<script type=\"application\/ld+json\" class=\"yoast-schema-graph\">{\"@context\":\"https:\/\/schema.org\",\"@graph\":[{\"@type\":\"Article\",\"@id\":\"https:\/\/www.victorarandagarcia.es\/index.php\/estudio\/bodas-y-eventos\/reportaje-primera-comunion\/#article\",\"isPartOf\":{\"@id\":\"https:\/\/www.victorarandagarcia.es\/index.php\/estudio\/bodas-y-eventos\/reportaje-primera-comunion\/\"},\"author\":{\"name\":\"victorarandagarcia\",\"@id\":\"https:\/\/www.victorarandagarcia.es\/#\/schema\/person\/bfa9c61a3776d517deeee5f9386ef302\"},\"headline\":\"Reportaje Primera Comuni\u00f3n\",\"datePublished\":\"2020-02-08T19:47:43+00:00\",\"dateModified\":\"2022-03-25T08:56:43+00:00\",\"mainEntityOfPage\":{\"@id\":\"https:\/\/www.victorarandagarcia.es\/index.php\/estudio\/bodas-y-eventos\/reportaje-primera-comunion\/\"},\"wordCount\":180,\"publisher\":{\"@id\":\"https:\/\/www.victorarandagarcia.es\/#organization\"},\"image\":{\"@id\":\"https:\/\/www.victorarandagarcia.es\/index.php\/estudio\/bodas-y-eventos\/reportaje-primera-comunion\/#primaryimage\"},\"thumbnailUrl\":\"https:\/\/www.victorarandagarcia.es\/wp-content\/uploads\/001-Reportaje-de-Primera-Comunion-en-Murcia.jpg\",\"keywords\":[\"Primera Comuni\u00f3n\",\"reportaje\"],\"articleSection\":[\"BODAS Y EVENTOS\",\"estudio\"],\"inLanguage\":\"es\"},{\"@type\":\"WebPage\",\"@id\":\"https:\/\/www.victorarandagarcia.es\/index.php\/estudio\/bodas-y-eventos\/reportaje-primera-comunion\/\",\"url\":\"https:\/\/www.victorarandagarcia.es\/index.php\/estudio\/bodas-y-eventos\/reportaje-primera-comunion\/\",\"name\":\"Reportaje Primera Comuni\u00f3n - arte y estudio\",\"isPartOf\":{\"@id\":\"https:\/\/www.victorarandagarcia.es\/#website\"},\"primaryImageOfPage\":{\"@id\":\"https:\/\/www.victorarandagarcia.es\/index.php\/estudio\/bodas-y-eventos\/reportaje-primera-comunion\/#primaryimage\"},\"image\":{\"@id\":\"https:\/\/www.victorarandagarcia.es\/index.php\/estudio\/bodas-y-eventos\/reportaje-primera-comunion\/#primaryimage\"},\"thumbnailUrl\":\"https:\/\/www.victorarandagarcia.es\/wp-content\/uploads\/001-Reportaje-de-Primera-Comunion-en-Murcia.jpg\",\"datePublished\":\"2020-02-08T19:47:43+00:00\",\"dateModified\":\"2022-03-25T08:56:43+00:00\",\"description\":\"Trabajamos en el \u00e1rea de Murcia y Valencia y todav\u00eda tenemos fechas disponibles para las comuniones de 2020, opcionalmente con sesi\u00f3n de fotos individual\",\"breadcrumb\":{\"@id\":\"https:\/\/www.victorarandagarcia.es\/index.php\/estudio\/bodas-y-eventos\/reportaje-primera-comunion\/#breadcrumb\"},\"inLanguage\":\"es\",\"potentialAction\":[{\"@type\":\"ReadAction\",\"target\":[\"https:\/\/www.victorarandagarcia.es\/index.php\/estudio\/bodas-y-eventos\/reportaje-primera-comunion\/\"]}]},{\"@type\":\"ImageObject\",\"inLanguage\":\"es\",\"@id\":\"https:\/\/www.victorarandagarcia.es\/index.php\/estudio\/bodas-y-eventos\/reportaje-primera-comunion\/#primaryimage\",\"url\":\"https:\/\/www.victorarandagarcia.es\/wp-content\/uploads\/001-Reportaje-de-Primera-Comunion-en-Murcia.jpg\",\"contentUrl\":\"https:\/\/www.victorarandagarcia.es\/wp-content\/uploads\/001-Reportaje-de-Primera-Comunion-en-Murcia.jpg\",\"width\":850,\"height\":572,\"caption\":\"Retrato de una ni\u00f1a con las manos juntas en una iglesia durante la ceremonia de la primera comuni\u00f3n en Murcia\"},{\"@type\":\"BreadcrumbList\",\"@id\":\"https:\/\/www.victorarandagarcia.es\/index.php\/estudio\/bodas-y-eventos\/reportaje-primera-comunion\/#breadcrumb\",\"itemListElement\":[{\"@type\":\"ListItem\",\"position\":1,\"name\":\"Portada\",\"item\":\"https:\/\/www.victorarandagarcia.es\/\"},{\"@type\":\"ListItem\",\"position\":2,\"name\":\"Reportaje Primera Comuni\u00f3n\"}]},{\"@type\":\"WebSite\",\"@id\":\"https:\/\/www.victorarandagarcia.es\/#website\",\"url\":\"https:\/\/www.victorarandagarcia.es\/\",\"name\":\"arte y estudio\",\"description\":\"Fot\u00f3grafo\",\"publisher\":{\"@id\":\"https:\/\/www.victorarandagarcia.es\/#organization\"},\"potentialAction\":[{\"@type\":\"SearchAction\",\"target\":{\"@type\":\"EntryPoint\",\"urlTemplate\":\"https:\/\/www.victorarandagarcia.es\/?s={search_term_string}\"},\"query-input\":\"required name=search_term_string\"}],\"inLanguage\":\"es\"},{\"@type\":\"Organization\",\"@id\":\"https:\/\/www.victorarandagarcia.es\/#organization\",\"name\":\"arte y estudio\",\"url\":\"https:\/\/www.victorarandagarcia.es\/\",\"logo\":{\"@type\":\"ImageObject\",\"inLanguage\":\"es\",\"@id\":\"https:\/\/www.victorarandagarcia.es\/#\/schema\/logo\/image\/\",\"url\":\"https:\/\/www.victorarandagarcia.es\/wp-content\/uploads\/2019\/03\/logo-fotografo.png\",\"contentUrl\":\"https:\/\/www.victorarandagarcia.es\/wp-content\/uploads\/2019\/03\/logo-fotografo.png\",\"width\":150,\"height\":150,\"caption\":\"arte y estudio\"},\"image\":{\"@id\":\"https:\/\/www.victorarandagarcia.es\/#\/schema\/logo\/image\/\"}},{\"@type\":\"Person\",\"@id\":\"https:\/\/www.victorarandagarcia.es\/#\/schema\/person\/bfa9c61a3776d517deeee5f9386ef302\",\"name\":\"victorarandagarcia\",\"image\":{\"@type\":\"ImageObject\",\"inLanguage\":\"es\",\"@id\":\"https:\/\/www.victorarandagarcia.es\/#\/schema\/person\/image\/\",\"url\":\"https:\/\/secure.gravatar.com\/avatar\/957a01ac23a6393e755ae8225c35dbdb?s=96&d=mm&r=g\",\"contentUrl\":\"https:\/\/secure.gravatar.com\/avatar\/957a01ac23a6393e755ae8225c35dbdb?s=96&d=mm&r=g\",\"caption\":\"victorarandagarcia\"}}]}<\/script>\n<!-- \/ Yoast SEO plugin. -->","yoast_head_json":{"title":"Reportaje Primera Comuni\u00f3n - arte y estudio","description":"Trabajamos en el \u00e1rea de Murcia y Valencia y todav\u00eda tenemos fechas disponibles para las comuniones de 2020, opcionalmente con sesi\u00f3n de fotos individual","robots":{"index":"index","follow":"follow","max-snippet":"max-snippet:-1","max-image-preview":"max-image-preview:large","max-video-preview":"max-video-preview:-1"},"canonical":"https:\/\/www.victorarandagarcia.es\/index.php\/estudio\/bodas-y-eventos\/reportaje-primera-comunion\/","og_locale":"es_ES","og_type":"article","og_title":"Reportaje Primera Comuni\u00f3n - arte y estudio","og_description":"Trabajamos en el \u00e1rea de Murcia y Valencia y todav\u00eda tenemos fechas disponibles para las comuniones de 2020, opcionalmente con sesi\u00f3n de fotos individual","og_url":"https:\/\/www.victorarandagarcia.es\/index.php\/estudio\/bodas-y-eventos\/reportaje-primera-comunion\/","og_site_name":"arte y estudio","article_published_time":"2020-02-08T19:47:43+00:00","article_modified_time":"2022-03-25T08:56:43+00:00","og_image":[{"width":850,"height":572,"url":"https:\/\/www.victorarandagarcia.es\/wp-content\/uploads\/001-Reportaje-de-Primera-Comunion-en-Murcia.jpg","type":"image\/jpeg"}],"author":"victorarandagarcia","twitter_card":"summary_large_image","twitter_misc":{"Escrito por":"victorarandagarcia","Tiempo de lectura":"4 minutos"},"schema":{"@context":"https:\/\/schema.org","@graph":[{"@type":"Article","@id":"https:\/\/www.victorarandagarcia.es\/index.php\/estudio\/bodas-y-eventos\/reportaje-primera-comunion\/#article","isPartOf":{"@id":"https:\/\/www.victorarandagarcia.es\/index.php\/estudio\/bodas-y-eventos\/reportaje-primera-comunion\/"},"author":{"name":"victorarandagarcia","@id":"https:\/\/www.victorarandagarcia.es\/#\/schema\/person\/bfa9c61a3776d517deeee5f9386ef302"},"headline":"Reportaje Primera Comuni\u00f3n","datePublished":"2020-02-08T19:47:43+00:00","dateModified":"2022-03-25T08:56:43+00:00","mainEntityOfPage":{"@id":"https:\/\/www.victorarandagarcia.es\/index.php\/estudio\/bodas-y-eventos\/reportaje-primera-comunion\/"},"wordCount":180,"publisher":{"@id":"https:\/\/www.victorarandagarcia.es\/#organization"},"image":{"@id":"https:\/\/www.victorarandagarcia.es\/index.php\/estudio\/bodas-y-eventos\/reportaje-primera-comunion\/#primaryimage"},"thumbnailUrl":"https:\/\/www.victorarandagarcia.es\/wp-content\/uploads\/001-Reportaje-de-Primera-Comunion-en-Murcia.jpg","keywords":["Primera Comuni\u00f3n","reportaje"],"articleSection":["BODAS Y EVENTOS","estudio"],"inLanguage":"es"},{"@type":"WebPage","@id":"https:\/\/www.victorarandagarcia.es\/index.php\/estudio\/bodas-y-eventos\/reportaje-primera-comunion\/","url":"https:\/\/www.victorarandagarcia.es\/index.php\/estudio\/bodas-y-eventos\/reportaje-primera-comunion\/","name":"Reportaje Primera Comuni\u00f3n - arte y estudio","isPartOf":{"@id":"https:\/\/www.victorarandagarcia.es\/#website"},"primaryImageOfPage":{"@id":"https:\/\/www.victorarandagarcia.es\/index.php\/estudio\/bodas-y-eventos\/reportaje-primera-comunion\/#primaryimage"},"image":{"@id":"https:\/\/www.victorarandagarcia.es\/index.php\/estudio\/bodas-y-eventos\/reportaje-primera-comunion\/#primaryimage"},"thumbnailUrl":"https:\/\/www.victorarandagarcia.es\/wp-content\/uploads\/001-Reportaje-de-Primera-Comunion-en-Murcia.jpg","datePublished":"2020-02-08T19:47:43+00:00","dateModified":"2022-03-25T08:56:43+00:00","description":"Trabajamos en el \u00e1rea de Murcia y Valencia y todav\u00eda tenemos fechas disponibles para las comuniones de 2020, opcionalmente con sesi\u00f3n de fotos individual","breadcrumb":{"@id":"https:\/\/www.victorarandagarcia.es\/index.php\/estudio\/bodas-y-eventos\/reportaje-primera-comunion\/#breadcrumb"},"inLanguage":"es","potentialAction":[{"@type":"ReadAction","target":["https:\/\/www.victorarandagarcia.es\/index.php\/estudio\/bodas-y-eventos\/reportaje-primera-comunion\/"]}]},{"@type":"ImageObject","inLanguage":"es","@id":"https:\/\/www.victorarandagarcia.es\/index.php\/estudio\/bodas-y-eventos\/reportaje-primera-comunion\/#primaryimage","url":"https:\/\/www.victorarandagarcia.es\/wp-content\/uploads\/001-Reportaje-de-Primera-Comunion-en-Murcia.jpg","contentUrl":"https:\/\/www.victorarandagarcia.es\/wp-content\/uploads\/001-Reportaje-de-Primera-Comunion-en-Murcia.jpg","width":850,"height":572,"caption":"Retrato de una ni\u00f1a con las manos juntas en una iglesia durante la ceremonia de la primera comuni\u00f3n en Murcia"},{"@type":"BreadcrumbList","@id":"https:\/\/www.victorarandagarcia.es\/index.php\/estudio\/bodas-y-eventos\/reportaje-primera-comunion\/#breadcrumb","itemListElement":[{"@type":"ListItem","position":1,"name":"Portada","item":"https:\/\/www.victorarandagarcia.es\/"},{"@type":"ListItem","position":2,"name":"Reportaje Primera Comuni\u00f3n"}]},{"@type":"WebSite","@id":"https:\/\/www.victorarandagarcia.es\/#website","url":"https:\/\/www.victorarandagarcia.es\/","name":"arte y estudio","description":"Fot\u00f3grafo","publisher":{"@id":"https:\/\/www.victorarandagarcia.es\/#organization"},"potentialAction":[{"@type":"SearchAction","target":{"@type":"EntryPoint","urlTemplate":"https:\/\/www.victorarandagarcia.es\/?s={search_term_string}"},"query-input":"required name=search_term_string"}],"inLanguage":"es"},{"@type":"Organization","@id":"https:\/\/www.victorarandagarcia.es\/#organization","name":"arte y estudio","url":"https:\/\/www.victorarandagarcia.es\/","logo":{"@type":"ImageObject","inLanguage":"es","@id":"https:\/\/www.victorarandagarcia.es\/#\/schema\/logo\/image\/","url":"https:\/\/www.victorarandagarcia.es\/wp-content\/uploads\/2019\/03\/logo-fotografo.png","contentUrl":"https:\/\/www.victorarandagarcia.es\/wp-content\/uploads\/2019\/03\/logo-fotografo.png","width":150,"height":150,"caption":"arte y estudio"},"image":{"@id":"https:\/\/www.victorarandagarcia.es\/#\/schema\/logo\/image\/"}},{"@type":"Person","@id":"https:\/\/www.victorarandagarcia.es\/#\/schema\/person\/bfa9c61a3776d517deeee5f9386ef302","name":"victorarandagarcia","image":{"@type":"ImageObject","inLanguage":"es","@id":"https:\/\/www.victorarandagarcia.es\/#\/schema\/person\/image\/","url":"https:\/\/secure.gravatar.com\/avatar\/957a01ac23a6393e755ae8225c35dbdb?s=96&d=mm&r=g","contentUrl":"https:\/\/secure.gravatar.com\/avatar\/957a01ac23a6393e755ae8225c35dbdb?s=96&d=mm&r=g","caption":"victorarandagarcia"}}]}},"jetpack_featured_media_url":"https:\/\/www.victorarandagarcia.es\/wp-content\/uploads\/001-Reportaje-de-Primera-Comunion-en-Murcia.jpg","jetpack_sharing_enabled":true,"_links":{"self":[{"href":"https:\/\/www.victorarandagarcia.es\/index.php\/wp-json\/wp\/v2\/posts\/2864"}],"collection":[{"href":"https:\/\/www.victorarandagarcia.es\/index.php\/wp-json\/wp\/v2\/posts"}],"about":[{"href":"https:\/\/www.victorarandagarcia.es\/index.php\/wp-json\/wp\/v2\/types\/post"}],"author":[{"embeddable":true,"href":"https:\/\/www.victorarandagarcia.es\/index.php\/wp-json\/wp\/v2\/users\/1"}],"replies":[{"embeddable":true,"href":"https:\/\/www.victorarandagarcia.es\/index.php\/wp-json\/wp\/v2\/comments?post=2864"}],"version-history":[{"count":4,"href":"https:\/\/www.victorarandagarcia.es\/index.php\/wp-json\/wp\/v2\/posts\/2864\/revisions"}],"predecessor-version":[{"id":3335,"href":"https:\/\/www.victorarandagarcia.es\/index.php\/wp-json\/wp\/v2\/posts\/2864\/revisions\/3335"}],"wp:featuredmedia":[{"embeddable":true,"href":"https:\/\/www.victorarandagarcia.es\/index.php\/wp-json\/wp\/v2\/media\/2869"}],"wp:attachment":[{"href":"https:\/\/www.victorarandagarcia.es\/index.php\/wp-json\/wp\/v2\/media?parent=2864"}],"wp:term":[{"taxonomy":"category","embeddable":true,"href":"https:\/\/www.victorarandagarcia.es\/index.php\/wp-json\/wp\/v2\/categories?post=2864"},{"taxonomy":"post_tag","embeddable":true,"href":"https:\/\/www.victorarandagarcia.es\/index.php\/wp-json\/wp\/v2\/tags?post=2864"}],"curies":[{"name":"wp","href":"https:\/\/api.w.org\/{rel}","templated":true}]}}