{"id":2584,"date":"2020-01-22T14:49:27","date_gmt":"2020-01-22T13:49:27","guid":{"rendered":"https:\/\/www.victorarandagarcia.es\/?p=2584"},"modified":"2020-01-22T19:52:24","modified_gmt":"2020-01-22T18:52:24","slug":"15m","status":"publish","type":"post","link":"https:\/\/www.victorarandagarcia.es\/index.php\/arte\/reportaje-fotografico\/15m\/","title":{"rendered":"15M"},"content":{"rendered":"\n<div class=\"wp-block-image\"><figure class=\"aligncenter\"><img data-attachment-id=\"2597\" data-permalink=\"https:\/\/www.victorarandagarcia.es\/index.php\/arte\/reportaje-fotografico\/15m\/attachment\/2011-05-15m-03\/\" data-orig-file=\"https:\/\/www.victorarandagarcia.es\/wp-content\/uploads\/2011-05-15m-03.jpg\" data-orig-size=\"720,481\" data-comments-opened=\"0\" data-image-meta=\"{&quot;aperture&quot;:&quot;0&quot;,&quot;credit&quot;:&quot;&quot;,&quot;camera&quot;:&quot;&quot;,&quot;caption&quot;:&quot;&quot;,&quot;created_timestamp&quot;:&quot;0&quot;,&quot;copyright&quot;:&quot;&quot;,&quot;focal_length&quot;:&quot;0&quot;,&quot;iso&quot;:&quot;0&quot;,&quot;shutter_speed&quot;:&quot;0&quot;,&quot;title&quot;:&quot;&quot;,&quot;orientation&quot;:&quot;0&quot;}\" data-image-title=\"2011-05-15m-03\" data-image-description=\"&lt;p&gt;Manifestaci\u00f3n 15M (Valencia 2011)&lt;\/p&gt;\n\" data-image-caption=\"\" data-medium-file=\"https:\/\/www.victorarandagarcia.es\/wp-content\/uploads\/2011-05-15m-03-300x200.jpg\" data-large-file=\"https:\/\/www.victorarandagarcia.es\/wp-content\/uploads\/2011-05-15m-03.jpg\" decoding=\"async\" loading=\"lazy\" width=\"720\" height=\"481\" src=\"https:\/\/www.victorarandagarcia.es\/wp-content\/uploads\/2011-05-15m-03.jpg\" alt=\"\" class=\"wp-image-2597\" srcset=\"https:\/\/www.victorarandagarcia.es\/wp-content\/uploads\/2011-05-15m-03.jpg 720w, https:\/\/www.victorarandagarcia.es\/wp-content\/uploads\/2011-05-15m-03-300x200.jpg 300w\" sizes=\"(max-width: 720px) 100vw, 720px\" \/><\/figure><\/div>\n\n\n\n<p>Particip\u00e9 y segu\u00ed el movimiento 15M con mis fotograf\u00edas desde la primera manifestaci\u00f3n del 15 de mayo de 2011 del que el movimiento tom\u00f3 su nombre. <strong><em>\u00abNo somos mercanc\u00eda en manos de pol\u00edticos y banqueros\u00bb<\/em><\/strong> era el lema de aquella primera manifestaci\u00f3n: se denunciaba el <strong>bipartidismo<\/strong> -PP$OE-; se clamaba <strong>contra la corrupci\u00f3n<\/strong>, tanto la convencional &#8211;<strong><em>\u00abno hay pan para tanto chorizo\u00bb<\/em><\/strong>&#8211; como la ideol\u00f3gica, especialmente la de un PSOE expl\u00edcitamente vendido a la banca y la gran empresa; se gritaba <strong>contra la troika<\/strong> -Banco Central Europeo, Comisi\u00f3n Europea y Fondo Monetario Internacional-; se ped\u00edan medidas efectivas <strong>contra el cambio clim\u00e1tico<\/strong> y la destrucci\u00f3n de la naturaleza, pues sin un cambio pronto y radical no habr\u00eda futuro; se exig\u00eda una <strong><em>\u00abdemocracia real\u00bb<\/em><\/strong> y el <strong>f\u00edn de los desahucios<\/strong> en un momento en que eran miles las familias a las que se expulsaba cada mes de sus hogares sin m\u00e1s delito que el de haber perdido sus fuentes de ingresos por culpa de una crisis de la que ninguna de ellas ten\u00eda culpa, y con un gobierno que se dec\u00eda y a\u00fan se dice <em>\u00absocialista\u00bb<\/em> en el gobierno. <\/p>\n\n\n\n<ul class=\"wp-block-gallery columns-2 is-cropped wp-block-gallery-1 is-layout-flex wp-block-gallery-is-layout-flex\"><li class=\"blocks-gallery-item\"><figure><img data-attachment-id=\"2592\" data-permalink=\"https:\/\/www.victorarandagarcia.es\/index.php\/arte\/reportaje-fotografico\/15m\/attachment\/2011-05-15m-08\/\" data-orig-file=\"https:\/\/www.victorarandagarcia.es\/wp-content\/uploads\/2011-05-15m-08.jpg\" data-orig-size=\"720,481\" data-comments-opened=\"0\" data-image-meta=\"{&quot;aperture&quot;:&quot;0&quot;,&quot;credit&quot;:&quot;&quot;,&quot;camera&quot;:&quot;&quot;,&quot;caption&quot;:&quot;&quot;,&quot;created_timestamp&quot;:&quot;0&quot;,&quot;copyright&quot;:&quot;&quot;,&quot;focal_length&quot;:&quot;0&quot;,&quot;iso&quot;:&quot;0&quot;,&quot;shutter_speed&quot;:&quot;0&quot;,&quot;title&quot;:&quot;&quot;,&quot;orientation&quot;:&quot;0&quot;}\" data-image-title=\"2011-05-15m-08\" data-image-description=\"&lt;p&gt;Manifestaci\u00f3n 15M (Valencia 2011)&lt;\/p&gt;\n\" data-image-caption=\"\" data-medium-file=\"https:\/\/www.victorarandagarcia.es\/wp-content\/uploads\/2011-05-15m-08-300x200.jpg\" data-large-file=\"https:\/\/www.victorarandagarcia.es\/wp-content\/uploads\/2011-05-15m-08.jpg\" decoding=\"async\" loading=\"lazy\" width=\"720\" height=\"481\" src=\"https:\/\/www.victorarandagarcia.es\/wp-content\/uploads\/2011-05-15m-08.jpg\" alt=\"\" data-id=\"2592\" data-link=\"https:\/\/www.victorarandagarcia.es\/?attachment_id=2592\" class=\"wp-image-2592\" srcset=\"https:\/\/www.victorarandagarcia.es\/wp-content\/uploads\/2011-05-15m-08.jpg 720w, https:\/\/www.victorarandagarcia.es\/wp-content\/uploads\/2011-05-15m-08-300x200.jpg 300w\" sizes=\"(max-width: 720px) 100vw, 720px\" \/><\/figure><\/li><li class=\"blocks-gallery-item\"><figure><img data-attachment-id=\"2588\" data-permalink=\"https:\/\/www.victorarandagarcia.es\/index.php\/arte\/reportaje-fotografico\/15m\/attachment\/2011-05-15m-02\/\" data-orig-file=\"https:\/\/www.victorarandagarcia.es\/wp-content\/uploads\/2011-05-15m-02.jpg\" data-orig-size=\"720,494\" data-comments-opened=\"0\" data-image-meta=\"{&quot;aperture&quot;:&quot;0&quot;,&quot;credit&quot;:&quot;&quot;,&quot;camera&quot;:&quot;&quot;,&quot;caption&quot;:&quot;&quot;,&quot;created_timestamp&quot;:&quot;0&quot;,&quot;copyright&quot;:&quot;&quot;,&quot;focal_length&quot;:&quot;0&quot;,&quot;iso&quot;:&quot;0&quot;,&quot;shutter_speed&quot;:&quot;0&quot;,&quot;title&quot;:&quot;&quot;,&quot;orientation&quot;:&quot;0&quot;}\" data-image-title=\"2011-05-15m-02\" data-image-description=\"&lt;p&gt;Manifestaci\u00f3n 15M (Valencia 2011)&lt;\/p&gt;\n\" data-image-caption=\"\" data-medium-file=\"https:\/\/www.victorarandagarcia.es\/wp-content\/uploads\/2011-05-15m-02-300x206.jpg\" data-large-file=\"https:\/\/www.victorarandagarcia.es\/wp-content\/uploads\/2011-05-15m-02.jpg\" decoding=\"async\" loading=\"lazy\" width=\"720\" height=\"494\" src=\"https:\/\/www.victorarandagarcia.es\/wp-content\/uploads\/2011-05-15m-02.jpg\" alt=\"\" data-id=\"2588\" data-link=\"https:\/\/www.victorarandagarcia.es\/?attachment_id=2588\" class=\"wp-image-2588\" srcset=\"https:\/\/www.victorarandagarcia.es\/wp-content\/uploads\/2011-05-15m-02.jpg 720w, https:\/\/www.victorarandagarcia.es\/wp-content\/uploads\/2011-05-15m-02-300x206.jpg 300w\" sizes=\"(max-width: 720px) 100vw, 720px\" \/><\/figure><\/li><li class=\"blocks-gallery-item\"><figure><img data-attachment-id=\"2593\" data-permalink=\"https:\/\/www.victorarandagarcia.es\/index.php\/arte\/reportaje-fotografico\/15m\/attachment\/2011-manifestacion_15_mayo\/\" data-orig-file=\"https:\/\/www.victorarandagarcia.es\/wp-content\/uploads\/2011-manifestacion_15_mayo.jpg\" data-orig-size=\"481,720\" data-comments-opened=\"0\" data-image-meta=\"{&quot;aperture&quot;:&quot;0&quot;,&quot;credit&quot;:&quot;&quot;,&quot;camera&quot;:&quot;&quot;,&quot;caption&quot;:&quot;&quot;,&quot;created_timestamp&quot;:&quot;0&quot;,&quot;copyright&quot;:&quot;&quot;,&quot;focal_length&quot;:&quot;0&quot;,&quot;iso&quot;:&quot;0&quot;,&quot;shutter_speed&quot;:&quot;0&quot;,&quot;title&quot;:&quot;&quot;,&quot;orientation&quot;:&quot;0&quot;}\" data-image-title=\"2011-manifestacion_15_mayo\" data-image-description=\"&lt;p&gt;Manifestaci\u00f3n 15 de mayo (Valencia 2011)&lt;\/p&gt;\n\" data-image-caption=\"\" data-medium-file=\"https:\/\/www.victorarandagarcia.es\/wp-content\/uploads\/2011-manifestacion_15_mayo-200x300.jpg\" data-large-file=\"https:\/\/www.victorarandagarcia.es\/wp-content\/uploads\/2011-manifestacion_15_mayo.jpg\" decoding=\"async\" loading=\"lazy\" width=\"481\" height=\"720\" src=\"https:\/\/www.victorarandagarcia.es\/wp-content\/uploads\/2011-manifestacion_15_mayo.jpg\" alt=\"\" data-id=\"2593\" data-link=\"https:\/\/www.victorarandagarcia.es\/?attachment_id=2593\" class=\"wp-image-2593\" srcset=\"https:\/\/www.victorarandagarcia.es\/wp-content\/uploads\/2011-manifestacion_15_mayo.jpg 481w, https:\/\/www.victorarandagarcia.es\/wp-content\/uploads\/2011-manifestacion_15_mayo-200x300.jpg 200w\" sizes=\"(max-width: 481px) 100vw, 481px\" \/><\/figure><\/li><li class=\"blocks-gallery-item\"><figure><img data-attachment-id=\"2586\" data-permalink=\"https:\/\/www.victorarandagarcia.es\/index.php\/arte\/reportaje-fotografico\/15m\/attachment\/2011-05-15m-09\/\" data-orig-file=\"https:\/\/www.victorarandagarcia.es\/wp-content\/uploads\/2011-05-15m-09.jpg\" data-orig-size=\"481,720\" data-comments-opened=\"0\" data-image-meta=\"{&quot;aperture&quot;:&quot;0&quot;,&quot;credit&quot;:&quot;&quot;,&quot;camera&quot;:&quot;&quot;,&quot;caption&quot;:&quot;&quot;,&quot;created_timestamp&quot;:&quot;0&quot;,&quot;copyright&quot;:&quot;&quot;,&quot;focal_length&quot;:&quot;0&quot;,&quot;iso&quot;:&quot;0&quot;,&quot;shutter_speed&quot;:&quot;0&quot;,&quot;title&quot;:&quot;&quot;,&quot;orientation&quot;:&quot;0&quot;}\" data-image-title=\"2011-05-15m-09\" data-image-description=\"&lt;p&gt;Manifestaci\u00f3n 15M (Valencia 2011)&lt;\/p&gt;\n\" data-image-caption=\"\" data-medium-file=\"https:\/\/www.victorarandagarcia.es\/wp-content\/uploads\/2011-05-15m-09-200x300.jpg\" data-large-file=\"https:\/\/www.victorarandagarcia.es\/wp-content\/uploads\/2011-05-15m-09.jpg\" decoding=\"async\" loading=\"lazy\" width=\"481\" height=\"720\" src=\"https:\/\/www.victorarandagarcia.es\/wp-content\/uploads\/2011-05-15m-09.jpg\" alt=\"\" data-id=\"2586\" data-link=\"https:\/\/www.victorarandagarcia.es\/?attachment_id=2586\" class=\"wp-image-2586\" srcset=\"https:\/\/www.victorarandagarcia.es\/wp-content\/uploads\/2011-05-15m-09.jpg 481w, https:\/\/www.victorarandagarcia.es\/wp-content\/uploads\/2011-05-15m-09-200x300.jpg 200w\" sizes=\"(max-width: 481px) 100vw, 481px\" \/><\/figure><\/li><li class=\"blocks-gallery-item\"><figure><img data-attachment-id=\"2595\" data-permalink=\"https:\/\/www.victorarandagarcia.es\/index.php\/arte\/reportaje-fotografico\/15m\/attachment\/2011-05-15m-13\/\" data-orig-file=\"https:\/\/www.victorarandagarcia.es\/wp-content\/uploads\/2011-05-15m-13.jpg\" data-orig-size=\"481,720\" data-comments-opened=\"0\" data-image-meta=\"{&quot;aperture&quot;:&quot;0&quot;,&quot;credit&quot;:&quot;&quot;,&quot;camera&quot;:&quot;&quot;,&quot;caption&quot;:&quot;&quot;,&quot;created_timestamp&quot;:&quot;0&quot;,&quot;copyright&quot;:&quot;&quot;,&quot;focal_length&quot;:&quot;0&quot;,&quot;iso&quot;:&quot;0&quot;,&quot;shutter_speed&quot;:&quot;0&quot;,&quot;title&quot;:&quot;&quot;,&quot;orientation&quot;:&quot;0&quot;}\" data-image-title=\"2011-05-15m-13\" data-image-description=\"&lt;p&gt;Manifestaci\u00f3n 15M (Valencia 2011)&lt;\/p&gt;\n\" data-image-caption=\"\" data-medium-file=\"https:\/\/www.victorarandagarcia.es\/wp-content\/uploads\/2011-05-15m-13-200x300.jpg\" data-large-file=\"https:\/\/www.victorarandagarcia.es\/wp-content\/uploads\/2011-05-15m-13.jpg\" decoding=\"async\" loading=\"lazy\" width=\"481\" height=\"720\" src=\"https:\/\/www.victorarandagarcia.es\/wp-content\/uploads\/2011-05-15m-13.jpg\" alt=\"\" data-id=\"2595\" data-link=\"https:\/\/www.victorarandagarcia.es\/?attachment_id=2595\" class=\"wp-image-2595\" srcset=\"https:\/\/www.victorarandagarcia.es\/wp-content\/uploads\/2011-05-15m-13.jpg 481w, https:\/\/www.victorarandagarcia.es\/wp-content\/uploads\/2011-05-15m-13-200x300.jpg 200w\" sizes=\"(max-width: 481px) 100vw, 481px\" \/><\/figure><\/li><li class=\"blocks-gallery-item\"><figure><img data-attachment-id=\"2591\" data-permalink=\"https:\/\/www.victorarandagarcia.es\/index.php\/arte\/reportaje-fotografico\/15m\/attachment\/2011-05-15m-06\/\" data-orig-file=\"https:\/\/www.victorarandagarcia.es\/wp-content\/uploads\/2011-05-15m-06.jpg\" data-orig-size=\"481,720\" data-comments-opened=\"0\" data-image-meta=\"{&quot;aperture&quot;:&quot;0&quot;,&quot;credit&quot;:&quot;&quot;,&quot;camera&quot;:&quot;&quot;,&quot;caption&quot;:&quot;&quot;,&quot;created_timestamp&quot;:&quot;0&quot;,&quot;copyright&quot;:&quot;&quot;,&quot;focal_length&quot;:&quot;0&quot;,&quot;iso&quot;:&quot;0&quot;,&quot;shutter_speed&quot;:&quot;0&quot;,&quot;title&quot;:&quot;&quot;,&quot;orientation&quot;:&quot;0&quot;}\" data-image-title=\"2011-05-15m-06\" data-image-description=\"&lt;p&gt;Manifestaci\u00f3n 15M (Valencia 2011)&lt;\/p&gt;\n\" data-image-caption=\"\" data-medium-file=\"https:\/\/www.victorarandagarcia.es\/wp-content\/uploads\/2011-05-15m-06-200x300.jpg\" data-large-file=\"https:\/\/www.victorarandagarcia.es\/wp-content\/uploads\/2011-05-15m-06.jpg\" decoding=\"async\" loading=\"lazy\" width=\"481\" height=\"720\" src=\"https:\/\/www.victorarandagarcia.es\/wp-content\/uploads\/2011-05-15m-06.jpg\" alt=\"\" data-id=\"2591\" data-link=\"https:\/\/www.victorarandagarcia.es\/?attachment_id=2591\" class=\"wp-image-2591\" srcset=\"https:\/\/www.victorarandagarcia.es\/wp-content\/uploads\/2011-05-15m-06.jpg 481w, https:\/\/www.victorarandagarcia.es\/wp-content\/uploads\/2011-05-15m-06-200x300.jpg 200w\" sizes=\"(max-width: 481px) 100vw, 481px\" \/><\/figure><\/li><li class=\"blocks-gallery-item\"><figure><img data-attachment-id=\"2589\" data-permalink=\"https:\/\/www.victorarandagarcia.es\/index.php\/arte\/reportaje-fotografico\/15m\/attachment\/2011-05-15m-04\/\" data-orig-file=\"https:\/\/www.victorarandagarcia.es\/wp-content\/uploads\/2011-05-15m-04.jpg\" data-orig-size=\"481,720\" data-comments-opened=\"0\" data-image-meta=\"{&quot;aperture&quot;:&quot;0&quot;,&quot;credit&quot;:&quot;&quot;,&quot;camera&quot;:&quot;&quot;,&quot;caption&quot;:&quot;&quot;,&quot;created_timestamp&quot;:&quot;0&quot;,&quot;copyright&quot;:&quot;&quot;,&quot;focal_length&quot;:&quot;0&quot;,&quot;iso&quot;:&quot;0&quot;,&quot;shutter_speed&quot;:&quot;0&quot;,&quot;title&quot;:&quot;&quot;,&quot;orientation&quot;:&quot;0&quot;}\" data-image-title=\"2011-05-15m-04\" data-image-description=\"&lt;p&gt;Manifestaci\u00f3n 15M (Valencia 2011)&lt;\/p&gt;\n\" data-image-caption=\"\" data-medium-file=\"https:\/\/www.victorarandagarcia.es\/wp-content\/uploads\/2011-05-15m-04-200x300.jpg\" data-large-file=\"https:\/\/www.victorarandagarcia.es\/wp-content\/uploads\/2011-05-15m-04.jpg\" decoding=\"async\" loading=\"lazy\" width=\"481\" height=\"720\" src=\"https:\/\/www.victorarandagarcia.es\/wp-content\/uploads\/2011-05-15m-04.jpg\" alt=\"\" data-id=\"2589\" data-link=\"https:\/\/www.victorarandagarcia.es\/?attachment_id=2589\" class=\"wp-image-2589\" srcset=\"https:\/\/www.victorarandagarcia.es\/wp-content\/uploads\/2011-05-15m-04.jpg 481w, https:\/\/www.victorarandagarcia.es\/wp-content\/uploads\/2011-05-15m-04-200x300.jpg 200w\" sizes=\"(max-width: 481px) 100vw, 481px\" \/><\/figure><\/li><li class=\"blocks-gallery-item\"><figure><img data-attachment-id=\"2585\" data-permalink=\"https:\/\/www.victorarandagarcia.es\/index.php\/arte\/reportaje-fotografico\/15m\/attachment\/2011-05-15m-10\/\" data-orig-file=\"https:\/\/www.victorarandagarcia.es\/wp-content\/uploads\/2011-05-15m-10.jpg\" data-orig-size=\"481,720\" data-comments-opened=\"0\" data-image-meta=\"{&quot;aperture&quot;:&quot;0&quot;,&quot;credit&quot;:&quot;&quot;,&quot;camera&quot;:&quot;&quot;,&quot;caption&quot;:&quot;&quot;,&quot;created_timestamp&quot;:&quot;0&quot;,&quot;copyright&quot;:&quot;&quot;,&quot;focal_length&quot;:&quot;0&quot;,&quot;iso&quot;:&quot;0&quot;,&quot;shutter_speed&quot;:&quot;0&quot;,&quot;title&quot;:&quot;&quot;,&quot;orientation&quot;:&quot;0&quot;}\" data-image-title=\"2011-05-15m-10\" data-image-description=\"&lt;p&gt;Manifestaci\u00f3n 15M (Valencia 2011)&lt;\/p&gt;\n\" data-image-caption=\"\" data-medium-file=\"https:\/\/www.victorarandagarcia.es\/wp-content\/uploads\/2011-05-15m-10-200x300.jpg\" data-large-file=\"https:\/\/www.victorarandagarcia.es\/wp-content\/uploads\/2011-05-15m-10.jpg\" decoding=\"async\" loading=\"lazy\" width=\"481\" height=\"720\" src=\"https:\/\/www.victorarandagarcia.es\/wp-content\/uploads\/2011-05-15m-10.jpg\" alt=\"\" data-id=\"2585\" data-link=\"https:\/\/www.victorarandagarcia.es\/?attachment_id=2585\" class=\"wp-image-2585\" srcset=\"https:\/\/www.victorarandagarcia.es\/wp-content\/uploads\/2011-05-15m-10.jpg 481w, https:\/\/www.victorarandagarcia.es\/wp-content\/uploads\/2011-05-15m-10-200x300.jpg 200w\" sizes=\"(max-width: 481px) 100vw, 481px\" \/><\/figure><\/li><li class=\"blocks-gallery-item\"><figure><img data-attachment-id=\"2590\" data-permalink=\"https:\/\/www.victorarandagarcia.es\/index.php\/arte\/reportaje-fotografico\/15m\/attachment\/2011-05-15m-11\/\" data-orig-file=\"https:\/\/www.victorarandagarcia.es\/wp-content\/uploads\/2011-05-15m-11.jpg\" data-orig-size=\"720,481\" data-comments-opened=\"0\" data-image-meta=\"{&quot;aperture&quot;:&quot;0&quot;,&quot;credit&quot;:&quot;&quot;,&quot;camera&quot;:&quot;&quot;,&quot;caption&quot;:&quot;&quot;,&quot;created_timestamp&quot;:&quot;0&quot;,&quot;copyright&quot;:&quot;&quot;,&quot;focal_length&quot;:&quot;0&quot;,&quot;iso&quot;:&quot;0&quot;,&quot;shutter_speed&quot;:&quot;0&quot;,&quot;title&quot;:&quot;&quot;,&quot;orientation&quot;:&quot;0&quot;}\" data-image-title=\"2011-05-15m-11\" data-image-description=\"&lt;p&gt;Manifestaci\u00f3n 15M (Valencia 2011)&lt;\/p&gt;\n\" data-image-caption=\"\" data-medium-file=\"https:\/\/www.victorarandagarcia.es\/wp-content\/uploads\/2011-05-15m-11-300x200.jpg\" data-large-file=\"https:\/\/www.victorarandagarcia.es\/wp-content\/uploads\/2011-05-15m-11.jpg\" decoding=\"async\" loading=\"lazy\" width=\"720\" height=\"481\" src=\"https:\/\/www.victorarandagarcia.es\/wp-content\/uploads\/2011-05-15m-11.jpg\" alt=\"\" data-id=\"2590\" data-link=\"https:\/\/www.victorarandagarcia.es\/?attachment_id=2590\" class=\"wp-image-2590\" srcset=\"https:\/\/www.victorarandagarcia.es\/wp-content\/uploads\/2011-05-15m-11.jpg 720w, https:\/\/www.victorarandagarcia.es\/wp-content\/uploads\/2011-05-15m-11-300x200.jpg 300w\" sizes=\"(max-width: 720px) 100vw, 720px\" \/><\/figure><\/li><li class=\"blocks-gallery-item\"><figure><img data-attachment-id=\"2598\" data-permalink=\"https:\/\/www.victorarandagarcia.es\/index.php\/arte\/reportaje-fotografico\/15m\/attachment\/2011-05-15m-07\/\" data-orig-file=\"https:\/\/www.victorarandagarcia.es\/wp-content\/uploads\/2011-05-15m-07.jpg\" data-orig-size=\"720,481\" data-comments-opened=\"0\" data-image-meta=\"{&quot;aperture&quot;:&quot;0&quot;,&quot;credit&quot;:&quot;&quot;,&quot;camera&quot;:&quot;&quot;,&quot;caption&quot;:&quot;&quot;,&quot;created_timestamp&quot;:&quot;0&quot;,&quot;copyright&quot;:&quot;&quot;,&quot;focal_length&quot;:&quot;0&quot;,&quot;iso&quot;:&quot;0&quot;,&quot;shutter_speed&quot;:&quot;0&quot;,&quot;title&quot;:&quot;&quot;,&quot;orientation&quot;:&quot;0&quot;}\" data-image-title=\"2011-05-15m-07\" data-image-description=\"&lt;p&gt;Asamblea 15M (Valencia 2011)&lt;\/p&gt;\n\" data-image-caption=\"\" data-medium-file=\"https:\/\/www.victorarandagarcia.es\/wp-content\/uploads\/2011-05-15m-07-300x200.jpg\" data-large-file=\"https:\/\/www.victorarandagarcia.es\/wp-content\/uploads\/2011-05-15m-07.jpg\" decoding=\"async\" loading=\"lazy\" width=\"720\" height=\"481\" src=\"https:\/\/www.victorarandagarcia.es\/wp-content\/uploads\/2011-05-15m-07.jpg\" alt=\"\" data-id=\"2598\" data-link=\"https:\/\/www.victorarandagarcia.es\/?attachment_id=2598\" class=\"wp-image-2598\" srcset=\"https:\/\/www.victorarandagarcia.es\/wp-content\/uploads\/2011-05-15m-07.jpg 720w, https:\/\/www.victorarandagarcia.es\/wp-content\/uploads\/2011-05-15m-07-300x200.jpg 300w\" sizes=\"(max-width: 720px) 100vw, 720px\" \/><\/figure><\/li><li class=\"blocks-gallery-item\"><figure><img data-attachment-id=\"2587\" data-permalink=\"https:\/\/www.victorarandagarcia.es\/index.php\/arte\/reportaje-fotografico\/15m\/attachment\/2011-05-15m-14\/\" data-orig-file=\"https:\/\/www.victorarandagarcia.es\/wp-content\/uploads\/2011-05-15m-14.jpg\" data-orig-size=\"720,481\" data-comments-opened=\"0\" data-image-meta=\"{&quot;aperture&quot;:&quot;0&quot;,&quot;credit&quot;:&quot;&quot;,&quot;camera&quot;:&quot;&quot;,&quot;caption&quot;:&quot;&quot;,&quot;created_timestamp&quot;:&quot;0&quot;,&quot;copyright&quot;:&quot;&quot;,&quot;focal_length&quot;:&quot;0&quot;,&quot;iso&quot;:&quot;0&quot;,&quot;shutter_speed&quot;:&quot;0&quot;,&quot;title&quot;:&quot;&quot;,&quot;orientation&quot;:&quot;0&quot;}\" data-image-title=\"2011-05-15m-14\" data-image-description=\"&lt;p&gt;Asamblea 15M (Valencia 2011)&lt;\/p&gt;\n\" data-image-caption=\"\" data-medium-file=\"https:\/\/www.victorarandagarcia.es\/wp-content\/uploads\/2011-05-15m-14-300x200.jpg\" data-large-file=\"https:\/\/www.victorarandagarcia.es\/wp-content\/uploads\/2011-05-15m-14.jpg\" decoding=\"async\" loading=\"lazy\" width=\"720\" height=\"481\" src=\"https:\/\/www.victorarandagarcia.es\/wp-content\/uploads\/2011-05-15m-14.jpg\" alt=\"\" data-id=\"2587\" data-link=\"https:\/\/www.victorarandagarcia.es\/?attachment_id=2587\" class=\"wp-image-2587\" srcset=\"https:\/\/www.victorarandagarcia.es\/wp-content\/uploads\/2011-05-15m-14.jpg 720w, https:\/\/www.victorarandagarcia.es\/wp-content\/uploads\/2011-05-15m-14-300x200.jpg 300w\" sizes=\"(max-width: 720px) 100vw, 720px\" \/><\/figure><\/li><li class=\"blocks-gallery-item\"><figure><img data-attachment-id=\"2597\" data-permalink=\"https:\/\/www.victorarandagarcia.es\/index.php\/arte\/reportaje-fotografico\/15m\/attachment\/2011-05-15m-03\/\" data-orig-file=\"https:\/\/www.victorarandagarcia.es\/wp-content\/uploads\/2011-05-15m-03.jpg\" data-orig-size=\"720,481\" data-comments-opened=\"0\" data-image-meta=\"{&quot;aperture&quot;:&quot;0&quot;,&quot;credit&quot;:&quot;&quot;,&quot;camera&quot;:&quot;&quot;,&quot;caption&quot;:&quot;&quot;,&quot;created_timestamp&quot;:&quot;0&quot;,&quot;copyright&quot;:&quot;&quot;,&quot;focal_length&quot;:&quot;0&quot;,&quot;iso&quot;:&quot;0&quot;,&quot;shutter_speed&quot;:&quot;0&quot;,&quot;title&quot;:&quot;&quot;,&quot;orientation&quot;:&quot;0&quot;}\" data-image-title=\"2011-05-15m-03\" data-image-description=\"&lt;p&gt;Manifestaci\u00f3n 15M (Valencia 2011)&lt;\/p&gt;\n\" data-image-caption=\"\" data-medium-file=\"https:\/\/www.victorarandagarcia.es\/wp-content\/uploads\/2011-05-15m-03-300x200.jpg\" data-large-file=\"https:\/\/www.victorarandagarcia.es\/wp-content\/uploads\/2011-05-15m-03.jpg\" decoding=\"async\" loading=\"lazy\" width=\"720\" height=\"481\" src=\"https:\/\/www.victorarandagarcia.es\/wp-content\/uploads\/2011-05-15m-03.jpg\" alt=\"\" data-id=\"2597\" data-link=\"https:\/\/www.victorarandagarcia.es\/?attachment_id=2597\" class=\"wp-image-2597\" srcset=\"https:\/\/www.victorarandagarcia.es\/wp-content\/uploads\/2011-05-15m-03.jpg 720w, https:\/\/www.victorarandagarcia.es\/wp-content\/uploads\/2011-05-15m-03-300x200.jpg 300w\" sizes=\"(max-width: 720px) 100vw, 720px\" \/><\/figure><\/li><li class=\"blocks-gallery-item\"><figure><img data-attachment-id=\"2596\" data-permalink=\"https:\/\/www.victorarandagarcia.es\/index.php\/arte\/reportaje-fotografico\/15m\/attachment\/2011-05-15m-05\/\" data-orig-file=\"https:\/\/www.victorarandagarcia.es\/wp-content\/uploads\/2011-05-15m-05.jpg\" data-orig-size=\"612,720\" data-comments-opened=\"0\" data-image-meta=\"{&quot;aperture&quot;:&quot;0&quot;,&quot;credit&quot;:&quot;&quot;,&quot;camera&quot;:&quot;&quot;,&quot;caption&quot;:&quot;&quot;,&quot;created_timestamp&quot;:&quot;0&quot;,&quot;copyright&quot;:&quot;&quot;,&quot;focal_length&quot;:&quot;0&quot;,&quot;iso&quot;:&quot;0&quot;,&quot;shutter_speed&quot;:&quot;0&quot;,&quot;title&quot;:&quot;&quot;,&quot;orientation&quot;:&quot;0&quot;}\" data-image-title=\"2011-05-15m-05\" data-image-description=\"&lt;p&gt;Manifestaci\u00f3n 15M (Valencia 2011)&lt;\/p&gt;\n\" data-image-caption=\"\" data-medium-file=\"https:\/\/www.victorarandagarcia.es\/wp-content\/uploads\/2011-05-15m-05-255x300.jpg\" data-large-file=\"https:\/\/www.victorarandagarcia.es\/wp-content\/uploads\/2011-05-15m-05.jpg\" decoding=\"async\" loading=\"lazy\" width=\"612\" height=\"720\" src=\"https:\/\/www.victorarandagarcia.es\/wp-content\/uploads\/2011-05-15m-05.jpg\" alt=\"\" data-id=\"2596\" data-link=\"https:\/\/www.victorarandagarcia.es\/?attachment_id=2596\" class=\"wp-image-2596\" srcset=\"https:\/\/www.victorarandagarcia.es\/wp-content\/uploads\/2011-05-15m-05.jpg 612w, https:\/\/www.victorarandagarcia.es\/wp-content\/uploads\/2011-05-15m-05-255x300.jpg 255w\" sizes=\"(max-width: 612px) 100vw, 612px\" \/><\/figure><\/li><li class=\"blocks-gallery-item\"><figure><img data-attachment-id=\"2594\" data-permalink=\"https:\/\/www.victorarandagarcia.es\/index.php\/arte\/reportaje-fotografico\/15m\/attachment\/2011-05-15m-01\/\" data-orig-file=\"https:\/\/www.victorarandagarcia.es\/wp-content\/uploads\/2011-05-15m-01.jpg\" data-orig-size=\"481,720\" data-comments-opened=\"0\" data-image-meta=\"{&quot;aperture&quot;:&quot;0&quot;,&quot;credit&quot;:&quot;&quot;,&quot;camera&quot;:&quot;&quot;,&quot;caption&quot;:&quot;&quot;,&quot;created_timestamp&quot;:&quot;0&quot;,&quot;copyright&quot;:&quot;&quot;,&quot;focal_length&quot;:&quot;0&quot;,&quot;iso&quot;:&quot;0&quot;,&quot;shutter_speed&quot;:&quot;0&quot;,&quot;title&quot;:&quot;&quot;,&quot;orientation&quot;:&quot;0&quot;}\" data-image-title=\"2011-05-15m-01\" data-image-description=\"&lt;p&gt;Asamblea 15M (Valencia 2011)&lt;\/p&gt;\n\" data-image-caption=\"\" data-medium-file=\"https:\/\/www.victorarandagarcia.es\/wp-content\/uploads\/2011-05-15m-01-200x300.jpg\" data-large-file=\"https:\/\/www.victorarandagarcia.es\/wp-content\/uploads\/2011-05-15m-01.jpg\" decoding=\"async\" loading=\"lazy\" width=\"481\" height=\"720\" src=\"https:\/\/www.victorarandagarcia.es\/wp-content\/uploads\/2011-05-15m-01.jpg\" alt=\"\" data-id=\"2594\" data-link=\"https:\/\/www.victorarandagarcia.es\/?attachment_id=2594\" class=\"wp-image-2594\" srcset=\"https:\/\/www.victorarandagarcia.es\/wp-content\/uploads\/2011-05-15m-01.jpg 481w, https:\/\/www.victorarandagarcia.es\/wp-content\/uploads\/2011-05-15m-01-200x300.jpg 200w\" sizes=\"(max-width: 481px) 100vw, 481px\" \/><\/figure><\/li><li class=\"blocks-gallery-item\"><figure><img data-attachment-id=\"2599\" data-permalink=\"https:\/\/www.victorarandagarcia.es\/index.php\/arte\/reportaje-fotografico\/15m\/attachment\/2011-05-15m-12\/\" data-orig-file=\"https:\/\/www.victorarandagarcia.es\/wp-content\/uploads\/2011-05-15m-12.jpg\" data-orig-size=\"720,543\" data-comments-opened=\"0\" data-image-meta=\"{&quot;aperture&quot;:&quot;0&quot;,&quot;credit&quot;:&quot;&quot;,&quot;camera&quot;:&quot;&quot;,&quot;caption&quot;:&quot;&quot;,&quot;created_timestamp&quot;:&quot;0&quot;,&quot;copyright&quot;:&quot;&quot;,&quot;focal_length&quot;:&quot;0&quot;,&quot;iso&quot;:&quot;0&quot;,&quot;shutter_speed&quot;:&quot;0&quot;,&quot;title&quot;:&quot;&quot;,&quot;orientation&quot;:&quot;0&quot;}\" data-image-title=\"2011-05-15m-12\" data-image-description=\"&lt;p&gt;Manifestaci\u00f3n 15M (Valencia 2011)&lt;\/p&gt;\n\" data-image-caption=\"\" data-medium-file=\"https:\/\/www.victorarandagarcia.es\/wp-content\/uploads\/2011-05-15m-12-300x226.jpg\" data-large-file=\"https:\/\/www.victorarandagarcia.es\/wp-content\/uploads\/2011-05-15m-12.jpg\" decoding=\"async\" loading=\"lazy\" width=\"720\" height=\"543\" src=\"https:\/\/www.victorarandagarcia.es\/wp-content\/uploads\/2011-05-15m-12.jpg\" alt=\"\" data-id=\"2599\" data-link=\"https:\/\/www.victorarandagarcia.es\/?attachment_id=2599\" class=\"wp-image-2599\" srcset=\"https:\/\/www.victorarandagarcia.es\/wp-content\/uploads\/2011-05-15m-12.jpg 720w, https:\/\/www.victorarandagarcia.es\/wp-content\/uploads\/2011-05-15m-12-300x226.jpg 300w\" sizes=\"(max-width: 720px) 100vw, 720px\" \/><\/figure><\/li><li class=\"blocks-gallery-item\"><figure><img data-attachment-id=\"2600\" data-permalink=\"https:\/\/www.victorarandagarcia.es\/index.php\/arte\/reportaje-fotografico\/15m\/attachment\/2011-manifestacion_15_mayo-valencia-2011\/\" data-orig-file=\"https:\/\/www.victorarandagarcia.es\/wp-content\/uploads\/2011-manifestacion_15_mayo-valencia-2011.jpg\" data-orig-size=\"720,481\" data-comments-opened=\"0\" data-image-meta=\"{&quot;aperture&quot;:&quot;0&quot;,&quot;credit&quot;:&quot;&quot;,&quot;camera&quot;:&quot;&quot;,&quot;caption&quot;:&quot;&quot;,&quot;created_timestamp&quot;:&quot;0&quot;,&quot;copyright&quot;:&quot;&quot;,&quot;focal_length&quot;:&quot;0&quot;,&quot;iso&quot;:&quot;0&quot;,&quot;shutter_speed&quot;:&quot;0&quot;,&quot;title&quot;:&quot;&quot;,&quot;orientation&quot;:&quot;0&quot;}\" data-image-title=\"2011-manifestacion_15_mayo-valencia-2011\" data-image-description=\"&lt;p&gt;Manifestaci\u00f3n 15 de mayo (Valencia 2011)&lt;\/p&gt;\n\" data-image-caption=\"\" data-medium-file=\"https:\/\/www.victorarandagarcia.es\/wp-content\/uploads\/2011-manifestacion_15_mayo-valencia-2011-300x200.jpg\" data-large-file=\"https:\/\/www.victorarandagarcia.es\/wp-content\/uploads\/2011-manifestacion_15_mayo-valencia-2011.jpg\" decoding=\"async\" loading=\"lazy\" width=\"720\" height=\"481\" src=\"https:\/\/www.victorarandagarcia.es\/wp-content\/uploads\/2011-manifestacion_15_mayo-valencia-2011.jpg\" alt=\"\" data-id=\"2600\" data-link=\"https:\/\/www.victorarandagarcia.es\/?attachment_id=2600\" class=\"wp-image-2600\" srcset=\"https:\/\/www.victorarandagarcia.es\/wp-content\/uploads\/2011-manifestacion_15_mayo-valencia-2011.jpg 720w, https:\/\/www.victorarandagarcia.es\/wp-content\/uploads\/2011-manifestacion_15_mayo-valencia-2011-300x200.jpg 300w\" sizes=\"(max-width: 720px) 100vw, 720px\" \/><\/figure><\/li><\/ul>\n\n\n\n<p> \u00bfQu\u00e9 ha cambiado desde aquellos d\u00edas? No  hay duda de que seguimos siendo poco m\u00e1s que una mercanc\u00eda en manos de pol\u00edticos mercenarios y banqueros sin escr\u00fapulos. Sin ir m\u00e1s lejos recientemente un banco como el  Santander -que dice tener miles de millones de euros de beneficio cada nuevo balance de cuentas- anunciaba un ERE por el que va a despedir a  m\u00e1s de 3.000 trabajadores. Se sigue desahuciando a familias, incluso  all\u00ed donde gobiernan los llamados \u00abayuntamientos del cambio\u00bb. Por  cierto, \u00bfhace cu\u00e1ntos a\u00f1os que no escuchan hablar de la Troika ni de la  injusta y antidemocr\u00e1tica actuaci\u00f3n del BCE, de la Comisi\u00f3n Europea o  del Fondo Monetario Internacional?<\/p>\n\n\n\n<ul class=\"wp-block-gallery columns-2 is-cropped wp-block-gallery-3 is-layout-flex wp-block-gallery-is-layout-flex\"><li class=\"blocks-gallery-item\"><figure><img data-attachment-id=\"2608\" data-permalink=\"https:\/\/www.victorarandagarcia.es\/index.php\/arte\/reportaje-fotografico\/15m\/attachment\/2011-05-15m-16\/\" data-orig-file=\"https:\/\/www.victorarandagarcia.es\/wp-content\/uploads\/2011-05-15m-16.jpg\" data-orig-size=\"720,481\" data-comments-opened=\"0\" data-image-meta=\"{&quot;aperture&quot;:&quot;0&quot;,&quot;credit&quot;:&quot;&quot;,&quot;camera&quot;:&quot;&quot;,&quot;caption&quot;:&quot;&quot;,&quot;created_timestamp&quot;:&quot;0&quot;,&quot;copyright&quot;:&quot;&quot;,&quot;focal_length&quot;:&quot;0&quot;,&quot;iso&quot;:&quot;0&quot;,&quot;shutter_speed&quot;:&quot;0&quot;,&quot;title&quot;:&quot;&quot;,&quot;orientation&quot;:&quot;0&quot;}\" data-image-title=\"2011-05-15m-16\" data-image-description=\"&lt;p&gt;Protesta 15M (Valencia 2011)&lt;\/p&gt;\n\" data-image-caption=\"\" data-medium-file=\"https:\/\/www.victorarandagarcia.es\/wp-content\/uploads\/2011-05-15m-16-300x200.jpg\" data-large-file=\"https:\/\/www.victorarandagarcia.es\/wp-content\/uploads\/2011-05-15m-16.jpg\" decoding=\"async\" loading=\"lazy\" width=\"720\" height=\"481\" src=\"https:\/\/www.victorarandagarcia.es\/wp-content\/uploads\/2011-05-15m-16.jpg\" alt=\"\" data-id=\"2608\" data-link=\"https:\/\/www.victorarandagarcia.es\/?attachment_id=2608\" class=\"wp-image-2608\" srcset=\"https:\/\/www.victorarandagarcia.es\/wp-content\/uploads\/2011-05-15m-16.jpg 720w, https:\/\/www.victorarandagarcia.es\/wp-content\/uploads\/2011-05-15m-16-300x200.jpg 300w\" sizes=\"(max-width: 720px) 100vw, 720px\" \/><\/figure><\/li><li class=\"blocks-gallery-item\"><figure><img data-attachment-id=\"2613\" data-permalink=\"https:\/\/www.victorarandagarcia.es\/index.php\/arte\/reportaje-fotografico\/15m\/attachment\/2011-06-19-manifestacion-15m-4\/\" data-orig-file=\"https:\/\/www.victorarandagarcia.es\/wp-content\/uploads\/2011-06-19-manifestacion-15m-4.jpg\" data-orig-size=\"720,481\" data-comments-opened=\"0\" data-image-meta=\"{&quot;aperture&quot;:&quot;0&quot;,&quot;credit&quot;:&quot;&quot;,&quot;camera&quot;:&quot;&quot;,&quot;caption&quot;:&quot;&quot;,&quot;created_timestamp&quot;:&quot;0&quot;,&quot;copyright&quot;:&quot;&quot;,&quot;focal_length&quot;:&quot;0&quot;,&quot;iso&quot;:&quot;0&quot;,&quot;shutter_speed&quot;:&quot;0&quot;,&quot;title&quot;:&quot;&quot;,&quot;orientation&quot;:&quot;0&quot;}\" data-image-title=\"2011-06-19-manifestacion-15m-4\" data-image-description=\"&lt;p&gt;Manifestaci\u00f3n del 19 de junio (Valencia 2011)&lt;\/p&gt;\n\" data-image-caption=\"\" data-medium-file=\"https:\/\/www.victorarandagarcia.es\/wp-content\/uploads\/2011-06-19-manifestacion-15m-4-300x200.jpg\" data-large-file=\"https:\/\/www.victorarandagarcia.es\/wp-content\/uploads\/2011-06-19-manifestacion-15m-4.jpg\" decoding=\"async\" loading=\"lazy\" width=\"720\" height=\"481\" src=\"https:\/\/www.victorarandagarcia.es\/wp-content\/uploads\/2011-06-19-manifestacion-15m-4.jpg\" alt=\"\" data-id=\"2613\" data-link=\"https:\/\/www.victorarandagarcia.es\/?attachment_id=2613\" class=\"wp-image-2613\" srcset=\"https:\/\/www.victorarandagarcia.es\/wp-content\/uploads\/2011-06-19-manifestacion-15m-4.jpg 720w, https:\/\/www.victorarandagarcia.es\/wp-content\/uploads\/2011-06-19-manifestacion-15m-4-300x200.jpg 300w\" sizes=\"(max-width: 720px) 100vw, 720px\" \/><\/figure><\/li><li class=\"blocks-gallery-item\"><figure><img data-attachment-id=\"2605\" data-permalink=\"https:\/\/www.victorarandagarcia.es\/index.php\/arte\/reportaje-fotografico\/15m\/attachment\/2011-10-15-manifestacion-15m-2\/\" data-orig-file=\"https:\/\/www.victorarandagarcia.es\/wp-content\/uploads\/2011-10-15-manifestacion-15m-2.jpg\" data-orig-size=\"481,720\" data-comments-opened=\"0\" data-image-meta=\"{&quot;aperture&quot;:&quot;0&quot;,&quot;credit&quot;:&quot;&quot;,&quot;camera&quot;:&quot;&quot;,&quot;caption&quot;:&quot;&quot;,&quot;created_timestamp&quot;:&quot;0&quot;,&quot;copyright&quot;:&quot;&quot;,&quot;focal_length&quot;:&quot;0&quot;,&quot;iso&quot;:&quot;0&quot;,&quot;shutter_speed&quot;:&quot;0&quot;,&quot;title&quot;:&quot;&quot;,&quot;orientation&quot;:&quot;0&quot;}\" data-image-title=\"2011-10-15-manifestacion-15m-2\" data-image-description=\"&lt;p&gt;Manifestaci\u00f3n 15 octubre (Valencia 2011)&lt;\/p&gt;\n\" data-image-caption=\"\" data-medium-file=\"https:\/\/www.victorarandagarcia.es\/wp-content\/uploads\/2011-10-15-manifestacion-15m-2-200x300.jpg\" data-large-file=\"https:\/\/www.victorarandagarcia.es\/wp-content\/uploads\/2011-10-15-manifestacion-15m-2.jpg\" decoding=\"async\" loading=\"lazy\" width=\"481\" height=\"720\" src=\"https:\/\/www.victorarandagarcia.es\/wp-content\/uploads\/2011-10-15-manifestacion-15m-2.jpg\" alt=\"\" data-id=\"2605\" data-link=\"https:\/\/www.victorarandagarcia.es\/?attachment_id=2605\" class=\"wp-image-2605\" srcset=\"https:\/\/www.victorarandagarcia.es\/wp-content\/uploads\/2011-10-15-manifestacion-15m-2.jpg 481w, https:\/\/www.victorarandagarcia.es\/wp-content\/uploads\/2011-10-15-manifestacion-15m-2-200x300.jpg 200w\" sizes=\"(max-width: 481px) 100vw, 481px\" \/><\/figure><\/li><li class=\"blocks-gallery-item\"><figure><img data-attachment-id=\"2606\" data-permalink=\"https:\/\/www.victorarandagarcia.es\/index.php\/arte\/reportaje-fotografico\/15m\/attachment\/2011-06-19-manifestacion-15m-7\/\" data-orig-file=\"https:\/\/www.victorarandagarcia.es\/wp-content\/uploads\/2011-06-19-manifestacion-15m-7.jpg\" data-orig-size=\"481,720\" data-comments-opened=\"0\" data-image-meta=\"{&quot;aperture&quot;:&quot;0&quot;,&quot;credit&quot;:&quot;&quot;,&quot;camera&quot;:&quot;&quot;,&quot;caption&quot;:&quot;&quot;,&quot;created_timestamp&quot;:&quot;0&quot;,&quot;copyright&quot;:&quot;&quot;,&quot;focal_length&quot;:&quot;0&quot;,&quot;iso&quot;:&quot;0&quot;,&quot;shutter_speed&quot;:&quot;0&quot;,&quot;title&quot;:&quot;&quot;,&quot;orientation&quot;:&quot;0&quot;}\" data-image-title=\"2011-06-19-manifestacion-15m-7\" data-image-description=\"&lt;p&gt;Manifestaci\u00f3n del 19 de junio (Valencia 2011)&lt;\/p&gt;\n\" data-image-caption=\"\" data-medium-file=\"https:\/\/www.victorarandagarcia.es\/wp-content\/uploads\/2011-06-19-manifestacion-15m-7-200x300.jpg\" data-large-file=\"https:\/\/www.victorarandagarcia.es\/wp-content\/uploads\/2011-06-19-manifestacion-15m-7.jpg\" decoding=\"async\" loading=\"lazy\" width=\"481\" height=\"720\" src=\"https:\/\/www.victorarandagarcia.es\/wp-content\/uploads\/2011-06-19-manifestacion-15m-7.jpg\" alt=\"\" data-id=\"2606\" data-link=\"https:\/\/www.victorarandagarcia.es\/?attachment_id=2606\" class=\"wp-image-2606\" srcset=\"https:\/\/www.victorarandagarcia.es\/wp-content\/uploads\/2011-06-19-manifestacion-15m-7.jpg 481w, https:\/\/www.victorarandagarcia.es\/wp-content\/uploads\/2011-06-19-manifestacion-15m-7-200x300.jpg 200w\" sizes=\"(max-width: 481px) 100vw, 481px\" \/><\/figure><\/li><li class=\"blocks-gallery-item\"><figure><img data-attachment-id=\"2609\" data-permalink=\"https:\/\/www.victorarandagarcia.es\/index.php\/arte\/reportaje-fotografico\/15m\/attachment\/2011-10-15-manifestacion-15m-1\/\" data-orig-file=\"https:\/\/www.victorarandagarcia.es\/wp-content\/uploads\/2011-10-15-manifestacion-15m-1.jpg\" data-orig-size=\"481,720\" data-comments-opened=\"0\" data-image-meta=\"{&quot;aperture&quot;:&quot;0&quot;,&quot;credit&quot;:&quot;&quot;,&quot;camera&quot;:&quot;&quot;,&quot;caption&quot;:&quot;&quot;,&quot;created_timestamp&quot;:&quot;0&quot;,&quot;copyright&quot;:&quot;&quot;,&quot;focal_length&quot;:&quot;0&quot;,&quot;iso&quot;:&quot;0&quot;,&quot;shutter_speed&quot;:&quot;0&quot;,&quot;title&quot;:&quot;&quot;,&quot;orientation&quot;:&quot;0&quot;}\" data-image-title=\"2011-10-15-manifestacion-15m-1\" data-image-description=\"&lt;p&gt;Manifestaci\u00f3n 15 octubre (Valencia 2011)&lt;\/p&gt;\n\" data-image-caption=\"\" data-medium-file=\"https:\/\/www.victorarandagarcia.es\/wp-content\/uploads\/2011-10-15-manifestacion-15m-1-200x300.jpg\" data-large-file=\"https:\/\/www.victorarandagarcia.es\/wp-content\/uploads\/2011-10-15-manifestacion-15m-1.jpg\" decoding=\"async\" loading=\"lazy\" width=\"481\" height=\"720\" src=\"https:\/\/www.victorarandagarcia.es\/wp-content\/uploads\/2011-10-15-manifestacion-15m-1.jpg\" alt=\"\" data-id=\"2609\" data-link=\"https:\/\/www.victorarandagarcia.es\/?attachment_id=2609\" class=\"wp-image-2609\" srcset=\"https:\/\/www.victorarandagarcia.es\/wp-content\/uploads\/2011-10-15-manifestacion-15m-1.jpg 481w, https:\/\/www.victorarandagarcia.es\/wp-content\/uploads\/2011-10-15-manifestacion-15m-1-200x300.jpg 200w\" sizes=\"(max-width: 481px) 100vw, 481px\" \/><\/figure><\/li><li class=\"blocks-gallery-item\"><figure><img data-attachment-id=\"2607\" data-permalink=\"https:\/\/www.victorarandagarcia.es\/index.php\/arte\/reportaje-fotografico\/15m\/attachment\/2011-09-25-derecho-a-techo-3\/\" data-orig-file=\"https:\/\/www.victorarandagarcia.es\/wp-content\/uploads\/2011-09-25-derecho-a-techo-3.jpg\" data-orig-size=\"481,720\" data-comments-opened=\"0\" data-image-meta=\"{&quot;aperture&quot;:&quot;0&quot;,&quot;credit&quot;:&quot;&quot;,&quot;camera&quot;:&quot;&quot;,&quot;caption&quot;:&quot;&quot;,&quot;created_timestamp&quot;:&quot;0&quot;,&quot;copyright&quot;:&quot;&quot;,&quot;focal_length&quot;:&quot;0&quot;,&quot;iso&quot;:&quot;0&quot;,&quot;shutter_speed&quot;:&quot;0&quot;,&quot;title&quot;:&quot;&quot;,&quot;orientation&quot;:&quot;0&quot;}\" data-image-title=\"2011-09-25-derecho-a-techo-3\" data-image-description=\"&lt;p&gt;Manifestaci\u00f3n por el Derecho a Techo 25S (Valencia 2011)&lt;\/p&gt;\n\" data-image-caption=\"\" data-medium-file=\"https:\/\/www.victorarandagarcia.es\/wp-content\/uploads\/2011-09-25-derecho-a-techo-3-200x300.jpg\" data-large-file=\"https:\/\/www.victorarandagarcia.es\/wp-content\/uploads\/2011-09-25-derecho-a-techo-3.jpg\" decoding=\"async\" loading=\"lazy\" width=\"481\" height=\"720\" src=\"https:\/\/www.victorarandagarcia.es\/wp-content\/uploads\/2011-09-25-derecho-a-techo-3.jpg\" alt=\"\" data-id=\"2607\" data-link=\"https:\/\/www.victorarandagarcia.es\/?attachment_id=2607\" class=\"wp-image-2607\" srcset=\"https:\/\/www.victorarandagarcia.es\/wp-content\/uploads\/2011-09-25-derecho-a-techo-3.jpg 481w, https:\/\/www.victorarandagarcia.es\/wp-content\/uploads\/2011-09-25-derecho-a-techo-3-200x300.jpg 200w\" sizes=\"(max-width: 481px) 100vw, 481px\" \/><\/figure><\/li><li class=\"blocks-gallery-item\"><figure><img data-attachment-id=\"2602\" data-permalink=\"https:\/\/www.victorarandagarcia.es\/index.php\/arte\/reportaje-fotografico\/15m\/attachment\/2011-06-19-manifestacion-15m-5\/\" data-orig-file=\"https:\/\/www.victorarandagarcia.es\/wp-content\/uploads\/2011-06-19-manifestacion-15m-5.jpg\" data-orig-size=\"481,720\" data-comments-opened=\"0\" data-image-meta=\"{&quot;aperture&quot;:&quot;0&quot;,&quot;credit&quot;:&quot;&quot;,&quot;camera&quot;:&quot;&quot;,&quot;caption&quot;:&quot;&quot;,&quot;created_timestamp&quot;:&quot;0&quot;,&quot;copyright&quot;:&quot;&quot;,&quot;focal_length&quot;:&quot;0&quot;,&quot;iso&quot;:&quot;0&quot;,&quot;shutter_speed&quot;:&quot;0&quot;,&quot;title&quot;:&quot;&quot;,&quot;orientation&quot;:&quot;0&quot;}\" data-image-title=\"2011-06-19-manifestacion-15m-5\" data-image-description=\"&lt;p&gt;Manifestaci\u00f3n del 19 de junio (Valencia 2011)&lt;\/p&gt;\n\" data-image-caption=\"\" data-medium-file=\"https:\/\/www.victorarandagarcia.es\/wp-content\/uploads\/2011-06-19-manifestacion-15m-5-200x300.jpg\" data-large-file=\"https:\/\/www.victorarandagarcia.es\/wp-content\/uploads\/2011-06-19-manifestacion-15m-5.jpg\" decoding=\"async\" loading=\"lazy\" width=\"481\" height=\"720\" src=\"https:\/\/www.victorarandagarcia.es\/wp-content\/uploads\/2011-06-19-manifestacion-15m-5.jpg\" alt=\"\" data-id=\"2602\" data-link=\"https:\/\/www.victorarandagarcia.es\/?attachment_id=2602\" class=\"wp-image-2602\" srcset=\"https:\/\/www.victorarandagarcia.es\/wp-content\/uploads\/2011-06-19-manifestacion-15m-5.jpg 481w, https:\/\/www.victorarandagarcia.es\/wp-content\/uploads\/2011-06-19-manifestacion-15m-5-200x300.jpg 200w\" sizes=\"(max-width: 481px) 100vw, 481px\" \/><\/figure><\/li><li class=\"blocks-gallery-item\"><figure><img data-attachment-id=\"2604\" data-permalink=\"https:\/\/www.victorarandagarcia.es\/index.php\/arte\/reportaje-fotografico\/15m\/attachment\/2011-09-25-derecho-a-techo-4\/\" data-orig-file=\"https:\/\/www.victorarandagarcia.es\/wp-content\/uploads\/2011-09-25-derecho-a-techo-4.jpg\" data-orig-size=\"481,720\" data-comments-opened=\"0\" data-image-meta=\"{&quot;aperture&quot;:&quot;0&quot;,&quot;credit&quot;:&quot;&quot;,&quot;camera&quot;:&quot;&quot;,&quot;caption&quot;:&quot;&quot;,&quot;created_timestamp&quot;:&quot;0&quot;,&quot;copyright&quot;:&quot;&quot;,&quot;focal_length&quot;:&quot;0&quot;,&quot;iso&quot;:&quot;0&quot;,&quot;shutter_speed&quot;:&quot;0&quot;,&quot;title&quot;:&quot;&quot;,&quot;orientation&quot;:&quot;0&quot;}\" data-image-title=\"2011-09-25-derecho-a-techo-4\" data-image-description=\"&lt;p&gt;Manifestaci\u00f3n por el Derecho a Techo 25S (Valencia 2011)&lt;\/p&gt;\n\" data-image-caption=\"\" data-medium-file=\"https:\/\/www.victorarandagarcia.es\/wp-content\/uploads\/2011-09-25-derecho-a-techo-4-200x300.jpg\" data-large-file=\"https:\/\/www.victorarandagarcia.es\/wp-content\/uploads\/2011-09-25-derecho-a-techo-4.jpg\" decoding=\"async\" loading=\"lazy\" width=\"481\" height=\"720\" src=\"https:\/\/www.victorarandagarcia.es\/wp-content\/uploads\/2011-09-25-derecho-a-techo-4.jpg\" alt=\"\" data-id=\"2604\" data-link=\"https:\/\/www.victorarandagarcia.es\/?attachment_id=2604\" class=\"wp-image-2604\" srcset=\"https:\/\/www.victorarandagarcia.es\/wp-content\/uploads\/2011-09-25-derecho-a-techo-4.jpg 481w, https:\/\/www.victorarandagarcia.es\/wp-content\/uploads\/2011-09-25-derecho-a-techo-4-200x300.jpg 200w\" sizes=\"(max-width: 481px) 100vw, 481px\" \/><\/figure><\/li><li class=\"blocks-gallery-item\"><figure><img data-attachment-id=\"2610\" data-permalink=\"https:\/\/www.victorarandagarcia.es\/index.php\/arte\/reportaje-fotografico\/15m\/attachment\/2011-09-25-derecho-a-techo-2\/\" data-orig-file=\"https:\/\/www.victorarandagarcia.es\/wp-content\/uploads\/2011-09-25-derecho-a-techo-2.jpg\" data-orig-size=\"481,720\" data-comments-opened=\"0\" data-image-meta=\"{&quot;aperture&quot;:&quot;0&quot;,&quot;credit&quot;:&quot;&quot;,&quot;camera&quot;:&quot;&quot;,&quot;caption&quot;:&quot;&quot;,&quot;created_timestamp&quot;:&quot;0&quot;,&quot;copyright&quot;:&quot;&quot;,&quot;focal_length&quot;:&quot;0&quot;,&quot;iso&quot;:&quot;0&quot;,&quot;shutter_speed&quot;:&quot;0&quot;,&quot;title&quot;:&quot;&quot;,&quot;orientation&quot;:&quot;0&quot;}\" data-image-title=\"2011-09-25-derecho-a-techo-2\" data-image-description=\"&lt;p&gt;Manifestaci\u00f3n por el Derecho a Techo 25S (Valencia 2011)&lt;\/p&gt;\n\" data-image-caption=\"\" data-medium-file=\"https:\/\/www.victorarandagarcia.es\/wp-content\/uploads\/2011-09-25-derecho-a-techo-2-200x300.jpg\" data-large-file=\"https:\/\/www.victorarandagarcia.es\/wp-content\/uploads\/2011-09-25-derecho-a-techo-2.jpg\" decoding=\"async\" loading=\"lazy\" width=\"481\" height=\"720\" src=\"https:\/\/www.victorarandagarcia.es\/wp-content\/uploads\/2011-09-25-derecho-a-techo-2.jpg\" alt=\"\" data-id=\"2610\" data-link=\"https:\/\/www.victorarandagarcia.es\/?attachment_id=2610\" class=\"wp-image-2610\" srcset=\"https:\/\/www.victorarandagarcia.es\/wp-content\/uploads\/2011-09-25-derecho-a-techo-2.jpg 481w, https:\/\/www.victorarandagarcia.es\/wp-content\/uploads\/2011-09-25-derecho-a-techo-2-200x300.jpg 200w\" sizes=\"(max-width: 481px) 100vw, 481px\" \/><\/figure><\/li><li class=\"blocks-gallery-item\"><figure><img data-attachment-id=\"2611\" data-permalink=\"https:\/\/www.victorarandagarcia.es\/index.php\/arte\/reportaje-fotografico\/15m\/attachment\/2011-05-15m-15\/\" data-orig-file=\"https:\/\/www.victorarandagarcia.es\/wp-content\/uploads\/2011-05-15m-15.jpg\" data-orig-size=\"485,720\" data-comments-opened=\"0\" data-image-meta=\"{&quot;aperture&quot;:&quot;0&quot;,&quot;credit&quot;:&quot;&quot;,&quot;camera&quot;:&quot;&quot;,&quot;caption&quot;:&quot;&quot;,&quot;created_timestamp&quot;:&quot;0&quot;,&quot;copyright&quot;:&quot;&quot;,&quot;focal_length&quot;:&quot;0&quot;,&quot;iso&quot;:&quot;0&quot;,&quot;shutter_speed&quot;:&quot;0&quot;,&quot;title&quot;:&quot;&quot;,&quot;orientation&quot;:&quot;0&quot;}\" data-image-title=\"2011-05-15m-15\" data-image-description=\"&lt;p&gt;Protesta 15M (Valencia 2011)&lt;\/p&gt;\n\" data-image-caption=\"\" data-medium-file=\"https:\/\/www.victorarandagarcia.es\/wp-content\/uploads\/2011-05-15m-15-202x300.jpg\" data-large-file=\"https:\/\/www.victorarandagarcia.es\/wp-content\/uploads\/2011-05-15m-15.jpg\" decoding=\"async\" loading=\"lazy\" width=\"485\" height=\"720\" src=\"https:\/\/www.victorarandagarcia.es\/wp-content\/uploads\/2011-05-15m-15.jpg\" alt=\"\" data-id=\"2611\" data-link=\"https:\/\/www.victorarandagarcia.es\/?attachment_id=2611\" class=\"wp-image-2611\" srcset=\"https:\/\/www.victorarandagarcia.es\/wp-content\/uploads\/2011-05-15m-15.jpg 485w, https:\/\/www.victorarandagarcia.es\/wp-content\/uploads\/2011-05-15m-15-202x300.jpg 202w\" sizes=\"(max-width: 485px) 100vw, 485px\" \/><\/figure><\/li><li class=\"blocks-gallery-item\"><figure><img data-attachment-id=\"2612\" data-permalink=\"https:\/\/www.victorarandagarcia.es\/index.php\/arte\/reportaje-fotografico\/15m\/attachment\/2011-05-15m-17\/\" data-orig-file=\"https:\/\/www.victorarandagarcia.es\/wp-content\/uploads\/2011-05-15m-17.jpg\" data-orig-size=\"481,720\" data-comments-opened=\"0\" data-image-meta=\"{&quot;aperture&quot;:&quot;0&quot;,&quot;credit&quot;:&quot;&quot;,&quot;camera&quot;:&quot;&quot;,&quot;caption&quot;:&quot;&quot;,&quot;created_timestamp&quot;:&quot;0&quot;,&quot;copyright&quot;:&quot;&quot;,&quot;focal_length&quot;:&quot;0&quot;,&quot;iso&quot;:&quot;0&quot;,&quot;shutter_speed&quot;:&quot;0&quot;,&quot;title&quot;:&quot;&quot;,&quot;orientation&quot;:&quot;0&quot;}\" data-image-title=\"2011-05-15m-17\" data-image-description=\"&lt;p&gt;Protesta 15M (Valencia 2011)&lt;\/p&gt;\n\" data-image-caption=\"\" data-medium-file=\"https:\/\/www.victorarandagarcia.es\/wp-content\/uploads\/2011-05-15m-17-200x300.jpg\" data-large-file=\"https:\/\/www.victorarandagarcia.es\/wp-content\/uploads\/2011-05-15m-17.jpg\" decoding=\"async\" loading=\"lazy\" width=\"481\" height=\"720\" src=\"https:\/\/www.victorarandagarcia.es\/wp-content\/uploads\/2011-05-15m-17.jpg\" alt=\"\" data-id=\"2612\" data-link=\"https:\/\/www.victorarandagarcia.es\/?attachment_id=2612\" class=\"wp-image-2612\" srcset=\"https:\/\/www.victorarandagarcia.es\/wp-content\/uploads\/2011-05-15m-17.jpg 481w, https:\/\/www.victorarandagarcia.es\/wp-content\/uploads\/2011-05-15m-17-200x300.jpg 200w\" sizes=\"(max-width: 481px) 100vw, 481px\" \/><\/figure><\/li><li class=\"blocks-gallery-item\"><figure><img data-attachment-id=\"2603\" data-permalink=\"https:\/\/www.victorarandagarcia.es\/index.php\/arte\/reportaje-fotografico\/15m\/attachment\/2011-06-19-manifestacion-15m-8\/\" data-orig-file=\"https:\/\/www.victorarandagarcia.es\/wp-content\/uploads\/2011-06-19-manifestacion-15m-8.jpg\" data-orig-size=\"481,720\" data-comments-opened=\"0\" data-image-meta=\"{&quot;aperture&quot;:&quot;0&quot;,&quot;credit&quot;:&quot;&quot;,&quot;camera&quot;:&quot;&quot;,&quot;caption&quot;:&quot;&quot;,&quot;created_timestamp&quot;:&quot;0&quot;,&quot;copyright&quot;:&quot;&quot;,&quot;focal_length&quot;:&quot;0&quot;,&quot;iso&quot;:&quot;0&quot;,&quot;shutter_speed&quot;:&quot;0&quot;,&quot;title&quot;:&quot;&quot;,&quot;orientation&quot;:&quot;0&quot;}\" data-image-title=\"2011-06-19-manifestacion-15m-8\" data-image-description=\"&lt;p&gt;Manifestaci\u00f3n del 19 de junio (Valencia 2011)&lt;\/p&gt;\n\" data-image-caption=\"\" data-medium-file=\"https:\/\/www.victorarandagarcia.es\/wp-content\/uploads\/2011-06-19-manifestacion-15m-8-200x300.jpg\" data-large-file=\"https:\/\/www.victorarandagarcia.es\/wp-content\/uploads\/2011-06-19-manifestacion-15m-8.jpg\" decoding=\"async\" loading=\"lazy\" width=\"481\" height=\"720\" src=\"https:\/\/www.victorarandagarcia.es\/wp-content\/uploads\/2011-06-19-manifestacion-15m-8.jpg\" alt=\"\" data-id=\"2603\" data-link=\"https:\/\/www.victorarandagarcia.es\/?attachment_id=2603\" class=\"wp-image-2603\" srcset=\"https:\/\/www.victorarandagarcia.es\/wp-content\/uploads\/2011-06-19-manifestacion-15m-8.jpg 481w, https:\/\/www.victorarandagarcia.es\/wp-content\/uploads\/2011-06-19-manifestacion-15m-8-200x300.jpg 200w\" sizes=\"(max-width: 481px) 100vw, 481px\" \/><\/figure><\/li><li class=\"blocks-gallery-item\"><figure><img data-attachment-id=\"2614\" data-permalink=\"https:\/\/www.victorarandagarcia.es\/index.php\/arte\/reportaje-fotografico\/15m\/attachment\/2011-10-15-manifestacion-15m-3\/\" data-orig-file=\"https:\/\/www.victorarandagarcia.es\/wp-content\/uploads\/2011-10-15-manifestacion-15m-3.jpg\" data-orig-size=\"481,720\" data-comments-opened=\"0\" data-image-meta=\"{&quot;aperture&quot;:&quot;0&quot;,&quot;credit&quot;:&quot;&quot;,&quot;camera&quot;:&quot;&quot;,&quot;caption&quot;:&quot;&quot;,&quot;created_timestamp&quot;:&quot;0&quot;,&quot;copyright&quot;:&quot;&quot;,&quot;focal_length&quot;:&quot;0&quot;,&quot;iso&quot;:&quot;0&quot;,&quot;shutter_speed&quot;:&quot;0&quot;,&quot;title&quot;:&quot;&quot;,&quot;orientation&quot;:&quot;0&quot;}\" data-image-title=\"2011-10-15-manifestacion-15m-3\" data-image-description=\"&lt;p&gt;Manifestaci\u00f3n 15 octubre (Valencia 2011)&lt;\/p&gt;\n\" data-image-caption=\"\" data-medium-file=\"https:\/\/www.victorarandagarcia.es\/wp-content\/uploads\/2011-10-15-manifestacion-15m-3-200x300.jpg\" data-large-file=\"https:\/\/www.victorarandagarcia.es\/wp-content\/uploads\/2011-10-15-manifestacion-15m-3.jpg\" decoding=\"async\" loading=\"lazy\" width=\"481\" height=\"720\" src=\"https:\/\/www.victorarandagarcia.es\/wp-content\/uploads\/2011-10-15-manifestacion-15m-3.jpg\" alt=\"\" data-id=\"2614\" data-link=\"https:\/\/www.victorarandagarcia.es\/?attachment_id=2614\" class=\"wp-image-2614\" srcset=\"https:\/\/www.victorarandagarcia.es\/wp-content\/uploads\/2011-10-15-manifestacion-15m-3.jpg 481w, https:\/\/www.victorarandagarcia.es\/wp-content\/uploads\/2011-10-15-manifestacion-15m-3-200x300.jpg 200w\" sizes=\"(max-width: 481px) 100vw, 481px\" \/><\/figure><\/li><li class=\"blocks-gallery-item\"><figure><img data-attachment-id=\"2601\" data-permalink=\"https:\/\/www.victorarandagarcia.es\/index.php\/arte\/reportaje-fotografico\/15m\/attachment\/2011-05-15m-19\/\" data-orig-file=\"https:\/\/www.victorarandagarcia.es\/wp-content\/uploads\/2011-05-15m-19.jpg\" data-orig-size=\"720,481\" data-comments-opened=\"0\" data-image-meta=\"{&quot;aperture&quot;:&quot;0&quot;,&quot;credit&quot;:&quot;&quot;,&quot;camera&quot;:&quot;&quot;,&quot;caption&quot;:&quot;&quot;,&quot;created_timestamp&quot;:&quot;0&quot;,&quot;copyright&quot;:&quot;&quot;,&quot;focal_length&quot;:&quot;0&quot;,&quot;iso&quot;:&quot;0&quot;,&quot;shutter_speed&quot;:&quot;0&quot;,&quot;title&quot;:&quot;&quot;,&quot;orientation&quot;:&quot;0&quot;}\" data-image-title=\"2011-05-15m-19\" data-image-description=\"&lt;p&gt;Protesta 15M (Valencia 2011)&lt;\/p&gt;\n\" data-image-caption=\"\" data-medium-file=\"https:\/\/www.victorarandagarcia.es\/wp-content\/uploads\/2011-05-15m-19-300x200.jpg\" data-large-file=\"https:\/\/www.victorarandagarcia.es\/wp-content\/uploads\/2011-05-15m-19.jpg\" decoding=\"async\" loading=\"lazy\" width=\"720\" height=\"481\" src=\"https:\/\/www.victorarandagarcia.es\/wp-content\/uploads\/2011-05-15m-19.jpg\" alt=\"\" data-id=\"2601\" data-link=\"https:\/\/www.victorarandagarcia.es\/?attachment_id=2601\" class=\"wp-image-2601\" srcset=\"https:\/\/www.victorarandagarcia.es\/wp-content\/uploads\/2011-05-15m-19.jpg 720w, https:\/\/www.victorarandagarcia.es\/wp-content\/uploads\/2011-05-15m-19-300x200.jpg 300w\" sizes=\"(max-width: 720px) 100vw, 720px\" \/><\/figure><\/li><\/ul>\n\n\n\n<p> En cuanto a la \u00ablucha contra  el cambio clim\u00e1tico\u00bb o el \u00abfreno a la destrucci\u00f3n de la naturaleza\u00bb, las  medidas que se han adoptado desde entonces son, en general, puramente  cosm\u00e9ticas y -a la luz de los hechos-, claramente insuficientes. Los  efectos del cambio clim\u00e1tico se van sintiendo y acelerando en diversas  partes del globo. Mientras, la deforestaci\u00f3n contin\u00faa a un ritmo  sobrecogedor, m\u00e1s o menos el tama\u00f1o de B\u00e9lgica de bosques primarios  destru\u00eddos para siempre cada a\u00f1o, y la p\u00e9rdida de especies animales en  cantidad y calidad avanza sin freno en paralelo e inevitablemente a esa  destrucci\u00f3n de los habitats naturales.<\/p>\n\n\n\n<ul class=\"wp-block-gallery columns-2 is-cropped wp-block-gallery-5 is-layout-flex wp-block-gallery-is-layout-flex\"><li class=\"blocks-gallery-item\"><figure><img data-attachment-id=\"2636\" data-permalink=\"https:\/\/www.victorarandagarcia.es\/index.php\/arte\/reportaje-fotografico\/15m\/attachment\/2012-05-12-aniversario-15m-02\/\" data-orig-file=\"https:\/\/www.victorarandagarcia.es\/wp-content\/uploads\/2012-05-12-aniversario-15m-02.jpg\" data-orig-size=\"481,720\" data-comments-opened=\"0\" data-image-meta=\"{&quot;aperture&quot;:&quot;0&quot;,&quot;credit&quot;:&quot;&quot;,&quot;camera&quot;:&quot;&quot;,&quot;caption&quot;:&quot;&quot;,&quot;created_timestamp&quot;:&quot;0&quot;,&quot;copyright&quot;:&quot;&quot;,&quot;focal_length&quot;:&quot;0&quot;,&quot;iso&quot;:&quot;0&quot;,&quot;shutter_speed&quot;:&quot;0&quot;,&quot;title&quot;:&quot;&quot;,&quot;orientation&quot;:&quot;0&quot;}\" data-image-title=\"2012-05-12-aniversario-15m-02\" data-image-description=\"&lt;p&gt;Manifestaci\u00f3n primer aniversario 15M (Valencia 2012)&lt;\/p&gt;\n\" data-image-caption=\"\" data-medium-file=\"https:\/\/www.victorarandagarcia.es\/wp-content\/uploads\/2012-05-12-aniversario-15m-02-200x300.jpg\" data-large-file=\"https:\/\/www.victorarandagarcia.es\/wp-content\/uploads\/2012-05-12-aniversario-15m-02.jpg\" decoding=\"async\" loading=\"lazy\" width=\"481\" height=\"720\" src=\"https:\/\/www.victorarandagarcia.es\/wp-content\/uploads\/2012-05-12-aniversario-15m-02.jpg\" alt=\"\" data-id=\"2636\" data-link=\"https:\/\/www.victorarandagarcia.es\/index.php\/arte\/reportaje-arte\/15m\/attachment\/2012-05-12-aniversario-15m-02\/\" class=\"wp-image-2636\" srcset=\"https:\/\/www.victorarandagarcia.es\/wp-content\/uploads\/2012-05-12-aniversario-15m-02.jpg 481w, https:\/\/www.victorarandagarcia.es\/wp-content\/uploads\/2012-05-12-aniversario-15m-02-200x300.jpg 200w\" sizes=\"(max-width: 481px) 100vw, 481px\" \/><\/figure><\/li><li class=\"blocks-gallery-item\"><figure><img data-attachment-id=\"2634\" data-permalink=\"https:\/\/www.victorarandagarcia.es\/index.php\/arte\/reportaje-fotografico\/15m\/attachment\/2012-05-12-aniversario-15m-13\/\" data-orig-file=\"https:\/\/www.victorarandagarcia.es\/wp-content\/uploads\/2012-05-12-aniversario-15m-13.jpg\" data-orig-size=\"481,720\" data-comments-opened=\"0\" data-image-meta=\"{&quot;aperture&quot;:&quot;0&quot;,&quot;credit&quot;:&quot;&quot;,&quot;camera&quot;:&quot;&quot;,&quot;caption&quot;:&quot;&quot;,&quot;created_timestamp&quot;:&quot;0&quot;,&quot;copyright&quot;:&quot;&quot;,&quot;focal_length&quot;:&quot;0&quot;,&quot;iso&quot;:&quot;0&quot;,&quot;shutter_speed&quot;:&quot;0&quot;,&quot;title&quot;:&quot;&quot;,&quot;orientation&quot;:&quot;0&quot;}\" data-image-title=\"2012-05-12-aniversario-15m-13\" data-image-description=\"&lt;p&gt;Manifestaci\u00f3n primer aniversario 15M (Valencia 2012)&lt;\/p&gt;\n\" data-image-caption=\"\" data-medium-file=\"https:\/\/www.victorarandagarcia.es\/wp-content\/uploads\/2012-05-12-aniversario-15m-13-200x300.jpg\" data-large-file=\"https:\/\/www.victorarandagarcia.es\/wp-content\/uploads\/2012-05-12-aniversario-15m-13.jpg\" decoding=\"async\" loading=\"lazy\" width=\"481\" height=\"720\" src=\"https:\/\/www.victorarandagarcia.es\/wp-content\/uploads\/2012-05-12-aniversario-15m-13.jpg\" alt=\"\" data-id=\"2634\" data-link=\"https:\/\/www.victorarandagarcia.es\/index.php\/arte\/reportaje-arte\/15m\/attachment\/2012-05-12-aniversario-15m-13\/\" class=\"wp-image-2634\" srcset=\"https:\/\/www.victorarandagarcia.es\/wp-content\/uploads\/2012-05-12-aniversario-15m-13.jpg 481w, https:\/\/www.victorarandagarcia.es\/wp-content\/uploads\/2012-05-12-aniversario-15m-13-200x300.jpg 200w\" sizes=\"(max-width: 481px) 100vw, 481px\" \/><\/figure><\/li><li class=\"blocks-gallery-item\"><figure><img data-attachment-id=\"2633\" data-permalink=\"https:\/\/www.victorarandagarcia.es\/index.php\/arte\/reportaje-fotografico\/15m\/attachment\/2012-05-12-aniversario-15m-01\/\" data-orig-file=\"https:\/\/www.victorarandagarcia.es\/wp-content\/uploads\/2012-05-12-aniversario-15m-01.jpg\" data-orig-size=\"720,481\" data-comments-opened=\"0\" data-image-meta=\"{&quot;aperture&quot;:&quot;0&quot;,&quot;credit&quot;:&quot;&quot;,&quot;camera&quot;:&quot;&quot;,&quot;caption&quot;:&quot;&quot;,&quot;created_timestamp&quot;:&quot;0&quot;,&quot;copyright&quot;:&quot;&quot;,&quot;focal_length&quot;:&quot;0&quot;,&quot;iso&quot;:&quot;0&quot;,&quot;shutter_speed&quot;:&quot;0&quot;,&quot;title&quot;:&quot;&quot;,&quot;orientation&quot;:&quot;0&quot;}\" data-image-title=\"2012-05-12-aniversario-15m-01\" data-image-description=\"&lt;p&gt;Manifestaci\u00f3n primer aniversario 15M (Valencia 2012)&lt;\/p&gt;\n\" data-image-caption=\"\" data-medium-file=\"https:\/\/www.victorarandagarcia.es\/wp-content\/uploads\/2012-05-12-aniversario-15m-01-300x200.jpg\" data-large-file=\"https:\/\/www.victorarandagarcia.es\/wp-content\/uploads\/2012-05-12-aniversario-15m-01.jpg\" decoding=\"async\" loading=\"lazy\" width=\"720\" height=\"481\" src=\"https:\/\/www.victorarandagarcia.es\/wp-content\/uploads\/2012-05-12-aniversario-15m-01.jpg\" alt=\"\" data-id=\"2633\" data-link=\"https:\/\/www.victorarandagarcia.es\/index.php\/arte\/reportaje-arte\/15m\/attachment\/2012-05-12-aniversario-15m-01\/\" class=\"wp-image-2633\" srcset=\"https:\/\/www.victorarandagarcia.es\/wp-content\/uploads\/2012-05-12-aniversario-15m-01.jpg 720w, https:\/\/www.victorarandagarcia.es\/wp-content\/uploads\/2012-05-12-aniversario-15m-01-300x200.jpg 300w\" sizes=\"(max-width: 720px) 100vw, 720px\" \/><\/figure><\/li><li class=\"blocks-gallery-item\"><figure><img data-attachment-id=\"2642\" data-permalink=\"https:\/\/www.victorarandagarcia.es\/index.php\/arte\/reportaje-fotografico\/15m\/attachment\/2012-05-12-aniversario-15m-09\/\" data-orig-file=\"https:\/\/www.victorarandagarcia.es\/wp-content\/uploads\/2012-05-12-aniversario-15m-09.jpg\" data-orig-size=\"720,481\" data-comments-opened=\"0\" data-image-meta=\"{&quot;aperture&quot;:&quot;0&quot;,&quot;credit&quot;:&quot;&quot;,&quot;camera&quot;:&quot;&quot;,&quot;caption&quot;:&quot;&quot;,&quot;created_timestamp&quot;:&quot;0&quot;,&quot;copyright&quot;:&quot;&quot;,&quot;focal_length&quot;:&quot;0&quot;,&quot;iso&quot;:&quot;0&quot;,&quot;shutter_speed&quot;:&quot;0&quot;,&quot;title&quot;:&quot;&quot;,&quot;orientation&quot;:&quot;0&quot;}\" data-image-title=\"2012-05-12-aniversario-15m-09\" data-image-description=\"&lt;p&gt;Manifestaci\u00f3n primer aniversario 15M (Valencia 2012)&lt;\/p&gt;\n\" data-image-caption=\"\" data-medium-file=\"https:\/\/www.victorarandagarcia.es\/wp-content\/uploads\/2012-05-12-aniversario-15m-09-300x200.jpg\" data-large-file=\"https:\/\/www.victorarandagarcia.es\/wp-content\/uploads\/2012-05-12-aniversario-15m-09.jpg\" decoding=\"async\" loading=\"lazy\" width=\"720\" height=\"481\" src=\"https:\/\/www.victorarandagarcia.es\/wp-content\/uploads\/2012-05-12-aniversario-15m-09.jpg\" alt=\"\" data-id=\"2642\" data-link=\"https:\/\/www.victorarandagarcia.es\/index.php\/arte\/reportaje-arte\/15m\/attachment\/2012-05-12-aniversario-15m-09\/\" class=\"wp-image-2642\" srcset=\"https:\/\/www.victorarandagarcia.es\/wp-content\/uploads\/2012-05-12-aniversario-15m-09.jpg 720w, https:\/\/www.victorarandagarcia.es\/wp-content\/uploads\/2012-05-12-aniversario-15m-09-300x200.jpg 300w\" sizes=\"(max-width: 720px) 100vw, 720px\" \/><\/figure><\/li><li class=\"blocks-gallery-item\"><figure><img data-attachment-id=\"2627\" data-permalink=\"https:\/\/www.victorarandagarcia.es\/index.php\/arte\/reportaje-fotografico\/15m\/attachment\/2012-05-12-aniversario-15m-10\/\" data-orig-file=\"https:\/\/www.victorarandagarcia.es\/wp-content\/uploads\/2012-05-12-aniversario-15m-10.jpg\" data-orig-size=\"481,720\" data-comments-opened=\"0\" data-image-meta=\"{&quot;aperture&quot;:&quot;0&quot;,&quot;credit&quot;:&quot;&quot;,&quot;camera&quot;:&quot;&quot;,&quot;caption&quot;:&quot;&quot;,&quot;created_timestamp&quot;:&quot;0&quot;,&quot;copyright&quot;:&quot;&quot;,&quot;focal_length&quot;:&quot;0&quot;,&quot;iso&quot;:&quot;0&quot;,&quot;shutter_speed&quot;:&quot;0&quot;,&quot;title&quot;:&quot;&quot;,&quot;orientation&quot;:&quot;0&quot;}\" data-image-title=\"2012-05-12-aniversario-15m-10\" data-image-description=\"&lt;p&gt;Manifestaci\u00f3n primer aniversario 15M (Valencia 2012)&lt;\/p&gt;\n\" data-image-caption=\"\" data-medium-file=\"https:\/\/www.victorarandagarcia.es\/wp-content\/uploads\/2012-05-12-aniversario-15m-10-200x300.jpg\" data-large-file=\"https:\/\/www.victorarandagarcia.es\/wp-content\/uploads\/2012-05-12-aniversario-15m-10.jpg\" decoding=\"async\" loading=\"lazy\" width=\"481\" height=\"720\" src=\"https:\/\/www.victorarandagarcia.es\/wp-content\/uploads\/2012-05-12-aniversario-15m-10.jpg\" alt=\"\" data-id=\"2627\" data-link=\"https:\/\/www.victorarandagarcia.es\/index.php\/arte\/reportaje-arte\/15m\/attachment\/2012-05-12-aniversario-15m-10\/\" class=\"wp-image-2627\" srcset=\"https:\/\/www.victorarandagarcia.es\/wp-content\/uploads\/2012-05-12-aniversario-15m-10.jpg 481w, https:\/\/www.victorarandagarcia.es\/wp-content\/uploads\/2012-05-12-aniversario-15m-10-200x300.jpg 200w\" sizes=\"(max-width: 481px) 100vw, 481px\" \/><\/figure><\/li><li class=\"blocks-gallery-item\"><figure><img data-attachment-id=\"2640\" data-permalink=\"https:\/\/www.victorarandagarcia.es\/index.php\/arte\/reportaje-fotografico\/15m\/attachment\/2012-05-12-aniversario-15m-14\/\" data-orig-file=\"https:\/\/www.victorarandagarcia.es\/wp-content\/uploads\/2012-05-12-aniversario-15m-14.jpg\" data-orig-size=\"481,720\" data-comments-opened=\"0\" data-image-meta=\"{&quot;aperture&quot;:&quot;0&quot;,&quot;credit&quot;:&quot;&quot;,&quot;camera&quot;:&quot;&quot;,&quot;caption&quot;:&quot;&quot;,&quot;created_timestamp&quot;:&quot;0&quot;,&quot;copyright&quot;:&quot;&quot;,&quot;focal_length&quot;:&quot;0&quot;,&quot;iso&quot;:&quot;0&quot;,&quot;shutter_speed&quot;:&quot;0&quot;,&quot;title&quot;:&quot;&quot;,&quot;orientation&quot;:&quot;0&quot;}\" data-image-title=\"2012-05-12-aniversario-15m-14\" data-image-description=\"&lt;p&gt;Manifestaci\u00f3n primer aniversario 15M (Valencia 2012)&lt;\/p&gt;\n\" data-image-caption=\"\" data-medium-file=\"https:\/\/www.victorarandagarcia.es\/wp-content\/uploads\/2012-05-12-aniversario-15m-14-200x300.jpg\" data-large-file=\"https:\/\/www.victorarandagarcia.es\/wp-content\/uploads\/2012-05-12-aniversario-15m-14.jpg\" decoding=\"async\" loading=\"lazy\" width=\"481\" height=\"720\" src=\"https:\/\/www.victorarandagarcia.es\/wp-content\/uploads\/2012-05-12-aniversario-15m-14.jpg\" alt=\"\" data-id=\"2640\" data-link=\"https:\/\/www.victorarandagarcia.es\/index.php\/arte\/reportaje-arte\/15m\/attachment\/2012-05-12-aniversario-15m-14\/\" class=\"wp-image-2640\" srcset=\"https:\/\/www.victorarandagarcia.es\/wp-content\/uploads\/2012-05-12-aniversario-15m-14.jpg 481w, https:\/\/www.victorarandagarcia.es\/wp-content\/uploads\/2012-05-12-aniversario-15m-14-200x300.jpg 200w\" sizes=\"(max-width: 481px) 100vw, 481px\" \/><\/figure><\/li><li class=\"blocks-gallery-item\"><figure><img data-attachment-id=\"2626\" data-permalink=\"https:\/\/www.victorarandagarcia.es\/index.php\/arte\/reportaje-fotografico\/15m\/attachment\/2012-05-12-aniversario-15m-07\/\" data-orig-file=\"https:\/\/www.victorarandagarcia.es\/wp-content\/uploads\/2012-05-12-aniversario-15m-07.jpg\" data-orig-size=\"481,720\" data-comments-opened=\"0\" data-image-meta=\"{&quot;aperture&quot;:&quot;0&quot;,&quot;credit&quot;:&quot;&quot;,&quot;camera&quot;:&quot;&quot;,&quot;caption&quot;:&quot;&quot;,&quot;created_timestamp&quot;:&quot;0&quot;,&quot;copyright&quot;:&quot;&quot;,&quot;focal_length&quot;:&quot;0&quot;,&quot;iso&quot;:&quot;0&quot;,&quot;shutter_speed&quot;:&quot;0&quot;,&quot;title&quot;:&quot;&quot;,&quot;orientation&quot;:&quot;0&quot;}\" data-image-title=\"2012-05-12-aniversario-15m-07\" data-image-description=\"&lt;p&gt;Manifestaci\u00f3n primer aniversario 15M (Valencia 2012)&lt;\/p&gt;\n\" data-image-caption=\"\" data-medium-file=\"https:\/\/www.victorarandagarcia.es\/wp-content\/uploads\/2012-05-12-aniversario-15m-07-200x300.jpg\" data-large-file=\"https:\/\/www.victorarandagarcia.es\/wp-content\/uploads\/2012-05-12-aniversario-15m-07.jpg\" decoding=\"async\" loading=\"lazy\" width=\"481\" height=\"720\" src=\"https:\/\/www.victorarandagarcia.es\/wp-content\/uploads\/2012-05-12-aniversario-15m-07.jpg\" alt=\"\" data-id=\"2626\" data-link=\"https:\/\/www.victorarandagarcia.es\/index.php\/arte\/reportaje-arte\/15m\/attachment\/2012-05-12-aniversario-15m-07\/\" class=\"wp-image-2626\" srcset=\"https:\/\/www.victorarandagarcia.es\/wp-content\/uploads\/2012-05-12-aniversario-15m-07.jpg 481w, https:\/\/www.victorarandagarcia.es\/wp-content\/uploads\/2012-05-12-aniversario-15m-07-200x300.jpg 200w\" sizes=\"(max-width: 481px) 100vw, 481px\" \/><\/figure><\/li><li class=\"blocks-gallery-item\"><figure><img data-attachment-id=\"2638\" data-permalink=\"https:\/\/www.victorarandagarcia.es\/index.php\/arte\/reportaje-fotografico\/15m\/attachment\/2012-05-12-aniversario-15m-12\/\" data-orig-file=\"https:\/\/www.victorarandagarcia.es\/wp-content\/uploads\/2012-05-12-aniversario-15m-12.jpg\" data-orig-size=\"481,720\" data-comments-opened=\"0\" data-image-meta=\"{&quot;aperture&quot;:&quot;0&quot;,&quot;credit&quot;:&quot;&quot;,&quot;camera&quot;:&quot;&quot;,&quot;caption&quot;:&quot;&quot;,&quot;created_timestamp&quot;:&quot;0&quot;,&quot;copyright&quot;:&quot;&quot;,&quot;focal_length&quot;:&quot;0&quot;,&quot;iso&quot;:&quot;0&quot;,&quot;shutter_speed&quot;:&quot;0&quot;,&quot;title&quot;:&quot;&quot;,&quot;orientation&quot;:&quot;0&quot;}\" data-image-title=\"2012-05-12-aniversario-15m-12\" data-image-description=\"&lt;p&gt;Manifestaci\u00f3n primer aniversario 15M (Valencia 2012)&lt;\/p&gt;\n\" data-image-caption=\"\" data-medium-file=\"https:\/\/www.victorarandagarcia.es\/wp-content\/uploads\/2012-05-12-aniversario-15m-12-200x300.jpg\" data-large-file=\"https:\/\/www.victorarandagarcia.es\/wp-content\/uploads\/2012-05-12-aniversario-15m-12.jpg\" decoding=\"async\" loading=\"lazy\" width=\"481\" height=\"720\" src=\"https:\/\/www.victorarandagarcia.es\/wp-content\/uploads\/2012-05-12-aniversario-15m-12.jpg\" alt=\"\" data-id=\"2638\" data-link=\"https:\/\/www.victorarandagarcia.es\/index.php\/arte\/reportaje-arte\/15m\/attachment\/2012-05-12-aniversario-15m-12\/\" class=\"wp-image-2638\" srcset=\"https:\/\/www.victorarandagarcia.es\/wp-content\/uploads\/2012-05-12-aniversario-15m-12.jpg 481w, https:\/\/www.victorarandagarcia.es\/wp-content\/uploads\/2012-05-12-aniversario-15m-12-200x300.jpg 200w\" sizes=\"(max-width: 481px) 100vw, 481px\" \/><\/figure><\/li><li class=\"blocks-gallery-item\"><figure><img data-attachment-id=\"2628\" data-permalink=\"https:\/\/www.victorarandagarcia.es\/index.php\/arte\/reportaje-fotografico\/15m\/attachment\/2012-05-12-aniversario-15m-06\/\" data-orig-file=\"https:\/\/www.victorarandagarcia.es\/wp-content\/uploads\/2012-05-12-aniversario-15m-06.jpg\" data-orig-size=\"481,720\" data-comments-opened=\"0\" data-image-meta=\"{&quot;aperture&quot;:&quot;0&quot;,&quot;credit&quot;:&quot;&quot;,&quot;camera&quot;:&quot;&quot;,&quot;caption&quot;:&quot;&quot;,&quot;created_timestamp&quot;:&quot;0&quot;,&quot;copyright&quot;:&quot;&quot;,&quot;focal_length&quot;:&quot;0&quot;,&quot;iso&quot;:&quot;0&quot;,&quot;shutter_speed&quot;:&quot;0&quot;,&quot;title&quot;:&quot;&quot;,&quot;orientation&quot;:&quot;0&quot;}\" data-image-title=\"2012-05-12-aniversario-15m-06\" data-image-description=\"&lt;p&gt;Manifestaci\u00f3n primer aniversario 15M (Valencia 2012)&lt;\/p&gt;\n\" data-image-caption=\"\" data-medium-file=\"https:\/\/www.victorarandagarcia.es\/wp-content\/uploads\/2012-05-12-aniversario-15m-06-200x300.jpg\" data-large-file=\"https:\/\/www.victorarandagarcia.es\/wp-content\/uploads\/2012-05-12-aniversario-15m-06.jpg\" decoding=\"async\" loading=\"lazy\" width=\"481\" height=\"720\" src=\"https:\/\/www.victorarandagarcia.es\/wp-content\/uploads\/2012-05-12-aniversario-15m-06.jpg\" alt=\"\" data-id=\"2628\" data-link=\"https:\/\/www.victorarandagarcia.es\/index.php\/arte\/reportaje-arte\/15m\/attachment\/2012-05-12-aniversario-15m-06\/\" class=\"wp-image-2628\" srcset=\"https:\/\/www.victorarandagarcia.es\/wp-content\/uploads\/2012-05-12-aniversario-15m-06.jpg 481w, https:\/\/www.victorarandagarcia.es\/wp-content\/uploads\/2012-05-12-aniversario-15m-06-200x300.jpg 200w\" sizes=\"(max-width: 481px) 100vw, 481px\" \/><\/figure><\/li><li class=\"blocks-gallery-item\"><figure><img data-attachment-id=\"2639\" data-permalink=\"https:\/\/www.victorarandagarcia.es\/index.php\/arte\/reportaje-fotografico\/15m\/attachment\/2012-05-12-aniversario-15m-05\/\" data-orig-file=\"https:\/\/www.victorarandagarcia.es\/wp-content\/uploads\/2012-05-12-aniversario-15m-05.jpg\" data-orig-size=\"481,720\" data-comments-opened=\"0\" data-image-meta=\"{&quot;aperture&quot;:&quot;0&quot;,&quot;credit&quot;:&quot;&quot;,&quot;camera&quot;:&quot;&quot;,&quot;caption&quot;:&quot;&quot;,&quot;created_timestamp&quot;:&quot;0&quot;,&quot;copyright&quot;:&quot;&quot;,&quot;focal_length&quot;:&quot;0&quot;,&quot;iso&quot;:&quot;0&quot;,&quot;shutter_speed&quot;:&quot;0&quot;,&quot;title&quot;:&quot;&quot;,&quot;orientation&quot;:&quot;0&quot;}\" data-image-title=\"2012-05-12-aniversario-15m-05\" data-image-description=\"&lt;p&gt;Manifestaci\u00f3n primer aniversario 15M (Valencia 2012)&lt;\/p&gt;\n\" data-image-caption=\"\" data-medium-file=\"https:\/\/www.victorarandagarcia.es\/wp-content\/uploads\/2012-05-12-aniversario-15m-05-200x300.jpg\" data-large-file=\"https:\/\/www.victorarandagarcia.es\/wp-content\/uploads\/2012-05-12-aniversario-15m-05.jpg\" decoding=\"async\" loading=\"lazy\" width=\"481\" height=\"720\" src=\"https:\/\/www.victorarandagarcia.es\/wp-content\/uploads\/2012-05-12-aniversario-15m-05.jpg\" alt=\"\" data-id=\"2639\" data-link=\"https:\/\/www.victorarandagarcia.es\/index.php\/arte\/reportaje-arte\/15m\/attachment\/2012-05-12-aniversario-15m-05\/\" class=\"wp-image-2639\" srcset=\"https:\/\/www.victorarandagarcia.es\/wp-content\/uploads\/2012-05-12-aniversario-15m-05.jpg 481w, https:\/\/www.victorarandagarcia.es\/wp-content\/uploads\/2012-05-12-aniversario-15m-05-200x300.jpg 200w\" sizes=\"(max-width: 481px) 100vw, 481px\" \/><\/figure><\/li><li class=\"blocks-gallery-item\"><figure><img data-attachment-id=\"2629\" data-permalink=\"https:\/\/www.victorarandagarcia.es\/index.php\/arte\/reportaje-fotografico\/15m\/attachment\/2012-05-12-aniversario-15m-11\/\" data-orig-file=\"https:\/\/www.victorarandagarcia.es\/wp-content\/uploads\/2012-05-12-aniversario-15m-11.jpg\" data-orig-size=\"720,481\" data-comments-opened=\"0\" data-image-meta=\"{&quot;aperture&quot;:&quot;0&quot;,&quot;credit&quot;:&quot;&quot;,&quot;camera&quot;:&quot;&quot;,&quot;caption&quot;:&quot;&quot;,&quot;created_timestamp&quot;:&quot;0&quot;,&quot;copyright&quot;:&quot;&quot;,&quot;focal_length&quot;:&quot;0&quot;,&quot;iso&quot;:&quot;0&quot;,&quot;shutter_speed&quot;:&quot;0&quot;,&quot;title&quot;:&quot;&quot;,&quot;orientation&quot;:&quot;0&quot;}\" data-image-title=\"2012-05-12-aniversario-15m-11\" data-image-description=\"&lt;p&gt;Manifestaci\u00f3n primer aniversario 15M (Valencia 2012)&lt;\/p&gt;\n\" data-image-caption=\"\" data-medium-file=\"https:\/\/www.victorarandagarcia.es\/wp-content\/uploads\/2012-05-12-aniversario-15m-11-300x200.jpg\" data-large-file=\"https:\/\/www.victorarandagarcia.es\/wp-content\/uploads\/2012-05-12-aniversario-15m-11.jpg\" decoding=\"async\" loading=\"lazy\" width=\"720\" height=\"481\" src=\"https:\/\/www.victorarandagarcia.es\/wp-content\/uploads\/2012-05-12-aniversario-15m-11.jpg\" alt=\"\" data-id=\"2629\" data-link=\"https:\/\/www.victorarandagarcia.es\/index.php\/arte\/reportaje-arte\/15m\/attachment\/2012-05-12-aniversario-15m-11\/\" class=\"wp-image-2629\" srcset=\"https:\/\/www.victorarandagarcia.es\/wp-content\/uploads\/2012-05-12-aniversario-15m-11.jpg 720w, https:\/\/www.victorarandagarcia.es\/wp-content\/uploads\/2012-05-12-aniversario-15m-11-300x200.jpg 300w\" sizes=\"(max-width: 720px) 100vw, 720px\" \/><\/figure><\/li><li class=\"blocks-gallery-item\"><figure><img data-attachment-id=\"2641\" data-permalink=\"https:\/\/www.victorarandagarcia.es\/index.php\/arte\/reportaje-fotografico\/15m\/attachment\/2012-05-12-aniversario-15m-16\/\" data-orig-file=\"https:\/\/www.victorarandagarcia.es\/wp-content\/uploads\/2012-05-12-aniversario-15m-16.jpg\" data-orig-size=\"481,720\" data-comments-opened=\"0\" data-image-meta=\"{&quot;aperture&quot;:&quot;0&quot;,&quot;credit&quot;:&quot;&quot;,&quot;camera&quot;:&quot;&quot;,&quot;caption&quot;:&quot;&quot;,&quot;created_timestamp&quot;:&quot;0&quot;,&quot;copyright&quot;:&quot;&quot;,&quot;focal_length&quot;:&quot;0&quot;,&quot;iso&quot;:&quot;0&quot;,&quot;shutter_speed&quot;:&quot;0&quot;,&quot;title&quot;:&quot;&quot;,&quot;orientation&quot;:&quot;0&quot;}\" data-image-title=\"2012-05-12-aniversario-15m-16\" data-image-description=\"&lt;p&gt;Manifestaci\u00f3n primer aniversario 15M (Valencia 2012)&lt;\/p&gt;\n\" data-image-caption=\"\" data-medium-file=\"https:\/\/www.victorarandagarcia.es\/wp-content\/uploads\/2012-05-12-aniversario-15m-16-200x300.jpg\" data-large-file=\"https:\/\/www.victorarandagarcia.es\/wp-content\/uploads\/2012-05-12-aniversario-15m-16.jpg\" decoding=\"async\" loading=\"lazy\" width=\"481\" height=\"720\" src=\"https:\/\/www.victorarandagarcia.es\/wp-content\/uploads\/2012-05-12-aniversario-15m-16.jpg\" alt=\"\" data-id=\"2641\" data-link=\"https:\/\/www.victorarandagarcia.es\/index.php\/arte\/reportaje-arte\/15m\/attachment\/2012-05-12-aniversario-15m-16\/\" class=\"wp-image-2641\" srcset=\"https:\/\/www.victorarandagarcia.es\/wp-content\/uploads\/2012-05-12-aniversario-15m-16.jpg 481w, https:\/\/www.victorarandagarcia.es\/wp-content\/uploads\/2012-05-12-aniversario-15m-16-200x300.jpg 200w\" sizes=\"(max-width: 481px) 100vw, 481px\" \/><\/figure><\/li><li class=\"blocks-gallery-item\"><figure><img data-attachment-id=\"2630\" data-permalink=\"https:\/\/www.victorarandagarcia.es\/index.php\/arte\/reportaje-fotografico\/15m\/attachment\/2012-05-12-aniversario-15m-15\/\" data-orig-file=\"https:\/\/www.victorarandagarcia.es\/wp-content\/uploads\/2012-05-12-aniversario-15m-15.jpg\" data-orig-size=\"481,720\" data-comments-opened=\"0\" data-image-meta=\"{&quot;aperture&quot;:&quot;0&quot;,&quot;credit&quot;:&quot;&quot;,&quot;camera&quot;:&quot;&quot;,&quot;caption&quot;:&quot;&quot;,&quot;created_timestamp&quot;:&quot;0&quot;,&quot;copyright&quot;:&quot;&quot;,&quot;focal_length&quot;:&quot;0&quot;,&quot;iso&quot;:&quot;0&quot;,&quot;shutter_speed&quot;:&quot;0&quot;,&quot;title&quot;:&quot;&quot;,&quot;orientation&quot;:&quot;0&quot;}\" data-image-title=\"2012-05-12-aniversario-15m-15\" data-image-description=\"&lt;p&gt;Manifestaci\u00f3n primer aniversario 15M (Valencia 2012)&lt;\/p&gt;\n\" data-image-caption=\"\" data-medium-file=\"https:\/\/www.victorarandagarcia.es\/wp-content\/uploads\/2012-05-12-aniversario-15m-15-200x300.jpg\" data-large-file=\"https:\/\/www.victorarandagarcia.es\/wp-content\/uploads\/2012-05-12-aniversario-15m-15.jpg\" decoding=\"async\" loading=\"lazy\" width=\"481\" height=\"720\" src=\"https:\/\/www.victorarandagarcia.es\/wp-content\/uploads\/2012-05-12-aniversario-15m-15.jpg\" alt=\"\" data-id=\"2630\" data-link=\"https:\/\/www.victorarandagarcia.es\/index.php\/arte\/reportaje-arte\/15m\/attachment\/2012-05-12-aniversario-15m-15\/\" class=\"wp-image-2630\" srcset=\"https:\/\/www.victorarandagarcia.es\/wp-content\/uploads\/2012-05-12-aniversario-15m-15.jpg 481w, https:\/\/www.victorarandagarcia.es\/wp-content\/uploads\/2012-05-12-aniversario-15m-15-200x300.jpg 200w\" sizes=\"(max-width: 481px) 100vw, 481px\" \/><\/figure><\/li><li class=\"blocks-gallery-item\"><figure><img data-attachment-id=\"2632\" data-permalink=\"https:\/\/www.victorarandagarcia.es\/index.php\/arte\/reportaje-fotografico\/15m\/attachment\/2012-05-12-aniversario-15m-18\/\" data-orig-file=\"https:\/\/www.victorarandagarcia.es\/wp-content\/uploads\/2012-05-12-aniversario-15m-18.jpg\" data-orig-size=\"481,720\" data-comments-opened=\"0\" data-image-meta=\"{&quot;aperture&quot;:&quot;0&quot;,&quot;credit&quot;:&quot;&quot;,&quot;camera&quot;:&quot;&quot;,&quot;caption&quot;:&quot;&quot;,&quot;created_timestamp&quot;:&quot;0&quot;,&quot;copyright&quot;:&quot;&quot;,&quot;focal_length&quot;:&quot;0&quot;,&quot;iso&quot;:&quot;0&quot;,&quot;shutter_speed&quot;:&quot;0&quot;,&quot;title&quot;:&quot;&quot;,&quot;orientation&quot;:&quot;0&quot;}\" data-image-title=\"2012-05-12-aniversario-15m-18\" data-image-description=\"&lt;p&gt;Manifestaci\u00f3n primer aniversario 15M (Valencia 2012)&lt;\/p&gt;\n\" data-image-caption=\"\" data-medium-file=\"https:\/\/www.victorarandagarcia.es\/wp-content\/uploads\/2012-05-12-aniversario-15m-18-200x300.jpg\" data-large-file=\"https:\/\/www.victorarandagarcia.es\/wp-content\/uploads\/2012-05-12-aniversario-15m-18.jpg\" decoding=\"async\" loading=\"lazy\" width=\"481\" height=\"720\" src=\"https:\/\/www.victorarandagarcia.es\/wp-content\/uploads\/2012-05-12-aniversario-15m-18.jpg\" alt=\"\" data-id=\"2632\" data-link=\"https:\/\/www.victorarandagarcia.es\/index.php\/arte\/reportaje-arte\/15m\/attachment\/2012-05-12-aniversario-15m-18\/\" class=\"wp-image-2632\" srcset=\"https:\/\/www.victorarandagarcia.es\/wp-content\/uploads\/2012-05-12-aniversario-15m-18.jpg 481w, https:\/\/www.victorarandagarcia.es\/wp-content\/uploads\/2012-05-12-aniversario-15m-18-200x300.jpg 200w\" sizes=\"(max-width: 481px) 100vw, 481px\" \/><\/figure><\/li><li class=\"blocks-gallery-item\"><figure><img data-attachment-id=\"2635\" data-permalink=\"https:\/\/www.victorarandagarcia.es\/index.php\/arte\/reportaje-fotografico\/15m\/attachment\/2012-05-12-aniversario-15m-17\/\" data-orig-file=\"https:\/\/www.victorarandagarcia.es\/wp-content\/uploads\/2012-05-12-aniversario-15m-17.jpg\" data-orig-size=\"481,720\" data-comments-opened=\"0\" data-image-meta=\"{&quot;aperture&quot;:&quot;0&quot;,&quot;credit&quot;:&quot;&quot;,&quot;camera&quot;:&quot;&quot;,&quot;caption&quot;:&quot;&quot;,&quot;created_timestamp&quot;:&quot;0&quot;,&quot;copyright&quot;:&quot;&quot;,&quot;focal_length&quot;:&quot;0&quot;,&quot;iso&quot;:&quot;0&quot;,&quot;shutter_speed&quot;:&quot;0&quot;,&quot;title&quot;:&quot;&quot;,&quot;orientation&quot;:&quot;0&quot;}\" data-image-title=\"2012-05-12-aniversario-15m-17\" data-image-description=\"&lt;p&gt;Manifestaci\u00f3n primer aniversario 15M (Valencia 2012)&lt;\/p&gt;\n\" data-image-caption=\"\" data-medium-file=\"https:\/\/www.victorarandagarcia.es\/wp-content\/uploads\/2012-05-12-aniversario-15m-17-200x300.jpg\" data-large-file=\"https:\/\/www.victorarandagarcia.es\/wp-content\/uploads\/2012-05-12-aniversario-15m-17.jpg\" decoding=\"async\" loading=\"lazy\" width=\"481\" height=\"720\" src=\"https:\/\/www.victorarandagarcia.es\/wp-content\/uploads\/2012-05-12-aniversario-15m-17.jpg\" alt=\"\" data-id=\"2635\" data-link=\"https:\/\/www.victorarandagarcia.es\/index.php\/arte\/reportaje-arte\/15m\/attachment\/2012-05-12-aniversario-15m-17\/\" class=\"wp-image-2635\" srcset=\"https:\/\/www.victorarandagarcia.es\/wp-content\/uploads\/2012-05-12-aniversario-15m-17.jpg 481w, https:\/\/www.victorarandagarcia.es\/wp-content\/uploads\/2012-05-12-aniversario-15m-17-200x300.jpg 200w\" sizes=\"(max-width: 481px) 100vw, 481px\" \/><\/figure><\/li><li class=\"blocks-gallery-item\"><figure><img data-attachment-id=\"2637\" data-permalink=\"https:\/\/www.victorarandagarcia.es\/index.php\/arte\/reportaje-fotografico\/15m\/attachment\/2012-05-12-aniversario-15m-03\/\" data-orig-file=\"https:\/\/www.victorarandagarcia.es\/wp-content\/uploads\/2012-05-12-aniversario-15m-03.jpg\" data-orig-size=\"481,720\" data-comments-opened=\"0\" data-image-meta=\"{&quot;aperture&quot;:&quot;0&quot;,&quot;credit&quot;:&quot;&quot;,&quot;camera&quot;:&quot;&quot;,&quot;caption&quot;:&quot;&quot;,&quot;created_timestamp&quot;:&quot;0&quot;,&quot;copyright&quot;:&quot;&quot;,&quot;focal_length&quot;:&quot;0&quot;,&quot;iso&quot;:&quot;0&quot;,&quot;shutter_speed&quot;:&quot;0&quot;,&quot;title&quot;:&quot;&quot;,&quot;orientation&quot;:&quot;0&quot;}\" data-image-title=\"2012-05-12-aniversario-15m-03\" data-image-description=\"&lt;p&gt;Manifestaci\u00f3n primer aniversario 15M (Valencia 2012)&lt;\/p&gt;\n\" data-image-caption=\"\" data-medium-file=\"https:\/\/www.victorarandagarcia.es\/wp-content\/uploads\/2012-05-12-aniversario-15m-03-200x300.jpg\" data-large-file=\"https:\/\/www.victorarandagarcia.es\/wp-content\/uploads\/2012-05-12-aniversario-15m-03.jpg\" decoding=\"async\" loading=\"lazy\" width=\"481\" height=\"720\" src=\"https:\/\/www.victorarandagarcia.es\/wp-content\/uploads\/2012-05-12-aniversario-15m-03.jpg\" alt=\"\" data-id=\"2637\" data-link=\"https:\/\/www.victorarandagarcia.es\/index.php\/arte\/reportaje-arte\/15m\/attachment\/2012-05-12-aniversario-15m-03\/\" class=\"wp-image-2637\" srcset=\"https:\/\/www.victorarandagarcia.es\/wp-content\/uploads\/2012-05-12-aniversario-15m-03.jpg 481w, https:\/\/www.victorarandagarcia.es\/wp-content\/uploads\/2012-05-12-aniversario-15m-03-200x300.jpg 200w\" sizes=\"(max-width: 481px) 100vw, 481px\" \/><\/figure><\/li><li class=\"blocks-gallery-item\"><figure><img data-attachment-id=\"2631\" data-permalink=\"https:\/\/www.victorarandagarcia.es\/index.php\/arte\/reportaje-fotografico\/15m\/attachment\/2012-05-12-aniversario-15m-04\/\" data-orig-file=\"https:\/\/www.victorarandagarcia.es\/wp-content\/uploads\/2012-05-12-aniversario-15m-04.jpg\" data-orig-size=\"720,481\" data-comments-opened=\"0\" data-image-meta=\"{&quot;aperture&quot;:&quot;0&quot;,&quot;credit&quot;:&quot;&quot;,&quot;camera&quot;:&quot;&quot;,&quot;caption&quot;:&quot;&quot;,&quot;created_timestamp&quot;:&quot;0&quot;,&quot;copyright&quot;:&quot;&quot;,&quot;focal_length&quot;:&quot;0&quot;,&quot;iso&quot;:&quot;0&quot;,&quot;shutter_speed&quot;:&quot;0&quot;,&quot;title&quot;:&quot;&quot;,&quot;orientation&quot;:&quot;0&quot;}\" data-image-title=\"2012-05-12-aniversario-15m-04\" data-image-description=\"&lt;p&gt;Manifestaci\u00f3n primer aniversario 15M (Valencia 2012)&lt;\/p&gt;\n\" data-image-caption=\"\" data-medium-file=\"https:\/\/www.victorarandagarcia.es\/wp-content\/uploads\/2012-05-12-aniversario-15m-04-300x200.jpg\" data-large-file=\"https:\/\/www.victorarandagarcia.es\/wp-content\/uploads\/2012-05-12-aniversario-15m-04.jpg\" decoding=\"async\" loading=\"lazy\" width=\"720\" height=\"481\" src=\"https:\/\/www.victorarandagarcia.es\/wp-content\/uploads\/2012-05-12-aniversario-15m-04.jpg\" alt=\"\" data-id=\"2631\" data-link=\"https:\/\/www.victorarandagarcia.es\/index.php\/arte\/reportaje-arte\/15m\/attachment\/2012-05-12-aniversario-15m-04\/\" class=\"wp-image-2631\" srcset=\"https:\/\/www.victorarandagarcia.es\/wp-content\/uploads\/2012-05-12-aniversario-15m-04.jpg 720w, https:\/\/www.victorarandagarcia.es\/wp-content\/uploads\/2012-05-12-aniversario-15m-04-300x200.jpg 300w\" sizes=\"(max-width: 720px) 100vw, 720px\" \/><\/figure><\/li><\/ul>\n\n\n\n<p> \u00bfY acaso es verdad eso de \nque \u00abhemos terminado con el bipartidismo\u00bb? No lo parece. La derecha \nsimplemente se ha fragmentado en varias opciones, marcas blancas \nfinanciadas y promocionadas por el mismo r\u00e9gimen (del 78 para m\u00e1s se\u00f1as)\n con las que se aparenta un \u00abcambio\u00bb ante un electorado de derechas \ntambi\u00e9n a su manera \u00abindignado\u00bb pero que s\u00f3lo sirven para eso, renovar \nlas caras, aparentar la diferencia pero manteniendo las mismas \npol\u00edticas. Se dir\u00e1 que por la izquierda, en cambio, la entrada de \nPodemos -autodenominados \u00abherederos del 15M\u00bb- s\u00ed que ha supuesto una \n\u00abrenovaci\u00f3n\u00bb del PSOE y la entrada al parlamento de una voz m\u00e1s cercana a\n la representaci\u00f3n del pueblo. Efectivamente eso pareci\u00f3 en un primero \nmomento, pero son muchos los hechos que prueban que el paso por las \ninstituciones no ha sentado nada bien a aquel Podemos que empez\u00f3 \ndenunciando a la Troika y a un PSOE rendido al neoliberalismo y que \nahora a lo m\u00e1s que aspira es a servir de muleta a ese c\u00e1ncer para la \nizquierda en Espa\u00f1a que se llama PSOE.<\/p>\n\n\n\n<ul class=\"wp-block-gallery columns-2 is-cropped wp-block-gallery-7 is-layout-flex wp-block-gallery-is-layout-flex\"><li class=\"blocks-gallery-item\"><figure><img data-attachment-id=\"2654\" data-permalink=\"https:\/\/www.victorarandagarcia.es\/index.php\/arte\/reportaje-fotografico\/15m\/attachment\/2013-05-12_aniversario-15m-08\/\" data-orig-file=\"https:\/\/www.victorarandagarcia.es\/wp-content\/uploads\/2013-05-12_aniversario-15m-08.jpg\" data-orig-size=\"720,481\" data-comments-opened=\"0\" data-image-meta=\"{&quot;aperture&quot;:&quot;0&quot;,&quot;credit&quot;:&quot;&quot;,&quot;camera&quot;:&quot;&quot;,&quot;caption&quot;:&quot;&quot;,&quot;created_timestamp&quot;:&quot;0&quot;,&quot;copyright&quot;:&quot;&quot;,&quot;focal_length&quot;:&quot;0&quot;,&quot;iso&quot;:&quot;0&quot;,&quot;shutter_speed&quot;:&quot;0&quot;,&quot;title&quot;:&quot;&quot;,&quot;orientation&quot;:&quot;0&quot;}\" data-image-title=\"2013-05-12_aniversario-15m-08\" data-image-description=\"&lt;p&gt;Manifestaci\u00f3n aniversario 15M (Valencia 2013)&lt;\/p&gt;\n\" data-image-caption=\"\" data-medium-file=\"https:\/\/www.victorarandagarcia.es\/wp-content\/uploads\/2013-05-12_aniversario-15m-08-300x200.jpg\" data-large-file=\"https:\/\/www.victorarandagarcia.es\/wp-content\/uploads\/2013-05-12_aniversario-15m-08.jpg\" decoding=\"async\" loading=\"lazy\" width=\"720\" height=\"481\" src=\"https:\/\/www.victorarandagarcia.es\/wp-content\/uploads\/2013-05-12_aniversario-15m-08.jpg\" alt=\"\" data-id=\"2654\" data-link=\"https:\/\/www.victorarandagarcia.es\/index.php\/arte\/reportaje-arte\/15m\/attachment\/2013-05-12_aniversario-15m-08\/\" class=\"wp-image-2654\" srcset=\"https:\/\/www.victorarandagarcia.es\/wp-content\/uploads\/2013-05-12_aniversario-15m-08.jpg 720w, https:\/\/www.victorarandagarcia.es\/wp-content\/uploads\/2013-05-12_aniversario-15m-08-300x200.jpg 300w\" sizes=\"(max-width: 720px) 100vw, 720px\" \/><\/figure><\/li><li class=\"blocks-gallery-item\"><figure><img data-attachment-id=\"2674\" data-permalink=\"https:\/\/www.victorarandagarcia.es\/index.php\/arte\/reportaje-fotografico\/15m\/attachment\/2013-05-12_aniversario-15m-04\/\" data-orig-file=\"https:\/\/www.victorarandagarcia.es\/wp-content\/uploads\/2013-05-12_aniversario-15m-04.jpg\" data-orig-size=\"720,481\" data-comments-opened=\"0\" data-image-meta=\"{&quot;aperture&quot;:&quot;0&quot;,&quot;credit&quot;:&quot;&quot;,&quot;camera&quot;:&quot;&quot;,&quot;caption&quot;:&quot;&quot;,&quot;created_timestamp&quot;:&quot;0&quot;,&quot;copyright&quot;:&quot;&quot;,&quot;focal_length&quot;:&quot;0&quot;,&quot;iso&quot;:&quot;0&quot;,&quot;shutter_speed&quot;:&quot;0&quot;,&quot;title&quot;:&quot;&quot;,&quot;orientation&quot;:&quot;0&quot;}\" data-image-title=\"2013-05-12_aniversario-15m-04\" data-image-description=\"&lt;p&gt;Manifestaci\u00f3n aniversario 15M (Valencia 2013)&lt;\/p&gt;\n\" data-image-caption=\"\" data-medium-file=\"https:\/\/www.victorarandagarcia.es\/wp-content\/uploads\/2013-05-12_aniversario-15m-04-300x200.jpg\" data-large-file=\"https:\/\/www.victorarandagarcia.es\/wp-content\/uploads\/2013-05-12_aniversario-15m-04.jpg\" decoding=\"async\" loading=\"lazy\" width=\"720\" height=\"481\" src=\"https:\/\/www.victorarandagarcia.es\/wp-content\/uploads\/2013-05-12_aniversario-15m-04.jpg\" alt=\"\" data-id=\"2674\" data-link=\"https:\/\/www.victorarandagarcia.es\/index.php\/arte\/reportaje-arte\/15m\/attachment\/2013-05-12_aniversario-15m-04\/\" class=\"wp-image-2674\" srcset=\"https:\/\/www.victorarandagarcia.es\/wp-content\/uploads\/2013-05-12_aniversario-15m-04.jpg 720w, https:\/\/www.victorarandagarcia.es\/wp-content\/uploads\/2013-05-12_aniversario-15m-04-300x200.jpg 300w\" sizes=\"(max-width: 720px) 100vw, 720px\" \/><\/figure><\/li><li class=\"blocks-gallery-item\"><figure><img data-attachment-id=\"2644\" data-permalink=\"https:\/\/www.victorarandagarcia.es\/index.php\/arte\/reportaje-fotografico\/15m\/attachment\/2013-05-12_aniversario-15m-16\/\" data-orig-file=\"https:\/\/www.victorarandagarcia.es\/wp-content\/uploads\/2013-05-12_aniversario-15m-16.jpg\" data-orig-size=\"481,720\" data-comments-opened=\"0\" data-image-meta=\"{&quot;aperture&quot;:&quot;0&quot;,&quot;credit&quot;:&quot;&quot;,&quot;camera&quot;:&quot;&quot;,&quot;caption&quot;:&quot;&quot;,&quot;created_timestamp&quot;:&quot;0&quot;,&quot;copyright&quot;:&quot;&quot;,&quot;focal_length&quot;:&quot;0&quot;,&quot;iso&quot;:&quot;0&quot;,&quot;shutter_speed&quot;:&quot;0&quot;,&quot;title&quot;:&quot;&quot;,&quot;orientation&quot;:&quot;0&quot;}\" data-image-title=\"2013-05-12_aniversario-15m-16\" data-image-description=\"&lt;p&gt;Manifestaci\u00f3n aniversario 15M (Valencia 2013)&lt;\/p&gt;\n\" data-image-caption=\"\" data-medium-file=\"https:\/\/www.victorarandagarcia.es\/wp-content\/uploads\/2013-05-12_aniversario-15m-16-200x300.jpg\" data-large-file=\"https:\/\/www.victorarandagarcia.es\/wp-content\/uploads\/2013-05-12_aniversario-15m-16.jpg\" decoding=\"async\" loading=\"lazy\" width=\"481\" height=\"720\" src=\"https:\/\/www.victorarandagarcia.es\/wp-content\/uploads\/2013-05-12_aniversario-15m-16.jpg\" alt=\"\" data-id=\"2644\" data-link=\"https:\/\/www.victorarandagarcia.es\/index.php\/arte\/reportaje-arte\/15m\/attachment\/2013-05-12_aniversario-15m-16\/\" class=\"wp-image-2644\" srcset=\"https:\/\/www.victorarandagarcia.es\/wp-content\/uploads\/2013-05-12_aniversario-15m-16.jpg 481w, https:\/\/www.victorarandagarcia.es\/wp-content\/uploads\/2013-05-12_aniversario-15m-16-200x300.jpg 200w\" sizes=\"(max-width: 481px) 100vw, 481px\" \/><\/figure><\/li><li class=\"blocks-gallery-item\"><figure><img data-attachment-id=\"2643\" data-permalink=\"https:\/\/www.victorarandagarcia.es\/index.php\/arte\/reportaje-fotografico\/15m\/attachment\/2013-05-12_aniversario-15m-07\/\" data-orig-file=\"https:\/\/www.victorarandagarcia.es\/wp-content\/uploads\/2013-05-12_aniversario-15m-07.jpg\" data-orig-size=\"481,720\" data-comments-opened=\"0\" data-image-meta=\"{&quot;aperture&quot;:&quot;0&quot;,&quot;credit&quot;:&quot;&quot;,&quot;camera&quot;:&quot;&quot;,&quot;caption&quot;:&quot;&quot;,&quot;created_timestamp&quot;:&quot;0&quot;,&quot;copyright&quot;:&quot;&quot;,&quot;focal_length&quot;:&quot;0&quot;,&quot;iso&quot;:&quot;0&quot;,&quot;shutter_speed&quot;:&quot;0&quot;,&quot;title&quot;:&quot;&quot;,&quot;orientation&quot;:&quot;0&quot;}\" data-image-title=\"2013-05-12_aniversario-15m-07\" data-image-description=\"&lt;p&gt;Manifestaci\u00f3n aniversario 15M (Valencia 2013)&lt;\/p&gt;\n\" data-image-caption=\"\" data-medium-file=\"https:\/\/www.victorarandagarcia.es\/wp-content\/uploads\/2013-05-12_aniversario-15m-07-200x300.jpg\" data-large-file=\"https:\/\/www.victorarandagarcia.es\/wp-content\/uploads\/2013-05-12_aniversario-15m-07.jpg\" decoding=\"async\" loading=\"lazy\" width=\"481\" height=\"720\" src=\"https:\/\/www.victorarandagarcia.es\/wp-content\/uploads\/2013-05-12_aniversario-15m-07.jpg\" alt=\"\" data-id=\"2643\" data-link=\"https:\/\/www.victorarandagarcia.es\/index.php\/arte\/reportaje-arte\/15m\/attachment\/2013-05-12_aniversario-15m-07\/\" class=\"wp-image-2643\" srcset=\"https:\/\/www.victorarandagarcia.es\/wp-content\/uploads\/2013-05-12_aniversario-15m-07.jpg 481w, https:\/\/www.victorarandagarcia.es\/wp-content\/uploads\/2013-05-12_aniversario-15m-07-200x300.jpg 200w\" sizes=\"(max-width: 481px) 100vw, 481px\" \/><\/figure><\/li><li class=\"blocks-gallery-item\"><figure><img data-attachment-id=\"2667\" data-permalink=\"https:\/\/www.victorarandagarcia.es\/index.php\/arte\/reportaje-fotografico\/15m\/attachment\/2013-05-12_aniversario-15m-09\/\" data-orig-file=\"https:\/\/www.victorarandagarcia.es\/wp-content\/uploads\/2013-05-12_aniversario-15m-09.jpg\" data-orig-size=\"720,481\" data-comments-opened=\"0\" data-image-meta=\"{&quot;aperture&quot;:&quot;0&quot;,&quot;credit&quot;:&quot;&quot;,&quot;camera&quot;:&quot;&quot;,&quot;caption&quot;:&quot;&quot;,&quot;created_timestamp&quot;:&quot;0&quot;,&quot;copyright&quot;:&quot;&quot;,&quot;focal_length&quot;:&quot;0&quot;,&quot;iso&quot;:&quot;0&quot;,&quot;shutter_speed&quot;:&quot;0&quot;,&quot;title&quot;:&quot;&quot;,&quot;orientation&quot;:&quot;0&quot;}\" data-image-title=\"2013-05-12_aniversario-15m-09\" data-image-description=\"&lt;p&gt;Manifestaci\u00f3n aniversario 15M (Valencia 2013)&lt;\/p&gt;\n\" data-image-caption=\"\" data-medium-file=\"https:\/\/www.victorarandagarcia.es\/wp-content\/uploads\/2013-05-12_aniversario-15m-09-300x200.jpg\" data-large-file=\"https:\/\/www.victorarandagarcia.es\/wp-content\/uploads\/2013-05-12_aniversario-15m-09.jpg\" decoding=\"async\" loading=\"lazy\" width=\"720\" height=\"481\" src=\"https:\/\/www.victorarandagarcia.es\/wp-content\/uploads\/2013-05-12_aniversario-15m-09.jpg\" alt=\"\" data-id=\"2667\" data-link=\"https:\/\/www.victorarandagarcia.es\/index.php\/arte\/reportaje-arte\/15m\/attachment\/2013-05-12_aniversario-15m-09\/\" class=\"wp-image-2667\" srcset=\"https:\/\/www.victorarandagarcia.es\/wp-content\/uploads\/2013-05-12_aniversario-15m-09.jpg 720w, https:\/\/www.victorarandagarcia.es\/wp-content\/uploads\/2013-05-12_aniversario-15m-09-300x200.jpg 300w\" sizes=\"(max-width: 720px) 100vw, 720px\" \/><\/figure><\/li><li class=\"blocks-gallery-item\"><figure><img data-attachment-id=\"2647\" data-permalink=\"https:\/\/www.victorarandagarcia.es\/index.php\/arte\/reportaje-fotografico\/15m\/attachment\/2013-05-12_aniversario-15m-24\/\" data-orig-file=\"https:\/\/www.victorarandagarcia.es\/wp-content\/uploads\/2013-05-12_aniversario-15m-24.jpg\" data-orig-size=\"720,481\" data-comments-opened=\"0\" data-image-meta=\"{&quot;aperture&quot;:&quot;0&quot;,&quot;credit&quot;:&quot;&quot;,&quot;camera&quot;:&quot;&quot;,&quot;caption&quot;:&quot;&quot;,&quot;created_timestamp&quot;:&quot;0&quot;,&quot;copyright&quot;:&quot;&quot;,&quot;focal_length&quot;:&quot;0&quot;,&quot;iso&quot;:&quot;0&quot;,&quot;shutter_speed&quot;:&quot;0&quot;,&quot;title&quot;:&quot;&quot;,&quot;orientation&quot;:&quot;0&quot;}\" data-image-title=\"2013-05-12_aniversario-15m-24\" data-image-description=\"&lt;p&gt;Manifestaci\u00f3n aniversario 15M (Valencia 2013)&lt;\/p&gt;\n\" data-image-caption=\"\" data-medium-file=\"https:\/\/www.victorarandagarcia.es\/wp-content\/uploads\/2013-05-12_aniversario-15m-24-300x200.jpg\" data-large-file=\"https:\/\/www.victorarandagarcia.es\/wp-content\/uploads\/2013-05-12_aniversario-15m-24.jpg\" decoding=\"async\" loading=\"lazy\" width=\"720\" height=\"481\" src=\"https:\/\/www.victorarandagarcia.es\/wp-content\/uploads\/2013-05-12_aniversario-15m-24.jpg\" alt=\"\" data-id=\"2647\" data-link=\"https:\/\/www.victorarandagarcia.es\/index.php\/arte\/reportaje-arte\/15m\/attachment\/2013-05-12_aniversario-15m-24\/\" class=\"wp-image-2647\" srcset=\"https:\/\/www.victorarandagarcia.es\/wp-content\/uploads\/2013-05-12_aniversario-15m-24.jpg 720w, https:\/\/www.victorarandagarcia.es\/wp-content\/uploads\/2013-05-12_aniversario-15m-24-300x200.jpg 300w\" sizes=\"(max-width: 720px) 100vw, 720px\" \/><\/figure><\/li><li class=\"blocks-gallery-item\"><figure><img data-attachment-id=\"2650\" data-permalink=\"https:\/\/www.victorarandagarcia.es\/index.php\/arte\/reportaje-fotografico\/15m\/attachment\/2013-05-12_aniversario-15m-27\/\" data-orig-file=\"https:\/\/www.victorarandagarcia.es\/wp-content\/uploads\/2013-05-12_aniversario-15m-27.jpg\" data-orig-size=\"481,720\" data-comments-opened=\"0\" data-image-meta=\"{&quot;aperture&quot;:&quot;0&quot;,&quot;credit&quot;:&quot;&quot;,&quot;camera&quot;:&quot;&quot;,&quot;caption&quot;:&quot;&quot;,&quot;created_timestamp&quot;:&quot;0&quot;,&quot;copyright&quot;:&quot;&quot;,&quot;focal_length&quot;:&quot;0&quot;,&quot;iso&quot;:&quot;0&quot;,&quot;shutter_speed&quot;:&quot;0&quot;,&quot;title&quot;:&quot;&quot;,&quot;orientation&quot;:&quot;0&quot;}\" data-image-title=\"2013-05-12_aniversario-15m-27\" data-image-description=\"&lt;p&gt;Manifestaci\u00f3n aniversario 15M (Valencia 2013)&lt;\/p&gt;\n\" data-image-caption=\"\" data-medium-file=\"https:\/\/www.victorarandagarcia.es\/wp-content\/uploads\/2013-05-12_aniversario-15m-27-200x300.jpg\" data-large-file=\"https:\/\/www.victorarandagarcia.es\/wp-content\/uploads\/2013-05-12_aniversario-15m-27.jpg\" decoding=\"async\" loading=\"lazy\" width=\"481\" height=\"720\" src=\"https:\/\/www.victorarandagarcia.es\/wp-content\/uploads\/2013-05-12_aniversario-15m-27.jpg\" alt=\"\" data-id=\"2650\" data-link=\"https:\/\/www.victorarandagarcia.es\/index.php\/arte\/reportaje-arte\/15m\/attachment\/2013-05-12_aniversario-15m-27\/\" class=\"wp-image-2650\" srcset=\"https:\/\/www.victorarandagarcia.es\/wp-content\/uploads\/2013-05-12_aniversario-15m-27.jpg 481w, https:\/\/www.victorarandagarcia.es\/wp-content\/uploads\/2013-05-12_aniversario-15m-27-200x300.jpg 200w\" sizes=\"(max-width: 481px) 100vw, 481px\" \/><\/figure><\/li><li class=\"blocks-gallery-item\"><figure><img data-attachment-id=\"2645\" data-permalink=\"https:\/\/www.victorarandagarcia.es\/index.php\/arte\/reportaje-fotografico\/15m\/attachment\/2013-05-12_aniversario-15m-10\/\" data-orig-file=\"https:\/\/www.victorarandagarcia.es\/wp-content\/uploads\/2013-05-12_aniversario-15m-10.jpg\" data-orig-size=\"481,720\" data-comments-opened=\"0\" data-image-meta=\"{&quot;aperture&quot;:&quot;0&quot;,&quot;credit&quot;:&quot;&quot;,&quot;camera&quot;:&quot;&quot;,&quot;caption&quot;:&quot;&quot;,&quot;created_timestamp&quot;:&quot;0&quot;,&quot;copyright&quot;:&quot;&quot;,&quot;focal_length&quot;:&quot;0&quot;,&quot;iso&quot;:&quot;0&quot;,&quot;shutter_speed&quot;:&quot;0&quot;,&quot;title&quot;:&quot;&quot;,&quot;orientation&quot;:&quot;0&quot;}\" data-image-title=\"2013-05-12_aniversario-15m-10\" data-image-description=\"&lt;p&gt;Manifestaci\u00f3n aniversario 15M (Valencia 2013)&lt;\/p&gt;\n\" data-image-caption=\"\" data-medium-file=\"https:\/\/www.victorarandagarcia.es\/wp-content\/uploads\/2013-05-12_aniversario-15m-10-200x300.jpg\" data-large-file=\"https:\/\/www.victorarandagarcia.es\/wp-content\/uploads\/2013-05-12_aniversario-15m-10.jpg\" decoding=\"async\" loading=\"lazy\" width=\"481\" height=\"720\" src=\"https:\/\/www.victorarandagarcia.es\/wp-content\/uploads\/2013-05-12_aniversario-15m-10.jpg\" alt=\"\" data-id=\"2645\" data-link=\"https:\/\/www.victorarandagarcia.es\/index.php\/arte\/reportaje-arte\/15m\/attachment\/2013-05-12_aniversario-15m-10\/\" class=\"wp-image-2645\" srcset=\"https:\/\/www.victorarandagarcia.es\/wp-content\/uploads\/2013-05-12_aniversario-15m-10.jpg 481w, https:\/\/www.victorarandagarcia.es\/wp-content\/uploads\/2013-05-12_aniversario-15m-10-200x300.jpg 200w\" sizes=\"(max-width: 481px) 100vw, 481px\" \/><\/figure><\/li><li class=\"blocks-gallery-item\"><figure><img data-attachment-id=\"2661\" data-permalink=\"https:\/\/www.victorarandagarcia.es\/index.php\/arte\/reportaje-fotografico\/15m\/attachment\/2013-05-12_aniversario-15m-13\/\" data-orig-file=\"https:\/\/www.victorarandagarcia.es\/wp-content\/uploads\/2013-05-12_aniversario-15m-13.jpg\" data-orig-size=\"720,481\" data-comments-opened=\"0\" data-image-meta=\"{&quot;aperture&quot;:&quot;0&quot;,&quot;credit&quot;:&quot;&quot;,&quot;camera&quot;:&quot;&quot;,&quot;caption&quot;:&quot;&quot;,&quot;created_timestamp&quot;:&quot;0&quot;,&quot;copyright&quot;:&quot;&quot;,&quot;focal_length&quot;:&quot;0&quot;,&quot;iso&quot;:&quot;0&quot;,&quot;shutter_speed&quot;:&quot;0&quot;,&quot;title&quot;:&quot;&quot;,&quot;orientation&quot;:&quot;0&quot;}\" data-image-title=\"2013-05-12_aniversario-15m-13\" data-image-description=\"&lt;p&gt;Manifestaci\u00f3n aniversario 15M (Valencia 2013)&lt;\/p&gt;\n\" data-image-caption=\"\" data-medium-file=\"https:\/\/www.victorarandagarcia.es\/wp-content\/uploads\/2013-05-12_aniversario-15m-13-300x200.jpg\" data-large-file=\"https:\/\/www.victorarandagarcia.es\/wp-content\/uploads\/2013-05-12_aniversario-15m-13.jpg\" decoding=\"async\" loading=\"lazy\" width=\"720\" height=\"481\" src=\"https:\/\/www.victorarandagarcia.es\/wp-content\/uploads\/2013-05-12_aniversario-15m-13.jpg\" alt=\"\" data-id=\"2661\" data-link=\"https:\/\/www.victorarandagarcia.es\/index.php\/arte\/reportaje-arte\/15m\/attachment\/2013-05-12_aniversario-15m-13\/\" class=\"wp-image-2661\" srcset=\"https:\/\/www.victorarandagarcia.es\/wp-content\/uploads\/2013-05-12_aniversario-15m-13.jpg 720w, https:\/\/www.victorarandagarcia.es\/wp-content\/uploads\/2013-05-12_aniversario-15m-13-300x200.jpg 300w\" sizes=\"(max-width: 720px) 100vw, 720px\" \/><\/figure><\/li><li class=\"blocks-gallery-item\"><figure><img data-attachment-id=\"2649\" data-permalink=\"https:\/\/www.victorarandagarcia.es\/index.php\/arte\/reportaje-fotografico\/15m\/attachment\/2013-05-12_aniversario-15m-21\/\" data-orig-file=\"https:\/\/www.victorarandagarcia.es\/wp-content\/uploads\/2013-05-12_aniversario-15m-21.jpg\" data-orig-size=\"720,481\" data-comments-opened=\"0\" data-image-meta=\"{&quot;aperture&quot;:&quot;0&quot;,&quot;credit&quot;:&quot;&quot;,&quot;camera&quot;:&quot;&quot;,&quot;caption&quot;:&quot;&quot;,&quot;created_timestamp&quot;:&quot;0&quot;,&quot;copyright&quot;:&quot;&quot;,&quot;focal_length&quot;:&quot;0&quot;,&quot;iso&quot;:&quot;0&quot;,&quot;shutter_speed&quot;:&quot;0&quot;,&quot;title&quot;:&quot;&quot;,&quot;orientation&quot;:&quot;0&quot;}\" data-image-title=\"2013-05-12_aniversario-15m-21\" data-image-description=\"&lt;p&gt;Manifestaci\u00f3n aniversario 15M (Valencia 2013)&lt;\/p&gt;\n\" data-image-caption=\"\" data-medium-file=\"https:\/\/www.victorarandagarcia.es\/wp-content\/uploads\/2013-05-12_aniversario-15m-21-300x200.jpg\" data-large-file=\"https:\/\/www.victorarandagarcia.es\/wp-content\/uploads\/2013-05-12_aniversario-15m-21.jpg\" decoding=\"async\" loading=\"lazy\" width=\"720\" height=\"481\" src=\"https:\/\/www.victorarandagarcia.es\/wp-content\/uploads\/2013-05-12_aniversario-15m-21.jpg\" alt=\"\" data-id=\"2649\" data-link=\"https:\/\/www.victorarandagarcia.es\/index.php\/arte\/reportaje-arte\/15m\/attachment\/2013-05-12_aniversario-15m-21\/\" class=\"wp-image-2649\" srcset=\"https:\/\/www.victorarandagarcia.es\/wp-content\/uploads\/2013-05-12_aniversario-15m-21.jpg 720w, https:\/\/www.victorarandagarcia.es\/wp-content\/uploads\/2013-05-12_aniversario-15m-21-300x200.jpg 300w\" sizes=\"(max-width: 720px) 100vw, 720px\" \/><\/figure><\/li><li class=\"blocks-gallery-item\"><figure><img data-attachment-id=\"2673\" data-permalink=\"https:\/\/www.victorarandagarcia.es\/index.php\/arte\/reportaje-fotografico\/15m\/attachment\/2013-05-12_aniversario-15m-29\/\" data-orig-file=\"https:\/\/www.victorarandagarcia.es\/wp-content\/uploads\/2013-05-12_aniversario-15m-29.jpg\" data-orig-size=\"481,720\" data-comments-opened=\"0\" data-image-meta=\"{&quot;aperture&quot;:&quot;0&quot;,&quot;credit&quot;:&quot;&quot;,&quot;camera&quot;:&quot;&quot;,&quot;caption&quot;:&quot;&quot;,&quot;created_timestamp&quot;:&quot;0&quot;,&quot;copyright&quot;:&quot;&quot;,&quot;focal_length&quot;:&quot;0&quot;,&quot;iso&quot;:&quot;0&quot;,&quot;shutter_speed&quot;:&quot;0&quot;,&quot;title&quot;:&quot;&quot;,&quot;orientation&quot;:&quot;0&quot;}\" data-image-title=\"2013-05-12_aniversario-15m-29\" data-image-description=\"&lt;p&gt;Manifestaci\u00f3n aniversario 15M (Valencia 2013)&lt;\/p&gt;\n\" data-image-caption=\"\" data-medium-file=\"https:\/\/www.victorarandagarcia.es\/wp-content\/uploads\/2013-05-12_aniversario-15m-29-200x300.jpg\" data-large-file=\"https:\/\/www.victorarandagarcia.es\/wp-content\/uploads\/2013-05-12_aniversario-15m-29.jpg\" decoding=\"async\" loading=\"lazy\" width=\"481\" height=\"720\" src=\"https:\/\/www.victorarandagarcia.es\/wp-content\/uploads\/2013-05-12_aniversario-15m-29.jpg\" alt=\"\" data-id=\"2673\" data-link=\"https:\/\/www.victorarandagarcia.es\/index.php\/arte\/reportaje-arte\/15m\/attachment\/2013-05-12_aniversario-15m-29\/\" class=\"wp-image-2673\" srcset=\"https:\/\/www.victorarandagarcia.es\/wp-content\/uploads\/2013-05-12_aniversario-15m-29.jpg 481w, https:\/\/www.victorarandagarcia.es\/wp-content\/uploads\/2013-05-12_aniversario-15m-29-200x300.jpg 200w\" sizes=\"(max-width: 481px) 100vw, 481px\" \/><\/figure><\/li><li class=\"blocks-gallery-item\"><figure><img data-attachment-id=\"2653\" data-permalink=\"https:\/\/www.victorarandagarcia.es\/index.php\/arte\/reportaje-fotografico\/15m\/attachment\/2013-05-12_aniversario-15m-03\/\" data-orig-file=\"https:\/\/www.victorarandagarcia.es\/wp-content\/uploads\/2013-05-12_aniversario-15m-03.jpg\" data-orig-size=\"481,720\" data-comments-opened=\"0\" data-image-meta=\"{&quot;aperture&quot;:&quot;0&quot;,&quot;credit&quot;:&quot;&quot;,&quot;camera&quot;:&quot;&quot;,&quot;caption&quot;:&quot;&quot;,&quot;created_timestamp&quot;:&quot;0&quot;,&quot;copyright&quot;:&quot;&quot;,&quot;focal_length&quot;:&quot;0&quot;,&quot;iso&quot;:&quot;0&quot;,&quot;shutter_speed&quot;:&quot;0&quot;,&quot;title&quot;:&quot;&quot;,&quot;orientation&quot;:&quot;0&quot;}\" data-image-title=\"2013-05-12_aniversario-15m-03\" data-image-description=\"&lt;p&gt;Manifestaci\u00f3n aniversario 15M (Valencia 2013)&lt;\/p&gt;\n\" data-image-caption=\"\" data-medium-file=\"https:\/\/www.victorarandagarcia.es\/wp-content\/uploads\/2013-05-12_aniversario-15m-03-200x300.jpg\" data-large-file=\"https:\/\/www.victorarandagarcia.es\/wp-content\/uploads\/2013-05-12_aniversario-15m-03.jpg\" decoding=\"async\" loading=\"lazy\" width=\"481\" height=\"720\" src=\"https:\/\/www.victorarandagarcia.es\/wp-content\/uploads\/2013-05-12_aniversario-15m-03.jpg\" alt=\"\" data-id=\"2653\" data-link=\"https:\/\/www.victorarandagarcia.es\/index.php\/arte\/reportaje-arte\/15m\/attachment\/2013-05-12_aniversario-15m-03\/\" class=\"wp-image-2653\" srcset=\"https:\/\/www.victorarandagarcia.es\/wp-content\/uploads\/2013-05-12_aniversario-15m-03.jpg 481w, https:\/\/www.victorarandagarcia.es\/wp-content\/uploads\/2013-05-12_aniversario-15m-03-200x300.jpg 200w\" sizes=\"(max-width: 481px) 100vw, 481px\" \/><\/figure><\/li><li class=\"blocks-gallery-item\"><figure><img data-attachment-id=\"2668\" data-permalink=\"https:\/\/www.victorarandagarcia.es\/index.php\/arte\/reportaje-fotografico\/15m\/attachment\/2013-05-12_aniversario-15m-18\/\" data-orig-file=\"https:\/\/www.victorarandagarcia.es\/wp-content\/uploads\/2013-05-12_aniversario-15m-18.jpg\" data-orig-size=\"720,481\" data-comments-opened=\"0\" data-image-meta=\"{&quot;aperture&quot;:&quot;0&quot;,&quot;credit&quot;:&quot;&quot;,&quot;camera&quot;:&quot;&quot;,&quot;caption&quot;:&quot;&quot;,&quot;created_timestamp&quot;:&quot;0&quot;,&quot;copyright&quot;:&quot;&quot;,&quot;focal_length&quot;:&quot;0&quot;,&quot;iso&quot;:&quot;0&quot;,&quot;shutter_speed&quot;:&quot;0&quot;,&quot;title&quot;:&quot;&quot;,&quot;orientation&quot;:&quot;0&quot;}\" data-image-title=\"2013-05-12_aniversario-15m-18\" data-image-description=\"&lt;p&gt;Manifestaci\u00f3n aniversario 15M (Valencia 2013)&lt;\/p&gt;\n\" data-image-caption=\"\" data-medium-file=\"https:\/\/www.victorarandagarcia.es\/wp-content\/uploads\/2013-05-12_aniversario-15m-18-300x200.jpg\" data-large-file=\"https:\/\/www.victorarandagarcia.es\/wp-content\/uploads\/2013-05-12_aniversario-15m-18.jpg\" decoding=\"async\" loading=\"lazy\" width=\"720\" height=\"481\" src=\"https:\/\/www.victorarandagarcia.es\/wp-content\/uploads\/2013-05-12_aniversario-15m-18.jpg\" alt=\"\" data-id=\"2668\" data-link=\"https:\/\/www.victorarandagarcia.es\/index.php\/arte\/reportaje-arte\/15m\/attachment\/2013-05-12_aniversario-15m-18\/\" class=\"wp-image-2668\" srcset=\"https:\/\/www.victorarandagarcia.es\/wp-content\/uploads\/2013-05-12_aniversario-15m-18.jpg 720w, https:\/\/www.victorarandagarcia.es\/wp-content\/uploads\/2013-05-12_aniversario-15m-18-300x200.jpg 300w\" sizes=\"(max-width: 720px) 100vw, 720px\" \/><\/figure><\/li><li class=\"blocks-gallery-item\"><figure><img data-attachment-id=\"2646\" data-permalink=\"https:\/\/www.victorarandagarcia.es\/index.php\/arte\/reportaje-fotografico\/15m\/attachment\/2013-05-12_aniversario-15m-23\/\" data-orig-file=\"https:\/\/www.victorarandagarcia.es\/wp-content\/uploads\/2013-05-12_aniversario-15m-23.jpg\" data-orig-size=\"720,481\" data-comments-opened=\"0\" data-image-meta=\"{&quot;aperture&quot;:&quot;0&quot;,&quot;credit&quot;:&quot;&quot;,&quot;camera&quot;:&quot;&quot;,&quot;caption&quot;:&quot;&quot;,&quot;created_timestamp&quot;:&quot;0&quot;,&quot;copyright&quot;:&quot;&quot;,&quot;focal_length&quot;:&quot;0&quot;,&quot;iso&quot;:&quot;0&quot;,&quot;shutter_speed&quot;:&quot;0&quot;,&quot;title&quot;:&quot;&quot;,&quot;orientation&quot;:&quot;0&quot;}\" data-image-title=\"2013-05-12_aniversario-15m-23\" data-image-description=\"&lt;p&gt;Manifestaci\u00f3n aniversario 15M (Valencia 2013)&lt;\/p&gt;\n\" data-image-caption=\"\" data-medium-file=\"https:\/\/www.victorarandagarcia.es\/wp-content\/uploads\/2013-05-12_aniversario-15m-23-300x200.jpg\" data-large-file=\"https:\/\/www.victorarandagarcia.es\/wp-content\/uploads\/2013-05-12_aniversario-15m-23.jpg\" decoding=\"async\" loading=\"lazy\" width=\"720\" height=\"481\" src=\"https:\/\/www.victorarandagarcia.es\/wp-content\/uploads\/2013-05-12_aniversario-15m-23.jpg\" alt=\"\" data-id=\"2646\" data-link=\"https:\/\/www.victorarandagarcia.es\/index.php\/arte\/reportaje-arte\/15m\/attachment\/2013-05-12_aniversario-15m-23\/\" class=\"wp-image-2646\" srcset=\"https:\/\/www.victorarandagarcia.es\/wp-content\/uploads\/2013-05-12_aniversario-15m-23.jpg 720w, https:\/\/www.victorarandagarcia.es\/wp-content\/uploads\/2013-05-12_aniversario-15m-23-300x200.jpg 300w\" sizes=\"(max-width: 720px) 100vw, 720px\" \/><\/figure><\/li><li class=\"blocks-gallery-item\"><figure><img data-attachment-id=\"2658\" data-permalink=\"https:\/\/www.victorarandagarcia.es\/index.php\/arte\/reportaje-fotografico\/15m\/attachment\/2013-05-12_aniversario-15m-14\/\" data-orig-file=\"https:\/\/www.victorarandagarcia.es\/wp-content\/uploads\/2013-05-12_aniversario-15m-14.jpg\" data-orig-size=\"481,720\" data-comments-opened=\"0\" data-image-meta=\"{&quot;aperture&quot;:&quot;0&quot;,&quot;credit&quot;:&quot;&quot;,&quot;camera&quot;:&quot;&quot;,&quot;caption&quot;:&quot;&quot;,&quot;created_timestamp&quot;:&quot;0&quot;,&quot;copyright&quot;:&quot;&quot;,&quot;focal_length&quot;:&quot;0&quot;,&quot;iso&quot;:&quot;0&quot;,&quot;shutter_speed&quot;:&quot;0&quot;,&quot;title&quot;:&quot;&quot;,&quot;orientation&quot;:&quot;0&quot;}\" data-image-title=\"2013-05-12_aniversario-15m-14\" data-image-description=\"&lt;p&gt;Manifestaci\u00f3n aniversario 15M (Valencia 2013)&lt;\/p&gt;\n\" data-image-caption=\"\" data-medium-file=\"https:\/\/www.victorarandagarcia.es\/wp-content\/uploads\/2013-05-12_aniversario-15m-14-200x300.jpg\" data-large-file=\"https:\/\/www.victorarandagarcia.es\/wp-content\/uploads\/2013-05-12_aniversario-15m-14.jpg\" decoding=\"async\" loading=\"lazy\" width=\"481\" height=\"720\" src=\"https:\/\/www.victorarandagarcia.es\/wp-content\/uploads\/2013-05-12_aniversario-15m-14.jpg\" alt=\"\" data-id=\"2658\" data-link=\"https:\/\/www.victorarandagarcia.es\/index.php\/arte\/reportaje-arte\/15m\/attachment\/2013-05-12_aniversario-15m-14\/\" class=\"wp-image-2658\" srcset=\"https:\/\/www.victorarandagarcia.es\/wp-content\/uploads\/2013-05-12_aniversario-15m-14.jpg 481w, https:\/\/www.victorarandagarcia.es\/wp-content\/uploads\/2013-05-12_aniversario-15m-14-200x300.jpg 200w\" sizes=\"(max-width: 481px) 100vw, 481px\" \/><\/figure><\/li><li class=\"blocks-gallery-item\"><figure><img data-attachment-id=\"2664\" data-permalink=\"https:\/\/www.victorarandagarcia.es\/index.php\/arte\/reportaje-fotografico\/15m\/attachment\/2013-05-12_aniversario-15m-01\/\" data-orig-file=\"https:\/\/www.victorarandagarcia.es\/wp-content\/uploads\/2013-05-12_aniversario-15m-01.jpg\" data-orig-size=\"481,720\" data-comments-opened=\"0\" data-image-meta=\"{&quot;aperture&quot;:&quot;0&quot;,&quot;credit&quot;:&quot;&quot;,&quot;camera&quot;:&quot;&quot;,&quot;caption&quot;:&quot;&quot;,&quot;created_timestamp&quot;:&quot;0&quot;,&quot;copyright&quot;:&quot;&quot;,&quot;focal_length&quot;:&quot;0&quot;,&quot;iso&quot;:&quot;0&quot;,&quot;shutter_speed&quot;:&quot;0&quot;,&quot;title&quot;:&quot;&quot;,&quot;orientation&quot;:&quot;0&quot;}\" data-image-title=\"2013-05-12_aniversario-15m-01\" data-image-description=\"&lt;p&gt;Manifestaci\u00f3n aniversario 15M (Valencia 2013)&lt;\/p&gt;\n\" data-image-caption=\"\" data-medium-file=\"https:\/\/www.victorarandagarcia.es\/wp-content\/uploads\/2013-05-12_aniversario-15m-01-200x300.jpg\" data-large-file=\"https:\/\/www.victorarandagarcia.es\/wp-content\/uploads\/2013-05-12_aniversario-15m-01.jpg\" decoding=\"async\" loading=\"lazy\" width=\"481\" height=\"720\" src=\"https:\/\/www.victorarandagarcia.es\/wp-content\/uploads\/2013-05-12_aniversario-15m-01.jpg\" alt=\"\" data-id=\"2664\" data-link=\"https:\/\/www.victorarandagarcia.es\/index.php\/arte\/reportaje-arte\/15m\/attachment\/2013-05-12_aniversario-15m-01\/\" class=\"wp-image-2664\" srcset=\"https:\/\/www.victorarandagarcia.es\/wp-content\/uploads\/2013-05-12_aniversario-15m-01.jpg 481w, https:\/\/www.victorarandagarcia.es\/wp-content\/uploads\/2013-05-12_aniversario-15m-01-200x300.jpg 200w\" sizes=\"(max-width: 481px) 100vw, 481px\" \/><\/figure><\/li><li class=\"blocks-gallery-item\"><figure><img data-attachment-id=\"2648\" data-permalink=\"https:\/\/www.victorarandagarcia.es\/index.php\/arte\/reportaje-fotografico\/15m\/attachment\/2013-05-12_aniversario-15m-17\/\" data-orig-file=\"https:\/\/www.victorarandagarcia.es\/wp-content\/uploads\/2013-05-12_aniversario-15m-17.jpg\" data-orig-size=\"481,720\" data-comments-opened=\"0\" data-image-meta=\"{&quot;aperture&quot;:&quot;0&quot;,&quot;credit&quot;:&quot;&quot;,&quot;camera&quot;:&quot;&quot;,&quot;caption&quot;:&quot;&quot;,&quot;created_timestamp&quot;:&quot;0&quot;,&quot;copyright&quot;:&quot;&quot;,&quot;focal_length&quot;:&quot;0&quot;,&quot;iso&quot;:&quot;0&quot;,&quot;shutter_speed&quot;:&quot;0&quot;,&quot;title&quot;:&quot;&quot;,&quot;orientation&quot;:&quot;0&quot;}\" data-image-title=\"2013-05-12_aniversario-15m-17\" data-image-description=\"&lt;p&gt;Manifestaci\u00f3n aniversario 15M (Valencia 2013)&lt;\/p&gt;\n\" data-image-caption=\"\" data-medium-file=\"https:\/\/www.victorarandagarcia.es\/wp-content\/uploads\/2013-05-12_aniversario-15m-17-200x300.jpg\" data-large-file=\"https:\/\/www.victorarandagarcia.es\/wp-content\/uploads\/2013-05-12_aniversario-15m-17.jpg\" decoding=\"async\" loading=\"lazy\" width=\"481\" height=\"720\" src=\"https:\/\/www.victorarandagarcia.es\/wp-content\/uploads\/2013-05-12_aniversario-15m-17.jpg\" alt=\"\" data-id=\"2648\" data-link=\"https:\/\/www.victorarandagarcia.es\/index.php\/arte\/reportaje-arte\/15m\/attachment\/2013-05-12_aniversario-15m-17\/\" class=\"wp-image-2648\" srcset=\"https:\/\/www.victorarandagarcia.es\/wp-content\/uploads\/2013-05-12_aniversario-15m-17.jpg 481w, https:\/\/www.victorarandagarcia.es\/wp-content\/uploads\/2013-05-12_aniversario-15m-17-200x300.jpg 200w\" sizes=\"(max-width: 481px) 100vw, 481px\" \/><\/figure><\/li><li class=\"blocks-gallery-item\"><figure><img data-attachment-id=\"2655\" data-permalink=\"https:\/\/www.victorarandagarcia.es\/index.php\/arte\/reportaje-fotografico\/15m\/attachment\/2013-05-12_aniversario-15m-25\/\" data-orig-file=\"https:\/\/www.victorarandagarcia.es\/wp-content\/uploads\/2013-05-12_aniversario-15m-25.jpg\" data-orig-size=\"481,720\" data-comments-opened=\"0\" data-image-meta=\"{&quot;aperture&quot;:&quot;0&quot;,&quot;credit&quot;:&quot;&quot;,&quot;camera&quot;:&quot;&quot;,&quot;caption&quot;:&quot;&quot;,&quot;created_timestamp&quot;:&quot;0&quot;,&quot;copyright&quot;:&quot;&quot;,&quot;focal_length&quot;:&quot;0&quot;,&quot;iso&quot;:&quot;0&quot;,&quot;shutter_speed&quot;:&quot;0&quot;,&quot;title&quot;:&quot;&quot;,&quot;orientation&quot;:&quot;0&quot;}\" data-image-title=\"2013-05-12_aniversario-15m-25\" data-image-description=\"&lt;p&gt;Manifestaci\u00f3n aniversario 15M (Valencia 2013)&lt;\/p&gt;\n\" data-image-caption=\"\" data-medium-file=\"https:\/\/www.victorarandagarcia.es\/wp-content\/uploads\/2013-05-12_aniversario-15m-25-200x300.jpg\" data-large-file=\"https:\/\/www.victorarandagarcia.es\/wp-content\/uploads\/2013-05-12_aniversario-15m-25.jpg\" decoding=\"async\" loading=\"lazy\" width=\"481\" height=\"720\" src=\"https:\/\/www.victorarandagarcia.es\/wp-content\/uploads\/2013-05-12_aniversario-15m-25.jpg\" alt=\"\" data-id=\"2655\" data-link=\"https:\/\/www.victorarandagarcia.es\/index.php\/arte\/reportaje-arte\/15m\/attachment\/2013-05-12_aniversario-15m-25\/\" class=\"wp-image-2655\" srcset=\"https:\/\/www.victorarandagarcia.es\/wp-content\/uploads\/2013-05-12_aniversario-15m-25.jpg 481w, https:\/\/www.victorarandagarcia.es\/wp-content\/uploads\/2013-05-12_aniversario-15m-25-200x300.jpg 200w\" sizes=\"(max-width: 481px) 100vw, 481px\" \/><\/figure><\/li><li class=\"blocks-gallery-item\"><figure><img data-attachment-id=\"2652\" data-permalink=\"https:\/\/www.victorarandagarcia.es\/index.php\/arte\/reportaje-fotografico\/15m\/attachment\/2013-05-12_aniversario-15m-28\/\" data-orig-file=\"https:\/\/www.victorarandagarcia.es\/wp-content\/uploads\/2013-05-12_aniversario-15m-28.jpg\" data-orig-size=\"481,720\" data-comments-opened=\"0\" data-image-meta=\"{&quot;aperture&quot;:&quot;0&quot;,&quot;credit&quot;:&quot;&quot;,&quot;camera&quot;:&quot;&quot;,&quot;caption&quot;:&quot;&quot;,&quot;created_timestamp&quot;:&quot;0&quot;,&quot;copyright&quot;:&quot;&quot;,&quot;focal_length&quot;:&quot;0&quot;,&quot;iso&quot;:&quot;0&quot;,&quot;shutter_speed&quot;:&quot;0&quot;,&quot;title&quot;:&quot;&quot;,&quot;orientation&quot;:&quot;0&quot;}\" data-image-title=\"2013-05-12_aniversario-15m-28\" data-image-description=\"&lt;p&gt;Manifestaci\u00f3n aniversario 15M (Valencia 2013)&lt;\/p&gt;\n\" data-image-caption=\"\" data-medium-file=\"https:\/\/www.victorarandagarcia.es\/wp-content\/uploads\/2013-05-12_aniversario-15m-28-200x300.jpg\" data-large-file=\"https:\/\/www.victorarandagarcia.es\/wp-content\/uploads\/2013-05-12_aniversario-15m-28.jpg\" decoding=\"async\" loading=\"lazy\" width=\"481\" height=\"720\" src=\"https:\/\/www.victorarandagarcia.es\/wp-content\/uploads\/2013-05-12_aniversario-15m-28.jpg\" alt=\"\" data-id=\"2652\" data-link=\"https:\/\/www.victorarandagarcia.es\/index.php\/arte\/reportaje-arte\/15m\/attachment\/2013-05-12_aniversario-15m-28\/\" class=\"wp-image-2652\" srcset=\"https:\/\/www.victorarandagarcia.es\/wp-content\/uploads\/2013-05-12_aniversario-15m-28.jpg 481w, https:\/\/www.victorarandagarcia.es\/wp-content\/uploads\/2013-05-12_aniversario-15m-28-200x300.jpg 200w\" sizes=\"(max-width: 481px) 100vw, 481px\" \/><\/figure><\/li><li class=\"blocks-gallery-item\"><figure><img data-attachment-id=\"2656\" data-permalink=\"https:\/\/www.victorarandagarcia.es\/index.php\/arte\/reportaje-fotografico\/15m\/attachment\/2013-05-12_aniversario-15m-19\/\" data-orig-file=\"https:\/\/www.victorarandagarcia.es\/wp-content\/uploads\/2013-05-12_aniversario-15m-19.jpg\" data-orig-size=\"481,720\" data-comments-opened=\"0\" data-image-meta=\"{&quot;aperture&quot;:&quot;0&quot;,&quot;credit&quot;:&quot;&quot;,&quot;camera&quot;:&quot;&quot;,&quot;caption&quot;:&quot;&quot;,&quot;created_timestamp&quot;:&quot;0&quot;,&quot;copyright&quot;:&quot;&quot;,&quot;focal_length&quot;:&quot;0&quot;,&quot;iso&quot;:&quot;0&quot;,&quot;shutter_speed&quot;:&quot;0&quot;,&quot;title&quot;:&quot;&quot;,&quot;orientation&quot;:&quot;0&quot;}\" data-image-title=\"2013-05-12_aniversario-15m-19\" data-image-description=\"&lt;p&gt;Manifestaci\u00f3n aniversario 15M (Valencia 2013)&lt;\/p&gt;\n\" data-image-caption=\"\" data-medium-file=\"https:\/\/www.victorarandagarcia.es\/wp-content\/uploads\/2013-05-12_aniversario-15m-19-200x300.jpg\" data-large-file=\"https:\/\/www.victorarandagarcia.es\/wp-content\/uploads\/2013-05-12_aniversario-15m-19.jpg\" decoding=\"async\" loading=\"lazy\" width=\"481\" height=\"720\" src=\"https:\/\/www.victorarandagarcia.es\/wp-content\/uploads\/2013-05-12_aniversario-15m-19.jpg\" alt=\"\" data-id=\"2656\" data-link=\"https:\/\/www.victorarandagarcia.es\/index.php\/arte\/reportaje-arte\/15m\/attachment\/2013-05-12_aniversario-15m-19\/\" class=\"wp-image-2656\" srcset=\"https:\/\/www.victorarandagarcia.es\/wp-content\/uploads\/2013-05-12_aniversario-15m-19.jpg 481w, https:\/\/www.victorarandagarcia.es\/wp-content\/uploads\/2013-05-12_aniversario-15m-19-200x300.jpg 200w\" sizes=\"(max-width: 481px) 100vw, 481px\" \/><\/figure><\/li><li class=\"blocks-gallery-item\"><figure><img data-attachment-id=\"2663\" data-permalink=\"https:\/\/www.victorarandagarcia.es\/index.php\/arte\/reportaje-fotografico\/15m\/attachment\/2013-05-12_aniversario-15m-11\/\" data-orig-file=\"https:\/\/www.victorarandagarcia.es\/wp-content\/uploads\/2013-05-12_aniversario-15m-11.jpg\" data-orig-size=\"481,720\" data-comments-opened=\"0\" data-image-meta=\"{&quot;aperture&quot;:&quot;0&quot;,&quot;credit&quot;:&quot;&quot;,&quot;camera&quot;:&quot;&quot;,&quot;caption&quot;:&quot;&quot;,&quot;created_timestamp&quot;:&quot;0&quot;,&quot;copyright&quot;:&quot;&quot;,&quot;focal_length&quot;:&quot;0&quot;,&quot;iso&quot;:&quot;0&quot;,&quot;shutter_speed&quot;:&quot;0&quot;,&quot;title&quot;:&quot;&quot;,&quot;orientation&quot;:&quot;0&quot;}\" data-image-title=\"2013-05-12_aniversario-15m-11\" data-image-description=\"&lt;p&gt;Manifestaci\u00f3n aniversario 15M (Valencia 2013)&lt;\/p&gt;\n\" data-image-caption=\"\" data-medium-file=\"https:\/\/www.victorarandagarcia.es\/wp-content\/uploads\/2013-05-12_aniversario-15m-11-200x300.jpg\" data-large-file=\"https:\/\/www.victorarandagarcia.es\/wp-content\/uploads\/2013-05-12_aniversario-15m-11.jpg\" decoding=\"async\" loading=\"lazy\" width=\"481\" height=\"720\" src=\"https:\/\/www.victorarandagarcia.es\/wp-content\/uploads\/2013-05-12_aniversario-15m-11.jpg\" alt=\"\" data-id=\"2663\" data-link=\"https:\/\/www.victorarandagarcia.es\/index.php\/arte\/reportaje-arte\/15m\/attachment\/2013-05-12_aniversario-15m-11\/\" class=\"wp-image-2663\" srcset=\"https:\/\/www.victorarandagarcia.es\/wp-content\/uploads\/2013-05-12_aniversario-15m-11.jpg 481w, https:\/\/www.victorarandagarcia.es\/wp-content\/uploads\/2013-05-12_aniversario-15m-11-200x300.jpg 200w\" sizes=\"(max-width: 481px) 100vw, 481px\" \/><\/figure><\/li><li class=\"blocks-gallery-item\"><figure><img data-attachment-id=\"2669\" data-permalink=\"https:\/\/www.victorarandagarcia.es\/index.php\/arte\/reportaje-fotografico\/15m\/attachment\/2013-05-12_aniversario-15m-15\/\" data-orig-file=\"https:\/\/www.victorarandagarcia.es\/wp-content\/uploads\/2013-05-12_aniversario-15m-15.jpg\" data-orig-size=\"481,720\" data-comments-opened=\"0\" data-image-meta=\"{&quot;aperture&quot;:&quot;0&quot;,&quot;credit&quot;:&quot;&quot;,&quot;camera&quot;:&quot;&quot;,&quot;caption&quot;:&quot;&quot;,&quot;created_timestamp&quot;:&quot;0&quot;,&quot;copyright&quot;:&quot;&quot;,&quot;focal_length&quot;:&quot;0&quot;,&quot;iso&quot;:&quot;0&quot;,&quot;shutter_speed&quot;:&quot;0&quot;,&quot;title&quot;:&quot;&quot;,&quot;orientation&quot;:&quot;0&quot;}\" data-image-title=\"2013-05-12_aniversario-15m-15\" data-image-description=\"&lt;p&gt;Manifestaci\u00f3n aniversario 15M (Valencia 2013)&lt;\/p&gt;\n\" data-image-caption=\"\" data-medium-file=\"https:\/\/www.victorarandagarcia.es\/wp-content\/uploads\/2013-05-12_aniversario-15m-15-200x300.jpg\" data-large-file=\"https:\/\/www.victorarandagarcia.es\/wp-content\/uploads\/2013-05-12_aniversario-15m-15.jpg\" decoding=\"async\" loading=\"lazy\" width=\"481\" height=\"720\" src=\"https:\/\/www.victorarandagarcia.es\/wp-content\/uploads\/2013-05-12_aniversario-15m-15.jpg\" alt=\"\" data-id=\"2669\" data-link=\"https:\/\/www.victorarandagarcia.es\/index.php\/arte\/reportaje-arte\/15m\/attachment\/2013-05-12_aniversario-15m-15\/\" class=\"wp-image-2669\" srcset=\"https:\/\/www.victorarandagarcia.es\/wp-content\/uploads\/2013-05-12_aniversario-15m-15.jpg 481w, https:\/\/www.victorarandagarcia.es\/wp-content\/uploads\/2013-05-12_aniversario-15m-15-200x300.jpg 200w\" sizes=\"(max-width: 481px) 100vw, 481px\" \/><\/figure><\/li><li class=\"blocks-gallery-item\"><figure><img data-attachment-id=\"2666\" data-permalink=\"https:\/\/www.victorarandagarcia.es\/index.php\/arte\/reportaje-fotografico\/15m\/attachment\/2013-05-12_aniversario-15m-06\/\" data-orig-file=\"https:\/\/www.victorarandagarcia.es\/wp-content\/uploads\/2013-05-12_aniversario-15m-06.jpg\" data-orig-size=\"720,481\" data-comments-opened=\"0\" data-image-meta=\"{&quot;aperture&quot;:&quot;0&quot;,&quot;credit&quot;:&quot;&quot;,&quot;camera&quot;:&quot;&quot;,&quot;caption&quot;:&quot;&quot;,&quot;created_timestamp&quot;:&quot;0&quot;,&quot;copyright&quot;:&quot;&quot;,&quot;focal_length&quot;:&quot;0&quot;,&quot;iso&quot;:&quot;0&quot;,&quot;shutter_speed&quot;:&quot;0&quot;,&quot;title&quot;:&quot;&quot;,&quot;orientation&quot;:&quot;0&quot;}\" data-image-title=\"2013-05-12_aniversario-15m-06\" data-image-description=\"&lt;p&gt;Manifestaci\u00f3n aniversario 15M (Valencia 2013)&lt;\/p&gt;\n\" data-image-caption=\"\" data-medium-file=\"https:\/\/www.victorarandagarcia.es\/wp-content\/uploads\/2013-05-12_aniversario-15m-06-300x200.jpg\" data-large-file=\"https:\/\/www.victorarandagarcia.es\/wp-content\/uploads\/2013-05-12_aniversario-15m-06.jpg\" decoding=\"async\" loading=\"lazy\" width=\"720\" height=\"481\" src=\"https:\/\/www.victorarandagarcia.es\/wp-content\/uploads\/2013-05-12_aniversario-15m-06.jpg\" alt=\"\" data-id=\"2666\" data-link=\"https:\/\/www.victorarandagarcia.es\/index.php\/arte\/reportaje-arte\/15m\/attachment\/2013-05-12_aniversario-15m-06\/\" class=\"wp-image-2666\" srcset=\"https:\/\/www.victorarandagarcia.es\/wp-content\/uploads\/2013-05-12_aniversario-15m-06.jpg 720w, https:\/\/www.victorarandagarcia.es\/wp-content\/uploads\/2013-05-12_aniversario-15m-06-300x200.jpg 300w\" sizes=\"(max-width: 720px) 100vw, 720px\" \/><\/figure><\/li><li class=\"blocks-gallery-item\"><figure><img data-attachment-id=\"2660\" data-permalink=\"https:\/\/www.victorarandagarcia.es\/index.php\/arte\/reportaje-fotografico\/15m\/attachment\/2013-05-12_aniversario-15m-22\/\" data-orig-file=\"https:\/\/www.victorarandagarcia.es\/wp-content\/uploads\/2013-05-12_aniversario-15m-22.jpg\" data-orig-size=\"720,481\" data-comments-opened=\"0\" data-image-meta=\"{&quot;aperture&quot;:&quot;0&quot;,&quot;credit&quot;:&quot;&quot;,&quot;camera&quot;:&quot;&quot;,&quot;caption&quot;:&quot;&quot;,&quot;created_timestamp&quot;:&quot;0&quot;,&quot;copyright&quot;:&quot;&quot;,&quot;focal_length&quot;:&quot;0&quot;,&quot;iso&quot;:&quot;0&quot;,&quot;shutter_speed&quot;:&quot;0&quot;,&quot;title&quot;:&quot;&quot;,&quot;orientation&quot;:&quot;0&quot;}\" data-image-title=\"2013-05-12_aniversario-15m-22\" data-image-description=\"&lt;p&gt;Manifestaci\u00f3n aniversario 15M (Valencia 2013)&lt;\/p&gt;\n\" data-image-caption=\"\" data-medium-file=\"https:\/\/www.victorarandagarcia.es\/wp-content\/uploads\/2013-05-12_aniversario-15m-22-300x200.jpg\" data-large-file=\"https:\/\/www.victorarandagarcia.es\/wp-content\/uploads\/2013-05-12_aniversario-15m-22.jpg\" decoding=\"async\" loading=\"lazy\" width=\"720\" height=\"481\" src=\"https:\/\/www.victorarandagarcia.es\/wp-content\/uploads\/2013-05-12_aniversario-15m-22.jpg\" alt=\"\" data-id=\"2660\" data-link=\"https:\/\/www.victorarandagarcia.es\/index.php\/arte\/reportaje-arte\/15m\/attachment\/2013-05-12_aniversario-15m-22\/\" class=\"wp-image-2660\" srcset=\"https:\/\/www.victorarandagarcia.es\/wp-content\/uploads\/2013-05-12_aniversario-15m-22.jpg 720w, https:\/\/www.victorarandagarcia.es\/wp-content\/uploads\/2013-05-12_aniversario-15m-22-300x200.jpg 300w\" sizes=\"(max-width: 720px) 100vw, 720px\" \/><\/figure><\/li><li class=\"blocks-gallery-item\"><figure><img data-attachment-id=\"2672\" data-permalink=\"https:\/\/www.victorarandagarcia.es\/index.php\/arte\/reportaje-fotografico\/15m\/attachment\/2013-05-12_aniversario-15m-02\/\" data-orig-file=\"https:\/\/www.victorarandagarcia.es\/wp-content\/uploads\/2013-05-12_aniversario-15m-02.jpg\" data-orig-size=\"720,481\" data-comments-opened=\"0\" data-image-meta=\"{&quot;aperture&quot;:&quot;0&quot;,&quot;credit&quot;:&quot;&quot;,&quot;camera&quot;:&quot;&quot;,&quot;caption&quot;:&quot;&quot;,&quot;created_timestamp&quot;:&quot;0&quot;,&quot;copyright&quot;:&quot;&quot;,&quot;focal_length&quot;:&quot;0&quot;,&quot;iso&quot;:&quot;0&quot;,&quot;shutter_speed&quot;:&quot;0&quot;,&quot;title&quot;:&quot;&quot;,&quot;orientation&quot;:&quot;0&quot;}\" data-image-title=\"2013-05-12_aniversario-15m-02\" data-image-description=\"&lt;p&gt;Manifestaci\u00f3n aniversario 15M (Valencia 2013)&lt;\/p&gt;\n\" data-image-caption=\"\" data-medium-file=\"https:\/\/www.victorarandagarcia.es\/wp-content\/uploads\/2013-05-12_aniversario-15m-02-300x200.jpg\" data-large-file=\"https:\/\/www.victorarandagarcia.es\/wp-content\/uploads\/2013-05-12_aniversario-15m-02.jpg\" decoding=\"async\" loading=\"lazy\" width=\"720\" height=\"481\" src=\"https:\/\/www.victorarandagarcia.es\/wp-content\/uploads\/2013-05-12_aniversario-15m-02.jpg\" alt=\"\" data-id=\"2672\" data-link=\"https:\/\/www.victorarandagarcia.es\/index.php\/arte\/reportaje-arte\/15m\/attachment\/2013-05-12_aniversario-15m-02\/\" class=\"wp-image-2672\" srcset=\"https:\/\/www.victorarandagarcia.es\/wp-content\/uploads\/2013-05-12_aniversario-15m-02.jpg 720w, https:\/\/www.victorarandagarcia.es\/wp-content\/uploads\/2013-05-12_aniversario-15m-02-300x200.jpg 300w\" sizes=\"(max-width: 720px) 100vw, 720px\" \/><\/figure><\/li><li class=\"blocks-gallery-item\"><figure><img data-attachment-id=\"2670\" data-permalink=\"https:\/\/www.victorarandagarcia.es\/index.php\/arte\/reportaje-fotografico\/15m\/attachment\/2013-05-12_aniversario-15m-12\/\" data-orig-file=\"https:\/\/www.victorarandagarcia.es\/wp-content\/uploads\/2013-05-12_aniversario-15m-12.jpg\" data-orig-size=\"720,481\" data-comments-opened=\"0\" data-image-meta=\"{&quot;aperture&quot;:&quot;0&quot;,&quot;credit&quot;:&quot;&quot;,&quot;camera&quot;:&quot;&quot;,&quot;caption&quot;:&quot;&quot;,&quot;created_timestamp&quot;:&quot;0&quot;,&quot;copyright&quot;:&quot;&quot;,&quot;focal_length&quot;:&quot;0&quot;,&quot;iso&quot;:&quot;0&quot;,&quot;shutter_speed&quot;:&quot;0&quot;,&quot;title&quot;:&quot;&quot;,&quot;orientation&quot;:&quot;0&quot;}\" data-image-title=\"2013-05-12_aniversario-15m-12\" data-image-description=\"&lt;p&gt;Manifestaci\u00f3n aniversario 15M (Valencia 2013)&lt;\/p&gt;\n\" data-image-caption=\"\" data-medium-file=\"https:\/\/www.victorarandagarcia.es\/wp-content\/uploads\/2013-05-12_aniversario-15m-12-300x200.jpg\" data-large-file=\"https:\/\/www.victorarandagarcia.es\/wp-content\/uploads\/2013-05-12_aniversario-15m-12.jpg\" decoding=\"async\" loading=\"lazy\" width=\"720\" height=\"481\" src=\"https:\/\/www.victorarandagarcia.es\/wp-content\/uploads\/2013-05-12_aniversario-15m-12.jpg\" alt=\"\" data-id=\"2670\" data-link=\"https:\/\/www.victorarandagarcia.es\/index.php\/arte\/reportaje-arte\/15m\/attachment\/2013-05-12_aniversario-15m-12\/\" class=\"wp-image-2670\" srcset=\"https:\/\/www.victorarandagarcia.es\/wp-content\/uploads\/2013-05-12_aniversario-15m-12.jpg 720w, https:\/\/www.victorarandagarcia.es\/wp-content\/uploads\/2013-05-12_aniversario-15m-12-300x200.jpg 300w\" sizes=\"(max-width: 720px) 100vw, 720px\" \/><\/figure><\/li><li class=\"blocks-gallery-item\"><figure><img data-attachment-id=\"2657\" data-permalink=\"https:\/\/www.victorarandagarcia.es\/index.php\/arte\/reportaje-fotografico\/15m\/attachment\/2013-05-12_aniversario-15m-20\/\" data-orig-file=\"https:\/\/www.victorarandagarcia.es\/wp-content\/uploads\/2013-05-12_aniversario-15m-20.jpg\" data-orig-size=\"720,481\" data-comments-opened=\"0\" data-image-meta=\"{&quot;aperture&quot;:&quot;0&quot;,&quot;credit&quot;:&quot;&quot;,&quot;camera&quot;:&quot;&quot;,&quot;caption&quot;:&quot;&quot;,&quot;created_timestamp&quot;:&quot;0&quot;,&quot;copyright&quot;:&quot;&quot;,&quot;focal_length&quot;:&quot;0&quot;,&quot;iso&quot;:&quot;0&quot;,&quot;shutter_speed&quot;:&quot;0&quot;,&quot;title&quot;:&quot;&quot;,&quot;orientation&quot;:&quot;0&quot;}\" data-image-title=\"2013-05-12_aniversario-15m-20\" data-image-description=\"&lt;p&gt;Manifestaci\u00f3n aniversario 15M (Valencia 2013)&lt;\/p&gt;\n\" data-image-caption=\"\" data-medium-file=\"https:\/\/www.victorarandagarcia.es\/wp-content\/uploads\/2013-05-12_aniversario-15m-20-300x200.jpg\" data-large-file=\"https:\/\/www.victorarandagarcia.es\/wp-content\/uploads\/2013-05-12_aniversario-15m-20.jpg\" decoding=\"async\" loading=\"lazy\" width=\"720\" height=\"481\" src=\"https:\/\/www.victorarandagarcia.es\/wp-content\/uploads\/2013-05-12_aniversario-15m-20.jpg\" alt=\"\" data-id=\"2657\" data-link=\"https:\/\/www.victorarandagarcia.es\/index.php\/arte\/reportaje-arte\/15m\/attachment\/2013-05-12_aniversario-15m-20\/\" class=\"wp-image-2657\" srcset=\"https:\/\/www.victorarandagarcia.es\/wp-content\/uploads\/2013-05-12_aniversario-15m-20.jpg 720w, https:\/\/www.victorarandagarcia.es\/wp-content\/uploads\/2013-05-12_aniversario-15m-20-300x200.jpg 300w\" sizes=\"(max-width: 720px) 100vw, 720px\" \/><\/figure><\/li><li class=\"blocks-gallery-item\"><figure><img data-attachment-id=\"2659\" data-permalink=\"https:\/\/www.victorarandagarcia.es\/index.php\/arte\/reportaje-fotografico\/15m\/attachment\/2013-05-12_aniversario-15m-26\/\" data-orig-file=\"https:\/\/www.victorarandagarcia.es\/wp-content\/uploads\/2013-05-12_aniversario-15m-26.jpg\" data-orig-size=\"481,720\" data-comments-opened=\"0\" data-image-meta=\"{&quot;aperture&quot;:&quot;0&quot;,&quot;credit&quot;:&quot;&quot;,&quot;camera&quot;:&quot;&quot;,&quot;caption&quot;:&quot;&quot;,&quot;created_timestamp&quot;:&quot;0&quot;,&quot;copyright&quot;:&quot;&quot;,&quot;focal_length&quot;:&quot;0&quot;,&quot;iso&quot;:&quot;0&quot;,&quot;shutter_speed&quot;:&quot;0&quot;,&quot;title&quot;:&quot;&quot;,&quot;orientation&quot;:&quot;0&quot;}\" data-image-title=\"2013-05-12_aniversario-15m-26\" data-image-description=\"&lt;p&gt;Manifestaci\u00f3n aniversario 15M (Valencia 2013)&lt;\/p&gt;\n\" data-image-caption=\"\" data-medium-file=\"https:\/\/www.victorarandagarcia.es\/wp-content\/uploads\/2013-05-12_aniversario-15m-26-200x300.jpg\" data-large-file=\"https:\/\/www.victorarandagarcia.es\/wp-content\/uploads\/2013-05-12_aniversario-15m-26.jpg\" decoding=\"async\" loading=\"lazy\" width=\"481\" height=\"720\" src=\"https:\/\/www.victorarandagarcia.es\/wp-content\/uploads\/2013-05-12_aniversario-15m-26.jpg\" alt=\"\" data-id=\"2659\" data-link=\"https:\/\/www.victorarandagarcia.es\/index.php\/arte\/reportaje-arte\/15m\/attachment\/2013-05-12_aniversario-15m-26\/\" class=\"wp-image-2659\" srcset=\"https:\/\/www.victorarandagarcia.es\/wp-content\/uploads\/2013-05-12_aniversario-15m-26.jpg 481w, https:\/\/www.victorarandagarcia.es\/wp-content\/uploads\/2013-05-12_aniversario-15m-26-200x300.jpg 200w\" sizes=\"(max-width: 481px) 100vw, 481px\" \/><\/figure><\/li><li class=\"blocks-gallery-item\"><figure><img data-attachment-id=\"2662\" data-permalink=\"https:\/\/www.victorarandagarcia.es\/index.php\/arte\/reportaje-fotografico\/15m\/attachment\/2013-05-12_aniversario-15m-31\/\" data-orig-file=\"https:\/\/www.victorarandagarcia.es\/wp-content\/uploads\/2013-05-12_aniversario-15m-31.jpg\" data-orig-size=\"481,720\" data-comments-opened=\"0\" data-image-meta=\"{&quot;aperture&quot;:&quot;0&quot;,&quot;credit&quot;:&quot;&quot;,&quot;camera&quot;:&quot;&quot;,&quot;caption&quot;:&quot;&quot;,&quot;created_timestamp&quot;:&quot;0&quot;,&quot;copyright&quot;:&quot;&quot;,&quot;focal_length&quot;:&quot;0&quot;,&quot;iso&quot;:&quot;0&quot;,&quot;shutter_speed&quot;:&quot;0&quot;,&quot;title&quot;:&quot;&quot;,&quot;orientation&quot;:&quot;0&quot;}\" data-image-title=\"2013-05-12_aniversario-15m-31\" data-image-description=\"&lt;p&gt;Manifestaci\u00f3n aniversario 15M (Valencia 2013)&lt;\/p&gt;\n\" data-image-caption=\"\" data-medium-file=\"https:\/\/www.victorarandagarcia.es\/wp-content\/uploads\/2013-05-12_aniversario-15m-31-200x300.jpg\" data-large-file=\"https:\/\/www.victorarandagarcia.es\/wp-content\/uploads\/2013-05-12_aniversario-15m-31.jpg\" decoding=\"async\" loading=\"lazy\" width=\"481\" height=\"720\" src=\"https:\/\/www.victorarandagarcia.es\/wp-content\/uploads\/2013-05-12_aniversario-15m-31.jpg\" alt=\"\" data-id=\"2662\" data-link=\"https:\/\/www.victorarandagarcia.es\/index.php\/arte\/reportaje-arte\/15m\/attachment\/2013-05-12_aniversario-15m-31\/\" class=\"wp-image-2662\" srcset=\"https:\/\/www.victorarandagarcia.es\/wp-content\/uploads\/2013-05-12_aniversario-15m-31.jpg 481w, https:\/\/www.victorarandagarcia.es\/wp-content\/uploads\/2013-05-12_aniversario-15m-31-200x300.jpg 200w\" sizes=\"(max-width: 481px) 100vw, 481px\" \/><\/figure><\/li><li class=\"blocks-gallery-item\"><figure><img data-attachment-id=\"2671\" data-permalink=\"https:\/\/www.victorarandagarcia.es\/index.php\/arte\/reportaje-fotografico\/15m\/attachment\/2013-05-12_aniversario-15m-05\/\" data-orig-file=\"https:\/\/www.victorarandagarcia.es\/wp-content\/uploads\/2013-05-12_aniversario-15m-05.jpg\" data-orig-size=\"481,720\" data-comments-opened=\"0\" data-image-meta=\"{&quot;aperture&quot;:&quot;0&quot;,&quot;credit&quot;:&quot;&quot;,&quot;camera&quot;:&quot;&quot;,&quot;caption&quot;:&quot;&quot;,&quot;created_timestamp&quot;:&quot;0&quot;,&quot;copyright&quot;:&quot;&quot;,&quot;focal_length&quot;:&quot;0&quot;,&quot;iso&quot;:&quot;0&quot;,&quot;shutter_speed&quot;:&quot;0&quot;,&quot;title&quot;:&quot;&quot;,&quot;orientation&quot;:&quot;0&quot;}\" data-image-title=\"2013-05-12_aniversario-15m-05\" data-image-description=\"&lt;p&gt;Manifestaci\u00f3n aniversario 15M (Valencia 2013)&lt;\/p&gt;\n\" data-image-caption=\"\" data-medium-file=\"https:\/\/www.victorarandagarcia.es\/wp-content\/uploads\/2013-05-12_aniversario-15m-05-200x300.jpg\" data-large-file=\"https:\/\/www.victorarandagarcia.es\/wp-content\/uploads\/2013-05-12_aniversario-15m-05.jpg\" decoding=\"async\" loading=\"lazy\" width=\"481\" height=\"720\" src=\"https:\/\/www.victorarandagarcia.es\/wp-content\/uploads\/2013-05-12_aniversario-15m-05.jpg\" alt=\"\" data-id=\"2671\" data-link=\"https:\/\/www.victorarandagarcia.es\/index.php\/arte\/reportaje-arte\/15m\/attachment\/2013-05-12_aniversario-15m-05\/\" class=\"wp-image-2671\" srcset=\"https:\/\/www.victorarandagarcia.es\/wp-content\/uploads\/2013-05-12_aniversario-15m-05.jpg 481w, https:\/\/www.victorarandagarcia.es\/wp-content\/uploads\/2013-05-12_aniversario-15m-05-200x300.jpg 200w\" sizes=\"(max-width: 481px) 100vw, 481px\" \/><\/figure><\/li><li class=\"blocks-gallery-item\"><figure><img data-attachment-id=\"2651\" data-permalink=\"https:\/\/www.victorarandagarcia.es\/index.php\/arte\/reportaje-fotografico\/15m\/attachment\/2013-05-12_aniversario-15m-30\/\" data-orig-file=\"https:\/\/www.victorarandagarcia.es\/wp-content\/uploads\/2013-05-12_aniversario-15m-30.jpg\" data-orig-size=\"720,481\" data-comments-opened=\"0\" data-image-meta=\"{&quot;aperture&quot;:&quot;0&quot;,&quot;credit&quot;:&quot;&quot;,&quot;camera&quot;:&quot;&quot;,&quot;caption&quot;:&quot;&quot;,&quot;created_timestamp&quot;:&quot;0&quot;,&quot;copyright&quot;:&quot;&quot;,&quot;focal_length&quot;:&quot;0&quot;,&quot;iso&quot;:&quot;0&quot;,&quot;shutter_speed&quot;:&quot;0&quot;,&quot;title&quot;:&quot;&quot;,&quot;orientation&quot;:&quot;0&quot;}\" data-image-title=\"2013-05-12_aniversario-15m-30\" data-image-description=\"&lt;p&gt;Manifestaci\u00f3n aniversario 15M (Valencia 2013)&lt;\/p&gt;\n\" data-image-caption=\"\" data-medium-file=\"https:\/\/www.victorarandagarcia.es\/wp-content\/uploads\/2013-05-12_aniversario-15m-30-300x200.jpg\" data-large-file=\"https:\/\/www.victorarandagarcia.es\/wp-content\/uploads\/2013-05-12_aniversario-15m-30.jpg\" decoding=\"async\" loading=\"lazy\" width=\"720\" height=\"481\" src=\"https:\/\/www.victorarandagarcia.es\/wp-content\/uploads\/2013-05-12_aniversario-15m-30.jpg\" alt=\"\" data-id=\"2651\" data-link=\"https:\/\/www.victorarandagarcia.es\/index.php\/arte\/reportaje-arte\/15m\/attachment\/2013-05-12_aniversario-15m-30\/\" class=\"wp-image-2651\" srcset=\"https:\/\/www.victorarandagarcia.es\/wp-content\/uploads\/2013-05-12_aniversario-15m-30.jpg 720w, https:\/\/www.victorarandagarcia.es\/wp-content\/uploads\/2013-05-12_aniversario-15m-30-300x200.jpg 300w\" sizes=\"(max-width: 720px) 100vw, 720px\" \/><\/figure><\/li><li class=\"blocks-gallery-item\"><figure><img data-attachment-id=\"2665\" data-permalink=\"https:\/\/www.victorarandagarcia.es\/index.php\/arte\/reportaje-fotografico\/15m\/attachment\/2013-05-12_aniversario-15m-32\/\" data-orig-file=\"https:\/\/www.victorarandagarcia.es\/wp-content\/uploads\/2013-05-12_aniversario-15m-32.jpg\" data-orig-size=\"720,481\" data-comments-opened=\"0\" data-image-meta=\"{&quot;aperture&quot;:&quot;0&quot;,&quot;credit&quot;:&quot;&quot;,&quot;camera&quot;:&quot;&quot;,&quot;caption&quot;:&quot;&quot;,&quot;created_timestamp&quot;:&quot;0&quot;,&quot;copyright&quot;:&quot;&quot;,&quot;focal_length&quot;:&quot;0&quot;,&quot;iso&quot;:&quot;0&quot;,&quot;shutter_speed&quot;:&quot;0&quot;,&quot;title&quot;:&quot;&quot;,&quot;orientation&quot;:&quot;0&quot;}\" data-image-title=\"2013-05-12_aniversario-15m-32\" data-image-description=\"&lt;p&gt;Manifestaci\u00f3n aniversario 15M (Valencia 2013)&lt;\/p&gt;\n\" data-image-caption=\"\" data-medium-file=\"https:\/\/www.victorarandagarcia.es\/wp-content\/uploads\/2013-05-12_aniversario-15m-32-300x200.jpg\" data-large-file=\"https:\/\/www.victorarandagarcia.es\/wp-content\/uploads\/2013-05-12_aniversario-15m-32.jpg\" decoding=\"async\" loading=\"lazy\" width=\"720\" height=\"481\" src=\"https:\/\/www.victorarandagarcia.es\/wp-content\/uploads\/2013-05-12_aniversario-15m-32.jpg\" alt=\"\" data-id=\"2665\" data-link=\"https:\/\/www.victorarandagarcia.es\/index.php\/arte\/reportaje-arte\/15m\/attachment\/2013-05-12_aniversario-15m-32\/\" class=\"wp-image-2665\" srcset=\"https:\/\/www.victorarandagarcia.es\/wp-content\/uploads\/2013-05-12_aniversario-15m-32.jpg 720w, https:\/\/www.victorarandagarcia.es\/wp-content\/uploads\/2013-05-12_aniversario-15m-32-300x200.jpg 300w\" sizes=\"(max-width: 720px) 100vw, 720px\" \/><\/figure><\/li><\/ul>\n\n\n\n<p> <strong><em>\u00abNos quitaron tanto que  tambi\u00e9n nos quitaron el miedo\u00bb<\/em><\/strong>, dec\u00eda una de las muchas pancartas que  sacaba la gente en las manifestaciones del 15M. Nada ha cambiado en lo  esencial desde entonces. Pero con esta reciente operaci\u00f3n del r\u00e9gimen  del \u00abmiedo a la ultraderecha\u00bb adem\u00e1s de ayudarse a restaurar al PSOE nos  han querido restaurar tambi\u00e9n el miedo del que hablaba la pancarta. Yo s\u00f3lo espero ya que el miedo no nos nuble la memoria ni la raz\u00f3n.<\/p>\n","protected":false},"excerpt":{"rendered":"<p>Particip\u00e9 y segu\u00ed el movimiento 15M desde la manifestaci\u00f3n de 15 de mayo de 2011 del que tom\u00f3 su nombre. \u00c9stas son algunas de las fotograf\u00edas que tom\u00e9 durante aquellos d\u00edas y en las manifestaciones y eventos posteriores. &hellip; <a href=\"https:\/\/www.victorarandagarcia.es\/index.php\/arte\/reportaje-fotografico\/15m\/\" class=\"more-link\"><span>Continuar<span class=\"screen-reader-text\">15M<\/span><\/span><\/a><\/p>\n","protected":false},"author":1,"featured_media":2597,"comment_status":"closed","ping_status":"open","sticky":false,"template":"","format":"standard","meta":{"jetpack_post_was_ever_published":false,"_jetpack_newsletter_access":"","_jetpack_dont_email_post_to_subs":false,"_jetpack_newsletter_tier_id":0,"_jetpack_memberships_contains_paywalled_content":false,"footnotes":"","_jetpack_memberships_contains_paid_content":false},"categories":[89],"tags":[27,69],"yoast_head":"<!-- This site is optimized with the Yoast SEO plugin v22.6 - https:\/\/yoast.com\/wordpress\/plugins\/seo\/ -->\n<title>15M - arte y estudio<\/title>\n<meta name=\"description\" content=\"Particip\u00e9 y segu\u00ed el movimiento 15M con mis fotograf\u00edas desde la primera manifestaci\u00f3n del 15 de mayo de 2011 del que este movimiento tom\u00f3 su nombre.\" \/>\n<meta name=\"robots\" content=\"index, follow, max-snippet:-1, max-image-preview:large, max-video-preview:-1\" \/>\n<link rel=\"canonical\" href=\"https:\/\/www.victorarandagarcia.es\/index.php\/arte\/reportaje-fotografico\/15m\/\" \/>\n<meta property=\"og:locale\" content=\"es_ES\" \/>\n<meta property=\"og:type\" content=\"article\" \/>\n<meta property=\"og:title\" content=\"15M - arte y estudio\" \/>\n<meta property=\"og:description\" content=\"Particip\u00e9 y segu\u00ed el movimiento 15M con mis fotograf\u00edas desde la primera manifestaci\u00f3n del 15 de mayo de 2011 del que este movimiento tom\u00f3 su nombre.\" \/>\n<meta property=\"og:url\" content=\"https:\/\/www.victorarandagarcia.es\/index.php\/arte\/reportaje-fotografico\/15m\/\" \/>\n<meta property=\"og:site_name\" content=\"arte y estudio\" \/>\n<meta property=\"article:published_time\" content=\"2020-01-22T13:49:27+00:00\" \/>\n<meta property=\"article:modified_time\" content=\"2020-01-22T18:52:24+00:00\" \/>\n<meta property=\"og:image\" content=\"https:\/\/www.victorarandagarcia.es\/wp-content\/uploads\/2011-05-15m-03.jpg\" \/>\n\t<meta property=\"og:image:width\" content=\"720\" \/>\n\t<meta property=\"og:image:height\" content=\"481\" \/>\n\t<meta property=\"og:image:type\" content=\"image\/jpeg\" \/>\n<meta name=\"author\" content=\"victorarandagarcia\" \/>\n<meta name=\"twitter:card\" content=\"summary_large_image\" \/>\n<meta name=\"twitter:label1\" content=\"Escrito por\" \/>\n\t<meta name=\"twitter:data1\" content=\"victorarandagarcia\" \/>\n\t<meta name=\"twitter:label2\" content=\"Tiempo de lectura\" \/>\n\t<meta name=\"twitter:data2\" content=\"4 minutos\" \/>\n<script type=\"application\/ld+json\" class=\"yoast-schema-graph\">{\"@context\":\"https:\/\/schema.org\",\"@graph\":[{\"@type\":\"Article\",\"@id\":\"https:\/\/www.victorarandagarcia.es\/index.php\/arte\/reportaje-fotografico\/15m\/#article\",\"isPartOf\":{\"@id\":\"https:\/\/www.victorarandagarcia.es\/index.php\/arte\/reportaje-fotografico\/15m\/\"},\"author\":{\"name\":\"victorarandagarcia\",\"@id\":\"https:\/\/www.victorarandagarcia.es\/#\/schema\/person\/bfa9c61a3776d517deeee5f9386ef302\"},\"headline\":\"15M\",\"datePublished\":\"2020-01-22T13:49:27+00:00\",\"dateModified\":\"2020-01-22T18:52:24+00:00\",\"mainEntityOfPage\":{\"@id\":\"https:\/\/www.victorarandagarcia.es\/index.php\/arte\/reportaje-fotografico\/15m\/\"},\"wordCount\":718,\"publisher\":{\"@id\":\"https:\/\/www.victorarandagarcia.es\/#organization\"},\"image\":{\"@id\":\"https:\/\/www.victorarandagarcia.es\/index.php\/arte\/reportaje-fotografico\/15m\/#primaryimage\"},\"thumbnailUrl\":\"https:\/\/www.victorarandagarcia.es\/wp-content\/uploads\/2011-05-15m-03.jpg\",\"keywords\":[\"retrato\",\"Valencia\"],\"articleSection\":[\"REPORTAJE\"],\"inLanguage\":\"es\"},{\"@type\":\"WebPage\",\"@id\":\"https:\/\/www.victorarandagarcia.es\/index.php\/arte\/reportaje-fotografico\/15m\/\",\"url\":\"https:\/\/www.victorarandagarcia.es\/index.php\/arte\/reportaje-fotografico\/15m\/\",\"name\":\"15M - arte y estudio\",\"isPartOf\":{\"@id\":\"https:\/\/www.victorarandagarcia.es\/#website\"},\"primaryImageOfPage\":{\"@id\":\"https:\/\/www.victorarandagarcia.es\/index.php\/arte\/reportaje-fotografico\/15m\/#primaryimage\"},\"image\":{\"@id\":\"https:\/\/www.victorarandagarcia.es\/index.php\/arte\/reportaje-fotografico\/15m\/#primaryimage\"},\"thumbnailUrl\":\"https:\/\/www.victorarandagarcia.es\/wp-content\/uploads\/2011-05-15m-03.jpg\",\"datePublished\":\"2020-01-22T13:49:27+00:00\",\"dateModified\":\"2020-01-22T18:52:24+00:00\",\"description\":\"Particip\u00e9 y segu\u00ed el movimiento 15M con mis fotograf\u00edas desde la primera manifestaci\u00f3n del 15 de mayo de 2011 del que este movimiento tom\u00f3 su nombre.\",\"breadcrumb\":{\"@id\":\"https:\/\/www.victorarandagarcia.es\/index.php\/arte\/reportaje-fotografico\/15m\/#breadcrumb\"},\"inLanguage\":\"es\",\"potentialAction\":[{\"@type\":\"ReadAction\",\"target\":[\"https:\/\/www.victorarandagarcia.es\/index.php\/arte\/reportaje-fotografico\/15m\/\"]}]},{\"@type\":\"ImageObject\",\"inLanguage\":\"es\",\"@id\":\"https:\/\/www.victorarandagarcia.es\/index.php\/arte\/reportaje-fotografico\/15m\/#primaryimage\",\"url\":\"https:\/\/www.victorarandagarcia.es\/wp-content\/uploads\/2011-05-15m-03.jpg\",\"contentUrl\":\"https:\/\/www.victorarandagarcia.es\/wp-content\/uploads\/2011-05-15m-03.jpg\",\"width\":720,\"height\":481},{\"@type\":\"BreadcrumbList\",\"@id\":\"https:\/\/www.victorarandagarcia.es\/index.php\/arte\/reportaje-fotografico\/15m\/#breadcrumb\",\"itemListElement\":[{\"@type\":\"ListItem\",\"position\":1,\"name\":\"Portada\",\"item\":\"https:\/\/www.victorarandagarcia.es\/\"},{\"@type\":\"ListItem\",\"position\":2,\"name\":\"15M\"}]},{\"@type\":\"WebSite\",\"@id\":\"https:\/\/www.victorarandagarcia.es\/#website\",\"url\":\"https:\/\/www.victorarandagarcia.es\/\",\"name\":\"arte y estudio\",\"description\":\"Fot\u00f3grafo\",\"publisher\":{\"@id\":\"https:\/\/www.victorarandagarcia.es\/#organization\"},\"potentialAction\":[{\"@type\":\"SearchAction\",\"target\":{\"@type\":\"EntryPoint\",\"urlTemplate\":\"https:\/\/www.victorarandagarcia.es\/?s={search_term_string}\"},\"query-input\":\"required name=search_term_string\"}],\"inLanguage\":\"es\"},{\"@type\":\"Organization\",\"@id\":\"https:\/\/www.victorarandagarcia.es\/#organization\",\"name\":\"arte y estudio\",\"url\":\"https:\/\/www.victorarandagarcia.es\/\",\"logo\":{\"@type\":\"ImageObject\",\"inLanguage\":\"es\",\"@id\":\"https:\/\/www.victorarandagarcia.es\/#\/schema\/logo\/image\/\",\"url\":\"https:\/\/www.victorarandagarcia.es\/wp-content\/uploads\/2019\/03\/logo-fotografo.png\",\"contentUrl\":\"https:\/\/www.victorarandagarcia.es\/wp-content\/uploads\/2019\/03\/logo-fotografo.png\",\"width\":150,\"height\":150,\"caption\":\"arte y estudio\"},\"image\":{\"@id\":\"https:\/\/www.victorarandagarcia.es\/#\/schema\/logo\/image\/\"}},{\"@type\":\"Person\",\"@id\":\"https:\/\/www.victorarandagarcia.es\/#\/schema\/person\/bfa9c61a3776d517deeee5f9386ef302\",\"name\":\"victorarandagarcia\",\"image\":{\"@type\":\"ImageObject\",\"inLanguage\":\"es\",\"@id\":\"https:\/\/www.victorarandagarcia.es\/#\/schema\/person\/image\/\",\"url\":\"https:\/\/secure.gravatar.com\/avatar\/957a01ac23a6393e755ae8225c35dbdb?s=96&d=mm&r=g\",\"contentUrl\":\"https:\/\/secure.gravatar.com\/avatar\/957a01ac23a6393e755ae8225c35dbdb?s=96&d=mm&r=g\",\"caption\":\"victorarandagarcia\"}}]}<\/script>\n<!-- \/ Yoast SEO plugin. -->","yoast_head_json":{"title":"15M - arte y estudio","description":"Particip\u00e9 y segu\u00ed el movimiento 15M con mis fotograf\u00edas desde la primera manifestaci\u00f3n del 15 de mayo de 2011 del que este movimiento tom\u00f3 su nombre.","robots":{"index":"index","follow":"follow","max-snippet":"max-snippet:-1","max-image-preview":"max-image-preview:large","max-video-preview":"max-video-preview:-1"},"canonical":"https:\/\/www.victorarandagarcia.es\/index.php\/arte\/reportaje-fotografico\/15m\/","og_locale":"es_ES","og_type":"article","og_title":"15M - arte y estudio","og_description":"Particip\u00e9 y segu\u00ed el movimiento 15M con mis fotograf\u00edas desde la primera manifestaci\u00f3n del 15 de mayo de 2011 del que este movimiento tom\u00f3 su nombre.","og_url":"https:\/\/www.victorarandagarcia.es\/index.php\/arte\/reportaje-fotografico\/15m\/","og_site_name":"arte y estudio","article_published_time":"2020-01-22T13:49:27+00:00","article_modified_time":"2020-01-22T18:52:24+00:00","og_image":[{"width":720,"height":481,"url":"https:\/\/www.victorarandagarcia.es\/wp-content\/uploads\/2011-05-15m-03.jpg","type":"image\/jpeg"}],"author":"victorarandagarcia","twitter_card":"summary_large_image","twitter_misc":{"Escrito por":"victorarandagarcia","Tiempo de lectura":"4 minutos"},"schema":{"@context":"https:\/\/schema.org","@graph":[{"@type":"Article","@id":"https:\/\/www.victorarandagarcia.es\/index.php\/arte\/reportaje-fotografico\/15m\/#article","isPartOf":{"@id":"https:\/\/www.victorarandagarcia.es\/index.php\/arte\/reportaje-fotografico\/15m\/"},"author":{"name":"victorarandagarcia","@id":"https:\/\/www.victorarandagarcia.es\/#\/schema\/person\/bfa9c61a3776d517deeee5f9386ef302"},"headline":"15M","datePublished":"2020-01-22T13:49:27+00:00","dateModified":"2020-01-22T18:52:24+00:00","mainEntityOfPage":{"@id":"https:\/\/www.victorarandagarcia.es\/index.php\/arte\/reportaje-fotografico\/15m\/"},"wordCount":718,"publisher":{"@id":"https:\/\/www.victorarandagarcia.es\/#organization"},"image":{"@id":"https:\/\/www.victorarandagarcia.es\/index.php\/arte\/reportaje-fotografico\/15m\/#primaryimage"},"thumbnailUrl":"https:\/\/www.victorarandagarcia.es\/wp-content\/uploads\/2011-05-15m-03.jpg","keywords":["retrato","Valencia"],"articleSection":["REPORTAJE"],"inLanguage":"es"},{"@type":"WebPage","@id":"https:\/\/www.victorarandagarcia.es\/index.php\/arte\/reportaje-fotografico\/15m\/","url":"https:\/\/www.victorarandagarcia.es\/index.php\/arte\/reportaje-fotografico\/15m\/","name":"15M - arte y estudio","isPartOf":{"@id":"https:\/\/www.victorarandagarcia.es\/#website"},"primaryImageOfPage":{"@id":"https:\/\/www.victorarandagarcia.es\/index.php\/arte\/reportaje-fotografico\/15m\/#primaryimage"},"image":{"@id":"https:\/\/www.victorarandagarcia.es\/index.php\/arte\/reportaje-fotografico\/15m\/#primaryimage"},"thumbnailUrl":"https:\/\/www.victorarandagarcia.es\/wp-content\/uploads\/2011-05-15m-03.jpg","datePublished":"2020-01-22T13:49:27+00:00","dateModified":"2020-01-22T18:52:24+00:00","description":"Particip\u00e9 y segu\u00ed el movimiento 15M con mis fotograf\u00edas desde la primera manifestaci\u00f3n del 15 de mayo de 2011 del que este movimiento tom\u00f3 su nombre.","breadcrumb":{"@id":"https:\/\/www.victorarandagarcia.es\/index.php\/arte\/reportaje-fotografico\/15m\/#breadcrumb"},"inLanguage":"es","potentialAction":[{"@type":"ReadAction","target":["https:\/\/www.victorarandagarcia.es\/index.php\/arte\/reportaje-fotografico\/15m\/"]}]},{"@type":"ImageObject","inLanguage":"es","@id":"https:\/\/www.victorarandagarcia.es\/index.php\/arte\/reportaje-fotografico\/15m\/#primaryimage","url":"https:\/\/www.victorarandagarcia.es\/wp-content\/uploads\/2011-05-15m-03.jpg","contentUrl":"https:\/\/www.victorarandagarcia.es\/wp-content\/uploads\/2011-05-15m-03.jpg","width":720,"height":481},{"@type":"BreadcrumbList","@id":"https:\/\/www.victorarandagarcia.es\/index.php\/arte\/reportaje-fotografico\/15m\/#breadcrumb","itemListElement":[{"@type":"ListItem","position":1,"name":"Portada","item":"https:\/\/www.victorarandagarcia.es\/"},{"@type":"ListItem","position":2,"name":"15M"}]},{"@type":"WebSite","@id":"https:\/\/www.victorarandagarcia.es\/#website","url":"https:\/\/www.victorarandagarcia.es\/","name":"arte y estudio","description":"Fot\u00f3grafo","publisher":{"@id":"https:\/\/www.victorarandagarcia.es\/#organization"},"potentialAction":[{"@type":"SearchAction","target":{"@type":"EntryPoint","urlTemplate":"https:\/\/www.victorarandagarcia.es\/?s={search_term_string}"},"query-input":"required name=search_term_string"}],"inLanguage":"es"},{"@type":"Organization","@id":"https:\/\/www.victorarandagarcia.es\/#organization","name":"arte y estudio","url":"https:\/\/www.victorarandagarcia.es\/","logo":{"@type":"ImageObject","inLanguage":"es","@id":"https:\/\/www.victorarandagarcia.es\/#\/schema\/logo\/image\/","url":"https:\/\/www.victorarandagarcia.es\/wp-content\/uploads\/2019\/03\/logo-fotografo.png","contentUrl":"https:\/\/www.victorarandagarcia.es\/wp-content\/uploads\/2019\/03\/logo-fotografo.png","width":150,"height":150,"caption":"arte y estudio"},"image":{"@id":"https:\/\/www.victorarandagarcia.es\/#\/schema\/logo\/image\/"}},{"@type":"Person","@id":"https:\/\/www.victorarandagarcia.es\/#\/schema\/person\/bfa9c61a3776d517deeee5f9386ef302","name":"victorarandagarcia","image":{"@type":"ImageObject","inLanguage":"es","@id":"https:\/\/www.victorarandagarcia.es\/#\/schema\/person\/image\/","url":"https:\/\/secure.gravatar.com\/avatar\/957a01ac23a6393e755ae8225c35dbdb?s=96&d=mm&r=g","contentUrl":"https:\/\/secure.gravatar.com\/avatar\/957a01ac23a6393e755ae8225c35dbdb?s=96&d=mm&r=g","caption":"victorarandagarcia"}}]}},"jetpack_featured_media_url":"https:\/\/www.victorarandagarcia.es\/wp-content\/uploads\/2011-05-15m-03.jpg","jetpack_sharing_enabled":true,"_links":{"self":[{"href":"https:\/\/www.victorarandagarcia.es\/index.php\/wp-json\/wp\/v2\/posts\/2584"}],"collection":[{"href":"https:\/\/www.victorarandagarcia.es\/index.php\/wp-json\/wp\/v2\/posts"}],"about":[{"href":"https:\/\/www.victorarandagarcia.es\/index.php\/wp-json\/wp\/v2\/types\/post"}],"author":[{"embeddable":true,"href":"https:\/\/www.victorarandagarcia.es\/index.php\/wp-json\/wp\/v2\/users\/1"}],"replies":[{"embeddable":true,"href":"https:\/\/www.victorarandagarcia.es\/index.php\/wp-json\/wp\/v2\/comments?post=2584"}],"version-history":[{"count":4,"href":"https:\/\/www.victorarandagarcia.es\/index.php\/wp-json\/wp\/v2\/posts\/2584\/revisions"}],"predecessor-version":[{"id":2679,"href":"https:\/\/www.victorarandagarcia.es\/index.php\/wp-json\/wp\/v2\/posts\/2584\/revisions\/2679"}],"wp:featuredmedia":[{"embeddable":true,"href":"https:\/\/www.victorarandagarcia.es\/index.php\/wp-json\/wp\/v2\/media\/2597"}],"wp:attachment":[{"href":"https:\/\/www.victorarandagarcia.es\/index.php\/wp-json\/wp\/v2\/media?parent=2584"}],"wp:term":[{"taxonomy":"category","embeddable":true,"href":"https:\/\/www.victorarandagarcia.es\/index.php\/wp-json\/wp\/v2\/categories?post=2584"},{"taxonomy":"post_tag","embeddable":true,"href":"https:\/\/www.victorarandagarcia.es\/index.php\/wp-json\/wp\/v2\/tags?post=2584"}],"curies":[{"name":"wp","href":"https:\/\/api.w.org\/{rel}","templated":true}]}}