{"id":2538,"date":"2020-01-11T19:38:34","date_gmt":"2020-01-11T18:38:34","guid":{"rendered":"https:\/\/www.victorarandagarcia.es\/?p=2538"},"modified":"2020-01-11T20:21:57","modified_gmt":"2020-01-11T19:21:57","slug":"objeciones-en-color","status":"publish","type":"post","link":"https:\/\/www.victorarandagarcia.es\/index.php\/arte\/objeciones-en-color\/","title":{"rendered":"Objeciones en color"},"content":{"rendered":"\n<div class=\"wp-block-image\"><figure class=\"aligncenter\"><img data-attachment-id=\"2544\" data-permalink=\"https:\/\/www.victorarandagarcia.es\/03-tamalem-fuente-alamo-2016\/\" data-orig-file=\"https:\/\/www.victorarandagarcia.es\/wp-content\/uploads\/03-tamalem-fuente-alamo-2016.jpg\" data-orig-size=\"720,481\" data-comments-opened=\"0\" data-image-meta=\"{&quot;aperture&quot;:&quot;0&quot;,&quot;credit&quot;:&quot;&quot;,&quot;camera&quot;:&quot;&quot;,&quot;caption&quot;:&quot;&quot;,&quot;created_timestamp&quot;:&quot;0&quot;,&quot;copyright&quot;:&quot;&quot;,&quot;focal_length&quot;:&quot;0&quot;,&quot;iso&quot;:&quot;0&quot;,&quot;shutter_speed&quot;:&quot;0&quot;,&quot;title&quot;:&quot;&quot;,&quot;orientation&quot;:&quot;0&quot;}\" data-image-title=\"03-tamalem-fuente-alamo-2016\" data-image-description=\"&lt;p&gt;Tamalem (Fuente \u00c1lamo 2016)&lt;\/p&gt;\n\" data-image-caption=\"\" data-medium-file=\"https:\/\/www.victorarandagarcia.es\/wp-content\/uploads\/03-tamalem-fuente-alamo-2016-300x200.jpg\" data-large-file=\"https:\/\/www.victorarandagarcia.es\/wp-content\/uploads\/03-tamalem-fuente-alamo-2016.jpg\" decoding=\"async\" loading=\"lazy\" width=\"720\" height=\"481\" src=\"https:\/\/www.victorarandagarcia.es\/wp-content\/uploads\/03-tamalem-fuente-alamo-2016.jpg\" alt=\"Fotograf\u00eda de estudio de una pluma sobre una alambrada con fondo negro\" class=\"wp-image-2544\" srcset=\"https:\/\/www.victorarandagarcia.es\/wp-content\/uploads\/03-tamalem-fuente-alamo-2016.jpg 720w, https:\/\/www.victorarandagarcia.es\/wp-content\/uploads\/03-tamalem-fuente-alamo-2016-300x200.jpg 300w\" sizes=\"(max-width: 720px) 100vw, 720px\" \/><\/figure><\/div>\n\n\n\n<p><em>Objeciones<\/em> es una colecci\u00f3n de fotograf\u00edas realizadas con objetos cotidianos o encontrados para la serie que llamo <em><a href=\"https:\/\/www.victorarandagarcia.es\/index.php\/arte\/limites\/limites\/\">L\u00edmites<\/a><\/em>. Algunas de las im\u00e1genes han sido tomadas en estudio, otras <em>in situ<\/em>, pero ninguna ha sido alterada digitalmente en sus formas.<\/p>\n\n\n\n<ul class=\"wp-block-gallery columns-2 is-cropped wp-block-gallery-1 is-layout-flex wp-block-gallery-is-layout-flex\"><li class=\"blocks-gallery-item\"><figure><img data-attachment-id=\"2545\" data-permalink=\"https:\/\/www.victorarandagarcia.es\/01-matrioskas-valencia-2012\/\" data-orig-file=\"https:\/\/www.victorarandagarcia.es\/wp-content\/uploads\/01-matrioskas-valencia-2012.jpg\" data-orig-size=\"720,481\" data-comments-opened=\"0\" data-image-meta=\"{&quot;aperture&quot;:&quot;0&quot;,&quot;credit&quot;:&quot;&quot;,&quot;camera&quot;:&quot;&quot;,&quot;caption&quot;:&quot;&quot;,&quot;created_timestamp&quot;:&quot;0&quot;,&quot;copyright&quot;:&quot;&quot;,&quot;focal_length&quot;:&quot;0&quot;,&quot;iso&quot;:&quot;0&quot;,&quot;shutter_speed&quot;:&quot;0&quot;,&quot;title&quot;:&quot;&quot;,&quot;orientation&quot;:&quot;0&quot;}\" data-image-title=\"01-matrioskas-valencia-2012\" data-image-description=\"&lt;p&gt;Matrioskas (Valencia 2012)&lt;\/p&gt;\n\" data-image-caption=\"\" data-medium-file=\"https:\/\/www.victorarandagarcia.es\/wp-content\/uploads\/01-matrioskas-valencia-2012-300x200.jpg\" data-large-file=\"https:\/\/www.victorarandagarcia.es\/wp-content\/uploads\/01-matrioskas-valencia-2012.jpg\" decoding=\"async\" loading=\"lazy\" width=\"720\" height=\"481\" src=\"https:\/\/www.victorarandagarcia.es\/wp-content\/uploads\/01-matrioskas-valencia-2012.jpg\" alt=\"Fotograf\u00eda art\u00edstica de cinco matrioskas rusas aparentemente cortadas por un serrucho\" data-id=\"2545\" data-link=\"https:\/\/www.victorarandagarcia.es\/01-matrioskas-valencia-2012\/\" class=\"wp-image-2545\" srcset=\"https:\/\/www.victorarandagarcia.es\/wp-content\/uploads\/01-matrioskas-valencia-2012.jpg 720w, https:\/\/www.victorarandagarcia.es\/wp-content\/uploads\/01-matrioskas-valencia-2012-300x200.jpg 300w\" sizes=\"(max-width: 720px) 100vw, 720px\" \/><\/figure><\/li><li class=\"blocks-gallery-item\"><figure><img data-attachment-id=\"2547\" data-permalink=\"https:\/\/www.victorarandagarcia.es\/02-scrabble-qwerty-valencia-2012\/\" data-orig-file=\"https:\/\/www.victorarandagarcia.es\/wp-content\/uploads\/02-scrabble-qwerty-valencia-2012.jpg\" data-orig-size=\"720,473\" data-comments-opened=\"0\" data-image-meta=\"{&quot;aperture&quot;:&quot;0&quot;,&quot;credit&quot;:&quot;&quot;,&quot;camera&quot;:&quot;&quot;,&quot;caption&quot;:&quot;&quot;,&quot;created_timestamp&quot;:&quot;0&quot;,&quot;copyright&quot;:&quot;&quot;,&quot;focal_length&quot;:&quot;0&quot;,&quot;iso&quot;:&quot;0&quot;,&quot;shutter_speed&quot;:&quot;0&quot;,&quot;title&quot;:&quot;&quot;,&quot;orientation&quot;:&quot;0&quot;}\" data-image-title=\"02-scrabble-qwerty-valencia-2012\" data-image-description=\"&lt;p&gt;Scrabble QWERTY (Valencia 2012) &lt;\/p&gt;\n\" data-image-caption=\"\" data-medium-file=\"https:\/\/www.victorarandagarcia.es\/wp-content\/uploads\/02-scrabble-qwerty-valencia-2012-300x197.jpg\" data-large-file=\"https:\/\/www.victorarandagarcia.es\/wp-content\/uploads\/02-scrabble-qwerty-valencia-2012.jpg\" decoding=\"async\" loading=\"lazy\" width=\"720\" height=\"473\" src=\"https:\/\/www.victorarandagarcia.es\/wp-content\/uploads\/02-scrabble-qwerty-valencia-2012.jpg\" alt=\"Fotograf\u00eda de un teclado de ordenador cuyas letras han sido cubiertas por letras de un juego de palabras cruzadas\" data-id=\"2547\" data-link=\"https:\/\/www.victorarandagarcia.es\/02-scrabble-qwerty-valencia-2012\/\" class=\"wp-image-2547\" srcset=\"https:\/\/www.victorarandagarcia.es\/wp-content\/uploads\/02-scrabble-qwerty-valencia-2012.jpg 720w, https:\/\/www.victorarandagarcia.es\/wp-content\/uploads\/02-scrabble-qwerty-valencia-2012-300x197.jpg 300w\" sizes=\"(max-width: 720px) 100vw, 720px\" \/><\/figure><\/li><li class=\"blocks-gallery-item\"><figure><img data-attachment-id=\"2544\" data-permalink=\"https:\/\/www.victorarandagarcia.es\/03-tamalem-fuente-alamo-2016\/\" data-orig-file=\"https:\/\/www.victorarandagarcia.es\/wp-content\/uploads\/03-tamalem-fuente-alamo-2016.jpg\" data-orig-size=\"720,481\" data-comments-opened=\"0\" data-image-meta=\"{&quot;aperture&quot;:&quot;0&quot;,&quot;credit&quot;:&quot;&quot;,&quot;camera&quot;:&quot;&quot;,&quot;caption&quot;:&quot;&quot;,&quot;created_timestamp&quot;:&quot;0&quot;,&quot;copyright&quot;:&quot;&quot;,&quot;focal_length&quot;:&quot;0&quot;,&quot;iso&quot;:&quot;0&quot;,&quot;shutter_speed&quot;:&quot;0&quot;,&quot;title&quot;:&quot;&quot;,&quot;orientation&quot;:&quot;0&quot;}\" data-image-title=\"03-tamalem-fuente-alamo-2016\" data-image-description=\"&lt;p&gt;Tamalem (Fuente \u00c1lamo 2016)&lt;\/p&gt;\n\" data-image-caption=\"\" data-medium-file=\"https:\/\/www.victorarandagarcia.es\/wp-content\/uploads\/03-tamalem-fuente-alamo-2016-300x200.jpg\" data-large-file=\"https:\/\/www.victorarandagarcia.es\/wp-content\/uploads\/03-tamalem-fuente-alamo-2016.jpg\" decoding=\"async\" loading=\"lazy\" width=\"720\" height=\"481\" src=\"https:\/\/www.victorarandagarcia.es\/wp-content\/uploads\/03-tamalem-fuente-alamo-2016.jpg\" alt=\"Fotograf\u00eda de estudio de una pluma sobre una alambrada con fondo negro\" data-id=\"2544\" data-link=\"https:\/\/www.victorarandagarcia.es\/03-tamalem-fuente-alamo-2016\/\" class=\"wp-image-2544\" srcset=\"https:\/\/www.victorarandagarcia.es\/wp-content\/uploads\/03-tamalem-fuente-alamo-2016.jpg 720w, https:\/\/www.victorarandagarcia.es\/wp-content\/uploads\/03-tamalem-fuente-alamo-2016-300x200.jpg 300w\" sizes=\"(max-width: 720px) 100vw, 720px\" \/><\/figure><\/li><li class=\"blocks-gallery-item\"><figure><img data-attachment-id=\"2541\" data-permalink=\"https:\/\/www.victorarandagarcia.es\/04-lucas-valencia-2003_1\/\" data-orig-file=\"https:\/\/www.victorarandagarcia.es\/wp-content\/uploads\/04-lucas-valencia-2003_1.jpg\" data-orig-size=\"720,474\" data-comments-opened=\"0\" data-image-meta=\"{&quot;aperture&quot;:&quot;0&quot;,&quot;credit&quot;:&quot;&quot;,&quot;camera&quot;:&quot;&quot;,&quot;caption&quot;:&quot;&quot;,&quot;created_timestamp&quot;:&quot;0&quot;,&quot;copyright&quot;:&quot;&quot;,&quot;focal_length&quot;:&quot;0&quot;,&quot;iso&quot;:&quot;0&quot;,&quot;shutter_speed&quot;:&quot;0&quot;,&quot;title&quot;:&quot;&quot;,&quot;orientation&quot;:&quot;0&quot;}\" data-image-title=\"04-lucas-valencia-2003_1\" data-image-description=\"&lt;p&gt;La comida de Lucas (Valencia 2002)&lt;\/p&gt;\n\" data-image-caption=\"\" data-medium-file=\"https:\/\/www.victorarandagarcia.es\/wp-content\/uploads\/04-lucas-valencia-2003_1-300x198.jpg\" data-large-file=\"https:\/\/www.victorarandagarcia.es\/wp-content\/uploads\/04-lucas-valencia-2003_1.jpg\" decoding=\"async\" loading=\"lazy\" width=\"720\" height=\"474\" src=\"https:\/\/www.victorarandagarcia.es\/wp-content\/uploads\/04-lucas-valencia-2003_1.jpg\" alt=\"Fotograf\u00eda de un gato lamiendo una fotograf\u00eda de comida de gato\" data-id=\"2541\" data-link=\"https:\/\/www.victorarandagarcia.es\/04-lucas-valencia-2003_1\/\" class=\"wp-image-2541\" srcset=\"https:\/\/www.victorarandagarcia.es\/wp-content\/uploads\/04-lucas-valencia-2003_1.jpg 720w, https:\/\/www.victorarandagarcia.es\/wp-content\/uploads\/04-lucas-valencia-2003_1-300x198.jpg 300w\" sizes=\"(max-width: 720px) 100vw, 720px\" \/><\/figure><\/li><li class=\"blocks-gallery-item\"><figure><img data-attachment-id=\"2540\" data-permalink=\"https:\/\/www.victorarandagarcia.es\/05-isla-zanahoria-valencia-2007\/\" data-orig-file=\"https:\/\/www.victorarandagarcia.es\/wp-content\/uploads\/05-isla-zanahoria-valencia-2007.jpg\" data-orig-size=\"587,604\" data-comments-opened=\"0\" data-image-meta=\"{&quot;aperture&quot;:&quot;0&quot;,&quot;credit&quot;:&quot;&quot;,&quot;camera&quot;:&quot;&quot;,&quot;caption&quot;:&quot;&quot;,&quot;created_timestamp&quot;:&quot;0&quot;,&quot;copyright&quot;:&quot;&quot;,&quot;focal_length&quot;:&quot;0&quot;,&quot;iso&quot;:&quot;0&quot;,&quot;shutter_speed&quot;:&quot;0&quot;,&quot;title&quot;:&quot;&quot;,&quot;orientation&quot;:&quot;0&quot;}\" data-image-title=\"05-isla-zanahoria-valencia-2007\" data-image-description=\"&lt;p&gt;Isla zanahoria. Tres fotograf\u00edas (Valencia 2007)&lt;\/p&gt;\n\" data-image-caption=\"\" data-medium-file=\"https:\/\/www.victorarandagarcia.es\/wp-content\/uploads\/05-isla-zanahoria-valencia-2007-292x300.jpg\" data-large-file=\"https:\/\/www.victorarandagarcia.es\/wp-content\/uploads\/05-isla-zanahoria-valencia-2007.jpg\" decoding=\"async\" loading=\"lazy\" width=\"587\" height=\"604\" src=\"https:\/\/www.victorarandagarcia.es\/wp-content\/uploads\/05-isla-zanahoria-valencia-2007.jpg\" alt=\"Composici\u00f3n de tres fotograf\u00edas del extremo brotado de una zanahoria en el interior de un retrete con un l\u00edquido azul\" data-id=\"2540\" data-link=\"https:\/\/www.victorarandagarcia.es\/05-isla-zanahoria-valencia-2007\/\" class=\"wp-image-2540\" srcset=\"https:\/\/www.victorarandagarcia.es\/wp-content\/uploads\/05-isla-zanahoria-valencia-2007.jpg 587w, https:\/\/www.victorarandagarcia.es\/wp-content\/uploads\/05-isla-zanahoria-valencia-2007-292x300.jpg 292w, https:\/\/www.victorarandagarcia.es\/wp-content\/uploads\/05-isla-zanahoria-valencia-2007-50x50.jpg 50w\" sizes=\"(max-width: 587px) 100vw, 587px\" \/><\/figure><\/li><li class=\"blocks-gallery-item\"><figure><img data-attachment-id=\"2546\" data-permalink=\"https:\/\/www.victorarandagarcia.es\/06-tomate-sobre-fogon-valencia-2010\/\" data-orig-file=\"https:\/\/www.victorarandagarcia.es\/wp-content\/uploads\/06-tomate-sobre-fogon-valencia-2010.jpg\" data-orig-size=\"690,705\" data-comments-opened=\"0\" data-image-meta=\"{&quot;aperture&quot;:&quot;0&quot;,&quot;credit&quot;:&quot;&quot;,&quot;camera&quot;:&quot;&quot;,&quot;caption&quot;:&quot;&quot;,&quot;created_timestamp&quot;:&quot;0&quot;,&quot;copyright&quot;:&quot;&quot;,&quot;focal_length&quot;:&quot;0&quot;,&quot;iso&quot;:&quot;0&quot;,&quot;shutter_speed&quot;:&quot;0&quot;,&quot;title&quot;:&quot;&quot;,&quot;orientation&quot;:&quot;0&quot;}\" data-image-title=\"06-tomate-sobre-fogon-valencia-2010\" data-image-description=\"&lt;p&gt;Tomate sobre fog\u00f3n (Valencia 2010)&lt;\/p&gt;\n\" data-image-caption=\"\" data-medium-file=\"https:\/\/www.victorarandagarcia.es\/wp-content\/uploads\/06-tomate-sobre-fogon-valencia-2010-294x300.jpg\" data-large-file=\"https:\/\/www.victorarandagarcia.es\/wp-content\/uploads\/06-tomate-sobre-fogon-valencia-2010.jpg\" decoding=\"async\" loading=\"lazy\" width=\"690\" height=\"705\" src=\"https:\/\/www.victorarandagarcia.es\/wp-content\/uploads\/06-tomate-sobre-fogon-valencia-2010.jpg\" alt=\"Fotograf\u00eda art\u00edstica de un tomate puesto sobre el fog\u00f3n de una cocina\" data-id=\"2546\" data-link=\"https:\/\/www.victorarandagarcia.es\/06-tomate-sobre-fogon-valencia-2010\/\" class=\"wp-image-2546\" srcset=\"https:\/\/www.victorarandagarcia.es\/wp-content\/uploads\/06-tomate-sobre-fogon-valencia-2010.jpg 690w, https:\/\/www.victorarandagarcia.es\/wp-content\/uploads\/06-tomate-sobre-fogon-valencia-2010-294x300.jpg 294w, https:\/\/www.victorarandagarcia.es\/wp-content\/uploads\/06-tomate-sobre-fogon-valencia-2010-50x50.jpg 50w\" sizes=\"(max-width: 690px) 100vw, 690px\" \/><\/figure><\/li><li class=\"blocks-gallery-item\"><figure><img data-attachment-id=\"2543\" data-permalink=\"https:\/\/www.victorarandagarcia.es\/09-brotes-de-patata-sobre-aluminio\/\" data-orig-file=\"https:\/\/www.victorarandagarcia.es\/wp-content\/uploads\/09-brotes-de-patata-sobre-aluminio.jpg\" data-orig-size=\"720,541\" data-comments-opened=\"0\" data-image-meta=\"{&quot;aperture&quot;:&quot;16&quot;,&quot;credit&quot;:&quot;&quot;,&quot;camera&quot;:&quot;Canon EOS 50D&quot;,&quot;caption&quot;:&quot;&quot;,&quot;created_timestamp&quot;:&quot;1247101384&quot;,&quot;copyright&quot;:&quot;&quot;,&quot;focal_length&quot;:&quot;50&quot;,&quot;iso&quot;:&quot;200&quot;,&quot;shutter_speed&quot;:&quot;5&quot;,&quot;title&quot;:&quot;&quot;,&quot;orientation&quot;:&quot;1&quot;}\" data-image-title=\"09-brotes-de-patata-sobre-aluminio\" data-image-description=\"&lt;p&gt;Brotes de patata sobre aluminio (Valencia 2009)&lt;\/p&gt;\n\" data-image-caption=\"\" data-medium-file=\"https:\/\/www.victorarandagarcia.es\/wp-content\/uploads\/09-brotes-de-patata-sobre-aluminio-300x225.jpg\" data-large-file=\"https:\/\/www.victorarandagarcia.es\/wp-content\/uploads\/09-brotes-de-patata-sobre-aluminio.jpg\" decoding=\"async\" loading=\"lazy\" width=\"720\" height=\"541\" src=\"https:\/\/www.victorarandagarcia.es\/wp-content\/uploads\/09-brotes-de-patata-sobre-aluminio.jpg\" alt=\"Fotograf\u00eda de una patata con varios brotes largos y coloridos sobre papel aluminio\" data-id=\"2543\" data-link=\"https:\/\/www.victorarandagarcia.es\/09-brotes-de-patata-sobre-aluminio\/\" class=\"wp-image-2543\" srcset=\"https:\/\/www.victorarandagarcia.es\/wp-content\/uploads\/09-brotes-de-patata-sobre-aluminio.jpg 720w, https:\/\/www.victorarandagarcia.es\/wp-content\/uploads\/09-brotes-de-patata-sobre-aluminio-300x225.jpg 300w\" sizes=\"(max-width: 720px) 100vw, 720px\" \/><\/figure><\/li><li class=\"blocks-gallery-item\"><figure><img data-attachment-id=\"2555\" data-permalink=\"https:\/\/www.victorarandagarcia.es\/tomate-escurridor\/\" data-orig-file=\"https:\/\/www.victorarandagarcia.es\/wp-content\/uploads\/tomate-escurridor.jpg\" data-orig-size=\"720,482\" data-comments-opened=\"0\" data-image-meta=\"{&quot;aperture&quot;:&quot;0&quot;,&quot;credit&quot;:&quot;&quot;,&quot;camera&quot;:&quot;&quot;,&quot;caption&quot;:&quot;&quot;,&quot;created_timestamp&quot;:&quot;0&quot;,&quot;copyright&quot;:&quot;&quot;,&quot;focal_length&quot;:&quot;0&quot;,&quot;iso&quot;:&quot;0&quot;,&quot;shutter_speed&quot;:&quot;0&quot;,&quot;title&quot;:&quot;&quot;,&quot;orientation&quot;:&quot;1&quot;}\" data-image-title=\"tomate-escurridor\" data-image-description=\"&lt;p&gt;Tomate sobre escurridor blanco (Fuente \u00c1lamo 2018)&lt;\/p&gt;\n\" data-image-caption=\"\" data-medium-file=\"https:\/\/www.victorarandagarcia.es\/wp-content\/uploads\/tomate-escurridor-300x201.jpg\" data-large-file=\"https:\/\/www.victorarandagarcia.es\/wp-content\/uploads\/tomate-escurridor.jpg\" decoding=\"async\" loading=\"lazy\" width=\"720\" height=\"482\" src=\"https:\/\/www.victorarandagarcia.es\/wp-content\/uploads\/tomate-escurridor.jpg\" alt=\"Fotograf\u00eda de un tomate rojo y verde sobre un escurridor de verduras blanco\" data-id=\"2555\" data-link=\"https:\/\/www.victorarandagarcia.es\/tomate-escurridor\/\" class=\"wp-image-2555\" srcset=\"https:\/\/www.victorarandagarcia.es\/wp-content\/uploads\/tomate-escurridor.jpg 720w, https:\/\/www.victorarandagarcia.es\/wp-content\/uploads\/tomate-escurridor-300x201.jpg 300w\" sizes=\"(max-width: 720px) 100vw, 720px\" \/><\/figure><\/li><li class=\"blocks-gallery-item\"><figure><img data-attachment-id=\"2539\" data-permalink=\"https:\/\/www.victorarandagarcia.es\/07-beso-fuente-alamo-2016\/\" data-orig-file=\"https:\/\/www.victorarandagarcia.es\/wp-content\/uploads\/07-beso-fuente-alamo-2016.jpg\" data-orig-size=\"481,720\" data-comments-opened=\"0\" data-image-meta=\"{&quot;aperture&quot;:&quot;0&quot;,&quot;credit&quot;:&quot;&quot;,&quot;camera&quot;:&quot;&quot;,&quot;caption&quot;:&quot;&quot;,&quot;created_timestamp&quot;:&quot;0&quot;,&quot;copyright&quot;:&quot;&quot;,&quot;focal_length&quot;:&quot;0&quot;,&quot;iso&quot;:&quot;0&quot;,&quot;shutter_speed&quot;:&quot;0&quot;,&quot;title&quot;:&quot;&quot;,&quot;orientation&quot;:&quot;0&quot;}\" data-image-title=\"07-beso-fuente-alamo-2016\" data-image-description=\"&lt;p&gt;El beso (Fuente \u00c1lamo 2016)&lt;\/p&gt;\n\" data-image-caption=\"\" data-medium-file=\"https:\/\/www.victorarandagarcia.es\/wp-content\/uploads\/07-beso-fuente-alamo-2016-200x300.jpg\" data-large-file=\"https:\/\/www.victorarandagarcia.es\/wp-content\/uploads\/07-beso-fuente-alamo-2016.jpg\" decoding=\"async\" loading=\"lazy\" width=\"481\" height=\"720\" src=\"https:\/\/www.victorarandagarcia.es\/wp-content\/uploads\/07-beso-fuente-alamo-2016.jpg\" alt=\"Fotograf\u00eda de estudio de dos zanahorias entrelazadas sobre fondo blanco\" data-id=\"2539\" data-link=\"https:\/\/www.victorarandagarcia.es\/07-beso-fuente-alamo-2016\/\" class=\"wp-image-2539\" srcset=\"https:\/\/www.victorarandagarcia.es\/wp-content\/uploads\/07-beso-fuente-alamo-2016.jpg 481w, https:\/\/www.victorarandagarcia.es\/wp-content\/uploads\/07-beso-fuente-alamo-2016-200x300.jpg 200w\" sizes=\"(max-width: 481px) 100vw, 481px\" \/><\/figure><\/li><li class=\"blocks-gallery-item\"><figure><img data-attachment-id=\"2542\" data-permalink=\"https:\/\/www.victorarandagarcia.es\/08-lo-que-queda-del-beso-valencia-2008\/\" data-orig-file=\"https:\/\/www.victorarandagarcia.es\/wp-content\/uploads\/08-lo-que-queda-del-beso-valencia-2008.jpg\" data-orig-size=\"414,604\" data-comments-opened=\"0\" data-image-meta=\"{&quot;aperture&quot;:&quot;0&quot;,&quot;credit&quot;:&quot;&quot;,&quot;camera&quot;:&quot;&quot;,&quot;caption&quot;:&quot;&quot;,&quot;created_timestamp&quot;:&quot;0&quot;,&quot;copyright&quot;:&quot;&quot;,&quot;focal_length&quot;:&quot;0&quot;,&quot;iso&quot;:&quot;0&quot;,&quot;shutter_speed&quot;:&quot;0&quot;,&quot;title&quot;:&quot;&quot;,&quot;orientation&quot;:&quot;0&quot;}\" data-image-title=\"08-lo-que-queda-del-beso-valencia-2008\" data-image-description=\"&lt;p&gt;Lo que queda del beso (Valencia 2008)&lt;\/p&gt;\n\" data-image-caption=\"\" data-medium-file=\"https:\/\/www.victorarandagarcia.es\/wp-content\/uploads\/08-lo-que-queda-del-beso-valencia-2008-206x300.jpg\" data-large-file=\"https:\/\/www.victorarandagarcia.es\/wp-content\/uploads\/08-lo-que-queda-del-beso-valencia-2008.jpg\" decoding=\"async\" loading=\"lazy\" width=\"414\" height=\"604\" src=\"https:\/\/www.victorarandagarcia.es\/wp-content\/uploads\/08-lo-que-queda-del-beso-valencia-2008.jpg\" alt=\"Fotograf\u00eda de un trozo de papel higi\u00e9nico te\u00f1ido con unos labios rojos en el interior de un retrete\" data-id=\"2542\" data-link=\"https:\/\/www.victorarandagarcia.es\/08-lo-que-queda-del-beso-valencia-2008\/\" class=\"wp-image-2542\" srcset=\"https:\/\/www.victorarandagarcia.es\/wp-content\/uploads\/08-lo-que-queda-del-beso-valencia-2008.jpg 414w, https:\/\/www.victorarandagarcia.es\/wp-content\/uploads\/08-lo-que-queda-del-beso-valencia-2008-206x300.jpg 206w\" sizes=\"(max-width: 414px) 100vw, 414px\" \/><\/figure><\/li><\/ul>\n","protected":false},"excerpt":{"rendered":"<p>Objeciones es una colecci\u00f3n de fotograf\u00edas realizadas con objetos cotidianos o encontrados para la serie que llamo L\u00edmites. Algunas de las im\u00e1genes han sido tomadas en estudio, otras in situ, pero ninguna ha sido alterada digitalmente en sus formas. &hellip; <a href=\"https:\/\/www.victorarandagarcia.es\/index.php\/arte\/objeciones-en-color\/\" class=\"more-link\"><span>Continuar<span class=\"screen-reader-text\">Objeciones en color<\/span><\/span><\/a><\/p>\n","protected":false},"author":1,"featured_media":2540,"comment_status":"closed","ping_status":"open","sticky":false,"template":"","format":"standard","meta":{"jetpack_post_was_ever_published":false,"_jetpack_newsletter_access":"","_jetpack_dont_email_post_to_subs":false,"_jetpack_newsletter_tier_id":0,"_jetpack_memberships_contains_paywalled_content":false,"footnotes":"","_jetpack_memberships_contains_paid_content":false},"categories":[18,37],"tags":[35,34,29],"yoast_head":"<!-- This site is optimized with the Yoast SEO plugin v22.6 - https:\/\/yoast.com\/wordpress\/plugins\/seo\/ -->\n<title>Objeciones en color - arte y estudio<\/title>\n<meta name=\"description\" content=\"Objeciones es una colecci\u00f3n de fotograf\u00edas realizadas con objetos cotidianos o encontrados para la serie que llamo L\u00edmites.\" \/>\n<meta name=\"robots\" content=\"index, follow, max-snippet:-1, max-image-preview:large, max-video-preview:-1\" \/>\n<link rel=\"canonical\" href=\"https:\/\/www.victorarandagarcia.es\/index.php\/arte\/objeciones-en-color\/\" \/>\n<meta property=\"og:locale\" content=\"es_ES\" \/>\n<meta property=\"og:type\" content=\"article\" \/>\n<meta property=\"og:title\" content=\"Objeciones en color - arte y estudio\" \/>\n<meta property=\"og:description\" content=\"Objeciones es una colecci\u00f3n de fotograf\u00edas realizadas con objetos cotidianos o encontrados para la serie que llamo L\u00edmites.\" \/>\n<meta property=\"og:url\" content=\"https:\/\/www.victorarandagarcia.es\/index.php\/arte\/objeciones-en-color\/\" \/>\n<meta property=\"og:site_name\" content=\"arte y estudio\" \/>\n<meta property=\"article:published_time\" content=\"2020-01-11T18:38:34+00:00\" \/>\n<meta property=\"article:modified_time\" content=\"2020-01-11T19:21:57+00:00\" \/>\n<meta property=\"og:image\" content=\"https:\/\/www.victorarandagarcia.es\/wp-content\/uploads\/05-isla-zanahoria-valencia-2007.jpg\" \/>\n\t<meta property=\"og:image:width\" content=\"587\" \/>\n\t<meta property=\"og:image:height\" content=\"604\" \/>\n\t<meta property=\"og:image:type\" content=\"image\/jpeg\" \/>\n<meta name=\"author\" content=\"victorarandagarcia\" \/>\n<meta name=\"twitter:card\" content=\"summary_large_image\" \/>\n<meta name=\"twitter:label1\" content=\"Escrito por\" \/>\n\t<meta name=\"twitter:data1\" content=\"victorarandagarcia\" \/>\n<script type=\"application\/ld+json\" class=\"yoast-schema-graph\">{\"@context\":\"https:\/\/schema.org\",\"@graph\":[{\"@type\":\"Article\",\"@id\":\"https:\/\/www.victorarandagarcia.es\/index.php\/arte\/objeciones-en-color\/#article\",\"isPartOf\":{\"@id\":\"https:\/\/www.victorarandagarcia.es\/index.php\/arte\/objeciones-en-color\/\"},\"author\":{\"name\":\"victorarandagarcia\",\"@id\":\"https:\/\/www.victorarandagarcia.es\/#\/schema\/person\/bfa9c61a3776d517deeee5f9386ef302\"},\"headline\":\"Objeciones en color\",\"datePublished\":\"2020-01-11T18:38:34+00:00\",\"dateModified\":\"2020-01-11T19:21:57+00:00\",\"mainEntityOfPage\":{\"@id\":\"https:\/\/www.victorarandagarcia.es\/index.php\/arte\/objeciones-en-color\/\"},\"wordCount\":46,\"publisher\":{\"@id\":\"https:\/\/www.victorarandagarcia.es\/#organization\"},\"image\":{\"@id\":\"https:\/\/www.victorarandagarcia.es\/index.php\/arte\/objeciones-en-color\/#primaryimage\"},\"thumbnailUrl\":\"https:\/\/www.victorarandagarcia.es\/wp-content\/uploads\/05-isla-zanahoria-valencia-2007.jpg\",\"keywords\":[\"arte\",\"estudio\",\"l\u00ed\u00admites\"],\"articleSection\":[\"arte\",\"L\u00cdMITES\"],\"inLanguage\":\"es\"},{\"@type\":\"WebPage\",\"@id\":\"https:\/\/www.victorarandagarcia.es\/index.php\/arte\/objeciones-en-color\/\",\"url\":\"https:\/\/www.victorarandagarcia.es\/index.php\/arte\/objeciones-en-color\/\",\"name\":\"Objeciones en color - arte y estudio\",\"isPartOf\":{\"@id\":\"https:\/\/www.victorarandagarcia.es\/#website\"},\"primaryImageOfPage\":{\"@id\":\"https:\/\/www.victorarandagarcia.es\/index.php\/arte\/objeciones-en-color\/#primaryimage\"},\"image\":{\"@id\":\"https:\/\/www.victorarandagarcia.es\/index.php\/arte\/objeciones-en-color\/#primaryimage\"},\"thumbnailUrl\":\"https:\/\/www.victorarandagarcia.es\/wp-content\/uploads\/05-isla-zanahoria-valencia-2007.jpg\",\"datePublished\":\"2020-01-11T18:38:34+00:00\",\"dateModified\":\"2020-01-11T19:21:57+00:00\",\"description\":\"Objeciones es una colecci\u00f3n de fotograf\u00edas realizadas con objetos cotidianos o encontrados para la serie que llamo L\u00edmites.\",\"breadcrumb\":{\"@id\":\"https:\/\/www.victorarandagarcia.es\/index.php\/arte\/objeciones-en-color\/#breadcrumb\"},\"inLanguage\":\"es\",\"potentialAction\":[{\"@type\":\"ReadAction\",\"target\":[\"https:\/\/www.victorarandagarcia.es\/index.php\/arte\/objeciones-en-color\/\"]}]},{\"@type\":\"ImageObject\",\"inLanguage\":\"es\",\"@id\":\"https:\/\/www.victorarandagarcia.es\/index.php\/arte\/objeciones-en-color\/#primaryimage\",\"url\":\"https:\/\/www.victorarandagarcia.es\/wp-content\/uploads\/05-isla-zanahoria-valencia-2007.jpg\",\"contentUrl\":\"https:\/\/www.victorarandagarcia.es\/wp-content\/uploads\/05-isla-zanahoria-valencia-2007.jpg\",\"width\":587,\"height\":604,\"caption\":\"Composici\u00f3n de tres fotograf\u00edas del extremo brotado de una zanahoria en el interior de un retrete con un l\u00edquido azul\"},{\"@type\":\"BreadcrumbList\",\"@id\":\"https:\/\/www.victorarandagarcia.es\/index.php\/arte\/objeciones-en-color\/#breadcrumb\",\"itemListElement\":[{\"@type\":\"ListItem\",\"position\":1,\"name\":\"Portada\",\"item\":\"https:\/\/www.victorarandagarcia.es\/\"},{\"@type\":\"ListItem\",\"position\":2,\"name\":\"Objeciones en color\"}]},{\"@type\":\"WebSite\",\"@id\":\"https:\/\/www.victorarandagarcia.es\/#website\",\"url\":\"https:\/\/www.victorarandagarcia.es\/\",\"name\":\"arte y estudio\",\"description\":\"Fot\u00f3grafo\",\"publisher\":{\"@id\":\"https:\/\/www.victorarandagarcia.es\/#organization\"},\"potentialAction\":[{\"@type\":\"SearchAction\",\"target\":{\"@type\":\"EntryPoint\",\"urlTemplate\":\"https:\/\/www.victorarandagarcia.es\/?s={search_term_string}\"},\"query-input\":\"required name=search_term_string\"}],\"inLanguage\":\"es\"},{\"@type\":\"Organization\",\"@id\":\"https:\/\/www.victorarandagarcia.es\/#organization\",\"name\":\"arte y estudio\",\"url\":\"https:\/\/www.victorarandagarcia.es\/\",\"logo\":{\"@type\":\"ImageObject\",\"inLanguage\":\"es\",\"@id\":\"https:\/\/www.victorarandagarcia.es\/#\/schema\/logo\/image\/\",\"url\":\"https:\/\/www.victorarandagarcia.es\/wp-content\/uploads\/2019\/03\/logo-fotografo.png\",\"contentUrl\":\"https:\/\/www.victorarandagarcia.es\/wp-content\/uploads\/2019\/03\/logo-fotografo.png\",\"width\":150,\"height\":150,\"caption\":\"arte y estudio\"},\"image\":{\"@id\":\"https:\/\/www.victorarandagarcia.es\/#\/schema\/logo\/image\/\"}},{\"@type\":\"Person\",\"@id\":\"https:\/\/www.victorarandagarcia.es\/#\/schema\/person\/bfa9c61a3776d517deeee5f9386ef302\",\"name\":\"victorarandagarcia\",\"image\":{\"@type\":\"ImageObject\",\"inLanguage\":\"es\",\"@id\":\"https:\/\/www.victorarandagarcia.es\/#\/schema\/person\/image\/\",\"url\":\"https:\/\/secure.gravatar.com\/avatar\/957a01ac23a6393e755ae8225c35dbdb?s=96&d=mm&r=g\",\"contentUrl\":\"https:\/\/secure.gravatar.com\/avatar\/957a01ac23a6393e755ae8225c35dbdb?s=96&d=mm&r=g\",\"caption\":\"victorarandagarcia\"}}]}<\/script>\n<!-- \/ Yoast SEO plugin. -->","yoast_head_json":{"title":"Objeciones en color - arte y estudio","description":"Objeciones es una colecci\u00f3n de fotograf\u00edas realizadas con objetos cotidianos o encontrados para la serie que llamo L\u00edmites.","robots":{"index":"index","follow":"follow","max-snippet":"max-snippet:-1","max-image-preview":"max-image-preview:large","max-video-preview":"max-video-preview:-1"},"canonical":"https:\/\/www.victorarandagarcia.es\/index.php\/arte\/objeciones-en-color\/","og_locale":"es_ES","og_type":"article","og_title":"Objeciones en color - arte y estudio","og_description":"Objeciones es una colecci\u00f3n de fotograf\u00edas realizadas con objetos cotidianos o encontrados para la serie que llamo L\u00edmites.","og_url":"https:\/\/www.victorarandagarcia.es\/index.php\/arte\/objeciones-en-color\/","og_site_name":"arte y estudio","article_published_time":"2020-01-11T18:38:34+00:00","article_modified_time":"2020-01-11T19:21:57+00:00","og_image":[{"width":587,"height":604,"url":"https:\/\/www.victorarandagarcia.es\/wp-content\/uploads\/05-isla-zanahoria-valencia-2007.jpg","type":"image\/jpeg"}],"author":"victorarandagarcia","twitter_card":"summary_large_image","twitter_misc":{"Escrito por":"victorarandagarcia"},"schema":{"@context":"https:\/\/schema.org","@graph":[{"@type":"Article","@id":"https:\/\/www.victorarandagarcia.es\/index.php\/arte\/objeciones-en-color\/#article","isPartOf":{"@id":"https:\/\/www.victorarandagarcia.es\/index.php\/arte\/objeciones-en-color\/"},"author":{"name":"victorarandagarcia","@id":"https:\/\/www.victorarandagarcia.es\/#\/schema\/person\/bfa9c61a3776d517deeee5f9386ef302"},"headline":"Objeciones en color","datePublished":"2020-01-11T18:38:34+00:00","dateModified":"2020-01-11T19:21:57+00:00","mainEntityOfPage":{"@id":"https:\/\/www.victorarandagarcia.es\/index.php\/arte\/objeciones-en-color\/"},"wordCount":46,"publisher":{"@id":"https:\/\/www.victorarandagarcia.es\/#organization"},"image":{"@id":"https:\/\/www.victorarandagarcia.es\/index.php\/arte\/objeciones-en-color\/#primaryimage"},"thumbnailUrl":"https:\/\/www.victorarandagarcia.es\/wp-content\/uploads\/05-isla-zanahoria-valencia-2007.jpg","keywords":["arte","estudio","l\u00ed\u00admites"],"articleSection":["arte","L\u00cdMITES"],"inLanguage":"es"},{"@type":"WebPage","@id":"https:\/\/www.victorarandagarcia.es\/index.php\/arte\/objeciones-en-color\/","url":"https:\/\/www.victorarandagarcia.es\/index.php\/arte\/objeciones-en-color\/","name":"Objeciones en color - arte y estudio","isPartOf":{"@id":"https:\/\/www.victorarandagarcia.es\/#website"},"primaryImageOfPage":{"@id":"https:\/\/www.victorarandagarcia.es\/index.php\/arte\/objeciones-en-color\/#primaryimage"},"image":{"@id":"https:\/\/www.victorarandagarcia.es\/index.php\/arte\/objeciones-en-color\/#primaryimage"},"thumbnailUrl":"https:\/\/www.victorarandagarcia.es\/wp-content\/uploads\/05-isla-zanahoria-valencia-2007.jpg","datePublished":"2020-01-11T18:38:34+00:00","dateModified":"2020-01-11T19:21:57+00:00","description":"Objeciones es una colecci\u00f3n de fotograf\u00edas realizadas con objetos cotidianos o encontrados para la serie que llamo L\u00edmites.","breadcrumb":{"@id":"https:\/\/www.victorarandagarcia.es\/index.php\/arte\/objeciones-en-color\/#breadcrumb"},"inLanguage":"es","potentialAction":[{"@type":"ReadAction","target":["https:\/\/www.victorarandagarcia.es\/index.php\/arte\/objeciones-en-color\/"]}]},{"@type":"ImageObject","inLanguage":"es","@id":"https:\/\/www.victorarandagarcia.es\/index.php\/arte\/objeciones-en-color\/#primaryimage","url":"https:\/\/www.victorarandagarcia.es\/wp-content\/uploads\/05-isla-zanahoria-valencia-2007.jpg","contentUrl":"https:\/\/www.victorarandagarcia.es\/wp-content\/uploads\/05-isla-zanahoria-valencia-2007.jpg","width":587,"height":604,"caption":"Composici\u00f3n de tres fotograf\u00edas del extremo brotado de una zanahoria en el interior de un retrete con un l\u00edquido azul"},{"@type":"BreadcrumbList","@id":"https:\/\/www.victorarandagarcia.es\/index.php\/arte\/objeciones-en-color\/#breadcrumb","itemListElement":[{"@type":"ListItem","position":1,"name":"Portada","item":"https:\/\/www.victorarandagarcia.es\/"},{"@type":"ListItem","position":2,"name":"Objeciones en color"}]},{"@type":"WebSite","@id":"https:\/\/www.victorarandagarcia.es\/#website","url":"https:\/\/www.victorarandagarcia.es\/","name":"arte y estudio","description":"Fot\u00f3grafo","publisher":{"@id":"https:\/\/www.victorarandagarcia.es\/#organization"},"potentialAction":[{"@type":"SearchAction","target":{"@type":"EntryPoint","urlTemplate":"https:\/\/www.victorarandagarcia.es\/?s={search_term_string}"},"query-input":"required name=search_term_string"}],"inLanguage":"es"},{"@type":"Organization","@id":"https:\/\/www.victorarandagarcia.es\/#organization","name":"arte y estudio","url":"https:\/\/www.victorarandagarcia.es\/","logo":{"@type":"ImageObject","inLanguage":"es","@id":"https:\/\/www.victorarandagarcia.es\/#\/schema\/logo\/image\/","url":"https:\/\/www.victorarandagarcia.es\/wp-content\/uploads\/2019\/03\/logo-fotografo.png","contentUrl":"https:\/\/www.victorarandagarcia.es\/wp-content\/uploads\/2019\/03\/logo-fotografo.png","width":150,"height":150,"caption":"arte y estudio"},"image":{"@id":"https:\/\/www.victorarandagarcia.es\/#\/schema\/logo\/image\/"}},{"@type":"Person","@id":"https:\/\/www.victorarandagarcia.es\/#\/schema\/person\/bfa9c61a3776d517deeee5f9386ef302","name":"victorarandagarcia","image":{"@type":"ImageObject","inLanguage":"es","@id":"https:\/\/www.victorarandagarcia.es\/#\/schema\/person\/image\/","url":"https:\/\/secure.gravatar.com\/avatar\/957a01ac23a6393e755ae8225c35dbdb?s=96&d=mm&r=g","contentUrl":"https:\/\/secure.gravatar.com\/avatar\/957a01ac23a6393e755ae8225c35dbdb?s=96&d=mm&r=g","caption":"victorarandagarcia"}}]}},"jetpack_featured_media_url":"https:\/\/www.victorarandagarcia.es\/wp-content\/uploads\/05-isla-zanahoria-valencia-2007.jpg","jetpack_sharing_enabled":true,"_links":{"self":[{"href":"https:\/\/www.victorarandagarcia.es\/index.php\/wp-json\/wp\/v2\/posts\/2538"}],"collection":[{"href":"https:\/\/www.victorarandagarcia.es\/index.php\/wp-json\/wp\/v2\/posts"}],"about":[{"href":"https:\/\/www.victorarandagarcia.es\/index.php\/wp-json\/wp\/v2\/types\/post"}],"author":[{"embeddable":true,"href":"https:\/\/www.victorarandagarcia.es\/index.php\/wp-json\/wp\/v2\/users\/1"}],"replies":[{"embeddable":true,"href":"https:\/\/www.victorarandagarcia.es\/index.php\/wp-json\/wp\/v2\/comments?post=2538"}],"version-history":[{"count":3,"href":"https:\/\/www.victorarandagarcia.es\/index.php\/wp-json\/wp\/v2\/posts\/2538\/revisions"}],"predecessor-version":[{"id":2557,"href":"https:\/\/www.victorarandagarcia.es\/index.php\/wp-json\/wp\/v2\/posts\/2538\/revisions\/2557"}],"wp:featuredmedia":[{"embeddable":true,"href":"https:\/\/www.victorarandagarcia.es\/index.php\/wp-json\/wp\/v2\/media\/2540"}],"wp:attachment":[{"href":"https:\/\/www.victorarandagarcia.es\/index.php\/wp-json\/wp\/v2\/media?parent=2538"}],"wp:term":[{"taxonomy":"category","embeddable":true,"href":"https:\/\/www.victorarandagarcia.es\/index.php\/wp-json\/wp\/v2\/categories?post=2538"},{"taxonomy":"post_tag","embeddable":true,"href":"https:\/\/www.victorarandagarcia.es\/index.php\/wp-json\/wp\/v2\/tags?post=2538"}],"curies":[{"name":"wp","href":"https:\/\/api.w.org\/{rel}","templated":true}]}}