{"id":2533,"date":"2020-01-10T21:32:29","date_gmt":"2020-01-10T20:32:29","guid":{"rendered":"https:\/\/www.victorarandagarcia.es\/?p=2533"},"modified":"2020-01-10T21:36:01","modified_gmt":"2020-01-10T20:36:01","slug":"recien-nacido","status":"publish","type":"post","link":"https:\/\/www.victorarandagarcia.es\/index.php\/estudio\/recien-nacido\/","title":{"rendered":"Reci\u00e9n nacido"},"content":{"rendered":"\n<div class=\"wp-block-image\"><figure class=\"aligncenter\"><img data-attachment-id=\"2523\" data-permalink=\"https:\/\/www.victorarandagarcia.es\/sesion-bebe\/\" data-orig-file=\"https:\/\/www.victorarandagarcia.es\/wp-content\/uploads\/sesion-bebe.jpg\" data-orig-size=\"749,749\" data-comments-opened=\"0\" data-image-meta=\"{&quot;aperture&quot;:&quot;3.2&quot;,&quot;credit&quot;:&quot;&quot;,&quot;camera&quot;:&quot;Canon EOS 6D&quot;,&quot;caption&quot;:&quot;&quot;,&quot;created_timestamp&quot;:&quot;1422705358&quot;,&quot;copyright&quot;:&quot;&quot;,&quot;focal_length&quot;:&quot;50&quot;,&quot;iso&quot;:&quot;125&quot;,&quot;shutter_speed&quot;:&quot;0.0125&quot;,&quot;title&quot;:&quot;&quot;,&quot;orientation&quot;:&quot;1&quot;}\" data-image-title=\"sesion-bebe\" data-image-description=\"\" data-image-caption=\"\" data-medium-file=\"https:\/\/www.victorarandagarcia.es\/wp-content\/uploads\/sesion-bebe-300x300.jpg\" data-large-file=\"https:\/\/www.victorarandagarcia.es\/wp-content\/uploads\/sesion-bebe.jpg\" decoding=\"async\" loading=\"lazy\" width=\"749\" height=\"749\" src=\"https:\/\/www.victorarandagarcia.es\/wp-content\/uploads\/sesion-bebe.jpg\" alt=\"Composici\u00f3n de tres fotograf\u00edas de una sesi\u00f3n de fotos con un reci\u00e9n nacido\" class=\"wp-image-2523\" srcset=\"https:\/\/www.victorarandagarcia.es\/wp-content\/uploads\/sesion-bebe.jpg 749w, https:\/\/www.victorarandagarcia.es\/wp-content\/uploads\/sesion-bebe-150x150.jpg 150w, https:\/\/www.victorarandagarcia.es\/wp-content\/uploads\/sesion-bebe-300x300.jpg 300w, https:\/\/www.victorarandagarcia.es\/wp-content\/uploads\/sesion-bebe-533x533.jpg 533w, https:\/\/www.victorarandagarcia.es\/wp-content\/uploads\/sesion-bebe-640x640.jpg 640w, https:\/\/www.victorarandagarcia.es\/wp-content\/uploads\/sesion-bebe-50x50.jpg 50w\" sizes=\"(max-width: 749px) 100vw, 749px\" \/><\/figure><\/div>\n\n\n\n<p>La llegada de un nuevo miembro a una familia es un gran acontecimiento que se recuerda con cada cumplea\u00f1os. Mirando hacia atr\u00e1s, \u00bfno ser\u00eda genial haber tenido tu propia sesi\u00f3n de fotos de reci\u00e9n nacido? El recuerdo de esos d\u00edas en los que un peque\u00f1o beb\u00e9 llega a nuestras vidas y nos cambia por completo, ver c\u00f3mo el beb\u00e9 crece y va cambiando con los d\u00edas, un regalo maravilloso y para toda la vida.<\/p>\n\n\n\n<ul class=\"wp-block-gallery columns-3 is-cropped wp-block-gallery-1 is-layout-flex wp-block-gallery-is-layout-flex\"><li class=\"blocks-gallery-item\"><figure><img data-attachment-id=\"2528\" data-permalink=\"https:\/\/www.victorarandagarcia.es\/fotos-bebe-valencia-1\/\" data-orig-file=\"https:\/\/www.victorarandagarcia.es\/wp-content\/uploads\/fotos-bebe-valencia-1.jpg\" data-orig-size=\"720,535\" data-comments-opened=\"0\" data-image-meta=\"{&quot;aperture&quot;:&quot;5&quot;,&quot;credit&quot;:&quot;Victor Aranda Garcia&quot;,&quot;camera&quot;:&quot;Canon EOS 50D&quot;,&quot;caption&quot;:&quot;&quot;,&quot;created_timestamp&quot;:&quot;1360498692&quot;,&quot;copyright&quot;:&quot;&quot;,&quot;focal_length&quot;:&quot;50&quot;,&quot;iso&quot;:&quot;100&quot;,&quot;shutter_speed&quot;:&quot;0.005&quot;,&quot;title&quot;:&quot;&quot;,&quot;orientation&quot;:&quot;1&quot;}\" data-image-title=\"fotos-bebe-valencia-1\" data-image-description=\"\" data-image-caption=\"\" data-medium-file=\"https:\/\/www.victorarandagarcia.es\/wp-content\/uploads\/fotos-bebe-valencia-1-300x223.jpg\" data-large-file=\"https:\/\/www.victorarandagarcia.es\/wp-content\/uploads\/fotos-bebe-valencia-1.jpg\" decoding=\"async\" loading=\"lazy\" width=\"720\" height=\"535\" src=\"https:\/\/www.victorarandagarcia.es\/wp-content\/uploads\/fotos-bebe-valencia-1.jpg\" alt=\"Fotograf\u00eda de una sesi\u00f3n de fotos de un beb\u00e9 acostado sobre una cama\" data-id=\"2528\" data-link=\"https:\/\/www.victorarandagarcia.es\/fotos-bebe-valencia-1\/\" class=\"wp-image-2528\" srcset=\"https:\/\/www.victorarandagarcia.es\/wp-content\/uploads\/fotos-bebe-valencia-1.jpg 720w, https:\/\/www.victorarandagarcia.es\/wp-content\/uploads\/fotos-bebe-valencia-1-300x223.jpg 300w\" sizes=\"(max-width: 720px) 100vw, 720px\" \/><\/figure><\/li><li class=\"blocks-gallery-item\"><figure><img data-attachment-id=\"2525\" data-permalink=\"https:\/\/www.victorarandagarcia.es\/fotos-bebe-valencia-2\/\" data-orig-file=\"https:\/\/www.victorarandagarcia.es\/wp-content\/uploads\/fotos-bebe-valencia-2.jpg\" data-orig-size=\"720,535\" data-comments-opened=\"0\" data-image-meta=\"{&quot;aperture&quot;:&quot;5&quot;,&quot;credit&quot;:&quot;Victor Aranda Garcia&quot;,&quot;camera&quot;:&quot;Canon EOS 50D&quot;,&quot;caption&quot;:&quot;&quot;,&quot;created_timestamp&quot;:&quot;1360498653&quot;,&quot;copyright&quot;:&quot;&quot;,&quot;focal_length&quot;:&quot;50&quot;,&quot;iso&quot;:&quot;100&quot;,&quot;shutter_speed&quot;:&quot;0.005&quot;,&quot;title&quot;:&quot;&quot;,&quot;orientation&quot;:&quot;1&quot;}\" data-image-title=\"fotos-bebe-valencia-2\" data-image-description=\"\" data-image-caption=\"\" data-medium-file=\"https:\/\/www.victorarandagarcia.es\/wp-content\/uploads\/fotos-bebe-valencia-2-300x223.jpg\" data-large-file=\"https:\/\/www.victorarandagarcia.es\/wp-content\/uploads\/fotos-bebe-valencia-2.jpg\" decoding=\"async\" loading=\"lazy\" width=\"720\" height=\"535\" src=\"https:\/\/www.victorarandagarcia.es\/wp-content\/uploads\/fotos-bebe-valencia-2.jpg\" alt=\"Fotograf\u00eda de un beb\u00e9 sobre una cama blanca\" data-id=\"2525\" data-link=\"https:\/\/www.victorarandagarcia.es\/fotos-bebe-valencia-2\/\" class=\"wp-image-2525\" srcset=\"https:\/\/www.victorarandagarcia.es\/wp-content\/uploads\/fotos-bebe-valencia-2.jpg 720w, https:\/\/www.victorarandagarcia.es\/wp-content\/uploads\/fotos-bebe-valencia-2-300x223.jpg 300w\" sizes=\"(max-width: 720px) 100vw, 720px\" \/><\/figure><\/li><li class=\"blocks-gallery-item\"><figure><img data-attachment-id=\"2529\" data-permalink=\"https:\/\/www.victorarandagarcia.es\/fotos-bebe-valencia-3\/\" data-orig-file=\"https:\/\/www.victorarandagarcia.es\/wp-content\/uploads\/fotos-bebe-valencia-3.jpg\" data-orig-size=\"720,535\" data-comments-opened=\"0\" data-image-meta=\"{&quot;aperture&quot;:&quot;5.6&quot;,&quot;credit&quot;:&quot;Victor Aranda Garcia&quot;,&quot;camera&quot;:&quot;Canon EOS 50D&quot;,&quot;caption&quot;:&quot;&quot;,&quot;created_timestamp&quot;:&quot;1360498898&quot;,&quot;copyright&quot;:&quot;&quot;,&quot;focal_length&quot;:&quot;50&quot;,&quot;iso&quot;:&quot;100&quot;,&quot;shutter_speed&quot;:&quot;0.00625&quot;,&quot;title&quot;:&quot;&quot;,&quot;orientation&quot;:&quot;1&quot;}\" data-image-title=\"fotos-bebe-valencia-3\" data-image-description=\"\" data-image-caption=\"\" data-medium-file=\"https:\/\/www.victorarandagarcia.es\/wp-content\/uploads\/fotos-bebe-valencia-3-300x223.jpg\" data-large-file=\"https:\/\/www.victorarandagarcia.es\/wp-content\/uploads\/fotos-bebe-valencia-3.jpg\" decoding=\"async\" loading=\"lazy\" width=\"720\" height=\"535\" src=\"https:\/\/www.victorarandagarcia.es\/wp-content\/uploads\/fotos-bebe-valencia-3.jpg\" alt=\"Fotograf\u00eda de estudio de un beb\u00e9 acostado boca arriba\" data-id=\"2529\" data-link=\"https:\/\/www.victorarandagarcia.es\/fotos-bebe-valencia-3\/\" class=\"wp-image-2529\" srcset=\"https:\/\/www.victorarandagarcia.es\/wp-content\/uploads\/fotos-bebe-valencia-3.jpg 720w, https:\/\/www.victorarandagarcia.es\/wp-content\/uploads\/fotos-bebe-valencia-3-300x223.jpg 300w\" sizes=\"(max-width: 720px) 100vw, 720px\" \/><\/figure><\/li><\/ul>\n\n\n\n<p>\u00bfC\u00f3mo es una sesi\u00f3n de fotos para reci\u00e9n nacido, tambi\u00e9n conocida como newborn? Las fotos podemos hacerlas tanto a domicilio (llevando el atrezzo necesario y un equipo de iluminaci\u00f3n port\u00e1til) como en estudio donde procuraremos que la sesi\u00f3n fotogr\u00e1fica de tu beb\u00e9 sea una experiencia en la que la familia se sienta igualmente c\u00f3moda y casi como en casa. Consulta presupuesto sin compromiso y reserva la sesi\u00f3n para tu beb\u00e9.<\/p>\n\n\n\n<ul class=\"wp-block-gallery columns-2 is-cropped wp-block-gallery-3 is-layout-flex wp-block-gallery-is-layout-flex\"><li class=\"blocks-gallery-item\"><figure><img data-attachment-id=\"2524\" data-permalink=\"https:\/\/www.victorarandagarcia.es\/sesion-estudio-valencia\/\" data-orig-file=\"https:\/\/www.victorarandagarcia.es\/wp-content\/uploads\/sesion-estudio-valencia.jpg\" data-orig-size=\"720,482\" data-comments-opened=\"0\" data-image-meta=\"{&quot;aperture&quot;:&quot;4.5&quot;,&quot;credit&quot;:&quot;&quot;,&quot;camera&quot;:&quot;Canon EOS 6D&quot;,&quot;caption&quot;:&quot;&quot;,&quot;created_timestamp&quot;:&quot;1422702965&quot;,&quot;copyright&quot;:&quot;&quot;,&quot;focal_length&quot;:&quot;50&quot;,&quot;iso&quot;:&quot;100&quot;,&quot;shutter_speed&quot;:&quot;0.0125&quot;,&quot;title&quot;:&quot;&quot;,&quot;orientation&quot;:&quot;1&quot;}\" data-image-title=\"sesion-estudio-valencia\" data-image-description=\"\" data-image-caption=\"\" data-medium-file=\"https:\/\/www.victorarandagarcia.es\/wp-content\/uploads\/sesion-estudio-valencia-300x201.jpg\" data-large-file=\"https:\/\/www.victorarandagarcia.es\/wp-content\/uploads\/sesion-estudio-valencia.jpg\" decoding=\"async\" loading=\"lazy\" width=\"720\" height=\"482\" src=\"https:\/\/www.victorarandagarcia.es\/wp-content\/uploads\/sesion-estudio-valencia.jpg\" alt=\"Fotograf\u00eda de estudio de un beb\u00e9 en una cesta con una tela azul\" data-id=\"2524\" data-link=\"https:\/\/www.victorarandagarcia.es\/sesion-estudio-valencia\/\" class=\"wp-image-2524\" srcset=\"https:\/\/www.victorarandagarcia.es\/wp-content\/uploads\/sesion-estudio-valencia.jpg 720w, https:\/\/www.victorarandagarcia.es\/wp-content\/uploads\/sesion-estudio-valencia-300x201.jpg 300w\" sizes=\"(max-width: 720px) 100vw, 720px\" \/><\/figure><\/li><li class=\"blocks-gallery-item\"><figure><img data-attachment-id=\"2526\" data-permalink=\"https:\/\/www.victorarandagarcia.es\/estudio-foto-bebe\/\" data-orig-file=\"https:\/\/www.victorarandagarcia.es\/wp-content\/uploads\/estudio-foto-bebe.jpg\" data-orig-size=\"720,482\" data-comments-opened=\"0\" data-image-meta=\"{&quot;aperture&quot;:&quot;2.5&quot;,&quot;credit&quot;:&quot;&quot;,&quot;camera&quot;:&quot;Canon EOS 6D&quot;,&quot;caption&quot;:&quot;&quot;,&quot;created_timestamp&quot;:&quot;1422705035&quot;,&quot;copyright&quot;:&quot;&quot;,&quot;focal_length&quot;:&quot;50&quot;,&quot;iso&quot;:&quot;100&quot;,&quot;shutter_speed&quot;:&quot;0.0125&quot;,&quot;title&quot;:&quot;&quot;,&quot;orientation&quot;:&quot;1&quot;}\" data-image-title=\"estudio-foto-bebe\" data-image-description=\"\" data-image-caption=\"\" data-medium-file=\"https:\/\/www.victorarandagarcia.es\/wp-content\/uploads\/estudio-foto-bebe-300x201.jpg\" data-large-file=\"https:\/\/www.victorarandagarcia.es\/wp-content\/uploads\/estudio-foto-bebe.jpg\" decoding=\"async\" loading=\"lazy\" width=\"720\" height=\"482\" src=\"https:\/\/www.victorarandagarcia.es\/wp-content\/uploads\/estudio-foto-bebe.jpg\" alt=\"Fotograf\u00eda de un reci\u00e9n nacido con una chupeta con un colgante con su nombre\" data-id=\"2526\" data-link=\"https:\/\/www.victorarandagarcia.es\/estudio-foto-bebe\/\" class=\"wp-image-2526\" srcset=\"https:\/\/www.victorarandagarcia.es\/wp-content\/uploads\/estudio-foto-bebe.jpg 720w, https:\/\/www.victorarandagarcia.es\/wp-content\/uploads\/estudio-foto-bebe-300x201.jpg 300w\" sizes=\"(max-width: 720px) 100vw, 720px\" \/><\/figure><\/li><\/ul>\n\n\n\n<ul class=\"wp-block-gallery columns-2 is-cropped wp-block-gallery-5 is-layout-flex wp-block-gallery-is-layout-flex\"><li class=\"blocks-gallery-item\"><figure><img data-attachment-id=\"2522\" data-permalink=\"https:\/\/www.victorarandagarcia.es\/newborn-valencia-1\/\" data-orig-file=\"https:\/\/www.victorarandagarcia.es\/wp-content\/uploads\/newborn-valencia-1.jpg\" data-orig-size=\"720,482\" data-comments-opened=\"0\" data-image-meta=\"{&quot;aperture&quot;:&quot;4.5&quot;,&quot;credit&quot;:&quot;&quot;,&quot;camera&quot;:&quot;Canon EOS 600D&quot;,&quot;caption&quot;:&quot;&quot;,&quot;created_timestamp&quot;:&quot;1422707244&quot;,&quot;copyright&quot;:&quot;&quot;,&quot;focal_length&quot;:&quot;50&quot;,&quot;iso&quot;:&quot;100&quot;,&quot;shutter_speed&quot;:&quot;0.00625&quot;,&quot;title&quot;:&quot;&quot;,&quot;orientation&quot;:&quot;1&quot;}\" data-image-title=\"newborn-valencia-1\" data-image-description=\"\" data-image-caption=\"\" data-medium-file=\"https:\/\/www.victorarandagarcia.es\/wp-content\/uploads\/newborn-valencia-1-300x201.jpg\" data-large-file=\"https:\/\/www.victorarandagarcia.es\/wp-content\/uploads\/newborn-valencia-1.jpg\" decoding=\"async\" loading=\"lazy\" width=\"720\" height=\"482\" src=\"https:\/\/www.victorarandagarcia.es\/wp-content\/uploads\/newborn-valencia-1.jpg\" alt=\"Fotograf\u00eda de estudio de la mano de un reci\u00e9n nacido cogiendo la de su madre\" data-id=\"2522\" data-link=\"https:\/\/www.victorarandagarcia.es\/newborn-valencia-1\/\" class=\"wp-image-2522\" srcset=\"https:\/\/www.victorarandagarcia.es\/wp-content\/uploads\/newborn-valencia-1.jpg 720w, https:\/\/www.victorarandagarcia.es\/wp-content\/uploads\/newborn-valencia-1-300x201.jpg 300w\" sizes=\"(max-width: 720px) 100vw, 720px\" \/><\/figure><\/li><li class=\"blocks-gallery-item\"><figure><img data-attachment-id=\"2530\" data-permalink=\"https:\/\/www.victorarandagarcia.es\/newborn-valencia-3\/\" data-orig-file=\"https:\/\/www.victorarandagarcia.es\/wp-content\/uploads\/newborn-valencia-3.jpg\" data-orig-size=\"720,482\" data-comments-opened=\"0\" data-image-meta=\"{&quot;aperture&quot;:&quot;4.5&quot;,&quot;credit&quot;:&quot;&quot;,&quot;camera&quot;:&quot;Canon EOS 600D&quot;,&quot;caption&quot;:&quot;&quot;,&quot;created_timestamp&quot;:&quot;1422707433&quot;,&quot;copyright&quot;:&quot;&quot;,&quot;focal_length&quot;:&quot;50&quot;,&quot;iso&quot;:&quot;100&quot;,&quot;shutter_speed&quot;:&quot;0.00625&quot;,&quot;title&quot;:&quot;&quot;,&quot;orientation&quot;:&quot;1&quot;}\" data-image-title=\"newborn-valencia-3\" data-image-description=\"\" data-image-caption=\"\" data-medium-file=\"https:\/\/www.victorarandagarcia.es\/wp-content\/uploads\/newborn-valencia-3-300x201.jpg\" data-large-file=\"https:\/\/www.victorarandagarcia.es\/wp-content\/uploads\/newborn-valencia-3.jpg\" decoding=\"async\" loading=\"lazy\" width=\"720\" height=\"482\" src=\"https:\/\/www.victorarandagarcia.es\/wp-content\/uploads\/newborn-valencia-3.jpg\" alt=\"Fotograf\u00eda en blanco y negro de un beb\u00e9 dando la mano a su madre\" data-id=\"2530\" data-link=\"https:\/\/www.victorarandagarcia.es\/newborn-valencia-3\/\" class=\"wp-image-2530\" srcset=\"https:\/\/www.victorarandagarcia.es\/wp-content\/uploads\/newborn-valencia-3.jpg 720w, https:\/\/www.victorarandagarcia.es\/wp-content\/uploads\/newborn-valencia-3-300x201.jpg 300w\" sizes=\"(max-width: 720px) 100vw, 720px\" \/><\/figure><\/li><li class=\"blocks-gallery-item\"><figure><img data-attachment-id=\"2527\" data-permalink=\"https:\/\/www.victorarandagarcia.es\/newborn-valencia-2\/\" data-orig-file=\"https:\/\/www.victorarandagarcia.es\/wp-content\/uploads\/newborn-valencia-2.jpg\" data-orig-size=\"482,720\" data-comments-opened=\"0\" data-image-meta=\"{&quot;aperture&quot;:&quot;4.5&quot;,&quot;credit&quot;:&quot;&quot;,&quot;camera&quot;:&quot;Canon EOS 600D&quot;,&quot;caption&quot;:&quot;&quot;,&quot;created_timestamp&quot;:&quot;1422707421&quot;,&quot;copyright&quot;:&quot;&quot;,&quot;focal_length&quot;:&quot;50&quot;,&quot;iso&quot;:&quot;100&quot;,&quot;shutter_speed&quot;:&quot;0.00625&quot;,&quot;title&quot;:&quot;&quot;,&quot;orientation&quot;:&quot;1&quot;}\" data-image-title=\"newborn-valencia-2\" data-image-description=\"\" data-image-caption=\"\" data-medium-file=\"https:\/\/www.victorarandagarcia.es\/wp-content\/uploads\/newborn-valencia-2-201x300.jpg\" data-large-file=\"https:\/\/www.victorarandagarcia.es\/wp-content\/uploads\/newborn-valencia-2.jpg\" decoding=\"async\" loading=\"lazy\" width=\"482\" height=\"720\" src=\"https:\/\/www.victorarandagarcia.es\/wp-content\/uploads\/newborn-valencia-2.jpg\" alt=\"Fotografia en blanco y negro del brazo de un beb\u00e9 cogido por la mano de su madre\" data-id=\"2527\" data-link=\"https:\/\/www.victorarandagarcia.es\/newborn-valencia-2\/\" class=\"wp-image-2527\" srcset=\"https:\/\/www.victorarandagarcia.es\/wp-content\/uploads\/newborn-valencia-2.jpg 482w, https:\/\/www.victorarandagarcia.es\/wp-content\/uploads\/newborn-valencia-2-201x300.jpg 201w\" sizes=\"(max-width: 482px) 100vw, 482px\" \/><\/figure><\/li><li class=\"blocks-gallery-item\"><figure><img data-attachment-id=\"2531\" data-permalink=\"https:\/\/www.victorarandagarcia.es\/sesion-fotos-bebe\/\" data-orig-file=\"https:\/\/www.victorarandagarcia.es\/wp-content\/uploads\/sesion-fotos-bebe.jpg\" data-orig-size=\"423,600\" data-comments-opened=\"0\" data-image-meta=\"{&quot;aperture&quot;:&quot;0&quot;,&quot;credit&quot;:&quot;Victor Aranda Garcia&quot;,&quot;camera&quot;:&quot;&quot;,&quot;caption&quot;:&quot;&quot;,&quot;created_timestamp&quot;:&quot;0&quot;,&quot;copyright&quot;:&quot;&quot;,&quot;focal_length&quot;:&quot;0&quot;,&quot;iso&quot;:&quot;0&quot;,&quot;shutter_speed&quot;:&quot;0&quot;,&quot;title&quot;:&quot;&quot;,&quot;orientation&quot;:&quot;0&quot;}\" data-image-title=\"sesion-fotos-bebe\" data-image-description=\"\" data-image-caption=\"\" data-medium-file=\"https:\/\/www.victorarandagarcia.es\/wp-content\/uploads\/sesion-fotos-bebe-212x300.jpg\" data-large-file=\"https:\/\/www.victorarandagarcia.es\/wp-content\/uploads\/sesion-fotos-bebe.jpg\" decoding=\"async\" loading=\"lazy\" width=\"423\" height=\"600\" src=\"https:\/\/www.victorarandagarcia.es\/wp-content\/uploads\/sesion-fotos-bebe.jpg\" alt=\"Fotograf\u00eda en blanco y negro de un beb\u00e9 sonriendo\" data-id=\"2531\" data-link=\"https:\/\/www.victorarandagarcia.es\/sesion-fotos-bebe\/\" class=\"wp-image-2531\" srcset=\"https:\/\/www.victorarandagarcia.es\/wp-content\/uploads\/sesion-fotos-bebe.jpg 423w, https:\/\/www.victorarandagarcia.es\/wp-content\/uploads\/sesion-fotos-bebe-212x300.jpg 212w\" sizes=\"(max-width: 423px) 100vw, 423px\" \/><\/figure><\/li><\/ul>\n\n\n\n<div class=\"wp-block-image\"><figure class=\"aligncenter\"><img data-attachment-id=\"2532\" data-permalink=\"https:\/\/www.victorarandagarcia.es\/newborn-valencia-4\/\" data-orig-file=\"https:\/\/www.victorarandagarcia.es\/wp-content\/uploads\/newborn-valencia-4.jpg\" data-orig-size=\"720,482\" data-comments-opened=\"0\" data-image-meta=\"{&quot;aperture&quot;:&quot;8&quot;,&quot;credit&quot;:&quot;&quot;,&quot;camera&quot;:&quot;Canon EOS 600D&quot;,&quot;caption&quot;:&quot;&quot;,&quot;created_timestamp&quot;:&quot;1422707062&quot;,&quot;copyright&quot;:&quot;&quot;,&quot;focal_length&quot;:&quot;50&quot;,&quot;iso&quot;:&quot;800&quot;,&quot;shutter_speed&quot;:&quot;0.00625&quot;,&quot;title&quot;:&quot;&quot;,&quot;orientation&quot;:&quot;1&quot;}\" data-image-title=\"newborn-valencia-4\" data-image-description=\"\" data-image-caption=\"\" data-medium-file=\"https:\/\/www.victorarandagarcia.es\/wp-content\/uploads\/newborn-valencia-4-300x201.jpg\" data-large-file=\"https:\/\/www.victorarandagarcia.es\/wp-content\/uploads\/newborn-valencia-4.jpg\" decoding=\"async\" loading=\"lazy\" width=\"720\" height=\"482\" src=\"https:\/\/www.victorarandagarcia.es\/wp-content\/uploads\/newborn-valencia-4.jpg\" alt=\"Fotograf\u00eda art\u00edstica de los pies de un reci\u00e9n nacido sostenidos por las manos de su madre sobre una alfombra\" class=\"wp-image-2532\" srcset=\"https:\/\/www.victorarandagarcia.es\/wp-content\/uploads\/newborn-valencia-4.jpg 720w, https:\/\/www.victorarandagarcia.es\/wp-content\/uploads\/newborn-valencia-4-300x201.jpg 300w\" sizes=\"(max-width: 720px) 100vw, 720px\" \/><\/figure><\/div>\n","protected":false},"excerpt":{"rendered":"<p>La llegada de un nuevo miembro a una familia es un gran acontecimiento que se recuerda con cada cumplea\u00f1os. Mirando hacia atr\u00e1s, \u00bfno ser\u00eda genial haber tenido tu propia sesi\u00f3n de fotos de reci\u00e9n nacido? &hellip; <a href=\"https:\/\/www.victorarandagarcia.es\/index.php\/estudio\/recien-nacido\/\" class=\"more-link\"><span>Continuar<span class=\"screen-reader-text\">Reci\u00e9n nacido<\/span><\/span><\/a><\/p>\n","protected":false},"author":1,"featured_media":2523,"comment_status":"closed","ping_status":"open","sticky":false,"template":"","format":"standard","meta":{"jetpack_post_was_ever_published":false,"_jetpack_newsletter_access":"","_jetpack_dont_email_post_to_subs":false,"_jetpack_newsletter_tier_id":0,"_jetpack_memberships_contains_paywalled_content":false,"footnotes":"","_jetpack_memberships_contains_paid_content":false},"categories":[19,56],"tags":[88,34,27],"yoast_head":"<!-- This site is optimized with the Yoast SEO plugin v22.6 - https:\/\/yoast.com\/wordpress\/plugins\/seo\/ -->\n<title>Reci\u00e9n nacido - arte y estudio<\/title>\n<meta name=\"description\" content=\"La llegada de un nuevo miembro a la familia es un gran acontecimiento. Mirando hacia atr\u00e1s, \u00bfno ser\u00eda genial haber tenido tu propia sesi\u00f3n de fotos de beb\u00e9?\" \/>\n<meta name=\"robots\" content=\"index, follow, max-snippet:-1, max-image-preview:large, max-video-preview:-1\" \/>\n<link rel=\"canonical\" href=\"https:\/\/www.victorarandagarcia.es\/index.php\/estudio\/recien-nacido\/\" \/>\n<meta property=\"og:locale\" content=\"es_ES\" \/>\n<meta property=\"og:type\" content=\"article\" \/>\n<meta property=\"og:title\" content=\"Reci\u00e9n nacido - arte y estudio\" \/>\n<meta property=\"og:description\" content=\"La llegada de un nuevo miembro a la familia es un gran acontecimiento. Mirando hacia atr\u00e1s, \u00bfno ser\u00eda genial haber tenido tu propia sesi\u00f3n de fotos de beb\u00e9?\" \/>\n<meta property=\"og:url\" content=\"https:\/\/www.victorarandagarcia.es\/index.php\/estudio\/recien-nacido\/\" \/>\n<meta property=\"og:site_name\" content=\"arte y estudio\" \/>\n<meta property=\"article:published_time\" content=\"2020-01-10T20:32:29+00:00\" \/>\n<meta property=\"article:modified_time\" content=\"2020-01-10T20:36:01+00:00\" \/>\n<meta property=\"og:image\" content=\"https:\/\/www.victorarandagarcia.es\/wp-content\/uploads\/sesion-bebe.jpg\" \/>\n\t<meta property=\"og:image:width\" content=\"749\" \/>\n\t<meta property=\"og:image:height\" content=\"749\" \/>\n\t<meta property=\"og:image:type\" content=\"image\/jpeg\" \/>\n<meta name=\"author\" content=\"victorarandagarcia\" \/>\n<meta name=\"twitter:card\" content=\"summary_large_image\" \/>\n<meta name=\"twitter:label1\" content=\"Escrito por\" \/>\n\t<meta name=\"twitter:data1\" content=\"victorarandagarcia\" \/>\n\t<meta name=\"twitter:label2\" content=\"Tiempo de lectura\" \/>\n\t<meta name=\"twitter:data2\" content=\"1 minuto\" \/>\n<script type=\"application\/ld+json\" class=\"yoast-schema-graph\">{\"@context\":\"https:\/\/schema.org\",\"@graph\":[{\"@type\":\"Article\",\"@id\":\"https:\/\/www.victorarandagarcia.es\/index.php\/estudio\/recien-nacido\/#article\",\"isPartOf\":{\"@id\":\"https:\/\/www.victorarandagarcia.es\/index.php\/estudio\/recien-nacido\/\"},\"author\":{\"name\":\"victorarandagarcia\",\"@id\":\"https:\/\/www.victorarandagarcia.es\/#\/schema\/person\/bfa9c61a3776d517deeee5f9386ef302\"},\"headline\":\"Reci\u00e9n nacido\",\"datePublished\":\"2020-01-10T20:32:29+00:00\",\"dateModified\":\"2020-01-10T20:36:01+00:00\",\"mainEntityOfPage\":{\"@id\":\"https:\/\/www.victorarandagarcia.es\/index.php\/estudio\/recien-nacido\/\"},\"wordCount\":166,\"publisher\":{\"@id\":\"https:\/\/www.victorarandagarcia.es\/#organization\"},\"image\":{\"@id\":\"https:\/\/www.victorarandagarcia.es\/index.php\/estudio\/recien-nacido\/#primaryimage\"},\"thumbnailUrl\":\"https:\/\/www.victorarandagarcia.es\/wp-content\/uploads\/sesion-bebe.jpg\",\"keywords\":[\"beb\u00e9\",\"estudio\",\"retrato\"],\"articleSection\":[\"estudio\",\"retrato\"],\"inLanguage\":\"es\"},{\"@type\":\"WebPage\",\"@id\":\"https:\/\/www.victorarandagarcia.es\/index.php\/estudio\/recien-nacido\/\",\"url\":\"https:\/\/www.victorarandagarcia.es\/index.php\/estudio\/recien-nacido\/\",\"name\":\"Reci\u00e9n nacido - arte y estudio\",\"isPartOf\":{\"@id\":\"https:\/\/www.victorarandagarcia.es\/#website\"},\"primaryImageOfPage\":{\"@id\":\"https:\/\/www.victorarandagarcia.es\/index.php\/estudio\/recien-nacido\/#primaryimage\"},\"image\":{\"@id\":\"https:\/\/www.victorarandagarcia.es\/index.php\/estudio\/recien-nacido\/#primaryimage\"},\"thumbnailUrl\":\"https:\/\/www.victorarandagarcia.es\/wp-content\/uploads\/sesion-bebe.jpg\",\"datePublished\":\"2020-01-10T20:32:29+00:00\",\"dateModified\":\"2020-01-10T20:36:01+00:00\",\"description\":\"La llegada de un nuevo miembro a la familia es un gran acontecimiento. Mirando hacia atr\u00e1s, \u00bfno ser\u00eda genial haber tenido tu propia sesi\u00f3n de fotos de beb\u00e9?\",\"breadcrumb\":{\"@id\":\"https:\/\/www.victorarandagarcia.es\/index.php\/estudio\/recien-nacido\/#breadcrumb\"},\"inLanguage\":\"es\",\"potentialAction\":[{\"@type\":\"ReadAction\",\"target\":[\"https:\/\/www.victorarandagarcia.es\/index.php\/estudio\/recien-nacido\/\"]}]},{\"@type\":\"ImageObject\",\"inLanguage\":\"es\",\"@id\":\"https:\/\/www.victorarandagarcia.es\/index.php\/estudio\/recien-nacido\/#primaryimage\",\"url\":\"https:\/\/www.victorarandagarcia.es\/wp-content\/uploads\/sesion-bebe.jpg\",\"contentUrl\":\"https:\/\/www.victorarandagarcia.es\/wp-content\/uploads\/sesion-bebe.jpg\",\"width\":749,\"height\":749,\"caption\":\"Composici\u00f3n de tres fotograf\u00edas de una sesi\u00f3n de fotos con un reci\u00e9n nacido\"},{\"@type\":\"BreadcrumbList\",\"@id\":\"https:\/\/www.victorarandagarcia.es\/index.php\/estudio\/recien-nacido\/#breadcrumb\",\"itemListElement\":[{\"@type\":\"ListItem\",\"position\":1,\"name\":\"Portada\",\"item\":\"https:\/\/www.victorarandagarcia.es\/\"},{\"@type\":\"ListItem\",\"position\":2,\"name\":\"Reci\u00e9n nacido\"}]},{\"@type\":\"WebSite\",\"@id\":\"https:\/\/www.victorarandagarcia.es\/#website\",\"url\":\"https:\/\/www.victorarandagarcia.es\/\",\"name\":\"arte y estudio\",\"description\":\"Fot\u00f3grafo\",\"publisher\":{\"@id\":\"https:\/\/www.victorarandagarcia.es\/#organization\"},\"potentialAction\":[{\"@type\":\"SearchAction\",\"target\":{\"@type\":\"EntryPoint\",\"urlTemplate\":\"https:\/\/www.victorarandagarcia.es\/?s={search_term_string}\"},\"query-input\":\"required name=search_term_string\"}],\"inLanguage\":\"es\"},{\"@type\":\"Organization\",\"@id\":\"https:\/\/www.victorarandagarcia.es\/#organization\",\"name\":\"arte y estudio\",\"url\":\"https:\/\/www.victorarandagarcia.es\/\",\"logo\":{\"@type\":\"ImageObject\",\"inLanguage\":\"es\",\"@id\":\"https:\/\/www.victorarandagarcia.es\/#\/schema\/logo\/image\/\",\"url\":\"https:\/\/www.victorarandagarcia.es\/wp-content\/uploads\/2019\/03\/logo-fotografo.png\",\"contentUrl\":\"https:\/\/www.victorarandagarcia.es\/wp-content\/uploads\/2019\/03\/logo-fotografo.png\",\"width\":150,\"height\":150,\"caption\":\"arte y estudio\"},\"image\":{\"@id\":\"https:\/\/www.victorarandagarcia.es\/#\/schema\/logo\/image\/\"}},{\"@type\":\"Person\",\"@id\":\"https:\/\/www.victorarandagarcia.es\/#\/schema\/person\/bfa9c61a3776d517deeee5f9386ef302\",\"name\":\"victorarandagarcia\",\"image\":{\"@type\":\"ImageObject\",\"inLanguage\":\"es\",\"@id\":\"https:\/\/www.victorarandagarcia.es\/#\/schema\/person\/image\/\",\"url\":\"https:\/\/secure.gravatar.com\/avatar\/957a01ac23a6393e755ae8225c35dbdb?s=96&d=mm&r=g\",\"contentUrl\":\"https:\/\/secure.gravatar.com\/avatar\/957a01ac23a6393e755ae8225c35dbdb?s=96&d=mm&r=g\",\"caption\":\"victorarandagarcia\"}}]}<\/script>\n<!-- \/ Yoast SEO plugin. -->","yoast_head_json":{"title":"Reci\u00e9n nacido - arte y estudio","description":"La llegada de un nuevo miembro a la familia es un gran acontecimiento. Mirando hacia atr\u00e1s, \u00bfno ser\u00eda genial haber tenido tu propia sesi\u00f3n de fotos de beb\u00e9?","robots":{"index":"index","follow":"follow","max-snippet":"max-snippet:-1","max-image-preview":"max-image-preview:large","max-video-preview":"max-video-preview:-1"},"canonical":"https:\/\/www.victorarandagarcia.es\/index.php\/estudio\/recien-nacido\/","og_locale":"es_ES","og_type":"article","og_title":"Reci\u00e9n nacido - arte y estudio","og_description":"La llegada de un nuevo miembro a la familia es un gran acontecimiento. Mirando hacia atr\u00e1s, \u00bfno ser\u00eda genial haber tenido tu propia sesi\u00f3n de fotos de beb\u00e9?","og_url":"https:\/\/www.victorarandagarcia.es\/index.php\/estudio\/recien-nacido\/","og_site_name":"arte y estudio","article_published_time":"2020-01-10T20:32:29+00:00","article_modified_time":"2020-01-10T20:36:01+00:00","og_image":[{"width":749,"height":749,"url":"https:\/\/www.victorarandagarcia.es\/wp-content\/uploads\/sesion-bebe.jpg","type":"image\/jpeg"}],"author":"victorarandagarcia","twitter_card":"summary_large_image","twitter_misc":{"Escrito por":"victorarandagarcia","Tiempo de lectura":"1 minuto"},"schema":{"@context":"https:\/\/schema.org","@graph":[{"@type":"Article","@id":"https:\/\/www.victorarandagarcia.es\/index.php\/estudio\/recien-nacido\/#article","isPartOf":{"@id":"https:\/\/www.victorarandagarcia.es\/index.php\/estudio\/recien-nacido\/"},"author":{"name":"victorarandagarcia","@id":"https:\/\/www.victorarandagarcia.es\/#\/schema\/person\/bfa9c61a3776d517deeee5f9386ef302"},"headline":"Reci\u00e9n nacido","datePublished":"2020-01-10T20:32:29+00:00","dateModified":"2020-01-10T20:36:01+00:00","mainEntityOfPage":{"@id":"https:\/\/www.victorarandagarcia.es\/index.php\/estudio\/recien-nacido\/"},"wordCount":166,"publisher":{"@id":"https:\/\/www.victorarandagarcia.es\/#organization"},"image":{"@id":"https:\/\/www.victorarandagarcia.es\/index.php\/estudio\/recien-nacido\/#primaryimage"},"thumbnailUrl":"https:\/\/www.victorarandagarcia.es\/wp-content\/uploads\/sesion-bebe.jpg","keywords":["beb\u00e9","estudio","retrato"],"articleSection":["estudio","retrato"],"inLanguage":"es"},{"@type":"WebPage","@id":"https:\/\/www.victorarandagarcia.es\/index.php\/estudio\/recien-nacido\/","url":"https:\/\/www.victorarandagarcia.es\/index.php\/estudio\/recien-nacido\/","name":"Reci\u00e9n nacido - arte y estudio","isPartOf":{"@id":"https:\/\/www.victorarandagarcia.es\/#website"},"primaryImageOfPage":{"@id":"https:\/\/www.victorarandagarcia.es\/index.php\/estudio\/recien-nacido\/#primaryimage"},"image":{"@id":"https:\/\/www.victorarandagarcia.es\/index.php\/estudio\/recien-nacido\/#primaryimage"},"thumbnailUrl":"https:\/\/www.victorarandagarcia.es\/wp-content\/uploads\/sesion-bebe.jpg","datePublished":"2020-01-10T20:32:29+00:00","dateModified":"2020-01-10T20:36:01+00:00","description":"La llegada de un nuevo miembro a la familia es un gran acontecimiento. Mirando hacia atr\u00e1s, \u00bfno ser\u00eda genial haber tenido tu propia sesi\u00f3n de fotos de beb\u00e9?","breadcrumb":{"@id":"https:\/\/www.victorarandagarcia.es\/index.php\/estudio\/recien-nacido\/#breadcrumb"},"inLanguage":"es","potentialAction":[{"@type":"ReadAction","target":["https:\/\/www.victorarandagarcia.es\/index.php\/estudio\/recien-nacido\/"]}]},{"@type":"ImageObject","inLanguage":"es","@id":"https:\/\/www.victorarandagarcia.es\/index.php\/estudio\/recien-nacido\/#primaryimage","url":"https:\/\/www.victorarandagarcia.es\/wp-content\/uploads\/sesion-bebe.jpg","contentUrl":"https:\/\/www.victorarandagarcia.es\/wp-content\/uploads\/sesion-bebe.jpg","width":749,"height":749,"caption":"Composici\u00f3n de tres fotograf\u00edas de una sesi\u00f3n de fotos con un reci\u00e9n nacido"},{"@type":"BreadcrumbList","@id":"https:\/\/www.victorarandagarcia.es\/index.php\/estudio\/recien-nacido\/#breadcrumb","itemListElement":[{"@type":"ListItem","position":1,"name":"Portada","item":"https:\/\/www.victorarandagarcia.es\/"},{"@type":"ListItem","position":2,"name":"Reci\u00e9n nacido"}]},{"@type":"WebSite","@id":"https:\/\/www.victorarandagarcia.es\/#website","url":"https:\/\/www.victorarandagarcia.es\/","name":"arte y estudio","description":"Fot\u00f3grafo","publisher":{"@id":"https:\/\/www.victorarandagarcia.es\/#organization"},"potentialAction":[{"@type":"SearchAction","target":{"@type":"EntryPoint","urlTemplate":"https:\/\/www.victorarandagarcia.es\/?s={search_term_string}"},"query-input":"required name=search_term_string"}],"inLanguage":"es"},{"@type":"Organization","@id":"https:\/\/www.victorarandagarcia.es\/#organization","name":"arte y estudio","url":"https:\/\/www.victorarandagarcia.es\/","logo":{"@type":"ImageObject","inLanguage":"es","@id":"https:\/\/www.victorarandagarcia.es\/#\/schema\/logo\/image\/","url":"https:\/\/www.victorarandagarcia.es\/wp-content\/uploads\/2019\/03\/logo-fotografo.png","contentUrl":"https:\/\/www.victorarandagarcia.es\/wp-content\/uploads\/2019\/03\/logo-fotografo.png","width":150,"height":150,"caption":"arte y estudio"},"image":{"@id":"https:\/\/www.victorarandagarcia.es\/#\/schema\/logo\/image\/"}},{"@type":"Person","@id":"https:\/\/www.victorarandagarcia.es\/#\/schema\/person\/bfa9c61a3776d517deeee5f9386ef302","name":"victorarandagarcia","image":{"@type":"ImageObject","inLanguage":"es","@id":"https:\/\/www.victorarandagarcia.es\/#\/schema\/person\/image\/","url":"https:\/\/secure.gravatar.com\/avatar\/957a01ac23a6393e755ae8225c35dbdb?s=96&d=mm&r=g","contentUrl":"https:\/\/secure.gravatar.com\/avatar\/957a01ac23a6393e755ae8225c35dbdb?s=96&d=mm&r=g","caption":"victorarandagarcia"}}]}},"jetpack_featured_media_url":"https:\/\/www.victorarandagarcia.es\/wp-content\/uploads\/sesion-bebe.jpg","jetpack_sharing_enabled":true,"_links":{"self":[{"href":"https:\/\/www.victorarandagarcia.es\/index.php\/wp-json\/wp\/v2\/posts\/2533"}],"collection":[{"href":"https:\/\/www.victorarandagarcia.es\/index.php\/wp-json\/wp\/v2\/posts"}],"about":[{"href":"https:\/\/www.victorarandagarcia.es\/index.php\/wp-json\/wp\/v2\/types\/post"}],"author":[{"embeddable":true,"href":"https:\/\/www.victorarandagarcia.es\/index.php\/wp-json\/wp\/v2\/users\/1"}],"replies":[{"embeddable":true,"href":"https:\/\/www.victorarandagarcia.es\/index.php\/wp-json\/wp\/v2\/comments?post=2533"}],"version-history":[{"count":1,"href":"https:\/\/www.victorarandagarcia.es\/index.php\/wp-json\/wp\/v2\/posts\/2533\/revisions"}],"predecessor-version":[{"id":2534,"href":"https:\/\/www.victorarandagarcia.es\/index.php\/wp-json\/wp\/v2\/posts\/2533\/revisions\/2534"}],"wp:featuredmedia":[{"embeddable":true,"href":"https:\/\/www.victorarandagarcia.es\/index.php\/wp-json\/wp\/v2\/media\/2523"}],"wp:attachment":[{"href":"https:\/\/www.victorarandagarcia.es\/index.php\/wp-json\/wp\/v2\/media?parent=2533"}],"wp:term":[{"taxonomy":"category","embeddable":true,"href":"https:\/\/www.victorarandagarcia.es\/index.php\/wp-json\/wp\/v2\/categories?post=2533"},{"taxonomy":"post_tag","embeddable":true,"href":"https:\/\/www.victorarandagarcia.es\/index.php\/wp-json\/wp\/v2\/tags?post=2533"}],"curies":[{"name":"wp","href":"https:\/\/api.w.org\/{rel}","templated":true}]}}