{"id":2509,"date":"2020-01-08T14:53:14","date_gmt":"2020-01-08T13:53:14","guid":{"rendered":"https:\/\/www.victorarandagarcia.es\/?p=2509"},"modified":"2021-01-22T20:08:32","modified_gmt":"2021-01-22T19:08:32","slug":"crema","status":"publish","type":"post","link":"https:\/\/www.victorarandagarcia.es\/index.php\/arte\/crema\/","title":{"rendered":"Crem\u00e1"},"content":{"rendered":"\n<p>Serie de fotograf\u00edas tomadas desde 2003 hasta la actualidad durante la <em><strong>Nit de la Crem\u00e1<\/strong><\/em> (\u00abnoche de la quema\u00bb) en Valencia: visiones de fuego que trascienden la fiesta fallera desde un original punto de vista. Entre otros lugares esta serie ha sido expuesta en la universidad de Debre\u00e7en (Hungr\u00eda), el ayuntamiento de Gavarda, el centro cultural de Almassera y la Torre de Benavites.<\/p>\n\n\n\n<p>De 2003 a 2010 las fotograf\u00edas las tom\u00e9 con pel\u00edcula de blanco y negro para posteriormente virarlas en tono c\u00e1lido en el laboratorio.<\/p>\n\n\n\n<ul class=\"wp-block-gallery columns-4 is-cropped wp-block-gallery-1 is-layout-flex wp-block-gallery-is-layout-flex\"><li class=\"blocks-gallery-item\"><figure><img data-attachment-id=\"2504\" data-permalink=\"https:\/\/www.victorarandagarcia.es\/119-crema-valencia-2008\/\" data-orig-file=\"https:\/\/www.victorarandagarcia.es\/wp-content\/uploads\/119-CREMA-Valencia-2008.jpg\" data-orig-size=\"604,413\" data-comments-opened=\"0\" data-image-meta=\"{&quot;aperture&quot;:&quot;0&quot;,&quot;credit&quot;:&quot;&quot;,&quot;camera&quot;:&quot;&quot;,&quot;caption&quot;:&quot;&quot;,&quot;created_timestamp&quot;:&quot;0&quot;,&quot;copyright&quot;:&quot;&quot;,&quot;focal_length&quot;:&quot;0&quot;,&quot;iso&quot;:&quot;0&quot;,&quot;shutter_speed&quot;:&quot;0&quot;,&quot;title&quot;:&quot;&quot;,&quot;orientation&quot;:&quot;1&quot;}\" data-image-title=\"119 CREMA (Valencia 2008)\" data-image-description=\"&lt;p&gt;Visiones \/ Crem\u00e1 (Valencia 2008)&lt;\/p&gt;\n\" data-image-caption=\"\" data-medium-file=\"https:\/\/www.victorarandagarcia.es\/wp-content\/uploads\/119-CREMA-Valencia-2008-300x205.jpg\" data-large-file=\"https:\/\/www.victorarandagarcia.es\/wp-content\/uploads\/119-CREMA-Valencia-2008.jpg\" decoding=\"async\" loading=\"lazy\" width=\"604\" height=\"413\" src=\"https:\/\/www.victorarandagarcia.es\/wp-content\/uploads\/119-CREMA-Valencia-2008.jpg\" alt=\"Fotograf\u00eda de las fallas de Valencia con fuego\" data-id=\"2504\" data-link=\"https:\/\/www.victorarandagarcia.es\/119-crema-valencia-2008\/\" class=\"wp-image-2504\" srcset=\"https:\/\/www.victorarandagarcia.es\/wp-content\/uploads\/119-CREMA-Valencia-2008.jpg 604w, https:\/\/www.victorarandagarcia.es\/wp-content\/uploads\/119-CREMA-Valencia-2008-300x205.jpg 300w\" sizes=\"(max-width: 604px) 100vw, 604px\" \/><\/figure><\/li><li class=\"blocks-gallery-item\"><figure><img data-attachment-id=\"2492\" data-permalink=\"https:\/\/www.victorarandagarcia.es\/121-crema-valencia-2008\/\" data-orig-file=\"https:\/\/www.victorarandagarcia.es\/wp-content\/uploads\/121-CREMA-Valencia-2008.jpg\" data-orig-size=\"604,407\" data-comments-opened=\"0\" data-image-meta=\"{&quot;aperture&quot;:&quot;0&quot;,&quot;credit&quot;:&quot;Victor Aranda Garcia&quot;,&quot;camera&quot;:&quot;&quot;,&quot;caption&quot;:&quot;&quot;,&quot;created_timestamp&quot;:&quot;0&quot;,&quot;copyright&quot;:&quot;&quot;,&quot;focal_length&quot;:&quot;0&quot;,&quot;iso&quot;:&quot;0&quot;,&quot;shutter_speed&quot;:&quot;0&quot;,&quot;title&quot;:&quot;&quot;,&quot;orientation&quot;:&quot;1&quot;}\" data-image-title=\"121 CREMA (Valencia 2008)\" data-image-description=\"&lt;p&gt;Visiones \/ Crem\u00e1 (Valencia 2008)&lt;\/p&gt;\n\" data-image-caption=\"\" data-medium-file=\"https:\/\/www.victorarandagarcia.es\/wp-content\/uploads\/121-CREMA-Valencia-2008-300x202.jpg\" data-large-file=\"https:\/\/www.victorarandagarcia.es\/wp-content\/uploads\/121-CREMA-Valencia-2008.jpg\" decoding=\"async\" loading=\"lazy\" width=\"604\" height=\"407\" src=\"https:\/\/www.victorarandagarcia.es\/wp-content\/uploads\/121-CREMA-Valencia-2008.jpg\" alt=\"Fotograf\u00eda art\u00edstica de las fallas de Valencia con fuego\" data-id=\"2492\" data-link=\"https:\/\/www.victorarandagarcia.es\/121-crema-valencia-2008\/\" class=\"wp-image-2492\" srcset=\"https:\/\/www.victorarandagarcia.es\/wp-content\/uploads\/121-CREMA-Valencia-2008.jpg 604w, https:\/\/www.victorarandagarcia.es\/wp-content\/uploads\/121-CREMA-Valencia-2008-300x202.jpg 300w\" sizes=\"(max-width: 604px) 100vw, 604px\" \/><\/figure><\/li><li class=\"blocks-gallery-item\"><figure><img data-attachment-id=\"2500\" data-permalink=\"https:\/\/www.victorarandagarcia.es\/134-crema-valencia-2005\/\" data-orig-file=\"https:\/\/www.victorarandagarcia.es\/wp-content\/uploads\/134-CREMA-Valencia-2005.jpg\" data-orig-size=\"720,493\" data-comments-opened=\"0\" data-image-meta=\"{&quot;aperture&quot;:&quot;0&quot;,&quot;credit&quot;:&quot;Victor Aranda Garcia&quot;,&quot;camera&quot;:&quot;&quot;,&quot;caption&quot;:&quot;&quot;,&quot;created_timestamp&quot;:&quot;0&quot;,&quot;copyright&quot;:&quot;&quot;,&quot;focal_length&quot;:&quot;0&quot;,&quot;iso&quot;:&quot;0&quot;,&quot;shutter_speed&quot;:&quot;0&quot;,&quot;title&quot;:&quot;&quot;,&quot;orientation&quot;:&quot;1&quot;}\" data-image-title=\"134 CREMA (Valencia 2005)\" data-image-description=\"&lt;p&gt;Visiones \/ Crem\u00e1 (Valencia 2005)&lt;\/p&gt;\n\" data-image-caption=\"\" data-medium-file=\"https:\/\/www.victorarandagarcia.es\/wp-content\/uploads\/134-CREMA-Valencia-2005-300x205.jpg\" data-large-file=\"https:\/\/www.victorarandagarcia.es\/wp-content\/uploads\/134-CREMA-Valencia-2005.jpg\" decoding=\"async\" loading=\"lazy\" width=\"720\" height=\"493\" src=\"https:\/\/www.victorarandagarcia.es\/wp-content\/uploads\/134-CREMA-Valencia-2005.jpg\" alt=\"Fotograf\u00eda art\u00edstica de las fallas de Valencia con fuego\" data-id=\"2500\" data-link=\"https:\/\/www.victorarandagarcia.es\/134-crema-valencia-2005\/\" class=\"wp-image-2500\" srcset=\"https:\/\/www.victorarandagarcia.es\/wp-content\/uploads\/134-CREMA-Valencia-2005.jpg 720w, https:\/\/www.victorarandagarcia.es\/wp-content\/uploads\/134-CREMA-Valencia-2005-300x205.jpg 300w\" sizes=\"(max-width: 720px) 100vw, 720px\" \/><\/figure><\/li><li class=\"blocks-gallery-item\"><figure><img data-attachment-id=\"2495\" data-permalink=\"https:\/\/www.victorarandagarcia.es\/136-crema-valencia-2010\/\" data-orig-file=\"https:\/\/www.victorarandagarcia.es\/wp-content\/uploads\/136-CREMA-Valencia-2010.jpg\" data-orig-size=\"720,492\" data-comments-opened=\"0\" data-image-meta=\"{&quot;aperture&quot;:&quot;0&quot;,&quot;credit&quot;:&quot;Victor Aranda Garcia&quot;,&quot;camera&quot;:&quot;&quot;,&quot;caption&quot;:&quot;&quot;,&quot;created_timestamp&quot;:&quot;0&quot;,&quot;copyright&quot;:&quot;&quot;,&quot;focal_length&quot;:&quot;0&quot;,&quot;iso&quot;:&quot;0&quot;,&quot;shutter_speed&quot;:&quot;0&quot;,&quot;title&quot;:&quot;&quot;,&quot;orientation&quot;:&quot;1&quot;}\" data-image-title=\"136 CREMA (Valencia 2010)\" data-image-description=\"&lt;p&gt;Visiones \/ Crem\u00e1 (Valencia 2010)&lt;\/p&gt;\n\" data-image-caption=\"\" data-medium-file=\"https:\/\/www.victorarandagarcia.es\/wp-content\/uploads\/136-CREMA-Valencia-2010-300x205.jpg\" data-large-file=\"https:\/\/www.victorarandagarcia.es\/wp-content\/uploads\/136-CREMA-Valencia-2010.jpg\" decoding=\"async\" loading=\"lazy\" width=\"720\" height=\"492\" src=\"https:\/\/www.victorarandagarcia.es\/wp-content\/uploads\/136-CREMA-Valencia-2010.jpg\" alt=\"Fotograf\u00eda art\u00edstica de las fallas de Valencia con fuego\" data-id=\"2495\" data-link=\"https:\/\/www.victorarandagarcia.es\/136-crema-valencia-2010\/\" class=\"wp-image-2495\" srcset=\"https:\/\/www.victorarandagarcia.es\/wp-content\/uploads\/136-CREMA-Valencia-2010.jpg 720w, https:\/\/www.victorarandagarcia.es\/wp-content\/uploads\/136-CREMA-Valencia-2010-300x205.jpg 300w\" sizes=\"(max-width: 720px) 100vw, 720px\" \/><\/figure><\/li><li class=\"blocks-gallery-item\"><figure><img data-attachment-id=\"2498\" data-permalink=\"https:\/\/www.victorarandagarcia.es\/132-crema-valencia-2004\/\" data-orig-file=\"https:\/\/www.victorarandagarcia.es\/wp-content\/uploads\/132-CREMA-Valencia-2004.jpg\" data-orig-size=\"604,408\" data-comments-opened=\"0\" data-image-meta=\"{&quot;aperture&quot;:&quot;0&quot;,&quot;credit&quot;:&quot;Victor Aranda Garcia&quot;,&quot;camera&quot;:&quot;&quot;,&quot;caption&quot;:&quot;&quot;,&quot;created_timestamp&quot;:&quot;0&quot;,&quot;copyright&quot;:&quot;&quot;,&quot;focal_length&quot;:&quot;0&quot;,&quot;iso&quot;:&quot;0&quot;,&quot;shutter_speed&quot;:&quot;0&quot;,&quot;title&quot;:&quot;&quot;,&quot;orientation&quot;:&quot;1&quot;}\" data-image-title=\"132 CREMA (Valencia 2004)\" data-image-description=\"&lt;p&gt;Visiones \/ Crem\u00e1 (Valencia 2004)&lt;\/p&gt;\n\" data-image-caption=\"\" data-medium-file=\"https:\/\/www.victorarandagarcia.es\/wp-content\/uploads\/132-CREMA-Valencia-2004-300x203.jpg\" data-large-file=\"https:\/\/www.victorarandagarcia.es\/wp-content\/uploads\/132-CREMA-Valencia-2004.jpg\" decoding=\"async\" loading=\"lazy\" width=\"604\" height=\"408\" src=\"https:\/\/www.victorarandagarcia.es\/wp-content\/uploads\/132-CREMA-Valencia-2004.jpg\" alt=\"Fotograf\u00eda art\u00edstica de las fallas de Valencia con fuego\" data-id=\"2498\" data-link=\"https:\/\/www.victorarandagarcia.es\/132-crema-valencia-2004\/\" class=\"wp-image-2498\" srcset=\"https:\/\/www.victorarandagarcia.es\/wp-content\/uploads\/132-CREMA-Valencia-2004.jpg 604w, https:\/\/www.victorarandagarcia.es\/wp-content\/uploads\/132-CREMA-Valencia-2004-300x203.jpg 300w\" sizes=\"(max-width: 604px) 100vw, 604px\" \/><\/figure><\/li><li class=\"blocks-gallery-item\"><figure><img data-attachment-id=\"2501\" data-permalink=\"https:\/\/www.victorarandagarcia.es\/137-crema-valencia-2004\/\" data-orig-file=\"https:\/\/www.victorarandagarcia.es\/wp-content\/uploads\/137-CREMA-Valencia-2004.jpg\" data-orig-size=\"604,412\" data-comments-opened=\"0\" data-image-meta=\"{&quot;aperture&quot;:&quot;0&quot;,&quot;credit&quot;:&quot;Victor Aranda Garcia&quot;,&quot;camera&quot;:&quot;&quot;,&quot;caption&quot;:&quot;&quot;,&quot;created_timestamp&quot;:&quot;0&quot;,&quot;copyright&quot;:&quot;&quot;,&quot;focal_length&quot;:&quot;0&quot;,&quot;iso&quot;:&quot;0&quot;,&quot;shutter_speed&quot;:&quot;0&quot;,&quot;title&quot;:&quot;&quot;,&quot;orientation&quot;:&quot;1&quot;}\" data-image-title=\"137 CREMA (Valencia 2004)\" data-image-description=\"&lt;p&gt;Visiones \/ Crem\u00e1 (Valencia 2004)&lt;\/p&gt;\n\" data-image-caption=\"\" data-medium-file=\"https:\/\/www.victorarandagarcia.es\/wp-content\/uploads\/137-CREMA-Valencia-2004-300x205.jpg\" data-large-file=\"https:\/\/www.victorarandagarcia.es\/wp-content\/uploads\/137-CREMA-Valencia-2004.jpg\" decoding=\"async\" loading=\"lazy\" width=\"604\" height=\"412\" src=\"https:\/\/www.victorarandagarcia.es\/wp-content\/uploads\/137-CREMA-Valencia-2004.jpg\" alt=\"Fotograf\u00eda art\u00edstica de las fallas de Valencia con fuego\" data-id=\"2501\" data-link=\"https:\/\/www.victorarandagarcia.es\/137-crema-valencia-2004\/\" class=\"wp-image-2501\" srcset=\"https:\/\/www.victorarandagarcia.es\/wp-content\/uploads\/137-CREMA-Valencia-2004.jpg 604w, https:\/\/www.victorarandagarcia.es\/wp-content\/uploads\/137-CREMA-Valencia-2004-300x205.jpg 300w\" sizes=\"(max-width: 604px) 100vw, 604px\" \/><\/figure><\/li><li class=\"blocks-gallery-item\"><figure><img data-attachment-id=\"2494\" data-permalink=\"https:\/\/www.victorarandagarcia.es\/139-crema-valencia-2007\/\" data-orig-file=\"https:\/\/www.victorarandagarcia.es\/wp-content\/uploads\/139-CREMA-Valencia-2007.jpg\" data-orig-size=\"604,411\" data-comments-opened=\"0\" data-image-meta=\"{&quot;aperture&quot;:&quot;0&quot;,&quot;credit&quot;:&quot;Victor Aranda Garcia&quot;,&quot;camera&quot;:&quot;&quot;,&quot;caption&quot;:&quot;&quot;,&quot;created_timestamp&quot;:&quot;0&quot;,&quot;copyright&quot;:&quot;&quot;,&quot;focal_length&quot;:&quot;0&quot;,&quot;iso&quot;:&quot;0&quot;,&quot;shutter_speed&quot;:&quot;0&quot;,&quot;title&quot;:&quot;&quot;,&quot;orientation&quot;:&quot;1&quot;}\" data-image-title=\"139 CREMA (Valencia 2007)\" data-image-description=\"&lt;p&gt;Visiones \/ Crem\u00e1 (Valencia 2007)&lt;\/p&gt;\n\" data-image-caption=\"\" data-medium-file=\"https:\/\/www.victorarandagarcia.es\/wp-content\/uploads\/139-CREMA-Valencia-2007-300x204.jpg\" data-large-file=\"https:\/\/www.victorarandagarcia.es\/wp-content\/uploads\/139-CREMA-Valencia-2007.jpg\" decoding=\"async\" loading=\"lazy\" width=\"604\" height=\"411\" src=\"https:\/\/www.victorarandagarcia.es\/wp-content\/uploads\/139-CREMA-Valencia-2007.jpg\" alt=\"Fotograf\u00eda art\u00edstica de las fallas de Valencia con fuego\" data-id=\"2494\" data-link=\"https:\/\/www.victorarandagarcia.es\/139-crema-valencia-2007\/\" class=\"wp-image-2494\" srcset=\"https:\/\/www.victorarandagarcia.es\/wp-content\/uploads\/139-CREMA-Valencia-2007.jpg 604w, https:\/\/www.victorarandagarcia.es\/wp-content\/uploads\/139-CREMA-Valencia-2007-300x204.jpg 300w\" sizes=\"(max-width: 604px) 100vw, 604px\" \/><\/figure><\/li><li class=\"blocks-gallery-item\"><figure><img data-attachment-id=\"2507\" data-permalink=\"https:\/\/www.victorarandagarcia.es\/138-crema-valencia-2003\/\" data-orig-file=\"https:\/\/www.victorarandagarcia.es\/wp-content\/uploads\/138-CREMA-Valencia-2003.jpg\" data-orig-size=\"450,604\" data-comments-opened=\"0\" data-image-meta=\"{&quot;aperture&quot;:&quot;0&quot;,&quot;credit&quot;:&quot;Victor Aranda Garcia&quot;,&quot;camera&quot;:&quot;&quot;,&quot;caption&quot;:&quot;&quot;,&quot;created_timestamp&quot;:&quot;0&quot;,&quot;copyright&quot;:&quot;&quot;,&quot;focal_length&quot;:&quot;0&quot;,&quot;iso&quot;:&quot;0&quot;,&quot;shutter_speed&quot;:&quot;0&quot;,&quot;title&quot;:&quot;&quot;,&quot;orientation&quot;:&quot;1&quot;}\" data-image-title=\"138 CREMA (Valencia 2003)\" data-image-description=\"&lt;p&gt;Visiones \/ Crem\u00e1 (Valencia 2003)&lt;\/p&gt;\n\" data-image-caption=\"\" data-medium-file=\"https:\/\/www.victorarandagarcia.es\/wp-content\/uploads\/138-CREMA-Valencia-2003-224x300.jpg\" data-large-file=\"https:\/\/www.victorarandagarcia.es\/wp-content\/uploads\/138-CREMA-Valencia-2003.jpg\" decoding=\"async\" loading=\"lazy\" width=\"450\" height=\"604\" src=\"https:\/\/www.victorarandagarcia.es\/wp-content\/uploads\/138-CREMA-Valencia-2003.jpg\" alt=\"Fotograf\u00eda de las fallas de Valencia con fuego\" data-id=\"2507\" data-link=\"https:\/\/www.victorarandagarcia.es\/138-crema-valencia-2003\/\" class=\"wp-image-2507\" srcset=\"https:\/\/www.victorarandagarcia.es\/wp-content\/uploads\/138-CREMA-Valencia-2003.jpg 450w, https:\/\/www.victorarandagarcia.es\/wp-content\/uploads\/138-CREMA-Valencia-2003-224x300.jpg 224w\" sizes=\"(max-width: 450px) 100vw, 450px\" \/><\/figure><\/li><li class=\"blocks-gallery-item\"><figure><img data-attachment-id=\"2497\" data-permalink=\"https:\/\/www.victorarandagarcia.es\/120-crema-valencia-2006\/\" data-orig-file=\"https:\/\/www.victorarandagarcia.es\/wp-content\/uploads\/120-CREMA-Valencia-2006.jpg\" data-orig-size=\"409,604\" data-comments-opened=\"0\" data-image-meta=\"{&quot;aperture&quot;:&quot;0&quot;,&quot;credit&quot;:&quot;Victor Aranda Garcia&quot;,&quot;camera&quot;:&quot;&quot;,&quot;caption&quot;:&quot;&quot;,&quot;created_timestamp&quot;:&quot;0&quot;,&quot;copyright&quot;:&quot;&quot;,&quot;focal_length&quot;:&quot;0&quot;,&quot;iso&quot;:&quot;0&quot;,&quot;shutter_speed&quot;:&quot;0&quot;,&quot;title&quot;:&quot;&quot;,&quot;orientation&quot;:&quot;1&quot;}\" data-image-title=\"120 CREMA (Valencia 2006)\" data-image-description=\"&lt;p&gt;Visiones \/ Crem\u00e1 (Valencia 2006)&lt;\/p&gt;\n\" data-image-caption=\"\" data-medium-file=\"https:\/\/www.victorarandagarcia.es\/wp-content\/uploads\/120-CREMA-Valencia-2006-203x300.jpg\" data-large-file=\"https:\/\/www.victorarandagarcia.es\/wp-content\/uploads\/120-CREMA-Valencia-2006.jpg\" decoding=\"async\" loading=\"lazy\" width=\"409\" height=\"604\" src=\"https:\/\/www.victorarandagarcia.es\/wp-content\/uploads\/120-CREMA-Valencia-2006.jpg\" alt=\"Fotograf\u00eda art\u00edstica de las fallas de Valencia con fuego\" data-id=\"2497\" data-link=\"https:\/\/www.victorarandagarcia.es\/120-crema-valencia-2006\/\" class=\"wp-image-2497\" srcset=\"https:\/\/www.victorarandagarcia.es\/wp-content\/uploads\/120-CREMA-Valencia-2006.jpg 409w, https:\/\/www.victorarandagarcia.es\/wp-content\/uploads\/120-CREMA-Valencia-2006-203x300.jpg 203w\" sizes=\"(max-width: 409px) 100vw, 409px\" \/><\/figure><\/li><li class=\"blocks-gallery-item\"><figure><img data-attachment-id=\"2505\" data-permalink=\"https:\/\/www.victorarandagarcia.es\/122-crema-valencia-2005\/\" data-orig-file=\"https:\/\/www.victorarandagarcia.es\/wp-content\/uploads\/122-CREMA-Valencia-2005.jpg\" data-orig-size=\"411,604\" data-comments-opened=\"0\" data-image-meta=\"{&quot;aperture&quot;:&quot;0&quot;,&quot;credit&quot;:&quot;Victor Aranda Garcia&quot;,&quot;camera&quot;:&quot;&quot;,&quot;caption&quot;:&quot;&quot;,&quot;created_timestamp&quot;:&quot;0&quot;,&quot;copyright&quot;:&quot;&quot;,&quot;focal_length&quot;:&quot;0&quot;,&quot;iso&quot;:&quot;0&quot;,&quot;shutter_speed&quot;:&quot;0&quot;,&quot;title&quot;:&quot;&quot;,&quot;orientation&quot;:&quot;1&quot;}\" data-image-title=\"122 CREMA (Valencia 2005)\" data-image-description=\"&lt;p&gt;Visiones \/ Crem\u00e1 (Valencia 2005)&lt;\/p&gt;\n\" data-image-caption=\"\" data-medium-file=\"https:\/\/www.victorarandagarcia.es\/wp-content\/uploads\/122-CREMA-Valencia-2005-204x300.jpg\" data-large-file=\"https:\/\/www.victorarandagarcia.es\/wp-content\/uploads\/122-CREMA-Valencia-2005.jpg\" decoding=\"async\" loading=\"lazy\" width=\"411\" height=\"604\" src=\"https:\/\/www.victorarandagarcia.es\/wp-content\/uploads\/122-CREMA-Valencia-2005.jpg\" alt=\"Fotograf\u00eda de las fallas de Valencia con fuego\" data-id=\"2505\" data-link=\"https:\/\/www.victorarandagarcia.es\/122-crema-valencia-2005\/\" class=\"wp-image-2505\" srcset=\"https:\/\/www.victorarandagarcia.es\/wp-content\/uploads\/122-CREMA-Valencia-2005.jpg 411w, https:\/\/www.victorarandagarcia.es\/wp-content\/uploads\/122-CREMA-Valencia-2005-204x300.jpg 204w\" sizes=\"(max-width: 411px) 100vw, 411px\" \/><\/figure><\/li><li class=\"blocks-gallery-item\"><figure><img data-attachment-id=\"2499\" data-permalink=\"https:\/\/www.victorarandagarcia.es\/133-crema-valencia-2005\/\" data-orig-file=\"https:\/\/www.victorarandagarcia.es\/wp-content\/uploads\/133-CREMA-Valencia-2005.jpg\" data-orig-size=\"404,604\" data-comments-opened=\"0\" data-image-meta=\"{&quot;aperture&quot;:&quot;0&quot;,&quot;credit&quot;:&quot;Victor Aranda Garcia&quot;,&quot;camera&quot;:&quot;&quot;,&quot;caption&quot;:&quot;&quot;,&quot;created_timestamp&quot;:&quot;0&quot;,&quot;copyright&quot;:&quot;&quot;,&quot;focal_length&quot;:&quot;0&quot;,&quot;iso&quot;:&quot;0&quot;,&quot;shutter_speed&quot;:&quot;0&quot;,&quot;title&quot;:&quot;&quot;,&quot;orientation&quot;:&quot;1&quot;}\" data-image-title=\"133 CREMA (Valencia 2005)\" data-image-description=\"&lt;p&gt;Visiones \/ Crem\u00e1 (Valencia 2005)&lt;\/p&gt;\n\" data-image-caption=\"\" data-medium-file=\"https:\/\/www.victorarandagarcia.es\/wp-content\/uploads\/133-CREMA-Valencia-2005-201x300.jpg\" data-large-file=\"https:\/\/www.victorarandagarcia.es\/wp-content\/uploads\/133-CREMA-Valencia-2005.jpg\" decoding=\"async\" loading=\"lazy\" width=\"404\" height=\"604\" src=\"https:\/\/www.victorarandagarcia.es\/wp-content\/uploads\/133-CREMA-Valencia-2005.jpg\" alt=\"Fotograf\u00eda art\u00edstica de las fallas de Valencia con fuego\" data-id=\"2499\" data-link=\"https:\/\/www.victorarandagarcia.es\/133-crema-valencia-2005\/\" class=\"wp-image-2499\" srcset=\"https:\/\/www.victorarandagarcia.es\/wp-content\/uploads\/133-CREMA-Valencia-2005.jpg 404w, https:\/\/www.victorarandagarcia.es\/wp-content\/uploads\/133-CREMA-Valencia-2005-201x300.jpg 201w\" sizes=\"(max-width: 404px) 100vw, 404px\" \/><\/figure><\/li><li class=\"blocks-gallery-item\"><figure><img data-attachment-id=\"2506\" data-permalink=\"https:\/\/www.victorarandagarcia.es\/135-crema-valencia-2005\/\" data-orig-file=\"https:\/\/www.victorarandagarcia.es\/wp-content\/uploads\/135-CREMA-Valencia-2005.jpg\" data-orig-size=\"410,604\" data-comments-opened=\"0\" data-image-meta=\"{&quot;aperture&quot;:&quot;0&quot;,&quot;credit&quot;:&quot;Victor Aranda Garcia&quot;,&quot;camera&quot;:&quot;&quot;,&quot;caption&quot;:&quot;&quot;,&quot;created_timestamp&quot;:&quot;0&quot;,&quot;copyright&quot;:&quot;&quot;,&quot;focal_length&quot;:&quot;0&quot;,&quot;iso&quot;:&quot;0&quot;,&quot;shutter_speed&quot;:&quot;0&quot;,&quot;title&quot;:&quot;&quot;,&quot;orientation&quot;:&quot;1&quot;}\" data-image-title=\"135 CREMA (Valencia 2005)\" data-image-description=\"&lt;p&gt;Visiones \/ Crem\u00e1 (Valencia 2005)&lt;\/p&gt;\n\" data-image-caption=\"\" data-medium-file=\"https:\/\/www.victorarandagarcia.es\/wp-content\/uploads\/135-CREMA-Valencia-2005-204x300.jpg\" data-large-file=\"https:\/\/www.victorarandagarcia.es\/wp-content\/uploads\/135-CREMA-Valencia-2005.jpg\" decoding=\"async\" loading=\"lazy\" width=\"410\" height=\"604\" src=\"https:\/\/www.victorarandagarcia.es\/wp-content\/uploads\/135-CREMA-Valencia-2005.jpg\" alt=\"Fotograf\u00eda de las fallas de Valencia con fuego\" data-id=\"2506\" data-link=\"https:\/\/www.victorarandagarcia.es\/135-crema-valencia-2005\/\" class=\"wp-image-2506\" srcset=\"https:\/\/www.victorarandagarcia.es\/wp-content\/uploads\/135-CREMA-Valencia-2005.jpg 410w, https:\/\/www.victorarandagarcia.es\/wp-content\/uploads\/135-CREMA-Valencia-2005-204x300.jpg 204w\" sizes=\"(max-width: 410px) 100vw, 410px\" \/><\/figure><\/li><li class=\"blocks-gallery-item\"><figure><img data-attachment-id=\"2503\" data-permalink=\"https:\/\/www.victorarandagarcia.es\/123-crema-valencia-2003\/\" data-orig-file=\"https:\/\/www.victorarandagarcia.es\/wp-content\/uploads\/123-CREMA-Valencia-2003.jpg\" data-orig-size=\"410,604\" data-comments-opened=\"0\" data-image-meta=\"{&quot;aperture&quot;:&quot;0&quot;,&quot;credit&quot;:&quot;Victor Aranda Garcia&quot;,&quot;camera&quot;:&quot;&quot;,&quot;caption&quot;:&quot;&quot;,&quot;created_timestamp&quot;:&quot;0&quot;,&quot;copyright&quot;:&quot;&quot;,&quot;focal_length&quot;:&quot;0&quot;,&quot;iso&quot;:&quot;0&quot;,&quot;shutter_speed&quot;:&quot;0&quot;,&quot;title&quot;:&quot;&quot;,&quot;orientation&quot;:&quot;1&quot;}\" data-image-title=\"123 CREMA (Valencia 2003)\" data-image-description=\"&lt;p&gt;Visiones \/ Crem\u00e1 (Valencia 2003)&lt;\/p&gt;\n\" data-image-caption=\"\" data-medium-file=\"https:\/\/www.victorarandagarcia.es\/wp-content\/uploads\/123-CREMA-Valencia-2003-204x300.jpg\" data-large-file=\"https:\/\/www.victorarandagarcia.es\/wp-content\/uploads\/123-CREMA-Valencia-2003.jpg\" decoding=\"async\" loading=\"lazy\" width=\"410\" height=\"604\" src=\"https:\/\/www.victorarandagarcia.es\/wp-content\/uploads\/123-CREMA-Valencia-2003.jpg\" alt=\"Fotograf\u00eda de las fallas de Valencia con fuego\" data-id=\"2503\" data-link=\"https:\/\/www.victorarandagarcia.es\/123-crema-valencia-2003\/\" class=\"wp-image-2503\" srcset=\"https:\/\/www.victorarandagarcia.es\/wp-content\/uploads\/123-CREMA-Valencia-2003.jpg 410w, https:\/\/www.victorarandagarcia.es\/wp-content\/uploads\/123-CREMA-Valencia-2003-204x300.jpg 204w\" sizes=\"(max-width: 410px) 100vw, 410px\" \/><\/figure><\/li><li class=\"blocks-gallery-item\"><figure><img data-attachment-id=\"2502\" data-permalink=\"https:\/\/www.victorarandagarcia.es\/131-crema-valencia-2003\/\" data-orig-file=\"https:\/\/www.victorarandagarcia.es\/wp-content\/uploads\/131-CREMA-Valencia-2003.jpg\" data-orig-size=\"412,604\" data-comments-opened=\"0\" data-image-meta=\"{&quot;aperture&quot;:&quot;0&quot;,&quot;credit&quot;:&quot;Victor Aranda Garcia&quot;,&quot;camera&quot;:&quot;&quot;,&quot;caption&quot;:&quot;&quot;,&quot;created_timestamp&quot;:&quot;0&quot;,&quot;copyright&quot;:&quot;&quot;,&quot;focal_length&quot;:&quot;0&quot;,&quot;iso&quot;:&quot;0&quot;,&quot;shutter_speed&quot;:&quot;0&quot;,&quot;title&quot;:&quot;&quot;,&quot;orientation&quot;:&quot;1&quot;}\" data-image-title=\"131 CREMA (Valencia 2003)\" data-image-description=\"&lt;p&gt;Visiones \/ Crem\u00e1 (Valencia 2003)&lt;\/p&gt;\n\" data-image-caption=\"\" data-medium-file=\"https:\/\/www.victorarandagarcia.es\/wp-content\/uploads\/131-CREMA-Valencia-2003-205x300.jpg\" data-large-file=\"https:\/\/www.victorarandagarcia.es\/wp-content\/uploads\/131-CREMA-Valencia-2003.jpg\" decoding=\"async\" loading=\"lazy\" width=\"412\" height=\"604\" src=\"https:\/\/www.victorarandagarcia.es\/wp-content\/uploads\/131-CREMA-Valencia-2003.jpg\" alt=\"Fotograf\u00eda art\u00edstica de las fallas de Valencia con fuego\" data-id=\"2502\" data-link=\"https:\/\/www.victorarandagarcia.es\/131-crema-valencia-2003\/\" class=\"wp-image-2502\" srcset=\"https:\/\/www.victorarandagarcia.es\/wp-content\/uploads\/131-CREMA-Valencia-2003.jpg 412w, https:\/\/www.victorarandagarcia.es\/wp-content\/uploads\/131-CREMA-Valencia-2003-205x300.jpg 205w\" sizes=\"(max-width: 412px) 100vw, 412px\" \/><\/figure><\/li><li class=\"blocks-gallery-item\"><figure><img data-attachment-id=\"2493\" data-permalink=\"https:\/\/www.victorarandagarcia.es\/124-crema-valencia-2003\/\" data-orig-file=\"https:\/\/www.victorarandagarcia.es\/wp-content\/uploads\/124-CREMA-Valencia-2003.jpg\" data-orig-size=\"413,604\" data-comments-opened=\"0\" data-image-meta=\"{&quot;aperture&quot;:&quot;0&quot;,&quot;credit&quot;:&quot;Victor Aranda Garcia&quot;,&quot;camera&quot;:&quot;&quot;,&quot;caption&quot;:&quot;&quot;,&quot;created_timestamp&quot;:&quot;0&quot;,&quot;copyright&quot;:&quot;&quot;,&quot;focal_length&quot;:&quot;0&quot;,&quot;iso&quot;:&quot;0&quot;,&quot;shutter_speed&quot;:&quot;0&quot;,&quot;title&quot;:&quot;&quot;,&quot;orientation&quot;:&quot;1&quot;}\" data-image-title=\"124 CREMA (Valencia 2003)\" data-image-description=\"&lt;p&gt;Visiones \/ Crem\u00e1 (Valencia 2003)&lt;\/p&gt;\n\" data-image-caption=\"\" data-medium-file=\"https:\/\/www.victorarandagarcia.es\/wp-content\/uploads\/124-CREMA-Valencia-2003-205x300.jpg\" data-large-file=\"https:\/\/www.victorarandagarcia.es\/wp-content\/uploads\/124-CREMA-Valencia-2003.jpg\" decoding=\"async\" loading=\"lazy\" width=\"413\" height=\"604\" src=\"https:\/\/www.victorarandagarcia.es\/wp-content\/uploads\/124-CREMA-Valencia-2003.jpg\" alt=\"Fotograf\u00eda art\u00edstica de las fallas de Valencia con fuego\" data-id=\"2493\" data-link=\"https:\/\/www.victorarandagarcia.es\/124-crema-valencia-2003\/\" class=\"wp-image-2493\" srcset=\"https:\/\/www.victorarandagarcia.es\/wp-content\/uploads\/124-CREMA-Valencia-2003.jpg 413w, https:\/\/www.victorarandagarcia.es\/wp-content\/uploads\/124-CREMA-Valencia-2003-205x300.jpg 205w\" sizes=\"(max-width: 413px) 100vw, 413px\" \/><\/figure><\/li><li class=\"blocks-gallery-item\"><figure><img data-attachment-id=\"2496\" data-permalink=\"https:\/\/www.victorarandagarcia.es\/140-crema-valencia-2010\/\" data-orig-file=\"https:\/\/www.victorarandagarcia.es\/wp-content\/uploads\/140-CREMA-Valencia-2010.jpg\" data-orig-size=\"495,720\" data-comments-opened=\"0\" data-image-meta=\"{&quot;aperture&quot;:&quot;0&quot;,&quot;credit&quot;:&quot;Victor Aranda Garcia&quot;,&quot;camera&quot;:&quot;&quot;,&quot;caption&quot;:&quot;&quot;,&quot;created_timestamp&quot;:&quot;0&quot;,&quot;copyright&quot;:&quot;&quot;,&quot;focal_length&quot;:&quot;0&quot;,&quot;iso&quot;:&quot;0&quot;,&quot;shutter_speed&quot;:&quot;0&quot;,&quot;title&quot;:&quot;&quot;,&quot;orientation&quot;:&quot;1&quot;}\" data-image-title=\"140 CREMA (Valencia 2010)\" data-image-description=\"&lt;p&gt;Visiones \/ Crem\u00e1 (Valencia 2010)&lt;\/p&gt;\n\" data-image-caption=\"\" data-medium-file=\"https:\/\/www.victorarandagarcia.es\/wp-content\/uploads\/140-CREMA-Valencia-2010-206x300.jpg\" data-large-file=\"https:\/\/www.victorarandagarcia.es\/wp-content\/uploads\/140-CREMA-Valencia-2010.jpg\" decoding=\"async\" loading=\"lazy\" width=\"495\" height=\"720\" src=\"https:\/\/www.victorarandagarcia.es\/wp-content\/uploads\/140-CREMA-Valencia-2010.jpg\" alt=\"Fotograf\u00eda art\u00edstica de las fallas de Valencia con fuego\" data-id=\"2496\" data-link=\"https:\/\/www.victorarandagarcia.es\/140-crema-valencia-2010\/\" class=\"wp-image-2496\" srcset=\"https:\/\/www.victorarandagarcia.es\/wp-content\/uploads\/140-CREMA-Valencia-2010.jpg 495w, https:\/\/www.victorarandagarcia.es\/wp-content\/uploads\/140-CREMA-Valencia-2010-206x300.jpg 206w\" sizes=\"(max-width: 495px) 100vw, 495px\" \/><\/figure><\/li><\/ul>\n\n\n\n<p>Desde 2011 las fotograf\u00edas las tomo en color con c\u00e1mara digital.<\/p>\n\n\n\n<ul class=\"wp-block-gallery columns-4 is-cropped wp-block-gallery-3 is-layout-flex wp-block-gallery-is-layout-flex\"><li class=\"blocks-gallery-item\"><figure><img data-attachment-id=\"2484\" data-permalink=\"https:\/\/www.victorarandagarcia.es\/005-crema-valencia-2015\/\" data-orig-file=\"https:\/\/www.victorarandagarcia.es\/wp-content\/uploads\/005-CREMA-Valencia-2015.jpg\" data-orig-size=\"481,720\" data-comments-opened=\"0\" data-image-meta=\"{&quot;aperture&quot;:&quot;4&quot;,&quot;credit&quot;:&quot;Victor Aranda Garcia&quot;,&quot;camera&quot;:&quot;Canon EOS 600D&quot;,&quot;caption&quot;:&quot;&quot;,&quot;created_timestamp&quot;:&quot;1426821612&quot;,&quot;copyright&quot;:&quot;&quot;,&quot;focal_length&quot;:&quot;85&quot;,&quot;iso&quot;:&quot;400&quot;,&quot;shutter_speed&quot;:&quot;0.0025&quot;,&quot;title&quot;:&quot;&quot;,&quot;orientation&quot;:&quot;1&quot;}\" data-image-title=\"005 CREMA (Valencia 2015)\" data-image-description=\"&lt;p&gt;Visiones \/ Crem\u00e1 (Valencia 2015)&lt;\/p&gt;\n\" data-image-caption=\"\" data-medium-file=\"https:\/\/www.victorarandagarcia.es\/wp-content\/uploads\/005-CREMA-Valencia-2015-200x300.jpg\" data-large-file=\"https:\/\/www.victorarandagarcia.es\/wp-content\/uploads\/005-CREMA-Valencia-2015.jpg\" decoding=\"async\" loading=\"lazy\" width=\"481\" height=\"720\" src=\"https:\/\/www.victorarandagarcia.es\/wp-content\/uploads\/005-CREMA-Valencia-2015.jpg\" alt=\"Fotograf\u00eda de un ninot con el fuego de las fallas de Valencia en la noche de la crem\u00e1\" data-id=\"2484\" data-link=\"https:\/\/www.victorarandagarcia.es\/005-crema-valencia-2015\/\" class=\"wp-image-2484\" srcset=\"https:\/\/www.victorarandagarcia.es\/wp-content\/uploads\/005-CREMA-Valencia-2015.jpg 481w, https:\/\/www.victorarandagarcia.es\/wp-content\/uploads\/005-CREMA-Valencia-2015-200x300.jpg 200w\" sizes=\"(max-width: 481px) 100vw, 481px\" \/><\/figure><\/li><li class=\"blocks-gallery-item\"><figure><img data-attachment-id=\"2480\" data-permalink=\"https:\/\/www.victorarandagarcia.es\/001-crema-valencia-2013\/\" data-orig-file=\"https:\/\/www.victorarandagarcia.es\/wp-content\/uploads\/001-CREMA-Valencia-2013.jpg\" data-orig-size=\"481,720\" data-comments-opened=\"0\" data-image-meta=\"{&quot;aperture&quot;:&quot;5.6&quot;,&quot;credit&quot;:&quot;Victor Aranda Garcia&quot;,&quot;camera&quot;:&quot;Canon EOS 50D&quot;,&quot;caption&quot;:&quot;&quot;,&quot;created_timestamp&quot;:&quot;1363744469&quot;,&quot;copyright&quot;:&quot;&quot;,&quot;focal_length&quot;:&quot;149&quot;,&quot;iso&quot;:&quot;200&quot;,&quot;shutter_speed&quot;:&quot;0.004&quot;,&quot;title&quot;:&quot;&quot;,&quot;orientation&quot;:&quot;1&quot;}\" data-image-title=\"001 CREMA (Valencia 2013)\" data-image-description=\"&lt;p&gt;Visiones \/ Crem\u00e1 (Valencia 2013)&lt;\/p&gt;\n\" data-image-caption=\"\" data-medium-file=\"https:\/\/www.victorarandagarcia.es\/wp-content\/uploads\/001-CREMA-Valencia-2013-200x300.jpg\" data-large-file=\"https:\/\/www.victorarandagarcia.es\/wp-content\/uploads\/001-CREMA-Valencia-2013.jpg\" decoding=\"async\" loading=\"lazy\" width=\"481\" height=\"720\" src=\"https:\/\/www.victorarandagarcia.es\/wp-content\/uploads\/001-CREMA-Valencia-2013.jpg\" alt=\"Fotograf\u00eda de un ninot con el fuego de las fallas de Valencia en la noche de la crem\u00e1\" data-id=\"2480\" data-link=\"https:\/\/www.victorarandagarcia.es\/001-crema-valencia-2013\/\" class=\"wp-image-2480\" srcset=\"https:\/\/www.victorarandagarcia.es\/wp-content\/uploads\/001-CREMA-Valencia-2013.jpg 481w, https:\/\/www.victorarandagarcia.es\/wp-content\/uploads\/001-CREMA-Valencia-2013-200x300.jpg 200w\" sizes=\"(max-width: 481px) 100vw, 481px\" \/><\/figure><\/li><li class=\"blocks-gallery-item\"><figure><img data-attachment-id=\"2477\" data-permalink=\"https:\/\/www.victorarandagarcia.es\/003-crema-valencia-2013\/\" data-orig-file=\"https:\/\/www.victorarandagarcia.es\/wp-content\/uploads\/003-CREMA-Valencia-2013.jpg\" data-orig-size=\"481,720\" data-comments-opened=\"0\" data-image-meta=\"{&quot;aperture&quot;:&quot;5.6&quot;,&quot;credit&quot;:&quot;&quot;,&quot;camera&quot;:&quot;Canon EOS 50D&quot;,&quot;caption&quot;:&quot;&quot;,&quot;created_timestamp&quot;:&quot;1363744597&quot;,&quot;copyright&quot;:&quot;&quot;,&quot;focal_length&quot;:&quot;93&quot;,&quot;iso&quot;:&quot;200&quot;,&quot;shutter_speed&quot;:&quot;0.00625&quot;,&quot;title&quot;:&quot;&quot;,&quot;orientation&quot;:&quot;1&quot;}\" data-image-title=\"003 CREMA (Valencia 2013)\" data-image-description=\"&lt;p&gt;Visiones \/ Crem\u00e1 (Valencia 2013)&lt;\/p&gt;\n\" data-image-caption=\"\" data-medium-file=\"https:\/\/www.victorarandagarcia.es\/wp-content\/uploads\/003-CREMA-Valencia-2013-200x300.jpg\" data-large-file=\"https:\/\/www.victorarandagarcia.es\/wp-content\/uploads\/003-CREMA-Valencia-2013.jpg\" decoding=\"async\" loading=\"lazy\" width=\"481\" height=\"720\" src=\"https:\/\/www.victorarandagarcia.es\/wp-content\/uploads\/003-CREMA-Valencia-2013.jpg\" alt=\"Fotograf\u00eda de un ninot con el fuego de las fallas de Valencia en la noche de la crem\u00e1\" data-id=\"2477\" data-link=\"https:\/\/www.victorarandagarcia.es\/003-crema-valencia-2013\/\" class=\"wp-image-2477\" srcset=\"https:\/\/www.victorarandagarcia.es\/wp-content\/uploads\/003-CREMA-Valencia-2013.jpg 481w, https:\/\/www.victorarandagarcia.es\/wp-content\/uploads\/003-CREMA-Valencia-2013-200x300.jpg 200w\" sizes=\"(max-width: 481px) 100vw, 481px\" \/><\/figure><\/li><li class=\"blocks-gallery-item\"><figure><img data-attachment-id=\"2479\" data-permalink=\"https:\/\/www.victorarandagarcia.es\/2017-03-20_8903\/\" data-orig-file=\"https:\/\/www.victorarandagarcia.es\/wp-content\/uploads\/2017-03-20_8903.jpg\" data-orig-size=\"481,720\" data-comments-opened=\"0\" data-image-meta=\"{&quot;aperture&quot;:&quot;0&quot;,&quot;credit&quot;:&quot;Victor Aranda Garcia&quot;,&quot;camera&quot;:&quot;&quot;,&quot;caption&quot;:&quot;&quot;,&quot;created_timestamp&quot;:&quot;0&quot;,&quot;copyright&quot;:&quot;Victor Aranda Garcia&quot;,&quot;focal_length&quot;:&quot;0&quot;,&quot;iso&quot;:&quot;0&quot;,&quot;shutter_speed&quot;:&quot;0&quot;,&quot;title&quot;:&quot;&quot;,&quot;orientation&quot;:&quot;1&quot;}\" data-image-title=\"2017-03-20_8903\" data-image-description=\"&lt;p&gt;Visiones \/ Crem\u00e1 (Valencia 2017)&lt;\/p&gt;\n\" data-image-caption=\"\" data-medium-file=\"https:\/\/www.victorarandagarcia.es\/wp-content\/uploads\/2017-03-20_8903-200x300.jpg\" data-large-file=\"https:\/\/www.victorarandagarcia.es\/wp-content\/uploads\/2017-03-20_8903.jpg\" decoding=\"async\" loading=\"lazy\" width=\"481\" height=\"720\" src=\"https:\/\/www.victorarandagarcia.es\/wp-content\/uploads\/2017-03-20_8903.jpg\" alt=\"Fotograf\u00eda de un ninot con el fuego de las fallas de Valencia en la noche de la crem\u00e1\" data-id=\"2479\" data-link=\"https:\/\/www.victorarandagarcia.es\/2017-03-20_8903\/\" class=\"wp-image-2479\" srcset=\"https:\/\/www.victorarandagarcia.es\/wp-content\/uploads\/2017-03-20_8903.jpg 481w, https:\/\/www.victorarandagarcia.es\/wp-content\/uploads\/2017-03-20_8903-200x300.jpg 200w\" sizes=\"(max-width: 481px) 100vw, 481px\" \/><\/figure><\/li><li class=\"blocks-gallery-item\"><figure><img data-attachment-id=\"2488\" data-permalink=\"https:\/\/www.victorarandagarcia.es\/2017-03-20_8857\/\" data-orig-file=\"https:\/\/www.victorarandagarcia.es\/wp-content\/uploads\/2017-03-20_8857.jpg\" data-orig-size=\"481,720\" data-comments-opened=\"0\" data-image-meta=\"{&quot;aperture&quot;:&quot;0&quot;,&quot;credit&quot;:&quot;Victor Aranda Garcia&quot;,&quot;camera&quot;:&quot;&quot;,&quot;caption&quot;:&quot;&quot;,&quot;created_timestamp&quot;:&quot;0&quot;,&quot;copyright&quot;:&quot;Victor Aranda Garcia&quot;,&quot;focal_length&quot;:&quot;0&quot;,&quot;iso&quot;:&quot;0&quot;,&quot;shutter_speed&quot;:&quot;0&quot;,&quot;title&quot;:&quot;&quot;,&quot;orientation&quot;:&quot;1&quot;}\" data-image-title=\"2017-03-20_8857\" data-image-description=\"&lt;p&gt;Visiones \/ Crem\u00e1 (Valencia 2017)&lt;\/p&gt;\n\" data-image-caption=\"\" data-medium-file=\"https:\/\/www.victorarandagarcia.es\/wp-content\/uploads\/2017-03-20_8857-200x300.jpg\" data-large-file=\"https:\/\/www.victorarandagarcia.es\/wp-content\/uploads\/2017-03-20_8857.jpg\" decoding=\"async\" loading=\"lazy\" width=\"481\" height=\"720\" src=\"https:\/\/www.victorarandagarcia.es\/wp-content\/uploads\/2017-03-20_8857.jpg\" alt=\"Fotograf\u00eda de un ninot con el fuego de las fallas de Valencia en la noche de la crem\u00e1\" data-id=\"2488\" data-link=\"https:\/\/www.victorarandagarcia.es\/2017-03-20_8857\/\" class=\"wp-image-2488\" srcset=\"https:\/\/www.victorarandagarcia.es\/wp-content\/uploads\/2017-03-20_8857.jpg 481w, https:\/\/www.victorarandagarcia.es\/wp-content\/uploads\/2017-03-20_8857-200x300.jpg 200w\" sizes=\"(max-width: 481px) 100vw, 481px\" \/><\/figure><\/li><li class=\"blocks-gallery-item\"><figure><img data-attachment-id=\"2483\" data-permalink=\"https:\/\/www.victorarandagarcia.es\/006-crema-valencia-2012\/\" data-orig-file=\"https:\/\/www.victorarandagarcia.es\/wp-content\/uploads\/006-CREMA-Valencia-2012.jpg\" data-orig-size=\"720,481\" data-comments-opened=\"0\" data-image-meta=\"{&quot;aperture&quot;:&quot;5.6&quot;,&quot;credit&quot;:&quot;Victor Aranda Garcia&quot;,&quot;camera&quot;:&quot;Canon EOS 50D&quot;,&quot;caption&quot;:&quot;&quot;,&quot;created_timestamp&quot;:&quot;1332206822&quot;,&quot;copyright&quot;:&quot;&quot;,&quot;focal_length&quot;:&quot;155&quot;,&quot;iso&quot;:&quot;400&quot;,&quot;shutter_speed&quot;:&quot;0.004&quot;,&quot;title&quot;:&quot;&quot;,&quot;orientation&quot;:&quot;1&quot;}\" data-image-title=\"006 CREMA (Valencia 2012)\" data-image-description=\"&lt;p&gt;Visiones \/ Crem\u00e1 (Valencia 2012)&lt;\/p&gt;\n\" data-image-caption=\"\" data-medium-file=\"https:\/\/www.victorarandagarcia.es\/wp-content\/uploads\/006-CREMA-Valencia-2012-300x200.jpg\" data-large-file=\"https:\/\/www.victorarandagarcia.es\/wp-content\/uploads\/006-CREMA-Valencia-2012.jpg\" decoding=\"async\" loading=\"lazy\" width=\"720\" height=\"481\" src=\"https:\/\/www.victorarandagarcia.es\/wp-content\/uploads\/006-CREMA-Valencia-2012.jpg\" alt=\"Fotograf\u00eda de un ninot con el fuego de las fallas de Valencia en la noche de la crem\u00e1\" data-id=\"2483\" data-link=\"https:\/\/www.victorarandagarcia.es\/006-crema-valencia-2012\/\" class=\"wp-image-2483\" srcset=\"https:\/\/www.victorarandagarcia.es\/wp-content\/uploads\/006-CREMA-Valencia-2012.jpg 720w, https:\/\/www.victorarandagarcia.es\/wp-content\/uploads\/006-CREMA-Valencia-2012-300x200.jpg 300w\" sizes=\"(max-width: 720px) 100vw, 720px\" \/><\/figure><\/li><li class=\"blocks-gallery-item\"><figure><img data-attachment-id=\"2486\" data-permalink=\"https:\/\/www.victorarandagarcia.es\/052-crema-valencia-2014\/\" data-orig-file=\"https:\/\/www.victorarandagarcia.es\/wp-content\/uploads\/052-CREMA-Valencia-2014.jpg\" data-orig-size=\"481,720\" data-comments-opened=\"0\" data-image-meta=\"{&quot;aperture&quot;:&quot;5.6&quot;,&quot;credit&quot;:&quot;Victor Aranda Garcia&quot;,&quot;camera&quot;:&quot;Canon EOS 50D&quot;,&quot;caption&quot;:&quot;&quot;,&quot;created_timestamp&quot;:&quot;1395274903&quot;,&quot;copyright&quot;:&quot;Victor Aranda Garcia&quot;,&quot;focal_length&quot;:&quot;71&quot;,&quot;iso&quot;:&quot;400&quot;,&quot;shutter_speed&quot;:&quot;0.00625&quot;,&quot;title&quot;:&quot;&quot;,&quot;orientation&quot;:&quot;1&quot;}\" data-image-title=\"052 CREMA (Valencia 2014)\" data-image-description=\"&lt;p&gt;Visiones \/ Crem\u00e1 (Valencia 2014)&lt;\/p&gt;\n\" data-image-caption=\"\" data-medium-file=\"https:\/\/www.victorarandagarcia.es\/wp-content\/uploads\/052-CREMA-Valencia-2014-200x300.jpg\" data-large-file=\"https:\/\/www.victorarandagarcia.es\/wp-content\/uploads\/052-CREMA-Valencia-2014.jpg\" decoding=\"async\" loading=\"lazy\" width=\"481\" height=\"720\" src=\"https:\/\/www.victorarandagarcia.es\/wp-content\/uploads\/052-CREMA-Valencia-2014.jpg\" alt=\"Fotograf\u00eda de un ninot con el fuego de las fallas de Valencia en la noche de la crem\u00e1\" data-id=\"2486\" data-link=\"https:\/\/www.victorarandagarcia.es\/052-crema-valencia-2014\/\" class=\"wp-image-2486\" srcset=\"https:\/\/www.victorarandagarcia.es\/wp-content\/uploads\/052-CREMA-Valencia-2014.jpg 481w, https:\/\/www.victorarandagarcia.es\/wp-content\/uploads\/052-CREMA-Valencia-2014-200x300.jpg 200w\" sizes=\"(max-width: 481px) 100vw, 481px\" \/><\/figure><\/li><li class=\"blocks-gallery-item\"><figure><img data-attachment-id=\"2457\" data-permalink=\"https:\/\/www.victorarandagarcia.es\/fuego-fallas-6726\/\" data-orig-file=\"https:\/\/www.victorarandagarcia.es\/wp-content\/uploads\/fuego-fallas-6726.jpg\" data-orig-size=\"481,720\" data-comments-opened=\"0\" data-image-meta=\"{&quot;aperture&quot;:&quot;0&quot;,&quot;credit&quot;:&quot;&quot;,&quot;camera&quot;:&quot;&quot;,&quot;caption&quot;:&quot;&quot;,&quot;created_timestamp&quot;:&quot;0&quot;,&quot;copyright&quot;:&quot;&quot;,&quot;focal_length&quot;:&quot;0&quot;,&quot;iso&quot;:&quot;0&quot;,&quot;shutter_speed&quot;:&quot;0&quot;,&quot;title&quot;:&quot;&quot;,&quot;orientation&quot;:&quot;1&quot;}\" data-image-title=\"fuego-fallas-6726\" data-image-description=\"&lt;p&gt;Visiones \/ Crem\u00e1 (Valencia 2019)&lt;\/p&gt;\n\" data-image-caption=\"\" data-medium-file=\"https:\/\/www.victorarandagarcia.es\/wp-content\/uploads\/fuego-fallas-6726-200x300.jpg\" data-large-file=\"https:\/\/www.victorarandagarcia.es\/wp-content\/uploads\/fuego-fallas-6726.jpg\" decoding=\"async\" loading=\"lazy\" width=\"481\" height=\"720\" src=\"https:\/\/www.victorarandagarcia.es\/wp-content\/uploads\/fuego-fallas-6726.jpg\" alt=\"Fotograf\u00eda de un ninot con el fuego de las fallas de Valencia en la noche de la crem\u00e1\" data-id=\"2457\" data-link=\"https:\/\/www.victorarandagarcia.es\/fuego-fallas-6726\/\" class=\"wp-image-2457\" srcset=\"https:\/\/www.victorarandagarcia.es\/wp-content\/uploads\/fuego-fallas-6726.jpg 481w, https:\/\/www.victorarandagarcia.es\/wp-content\/uploads\/fuego-fallas-6726-200x300.jpg 200w\" sizes=\"(max-width: 481px) 100vw, 481px\" \/><\/figure><\/li><li class=\"blocks-gallery-item\"><figure><img data-attachment-id=\"2491\" data-permalink=\"https:\/\/www.victorarandagarcia.es\/2017-03-20_8909\/\" data-orig-file=\"https:\/\/www.victorarandagarcia.es\/wp-content\/uploads\/2017-03-20_8909.jpg\" data-orig-size=\"481,720\" data-comments-opened=\"0\" data-image-meta=\"{&quot;aperture&quot;:&quot;0&quot;,&quot;credit&quot;:&quot;Victor Aranda Garcia&quot;,&quot;camera&quot;:&quot;&quot;,&quot;caption&quot;:&quot;&quot;,&quot;created_timestamp&quot;:&quot;0&quot;,&quot;copyright&quot;:&quot;Victor Aranda Garcia&quot;,&quot;focal_length&quot;:&quot;0&quot;,&quot;iso&quot;:&quot;0&quot;,&quot;shutter_speed&quot;:&quot;0&quot;,&quot;title&quot;:&quot;&quot;,&quot;orientation&quot;:&quot;1&quot;}\" data-image-title=\"2017-03-20_8909\" data-image-description=\"&lt;p&gt;Visiones \/ Crem\u00e1 (Valencia 2017)&lt;\/p&gt;\n\" data-image-caption=\"\" data-medium-file=\"https:\/\/www.victorarandagarcia.es\/wp-content\/uploads\/2017-03-20_8909-200x300.jpg\" data-large-file=\"https:\/\/www.victorarandagarcia.es\/wp-content\/uploads\/2017-03-20_8909.jpg\" decoding=\"async\" loading=\"lazy\" width=\"481\" height=\"720\" src=\"https:\/\/www.victorarandagarcia.es\/wp-content\/uploads\/2017-03-20_8909.jpg\" alt=\"Fotograf\u00eda de un ninot con el fuego de las fallas de Valencia en la noche de la crem\u00e1\" data-id=\"2491\" data-link=\"https:\/\/www.victorarandagarcia.es\/2017-03-20_8909\/\" class=\"wp-image-2491\" srcset=\"https:\/\/www.victorarandagarcia.es\/wp-content\/uploads\/2017-03-20_8909.jpg 481w, https:\/\/www.victorarandagarcia.es\/wp-content\/uploads\/2017-03-20_8909-200x300.jpg 200w\" sizes=\"(max-width: 481px) 100vw, 481px\" \/><\/figure><\/li><li class=\"blocks-gallery-item\"><figure><img data-attachment-id=\"2490\" data-permalink=\"https:\/\/www.victorarandagarcia.es\/038-crema-valencia-2015\/\" data-orig-file=\"https:\/\/www.victorarandagarcia.es\/wp-content\/uploads\/038-CREMA-Valencia-2015.jpg\" data-orig-size=\"481,720\" data-comments-opened=\"0\" data-image-meta=\"{&quot;aperture&quot;:&quot;5.6&quot;,&quot;credit&quot;:&quot;Victor Aranda Garcia&quot;,&quot;camera&quot;:&quot;Canon EOS 600D&quot;,&quot;caption&quot;:&quot;&quot;,&quot;created_timestamp&quot;:&quot;1426811887&quot;,&quot;copyright&quot;:&quot;&quot;,&quot;focal_length&quot;:&quot;130&quot;,&quot;iso&quot;:&quot;800&quot;,&quot;shutter_speed&quot;:&quot;0.005&quot;,&quot;title&quot;:&quot;&quot;,&quot;orientation&quot;:&quot;1&quot;}\" data-image-title=\"038 CREMA (Valencia 2015)\" data-image-description=\"&lt;p&gt;Visiones \/ Crem\u00e1 (Valencia 2015)&lt;\/p&gt;\n\" data-image-caption=\"\" data-medium-file=\"https:\/\/www.victorarandagarcia.es\/wp-content\/uploads\/038-CREMA-Valencia-2015-200x300.jpg\" data-large-file=\"https:\/\/www.victorarandagarcia.es\/wp-content\/uploads\/038-CREMA-Valencia-2015.jpg\" decoding=\"async\" loading=\"lazy\" width=\"481\" height=\"720\" src=\"https:\/\/www.victorarandagarcia.es\/wp-content\/uploads\/038-CREMA-Valencia-2015.jpg\" alt=\"Fotograf\u00eda de un ninot con el fuego de las fallas de Valencia en la noche de la crem\u00e1\" data-id=\"2490\" data-link=\"https:\/\/www.victorarandagarcia.es\/038-crema-valencia-2015\/\" class=\"wp-image-2490\" srcset=\"https:\/\/www.victorarandagarcia.es\/wp-content\/uploads\/038-CREMA-Valencia-2015.jpg 481w, https:\/\/www.victorarandagarcia.es\/wp-content\/uploads\/038-CREMA-Valencia-2015-200x300.jpg 200w\" sizes=\"(max-width: 481px) 100vw, 481px\" \/><\/figure><\/li><li class=\"blocks-gallery-item\"><figure><img data-attachment-id=\"2489\" data-permalink=\"https:\/\/www.victorarandagarcia.es\/025-crema-valencia-2014\/\" data-orig-file=\"https:\/\/www.victorarandagarcia.es\/wp-content\/uploads\/025-CREMA-Valencia-2014.jpg\" data-orig-size=\"481,720\" data-comments-opened=\"0\" data-image-meta=\"{&quot;aperture&quot;:&quot;5.6&quot;,&quot;credit&quot;:&quot;Victor Aranda Garcia&quot;,&quot;camera&quot;:&quot;Canon EOS 50D&quot;,&quot;caption&quot;:&quot;&quot;,&quot;created_timestamp&quot;:&quot;1395276007&quot;,&quot;copyright&quot;:&quot;Victor Aranda Garcia&quot;,&quot;focal_length&quot;:&quot;181&quot;,&quot;iso&quot;:&quot;400&quot;,&quot;shutter_speed&quot;:&quot;0.003125&quot;,&quot;title&quot;:&quot;&quot;,&quot;orientation&quot;:&quot;1&quot;}\" data-image-title=\"025 CREMA (Valencia 2014)\" data-image-description=\"&lt;p&gt;Visiones \/ Crem\u00e1 (Valencia 2014)&lt;\/p&gt;\n\" data-image-caption=\"\" data-medium-file=\"https:\/\/www.victorarandagarcia.es\/wp-content\/uploads\/025-CREMA-Valencia-2014-200x300.jpg\" data-large-file=\"https:\/\/www.victorarandagarcia.es\/wp-content\/uploads\/025-CREMA-Valencia-2014.jpg\" decoding=\"async\" loading=\"lazy\" width=\"481\" height=\"720\" src=\"https:\/\/www.victorarandagarcia.es\/wp-content\/uploads\/025-CREMA-Valencia-2014.jpg\" alt=\"Fotograf\u00eda de un ninot con el fuego de las fallas de Valencia en la noche de la crem\u00e1\" data-id=\"2489\" data-link=\"https:\/\/www.victorarandagarcia.es\/025-crema-valencia-2014\/\" class=\"wp-image-2489\" srcset=\"https:\/\/www.victorarandagarcia.es\/wp-content\/uploads\/025-CREMA-Valencia-2014.jpg 481w, https:\/\/www.victorarandagarcia.es\/wp-content\/uploads\/025-CREMA-Valencia-2014-200x300.jpg 200w\" sizes=\"(max-width: 481px) 100vw, 481px\" \/><\/figure><\/li><li class=\"blocks-gallery-item\"><figure><img data-attachment-id=\"2487\" data-permalink=\"https:\/\/www.victorarandagarcia.es\/030-crema-valencia-2015\/\" data-orig-file=\"https:\/\/www.victorarandagarcia.es\/wp-content\/uploads\/030-CREMA-Valencia-2015.jpg\" data-orig-size=\"481,720\" data-comments-opened=\"0\" data-image-meta=\"{&quot;aperture&quot;:&quot;10&quot;,&quot;credit&quot;:&quot;Victor Aranda Garcia&quot;,&quot;camera&quot;:&quot;Canon EOS 600D&quot;,&quot;caption&quot;:&quot;&quot;,&quot;created_timestamp&quot;:&quot;1426811563&quot;,&quot;copyright&quot;:&quot;&quot;,&quot;focal_length&quot;:&quot;115&quot;,&quot;iso&quot;:&quot;400&quot;,&quot;shutter_speed&quot;:&quot;0.0025&quot;,&quot;title&quot;:&quot;&quot;,&quot;orientation&quot;:&quot;1&quot;}\" data-image-title=\"030 CREMA (Valencia 2015)\" data-image-description=\"&lt;p&gt;Visiones \/ Crem\u00e1 (Valencia 2015)&lt;\/p&gt;\n\" data-image-caption=\"\" data-medium-file=\"https:\/\/www.victorarandagarcia.es\/wp-content\/uploads\/030-CREMA-Valencia-2015-200x300.jpg\" data-large-file=\"https:\/\/www.victorarandagarcia.es\/wp-content\/uploads\/030-CREMA-Valencia-2015.jpg\" decoding=\"async\" loading=\"lazy\" width=\"481\" height=\"720\" src=\"https:\/\/www.victorarandagarcia.es\/wp-content\/uploads\/030-CREMA-Valencia-2015.jpg\" alt=\"Fotograf\u00eda de un ninot con el fuego de las fallas de Valencia en la noche de la crem\u00e1\" data-id=\"2487\" data-link=\"https:\/\/www.victorarandagarcia.es\/030-crema-valencia-2015\/\" class=\"wp-image-2487\" srcset=\"https:\/\/www.victorarandagarcia.es\/wp-content\/uploads\/030-CREMA-Valencia-2015.jpg 481w, https:\/\/www.victorarandagarcia.es\/wp-content\/uploads\/030-CREMA-Valencia-2015-200x300.jpg 200w\" sizes=\"(max-width: 481px) 100vw, 481px\" \/><\/figure><\/li><li class=\"blocks-gallery-item\"><figure><img data-attachment-id=\"2485\" data-permalink=\"https:\/\/www.victorarandagarcia.es\/029-crema-valencia-2014\/\" data-orig-file=\"https:\/\/www.victorarandagarcia.es\/wp-content\/uploads\/029-CREMA-Valencia-2014.jpg\" data-orig-size=\"481,720\" data-comments-opened=\"0\" data-image-meta=\"{&quot;aperture&quot;:&quot;5.6&quot;,&quot;credit&quot;:&quot;Victor Aranda Garcia&quot;,&quot;camera&quot;:&quot;Canon EOS 50D&quot;,&quot;caption&quot;:&quot;&quot;,&quot;created_timestamp&quot;:&quot;1395275965&quot;,&quot;copyright&quot;:&quot;Victor Aranda Garcia&quot;,&quot;focal_length&quot;:&quot;149&quot;,&quot;iso&quot;:&quot;400&quot;,&quot;shutter_speed&quot;:&quot;0.003125&quot;,&quot;title&quot;:&quot;&quot;,&quot;orientation&quot;:&quot;1&quot;}\" data-image-title=\"029 CREMA (Valencia 2014)\" data-image-description=\"&lt;p&gt;Visiones \/ Crem\u00e1 (Valencia 2014)&lt;\/p&gt;\n\" data-image-caption=\"\" data-medium-file=\"https:\/\/www.victorarandagarcia.es\/wp-content\/uploads\/029-CREMA-Valencia-2014-200x300.jpg\" data-large-file=\"https:\/\/www.victorarandagarcia.es\/wp-content\/uploads\/029-CREMA-Valencia-2014.jpg\" decoding=\"async\" loading=\"lazy\" width=\"481\" height=\"720\" src=\"https:\/\/www.victorarandagarcia.es\/wp-content\/uploads\/029-CREMA-Valencia-2014.jpg\" alt=\"Fotograf\u00eda de un ninot con el fuego de las fallas de Valencia en la noche de la crem\u00e1\" data-id=\"2485\" data-link=\"https:\/\/www.victorarandagarcia.es\/029-crema-valencia-2014\/\" class=\"wp-image-2485\" srcset=\"https:\/\/www.victorarandagarcia.es\/wp-content\/uploads\/029-CREMA-Valencia-2014.jpg 481w, https:\/\/www.victorarandagarcia.es\/wp-content\/uploads\/029-CREMA-Valencia-2014-200x300.jpg 200w\" sizes=\"(max-width: 481px) 100vw, 481px\" \/><\/figure><\/li><li class=\"blocks-gallery-item\"><figure><img data-attachment-id=\"2482\" data-permalink=\"https:\/\/www.victorarandagarcia.es\/2017-03-20_8867\/\" data-orig-file=\"https:\/\/www.victorarandagarcia.es\/wp-content\/uploads\/2017-03-20_8867.jpg\" data-orig-size=\"481,720\" data-comments-opened=\"0\" data-image-meta=\"{&quot;aperture&quot;:&quot;0&quot;,&quot;credit&quot;:&quot;Victor Aranda Garcia&quot;,&quot;camera&quot;:&quot;&quot;,&quot;caption&quot;:&quot;&quot;,&quot;created_timestamp&quot;:&quot;0&quot;,&quot;copyright&quot;:&quot;Victor Aranda Garcia&quot;,&quot;focal_length&quot;:&quot;0&quot;,&quot;iso&quot;:&quot;0&quot;,&quot;shutter_speed&quot;:&quot;0&quot;,&quot;title&quot;:&quot;&quot;,&quot;orientation&quot;:&quot;1&quot;}\" data-image-title=\"2017-03-20_8867\" data-image-description=\"&lt;p&gt;Visiones \/ Crem\u00e1 (Valencia 2017)&lt;\/p&gt;\n\" data-image-caption=\"\" data-medium-file=\"https:\/\/www.victorarandagarcia.es\/wp-content\/uploads\/2017-03-20_8867-200x300.jpg\" data-large-file=\"https:\/\/www.victorarandagarcia.es\/wp-content\/uploads\/2017-03-20_8867.jpg\" decoding=\"async\" loading=\"lazy\" width=\"481\" height=\"720\" src=\"https:\/\/www.victorarandagarcia.es\/wp-content\/uploads\/2017-03-20_8867.jpg\" alt=\"Fotograf\u00eda de un ninot con el fuego de las fallas de Valencia en la noche de la crem\u00e1\" data-id=\"2482\" data-link=\"https:\/\/www.victorarandagarcia.es\/2017-03-20_8867\/\" class=\"wp-image-2482\" srcset=\"https:\/\/www.victorarandagarcia.es\/wp-content\/uploads\/2017-03-20_8867.jpg 481w, https:\/\/www.victorarandagarcia.es\/wp-content\/uploads\/2017-03-20_8867-200x300.jpg 200w\" sizes=\"(max-width: 481px) 100vw, 481px\" \/><\/figure><\/li><li class=\"blocks-gallery-item\"><figure><img data-attachment-id=\"2481\" data-permalink=\"https:\/\/www.victorarandagarcia.es\/2017-03-20_8883\/\" data-orig-file=\"https:\/\/www.victorarandagarcia.es\/wp-content\/uploads\/2017-03-20_8883.jpg\" data-orig-size=\"481,720\" data-comments-opened=\"0\" data-image-meta=\"{&quot;aperture&quot;:&quot;0&quot;,&quot;credit&quot;:&quot;Victor Aranda Garcia&quot;,&quot;camera&quot;:&quot;&quot;,&quot;caption&quot;:&quot;&quot;,&quot;created_timestamp&quot;:&quot;0&quot;,&quot;copyright&quot;:&quot;Victor Aranda Garcia&quot;,&quot;focal_length&quot;:&quot;0&quot;,&quot;iso&quot;:&quot;0&quot;,&quot;shutter_speed&quot;:&quot;0&quot;,&quot;title&quot;:&quot;&quot;,&quot;orientation&quot;:&quot;1&quot;}\" data-image-title=\"2017-03-20_8883\" data-image-description=\"&lt;p&gt;Visiones \/ Crem\u00e1 (Valencia 2017)&lt;\/p&gt;\n\" data-image-caption=\"\" data-medium-file=\"https:\/\/www.victorarandagarcia.es\/wp-content\/uploads\/2017-03-20_8883-200x300.jpg\" data-large-file=\"https:\/\/www.victorarandagarcia.es\/wp-content\/uploads\/2017-03-20_8883.jpg\" decoding=\"async\" loading=\"lazy\" width=\"481\" height=\"720\" src=\"https:\/\/www.victorarandagarcia.es\/wp-content\/uploads\/2017-03-20_8883.jpg\" alt=\"Fotograf\u00eda de un ninot con el fuego de las fallas de Valencia en la noche de la crem\u00e1\" data-id=\"2481\" data-link=\"https:\/\/www.victorarandagarcia.es\/2017-03-20_8883\/\" class=\"wp-image-2481\" srcset=\"https:\/\/www.victorarandagarcia.es\/wp-content\/uploads\/2017-03-20_8883.jpg 481w, https:\/\/www.victorarandagarcia.es\/wp-content\/uploads\/2017-03-20_8883-200x300.jpg 200w\" sizes=\"(max-width: 481px) 100vw, 481px\" \/><\/figure><\/li><li class=\"blocks-gallery-item\"><figure><img data-attachment-id=\"2460\" data-permalink=\"https:\/\/www.victorarandagarcia.es\/011-crema-valencia-2013\/\" data-orig-file=\"https:\/\/www.victorarandagarcia.es\/wp-content\/uploads\/011-CREMA-Valencia-2013.jpg\" data-orig-size=\"481,720\" data-comments-opened=\"0\" data-image-meta=\"{&quot;aperture&quot;:&quot;5.6&quot;,&quot;credit&quot;:&quot;Victor Aranda Garcia&quot;,&quot;camera&quot;:&quot;Canon EOS 50D&quot;,&quot;caption&quot;:&quot;&quot;,&quot;created_timestamp&quot;:&quot;1363742308&quot;,&quot;copyright&quot;:&quot;&quot;,&quot;focal_length&quot;:&quot;93&quot;,&quot;iso&quot;:&quot;400&quot;,&quot;shutter_speed&quot;:&quot;0.004&quot;,&quot;title&quot;:&quot;&quot;,&quot;orientation&quot;:&quot;1&quot;}\" data-image-title=\"011 CREMA (Valencia 2013)\" data-image-description=\"&lt;p&gt;Visiones \/ Crem\u00e1 (Valencia 2013)&lt;\/p&gt;\n\" data-image-caption=\"\" data-medium-file=\"https:\/\/www.victorarandagarcia.es\/wp-content\/uploads\/011-CREMA-Valencia-2013-200x300.jpg\" data-large-file=\"https:\/\/www.victorarandagarcia.es\/wp-content\/uploads\/011-CREMA-Valencia-2013.jpg\" decoding=\"async\" loading=\"lazy\" width=\"481\" height=\"720\" src=\"https:\/\/www.victorarandagarcia.es\/wp-content\/uploads\/011-CREMA-Valencia-2013.jpg\" alt=\"Fotograf\u00eda de un ninot con el fuego de las fallas de Valencia en la noche de la crem\u00e1\" data-id=\"2460\" data-link=\"https:\/\/www.victorarandagarcia.es\/011-crema-valencia-2013\/\" class=\"wp-image-2460\" srcset=\"https:\/\/www.victorarandagarcia.es\/wp-content\/uploads\/011-CREMA-Valencia-2013.jpg 481w, https:\/\/www.victorarandagarcia.es\/wp-content\/uploads\/011-CREMA-Valencia-2013-200x300.jpg 200w\" sizes=\"(max-width: 481px) 100vw, 481px\" \/><\/figure><\/li><li class=\"blocks-gallery-item\"><figure><img data-attachment-id=\"2478\" data-permalink=\"https:\/\/www.victorarandagarcia.es\/fuego-fallas-6728\/\" data-orig-file=\"https:\/\/www.victorarandagarcia.es\/wp-content\/uploads\/fuego-fallas-6728.jpg\" data-orig-size=\"481,720\" data-comments-opened=\"0\" data-image-meta=\"{&quot;aperture&quot;:&quot;0&quot;,&quot;credit&quot;:&quot;&quot;,&quot;camera&quot;:&quot;&quot;,&quot;caption&quot;:&quot;&quot;,&quot;created_timestamp&quot;:&quot;0&quot;,&quot;copyright&quot;:&quot;&quot;,&quot;focal_length&quot;:&quot;0&quot;,&quot;iso&quot;:&quot;0&quot;,&quot;shutter_speed&quot;:&quot;0&quot;,&quot;title&quot;:&quot;&quot;,&quot;orientation&quot;:&quot;1&quot;}\" data-image-title=\"fuego-fallas-6728\" data-image-description=\"&lt;p&gt;Visiones \/ Crem\u00e1 (Valencia 2019)&lt;\/p&gt;\n\" data-image-caption=\"\" data-medium-file=\"https:\/\/www.victorarandagarcia.es\/wp-content\/uploads\/fuego-fallas-6728-200x300.jpg\" data-large-file=\"https:\/\/www.victorarandagarcia.es\/wp-content\/uploads\/fuego-fallas-6728.jpg\" decoding=\"async\" loading=\"lazy\" width=\"481\" height=\"720\" src=\"https:\/\/www.victorarandagarcia.es\/wp-content\/uploads\/fuego-fallas-6728.jpg\" alt=\"Fotograf\u00eda de un ninot con el fuego de las fallas de Valencia en la noche de la crem\u00e1\" data-id=\"2478\" data-link=\"https:\/\/www.victorarandagarcia.es\/fuego-fallas-6728\/\" class=\"wp-image-2478\" srcset=\"https:\/\/www.victorarandagarcia.es\/wp-content\/uploads\/fuego-fallas-6728.jpg 481w, https:\/\/www.victorarandagarcia.es\/wp-content\/uploads\/fuego-fallas-6728-200x300.jpg 200w\" sizes=\"(max-width: 481px) 100vw, 481px\" \/><\/figure><\/li><li class=\"blocks-gallery-item\"><figure><img data-attachment-id=\"2475\" data-permalink=\"https:\/\/www.victorarandagarcia.es\/055-crema-valencia-2014\/\" data-orig-file=\"https:\/\/www.victorarandagarcia.es\/wp-content\/uploads\/055-CREMA-Valencia-2014.jpg\" data-orig-size=\"481,720\" data-comments-opened=\"0\" data-image-meta=\"{&quot;aperture&quot;:&quot;5.6&quot;,&quot;credit&quot;:&quot;Victor Aranda Garcia&quot;,&quot;camera&quot;:&quot;Canon EOS 50D&quot;,&quot;caption&quot;:&quot;&quot;,&quot;created_timestamp&quot;:&quot;1395274848&quot;,&quot;copyright&quot;:&quot;Victor Aranda Garcia&quot;,&quot;focal_length&quot;:&quot;81&quot;,&quot;iso&quot;:&quot;400&quot;,&quot;shutter_speed&quot;:&quot;0.01&quot;,&quot;title&quot;:&quot;&quot;,&quot;orientation&quot;:&quot;1&quot;}\" data-image-title=\"055 CREMA (Valencia 2014)\" data-image-description=\"&lt;p&gt;Visiones \/ Crem\u00e1 (Valencia 2014)&lt;\/p&gt;\n\" data-image-caption=\"\" data-medium-file=\"https:\/\/www.victorarandagarcia.es\/wp-content\/uploads\/055-CREMA-Valencia-2014-200x300.jpg\" data-large-file=\"https:\/\/www.victorarandagarcia.es\/wp-content\/uploads\/055-CREMA-Valencia-2014.jpg\" decoding=\"async\" loading=\"lazy\" width=\"481\" height=\"720\" src=\"https:\/\/www.victorarandagarcia.es\/wp-content\/uploads\/055-CREMA-Valencia-2014.jpg\" alt=\"Fotograf\u00eda de un ninot con el fuego de las fallas de Valencia en la noche de la crem\u00e1\" data-id=\"2475\" data-link=\"https:\/\/www.victorarandagarcia.es\/055-crema-valencia-2014\/\" class=\"wp-image-2475\" srcset=\"https:\/\/www.victorarandagarcia.es\/wp-content\/uploads\/055-CREMA-Valencia-2014.jpg 481w, https:\/\/www.victorarandagarcia.es\/wp-content\/uploads\/055-CREMA-Valencia-2014-200x300.jpg 200w\" sizes=\"(max-width: 481px) 100vw, 481px\" \/><\/figure><\/li><li class=\"blocks-gallery-item\"><figure><img data-attachment-id=\"2469\" data-permalink=\"https:\/\/www.victorarandagarcia.es\/007-crema-valencia-2012\/\" data-orig-file=\"https:\/\/www.victorarandagarcia.es\/wp-content\/uploads\/007-CREMA-Valencia-2012.jpg\" data-orig-size=\"481,720\" data-comments-opened=\"0\" data-image-meta=\"{&quot;aperture&quot;:&quot;5.6&quot;,&quot;credit&quot;:&quot;Victor Aranda Garcia&quot;,&quot;camera&quot;:&quot;Canon EOS 50D&quot;,&quot;caption&quot;:&quot;&quot;,&quot;created_timestamp&quot;:&quot;1332206768&quot;,&quot;copyright&quot;:&quot;&quot;,&quot;focal_length&quot;:&quot;105&quot;,&quot;iso&quot;:&quot;400&quot;,&quot;shutter_speed&quot;:&quot;0.003125&quot;,&quot;title&quot;:&quot;&quot;,&quot;orientation&quot;:&quot;1&quot;}\" data-image-title=\"007 CREMA (Valencia 2012)\" data-image-description=\"&lt;p&gt;Visiones \/ Crem\u00e1 (Valencia 2012)&lt;\/p&gt;\n\" data-image-caption=\"\" data-medium-file=\"https:\/\/www.victorarandagarcia.es\/wp-content\/uploads\/007-CREMA-Valencia-2012-200x300.jpg\" data-large-file=\"https:\/\/www.victorarandagarcia.es\/wp-content\/uploads\/007-CREMA-Valencia-2012.jpg\" decoding=\"async\" loading=\"lazy\" width=\"481\" height=\"720\" src=\"https:\/\/www.victorarandagarcia.es\/wp-content\/uploads\/007-CREMA-Valencia-2012.jpg\" alt=\"Fotograf\u00eda de un ninot con el fuego de las fallas de Valencia en la noche de la crem\u00e1\" data-id=\"2469\" data-link=\"https:\/\/www.victorarandagarcia.es\/007-crema-valencia-2012\/\" class=\"wp-image-2469\" srcset=\"https:\/\/www.victorarandagarcia.es\/wp-content\/uploads\/007-CREMA-Valencia-2012.jpg 481w, https:\/\/www.victorarandagarcia.es\/wp-content\/uploads\/007-CREMA-Valencia-2012-200x300.jpg 200w\" sizes=\"(max-width: 481px) 100vw, 481px\" \/><\/figure><\/li><li class=\"blocks-gallery-item\"><figure><img data-attachment-id=\"2470\" data-permalink=\"https:\/\/www.victorarandagarcia.es\/010-crema-valencia-2014\/\" data-orig-file=\"https:\/\/www.victorarandagarcia.es\/wp-content\/uploads\/010-CREMA-Valencia-2014.jpg\" data-orig-size=\"481,720\" data-comments-opened=\"0\" data-image-meta=\"{&quot;aperture&quot;:&quot;5.6&quot;,&quot;credit&quot;:&quot;Victor Aranda Garcia&quot;,&quot;camera&quot;:&quot;Canon EOS 50D&quot;,&quot;caption&quot;:&quot;&quot;,&quot;created_timestamp&quot;:&quot;1395275933&quot;,&quot;copyright&quot;:&quot;Victor Aranda Garcia&quot;,&quot;focal_length&quot;:&quot;125&quot;,&quot;iso&quot;:&quot;400&quot;,&quot;shutter_speed&quot;:&quot;0.004&quot;,&quot;title&quot;:&quot;&quot;,&quot;orientation&quot;:&quot;1&quot;}\" data-image-title=\"010 CREMA (Valencia 2014)\" data-image-description=\"&lt;p&gt;Visiones \/ Crem\u00e1 (Valencia 2014)&lt;\/p&gt;\n\" data-image-caption=\"\" data-medium-file=\"https:\/\/www.victorarandagarcia.es\/wp-content\/uploads\/010-CREMA-Valencia-2014-200x300.jpg\" data-large-file=\"https:\/\/www.victorarandagarcia.es\/wp-content\/uploads\/010-CREMA-Valencia-2014.jpg\" decoding=\"async\" loading=\"lazy\" width=\"481\" height=\"720\" src=\"https:\/\/www.victorarandagarcia.es\/wp-content\/uploads\/010-CREMA-Valencia-2014.jpg\" alt=\"Fotograf\u00eda de un ninot con el fuego de las fallas de Valencia en la noche de la crem\u00e1\" data-id=\"2470\" data-link=\"https:\/\/www.victorarandagarcia.es\/010-crema-valencia-2014\/\" class=\"wp-image-2470\" srcset=\"https:\/\/www.victorarandagarcia.es\/wp-content\/uploads\/010-CREMA-Valencia-2014.jpg 481w, https:\/\/www.victorarandagarcia.es\/wp-content\/uploads\/010-CREMA-Valencia-2014-200x300.jpg 200w\" sizes=\"(max-width: 481px) 100vw, 481px\" \/><\/figure><\/li><li class=\"blocks-gallery-item\"><figure><img data-attachment-id=\"2473\" data-permalink=\"https:\/\/www.victorarandagarcia.es\/fuego-fallas-6770\/\" data-orig-file=\"https:\/\/www.victorarandagarcia.es\/wp-content\/uploads\/fuego-fallas-6770.jpg\" data-orig-size=\"720,481\" data-comments-opened=\"0\" data-image-meta=\"{&quot;aperture&quot;:&quot;0&quot;,&quot;credit&quot;:&quot;&quot;,&quot;camera&quot;:&quot;&quot;,&quot;caption&quot;:&quot;&quot;,&quot;created_timestamp&quot;:&quot;0&quot;,&quot;copyright&quot;:&quot;&quot;,&quot;focal_length&quot;:&quot;0&quot;,&quot;iso&quot;:&quot;0&quot;,&quot;shutter_speed&quot;:&quot;0&quot;,&quot;title&quot;:&quot;&quot;,&quot;orientation&quot;:&quot;1&quot;}\" data-image-title=\"fuego-fallas-6770\" data-image-description=\"&lt;p&gt;Visiones \/ Crem\u00e1 (Valencia 2019)&lt;\/p&gt;\n\" data-image-caption=\"\" data-medium-file=\"https:\/\/www.victorarandagarcia.es\/wp-content\/uploads\/fuego-fallas-6770-300x200.jpg\" data-large-file=\"https:\/\/www.victorarandagarcia.es\/wp-content\/uploads\/fuego-fallas-6770.jpg\" decoding=\"async\" loading=\"lazy\" width=\"720\" height=\"481\" src=\"https:\/\/www.victorarandagarcia.es\/wp-content\/uploads\/fuego-fallas-6770.jpg\" alt=\"Fotograf\u00eda de un ninot con el fuego de las fallas de Valencia en la noche de la crem\u00e1\" data-id=\"2473\" data-link=\"https:\/\/www.victorarandagarcia.es\/fuego-fallas-6770\/\" class=\"wp-image-2473\" srcset=\"https:\/\/www.victorarandagarcia.es\/wp-content\/uploads\/fuego-fallas-6770.jpg 720w, https:\/\/www.victorarandagarcia.es\/wp-content\/uploads\/fuego-fallas-6770-300x200.jpg 300w\" sizes=\"(max-width: 720px) 100vw, 720px\" \/><\/figure><\/li><li class=\"blocks-gallery-item\"><figure><img data-attachment-id=\"2474\" data-permalink=\"https:\/\/www.victorarandagarcia.es\/004-crema-valencia-2015\/\" data-orig-file=\"https:\/\/www.victorarandagarcia.es\/wp-content\/uploads\/004-CREMA-Valencia-2015.jpg\" data-orig-size=\"720,481\" data-comments-opened=\"0\" data-image-meta=\"{&quot;aperture&quot;:&quot;10&quot;,&quot;credit&quot;:&quot;Victor Aranda Garcia&quot;,&quot;camera&quot;:&quot;Canon EOS 600D&quot;,&quot;caption&quot;:&quot;&quot;,&quot;created_timestamp&quot;:&quot;1426821490&quot;,&quot;copyright&quot;:&quot;&quot;,&quot;focal_length&quot;:&quot;125&quot;,&quot;iso&quot;:&quot;800&quot;,&quot;shutter_speed&quot;:&quot;0.004&quot;,&quot;title&quot;:&quot;&quot;,&quot;orientation&quot;:&quot;1&quot;}\" data-image-title=\"004 CREMA (Valencia 2015)\" data-image-description=\"&lt;p&gt;Visiones \/ Crem\u00e1 (Valencia 2015)&lt;\/p&gt;\n\" data-image-caption=\"\" data-medium-file=\"https:\/\/www.victorarandagarcia.es\/wp-content\/uploads\/004-CREMA-Valencia-2015-300x200.jpg\" data-large-file=\"https:\/\/www.victorarandagarcia.es\/wp-content\/uploads\/004-CREMA-Valencia-2015.jpg\" decoding=\"async\" loading=\"lazy\" width=\"720\" height=\"481\" src=\"https:\/\/www.victorarandagarcia.es\/wp-content\/uploads\/004-CREMA-Valencia-2015.jpg\" alt=\"Fotograf\u00eda de un ninot con el fuego de las fallas de Valencia en la noche de la crem\u00e1\" data-id=\"2474\" data-link=\"https:\/\/www.victorarandagarcia.es\/004-crema-valencia-2015\/\" class=\"wp-image-2474\" srcset=\"https:\/\/www.victorarandagarcia.es\/wp-content\/uploads\/004-CREMA-Valencia-2015.jpg 720w, https:\/\/www.victorarandagarcia.es\/wp-content\/uploads\/004-CREMA-Valencia-2015-300x200.jpg 300w\" sizes=\"(max-width: 720px) 100vw, 720px\" \/><\/figure><\/li><li class=\"blocks-gallery-item\"><figure><img data-attachment-id=\"2472\" data-permalink=\"https:\/\/www.victorarandagarcia.es\/009-crema-valencia-2015\/\" data-orig-file=\"https:\/\/www.victorarandagarcia.es\/wp-content\/uploads\/009-CREMA-Valencia-2015.jpg\" data-orig-size=\"481,720\" data-comments-opened=\"0\" data-image-meta=\"{&quot;aperture&quot;:&quot;5&quot;,&quot;credit&quot;:&quot;Victor Aranda Garcia&quot;,&quot;camera&quot;:&quot;Canon EOS 600D&quot;,&quot;caption&quot;:&quot;&quot;,&quot;created_timestamp&quot;:&quot;1426815659&quot;,&quot;copyright&quot;:&quot;&quot;,&quot;focal_length&quot;:&quot;95&quot;,&quot;iso&quot;:&quot;800&quot;,&quot;shutter_speed&quot;:&quot;0.003125&quot;,&quot;title&quot;:&quot;&quot;,&quot;orientation&quot;:&quot;1&quot;}\" data-image-title=\"009 CREMA (Valencia 2015)\" data-image-description=\"&lt;p&gt;Visiones \/ Crem\u00e1 (Valencia 2015)&lt;\/p&gt;\n\" data-image-caption=\"\" data-medium-file=\"https:\/\/www.victorarandagarcia.es\/wp-content\/uploads\/009-CREMA-Valencia-2015-200x300.jpg\" data-large-file=\"https:\/\/www.victorarandagarcia.es\/wp-content\/uploads\/009-CREMA-Valencia-2015.jpg\" decoding=\"async\" loading=\"lazy\" width=\"481\" height=\"720\" src=\"https:\/\/www.victorarandagarcia.es\/wp-content\/uploads\/009-CREMA-Valencia-2015.jpg\" alt=\"Fotograf\u00eda de un ninot con el fuego de las fallas de Valencia en la noche de la crem\u00e1\" data-id=\"2472\" data-link=\"https:\/\/www.victorarandagarcia.es\/009-crema-valencia-2015\/\" class=\"wp-image-2472\" srcset=\"https:\/\/www.victorarandagarcia.es\/wp-content\/uploads\/009-CREMA-Valencia-2015.jpg 481w, https:\/\/www.victorarandagarcia.es\/wp-content\/uploads\/009-CREMA-Valencia-2015-200x300.jpg 200w\" sizes=\"(max-width: 481px) 100vw, 481px\" \/><\/figure><\/li><li class=\"blocks-gallery-item\"><figure><img data-attachment-id=\"2471\" data-permalink=\"https:\/\/www.victorarandagarcia.es\/026-crema-valencia-2015\/\" data-orig-file=\"https:\/\/www.victorarandagarcia.es\/wp-content\/uploads\/026-CREMA-Valencia-2015.jpg\" data-orig-size=\"481,720\" data-comments-opened=\"0\" data-image-meta=\"{&quot;aperture&quot;:&quot;4.5&quot;,&quot;credit&quot;:&quot;Victor Aranda Garcia&quot;,&quot;camera&quot;:&quot;Canon EOS 600D&quot;,&quot;caption&quot;:&quot;&quot;,&quot;created_timestamp&quot;:&quot;1426811468&quot;,&quot;copyright&quot;:&quot;&quot;,&quot;focal_length&quot;:&quot;110&quot;,&quot;iso&quot;:&quot;800&quot;,&quot;shutter_speed&quot;:&quot;0.002&quot;,&quot;title&quot;:&quot;&quot;,&quot;orientation&quot;:&quot;1&quot;}\" data-image-title=\"026 CREMA (Valencia 2015)\" data-image-description=\"&lt;p&gt;Visiones \/ Crem\u00e1 (Valencia 2015)&lt;\/p&gt;\n\" data-image-caption=\"\" data-medium-file=\"https:\/\/www.victorarandagarcia.es\/wp-content\/uploads\/026-CREMA-Valencia-2015-200x300.jpg\" data-large-file=\"https:\/\/www.victorarandagarcia.es\/wp-content\/uploads\/026-CREMA-Valencia-2015.jpg\" decoding=\"async\" loading=\"lazy\" width=\"481\" height=\"720\" src=\"https:\/\/www.victorarandagarcia.es\/wp-content\/uploads\/026-CREMA-Valencia-2015.jpg\" alt=\"Fotograf\u00eda de un ninot con el fuego de las fallas de Valencia en la noche de la crem\u00e1\" data-id=\"2471\" data-link=\"https:\/\/www.victorarandagarcia.es\/026-crema-valencia-2015\/\" class=\"wp-image-2471\" srcset=\"https:\/\/www.victorarandagarcia.es\/wp-content\/uploads\/026-CREMA-Valencia-2015.jpg 481w, https:\/\/www.victorarandagarcia.es\/wp-content\/uploads\/026-CREMA-Valencia-2015-200x300.jpg 200w\" sizes=\"(max-width: 481px) 100vw, 481px\" \/><\/figure><\/li><li class=\"blocks-gallery-item\"><figure><img data-attachment-id=\"2468\" data-permalink=\"https:\/\/www.victorarandagarcia.es\/028-crema-valencia-2015\/\" data-orig-file=\"https:\/\/www.victorarandagarcia.es\/wp-content\/uploads\/028-CREMA-Valencia-2015.jpg\" data-orig-size=\"481,720\" data-comments-opened=\"0\" data-image-meta=\"{&quot;aperture&quot;:&quot;5.6&quot;,&quot;credit&quot;:&quot;Victor Aranda Garcia&quot;,&quot;camera&quot;:&quot;Canon EOS 600D&quot;,&quot;caption&quot;:&quot;&quot;,&quot;created_timestamp&quot;:&quot;1426811971&quot;,&quot;copyright&quot;:&quot;&quot;,&quot;focal_length&quot;:&quot;110&quot;,&quot;iso&quot;:&quot;400&quot;,&quot;shutter_speed&quot;:&quot;0.003125&quot;,&quot;title&quot;:&quot;&quot;,&quot;orientation&quot;:&quot;1&quot;}\" data-image-title=\"028 CREMA (Valencia 2015)\" data-image-description=\"&lt;p&gt;Visiones \/ Crem\u00e1 (Valencia 2015)&lt;\/p&gt;\n\" data-image-caption=\"\" data-medium-file=\"https:\/\/www.victorarandagarcia.es\/wp-content\/uploads\/028-CREMA-Valencia-2015-200x300.jpg\" data-large-file=\"https:\/\/www.victorarandagarcia.es\/wp-content\/uploads\/028-CREMA-Valencia-2015.jpg\" decoding=\"async\" loading=\"lazy\" width=\"481\" height=\"720\" src=\"https:\/\/www.victorarandagarcia.es\/wp-content\/uploads\/028-CREMA-Valencia-2015.jpg\" alt=\"Fotograf\u00eda de un ninot con el fuego de las fallas de Valencia en la noche de la crem\u00e1\" data-id=\"2468\" data-link=\"https:\/\/www.victorarandagarcia.es\/028-crema-valencia-2015\/\" class=\"wp-image-2468\" srcset=\"https:\/\/www.victorarandagarcia.es\/wp-content\/uploads\/028-CREMA-Valencia-2015.jpg 481w, https:\/\/www.victorarandagarcia.es\/wp-content\/uploads\/028-CREMA-Valencia-2015-200x300.jpg 200w\" sizes=\"(max-width: 481px) 100vw, 481px\" \/><\/figure><\/li><li class=\"blocks-gallery-item\"><figure><img data-attachment-id=\"2467\" data-permalink=\"https:\/\/www.victorarandagarcia.es\/008-crema-valencia-2015\/\" data-orig-file=\"https:\/\/www.victorarandagarcia.es\/wp-content\/uploads\/008-CREMA-Valencia-2015.jpg\" data-orig-size=\"720,481\" data-comments-opened=\"0\" data-image-meta=\"{&quot;aperture&quot;:&quot;4.5&quot;,&quot;credit&quot;:&quot;Victor Aranda Garcia&quot;,&quot;camera&quot;:&quot;Canon EOS 600D&quot;,&quot;caption&quot;:&quot;&quot;,&quot;created_timestamp&quot;:&quot;1426821651&quot;,&quot;copyright&quot;:&quot;&quot;,&quot;focal_length&quot;:&quot;130&quot;,&quot;iso&quot;:&quot;400&quot;,&quot;shutter_speed&quot;:&quot;0.0025&quot;,&quot;title&quot;:&quot;&quot;,&quot;orientation&quot;:&quot;1&quot;}\" data-image-title=\"008 CREMA (Valencia 2015)\" data-image-description=\"&lt;p&gt;Visiones \/ Crem\u00e1 (Valencia 2015)&lt;\/p&gt;\n\" data-image-caption=\"\" data-medium-file=\"https:\/\/www.victorarandagarcia.es\/wp-content\/uploads\/008-CREMA-Valencia-2015-300x200.jpg\" data-large-file=\"https:\/\/www.victorarandagarcia.es\/wp-content\/uploads\/008-CREMA-Valencia-2015.jpg\" decoding=\"async\" loading=\"lazy\" width=\"720\" height=\"481\" src=\"https:\/\/www.victorarandagarcia.es\/wp-content\/uploads\/008-CREMA-Valencia-2015.jpg\" alt=\"Fotograf\u00eda de un ninot con el fuego de las fallas de Valencia en la noche de la crem\u00e1\" data-id=\"2467\" data-link=\"https:\/\/www.victorarandagarcia.es\/008-crema-valencia-2015\/\" class=\"wp-image-2467\" srcset=\"https:\/\/www.victorarandagarcia.es\/wp-content\/uploads\/008-CREMA-Valencia-2015.jpg 720w, https:\/\/www.victorarandagarcia.es\/wp-content\/uploads\/008-CREMA-Valencia-2015-300x200.jpg 300w\" sizes=\"(max-width: 720px) 100vw, 720px\" \/><\/figure><\/li><li class=\"blocks-gallery-item\"><figure><img data-attachment-id=\"2455\" data-permalink=\"https:\/\/www.victorarandagarcia.es\/012-crema-valencia-2012\/\" data-orig-file=\"https:\/\/www.victorarandagarcia.es\/wp-content\/uploads\/012-CREMA-Valencia-2012.jpg\" data-orig-size=\"481,720\" data-comments-opened=\"0\" data-image-meta=\"{&quot;aperture&quot;:&quot;5&quot;,&quot;credit&quot;:&quot;Victor Aranda Garcia&quot;,&quot;camera&quot;:&quot;Canon EOS 50D&quot;,&quot;caption&quot;:&quot;&quot;,&quot;created_timestamp&quot;:&quot;1332209813&quot;,&quot;copyright&quot;:&quot;&quot;,&quot;focal_length&quot;:&quot;180&quot;,&quot;iso&quot;:&quot;200&quot;,&quot;shutter_speed&quot;:&quot;0.004&quot;,&quot;title&quot;:&quot;&quot;,&quot;orientation&quot;:&quot;1&quot;}\" data-image-title=\"012 CREMA (Valencia 2012)\" data-image-description=\"&lt;p&gt;Visiones \/ Crem\u00e1 (Valencia 2012)&lt;\/p&gt;\n\" data-image-caption=\"\" data-medium-file=\"https:\/\/www.victorarandagarcia.es\/wp-content\/uploads\/012-CREMA-Valencia-2012-200x300.jpg\" data-large-file=\"https:\/\/www.victorarandagarcia.es\/wp-content\/uploads\/012-CREMA-Valencia-2012.jpg\" decoding=\"async\" loading=\"lazy\" width=\"481\" height=\"720\" src=\"https:\/\/www.victorarandagarcia.es\/wp-content\/uploads\/012-CREMA-Valencia-2012.jpg\" alt=\"Fotograf\u00eda de un ninot con el fuego de las fallas de Valencia en la noche de la crem\u00e1\" data-id=\"2455\" data-link=\"https:\/\/www.victorarandagarcia.es\/012-crema-valencia-2012\/\" class=\"wp-image-2455\" srcset=\"https:\/\/www.victorarandagarcia.es\/wp-content\/uploads\/012-CREMA-Valencia-2012.jpg 481w, https:\/\/www.victorarandagarcia.es\/wp-content\/uploads\/012-CREMA-Valencia-2012-200x300.jpg 200w\" sizes=\"(max-width: 481px) 100vw, 481px\" \/><\/figure><\/li><li class=\"blocks-gallery-item\"><figure><img data-attachment-id=\"2466\" data-permalink=\"https:\/\/www.victorarandagarcia.es\/2017-03-20_8890\/\" data-orig-file=\"https:\/\/www.victorarandagarcia.es\/wp-content\/uploads\/2017-03-20_8890.jpg\" data-orig-size=\"481,720\" data-comments-opened=\"0\" data-image-meta=\"{&quot;aperture&quot;:&quot;0&quot;,&quot;credit&quot;:&quot;Victor Aranda Garcia&quot;,&quot;camera&quot;:&quot;&quot;,&quot;caption&quot;:&quot;&quot;,&quot;created_timestamp&quot;:&quot;0&quot;,&quot;copyright&quot;:&quot;Victor Aranda Garcia&quot;,&quot;focal_length&quot;:&quot;0&quot;,&quot;iso&quot;:&quot;0&quot;,&quot;shutter_speed&quot;:&quot;0&quot;,&quot;title&quot;:&quot;&quot;,&quot;orientation&quot;:&quot;1&quot;}\" data-image-title=\"2017-03-20_8890\" data-image-description=\"&lt;p&gt;Visiones \/ Crem\u00e1 (Valencia 2017)&lt;\/p&gt;\n\" data-image-caption=\"\" data-medium-file=\"https:\/\/www.victorarandagarcia.es\/wp-content\/uploads\/2017-03-20_8890-200x300.jpg\" data-large-file=\"https:\/\/www.victorarandagarcia.es\/wp-content\/uploads\/2017-03-20_8890.jpg\" decoding=\"async\" loading=\"lazy\" width=\"481\" height=\"720\" src=\"https:\/\/www.victorarandagarcia.es\/wp-content\/uploads\/2017-03-20_8890.jpg\" alt=\"Fotograf\u00eda de un ninot con el fuego de las fallas de Valencia en la noche de la crem\u00e1\" data-id=\"2466\" data-link=\"https:\/\/www.victorarandagarcia.es\/2017-03-20_8890\/\" class=\"wp-image-2466\" srcset=\"https:\/\/www.victorarandagarcia.es\/wp-content\/uploads\/2017-03-20_8890.jpg 481w, https:\/\/www.victorarandagarcia.es\/wp-content\/uploads\/2017-03-20_8890-200x300.jpg 200w\" sizes=\"(max-width: 481px) 100vw, 481px\" \/><\/figure><\/li><li class=\"blocks-gallery-item\"><figure><img data-attachment-id=\"2465\" data-permalink=\"https:\/\/www.victorarandagarcia.es\/2017-03-20_8920\/\" data-orig-file=\"https:\/\/www.victorarandagarcia.es\/wp-content\/uploads\/2017-03-20_8920.jpg\" data-orig-size=\"481,720\" data-comments-opened=\"0\" data-image-meta=\"{&quot;aperture&quot;:&quot;0&quot;,&quot;credit&quot;:&quot;Victor Aranda Garcia&quot;,&quot;camera&quot;:&quot;&quot;,&quot;caption&quot;:&quot;&quot;,&quot;created_timestamp&quot;:&quot;0&quot;,&quot;copyright&quot;:&quot;Victor Aranda Garcia&quot;,&quot;focal_length&quot;:&quot;0&quot;,&quot;iso&quot;:&quot;0&quot;,&quot;shutter_speed&quot;:&quot;0&quot;,&quot;title&quot;:&quot;&quot;,&quot;orientation&quot;:&quot;1&quot;}\" data-image-title=\"2017-03-20_8920\" data-image-description=\"&lt;p&gt;Visiones \/ Crem\u00e1 (Valencia 2017)&lt;\/p&gt;\n\" data-image-caption=\"\" data-medium-file=\"https:\/\/www.victorarandagarcia.es\/wp-content\/uploads\/2017-03-20_8920-200x300.jpg\" data-large-file=\"https:\/\/www.victorarandagarcia.es\/wp-content\/uploads\/2017-03-20_8920.jpg\" decoding=\"async\" loading=\"lazy\" width=\"481\" height=\"720\" src=\"https:\/\/www.victorarandagarcia.es\/wp-content\/uploads\/2017-03-20_8920.jpg\" alt=\"Fotograf\u00eda de un ninot con el fuego de las fallas de Valencia en la noche de la crem\u00e1\" data-id=\"2465\" data-link=\"https:\/\/www.victorarandagarcia.es\/2017-03-20_8920\/\" class=\"wp-image-2465\" srcset=\"https:\/\/www.victorarandagarcia.es\/wp-content\/uploads\/2017-03-20_8920.jpg 481w, https:\/\/www.victorarandagarcia.es\/wp-content\/uploads\/2017-03-20_8920-200x300.jpg 200w\" sizes=\"(max-width: 481px) 100vw, 481px\" \/><\/figure><\/li><li class=\"blocks-gallery-item\"><figure><img data-attachment-id=\"2464\" data-permalink=\"https:\/\/www.victorarandagarcia.es\/056-crema-valencia-2014\/\" data-orig-file=\"https:\/\/www.victorarandagarcia.es\/wp-content\/uploads\/056-CREMA-Valencia-2014.jpg\" data-orig-size=\"481,720\" data-comments-opened=\"0\" data-image-meta=\"{&quot;aperture&quot;:&quot;5.6&quot;,&quot;credit&quot;:&quot;Victor Aranda Garcia&quot;,&quot;camera&quot;:&quot;Canon EOS 50D&quot;,&quot;caption&quot;:&quot;&quot;,&quot;created_timestamp&quot;:&quot;1395275045&quot;,&quot;copyright&quot;:&quot;Victor Aranda Garcia&quot;,&quot;focal_length&quot;:&quot;181&quot;,&quot;iso&quot;:&quot;800&quot;,&quot;shutter_speed&quot;:&quot;0.005&quot;,&quot;title&quot;:&quot;&quot;,&quot;orientation&quot;:&quot;1&quot;}\" data-image-title=\"056 CREMA (Valencia 2014)\" data-image-description=\"&lt;p&gt;Visiones \/ Crem\u00e1 (Valencia 2014)&lt;\/p&gt;\n\" data-image-caption=\"\" data-medium-file=\"https:\/\/www.victorarandagarcia.es\/wp-content\/uploads\/056-CREMA-Valencia-2014-200x300.jpg\" data-large-file=\"https:\/\/www.victorarandagarcia.es\/wp-content\/uploads\/056-CREMA-Valencia-2014.jpg\" decoding=\"async\" loading=\"lazy\" width=\"481\" height=\"720\" src=\"https:\/\/www.victorarandagarcia.es\/wp-content\/uploads\/056-CREMA-Valencia-2014.jpg\" alt=\"Fotograf\u00eda de un ninot con el fuego de las fallas de Valencia en la noche de la crem\u00e1\" data-id=\"2464\" data-link=\"https:\/\/www.victorarandagarcia.es\/056-crema-valencia-2014\/\" class=\"wp-image-2464\" srcset=\"https:\/\/www.victorarandagarcia.es\/wp-content\/uploads\/056-CREMA-Valencia-2014.jpg 481w, https:\/\/www.victorarandagarcia.es\/wp-content\/uploads\/056-CREMA-Valencia-2014-200x300.jpg 200w\" sizes=\"(max-width: 481px) 100vw, 481px\" \/><\/figure><\/li><li class=\"blocks-gallery-item\"><figure><img data-attachment-id=\"2463\" data-permalink=\"https:\/\/www.victorarandagarcia.es\/fuego-fallas-6718\/\" data-orig-file=\"https:\/\/www.victorarandagarcia.es\/wp-content\/uploads\/fuego-fallas-6718.jpg\" data-orig-size=\"481,720\" data-comments-opened=\"0\" data-image-meta=\"{&quot;aperture&quot;:&quot;0&quot;,&quot;credit&quot;:&quot;&quot;,&quot;camera&quot;:&quot;&quot;,&quot;caption&quot;:&quot;&quot;,&quot;created_timestamp&quot;:&quot;0&quot;,&quot;copyright&quot;:&quot;&quot;,&quot;focal_length&quot;:&quot;0&quot;,&quot;iso&quot;:&quot;0&quot;,&quot;shutter_speed&quot;:&quot;0&quot;,&quot;title&quot;:&quot;&quot;,&quot;orientation&quot;:&quot;1&quot;}\" data-image-title=\"fuego-fallas-6718\" data-image-description=\"&lt;p&gt;Visiones \/ Crem\u00e1 (Valencia 2019)&lt;\/p&gt;\n\" data-image-caption=\"\" data-medium-file=\"https:\/\/www.victorarandagarcia.es\/wp-content\/uploads\/fuego-fallas-6718-200x300.jpg\" data-large-file=\"https:\/\/www.victorarandagarcia.es\/wp-content\/uploads\/fuego-fallas-6718.jpg\" decoding=\"async\" loading=\"lazy\" width=\"481\" height=\"720\" src=\"https:\/\/www.victorarandagarcia.es\/wp-content\/uploads\/fuego-fallas-6718.jpg\" alt=\"Fotograf\u00eda de un ninot con el fuego de las fallas de Valencia en la noche de la crem\u00e1\" data-id=\"2463\" data-link=\"https:\/\/www.victorarandagarcia.es\/fuego-fallas-6718\/\" class=\"wp-image-2463\" srcset=\"https:\/\/www.victorarandagarcia.es\/wp-content\/uploads\/fuego-fallas-6718.jpg 481w, https:\/\/www.victorarandagarcia.es\/wp-content\/uploads\/fuego-fallas-6718-200x300.jpg 200w\" sizes=\"(max-width: 481px) 100vw, 481px\" \/><\/figure><\/li><li class=\"blocks-gallery-item\"><figure><img data-attachment-id=\"2462\" data-permalink=\"https:\/\/www.victorarandagarcia.es\/039-crema-valencia-2013\/\" data-orig-file=\"https:\/\/www.victorarandagarcia.es\/wp-content\/uploads\/039-CREMA-Valencia-2013.jpg\" data-orig-size=\"720,481\" data-comments-opened=\"0\" data-image-meta=\"{&quot;aperture&quot;:&quot;5.6&quot;,&quot;credit&quot;:&quot;Victor Aranda Garcia&quot;,&quot;camera&quot;:&quot;Canon EOS 50D&quot;,&quot;caption&quot;:&quot;&quot;,&quot;created_timestamp&quot;:&quot;1363747703&quot;,&quot;copyright&quot;:&quot;&quot;,&quot;focal_length&quot;:&quot;181&quot;,&quot;iso&quot;:&quot;400&quot;,&quot;shutter_speed&quot;:&quot;0.01&quot;,&quot;title&quot;:&quot;&quot;,&quot;orientation&quot;:&quot;1&quot;}\" data-image-title=\"039 CREMA (Valencia 2013)\" data-image-description=\"&lt;p&gt;Visiones \/ Crem\u00e1 (Valencia 2013)&lt;\/p&gt;\n\" data-image-caption=\"\" data-medium-file=\"https:\/\/www.victorarandagarcia.es\/wp-content\/uploads\/039-CREMA-Valencia-2013-300x200.jpg\" data-large-file=\"https:\/\/www.victorarandagarcia.es\/wp-content\/uploads\/039-CREMA-Valencia-2013.jpg\" decoding=\"async\" loading=\"lazy\" width=\"720\" height=\"481\" src=\"https:\/\/www.victorarandagarcia.es\/wp-content\/uploads\/039-CREMA-Valencia-2013.jpg\" alt=\"Fotograf\u00eda de un ninot con el fuego de las fallas de Valencia en la noche de la crem\u00e1\" data-id=\"2462\" data-link=\"https:\/\/www.victorarandagarcia.es\/039-crema-valencia-2013\/\" class=\"wp-image-2462\" srcset=\"https:\/\/www.victorarandagarcia.es\/wp-content\/uploads\/039-CREMA-Valencia-2013.jpg 720w, https:\/\/www.victorarandagarcia.es\/wp-content\/uploads\/039-CREMA-Valencia-2013-300x200.jpg 300w\" sizes=\"(max-width: 720px) 100vw, 720px\" \/><\/figure><\/li><li class=\"blocks-gallery-item\"><figure><img data-attachment-id=\"2459\" data-permalink=\"https:\/\/www.victorarandagarcia.es\/027-crema-valencia-2015\/\" data-orig-file=\"https:\/\/www.victorarandagarcia.es\/wp-content\/uploads\/027-CREMA-Valencia-2015.jpg\" data-orig-size=\"481,720\" data-comments-opened=\"0\" data-image-meta=\"{&quot;aperture&quot;:&quot;4&quot;,&quot;credit&quot;:&quot;Victor Aranda Garcia&quot;,&quot;camera&quot;:&quot;Canon EOS 600D&quot;,&quot;caption&quot;:&quot;&quot;,&quot;created_timestamp&quot;:&quot;1426811746&quot;,&quot;copyright&quot;:&quot;&quot;,&quot;focal_length&quot;:&quot;75&quot;,&quot;iso&quot;:&quot;200&quot;,&quot;shutter_speed&quot;:&quot;0.003125&quot;,&quot;title&quot;:&quot;&quot;,&quot;orientation&quot;:&quot;1&quot;}\" data-image-title=\"027 CREMA (Valencia 2015)\" data-image-description=\"&lt;p&gt;Visiones \/ Crem\u00e1 (Valencia 2015)&lt;\/p&gt;\n\" data-image-caption=\"\" data-medium-file=\"https:\/\/www.victorarandagarcia.es\/wp-content\/uploads\/027-CREMA-Valencia-2015-200x300.jpg\" data-large-file=\"https:\/\/www.victorarandagarcia.es\/wp-content\/uploads\/027-CREMA-Valencia-2015.jpg\" decoding=\"async\" loading=\"lazy\" width=\"481\" height=\"720\" src=\"https:\/\/www.victorarandagarcia.es\/wp-content\/uploads\/027-CREMA-Valencia-2015.jpg\" alt=\"Fotograf\u00eda de un ninot con el fuego de las fallas de Valencia en la noche de la crem\u00e1\" data-id=\"2459\" data-link=\"https:\/\/www.victorarandagarcia.es\/027-crema-valencia-2015\/\" class=\"wp-image-2459\" srcset=\"https:\/\/www.victorarandagarcia.es\/wp-content\/uploads\/027-CREMA-Valencia-2015.jpg 481w, https:\/\/www.victorarandagarcia.es\/wp-content\/uploads\/027-CREMA-Valencia-2015-200x300.jpg 200w\" sizes=\"(max-width: 481px) 100vw, 481px\" \/><\/figure><\/li><li class=\"blocks-gallery-item\"><figure><img data-attachment-id=\"2476\" data-permalink=\"https:\/\/www.victorarandagarcia.es\/037-crema-valencia-2014\/\" data-orig-file=\"https:\/\/www.victorarandagarcia.es\/wp-content\/uploads\/037-CREMA-Valencia-2014.jpg\" data-orig-size=\"720,481\" data-comments-opened=\"0\" data-image-meta=\"{&quot;aperture&quot;:&quot;5.6&quot;,&quot;credit&quot;:&quot;Victor Aranda Garcia&quot;,&quot;camera&quot;:&quot;Canon EOS 50D&quot;,&quot;caption&quot;:&quot;&quot;,&quot;created_timestamp&quot;:&quot;1395276263&quot;,&quot;copyright&quot;:&quot;Victor Aranda Garcia&quot;,&quot;focal_length&quot;:&quot;81&quot;,&quot;iso&quot;:&quot;800&quot;,&quot;shutter_speed&quot;:&quot;0.00625&quot;,&quot;title&quot;:&quot;&quot;,&quot;orientation&quot;:&quot;1&quot;}\" data-image-title=\"037 CREMA (Valencia 2014)\" data-image-description=\"&lt;p&gt;Visiones \/ Crem\u00e1 (Valencia 2014)&lt;\/p&gt;\n\" data-image-caption=\"\" data-medium-file=\"https:\/\/www.victorarandagarcia.es\/wp-content\/uploads\/037-CREMA-Valencia-2014-300x200.jpg\" data-large-file=\"https:\/\/www.victorarandagarcia.es\/wp-content\/uploads\/037-CREMA-Valencia-2014.jpg\" decoding=\"async\" loading=\"lazy\" width=\"720\" height=\"481\" src=\"https:\/\/www.victorarandagarcia.es\/wp-content\/uploads\/037-CREMA-Valencia-2014.jpg\" alt=\"Fotograf\u00eda de un ninot con el fuego de las fallas de Valencia en la noche de la crem\u00e1\" data-id=\"2476\" data-link=\"https:\/\/www.victorarandagarcia.es\/037-crema-valencia-2014\/\" class=\"wp-image-2476\" srcset=\"https:\/\/www.victorarandagarcia.es\/wp-content\/uploads\/037-CREMA-Valencia-2014.jpg 720w, https:\/\/www.victorarandagarcia.es\/wp-content\/uploads\/037-CREMA-Valencia-2014-300x200.jpg 300w\" sizes=\"(max-width: 720px) 100vw, 720px\" \/><\/figure><\/li><li class=\"blocks-gallery-item\"><figure><img data-attachment-id=\"2456\" data-permalink=\"https:\/\/www.victorarandagarcia.es\/053-crema-valencia-2014\/\" data-orig-file=\"https:\/\/www.victorarandagarcia.es\/wp-content\/uploads\/053-CREMA-Valencia-2014.jpg\" data-orig-size=\"720,481\" data-comments-opened=\"0\" data-image-meta=\"{&quot;aperture&quot;:&quot;5.6&quot;,&quot;credit&quot;:&quot;Victor Aranda Garcia&quot;,&quot;camera&quot;:&quot;Canon EOS 50D&quot;,&quot;caption&quot;:&quot;&quot;,&quot;created_timestamp&quot;:&quot;1395276451&quot;,&quot;copyright&quot;:&quot;Victor Aranda Garcia&quot;,&quot;focal_length&quot;:&quot;300&quot;,&quot;iso&quot;:&quot;800&quot;,&quot;shutter_speed&quot;:&quot;0.00625&quot;,&quot;title&quot;:&quot;&quot;,&quot;orientation&quot;:&quot;1&quot;}\" data-image-title=\"053 CREMA (Valencia 2014)\" data-image-description=\"&lt;p&gt;Visiones \/ Crem\u00e1 (Valencia 2014)&lt;\/p&gt;\n\" data-image-caption=\"\" data-medium-file=\"https:\/\/www.victorarandagarcia.es\/wp-content\/uploads\/053-CREMA-Valencia-2014-300x200.jpg\" data-large-file=\"https:\/\/www.victorarandagarcia.es\/wp-content\/uploads\/053-CREMA-Valencia-2014.jpg\" decoding=\"async\" loading=\"lazy\" width=\"720\" height=\"481\" src=\"https:\/\/www.victorarandagarcia.es\/wp-content\/uploads\/053-CREMA-Valencia-2014.jpg\" alt=\"Fotograf\u00eda de un ninot con el fuego de las fallas de Valencia en la noche de la crem\u00e1\" data-id=\"2456\" data-link=\"https:\/\/www.victorarandagarcia.es\/053-crema-valencia-2014\/\" class=\"wp-image-2456\" srcset=\"https:\/\/www.victorarandagarcia.es\/wp-content\/uploads\/053-CREMA-Valencia-2014.jpg 720w, https:\/\/www.victorarandagarcia.es\/wp-content\/uploads\/053-CREMA-Valencia-2014-300x200.jpg 300w\" sizes=\"(max-width: 720px) 100vw, 720px\" \/><\/figure><\/li><li class=\"blocks-gallery-item\"><figure><img data-attachment-id=\"2458\" data-permalink=\"https:\/\/www.victorarandagarcia.es\/002-crema-valencia-2012\/\" data-orig-file=\"https:\/\/www.victorarandagarcia.es\/wp-content\/uploads\/002-CREMA-Valencia-2012.jpg\" data-orig-size=\"720,481\" data-comments-opened=\"0\" data-image-meta=\"{&quot;aperture&quot;:&quot;5&quot;,&quot;credit&quot;:&quot;Victor Aranda Garcia&quot;,&quot;camera&quot;:&quot;Canon EOS 50D&quot;,&quot;caption&quot;:&quot;&quot;,&quot;created_timestamp&quot;:&quot;1332212806&quot;,&quot;copyright&quot;:&quot;&quot;,&quot;focal_length&quot;:&quot;145&quot;,&quot;iso&quot;:&quot;100&quot;,&quot;shutter_speed&quot;:&quot;0.01&quot;,&quot;title&quot;:&quot;&quot;,&quot;orientation&quot;:&quot;1&quot;}\" data-image-title=\"002 CREMA (Valencia 2012)\" data-image-description=\"&lt;p&gt;Visiones \/ Crem\u00e1 (Valencia 2012)&lt;\/p&gt;\n\" data-image-caption=\"\" data-medium-file=\"https:\/\/www.victorarandagarcia.es\/wp-content\/uploads\/002-CREMA-Valencia-2012-300x200.jpg\" data-large-file=\"https:\/\/www.victorarandagarcia.es\/wp-content\/uploads\/002-CREMA-Valencia-2012.jpg\" decoding=\"async\" loading=\"lazy\" width=\"720\" height=\"481\" src=\"https:\/\/www.victorarandagarcia.es\/wp-content\/uploads\/002-CREMA-Valencia-2012.jpg\" alt=\"Fotograf\u00eda de un ninot con el fuego de las fallas de Valencia en la noche de la crem\u00e1\" data-id=\"2458\" data-link=\"https:\/\/www.victorarandagarcia.es\/002-crema-valencia-2012\/\" class=\"wp-image-2458\" srcset=\"https:\/\/www.victorarandagarcia.es\/wp-content\/uploads\/002-CREMA-Valencia-2012.jpg 720w, https:\/\/www.victorarandagarcia.es\/wp-content\/uploads\/002-CREMA-Valencia-2012-300x200.jpg 300w\" sizes=\"(max-width: 720px) 100vw, 720px\" \/><\/figure><\/li><\/ul>\n","protected":false},"excerpt":{"rendered":"<p>Serie de fotograf\u00edas tomadas desde 2003 hasta la actualidad durante la Nit de la Crem\u00e1 (\u00abnoche de la quema\u00bb) en Valencia: visiones de fuego que trascienden la fiesta fallera desde un original punto de vista. &hellip; <a href=\"https:\/\/www.victorarandagarcia.es\/index.php\/arte\/crema\/\" class=\"more-link\"><span>Continuar<span class=\"screen-reader-text\">Crem\u00e1<\/span><\/span><\/a><\/p>\n","protected":false},"author":1,"featured_media":2484,"comment_status":"closed","ping_status":"open","sticky":false,"template":"","format":"standard","meta":{"jetpack_post_was_ever_published":false,"_jetpack_newsletter_access":"","_jetpack_dont_email_post_to_subs":false,"_jetpack_newsletter_tier_id":0,"_jetpack_memberships_contains_paywalled_content":false,"footnotes":"","_jetpack_memberships_contains_paid_content":false},"categories":[18,89],"tags":[86,87,69],"yoast_head":"<!-- This site is optimized with the Yoast SEO plugin v22.6 - https:\/\/yoast.com\/wordpress\/plugins\/seo\/ -->\n<title>Crem\u00e1 - arte y estudio<\/title>\n<meta name=\"description\" content=\"Serie de fotograf\u00edas tomadas desde 2003 hasta la actualidad durante la Nit de la Crem\u00e1 (&quot;noche de la quema&quot;) en Valencia.\" \/>\n<meta name=\"robots\" content=\"index, follow, max-snippet:-1, max-image-preview:large, max-video-preview:-1\" \/>\n<link rel=\"canonical\" href=\"https:\/\/www.victorarandagarcia.es\/index.php\/arte\/crema\/\" \/>\n<meta property=\"og:locale\" content=\"es_ES\" \/>\n<meta property=\"og:type\" content=\"article\" \/>\n<meta property=\"og:title\" content=\"Crem\u00e1 - arte y estudio\" \/>\n<meta property=\"og:description\" content=\"Serie de fotograf\u00edas tomadas desde 2003 hasta la actualidad durante la Nit de la Crem\u00e1 (&quot;noche de la quema&quot;) en Valencia.\" \/>\n<meta property=\"og:url\" content=\"https:\/\/www.victorarandagarcia.es\/index.php\/arte\/crema\/\" \/>\n<meta property=\"og:site_name\" content=\"arte y estudio\" \/>\n<meta property=\"article:published_time\" content=\"2020-01-08T13:53:14+00:00\" \/>\n<meta property=\"article:modified_time\" content=\"2021-01-22T19:08:32+00:00\" \/>\n<meta property=\"og:image\" content=\"https:\/\/www.victorarandagarcia.es\/wp-content\/uploads\/005-CREMA-Valencia-2015.jpg\" \/>\n\t<meta property=\"og:image:width\" content=\"481\" \/>\n\t<meta property=\"og:image:height\" content=\"720\" \/>\n\t<meta property=\"og:image:type\" content=\"image\/jpeg\" \/>\n<meta name=\"author\" content=\"victorarandagarcia\" \/>\n<meta name=\"twitter:card\" content=\"summary_large_image\" \/>\n<meta name=\"twitter:label1\" content=\"Escrito por\" \/>\n\t<meta name=\"twitter:data1\" content=\"victorarandagarcia\" \/>\n\t<meta name=\"twitter:label2\" content=\"Tiempo de lectura\" \/>\n\t<meta name=\"twitter:data2\" content=\"1 minuto\" \/>\n<script type=\"application\/ld+json\" class=\"yoast-schema-graph\">{\"@context\":\"https:\/\/schema.org\",\"@graph\":[{\"@type\":\"Article\",\"@id\":\"https:\/\/www.victorarandagarcia.es\/index.php\/arte\/crema\/#article\",\"isPartOf\":{\"@id\":\"https:\/\/www.victorarandagarcia.es\/index.php\/arte\/crema\/\"},\"author\":{\"name\":\"victorarandagarcia\",\"@id\":\"https:\/\/www.victorarandagarcia.es\/#\/schema\/person\/bfa9c61a3776d517deeee5f9386ef302\"},\"headline\":\"Crem\u00e1\",\"datePublished\":\"2020-01-08T13:53:14+00:00\",\"dateModified\":\"2021-01-22T19:08:32+00:00\",\"mainEntityOfPage\":{\"@id\":\"https:\/\/www.victorarandagarcia.es\/index.php\/arte\/crema\/\"},\"wordCount\":102,\"publisher\":{\"@id\":\"https:\/\/www.victorarandagarcia.es\/#organization\"},\"image\":{\"@id\":\"https:\/\/www.victorarandagarcia.es\/index.php\/arte\/crema\/#primaryimage\"},\"thumbnailUrl\":\"https:\/\/www.victorarandagarcia.es\/wp-content\/uploads\/005-CREMA-Valencia-2015.jpg\",\"keywords\":[\"Fallas\",\"fuego\",\"Valencia\"],\"articleSection\":[\"arte\",\"REPORTAJE\"],\"inLanguage\":\"es\"},{\"@type\":\"WebPage\",\"@id\":\"https:\/\/www.victorarandagarcia.es\/index.php\/arte\/crema\/\",\"url\":\"https:\/\/www.victorarandagarcia.es\/index.php\/arte\/crema\/\",\"name\":\"Crem\u00e1 - arte y estudio\",\"isPartOf\":{\"@id\":\"https:\/\/www.victorarandagarcia.es\/#website\"},\"primaryImageOfPage\":{\"@id\":\"https:\/\/www.victorarandagarcia.es\/index.php\/arte\/crema\/#primaryimage\"},\"image\":{\"@id\":\"https:\/\/www.victorarandagarcia.es\/index.php\/arte\/crema\/#primaryimage\"},\"thumbnailUrl\":\"https:\/\/www.victorarandagarcia.es\/wp-content\/uploads\/005-CREMA-Valencia-2015.jpg\",\"datePublished\":\"2020-01-08T13:53:14+00:00\",\"dateModified\":\"2021-01-22T19:08:32+00:00\",\"description\":\"Serie de fotograf\u00edas tomadas desde 2003 hasta la actualidad durante la Nit de la Crem\u00e1 (\\\"noche de la quema\\\") en Valencia.\",\"breadcrumb\":{\"@id\":\"https:\/\/www.victorarandagarcia.es\/index.php\/arte\/crema\/#breadcrumb\"},\"inLanguage\":\"es\",\"potentialAction\":[{\"@type\":\"ReadAction\",\"target\":[\"https:\/\/www.victorarandagarcia.es\/index.php\/arte\/crema\/\"]}]},{\"@type\":\"ImageObject\",\"inLanguage\":\"es\",\"@id\":\"https:\/\/www.victorarandagarcia.es\/index.php\/arte\/crema\/#primaryimage\",\"url\":\"https:\/\/www.victorarandagarcia.es\/wp-content\/uploads\/005-CREMA-Valencia-2015.jpg\",\"contentUrl\":\"https:\/\/www.victorarandagarcia.es\/wp-content\/uploads\/005-CREMA-Valencia-2015.jpg\",\"width\":481,\"height\":720,\"caption\":\"Fotograf\u00eda de un ninot con el fuego de las fallas de Valencia en la noche de la crem\u00e1\"},{\"@type\":\"BreadcrumbList\",\"@id\":\"https:\/\/www.victorarandagarcia.es\/index.php\/arte\/crema\/#breadcrumb\",\"itemListElement\":[{\"@type\":\"ListItem\",\"position\":1,\"name\":\"Portada\",\"item\":\"https:\/\/www.victorarandagarcia.es\/\"},{\"@type\":\"ListItem\",\"position\":2,\"name\":\"Crem\u00e1\"}]},{\"@type\":\"WebSite\",\"@id\":\"https:\/\/www.victorarandagarcia.es\/#website\",\"url\":\"https:\/\/www.victorarandagarcia.es\/\",\"name\":\"arte y estudio\",\"description\":\"Fot\u00f3grafo\",\"publisher\":{\"@id\":\"https:\/\/www.victorarandagarcia.es\/#organization\"},\"potentialAction\":[{\"@type\":\"SearchAction\",\"target\":{\"@type\":\"EntryPoint\",\"urlTemplate\":\"https:\/\/www.victorarandagarcia.es\/?s={search_term_string}\"},\"query-input\":\"required name=search_term_string\"}],\"inLanguage\":\"es\"},{\"@type\":\"Organization\",\"@id\":\"https:\/\/www.victorarandagarcia.es\/#organization\",\"name\":\"arte y estudio\",\"url\":\"https:\/\/www.victorarandagarcia.es\/\",\"logo\":{\"@type\":\"ImageObject\",\"inLanguage\":\"es\",\"@id\":\"https:\/\/www.victorarandagarcia.es\/#\/schema\/logo\/image\/\",\"url\":\"https:\/\/www.victorarandagarcia.es\/wp-content\/uploads\/2019\/03\/logo-fotografo.png\",\"contentUrl\":\"https:\/\/www.victorarandagarcia.es\/wp-content\/uploads\/2019\/03\/logo-fotografo.png\",\"width\":150,\"height\":150,\"caption\":\"arte y estudio\"},\"image\":{\"@id\":\"https:\/\/www.victorarandagarcia.es\/#\/schema\/logo\/image\/\"}},{\"@type\":\"Person\",\"@id\":\"https:\/\/www.victorarandagarcia.es\/#\/schema\/person\/bfa9c61a3776d517deeee5f9386ef302\",\"name\":\"victorarandagarcia\",\"image\":{\"@type\":\"ImageObject\",\"inLanguage\":\"es\",\"@id\":\"https:\/\/www.victorarandagarcia.es\/#\/schema\/person\/image\/\",\"url\":\"https:\/\/secure.gravatar.com\/avatar\/957a01ac23a6393e755ae8225c35dbdb?s=96&d=mm&r=g\",\"contentUrl\":\"https:\/\/secure.gravatar.com\/avatar\/957a01ac23a6393e755ae8225c35dbdb?s=96&d=mm&r=g\",\"caption\":\"victorarandagarcia\"}}]}<\/script>\n<!-- \/ Yoast SEO plugin. -->","yoast_head_json":{"title":"Crem\u00e1 - arte y estudio","description":"Serie de fotograf\u00edas tomadas desde 2003 hasta la actualidad durante la Nit de la Crem\u00e1 (\"noche de la quema\") en Valencia.","robots":{"index":"index","follow":"follow","max-snippet":"max-snippet:-1","max-image-preview":"max-image-preview:large","max-video-preview":"max-video-preview:-1"},"canonical":"https:\/\/www.victorarandagarcia.es\/index.php\/arte\/crema\/","og_locale":"es_ES","og_type":"article","og_title":"Crem\u00e1 - arte y estudio","og_description":"Serie de fotograf\u00edas tomadas desde 2003 hasta la actualidad durante la Nit de la Crem\u00e1 (\"noche de la quema\") en Valencia.","og_url":"https:\/\/www.victorarandagarcia.es\/index.php\/arte\/crema\/","og_site_name":"arte y estudio","article_published_time":"2020-01-08T13:53:14+00:00","article_modified_time":"2021-01-22T19:08:32+00:00","og_image":[{"width":481,"height":720,"url":"https:\/\/www.victorarandagarcia.es\/wp-content\/uploads\/005-CREMA-Valencia-2015.jpg","type":"image\/jpeg"}],"author":"victorarandagarcia","twitter_card":"summary_large_image","twitter_misc":{"Escrito por":"victorarandagarcia","Tiempo de lectura":"1 minuto"},"schema":{"@context":"https:\/\/schema.org","@graph":[{"@type":"Article","@id":"https:\/\/www.victorarandagarcia.es\/index.php\/arte\/crema\/#article","isPartOf":{"@id":"https:\/\/www.victorarandagarcia.es\/index.php\/arte\/crema\/"},"author":{"name":"victorarandagarcia","@id":"https:\/\/www.victorarandagarcia.es\/#\/schema\/person\/bfa9c61a3776d517deeee5f9386ef302"},"headline":"Crem\u00e1","datePublished":"2020-01-08T13:53:14+00:00","dateModified":"2021-01-22T19:08:32+00:00","mainEntityOfPage":{"@id":"https:\/\/www.victorarandagarcia.es\/index.php\/arte\/crema\/"},"wordCount":102,"publisher":{"@id":"https:\/\/www.victorarandagarcia.es\/#organization"},"image":{"@id":"https:\/\/www.victorarandagarcia.es\/index.php\/arte\/crema\/#primaryimage"},"thumbnailUrl":"https:\/\/www.victorarandagarcia.es\/wp-content\/uploads\/005-CREMA-Valencia-2015.jpg","keywords":["Fallas","fuego","Valencia"],"articleSection":["arte","REPORTAJE"],"inLanguage":"es"},{"@type":"WebPage","@id":"https:\/\/www.victorarandagarcia.es\/index.php\/arte\/crema\/","url":"https:\/\/www.victorarandagarcia.es\/index.php\/arte\/crema\/","name":"Crem\u00e1 - arte y estudio","isPartOf":{"@id":"https:\/\/www.victorarandagarcia.es\/#website"},"primaryImageOfPage":{"@id":"https:\/\/www.victorarandagarcia.es\/index.php\/arte\/crema\/#primaryimage"},"image":{"@id":"https:\/\/www.victorarandagarcia.es\/index.php\/arte\/crema\/#primaryimage"},"thumbnailUrl":"https:\/\/www.victorarandagarcia.es\/wp-content\/uploads\/005-CREMA-Valencia-2015.jpg","datePublished":"2020-01-08T13:53:14+00:00","dateModified":"2021-01-22T19:08:32+00:00","description":"Serie de fotograf\u00edas tomadas desde 2003 hasta la actualidad durante la Nit de la Crem\u00e1 (\"noche de la quema\") en Valencia.","breadcrumb":{"@id":"https:\/\/www.victorarandagarcia.es\/index.php\/arte\/crema\/#breadcrumb"},"inLanguage":"es","potentialAction":[{"@type":"ReadAction","target":["https:\/\/www.victorarandagarcia.es\/index.php\/arte\/crema\/"]}]},{"@type":"ImageObject","inLanguage":"es","@id":"https:\/\/www.victorarandagarcia.es\/index.php\/arte\/crema\/#primaryimage","url":"https:\/\/www.victorarandagarcia.es\/wp-content\/uploads\/005-CREMA-Valencia-2015.jpg","contentUrl":"https:\/\/www.victorarandagarcia.es\/wp-content\/uploads\/005-CREMA-Valencia-2015.jpg","width":481,"height":720,"caption":"Fotograf\u00eda de un ninot con el fuego de las fallas de Valencia en la noche de la crem\u00e1"},{"@type":"BreadcrumbList","@id":"https:\/\/www.victorarandagarcia.es\/index.php\/arte\/crema\/#breadcrumb","itemListElement":[{"@type":"ListItem","position":1,"name":"Portada","item":"https:\/\/www.victorarandagarcia.es\/"},{"@type":"ListItem","position":2,"name":"Crem\u00e1"}]},{"@type":"WebSite","@id":"https:\/\/www.victorarandagarcia.es\/#website","url":"https:\/\/www.victorarandagarcia.es\/","name":"arte y estudio","description":"Fot\u00f3grafo","publisher":{"@id":"https:\/\/www.victorarandagarcia.es\/#organization"},"potentialAction":[{"@type":"SearchAction","target":{"@type":"EntryPoint","urlTemplate":"https:\/\/www.victorarandagarcia.es\/?s={search_term_string}"},"query-input":"required name=search_term_string"}],"inLanguage":"es"},{"@type":"Organization","@id":"https:\/\/www.victorarandagarcia.es\/#organization","name":"arte y estudio","url":"https:\/\/www.victorarandagarcia.es\/","logo":{"@type":"ImageObject","inLanguage":"es","@id":"https:\/\/www.victorarandagarcia.es\/#\/schema\/logo\/image\/","url":"https:\/\/www.victorarandagarcia.es\/wp-content\/uploads\/2019\/03\/logo-fotografo.png","contentUrl":"https:\/\/www.victorarandagarcia.es\/wp-content\/uploads\/2019\/03\/logo-fotografo.png","width":150,"height":150,"caption":"arte y estudio"},"image":{"@id":"https:\/\/www.victorarandagarcia.es\/#\/schema\/logo\/image\/"}},{"@type":"Person","@id":"https:\/\/www.victorarandagarcia.es\/#\/schema\/person\/bfa9c61a3776d517deeee5f9386ef302","name":"victorarandagarcia","image":{"@type":"ImageObject","inLanguage":"es","@id":"https:\/\/www.victorarandagarcia.es\/#\/schema\/person\/image\/","url":"https:\/\/secure.gravatar.com\/avatar\/957a01ac23a6393e755ae8225c35dbdb?s=96&d=mm&r=g","contentUrl":"https:\/\/secure.gravatar.com\/avatar\/957a01ac23a6393e755ae8225c35dbdb?s=96&d=mm&r=g","caption":"victorarandagarcia"}}]}},"jetpack_featured_media_url":"https:\/\/www.victorarandagarcia.es\/wp-content\/uploads\/005-CREMA-Valencia-2015.jpg","jetpack_sharing_enabled":true,"_links":{"self":[{"href":"https:\/\/www.victorarandagarcia.es\/index.php\/wp-json\/wp\/v2\/posts\/2509"}],"collection":[{"href":"https:\/\/www.victorarandagarcia.es\/index.php\/wp-json\/wp\/v2\/posts"}],"about":[{"href":"https:\/\/www.victorarandagarcia.es\/index.php\/wp-json\/wp\/v2\/types\/post"}],"author":[{"embeddable":true,"href":"https:\/\/www.victorarandagarcia.es\/index.php\/wp-json\/wp\/v2\/users\/1"}],"replies":[{"embeddable":true,"href":"https:\/\/www.victorarandagarcia.es\/index.php\/wp-json\/wp\/v2\/comments?post=2509"}],"version-history":[{"count":1,"href":"https:\/\/www.victorarandagarcia.es\/index.php\/wp-json\/wp\/v2\/posts\/2509\/revisions"}],"predecessor-version":[{"id":2510,"href":"https:\/\/www.victorarandagarcia.es\/index.php\/wp-json\/wp\/v2\/posts\/2509\/revisions\/2510"}],"wp:featuredmedia":[{"embeddable":true,"href":"https:\/\/www.victorarandagarcia.es\/index.php\/wp-json\/wp\/v2\/media\/2484"}],"wp:attachment":[{"href":"https:\/\/www.victorarandagarcia.es\/index.php\/wp-json\/wp\/v2\/media?parent=2509"}],"wp:term":[{"taxonomy":"category","embeddable":true,"href":"https:\/\/www.victorarandagarcia.es\/index.php\/wp-json\/wp\/v2\/categories?post=2509"},{"taxonomy":"post_tag","embeddable":true,"href":"https:\/\/www.victorarandagarcia.es\/index.php\/wp-json\/wp\/v2\/tags?post=2509"}],"curies":[{"name":"wp","href":"https:\/\/api.w.org\/{rel}","templated":true}]}}