{"id":2437,"date":"2020-01-02T14:15:55","date_gmt":"2020-01-02T13:15:55","guid":{"rendered":"https:\/\/www.victorarandagarcia.es\/?p=2437"},"modified":"2020-01-02T14:15:58","modified_gmt":"2020-01-02T13:15:58","slug":"portada-para-el-enmarcador","status":"publish","type":"post","link":"https:\/\/www.victorarandagarcia.es\/index.php\/publicaciones\/portada-para-el-enmarcador\/","title":{"rendered":"Portada para El Enmarcador"},"content":{"rendered":"\n<p>La escritora <strong><a href=\"https:\/\/www.facebook.com\/petra.dindingerbiermann.5\">Petra Didinger<\/a><\/strong> me hizo un encargo especial en 2017: realizar la fotograf\u00eda que ser\u00eda la portada de la novela que estaba preparando. En ella deb\u00edan aparecer varios de los personajes que conforman la trama de <em><strong>&#8216;El enmarcador&#8217;<\/strong><\/em>, empezando por el protagonista de esta historia en su taller. As\u00ed surgi\u00f3 este autorretrato:<\/p>\n\n\n\n<div class=\"wp-block-image\"><figure class=\"aligncenter\"><img data-attachment-id=\"2433\" data-permalink=\"https:\/\/www.victorarandagarcia.es\/fotografia-portada\/\" data-orig-file=\"https:\/\/www.victorarandagarcia.es\/wp-content\/uploads\/fotografia-portada.jpg\" data-orig-size=\"481,720\" data-comments-opened=\"0\" data-image-meta=\"{&quot;aperture&quot;:&quot;0&quot;,&quot;credit&quot;:&quot;&quot;,&quot;camera&quot;:&quot;&quot;,&quot;caption&quot;:&quot;&quot;,&quot;created_timestamp&quot;:&quot;0&quot;,&quot;copyright&quot;:&quot;&quot;,&quot;focal_length&quot;:&quot;0&quot;,&quot;iso&quot;:&quot;0&quot;,&quot;shutter_speed&quot;:&quot;0&quot;,&quot;title&quot;:&quot;&quot;,&quot;orientation&quot;:&quot;0&quot;}\" data-image-title=\"fotografia-portada\" data-image-description=\"\" data-image-caption=\"\" data-medium-file=\"https:\/\/www.victorarandagarcia.es\/wp-content\/uploads\/fotografia-portada-200x300.jpg\" data-large-file=\"https:\/\/www.victorarandagarcia.es\/wp-content\/uploads\/fotografia-portada.jpg\" decoding=\"async\" loading=\"lazy\" width=\"481\" height=\"720\" src=\"https:\/\/www.victorarandagarcia.es\/wp-content\/uploads\/fotografia-portada.jpg\" alt=\"\" class=\"wp-image-2433\" srcset=\"https:\/\/www.victorarandagarcia.es\/wp-content\/uploads\/fotografia-portada.jpg 481w, https:\/\/www.victorarandagarcia.es\/wp-content\/uploads\/fotografia-portada-200x300.jpg 200w\" sizes=\"(max-width: 481px) 100vw, 481px\" \/><\/figure><\/div>\n\n\n\n<p>Editado por <strong><a rel=\"noreferrer noopener\" aria-label=\"ACEN (opens in a new tab)\" href=\"https:\/\/aceneditorial.es\/\" target=\"_blank\">ACEN<\/a><\/strong>, el libro cuenta la historia de Andr\u00e9s, un joven y t\u00edmido gerundense al que acompa\u00f1amos en su evoluci\u00f3n vital a trav\u00e9s de sus p\u00e1ginas junto a una pintora y un marchante de arte en los dif\u00edciles a\u00f1os del franquismo.<\/p>\n\n\n\n<p>La presentaci\u00f3n de la novela tuvo lugar en diciembre de 2017 en la <strong><a href=\"http:\/\/www.argot.es\/\">librer\u00eda Argot<\/a><\/strong> de Castell\u00f3n.<\/p>\n\n\n\n<ul class=\"wp-block-gallery columns-3 is-cropped wp-block-gallery-1 is-layout-flex wp-block-gallery-is-layout-flex\"><li class=\"blocks-gallery-item\"><figure><img data-attachment-id=\"2434\" data-permalink=\"https:\/\/www.victorarandagarcia.es\/presentacion-novela-3\/\" data-orig-file=\"https:\/\/www.victorarandagarcia.es\/wp-content\/uploads\/presentacion-novela-3.jpg\" data-orig-size=\"720,482\" data-comments-opened=\"0\" data-image-meta=\"{&quot;aperture&quot;:&quot;0&quot;,&quot;credit&quot;:&quot;&quot;,&quot;camera&quot;:&quot;&quot;,&quot;caption&quot;:&quot;&quot;,&quot;created_timestamp&quot;:&quot;0&quot;,&quot;copyright&quot;:&quot;&quot;,&quot;focal_length&quot;:&quot;0&quot;,&quot;iso&quot;:&quot;0&quot;,&quot;shutter_speed&quot;:&quot;0&quot;,&quot;title&quot;:&quot;&quot;,&quot;orientation&quot;:&quot;0&quot;}\" data-image-title=\"presentacion-novela-3\" data-image-description=\"\" data-image-caption=\"\" data-medium-file=\"https:\/\/www.victorarandagarcia.es\/wp-content\/uploads\/presentacion-novela-3-300x201.jpg\" data-large-file=\"https:\/\/www.victorarandagarcia.es\/wp-content\/uploads\/presentacion-novela-3.jpg\" decoding=\"async\" loading=\"lazy\" width=\"720\" height=\"482\" src=\"https:\/\/www.victorarandagarcia.es\/wp-content\/uploads\/presentacion-novela-3.jpg\" alt=\"\" data-id=\"2434\" data-link=\"https:\/\/www.victorarandagarcia.es\/presentacion-novela-3\/\" class=\"wp-image-2434\" srcset=\"https:\/\/www.victorarandagarcia.es\/wp-content\/uploads\/presentacion-novela-3.jpg 720w, https:\/\/www.victorarandagarcia.es\/wp-content\/uploads\/presentacion-novela-3-300x201.jpg 300w\" sizes=\"(max-width: 720px) 100vw, 720px\" \/><\/figure><\/li><li class=\"blocks-gallery-item\"><figure><img data-attachment-id=\"2436\" data-permalink=\"https:\/\/www.victorarandagarcia.es\/presentacion-novela-4\/\" data-orig-file=\"https:\/\/www.victorarandagarcia.es\/wp-content\/uploads\/presentacion-novela-4.jpg\" data-orig-size=\"720,482\" data-comments-opened=\"0\" data-image-meta=\"{&quot;aperture&quot;:&quot;0&quot;,&quot;credit&quot;:&quot;&quot;,&quot;camera&quot;:&quot;&quot;,&quot;caption&quot;:&quot;&quot;,&quot;created_timestamp&quot;:&quot;0&quot;,&quot;copyright&quot;:&quot;&quot;,&quot;focal_length&quot;:&quot;0&quot;,&quot;iso&quot;:&quot;0&quot;,&quot;shutter_speed&quot;:&quot;0&quot;,&quot;title&quot;:&quot;&quot;,&quot;orientation&quot;:&quot;0&quot;}\" data-image-title=\"presentacion-novela-4\" data-image-description=\"\" data-image-caption=\"\" data-medium-file=\"https:\/\/www.victorarandagarcia.es\/wp-content\/uploads\/presentacion-novela-4-300x201.jpg\" data-large-file=\"https:\/\/www.victorarandagarcia.es\/wp-content\/uploads\/presentacion-novela-4.jpg\" decoding=\"async\" loading=\"lazy\" width=\"720\" height=\"482\" src=\"https:\/\/www.victorarandagarcia.es\/wp-content\/uploads\/presentacion-novela-4.jpg\" alt=\"\" data-id=\"2436\" data-link=\"https:\/\/www.victorarandagarcia.es\/presentacion-novela-4\/\" class=\"wp-image-2436\" srcset=\"https:\/\/www.victorarandagarcia.es\/wp-content\/uploads\/presentacion-novela-4.jpg 720w, https:\/\/www.victorarandagarcia.es\/wp-content\/uploads\/presentacion-novela-4-300x201.jpg 300w\" sizes=\"(max-width: 720px) 100vw, 720px\" \/><\/figure><\/li><li class=\"blocks-gallery-item\"><figure><img data-attachment-id=\"2431\" data-permalink=\"https:\/\/www.victorarandagarcia.es\/firma-libro\/\" data-orig-file=\"https:\/\/www.victorarandagarcia.es\/wp-content\/uploads\/firma-libro.jpg\" data-orig-size=\"720,482\" data-comments-opened=\"0\" data-image-meta=\"{&quot;aperture&quot;:&quot;0&quot;,&quot;credit&quot;:&quot;&quot;,&quot;camera&quot;:&quot;&quot;,&quot;caption&quot;:&quot;&quot;,&quot;created_timestamp&quot;:&quot;0&quot;,&quot;copyright&quot;:&quot;&quot;,&quot;focal_length&quot;:&quot;0&quot;,&quot;iso&quot;:&quot;0&quot;,&quot;shutter_speed&quot;:&quot;0&quot;,&quot;title&quot;:&quot;&quot;,&quot;orientation&quot;:&quot;0&quot;}\" data-image-title=\"firma-libro\" data-image-description=\"\" data-image-caption=\"\" data-medium-file=\"https:\/\/www.victorarandagarcia.es\/wp-content\/uploads\/firma-libro-300x201.jpg\" data-large-file=\"https:\/\/www.victorarandagarcia.es\/wp-content\/uploads\/firma-libro.jpg\" decoding=\"async\" loading=\"lazy\" width=\"720\" height=\"482\" src=\"https:\/\/www.victorarandagarcia.es\/wp-content\/uploads\/firma-libro.jpg\" alt=\"\" data-id=\"2431\" data-link=\"https:\/\/www.victorarandagarcia.es\/firma-libro\/\" class=\"wp-image-2431\" srcset=\"https:\/\/www.victorarandagarcia.es\/wp-content\/uploads\/firma-libro.jpg 720w, https:\/\/www.victorarandagarcia.es\/wp-content\/uploads\/firma-libro-300x201.jpg 300w\" sizes=\"(max-width: 720px) 100vw, 720px\" \/><\/figure><\/li><\/ul>\n\n\n\n<p><strong><em>&#8216;El Enmarcador&#8217;<\/em><\/strong> puede adquirirse directamente a trav\u00e9s de la web de la <strong>editorial ACEN<\/strong> y tambi\u00e9n en la <strong><a href=\"http:\/\/www.argot.es\/\">librer\u00eda Argot<\/a><\/strong>.<\/p>\n\n\n\n<ul class=\"wp-block-gallery columns-2 is-cropped wp-block-gallery-3 is-layout-flex wp-block-gallery-is-layout-flex\"><li class=\"blocks-gallery-item\"><figure><img data-attachment-id=\"2432\" data-permalink=\"https:\/\/www.victorarandagarcia.es\/presentacion-novela-1\/\" data-orig-file=\"https:\/\/www.victorarandagarcia.es\/wp-content\/uploads\/presentacion-novela-1.jpg\" data-orig-size=\"720,482\" data-comments-opened=\"0\" data-image-meta=\"{&quot;aperture&quot;:&quot;0&quot;,&quot;credit&quot;:&quot;&quot;,&quot;camera&quot;:&quot;&quot;,&quot;caption&quot;:&quot;&quot;,&quot;created_timestamp&quot;:&quot;0&quot;,&quot;copyright&quot;:&quot;&quot;,&quot;focal_length&quot;:&quot;0&quot;,&quot;iso&quot;:&quot;0&quot;,&quot;shutter_speed&quot;:&quot;0&quot;,&quot;title&quot;:&quot;&quot;,&quot;orientation&quot;:&quot;0&quot;}\" data-image-title=\"presentacion-novela-1\" data-image-description=\"\" data-image-caption=\"\" data-medium-file=\"https:\/\/www.victorarandagarcia.es\/wp-content\/uploads\/presentacion-novela-1-300x201.jpg\" data-large-file=\"https:\/\/www.victorarandagarcia.es\/wp-content\/uploads\/presentacion-novela-1.jpg\" decoding=\"async\" loading=\"lazy\" width=\"720\" height=\"482\" src=\"https:\/\/www.victorarandagarcia.es\/wp-content\/uploads\/presentacion-novela-1.jpg\" alt=\"\" data-id=\"2432\" data-link=\"https:\/\/www.victorarandagarcia.es\/presentacion-novela-1\/\" class=\"wp-image-2432\" srcset=\"https:\/\/www.victorarandagarcia.es\/wp-content\/uploads\/presentacion-novela-1.jpg 720w, https:\/\/www.victorarandagarcia.es\/wp-content\/uploads\/presentacion-novela-1-300x201.jpg 300w\" sizes=\"(max-width: 720px) 100vw, 720px\" \/><\/figure><\/li><li class=\"blocks-gallery-item\"><figure><img data-attachment-id=\"2435\" data-permalink=\"https:\/\/www.victorarandagarcia.es\/novela-el-enmarcador\/\" data-orig-file=\"https:\/\/www.victorarandagarcia.es\/wp-content\/uploads\/novela-el-enmarcador.jpg\" data-orig-size=\"720,482\" data-comments-opened=\"0\" data-image-meta=\"{&quot;aperture&quot;:&quot;0&quot;,&quot;credit&quot;:&quot;&quot;,&quot;camera&quot;:&quot;&quot;,&quot;caption&quot;:&quot;&quot;,&quot;created_timestamp&quot;:&quot;0&quot;,&quot;copyright&quot;:&quot;&quot;,&quot;focal_length&quot;:&quot;0&quot;,&quot;iso&quot;:&quot;0&quot;,&quot;shutter_speed&quot;:&quot;0&quot;,&quot;title&quot;:&quot;&quot;,&quot;orientation&quot;:&quot;0&quot;}\" data-image-title=\"novela-el-enmarcador\" data-image-description=\"\" data-image-caption=\"\" data-medium-file=\"https:\/\/www.victorarandagarcia.es\/wp-content\/uploads\/novela-el-enmarcador-300x201.jpg\" data-large-file=\"https:\/\/www.victorarandagarcia.es\/wp-content\/uploads\/novela-el-enmarcador.jpg\" decoding=\"async\" loading=\"lazy\" width=\"720\" height=\"482\" src=\"https:\/\/www.victorarandagarcia.es\/wp-content\/uploads\/novela-el-enmarcador.jpg\" alt=\"\" data-id=\"2435\" data-link=\"https:\/\/www.victorarandagarcia.es\/novela-el-enmarcador\/\" class=\"wp-image-2435\" srcset=\"https:\/\/www.victorarandagarcia.es\/wp-content\/uploads\/novela-el-enmarcador.jpg 720w, https:\/\/www.victorarandagarcia.es\/wp-content\/uploads\/novela-el-enmarcador-300x201.jpg 300w\" sizes=\"(max-width: 720px) 100vw, 720px\" \/><\/figure><\/li><\/ul>\n","protected":false},"excerpt":{"rendered":"<p>La escritora Petra Didinger me hizo un encargo especial en 2017: realizar la fotograf\u00eda que ser\u00eda la portada de la novela que estaba preparando. En ella deb\u00edan aparecer varios de los personajes que conforman la trama de &#8216;El enmarcador&#8217;, empezando por el protagonista de esta historia en su taller. &hellip; <a href=\"https:\/\/www.victorarandagarcia.es\/index.php\/publicaciones\/portada-para-el-enmarcador\/\" class=\"more-link\"><span>Continuar<span class=\"screen-reader-text\">Portada para El Enmarcador<\/span><\/span><\/a><\/p>\n","protected":false},"author":1,"featured_media":2433,"comment_status":"closed","ping_status":"open","sticky":false,"template":"","format":"standard","meta":{"jetpack_post_was_ever_published":false,"_jetpack_newsletter_access":"","_jetpack_dont_email_post_to_subs":false,"_jetpack_newsletter_tier_id":0,"_jetpack_memberships_contains_paywalled_content":false,"footnotes":"","_jetpack_memberships_contains_paid_content":false},"categories":[84,83],"tags":[79],"yoast_head":"<!-- This site is optimized with the Yoast SEO plugin v22.6 - https:\/\/yoast.com\/wordpress\/plugins\/seo\/ -->\n<title>Portada para El Enmarcador - arte y estudio<\/title>\n<meta name=\"robots\" content=\"index, follow, max-snippet:-1, max-image-preview:large, max-video-preview:-1\" \/>\n<link rel=\"canonical\" href=\"https:\/\/www.victorarandagarcia.es\/index.php\/publicaciones\/portada-para-el-enmarcador\/\" \/>\n<meta property=\"og:locale\" content=\"es_ES\" \/>\n<meta property=\"og:type\" content=\"article\" \/>\n<meta property=\"og:title\" content=\"Portada para El Enmarcador - arte y estudio\" \/>\n<meta property=\"og:description\" content=\"La escritora Petra Didinger me hizo un encargo especial en 2017: realizar la fotograf\u00eda que ser\u00eda la portada de la novela que estaba preparando. En ella deb\u00edan aparecer varios de los personajes que conforman la trama de &#039;El enmarcador&#039;, empezando por el protagonista de esta historia en su taller. &hellip; ContinuarPortada para El Enmarcador\" \/>\n<meta property=\"og:url\" content=\"https:\/\/www.victorarandagarcia.es\/index.php\/publicaciones\/portada-para-el-enmarcador\/\" \/>\n<meta property=\"og:site_name\" content=\"arte y estudio\" \/>\n<meta property=\"article:published_time\" content=\"2020-01-02T13:15:55+00:00\" \/>\n<meta property=\"article:modified_time\" content=\"2020-01-02T13:15:58+00:00\" \/>\n<meta property=\"og:image\" content=\"https:\/\/www.victorarandagarcia.es\/wp-content\/uploads\/fotografia-portada.jpg\" \/>\n\t<meta property=\"og:image:width\" content=\"481\" \/>\n\t<meta property=\"og:image:height\" content=\"720\" \/>\n\t<meta property=\"og:image:type\" content=\"image\/jpeg\" \/>\n<meta name=\"author\" content=\"victorarandagarcia\" \/>\n<meta name=\"twitter:card\" content=\"summary_large_image\" \/>\n<meta name=\"twitter:label1\" content=\"Escrito por\" \/>\n\t<meta name=\"twitter:data1\" content=\"victorarandagarcia\" \/>\n\t<meta name=\"twitter:label2\" content=\"Tiempo de lectura\" \/>\n\t<meta name=\"twitter:data2\" content=\"1 minuto\" \/>\n<script type=\"application\/ld+json\" class=\"yoast-schema-graph\">{\"@context\":\"https:\/\/schema.org\",\"@graph\":[{\"@type\":\"Article\",\"@id\":\"https:\/\/www.victorarandagarcia.es\/index.php\/publicaciones\/portada-para-el-enmarcador\/#article\",\"isPartOf\":{\"@id\":\"https:\/\/www.victorarandagarcia.es\/index.php\/publicaciones\/portada-para-el-enmarcador\/\"},\"author\":{\"name\":\"victorarandagarcia\",\"@id\":\"https:\/\/www.victorarandagarcia.es\/#\/schema\/person\/bfa9c61a3776d517deeee5f9386ef302\"},\"headline\":\"Portada para El Enmarcador\",\"datePublished\":\"2020-01-02T13:15:55+00:00\",\"dateModified\":\"2020-01-02T13:15:58+00:00\",\"mainEntityOfPage\":{\"@id\":\"https:\/\/www.victorarandagarcia.es\/index.php\/publicaciones\/portada-para-el-enmarcador\/\"},\"wordCount\":151,\"publisher\":{\"@id\":\"https:\/\/www.victorarandagarcia.es\/#organization\"},\"image\":{\"@id\":\"https:\/\/www.victorarandagarcia.es\/index.php\/publicaciones\/portada-para-el-enmarcador\/#primaryimage\"},\"thumbnailUrl\":\"https:\/\/www.victorarandagarcia.es\/wp-content\/uploads\/fotografia-portada.jpg\",\"keywords\":[\"publicaciones\"],\"articleSection\":[\"LIBROS Y REVISTAS\",\"PUBLICACIONES\"],\"inLanguage\":\"es\"},{\"@type\":\"WebPage\",\"@id\":\"https:\/\/www.victorarandagarcia.es\/index.php\/publicaciones\/portada-para-el-enmarcador\/\",\"url\":\"https:\/\/www.victorarandagarcia.es\/index.php\/publicaciones\/portada-para-el-enmarcador\/\",\"name\":\"Portada para El Enmarcador - arte y estudio\",\"isPartOf\":{\"@id\":\"https:\/\/www.victorarandagarcia.es\/#website\"},\"primaryImageOfPage\":{\"@id\":\"https:\/\/www.victorarandagarcia.es\/index.php\/publicaciones\/portada-para-el-enmarcador\/#primaryimage\"},\"image\":{\"@id\":\"https:\/\/www.victorarandagarcia.es\/index.php\/publicaciones\/portada-para-el-enmarcador\/#primaryimage\"},\"thumbnailUrl\":\"https:\/\/www.victorarandagarcia.es\/wp-content\/uploads\/fotografia-portada.jpg\",\"datePublished\":\"2020-01-02T13:15:55+00:00\",\"dateModified\":\"2020-01-02T13:15:58+00:00\",\"breadcrumb\":{\"@id\":\"https:\/\/www.victorarandagarcia.es\/index.php\/publicaciones\/portada-para-el-enmarcador\/#breadcrumb\"},\"inLanguage\":\"es\",\"potentialAction\":[{\"@type\":\"ReadAction\",\"target\":[\"https:\/\/www.victorarandagarcia.es\/index.php\/publicaciones\/portada-para-el-enmarcador\/\"]}]},{\"@type\":\"ImageObject\",\"inLanguage\":\"es\",\"@id\":\"https:\/\/www.victorarandagarcia.es\/index.php\/publicaciones\/portada-para-el-enmarcador\/#primaryimage\",\"url\":\"https:\/\/www.victorarandagarcia.es\/wp-content\/uploads\/fotografia-portada.jpg\",\"contentUrl\":\"https:\/\/www.victorarandagarcia.es\/wp-content\/uploads\/fotografia-portada.jpg\",\"width\":481,\"height\":720},{\"@type\":\"BreadcrumbList\",\"@id\":\"https:\/\/www.victorarandagarcia.es\/index.php\/publicaciones\/portada-para-el-enmarcador\/#breadcrumb\",\"itemListElement\":[{\"@type\":\"ListItem\",\"position\":1,\"name\":\"Portada\",\"item\":\"https:\/\/www.victorarandagarcia.es\/\"},{\"@type\":\"ListItem\",\"position\":2,\"name\":\"Portada para El Enmarcador\"}]},{\"@type\":\"WebSite\",\"@id\":\"https:\/\/www.victorarandagarcia.es\/#website\",\"url\":\"https:\/\/www.victorarandagarcia.es\/\",\"name\":\"arte y estudio\",\"description\":\"Fot\u00f3grafo\",\"publisher\":{\"@id\":\"https:\/\/www.victorarandagarcia.es\/#organization\"},\"potentialAction\":[{\"@type\":\"SearchAction\",\"target\":{\"@type\":\"EntryPoint\",\"urlTemplate\":\"https:\/\/www.victorarandagarcia.es\/?s={search_term_string}\"},\"query-input\":\"required name=search_term_string\"}],\"inLanguage\":\"es\"},{\"@type\":\"Organization\",\"@id\":\"https:\/\/www.victorarandagarcia.es\/#organization\",\"name\":\"arte y estudio\",\"url\":\"https:\/\/www.victorarandagarcia.es\/\",\"logo\":{\"@type\":\"ImageObject\",\"inLanguage\":\"es\",\"@id\":\"https:\/\/www.victorarandagarcia.es\/#\/schema\/logo\/image\/\",\"url\":\"https:\/\/www.victorarandagarcia.es\/wp-content\/uploads\/2019\/03\/logo-fotografo.png\",\"contentUrl\":\"https:\/\/www.victorarandagarcia.es\/wp-content\/uploads\/2019\/03\/logo-fotografo.png\",\"width\":150,\"height\":150,\"caption\":\"arte y estudio\"},\"image\":{\"@id\":\"https:\/\/www.victorarandagarcia.es\/#\/schema\/logo\/image\/\"}},{\"@type\":\"Person\",\"@id\":\"https:\/\/www.victorarandagarcia.es\/#\/schema\/person\/bfa9c61a3776d517deeee5f9386ef302\",\"name\":\"victorarandagarcia\",\"image\":{\"@type\":\"ImageObject\",\"inLanguage\":\"es\",\"@id\":\"https:\/\/www.victorarandagarcia.es\/#\/schema\/person\/image\/\",\"url\":\"https:\/\/secure.gravatar.com\/avatar\/957a01ac23a6393e755ae8225c35dbdb?s=96&d=mm&r=g\",\"contentUrl\":\"https:\/\/secure.gravatar.com\/avatar\/957a01ac23a6393e755ae8225c35dbdb?s=96&d=mm&r=g\",\"caption\":\"victorarandagarcia\"}}]}<\/script>\n<!-- \/ Yoast SEO plugin. -->","yoast_head_json":{"title":"Portada para El Enmarcador - arte y estudio","robots":{"index":"index","follow":"follow","max-snippet":"max-snippet:-1","max-image-preview":"max-image-preview:large","max-video-preview":"max-video-preview:-1"},"canonical":"https:\/\/www.victorarandagarcia.es\/index.php\/publicaciones\/portada-para-el-enmarcador\/","og_locale":"es_ES","og_type":"article","og_title":"Portada para El Enmarcador - arte y estudio","og_description":"La escritora Petra Didinger me hizo un encargo especial en 2017: realizar la fotograf\u00eda que ser\u00eda la portada de la novela que estaba preparando. En ella deb\u00edan aparecer varios de los personajes que conforman la trama de 'El enmarcador', empezando por el protagonista de esta historia en su taller. &hellip; ContinuarPortada para El Enmarcador","og_url":"https:\/\/www.victorarandagarcia.es\/index.php\/publicaciones\/portada-para-el-enmarcador\/","og_site_name":"arte y estudio","article_published_time":"2020-01-02T13:15:55+00:00","article_modified_time":"2020-01-02T13:15:58+00:00","og_image":[{"width":481,"height":720,"url":"https:\/\/www.victorarandagarcia.es\/wp-content\/uploads\/fotografia-portada.jpg","type":"image\/jpeg"}],"author":"victorarandagarcia","twitter_card":"summary_large_image","twitter_misc":{"Escrito por":"victorarandagarcia","Tiempo de lectura":"1 minuto"},"schema":{"@context":"https:\/\/schema.org","@graph":[{"@type":"Article","@id":"https:\/\/www.victorarandagarcia.es\/index.php\/publicaciones\/portada-para-el-enmarcador\/#article","isPartOf":{"@id":"https:\/\/www.victorarandagarcia.es\/index.php\/publicaciones\/portada-para-el-enmarcador\/"},"author":{"name":"victorarandagarcia","@id":"https:\/\/www.victorarandagarcia.es\/#\/schema\/person\/bfa9c61a3776d517deeee5f9386ef302"},"headline":"Portada para El Enmarcador","datePublished":"2020-01-02T13:15:55+00:00","dateModified":"2020-01-02T13:15:58+00:00","mainEntityOfPage":{"@id":"https:\/\/www.victorarandagarcia.es\/index.php\/publicaciones\/portada-para-el-enmarcador\/"},"wordCount":151,"publisher":{"@id":"https:\/\/www.victorarandagarcia.es\/#organization"},"image":{"@id":"https:\/\/www.victorarandagarcia.es\/index.php\/publicaciones\/portada-para-el-enmarcador\/#primaryimage"},"thumbnailUrl":"https:\/\/www.victorarandagarcia.es\/wp-content\/uploads\/fotografia-portada.jpg","keywords":["publicaciones"],"articleSection":["LIBROS Y REVISTAS","PUBLICACIONES"],"inLanguage":"es"},{"@type":"WebPage","@id":"https:\/\/www.victorarandagarcia.es\/index.php\/publicaciones\/portada-para-el-enmarcador\/","url":"https:\/\/www.victorarandagarcia.es\/index.php\/publicaciones\/portada-para-el-enmarcador\/","name":"Portada para El Enmarcador - arte y estudio","isPartOf":{"@id":"https:\/\/www.victorarandagarcia.es\/#website"},"primaryImageOfPage":{"@id":"https:\/\/www.victorarandagarcia.es\/index.php\/publicaciones\/portada-para-el-enmarcador\/#primaryimage"},"image":{"@id":"https:\/\/www.victorarandagarcia.es\/index.php\/publicaciones\/portada-para-el-enmarcador\/#primaryimage"},"thumbnailUrl":"https:\/\/www.victorarandagarcia.es\/wp-content\/uploads\/fotografia-portada.jpg","datePublished":"2020-01-02T13:15:55+00:00","dateModified":"2020-01-02T13:15:58+00:00","breadcrumb":{"@id":"https:\/\/www.victorarandagarcia.es\/index.php\/publicaciones\/portada-para-el-enmarcador\/#breadcrumb"},"inLanguage":"es","potentialAction":[{"@type":"ReadAction","target":["https:\/\/www.victorarandagarcia.es\/index.php\/publicaciones\/portada-para-el-enmarcador\/"]}]},{"@type":"ImageObject","inLanguage":"es","@id":"https:\/\/www.victorarandagarcia.es\/index.php\/publicaciones\/portada-para-el-enmarcador\/#primaryimage","url":"https:\/\/www.victorarandagarcia.es\/wp-content\/uploads\/fotografia-portada.jpg","contentUrl":"https:\/\/www.victorarandagarcia.es\/wp-content\/uploads\/fotografia-portada.jpg","width":481,"height":720},{"@type":"BreadcrumbList","@id":"https:\/\/www.victorarandagarcia.es\/index.php\/publicaciones\/portada-para-el-enmarcador\/#breadcrumb","itemListElement":[{"@type":"ListItem","position":1,"name":"Portada","item":"https:\/\/www.victorarandagarcia.es\/"},{"@type":"ListItem","position":2,"name":"Portada para El Enmarcador"}]},{"@type":"WebSite","@id":"https:\/\/www.victorarandagarcia.es\/#website","url":"https:\/\/www.victorarandagarcia.es\/","name":"arte y estudio","description":"Fot\u00f3grafo","publisher":{"@id":"https:\/\/www.victorarandagarcia.es\/#organization"},"potentialAction":[{"@type":"SearchAction","target":{"@type":"EntryPoint","urlTemplate":"https:\/\/www.victorarandagarcia.es\/?s={search_term_string}"},"query-input":"required name=search_term_string"}],"inLanguage":"es"},{"@type":"Organization","@id":"https:\/\/www.victorarandagarcia.es\/#organization","name":"arte y estudio","url":"https:\/\/www.victorarandagarcia.es\/","logo":{"@type":"ImageObject","inLanguage":"es","@id":"https:\/\/www.victorarandagarcia.es\/#\/schema\/logo\/image\/","url":"https:\/\/www.victorarandagarcia.es\/wp-content\/uploads\/2019\/03\/logo-fotografo.png","contentUrl":"https:\/\/www.victorarandagarcia.es\/wp-content\/uploads\/2019\/03\/logo-fotografo.png","width":150,"height":150,"caption":"arte y estudio"},"image":{"@id":"https:\/\/www.victorarandagarcia.es\/#\/schema\/logo\/image\/"}},{"@type":"Person","@id":"https:\/\/www.victorarandagarcia.es\/#\/schema\/person\/bfa9c61a3776d517deeee5f9386ef302","name":"victorarandagarcia","image":{"@type":"ImageObject","inLanguage":"es","@id":"https:\/\/www.victorarandagarcia.es\/#\/schema\/person\/image\/","url":"https:\/\/secure.gravatar.com\/avatar\/957a01ac23a6393e755ae8225c35dbdb?s=96&d=mm&r=g","contentUrl":"https:\/\/secure.gravatar.com\/avatar\/957a01ac23a6393e755ae8225c35dbdb?s=96&d=mm&r=g","caption":"victorarandagarcia"}}]}},"jetpack_featured_media_url":"https:\/\/www.victorarandagarcia.es\/wp-content\/uploads\/fotografia-portada.jpg","jetpack_sharing_enabled":true,"_links":{"self":[{"href":"https:\/\/www.victorarandagarcia.es\/index.php\/wp-json\/wp\/v2\/posts\/2437"}],"collection":[{"href":"https:\/\/www.victorarandagarcia.es\/index.php\/wp-json\/wp\/v2\/posts"}],"about":[{"href":"https:\/\/www.victorarandagarcia.es\/index.php\/wp-json\/wp\/v2\/types\/post"}],"author":[{"embeddable":true,"href":"https:\/\/www.victorarandagarcia.es\/index.php\/wp-json\/wp\/v2\/users\/1"}],"replies":[{"embeddable":true,"href":"https:\/\/www.victorarandagarcia.es\/index.php\/wp-json\/wp\/v2\/comments?post=2437"}],"version-history":[{"count":1,"href":"https:\/\/www.victorarandagarcia.es\/index.php\/wp-json\/wp\/v2\/posts\/2437\/revisions"}],"predecessor-version":[{"id":2438,"href":"https:\/\/www.victorarandagarcia.es\/index.php\/wp-json\/wp\/v2\/posts\/2437\/revisions\/2438"}],"wp:featuredmedia":[{"embeddable":true,"href":"https:\/\/www.victorarandagarcia.es\/index.php\/wp-json\/wp\/v2\/media\/2433"}],"wp:attachment":[{"href":"https:\/\/www.victorarandagarcia.es\/index.php\/wp-json\/wp\/v2\/media?parent=2437"}],"wp:term":[{"taxonomy":"category","embeddable":true,"href":"https:\/\/www.victorarandagarcia.es\/index.php\/wp-json\/wp\/v2\/categories?post=2437"},{"taxonomy":"post_tag","embeddable":true,"href":"https:\/\/www.victorarandagarcia.es\/index.php\/wp-json\/wp\/v2\/tags?post=2437"}],"curies":[{"name":"wp","href":"https:\/\/api.w.org\/{rel}","templated":true}]}}