{"id":2411,"date":"2020-01-02T11:13:18","date_gmt":"2020-01-02T10:13:18","guid":{"rendered":"https:\/\/www.victorarandagarcia.es\/?p=2411"},"modified":"2020-01-02T11:42:36","modified_gmt":"2020-01-02T10:42:36","slug":"cuando-la-vida-se-pone-perra","status":"publish","type":"post","link":"https:\/\/www.victorarandagarcia.es\/index.php\/publicaciones\/libros-y-revistas\/cuando-la-vida-se-pone-perra\/","title":{"rendered":"Cuando la vida se pone perra"},"content":{"rendered":"\n<ul class=\"wp-block-gallery columns-2 is-cropped wp-block-gallery-1 is-layout-flex wp-block-gallery-is-layout-flex\"><li class=\"blocks-gallery-item\"><figure><img data-attachment-id=\"2413\" data-permalink=\"https:\/\/www.victorarandagarcia.es\/cuandolavidaseponeperra\/\" data-orig-file=\"https:\/\/www.victorarandagarcia.es\/wp-content\/uploads\/cuandolavidaseponeperra.jpg\" data-orig-size=\"224,320\" data-comments-opened=\"0\" data-image-meta=\"{&quot;aperture&quot;:&quot;0&quot;,&quot;credit&quot;:&quot;&quot;,&quot;camera&quot;:&quot;&quot;,&quot;caption&quot;:&quot;&quot;,&quot;created_timestamp&quot;:&quot;0&quot;,&quot;copyright&quot;:&quot;&quot;,&quot;focal_length&quot;:&quot;0&quot;,&quot;iso&quot;:&quot;0&quot;,&quot;shutter_speed&quot;:&quot;0&quot;,&quot;title&quot;:&quot;&quot;,&quot;orientation&quot;:&quot;0&quot;}\" data-image-title=\"cuandolavidaseponeperra\" data-image-description=\"&lt;p&gt;Portada del libro de Miguel Torija &#8216;Cuando la vida se pone perra&#8217; (Unaria 2013)&lt;\/p&gt;\n\" data-image-caption=\"\" data-medium-file=\"https:\/\/www.victorarandagarcia.es\/wp-content\/uploads\/cuandolavidaseponeperra-210x300.jpg\" data-large-file=\"https:\/\/www.victorarandagarcia.es\/wp-content\/uploads\/cuandolavidaseponeperra.jpg\" decoding=\"async\" loading=\"lazy\" width=\"224\" height=\"320\" src=\"https:\/\/www.victorarandagarcia.es\/wp-content\/uploads\/cuandolavidaseponeperra.jpg\" alt=\"Portada de un libro con una fotograf\u00eda en blanco y negro del pie de un trabajador acostado sobre un mont\u00f3n de ladrillos\" data-id=\"2413\" data-link=\"https:\/\/www.victorarandagarcia.es\/cuandolavidaseponeperra\/\" class=\"wp-image-2413\" srcset=\"https:\/\/www.victorarandagarcia.es\/wp-content\/uploads\/cuandolavidaseponeperra.jpg 224w, https:\/\/www.victorarandagarcia.es\/wp-content\/uploads\/cuandolavidaseponeperra-210x300.jpg 210w\" sizes=\"(max-width: 224px) 100vw, 224px\" \/><\/figure><\/li><li class=\"blocks-gallery-item\"><figure><img data-attachment-id=\"2417\" data-permalink=\"https:\/\/www.victorarandagarcia.es\/2013-04-18_4734\/\" data-orig-file=\"https:\/\/www.victorarandagarcia.es\/wp-content\/uploads\/2013-04-18_4734.jpg\" data-orig-size=\"700,1050\" data-comments-opened=\"0\" data-image-meta=\"{&quot;aperture&quot;:&quot;0&quot;,&quot;credit&quot;:&quot;&quot;,&quot;camera&quot;:&quot;&quot;,&quot;caption&quot;:&quot;&quot;,&quot;created_timestamp&quot;:&quot;0&quot;,&quot;copyright&quot;:&quot;&quot;,&quot;focal_length&quot;:&quot;0&quot;,&quot;iso&quot;:&quot;0&quot;,&quot;shutter_speed&quot;:&quot;0&quot;,&quot;title&quot;:&quot;&quot;,&quot;orientation&quot;:&quot;0&quot;}\" data-image-title=\"2013-04-18_4734\" data-image-description=\"&lt;p&gt;Presentaci\u00f3n en Castell\u00f3n del libro &#8216;Cuando la vida se pone perra&#8217; (abril 2013)&lt;\/p&gt;\n\" data-image-caption=\"\" data-medium-file=\"https:\/\/www.victorarandagarcia.es\/wp-content\/uploads\/2013-04-18_4734-200x300.jpg\" data-large-file=\"https:\/\/www.victorarandagarcia.es\/wp-content\/uploads\/2013-04-18_4734-683x1024.jpg\" decoding=\"async\" loading=\"lazy\" width=\"683\" height=\"1024\" src=\"https:\/\/www.victorarandagarcia.es\/wp-content\/uploads\/2013-04-18_4734-683x1024.jpg\" alt=\"Fotograf\u00eda de un expositor con los libros de Miguel Torija en la librer\u00eda Argot de Castell\u00f3n\" data-id=\"2417\" data-link=\"https:\/\/www.victorarandagarcia.es\/2013-04-18_4734\/\" class=\"wp-image-2417\" srcset=\"https:\/\/www.victorarandagarcia.es\/wp-content\/uploads\/2013-04-18_4734-683x1024.jpg 683w, https:\/\/www.victorarandagarcia.es\/wp-content\/uploads\/2013-04-18_4734-200x300.jpg 200w, https:\/\/www.victorarandagarcia.es\/wp-content\/uploads\/2013-04-18_4734.jpg 700w\" sizes=\"(max-width: 683px) 100vw, 683px\" \/><\/figure><\/li><\/ul>\n\n\n\n<p>En la primavera de 2013 se publica <em><strong>&#8216;Cuando la vida se pone perra&#8217;<\/strong><\/em> el libro del escritor <strong><a href=\"http:\/\/lacolinanaranja.blogspot.com\/\">Miguel Torija<\/a><\/strong> que est\u00e1 ilustrado con algunas de mis fotograf\u00edas, incluyendo la que hace de portada.<\/p>\n\n\n\n<p>La presentaci\u00f3n del libro tiene lugar en la <strong><a href=\"http:\/\/www.argot.es\/\">librer\u00eda Argot<\/a><\/strong> de Castell\u00f3n en abril de 2013 junto a la editora <strong><a href=\"http:\/\/unariaediciones.com\/\">Amelia D\u00edaz<\/a><\/strong> y la escritora <strong><a href=\"http:\/\/www.rosarioraro.net\/\">Rosario Raro<\/a><\/strong>.<\/p>\n\n\n\n<ul class=\"wp-block-gallery columns-3 is-cropped wp-block-gallery-3 is-layout-flex wp-block-gallery-is-layout-flex\"><li class=\"blocks-gallery-item\"><figure><img data-attachment-id=\"2418\" data-permalink=\"https:\/\/www.victorarandagarcia.es\/presentacion_3\/\" data-orig-file=\"https:\/\/www.victorarandagarcia.es\/wp-content\/uploads\/presentacion_3.jpg\" data-orig-size=\"1200,900\" data-comments-opened=\"0\" data-image-meta=\"{&quot;aperture&quot;:&quot;0&quot;,&quot;credit&quot;:&quot;&quot;,&quot;camera&quot;:&quot;&quot;,&quot;caption&quot;:&quot;&quot;,&quot;created_timestamp&quot;:&quot;0&quot;,&quot;copyright&quot;:&quot;&quot;,&quot;focal_length&quot;:&quot;0&quot;,&quot;iso&quot;:&quot;0&quot;,&quot;shutter_speed&quot;:&quot;0&quot;,&quot;title&quot;:&quot;&quot;,&quot;orientation&quot;:&quot;0&quot;}\" data-image-title=\"presentacion_3\" data-image-description=\"&lt;p&gt;Presentaci\u00f3n en Castell\u00f3n del libro &#8216;Cuando la vida se pone perra&#8217; (abril 2013)&lt;\/p&gt;\n\" data-image-caption=\"\" data-medium-file=\"https:\/\/www.victorarandagarcia.es\/wp-content\/uploads\/presentacion_3-300x225.jpg\" data-large-file=\"https:\/\/www.victorarandagarcia.es\/wp-content\/uploads\/presentacion_3-1024x768.jpg\" decoding=\"async\" loading=\"lazy\" width=\"1024\" height=\"768\" src=\"https:\/\/www.victorarandagarcia.es\/wp-content\/uploads\/presentacion_3-1024x768.jpg\" alt=\"Fotograf\u00eda de la editora Amelia D\u00edaz junto al escritor Miguel Torija, el fot\u00f3grafo V\u00edctor Aranda y la escritora Rosario Raro\" data-id=\"2418\" data-link=\"https:\/\/www.victorarandagarcia.es\/presentacion_3\/\" class=\"wp-image-2418\" srcset=\"https:\/\/www.victorarandagarcia.es\/wp-content\/uploads\/presentacion_3-1024x768.jpg 1024w, https:\/\/www.victorarandagarcia.es\/wp-content\/uploads\/presentacion_3-300x225.jpg 300w, https:\/\/www.victorarandagarcia.es\/wp-content\/uploads\/presentacion_3-768x576.jpg 768w, https:\/\/www.victorarandagarcia.es\/wp-content\/uploads\/presentacion_3.jpg 1200w\" sizes=\"(max-width: 1024px) 100vw, 1024px\" \/><\/figure><\/li><li class=\"blocks-gallery-item\"><figure><img data-attachment-id=\"2419\" data-permalink=\"https:\/\/www.victorarandagarcia.es\/presentacion_2\/\" data-orig-file=\"https:\/\/www.victorarandagarcia.es\/wp-content\/uploads\/presentacion_2.jpg\" data-orig-size=\"1200,629\" data-comments-opened=\"0\" data-image-meta=\"{&quot;aperture&quot;:&quot;0&quot;,&quot;credit&quot;:&quot;&quot;,&quot;camera&quot;:&quot;&quot;,&quot;caption&quot;:&quot;&quot;,&quot;created_timestamp&quot;:&quot;0&quot;,&quot;copyright&quot;:&quot;&quot;,&quot;focal_length&quot;:&quot;0&quot;,&quot;iso&quot;:&quot;0&quot;,&quot;shutter_speed&quot;:&quot;0&quot;,&quot;title&quot;:&quot;&quot;,&quot;orientation&quot;:&quot;0&quot;}\" data-image-title=\"presentacion_2\" data-image-description=\"&lt;p&gt;Presentaci\u00f3n en Castell\u00f3n del libro &#8216;Cuando la vida se pone perra&#8217; (abril 2013)&lt;\/p&gt;\n\" data-image-caption=\"\" data-medium-file=\"https:\/\/www.victorarandagarcia.es\/wp-content\/uploads\/presentacion_2-300x157.jpg\" data-large-file=\"https:\/\/www.victorarandagarcia.es\/wp-content\/uploads\/presentacion_2-1024x537.jpg\" decoding=\"async\" loading=\"lazy\" width=\"1024\" height=\"537\" src=\"https:\/\/www.victorarandagarcia.es\/wp-content\/uploads\/presentacion_2-1024x537.jpg\" alt=\"Fotograf\u00eda del p\u00fablico asistente a la presentaci\u00f3n del libro en Castell\u00f3n\" data-id=\"2419\" data-link=\"https:\/\/www.victorarandagarcia.es\/presentacion_2\/\" class=\"wp-image-2419\" srcset=\"https:\/\/www.victorarandagarcia.es\/wp-content\/uploads\/presentacion_2-1024x537.jpg 1024w, https:\/\/www.victorarandagarcia.es\/wp-content\/uploads\/presentacion_2-300x157.jpg 300w, https:\/\/www.victorarandagarcia.es\/wp-content\/uploads\/presentacion_2-768x403.jpg 768w, https:\/\/www.victorarandagarcia.es\/wp-content\/uploads\/presentacion_2.jpg 1200w\" sizes=\"(max-width: 1024px) 100vw, 1024px\" \/><\/figure><\/li><li class=\"blocks-gallery-item\"><figure><img data-attachment-id=\"2414\" data-permalink=\"https:\/\/www.victorarandagarcia.es\/presentacion_1\/\" data-orig-file=\"https:\/\/www.victorarandagarcia.es\/wp-content\/uploads\/presentacion_1.jpg\" data-orig-size=\"960,720\" data-comments-opened=\"0\" data-image-meta=\"{&quot;aperture&quot;:&quot;0&quot;,&quot;credit&quot;:&quot;&quot;,&quot;camera&quot;:&quot;&quot;,&quot;caption&quot;:&quot;&quot;,&quot;created_timestamp&quot;:&quot;0&quot;,&quot;copyright&quot;:&quot;&quot;,&quot;focal_length&quot;:&quot;0&quot;,&quot;iso&quot;:&quot;0&quot;,&quot;shutter_speed&quot;:&quot;0&quot;,&quot;title&quot;:&quot;&quot;,&quot;orientation&quot;:&quot;0&quot;}\" data-image-title=\"presentacion_1\" data-image-description=\"&lt;p&gt;Presentaci\u00f3n en Castell\u00f3n del libro &#8216;Cuando la vida se pone perra&#8217; (Abril 2013)&lt;\/p&gt;\n\" data-image-caption=\"\" data-medium-file=\"https:\/\/www.victorarandagarcia.es\/wp-content\/uploads\/presentacion_1-300x225.jpg\" data-large-file=\"https:\/\/www.victorarandagarcia.es\/wp-content\/uploads\/presentacion_1.jpg\" decoding=\"async\" loading=\"lazy\" width=\"960\" height=\"720\" src=\"https:\/\/www.victorarandagarcia.es\/wp-content\/uploads\/presentacion_1.jpg\" alt=\"Fotograf\u00eda del escritor Miguel Torija a la izquierda y del fot\u00f3grafo V\u00edctor Aranda a la derecha\" data-id=\"2414\" data-link=\"https:\/\/www.victorarandagarcia.es\/presentacion_1\/\" class=\"wp-image-2414\" srcset=\"https:\/\/www.victorarandagarcia.es\/wp-content\/uploads\/presentacion_1.jpg 960w, https:\/\/www.victorarandagarcia.es\/wp-content\/uploads\/presentacion_1-300x225.jpg 300w, https:\/\/www.victorarandagarcia.es\/wp-content\/uploads\/presentacion_1-768x576.jpg 768w\" sizes=\"(max-width: 960px) 100vw, 960px\" \/><\/figure><\/li><\/ul>\n\n\n\n<p>Editado por <strong><a href=\"http:\/\/unariaediciones.com\/\">Unaria<\/a><\/strong>, el libro se compone de 36 relatos cortos de los cuales 12 est\u00e1n ilustrados con mis fotograf\u00edas. El pr\u00f3logo corre a cargo de <strong>Rosario Raro<\/strong>.<\/p>\n\n\n\n<p><em>\u00abNo es el mejor momento para los protagonistas que deambulan por  estos treinta y seis relatos, algunos lo saben, otros parecen castigados  a ignorarlo, pero todos, de una manera u otra, est\u00e1n en apuros. No  encuentran sentido a su vida, ven como todo se derrumba a su alrededor o  al menos todo aquello a lo que se aferraban. Han sido heridos,  traicionados, humillados, ignorados, defraudados&#8230; en ocasiones por las  personas que m\u00e1s quieren y en otras por el azar de un mundo que suele  escoger sus v\u00edctimas caprichosamente y sin contrastar la hoja de  servicios de cada cual. A pesar de todo, muchos de ellos intentan  mantener la dignidad intacta y luchan por permanecer erguidos frente a  las calamidades. Los que son vencidos y doblan la rodilla no merecen ser  juzgados por ello.\u00bb<\/em> <\/p>\n\n\n\n<p>En junio de 2013 presentamos la novela en la <strong><a href=\"http:\/\/libreriaprimado.blogspot.com\/\">Librer\u00eda Primado<\/a><\/strong> de Valencia junto a una peque\u00f1a exposici\u00f3n de las fotograf\u00edas inclu\u00eddas en el libro. La presentaci\u00f3n corri\u00f3 a cargo nuevamente de la editora Amelia D\u00edaz, la escritora Rosario Raro y el autor Miguel Torija. <\/p>\n\n\n\n<ul class=\"wp-block-gallery columns-3 is-cropped wp-block-gallery-5 is-layout-flex wp-block-gallery-is-layout-flex\"><li class=\"blocks-gallery-item\"><figure><img data-attachment-id=\"2420\" data-permalink=\"https:\/\/www.victorarandagarcia.es\/2013-06-17-pres-primado-2\/\" data-orig-file=\"https:\/\/www.victorarandagarcia.es\/wp-content\/uploads\/2013-06-17-pres.-primado-2.jpg\" data-orig-size=\"1600,708\" data-comments-opened=\"0\" data-image-meta=\"{&quot;aperture&quot;:&quot;0&quot;,&quot;credit&quot;:&quot;&quot;,&quot;camera&quot;:&quot;&quot;,&quot;caption&quot;:&quot;&quot;,&quot;created_timestamp&quot;:&quot;0&quot;,&quot;copyright&quot;:&quot;&quot;,&quot;focal_length&quot;:&quot;0&quot;,&quot;iso&quot;:&quot;0&quot;,&quot;shutter_speed&quot;:&quot;0&quot;,&quot;title&quot;:&quot;&quot;,&quot;orientation&quot;:&quot;0&quot;}\" data-image-title=\"2013-06-17 pres. primado 2\" data-image-description=\"&lt;p&gt;Presentaci\u00f3n en Valencia del libro &#8216;Cuando la vida se pone perra&#8217; (junio 2013)&lt;\/p&gt;\n\" data-image-caption=\"\" data-medium-file=\"https:\/\/www.victorarandagarcia.es\/wp-content\/uploads\/2013-06-17-pres.-primado-2-300x133.jpg\" data-large-file=\"https:\/\/www.victorarandagarcia.es\/wp-content\/uploads\/2013-06-17-pres.-primado-2-1024x453.jpg\" decoding=\"async\" loading=\"lazy\" width=\"1024\" height=\"453\" src=\"https:\/\/www.victorarandagarcia.es\/wp-content\/uploads\/2013-06-17-pres.-primado-2-1024x453.jpg\" alt=\"Fotograf\u00eda de la escritora Rosario Raro junto al fot\u00f3grafo V\u00edctor Aranda, el escritor Miguel Torija y la editora Amelia D\u00edaz\" data-id=\"2420\" data-link=\"https:\/\/www.victorarandagarcia.es\/2013-06-17-pres-primado-2\/\" class=\"wp-image-2420\" srcset=\"https:\/\/www.victorarandagarcia.es\/wp-content\/uploads\/2013-06-17-pres.-primado-2-1024x453.jpg 1024w, https:\/\/www.victorarandagarcia.es\/wp-content\/uploads\/2013-06-17-pres.-primado-2-300x133.jpg 300w, https:\/\/www.victorarandagarcia.es\/wp-content\/uploads\/2013-06-17-pres.-primado-2-768x340.jpg 768w, https:\/\/www.victorarandagarcia.es\/wp-content\/uploads\/2013-06-17-pres.-primado-2.jpg 1600w\" sizes=\"(max-width: 1024px) 100vw, 1024px\" \/><\/figure><\/li><li class=\"blocks-gallery-item\"><figure><img data-attachment-id=\"2412\" data-permalink=\"https:\/\/www.victorarandagarcia.es\/2013-06-17-pres-primado-1\/\" data-orig-file=\"https:\/\/www.victorarandagarcia.es\/wp-content\/uploads\/2013-06-17-Pres.-Primado-1.jpg\" data-orig-size=\"947,407\" data-comments-opened=\"0\" data-image-meta=\"{&quot;aperture&quot;:&quot;0&quot;,&quot;credit&quot;:&quot;&quot;,&quot;camera&quot;:&quot;&quot;,&quot;caption&quot;:&quot;&quot;,&quot;created_timestamp&quot;:&quot;0&quot;,&quot;copyright&quot;:&quot;&quot;,&quot;focal_length&quot;:&quot;0&quot;,&quot;iso&quot;:&quot;0&quot;,&quot;shutter_speed&quot;:&quot;0&quot;,&quot;title&quot;:&quot;&quot;,&quot;orientation&quot;:&quot;0&quot;}\" data-image-title=\"2013-06-17 Pres. Primado 1\" data-image-description=\"&lt;p&gt;Presentaci\u00f3n en Valencia del libro &#8216;Cuando la vida se pone perra&#8217; (Junio 2013)&lt;\/p&gt;\n\" data-image-caption=\"\" data-medium-file=\"https:\/\/www.victorarandagarcia.es\/wp-content\/uploads\/2013-06-17-Pres.-Primado-1-300x129.jpg\" data-large-file=\"https:\/\/www.victorarandagarcia.es\/wp-content\/uploads\/2013-06-17-Pres.-Primado-1.jpg\" decoding=\"async\" loading=\"lazy\" width=\"947\" height=\"407\" src=\"https:\/\/www.victorarandagarcia.es\/wp-content\/uploads\/2013-06-17-Pres.-Primado-1.jpg\" alt=\"Fotograf\u00eda del p\u00fablico asistente a la presentaci\u00f3n de un libro con las fotos inclu\u00eddas expuestas detr\u00e1s\" data-id=\"2412\" data-link=\"https:\/\/www.victorarandagarcia.es\/2013-06-17-pres-primado-1\/\" class=\"wp-image-2412\" srcset=\"https:\/\/www.victorarandagarcia.es\/wp-content\/uploads\/2013-06-17-Pres.-Primado-1.jpg 947w, https:\/\/www.victorarandagarcia.es\/wp-content\/uploads\/2013-06-17-Pres.-Primado-1-300x129.jpg 300w, https:\/\/www.victorarandagarcia.es\/wp-content\/uploads\/2013-06-17-Pres.-Primado-1-768x330.jpg 768w\" sizes=\"(max-width: 947px) 100vw, 947px\" \/><\/figure><\/li><li class=\"blocks-gallery-item\"><figure><img data-attachment-id=\"2421\" data-permalink=\"https:\/\/www.victorarandagarcia.es\/2013-06-17-pres-primado-3\/\" data-orig-file=\"https:\/\/www.victorarandagarcia.es\/wp-content\/uploads\/2013-06-17-pres.-primado-3.jpg\" data-orig-size=\"1600,852\" data-comments-opened=\"0\" data-image-meta=\"{&quot;aperture&quot;:&quot;0&quot;,&quot;credit&quot;:&quot;&quot;,&quot;camera&quot;:&quot;&quot;,&quot;caption&quot;:&quot;&quot;,&quot;created_timestamp&quot;:&quot;0&quot;,&quot;copyright&quot;:&quot;&quot;,&quot;focal_length&quot;:&quot;0&quot;,&quot;iso&quot;:&quot;0&quot;,&quot;shutter_speed&quot;:&quot;0&quot;,&quot;title&quot;:&quot;&quot;,&quot;orientation&quot;:&quot;0&quot;}\" data-image-title=\"2013-06-17 pres. primado 3\" data-image-description=\"&lt;p&gt;Presentaci\u00f3n del libro y la exposici\u00f3n en Valencia (junio 2013)&lt;\/p&gt;\n\" data-image-caption=\"\" data-medium-file=\"https:\/\/www.victorarandagarcia.es\/wp-content\/uploads\/2013-06-17-pres.-primado-3-300x160.jpg\" data-large-file=\"https:\/\/www.victorarandagarcia.es\/wp-content\/uploads\/2013-06-17-pres.-primado-3-1024x545.jpg\" decoding=\"async\" loading=\"lazy\" width=\"1024\" height=\"545\" src=\"https:\/\/www.victorarandagarcia.es\/wp-content\/uploads\/2013-06-17-pres.-primado-3-1024x545.jpg\" alt=\"Fotograf\u00eda de la escritora Rosario Raro junto al fot\u00f3grafo V\u00edctor Aranda, el escritor Miguel Torija y la editora Amelia D\u00edaz\" data-id=\"2421\" data-link=\"https:\/\/www.victorarandagarcia.es\/2013-06-17-pres-primado-3\/\" class=\"wp-image-2421\" srcset=\"https:\/\/www.victorarandagarcia.es\/wp-content\/uploads\/2013-06-17-pres.-primado-3-1024x545.jpg 1024w, https:\/\/www.victorarandagarcia.es\/wp-content\/uploads\/2013-06-17-pres.-primado-3-300x160.jpg 300w, https:\/\/www.victorarandagarcia.es\/wp-content\/uploads\/2013-06-17-pres.-primado-3-768x409.jpg 768w, https:\/\/www.victorarandagarcia.es\/wp-content\/uploads\/2013-06-17-pres.-primado-3.jpg 1600w\" sizes=\"(max-width: 1024px) 100vw, 1024px\" \/><\/figure><\/li><\/ul>\n\n\n\n<p>Carteles de la presentaci\u00f3n del libro y la exposici\u00f3n de las fotograf\u00edas en Valencia.<\/p>\n\n\n\n<ul class=\"wp-block-gallery columns-2 is-cropped wp-block-gallery-7 is-layout-flex wp-block-gallery-is-layout-flex\"><li class=\"blocks-gallery-item\"><figure><img data-attachment-id=\"2415\" data-permalink=\"https:\/\/www.victorarandagarcia.es\/presentacion_y_expo_2\/\" data-orig-file=\"https:\/\/www.victorarandagarcia.es\/wp-content\/uploads\/Presentacion_y_expo_2.jpg\" data-orig-size=\"600,849\" data-comments-opened=\"0\" data-image-meta=\"{&quot;aperture&quot;:&quot;0&quot;,&quot;credit&quot;:&quot;&quot;,&quot;camera&quot;:&quot;&quot;,&quot;caption&quot;:&quot;&quot;,&quot;created_timestamp&quot;:&quot;0&quot;,&quot;copyright&quot;:&quot;&quot;,&quot;focal_length&quot;:&quot;0&quot;,&quot;iso&quot;:&quot;0&quot;,&quot;shutter_speed&quot;:&quot;0&quot;,&quot;title&quot;:&quot;&quot;,&quot;orientation&quot;:&quot;0&quot;}\" data-image-title=\"Presentacion_y_expo_2\" data-image-description=\"&lt;p&gt;Presentaci\u00f3n del libro del libro y exposici\u00f3n de las fotograf\u00edas inclu\u00eddas en Librer\u00eda Primado (Valencia 2013)&lt;\/p&gt;\n\" data-image-caption=\"\" data-medium-file=\"https:\/\/www.victorarandagarcia.es\/wp-content\/uploads\/Presentacion_y_expo_2-212x300.jpg\" data-large-file=\"https:\/\/www.victorarandagarcia.es\/wp-content\/uploads\/Presentacion_y_expo_2.jpg\" decoding=\"async\" loading=\"lazy\" width=\"600\" height=\"849\" src=\"https:\/\/www.victorarandagarcia.es\/wp-content\/uploads\/Presentacion_y_expo_2.jpg\" alt=\"Cartel de presentaci\u00f3n del nuevo libro de Miguel Torija y la exposici\u00f3n de V\u00edctor Aranda en la librer\u00eda Primado de Valencia\" data-id=\"2415\" data-link=\"https:\/\/www.victorarandagarcia.es\/presentacion_y_expo_2\/\" class=\"wp-image-2415\" srcset=\"https:\/\/www.victorarandagarcia.es\/wp-content\/uploads\/Presentacion_y_expo_2.jpg 600w, https:\/\/www.victorarandagarcia.es\/wp-content\/uploads\/Presentacion_y_expo_2-212x300.jpg 212w\" sizes=\"(max-width: 600px) 100vw, 600px\" \/><\/figure><\/li><li class=\"blocks-gallery-item\"><figure><img data-attachment-id=\"2422\" data-permalink=\"https:\/\/www.victorarandagarcia.es\/cartel-primado-expo\/\" data-orig-file=\"https:\/\/www.victorarandagarcia.es\/wp-content\/uploads\/cartel-primado-expo.jpg\" data-orig-size=\"800,1200\" data-comments-opened=\"0\" data-image-meta=\"{&quot;aperture&quot;:&quot;0&quot;,&quot;credit&quot;:&quot;&quot;,&quot;camera&quot;:&quot;&quot;,&quot;caption&quot;:&quot;&quot;,&quot;created_timestamp&quot;:&quot;0&quot;,&quot;copyright&quot;:&quot;&quot;,&quot;focal_length&quot;:&quot;0&quot;,&quot;iso&quot;:&quot;0&quot;,&quot;shutter_speed&quot;:&quot;0&quot;,&quot;title&quot;:&quot;&quot;,&quot;orientation&quot;:&quot;0&quot;}\" data-image-title=\"cartel primado expo\" data-image-description=\"&lt;p&gt;Cartel de la presentaci\u00f3n del libro y la exposici\u00f3n de las fotograf\u00edas en la Librer\u00eda Primado de Valencia (junio 2013)&lt;\/p&gt;\n\" data-image-caption=\"\" data-medium-file=\"https:\/\/www.victorarandagarcia.es\/wp-content\/uploads\/cartel-primado-expo-200x300.jpg\" data-large-file=\"https:\/\/www.victorarandagarcia.es\/wp-content\/uploads\/cartel-primado-expo-683x1024.jpg\" decoding=\"async\" loading=\"lazy\" width=\"683\" height=\"1024\" src=\"https:\/\/www.victorarandagarcia.es\/wp-content\/uploads\/cartel-primado-expo-683x1024.jpg\" alt=\"Cartel con los datos de la presentaci\u00f3n y la fotograf\u00eda de portada del libro\" data-id=\"2422\" data-link=\"https:\/\/www.victorarandagarcia.es\/cartel-primado-expo\/\" class=\"wp-image-2422\" srcset=\"https:\/\/www.victorarandagarcia.es\/wp-content\/uploads\/cartel-primado-expo-683x1024.jpg 683w, https:\/\/www.victorarandagarcia.es\/wp-content\/uploads\/cartel-primado-expo-200x300.jpg 200w, https:\/\/www.victorarandagarcia.es\/wp-content\/uploads\/cartel-primado-expo-768x1152.jpg 768w, https:\/\/www.victorarandagarcia.es\/wp-content\/uploads\/cartel-primado-expo.jpg 800w\" sizes=\"(max-width: 683px) 100vw, 683px\" \/><\/figure><\/li><\/ul>\n","protected":false},"excerpt":{"rendered":"<p>En la primavera de 2013 se public\u00f3 el libro del escritor Miguel Torija &#8216;Cuando la vida se pone perra&#8217; ilustrado con algunas de mis fotograf\u00edas, incluyendo la que hace de portada. &hellip; <a href=\"https:\/\/www.victorarandagarcia.es\/index.php\/publicaciones\/libros-y-revistas\/cuando-la-vida-se-pone-perra\/\" class=\"more-link\"><span>Continuar<span class=\"screen-reader-text\">Cuando la vida se pone perra<\/span><\/span><\/a><\/p>\n","protected":false},"author":1,"featured_media":2417,"comment_status":"closed","ping_status":"open","sticky":false,"template":"","format":"standard","meta":{"jetpack_post_was_ever_published":false,"_jetpack_newsletter_access":"","_jetpack_dont_email_post_to_subs":false,"_jetpack_newsletter_tier_id":0,"_jetpack_memberships_contains_paywalled_content":false,"footnotes":"","_jetpack_memberships_contains_paid_content":false},"categories":[84,83],"tags":[79],"yoast_head":"<!-- This site is optimized with the Yoast SEO plugin v22.6 - https:\/\/yoast.com\/wordpress\/plugins\/seo\/ -->\n<title>Cuando la vida se pone perra - arte y estudio<\/title>\n<meta name=\"description\" content=\"En la primavera de 2013 se public\u00f3 el libro del escritor Miguel Torija &#039;Cuando la vida se pone perra&#039; ilustrado con mis fotograf\u00edas, incluyendo la portada.\" \/>\n<meta name=\"robots\" content=\"index, follow, max-snippet:-1, max-image-preview:large, max-video-preview:-1\" \/>\n<link rel=\"canonical\" href=\"https:\/\/www.victorarandagarcia.es\/index.php\/publicaciones\/libros-y-revistas\/cuando-la-vida-se-pone-perra\/\" \/>\n<meta property=\"og:locale\" content=\"es_ES\" \/>\n<meta property=\"og:type\" content=\"article\" \/>\n<meta property=\"og:title\" content=\"Cuando la vida se pone perra - arte y estudio\" \/>\n<meta property=\"og:description\" content=\"En la primavera de 2013 se public\u00f3 el libro del escritor Miguel Torija &#039;Cuando la vida se pone perra&#039; ilustrado con mis fotograf\u00edas, incluyendo la portada.\" \/>\n<meta property=\"og:url\" content=\"https:\/\/www.victorarandagarcia.es\/index.php\/publicaciones\/libros-y-revistas\/cuando-la-vida-se-pone-perra\/\" \/>\n<meta property=\"og:site_name\" content=\"arte y estudio\" \/>\n<meta property=\"article:published_time\" content=\"2020-01-02T10:13:18+00:00\" \/>\n<meta property=\"article:modified_time\" content=\"2020-01-02T10:42:36+00:00\" \/>\n<meta property=\"og:image\" content=\"https:\/\/www.victorarandagarcia.es\/wp-content\/uploads\/2013-04-18_4734.jpg\" \/>\n\t<meta property=\"og:image:width\" content=\"700\" \/>\n\t<meta property=\"og:image:height\" content=\"1050\" \/>\n\t<meta property=\"og:image:type\" content=\"image\/jpeg\" \/>\n<meta name=\"author\" content=\"victorarandagarcia\" \/>\n<meta name=\"twitter:card\" content=\"summary_large_image\" \/>\n<meta name=\"twitter:label1\" content=\"Escrito por\" \/>\n\t<meta name=\"twitter:data1\" content=\"victorarandagarcia\" \/>\n\t<meta name=\"twitter:label2\" content=\"Tiempo de lectura\" \/>\n\t<meta name=\"twitter:data2\" content=\"1 minuto\" \/>\n<script type=\"application\/ld+json\" class=\"yoast-schema-graph\">{\"@context\":\"https:\/\/schema.org\",\"@graph\":[{\"@type\":\"Article\",\"@id\":\"https:\/\/www.victorarandagarcia.es\/index.php\/publicaciones\/libros-y-revistas\/cuando-la-vida-se-pone-perra\/#article\",\"isPartOf\":{\"@id\":\"https:\/\/www.victorarandagarcia.es\/index.php\/publicaciones\/libros-y-revistas\/cuando-la-vida-se-pone-perra\/\"},\"author\":{\"name\":\"victorarandagarcia\",\"@id\":\"https:\/\/www.victorarandagarcia.es\/#\/schema\/person\/bfa9c61a3776d517deeee5f9386ef302\"},\"headline\":\"Cuando la vida se pone perra\",\"datePublished\":\"2020-01-02T10:13:18+00:00\",\"dateModified\":\"2020-01-02T10:42:36+00:00\",\"mainEntityOfPage\":{\"@id\":\"https:\/\/www.victorarandagarcia.es\/index.php\/publicaciones\/libros-y-revistas\/cuando-la-vida-se-pone-perra\/\"},\"wordCount\":302,\"publisher\":{\"@id\":\"https:\/\/www.victorarandagarcia.es\/#organization\"},\"image\":{\"@id\":\"https:\/\/www.victorarandagarcia.es\/index.php\/publicaciones\/libros-y-revistas\/cuando-la-vida-se-pone-perra\/#primaryimage\"},\"thumbnailUrl\":\"https:\/\/www.victorarandagarcia.es\/wp-content\/uploads\/2013-04-18_4734.jpg\",\"keywords\":[\"publicaciones\"],\"articleSection\":[\"LIBROS Y REVISTAS\",\"PUBLICACIONES\"],\"inLanguage\":\"es\"},{\"@type\":\"WebPage\",\"@id\":\"https:\/\/www.victorarandagarcia.es\/index.php\/publicaciones\/libros-y-revistas\/cuando-la-vida-se-pone-perra\/\",\"url\":\"https:\/\/www.victorarandagarcia.es\/index.php\/publicaciones\/libros-y-revistas\/cuando-la-vida-se-pone-perra\/\",\"name\":\"Cuando la vida se pone perra - arte y estudio\",\"isPartOf\":{\"@id\":\"https:\/\/www.victorarandagarcia.es\/#website\"},\"primaryImageOfPage\":{\"@id\":\"https:\/\/www.victorarandagarcia.es\/index.php\/publicaciones\/libros-y-revistas\/cuando-la-vida-se-pone-perra\/#primaryimage\"},\"image\":{\"@id\":\"https:\/\/www.victorarandagarcia.es\/index.php\/publicaciones\/libros-y-revistas\/cuando-la-vida-se-pone-perra\/#primaryimage\"},\"thumbnailUrl\":\"https:\/\/www.victorarandagarcia.es\/wp-content\/uploads\/2013-04-18_4734.jpg\",\"datePublished\":\"2020-01-02T10:13:18+00:00\",\"dateModified\":\"2020-01-02T10:42:36+00:00\",\"description\":\"En la primavera de 2013 se public\u00f3 el libro del escritor Miguel Torija 'Cuando la vida se pone perra' ilustrado con mis fotograf\u00edas, incluyendo la portada.\",\"breadcrumb\":{\"@id\":\"https:\/\/www.victorarandagarcia.es\/index.php\/publicaciones\/libros-y-revistas\/cuando-la-vida-se-pone-perra\/#breadcrumb\"},\"inLanguage\":\"es\",\"potentialAction\":[{\"@type\":\"ReadAction\",\"target\":[\"https:\/\/www.victorarandagarcia.es\/index.php\/publicaciones\/libros-y-revistas\/cuando-la-vida-se-pone-perra\/\"]}]},{\"@type\":\"ImageObject\",\"inLanguage\":\"es\",\"@id\":\"https:\/\/www.victorarandagarcia.es\/index.php\/publicaciones\/libros-y-revistas\/cuando-la-vida-se-pone-perra\/#primaryimage\",\"url\":\"https:\/\/www.victorarandagarcia.es\/wp-content\/uploads\/2013-04-18_4734.jpg\",\"contentUrl\":\"https:\/\/www.victorarandagarcia.es\/wp-content\/uploads\/2013-04-18_4734.jpg\",\"width\":700,\"height\":1050,\"caption\":\"Fotograf\u00eda de un expositor con los libros de Miguel Torija en la librer\u00eda Argot de Castell\u00f3n\"},{\"@type\":\"BreadcrumbList\",\"@id\":\"https:\/\/www.victorarandagarcia.es\/index.php\/publicaciones\/libros-y-revistas\/cuando-la-vida-se-pone-perra\/#breadcrumb\",\"itemListElement\":[{\"@type\":\"ListItem\",\"position\":1,\"name\":\"Portada\",\"item\":\"https:\/\/www.victorarandagarcia.es\/\"},{\"@type\":\"ListItem\",\"position\":2,\"name\":\"Cuando la vida se pone perra\"}]},{\"@type\":\"WebSite\",\"@id\":\"https:\/\/www.victorarandagarcia.es\/#website\",\"url\":\"https:\/\/www.victorarandagarcia.es\/\",\"name\":\"arte y estudio\",\"description\":\"Fot\u00f3grafo\",\"publisher\":{\"@id\":\"https:\/\/www.victorarandagarcia.es\/#organization\"},\"potentialAction\":[{\"@type\":\"SearchAction\",\"target\":{\"@type\":\"EntryPoint\",\"urlTemplate\":\"https:\/\/www.victorarandagarcia.es\/?s={search_term_string}\"},\"query-input\":\"required name=search_term_string\"}],\"inLanguage\":\"es\"},{\"@type\":\"Organization\",\"@id\":\"https:\/\/www.victorarandagarcia.es\/#organization\",\"name\":\"arte y estudio\",\"url\":\"https:\/\/www.victorarandagarcia.es\/\",\"logo\":{\"@type\":\"ImageObject\",\"inLanguage\":\"es\",\"@id\":\"https:\/\/www.victorarandagarcia.es\/#\/schema\/logo\/image\/\",\"url\":\"https:\/\/www.victorarandagarcia.es\/wp-content\/uploads\/2019\/03\/logo-fotografo.png\",\"contentUrl\":\"https:\/\/www.victorarandagarcia.es\/wp-content\/uploads\/2019\/03\/logo-fotografo.png\",\"width\":150,\"height\":150,\"caption\":\"arte y estudio\"},\"image\":{\"@id\":\"https:\/\/www.victorarandagarcia.es\/#\/schema\/logo\/image\/\"}},{\"@type\":\"Person\",\"@id\":\"https:\/\/www.victorarandagarcia.es\/#\/schema\/person\/bfa9c61a3776d517deeee5f9386ef302\",\"name\":\"victorarandagarcia\",\"image\":{\"@type\":\"ImageObject\",\"inLanguage\":\"es\",\"@id\":\"https:\/\/www.victorarandagarcia.es\/#\/schema\/person\/image\/\",\"url\":\"https:\/\/secure.gravatar.com\/avatar\/957a01ac23a6393e755ae8225c35dbdb?s=96&d=mm&r=g\",\"contentUrl\":\"https:\/\/secure.gravatar.com\/avatar\/957a01ac23a6393e755ae8225c35dbdb?s=96&d=mm&r=g\",\"caption\":\"victorarandagarcia\"}}]}<\/script>\n<!-- \/ Yoast SEO plugin. -->","yoast_head_json":{"title":"Cuando la vida se pone perra - arte y estudio","description":"En la primavera de 2013 se public\u00f3 el libro del escritor Miguel Torija 'Cuando la vida se pone perra' ilustrado con mis fotograf\u00edas, incluyendo la portada.","robots":{"index":"index","follow":"follow","max-snippet":"max-snippet:-1","max-image-preview":"max-image-preview:large","max-video-preview":"max-video-preview:-1"},"canonical":"https:\/\/www.victorarandagarcia.es\/index.php\/publicaciones\/libros-y-revistas\/cuando-la-vida-se-pone-perra\/","og_locale":"es_ES","og_type":"article","og_title":"Cuando la vida se pone perra - arte y estudio","og_description":"En la primavera de 2013 se public\u00f3 el libro del escritor Miguel Torija 'Cuando la vida se pone perra' ilustrado con mis fotograf\u00edas, incluyendo la portada.","og_url":"https:\/\/www.victorarandagarcia.es\/index.php\/publicaciones\/libros-y-revistas\/cuando-la-vida-se-pone-perra\/","og_site_name":"arte y estudio","article_published_time":"2020-01-02T10:13:18+00:00","article_modified_time":"2020-01-02T10:42:36+00:00","og_image":[{"width":700,"height":1050,"url":"https:\/\/www.victorarandagarcia.es\/wp-content\/uploads\/2013-04-18_4734.jpg","type":"image\/jpeg"}],"author":"victorarandagarcia","twitter_card":"summary_large_image","twitter_misc":{"Escrito por":"victorarandagarcia","Tiempo de lectura":"1 minuto"},"schema":{"@context":"https:\/\/schema.org","@graph":[{"@type":"Article","@id":"https:\/\/www.victorarandagarcia.es\/index.php\/publicaciones\/libros-y-revistas\/cuando-la-vida-se-pone-perra\/#article","isPartOf":{"@id":"https:\/\/www.victorarandagarcia.es\/index.php\/publicaciones\/libros-y-revistas\/cuando-la-vida-se-pone-perra\/"},"author":{"name":"victorarandagarcia","@id":"https:\/\/www.victorarandagarcia.es\/#\/schema\/person\/bfa9c61a3776d517deeee5f9386ef302"},"headline":"Cuando la vida se pone perra","datePublished":"2020-01-02T10:13:18+00:00","dateModified":"2020-01-02T10:42:36+00:00","mainEntityOfPage":{"@id":"https:\/\/www.victorarandagarcia.es\/index.php\/publicaciones\/libros-y-revistas\/cuando-la-vida-se-pone-perra\/"},"wordCount":302,"publisher":{"@id":"https:\/\/www.victorarandagarcia.es\/#organization"},"image":{"@id":"https:\/\/www.victorarandagarcia.es\/index.php\/publicaciones\/libros-y-revistas\/cuando-la-vida-se-pone-perra\/#primaryimage"},"thumbnailUrl":"https:\/\/www.victorarandagarcia.es\/wp-content\/uploads\/2013-04-18_4734.jpg","keywords":["publicaciones"],"articleSection":["LIBROS Y REVISTAS","PUBLICACIONES"],"inLanguage":"es"},{"@type":"WebPage","@id":"https:\/\/www.victorarandagarcia.es\/index.php\/publicaciones\/libros-y-revistas\/cuando-la-vida-se-pone-perra\/","url":"https:\/\/www.victorarandagarcia.es\/index.php\/publicaciones\/libros-y-revistas\/cuando-la-vida-se-pone-perra\/","name":"Cuando la vida se pone perra - arte y estudio","isPartOf":{"@id":"https:\/\/www.victorarandagarcia.es\/#website"},"primaryImageOfPage":{"@id":"https:\/\/www.victorarandagarcia.es\/index.php\/publicaciones\/libros-y-revistas\/cuando-la-vida-se-pone-perra\/#primaryimage"},"image":{"@id":"https:\/\/www.victorarandagarcia.es\/index.php\/publicaciones\/libros-y-revistas\/cuando-la-vida-se-pone-perra\/#primaryimage"},"thumbnailUrl":"https:\/\/www.victorarandagarcia.es\/wp-content\/uploads\/2013-04-18_4734.jpg","datePublished":"2020-01-02T10:13:18+00:00","dateModified":"2020-01-02T10:42:36+00:00","description":"En la primavera de 2013 se public\u00f3 el libro del escritor Miguel Torija 'Cuando la vida se pone perra' ilustrado con mis fotograf\u00edas, incluyendo la portada.","breadcrumb":{"@id":"https:\/\/www.victorarandagarcia.es\/index.php\/publicaciones\/libros-y-revistas\/cuando-la-vida-se-pone-perra\/#breadcrumb"},"inLanguage":"es","potentialAction":[{"@type":"ReadAction","target":["https:\/\/www.victorarandagarcia.es\/index.php\/publicaciones\/libros-y-revistas\/cuando-la-vida-se-pone-perra\/"]}]},{"@type":"ImageObject","inLanguage":"es","@id":"https:\/\/www.victorarandagarcia.es\/index.php\/publicaciones\/libros-y-revistas\/cuando-la-vida-se-pone-perra\/#primaryimage","url":"https:\/\/www.victorarandagarcia.es\/wp-content\/uploads\/2013-04-18_4734.jpg","contentUrl":"https:\/\/www.victorarandagarcia.es\/wp-content\/uploads\/2013-04-18_4734.jpg","width":700,"height":1050,"caption":"Fotograf\u00eda de un expositor con los libros de Miguel Torija en la librer\u00eda Argot de Castell\u00f3n"},{"@type":"BreadcrumbList","@id":"https:\/\/www.victorarandagarcia.es\/index.php\/publicaciones\/libros-y-revistas\/cuando-la-vida-se-pone-perra\/#breadcrumb","itemListElement":[{"@type":"ListItem","position":1,"name":"Portada","item":"https:\/\/www.victorarandagarcia.es\/"},{"@type":"ListItem","position":2,"name":"Cuando la vida se pone perra"}]},{"@type":"WebSite","@id":"https:\/\/www.victorarandagarcia.es\/#website","url":"https:\/\/www.victorarandagarcia.es\/","name":"arte y estudio","description":"Fot\u00f3grafo","publisher":{"@id":"https:\/\/www.victorarandagarcia.es\/#organization"},"potentialAction":[{"@type":"SearchAction","target":{"@type":"EntryPoint","urlTemplate":"https:\/\/www.victorarandagarcia.es\/?s={search_term_string}"},"query-input":"required name=search_term_string"}],"inLanguage":"es"},{"@type":"Organization","@id":"https:\/\/www.victorarandagarcia.es\/#organization","name":"arte y estudio","url":"https:\/\/www.victorarandagarcia.es\/","logo":{"@type":"ImageObject","inLanguage":"es","@id":"https:\/\/www.victorarandagarcia.es\/#\/schema\/logo\/image\/","url":"https:\/\/www.victorarandagarcia.es\/wp-content\/uploads\/2019\/03\/logo-fotografo.png","contentUrl":"https:\/\/www.victorarandagarcia.es\/wp-content\/uploads\/2019\/03\/logo-fotografo.png","width":150,"height":150,"caption":"arte y estudio"},"image":{"@id":"https:\/\/www.victorarandagarcia.es\/#\/schema\/logo\/image\/"}},{"@type":"Person","@id":"https:\/\/www.victorarandagarcia.es\/#\/schema\/person\/bfa9c61a3776d517deeee5f9386ef302","name":"victorarandagarcia","image":{"@type":"ImageObject","inLanguage":"es","@id":"https:\/\/www.victorarandagarcia.es\/#\/schema\/person\/image\/","url":"https:\/\/secure.gravatar.com\/avatar\/957a01ac23a6393e755ae8225c35dbdb?s=96&d=mm&r=g","contentUrl":"https:\/\/secure.gravatar.com\/avatar\/957a01ac23a6393e755ae8225c35dbdb?s=96&d=mm&r=g","caption":"victorarandagarcia"}}]}},"jetpack_featured_media_url":"https:\/\/www.victorarandagarcia.es\/wp-content\/uploads\/2013-04-18_4734.jpg","jetpack_sharing_enabled":true,"_links":{"self":[{"href":"https:\/\/www.victorarandagarcia.es\/index.php\/wp-json\/wp\/v2\/posts\/2411"}],"collection":[{"href":"https:\/\/www.victorarandagarcia.es\/index.php\/wp-json\/wp\/v2\/posts"}],"about":[{"href":"https:\/\/www.victorarandagarcia.es\/index.php\/wp-json\/wp\/v2\/types\/post"}],"author":[{"embeddable":true,"href":"https:\/\/www.victorarandagarcia.es\/index.php\/wp-json\/wp\/v2\/users\/1"}],"replies":[{"embeddable":true,"href":"https:\/\/www.victorarandagarcia.es\/index.php\/wp-json\/wp\/v2\/comments?post=2411"}],"version-history":[{"count":4,"href":"https:\/\/www.victorarandagarcia.es\/index.php\/wp-json\/wp\/v2\/posts\/2411\/revisions"}],"predecessor-version":[{"id":2430,"href":"https:\/\/www.victorarandagarcia.es\/index.php\/wp-json\/wp\/v2\/posts\/2411\/revisions\/2430"}],"wp:featuredmedia":[{"embeddable":true,"href":"https:\/\/www.victorarandagarcia.es\/index.php\/wp-json\/wp\/v2\/media\/2417"}],"wp:attachment":[{"href":"https:\/\/www.victorarandagarcia.es\/index.php\/wp-json\/wp\/v2\/media?parent=2411"}],"wp:term":[{"taxonomy":"category","embeddable":true,"href":"https:\/\/www.victorarandagarcia.es\/index.php\/wp-json\/wp\/v2\/categories?post=2411"},{"taxonomy":"post_tag","embeddable":true,"href":"https:\/\/www.victorarandagarcia.es\/index.php\/wp-json\/wp\/v2\/tags?post=2411"}],"curies":[{"name":"wp","href":"https:\/\/api.w.org\/{rel}","templated":true}]}}