{"id":2314,"date":"2019-12-06T20:04:35","date_gmt":"2019-12-06T19:04:35","guid":{"rendered":"https:\/\/www.victorarandagarcia.es\/?p=2314"},"modified":"2019-12-06T20:12:15","modified_gmt":"2019-12-06T19:12:15","slug":"calendario-2020","status":"publish","type":"post","link":"https:\/\/www.victorarandagarcia.es\/index.php\/publicaciones\/calendario\/calendario-2020\/","title":{"rendered":"Calendario 2020"},"content":{"rendered":"\n<p>El calendario de 2020 lo dedico a mi serie <em><strong><a href=\"https:\/\/www.victorarandagarcia.es\/index.php\/arte\/naturaleza\/naturaleza-urbana\/\">Naturaleza Urbana<\/a><\/strong><\/em>,  unas fotograf\u00edas que empec\u00e9 a hacer en la primavera de 2002 fascinado  por la capacidad de algunas plantas de crecer en los lugares m\u00e1s  insospechados del entorno urbano.<\/p>\n\n\n\n<div class=\"wp-block-image\"><figure class=\"aligncenter\"><img data-attachment-id=\"2312\" data-permalink=\"https:\/\/www.victorarandagarcia.es\/01-portada-calendario\/\" data-orig-file=\"https:\/\/www.victorarandagarcia.es\/wp-content\/uploads\/01-portada-calendario.jpg\" data-orig-size=\"515,720\" data-comments-opened=\"0\" data-image-meta=\"{&quot;aperture&quot;:&quot;0&quot;,&quot;credit&quot;:&quot;&quot;,&quot;camera&quot;:&quot;&quot;,&quot;caption&quot;:&quot;&quot;,&quot;created_timestamp&quot;:&quot;0&quot;,&quot;copyright&quot;:&quot;&quot;,&quot;focal_length&quot;:&quot;0&quot;,&quot;iso&quot;:&quot;0&quot;,&quot;shutter_speed&quot;:&quot;0&quot;,&quot;title&quot;:&quot;&quot;,&quot;orientation&quot;:&quot;1&quot;}\" data-image-title=\"01-portada-calendario\" data-image-description=\"&lt;p&gt;Dise\u00f1o de portada del calendario 2020&lt;\/p&gt;\n\" data-image-caption=\"\" data-medium-file=\"https:\/\/www.victorarandagarcia.es\/wp-content\/uploads\/01-portada-calendario-215x300.jpg\" data-large-file=\"https:\/\/www.victorarandagarcia.es\/wp-content\/uploads\/01-portada-calendario.jpg\" decoding=\"async\" loading=\"lazy\" width=\"515\" height=\"720\" src=\"https:\/\/www.victorarandagarcia.es\/wp-content\/uploads\/01-portada-calendario.jpg\" alt=\"Portada del calendario con la fotograf\u00eda de una ca\u00f1a que ha crecido dentro del m\u00e1stil hueco de una farola y asoma por su parte superior\" class=\"wp-image-2312\" srcset=\"https:\/\/www.victorarandagarcia.es\/wp-content\/uploads\/01-portada-calendario.jpg 515w, https:\/\/www.victorarandagarcia.es\/wp-content\/uploads\/01-portada-calendario-215x300.jpg 215w\" sizes=\"(max-width: 515px) 100vw, 515px\" \/><figcaption>Portada del calendario 2020<\/figcaption><\/figure><\/div>\n\n\n\n<p>La gente que me conoce sabe que adem\u00e1s de hacer fotos a las plantas  tambi\u00e9n me gusta tenerlas y reproducirlas, y este a\u00f1o he pensado regalar  con cada calendario una peque\u00f1a planta. De esa manera la naturaleza de  las fotos del calendario se materializa y crece m\u00e1s all\u00e1 de \u00e9ste en  balcones, ventanales&#8230; Por supuesto habr\u00e1 quien viva lejos (las  entregas en mano hab\u00eda pensado hacerlas entre Valencia y Murcia, que es  por donde sobre todo me muevo) y quien no quiera o disponga de las  condiciones para tener una planta. En ese caso ofrezco la posibilidad de  regalarla a alguien que conozcan a quien piensen que le gustar\u00eda  tenerla y que viva en mi zona, que como digo es entre Valencia y Murcia.   <br><br>Como siempre el calendario es para colgar en la pared de tama\u00f1o A3  (43&#215;30 cent\u00edmetros) y lo vendo al precio de 15 euros. Para quien  necesite env\u00edo este a\u00f1o lo hago por 1 euro adicional para Espa\u00f1a. <br><br>Muchas gracias por apreciar mi trabajo y ayudar a difundirlo.<\/p>\n\n\n\n<p>Aqu\u00ed unas muestras del dise\u00f1o y el resto de fotos que he inclu\u00eddo este a\u00f1o en el calendario: <\/p>\n\n\n\n<ul class=\"wp-block-gallery columns-3 is-cropped wp-block-gallery-1 is-layout-flex wp-block-gallery-is-layout-flex\"><li class=\"blocks-gallery-item\"><figure><img data-attachment-id=\"2309\" data-permalink=\"https:\/\/www.victorarandagarcia.es\/03-calendario-fotografia-1\/\" data-orig-file=\"https:\/\/www.victorarandagarcia.es\/wp-content\/uploads\/03-calendario-fotografia-1.jpg\" data-orig-size=\"515,720\" data-comments-opened=\"0\" data-image-meta=\"{&quot;aperture&quot;:&quot;0&quot;,&quot;credit&quot;:&quot;&quot;,&quot;camera&quot;:&quot;&quot;,&quot;caption&quot;:&quot;&quot;,&quot;created_timestamp&quot;:&quot;0&quot;,&quot;copyright&quot;:&quot;&quot;,&quot;focal_length&quot;:&quot;0&quot;,&quot;iso&quot;:&quot;0&quot;,&quot;shutter_speed&quot;:&quot;0&quot;,&quot;title&quot;:&quot;&quot;,&quot;orientation&quot;:&quot;1&quot;}\" data-image-title=\"03-calendario-fotografia-1\" data-image-description=\"&lt;p&gt;P\u00e1gina muestra del dise\u00f1o del calendario 2020&lt;\/p&gt;\n\" data-image-caption=\"\" data-medium-file=\"https:\/\/www.victorarandagarcia.es\/wp-content\/uploads\/03-calendario-fotografia-1-215x300.jpg\" data-large-file=\"https:\/\/www.victorarandagarcia.es\/wp-content\/uploads\/03-calendario-fotografia-1.jpg\" decoding=\"async\" loading=\"lazy\" width=\"515\" height=\"720\" src=\"https:\/\/www.victorarandagarcia.es\/wp-content\/uploads\/03-calendario-fotografia-1.jpg\" alt=\"Fotograf\u00eda de una p\u00e1gina del calendario con la fotograf\u00eda de una planta creciendo en una acera con un perfil urbano de fondo\" data-id=\"2309\" data-link=\"https:\/\/www.victorarandagarcia.es\/03-calendario-fotografia-1\/\" class=\"wp-image-2309\" srcset=\"https:\/\/www.victorarandagarcia.es\/wp-content\/uploads\/03-calendario-fotografia-1.jpg 515w, https:\/\/www.victorarandagarcia.es\/wp-content\/uploads\/03-calendario-fotografia-1-215x300.jpg 215w\" sizes=\"(max-width: 515px) 100vw, 515px\" \/><\/figure><\/li><li class=\"blocks-gallery-item\"><figure><img data-attachment-id=\"2302\" data-permalink=\"https:\/\/www.victorarandagarcia.es\/09-calendario-fotografia-2\/\" data-orig-file=\"https:\/\/www.victorarandagarcia.es\/wp-content\/uploads\/09-calendario-fotografia-2.jpg\" data-orig-size=\"515,720\" data-comments-opened=\"0\" data-image-meta=\"{&quot;aperture&quot;:&quot;0&quot;,&quot;credit&quot;:&quot;&quot;,&quot;camera&quot;:&quot;&quot;,&quot;caption&quot;:&quot;&quot;,&quot;created_timestamp&quot;:&quot;0&quot;,&quot;copyright&quot;:&quot;&quot;,&quot;focal_length&quot;:&quot;0&quot;,&quot;iso&quot;:&quot;0&quot;,&quot;shutter_speed&quot;:&quot;0&quot;,&quot;title&quot;:&quot;&quot;,&quot;orientation&quot;:&quot;1&quot;}\" data-image-title=\"09-calendario-fotografia-2\" data-image-description=\"&lt;p&gt;P\u00e1gina muestra del dise\u00f1o del calendario 2020&lt;\/p&gt;\n\" data-image-caption=\"\" data-medium-file=\"https:\/\/www.victorarandagarcia.es\/wp-content\/uploads\/09-calendario-fotografia-2-215x300.jpg\" data-large-file=\"https:\/\/www.victorarandagarcia.es\/wp-content\/uploads\/09-calendario-fotografia-2.jpg\" decoding=\"async\" loading=\"lazy\" width=\"515\" height=\"720\" src=\"https:\/\/www.victorarandagarcia.es\/wp-content\/uploads\/09-calendario-fotografia-2.jpg\" alt=\"P\u00e1gina del calendario 2020 con una fotograf\u00eda tomada en Oporto de una planta creciendo en el suelo delante del r\u00edo Duero con un barco pasando\" data-id=\"2302\" data-link=\"https:\/\/www.victorarandagarcia.es\/09-calendario-fotografia-2\/\" class=\"wp-image-2302\" srcset=\"https:\/\/www.victorarandagarcia.es\/wp-content\/uploads\/09-calendario-fotografia-2.jpg 515w, https:\/\/www.victorarandagarcia.es\/wp-content\/uploads\/09-calendario-fotografia-2-215x300.jpg 215w\" sizes=\"(max-width: 515px) 100vw, 515px\" \/><\/figure><\/li><li class=\"blocks-gallery-item\"><figure><img data-attachment-id=\"2307\" data-permalink=\"https:\/\/www.victorarandagarcia.es\/13-calendario-fotografia-3\/\" data-orig-file=\"https:\/\/www.victorarandagarcia.es\/wp-content\/uploads\/13-calendario-fotografia-3.jpg\" data-orig-size=\"515,720\" data-comments-opened=\"0\" data-image-meta=\"{&quot;aperture&quot;:&quot;0&quot;,&quot;credit&quot;:&quot;&quot;,&quot;camera&quot;:&quot;&quot;,&quot;caption&quot;:&quot;&quot;,&quot;created_timestamp&quot;:&quot;0&quot;,&quot;copyright&quot;:&quot;&quot;,&quot;focal_length&quot;:&quot;0&quot;,&quot;iso&quot;:&quot;0&quot;,&quot;shutter_speed&quot;:&quot;0&quot;,&quot;title&quot;:&quot;&quot;,&quot;orientation&quot;:&quot;1&quot;}\" data-image-title=\"13-calendario-fotografia-3\" data-image-description=\"&lt;p&gt;P\u00e1gina muestra del dise\u00f1o del calendario 2020&lt;\/p&gt;\n\" data-image-caption=\"\" data-medium-file=\"https:\/\/www.victorarandagarcia.es\/wp-content\/uploads\/13-calendario-fotografia-3-215x300.jpg\" data-large-file=\"https:\/\/www.victorarandagarcia.es\/wp-content\/uploads\/13-calendario-fotografia-3.jpg\" decoding=\"async\" loading=\"lazy\" width=\"515\" height=\"720\" src=\"https:\/\/www.victorarandagarcia.es\/wp-content\/uploads\/13-calendario-fotografia-3.jpg\" alt=\"Fotograf\u00eda de una planta nacida en una fisura en la base de una escultura con la cabeza cortada de un hombre pisada y un reptil\" data-id=\"2307\" data-link=\"https:\/\/www.victorarandagarcia.es\/13-calendario-fotografia-3\/\" class=\"wp-image-2307\" srcset=\"https:\/\/www.victorarandagarcia.es\/wp-content\/uploads\/13-calendario-fotografia-3.jpg 515w, https:\/\/www.victorarandagarcia.es\/wp-content\/uploads\/13-calendario-fotografia-3-215x300.jpg 215w\" sizes=\"(max-width: 515px) 100vw, 515px\" \/><\/figure><\/li><li class=\"blocks-gallery-item\"><figure><img data-attachment-id=\"2311\" data-permalink=\"https:\/\/www.victorarandagarcia.es\/12-calendario-foto-06\/\" data-orig-file=\"https:\/\/www.victorarandagarcia.es\/wp-content\/uploads\/12-calendario-foto-06.jpg\" data-orig-size=\"720,480\" data-comments-opened=\"0\" data-image-meta=\"{&quot;aperture&quot;:&quot;4.5&quot;,&quot;credit&quot;:&quot;Victor Aranda Garcia&quot;,&quot;camera&quot;:&quot;Canon EOS 50D&quot;,&quot;caption&quot;:&quot;&quot;,&quot;created_timestamp&quot;:&quot;1480338439&quot;,&quot;copyright&quot;:&quot;Victor Aranda Garcia&quot;,&quot;focal_length&quot;:&quot;34&quot;,&quot;iso&quot;:&quot;400&quot;,&quot;shutter_speed&quot;:&quot;0.00625&quot;,&quot;title&quot;:&quot;&quot;,&quot;orientation&quot;:&quot;1&quot;}\" data-image-title=\"12-calendario-foto-06\" data-image-description=\"&lt;p&gt;&#8216;Naturaleza urbana&#8217; &#8211; Fotograf\u00eda inclu\u00edda en el calendario 2020&lt;\/p&gt;\n\" data-image-caption=\"\" data-medium-file=\"https:\/\/www.victorarandagarcia.es\/wp-content\/uploads\/12-calendario-foto-06-300x200.jpg\" data-large-file=\"https:\/\/www.victorarandagarcia.es\/wp-content\/uploads\/12-calendario-foto-06.jpg\" decoding=\"async\" loading=\"lazy\" width=\"720\" height=\"480\" src=\"https:\/\/www.victorarandagarcia.es\/wp-content\/uploads\/12-calendario-foto-06.jpg\" alt=\"Fotograf\u00eda de una palmera creciendo en el asfalto entre grandes tubos de hormig\u00f3n\" data-id=\"2311\" data-link=\"https:\/\/www.victorarandagarcia.es\/12-calendario-foto-06\/\" class=\"wp-image-2311\" srcset=\"https:\/\/www.victorarandagarcia.es\/wp-content\/uploads\/12-calendario-foto-06.jpg 720w, https:\/\/www.victorarandagarcia.es\/wp-content\/uploads\/12-calendario-foto-06-300x200.jpg 300w\" sizes=\"(max-width: 720px) 100vw, 720px\" \/><\/figure><\/li><li class=\"blocks-gallery-item\"><figure><img data-attachment-id=\"2313\" data-permalink=\"https:\/\/www.victorarandagarcia.es\/10-foto-calendario-09\/\" data-orig-file=\"https:\/\/www.victorarandagarcia.es\/wp-content\/uploads\/10-foto-calendario-09.jpg\" data-orig-size=\"720,480\" data-comments-opened=\"0\" data-image-meta=\"{&quot;aperture&quot;:&quot;0&quot;,&quot;credit&quot;:&quot;&quot;,&quot;camera&quot;:&quot;&quot;,&quot;caption&quot;:&quot;&quot;,&quot;created_timestamp&quot;:&quot;0&quot;,&quot;copyright&quot;:&quot;&quot;,&quot;focal_length&quot;:&quot;0&quot;,&quot;iso&quot;:&quot;0&quot;,&quot;shutter_speed&quot;:&quot;0&quot;,&quot;title&quot;:&quot;&quot;,&quot;orientation&quot;:&quot;1&quot;}\" data-image-title=\"10-foto-calendario-09\" data-image-description=\"&lt;p&gt;&#8216;Naturaleza urbana&#8217; &#8211; Fotograf\u00eda inclu\u00edda en el calendario 2020&lt;\/p&gt;\n\" data-image-caption=\"\" data-medium-file=\"https:\/\/www.victorarandagarcia.es\/wp-content\/uploads\/10-foto-calendario-09-300x200.jpg\" data-large-file=\"https:\/\/www.victorarandagarcia.es\/wp-content\/uploads\/10-foto-calendario-09.jpg\" decoding=\"async\" loading=\"lazy\" width=\"720\" height=\"480\" src=\"https:\/\/www.victorarandagarcia.es\/wp-content\/uploads\/10-foto-calendario-09.jpg\" alt=\"Fotograf\u00eda de unas adelfas asomando a trav\u00e9s de la rejilla de un desag\u00fce en la calle\" data-id=\"2313\" data-link=\"https:\/\/www.victorarandagarcia.es\/10-foto-calendario-09\/\" class=\"wp-image-2313\" srcset=\"https:\/\/www.victorarandagarcia.es\/wp-content\/uploads\/10-foto-calendario-09.jpg 720w, https:\/\/www.victorarandagarcia.es\/wp-content\/uploads\/10-foto-calendario-09-300x200.jpg 300w\" sizes=\"(max-width: 720px) 100vw, 720px\" \/><\/figure><\/li><li class=\"blocks-gallery-item\"><figure><img data-attachment-id=\"2310\" data-permalink=\"https:\/\/www.victorarandagarcia.es\/02-calendario-foto-05\/\" data-orig-file=\"https:\/\/www.victorarandagarcia.es\/wp-content\/uploads\/02-calendario-foto-05.jpg\" data-orig-size=\"720,480\" data-comments-opened=\"0\" data-image-meta=\"{&quot;aperture&quot;:&quot;6.3&quot;,&quot;credit&quot;:&quot;&quot;,&quot;camera&quot;:&quot;Canon EOS 400D DIGITAL&quot;,&quot;caption&quot;:&quot;&quot;,&quot;created_timestamp&quot;:&quot;1201959746&quot;,&quot;copyright&quot;:&quot;&quot;,&quot;focal_length&quot;:&quot;21&quot;,&quot;iso&quot;:&quot;200&quot;,&quot;shutter_speed&quot;:&quot;0.01&quot;,&quot;title&quot;:&quot;&quot;,&quot;orientation&quot;:&quot;1&quot;}\" data-image-title=\"02-calendario-foto-05\" data-image-description=\"&lt;p&gt;&#8216;Naturaleza urbana&#8217; &#8211; Fotograf\u00eda inclu\u00edda en el calendario 2020&lt;\/p&gt;\n\" data-image-caption=\"\" data-medium-file=\"https:\/\/www.victorarandagarcia.es\/wp-content\/uploads\/02-calendario-foto-05-300x200.jpg\" data-large-file=\"https:\/\/www.victorarandagarcia.es\/wp-content\/uploads\/02-calendario-foto-05.jpg\" decoding=\"async\" loading=\"lazy\" width=\"720\" height=\"480\" src=\"https:\/\/www.victorarandagarcia.es\/wp-content\/uploads\/02-calendario-foto-05.jpg\" alt=\"Fotograf\u00eda de unas plantas que han crecido en un saco de escombros en la calle con una ni\u00f1a tomando una peque\u00f1a flor de entre ellas\" data-id=\"2310\" data-link=\"https:\/\/www.victorarandagarcia.es\/02-calendario-foto-05\/\" class=\"wp-image-2310\" srcset=\"https:\/\/www.victorarandagarcia.es\/wp-content\/uploads\/02-calendario-foto-05.jpg 720w, https:\/\/www.victorarandagarcia.es\/wp-content\/uploads\/02-calendario-foto-05-300x200.jpg 300w\" sizes=\"(max-width: 720px) 100vw, 720px\" \/><\/figure><\/li><li class=\"blocks-gallery-item\"><figure><img data-attachment-id=\"2305\" data-permalink=\"https:\/\/www.victorarandagarcia.es\/04-calendario-foto-02\/\" data-orig-file=\"https:\/\/www.victorarandagarcia.es\/wp-content\/uploads\/04-calendario-foto-02.jpg\" data-orig-size=\"720,480\" data-comments-opened=\"0\" data-image-meta=\"{&quot;aperture&quot;:&quot;7.1&quot;,&quot;credit&quot;:&quot;&quot;,&quot;camera&quot;:&quot;Canon EOS 50D&quot;,&quot;caption&quot;:&quot;&quot;,&quot;created_timestamp&quot;:&quot;1274459842&quot;,&quot;copyright&quot;:&quot;&quot;,&quot;focal_length&quot;:&quot;50&quot;,&quot;iso&quot;:&quot;400&quot;,&quot;shutter_speed&quot;:&quot;0.005&quot;,&quot;title&quot;:&quot;&quot;,&quot;orientation&quot;:&quot;1&quot;}\" data-image-title=\"04-calendario-foto-02\" data-image-description=\"&lt;p&gt;&#8216;Naturaleza urbana&#8217; &#8211; Fotograf\u00eda inclu\u00edda en el calendario 2020&lt;\/p&gt;\n\" data-image-caption=\"\" data-medium-file=\"https:\/\/www.victorarandagarcia.es\/wp-content\/uploads\/04-calendario-foto-02-300x200.jpg\" data-large-file=\"https:\/\/www.victorarandagarcia.es\/wp-content\/uploads\/04-calendario-foto-02.jpg\" decoding=\"async\" loading=\"lazy\" width=\"720\" height=\"480\" src=\"https:\/\/www.victorarandagarcia.es\/wp-content\/uploads\/04-calendario-foto-02.jpg\" alt=\"Fotograf\u00eda de dos plantas crecidas en un suelo azul en la parte baja de un muro pintado de naranja\" data-id=\"2305\" data-link=\"https:\/\/www.victorarandagarcia.es\/04-calendario-foto-02\/\" class=\"wp-image-2305\" srcset=\"https:\/\/www.victorarandagarcia.es\/wp-content\/uploads\/04-calendario-foto-02.jpg 720w, https:\/\/www.victorarandagarcia.es\/wp-content\/uploads\/04-calendario-foto-02-300x200.jpg 300w\" sizes=\"(max-width: 720px) 100vw, 720px\" \/><\/figure><\/li><li class=\"blocks-gallery-item\"><figure><img data-attachment-id=\"2301\" data-permalink=\"https:\/\/www.victorarandagarcia.es\/05-calendario-foto\/\" data-orig-file=\"https:\/\/www.victorarandagarcia.es\/wp-content\/uploads\/05-calendario-foto.jpg\" data-orig-size=\"720,480\" data-comments-opened=\"0\" data-image-meta=\"{&quot;aperture&quot;:&quot;5.6&quot;,&quot;credit&quot;:&quot;Victor Aranda Garcia&quot;,&quot;camera&quot;:&quot;Canon EOS 50D&quot;,&quot;caption&quot;:&quot;&quot;,&quot;created_timestamp&quot;:&quot;1431194544&quot;,&quot;copyright&quot;:&quot;Victor Aranda Garcia&quot;,&quot;focal_length&quot;:&quot;18&quot;,&quot;iso&quot;:&quot;100&quot;,&quot;shutter_speed&quot;:&quot;0.0008&quot;,&quot;title&quot;:&quot;&quot;,&quot;orientation&quot;:&quot;1&quot;}\" data-image-title=\"05-calendario-foto\" data-image-description=\"&lt;p&gt;&#8216;Naturaleza urbana&#8217; &#8211; Fotograf\u00eda inclu\u00edda en el calendario 2020&lt;\/p&gt;\n\" data-image-caption=\"\" data-medium-file=\"https:\/\/www.victorarandagarcia.es\/wp-content\/uploads\/05-calendario-foto-300x200.jpg\" data-large-file=\"https:\/\/www.victorarandagarcia.es\/wp-content\/uploads\/05-calendario-foto.jpg\" decoding=\"async\" loading=\"lazy\" width=\"720\" height=\"480\" src=\"https:\/\/www.victorarandagarcia.es\/wp-content\/uploads\/05-calendario-foto.jpg\" alt=\"Fotograf\u00eda de unas amapolas creciendo en una carretera\" data-id=\"2301\" data-link=\"https:\/\/www.victorarandagarcia.es\/05-calendario-foto\/\" class=\"wp-image-2301\" srcset=\"https:\/\/www.victorarandagarcia.es\/wp-content\/uploads\/05-calendario-foto.jpg 720w, https:\/\/www.victorarandagarcia.es\/wp-content\/uploads\/05-calendario-foto-300x200.jpg 300w\" sizes=\"(max-width: 720px) 100vw, 720px\" \/><\/figure><\/li><li class=\"blocks-gallery-item\"><figure><img data-attachment-id=\"2303\" data-permalink=\"https:\/\/www.victorarandagarcia.es\/07-calendario-foto-04\/\" data-orig-file=\"https:\/\/www.victorarandagarcia.es\/wp-content\/uploads\/07-calendario-foto-04.jpg\" data-orig-size=\"720,480\" data-comments-opened=\"0\" data-image-meta=\"{&quot;aperture&quot;:&quot;8&quot;,&quot;credit&quot;:&quot;Victor Aranda Garcia&quot;,&quot;camera&quot;:&quot;Canon EOS 50D&quot;,&quot;caption&quot;:&quot;&quot;,&quot;created_timestamp&quot;:&quot;1373377303&quot;,&quot;copyright&quot;:&quot;Victor Aranda Garcia&quot;,&quot;focal_length&quot;:&quot;50&quot;,&quot;iso&quot;:&quot;200&quot;,&quot;shutter_speed&quot;:&quot;0.002&quot;,&quot;title&quot;:&quot;&quot;,&quot;orientation&quot;:&quot;1&quot;}\" data-image-title=\"07-calendario-foto-04\" data-image-description=\"&lt;p&gt;&#8216;Naturaleza urbana&#8217; &#8211; Fotograf\u00eda inclu\u00edda en el calendario 2020&lt;\/p&gt;\n\" data-image-caption=\"\" data-medium-file=\"https:\/\/www.victorarandagarcia.es\/wp-content\/uploads\/07-calendario-foto-04-300x200.jpg\" data-large-file=\"https:\/\/www.victorarandagarcia.es\/wp-content\/uploads\/07-calendario-foto-04.jpg\" decoding=\"async\" loading=\"lazy\" width=\"720\" height=\"480\" src=\"https:\/\/www.victorarandagarcia.es\/wp-content\/uploads\/07-calendario-foto-04.jpg\" alt=\"Fotograf\u00eda de una planta que ha crecido en el roto de un muro pintado con un gnomo que parece celebrar la vida a su lado\" data-id=\"2303\" data-link=\"https:\/\/www.victorarandagarcia.es\/07-calendario-foto-04\/\" class=\"wp-image-2303\" srcset=\"https:\/\/www.victorarandagarcia.es\/wp-content\/uploads\/07-calendario-foto-04.jpg 720w, https:\/\/www.victorarandagarcia.es\/wp-content\/uploads\/07-calendario-foto-04-300x200.jpg 300w\" sizes=\"(max-width: 720px) 100vw, 720px\" \/><\/figure><\/li><li class=\"blocks-gallery-item\"><figure><img data-attachment-id=\"2306\" data-permalink=\"https:\/\/www.victorarandagarcia.es\/08-foto-calendario-01\/\" data-orig-file=\"https:\/\/www.victorarandagarcia.es\/wp-content\/uploads\/08-foto-calendario-01.jpg\" data-orig-size=\"720,480\" data-comments-opened=\"0\" data-image-meta=\"{&quot;aperture&quot;:&quot;6.3&quot;,&quot;credit&quot;:&quot;&quot;,&quot;camera&quot;:&quot;Canon EOS 50D&quot;,&quot;caption&quot;:&quot;&quot;,&quot;created_timestamp&quot;:&quot;1364576544&quot;,&quot;copyright&quot;:&quot;&quot;,&quot;focal_length&quot;:&quot;17&quot;,&quot;iso&quot;:&quot;200&quot;,&quot;shutter_speed&quot;:&quot;0.0025&quot;,&quot;title&quot;:&quot;&quot;,&quot;orientation&quot;:&quot;1&quot;}\" data-image-title=\"08-foto-calendario-01\" data-image-description=\"&lt;p&gt;&#8216;Naturaleza urbana&#8217; &#8211; Fotograf\u00eda inclu\u00edda en el calendario 2020&lt;\/p&gt;\n\" data-image-caption=\"\" data-medium-file=\"https:\/\/www.victorarandagarcia.es\/wp-content\/uploads\/08-foto-calendario-01-300x200.jpg\" data-large-file=\"https:\/\/www.victorarandagarcia.es\/wp-content\/uploads\/08-foto-calendario-01.jpg\" decoding=\"async\" loading=\"lazy\" width=\"720\" height=\"480\" src=\"https:\/\/www.victorarandagarcia.es\/wp-content\/uploads\/08-foto-calendario-01.jpg\" alt=\"Fotograf\u00eda de una planta en flor crecida en el puente de Valencia que la gente conoce como &quot;la peineta&quot;\" data-id=\"2306\" data-link=\"https:\/\/www.victorarandagarcia.es\/08-foto-calendario-01\/\" class=\"wp-image-2306\" srcset=\"https:\/\/www.victorarandagarcia.es\/wp-content\/uploads\/08-foto-calendario-01.jpg 720w, https:\/\/www.victorarandagarcia.es\/wp-content\/uploads\/08-foto-calendario-01-300x200.jpg 300w\" sizes=\"(max-width: 720px) 100vw, 720px\" \/><\/figure><\/li><li class=\"blocks-gallery-item\"><figure><img data-attachment-id=\"2308\" data-permalink=\"https:\/\/www.victorarandagarcia.es\/11-foto-calendario-04\/\" data-orig-file=\"https:\/\/www.victorarandagarcia.es\/wp-content\/uploads\/11-foto-calendario-04.jpg\" data-orig-size=\"720,480\" data-comments-opened=\"0\" data-image-meta=\"{&quot;aperture&quot;:&quot;9&quot;,&quot;credit&quot;:&quot;Victor Aranda Garcia&quot;,&quot;camera&quot;:&quot;Canon EOS 50D&quot;,&quot;caption&quot;:&quot;&quot;,&quot;created_timestamp&quot;:&quot;1410365680&quot;,&quot;copyright&quot;:&quot;Victor Aranda Garcia&quot;,&quot;focal_length&quot;:&quot;50&quot;,&quot;iso&quot;:&quot;800&quot;,&quot;shutter_speed&quot;:&quot;0.004&quot;,&quot;title&quot;:&quot;&quot;,&quot;orientation&quot;:&quot;1&quot;}\" data-image-title=\"11-foto-calendario-04\" data-image-description=\"&lt;p&gt;&#8216;Naturaleza urbana&#8217; &#8211; Fotograf\u00eda inclu\u00edda en el calendario 2020&lt;\/p&gt;\n\" data-image-caption=\"\" data-medium-file=\"https:\/\/www.victorarandagarcia.es\/wp-content\/uploads\/11-foto-calendario-04-300x200.jpg\" data-large-file=\"https:\/\/www.victorarandagarcia.es\/wp-content\/uploads\/11-foto-calendario-04.jpg\" decoding=\"async\" loading=\"lazy\" width=\"720\" height=\"480\" src=\"https:\/\/www.victorarandagarcia.es\/wp-content\/uploads\/11-foto-calendario-04.jpg\" alt=\"Fotograf\u00eda de una flor nacida en la parte baja de una puerta en la ciudad de Valencia\" data-id=\"2308\" data-link=\"https:\/\/www.victorarandagarcia.es\/11-foto-calendario-04\/\" class=\"wp-image-2308\" srcset=\"https:\/\/www.victorarandagarcia.es\/wp-content\/uploads\/11-foto-calendario-04.jpg 720w, https:\/\/www.victorarandagarcia.es\/wp-content\/uploads\/11-foto-calendario-04-300x200.jpg 300w\" sizes=\"(max-width: 720px) 100vw, 720px\" \/><\/figure><\/li><li class=\"blocks-gallery-item\"><figure><img data-attachment-id=\"2304\" data-permalink=\"https:\/\/www.victorarandagarcia.es\/06-foto-calendario-03\/\" data-orig-file=\"https:\/\/www.victorarandagarcia.es\/wp-content\/uploads\/06-foto-calendario-03.jpg\" data-orig-size=\"720,480\" data-comments-opened=\"0\" data-image-meta=\"{&quot;aperture&quot;:&quot;11&quot;,&quot;credit&quot;:&quot;Victor Aranda Garcia&quot;,&quot;camera&quot;:&quot;Canon EOS 50D&quot;,&quot;caption&quot;:&quot;&quot;,&quot;created_timestamp&quot;:&quot;1431193531&quot;,&quot;copyright&quot;:&quot;Victor Aranda Garcia&quot;,&quot;focal_length&quot;:&quot;20&quot;,&quot;iso&quot;:&quot;100&quot;,&quot;shutter_speed&quot;:&quot;0.004&quot;,&quot;title&quot;:&quot;&quot;,&quot;orientation&quot;:&quot;1&quot;}\" data-image-title=\"06-foto-calendario-03\" data-image-description=\"&lt;p&gt;&#8216;Naturaleza urbana&#8217; &#8211; Fotograf\u00eda inclu\u00edda en el calendario 2020&lt;\/p&gt;\n\" data-image-caption=\"\" data-medium-file=\"https:\/\/www.victorarandagarcia.es\/wp-content\/uploads\/06-foto-calendario-03-300x200.jpg\" data-large-file=\"https:\/\/www.victorarandagarcia.es\/wp-content\/uploads\/06-foto-calendario-03.jpg\" decoding=\"async\" loading=\"lazy\" width=\"720\" height=\"480\" src=\"https:\/\/www.victorarandagarcia.es\/wp-content\/uploads\/06-foto-calendario-03.jpg\" alt=\"Fotograf\u00eda de una planta a punto de florecer en medio de una acera con un campo de torres el\u00e9ctricas de fondo\" data-id=\"2304\" data-link=\"https:\/\/www.victorarandagarcia.es\/06-foto-calendario-03\/\" class=\"wp-image-2304\" srcset=\"https:\/\/www.victorarandagarcia.es\/wp-content\/uploads\/06-foto-calendario-03.jpg 720w, https:\/\/www.victorarandagarcia.es\/wp-content\/uploads\/06-foto-calendario-03-300x200.jpg 300w\" sizes=\"(max-width: 720px) 100vw, 720px\" \/><\/figure><\/li><\/ul>\n","protected":false},"excerpt":{"rendered":"<p>El calendario de 2020 lo dedico a mi serie Naturaleza Urbana, unas fotograf\u00edas que empec\u00e9 a hacer en la primavera de 2002 fascinado por la capacidad de algunas plantas de crecer en los lugares m\u00e1s insospechados del entorno urbano.  &hellip; <a href=\"https:\/\/www.victorarandagarcia.es\/index.php\/publicaciones\/calendario\/calendario-2020\/\" class=\"more-link\"><span>Continuar<span class=\"screen-reader-text\">Calendario 2020<\/span><\/span><\/a><\/p>\n","protected":false},"author":1,"featured_media":2312,"comment_status":"closed","ping_status":"open","sticky":false,"template":"","format":"standard","meta":{"jetpack_post_was_ever_published":false,"_jetpack_newsletter_access":"","_jetpack_dont_email_post_to_subs":false,"_jetpack_newsletter_tier_id":0,"_jetpack_memberships_contains_paywalled_content":false,"footnotes":"","_jetpack_memberships_contains_paid_content":false},"categories":[78],"tags":[35,80,34,79],"yoast_head":"<!-- This site is optimized with the Yoast SEO plugin v22.6 - https:\/\/yoast.com\/wordpress\/plugins\/seo\/ -->\n<title>Calendario 2020 - arte y estudio<\/title>\n<meta name=\"description\" content=\"El calendario de 2020 lo dedico a mi serie Naturaleza Urbana, unas fotograf\u00edas que empec\u00e9 a hacer en 2002 fascinado por la capacidad de algunas plantas p...\" \/>\n<meta name=\"robots\" content=\"index, follow, max-snippet:-1, max-image-preview:large, max-video-preview:-1\" \/>\n<link rel=\"canonical\" href=\"https:\/\/www.victorarandagarcia.es\/index.php\/publicaciones\/calendario\/calendario-2020\/\" \/>\n<meta property=\"og:locale\" content=\"es_ES\" \/>\n<meta property=\"og:type\" content=\"article\" \/>\n<meta property=\"og:title\" content=\"Calendario 2020 - arte y estudio\" \/>\n<meta property=\"og:description\" content=\"El calendario de 2020 lo dedico a mi serie Naturaleza Urbana, unas fotograf\u00edas que empec\u00e9 a hacer en 2002 fascinado por la capacidad de algunas plantas p...\" \/>\n<meta property=\"og:url\" content=\"https:\/\/www.victorarandagarcia.es\/index.php\/publicaciones\/calendario\/calendario-2020\/\" \/>\n<meta property=\"og:site_name\" content=\"arte y estudio\" \/>\n<meta property=\"article:published_time\" content=\"2019-12-06T19:04:35+00:00\" \/>\n<meta property=\"article:modified_time\" content=\"2019-12-06T19:12:15+00:00\" \/>\n<meta property=\"og:image\" content=\"https:\/\/www.victorarandagarcia.es\/wp-content\/uploads\/01-portada-calendario.jpg\" \/>\n\t<meta property=\"og:image:width\" content=\"515\" \/>\n\t<meta property=\"og:image:height\" content=\"720\" \/>\n\t<meta property=\"og:image:type\" content=\"image\/jpeg\" \/>\n<meta name=\"author\" content=\"victorarandagarcia\" \/>\n<meta name=\"twitter:card\" content=\"summary_large_image\" \/>\n<meta name=\"twitter:label1\" content=\"Escrito por\" \/>\n\t<meta name=\"twitter:data1\" content=\"victorarandagarcia\" \/>\n\t<meta name=\"twitter:label2\" content=\"Tiempo de lectura\" \/>\n\t<meta name=\"twitter:data2\" content=\"1 minuto\" \/>\n<script type=\"application\/ld+json\" class=\"yoast-schema-graph\">{\"@context\":\"https:\/\/schema.org\",\"@graph\":[{\"@type\":\"Article\",\"@id\":\"https:\/\/www.victorarandagarcia.es\/index.php\/publicaciones\/calendario\/calendario-2020\/#article\",\"isPartOf\":{\"@id\":\"https:\/\/www.victorarandagarcia.es\/index.php\/publicaciones\/calendario\/calendario-2020\/\"},\"author\":{\"name\":\"victorarandagarcia\",\"@id\":\"https:\/\/www.victorarandagarcia.es\/#\/schema\/person\/bfa9c61a3776d517deeee5f9386ef302\"},\"headline\":\"Calendario 2020\",\"datePublished\":\"2019-12-06T19:04:35+00:00\",\"dateModified\":\"2019-12-06T19:12:15+00:00\",\"mainEntityOfPage\":{\"@id\":\"https:\/\/www.victorarandagarcia.es\/index.php\/publicaciones\/calendario\/calendario-2020\/\"},\"wordCount\":245,\"publisher\":{\"@id\":\"https:\/\/www.victorarandagarcia.es\/#organization\"},\"image\":{\"@id\":\"https:\/\/www.victorarandagarcia.es\/index.php\/publicaciones\/calendario\/calendario-2020\/#primaryimage\"},\"thumbnailUrl\":\"https:\/\/www.victorarandagarcia.es\/wp-content\/uploads\/01-portada-calendario.jpg\",\"keywords\":[\"arte\",\"calendario\",\"estudio\",\"publicaciones\"],\"articleSection\":[\"CALENDARIO ANUAL\"],\"inLanguage\":\"es\"},{\"@type\":\"WebPage\",\"@id\":\"https:\/\/www.victorarandagarcia.es\/index.php\/publicaciones\/calendario\/calendario-2020\/\",\"url\":\"https:\/\/www.victorarandagarcia.es\/index.php\/publicaciones\/calendario\/calendario-2020\/\",\"name\":\"Calendario 2020 - arte y estudio\",\"isPartOf\":{\"@id\":\"https:\/\/www.victorarandagarcia.es\/#website\"},\"primaryImageOfPage\":{\"@id\":\"https:\/\/www.victorarandagarcia.es\/index.php\/publicaciones\/calendario\/calendario-2020\/#primaryimage\"},\"image\":{\"@id\":\"https:\/\/www.victorarandagarcia.es\/index.php\/publicaciones\/calendario\/calendario-2020\/#primaryimage\"},\"thumbnailUrl\":\"https:\/\/www.victorarandagarcia.es\/wp-content\/uploads\/01-portada-calendario.jpg\",\"datePublished\":\"2019-12-06T19:04:35+00:00\",\"dateModified\":\"2019-12-06T19:12:15+00:00\",\"description\":\"El calendario de 2020 lo dedico a mi serie Naturaleza Urbana, unas fotograf\u00edas que empec\u00e9 a hacer en 2002 fascinado por la capacidad de algunas plantas p...\",\"breadcrumb\":{\"@id\":\"https:\/\/www.victorarandagarcia.es\/index.php\/publicaciones\/calendario\/calendario-2020\/#breadcrumb\"},\"inLanguage\":\"es\",\"potentialAction\":[{\"@type\":\"ReadAction\",\"target\":[\"https:\/\/www.victorarandagarcia.es\/index.php\/publicaciones\/calendario\/calendario-2020\/\"]}]},{\"@type\":\"ImageObject\",\"inLanguage\":\"es\",\"@id\":\"https:\/\/www.victorarandagarcia.es\/index.php\/publicaciones\/calendario\/calendario-2020\/#primaryimage\",\"url\":\"https:\/\/www.victorarandagarcia.es\/wp-content\/uploads\/01-portada-calendario.jpg\",\"contentUrl\":\"https:\/\/www.victorarandagarcia.es\/wp-content\/uploads\/01-portada-calendario.jpg\",\"width\":515,\"height\":720,\"caption\":\"Portada del calendario con la fotograf\u00eda de una ca\u00f1a que ha crecido dentro del m\u00e1stil hueco de una farola y asoma por su parte superior\"},{\"@type\":\"BreadcrumbList\",\"@id\":\"https:\/\/www.victorarandagarcia.es\/index.php\/publicaciones\/calendario\/calendario-2020\/#breadcrumb\",\"itemListElement\":[{\"@type\":\"ListItem\",\"position\":1,\"name\":\"Portada\",\"item\":\"https:\/\/www.victorarandagarcia.es\/\"},{\"@type\":\"ListItem\",\"position\":2,\"name\":\"Calendario 2020\"}]},{\"@type\":\"WebSite\",\"@id\":\"https:\/\/www.victorarandagarcia.es\/#website\",\"url\":\"https:\/\/www.victorarandagarcia.es\/\",\"name\":\"arte y estudio\",\"description\":\"Fot\u00f3grafo\",\"publisher\":{\"@id\":\"https:\/\/www.victorarandagarcia.es\/#organization\"},\"potentialAction\":[{\"@type\":\"SearchAction\",\"target\":{\"@type\":\"EntryPoint\",\"urlTemplate\":\"https:\/\/www.victorarandagarcia.es\/?s={search_term_string}\"},\"query-input\":\"required name=search_term_string\"}],\"inLanguage\":\"es\"},{\"@type\":\"Organization\",\"@id\":\"https:\/\/www.victorarandagarcia.es\/#organization\",\"name\":\"arte y estudio\",\"url\":\"https:\/\/www.victorarandagarcia.es\/\",\"logo\":{\"@type\":\"ImageObject\",\"inLanguage\":\"es\",\"@id\":\"https:\/\/www.victorarandagarcia.es\/#\/schema\/logo\/image\/\",\"url\":\"https:\/\/www.victorarandagarcia.es\/wp-content\/uploads\/2019\/03\/logo-fotografo.png\",\"contentUrl\":\"https:\/\/www.victorarandagarcia.es\/wp-content\/uploads\/2019\/03\/logo-fotografo.png\",\"width\":150,\"height\":150,\"caption\":\"arte y estudio\"},\"image\":{\"@id\":\"https:\/\/www.victorarandagarcia.es\/#\/schema\/logo\/image\/\"}},{\"@type\":\"Person\",\"@id\":\"https:\/\/www.victorarandagarcia.es\/#\/schema\/person\/bfa9c61a3776d517deeee5f9386ef302\",\"name\":\"victorarandagarcia\",\"image\":{\"@type\":\"ImageObject\",\"inLanguage\":\"es\",\"@id\":\"https:\/\/www.victorarandagarcia.es\/#\/schema\/person\/image\/\",\"url\":\"https:\/\/secure.gravatar.com\/avatar\/957a01ac23a6393e755ae8225c35dbdb?s=96&d=mm&r=g\",\"contentUrl\":\"https:\/\/secure.gravatar.com\/avatar\/957a01ac23a6393e755ae8225c35dbdb?s=96&d=mm&r=g\",\"caption\":\"victorarandagarcia\"}}]}<\/script>\n<!-- \/ Yoast SEO plugin. -->","yoast_head_json":{"title":"Calendario 2020 - arte y estudio","description":"El calendario de 2020 lo dedico a mi serie Naturaleza Urbana, unas fotograf\u00edas que empec\u00e9 a hacer en 2002 fascinado por la capacidad de algunas plantas p...","robots":{"index":"index","follow":"follow","max-snippet":"max-snippet:-1","max-image-preview":"max-image-preview:large","max-video-preview":"max-video-preview:-1"},"canonical":"https:\/\/www.victorarandagarcia.es\/index.php\/publicaciones\/calendario\/calendario-2020\/","og_locale":"es_ES","og_type":"article","og_title":"Calendario 2020 - arte y estudio","og_description":"El calendario de 2020 lo dedico a mi serie Naturaleza Urbana, unas fotograf\u00edas que empec\u00e9 a hacer en 2002 fascinado por la capacidad de algunas plantas p...","og_url":"https:\/\/www.victorarandagarcia.es\/index.php\/publicaciones\/calendario\/calendario-2020\/","og_site_name":"arte y estudio","article_published_time":"2019-12-06T19:04:35+00:00","article_modified_time":"2019-12-06T19:12:15+00:00","og_image":[{"width":515,"height":720,"url":"https:\/\/www.victorarandagarcia.es\/wp-content\/uploads\/01-portada-calendario.jpg","type":"image\/jpeg"}],"author":"victorarandagarcia","twitter_card":"summary_large_image","twitter_misc":{"Escrito por":"victorarandagarcia","Tiempo de lectura":"1 minuto"},"schema":{"@context":"https:\/\/schema.org","@graph":[{"@type":"Article","@id":"https:\/\/www.victorarandagarcia.es\/index.php\/publicaciones\/calendario\/calendario-2020\/#article","isPartOf":{"@id":"https:\/\/www.victorarandagarcia.es\/index.php\/publicaciones\/calendario\/calendario-2020\/"},"author":{"name":"victorarandagarcia","@id":"https:\/\/www.victorarandagarcia.es\/#\/schema\/person\/bfa9c61a3776d517deeee5f9386ef302"},"headline":"Calendario 2020","datePublished":"2019-12-06T19:04:35+00:00","dateModified":"2019-12-06T19:12:15+00:00","mainEntityOfPage":{"@id":"https:\/\/www.victorarandagarcia.es\/index.php\/publicaciones\/calendario\/calendario-2020\/"},"wordCount":245,"publisher":{"@id":"https:\/\/www.victorarandagarcia.es\/#organization"},"image":{"@id":"https:\/\/www.victorarandagarcia.es\/index.php\/publicaciones\/calendario\/calendario-2020\/#primaryimage"},"thumbnailUrl":"https:\/\/www.victorarandagarcia.es\/wp-content\/uploads\/01-portada-calendario.jpg","keywords":["arte","calendario","estudio","publicaciones"],"articleSection":["CALENDARIO ANUAL"],"inLanguage":"es"},{"@type":"WebPage","@id":"https:\/\/www.victorarandagarcia.es\/index.php\/publicaciones\/calendario\/calendario-2020\/","url":"https:\/\/www.victorarandagarcia.es\/index.php\/publicaciones\/calendario\/calendario-2020\/","name":"Calendario 2020 - arte y estudio","isPartOf":{"@id":"https:\/\/www.victorarandagarcia.es\/#website"},"primaryImageOfPage":{"@id":"https:\/\/www.victorarandagarcia.es\/index.php\/publicaciones\/calendario\/calendario-2020\/#primaryimage"},"image":{"@id":"https:\/\/www.victorarandagarcia.es\/index.php\/publicaciones\/calendario\/calendario-2020\/#primaryimage"},"thumbnailUrl":"https:\/\/www.victorarandagarcia.es\/wp-content\/uploads\/01-portada-calendario.jpg","datePublished":"2019-12-06T19:04:35+00:00","dateModified":"2019-12-06T19:12:15+00:00","description":"El calendario de 2020 lo dedico a mi serie Naturaleza Urbana, unas fotograf\u00edas que empec\u00e9 a hacer en 2002 fascinado por la capacidad de algunas plantas p...","breadcrumb":{"@id":"https:\/\/www.victorarandagarcia.es\/index.php\/publicaciones\/calendario\/calendario-2020\/#breadcrumb"},"inLanguage":"es","potentialAction":[{"@type":"ReadAction","target":["https:\/\/www.victorarandagarcia.es\/index.php\/publicaciones\/calendario\/calendario-2020\/"]}]},{"@type":"ImageObject","inLanguage":"es","@id":"https:\/\/www.victorarandagarcia.es\/index.php\/publicaciones\/calendario\/calendario-2020\/#primaryimage","url":"https:\/\/www.victorarandagarcia.es\/wp-content\/uploads\/01-portada-calendario.jpg","contentUrl":"https:\/\/www.victorarandagarcia.es\/wp-content\/uploads\/01-portada-calendario.jpg","width":515,"height":720,"caption":"Portada del calendario con la fotograf\u00eda de una ca\u00f1a que ha crecido dentro del m\u00e1stil hueco de una farola y asoma por su parte superior"},{"@type":"BreadcrumbList","@id":"https:\/\/www.victorarandagarcia.es\/index.php\/publicaciones\/calendario\/calendario-2020\/#breadcrumb","itemListElement":[{"@type":"ListItem","position":1,"name":"Portada","item":"https:\/\/www.victorarandagarcia.es\/"},{"@type":"ListItem","position":2,"name":"Calendario 2020"}]},{"@type":"WebSite","@id":"https:\/\/www.victorarandagarcia.es\/#website","url":"https:\/\/www.victorarandagarcia.es\/","name":"arte y estudio","description":"Fot\u00f3grafo","publisher":{"@id":"https:\/\/www.victorarandagarcia.es\/#organization"},"potentialAction":[{"@type":"SearchAction","target":{"@type":"EntryPoint","urlTemplate":"https:\/\/www.victorarandagarcia.es\/?s={search_term_string}"},"query-input":"required name=search_term_string"}],"inLanguage":"es"},{"@type":"Organization","@id":"https:\/\/www.victorarandagarcia.es\/#organization","name":"arte y estudio","url":"https:\/\/www.victorarandagarcia.es\/","logo":{"@type":"ImageObject","inLanguage":"es","@id":"https:\/\/www.victorarandagarcia.es\/#\/schema\/logo\/image\/","url":"https:\/\/www.victorarandagarcia.es\/wp-content\/uploads\/2019\/03\/logo-fotografo.png","contentUrl":"https:\/\/www.victorarandagarcia.es\/wp-content\/uploads\/2019\/03\/logo-fotografo.png","width":150,"height":150,"caption":"arte y estudio"},"image":{"@id":"https:\/\/www.victorarandagarcia.es\/#\/schema\/logo\/image\/"}},{"@type":"Person","@id":"https:\/\/www.victorarandagarcia.es\/#\/schema\/person\/bfa9c61a3776d517deeee5f9386ef302","name":"victorarandagarcia","image":{"@type":"ImageObject","inLanguage":"es","@id":"https:\/\/www.victorarandagarcia.es\/#\/schema\/person\/image\/","url":"https:\/\/secure.gravatar.com\/avatar\/957a01ac23a6393e755ae8225c35dbdb?s=96&d=mm&r=g","contentUrl":"https:\/\/secure.gravatar.com\/avatar\/957a01ac23a6393e755ae8225c35dbdb?s=96&d=mm&r=g","caption":"victorarandagarcia"}}]}},"jetpack_featured_media_url":"https:\/\/www.victorarandagarcia.es\/wp-content\/uploads\/01-portada-calendario.jpg","jetpack_sharing_enabled":true,"_links":{"self":[{"href":"https:\/\/www.victorarandagarcia.es\/index.php\/wp-json\/wp\/v2\/posts\/2314"}],"collection":[{"href":"https:\/\/www.victorarandagarcia.es\/index.php\/wp-json\/wp\/v2\/posts"}],"about":[{"href":"https:\/\/www.victorarandagarcia.es\/index.php\/wp-json\/wp\/v2\/types\/post"}],"author":[{"embeddable":true,"href":"https:\/\/www.victorarandagarcia.es\/index.php\/wp-json\/wp\/v2\/users\/1"}],"replies":[{"embeddable":true,"href":"https:\/\/www.victorarandagarcia.es\/index.php\/wp-json\/wp\/v2\/comments?post=2314"}],"version-history":[{"count":2,"href":"https:\/\/www.victorarandagarcia.es\/index.php\/wp-json\/wp\/v2\/posts\/2314\/revisions"}],"predecessor-version":[{"id":2316,"href":"https:\/\/www.victorarandagarcia.es\/index.php\/wp-json\/wp\/v2\/posts\/2314\/revisions\/2316"}],"wp:featuredmedia":[{"embeddable":true,"href":"https:\/\/www.victorarandagarcia.es\/index.php\/wp-json\/wp\/v2\/media\/2312"}],"wp:attachment":[{"href":"https:\/\/www.victorarandagarcia.es\/index.php\/wp-json\/wp\/v2\/media?parent=2314"}],"wp:term":[{"taxonomy":"category","embeddable":true,"href":"https:\/\/www.victorarandagarcia.es\/index.php\/wp-json\/wp\/v2\/categories?post=2314"},{"taxonomy":"post_tag","embeddable":true,"href":"https:\/\/www.victorarandagarcia.es\/index.php\/wp-json\/wp\/v2\/tags?post=2314"}],"curies":[{"name":"wp","href":"https:\/\/api.w.org\/{rel}","templated":true}]}}