{"id":2285,"date":"2019-12-06T19:38:41","date_gmt":"2019-12-06T18:38:41","guid":{"rendered":"https:\/\/www.victorarandagarcia.es\/?p=2285"},"modified":"2019-12-06T19:38:44","modified_gmt":"2019-12-06T18:38:44","slug":"calendario-2019","status":"publish","type":"post","link":"https:\/\/www.victorarandagarcia.es\/index.php\/publicaciones\/calendario\/calendario-2019\/","title":{"rendered":"Calendario 2019"},"content":{"rendered":"\n<p>Ya est\u00e1 disponible el calendario que he dedicado este a\u00f1o a las fotograf\u00edas de la serie <strong><em><a href=\"https:\/\/www.victorarandagarcia.es\/index.php\/category\/arte\/limites\/\">\u00abL\u00edmites\u00bb<\/a><\/em><\/strong>. Son muchas las fotos que he ido a\u00f1adiendo a esta heterog\u00e9nea colecci\u00f3n desde que le di su nombre en 2003 con motivo de la exposici\u00f3n que realic\u00e9 con ellas en la desaparecida Sala Yesqueros de Murcia. L\u00edmites es una serie de series, un popurri de ideas, b\u00fasquedas y encuentros que he intentado ordenar para la ocasi\u00f3n en este calendario. Para la ocasi\u00f3n he preferido descartar las fotos que he realizado en color para esta serie, asi que este a\u00f1o ser\u00e1 la primera vez que dedico integramente el calendario a fotos en blanco y negro. Incluyo aqu\u00ed varias muestras del dise\u00f1o junto a las fotos seleccionadas. \u00a1Espero que os guste! El tama\u00f1o es A3, para colgar en pared, catorce p\u00e1ginas (portada m\u00e1s los doces meses y enero 2020 de regalo).<\/p>\n\n\n\n<ul class=\"wp-block-gallery columns-3 is-cropped wp-block-gallery-1 is-layout-flex wp-block-gallery-is-layout-flex\"><li class=\"blocks-gallery-item\"><figure><img data-attachment-id=\"2292\" data-permalink=\"https:\/\/www.victorarandagarcia.es\/calendario-2019-1\/\" data-orig-file=\"https:\/\/www.victorarandagarcia.es\/wp-content\/uploads\/calendario-2019-1.jpg\" data-orig-size=\"512,720\" data-comments-opened=\"0\" data-image-meta=\"{&quot;aperture&quot;:&quot;0&quot;,&quot;credit&quot;:&quot;&quot;,&quot;camera&quot;:&quot;&quot;,&quot;caption&quot;:&quot;&quot;,&quot;created_timestamp&quot;:&quot;0&quot;,&quot;copyright&quot;:&quot;&quot;,&quot;focal_length&quot;:&quot;0&quot;,&quot;iso&quot;:&quot;0&quot;,&quot;shutter_speed&quot;:&quot;0&quot;,&quot;title&quot;:&quot;&quot;,&quot;orientation&quot;:&quot;1&quot;}\" data-image-title=\"calendario-2019-1\" data-image-description=\"&lt;p&gt;Portada del calendario 2019&lt;\/p&gt;\n\" data-image-caption=\"\" data-medium-file=\"https:\/\/www.victorarandagarcia.es\/wp-content\/uploads\/calendario-2019-1-213x300.jpg\" data-large-file=\"https:\/\/www.victorarandagarcia.es\/wp-content\/uploads\/calendario-2019-1.jpg\" decoding=\"async\" loading=\"lazy\" width=\"512\" height=\"720\" src=\"https:\/\/www.victorarandagarcia.es\/wp-content\/uploads\/calendario-2019-1.jpg\" alt=\"Portada del calendario con una fotograf\u00eda de una valla publicitaria con un cartel rasgado que recuerda al dibujo de las nubes que hay sobre \u00e9l\" data-id=\"2292\" data-link=\"https:\/\/www.victorarandagarcia.es\/calendario-2019-1\/\" class=\"wp-image-2292\" srcset=\"https:\/\/www.victorarandagarcia.es\/wp-content\/uploads\/calendario-2019-1.jpg 512w, https:\/\/www.victorarandagarcia.es\/wp-content\/uploads\/calendario-2019-1-213x300.jpg 213w\" sizes=\"(max-width: 512px) 100vw, 512px\" \/><\/figure><\/li><li class=\"blocks-gallery-item\"><figure><img data-attachment-id=\"2286\" data-permalink=\"https:\/\/www.victorarandagarcia.es\/calendario-2019-2\/\" data-orig-file=\"https:\/\/www.victorarandagarcia.es\/wp-content\/uploads\/calendario-2019-2.jpg\" data-orig-size=\"512,720\" data-comments-opened=\"0\" data-image-meta=\"{&quot;aperture&quot;:&quot;0&quot;,&quot;credit&quot;:&quot;&quot;,&quot;camera&quot;:&quot;&quot;,&quot;caption&quot;:&quot;&quot;,&quot;created_timestamp&quot;:&quot;0&quot;,&quot;copyright&quot;:&quot;&quot;,&quot;focal_length&quot;:&quot;0&quot;,&quot;iso&quot;:&quot;0&quot;,&quot;shutter_speed&quot;:&quot;0&quot;,&quot;title&quot;:&quot;&quot;,&quot;orientation&quot;:&quot;1&quot;}\" data-image-title=\"calendario-2019-2\" data-image-description=\"&lt;p&gt;P\u00e1gina muestra del dise\u00f1o del calendario 2019&lt;\/p&gt;\n\" data-image-caption=\"\" data-medium-file=\"https:\/\/www.victorarandagarcia.es\/wp-content\/uploads\/calendario-2019-2-213x300.jpg\" data-large-file=\"https:\/\/www.victorarandagarcia.es\/wp-content\/uploads\/calendario-2019-2.jpg\" decoding=\"async\" loading=\"lazy\" width=\"512\" height=\"720\" src=\"https:\/\/www.victorarandagarcia.es\/wp-content\/uploads\/calendario-2019-2.jpg\" alt=\"P\u00e1gina del calendario con una fotograf\u00eda de una chica tirando de una goma el\u00e1stica de cuyo otro extremo tira ella misma desde una foto polaroid realizada previamente\" data-id=\"2286\" data-link=\"https:\/\/www.victorarandagarcia.es\/calendario-2019-2\/\" class=\"wp-image-2286\" srcset=\"https:\/\/www.victorarandagarcia.es\/wp-content\/uploads\/calendario-2019-2.jpg 512w, https:\/\/www.victorarandagarcia.es\/wp-content\/uploads\/calendario-2019-2-213x300.jpg 213w\" sizes=\"(max-width: 512px) 100vw, 512px\" \/><\/figure><\/li><li class=\"blocks-gallery-item\"><figure><img data-attachment-id=\"2287\" data-permalink=\"https:\/\/www.victorarandagarcia.es\/calendario-2019-4\/\" data-orig-file=\"https:\/\/www.victorarandagarcia.es\/wp-content\/uploads\/calendario-2019-4.jpg\" data-orig-size=\"512,720\" data-comments-opened=\"0\" data-image-meta=\"{&quot;aperture&quot;:&quot;0&quot;,&quot;credit&quot;:&quot;&quot;,&quot;camera&quot;:&quot;&quot;,&quot;caption&quot;:&quot;&quot;,&quot;created_timestamp&quot;:&quot;0&quot;,&quot;copyright&quot;:&quot;&quot;,&quot;focal_length&quot;:&quot;0&quot;,&quot;iso&quot;:&quot;0&quot;,&quot;shutter_speed&quot;:&quot;0&quot;,&quot;title&quot;:&quot;&quot;,&quot;orientation&quot;:&quot;1&quot;}\" data-image-title=\"calendario-2019-4\" data-image-description=\"&lt;p&gt;P\u00e1gina muestra del dise\u00f1o del calendario 2019&lt;\/p&gt;\n\" data-image-caption=\"\" data-medium-file=\"https:\/\/www.victorarandagarcia.es\/wp-content\/uploads\/calendario-2019-4-213x300.jpg\" data-large-file=\"https:\/\/www.victorarandagarcia.es\/wp-content\/uploads\/calendario-2019-4.jpg\" decoding=\"async\" loading=\"lazy\" width=\"512\" height=\"720\" src=\"https:\/\/www.victorarandagarcia.es\/wp-content\/uploads\/calendario-2019-4.jpg\" alt=\"P\u00e1gina del calendario con una foto de un hombre a contraluz bajando el \u00faltimo escal\u00f3n de una escalera en la plaza Romea de Murcia\" data-id=\"2287\" data-link=\"https:\/\/www.victorarandagarcia.es\/calendario-2019-4\/\" class=\"wp-image-2287\" srcset=\"https:\/\/www.victorarandagarcia.es\/wp-content\/uploads\/calendario-2019-4.jpg 512w, https:\/\/www.victorarandagarcia.es\/wp-content\/uploads\/calendario-2019-4-213x300.jpg 213w\" sizes=\"(max-width: 512px) 100vw, 512px\" \/><\/figure><\/li><li class=\"blocks-gallery-item\"><figure><img data-attachment-id=\"2289\" data-permalink=\"https:\/\/www.victorarandagarcia.es\/calendario-2019-10\/\" data-orig-file=\"https:\/\/www.victorarandagarcia.es\/wp-content\/uploads\/calendario-2019-10.jpg\" data-orig-size=\"512,720\" data-comments-opened=\"0\" data-image-meta=\"{&quot;aperture&quot;:&quot;0&quot;,&quot;credit&quot;:&quot;&quot;,&quot;camera&quot;:&quot;&quot;,&quot;caption&quot;:&quot;&quot;,&quot;created_timestamp&quot;:&quot;0&quot;,&quot;copyright&quot;:&quot;&quot;,&quot;focal_length&quot;:&quot;0&quot;,&quot;iso&quot;:&quot;0&quot;,&quot;shutter_speed&quot;:&quot;0&quot;,&quot;title&quot;:&quot;&quot;,&quot;orientation&quot;:&quot;1&quot;}\" data-image-title=\"calendario-2019-10\" data-image-description=\"&lt;p&gt;P\u00e1gina muestra del dise\u00f1o del calendario 2019&lt;\/p&gt;\n\" data-image-caption=\"\" data-medium-file=\"https:\/\/www.victorarandagarcia.es\/wp-content\/uploads\/calendario-2019-10-213x300.jpg\" data-large-file=\"https:\/\/www.victorarandagarcia.es\/wp-content\/uploads\/calendario-2019-10.jpg\" decoding=\"async\" loading=\"lazy\" width=\"512\" height=\"720\" src=\"https:\/\/www.victorarandagarcia.es\/wp-content\/uploads\/calendario-2019-10.jpg\" alt=\"P\u00e1gina del calendario con la foto de un \u00e1rbol puesto boca abajo cuyas ramas desnudas en parte recuerdan a unas ra\u00edces\" data-id=\"2289\" data-link=\"https:\/\/www.victorarandagarcia.es\/calendario-2019-10\/\" class=\"wp-image-2289\" srcset=\"https:\/\/www.victorarandagarcia.es\/wp-content\/uploads\/calendario-2019-10.jpg 512w, https:\/\/www.victorarandagarcia.es\/wp-content\/uploads\/calendario-2019-10-213x300.jpg 213w\" sizes=\"(max-width: 512px) 100vw, 512px\" \/><\/figure><\/li><li class=\"blocks-gallery-item\"><figure><img data-attachment-id=\"2299\" data-permalink=\"https:\/\/www.victorarandagarcia.es\/calendario-2019-13\/\" data-orig-file=\"https:\/\/www.victorarandagarcia.es\/wp-content\/uploads\/calendario-2019-13.jpg\" data-orig-size=\"512,720\" data-comments-opened=\"0\" data-image-meta=\"{&quot;aperture&quot;:&quot;0&quot;,&quot;credit&quot;:&quot;&quot;,&quot;camera&quot;:&quot;&quot;,&quot;caption&quot;:&quot;&quot;,&quot;created_timestamp&quot;:&quot;0&quot;,&quot;copyright&quot;:&quot;&quot;,&quot;focal_length&quot;:&quot;0&quot;,&quot;iso&quot;:&quot;0&quot;,&quot;shutter_speed&quot;:&quot;0&quot;,&quot;title&quot;:&quot;&quot;,&quot;orientation&quot;:&quot;1&quot;}\" data-image-title=\"calendario-2019-13\" data-image-description=\"&lt;p&gt;P\u00e1gina muestra del dise\u00f1o del calendario 2019&lt;\/p&gt;\n\" data-image-caption=\"\" data-medium-file=\"https:\/\/www.victorarandagarcia.es\/wp-content\/uploads\/calendario-2019-13-213x300.jpg\" data-large-file=\"https:\/\/www.victorarandagarcia.es\/wp-content\/uploads\/calendario-2019-13.jpg\" decoding=\"async\" loading=\"lazy\" width=\"512\" height=\"720\" src=\"https:\/\/www.victorarandagarcia.es\/wp-content\/uploads\/calendario-2019-13.jpg\" alt=\"P\u00e1gina del calendario con una fotograf\u00eda de papeles amontonados haciendo formas curvas en blanco y negro\" data-id=\"2299\" data-link=\"https:\/\/www.victorarandagarcia.es\/calendario-2019-13\/\" class=\"wp-image-2299\" srcset=\"https:\/\/www.victorarandagarcia.es\/wp-content\/uploads\/calendario-2019-13.jpg 512w, https:\/\/www.victorarandagarcia.es\/wp-content\/uploads\/calendario-2019-13-213x300.jpg 213w\" sizes=\"(max-width: 512px) 100vw, 512px\" \/><\/figure><\/li><li class=\"blocks-gallery-item\"><figure><img data-attachment-id=\"2294\" data-permalink=\"https:\/\/www.victorarandagarcia.es\/calendario-2019-9\/\" data-orig-file=\"https:\/\/www.victorarandagarcia.es\/wp-content\/uploads\/calendario-2019-9.jpg\" data-orig-size=\"481,720\" data-comments-opened=\"0\" data-image-meta=\"{&quot;aperture&quot;:&quot;0&quot;,&quot;credit&quot;:&quot;&quot;,&quot;camera&quot;:&quot;&quot;,&quot;caption&quot;:&quot;&quot;,&quot;created_timestamp&quot;:&quot;0&quot;,&quot;copyright&quot;:&quot;&quot;,&quot;focal_length&quot;:&quot;0&quot;,&quot;iso&quot;:&quot;0&quot;,&quot;shutter_speed&quot;:&quot;0&quot;,&quot;title&quot;:&quot;&quot;,&quot;orientation&quot;:&quot;1&quot;}\" data-image-title=\"calendario-2019-9\" data-image-description=\"&lt;p&gt;Fotograf\u00eda inclu\u00edda en el calendario 2019&lt;\/p&gt;\n\" data-image-caption=\"\" data-medium-file=\"https:\/\/www.victorarandagarcia.es\/wp-content\/uploads\/calendario-2019-9-200x300.jpg\" data-large-file=\"https:\/\/www.victorarandagarcia.es\/wp-content\/uploads\/calendario-2019-9.jpg\" decoding=\"async\" loading=\"lazy\" width=\"481\" height=\"720\" src=\"https:\/\/www.victorarandagarcia.es\/wp-content\/uploads\/calendario-2019-9.jpg\" alt=\"Fotograf\u00eda de una casa tradicional de la huerta valenciana con una cruz sobre la fachada con las estelas de dos aviones dibujando otra cruz en el cielo\" data-id=\"2294\" data-link=\"https:\/\/www.victorarandagarcia.es\/calendario-2019-9\/\" class=\"wp-image-2294\" srcset=\"https:\/\/www.victorarandagarcia.es\/wp-content\/uploads\/calendario-2019-9.jpg 481w, https:\/\/www.victorarandagarcia.es\/wp-content\/uploads\/calendario-2019-9-200x300.jpg 200w\" sizes=\"(max-width: 481px) 100vw, 481px\" \/><\/figure><\/li><li class=\"blocks-gallery-item\"><figure><img data-attachment-id=\"2291\" data-permalink=\"https:\/\/www.victorarandagarcia.es\/calendario-2019-11\/\" data-orig-file=\"https:\/\/www.victorarandagarcia.es\/wp-content\/uploads\/calendario-2019-11.jpg\" data-orig-size=\"720,481\" data-comments-opened=\"0\" data-image-meta=\"{&quot;aperture&quot;:&quot;0&quot;,&quot;credit&quot;:&quot;&quot;,&quot;camera&quot;:&quot;&quot;,&quot;caption&quot;:&quot;&quot;,&quot;created_timestamp&quot;:&quot;0&quot;,&quot;copyright&quot;:&quot;&quot;,&quot;focal_length&quot;:&quot;0&quot;,&quot;iso&quot;:&quot;0&quot;,&quot;shutter_speed&quot;:&quot;0&quot;,&quot;title&quot;:&quot;&quot;,&quot;orientation&quot;:&quot;0&quot;}\" data-image-title=\"calendario-2019-11\" data-image-description=\"&lt;p&gt;Fotograf\u00eda inclu\u00edda en el calendario 2019&lt;\/p&gt;\n\" data-image-caption=\"\" data-medium-file=\"https:\/\/www.victorarandagarcia.es\/wp-content\/uploads\/calendario-2019-11-300x200.jpg\" data-large-file=\"https:\/\/www.victorarandagarcia.es\/wp-content\/uploads\/calendario-2019-11.jpg\" decoding=\"async\" loading=\"lazy\" width=\"720\" height=\"481\" src=\"https:\/\/www.victorarandagarcia.es\/wp-content\/uploads\/calendario-2019-11.jpg\" alt=\"Fotograf\u00eda de las ramas desnudas de un \u00e1rbol vistas a trav\u00e9s de un roto en una valla de la que parecen formar parte\" data-id=\"2291\" data-link=\"https:\/\/www.victorarandagarcia.es\/calendario-2019-11\/\" class=\"wp-image-2291\" srcset=\"https:\/\/www.victorarandagarcia.es\/wp-content\/uploads\/calendario-2019-11.jpg 720w, https:\/\/www.victorarandagarcia.es\/wp-content\/uploads\/calendario-2019-11-300x200.jpg 300w\" sizes=\"(max-width: 720px) 100vw, 720px\" \/><\/figure><\/li><li class=\"blocks-gallery-item\"><figure><img data-attachment-id=\"2288\" data-permalink=\"https:\/\/www.victorarandagarcia.es\/calendario-2019-12\/\" data-orig-file=\"https:\/\/www.victorarandagarcia.es\/wp-content\/uploads\/calendario-2019-12.jpg\" data-orig-size=\"650,508\" data-comments-opened=\"0\" data-image-meta=\"{&quot;aperture&quot;:&quot;0&quot;,&quot;credit&quot;:&quot;unknown&quot;,&quot;camera&quot;:&quot;&quot;,&quot;caption&quot;:&quot;&quot;,&quot;created_timestamp&quot;:&quot;0&quot;,&quot;copyright&quot;:&quot;&quot;,&quot;focal_length&quot;:&quot;0&quot;,&quot;iso&quot;:&quot;0&quot;,&quot;shutter_speed&quot;:&quot;0&quot;,&quot;title&quot;:&quot;&quot;,&quot;orientation&quot;:&quot;0&quot;}\" data-image-title=\"calendario-2019-12\" data-image-description=\"&lt;p&gt;Sin t\u00edtulo (Fuente \u00c1lamo 2017)&lt;\/p&gt;\n\" data-image-caption=\"\" data-medium-file=\"https:\/\/www.victorarandagarcia.es\/wp-content\/uploads\/calendario-2019-12-300x234.jpg\" data-large-file=\"https:\/\/www.victorarandagarcia.es\/wp-content\/uploads\/calendario-2019-12.jpg\" decoding=\"async\" loading=\"lazy\" width=\"650\" height=\"508\" src=\"https:\/\/www.victorarandagarcia.es\/wp-content\/uploads\/calendario-2019-12.jpg\" alt=\"Fotograf\u00eda en blanco y negro de una espiral hecha con caracoles\" data-id=\"2288\" data-link=\"https:\/\/www.victorarandagarcia.es\/calendario-2019-12\/\" class=\"wp-image-2288\" srcset=\"https:\/\/www.victorarandagarcia.es\/wp-content\/uploads\/calendario-2019-12.jpg 650w, https:\/\/www.victorarandagarcia.es\/wp-content\/uploads\/calendario-2019-12-300x234.jpg 300w\" sizes=\"(max-width: 650px) 100vw, 650px\" \/><\/figure><\/li><li class=\"blocks-gallery-item\"><figure><img data-attachment-id=\"2296\" data-permalink=\"https:\/\/www.victorarandagarcia.es\/calendario-2019-14\/\" data-orig-file=\"https:\/\/www.victorarandagarcia.es\/wp-content\/uploads\/calendario-2019-14.jpg\" data-orig-size=\"604,411\" data-comments-opened=\"0\" data-image-meta=\"{&quot;aperture&quot;:&quot;0&quot;,&quot;credit&quot;:&quot;&quot;,&quot;camera&quot;:&quot;&quot;,&quot;caption&quot;:&quot;&quot;,&quot;created_timestamp&quot;:&quot;0&quot;,&quot;copyright&quot;:&quot;&quot;,&quot;focal_length&quot;:&quot;0&quot;,&quot;iso&quot;:&quot;0&quot;,&quot;shutter_speed&quot;:&quot;0&quot;,&quot;title&quot;:&quot;&quot;,&quot;orientation&quot;:&quot;0&quot;}\" data-image-title=\"calendario-2019-14\" data-image-description=\"&lt;p&gt;Fotograf\u00eda inclu\u00edda en el calendario 2019&lt;\/p&gt;\n\" data-image-caption=\"\" data-medium-file=\"https:\/\/www.victorarandagarcia.es\/wp-content\/uploads\/calendario-2019-14-300x204.jpg\" data-large-file=\"https:\/\/www.victorarandagarcia.es\/wp-content\/uploads\/calendario-2019-14.jpg\" decoding=\"async\" loading=\"lazy\" width=\"604\" height=\"411\" src=\"https:\/\/www.victorarandagarcia.es\/wp-content\/uploads\/calendario-2019-14.jpg\" alt=\"Fotograf\u00eda de un beb\u00e9 mirando a trav\u00e9s de un agujero que hay en su parquecito\" data-id=\"2296\" data-link=\"https:\/\/www.victorarandagarcia.es\/calendario-2019-14\/\" class=\"wp-image-2296\" srcset=\"https:\/\/www.victorarandagarcia.es\/wp-content\/uploads\/calendario-2019-14.jpg 604w, https:\/\/www.victorarandagarcia.es\/wp-content\/uploads\/calendario-2019-14-300x204.jpg 300w\" sizes=\"(max-width: 604px) 100vw, 604px\" \/><\/figure><\/li><li class=\"blocks-gallery-item\"><figure><img data-attachment-id=\"2298\" data-permalink=\"https:\/\/www.victorarandagarcia.es\/calendario-2019-7\/\" data-orig-file=\"https:\/\/www.victorarandagarcia.es\/wp-content\/uploads\/calendario-2019-7.jpg\" data-orig-size=\"604,412\" data-comments-opened=\"0\" data-image-meta=\"{&quot;aperture&quot;:&quot;0&quot;,&quot;credit&quot;:&quot;&quot;,&quot;camera&quot;:&quot;&quot;,&quot;caption&quot;:&quot;&quot;,&quot;created_timestamp&quot;:&quot;0&quot;,&quot;copyright&quot;:&quot;&quot;,&quot;focal_length&quot;:&quot;0&quot;,&quot;iso&quot;:&quot;0&quot;,&quot;shutter_speed&quot;:&quot;0&quot;,&quot;title&quot;:&quot;&quot;,&quot;orientation&quot;:&quot;0&quot;}\" data-image-title=\"calendario-2019-7\" data-image-description=\"&lt;p&gt;Fotograf\u00eda inclu\u00edda en el calendario 2019&lt;\/p&gt;\n\" data-image-caption=\"\" data-medium-file=\"https:\/\/www.victorarandagarcia.es\/wp-content\/uploads\/calendario-2019-7-300x205.jpg\" data-large-file=\"https:\/\/www.victorarandagarcia.es\/wp-content\/uploads\/calendario-2019-7.jpg\" decoding=\"async\" loading=\"lazy\" width=\"604\" height=\"412\" src=\"https:\/\/www.victorarandagarcia.es\/wp-content\/uploads\/calendario-2019-7.jpg\" alt=\"Fotograf\u00eda en blanco y negro de la escultura de una mujer desnuda delante de varias fachadas de edificios modernos\" data-id=\"2298\" data-link=\"https:\/\/www.victorarandagarcia.es\/calendario-2019-7\/\" class=\"wp-image-2298\" srcset=\"https:\/\/www.victorarandagarcia.es\/wp-content\/uploads\/calendario-2019-7.jpg 604w, https:\/\/www.victorarandagarcia.es\/wp-content\/uploads\/calendario-2019-7-300x205.jpg 300w\" sizes=\"(max-width: 604px) 100vw, 604px\" \/><\/figure><\/li><li class=\"blocks-gallery-item\"><figure><img data-attachment-id=\"2293\" data-permalink=\"https:\/\/www.victorarandagarcia.es\/calendario-2019-3\/\" data-orig-file=\"https:\/\/www.victorarandagarcia.es\/wp-content\/uploads\/calendario-2019-3.jpg\" data-orig-size=\"720,497\" data-comments-opened=\"0\" data-image-meta=\"{&quot;aperture&quot;:&quot;0&quot;,&quot;credit&quot;:&quot;&quot;,&quot;camera&quot;:&quot;&quot;,&quot;caption&quot;:&quot;&quot;,&quot;created_timestamp&quot;:&quot;0&quot;,&quot;copyright&quot;:&quot;&quot;,&quot;focal_length&quot;:&quot;0&quot;,&quot;iso&quot;:&quot;0&quot;,&quot;shutter_speed&quot;:&quot;0&quot;,&quot;title&quot;:&quot;&quot;,&quot;orientation&quot;:&quot;1&quot;}\" data-image-title=\"calendario-2019-3\" data-image-description=\"&lt;p&gt;Fotograf\u00eda inclu\u00edda en el calendario 2019&lt;\/p&gt;\n\" data-image-caption=\"\" data-medium-file=\"https:\/\/www.victorarandagarcia.es\/wp-content\/uploads\/calendario-2019-3-300x207.jpg\" data-large-file=\"https:\/\/www.victorarandagarcia.es\/wp-content\/uploads\/calendario-2019-3.jpg\" decoding=\"async\" loading=\"lazy\" width=\"720\" height=\"497\" src=\"https:\/\/www.victorarandagarcia.es\/wp-content\/uploads\/calendario-2019-3.jpg\" alt=\"Fotograf\u00eda en blanco y negro de una persona pasando delante de una cristalera con un dibujo geom\u00e9trico\" data-id=\"2293\" data-link=\"https:\/\/www.victorarandagarcia.es\/calendario-2019-3\/\" class=\"wp-image-2293\" srcset=\"https:\/\/www.victorarandagarcia.es\/wp-content\/uploads\/calendario-2019-3.jpg 720w, https:\/\/www.victorarandagarcia.es\/wp-content\/uploads\/calendario-2019-3-300x207.jpg 300w\" sizes=\"(max-width: 720px) 100vw, 720px\" \/><\/figure><\/li><li class=\"blocks-gallery-item\"><figure><img data-attachment-id=\"2290\" data-permalink=\"https:\/\/www.victorarandagarcia.es\/calendario-2019-6\/\" data-orig-file=\"https:\/\/www.victorarandagarcia.es\/wp-content\/uploads\/calendario-2019-6.jpg\" data-orig-size=\"720,482\" data-comments-opened=\"0\" data-image-meta=\"{&quot;aperture&quot;:&quot;0&quot;,&quot;credit&quot;:&quot;&quot;,&quot;camera&quot;:&quot;&quot;,&quot;caption&quot;:&quot;&quot;,&quot;created_timestamp&quot;:&quot;0&quot;,&quot;copyright&quot;:&quot;&quot;,&quot;focal_length&quot;:&quot;0&quot;,&quot;iso&quot;:&quot;0&quot;,&quot;shutter_speed&quot;:&quot;0&quot;,&quot;title&quot;:&quot;&quot;,&quot;orientation&quot;:&quot;0&quot;}\" data-image-title=\"calendario-2019-6\" data-image-description=\"&lt;p&gt;Fotograf\u00eda inclu\u00edda en el calendario 2019&lt;\/p&gt;\n\" data-image-caption=\"\" data-medium-file=\"https:\/\/www.victorarandagarcia.es\/wp-content\/uploads\/calendario-2019-6-300x201.jpg\" data-large-file=\"https:\/\/www.victorarandagarcia.es\/wp-content\/uploads\/calendario-2019-6.jpg\" decoding=\"async\" loading=\"lazy\" width=\"720\" height=\"482\" src=\"https:\/\/www.victorarandagarcia.es\/wp-content\/uploads\/calendario-2019-6.jpg\" alt=\"Fotograf\u00eda de un chico corriendo en la playa con varias posturas sucesivas capturadas en el mismo encuadre\" data-id=\"2290\" data-link=\"https:\/\/www.victorarandagarcia.es\/calendario-2019-6\/\" class=\"wp-image-2290\" srcset=\"https:\/\/www.victorarandagarcia.es\/wp-content\/uploads\/calendario-2019-6.jpg 720w, https:\/\/www.victorarandagarcia.es\/wp-content\/uploads\/calendario-2019-6-300x201.jpg 300w\" sizes=\"(max-width: 720px) 100vw, 720px\" \/><\/figure><\/li><li class=\"blocks-gallery-item\"><figure><img data-attachment-id=\"2297\" data-permalink=\"https:\/\/www.victorarandagarcia.es\/calendario-2019-5\/\" data-orig-file=\"https:\/\/www.victorarandagarcia.es\/wp-content\/uploads\/calendario-2019-5.jpg\" data-orig-size=\"720,481\" data-comments-opened=\"0\" data-image-meta=\"{&quot;aperture&quot;:&quot;0&quot;,&quot;credit&quot;:&quot;Victor Aranda Garcia&quot;,&quot;camera&quot;:&quot;&quot;,&quot;caption&quot;:&quot;&quot;,&quot;created_timestamp&quot;:&quot;0&quot;,&quot;copyright&quot;:&quot;Victor Aranda Garcia&quot;,&quot;focal_length&quot;:&quot;0&quot;,&quot;iso&quot;:&quot;0&quot;,&quot;shutter_speed&quot;:&quot;0&quot;,&quot;title&quot;:&quot;&quot;,&quot;orientation&quot;:&quot;1&quot;}\" data-image-title=\"calendario-2019-5\" data-image-description=\"&lt;p&gt;Fotograf\u00eda inclu\u00edda en el calendario 2019&lt;\/p&gt;\n\" data-image-caption=\"\" data-medium-file=\"https:\/\/www.victorarandagarcia.es\/wp-content\/uploads\/calendario-2019-5-300x200.jpg\" data-large-file=\"https:\/\/www.victorarandagarcia.es\/wp-content\/uploads\/calendario-2019-5.jpg\" decoding=\"async\" loading=\"lazy\" width=\"720\" height=\"481\" src=\"https:\/\/www.victorarandagarcia.es\/wp-content\/uploads\/calendario-2019-5.jpg\" alt=\"Autorretrato desnudo en blanco y negro con un nido entre las piernas dibujando la sombra de un ave con las manos\" data-id=\"2297\" data-link=\"https:\/\/www.victorarandagarcia.es\/calendario-2019-5\/\" class=\"wp-image-2297\" srcset=\"https:\/\/www.victorarandagarcia.es\/wp-content\/uploads\/calendario-2019-5.jpg 720w, https:\/\/www.victorarandagarcia.es\/wp-content\/uploads\/calendario-2019-5-300x200.jpg 300w\" sizes=\"(max-width: 720px) 100vw, 720px\" \/><\/figure><\/li><li class=\"blocks-gallery-item\"><figure><img data-attachment-id=\"2295\" data-permalink=\"https:\/\/www.victorarandagarcia.es\/calendario-2019-8\/\" data-orig-file=\"https:\/\/www.victorarandagarcia.es\/wp-content\/uploads\/calendario-2019-8.jpg\" data-orig-size=\"720,481\" data-comments-opened=\"0\" data-image-meta=\"{&quot;aperture&quot;:&quot;0&quot;,&quot;credit&quot;:&quot;&quot;,&quot;camera&quot;:&quot;&quot;,&quot;caption&quot;:&quot;&quot;,&quot;created_timestamp&quot;:&quot;0&quot;,&quot;copyright&quot;:&quot;&quot;,&quot;focal_length&quot;:&quot;0&quot;,&quot;iso&quot;:&quot;0&quot;,&quot;shutter_speed&quot;:&quot;0&quot;,&quot;title&quot;:&quot;&quot;,&quot;orientation&quot;:&quot;1&quot;}\" data-image-title=\"calendario-2019-8\" data-image-description=\"&lt;p&gt;Fotograf\u00eda inclu\u00edda en el calendario 2019&lt;\/p&gt;\n\" data-image-caption=\"\" data-medium-file=\"https:\/\/www.victorarandagarcia.es\/wp-content\/uploads\/calendario-2019-8-300x200.jpg\" data-large-file=\"https:\/\/www.victorarandagarcia.es\/wp-content\/uploads\/calendario-2019-8.jpg\" decoding=\"async\" loading=\"lazy\" width=\"720\" height=\"481\" src=\"https:\/\/www.victorarandagarcia.es\/wp-content\/uploads\/calendario-2019-8.jpg\" alt=\"Fotograf\u00eda en blanco y negro del sol visto justo en el extremo de una farola sin farol en un plano amplio en el que tambi\u00e9n hay otras farolas\" data-id=\"2295\" data-link=\"https:\/\/www.victorarandagarcia.es\/calendario-2019-8\/\" class=\"wp-image-2295\" srcset=\"https:\/\/www.victorarandagarcia.es\/wp-content\/uploads\/calendario-2019-8.jpg 720w, https:\/\/www.victorarandagarcia.es\/wp-content\/uploads\/calendario-2019-8-300x200.jpg 300w\" sizes=\"(max-width: 720px) 100vw, 720px\" \/><\/figure><\/li><\/ul>\n","protected":false},"excerpt":{"rendered":"<p>Ya est\u00e1 disponible el calendario que he dedicado este a\u00f1o a las fotograf\u00edas de la serie \u00abL\u00edmites\u00bb. Son muchas las fotos que he ido a\u00f1adiendo a esta heterog\u00e9nea colecci\u00f3n desde que le di su nombre en 2003 con motivo de la exposici\u00f3n que realic\u00e9 con ellas en la desaparecida Sala Yesqueros de Murcia. &hellip; <a href=\"https:\/\/www.victorarandagarcia.es\/index.php\/publicaciones\/calendario\/calendario-2019\/\" class=\"more-link\"><span>Continuar<span class=\"screen-reader-text\">Calendario 2019<\/span><\/span><\/a><\/p>\n","protected":false},"author":1,"featured_media":2292,"comment_status":"closed","ping_status":"open","sticky":false,"template":"","format":"standard","meta":{"jetpack_post_was_ever_published":false,"_jetpack_newsletter_access":"","_jetpack_dont_email_post_to_subs":false,"_jetpack_newsletter_tier_id":0,"_jetpack_memberships_contains_paywalled_content":false,"footnotes":"","_jetpack_memberships_contains_paid_content":false},"categories":[78],"tags":[35,80,34,29,79],"yoast_head":"<!-- This site is optimized with the Yoast SEO plugin v22.6 - https:\/\/yoast.com\/wordpress\/plugins\/seo\/ -->\n<title>Calendario 2019 - arte y estudio<\/title>\n<meta name=\"description\" content=\"Ya est\u00e1 disponible el calendario que he dedicado este a\u00f1o a las fotograf\u00edas de la serie &quot;L\u00edmites&quot;. El tama\u00f1o es A3, para colgar en pared.\" \/>\n<meta name=\"robots\" content=\"index, follow, max-snippet:-1, max-image-preview:large, max-video-preview:-1\" \/>\n<link rel=\"canonical\" href=\"https:\/\/www.victorarandagarcia.es\/index.php\/publicaciones\/calendario\/calendario-2019\/\" \/>\n<meta property=\"og:locale\" content=\"es_ES\" \/>\n<meta property=\"og:type\" content=\"article\" \/>\n<meta property=\"og:title\" content=\"Calendario 2019 - arte y estudio\" \/>\n<meta property=\"og:description\" content=\"Ya est\u00e1 disponible el calendario que he dedicado este a\u00f1o a las fotograf\u00edas de la serie &quot;L\u00edmites&quot;. El tama\u00f1o es A3, para colgar en pared.\" \/>\n<meta property=\"og:url\" content=\"https:\/\/www.victorarandagarcia.es\/index.php\/publicaciones\/calendario\/calendario-2019\/\" \/>\n<meta property=\"og:site_name\" content=\"arte y estudio\" \/>\n<meta property=\"article:published_time\" content=\"2019-12-06T18:38:41+00:00\" \/>\n<meta property=\"article:modified_time\" content=\"2019-12-06T18:38:44+00:00\" \/>\n<meta property=\"og:image\" content=\"https:\/\/www.victorarandagarcia.es\/wp-content\/uploads\/calendario-2019-1.jpg\" \/>\n\t<meta property=\"og:image:width\" content=\"512\" \/>\n\t<meta property=\"og:image:height\" content=\"720\" \/>\n\t<meta property=\"og:image:type\" content=\"image\/jpeg\" \/>\n<meta name=\"author\" content=\"victorarandagarcia\" \/>\n<meta name=\"twitter:card\" content=\"summary_large_image\" \/>\n<meta name=\"twitter:label1\" content=\"Escrito por\" \/>\n\t<meta name=\"twitter:data1\" content=\"victorarandagarcia\" \/>\n\t<meta name=\"twitter:label2\" content=\"Tiempo de lectura\" \/>\n\t<meta name=\"twitter:data2\" content=\"1 minuto\" \/>\n<script type=\"application\/ld+json\" class=\"yoast-schema-graph\">{\"@context\":\"https:\/\/schema.org\",\"@graph\":[{\"@type\":\"Article\",\"@id\":\"https:\/\/www.victorarandagarcia.es\/index.php\/publicaciones\/calendario\/calendario-2019\/#article\",\"isPartOf\":{\"@id\":\"https:\/\/www.victorarandagarcia.es\/index.php\/publicaciones\/calendario\/calendario-2019\/\"},\"author\":{\"name\":\"victorarandagarcia\",\"@id\":\"https:\/\/www.victorarandagarcia.es\/#\/schema\/person\/bfa9c61a3776d517deeee5f9386ef302\"},\"headline\":\"Calendario 2019\",\"datePublished\":\"2019-12-06T18:38:41+00:00\",\"dateModified\":\"2019-12-06T18:38:44+00:00\",\"mainEntityOfPage\":{\"@id\":\"https:\/\/www.victorarandagarcia.es\/index.php\/publicaciones\/calendario\/calendario-2019\/\"},\"wordCount\":161,\"publisher\":{\"@id\":\"https:\/\/www.victorarandagarcia.es\/#organization\"},\"image\":{\"@id\":\"https:\/\/www.victorarandagarcia.es\/index.php\/publicaciones\/calendario\/calendario-2019\/#primaryimage\"},\"thumbnailUrl\":\"https:\/\/www.victorarandagarcia.es\/wp-content\/uploads\/calendario-2019-1.jpg\",\"keywords\":[\"arte\",\"calendario\",\"estudio\",\"l\u00ed\u00admites\",\"publicaciones\"],\"articleSection\":[\"CALENDARIO ANUAL\"],\"inLanguage\":\"es\"},{\"@type\":\"WebPage\",\"@id\":\"https:\/\/www.victorarandagarcia.es\/index.php\/publicaciones\/calendario\/calendario-2019\/\",\"url\":\"https:\/\/www.victorarandagarcia.es\/index.php\/publicaciones\/calendario\/calendario-2019\/\",\"name\":\"Calendario 2019 - arte y estudio\",\"isPartOf\":{\"@id\":\"https:\/\/www.victorarandagarcia.es\/#website\"},\"primaryImageOfPage\":{\"@id\":\"https:\/\/www.victorarandagarcia.es\/index.php\/publicaciones\/calendario\/calendario-2019\/#primaryimage\"},\"image\":{\"@id\":\"https:\/\/www.victorarandagarcia.es\/index.php\/publicaciones\/calendario\/calendario-2019\/#primaryimage\"},\"thumbnailUrl\":\"https:\/\/www.victorarandagarcia.es\/wp-content\/uploads\/calendario-2019-1.jpg\",\"datePublished\":\"2019-12-06T18:38:41+00:00\",\"dateModified\":\"2019-12-06T18:38:44+00:00\",\"description\":\"Ya est\u00e1 disponible el calendario que he dedicado este a\u00f1o a las fotograf\u00edas de la serie \\\"L\u00edmites\\\". El tama\u00f1o es A3, para colgar en pared.\",\"breadcrumb\":{\"@id\":\"https:\/\/www.victorarandagarcia.es\/index.php\/publicaciones\/calendario\/calendario-2019\/#breadcrumb\"},\"inLanguage\":\"es\",\"potentialAction\":[{\"@type\":\"ReadAction\",\"target\":[\"https:\/\/www.victorarandagarcia.es\/index.php\/publicaciones\/calendario\/calendario-2019\/\"]}]},{\"@type\":\"ImageObject\",\"inLanguage\":\"es\",\"@id\":\"https:\/\/www.victorarandagarcia.es\/index.php\/publicaciones\/calendario\/calendario-2019\/#primaryimage\",\"url\":\"https:\/\/www.victorarandagarcia.es\/wp-content\/uploads\/calendario-2019-1.jpg\",\"contentUrl\":\"https:\/\/www.victorarandagarcia.es\/wp-content\/uploads\/calendario-2019-1.jpg\",\"width\":512,\"height\":720,\"caption\":\"Portada del calendario con una fotograf\u00eda de una valla publicitaria con un cartel rasgado que recuerda al dibujo de las nubes que hay sobre \u00e9l\"},{\"@type\":\"BreadcrumbList\",\"@id\":\"https:\/\/www.victorarandagarcia.es\/index.php\/publicaciones\/calendario\/calendario-2019\/#breadcrumb\",\"itemListElement\":[{\"@type\":\"ListItem\",\"position\":1,\"name\":\"Portada\",\"item\":\"https:\/\/www.victorarandagarcia.es\/\"},{\"@type\":\"ListItem\",\"position\":2,\"name\":\"Calendario 2019\"}]},{\"@type\":\"WebSite\",\"@id\":\"https:\/\/www.victorarandagarcia.es\/#website\",\"url\":\"https:\/\/www.victorarandagarcia.es\/\",\"name\":\"arte y estudio\",\"description\":\"Fot\u00f3grafo\",\"publisher\":{\"@id\":\"https:\/\/www.victorarandagarcia.es\/#organization\"},\"potentialAction\":[{\"@type\":\"SearchAction\",\"target\":{\"@type\":\"EntryPoint\",\"urlTemplate\":\"https:\/\/www.victorarandagarcia.es\/?s={search_term_string}\"},\"query-input\":\"required name=search_term_string\"}],\"inLanguage\":\"es\"},{\"@type\":\"Organization\",\"@id\":\"https:\/\/www.victorarandagarcia.es\/#organization\",\"name\":\"arte y estudio\",\"url\":\"https:\/\/www.victorarandagarcia.es\/\",\"logo\":{\"@type\":\"ImageObject\",\"inLanguage\":\"es\",\"@id\":\"https:\/\/www.victorarandagarcia.es\/#\/schema\/logo\/image\/\",\"url\":\"https:\/\/www.victorarandagarcia.es\/wp-content\/uploads\/2019\/03\/logo-fotografo.png\",\"contentUrl\":\"https:\/\/www.victorarandagarcia.es\/wp-content\/uploads\/2019\/03\/logo-fotografo.png\",\"width\":150,\"height\":150,\"caption\":\"arte y estudio\"},\"image\":{\"@id\":\"https:\/\/www.victorarandagarcia.es\/#\/schema\/logo\/image\/\"}},{\"@type\":\"Person\",\"@id\":\"https:\/\/www.victorarandagarcia.es\/#\/schema\/person\/bfa9c61a3776d517deeee5f9386ef302\",\"name\":\"victorarandagarcia\",\"image\":{\"@type\":\"ImageObject\",\"inLanguage\":\"es\",\"@id\":\"https:\/\/www.victorarandagarcia.es\/#\/schema\/person\/image\/\",\"url\":\"https:\/\/secure.gravatar.com\/avatar\/957a01ac23a6393e755ae8225c35dbdb?s=96&d=mm&r=g\",\"contentUrl\":\"https:\/\/secure.gravatar.com\/avatar\/957a01ac23a6393e755ae8225c35dbdb?s=96&d=mm&r=g\",\"caption\":\"victorarandagarcia\"}}]}<\/script>\n<!-- \/ Yoast SEO plugin. -->","yoast_head_json":{"title":"Calendario 2019 - arte y estudio","description":"Ya est\u00e1 disponible el calendario que he dedicado este a\u00f1o a las fotograf\u00edas de la serie \"L\u00edmites\". El tama\u00f1o es A3, para colgar en pared.","robots":{"index":"index","follow":"follow","max-snippet":"max-snippet:-1","max-image-preview":"max-image-preview:large","max-video-preview":"max-video-preview:-1"},"canonical":"https:\/\/www.victorarandagarcia.es\/index.php\/publicaciones\/calendario\/calendario-2019\/","og_locale":"es_ES","og_type":"article","og_title":"Calendario 2019 - arte y estudio","og_description":"Ya est\u00e1 disponible el calendario que he dedicado este a\u00f1o a las fotograf\u00edas de la serie \"L\u00edmites\". El tama\u00f1o es A3, para colgar en pared.","og_url":"https:\/\/www.victorarandagarcia.es\/index.php\/publicaciones\/calendario\/calendario-2019\/","og_site_name":"arte y estudio","article_published_time":"2019-12-06T18:38:41+00:00","article_modified_time":"2019-12-06T18:38:44+00:00","og_image":[{"width":512,"height":720,"url":"https:\/\/www.victorarandagarcia.es\/wp-content\/uploads\/calendario-2019-1.jpg","type":"image\/jpeg"}],"author":"victorarandagarcia","twitter_card":"summary_large_image","twitter_misc":{"Escrito por":"victorarandagarcia","Tiempo de lectura":"1 minuto"},"schema":{"@context":"https:\/\/schema.org","@graph":[{"@type":"Article","@id":"https:\/\/www.victorarandagarcia.es\/index.php\/publicaciones\/calendario\/calendario-2019\/#article","isPartOf":{"@id":"https:\/\/www.victorarandagarcia.es\/index.php\/publicaciones\/calendario\/calendario-2019\/"},"author":{"name":"victorarandagarcia","@id":"https:\/\/www.victorarandagarcia.es\/#\/schema\/person\/bfa9c61a3776d517deeee5f9386ef302"},"headline":"Calendario 2019","datePublished":"2019-12-06T18:38:41+00:00","dateModified":"2019-12-06T18:38:44+00:00","mainEntityOfPage":{"@id":"https:\/\/www.victorarandagarcia.es\/index.php\/publicaciones\/calendario\/calendario-2019\/"},"wordCount":161,"publisher":{"@id":"https:\/\/www.victorarandagarcia.es\/#organization"},"image":{"@id":"https:\/\/www.victorarandagarcia.es\/index.php\/publicaciones\/calendario\/calendario-2019\/#primaryimage"},"thumbnailUrl":"https:\/\/www.victorarandagarcia.es\/wp-content\/uploads\/calendario-2019-1.jpg","keywords":["arte","calendario","estudio","l\u00ed\u00admites","publicaciones"],"articleSection":["CALENDARIO ANUAL"],"inLanguage":"es"},{"@type":"WebPage","@id":"https:\/\/www.victorarandagarcia.es\/index.php\/publicaciones\/calendario\/calendario-2019\/","url":"https:\/\/www.victorarandagarcia.es\/index.php\/publicaciones\/calendario\/calendario-2019\/","name":"Calendario 2019 - arte y estudio","isPartOf":{"@id":"https:\/\/www.victorarandagarcia.es\/#website"},"primaryImageOfPage":{"@id":"https:\/\/www.victorarandagarcia.es\/index.php\/publicaciones\/calendario\/calendario-2019\/#primaryimage"},"image":{"@id":"https:\/\/www.victorarandagarcia.es\/index.php\/publicaciones\/calendario\/calendario-2019\/#primaryimage"},"thumbnailUrl":"https:\/\/www.victorarandagarcia.es\/wp-content\/uploads\/calendario-2019-1.jpg","datePublished":"2019-12-06T18:38:41+00:00","dateModified":"2019-12-06T18:38:44+00:00","description":"Ya est\u00e1 disponible el calendario que he dedicado este a\u00f1o a las fotograf\u00edas de la serie \"L\u00edmites\". El tama\u00f1o es A3, para colgar en pared.","breadcrumb":{"@id":"https:\/\/www.victorarandagarcia.es\/index.php\/publicaciones\/calendario\/calendario-2019\/#breadcrumb"},"inLanguage":"es","potentialAction":[{"@type":"ReadAction","target":["https:\/\/www.victorarandagarcia.es\/index.php\/publicaciones\/calendario\/calendario-2019\/"]}]},{"@type":"ImageObject","inLanguage":"es","@id":"https:\/\/www.victorarandagarcia.es\/index.php\/publicaciones\/calendario\/calendario-2019\/#primaryimage","url":"https:\/\/www.victorarandagarcia.es\/wp-content\/uploads\/calendario-2019-1.jpg","contentUrl":"https:\/\/www.victorarandagarcia.es\/wp-content\/uploads\/calendario-2019-1.jpg","width":512,"height":720,"caption":"Portada del calendario con una fotograf\u00eda de una valla publicitaria con un cartel rasgado que recuerda al dibujo de las nubes que hay sobre \u00e9l"},{"@type":"BreadcrumbList","@id":"https:\/\/www.victorarandagarcia.es\/index.php\/publicaciones\/calendario\/calendario-2019\/#breadcrumb","itemListElement":[{"@type":"ListItem","position":1,"name":"Portada","item":"https:\/\/www.victorarandagarcia.es\/"},{"@type":"ListItem","position":2,"name":"Calendario 2019"}]},{"@type":"WebSite","@id":"https:\/\/www.victorarandagarcia.es\/#website","url":"https:\/\/www.victorarandagarcia.es\/","name":"arte y estudio","description":"Fot\u00f3grafo","publisher":{"@id":"https:\/\/www.victorarandagarcia.es\/#organization"},"potentialAction":[{"@type":"SearchAction","target":{"@type":"EntryPoint","urlTemplate":"https:\/\/www.victorarandagarcia.es\/?s={search_term_string}"},"query-input":"required name=search_term_string"}],"inLanguage":"es"},{"@type":"Organization","@id":"https:\/\/www.victorarandagarcia.es\/#organization","name":"arte y estudio","url":"https:\/\/www.victorarandagarcia.es\/","logo":{"@type":"ImageObject","inLanguage":"es","@id":"https:\/\/www.victorarandagarcia.es\/#\/schema\/logo\/image\/","url":"https:\/\/www.victorarandagarcia.es\/wp-content\/uploads\/2019\/03\/logo-fotografo.png","contentUrl":"https:\/\/www.victorarandagarcia.es\/wp-content\/uploads\/2019\/03\/logo-fotografo.png","width":150,"height":150,"caption":"arte y estudio"},"image":{"@id":"https:\/\/www.victorarandagarcia.es\/#\/schema\/logo\/image\/"}},{"@type":"Person","@id":"https:\/\/www.victorarandagarcia.es\/#\/schema\/person\/bfa9c61a3776d517deeee5f9386ef302","name":"victorarandagarcia","image":{"@type":"ImageObject","inLanguage":"es","@id":"https:\/\/www.victorarandagarcia.es\/#\/schema\/person\/image\/","url":"https:\/\/secure.gravatar.com\/avatar\/957a01ac23a6393e755ae8225c35dbdb?s=96&d=mm&r=g","contentUrl":"https:\/\/secure.gravatar.com\/avatar\/957a01ac23a6393e755ae8225c35dbdb?s=96&d=mm&r=g","caption":"victorarandagarcia"}}]}},"jetpack_featured_media_url":"https:\/\/www.victorarandagarcia.es\/wp-content\/uploads\/calendario-2019-1.jpg","jetpack_sharing_enabled":true,"_links":{"self":[{"href":"https:\/\/www.victorarandagarcia.es\/index.php\/wp-json\/wp\/v2\/posts\/2285"}],"collection":[{"href":"https:\/\/www.victorarandagarcia.es\/index.php\/wp-json\/wp\/v2\/posts"}],"about":[{"href":"https:\/\/www.victorarandagarcia.es\/index.php\/wp-json\/wp\/v2\/types\/post"}],"author":[{"embeddable":true,"href":"https:\/\/www.victorarandagarcia.es\/index.php\/wp-json\/wp\/v2\/users\/1"}],"replies":[{"embeddable":true,"href":"https:\/\/www.victorarandagarcia.es\/index.php\/wp-json\/wp\/v2\/comments?post=2285"}],"version-history":[{"count":1,"href":"https:\/\/www.victorarandagarcia.es\/index.php\/wp-json\/wp\/v2\/posts\/2285\/revisions"}],"predecessor-version":[{"id":2300,"href":"https:\/\/www.victorarandagarcia.es\/index.php\/wp-json\/wp\/v2\/posts\/2285\/revisions\/2300"}],"wp:featuredmedia":[{"embeddable":true,"href":"https:\/\/www.victorarandagarcia.es\/index.php\/wp-json\/wp\/v2\/media\/2292"}],"wp:attachment":[{"href":"https:\/\/www.victorarandagarcia.es\/index.php\/wp-json\/wp\/v2\/media?parent=2285"}],"wp:term":[{"taxonomy":"category","embeddable":true,"href":"https:\/\/www.victorarandagarcia.es\/index.php\/wp-json\/wp\/v2\/categories?post=2285"},{"taxonomy":"post_tag","embeddable":true,"href":"https:\/\/www.victorarandagarcia.es\/index.php\/wp-json\/wp\/v2\/tags?post=2285"}],"curies":[{"name":"wp","href":"https:\/\/api.w.org\/{rel}","templated":true}]}}