{"id":2269,"date":"2019-12-06T19:05:01","date_gmt":"2019-12-06T18:05:01","guid":{"rendered":"https:\/\/www.victorarandagarcia.es\/?p=2269"},"modified":"2019-12-06T19:05:04","modified_gmt":"2019-12-06T18:05:04","slug":"calendario-2018","status":"publish","type":"post","link":"https:\/\/www.victorarandagarcia.es\/index.php\/publicaciones\/calendario\/calendario-2018\/","title":{"rendered":"Calendario 2018"},"content":{"rendered":"\n<p>Como cada a\u00f1o para 2018 tambi\u00e9n he preparado una colecci\u00f3n de mis fotograf\u00edas en un calendario de pared que vendo por 15 euros (gastos de env\u00edo inclu\u00eddos para Espa\u00f1a). El tema de este a\u00f1o son los animales y por cada calendario vendido donar\u00e9 1 euro a la protectora u organizaci\u00f3n de defensa del medio ambiente que m\u00e1s menciones reciba de entre las que me propong\u00e1is. Invitados est\u00e1is pues a participar, vay\u00e1is o no a adquirir el calendario. <\/p>\n\n\n\n<ul class=\"wp-block-gallery columns-3 is-cropped wp-block-gallery-1 is-layout-flex wp-block-gallery-is-layout-flex\"><li class=\"blocks-gallery-item\"><figure><img data-attachment-id=\"2274\" data-permalink=\"https:\/\/www.victorarandagarcia.es\/calendario-2018-1\/\" data-orig-file=\"https:\/\/www.victorarandagarcia.es\/wp-content\/uploads\/calendario-2018-1.jpg\" data-orig-size=\"512,720\" data-comments-opened=\"0\" data-image-meta=\"{&quot;aperture&quot;:&quot;0&quot;,&quot;credit&quot;:&quot;&quot;,&quot;camera&quot;:&quot;&quot;,&quot;caption&quot;:&quot;&quot;,&quot;created_timestamp&quot;:&quot;0&quot;,&quot;copyright&quot;:&quot;&quot;,&quot;focal_length&quot;:&quot;0&quot;,&quot;iso&quot;:&quot;0&quot;,&quot;shutter_speed&quot;:&quot;0&quot;,&quot;title&quot;:&quot;&quot;,&quot;orientation&quot;:&quot;1&quot;}\" data-image-title=\"calendario-2018-1\" data-image-description=\"&lt;p&gt;Portada del calendario 2018&lt;\/p&gt;\n\" data-image-caption=\"\" data-medium-file=\"https:\/\/www.victorarandagarcia.es\/wp-content\/uploads\/calendario-2018-1-213x300.jpg\" data-large-file=\"https:\/\/www.victorarandagarcia.es\/wp-content\/uploads\/calendario-2018-1.jpg\" decoding=\"async\" loading=\"lazy\" width=\"512\" height=\"720\" src=\"https:\/\/www.victorarandagarcia.es\/wp-content\/uploads\/calendario-2018-1.jpg\" alt=\"Portada del calendario con la fotograf\u00eda de un gato precioso andando sobre un muro en medio del campo\" data-id=\"2274\" data-link=\"https:\/\/www.victorarandagarcia.es\/calendario-2018-1\/\" class=\"wp-image-2274\" srcset=\"https:\/\/www.victorarandagarcia.es\/wp-content\/uploads\/calendario-2018-1.jpg 512w, https:\/\/www.victorarandagarcia.es\/wp-content\/uploads\/calendario-2018-1-213x300.jpg 213w\" sizes=\"(max-width: 512px) 100vw, 512px\" \/><\/figure><\/li><li class=\"blocks-gallery-item\"><figure><img data-attachment-id=\"2275\" data-permalink=\"https:\/\/www.victorarandagarcia.es\/calendario-2018-2\/\" data-orig-file=\"https:\/\/www.victorarandagarcia.es\/wp-content\/uploads\/calendario-2018-2.jpg\" data-orig-size=\"512,720\" data-comments-opened=\"0\" data-image-meta=\"{&quot;aperture&quot;:&quot;0&quot;,&quot;credit&quot;:&quot;&quot;,&quot;camera&quot;:&quot;&quot;,&quot;caption&quot;:&quot;&quot;,&quot;created_timestamp&quot;:&quot;0&quot;,&quot;copyright&quot;:&quot;&quot;,&quot;focal_length&quot;:&quot;0&quot;,&quot;iso&quot;:&quot;0&quot;,&quot;shutter_speed&quot;:&quot;0&quot;,&quot;title&quot;:&quot;&quot;,&quot;orientation&quot;:&quot;1&quot;}\" data-image-title=\"calendario-2018-2\" data-image-description=\"&lt;p&gt;Muestra del dise\u00f1o de las p\u00e1ginas del calendario 2018&lt;\/p&gt;\n\" data-image-caption=\"\" data-medium-file=\"https:\/\/www.victorarandagarcia.es\/wp-content\/uploads\/calendario-2018-2-213x300.jpg\" data-large-file=\"https:\/\/www.victorarandagarcia.es\/wp-content\/uploads\/calendario-2018-2.jpg\" decoding=\"async\" loading=\"lazy\" width=\"512\" height=\"720\" src=\"https:\/\/www.victorarandagarcia.es\/wp-content\/uploads\/calendario-2018-2.jpg\" alt=\"P\u00e1gina del calendario con la fotograf\u00eda de un perro dormido en el estuche de un instrumento musical en la calle\" data-id=\"2275\" data-link=\"https:\/\/www.victorarandagarcia.es\/calendario-2018-2\/\" class=\"wp-image-2275\" srcset=\"https:\/\/www.victorarandagarcia.es\/wp-content\/uploads\/calendario-2018-2.jpg 512w, https:\/\/www.victorarandagarcia.es\/wp-content\/uploads\/calendario-2018-2-213x300.jpg 213w\" sizes=\"(max-width: 512px) 100vw, 512px\" \/><\/figure><\/li><li class=\"blocks-gallery-item\"><figure><img data-attachment-id=\"2270\" data-permalink=\"https:\/\/www.victorarandagarcia.es\/calendario-2018-3\/\" data-orig-file=\"https:\/\/www.victorarandagarcia.es\/wp-content\/uploads\/calendario-2018-3.jpg\" data-orig-size=\"512,720\" data-comments-opened=\"0\" data-image-meta=\"{&quot;aperture&quot;:&quot;0&quot;,&quot;credit&quot;:&quot;&quot;,&quot;camera&quot;:&quot;&quot;,&quot;caption&quot;:&quot;&quot;,&quot;created_timestamp&quot;:&quot;0&quot;,&quot;copyright&quot;:&quot;&quot;,&quot;focal_length&quot;:&quot;0&quot;,&quot;iso&quot;:&quot;0&quot;,&quot;shutter_speed&quot;:&quot;0&quot;,&quot;title&quot;:&quot;&quot;,&quot;orientation&quot;:&quot;1&quot;}\" data-image-title=\"calendario-2018-3\" data-image-description=\"&lt;p&gt;Muestra del dise\u00f1o de las p\u00e1ginas del calendario 2018&lt;\/p&gt;\n\" data-image-caption=\"\" data-medium-file=\"https:\/\/www.victorarandagarcia.es\/wp-content\/uploads\/calendario-2018-3-213x300.jpg\" data-large-file=\"https:\/\/www.victorarandagarcia.es\/wp-content\/uploads\/calendario-2018-3.jpg\" decoding=\"async\" loading=\"lazy\" width=\"512\" height=\"720\" src=\"https:\/\/www.victorarandagarcia.es\/wp-content\/uploads\/calendario-2018-3.jpg\" alt=\"P\u00e1gina del calendario con una fotograf\u00eda en la que se ve a decenas de gaviotas sobre un cable y una sola volando con las alas abiertas\" data-id=\"2270\" data-link=\"https:\/\/www.victorarandagarcia.es\/calendario-2018-3\/\" class=\"wp-image-2270\" srcset=\"https:\/\/www.victorarandagarcia.es\/wp-content\/uploads\/calendario-2018-3.jpg 512w, https:\/\/www.victorarandagarcia.es\/wp-content\/uploads\/calendario-2018-3-213x300.jpg 213w\" sizes=\"(max-width: 512px) 100vw, 512px\" \/><\/figure><\/li><li class=\"blocks-gallery-item\"><figure><img data-attachment-id=\"2271\" data-permalink=\"https:\/\/www.victorarandagarcia.es\/calendario-2018-4\/\" data-orig-file=\"https:\/\/www.victorarandagarcia.es\/wp-content\/uploads\/calendario-2018-4.jpg\" data-orig-size=\"512,720\" data-comments-opened=\"0\" data-image-meta=\"{&quot;aperture&quot;:&quot;0&quot;,&quot;credit&quot;:&quot;&quot;,&quot;camera&quot;:&quot;&quot;,&quot;caption&quot;:&quot;&quot;,&quot;created_timestamp&quot;:&quot;0&quot;,&quot;copyright&quot;:&quot;&quot;,&quot;focal_length&quot;:&quot;0&quot;,&quot;iso&quot;:&quot;0&quot;,&quot;shutter_speed&quot;:&quot;0&quot;,&quot;title&quot;:&quot;&quot;,&quot;orientation&quot;:&quot;1&quot;}\" data-image-title=\"calendario-2018-4\" data-image-description=\"&lt;p&gt;Muestra del dise\u00f1o de las p\u00e1ginas del calendario 2018&lt;\/p&gt;\n\" data-image-caption=\"\" data-medium-file=\"https:\/\/www.victorarandagarcia.es\/wp-content\/uploads\/calendario-2018-4-213x300.jpg\" data-large-file=\"https:\/\/www.victorarandagarcia.es\/wp-content\/uploads\/calendario-2018-4.jpg\" decoding=\"async\" loading=\"lazy\" width=\"512\" height=\"720\" src=\"https:\/\/www.victorarandagarcia.es\/wp-content\/uploads\/calendario-2018-4.jpg\" alt=\"P\u00e1gina del calendario con una fotograf\u00eda de un perro asomada a la ventanilla de un coche con el pelo al viento\" data-id=\"2271\" data-link=\"https:\/\/www.victorarandagarcia.es\/calendario-2018-4\/\" class=\"wp-image-2271\" srcset=\"https:\/\/www.victorarandagarcia.es\/wp-content\/uploads\/calendario-2018-4.jpg 512w, https:\/\/www.victorarandagarcia.es\/wp-content\/uploads\/calendario-2018-4-213x300.jpg 213w\" sizes=\"(max-width: 512px) 100vw, 512px\" \/><\/figure><\/li><li class=\"blocks-gallery-item\"><figure><img data-attachment-id=\"2282\" data-permalink=\"https:\/\/www.victorarandagarcia.es\/calendario-2018-7\/\" data-orig-file=\"https:\/\/www.victorarandagarcia.es\/wp-content\/uploads\/calendario-2018-7.jpg\" data-orig-size=\"512,720\" data-comments-opened=\"0\" data-image-meta=\"{&quot;aperture&quot;:&quot;0&quot;,&quot;credit&quot;:&quot;&quot;,&quot;camera&quot;:&quot;&quot;,&quot;caption&quot;:&quot;&quot;,&quot;created_timestamp&quot;:&quot;0&quot;,&quot;copyright&quot;:&quot;&quot;,&quot;focal_length&quot;:&quot;0&quot;,&quot;iso&quot;:&quot;0&quot;,&quot;shutter_speed&quot;:&quot;0&quot;,&quot;title&quot;:&quot;&quot;,&quot;orientation&quot;:&quot;1&quot;}\" data-image-title=\"calendario-2018-7\" data-image-description=\"&lt;p&gt;Muestra del dise\u00f1o de las p\u00e1ginas del calendario 2018&lt;\/p&gt;\n\" data-image-caption=\"\" data-medium-file=\"https:\/\/www.victorarandagarcia.es\/wp-content\/uploads\/calendario-2018-7-213x300.jpg\" data-large-file=\"https:\/\/www.victorarandagarcia.es\/wp-content\/uploads\/calendario-2018-7.jpg\" decoding=\"async\" loading=\"lazy\" width=\"512\" height=\"720\" src=\"https:\/\/www.victorarandagarcia.es\/wp-content\/uploads\/calendario-2018-7.jpg\" alt=\"P\u00e1gina del calendario con la fotograf\u00eda de una oveja negra comiendo de la mano de un ni\u00f1o a trav\u00e9s de una alambrada\" data-id=\"2282\" data-link=\"https:\/\/www.victorarandagarcia.es\/calendario-2018-7\/\" class=\"wp-image-2282\" srcset=\"https:\/\/www.victorarandagarcia.es\/wp-content\/uploads\/calendario-2018-7.jpg 512w, https:\/\/www.victorarandagarcia.es\/wp-content\/uploads\/calendario-2018-7-213x300.jpg 213w\" sizes=\"(max-width: 512px) 100vw, 512px\" \/><\/figure><\/li><li class=\"blocks-gallery-item\"><figure><img data-attachment-id=\"2278\" data-permalink=\"https:\/\/www.victorarandagarcia.es\/calendario-2018-12\/\" data-orig-file=\"https:\/\/www.victorarandagarcia.es\/wp-content\/uploads\/calendario-2018-12.jpg\" data-orig-size=\"512,720\" data-comments-opened=\"0\" data-image-meta=\"{&quot;aperture&quot;:&quot;0&quot;,&quot;credit&quot;:&quot;&quot;,&quot;camera&quot;:&quot;&quot;,&quot;caption&quot;:&quot;&quot;,&quot;created_timestamp&quot;:&quot;0&quot;,&quot;copyright&quot;:&quot;&quot;,&quot;focal_length&quot;:&quot;0&quot;,&quot;iso&quot;:&quot;0&quot;,&quot;shutter_speed&quot;:&quot;0&quot;,&quot;title&quot;:&quot;&quot;,&quot;orientation&quot;:&quot;1&quot;}\" data-image-title=\"calendario-2018-12\" data-image-description=\"&lt;p&gt;Muestra del dise\u00f1o de las p\u00e1ginas del calendario 2018&lt;\/p&gt;\n\" data-image-caption=\"\" data-medium-file=\"https:\/\/www.victorarandagarcia.es\/wp-content\/uploads\/calendario-2018-12-213x300.jpg\" data-large-file=\"https:\/\/www.victorarandagarcia.es\/wp-content\/uploads\/calendario-2018-12.jpg\" decoding=\"async\" loading=\"lazy\" width=\"512\" height=\"720\" src=\"https:\/\/www.victorarandagarcia.es\/wp-content\/uploads\/calendario-2018-12.jpg\" alt=\"P\u00e1gina del calendario con una fotograf\u00eda de un burro atado al parachoques de un coche\" data-id=\"2278\" data-link=\"https:\/\/www.victorarandagarcia.es\/calendario-2018-12\/\" class=\"wp-image-2278\" srcset=\"https:\/\/www.victorarandagarcia.es\/wp-content\/uploads\/calendario-2018-12.jpg 512w, https:\/\/www.victorarandagarcia.es\/wp-content\/uploads\/calendario-2018-12-213x300.jpg 213w\" sizes=\"(max-width: 512px) 100vw, 512px\" \/><\/figure><\/li><li class=\"blocks-gallery-item\"><figure><img data-attachment-id=\"2281\" data-permalink=\"https:\/\/www.victorarandagarcia.es\/calendario-2018-13\/\" data-orig-file=\"https:\/\/www.victorarandagarcia.es\/wp-content\/uploads\/calendario-2018-13.jpg\" data-orig-size=\"720,481\" data-comments-opened=\"0\" data-image-meta=\"{&quot;aperture&quot;:&quot;0&quot;,&quot;credit&quot;:&quot;&quot;,&quot;camera&quot;:&quot;&quot;,&quot;caption&quot;:&quot;&quot;,&quot;created_timestamp&quot;:&quot;0&quot;,&quot;copyright&quot;:&quot;&quot;,&quot;focal_length&quot;:&quot;0&quot;,&quot;iso&quot;:&quot;0&quot;,&quot;shutter_speed&quot;:&quot;0&quot;,&quot;title&quot;:&quot;&quot;,&quot;orientation&quot;:&quot;0&quot;}\" data-image-title=\"calendario-2018-13\" data-image-description=\"&lt;p&gt;Fotograf\u00eda inclu\u00edda en el calendario 2018&lt;\/p&gt;\n\" data-image-caption=\"\" data-medium-file=\"https:\/\/www.victorarandagarcia.es\/wp-content\/uploads\/calendario-2018-13-300x200.jpg\" data-large-file=\"https:\/\/www.victorarandagarcia.es\/wp-content\/uploads\/calendario-2018-13.jpg\" decoding=\"async\" loading=\"lazy\" width=\"720\" height=\"481\" src=\"https:\/\/www.victorarandagarcia.es\/wp-content\/uploads\/calendario-2018-13.jpg\" alt=\"Fotograf\u00eda de una gaviota sobre un cable que mira a tres gaviotas que est\u00e1n sobre el mismo cable que la miran a ella\" data-id=\"2281\" data-link=\"https:\/\/www.victorarandagarcia.es\/calendario-2018-13\/\" class=\"wp-image-2281\" srcset=\"https:\/\/www.victorarandagarcia.es\/wp-content\/uploads\/calendario-2018-13.jpg 720w, https:\/\/www.victorarandagarcia.es\/wp-content\/uploads\/calendario-2018-13-300x200.jpg 300w\" sizes=\"(max-width: 720px) 100vw, 720px\" \/><\/figure><\/li><li class=\"blocks-gallery-item\"><figure><img data-attachment-id=\"2280\" data-permalink=\"https:\/\/www.victorarandagarcia.es\/calendario-2018-5\/\" data-orig-file=\"https:\/\/www.victorarandagarcia.es\/wp-content\/uploads\/calendario-2018-5.jpg\" data-orig-size=\"720,482\" data-comments-opened=\"0\" data-image-meta=\"{&quot;aperture&quot;:&quot;0&quot;,&quot;credit&quot;:&quot;&quot;,&quot;camera&quot;:&quot;&quot;,&quot;caption&quot;:&quot;&quot;,&quot;created_timestamp&quot;:&quot;0&quot;,&quot;copyright&quot;:&quot;&quot;,&quot;focal_length&quot;:&quot;0&quot;,&quot;iso&quot;:&quot;0&quot;,&quot;shutter_speed&quot;:&quot;0&quot;,&quot;title&quot;:&quot;&quot;,&quot;orientation&quot;:&quot;0&quot;}\" data-image-title=\"calendario-2018-5\" data-image-description=\"&lt;p&gt;Fotograf\u00eda inclu\u00edda en el calendario 2018&lt;\/p&gt;\n\" data-image-caption=\"\" data-medium-file=\"https:\/\/www.victorarandagarcia.es\/wp-content\/uploads\/calendario-2018-5-300x201.jpg\" data-large-file=\"https:\/\/www.victorarandagarcia.es\/wp-content\/uploads\/calendario-2018-5.jpg\" decoding=\"async\" loading=\"lazy\" width=\"720\" height=\"482\" src=\"https:\/\/www.victorarandagarcia.es\/wp-content\/uploads\/calendario-2018-5.jpg\" alt=\"Fotograf\u00eda de una paloma blanca rodeada de palomas oscuras\" data-id=\"2280\" data-link=\"https:\/\/www.victorarandagarcia.es\/calendario-2018-5\/\" class=\"wp-image-2280\" srcset=\"https:\/\/www.victorarandagarcia.es\/wp-content\/uploads\/calendario-2018-5.jpg 720w, https:\/\/www.victorarandagarcia.es\/wp-content\/uploads\/calendario-2018-5-300x201.jpg 300w\" sizes=\"(max-width: 720px) 100vw, 720px\" \/><\/figure><\/li><li class=\"blocks-gallery-item\"><figure><img data-attachment-id=\"2279\" data-permalink=\"https:\/\/www.victorarandagarcia.es\/calendario-2018-9\/\" data-orig-file=\"https:\/\/www.victorarandagarcia.es\/wp-content\/uploads\/calendario-2018-9.jpg\" data-orig-size=\"720,481\" data-comments-opened=\"0\" data-image-meta=\"{&quot;aperture&quot;:&quot;0&quot;,&quot;credit&quot;:&quot;&quot;,&quot;camera&quot;:&quot;&quot;,&quot;caption&quot;:&quot;&quot;,&quot;created_timestamp&quot;:&quot;0&quot;,&quot;copyright&quot;:&quot;&quot;,&quot;focal_length&quot;:&quot;0&quot;,&quot;iso&quot;:&quot;0&quot;,&quot;shutter_speed&quot;:&quot;0&quot;,&quot;title&quot;:&quot;&quot;,&quot;orientation&quot;:&quot;0&quot;}\" data-image-title=\"calendario-2018-9\" data-image-description=\"&lt;p&gt;Fotograf\u00eda inclu\u00edda en el calendario 2018&lt;\/p&gt;\n\" data-image-caption=\"\" data-medium-file=\"https:\/\/www.victorarandagarcia.es\/wp-content\/uploads\/calendario-2018-9-300x200.jpg\" data-large-file=\"https:\/\/www.victorarandagarcia.es\/wp-content\/uploads\/calendario-2018-9.jpg\" decoding=\"async\" loading=\"lazy\" width=\"720\" height=\"481\" src=\"https:\/\/www.victorarandagarcia.es\/wp-content\/uploads\/calendario-2018-9.jpg\" alt=\"Fotograf\u00eda de una bandada de estorninos en pleno vuelo\" data-id=\"2279\" data-link=\"https:\/\/www.victorarandagarcia.es\/calendario-2018-9\/\" class=\"wp-image-2279\" srcset=\"https:\/\/www.victorarandagarcia.es\/wp-content\/uploads\/calendario-2018-9.jpg 720w, https:\/\/www.victorarandagarcia.es\/wp-content\/uploads\/calendario-2018-9-300x200.jpg 300w\" sizes=\"(max-width: 720px) 100vw, 720px\" \/><\/figure><\/li><li class=\"blocks-gallery-item\"><figure><img data-attachment-id=\"2283\" data-permalink=\"https:\/\/www.victorarandagarcia.es\/calendario-2018-10\/\" data-orig-file=\"https:\/\/www.victorarandagarcia.es\/wp-content\/uploads\/calendario-2018-10.jpg\" data-orig-size=\"487,720\" data-comments-opened=\"0\" data-image-meta=\"{&quot;aperture&quot;:&quot;0&quot;,&quot;credit&quot;:&quot;&quot;,&quot;camera&quot;:&quot;&quot;,&quot;caption&quot;:&quot;&quot;,&quot;created_timestamp&quot;:&quot;0&quot;,&quot;copyright&quot;:&quot;&quot;,&quot;focal_length&quot;:&quot;0&quot;,&quot;iso&quot;:&quot;0&quot;,&quot;shutter_speed&quot;:&quot;0&quot;,&quot;title&quot;:&quot;&quot;,&quot;orientation&quot;:&quot;1&quot;}\" data-image-title=\"calendario-2018-10\" data-image-description=\"&lt;p&gt;Fotograf\u00eda inclu\u00edda en el calendario 2018&lt;\/p&gt;\n\" data-image-caption=\"\" data-medium-file=\"https:\/\/www.victorarandagarcia.es\/wp-content\/uploads\/calendario-2018-10-203x300.jpg\" data-large-file=\"https:\/\/www.victorarandagarcia.es\/wp-content\/uploads\/calendario-2018-10.jpg\" decoding=\"async\" loading=\"lazy\" width=\"487\" height=\"720\" src=\"https:\/\/www.victorarandagarcia.es\/wp-content\/uploads\/calendario-2018-10.jpg\" alt=\"Fotograf\u00eda de un perro asomado a la ventana enrejada de una casa\" data-id=\"2283\" data-link=\"https:\/\/www.victorarandagarcia.es\/calendario-2018-10\/\" class=\"wp-image-2283\" srcset=\"https:\/\/www.victorarandagarcia.es\/wp-content\/uploads\/calendario-2018-10.jpg 487w, https:\/\/www.victorarandagarcia.es\/wp-content\/uploads\/calendario-2018-10-203x300.jpg 203w\" sizes=\"(max-width: 487px) 100vw, 487px\" \/><\/figure><\/li><li class=\"blocks-gallery-item\"><figure><img data-attachment-id=\"2276\" data-permalink=\"https:\/\/www.victorarandagarcia.es\/calendario-2018-6\/\" data-orig-file=\"https:\/\/www.victorarandagarcia.es\/wp-content\/uploads\/calendario-2018-6.jpg\" data-orig-size=\"563,720\" data-comments-opened=\"0\" data-image-meta=\"{&quot;aperture&quot;:&quot;0&quot;,&quot;credit&quot;:&quot;&quot;,&quot;camera&quot;:&quot;&quot;,&quot;caption&quot;:&quot;&quot;,&quot;created_timestamp&quot;:&quot;0&quot;,&quot;copyright&quot;:&quot;&quot;,&quot;focal_length&quot;:&quot;0&quot;,&quot;iso&quot;:&quot;0&quot;,&quot;shutter_speed&quot;:&quot;0&quot;,&quot;title&quot;:&quot;&quot;,&quot;orientation&quot;:&quot;1&quot;}\" data-image-title=\"calendario-2018-6\" data-image-description=\"&lt;p&gt;Fotograf\u00eda inclu\u00edda en el calendario 2018&lt;\/p&gt;\n\" data-image-caption=\"\" data-medium-file=\"https:\/\/www.victorarandagarcia.es\/wp-content\/uploads\/calendario-2018-6-235x300.jpg\" data-large-file=\"https:\/\/www.victorarandagarcia.es\/wp-content\/uploads\/calendario-2018-6.jpg\" decoding=\"async\" loading=\"lazy\" width=\"563\" height=\"720\" src=\"https:\/\/www.victorarandagarcia.es\/wp-content\/uploads\/calendario-2018-6.jpg\" alt=\"Fotograf\u00eda de varias palomas pasando entre los cables y mecanismos del tendido del ferrocarril a contraluz\" data-id=\"2276\" data-link=\"https:\/\/www.victorarandagarcia.es\/calendario-2018-6\/\" class=\"wp-image-2276\" srcset=\"https:\/\/www.victorarandagarcia.es\/wp-content\/uploads\/calendario-2018-6.jpg 563w, https:\/\/www.victorarandagarcia.es\/wp-content\/uploads\/calendario-2018-6-235x300.jpg 235w\" sizes=\"(max-width: 563px) 100vw, 563px\" \/><\/figure><\/li><li class=\"blocks-gallery-item\"><figure><img data-attachment-id=\"2277\" data-permalink=\"https:\/\/www.victorarandagarcia.es\/calendario-2018-14\/\" data-orig-file=\"https:\/\/www.victorarandagarcia.es\/wp-content\/uploads\/calendario-2018-14.jpg\" data-orig-size=\"491,720\" data-comments-opened=\"0\" data-image-meta=\"{&quot;aperture&quot;:&quot;0&quot;,&quot;credit&quot;:&quot;&quot;,&quot;camera&quot;:&quot;&quot;,&quot;caption&quot;:&quot;&quot;,&quot;created_timestamp&quot;:&quot;0&quot;,&quot;copyright&quot;:&quot;&quot;,&quot;focal_length&quot;:&quot;0&quot;,&quot;iso&quot;:&quot;0&quot;,&quot;shutter_speed&quot;:&quot;0&quot;,&quot;title&quot;:&quot;&quot;,&quot;orientation&quot;:&quot;1&quot;}\" data-image-title=\"calendario-2018-14\" data-image-description=\"&lt;p&gt;Fotograf\u00eda inclu\u00edda en el calendario 2018&lt;\/p&gt;\n\" data-image-caption=\"\" data-medium-file=\"https:\/\/www.victorarandagarcia.es\/wp-content\/uploads\/calendario-2018-14-205x300.jpg\" data-large-file=\"https:\/\/www.victorarandagarcia.es\/wp-content\/uploads\/calendario-2018-14.jpg\" decoding=\"async\" loading=\"lazy\" width=\"491\" height=\"720\" src=\"https:\/\/www.victorarandagarcia.es\/wp-content\/uploads\/calendario-2018-14.jpg\" alt=\"Fotograf\u00eda de un gato en la puerta de una casa abriendo una cortinilla met\u00e1lica\" data-id=\"2277\" data-link=\"https:\/\/www.victorarandagarcia.es\/calendario-2018-14\/\" class=\"wp-image-2277\" srcset=\"https:\/\/www.victorarandagarcia.es\/wp-content\/uploads\/calendario-2018-14.jpg 491w, https:\/\/www.victorarandagarcia.es\/wp-content\/uploads\/calendario-2018-14-205x300.jpg 205w\" sizes=\"(max-width: 491px) 100vw, 491px\" \/><\/figure><\/li><li class=\"blocks-gallery-item\"><figure><img data-attachment-id=\"2273\" data-permalink=\"https:\/\/www.victorarandagarcia.es\/calendario-2018-8\/\" data-orig-file=\"https:\/\/www.victorarandagarcia.es\/wp-content\/uploads\/calendario-2018-8.jpg\" data-orig-size=\"720,481\" data-comments-opened=\"0\" data-image-meta=\"{&quot;aperture&quot;:&quot;0&quot;,&quot;credit&quot;:&quot;Victor Aranda Garcia&quot;,&quot;camera&quot;:&quot;&quot;,&quot;caption&quot;:&quot;&quot;,&quot;created_timestamp&quot;:&quot;0&quot;,&quot;copyright&quot;:&quot;Victor Aranda Garcia&quot;,&quot;focal_length&quot;:&quot;0&quot;,&quot;iso&quot;:&quot;0&quot;,&quot;shutter_speed&quot;:&quot;0&quot;,&quot;title&quot;:&quot;&quot;,&quot;orientation&quot;:&quot;1&quot;}\" data-image-title=\"calendario-2018-8\" data-image-description=\"&lt;p&gt;Fotograf\u00eda inclu\u00edda en el calendario 2018&lt;\/p&gt;\n\" data-image-caption=\"\" data-medium-file=\"https:\/\/www.victorarandagarcia.es\/wp-content\/uploads\/calendario-2018-8-300x200.jpg\" data-large-file=\"https:\/\/www.victorarandagarcia.es\/wp-content\/uploads\/calendario-2018-8.jpg\" decoding=\"async\" loading=\"lazy\" width=\"720\" height=\"481\" src=\"https:\/\/www.victorarandagarcia.es\/wp-content\/uploads\/calendario-2018-8.jpg\" alt=\"Fotograf\u00eda en blanco y negro con dos gatos parados y uno asomando con la playa malvarrosa de fondo\" data-id=\"2273\" data-link=\"https:\/\/www.victorarandagarcia.es\/calendario-2018-8\/\" class=\"wp-image-2273\" srcset=\"https:\/\/www.victorarandagarcia.es\/wp-content\/uploads\/calendario-2018-8.jpg 720w, https:\/\/www.victorarandagarcia.es\/wp-content\/uploads\/calendario-2018-8-300x200.jpg 300w\" sizes=\"(max-width: 720px) 100vw, 720px\" \/><\/figure><\/li><li class=\"blocks-gallery-item\"><figure><img data-attachment-id=\"2272\" data-permalink=\"https:\/\/www.victorarandagarcia.es\/calendario-2018-11\/\" data-orig-file=\"https:\/\/www.victorarandagarcia.es\/wp-content\/uploads\/calendario-2018-11.jpg\" data-orig-size=\"720,481\" data-comments-opened=\"0\" data-image-meta=\"{&quot;aperture&quot;:&quot;0&quot;,&quot;credit&quot;:&quot;&quot;,&quot;camera&quot;:&quot;&quot;,&quot;caption&quot;:&quot;&quot;,&quot;created_timestamp&quot;:&quot;0&quot;,&quot;copyright&quot;:&quot;&quot;,&quot;focal_length&quot;:&quot;0&quot;,&quot;iso&quot;:&quot;0&quot;,&quot;shutter_speed&quot;:&quot;0&quot;,&quot;title&quot;:&quot;&quot;,&quot;orientation&quot;:&quot;0&quot;}\" data-image-title=\"calendario-2018-11\" data-image-description=\"&lt;p&gt;Fotograf\u00eda inclu\u00edda en el calendario 2018&lt;\/p&gt;\n\" data-image-caption=\"\" data-medium-file=\"https:\/\/www.victorarandagarcia.es\/wp-content\/uploads\/calendario-2018-11-300x200.jpg\" data-large-file=\"https:\/\/www.victorarandagarcia.es\/wp-content\/uploads\/calendario-2018-11.jpg\" decoding=\"async\" loading=\"lazy\" width=\"720\" height=\"481\" src=\"https:\/\/www.victorarandagarcia.es\/wp-content\/uploads\/calendario-2018-11.jpg\" alt=\"Fotograf\u00eda en blanco y negro de un gato olisqueando la comida de una persona en la mesa\" data-id=\"2272\" data-link=\"https:\/\/www.victorarandagarcia.es\/calendario-2018-11\/\" class=\"wp-image-2272\" srcset=\"https:\/\/www.victorarandagarcia.es\/wp-content\/uploads\/calendario-2018-11.jpg 720w, https:\/\/www.victorarandagarcia.es\/wp-content\/uploads\/calendario-2018-11-300x200.jpg 300w\" sizes=\"(max-width: 720px) 100vw, 720px\" \/><\/figure><\/li><\/ul>\n","protected":false},"excerpt":{"rendered":"<p>Como cada a\u00f1o para 2018 tambi\u00e9n he preparado una colecci\u00f3n de mis fotograf\u00edas en un calendario de pared que vendo por 15 euros (gastos de env\u00edo inclu\u00eddos para Espa\u00f1a). El tema de este a\u00f1o son los animales &hellip; <a href=\"https:\/\/www.victorarandagarcia.es\/index.php\/publicaciones\/calendario\/calendario-2018\/\" class=\"more-link\"><span>Continuar<span class=\"screen-reader-text\">Calendario 2018<\/span><\/span><\/a><\/p>\n","protected":false},"author":1,"featured_media":2274,"comment_status":"closed","ping_status":"open","sticky":false,"template":"","format":"standard","meta":{"jetpack_post_was_ever_published":false,"_jetpack_newsletter_access":"","_jetpack_dont_email_post_to_subs":false,"_jetpack_newsletter_tier_id":0,"_jetpack_memberships_contains_paywalled_content":false,"footnotes":"","_jetpack_memberships_contains_paid_content":false},"categories":[78],"tags":[81,35,80,34,36,79],"yoast_head":"<!-- This site is optimized with the Yoast SEO plugin v22.6 - https:\/\/yoast.com\/wordpress\/plugins\/seo\/ -->\n<title>Calendario 2018 - arte y estudio<\/title>\n<meta name=\"robots\" content=\"index, follow, max-snippet:-1, max-image-preview:large, max-video-preview:-1\" \/>\n<link rel=\"canonical\" href=\"https:\/\/www.victorarandagarcia.es\/index.php\/publicaciones\/calendario\/calendario-2018\/\" \/>\n<meta property=\"og:locale\" content=\"es_ES\" \/>\n<meta property=\"og:type\" content=\"article\" \/>\n<meta property=\"og:title\" content=\"Calendario 2018 - arte y estudio\" \/>\n<meta property=\"og:description\" content=\"Como cada a\u00f1o para 2018 tambi\u00e9n he preparado una colecci\u00f3n de mis fotograf\u00edas en un calendario de pared que vendo por 15 euros (gastos de env\u00edo inclu\u00eddos para Espa\u00f1a). El tema de este a\u00f1o son los animales &hellip; ContinuarCalendario 2018\" \/>\n<meta property=\"og:url\" content=\"https:\/\/www.victorarandagarcia.es\/index.php\/publicaciones\/calendario\/calendario-2018\/\" \/>\n<meta property=\"og:site_name\" content=\"arte y estudio\" \/>\n<meta property=\"article:published_time\" content=\"2019-12-06T18:05:01+00:00\" \/>\n<meta property=\"article:modified_time\" content=\"2019-12-06T18:05:04+00:00\" \/>\n<meta property=\"og:image\" content=\"https:\/\/www.victorarandagarcia.es\/wp-content\/uploads\/calendario-2018-1.jpg\" \/>\n\t<meta property=\"og:image:width\" content=\"512\" \/>\n\t<meta property=\"og:image:height\" content=\"720\" \/>\n\t<meta property=\"og:image:type\" content=\"image\/jpeg\" \/>\n<meta name=\"author\" content=\"victorarandagarcia\" \/>\n<meta name=\"twitter:card\" content=\"summary_large_image\" \/>\n<meta name=\"twitter:label1\" content=\"Escrito por\" \/>\n\t<meta name=\"twitter:data1\" content=\"victorarandagarcia\" \/>\n<script type=\"application\/ld+json\" class=\"yoast-schema-graph\">{\"@context\":\"https:\/\/schema.org\",\"@graph\":[{\"@type\":\"Article\",\"@id\":\"https:\/\/www.victorarandagarcia.es\/index.php\/publicaciones\/calendario\/calendario-2018\/#article\",\"isPartOf\":{\"@id\":\"https:\/\/www.victorarandagarcia.es\/index.php\/publicaciones\/calendario\/calendario-2018\/\"},\"author\":{\"name\":\"victorarandagarcia\",\"@id\":\"https:\/\/www.victorarandagarcia.es\/#\/schema\/person\/bfa9c61a3776d517deeee5f9386ef302\"},\"headline\":\"Calendario 2018\",\"datePublished\":\"2019-12-06T18:05:01+00:00\",\"dateModified\":\"2019-12-06T18:05:04+00:00\",\"mainEntityOfPage\":{\"@id\":\"https:\/\/www.victorarandagarcia.es\/index.php\/publicaciones\/calendario\/calendario-2018\/\"},\"wordCount\":88,\"publisher\":{\"@id\":\"https:\/\/www.victorarandagarcia.es\/#organization\"},\"image\":{\"@id\":\"https:\/\/www.victorarandagarcia.es\/index.php\/publicaciones\/calendario\/calendario-2018\/#primaryimage\"},\"thumbnailUrl\":\"https:\/\/www.victorarandagarcia.es\/wp-content\/uploads\/calendario-2018-1.jpg\",\"keywords\":[\"animales\",\"arte\",\"calendario\",\"estudio\",\"naturaleza\",\"publicaciones\"],\"articleSection\":[\"CALENDARIO ANUAL\"],\"inLanguage\":\"es\"},{\"@type\":\"WebPage\",\"@id\":\"https:\/\/www.victorarandagarcia.es\/index.php\/publicaciones\/calendario\/calendario-2018\/\",\"url\":\"https:\/\/www.victorarandagarcia.es\/index.php\/publicaciones\/calendario\/calendario-2018\/\",\"name\":\"Calendario 2018 - arte y estudio\",\"isPartOf\":{\"@id\":\"https:\/\/www.victorarandagarcia.es\/#website\"},\"primaryImageOfPage\":{\"@id\":\"https:\/\/www.victorarandagarcia.es\/index.php\/publicaciones\/calendario\/calendario-2018\/#primaryimage\"},\"image\":{\"@id\":\"https:\/\/www.victorarandagarcia.es\/index.php\/publicaciones\/calendario\/calendario-2018\/#primaryimage\"},\"thumbnailUrl\":\"https:\/\/www.victorarandagarcia.es\/wp-content\/uploads\/calendario-2018-1.jpg\",\"datePublished\":\"2019-12-06T18:05:01+00:00\",\"dateModified\":\"2019-12-06T18:05:04+00:00\",\"breadcrumb\":{\"@id\":\"https:\/\/www.victorarandagarcia.es\/index.php\/publicaciones\/calendario\/calendario-2018\/#breadcrumb\"},\"inLanguage\":\"es\",\"potentialAction\":[{\"@type\":\"ReadAction\",\"target\":[\"https:\/\/www.victorarandagarcia.es\/index.php\/publicaciones\/calendario\/calendario-2018\/\"]}]},{\"@type\":\"ImageObject\",\"inLanguage\":\"es\",\"@id\":\"https:\/\/www.victorarandagarcia.es\/index.php\/publicaciones\/calendario\/calendario-2018\/#primaryimage\",\"url\":\"https:\/\/www.victorarandagarcia.es\/wp-content\/uploads\/calendario-2018-1.jpg\",\"contentUrl\":\"https:\/\/www.victorarandagarcia.es\/wp-content\/uploads\/calendario-2018-1.jpg\",\"width\":512,\"height\":720,\"caption\":\"Portada del calendario con la fotograf\u00eda de un gato precioso andando sobre un muro en medio del campo\"},{\"@type\":\"BreadcrumbList\",\"@id\":\"https:\/\/www.victorarandagarcia.es\/index.php\/publicaciones\/calendario\/calendario-2018\/#breadcrumb\",\"itemListElement\":[{\"@type\":\"ListItem\",\"position\":1,\"name\":\"Portada\",\"item\":\"https:\/\/www.victorarandagarcia.es\/\"},{\"@type\":\"ListItem\",\"position\":2,\"name\":\"Calendario 2018\"}]},{\"@type\":\"WebSite\",\"@id\":\"https:\/\/www.victorarandagarcia.es\/#website\",\"url\":\"https:\/\/www.victorarandagarcia.es\/\",\"name\":\"arte y estudio\",\"description\":\"Fot\u00f3grafo\",\"publisher\":{\"@id\":\"https:\/\/www.victorarandagarcia.es\/#organization\"},\"potentialAction\":[{\"@type\":\"SearchAction\",\"target\":{\"@type\":\"EntryPoint\",\"urlTemplate\":\"https:\/\/www.victorarandagarcia.es\/?s={search_term_string}\"},\"query-input\":\"required name=search_term_string\"}],\"inLanguage\":\"es\"},{\"@type\":\"Organization\",\"@id\":\"https:\/\/www.victorarandagarcia.es\/#organization\",\"name\":\"arte y estudio\",\"url\":\"https:\/\/www.victorarandagarcia.es\/\",\"logo\":{\"@type\":\"ImageObject\",\"inLanguage\":\"es\",\"@id\":\"https:\/\/www.victorarandagarcia.es\/#\/schema\/logo\/image\/\",\"url\":\"https:\/\/www.victorarandagarcia.es\/wp-content\/uploads\/2019\/03\/logo-fotografo.png\",\"contentUrl\":\"https:\/\/www.victorarandagarcia.es\/wp-content\/uploads\/2019\/03\/logo-fotografo.png\",\"width\":150,\"height\":150,\"caption\":\"arte y estudio\"},\"image\":{\"@id\":\"https:\/\/www.victorarandagarcia.es\/#\/schema\/logo\/image\/\"}},{\"@type\":\"Person\",\"@id\":\"https:\/\/www.victorarandagarcia.es\/#\/schema\/person\/bfa9c61a3776d517deeee5f9386ef302\",\"name\":\"victorarandagarcia\",\"image\":{\"@type\":\"ImageObject\",\"inLanguage\":\"es\",\"@id\":\"https:\/\/www.victorarandagarcia.es\/#\/schema\/person\/image\/\",\"url\":\"https:\/\/secure.gravatar.com\/avatar\/957a01ac23a6393e755ae8225c35dbdb?s=96&d=mm&r=g\",\"contentUrl\":\"https:\/\/secure.gravatar.com\/avatar\/957a01ac23a6393e755ae8225c35dbdb?s=96&d=mm&r=g\",\"caption\":\"victorarandagarcia\"}}]}<\/script>\n<!-- \/ Yoast SEO plugin. -->","yoast_head_json":{"title":"Calendario 2018 - arte y estudio","robots":{"index":"index","follow":"follow","max-snippet":"max-snippet:-1","max-image-preview":"max-image-preview:large","max-video-preview":"max-video-preview:-1"},"canonical":"https:\/\/www.victorarandagarcia.es\/index.php\/publicaciones\/calendario\/calendario-2018\/","og_locale":"es_ES","og_type":"article","og_title":"Calendario 2018 - arte y estudio","og_description":"Como cada a\u00f1o para 2018 tambi\u00e9n he preparado una colecci\u00f3n de mis fotograf\u00edas en un calendario de pared que vendo por 15 euros (gastos de env\u00edo inclu\u00eddos para Espa\u00f1a). El tema de este a\u00f1o son los animales &hellip; ContinuarCalendario 2018","og_url":"https:\/\/www.victorarandagarcia.es\/index.php\/publicaciones\/calendario\/calendario-2018\/","og_site_name":"arte y estudio","article_published_time":"2019-12-06T18:05:01+00:00","article_modified_time":"2019-12-06T18:05:04+00:00","og_image":[{"width":512,"height":720,"url":"https:\/\/www.victorarandagarcia.es\/wp-content\/uploads\/calendario-2018-1.jpg","type":"image\/jpeg"}],"author":"victorarandagarcia","twitter_card":"summary_large_image","twitter_misc":{"Escrito por":"victorarandagarcia"},"schema":{"@context":"https:\/\/schema.org","@graph":[{"@type":"Article","@id":"https:\/\/www.victorarandagarcia.es\/index.php\/publicaciones\/calendario\/calendario-2018\/#article","isPartOf":{"@id":"https:\/\/www.victorarandagarcia.es\/index.php\/publicaciones\/calendario\/calendario-2018\/"},"author":{"name":"victorarandagarcia","@id":"https:\/\/www.victorarandagarcia.es\/#\/schema\/person\/bfa9c61a3776d517deeee5f9386ef302"},"headline":"Calendario 2018","datePublished":"2019-12-06T18:05:01+00:00","dateModified":"2019-12-06T18:05:04+00:00","mainEntityOfPage":{"@id":"https:\/\/www.victorarandagarcia.es\/index.php\/publicaciones\/calendario\/calendario-2018\/"},"wordCount":88,"publisher":{"@id":"https:\/\/www.victorarandagarcia.es\/#organization"},"image":{"@id":"https:\/\/www.victorarandagarcia.es\/index.php\/publicaciones\/calendario\/calendario-2018\/#primaryimage"},"thumbnailUrl":"https:\/\/www.victorarandagarcia.es\/wp-content\/uploads\/calendario-2018-1.jpg","keywords":["animales","arte","calendario","estudio","naturaleza","publicaciones"],"articleSection":["CALENDARIO ANUAL"],"inLanguage":"es"},{"@type":"WebPage","@id":"https:\/\/www.victorarandagarcia.es\/index.php\/publicaciones\/calendario\/calendario-2018\/","url":"https:\/\/www.victorarandagarcia.es\/index.php\/publicaciones\/calendario\/calendario-2018\/","name":"Calendario 2018 - arte y estudio","isPartOf":{"@id":"https:\/\/www.victorarandagarcia.es\/#website"},"primaryImageOfPage":{"@id":"https:\/\/www.victorarandagarcia.es\/index.php\/publicaciones\/calendario\/calendario-2018\/#primaryimage"},"image":{"@id":"https:\/\/www.victorarandagarcia.es\/index.php\/publicaciones\/calendario\/calendario-2018\/#primaryimage"},"thumbnailUrl":"https:\/\/www.victorarandagarcia.es\/wp-content\/uploads\/calendario-2018-1.jpg","datePublished":"2019-12-06T18:05:01+00:00","dateModified":"2019-12-06T18:05:04+00:00","breadcrumb":{"@id":"https:\/\/www.victorarandagarcia.es\/index.php\/publicaciones\/calendario\/calendario-2018\/#breadcrumb"},"inLanguage":"es","potentialAction":[{"@type":"ReadAction","target":["https:\/\/www.victorarandagarcia.es\/index.php\/publicaciones\/calendario\/calendario-2018\/"]}]},{"@type":"ImageObject","inLanguage":"es","@id":"https:\/\/www.victorarandagarcia.es\/index.php\/publicaciones\/calendario\/calendario-2018\/#primaryimage","url":"https:\/\/www.victorarandagarcia.es\/wp-content\/uploads\/calendario-2018-1.jpg","contentUrl":"https:\/\/www.victorarandagarcia.es\/wp-content\/uploads\/calendario-2018-1.jpg","width":512,"height":720,"caption":"Portada del calendario con la fotograf\u00eda de un gato precioso andando sobre un muro en medio del campo"},{"@type":"BreadcrumbList","@id":"https:\/\/www.victorarandagarcia.es\/index.php\/publicaciones\/calendario\/calendario-2018\/#breadcrumb","itemListElement":[{"@type":"ListItem","position":1,"name":"Portada","item":"https:\/\/www.victorarandagarcia.es\/"},{"@type":"ListItem","position":2,"name":"Calendario 2018"}]},{"@type":"WebSite","@id":"https:\/\/www.victorarandagarcia.es\/#website","url":"https:\/\/www.victorarandagarcia.es\/","name":"arte y estudio","description":"Fot\u00f3grafo","publisher":{"@id":"https:\/\/www.victorarandagarcia.es\/#organization"},"potentialAction":[{"@type":"SearchAction","target":{"@type":"EntryPoint","urlTemplate":"https:\/\/www.victorarandagarcia.es\/?s={search_term_string}"},"query-input":"required name=search_term_string"}],"inLanguage":"es"},{"@type":"Organization","@id":"https:\/\/www.victorarandagarcia.es\/#organization","name":"arte y estudio","url":"https:\/\/www.victorarandagarcia.es\/","logo":{"@type":"ImageObject","inLanguage":"es","@id":"https:\/\/www.victorarandagarcia.es\/#\/schema\/logo\/image\/","url":"https:\/\/www.victorarandagarcia.es\/wp-content\/uploads\/2019\/03\/logo-fotografo.png","contentUrl":"https:\/\/www.victorarandagarcia.es\/wp-content\/uploads\/2019\/03\/logo-fotografo.png","width":150,"height":150,"caption":"arte y estudio"},"image":{"@id":"https:\/\/www.victorarandagarcia.es\/#\/schema\/logo\/image\/"}},{"@type":"Person","@id":"https:\/\/www.victorarandagarcia.es\/#\/schema\/person\/bfa9c61a3776d517deeee5f9386ef302","name":"victorarandagarcia","image":{"@type":"ImageObject","inLanguage":"es","@id":"https:\/\/www.victorarandagarcia.es\/#\/schema\/person\/image\/","url":"https:\/\/secure.gravatar.com\/avatar\/957a01ac23a6393e755ae8225c35dbdb?s=96&d=mm&r=g","contentUrl":"https:\/\/secure.gravatar.com\/avatar\/957a01ac23a6393e755ae8225c35dbdb?s=96&d=mm&r=g","caption":"victorarandagarcia"}}]}},"jetpack_featured_media_url":"https:\/\/www.victorarandagarcia.es\/wp-content\/uploads\/calendario-2018-1.jpg","jetpack_sharing_enabled":true,"_links":{"self":[{"href":"https:\/\/www.victorarandagarcia.es\/index.php\/wp-json\/wp\/v2\/posts\/2269"}],"collection":[{"href":"https:\/\/www.victorarandagarcia.es\/index.php\/wp-json\/wp\/v2\/posts"}],"about":[{"href":"https:\/\/www.victorarandagarcia.es\/index.php\/wp-json\/wp\/v2\/types\/post"}],"author":[{"embeddable":true,"href":"https:\/\/www.victorarandagarcia.es\/index.php\/wp-json\/wp\/v2\/users\/1"}],"replies":[{"embeddable":true,"href":"https:\/\/www.victorarandagarcia.es\/index.php\/wp-json\/wp\/v2\/comments?post=2269"}],"version-history":[{"count":1,"href":"https:\/\/www.victorarandagarcia.es\/index.php\/wp-json\/wp\/v2\/posts\/2269\/revisions"}],"predecessor-version":[{"id":2284,"href":"https:\/\/www.victorarandagarcia.es\/index.php\/wp-json\/wp\/v2\/posts\/2269\/revisions\/2284"}],"wp:featuredmedia":[{"embeddable":true,"href":"https:\/\/www.victorarandagarcia.es\/index.php\/wp-json\/wp\/v2\/media\/2274"}],"wp:attachment":[{"href":"https:\/\/www.victorarandagarcia.es\/index.php\/wp-json\/wp\/v2\/media?parent=2269"}],"wp:term":[{"taxonomy":"category","embeddable":true,"href":"https:\/\/www.victorarandagarcia.es\/index.php\/wp-json\/wp\/v2\/categories?post=2269"},{"taxonomy":"post_tag","embeddable":true,"href":"https:\/\/www.victorarandagarcia.es\/index.php\/wp-json\/wp\/v2\/tags?post=2269"}],"curies":[{"name":"wp","href":"https:\/\/api.w.org\/{rel}","templated":true}]}}