{"id":2252,"date":"2019-12-06T18:40:56","date_gmt":"2019-12-06T17:40:56","guid":{"rendered":"https:\/\/www.victorarandagarcia.es\/?p=2252"},"modified":"2019-12-06T18:43:51","modified_gmt":"2019-12-06T17:43:51","slug":"calendario-2017","status":"publish","type":"post","link":"https:\/\/www.victorarandagarcia.es\/index.php\/publicaciones\/calendario\/calendario-2017\/","title":{"rendered":"Calendario 2017"},"content":{"rendered":"\n<p>El calendario de este a\u00f1o lo he querido dedicar a la luna con una selecci\u00f3n de fotograf\u00edas que he tomado de ese tema a lo largo de los a\u00f1os y que forman parte de mi serie <strong><em><a href=\"https:\/\/www.victorarandagarcia.es\/index.php\/arte\/limites\/sol-y-luna\/\">L\u00edmites<\/a><\/em><\/strong>. Quienes lo adquieran pueden tener adem\u00e1s una copia tama\u00f1o 30&#215;40 (el mismo del calendario) de cualquiera de las fotograf\u00edas inclu\u00eddas en el calendario al precio total de 40 euros. Tambi\u00e9n durante las pr\u00f3ximas semanas incluyo el calendario de regalo por la compra de una de mis fotograf\u00edas.<\/p>\n\n\n\n<ul class=\"wp-block-gallery columns-3 is-cropped wp-block-gallery-1 is-layout-flex wp-block-gallery-is-layout-flex\"><li class=\"blocks-gallery-item\"><figure><img data-attachment-id=\"2265\" data-permalink=\"https:\/\/www.victorarandagarcia.es\/calendario-2017-4\/\" data-orig-file=\"https:\/\/www.victorarandagarcia.es\/wp-content\/uploads\/calendario-2017-4.jpg\" data-orig-size=\"604,850\" data-comments-opened=\"0\" data-image-meta=\"{&quot;aperture&quot;:&quot;0&quot;,&quot;credit&quot;:&quot;&quot;,&quot;camera&quot;:&quot;&quot;,&quot;caption&quot;:&quot;&quot;,&quot;created_timestamp&quot;:&quot;0&quot;,&quot;copyright&quot;:&quot;&quot;,&quot;focal_length&quot;:&quot;0&quot;,&quot;iso&quot;:&quot;0&quot;,&quot;shutter_speed&quot;:&quot;0&quot;,&quot;title&quot;:&quot;&quot;,&quot;orientation&quot;:&quot;0&quot;}\" data-image-title=\"calendario-2017-4\" data-image-description=\"&lt;p&gt;Portada del calendario 2017&lt;\/p&gt;\n\" data-image-caption=\"\" data-medium-file=\"https:\/\/www.victorarandagarcia.es\/wp-content\/uploads\/calendario-2017-4-213x300.jpg\" data-large-file=\"https:\/\/www.victorarandagarcia.es\/wp-content\/uploads\/calendario-2017-4.jpg\" decoding=\"async\" loading=\"lazy\" width=\"604\" height=\"850\" src=\"https:\/\/www.victorarandagarcia.es\/wp-content\/uploads\/calendario-2017-4.jpg\" alt=\"Dise\u00f1o de la portada del calendario con una fotograf\u00eda de la luna que aparece como colgada de un cable\" data-id=\"2265\" data-link=\"https:\/\/www.victorarandagarcia.es\/calendario-2017-4\/\" class=\"wp-image-2265\" srcset=\"https:\/\/www.victorarandagarcia.es\/wp-content\/uploads\/calendario-2017-4.jpg 604w, https:\/\/www.victorarandagarcia.es\/wp-content\/uploads\/calendario-2017-4-213x300.jpg 213w\" sizes=\"(max-width: 604px) 100vw, 604px\" \/><\/figure><\/li><li class=\"blocks-gallery-item\"><figure><img data-attachment-id=\"2266\" data-permalink=\"https:\/\/www.victorarandagarcia.es\/calendario-2017-3\/\" data-orig-file=\"https:\/\/www.victorarandagarcia.es\/wp-content\/uploads\/calendario-2017-3.jpg\" data-orig-size=\"604,850\" data-comments-opened=\"0\" data-image-meta=\"{&quot;aperture&quot;:&quot;0&quot;,&quot;credit&quot;:&quot;&quot;,&quot;camera&quot;:&quot;&quot;,&quot;caption&quot;:&quot;&quot;,&quot;created_timestamp&quot;:&quot;0&quot;,&quot;copyright&quot;:&quot;&quot;,&quot;focal_length&quot;:&quot;0&quot;,&quot;iso&quot;:&quot;0&quot;,&quot;shutter_speed&quot;:&quot;0&quot;,&quot;title&quot;:&quot;&quot;,&quot;orientation&quot;:&quot;0&quot;}\" data-image-title=\"calendario-2017-3\" data-image-description=\"&lt;p&gt;Muestra del dise\u00f1o del calendario 2017&lt;\/p&gt;\n\" data-image-caption=\"\" data-medium-file=\"https:\/\/www.victorarandagarcia.es\/wp-content\/uploads\/calendario-2017-3-213x300.jpg\" data-large-file=\"https:\/\/www.victorarandagarcia.es\/wp-content\/uploads\/calendario-2017-3.jpg\" decoding=\"async\" loading=\"lazy\" width=\"604\" height=\"850\" src=\"https:\/\/www.victorarandagarcia.es\/wp-content\/uploads\/calendario-2017-3.jpg\" alt=\"La imagen muestra una p\u00e1gina del calendario con una fotograf\u00eda de la luna de fondo\" data-id=\"2266\" data-link=\"https:\/\/www.victorarandagarcia.es\/calendario-2017-3\/\" class=\"wp-image-2266\" srcset=\"https:\/\/www.victorarandagarcia.es\/wp-content\/uploads\/calendario-2017-3.jpg 604w, https:\/\/www.victorarandagarcia.es\/wp-content\/uploads\/calendario-2017-3-213x300.jpg 213w\" sizes=\"(max-width: 604px) 100vw, 604px\" \/><\/figure><\/li><li class=\"blocks-gallery-item\"><figure><img data-attachment-id=\"2264\" data-permalink=\"https:\/\/www.victorarandagarcia.es\/calendario-2017-1\/\" data-orig-file=\"https:\/\/www.victorarandagarcia.es\/wp-content\/uploads\/calendario-2017-1.jpg\" data-orig-size=\"604,850\" data-comments-opened=\"0\" data-image-meta=\"{&quot;aperture&quot;:&quot;0&quot;,&quot;credit&quot;:&quot;&quot;,&quot;camera&quot;:&quot;&quot;,&quot;caption&quot;:&quot;&quot;,&quot;created_timestamp&quot;:&quot;0&quot;,&quot;copyright&quot;:&quot;&quot;,&quot;focal_length&quot;:&quot;0&quot;,&quot;iso&quot;:&quot;0&quot;,&quot;shutter_speed&quot;:&quot;0&quot;,&quot;title&quot;:&quot;&quot;,&quot;orientation&quot;:&quot;0&quot;}\" data-image-title=\"calendario-2017-1\" data-image-description=\"&lt;p&gt;Muestra del dise\u00f1o del calendario 2017&lt;\/p&gt;\n\" data-image-caption=\"\" data-medium-file=\"https:\/\/www.victorarandagarcia.es\/wp-content\/uploads\/calendario-2017-1-213x300.jpg\" data-large-file=\"https:\/\/www.victorarandagarcia.es\/wp-content\/uploads\/calendario-2017-1.jpg\" decoding=\"async\" loading=\"lazy\" width=\"604\" height=\"850\" src=\"https:\/\/www.victorarandagarcia.es\/wp-content\/uploads\/calendario-2017-1.jpg\" alt=\"La imagen muestra una p\u00e1gina del calendario con una fotograf\u00eda de la luna de fondo\" data-id=\"2264\" data-link=\"https:\/\/www.victorarandagarcia.es\/calendario-2017-1\/\" class=\"wp-image-2264\" srcset=\"https:\/\/www.victorarandagarcia.es\/wp-content\/uploads\/calendario-2017-1.jpg 604w, https:\/\/www.victorarandagarcia.es\/wp-content\/uploads\/calendario-2017-1-213x300.jpg 213w\" sizes=\"(max-width: 604px) 100vw, 604px\" \/><\/figure><\/li><li class=\"blocks-gallery-item\"><figure><img data-attachment-id=\"2253\" data-permalink=\"https:\/\/www.victorarandagarcia.es\/calendario-2017-2\/\" data-orig-file=\"https:\/\/www.victorarandagarcia.es\/wp-content\/uploads\/calendario-2017-2.jpg\" data-orig-size=\"604,850\" data-comments-opened=\"0\" data-image-meta=\"{&quot;aperture&quot;:&quot;0&quot;,&quot;credit&quot;:&quot;&quot;,&quot;camera&quot;:&quot;&quot;,&quot;caption&quot;:&quot;&quot;,&quot;created_timestamp&quot;:&quot;0&quot;,&quot;copyright&quot;:&quot;&quot;,&quot;focal_length&quot;:&quot;0&quot;,&quot;iso&quot;:&quot;0&quot;,&quot;shutter_speed&quot;:&quot;0&quot;,&quot;title&quot;:&quot;&quot;,&quot;orientation&quot;:&quot;0&quot;}\" data-image-title=\"calendario-2017-2\" data-image-description=\"&lt;p&gt;Muestra del dise\u00f1o del calendario 2017&lt;\/p&gt;\n\" data-image-caption=\"\" data-medium-file=\"https:\/\/www.victorarandagarcia.es\/wp-content\/uploads\/calendario-2017-2-213x300.jpg\" data-large-file=\"https:\/\/www.victorarandagarcia.es\/wp-content\/uploads\/calendario-2017-2.jpg\" decoding=\"async\" loading=\"lazy\" width=\"604\" height=\"850\" src=\"https:\/\/www.victorarandagarcia.es\/wp-content\/uploads\/calendario-2017-2.jpg\" alt=\"La imagen muestra una p\u00e1gina del calendario con una fotograf\u00eda de la luna de fondo\" data-id=\"2253\" data-link=\"https:\/\/www.victorarandagarcia.es\/calendario-2017-2\/\" class=\"wp-image-2253\" srcset=\"https:\/\/www.victorarandagarcia.es\/wp-content\/uploads\/calendario-2017-2.jpg 604w, https:\/\/www.victorarandagarcia.es\/wp-content\/uploads\/calendario-2017-2-213x300.jpg 213w\" sizes=\"(max-width: 604px) 100vw, 604px\" \/><\/figure><\/li><li class=\"blocks-gallery-item\"><figure><img data-attachment-id=\"2255\" data-permalink=\"https:\/\/www.victorarandagarcia.es\/calendario-2017-5\/\" data-orig-file=\"https:\/\/www.victorarandagarcia.es\/wp-content\/uploads\/calendario-2017-5.jpg\" data-orig-size=\"561,840\" data-comments-opened=\"0\" data-image-meta=\"{&quot;aperture&quot;:&quot;0&quot;,&quot;credit&quot;:&quot;&quot;,&quot;camera&quot;:&quot;&quot;,&quot;caption&quot;:&quot;&quot;,&quot;created_timestamp&quot;:&quot;0&quot;,&quot;copyright&quot;:&quot;&quot;,&quot;focal_length&quot;:&quot;0&quot;,&quot;iso&quot;:&quot;0&quot;,&quot;shutter_speed&quot;:&quot;0&quot;,&quot;title&quot;:&quot;&quot;,&quot;orientation&quot;:&quot;0&quot;}\" data-image-title=\"calendario-2017-5\" data-image-description=\"&lt;p&gt;Fotograf\u00eda inclu\u00edda en el calendario 2017&lt;\/p&gt;\n\" data-image-caption=\"\" data-medium-file=\"https:\/\/www.victorarandagarcia.es\/wp-content\/uploads\/calendario-2017-5-200x300.jpg\" data-large-file=\"https:\/\/www.victorarandagarcia.es\/wp-content\/uploads\/calendario-2017-5.jpg\" decoding=\"async\" loading=\"lazy\" width=\"561\" height=\"840\" src=\"https:\/\/www.victorarandagarcia.es\/wp-content\/uploads\/calendario-2017-5.jpg\" alt=\"Fotograf\u00eda de un ave volando sobre los tejados de una ciudad pasando delante de la luna llena al atardecer\" data-id=\"2255\" data-link=\"https:\/\/www.victorarandagarcia.es\/calendario-2017-5\/\" class=\"wp-image-2255\" srcset=\"https:\/\/www.victorarandagarcia.es\/wp-content\/uploads\/calendario-2017-5.jpg 561w, https:\/\/www.victorarandagarcia.es\/wp-content\/uploads\/calendario-2017-5-200x300.jpg 200w\" sizes=\"(max-width: 561px) 100vw, 561px\" \/><\/figure><\/li><li class=\"blocks-gallery-item\"><figure><img data-attachment-id=\"2261\" data-permalink=\"https:\/\/www.victorarandagarcia.es\/calendario-2017-9\/\" data-orig-file=\"https:\/\/www.victorarandagarcia.es\/wp-content\/uploads\/calendario-2017-9.jpg\" data-orig-size=\"481,720\" data-comments-opened=\"0\" data-image-meta=\"{&quot;aperture&quot;:&quot;0&quot;,&quot;credit&quot;:&quot;&quot;,&quot;camera&quot;:&quot;&quot;,&quot;caption&quot;:&quot;&quot;,&quot;created_timestamp&quot;:&quot;0&quot;,&quot;copyright&quot;:&quot;&quot;,&quot;focal_length&quot;:&quot;0&quot;,&quot;iso&quot;:&quot;0&quot;,&quot;shutter_speed&quot;:&quot;0&quot;,&quot;title&quot;:&quot;&quot;,&quot;orientation&quot;:&quot;0&quot;}\" data-image-title=\"calendario-2017-9\" data-image-description=\"&lt;p&gt;Fotograf\u00eda inclu\u00edda en el calendario 2017&lt;\/p&gt;\n\" data-image-caption=\"\" data-medium-file=\"https:\/\/www.victorarandagarcia.es\/wp-content\/uploads\/calendario-2017-9-200x300.jpg\" data-large-file=\"https:\/\/www.victorarandagarcia.es\/wp-content\/uploads\/calendario-2017-9.jpg\" decoding=\"async\" loading=\"lazy\" width=\"481\" height=\"720\" src=\"https:\/\/www.victorarandagarcia.es\/wp-content\/uploads\/calendario-2017-9.jpg\" alt=\"Fotograf\u00eda de la luna en cuarto creciente vista justo al lado de una antena de televisi\u00f3n sobre una azotea\" data-id=\"2261\" data-link=\"https:\/\/www.victorarandagarcia.es\/calendario-2017-9\/\" class=\"wp-image-2261\" srcset=\"https:\/\/www.victorarandagarcia.es\/wp-content\/uploads\/calendario-2017-9.jpg 481w, https:\/\/www.victorarandagarcia.es\/wp-content\/uploads\/calendario-2017-9-200x300.jpg 200w\" sizes=\"(max-width: 481px) 100vw, 481px\" \/><\/figure><\/li><li class=\"blocks-gallery-item\"><figure><img data-attachment-id=\"2262\" data-permalink=\"https:\/\/www.victorarandagarcia.es\/calendario-2017-14\/\" data-orig-file=\"https:\/\/www.victorarandagarcia.es\/wp-content\/uploads\/calendario-2017-14.jpg\" data-orig-size=\"720,481\" data-comments-opened=\"0\" data-image-meta=\"{&quot;aperture&quot;:&quot;0&quot;,&quot;credit&quot;:&quot;Victor Aranda Garcia&quot;,&quot;camera&quot;:&quot;&quot;,&quot;caption&quot;:&quot;&quot;,&quot;created_timestamp&quot;:&quot;0&quot;,&quot;copyright&quot;:&quot;Victor Aranda Garcia&quot;,&quot;focal_length&quot;:&quot;0&quot;,&quot;iso&quot;:&quot;0&quot;,&quot;shutter_speed&quot;:&quot;0&quot;,&quot;title&quot;:&quot;&quot;,&quot;orientation&quot;:&quot;0&quot;}\" data-image-title=\"calendario-2017-14\" data-image-description=\"&lt;p&gt;Fotograf\u00eda inclu\u00edda en el calendario 2017&lt;\/p&gt;\n\" data-image-caption=\"\" data-medium-file=\"https:\/\/www.victorarandagarcia.es\/wp-content\/uploads\/calendario-2017-14-300x200.jpg\" data-large-file=\"https:\/\/www.victorarandagarcia.es\/wp-content\/uploads\/calendario-2017-14.jpg\" decoding=\"async\" loading=\"lazy\" width=\"720\" height=\"481\" src=\"https:\/\/www.victorarandagarcia.es\/wp-content\/uploads\/calendario-2017-14.jpg\" alt=\"Fotograf\u00eda de una gaviota sobre un tejadillo con la luna llena justo detr\u00e1s del ave\" data-id=\"2262\" data-link=\"https:\/\/www.victorarandagarcia.es\/calendario-2017-14\/\" class=\"wp-image-2262\" srcset=\"https:\/\/www.victorarandagarcia.es\/wp-content\/uploads\/calendario-2017-14.jpg 720w, https:\/\/www.victorarandagarcia.es\/wp-content\/uploads\/calendario-2017-14-300x200.jpg 300w\" sizes=\"(max-width: 720px) 100vw, 720px\" \/><\/figure><\/li><li class=\"blocks-gallery-item\"><figure><img data-attachment-id=\"2259\" data-permalink=\"https:\/\/www.victorarandagarcia.es\/calendario-2017-13\/\" data-orig-file=\"https:\/\/www.victorarandagarcia.es\/wp-content\/uploads\/calendario-2017-13.jpg\" data-orig-size=\"720,481\" data-comments-opened=\"0\" data-image-meta=\"{&quot;aperture&quot;:&quot;0&quot;,&quot;credit&quot;:&quot;&quot;,&quot;camera&quot;:&quot;&quot;,&quot;caption&quot;:&quot;&quot;,&quot;created_timestamp&quot;:&quot;0&quot;,&quot;copyright&quot;:&quot;&quot;,&quot;focal_length&quot;:&quot;0&quot;,&quot;iso&quot;:&quot;0&quot;,&quot;shutter_speed&quot;:&quot;0&quot;,&quot;title&quot;:&quot;&quot;,&quot;orientation&quot;:&quot;0&quot;}\" data-image-title=\"calendario-2017-13\" data-image-description=\"&lt;p&gt;Fotograf\u00eda inclu\u00edda en el calendario 2017&lt;\/p&gt;\n\" data-image-caption=\"\" data-medium-file=\"https:\/\/www.victorarandagarcia.es\/wp-content\/uploads\/calendario-2017-13-300x200.jpg\" data-large-file=\"https:\/\/www.victorarandagarcia.es\/wp-content\/uploads\/calendario-2017-13.jpg\" decoding=\"async\" loading=\"lazy\" width=\"720\" height=\"481\" src=\"https:\/\/www.victorarandagarcia.es\/wp-content\/uploads\/calendario-2017-13.jpg\" alt=\"Fotograf\u00eda de la luna llena vista a trav\u00e9s de las barras de un puente en Valencia con un avi\u00f3n pasando y su estela\" data-id=\"2259\" data-link=\"https:\/\/www.victorarandagarcia.es\/calendario-2017-13\/\" class=\"wp-image-2259\" srcset=\"https:\/\/www.victorarandagarcia.es\/wp-content\/uploads\/calendario-2017-13.jpg 720w, https:\/\/www.victorarandagarcia.es\/wp-content\/uploads\/calendario-2017-13-300x200.jpg 300w\" sizes=\"(max-width: 720px) 100vw, 720px\" \/><\/figure><\/li><li class=\"blocks-gallery-item\"><figure><img data-attachment-id=\"2260\" data-permalink=\"https:\/\/www.victorarandagarcia.es\/calendario-2017-7\/\" data-orig-file=\"https:\/\/www.victorarandagarcia.es\/wp-content\/uploads\/calendario-2017-7.jpg\" data-orig-size=\"720,481\" data-comments-opened=\"0\" data-image-meta=\"{&quot;aperture&quot;:&quot;0&quot;,&quot;credit&quot;:&quot;&quot;,&quot;camera&quot;:&quot;&quot;,&quot;caption&quot;:&quot;&quot;,&quot;created_timestamp&quot;:&quot;0&quot;,&quot;copyright&quot;:&quot;&quot;,&quot;focal_length&quot;:&quot;0&quot;,&quot;iso&quot;:&quot;0&quot;,&quot;shutter_speed&quot;:&quot;0&quot;,&quot;title&quot;:&quot;&quot;,&quot;orientation&quot;:&quot;0&quot;}\" data-image-title=\"calendario-2017-7\" data-image-description=\"&lt;p&gt;Fotograf\u00eda inclu\u00edda en el calendario 2017&lt;\/p&gt;\n\" data-image-caption=\"\" data-medium-file=\"https:\/\/www.victorarandagarcia.es\/wp-content\/uploads\/calendario-2017-7-300x200.jpg\" data-large-file=\"https:\/\/www.victorarandagarcia.es\/wp-content\/uploads\/calendario-2017-7.jpg\" decoding=\"async\" loading=\"lazy\" width=\"720\" height=\"481\" src=\"https:\/\/www.victorarandagarcia.es\/wp-content\/uploads\/calendario-2017-7.jpg\" alt=\"Fotograf\u00eda de la luna vista a trav\u00e9s de una estructura arquitect\u00f3nica\" data-id=\"2260\" data-link=\"https:\/\/www.victorarandagarcia.es\/calendario-2017-7\/\" class=\"wp-image-2260\" srcset=\"https:\/\/www.victorarandagarcia.es\/wp-content\/uploads\/calendario-2017-7.jpg 720w, https:\/\/www.victorarandagarcia.es\/wp-content\/uploads\/calendario-2017-7-300x200.jpg 300w\" sizes=\"(max-width: 720px) 100vw, 720px\" \/><\/figure><\/li><li class=\"blocks-gallery-item\"><figure><img data-attachment-id=\"2263\" data-permalink=\"https:\/\/www.victorarandagarcia.es\/calendario-2017-6\/\" data-orig-file=\"https:\/\/www.victorarandagarcia.es\/wp-content\/uploads\/calendario-2017-6.jpg\" data-orig-size=\"481,720\" data-comments-opened=\"0\" data-image-meta=\"{&quot;aperture&quot;:&quot;0&quot;,&quot;credit&quot;:&quot;Victor Aranda Garcia&quot;,&quot;camera&quot;:&quot;&quot;,&quot;caption&quot;:&quot;&quot;,&quot;created_timestamp&quot;:&quot;0&quot;,&quot;copyright&quot;:&quot;Victor Aranda Garcia&quot;,&quot;focal_length&quot;:&quot;0&quot;,&quot;iso&quot;:&quot;0&quot;,&quot;shutter_speed&quot;:&quot;0&quot;,&quot;title&quot;:&quot;&quot;,&quot;orientation&quot;:&quot;0&quot;}\" data-image-title=\"calendario-2017-6\" data-image-description=\"&lt;p&gt;Fotograf\u00eda inclu\u00edda en el calendario 2017&lt;\/p&gt;\n\" data-image-caption=\"\" data-medium-file=\"https:\/\/www.victorarandagarcia.es\/wp-content\/uploads\/calendario-2017-6-200x300.jpg\" data-large-file=\"https:\/\/www.victorarandagarcia.es\/wp-content\/uploads\/calendario-2017-6.jpg\" decoding=\"async\" loading=\"lazy\" width=\"481\" height=\"720\" src=\"https:\/\/www.victorarandagarcia.es\/wp-content\/uploads\/calendario-2017-6.jpg\" alt=\"Fotograf\u00eda de la luna justo encima del \u00faltimo pelda\u00f1o de una escalera\" data-id=\"2263\" data-link=\"https:\/\/www.victorarandagarcia.es\/calendario-2017-6\/\" class=\"wp-image-2263\" srcset=\"https:\/\/www.victorarandagarcia.es\/wp-content\/uploads\/calendario-2017-6.jpg 481w, https:\/\/www.victorarandagarcia.es\/wp-content\/uploads\/calendario-2017-6-200x300.jpg 200w\" sizes=\"(max-width: 481px) 100vw, 481px\" \/><\/figure><\/li><li class=\"blocks-gallery-item\"><figure><img data-attachment-id=\"2256\" data-permalink=\"https:\/\/www.victorarandagarcia.es\/calendario-2017-8\/\" data-orig-file=\"https:\/\/www.victorarandagarcia.es\/wp-content\/uploads\/calendario-2017-8.jpg\" data-orig-size=\"481,720\" data-comments-opened=\"0\" data-image-meta=\"{&quot;aperture&quot;:&quot;0&quot;,&quot;credit&quot;:&quot;&quot;,&quot;camera&quot;:&quot;&quot;,&quot;caption&quot;:&quot;&quot;,&quot;created_timestamp&quot;:&quot;0&quot;,&quot;copyright&quot;:&quot;&quot;,&quot;focal_length&quot;:&quot;0&quot;,&quot;iso&quot;:&quot;0&quot;,&quot;shutter_speed&quot;:&quot;0&quot;,&quot;title&quot;:&quot;&quot;,&quot;orientation&quot;:&quot;0&quot;}\" data-image-title=\"calendario-2017-8\" data-image-description=\"&lt;p&gt;Fotograf\u00eda inclu\u00edda en el calendario 2017&lt;\/p&gt;\n\" data-image-caption=\"\" data-medium-file=\"https:\/\/www.victorarandagarcia.es\/wp-content\/uploads\/calendario-2017-8-200x300.jpg\" data-large-file=\"https:\/\/www.victorarandagarcia.es\/wp-content\/uploads\/calendario-2017-8.jpg\" decoding=\"async\" loading=\"lazy\" width=\"481\" height=\"720\" src=\"https:\/\/www.victorarandagarcia.es\/wp-content\/uploads\/calendario-2017-8.jpg\" alt=\"Fotograf\u00eda de la luna vista a trav\u00e9s de un artilugio circular sobre el tejado de una casa en Valencia\" data-id=\"2256\" data-link=\"https:\/\/www.victorarandagarcia.es\/calendario-2017-8\/\" class=\"wp-image-2256\" srcset=\"https:\/\/www.victorarandagarcia.es\/wp-content\/uploads\/calendario-2017-8.jpg 481w, https:\/\/www.victorarandagarcia.es\/wp-content\/uploads\/calendario-2017-8-200x300.jpg 200w\" sizes=\"(max-width: 481px) 100vw, 481px\" \/><\/figure><\/li><li class=\"blocks-gallery-item\"><figure><img data-attachment-id=\"2258\" data-permalink=\"https:\/\/www.victorarandagarcia.es\/calendario-2017-12\/\" data-orig-file=\"https:\/\/www.victorarandagarcia.es\/wp-content\/uploads\/calendario-2017-12.jpg\" data-orig-size=\"481,720\" data-comments-opened=\"0\" data-image-meta=\"{&quot;aperture&quot;:&quot;0&quot;,&quot;credit&quot;:&quot;Victor Aranda Garcia&quot;,&quot;camera&quot;:&quot;&quot;,&quot;caption&quot;:&quot;&quot;,&quot;created_timestamp&quot;:&quot;0&quot;,&quot;copyright&quot;:&quot;Victor Aranda Garcia&quot;,&quot;focal_length&quot;:&quot;0&quot;,&quot;iso&quot;:&quot;0&quot;,&quot;shutter_speed&quot;:&quot;0&quot;,&quot;title&quot;:&quot;&quot;,&quot;orientation&quot;:&quot;0&quot;}\" data-image-title=\"calendario-2017-12\" data-image-description=\"&lt;p&gt;Fotograf\u00eda inclu\u00edda en el calendario 2017&lt;\/p&gt;\n\" data-image-caption=\"\" data-medium-file=\"https:\/\/www.victorarandagarcia.es\/wp-content\/uploads\/calendario-2017-12-200x300.jpg\" data-large-file=\"https:\/\/www.victorarandagarcia.es\/wp-content\/uploads\/calendario-2017-12.jpg\" decoding=\"async\" loading=\"lazy\" width=\"481\" height=\"720\" src=\"https:\/\/www.victorarandagarcia.es\/wp-content\/uploads\/calendario-2017-12.jpg\" alt=\"Fotograf\u00eda en blanco y negro de la luna vista a trav\u00e9s de las ramas de un almendro en el campo de Cartagena\" data-id=\"2258\" data-link=\"https:\/\/www.victorarandagarcia.es\/calendario-2017-12\/\" class=\"wp-image-2258\" srcset=\"https:\/\/www.victorarandagarcia.es\/wp-content\/uploads\/calendario-2017-12.jpg 481w, https:\/\/www.victorarandagarcia.es\/wp-content\/uploads\/calendario-2017-12-200x300.jpg 200w\" sizes=\"(max-width: 481px) 100vw, 481px\" \/><\/figure><\/li><li class=\"blocks-gallery-item\"><figure><img data-attachment-id=\"2257\" data-permalink=\"https:\/\/www.victorarandagarcia.es\/calendario-2017-11\/\" data-orig-file=\"https:\/\/www.victorarandagarcia.es\/wp-content\/uploads\/calendario-2017-11.jpg\" data-orig-size=\"720,482\" data-comments-opened=\"0\" data-image-meta=\"{&quot;aperture&quot;:&quot;0&quot;,&quot;credit&quot;:&quot;&quot;,&quot;camera&quot;:&quot;&quot;,&quot;caption&quot;:&quot;&quot;,&quot;created_timestamp&quot;:&quot;0&quot;,&quot;copyright&quot;:&quot;&quot;,&quot;focal_length&quot;:&quot;0&quot;,&quot;iso&quot;:&quot;0&quot;,&quot;shutter_speed&quot;:&quot;0&quot;,&quot;title&quot;:&quot;&quot;,&quot;orientation&quot;:&quot;0&quot;}\" data-image-title=\"calendario-2017-11\" data-image-description=\"&lt;p&gt;Fotograf\u00eda inclu\u00edda en el calendario 2017&lt;\/p&gt;\n\" data-image-caption=\"\" data-medium-file=\"https:\/\/www.victorarandagarcia.es\/wp-content\/uploads\/calendario-2017-11-300x201.jpg\" data-large-file=\"https:\/\/www.victorarandagarcia.es\/wp-content\/uploads\/calendario-2017-11.jpg\" decoding=\"async\" loading=\"lazy\" width=\"720\" height=\"482\" src=\"https:\/\/www.victorarandagarcia.es\/wp-content\/uploads\/calendario-2017-11.jpg\" alt=\"Fotograf\u00eda de la luna vista en medio de las ramas de un grupo de \u00e1rboles en El Saler\" data-id=\"2257\" data-link=\"https:\/\/www.victorarandagarcia.es\/calendario-2017-11\/\" class=\"wp-image-2257\" srcset=\"https:\/\/www.victorarandagarcia.es\/wp-content\/uploads\/calendario-2017-11.jpg 720w, https:\/\/www.victorarandagarcia.es\/wp-content\/uploads\/calendario-2017-11-300x201.jpg 300w\" sizes=\"(max-width: 720px) 100vw, 720px\" \/><\/figure><\/li><li class=\"blocks-gallery-item\"><figure><img data-attachment-id=\"2254\" data-permalink=\"https:\/\/www.victorarandagarcia.es\/calendario-2017-10\/\" data-orig-file=\"https:\/\/www.victorarandagarcia.es\/wp-content\/uploads\/calendario-2017-10.jpg\" data-orig-size=\"558,720\" data-comments-opened=\"0\" data-image-meta=\"{&quot;aperture&quot;:&quot;0&quot;,&quot;credit&quot;:&quot;&quot;,&quot;camera&quot;:&quot;&quot;,&quot;caption&quot;:&quot;&quot;,&quot;created_timestamp&quot;:&quot;0&quot;,&quot;copyright&quot;:&quot;&quot;,&quot;focal_length&quot;:&quot;0&quot;,&quot;iso&quot;:&quot;0&quot;,&quot;shutter_speed&quot;:&quot;0&quot;,&quot;title&quot;:&quot;&quot;,&quot;orientation&quot;:&quot;0&quot;}\" data-image-title=\"calendario-2017-10\" data-image-description=\"&lt;p&gt;Fotograf\u00eda inclu\u00edda en el calendario 2017&lt;\/p&gt;\n\" data-image-caption=\"\" data-medium-file=\"https:\/\/www.victorarandagarcia.es\/wp-content\/uploads\/calendario-2017-10-233x300.jpg\" data-large-file=\"https:\/\/www.victorarandagarcia.es\/wp-content\/uploads\/calendario-2017-10.jpg\" decoding=\"async\" loading=\"lazy\" width=\"558\" height=\"720\" src=\"https:\/\/www.victorarandagarcia.es\/wp-content\/uploads\/calendario-2017-10.jpg\" alt=\"Fotograf\u00eda de la luna llena vista justo sobre una cruz de piedra de la fachada del cementerio de Benimaclet\" data-id=\"2254\" data-link=\"https:\/\/www.victorarandagarcia.es\/calendario-2017-10\/\" class=\"wp-image-2254\" srcset=\"https:\/\/www.victorarandagarcia.es\/wp-content\/uploads\/calendario-2017-10.jpg 558w, https:\/\/www.victorarandagarcia.es\/wp-content\/uploads\/calendario-2017-10-233x300.jpg 233w\" sizes=\"(max-width: 558px) 100vw, 558px\" \/><\/figure><\/li><\/ul>\n","protected":false},"excerpt":{"rendered":"<p>El calendario de este a\u00f1o lo he querido dedicar a la luna con una selecci\u00f3n de fotograf\u00edas que he tomado con ese tema a lo largo de los a\u00f1os. &hellip; <a href=\"https:\/\/www.victorarandagarcia.es\/index.php\/publicaciones\/calendario\/calendario-2017\/\" class=\"more-link\"><span>Continuar<span class=\"screen-reader-text\">Calendario 2017<\/span><\/span><\/a><\/p>\n","protected":false},"author":1,"featured_media":2265,"comment_status":"closed","ping_status":"open","sticky":false,"template":"","format":"standard","meta":{"jetpack_post_was_ever_published":false,"_jetpack_newsletter_access":"","_jetpack_dont_email_post_to_subs":false,"_jetpack_newsletter_tier_id":0,"_jetpack_memberships_contains_paywalled_content":false,"footnotes":"","_jetpack_memberships_contains_paid_content":false},"categories":[78],"tags":[35,80,34,77,79],"yoast_head":"<!-- This site is optimized with the Yoast SEO plugin v22.6 - https:\/\/yoast.com\/wordpress\/plugins\/seo\/ -->\n<title>Calendario 2017 - arte y estudio<\/title>\n<meta name=\"robots\" content=\"index, follow, max-snippet:-1, max-image-preview:large, max-video-preview:-1\" \/>\n<link rel=\"canonical\" href=\"https:\/\/www.victorarandagarcia.es\/index.php\/publicaciones\/calendario\/calendario-2017\/\" \/>\n<meta property=\"og:locale\" content=\"es_ES\" \/>\n<meta property=\"og:type\" content=\"article\" \/>\n<meta property=\"og:title\" content=\"Calendario 2017 - arte y estudio\" \/>\n<meta property=\"og:description\" content=\"El calendario de este a\u00f1o lo he querido dedicar a la luna con una selecci\u00f3n de fotograf\u00edas que he tomado con ese tema a lo largo de los a\u00f1os. &hellip; ContinuarCalendario 2017\" \/>\n<meta property=\"og:url\" content=\"https:\/\/www.victorarandagarcia.es\/index.php\/publicaciones\/calendario\/calendario-2017\/\" \/>\n<meta property=\"og:site_name\" content=\"arte y estudio\" \/>\n<meta property=\"article:published_time\" content=\"2019-12-06T17:40:56+00:00\" \/>\n<meta property=\"article:modified_time\" content=\"2019-12-06T17:43:51+00:00\" \/>\n<meta property=\"og:image\" content=\"https:\/\/www.victorarandagarcia.es\/wp-content\/uploads\/calendario-2017-4.jpg\" \/>\n\t<meta property=\"og:image:width\" content=\"604\" \/>\n\t<meta property=\"og:image:height\" content=\"850\" \/>\n\t<meta property=\"og:image:type\" content=\"image\/jpeg\" \/>\n<meta name=\"author\" content=\"victorarandagarcia\" \/>\n<meta name=\"twitter:card\" content=\"summary_large_image\" \/>\n<meta name=\"twitter:label1\" content=\"Escrito por\" \/>\n\t<meta name=\"twitter:data1\" content=\"victorarandagarcia\" \/>\n<script type=\"application\/ld+json\" class=\"yoast-schema-graph\">{\"@context\":\"https:\/\/schema.org\",\"@graph\":[{\"@type\":\"Article\",\"@id\":\"https:\/\/www.victorarandagarcia.es\/index.php\/publicaciones\/calendario\/calendario-2017\/#article\",\"isPartOf\":{\"@id\":\"https:\/\/www.victorarandagarcia.es\/index.php\/publicaciones\/calendario\/calendario-2017\/\"},\"author\":{\"name\":\"victorarandagarcia\",\"@id\":\"https:\/\/www.victorarandagarcia.es\/#\/schema\/person\/bfa9c61a3776d517deeee5f9386ef302\"},\"headline\":\"Calendario 2017\",\"datePublished\":\"2019-12-06T17:40:56+00:00\",\"dateModified\":\"2019-12-06T17:43:51+00:00\",\"mainEntityOfPage\":{\"@id\":\"https:\/\/www.victorarandagarcia.es\/index.php\/publicaciones\/calendario\/calendario-2017\/\"},\"wordCount\":96,\"publisher\":{\"@id\":\"https:\/\/www.victorarandagarcia.es\/#organization\"},\"image\":{\"@id\":\"https:\/\/www.victorarandagarcia.es\/index.php\/publicaciones\/calendario\/calendario-2017\/#primaryimage\"},\"thumbnailUrl\":\"https:\/\/www.victorarandagarcia.es\/wp-content\/uploads\/calendario-2017-4.jpg\",\"keywords\":[\"arte\",\"calendario\",\"estudio\",\"luna\",\"publicaciones\"],\"articleSection\":[\"CALENDARIO ANUAL\"],\"inLanguage\":\"es\"},{\"@type\":\"WebPage\",\"@id\":\"https:\/\/www.victorarandagarcia.es\/index.php\/publicaciones\/calendario\/calendario-2017\/\",\"url\":\"https:\/\/www.victorarandagarcia.es\/index.php\/publicaciones\/calendario\/calendario-2017\/\",\"name\":\"Calendario 2017 - arte y estudio\",\"isPartOf\":{\"@id\":\"https:\/\/www.victorarandagarcia.es\/#website\"},\"primaryImageOfPage\":{\"@id\":\"https:\/\/www.victorarandagarcia.es\/index.php\/publicaciones\/calendario\/calendario-2017\/#primaryimage\"},\"image\":{\"@id\":\"https:\/\/www.victorarandagarcia.es\/index.php\/publicaciones\/calendario\/calendario-2017\/#primaryimage\"},\"thumbnailUrl\":\"https:\/\/www.victorarandagarcia.es\/wp-content\/uploads\/calendario-2017-4.jpg\",\"datePublished\":\"2019-12-06T17:40:56+00:00\",\"dateModified\":\"2019-12-06T17:43:51+00:00\",\"breadcrumb\":{\"@id\":\"https:\/\/www.victorarandagarcia.es\/index.php\/publicaciones\/calendario\/calendario-2017\/#breadcrumb\"},\"inLanguage\":\"es\",\"potentialAction\":[{\"@type\":\"ReadAction\",\"target\":[\"https:\/\/www.victorarandagarcia.es\/index.php\/publicaciones\/calendario\/calendario-2017\/\"]}]},{\"@type\":\"ImageObject\",\"inLanguage\":\"es\",\"@id\":\"https:\/\/www.victorarandagarcia.es\/index.php\/publicaciones\/calendario\/calendario-2017\/#primaryimage\",\"url\":\"https:\/\/www.victorarandagarcia.es\/wp-content\/uploads\/calendario-2017-4.jpg\",\"contentUrl\":\"https:\/\/www.victorarandagarcia.es\/wp-content\/uploads\/calendario-2017-4.jpg\",\"width\":604,\"height\":850,\"caption\":\"Dise\u00f1o de la portada del calendario con una fotograf\u00eda de la luna que aparece como colgada de un cable\"},{\"@type\":\"BreadcrumbList\",\"@id\":\"https:\/\/www.victorarandagarcia.es\/index.php\/publicaciones\/calendario\/calendario-2017\/#breadcrumb\",\"itemListElement\":[{\"@type\":\"ListItem\",\"position\":1,\"name\":\"Portada\",\"item\":\"https:\/\/www.victorarandagarcia.es\/\"},{\"@type\":\"ListItem\",\"position\":2,\"name\":\"Calendario 2017\"}]},{\"@type\":\"WebSite\",\"@id\":\"https:\/\/www.victorarandagarcia.es\/#website\",\"url\":\"https:\/\/www.victorarandagarcia.es\/\",\"name\":\"arte y estudio\",\"description\":\"Fot\u00f3grafo\",\"publisher\":{\"@id\":\"https:\/\/www.victorarandagarcia.es\/#organization\"},\"potentialAction\":[{\"@type\":\"SearchAction\",\"target\":{\"@type\":\"EntryPoint\",\"urlTemplate\":\"https:\/\/www.victorarandagarcia.es\/?s={search_term_string}\"},\"query-input\":\"required name=search_term_string\"}],\"inLanguage\":\"es\"},{\"@type\":\"Organization\",\"@id\":\"https:\/\/www.victorarandagarcia.es\/#organization\",\"name\":\"arte y estudio\",\"url\":\"https:\/\/www.victorarandagarcia.es\/\",\"logo\":{\"@type\":\"ImageObject\",\"inLanguage\":\"es\",\"@id\":\"https:\/\/www.victorarandagarcia.es\/#\/schema\/logo\/image\/\",\"url\":\"https:\/\/www.victorarandagarcia.es\/wp-content\/uploads\/2019\/03\/logo-fotografo.png\",\"contentUrl\":\"https:\/\/www.victorarandagarcia.es\/wp-content\/uploads\/2019\/03\/logo-fotografo.png\",\"width\":150,\"height\":150,\"caption\":\"arte y estudio\"},\"image\":{\"@id\":\"https:\/\/www.victorarandagarcia.es\/#\/schema\/logo\/image\/\"}},{\"@type\":\"Person\",\"@id\":\"https:\/\/www.victorarandagarcia.es\/#\/schema\/person\/bfa9c61a3776d517deeee5f9386ef302\",\"name\":\"victorarandagarcia\",\"image\":{\"@type\":\"ImageObject\",\"inLanguage\":\"es\",\"@id\":\"https:\/\/www.victorarandagarcia.es\/#\/schema\/person\/image\/\",\"url\":\"https:\/\/secure.gravatar.com\/avatar\/957a01ac23a6393e755ae8225c35dbdb?s=96&d=mm&r=g\",\"contentUrl\":\"https:\/\/secure.gravatar.com\/avatar\/957a01ac23a6393e755ae8225c35dbdb?s=96&d=mm&r=g\",\"caption\":\"victorarandagarcia\"}}]}<\/script>\n<!-- \/ Yoast SEO plugin. -->","yoast_head_json":{"title":"Calendario 2017 - arte y estudio","robots":{"index":"index","follow":"follow","max-snippet":"max-snippet:-1","max-image-preview":"max-image-preview:large","max-video-preview":"max-video-preview:-1"},"canonical":"https:\/\/www.victorarandagarcia.es\/index.php\/publicaciones\/calendario\/calendario-2017\/","og_locale":"es_ES","og_type":"article","og_title":"Calendario 2017 - arte y estudio","og_description":"El calendario de este a\u00f1o lo he querido dedicar a la luna con una selecci\u00f3n de fotograf\u00edas que he tomado con ese tema a lo largo de los a\u00f1os. &hellip; ContinuarCalendario 2017","og_url":"https:\/\/www.victorarandagarcia.es\/index.php\/publicaciones\/calendario\/calendario-2017\/","og_site_name":"arte y estudio","article_published_time":"2019-12-06T17:40:56+00:00","article_modified_time":"2019-12-06T17:43:51+00:00","og_image":[{"width":604,"height":850,"url":"https:\/\/www.victorarandagarcia.es\/wp-content\/uploads\/calendario-2017-4.jpg","type":"image\/jpeg"}],"author":"victorarandagarcia","twitter_card":"summary_large_image","twitter_misc":{"Escrito por":"victorarandagarcia"},"schema":{"@context":"https:\/\/schema.org","@graph":[{"@type":"Article","@id":"https:\/\/www.victorarandagarcia.es\/index.php\/publicaciones\/calendario\/calendario-2017\/#article","isPartOf":{"@id":"https:\/\/www.victorarandagarcia.es\/index.php\/publicaciones\/calendario\/calendario-2017\/"},"author":{"name":"victorarandagarcia","@id":"https:\/\/www.victorarandagarcia.es\/#\/schema\/person\/bfa9c61a3776d517deeee5f9386ef302"},"headline":"Calendario 2017","datePublished":"2019-12-06T17:40:56+00:00","dateModified":"2019-12-06T17:43:51+00:00","mainEntityOfPage":{"@id":"https:\/\/www.victorarandagarcia.es\/index.php\/publicaciones\/calendario\/calendario-2017\/"},"wordCount":96,"publisher":{"@id":"https:\/\/www.victorarandagarcia.es\/#organization"},"image":{"@id":"https:\/\/www.victorarandagarcia.es\/index.php\/publicaciones\/calendario\/calendario-2017\/#primaryimage"},"thumbnailUrl":"https:\/\/www.victorarandagarcia.es\/wp-content\/uploads\/calendario-2017-4.jpg","keywords":["arte","calendario","estudio","luna","publicaciones"],"articleSection":["CALENDARIO ANUAL"],"inLanguage":"es"},{"@type":"WebPage","@id":"https:\/\/www.victorarandagarcia.es\/index.php\/publicaciones\/calendario\/calendario-2017\/","url":"https:\/\/www.victorarandagarcia.es\/index.php\/publicaciones\/calendario\/calendario-2017\/","name":"Calendario 2017 - arte y estudio","isPartOf":{"@id":"https:\/\/www.victorarandagarcia.es\/#website"},"primaryImageOfPage":{"@id":"https:\/\/www.victorarandagarcia.es\/index.php\/publicaciones\/calendario\/calendario-2017\/#primaryimage"},"image":{"@id":"https:\/\/www.victorarandagarcia.es\/index.php\/publicaciones\/calendario\/calendario-2017\/#primaryimage"},"thumbnailUrl":"https:\/\/www.victorarandagarcia.es\/wp-content\/uploads\/calendario-2017-4.jpg","datePublished":"2019-12-06T17:40:56+00:00","dateModified":"2019-12-06T17:43:51+00:00","breadcrumb":{"@id":"https:\/\/www.victorarandagarcia.es\/index.php\/publicaciones\/calendario\/calendario-2017\/#breadcrumb"},"inLanguage":"es","potentialAction":[{"@type":"ReadAction","target":["https:\/\/www.victorarandagarcia.es\/index.php\/publicaciones\/calendario\/calendario-2017\/"]}]},{"@type":"ImageObject","inLanguage":"es","@id":"https:\/\/www.victorarandagarcia.es\/index.php\/publicaciones\/calendario\/calendario-2017\/#primaryimage","url":"https:\/\/www.victorarandagarcia.es\/wp-content\/uploads\/calendario-2017-4.jpg","contentUrl":"https:\/\/www.victorarandagarcia.es\/wp-content\/uploads\/calendario-2017-4.jpg","width":604,"height":850,"caption":"Dise\u00f1o de la portada del calendario con una fotograf\u00eda de la luna que aparece como colgada de un cable"},{"@type":"BreadcrumbList","@id":"https:\/\/www.victorarandagarcia.es\/index.php\/publicaciones\/calendario\/calendario-2017\/#breadcrumb","itemListElement":[{"@type":"ListItem","position":1,"name":"Portada","item":"https:\/\/www.victorarandagarcia.es\/"},{"@type":"ListItem","position":2,"name":"Calendario 2017"}]},{"@type":"WebSite","@id":"https:\/\/www.victorarandagarcia.es\/#website","url":"https:\/\/www.victorarandagarcia.es\/","name":"arte y estudio","description":"Fot\u00f3grafo","publisher":{"@id":"https:\/\/www.victorarandagarcia.es\/#organization"},"potentialAction":[{"@type":"SearchAction","target":{"@type":"EntryPoint","urlTemplate":"https:\/\/www.victorarandagarcia.es\/?s={search_term_string}"},"query-input":"required name=search_term_string"}],"inLanguage":"es"},{"@type":"Organization","@id":"https:\/\/www.victorarandagarcia.es\/#organization","name":"arte y estudio","url":"https:\/\/www.victorarandagarcia.es\/","logo":{"@type":"ImageObject","inLanguage":"es","@id":"https:\/\/www.victorarandagarcia.es\/#\/schema\/logo\/image\/","url":"https:\/\/www.victorarandagarcia.es\/wp-content\/uploads\/2019\/03\/logo-fotografo.png","contentUrl":"https:\/\/www.victorarandagarcia.es\/wp-content\/uploads\/2019\/03\/logo-fotografo.png","width":150,"height":150,"caption":"arte y estudio"},"image":{"@id":"https:\/\/www.victorarandagarcia.es\/#\/schema\/logo\/image\/"}},{"@type":"Person","@id":"https:\/\/www.victorarandagarcia.es\/#\/schema\/person\/bfa9c61a3776d517deeee5f9386ef302","name":"victorarandagarcia","image":{"@type":"ImageObject","inLanguage":"es","@id":"https:\/\/www.victorarandagarcia.es\/#\/schema\/person\/image\/","url":"https:\/\/secure.gravatar.com\/avatar\/957a01ac23a6393e755ae8225c35dbdb?s=96&d=mm&r=g","contentUrl":"https:\/\/secure.gravatar.com\/avatar\/957a01ac23a6393e755ae8225c35dbdb?s=96&d=mm&r=g","caption":"victorarandagarcia"}}]}},"jetpack_featured_media_url":"https:\/\/www.victorarandagarcia.es\/wp-content\/uploads\/calendario-2017-4.jpg","jetpack_sharing_enabled":true,"_links":{"self":[{"href":"https:\/\/www.victorarandagarcia.es\/index.php\/wp-json\/wp\/v2\/posts\/2252"}],"collection":[{"href":"https:\/\/www.victorarandagarcia.es\/index.php\/wp-json\/wp\/v2\/posts"}],"about":[{"href":"https:\/\/www.victorarandagarcia.es\/index.php\/wp-json\/wp\/v2\/types\/post"}],"author":[{"embeddable":true,"href":"https:\/\/www.victorarandagarcia.es\/index.php\/wp-json\/wp\/v2\/users\/1"}],"replies":[{"embeddable":true,"href":"https:\/\/www.victorarandagarcia.es\/index.php\/wp-json\/wp\/v2\/comments?post=2252"}],"version-history":[{"count":2,"href":"https:\/\/www.victorarandagarcia.es\/index.php\/wp-json\/wp\/v2\/posts\/2252\/revisions"}],"predecessor-version":[{"id":2268,"href":"https:\/\/www.victorarandagarcia.es\/index.php\/wp-json\/wp\/v2\/posts\/2252\/revisions\/2268"}],"wp:featuredmedia":[{"embeddable":true,"href":"https:\/\/www.victorarandagarcia.es\/index.php\/wp-json\/wp\/v2\/media\/2265"}],"wp:attachment":[{"href":"https:\/\/www.victorarandagarcia.es\/index.php\/wp-json\/wp\/v2\/media?parent=2252"}],"wp:term":[{"taxonomy":"category","embeddable":true,"href":"https:\/\/www.victorarandagarcia.es\/index.php\/wp-json\/wp\/v2\/categories?post=2252"},{"taxonomy":"post_tag","embeddable":true,"href":"https:\/\/www.victorarandagarcia.es\/index.php\/wp-json\/wp\/v2\/tags?post=2252"}],"curies":[{"name":"wp","href":"https:\/\/api.w.org\/{rel}","templated":true}]}}