{"id":2235,"date":"2019-12-06T18:12:42","date_gmt":"2019-12-06T17:12:42","guid":{"rendered":"https:\/\/www.victorarandagarcia.es\/?p=2235"},"modified":"2019-12-06T18:12:44","modified_gmt":"2019-12-06T17:12:44","slug":"calendario-2016","status":"publish","type":"post","link":"https:\/\/www.victorarandagarcia.es\/index.php\/publicaciones\/calendario\/calendario-2016\/","title":{"rendered":"Calendario 2016"},"content":{"rendered":"\n<p>El calendario de este a\u00f1o lo he dedicado a la serie que llamo <strong><a href=\"https:\/\/www.victorarandagarcia.es\/index.php\/category\/arte\/arriba-extrana\/\">&#8216;\u00a1Arriba Extra\u00f1a!&#8217;<\/a><\/strong>, una colecci\u00f3n de fotograf\u00edas sobre la crisis en el estado espa\u00f1ol. Aqu\u00ed algunas muestras del dise\u00f1o y la selecci\u00f3n completa de fotos.<\/p>\n\n\n\n<ul class=\"wp-block-gallery columns-3 is-cropped wp-block-gallery-1 is-layout-flex wp-block-gallery-is-layout-flex\"><li class=\"blocks-gallery-item\"><figure><img data-attachment-id=\"2241\" data-permalink=\"https:\/\/www.victorarandagarcia.es\/calendario-2016-portada\/\" data-orig-file=\"https:\/\/www.victorarandagarcia.es\/wp-content\/uploads\/calendario-2016-portada.jpg\" data-orig-size=\"650,900\" data-comments-opened=\"0\" data-image-meta=\"{&quot;aperture&quot;:&quot;0&quot;,&quot;credit&quot;:&quot;&quot;,&quot;camera&quot;:&quot;&quot;,&quot;caption&quot;:&quot;&quot;,&quot;created_timestamp&quot;:&quot;0&quot;,&quot;copyright&quot;:&quot;&quot;,&quot;focal_length&quot;:&quot;0&quot;,&quot;iso&quot;:&quot;0&quot;,&quot;shutter_speed&quot;:&quot;0&quot;,&quot;title&quot;:&quot;&quot;,&quot;orientation&quot;:&quot;0&quot;}\" data-image-title=\"calendario-2016-portada\" data-image-description=\"&lt;p&gt;Portada del calendario 2016&lt;\/p&gt;\n\" data-image-caption=\"\" data-medium-file=\"https:\/\/www.victorarandagarcia.es\/wp-content\/uploads\/calendario-2016-portada-217x300.jpg\" data-large-file=\"https:\/\/www.victorarandagarcia.es\/wp-content\/uploads\/calendario-2016-portada.jpg\" decoding=\"async\" loading=\"lazy\" width=\"650\" height=\"900\" src=\"https:\/\/www.victorarandagarcia.es\/wp-content\/uploads\/calendario-2016-portada.jpg\" alt=\"Portada del calendario con una muestra de las fotograf\u00edas inclu\u00eddas a la izquierda y una foto de un hombre mirando a trav\u00e9s de un ladrillo en una casa en ruinas\" data-id=\"2241\" data-link=\"https:\/\/www.victorarandagarcia.es\/calendario-2016-portada\/\" class=\"wp-image-2241\" srcset=\"https:\/\/www.victorarandagarcia.es\/wp-content\/uploads\/calendario-2016-portada.jpg 650w, https:\/\/www.victorarandagarcia.es\/wp-content\/uploads\/calendario-2016-portada-217x300.jpg 217w\" sizes=\"(max-width: 650px) 100vw, 650px\" \/><\/figure><\/li><li class=\"blocks-gallery-item\"><figure><img data-attachment-id=\"2246\" data-permalink=\"https:\/\/www.victorarandagarcia.es\/calendario-2016-pagina-2\/\" data-orig-file=\"https:\/\/www.victorarandagarcia.es\/wp-content\/uploads\/calendario-2016-pagina-2.jpg\" data-orig-size=\"520,720\" data-comments-opened=\"0\" data-image-meta=\"{&quot;aperture&quot;:&quot;0&quot;,&quot;credit&quot;:&quot;&quot;,&quot;camera&quot;:&quot;&quot;,&quot;caption&quot;:&quot;&quot;,&quot;created_timestamp&quot;:&quot;0&quot;,&quot;copyright&quot;:&quot;&quot;,&quot;focal_length&quot;:&quot;0&quot;,&quot;iso&quot;:&quot;0&quot;,&quot;shutter_speed&quot;:&quot;0&quot;,&quot;title&quot;:&quot;&quot;,&quot;orientation&quot;:&quot;0&quot;}\" data-image-title=\"calendario-2016-pagina-2\" data-image-description=\"&lt;p&gt;Dise\u00f1o de una de las p\u00e1ginas del calendario 2016&lt;\/p&gt;\n\" data-image-caption=\"\" data-medium-file=\"https:\/\/www.victorarandagarcia.es\/wp-content\/uploads\/calendario-2016-pagina-2-217x300.jpg\" data-large-file=\"https:\/\/www.victorarandagarcia.es\/wp-content\/uploads\/calendario-2016-pagina-2.jpg\" decoding=\"async\" loading=\"lazy\" width=\"520\" height=\"720\" src=\"https:\/\/www.victorarandagarcia.es\/wp-content\/uploads\/calendario-2016-pagina-2.jpg\" alt=\"P\u00e1gina del calendario con el dise\u00f1o y una fotograf\u00eda de la serie \u00a1Arriba Extra\u00f1a!\" data-id=\"2246\" data-link=\"https:\/\/www.victorarandagarcia.es\/calendario-2016-pagina-2\/\" class=\"wp-image-2246\" srcset=\"https:\/\/www.victorarandagarcia.es\/wp-content\/uploads\/calendario-2016-pagina-2.jpg 520w, https:\/\/www.victorarandagarcia.es\/wp-content\/uploads\/calendario-2016-pagina-2-217x300.jpg 217w\" sizes=\"(max-width: 520px) 100vw, 520px\" \/><\/figure><\/li><li class=\"blocks-gallery-item\"><figure><img data-attachment-id=\"2237\" data-permalink=\"https:\/\/www.victorarandagarcia.es\/calendario-2016-pagina-4\/\" data-orig-file=\"https:\/\/www.victorarandagarcia.es\/wp-content\/uploads\/calendario-2016-pagina-4.jpg\" data-orig-size=\"520,720\" data-comments-opened=\"0\" data-image-meta=\"{&quot;aperture&quot;:&quot;0&quot;,&quot;credit&quot;:&quot;&quot;,&quot;camera&quot;:&quot;&quot;,&quot;caption&quot;:&quot;&quot;,&quot;created_timestamp&quot;:&quot;0&quot;,&quot;copyright&quot;:&quot;&quot;,&quot;focal_length&quot;:&quot;0&quot;,&quot;iso&quot;:&quot;0&quot;,&quot;shutter_speed&quot;:&quot;0&quot;,&quot;title&quot;:&quot;&quot;,&quot;orientation&quot;:&quot;0&quot;}\" data-image-title=\"calendario-2016-pagina-4\" data-image-description=\"&lt;p&gt;Dise\u00f1o de una de las p\u00e1ginas del calendario 2016&lt;\/p&gt;\n\" data-image-caption=\"\" data-medium-file=\"https:\/\/www.victorarandagarcia.es\/wp-content\/uploads\/calendario-2016-pagina-4-217x300.jpg\" data-large-file=\"https:\/\/www.victorarandagarcia.es\/wp-content\/uploads\/calendario-2016-pagina-4.jpg\" decoding=\"async\" loading=\"lazy\" width=\"520\" height=\"720\" src=\"https:\/\/www.victorarandagarcia.es\/wp-content\/uploads\/calendario-2016-pagina-4.jpg\" alt=\"P\u00e1gina del calendario con el dise\u00f1o y una fotograf\u00eda de la serie \u00a1Arriba Extra\u00f1a!\" data-id=\"2237\" data-link=\"https:\/\/www.victorarandagarcia.es\/calendario-2016-pagina-4\/\" class=\"wp-image-2237\" srcset=\"https:\/\/www.victorarandagarcia.es\/wp-content\/uploads\/calendario-2016-pagina-4.jpg 520w, https:\/\/www.victorarandagarcia.es\/wp-content\/uploads\/calendario-2016-pagina-4-217x300.jpg 217w\" sizes=\"(max-width: 520px) 100vw, 520px\" \/><\/figure><\/li><li class=\"blocks-gallery-item\"><figure><img data-attachment-id=\"2244\" data-permalink=\"https:\/\/www.victorarandagarcia.es\/calendario-2016-pagina-3\/\" data-orig-file=\"https:\/\/www.victorarandagarcia.es\/wp-content\/uploads\/calendario-2016-pagina-3.jpg\" data-orig-size=\"520,720\" data-comments-opened=\"0\" data-image-meta=\"{&quot;aperture&quot;:&quot;0&quot;,&quot;credit&quot;:&quot;&quot;,&quot;camera&quot;:&quot;&quot;,&quot;caption&quot;:&quot;&quot;,&quot;created_timestamp&quot;:&quot;0&quot;,&quot;copyright&quot;:&quot;&quot;,&quot;focal_length&quot;:&quot;0&quot;,&quot;iso&quot;:&quot;0&quot;,&quot;shutter_speed&quot;:&quot;0&quot;,&quot;title&quot;:&quot;&quot;,&quot;orientation&quot;:&quot;0&quot;}\" data-image-title=\"calendario-2016-pagina-3\" data-image-description=\"&lt;p&gt;Dise\u00f1o de una de las p\u00e1ginas del calendario 2016&lt;\/p&gt;\n\" data-image-caption=\"\" data-medium-file=\"https:\/\/www.victorarandagarcia.es\/wp-content\/uploads\/calendario-2016-pagina-3-217x300.jpg\" data-large-file=\"https:\/\/www.victorarandagarcia.es\/wp-content\/uploads\/calendario-2016-pagina-3.jpg\" decoding=\"async\" loading=\"lazy\" width=\"520\" height=\"720\" src=\"https:\/\/www.victorarandagarcia.es\/wp-content\/uploads\/calendario-2016-pagina-3.jpg\" alt=\"P\u00e1gina del calendario con el dise\u00f1o y una fotograf\u00eda de la serie \u00a1Arriba Extra\u00f1a!\" data-id=\"2244\" data-link=\"https:\/\/www.victorarandagarcia.es\/calendario-2016-pagina-3\/\" class=\"wp-image-2244\" srcset=\"https:\/\/www.victorarandagarcia.es\/wp-content\/uploads\/calendario-2016-pagina-3.jpg 520w, https:\/\/www.victorarandagarcia.es\/wp-content\/uploads\/calendario-2016-pagina-3-217x300.jpg 217w\" sizes=\"(max-width: 520px) 100vw, 520px\" \/><\/figure><\/li><li class=\"blocks-gallery-item\"><figure><img data-attachment-id=\"2240\" data-permalink=\"https:\/\/www.victorarandagarcia.es\/calendario-2016-pagina-5\/\" data-orig-file=\"https:\/\/www.victorarandagarcia.es\/wp-content\/uploads\/calendario-2016-pagina-5.jpg\" data-orig-size=\"520,720\" data-comments-opened=\"0\" data-image-meta=\"{&quot;aperture&quot;:&quot;0&quot;,&quot;credit&quot;:&quot;&quot;,&quot;camera&quot;:&quot;&quot;,&quot;caption&quot;:&quot;&quot;,&quot;created_timestamp&quot;:&quot;0&quot;,&quot;copyright&quot;:&quot;&quot;,&quot;focal_length&quot;:&quot;0&quot;,&quot;iso&quot;:&quot;0&quot;,&quot;shutter_speed&quot;:&quot;0&quot;,&quot;title&quot;:&quot;&quot;,&quot;orientation&quot;:&quot;0&quot;}\" data-image-title=\"calendario-2016-pagina-5\" data-image-description=\"&lt;p&gt;Dise\u00f1o de una de las p\u00e1ginas del calendario 2016&lt;\/p&gt;\n\" data-image-caption=\"\" data-medium-file=\"https:\/\/www.victorarandagarcia.es\/wp-content\/uploads\/calendario-2016-pagina-5-217x300.jpg\" data-large-file=\"https:\/\/www.victorarandagarcia.es\/wp-content\/uploads\/calendario-2016-pagina-5.jpg\" decoding=\"async\" loading=\"lazy\" width=\"520\" height=\"720\" src=\"https:\/\/www.victorarandagarcia.es\/wp-content\/uploads\/calendario-2016-pagina-5.jpg\" alt=\"P\u00e1gina del calendario con el dise\u00f1o y una fotograf\u00eda de la serie \u00a1Arriba Extra\u00f1a!\" data-id=\"2240\" data-link=\"https:\/\/www.victorarandagarcia.es\/calendario-2016-pagina-5\/\" class=\"wp-image-2240\" srcset=\"https:\/\/www.victorarandagarcia.es\/wp-content\/uploads\/calendario-2016-pagina-5.jpg 520w, https:\/\/www.victorarandagarcia.es\/wp-content\/uploads\/calendario-2016-pagina-5-217x300.jpg 217w\" sizes=\"(max-width: 520px) 100vw, 520px\" \/><\/figure><\/li><li class=\"blocks-gallery-item\"><figure><img data-attachment-id=\"2239\" data-permalink=\"https:\/\/www.victorarandagarcia.es\/calendario-2016-foto-3\/\" data-orig-file=\"https:\/\/www.victorarandagarcia.es\/wp-content\/uploads\/calendario-2016-foto-3.jpg\" data-orig-size=\"481,720\" data-comments-opened=\"0\" data-image-meta=\"{&quot;aperture&quot;:&quot;0&quot;,&quot;credit&quot;:&quot;&quot;,&quot;camera&quot;:&quot;&quot;,&quot;caption&quot;:&quot;&quot;,&quot;created_timestamp&quot;:&quot;0&quot;,&quot;copyright&quot;:&quot;&quot;,&quot;focal_length&quot;:&quot;0&quot;,&quot;iso&quot;:&quot;0&quot;,&quot;shutter_speed&quot;:&quot;0&quot;,&quot;title&quot;:&quot;&quot;,&quot;orientation&quot;:&quot;0&quot;}\" data-image-title=\"calendario-2016-foto-3\" data-image-description=\"&lt;p&gt;&#8216;\u00a1Arriba Extra\u00f1a!&#8217; &#8211; Fotograf\u00eda inclu\u00edda en el calendario 2016&lt;\/p&gt;\n\" data-image-caption=\"\" data-medium-file=\"https:\/\/www.victorarandagarcia.es\/wp-content\/uploads\/calendario-2016-foto-3-200x300.jpg\" data-large-file=\"https:\/\/www.victorarandagarcia.es\/wp-content\/uploads\/calendario-2016-foto-3.jpg\" decoding=\"async\" loading=\"lazy\" width=\"481\" height=\"720\" src=\"https:\/\/www.victorarandagarcia.es\/wp-content\/uploads\/calendario-2016-foto-3.jpg\" alt=\"Fotograf\u00eda de una chabola en las afueras de Valencia con una bandera de Espa\u00f1a\" data-id=\"2239\" data-link=\"https:\/\/www.victorarandagarcia.es\/calendario-2016-foto-3\/\" class=\"wp-image-2239\" srcset=\"https:\/\/www.victorarandagarcia.es\/wp-content\/uploads\/calendario-2016-foto-3.jpg 481w, https:\/\/www.victorarandagarcia.es\/wp-content\/uploads\/calendario-2016-foto-3-200x300.jpg 200w\" sizes=\"(max-width: 481px) 100vw, 481px\" \/><\/figure><\/li><li class=\"blocks-gallery-item\"><figure><img data-attachment-id=\"2236\" data-permalink=\"https:\/\/www.victorarandagarcia.es\/calendario-2016-foto-9\/\" data-orig-file=\"https:\/\/www.victorarandagarcia.es\/wp-content\/uploads\/calendario-2016-foto-9.jpg\" data-orig-size=\"720,481\" data-comments-opened=\"0\" data-image-meta=\"{&quot;aperture&quot;:&quot;0&quot;,&quot;credit&quot;:&quot;&quot;,&quot;camera&quot;:&quot;&quot;,&quot;caption&quot;:&quot;&quot;,&quot;created_timestamp&quot;:&quot;0&quot;,&quot;copyright&quot;:&quot;&quot;,&quot;focal_length&quot;:&quot;0&quot;,&quot;iso&quot;:&quot;0&quot;,&quot;shutter_speed&quot;:&quot;0&quot;,&quot;title&quot;:&quot;&quot;,&quot;orientation&quot;:&quot;0&quot;}\" data-image-title=\"calendario-2016-foto-9\" data-image-description=\"&lt;p&gt;&#8216;\u00a1Arriba Extra\u00f1a!&#8217; &#8211; Fotograf\u00eda inclu\u00edda en el calendario 2016&lt;\/p&gt;\n\" data-image-caption=\"\" data-medium-file=\"https:\/\/www.victorarandagarcia.es\/wp-content\/uploads\/calendario-2016-foto-9-300x200.jpg\" data-large-file=\"https:\/\/www.victorarandagarcia.es\/wp-content\/uploads\/calendario-2016-foto-9.jpg\" decoding=\"async\" loading=\"lazy\" width=\"720\" height=\"481\" src=\"https:\/\/www.victorarandagarcia.es\/wp-content\/uploads\/calendario-2016-foto-9.jpg\" alt=\"Fotograf\u00eda de dos personas bebiendo en la calle delante de un cartel donde pone &quot;salud p\u00fablica&quot;\" data-id=\"2236\" data-link=\"https:\/\/www.victorarandagarcia.es\/calendario-2016-foto-9\/\" class=\"wp-image-2236\" srcset=\"https:\/\/www.victorarandagarcia.es\/wp-content\/uploads\/calendario-2016-foto-9.jpg 720w, https:\/\/www.victorarandagarcia.es\/wp-content\/uploads\/calendario-2016-foto-9-300x200.jpg 300w\" sizes=\"(max-width: 720px) 100vw, 720px\" \/><\/figure><\/li><li class=\"blocks-gallery-item\"><figure><img data-attachment-id=\"2245\" data-permalink=\"https:\/\/www.victorarandagarcia.es\/calendario-2016-foto-4\/\" data-orig-file=\"https:\/\/www.victorarandagarcia.es\/wp-content\/uploads\/calendario-2016-foto-4.jpg\" data-orig-size=\"720,481\" data-comments-opened=\"0\" data-image-meta=\"{&quot;aperture&quot;:&quot;0&quot;,&quot;credit&quot;:&quot;Victor Aranda Garcia&quot;,&quot;camera&quot;:&quot;&quot;,&quot;caption&quot;:&quot;&quot;,&quot;created_timestamp&quot;:&quot;0&quot;,&quot;copyright&quot;:&quot;Victor Aranda Garcia&quot;,&quot;focal_length&quot;:&quot;0&quot;,&quot;iso&quot;:&quot;0&quot;,&quot;shutter_speed&quot;:&quot;0&quot;,&quot;title&quot;:&quot;&quot;,&quot;orientation&quot;:&quot;0&quot;}\" data-image-title=\"calendario-2016-foto-4\" data-image-description=\"&lt;p&gt;&#8216;\u00a1Arriba Extra\u00f1a!&#8217; &#8211; Fotograf\u00eda inclu\u00edda en el calendario 2016&lt;\/p&gt;\n\" data-image-caption=\"\" data-medium-file=\"https:\/\/www.victorarandagarcia.es\/wp-content\/uploads\/calendario-2016-foto-4-300x200.jpg\" data-large-file=\"https:\/\/www.victorarandagarcia.es\/wp-content\/uploads\/calendario-2016-foto-4.jpg\" decoding=\"async\" loading=\"lazy\" width=\"720\" height=\"481\" src=\"https:\/\/www.victorarandagarcia.es\/wp-content\/uploads\/calendario-2016-foto-4.jpg\" alt=\"Fotograf\u00eda de una mujer triste sentada delante de una tienda de moda ante la que tambi\u00e9n pasan personas que van de compras\" data-id=\"2245\" data-link=\"https:\/\/www.victorarandagarcia.es\/calendario-2016-foto-4\/\" class=\"wp-image-2245\" srcset=\"https:\/\/www.victorarandagarcia.es\/wp-content\/uploads\/calendario-2016-foto-4.jpg 720w, https:\/\/www.victorarandagarcia.es\/wp-content\/uploads\/calendario-2016-foto-4-300x200.jpg 300w\" sizes=\"(max-width: 720px) 100vw, 720px\" \/><\/figure><\/li><li class=\"blocks-gallery-item\"><figure><img data-attachment-id=\"2243\" data-permalink=\"https:\/\/www.victorarandagarcia.es\/calendario-2016-foto-6\/\" data-orig-file=\"https:\/\/www.victorarandagarcia.es\/wp-content\/uploads\/calendario-2016-foto-6.jpg\" data-orig-size=\"720,481\" data-comments-opened=\"0\" data-image-meta=\"{&quot;aperture&quot;:&quot;0&quot;,&quot;credit&quot;:&quot;&quot;,&quot;camera&quot;:&quot;&quot;,&quot;caption&quot;:&quot;&quot;,&quot;created_timestamp&quot;:&quot;0&quot;,&quot;copyright&quot;:&quot;&quot;,&quot;focal_length&quot;:&quot;0&quot;,&quot;iso&quot;:&quot;0&quot;,&quot;shutter_speed&quot;:&quot;0&quot;,&quot;title&quot;:&quot;&quot;,&quot;orientation&quot;:&quot;0&quot;}\" data-image-title=\"calendario-2016-foto-6\" data-image-description=\"&lt;p&gt;&#8216;\u00a1Arriba Extra\u00f1a!&#8217; &#8211; Fotograf\u00eda inclu\u00edda en el calendario 2016&lt;\/p&gt;\n\" data-image-caption=\"\" data-medium-file=\"https:\/\/www.victorarandagarcia.es\/wp-content\/uploads\/calendario-2016-foto-6-300x200.jpg\" data-large-file=\"https:\/\/www.victorarandagarcia.es\/wp-content\/uploads\/calendario-2016-foto-6.jpg\" decoding=\"async\" loading=\"lazy\" width=\"720\" height=\"481\" src=\"https:\/\/www.victorarandagarcia.es\/wp-content\/uploads\/calendario-2016-foto-6.jpg\" alt=\"Fotograf\u00eda de dos mujeres cruz\u00e1ndose en la calle delante de una fachada llena de carteles de inmobiliarias con la palabra &quot;vende&quot; y n\u00fameros de tel\u00e9fono\" data-id=\"2243\" data-link=\"https:\/\/www.victorarandagarcia.es\/calendario-2016-foto-6\/\" class=\"wp-image-2243\" srcset=\"https:\/\/www.victorarandagarcia.es\/wp-content\/uploads\/calendario-2016-foto-6.jpg 720w, https:\/\/www.victorarandagarcia.es\/wp-content\/uploads\/calendario-2016-foto-6-300x200.jpg 300w\" sizes=\"(max-width: 720px) 100vw, 720px\" \/><\/figure><\/li><li class=\"blocks-gallery-item\"><figure><img data-attachment-id=\"2249\" data-permalink=\"https:\/\/www.victorarandagarcia.es\/calendario-2016-foto-8\/\" data-orig-file=\"https:\/\/www.victorarandagarcia.es\/wp-content\/uploads\/calendario-2016-foto-8.jpg\" data-orig-size=\"720,481\" data-comments-opened=\"0\" data-image-meta=\"{&quot;aperture&quot;:&quot;0&quot;,&quot;credit&quot;:&quot;Victor Aranda Garcia&quot;,&quot;camera&quot;:&quot;&quot;,&quot;caption&quot;:&quot;&quot;,&quot;created_timestamp&quot;:&quot;0&quot;,&quot;copyright&quot;:&quot;Victor Aranda Garcia&quot;,&quot;focal_length&quot;:&quot;0&quot;,&quot;iso&quot;:&quot;0&quot;,&quot;shutter_speed&quot;:&quot;0&quot;,&quot;title&quot;:&quot;&quot;,&quot;orientation&quot;:&quot;0&quot;}\" data-image-title=\"calendario-2016-foto-8\" data-image-description=\"&lt;p&gt;&#8216;\u00a1Arriba Extra\u00f1a!&#8217; &#8211; Fotograf\u00eda inclu\u00edda en el calendario 2016&lt;\/p&gt;\n\" data-image-caption=\"\" data-medium-file=\"https:\/\/www.victorarandagarcia.es\/wp-content\/uploads\/calendario-2016-foto-8-300x200.jpg\" data-large-file=\"https:\/\/www.victorarandagarcia.es\/wp-content\/uploads\/calendario-2016-foto-8.jpg\" decoding=\"async\" loading=\"lazy\" width=\"720\" height=\"481\" src=\"https:\/\/www.victorarandagarcia.es\/wp-content\/uploads\/calendario-2016-foto-8.jpg\" alt=\"Autorretrato delante de un cartel publicitario del banco de Santander colocado de tal manera que en el cartel se lee la palabra &quot;sat\u00e1n&quot;\" data-id=\"2249\" data-link=\"https:\/\/www.victorarandagarcia.es\/calendario-2016-foto-8\/\" class=\"wp-image-2249\" srcset=\"https:\/\/www.victorarandagarcia.es\/wp-content\/uploads\/calendario-2016-foto-8.jpg 720w, https:\/\/www.victorarandagarcia.es\/wp-content\/uploads\/calendario-2016-foto-8-300x200.jpg 300w\" sizes=\"(max-width: 720px) 100vw, 720px\" \/><\/figure><\/li><li class=\"blocks-gallery-item\"><figure><img data-attachment-id=\"2248\" data-permalink=\"https:\/\/www.victorarandagarcia.es\/calendario-2016-foto-5\/\" data-orig-file=\"https:\/\/www.victorarandagarcia.es\/wp-content\/uploads\/calendario-2016-foto-5.jpg\" data-orig-size=\"720,481\" data-comments-opened=\"0\" data-image-meta=\"{&quot;aperture&quot;:&quot;0&quot;,&quot;credit&quot;:&quot;Victor Aranda Garcia&quot;,&quot;camera&quot;:&quot;&quot;,&quot;caption&quot;:&quot;&quot;,&quot;created_timestamp&quot;:&quot;0&quot;,&quot;copyright&quot;:&quot;Victor Aranda Garcia&quot;,&quot;focal_length&quot;:&quot;0&quot;,&quot;iso&quot;:&quot;0&quot;,&quot;shutter_speed&quot;:&quot;0&quot;,&quot;title&quot;:&quot;&quot;,&quot;orientation&quot;:&quot;0&quot;}\" data-image-title=\"calendario-2016-foto-5\" data-image-description=\"&lt;p&gt;&#8216;\u00a1Arriba Extra\u00f1a!&#8217; &#8211; Fotograf\u00eda inclu\u00edda en el calendario 2016&lt;\/p&gt;\n\" data-image-caption=\"\" data-medium-file=\"https:\/\/www.victorarandagarcia.es\/wp-content\/uploads\/calendario-2016-foto-5-300x200.jpg\" data-large-file=\"https:\/\/www.victorarandagarcia.es\/wp-content\/uploads\/calendario-2016-foto-5.jpg\" decoding=\"async\" loading=\"lazy\" width=\"720\" height=\"481\" src=\"https:\/\/www.victorarandagarcia.es\/wp-content\/uploads\/calendario-2016-foto-5.jpg\" alt=\"Fotograf\u00eda de un gran poste publicitario en medio del campo en el que aparece escrito &quot;an\u00fanciate&quot;\" data-id=\"2248\" data-link=\"https:\/\/www.victorarandagarcia.es\/calendario-2016-foto-5\/\" class=\"wp-image-2248\" srcset=\"https:\/\/www.victorarandagarcia.es\/wp-content\/uploads\/calendario-2016-foto-5.jpg 720w, https:\/\/www.victorarandagarcia.es\/wp-content\/uploads\/calendario-2016-foto-5-300x200.jpg 300w\" sizes=\"(max-width: 720px) 100vw, 720px\" \/><\/figure><\/li><li class=\"blocks-gallery-item\"><figure><img data-attachment-id=\"2242\" data-permalink=\"https:\/\/www.victorarandagarcia.es\/calendario-2016-foto-7\/\" data-orig-file=\"https:\/\/www.victorarandagarcia.es\/wp-content\/uploads\/calendario-2016-foto-7.jpg\" data-orig-size=\"720,481\" data-comments-opened=\"0\" data-image-meta=\"{&quot;aperture&quot;:&quot;0&quot;,&quot;credit&quot;:&quot;&quot;,&quot;camera&quot;:&quot;&quot;,&quot;caption&quot;:&quot;&quot;,&quot;created_timestamp&quot;:&quot;0&quot;,&quot;copyright&quot;:&quot;&quot;,&quot;focal_length&quot;:&quot;0&quot;,&quot;iso&quot;:&quot;0&quot;,&quot;shutter_speed&quot;:&quot;0&quot;,&quot;title&quot;:&quot;&quot;,&quot;orientation&quot;:&quot;0&quot;}\" data-image-title=\"calendario-2016-foto-7\" data-image-description=\"&lt;p&gt;&#8216;\u00a1Arriba Extra\u00f1a!&#8217; &#8211; Fotograf\u00eda inclu\u00edda en el calendario 2016&lt;\/p&gt;\n\" data-image-caption=\"\" data-medium-file=\"https:\/\/www.victorarandagarcia.es\/wp-content\/uploads\/calendario-2016-foto-7-300x200.jpg\" data-large-file=\"https:\/\/www.victorarandagarcia.es\/wp-content\/uploads\/calendario-2016-foto-7.jpg\" decoding=\"async\" loading=\"lazy\" width=\"720\" height=\"481\" src=\"https:\/\/www.victorarandagarcia.es\/wp-content\/uploads\/calendario-2016-foto-7.jpg\" alt=\"Fotograf\u00eda del exterior de una plaza de toros pintada de rojo con una puerta verde sobre la que aparece escrito &quot;puerta&quot;\" data-id=\"2242\" data-link=\"https:\/\/www.victorarandagarcia.es\/calendario-2016-foto-7\/\" class=\"wp-image-2242\" srcset=\"https:\/\/www.victorarandagarcia.es\/wp-content\/uploads\/calendario-2016-foto-7.jpg 720w, https:\/\/www.victorarandagarcia.es\/wp-content\/uploads\/calendario-2016-foto-7-300x200.jpg 300w\" sizes=\"(max-width: 720px) 100vw, 720px\" \/><\/figure><\/li><li class=\"blocks-gallery-item\"><figure><img data-attachment-id=\"2247\" data-permalink=\"https:\/\/www.victorarandagarcia.es\/calendario-2016-foto-2\/\" data-orig-file=\"https:\/\/www.victorarandagarcia.es\/wp-content\/uploads\/calendario-2016-foto-2.jpg\" data-orig-size=\"720,481\" data-comments-opened=\"0\" data-image-meta=\"{&quot;aperture&quot;:&quot;0&quot;,&quot;credit&quot;:&quot;&quot;,&quot;camera&quot;:&quot;&quot;,&quot;caption&quot;:&quot;&quot;,&quot;created_timestamp&quot;:&quot;0&quot;,&quot;copyright&quot;:&quot;&quot;,&quot;focal_length&quot;:&quot;0&quot;,&quot;iso&quot;:&quot;0&quot;,&quot;shutter_speed&quot;:&quot;0&quot;,&quot;title&quot;:&quot;&quot;,&quot;orientation&quot;:&quot;0&quot;}\" data-image-title=\"calendario-2016-foto-2\" data-image-description=\"&lt;p&gt;&#8216;\u00a1Arriba Extra\u00f1a!&#8217; &#8211; Fotograf\u00eda inclu\u00edda en el calendario 2016&lt;\/p&gt;\n\" data-image-caption=\"\" data-medium-file=\"https:\/\/www.victorarandagarcia.es\/wp-content\/uploads\/calendario-2016-foto-2-300x200.jpg\" data-large-file=\"https:\/\/www.victorarandagarcia.es\/wp-content\/uploads\/calendario-2016-foto-2.jpg\" decoding=\"async\" loading=\"lazy\" width=\"720\" height=\"481\" src=\"https:\/\/www.victorarandagarcia.es\/wp-content\/uploads\/calendario-2016-foto-2.jpg\" alt=\"Fotograf\u00eda de una cruz alineada con un poste de vigilancia con c\u00e1maras delante de un edificio de viviendas\" data-id=\"2247\" data-link=\"https:\/\/www.victorarandagarcia.es\/calendario-2016-foto-2\/\" class=\"wp-image-2247\" srcset=\"https:\/\/www.victorarandagarcia.es\/wp-content\/uploads\/calendario-2016-foto-2.jpg 720w, https:\/\/www.victorarandagarcia.es\/wp-content\/uploads\/calendario-2016-foto-2-300x200.jpg 300w\" sizes=\"(max-width: 720px) 100vw, 720px\" \/><\/figure><\/li><li class=\"blocks-gallery-item\"><figure><img data-attachment-id=\"2238\" data-permalink=\"https:\/\/www.victorarandagarcia.es\/calendario-2016-foto-1\/\" data-orig-file=\"https:\/\/www.victorarandagarcia.es\/wp-content\/uploads\/calendario-2016-foto-1.jpg\" data-orig-size=\"720,481\" data-comments-opened=\"0\" data-image-meta=\"{&quot;aperture&quot;:&quot;0&quot;,&quot;credit&quot;:&quot;Victor Aranda Garcia&quot;,&quot;camera&quot;:&quot;&quot;,&quot;caption&quot;:&quot;&quot;,&quot;created_timestamp&quot;:&quot;0&quot;,&quot;copyright&quot;:&quot;Victor Aranda Garcia&quot;,&quot;focal_length&quot;:&quot;0&quot;,&quot;iso&quot;:&quot;0&quot;,&quot;shutter_speed&quot;:&quot;0&quot;,&quot;title&quot;:&quot;&quot;,&quot;orientation&quot;:&quot;0&quot;}\" data-image-title=\"calendario-2016-foto-1\" data-image-description=\"&lt;p&gt;&#8216;\u00a1Arriba Extra\u00f1a!&#8217; &#8211; Fotograf\u00eda inclu\u00edda en el calendario 2016&lt;\/p&gt;\n\" data-image-caption=\"\" data-medium-file=\"https:\/\/www.victorarandagarcia.es\/wp-content\/uploads\/calendario-2016-foto-1-300x200.jpg\" data-large-file=\"https:\/\/www.victorarandagarcia.es\/wp-content\/uploads\/calendario-2016-foto-1.jpg\" decoding=\"async\" loading=\"lazy\" width=\"720\" height=\"481\" src=\"https:\/\/www.victorarandagarcia.es\/wp-content\/uploads\/calendario-2016-foto-1.jpg\" alt=\"Fotograf\u00eda de una autov\u00eda llena de tr\u00e1fico con las estelas de los faros encendidos y la ciudad de fondo\" data-id=\"2238\" data-link=\"https:\/\/www.victorarandagarcia.es\/calendario-2016-foto-1\/\" class=\"wp-image-2238\" srcset=\"https:\/\/www.victorarandagarcia.es\/wp-content\/uploads\/calendario-2016-foto-1.jpg 720w, https:\/\/www.victorarandagarcia.es\/wp-content\/uploads\/calendario-2016-foto-1-300x200.jpg 300w\" sizes=\"(max-width: 720px) 100vw, 720px\" \/><\/figure><\/li><\/ul>\n","protected":false},"excerpt":{"rendered":"<p>El calendario de este a\u00f1o lo he dedicado a la serie que llamo &#8216;\u00a1Arriba Extra\u00f1a!&#8217;, una colecci\u00f3n de fotograf\u00edas sobre la crisis en el estado espa\u00f1ol.  &hellip; <a href=\"https:\/\/www.victorarandagarcia.es\/index.php\/publicaciones\/calendario\/calendario-2016\/\" class=\"more-link\"><span>Continuar<span class=\"screen-reader-text\">Calendario 2016<\/span><\/span><\/a><\/p>\n","protected":false},"author":1,"featured_media":2241,"comment_status":"closed","ping_status":"open","sticky":false,"template":"","format":"standard","meta":{"jetpack_post_was_ever_published":false,"_jetpack_newsletter_access":"","_jetpack_dont_email_post_to_subs":false,"_jetpack_newsletter_tier_id":0,"_jetpack_memberships_contains_paywalled_content":false,"footnotes":"","_jetpack_memberships_contains_paid_content":false},"categories":[78],"tags":[35,80,34,79],"yoast_head":"<!-- This site is optimized with the Yoast SEO plugin v22.6 - https:\/\/yoast.com\/wordpress\/plugins\/seo\/ -->\n<title>Calendario 2016 - arte y estudio<\/title>\n<meta name=\"description\" content=\"El calendario de 2016 lo he dedicado a la serie que llamo &#039;\u00a1Arriba Extra\u00f1a!&#039;, una colecci\u00f3n de fotograf\u00edas sobre la crisis en el estado espa\u00f1ol.\" \/>\n<meta name=\"robots\" content=\"index, follow, max-snippet:-1, max-image-preview:large, max-video-preview:-1\" \/>\n<link rel=\"canonical\" href=\"https:\/\/www.victorarandagarcia.es\/index.php\/publicaciones\/calendario\/calendario-2016\/\" \/>\n<meta property=\"og:locale\" content=\"es_ES\" \/>\n<meta property=\"og:type\" content=\"article\" \/>\n<meta property=\"og:title\" content=\"Calendario 2016 - arte y estudio\" \/>\n<meta property=\"og:description\" content=\"El calendario de 2016 lo he dedicado a la serie que llamo &#039;\u00a1Arriba Extra\u00f1a!&#039;, una colecci\u00f3n de fotograf\u00edas sobre la crisis en el estado espa\u00f1ol.\" \/>\n<meta property=\"og:url\" content=\"https:\/\/www.victorarandagarcia.es\/index.php\/publicaciones\/calendario\/calendario-2016\/\" \/>\n<meta property=\"og:site_name\" content=\"arte y estudio\" \/>\n<meta property=\"article:published_time\" content=\"2019-12-06T17:12:42+00:00\" \/>\n<meta property=\"article:modified_time\" content=\"2019-12-06T17:12:44+00:00\" \/>\n<meta property=\"og:image\" content=\"https:\/\/www.victorarandagarcia.es\/wp-content\/uploads\/calendario-2016-portada.jpg\" \/>\n\t<meta property=\"og:image:width\" content=\"650\" \/>\n\t<meta property=\"og:image:height\" content=\"900\" \/>\n\t<meta property=\"og:image:type\" content=\"image\/jpeg\" \/>\n<meta name=\"author\" content=\"victorarandagarcia\" \/>\n<meta name=\"twitter:card\" content=\"summary_large_image\" \/>\n<meta name=\"twitter:label1\" content=\"Escrito por\" \/>\n\t<meta name=\"twitter:data1\" content=\"victorarandagarcia\" \/>\n<script type=\"application\/ld+json\" class=\"yoast-schema-graph\">{\"@context\":\"https:\/\/schema.org\",\"@graph\":[{\"@type\":\"Article\",\"@id\":\"https:\/\/www.victorarandagarcia.es\/index.php\/publicaciones\/calendario\/calendario-2016\/#article\",\"isPartOf\":{\"@id\":\"https:\/\/www.victorarandagarcia.es\/index.php\/publicaciones\/calendario\/calendario-2016\/\"},\"author\":{\"name\":\"victorarandagarcia\",\"@id\":\"https:\/\/www.victorarandagarcia.es\/#\/schema\/person\/bfa9c61a3776d517deeee5f9386ef302\"},\"headline\":\"Calendario 2016\",\"datePublished\":\"2019-12-06T17:12:42+00:00\",\"dateModified\":\"2019-12-06T17:12:44+00:00\",\"mainEntityOfPage\":{\"@id\":\"https:\/\/www.victorarandagarcia.es\/index.php\/publicaciones\/calendario\/calendario-2016\/\"},\"wordCount\":45,\"publisher\":{\"@id\":\"https:\/\/www.victorarandagarcia.es\/#organization\"},\"image\":{\"@id\":\"https:\/\/www.victorarandagarcia.es\/index.php\/publicaciones\/calendario\/calendario-2016\/#primaryimage\"},\"thumbnailUrl\":\"https:\/\/www.victorarandagarcia.es\/wp-content\/uploads\/calendario-2016-portada.jpg\",\"keywords\":[\"arte\",\"calendario\",\"estudio\",\"publicaciones\"],\"articleSection\":[\"CALENDARIO ANUAL\"],\"inLanguage\":\"es\"},{\"@type\":\"WebPage\",\"@id\":\"https:\/\/www.victorarandagarcia.es\/index.php\/publicaciones\/calendario\/calendario-2016\/\",\"url\":\"https:\/\/www.victorarandagarcia.es\/index.php\/publicaciones\/calendario\/calendario-2016\/\",\"name\":\"Calendario 2016 - arte y estudio\",\"isPartOf\":{\"@id\":\"https:\/\/www.victorarandagarcia.es\/#website\"},\"primaryImageOfPage\":{\"@id\":\"https:\/\/www.victorarandagarcia.es\/index.php\/publicaciones\/calendario\/calendario-2016\/#primaryimage\"},\"image\":{\"@id\":\"https:\/\/www.victorarandagarcia.es\/index.php\/publicaciones\/calendario\/calendario-2016\/#primaryimage\"},\"thumbnailUrl\":\"https:\/\/www.victorarandagarcia.es\/wp-content\/uploads\/calendario-2016-portada.jpg\",\"datePublished\":\"2019-12-06T17:12:42+00:00\",\"dateModified\":\"2019-12-06T17:12:44+00:00\",\"description\":\"El calendario de 2016 lo he dedicado a la serie que llamo '\u00a1Arriba Extra\u00f1a!', una colecci\u00f3n de fotograf\u00edas sobre la crisis en el estado espa\u00f1ol.\",\"breadcrumb\":{\"@id\":\"https:\/\/www.victorarandagarcia.es\/index.php\/publicaciones\/calendario\/calendario-2016\/#breadcrumb\"},\"inLanguage\":\"es\",\"potentialAction\":[{\"@type\":\"ReadAction\",\"target\":[\"https:\/\/www.victorarandagarcia.es\/index.php\/publicaciones\/calendario\/calendario-2016\/\"]}]},{\"@type\":\"ImageObject\",\"inLanguage\":\"es\",\"@id\":\"https:\/\/www.victorarandagarcia.es\/index.php\/publicaciones\/calendario\/calendario-2016\/#primaryimage\",\"url\":\"https:\/\/www.victorarandagarcia.es\/wp-content\/uploads\/calendario-2016-portada.jpg\",\"contentUrl\":\"https:\/\/www.victorarandagarcia.es\/wp-content\/uploads\/calendario-2016-portada.jpg\",\"width\":650,\"height\":900,\"caption\":\"Portada del calendario con una muestra de las fotograf\u00edas inclu\u00eddas a la izquierda y una foto de un hombre mirando a trav\u00e9s de un ladrillo en una casa en ruinas\"},{\"@type\":\"BreadcrumbList\",\"@id\":\"https:\/\/www.victorarandagarcia.es\/index.php\/publicaciones\/calendario\/calendario-2016\/#breadcrumb\",\"itemListElement\":[{\"@type\":\"ListItem\",\"position\":1,\"name\":\"Portada\",\"item\":\"https:\/\/www.victorarandagarcia.es\/\"},{\"@type\":\"ListItem\",\"position\":2,\"name\":\"Calendario 2016\"}]},{\"@type\":\"WebSite\",\"@id\":\"https:\/\/www.victorarandagarcia.es\/#website\",\"url\":\"https:\/\/www.victorarandagarcia.es\/\",\"name\":\"arte y estudio\",\"description\":\"Fot\u00f3grafo\",\"publisher\":{\"@id\":\"https:\/\/www.victorarandagarcia.es\/#organization\"},\"potentialAction\":[{\"@type\":\"SearchAction\",\"target\":{\"@type\":\"EntryPoint\",\"urlTemplate\":\"https:\/\/www.victorarandagarcia.es\/?s={search_term_string}\"},\"query-input\":\"required name=search_term_string\"}],\"inLanguage\":\"es\"},{\"@type\":\"Organization\",\"@id\":\"https:\/\/www.victorarandagarcia.es\/#organization\",\"name\":\"arte y estudio\",\"url\":\"https:\/\/www.victorarandagarcia.es\/\",\"logo\":{\"@type\":\"ImageObject\",\"inLanguage\":\"es\",\"@id\":\"https:\/\/www.victorarandagarcia.es\/#\/schema\/logo\/image\/\",\"url\":\"https:\/\/www.victorarandagarcia.es\/wp-content\/uploads\/2019\/03\/logo-fotografo.png\",\"contentUrl\":\"https:\/\/www.victorarandagarcia.es\/wp-content\/uploads\/2019\/03\/logo-fotografo.png\",\"width\":150,\"height\":150,\"caption\":\"arte y estudio\"},\"image\":{\"@id\":\"https:\/\/www.victorarandagarcia.es\/#\/schema\/logo\/image\/\"}},{\"@type\":\"Person\",\"@id\":\"https:\/\/www.victorarandagarcia.es\/#\/schema\/person\/bfa9c61a3776d517deeee5f9386ef302\",\"name\":\"victorarandagarcia\",\"image\":{\"@type\":\"ImageObject\",\"inLanguage\":\"es\",\"@id\":\"https:\/\/www.victorarandagarcia.es\/#\/schema\/person\/image\/\",\"url\":\"https:\/\/secure.gravatar.com\/avatar\/957a01ac23a6393e755ae8225c35dbdb?s=96&d=mm&r=g\",\"contentUrl\":\"https:\/\/secure.gravatar.com\/avatar\/957a01ac23a6393e755ae8225c35dbdb?s=96&d=mm&r=g\",\"caption\":\"victorarandagarcia\"}}]}<\/script>\n<!-- \/ Yoast SEO plugin. -->","yoast_head_json":{"title":"Calendario 2016 - arte y estudio","description":"El calendario de 2016 lo he dedicado a la serie que llamo '\u00a1Arriba Extra\u00f1a!', una colecci\u00f3n de fotograf\u00edas sobre la crisis en el estado espa\u00f1ol.","robots":{"index":"index","follow":"follow","max-snippet":"max-snippet:-1","max-image-preview":"max-image-preview:large","max-video-preview":"max-video-preview:-1"},"canonical":"https:\/\/www.victorarandagarcia.es\/index.php\/publicaciones\/calendario\/calendario-2016\/","og_locale":"es_ES","og_type":"article","og_title":"Calendario 2016 - arte y estudio","og_description":"El calendario de 2016 lo he dedicado a la serie que llamo '\u00a1Arriba Extra\u00f1a!', una colecci\u00f3n de fotograf\u00edas sobre la crisis en el estado espa\u00f1ol.","og_url":"https:\/\/www.victorarandagarcia.es\/index.php\/publicaciones\/calendario\/calendario-2016\/","og_site_name":"arte y estudio","article_published_time":"2019-12-06T17:12:42+00:00","article_modified_time":"2019-12-06T17:12:44+00:00","og_image":[{"width":650,"height":900,"url":"https:\/\/www.victorarandagarcia.es\/wp-content\/uploads\/calendario-2016-portada.jpg","type":"image\/jpeg"}],"author":"victorarandagarcia","twitter_card":"summary_large_image","twitter_misc":{"Escrito por":"victorarandagarcia"},"schema":{"@context":"https:\/\/schema.org","@graph":[{"@type":"Article","@id":"https:\/\/www.victorarandagarcia.es\/index.php\/publicaciones\/calendario\/calendario-2016\/#article","isPartOf":{"@id":"https:\/\/www.victorarandagarcia.es\/index.php\/publicaciones\/calendario\/calendario-2016\/"},"author":{"name":"victorarandagarcia","@id":"https:\/\/www.victorarandagarcia.es\/#\/schema\/person\/bfa9c61a3776d517deeee5f9386ef302"},"headline":"Calendario 2016","datePublished":"2019-12-06T17:12:42+00:00","dateModified":"2019-12-06T17:12:44+00:00","mainEntityOfPage":{"@id":"https:\/\/www.victorarandagarcia.es\/index.php\/publicaciones\/calendario\/calendario-2016\/"},"wordCount":45,"publisher":{"@id":"https:\/\/www.victorarandagarcia.es\/#organization"},"image":{"@id":"https:\/\/www.victorarandagarcia.es\/index.php\/publicaciones\/calendario\/calendario-2016\/#primaryimage"},"thumbnailUrl":"https:\/\/www.victorarandagarcia.es\/wp-content\/uploads\/calendario-2016-portada.jpg","keywords":["arte","calendario","estudio","publicaciones"],"articleSection":["CALENDARIO ANUAL"],"inLanguage":"es"},{"@type":"WebPage","@id":"https:\/\/www.victorarandagarcia.es\/index.php\/publicaciones\/calendario\/calendario-2016\/","url":"https:\/\/www.victorarandagarcia.es\/index.php\/publicaciones\/calendario\/calendario-2016\/","name":"Calendario 2016 - arte y estudio","isPartOf":{"@id":"https:\/\/www.victorarandagarcia.es\/#website"},"primaryImageOfPage":{"@id":"https:\/\/www.victorarandagarcia.es\/index.php\/publicaciones\/calendario\/calendario-2016\/#primaryimage"},"image":{"@id":"https:\/\/www.victorarandagarcia.es\/index.php\/publicaciones\/calendario\/calendario-2016\/#primaryimage"},"thumbnailUrl":"https:\/\/www.victorarandagarcia.es\/wp-content\/uploads\/calendario-2016-portada.jpg","datePublished":"2019-12-06T17:12:42+00:00","dateModified":"2019-12-06T17:12:44+00:00","description":"El calendario de 2016 lo he dedicado a la serie que llamo '\u00a1Arriba Extra\u00f1a!', una colecci\u00f3n de fotograf\u00edas sobre la crisis en el estado espa\u00f1ol.","breadcrumb":{"@id":"https:\/\/www.victorarandagarcia.es\/index.php\/publicaciones\/calendario\/calendario-2016\/#breadcrumb"},"inLanguage":"es","potentialAction":[{"@type":"ReadAction","target":["https:\/\/www.victorarandagarcia.es\/index.php\/publicaciones\/calendario\/calendario-2016\/"]}]},{"@type":"ImageObject","inLanguage":"es","@id":"https:\/\/www.victorarandagarcia.es\/index.php\/publicaciones\/calendario\/calendario-2016\/#primaryimage","url":"https:\/\/www.victorarandagarcia.es\/wp-content\/uploads\/calendario-2016-portada.jpg","contentUrl":"https:\/\/www.victorarandagarcia.es\/wp-content\/uploads\/calendario-2016-portada.jpg","width":650,"height":900,"caption":"Portada del calendario con una muestra de las fotograf\u00edas inclu\u00eddas a la izquierda y una foto de un hombre mirando a trav\u00e9s de un ladrillo en una casa en ruinas"},{"@type":"BreadcrumbList","@id":"https:\/\/www.victorarandagarcia.es\/index.php\/publicaciones\/calendario\/calendario-2016\/#breadcrumb","itemListElement":[{"@type":"ListItem","position":1,"name":"Portada","item":"https:\/\/www.victorarandagarcia.es\/"},{"@type":"ListItem","position":2,"name":"Calendario 2016"}]},{"@type":"WebSite","@id":"https:\/\/www.victorarandagarcia.es\/#website","url":"https:\/\/www.victorarandagarcia.es\/","name":"arte y estudio","description":"Fot\u00f3grafo","publisher":{"@id":"https:\/\/www.victorarandagarcia.es\/#organization"},"potentialAction":[{"@type":"SearchAction","target":{"@type":"EntryPoint","urlTemplate":"https:\/\/www.victorarandagarcia.es\/?s={search_term_string}"},"query-input":"required name=search_term_string"}],"inLanguage":"es"},{"@type":"Organization","@id":"https:\/\/www.victorarandagarcia.es\/#organization","name":"arte y estudio","url":"https:\/\/www.victorarandagarcia.es\/","logo":{"@type":"ImageObject","inLanguage":"es","@id":"https:\/\/www.victorarandagarcia.es\/#\/schema\/logo\/image\/","url":"https:\/\/www.victorarandagarcia.es\/wp-content\/uploads\/2019\/03\/logo-fotografo.png","contentUrl":"https:\/\/www.victorarandagarcia.es\/wp-content\/uploads\/2019\/03\/logo-fotografo.png","width":150,"height":150,"caption":"arte y estudio"},"image":{"@id":"https:\/\/www.victorarandagarcia.es\/#\/schema\/logo\/image\/"}},{"@type":"Person","@id":"https:\/\/www.victorarandagarcia.es\/#\/schema\/person\/bfa9c61a3776d517deeee5f9386ef302","name":"victorarandagarcia","image":{"@type":"ImageObject","inLanguage":"es","@id":"https:\/\/www.victorarandagarcia.es\/#\/schema\/person\/image\/","url":"https:\/\/secure.gravatar.com\/avatar\/957a01ac23a6393e755ae8225c35dbdb?s=96&d=mm&r=g","contentUrl":"https:\/\/secure.gravatar.com\/avatar\/957a01ac23a6393e755ae8225c35dbdb?s=96&d=mm&r=g","caption":"victorarandagarcia"}}]}},"jetpack_featured_media_url":"https:\/\/www.victorarandagarcia.es\/wp-content\/uploads\/calendario-2016-portada.jpg","jetpack_sharing_enabled":true,"_links":{"self":[{"href":"https:\/\/www.victorarandagarcia.es\/index.php\/wp-json\/wp\/v2\/posts\/2235"}],"collection":[{"href":"https:\/\/www.victorarandagarcia.es\/index.php\/wp-json\/wp\/v2\/posts"}],"about":[{"href":"https:\/\/www.victorarandagarcia.es\/index.php\/wp-json\/wp\/v2\/types\/post"}],"author":[{"embeddable":true,"href":"https:\/\/www.victorarandagarcia.es\/index.php\/wp-json\/wp\/v2\/users\/1"}],"replies":[{"embeddable":true,"href":"https:\/\/www.victorarandagarcia.es\/index.php\/wp-json\/wp\/v2\/comments?post=2235"}],"version-history":[{"count":1,"href":"https:\/\/www.victorarandagarcia.es\/index.php\/wp-json\/wp\/v2\/posts\/2235\/revisions"}],"predecessor-version":[{"id":2250,"href":"https:\/\/www.victorarandagarcia.es\/index.php\/wp-json\/wp\/v2\/posts\/2235\/revisions\/2250"}],"wp:featuredmedia":[{"embeddable":true,"href":"https:\/\/www.victorarandagarcia.es\/index.php\/wp-json\/wp\/v2\/media\/2241"}],"wp:attachment":[{"href":"https:\/\/www.victorarandagarcia.es\/index.php\/wp-json\/wp\/v2\/media?parent=2235"}],"wp:term":[{"taxonomy":"category","embeddable":true,"href":"https:\/\/www.victorarandagarcia.es\/index.php\/wp-json\/wp\/v2\/categories?post=2235"},{"taxonomy":"post_tag","embeddable":true,"href":"https:\/\/www.victorarandagarcia.es\/index.php\/wp-json\/wp\/v2\/tags?post=2235"}],"curies":[{"name":"wp","href":"https:\/\/api.w.org\/{rel}","templated":true}]}}