{"id":2216,"date":"2019-12-06T17:00:22","date_gmt":"2019-12-06T16:00:22","guid":{"rendered":"https:\/\/www.victorarandagarcia.es\/?p=2216"},"modified":"2019-12-06T17:28:45","modified_gmt":"2019-12-06T16:28:45","slug":"calendario-2015","status":"publish","type":"post","link":"https:\/\/www.victorarandagarcia.es\/index.php\/publicaciones\/calendario\/calendario-2015\/","title":{"rendered":"Calendario 2015"},"content":{"rendered":"\n<p>Selecci\u00f3n de fotograf\u00edas para el calendario 2015, ya la venta por 15  euros. Todas las fotos inclu\u00eddas en el calendario pertenecen a la serie <strong><em><a href=\"https:\/\/www.victorarandagarcia.es\/index.php\/arte\/naturaleza\/night-leaves\/\">\u00abNight Leaves\u00bb<\/a><\/em><\/strong>,  fotos que hago de naturaleza a la luz de las farolas. Aunque la serie  la comenc\u00e9 en 2006 la mayor\u00eda de las fotos que he seleccionado las he  tomado los dos \u00faltimos a\u00f1os, generalmente trabajando con la luz que hay  poco antes de amanecer.<\/p>\n\n\n\n<ul class=\"wp-block-gallery columns-3 is-cropped wp-block-gallery-1 is-layout-flex wp-block-gallery-is-layout-flex\"><li class=\"blocks-gallery-item\"><figure><img data-attachment-id=\"2217\" data-permalink=\"https:\/\/www.victorarandagarcia.es\/02-febrero\/\" data-orig-file=\"https:\/\/www.victorarandagarcia.es\/wp-content\/uploads\/02-FEBRERO.png\" data-orig-size=\"481,720\" data-comments-opened=\"0\" data-image-meta=\"{&quot;aperture&quot;:&quot;0&quot;,&quot;credit&quot;:&quot;&quot;,&quot;camera&quot;:&quot;&quot;,&quot;caption&quot;:&quot;&quot;,&quot;created_timestamp&quot;:&quot;0&quot;,&quot;copyright&quot;:&quot;&quot;,&quot;focal_length&quot;:&quot;0&quot;,&quot;iso&quot;:&quot;0&quot;,&quot;shutter_speed&quot;:&quot;0&quot;,&quot;title&quot;:&quot;&quot;,&quot;orientation&quot;:&quot;0&quot;}\" data-image-title=\"calendario-2015-01\" data-image-description=\"&lt;p&gt;&#8216;Night Leaves&#8217; &#8211; Fotograf\u00eda inclu\u00edda en el calendario 2015&lt;\/p&gt;\n\" data-image-caption=\"\" data-medium-file=\"https:\/\/www.victorarandagarcia.es\/wp-content\/uploads\/02-FEBRERO-200x300.png\" data-large-file=\"https:\/\/www.victorarandagarcia.es\/wp-content\/uploads\/02-FEBRERO.png\" decoding=\"async\" loading=\"lazy\" width=\"481\" height=\"720\" src=\"https:\/\/www.victorarandagarcia.es\/wp-content\/uploads\/02-FEBRERO.png\" alt=\"Fotograf\u00eda de las hojas de un \u00e1rbol iluminadas por una farola\" data-id=\"2217\" data-link=\"https:\/\/www.victorarandagarcia.es\/02-febrero\/\" class=\"wp-image-2217\" srcset=\"https:\/\/www.victorarandagarcia.es\/wp-content\/uploads\/02-FEBRERO.png 481w, https:\/\/www.victorarandagarcia.es\/wp-content\/uploads\/02-FEBRERO-200x300.png 200w\" sizes=\"(max-width: 481px) 100vw, 481px\" \/><\/figure><\/li><li class=\"blocks-gallery-item\"><figure><img data-attachment-id=\"2221\" data-permalink=\"https:\/\/www.victorarandagarcia.es\/12-diciembre\/\" data-orig-file=\"https:\/\/www.victorarandagarcia.es\/wp-content\/uploads\/12-DICIEMBRE.png\" data-orig-size=\"594,720\" data-comments-opened=\"0\" data-image-meta=\"{&quot;aperture&quot;:&quot;0&quot;,&quot;credit&quot;:&quot;&quot;,&quot;camera&quot;:&quot;&quot;,&quot;caption&quot;:&quot;&quot;,&quot;created_timestamp&quot;:&quot;0&quot;,&quot;copyright&quot;:&quot;&quot;,&quot;focal_length&quot;:&quot;0&quot;,&quot;iso&quot;:&quot;0&quot;,&quot;shutter_speed&quot;:&quot;0&quot;,&quot;title&quot;:&quot;&quot;,&quot;orientation&quot;:&quot;0&quot;}\" data-image-title=\"calendario-2015-05\" data-image-description=\"&lt;p&gt;Dise\u00f1o de una de las p\u00e1ginas del calendario 2015&lt;\/p&gt;\n\" data-image-caption=\"\" data-medium-file=\"https:\/\/www.victorarandagarcia.es\/wp-content\/uploads\/12-DICIEMBRE-248x300.png\" data-large-file=\"https:\/\/www.victorarandagarcia.es\/wp-content\/uploads\/12-DICIEMBRE.png\" decoding=\"async\" loading=\"lazy\" width=\"594\" height=\"720\" src=\"https:\/\/www.victorarandagarcia.es\/wp-content\/uploads\/12-DICIEMBRE.png\" alt=\"Imagen de una p\u00e1gina del calendario con la foto de un \u00e1rbol iluminado por una farola de fondo\" data-id=\"2221\" data-link=\"https:\/\/www.victorarandagarcia.es\/12-diciembre\/\" class=\"wp-image-2221\" srcset=\"https:\/\/www.victorarandagarcia.es\/wp-content\/uploads\/12-DICIEMBRE.png 594w, https:\/\/www.victorarandagarcia.es\/wp-content\/uploads\/12-DICIEMBRE-248x300.png 248w\" sizes=\"(max-width: 594px) 100vw, 594px\" \/><\/figure><\/li><li class=\"blocks-gallery-item\"><figure><img data-attachment-id=\"2223\" data-permalink=\"https:\/\/www.victorarandagarcia.es\/04-abril\/\" data-orig-file=\"https:\/\/www.victorarandagarcia.es\/wp-content\/uploads\/04-ABRIL.png\" data-orig-size=\"481,720\" data-comments-opened=\"0\" data-image-meta=\"{&quot;aperture&quot;:&quot;0&quot;,&quot;credit&quot;:&quot;&quot;,&quot;camera&quot;:&quot;&quot;,&quot;caption&quot;:&quot;&quot;,&quot;created_timestamp&quot;:&quot;0&quot;,&quot;copyright&quot;:&quot;&quot;,&quot;focal_length&quot;:&quot;0&quot;,&quot;iso&quot;:&quot;0&quot;,&quot;shutter_speed&quot;:&quot;0&quot;,&quot;title&quot;:&quot;&quot;,&quot;orientation&quot;:&quot;0&quot;}\" data-image-title=\"calendario-2015-07\" data-image-description=\"&lt;p&gt;&#8216;Night Leaves&#8217; &#8211; Fotograf\u00eda inclu\u00edda en el calendario 2015&lt;\/p&gt;\n\" data-image-caption=\"\" data-medium-file=\"https:\/\/www.victorarandagarcia.es\/wp-content\/uploads\/04-ABRIL-200x300.png\" data-large-file=\"https:\/\/www.victorarandagarcia.es\/wp-content\/uploads\/04-ABRIL.png\" decoding=\"async\" loading=\"lazy\" width=\"481\" height=\"720\" src=\"https:\/\/www.victorarandagarcia.es\/wp-content\/uploads\/04-ABRIL.png\" alt=\"Fotograf\u00eda de un \u00e1rbol sin hojas de noche bajo la luz de las farolas\" data-id=\"2223\" data-link=\"https:\/\/www.victorarandagarcia.es\/04-abril\/\" class=\"wp-image-2223\" srcset=\"https:\/\/www.victorarandagarcia.es\/wp-content\/uploads\/04-ABRIL.png 481w, https:\/\/www.victorarandagarcia.es\/wp-content\/uploads\/04-ABRIL-200x300.png 200w\" sizes=\"(max-width: 481px) 100vw, 481px\" \/><\/figure><\/li><li class=\"blocks-gallery-item\"><figure><img data-attachment-id=\"2228\" data-permalink=\"https:\/\/www.victorarandagarcia.es\/06-junio\/\" data-orig-file=\"https:\/\/www.victorarandagarcia.es\/wp-content\/uploads\/06-JUNIO.png\" data-orig-size=\"720,481\" data-comments-opened=\"0\" data-image-meta=\"{&quot;aperture&quot;:&quot;0&quot;,&quot;credit&quot;:&quot;&quot;,&quot;camera&quot;:&quot;&quot;,&quot;caption&quot;:&quot;&quot;,&quot;created_timestamp&quot;:&quot;0&quot;,&quot;copyright&quot;:&quot;&quot;,&quot;focal_length&quot;:&quot;0&quot;,&quot;iso&quot;:&quot;0&quot;,&quot;shutter_speed&quot;:&quot;0&quot;,&quot;title&quot;:&quot;&quot;,&quot;orientation&quot;:&quot;0&quot;}\" data-image-title=\"calendario-2015-12\" data-image-description=\"&lt;p&gt;&#8216;Night Leaves&#8217; &#8211; Fotograf\u00eda inclu\u00edda en el calendario 2015&lt;\/p&gt;\n\" data-image-caption=\"\" data-medium-file=\"https:\/\/www.victorarandagarcia.es\/wp-content\/uploads\/06-JUNIO-300x200.png\" data-large-file=\"https:\/\/www.victorarandagarcia.es\/wp-content\/uploads\/06-JUNIO.png\" decoding=\"async\" loading=\"lazy\" width=\"720\" height=\"481\" src=\"https:\/\/www.victorarandagarcia.es\/wp-content\/uploads\/06-JUNIO.png\" alt=\"Fotograf\u00eda de \u00e1rboles en invierno iluminados por las luces de la ciudad\" data-id=\"2228\" data-link=\"https:\/\/www.victorarandagarcia.es\/06-junio\/\" class=\"wp-image-2228\" srcset=\"https:\/\/www.victorarandagarcia.es\/wp-content\/uploads\/06-JUNIO.png 720w, https:\/\/www.victorarandagarcia.es\/wp-content\/uploads\/06-JUNIO-300x200.png 300w\" sizes=\"(max-width: 720px) 100vw, 720px\" \/><\/figure><\/li><li class=\"blocks-gallery-item\"><figure><img data-attachment-id=\"2227\" data-permalink=\"https:\/\/www.victorarandagarcia.es\/03-marzo\/\" data-orig-file=\"https:\/\/www.victorarandagarcia.es\/wp-content\/uploads\/03-MARZO.png\" data-orig-size=\"720,481\" data-comments-opened=\"0\" data-image-meta=\"{&quot;aperture&quot;:&quot;0&quot;,&quot;credit&quot;:&quot;&quot;,&quot;camera&quot;:&quot;&quot;,&quot;caption&quot;:&quot;&quot;,&quot;created_timestamp&quot;:&quot;0&quot;,&quot;copyright&quot;:&quot;&quot;,&quot;focal_length&quot;:&quot;0&quot;,&quot;iso&quot;:&quot;0&quot;,&quot;shutter_speed&quot;:&quot;0&quot;,&quot;title&quot;:&quot;&quot;,&quot;orientation&quot;:&quot;0&quot;}\" data-image-title=\"calendario-2015-11\" data-image-description=\"&lt;p&gt;&#8216;Night Leaves&#8217; &#8211; Fotograf\u00eda inclu\u00edda en el calendario 2015&lt;\/p&gt;\n\" data-image-caption=\"\" data-medium-file=\"https:\/\/www.victorarandagarcia.es\/wp-content\/uploads\/03-MARZO-300x200.png\" data-large-file=\"https:\/\/www.victorarandagarcia.es\/wp-content\/uploads\/03-MARZO.png\" decoding=\"async\" loading=\"lazy\" width=\"720\" height=\"481\" src=\"https:\/\/www.victorarandagarcia.es\/wp-content\/uploads\/03-MARZO.png\" alt=\"Fotograf\u00eda de varios \u00e1rboles al amanecer con el cielo de fondo\" data-id=\"2227\" data-link=\"https:\/\/www.victorarandagarcia.es\/03-marzo\/\" class=\"wp-image-2227\" srcset=\"https:\/\/www.victorarandagarcia.es\/wp-content\/uploads\/03-MARZO.png 720w, https:\/\/www.victorarandagarcia.es\/wp-content\/uploads\/03-MARZO-300x200.png 300w\" sizes=\"(max-width: 720px) 100vw, 720px\" \/><\/figure><\/li><li class=\"blocks-gallery-item\"><figure><img data-attachment-id=\"2226\" data-permalink=\"https:\/\/www.victorarandagarcia.es\/08-agosto\/\" data-orig-file=\"https:\/\/www.victorarandagarcia.es\/wp-content\/uploads\/08-AGOSTO.png\" data-orig-size=\"720,481\" data-comments-opened=\"0\" data-image-meta=\"{&quot;aperture&quot;:&quot;0&quot;,&quot;credit&quot;:&quot;&quot;,&quot;camera&quot;:&quot;&quot;,&quot;caption&quot;:&quot;&quot;,&quot;created_timestamp&quot;:&quot;0&quot;,&quot;copyright&quot;:&quot;&quot;,&quot;focal_length&quot;:&quot;0&quot;,&quot;iso&quot;:&quot;0&quot;,&quot;shutter_speed&quot;:&quot;0&quot;,&quot;title&quot;:&quot;&quot;,&quot;orientation&quot;:&quot;0&quot;}\" data-image-title=\"calendario 2015-10\" data-image-description=\"&lt;p&gt;&#8216;Night Leaves&#8217; &#8211; Fotograf\u00eda inclu\u00edda en el calendario 2015&lt;\/p&gt;\n\" data-image-caption=\"\" data-medium-file=\"https:\/\/www.victorarandagarcia.es\/wp-content\/uploads\/08-AGOSTO-300x200.png\" data-large-file=\"https:\/\/www.victorarandagarcia.es\/wp-content\/uploads\/08-AGOSTO.png\" decoding=\"async\" loading=\"lazy\" width=\"720\" height=\"481\" src=\"https:\/\/www.victorarandagarcia.es\/wp-content\/uploads\/08-AGOSTO.png\" alt=\"Fotograf\u00eda de un \u00e1rbol con las ramas desnudas bajo la luz de la ciudad de noche\" data-id=\"2226\" data-link=\"https:\/\/www.victorarandagarcia.es\/08-agosto\/\" class=\"wp-image-2226\" srcset=\"https:\/\/www.victorarandagarcia.es\/wp-content\/uploads\/08-AGOSTO.png 720w, https:\/\/www.victorarandagarcia.es\/wp-content\/uploads\/08-AGOSTO-300x200.png 300w\" sizes=\"(max-width: 720px) 100vw, 720px\" \/><\/figure><\/li><li class=\"blocks-gallery-item\"><figure><img data-attachment-id=\"2222\" data-permalink=\"https:\/\/www.victorarandagarcia.es\/01-enero\/\" data-orig-file=\"https:\/\/www.victorarandagarcia.es\/wp-content\/uploads\/01-ENERO.png\" data-orig-size=\"720,481\" data-comments-opened=\"0\" data-image-meta=\"{&quot;aperture&quot;:&quot;0&quot;,&quot;credit&quot;:&quot;&quot;,&quot;camera&quot;:&quot;&quot;,&quot;caption&quot;:&quot;&quot;,&quot;created_timestamp&quot;:&quot;0&quot;,&quot;copyright&quot;:&quot;&quot;,&quot;focal_length&quot;:&quot;0&quot;,&quot;iso&quot;:&quot;0&quot;,&quot;shutter_speed&quot;:&quot;0&quot;,&quot;title&quot;:&quot;&quot;,&quot;orientation&quot;:&quot;0&quot;}\" data-image-title=\"calendario-2015-06\" data-image-description=\"&lt;p&gt;&#8216;Night Leaves&#8217; &#8211; Fotograf\u00eda inclu\u00edda en el calendario 2015&lt;\/p&gt;\n\" data-image-caption=\"\" data-medium-file=\"https:\/\/www.victorarandagarcia.es\/wp-content\/uploads\/01-ENERO-300x200.png\" data-large-file=\"https:\/\/www.victorarandagarcia.es\/wp-content\/uploads\/01-ENERO.png\" decoding=\"async\" loading=\"lazy\" width=\"720\" height=\"481\" src=\"https:\/\/www.victorarandagarcia.es\/wp-content\/uploads\/01-ENERO.png\" alt=\"Fotograf\u00eda de un \u00e1rbol con semillas amarillas y el cielo oscuro de la noche de fondo\" data-id=\"2222\" data-link=\"https:\/\/www.victorarandagarcia.es\/01-enero\/\" class=\"wp-image-2222\" srcset=\"https:\/\/www.victorarandagarcia.es\/wp-content\/uploads\/01-ENERO.png 720w, https:\/\/www.victorarandagarcia.es\/wp-content\/uploads\/01-ENERO-300x200.png 300w\" sizes=\"(max-width: 720px) 100vw, 720px\" \/><\/figure><\/li><li class=\"blocks-gallery-item\"><figure><img data-attachment-id=\"2220\" data-permalink=\"https:\/\/www.victorarandagarcia.es\/09-septiembre\/\" data-orig-file=\"https:\/\/www.victorarandagarcia.es\/wp-content\/uploads\/09-SEPTIEMBRE.png\" data-orig-size=\"974,651\" data-comments-opened=\"0\" data-image-meta=\"{&quot;aperture&quot;:&quot;0&quot;,&quot;credit&quot;:&quot;&quot;,&quot;camera&quot;:&quot;&quot;,&quot;caption&quot;:&quot;&quot;,&quot;created_timestamp&quot;:&quot;0&quot;,&quot;copyright&quot;:&quot;&quot;,&quot;focal_length&quot;:&quot;0&quot;,&quot;iso&quot;:&quot;0&quot;,&quot;shutter_speed&quot;:&quot;0&quot;,&quot;title&quot;:&quot;&quot;,&quot;orientation&quot;:&quot;0&quot;}\" data-image-title=\"calendario-2015-04\" data-image-description=\"&lt;p&gt;&#8216;Night Leaves&#8217; &#8211; Fotograf\u00eda inclu\u00edda en el calendario 2015&lt;\/p&gt;\n\" data-image-caption=\"\" data-medium-file=\"https:\/\/www.victorarandagarcia.es\/wp-content\/uploads\/09-SEPTIEMBRE-300x201.png\" data-large-file=\"https:\/\/www.victorarandagarcia.es\/wp-content\/uploads\/09-SEPTIEMBRE.png\" decoding=\"async\" loading=\"lazy\" width=\"974\" height=\"651\" src=\"https:\/\/www.victorarandagarcia.es\/wp-content\/uploads\/09-SEPTIEMBRE.png\" alt=\"Fotograf\u00eda de una mara\u00f1a de ramas casi libres de hojas con un cielo sin luna de fondo\" data-id=\"2220\" data-link=\"https:\/\/www.victorarandagarcia.es\/09-septiembre\/\" class=\"wp-image-2220\" srcset=\"https:\/\/www.victorarandagarcia.es\/wp-content\/uploads\/09-SEPTIEMBRE.png 974w, https:\/\/www.victorarandagarcia.es\/wp-content\/uploads\/09-SEPTIEMBRE-300x201.png 300w, https:\/\/www.victorarandagarcia.es\/wp-content\/uploads\/09-SEPTIEMBRE-768x513.png 768w\" sizes=\"(max-width: 974px) 100vw, 974px\" \/><\/figure><\/li><li class=\"blocks-gallery-item\"><figure><img data-attachment-id=\"2219\" data-permalink=\"https:\/\/www.victorarandagarcia.es\/11-noviembre\/\" data-orig-file=\"https:\/\/www.victorarandagarcia.es\/wp-content\/uploads\/11-NOVIEMBRE.png\" data-orig-size=\"720,481\" data-comments-opened=\"0\" data-image-meta=\"{&quot;aperture&quot;:&quot;0&quot;,&quot;credit&quot;:&quot;&quot;,&quot;camera&quot;:&quot;&quot;,&quot;caption&quot;:&quot;&quot;,&quot;created_timestamp&quot;:&quot;0&quot;,&quot;copyright&quot;:&quot;&quot;,&quot;focal_length&quot;:&quot;0&quot;,&quot;iso&quot;:&quot;0&quot;,&quot;shutter_speed&quot;:&quot;0&quot;,&quot;title&quot;:&quot;&quot;,&quot;orientation&quot;:&quot;0&quot;}\" data-image-title=\"calendario-2015-03\" data-image-description=\"&lt;p&gt;&#8216;Night Leaves&#8217; &#8211; Fotograf\u00eda inclu\u00edda en el calendario 2015&lt;\/p&gt;\n\" data-image-caption=\"\" data-medium-file=\"https:\/\/www.victorarandagarcia.es\/wp-content\/uploads\/11-NOVIEMBRE-300x200.png\" data-large-file=\"https:\/\/www.victorarandagarcia.es\/wp-content\/uploads\/11-NOVIEMBRE.png\" decoding=\"async\" loading=\"lazy\" width=\"720\" height=\"481\" src=\"https:\/\/www.victorarandagarcia.es\/wp-content\/uploads\/11-NOVIEMBRE.png\" alt=\"Fotograf\u00eda de un \u00e1rbol tomada al amanecer bajo la luz de la ciudad\" data-id=\"2219\" data-link=\"https:\/\/www.victorarandagarcia.es\/11-noviembre\/\" class=\"wp-image-2219\" srcset=\"https:\/\/www.victorarandagarcia.es\/wp-content\/uploads\/11-NOVIEMBRE.png 720w, https:\/\/www.victorarandagarcia.es\/wp-content\/uploads\/11-NOVIEMBRE-300x200.png 300w\" sizes=\"(max-width: 720px) 100vw, 720px\" \/><\/figure><\/li><li class=\"blocks-gallery-item\"><figure><img data-attachment-id=\"2225\" data-permalink=\"https:\/\/www.victorarandagarcia.es\/07-julio\/\" data-orig-file=\"https:\/\/www.victorarandagarcia.es\/wp-content\/uploads\/07-JULIO.png\" data-orig-size=\"481,720\" data-comments-opened=\"0\" data-image-meta=\"{&quot;aperture&quot;:&quot;0&quot;,&quot;credit&quot;:&quot;&quot;,&quot;camera&quot;:&quot;&quot;,&quot;caption&quot;:&quot;&quot;,&quot;created_timestamp&quot;:&quot;0&quot;,&quot;copyright&quot;:&quot;&quot;,&quot;focal_length&quot;:&quot;0&quot;,&quot;iso&quot;:&quot;0&quot;,&quot;shutter_speed&quot;:&quot;0&quot;,&quot;title&quot;:&quot;&quot;,&quot;orientation&quot;:&quot;0&quot;}\" data-image-title=\"calendario-2015-09\" data-image-description=\"&lt;p&gt;&#8216;Night Leaves&#8217; &#8211; Fotograf\u00eda inclu\u00edda en el calendario 2015&lt;\/p&gt;\n\" data-image-caption=\"\" data-medium-file=\"https:\/\/www.victorarandagarcia.es\/wp-content\/uploads\/07-JULIO-200x300.png\" data-large-file=\"https:\/\/www.victorarandagarcia.es\/wp-content\/uploads\/07-JULIO.png\" decoding=\"async\" loading=\"lazy\" width=\"481\" height=\"720\" src=\"https:\/\/www.victorarandagarcia.es\/wp-content\/uploads\/07-JULIO.png\" alt=\"Fotograf\u00eda de un eucalipto iluminado por las farolas con el cielo negro nocturno de fondo\" data-id=\"2225\" data-link=\"https:\/\/www.victorarandagarcia.es\/07-julio\/\" class=\"wp-image-2225\" srcset=\"https:\/\/www.victorarandagarcia.es\/wp-content\/uploads\/07-JULIO.png 481w, https:\/\/www.victorarandagarcia.es\/wp-content\/uploads\/07-JULIO-200x300.png 200w\" sizes=\"(max-width: 481px) 100vw, 481px\" \/><\/figure><\/li><li class=\"blocks-gallery-item\"><figure><img data-attachment-id=\"2218\" data-permalink=\"https:\/\/www.victorarandagarcia.es\/05-mayo\/\" data-orig-file=\"https:\/\/www.victorarandagarcia.es\/wp-content\/uploads\/05-MAYO.png\" data-orig-size=\"720,481\" data-comments-opened=\"0\" data-image-meta=\"{&quot;aperture&quot;:&quot;0&quot;,&quot;credit&quot;:&quot;&quot;,&quot;camera&quot;:&quot;&quot;,&quot;caption&quot;:&quot;&quot;,&quot;created_timestamp&quot;:&quot;0&quot;,&quot;copyright&quot;:&quot;&quot;,&quot;focal_length&quot;:&quot;0&quot;,&quot;iso&quot;:&quot;0&quot;,&quot;shutter_speed&quot;:&quot;0&quot;,&quot;title&quot;:&quot;&quot;,&quot;orientation&quot;:&quot;0&quot;}\" data-image-title=\"calendario-2015-02\" data-image-description=\"&lt;p&gt;&#8216;Night Leaves&#8217; &#8211; Fotograf\u00eda inclu\u00edda en el calendario 2015&lt;\/p&gt;\n\" data-image-caption=\"\" data-medium-file=\"https:\/\/www.victorarandagarcia.es\/wp-content\/uploads\/05-MAYO-300x200.png\" data-large-file=\"https:\/\/www.victorarandagarcia.es\/wp-content\/uploads\/05-MAYO.png\" decoding=\"async\" loading=\"lazy\" width=\"720\" height=\"481\" src=\"https:\/\/www.victorarandagarcia.es\/wp-content\/uploads\/05-MAYO.png\" alt=\"Fotograf\u00eda de un \u00e1rbol iluminado por la luz nocturna de la ciudad con el cielo de fondo\" data-id=\"2218\" data-link=\"https:\/\/www.victorarandagarcia.es\/05-mayo\/\" class=\"wp-image-2218\" srcset=\"https:\/\/www.victorarandagarcia.es\/wp-content\/uploads\/05-MAYO.png 720w, https:\/\/www.victorarandagarcia.es\/wp-content\/uploads\/05-MAYO-300x200.png 300w\" sizes=\"(max-width: 720px) 100vw, 720px\" \/><\/figure><\/li><li class=\"blocks-gallery-item\"><figure><img data-attachment-id=\"2224\" data-permalink=\"https:\/\/www.victorarandagarcia.es\/10-octubre\/\" data-orig-file=\"https:\/\/www.victorarandagarcia.es\/wp-content\/uploads\/10-OCTUBRE.png\" data-orig-size=\"481,720\" data-comments-opened=\"0\" data-image-meta=\"{&quot;aperture&quot;:&quot;0&quot;,&quot;credit&quot;:&quot;&quot;,&quot;camera&quot;:&quot;&quot;,&quot;caption&quot;:&quot;&quot;,&quot;created_timestamp&quot;:&quot;0&quot;,&quot;copyright&quot;:&quot;&quot;,&quot;focal_length&quot;:&quot;0&quot;,&quot;iso&quot;:&quot;0&quot;,&quot;shutter_speed&quot;:&quot;0&quot;,&quot;title&quot;:&quot;&quot;,&quot;orientation&quot;:&quot;0&quot;}\" data-image-title=\"calendario-2015-08\" data-image-description=\"&lt;p&gt;&#8216;Night Leaves&#8217; &#8211; Fotograf\u00eda inclu\u00edda en el calendario 2015&lt;\/p&gt;\n\" data-image-caption=\"\" data-medium-file=\"https:\/\/www.victorarandagarcia.es\/wp-content\/uploads\/10-OCTUBRE-200x300.png\" data-large-file=\"https:\/\/www.victorarandagarcia.es\/wp-content\/uploads\/10-OCTUBRE.png\" decoding=\"async\" loading=\"lazy\" width=\"481\" height=\"720\" src=\"https:\/\/www.victorarandagarcia.es\/wp-content\/uploads\/10-OCTUBRE.png\" alt=\"Fotograf\u00eda de dos \u00e1rboles iluminados por las farolas con el cielo nocturno de fondo\" data-id=\"2224\" data-link=\"https:\/\/www.victorarandagarcia.es\/10-octubre\/\" class=\"wp-image-2224\" srcset=\"https:\/\/www.victorarandagarcia.es\/wp-content\/uploads\/10-OCTUBRE.png 481w, https:\/\/www.victorarandagarcia.es\/wp-content\/uploads\/10-OCTUBRE-200x300.png 200w\" sizes=\"(max-width: 481px) 100vw, 481px\" \/><\/figure><\/li><li class=\"blocks-gallery-item\"><figure><img data-attachment-id=\"2229\" data-permalink=\"https:\/\/www.victorarandagarcia.es\/013-enero-2016\/\" data-orig-file=\"https:\/\/www.victorarandagarcia.es\/wp-content\/uploads\/013-Enero-2016.png\" data-orig-size=\"720,481\" data-comments-opened=\"0\" data-image-meta=\"{&quot;aperture&quot;:&quot;0&quot;,&quot;credit&quot;:&quot;&quot;,&quot;camera&quot;:&quot;&quot;,&quot;caption&quot;:&quot;&quot;,&quot;created_timestamp&quot;:&quot;0&quot;,&quot;copyright&quot;:&quot;&quot;,&quot;focal_length&quot;:&quot;0&quot;,&quot;iso&quot;:&quot;0&quot;,&quot;shutter_speed&quot;:&quot;0&quot;,&quot;title&quot;:&quot;&quot;,&quot;orientation&quot;:&quot;0&quot;}\" data-image-title=\"calendario-2015-13\" data-image-description=\"&lt;p&gt;&#8216;Night Leaves&#8217; &#8211; Fotograf\u00eda inclu\u00edda en el calendario 2015&lt;\/p&gt;\n\" data-image-caption=\"\" data-medium-file=\"https:\/\/www.victorarandagarcia.es\/wp-content\/uploads\/013-Enero-2016-300x200.png\" data-large-file=\"https:\/\/www.victorarandagarcia.es\/wp-content\/uploads\/013-Enero-2016.png\" decoding=\"async\" loading=\"lazy\" width=\"720\" height=\"481\" src=\"https:\/\/www.victorarandagarcia.es\/wp-content\/uploads\/013-Enero-2016.png\" alt=\"Fotograf\u00eda de las hojas de un \u00e1rbol iluminadas por una farola esf\u00e9rica de noche\" data-id=\"2229\" data-link=\"https:\/\/www.victorarandagarcia.es\/013-enero-2016\/\" class=\"wp-image-2229\" srcset=\"https:\/\/www.victorarandagarcia.es\/wp-content\/uploads\/013-Enero-2016.png 720w, https:\/\/www.victorarandagarcia.es\/wp-content\/uploads\/013-Enero-2016-300x200.png 300w\" sizes=\"(max-width: 720px) 100vw, 720px\" \/><\/figure><\/li><\/ul>\n","protected":false},"excerpt":{"rendered":"<p>Selecci\u00f3n de fotograf\u00edas para el calendario 2015, ya la venta por 15 euros. Todas las fotos inclu\u00eddas en el calendario pertenecen a la serie \u00abNight Leaves\u00bb, fotos que hago de naturaleza a la luz de las farolas. &hellip; <a href=\"https:\/\/www.victorarandagarcia.es\/index.php\/publicaciones\/calendario\/calendario-2015\/\" class=\"more-link\"><span>Continuar<span class=\"screen-reader-text\">Calendario 2015<\/span><\/span><\/a><\/p>\n","protected":false},"author":1,"featured_media":2217,"comment_status":"closed","ping_status":"open","sticky":false,"template":"","format":"standard","meta":{"jetpack_post_was_ever_published":false,"_jetpack_newsletter_access":"","_jetpack_dont_email_post_to_subs":false,"_jetpack_newsletter_tier_id":0,"_jetpack_memberships_contains_paywalled_content":false,"footnotes":"","_jetpack_memberships_contains_paid_content":false},"categories":[78],"tags":[35,80,34,79],"yoast_head":"<!-- This site is optimized with the Yoast SEO plugin v22.6 - https:\/\/yoast.com\/wordpress\/plugins\/seo\/ -->\n<title>Calendario 2015 - arte y estudio<\/title>\n<meta name=\"robots\" content=\"index, follow, max-snippet:-1, max-image-preview:large, max-video-preview:-1\" \/>\n<link rel=\"canonical\" href=\"https:\/\/www.victorarandagarcia.es\/index.php\/publicaciones\/calendario\/calendario-2015\/\" \/>\n<meta property=\"og:locale\" content=\"es_ES\" \/>\n<meta property=\"og:type\" content=\"article\" \/>\n<meta property=\"og:title\" content=\"Calendario 2015 - arte y estudio\" \/>\n<meta property=\"og:description\" content=\"Selecci\u00f3n de fotograf\u00edas para el calendario 2015, ya la venta por 15 euros. Todas las fotos inclu\u00eddas en el calendario pertenecen a la serie &quot;Night Leaves&quot;, fotos que hago de naturaleza a la luz de las farolas. &hellip; ContinuarCalendario 2015\" \/>\n<meta property=\"og:url\" content=\"https:\/\/www.victorarandagarcia.es\/index.php\/publicaciones\/calendario\/calendario-2015\/\" \/>\n<meta property=\"og:site_name\" content=\"arte y estudio\" \/>\n<meta property=\"article:published_time\" content=\"2019-12-06T16:00:22+00:00\" \/>\n<meta property=\"article:modified_time\" content=\"2019-12-06T16:28:45+00:00\" \/>\n<meta property=\"og:image\" content=\"https:\/\/www.victorarandagarcia.es\/wp-content\/uploads\/02-FEBRERO.png\" \/>\n\t<meta property=\"og:image:width\" content=\"481\" \/>\n\t<meta property=\"og:image:height\" content=\"720\" \/>\n\t<meta property=\"og:image:type\" content=\"image\/png\" \/>\n<meta name=\"author\" content=\"victorarandagarcia\" \/>\n<meta name=\"twitter:card\" content=\"summary_large_image\" \/>\n<meta name=\"twitter:label1\" content=\"Escrito por\" \/>\n\t<meta name=\"twitter:data1\" content=\"victorarandagarcia\" \/>\n<script type=\"application\/ld+json\" class=\"yoast-schema-graph\">{\"@context\":\"https:\/\/schema.org\",\"@graph\":[{\"@type\":\"Article\",\"@id\":\"https:\/\/www.victorarandagarcia.es\/index.php\/publicaciones\/calendario\/calendario-2015\/#article\",\"isPartOf\":{\"@id\":\"https:\/\/www.victorarandagarcia.es\/index.php\/publicaciones\/calendario\/calendario-2015\/\"},\"author\":{\"name\":\"victorarandagarcia\",\"@id\":\"https:\/\/www.victorarandagarcia.es\/#\/schema\/person\/bfa9c61a3776d517deeee5f9386ef302\"},\"headline\":\"Calendario 2015\",\"datePublished\":\"2019-12-06T16:00:22+00:00\",\"dateModified\":\"2019-12-06T16:28:45+00:00\",\"mainEntityOfPage\":{\"@id\":\"https:\/\/www.victorarandagarcia.es\/index.php\/publicaciones\/calendario\/calendario-2015\/\"},\"wordCount\":73,\"publisher\":{\"@id\":\"https:\/\/www.victorarandagarcia.es\/#organization\"},\"image\":{\"@id\":\"https:\/\/www.victorarandagarcia.es\/index.php\/publicaciones\/calendario\/calendario-2015\/#primaryimage\"},\"thumbnailUrl\":\"https:\/\/www.victorarandagarcia.es\/wp-content\/uploads\/02-FEBRERO.png\",\"keywords\":[\"arte\",\"calendario\",\"estudio\",\"publicaciones\"],\"articleSection\":[\"CALENDARIO ANUAL\"],\"inLanguage\":\"es\"},{\"@type\":\"WebPage\",\"@id\":\"https:\/\/www.victorarandagarcia.es\/index.php\/publicaciones\/calendario\/calendario-2015\/\",\"url\":\"https:\/\/www.victorarandagarcia.es\/index.php\/publicaciones\/calendario\/calendario-2015\/\",\"name\":\"Calendario 2015 - arte y estudio\",\"isPartOf\":{\"@id\":\"https:\/\/www.victorarandagarcia.es\/#website\"},\"primaryImageOfPage\":{\"@id\":\"https:\/\/www.victorarandagarcia.es\/index.php\/publicaciones\/calendario\/calendario-2015\/#primaryimage\"},\"image\":{\"@id\":\"https:\/\/www.victorarandagarcia.es\/index.php\/publicaciones\/calendario\/calendario-2015\/#primaryimage\"},\"thumbnailUrl\":\"https:\/\/www.victorarandagarcia.es\/wp-content\/uploads\/02-FEBRERO.png\",\"datePublished\":\"2019-12-06T16:00:22+00:00\",\"dateModified\":\"2019-12-06T16:28:45+00:00\",\"breadcrumb\":{\"@id\":\"https:\/\/www.victorarandagarcia.es\/index.php\/publicaciones\/calendario\/calendario-2015\/#breadcrumb\"},\"inLanguage\":\"es\",\"potentialAction\":[{\"@type\":\"ReadAction\",\"target\":[\"https:\/\/www.victorarandagarcia.es\/index.php\/publicaciones\/calendario\/calendario-2015\/\"]}]},{\"@type\":\"ImageObject\",\"inLanguage\":\"es\",\"@id\":\"https:\/\/www.victorarandagarcia.es\/index.php\/publicaciones\/calendario\/calendario-2015\/#primaryimage\",\"url\":\"https:\/\/www.victorarandagarcia.es\/wp-content\/uploads\/02-FEBRERO.png\",\"contentUrl\":\"https:\/\/www.victorarandagarcia.es\/wp-content\/uploads\/02-FEBRERO.png\",\"width\":481,\"height\":720,\"caption\":\"Fotograf\u00eda de las hojas de un \u00e1rbol iluminadas por una farola\"},{\"@type\":\"BreadcrumbList\",\"@id\":\"https:\/\/www.victorarandagarcia.es\/index.php\/publicaciones\/calendario\/calendario-2015\/#breadcrumb\",\"itemListElement\":[{\"@type\":\"ListItem\",\"position\":1,\"name\":\"Portada\",\"item\":\"https:\/\/www.victorarandagarcia.es\/\"},{\"@type\":\"ListItem\",\"position\":2,\"name\":\"Calendario 2015\"}]},{\"@type\":\"WebSite\",\"@id\":\"https:\/\/www.victorarandagarcia.es\/#website\",\"url\":\"https:\/\/www.victorarandagarcia.es\/\",\"name\":\"arte y estudio\",\"description\":\"Fot\u00f3grafo\",\"publisher\":{\"@id\":\"https:\/\/www.victorarandagarcia.es\/#organization\"},\"potentialAction\":[{\"@type\":\"SearchAction\",\"target\":{\"@type\":\"EntryPoint\",\"urlTemplate\":\"https:\/\/www.victorarandagarcia.es\/?s={search_term_string}\"},\"query-input\":\"required name=search_term_string\"}],\"inLanguage\":\"es\"},{\"@type\":\"Organization\",\"@id\":\"https:\/\/www.victorarandagarcia.es\/#organization\",\"name\":\"arte y estudio\",\"url\":\"https:\/\/www.victorarandagarcia.es\/\",\"logo\":{\"@type\":\"ImageObject\",\"inLanguage\":\"es\",\"@id\":\"https:\/\/www.victorarandagarcia.es\/#\/schema\/logo\/image\/\",\"url\":\"https:\/\/www.victorarandagarcia.es\/wp-content\/uploads\/2019\/03\/logo-fotografo.png\",\"contentUrl\":\"https:\/\/www.victorarandagarcia.es\/wp-content\/uploads\/2019\/03\/logo-fotografo.png\",\"width\":150,\"height\":150,\"caption\":\"arte y estudio\"},\"image\":{\"@id\":\"https:\/\/www.victorarandagarcia.es\/#\/schema\/logo\/image\/\"}},{\"@type\":\"Person\",\"@id\":\"https:\/\/www.victorarandagarcia.es\/#\/schema\/person\/bfa9c61a3776d517deeee5f9386ef302\",\"name\":\"victorarandagarcia\",\"image\":{\"@type\":\"ImageObject\",\"inLanguage\":\"es\",\"@id\":\"https:\/\/www.victorarandagarcia.es\/#\/schema\/person\/image\/\",\"url\":\"https:\/\/secure.gravatar.com\/avatar\/957a01ac23a6393e755ae8225c35dbdb?s=96&d=mm&r=g\",\"contentUrl\":\"https:\/\/secure.gravatar.com\/avatar\/957a01ac23a6393e755ae8225c35dbdb?s=96&d=mm&r=g\",\"caption\":\"victorarandagarcia\"}}]}<\/script>\n<!-- \/ Yoast SEO plugin. -->","yoast_head_json":{"title":"Calendario 2015 - arte y estudio","robots":{"index":"index","follow":"follow","max-snippet":"max-snippet:-1","max-image-preview":"max-image-preview:large","max-video-preview":"max-video-preview:-1"},"canonical":"https:\/\/www.victorarandagarcia.es\/index.php\/publicaciones\/calendario\/calendario-2015\/","og_locale":"es_ES","og_type":"article","og_title":"Calendario 2015 - arte y estudio","og_description":"Selecci\u00f3n de fotograf\u00edas para el calendario 2015, ya la venta por 15 euros. Todas las fotos inclu\u00eddas en el calendario pertenecen a la serie \"Night Leaves\", fotos que hago de naturaleza a la luz de las farolas. &hellip; ContinuarCalendario 2015","og_url":"https:\/\/www.victorarandagarcia.es\/index.php\/publicaciones\/calendario\/calendario-2015\/","og_site_name":"arte y estudio","article_published_time":"2019-12-06T16:00:22+00:00","article_modified_time":"2019-12-06T16:28:45+00:00","og_image":[{"width":481,"height":720,"url":"https:\/\/www.victorarandagarcia.es\/wp-content\/uploads\/02-FEBRERO.png","type":"image\/png"}],"author":"victorarandagarcia","twitter_card":"summary_large_image","twitter_misc":{"Escrito por":"victorarandagarcia"},"schema":{"@context":"https:\/\/schema.org","@graph":[{"@type":"Article","@id":"https:\/\/www.victorarandagarcia.es\/index.php\/publicaciones\/calendario\/calendario-2015\/#article","isPartOf":{"@id":"https:\/\/www.victorarandagarcia.es\/index.php\/publicaciones\/calendario\/calendario-2015\/"},"author":{"name":"victorarandagarcia","@id":"https:\/\/www.victorarandagarcia.es\/#\/schema\/person\/bfa9c61a3776d517deeee5f9386ef302"},"headline":"Calendario 2015","datePublished":"2019-12-06T16:00:22+00:00","dateModified":"2019-12-06T16:28:45+00:00","mainEntityOfPage":{"@id":"https:\/\/www.victorarandagarcia.es\/index.php\/publicaciones\/calendario\/calendario-2015\/"},"wordCount":73,"publisher":{"@id":"https:\/\/www.victorarandagarcia.es\/#organization"},"image":{"@id":"https:\/\/www.victorarandagarcia.es\/index.php\/publicaciones\/calendario\/calendario-2015\/#primaryimage"},"thumbnailUrl":"https:\/\/www.victorarandagarcia.es\/wp-content\/uploads\/02-FEBRERO.png","keywords":["arte","calendario","estudio","publicaciones"],"articleSection":["CALENDARIO ANUAL"],"inLanguage":"es"},{"@type":"WebPage","@id":"https:\/\/www.victorarandagarcia.es\/index.php\/publicaciones\/calendario\/calendario-2015\/","url":"https:\/\/www.victorarandagarcia.es\/index.php\/publicaciones\/calendario\/calendario-2015\/","name":"Calendario 2015 - arte y estudio","isPartOf":{"@id":"https:\/\/www.victorarandagarcia.es\/#website"},"primaryImageOfPage":{"@id":"https:\/\/www.victorarandagarcia.es\/index.php\/publicaciones\/calendario\/calendario-2015\/#primaryimage"},"image":{"@id":"https:\/\/www.victorarandagarcia.es\/index.php\/publicaciones\/calendario\/calendario-2015\/#primaryimage"},"thumbnailUrl":"https:\/\/www.victorarandagarcia.es\/wp-content\/uploads\/02-FEBRERO.png","datePublished":"2019-12-06T16:00:22+00:00","dateModified":"2019-12-06T16:28:45+00:00","breadcrumb":{"@id":"https:\/\/www.victorarandagarcia.es\/index.php\/publicaciones\/calendario\/calendario-2015\/#breadcrumb"},"inLanguage":"es","potentialAction":[{"@type":"ReadAction","target":["https:\/\/www.victorarandagarcia.es\/index.php\/publicaciones\/calendario\/calendario-2015\/"]}]},{"@type":"ImageObject","inLanguage":"es","@id":"https:\/\/www.victorarandagarcia.es\/index.php\/publicaciones\/calendario\/calendario-2015\/#primaryimage","url":"https:\/\/www.victorarandagarcia.es\/wp-content\/uploads\/02-FEBRERO.png","contentUrl":"https:\/\/www.victorarandagarcia.es\/wp-content\/uploads\/02-FEBRERO.png","width":481,"height":720,"caption":"Fotograf\u00eda de las hojas de un \u00e1rbol iluminadas por una farola"},{"@type":"BreadcrumbList","@id":"https:\/\/www.victorarandagarcia.es\/index.php\/publicaciones\/calendario\/calendario-2015\/#breadcrumb","itemListElement":[{"@type":"ListItem","position":1,"name":"Portada","item":"https:\/\/www.victorarandagarcia.es\/"},{"@type":"ListItem","position":2,"name":"Calendario 2015"}]},{"@type":"WebSite","@id":"https:\/\/www.victorarandagarcia.es\/#website","url":"https:\/\/www.victorarandagarcia.es\/","name":"arte y estudio","description":"Fot\u00f3grafo","publisher":{"@id":"https:\/\/www.victorarandagarcia.es\/#organization"},"potentialAction":[{"@type":"SearchAction","target":{"@type":"EntryPoint","urlTemplate":"https:\/\/www.victorarandagarcia.es\/?s={search_term_string}"},"query-input":"required name=search_term_string"}],"inLanguage":"es"},{"@type":"Organization","@id":"https:\/\/www.victorarandagarcia.es\/#organization","name":"arte y estudio","url":"https:\/\/www.victorarandagarcia.es\/","logo":{"@type":"ImageObject","inLanguage":"es","@id":"https:\/\/www.victorarandagarcia.es\/#\/schema\/logo\/image\/","url":"https:\/\/www.victorarandagarcia.es\/wp-content\/uploads\/2019\/03\/logo-fotografo.png","contentUrl":"https:\/\/www.victorarandagarcia.es\/wp-content\/uploads\/2019\/03\/logo-fotografo.png","width":150,"height":150,"caption":"arte y estudio"},"image":{"@id":"https:\/\/www.victorarandagarcia.es\/#\/schema\/logo\/image\/"}},{"@type":"Person","@id":"https:\/\/www.victorarandagarcia.es\/#\/schema\/person\/bfa9c61a3776d517deeee5f9386ef302","name":"victorarandagarcia","image":{"@type":"ImageObject","inLanguage":"es","@id":"https:\/\/www.victorarandagarcia.es\/#\/schema\/person\/image\/","url":"https:\/\/secure.gravatar.com\/avatar\/957a01ac23a6393e755ae8225c35dbdb?s=96&d=mm&r=g","contentUrl":"https:\/\/secure.gravatar.com\/avatar\/957a01ac23a6393e755ae8225c35dbdb?s=96&d=mm&r=g","caption":"victorarandagarcia"}}]}},"jetpack_featured_media_url":"https:\/\/www.victorarandagarcia.es\/wp-content\/uploads\/02-FEBRERO.png","jetpack_sharing_enabled":true,"_links":{"self":[{"href":"https:\/\/www.victorarandagarcia.es\/index.php\/wp-json\/wp\/v2\/posts\/2216"}],"collection":[{"href":"https:\/\/www.victorarandagarcia.es\/index.php\/wp-json\/wp\/v2\/posts"}],"about":[{"href":"https:\/\/www.victorarandagarcia.es\/index.php\/wp-json\/wp\/v2\/types\/post"}],"author":[{"embeddable":true,"href":"https:\/\/www.victorarandagarcia.es\/index.php\/wp-json\/wp\/v2\/users\/1"}],"replies":[{"embeddable":true,"href":"https:\/\/www.victorarandagarcia.es\/index.php\/wp-json\/wp\/v2\/comments?post=2216"}],"version-history":[{"count":2,"href":"https:\/\/www.victorarandagarcia.es\/index.php\/wp-json\/wp\/v2\/posts\/2216\/revisions"}],"predecessor-version":[{"id":2234,"href":"https:\/\/www.victorarandagarcia.es\/index.php\/wp-json\/wp\/v2\/posts\/2216\/revisions\/2234"}],"wp:featuredmedia":[{"embeddable":true,"href":"https:\/\/www.victorarandagarcia.es\/index.php\/wp-json\/wp\/v2\/media\/2217"}],"wp:attachment":[{"href":"https:\/\/www.victorarandagarcia.es\/index.php\/wp-json\/wp\/v2\/media?parent=2216"}],"wp:term":[{"taxonomy":"category","embeddable":true,"href":"https:\/\/www.victorarandagarcia.es\/index.php\/wp-json\/wp\/v2\/categories?post=2216"},{"taxonomy":"post_tag","embeddable":true,"href":"https:\/\/www.victorarandagarcia.es\/index.php\/wp-json\/wp\/v2\/tags?post=2216"}],"curies":[{"name":"wp","href":"https:\/\/api.w.org\/{rel}","templated":true}]}}