{"id":2199,"date":"2019-12-06T15:38:33","date_gmt":"2019-12-06T14:38:33","guid":{"rendered":"https:\/\/www.victorarandagarcia.es\/?p=2199"},"modified":"2019-12-06T17:25:45","modified_gmt":"2019-12-06T16:25:45","slug":"calendario-2014","status":"publish","type":"post","link":"https:\/\/www.victorarandagarcia.es\/index.php\/publicaciones\/calendario\/calendario-2014\/","title":{"rendered":"Calendario 2014"},"content":{"rendered":"\n<p>Para la realizaci\u00f3n de este primer calendario he pedido ayuda a amigos y contactos para que voten y decidan la selecci\u00f3n de fotograf\u00edas que lo integran de entre todo mi <a href=\"https:\/\/www.victorarandagarcia.es\/index.php\/category\/arte\/\">trabajo art\u00edstico<\/a>. Incluyo aqu\u00ed algunas muestras del dise\u00f1o tambi\u00e9n.<\/p>\n\n\n\n<ul class=\"wp-block-gallery columns-3 is-cropped wp-block-gallery-1 is-layout-flex wp-block-gallery-is-layout-flex\"><li class=\"blocks-gallery-item\"><figure><img data-attachment-id=\"2207\" data-permalink=\"https:\/\/www.victorarandagarcia.es\/07-julio_red\/\" data-orig-file=\"https:\/\/www.victorarandagarcia.es\/wp-content\/uploads\/07-JULIO_red.jpg\" data-orig-size=\"640,900\" data-comments-opened=\"0\" data-image-meta=\"{&quot;aperture&quot;:&quot;0&quot;,&quot;credit&quot;:&quot;&quot;,&quot;camera&quot;:&quot;&quot;,&quot;caption&quot;:&quot;&quot;,&quot;created_timestamp&quot;:&quot;0&quot;,&quot;copyright&quot;:&quot;&quot;,&quot;focal_length&quot;:&quot;0&quot;,&quot;iso&quot;:&quot;0&quot;,&quot;shutter_speed&quot;:&quot;0&quot;,&quot;title&quot;:&quot;&quot;,&quot;orientation&quot;:&quot;0&quot;}\" data-image-title=\"dise\u00f1o-calendario-2014-01\" data-image-description=\"&lt;p&gt;Muestra del dise\u00f1o de las p\u00e1ginas del calendario 2014&lt;\/p&gt;\n\" data-image-caption=\"\" data-medium-file=\"https:\/\/www.victorarandagarcia.es\/wp-content\/uploads\/07-JULIO_red-213x300.jpg\" data-large-file=\"https:\/\/www.victorarandagarcia.es\/wp-content\/uploads\/07-JULIO_red.jpg\" decoding=\"async\" loading=\"lazy\" width=\"640\" height=\"900\" src=\"https:\/\/www.victorarandagarcia.es\/wp-content\/uploads\/07-JULIO_red.jpg\" alt=\"Dise\u00f1o de una p\u00e1gina de un calendario con la fotograf\u00eda de un p\u00e1jaro amarillo dentro de un maniqu\u00ed de fondo\" data-id=\"2207\" data-link=\"https:\/\/www.victorarandagarcia.es\/07-julio_red\/\" class=\"wp-image-2207\" srcset=\"https:\/\/www.victorarandagarcia.es\/wp-content\/uploads\/07-JULIO_red.jpg 640w, https:\/\/www.victorarandagarcia.es\/wp-content\/uploads\/07-JULIO_red-213x300.jpg 213w\" sizes=\"(max-width: 640px) 100vw, 640px\" \/><\/figure><\/li><li class=\"blocks-gallery-item\"><figure><img data-attachment-id=\"2210\" data-permalink=\"https:\/\/www.victorarandagarcia.es\/12-diciembre_red\/\" data-orig-file=\"https:\/\/www.victorarandagarcia.es\/wp-content\/uploads\/12-DICIEMBRE_red.jpg\" data-orig-size=\"640,900\" data-comments-opened=\"0\" data-image-meta=\"{&quot;aperture&quot;:&quot;0&quot;,&quot;credit&quot;:&quot;&quot;,&quot;camera&quot;:&quot;&quot;,&quot;caption&quot;:&quot;&quot;,&quot;created_timestamp&quot;:&quot;0&quot;,&quot;copyright&quot;:&quot;&quot;,&quot;focal_length&quot;:&quot;0&quot;,&quot;iso&quot;:&quot;0&quot;,&quot;shutter_speed&quot;:&quot;0&quot;,&quot;title&quot;:&quot;&quot;,&quot;orientation&quot;:&quot;0&quot;}\" data-image-title=\"dise\u00f1o-calendario-2014-02\" data-image-description=\"&lt;p&gt;Muestra del dise\u00f1o de las p\u00e1ginas del calendario 2014&lt;\/p&gt;\n\" data-image-caption=\"\" data-medium-file=\"https:\/\/www.victorarandagarcia.es\/wp-content\/uploads\/12-DICIEMBRE_red-213x300.jpg\" data-large-file=\"https:\/\/www.victorarandagarcia.es\/wp-content\/uploads\/12-DICIEMBRE_red.jpg\" decoding=\"async\" loading=\"lazy\" width=\"640\" height=\"900\" src=\"https:\/\/www.victorarandagarcia.es\/wp-content\/uploads\/12-DICIEMBRE_red.jpg\" alt=\"Dise\u00f1o de una p\u00e1gina de un calendario con la fotograf\u00eda\" data-id=\"2210\" data-link=\"https:\/\/www.victorarandagarcia.es\/12-diciembre_red\/\" class=\"wp-image-2210\" srcset=\"https:\/\/www.victorarandagarcia.es\/wp-content\/uploads\/12-DICIEMBRE_red.jpg 640w, https:\/\/www.victorarandagarcia.es\/wp-content\/uploads\/12-DICIEMBRE_red-213x300.jpg 213w\" sizes=\"(max-width: 640px) 100vw, 640px\" \/><\/figure><\/li><li class=\"blocks-gallery-item\"><figure><img data-attachment-id=\"2201\" data-permalink=\"https:\/\/www.victorarandagarcia.es\/09-septiembre-007\/\" data-orig-file=\"https:\/\/www.victorarandagarcia.es\/wp-content\/uploads\/09-SEPTIEMBRE-007.jpg\" data-orig-size=\"404,604\" data-comments-opened=\"0\" data-image-meta=\"{&quot;aperture&quot;:&quot;0&quot;,&quot;credit&quot;:&quot;&quot;,&quot;camera&quot;:&quot;&quot;,&quot;caption&quot;:&quot;&quot;,&quot;created_timestamp&quot;:&quot;0&quot;,&quot;copyright&quot;:&quot;&quot;,&quot;focal_length&quot;:&quot;0&quot;,&quot;iso&quot;:&quot;0&quot;,&quot;shutter_speed&quot;:&quot;0&quot;,&quot;title&quot;:&quot;&quot;,&quot;orientation&quot;:&quot;0&quot;}\" data-image-title=\"calendario-2014-01\" data-image-description=\"&lt;p&gt;Fotograf\u00eda inclu\u00edda en el calendario 2014&lt;\/p&gt;\n\" data-image-caption=\"\" data-medium-file=\"https:\/\/www.victorarandagarcia.es\/wp-content\/uploads\/09-SEPTIEMBRE-007-201x300.jpg\" data-large-file=\"https:\/\/www.victorarandagarcia.es\/wp-content\/uploads\/09-SEPTIEMBRE-007.jpg\" decoding=\"async\" loading=\"lazy\" width=\"404\" height=\"604\" src=\"https:\/\/www.victorarandagarcia.es\/wp-content\/uploads\/09-SEPTIEMBRE-007.jpg\" alt=\"Fotograf\u00eda de la escultura de una mujer vista entre los barrotes de un andamio\" data-id=\"2201\" data-link=\"https:\/\/www.victorarandagarcia.es\/09-septiembre-007\/\" class=\"wp-image-2201\" srcset=\"https:\/\/www.victorarandagarcia.es\/wp-content\/uploads\/09-SEPTIEMBRE-007.jpg 404w, https:\/\/www.victorarandagarcia.es\/wp-content\/uploads\/09-SEPTIEMBRE-007-201x300.jpg 201w\" sizes=\"(max-width: 404px) 100vw, 404px\" \/><\/figure><\/li><li class=\"blocks-gallery-item\"><figure><img data-attachment-id=\"2208\" data-permalink=\"https:\/\/www.victorarandagarcia.es\/02-febrero-005\/\" data-orig-file=\"https:\/\/www.victorarandagarcia.es\/wp-content\/uploads\/02-FEBRERO-005.jpg\" data-orig-size=\"720,481\" data-comments-opened=\"0\" data-image-meta=\"{&quot;aperture&quot;:&quot;0&quot;,&quot;credit&quot;:&quot;&quot;,&quot;camera&quot;:&quot;&quot;,&quot;caption&quot;:&quot;&quot;,&quot;created_timestamp&quot;:&quot;0&quot;,&quot;copyright&quot;:&quot;&quot;,&quot;focal_length&quot;:&quot;0&quot;,&quot;iso&quot;:&quot;0&quot;,&quot;shutter_speed&quot;:&quot;0&quot;,&quot;title&quot;:&quot;&quot;,&quot;orientation&quot;:&quot;0&quot;}\" data-image-title=\"calendario-2014-08\" data-image-description=\"&lt;p&gt;Fotograf\u00eda inclu\u00edda en el calendario 2014&lt;\/p&gt;\n\" data-image-caption=\"\" data-medium-file=\"https:\/\/www.victorarandagarcia.es\/wp-content\/uploads\/02-FEBRERO-005-300x200.jpg\" data-large-file=\"https:\/\/www.victorarandagarcia.es\/wp-content\/uploads\/02-FEBRERO-005.jpg\" decoding=\"async\" loading=\"lazy\" width=\"720\" height=\"481\" src=\"https:\/\/www.victorarandagarcia.es\/wp-content\/uploads\/02-FEBRERO-005.jpg\" alt=\"Fotograf\u00eda de un globo aerost\u00e1tico sobre elementos arquitect\u00f3nicos cl\u00e1sicos realizada en Alemania\" data-id=\"2208\" data-link=\"https:\/\/www.victorarandagarcia.es\/02-febrero-005\/\" class=\"wp-image-2208\" srcset=\"https:\/\/www.victorarandagarcia.es\/wp-content\/uploads\/02-FEBRERO-005.jpg 720w, https:\/\/www.victorarandagarcia.es\/wp-content\/uploads\/02-FEBRERO-005-300x200.jpg 300w\" sizes=\"(max-width: 720px) 100vw, 720px\" \/><\/figure><\/li><li class=\"blocks-gallery-item\"><figure><img data-attachment-id=\"2212\" data-permalink=\"https:\/\/www.victorarandagarcia.es\/06-junio-008\/\" data-orig-file=\"https:\/\/www.victorarandagarcia.es\/wp-content\/uploads\/06-JUNIO-008.jpg\" data-orig-size=\"720,481\" data-comments-opened=\"0\" data-image-meta=\"{&quot;aperture&quot;:&quot;0&quot;,&quot;credit&quot;:&quot;&quot;,&quot;camera&quot;:&quot;&quot;,&quot;caption&quot;:&quot;&quot;,&quot;created_timestamp&quot;:&quot;0&quot;,&quot;copyright&quot;:&quot;&quot;,&quot;focal_length&quot;:&quot;0&quot;,&quot;iso&quot;:&quot;0&quot;,&quot;shutter_speed&quot;:&quot;0&quot;,&quot;title&quot;:&quot;&quot;,&quot;orientation&quot;:&quot;0&quot;}\" data-image-title=\"calendario-2014\" data-image-description=\"&lt;p&gt;Fotograf\u00eda inclu\u00edda en el calendario 2014&lt;\/p&gt;\n\" data-image-caption=\"\" data-medium-file=\"https:\/\/www.victorarandagarcia.es\/wp-content\/uploads\/06-JUNIO-008-300x200.jpg\" data-large-file=\"https:\/\/www.victorarandagarcia.es\/wp-content\/uploads\/06-JUNIO-008.jpg\" decoding=\"async\" loading=\"lazy\" width=\"720\" height=\"481\" src=\"https:\/\/www.victorarandagarcia.es\/wp-content\/uploads\/06-JUNIO-008.jpg\" alt=\"Fotograf\u00eda art\u00edstica de unas matrioskas cortadas por un serrucho sobre un fondo de madera\" data-id=\"2212\" data-link=\"https:\/\/www.victorarandagarcia.es\/06-junio-008\/\" class=\"wp-image-2212\" srcset=\"https:\/\/www.victorarandagarcia.es\/wp-content\/uploads\/06-JUNIO-008.jpg 720w, https:\/\/www.victorarandagarcia.es\/wp-content\/uploads\/06-JUNIO-008-300x200.jpg 300w\" sizes=\"(max-width: 720px) 100vw, 720px\" \/><\/figure><\/li><li class=\"blocks-gallery-item\"><figure><img data-attachment-id=\"2206\" data-permalink=\"https:\/\/www.victorarandagarcia.es\/08-agosto-007\/\" data-orig-file=\"https:\/\/www.victorarandagarcia.es\/wp-content\/uploads\/08-AGOSTO-007.jpg\" data-orig-size=\"720,481\" data-comments-opened=\"0\" data-image-meta=\"{&quot;aperture&quot;:&quot;0&quot;,&quot;credit&quot;:&quot;&quot;,&quot;camera&quot;:&quot;&quot;,&quot;caption&quot;:&quot;&quot;,&quot;created_timestamp&quot;:&quot;0&quot;,&quot;copyright&quot;:&quot;&quot;,&quot;focal_length&quot;:&quot;0&quot;,&quot;iso&quot;:&quot;0&quot;,&quot;shutter_speed&quot;:&quot;0&quot;,&quot;title&quot;:&quot;&quot;,&quot;orientation&quot;:&quot;0&quot;}\" data-image-title=\"calendario-2014-06\" data-image-description=\"&lt;p&gt;Fotograf\u00eda inclu\u00edda en el calendario 2014&lt;\/p&gt;\n\" data-image-caption=\"\" data-medium-file=\"https:\/\/www.victorarandagarcia.es\/wp-content\/uploads\/08-AGOSTO-007-300x200.jpg\" data-large-file=\"https:\/\/www.victorarandagarcia.es\/wp-content\/uploads\/08-AGOSTO-007.jpg\" decoding=\"async\" loading=\"lazy\" width=\"720\" height=\"481\" src=\"https:\/\/www.victorarandagarcia.es\/wp-content\/uploads\/08-AGOSTO-007.jpg\" alt=\"Fotograf\u00eda nocturna de unas sombrillas de playa a la orilla del mar\" data-id=\"2206\" data-link=\"https:\/\/www.victorarandagarcia.es\/08-agosto-007\/\" class=\"wp-image-2206\" srcset=\"https:\/\/www.victorarandagarcia.es\/wp-content\/uploads\/08-AGOSTO-007.jpg 720w, https:\/\/www.victorarandagarcia.es\/wp-content\/uploads\/08-AGOSTO-007-300x200.jpg 300w\" sizes=\"(max-width: 720px) 100vw, 720px\" \/><\/figure><\/li><li class=\"blocks-gallery-item\"><figure><img data-attachment-id=\"2205\" data-permalink=\"https:\/\/www.victorarandagarcia.es\/10-octubre-012\/\" data-orig-file=\"https:\/\/www.victorarandagarcia.es\/wp-content\/uploads\/10-OCTUBRE-012.jpg\" data-orig-size=\"604,404\" data-comments-opened=\"0\" data-image-meta=\"{&quot;aperture&quot;:&quot;0&quot;,&quot;credit&quot;:&quot;&quot;,&quot;camera&quot;:&quot;&quot;,&quot;caption&quot;:&quot;&quot;,&quot;created_timestamp&quot;:&quot;0&quot;,&quot;copyright&quot;:&quot;&quot;,&quot;focal_length&quot;:&quot;0&quot;,&quot;iso&quot;:&quot;0&quot;,&quot;shutter_speed&quot;:&quot;0&quot;,&quot;title&quot;:&quot;&quot;,&quot;orientation&quot;:&quot;0&quot;}\" data-image-title=\"calendario-2014-05\" data-image-description=\"&lt;p&gt;Fotograf\u00eda inclu\u00edda en el calendario 2014&lt;\/p&gt;\n\" data-image-caption=\"\" data-medium-file=\"https:\/\/www.victorarandagarcia.es\/wp-content\/uploads\/10-OCTUBRE-012-300x201.jpg\" data-large-file=\"https:\/\/www.victorarandagarcia.es\/wp-content\/uploads\/10-OCTUBRE-012.jpg\" decoding=\"async\" loading=\"lazy\" width=\"604\" height=\"404\" src=\"https:\/\/www.victorarandagarcia.es\/wp-content\/uploads\/10-OCTUBRE-012.jpg\" alt=\"Fotograf\u00eda de la ra\u00edz de un \u00e1rbol rodeada de flores ca\u00eddas\" data-id=\"2205\" data-link=\"https:\/\/www.victorarandagarcia.es\/10-octubre-012\/\" class=\"wp-image-2205\" srcset=\"https:\/\/www.victorarandagarcia.es\/wp-content\/uploads\/10-OCTUBRE-012.jpg 604w, https:\/\/www.victorarandagarcia.es\/wp-content\/uploads\/10-OCTUBRE-012-300x201.jpg 300w\" sizes=\"(max-width: 604px) 100vw, 604px\" \/><\/figure><\/li><li class=\"blocks-gallery-item\"><figure><img data-attachment-id=\"2203\" data-permalink=\"https:\/\/www.victorarandagarcia.es\/01-enero-005\/\" data-orig-file=\"https:\/\/www.victorarandagarcia.es\/wp-content\/uploads\/01-ENERO-005.jpg\" data-orig-size=\"720,481\" data-comments-opened=\"0\" data-image-meta=\"{&quot;aperture&quot;:&quot;0&quot;,&quot;credit&quot;:&quot;&quot;,&quot;camera&quot;:&quot;&quot;,&quot;caption&quot;:&quot;&quot;,&quot;created_timestamp&quot;:&quot;0&quot;,&quot;copyright&quot;:&quot;&quot;,&quot;focal_length&quot;:&quot;0&quot;,&quot;iso&quot;:&quot;0&quot;,&quot;shutter_speed&quot;:&quot;0&quot;,&quot;title&quot;:&quot;&quot;,&quot;orientation&quot;:&quot;0&quot;}\" data-image-title=\"calendario-2014-03\" data-image-description=\"&lt;p&gt;Fotograf\u00eda inclu\u00edda en el calendario 2014&lt;\/p&gt;\n\" data-image-caption=\"\" data-medium-file=\"https:\/\/www.victorarandagarcia.es\/wp-content\/uploads\/01-ENERO-005-300x200.jpg\" data-large-file=\"https:\/\/www.victorarandagarcia.es\/wp-content\/uploads\/01-ENERO-005.jpg\" decoding=\"async\" loading=\"lazy\" width=\"720\" height=\"481\" src=\"https:\/\/www.victorarandagarcia.es\/wp-content\/uploads\/01-ENERO-005.jpg\" alt=\"Fotograf\u00eda de una planta creciendo entre baldosas rotas\" data-id=\"2203\" data-link=\"https:\/\/www.victorarandagarcia.es\/01-enero-005\/\" class=\"wp-image-2203\" srcset=\"https:\/\/www.victorarandagarcia.es\/wp-content\/uploads\/01-ENERO-005.jpg 720w, https:\/\/www.victorarandagarcia.es\/wp-content\/uploads\/01-ENERO-005-300x200.jpg 300w\" sizes=\"(max-width: 720px) 100vw, 720px\" \/><\/figure><\/li><li class=\"blocks-gallery-item\"><figure><img data-attachment-id=\"2209\" data-permalink=\"https:\/\/www.victorarandagarcia.es\/05-mayo-012\/\" data-orig-file=\"https:\/\/www.victorarandagarcia.es\/wp-content\/uploads\/05-MAYO-012.jpg\" data-orig-size=\"620,605\" data-comments-opened=\"0\" data-image-meta=\"{&quot;aperture&quot;:&quot;0&quot;,&quot;credit&quot;:&quot;&quot;,&quot;camera&quot;:&quot;&quot;,&quot;caption&quot;:&quot;&quot;,&quot;created_timestamp&quot;:&quot;0&quot;,&quot;copyright&quot;:&quot;&quot;,&quot;focal_length&quot;:&quot;0&quot;,&quot;iso&quot;:&quot;0&quot;,&quot;shutter_speed&quot;:&quot;0&quot;,&quot;title&quot;:&quot;&quot;,&quot;orientation&quot;:&quot;0&quot;}\" data-image-title=\"calendario-2014-09\" data-image-description=\"&lt;p&gt;Fotograf\u00eda inclu\u00edda en el calendario 2014&lt;\/p&gt;\n\" data-image-caption=\"\" data-medium-file=\"https:\/\/www.victorarandagarcia.es\/wp-content\/uploads\/05-MAYO-012-300x293.jpg\" data-large-file=\"https:\/\/www.victorarandagarcia.es\/wp-content\/uploads\/05-MAYO-012.jpg\" decoding=\"async\" loading=\"lazy\" width=\"620\" height=\"605\" src=\"https:\/\/www.victorarandagarcia.es\/wp-content\/uploads\/05-MAYO-012.jpg\" alt=\"Fotograf\u00eda nocturna de un camino de maderas entre la arena de la playa\" data-id=\"2209\" data-link=\"https:\/\/www.victorarandagarcia.es\/05-mayo-012\/\" class=\"wp-image-2209\" srcset=\"https:\/\/www.victorarandagarcia.es\/wp-content\/uploads\/05-MAYO-012.jpg 620w, https:\/\/www.victorarandagarcia.es\/wp-content\/uploads\/05-MAYO-012-300x293.jpg 300w, https:\/\/www.victorarandagarcia.es\/wp-content\/uploads\/05-MAYO-012-50x50.jpg 50w\" sizes=\"(max-width: 620px) 100vw, 620px\" \/><\/figure><\/li><li class=\"blocks-gallery-item\"><figure><img data-attachment-id=\"2204\" data-permalink=\"https:\/\/www.victorarandagarcia.es\/03-marzo-011\/\" data-orig-file=\"https:\/\/www.victorarandagarcia.es\/wp-content\/uploads\/03-MARZO-011.jpg\" data-orig-size=\"720,618\" data-comments-opened=\"0\" data-image-meta=\"{&quot;aperture&quot;:&quot;0&quot;,&quot;credit&quot;:&quot;&quot;,&quot;camera&quot;:&quot;&quot;,&quot;caption&quot;:&quot;&quot;,&quot;created_timestamp&quot;:&quot;0&quot;,&quot;copyright&quot;:&quot;&quot;,&quot;focal_length&quot;:&quot;0&quot;,&quot;iso&quot;:&quot;0&quot;,&quot;shutter_speed&quot;:&quot;0&quot;,&quot;title&quot;:&quot;&quot;,&quot;orientation&quot;:&quot;0&quot;}\" data-image-title=\"calendario-2014-04\" data-image-description=\"&lt;p&gt;Fotograf\u00eda inclu\u00edda en el calendario 2014&lt;\/p&gt;\n\" data-image-caption=\"\" data-medium-file=\"https:\/\/www.victorarandagarcia.es\/wp-content\/uploads\/03-MARZO-011-300x258.jpg\" data-large-file=\"https:\/\/www.victorarandagarcia.es\/wp-content\/uploads\/03-MARZO-011.jpg\" decoding=\"async\" loading=\"lazy\" width=\"720\" height=\"618\" src=\"https:\/\/www.victorarandagarcia.es\/wp-content\/uploads\/03-MARZO-011.jpg\" alt=\"Fotograf\u00eda en blanco y negro de un perro con el pelo movido por el viento\" data-id=\"2204\" data-link=\"https:\/\/www.victorarandagarcia.es\/03-marzo-011\/\" class=\"wp-image-2204\" srcset=\"https:\/\/www.victorarandagarcia.es\/wp-content\/uploads\/03-MARZO-011.jpg 720w, https:\/\/www.victorarandagarcia.es\/wp-content\/uploads\/03-MARZO-011-300x258.jpg 300w\" sizes=\"(max-width: 720px) 100vw, 720px\" \/><\/figure><\/li><li class=\"blocks-gallery-item\"><figure><img data-attachment-id=\"2211\" data-permalink=\"https:\/\/www.victorarandagarcia.es\/04-abril-011\/\" data-orig-file=\"https:\/\/www.victorarandagarcia.es\/wp-content\/uploads\/04-ABRIL-011-.jpg\" data-orig-size=\"604,414\" data-comments-opened=\"0\" data-image-meta=\"{&quot;aperture&quot;:&quot;0&quot;,&quot;credit&quot;:&quot;&quot;,&quot;camera&quot;:&quot;&quot;,&quot;caption&quot;:&quot;&quot;,&quot;created_timestamp&quot;:&quot;0&quot;,&quot;copyright&quot;:&quot;&quot;,&quot;focal_length&quot;:&quot;0&quot;,&quot;iso&quot;:&quot;0&quot;,&quot;shutter_speed&quot;:&quot;0&quot;,&quot;title&quot;:&quot;&quot;,&quot;orientation&quot;:&quot;0&quot;}\" data-image-title=\"calendario-2014-10\" data-image-description=\"&lt;p&gt;Fotograf\u00eda inclu\u00edda en el calendario 2014&lt;\/p&gt;\n\" data-image-caption=\"\" data-medium-file=\"https:\/\/www.victorarandagarcia.es\/wp-content\/uploads\/04-ABRIL-011--300x206.jpg\" data-large-file=\"https:\/\/www.victorarandagarcia.es\/wp-content\/uploads\/04-ABRIL-011-.jpg\" decoding=\"async\" loading=\"lazy\" width=\"604\" height=\"414\" src=\"https:\/\/www.victorarandagarcia.es\/wp-content\/uploads\/04-ABRIL-011-.jpg\" alt=\"Fotograf\u00eda en blanco y negro de un gato dentro de un barre\u00f1o asomando a trav\u00e9s de una de sus asas\" data-id=\"2211\" data-link=\"https:\/\/www.victorarandagarcia.es\/04-abril-011\/\" class=\"wp-image-2211\" srcset=\"https:\/\/www.victorarandagarcia.es\/wp-content\/uploads\/04-ABRIL-011-.jpg 604w, https:\/\/www.victorarandagarcia.es\/wp-content\/uploads\/04-ABRIL-011--300x206.jpg 300w\" sizes=\"(max-width: 604px) 100vw, 604px\" \/><\/figure><\/li><li class=\"blocks-gallery-item\"><figure><img data-attachment-id=\"2202\" data-permalink=\"https:\/\/www.victorarandagarcia.es\/11-noviembre-007\/\" data-orig-file=\"https:\/\/www.victorarandagarcia.es\/wp-content\/uploads\/11-NOVIEMBRE-007.jpg\" data-orig-size=\"720,482\" data-comments-opened=\"0\" data-image-meta=\"{&quot;aperture&quot;:&quot;0&quot;,&quot;credit&quot;:&quot;&quot;,&quot;camera&quot;:&quot;&quot;,&quot;caption&quot;:&quot;&quot;,&quot;created_timestamp&quot;:&quot;0&quot;,&quot;copyright&quot;:&quot;&quot;,&quot;focal_length&quot;:&quot;0&quot;,&quot;iso&quot;:&quot;0&quot;,&quot;shutter_speed&quot;:&quot;0&quot;,&quot;title&quot;:&quot;&quot;,&quot;orientation&quot;:&quot;0&quot;}\" data-image-title=\"calendario-2014-02\" data-image-description=\"&lt;p&gt;Fotograf\u00eda inclu\u00edda en el calendario 2014&lt;\/p&gt;\n\" data-image-caption=\"\" data-medium-file=\"https:\/\/www.victorarandagarcia.es\/wp-content\/uploads\/11-NOVIEMBRE-007-300x201.jpg\" data-large-file=\"https:\/\/www.victorarandagarcia.es\/wp-content\/uploads\/11-NOVIEMBRE-007.jpg\" decoding=\"async\" loading=\"lazy\" width=\"720\" height=\"482\" src=\"https:\/\/www.victorarandagarcia.es\/wp-content\/uploads\/11-NOVIEMBRE-007.jpg\" alt=\"Fotograf\u00eda de un hombre subido a una antena alta sobre las azoteas con un fondo de nubes\" data-id=\"2202\" data-link=\"https:\/\/www.victorarandagarcia.es\/11-noviembre-007\/\" class=\"wp-image-2202\" srcset=\"https:\/\/www.victorarandagarcia.es\/wp-content\/uploads\/11-NOVIEMBRE-007.jpg 720w, https:\/\/www.victorarandagarcia.es\/wp-content\/uploads\/11-NOVIEMBRE-007-300x201.jpg 300w\" sizes=\"(max-width: 720px) 100vw, 720px\" \/><\/figure><\/li><\/ul>\n","protected":false},"excerpt":{"rendered":"<p>Para la realizaci\u00f3n de este primer calendario he pedido ayuda a amigos y contactos para que voten y decidan la selecci\u00f3n de fotograf\u00edas que lo integran.  &hellip; <a href=\"https:\/\/www.victorarandagarcia.es\/index.php\/publicaciones\/calendario\/calendario-2014\/\" class=\"more-link\"><span>Continuar<span class=\"screen-reader-text\">Calendario 2014<\/span><\/span><\/a><\/p>\n","protected":false},"author":1,"featured_media":2207,"comment_status":"closed","ping_status":"open","sticky":false,"template":"","format":"standard","meta":{"jetpack_post_was_ever_published":false,"_jetpack_newsletter_access":"","_jetpack_dont_email_post_to_subs":false,"_jetpack_newsletter_tier_id":0,"_jetpack_memberships_contains_paywalled_content":false,"footnotes":"","_jetpack_memberships_contains_paid_content":false},"categories":[78],"tags":[35,80,34,79],"yoast_head":"<!-- This site is optimized with the Yoast SEO plugin v22.6 - https:\/\/yoast.com\/wordpress\/plugins\/seo\/ -->\n<title>Calendario 2014 - arte y estudio<\/title>\n<meta name=\"robots\" content=\"index, follow, max-snippet:-1, max-image-preview:large, max-video-preview:-1\" \/>\n<link rel=\"canonical\" href=\"https:\/\/www.victorarandagarcia.es\/index.php\/publicaciones\/calendario\/calendario-2014\/\" \/>\n<meta property=\"og:locale\" content=\"es_ES\" \/>\n<meta property=\"og:type\" content=\"article\" \/>\n<meta property=\"og:title\" content=\"Calendario 2014 - arte y estudio\" \/>\n<meta property=\"og:description\" content=\"Para la realizaci\u00f3n de este primer calendario he pedido ayuda a amigos y contactos para que voten y decidan la selecci\u00f3n de fotograf\u00edas que lo integran. &hellip; ContinuarCalendario 2014\" \/>\n<meta property=\"og:url\" content=\"https:\/\/www.victorarandagarcia.es\/index.php\/publicaciones\/calendario\/calendario-2014\/\" \/>\n<meta property=\"og:site_name\" content=\"arte y estudio\" \/>\n<meta property=\"article:published_time\" content=\"2019-12-06T14:38:33+00:00\" \/>\n<meta property=\"article:modified_time\" content=\"2019-12-06T16:25:45+00:00\" \/>\n<meta property=\"og:image\" content=\"https:\/\/www.victorarandagarcia.es\/wp-content\/uploads\/07-JULIO_red.jpg\" \/>\n\t<meta property=\"og:image:width\" content=\"640\" \/>\n\t<meta property=\"og:image:height\" content=\"900\" \/>\n\t<meta property=\"og:image:type\" content=\"image\/jpeg\" \/>\n<meta name=\"author\" content=\"victorarandagarcia\" \/>\n<meta name=\"twitter:card\" content=\"summary_large_image\" \/>\n<meta name=\"twitter:label1\" content=\"Escrito por\" \/>\n\t<meta name=\"twitter:data1\" content=\"victorarandagarcia\" \/>\n<script type=\"application\/ld+json\" class=\"yoast-schema-graph\">{\"@context\":\"https:\/\/schema.org\",\"@graph\":[{\"@type\":\"Article\",\"@id\":\"https:\/\/www.victorarandagarcia.es\/index.php\/publicaciones\/calendario\/calendario-2014\/#article\",\"isPartOf\":{\"@id\":\"https:\/\/www.victorarandagarcia.es\/index.php\/publicaciones\/calendario\/calendario-2014\/\"},\"author\":{\"name\":\"victorarandagarcia\",\"@id\":\"https:\/\/www.victorarandagarcia.es\/#\/schema\/person\/bfa9c61a3776d517deeee5f9386ef302\"},\"headline\":\"Calendario 2014\",\"datePublished\":\"2019-12-06T14:38:33+00:00\",\"dateModified\":\"2019-12-06T16:25:45+00:00\",\"mainEntityOfPage\":{\"@id\":\"https:\/\/www.victorarandagarcia.es\/index.php\/publicaciones\/calendario\/calendario-2014\/\"},\"wordCount\":46,\"publisher\":{\"@id\":\"https:\/\/www.victorarandagarcia.es\/#organization\"},\"image\":{\"@id\":\"https:\/\/www.victorarandagarcia.es\/index.php\/publicaciones\/calendario\/calendario-2014\/#primaryimage\"},\"thumbnailUrl\":\"https:\/\/www.victorarandagarcia.es\/wp-content\/uploads\/07-JULIO_red.jpg\",\"keywords\":[\"arte\",\"calendario\",\"estudio\",\"publicaciones\"],\"articleSection\":[\"CALENDARIO ANUAL\"],\"inLanguage\":\"es\"},{\"@type\":\"WebPage\",\"@id\":\"https:\/\/www.victorarandagarcia.es\/index.php\/publicaciones\/calendario\/calendario-2014\/\",\"url\":\"https:\/\/www.victorarandagarcia.es\/index.php\/publicaciones\/calendario\/calendario-2014\/\",\"name\":\"Calendario 2014 - arte y estudio\",\"isPartOf\":{\"@id\":\"https:\/\/www.victorarandagarcia.es\/#website\"},\"primaryImageOfPage\":{\"@id\":\"https:\/\/www.victorarandagarcia.es\/index.php\/publicaciones\/calendario\/calendario-2014\/#primaryimage\"},\"image\":{\"@id\":\"https:\/\/www.victorarandagarcia.es\/index.php\/publicaciones\/calendario\/calendario-2014\/#primaryimage\"},\"thumbnailUrl\":\"https:\/\/www.victorarandagarcia.es\/wp-content\/uploads\/07-JULIO_red.jpg\",\"datePublished\":\"2019-12-06T14:38:33+00:00\",\"dateModified\":\"2019-12-06T16:25:45+00:00\",\"breadcrumb\":{\"@id\":\"https:\/\/www.victorarandagarcia.es\/index.php\/publicaciones\/calendario\/calendario-2014\/#breadcrumb\"},\"inLanguage\":\"es\",\"potentialAction\":[{\"@type\":\"ReadAction\",\"target\":[\"https:\/\/www.victorarandagarcia.es\/index.php\/publicaciones\/calendario\/calendario-2014\/\"]}]},{\"@type\":\"ImageObject\",\"inLanguage\":\"es\",\"@id\":\"https:\/\/www.victorarandagarcia.es\/index.php\/publicaciones\/calendario\/calendario-2014\/#primaryimage\",\"url\":\"https:\/\/www.victorarandagarcia.es\/wp-content\/uploads\/07-JULIO_red.jpg\",\"contentUrl\":\"https:\/\/www.victorarandagarcia.es\/wp-content\/uploads\/07-JULIO_red.jpg\",\"width\":640,\"height\":900,\"caption\":\"Dise\u00f1o de una p\u00e1gina de un calendario con la fotograf\u00eda de un p\u00e1jaro amarillo dentro de un maniqu\u00ed de fondo\"},{\"@type\":\"BreadcrumbList\",\"@id\":\"https:\/\/www.victorarandagarcia.es\/index.php\/publicaciones\/calendario\/calendario-2014\/#breadcrumb\",\"itemListElement\":[{\"@type\":\"ListItem\",\"position\":1,\"name\":\"Portada\",\"item\":\"https:\/\/www.victorarandagarcia.es\/\"},{\"@type\":\"ListItem\",\"position\":2,\"name\":\"Calendario 2014\"}]},{\"@type\":\"WebSite\",\"@id\":\"https:\/\/www.victorarandagarcia.es\/#website\",\"url\":\"https:\/\/www.victorarandagarcia.es\/\",\"name\":\"arte y estudio\",\"description\":\"Fot\u00f3grafo\",\"publisher\":{\"@id\":\"https:\/\/www.victorarandagarcia.es\/#organization\"},\"potentialAction\":[{\"@type\":\"SearchAction\",\"target\":{\"@type\":\"EntryPoint\",\"urlTemplate\":\"https:\/\/www.victorarandagarcia.es\/?s={search_term_string}\"},\"query-input\":\"required name=search_term_string\"}],\"inLanguage\":\"es\"},{\"@type\":\"Organization\",\"@id\":\"https:\/\/www.victorarandagarcia.es\/#organization\",\"name\":\"arte y estudio\",\"url\":\"https:\/\/www.victorarandagarcia.es\/\",\"logo\":{\"@type\":\"ImageObject\",\"inLanguage\":\"es\",\"@id\":\"https:\/\/www.victorarandagarcia.es\/#\/schema\/logo\/image\/\",\"url\":\"https:\/\/www.victorarandagarcia.es\/wp-content\/uploads\/2019\/03\/logo-fotografo.png\",\"contentUrl\":\"https:\/\/www.victorarandagarcia.es\/wp-content\/uploads\/2019\/03\/logo-fotografo.png\",\"width\":150,\"height\":150,\"caption\":\"arte y estudio\"},\"image\":{\"@id\":\"https:\/\/www.victorarandagarcia.es\/#\/schema\/logo\/image\/\"}},{\"@type\":\"Person\",\"@id\":\"https:\/\/www.victorarandagarcia.es\/#\/schema\/person\/bfa9c61a3776d517deeee5f9386ef302\",\"name\":\"victorarandagarcia\",\"image\":{\"@type\":\"ImageObject\",\"inLanguage\":\"es\",\"@id\":\"https:\/\/www.victorarandagarcia.es\/#\/schema\/person\/image\/\",\"url\":\"https:\/\/secure.gravatar.com\/avatar\/957a01ac23a6393e755ae8225c35dbdb?s=96&d=mm&r=g\",\"contentUrl\":\"https:\/\/secure.gravatar.com\/avatar\/957a01ac23a6393e755ae8225c35dbdb?s=96&d=mm&r=g\",\"caption\":\"victorarandagarcia\"}}]}<\/script>\n<!-- \/ Yoast SEO plugin. -->","yoast_head_json":{"title":"Calendario 2014 - arte y estudio","robots":{"index":"index","follow":"follow","max-snippet":"max-snippet:-1","max-image-preview":"max-image-preview:large","max-video-preview":"max-video-preview:-1"},"canonical":"https:\/\/www.victorarandagarcia.es\/index.php\/publicaciones\/calendario\/calendario-2014\/","og_locale":"es_ES","og_type":"article","og_title":"Calendario 2014 - arte y estudio","og_description":"Para la realizaci\u00f3n de este primer calendario he pedido ayuda a amigos y contactos para que voten y decidan la selecci\u00f3n de fotograf\u00edas que lo integran. &hellip; ContinuarCalendario 2014","og_url":"https:\/\/www.victorarandagarcia.es\/index.php\/publicaciones\/calendario\/calendario-2014\/","og_site_name":"arte y estudio","article_published_time":"2019-12-06T14:38:33+00:00","article_modified_time":"2019-12-06T16:25:45+00:00","og_image":[{"width":640,"height":900,"url":"https:\/\/www.victorarandagarcia.es\/wp-content\/uploads\/07-JULIO_red.jpg","type":"image\/jpeg"}],"author":"victorarandagarcia","twitter_card":"summary_large_image","twitter_misc":{"Escrito por":"victorarandagarcia"},"schema":{"@context":"https:\/\/schema.org","@graph":[{"@type":"Article","@id":"https:\/\/www.victorarandagarcia.es\/index.php\/publicaciones\/calendario\/calendario-2014\/#article","isPartOf":{"@id":"https:\/\/www.victorarandagarcia.es\/index.php\/publicaciones\/calendario\/calendario-2014\/"},"author":{"name":"victorarandagarcia","@id":"https:\/\/www.victorarandagarcia.es\/#\/schema\/person\/bfa9c61a3776d517deeee5f9386ef302"},"headline":"Calendario 2014","datePublished":"2019-12-06T14:38:33+00:00","dateModified":"2019-12-06T16:25:45+00:00","mainEntityOfPage":{"@id":"https:\/\/www.victorarandagarcia.es\/index.php\/publicaciones\/calendario\/calendario-2014\/"},"wordCount":46,"publisher":{"@id":"https:\/\/www.victorarandagarcia.es\/#organization"},"image":{"@id":"https:\/\/www.victorarandagarcia.es\/index.php\/publicaciones\/calendario\/calendario-2014\/#primaryimage"},"thumbnailUrl":"https:\/\/www.victorarandagarcia.es\/wp-content\/uploads\/07-JULIO_red.jpg","keywords":["arte","calendario","estudio","publicaciones"],"articleSection":["CALENDARIO ANUAL"],"inLanguage":"es"},{"@type":"WebPage","@id":"https:\/\/www.victorarandagarcia.es\/index.php\/publicaciones\/calendario\/calendario-2014\/","url":"https:\/\/www.victorarandagarcia.es\/index.php\/publicaciones\/calendario\/calendario-2014\/","name":"Calendario 2014 - arte y estudio","isPartOf":{"@id":"https:\/\/www.victorarandagarcia.es\/#website"},"primaryImageOfPage":{"@id":"https:\/\/www.victorarandagarcia.es\/index.php\/publicaciones\/calendario\/calendario-2014\/#primaryimage"},"image":{"@id":"https:\/\/www.victorarandagarcia.es\/index.php\/publicaciones\/calendario\/calendario-2014\/#primaryimage"},"thumbnailUrl":"https:\/\/www.victorarandagarcia.es\/wp-content\/uploads\/07-JULIO_red.jpg","datePublished":"2019-12-06T14:38:33+00:00","dateModified":"2019-12-06T16:25:45+00:00","breadcrumb":{"@id":"https:\/\/www.victorarandagarcia.es\/index.php\/publicaciones\/calendario\/calendario-2014\/#breadcrumb"},"inLanguage":"es","potentialAction":[{"@type":"ReadAction","target":["https:\/\/www.victorarandagarcia.es\/index.php\/publicaciones\/calendario\/calendario-2014\/"]}]},{"@type":"ImageObject","inLanguage":"es","@id":"https:\/\/www.victorarandagarcia.es\/index.php\/publicaciones\/calendario\/calendario-2014\/#primaryimage","url":"https:\/\/www.victorarandagarcia.es\/wp-content\/uploads\/07-JULIO_red.jpg","contentUrl":"https:\/\/www.victorarandagarcia.es\/wp-content\/uploads\/07-JULIO_red.jpg","width":640,"height":900,"caption":"Dise\u00f1o de una p\u00e1gina de un calendario con la fotograf\u00eda de un p\u00e1jaro amarillo dentro de un maniqu\u00ed de fondo"},{"@type":"BreadcrumbList","@id":"https:\/\/www.victorarandagarcia.es\/index.php\/publicaciones\/calendario\/calendario-2014\/#breadcrumb","itemListElement":[{"@type":"ListItem","position":1,"name":"Portada","item":"https:\/\/www.victorarandagarcia.es\/"},{"@type":"ListItem","position":2,"name":"Calendario 2014"}]},{"@type":"WebSite","@id":"https:\/\/www.victorarandagarcia.es\/#website","url":"https:\/\/www.victorarandagarcia.es\/","name":"arte y estudio","description":"Fot\u00f3grafo","publisher":{"@id":"https:\/\/www.victorarandagarcia.es\/#organization"},"potentialAction":[{"@type":"SearchAction","target":{"@type":"EntryPoint","urlTemplate":"https:\/\/www.victorarandagarcia.es\/?s={search_term_string}"},"query-input":"required name=search_term_string"}],"inLanguage":"es"},{"@type":"Organization","@id":"https:\/\/www.victorarandagarcia.es\/#organization","name":"arte y estudio","url":"https:\/\/www.victorarandagarcia.es\/","logo":{"@type":"ImageObject","inLanguage":"es","@id":"https:\/\/www.victorarandagarcia.es\/#\/schema\/logo\/image\/","url":"https:\/\/www.victorarandagarcia.es\/wp-content\/uploads\/2019\/03\/logo-fotografo.png","contentUrl":"https:\/\/www.victorarandagarcia.es\/wp-content\/uploads\/2019\/03\/logo-fotografo.png","width":150,"height":150,"caption":"arte y estudio"},"image":{"@id":"https:\/\/www.victorarandagarcia.es\/#\/schema\/logo\/image\/"}},{"@type":"Person","@id":"https:\/\/www.victorarandagarcia.es\/#\/schema\/person\/bfa9c61a3776d517deeee5f9386ef302","name":"victorarandagarcia","image":{"@type":"ImageObject","inLanguage":"es","@id":"https:\/\/www.victorarandagarcia.es\/#\/schema\/person\/image\/","url":"https:\/\/secure.gravatar.com\/avatar\/957a01ac23a6393e755ae8225c35dbdb?s=96&d=mm&r=g","contentUrl":"https:\/\/secure.gravatar.com\/avatar\/957a01ac23a6393e755ae8225c35dbdb?s=96&d=mm&r=g","caption":"victorarandagarcia"}}]}},"jetpack_featured_media_url":"https:\/\/www.victorarandagarcia.es\/wp-content\/uploads\/07-JULIO_red.jpg","jetpack_sharing_enabled":true,"_links":{"self":[{"href":"https:\/\/www.victorarandagarcia.es\/index.php\/wp-json\/wp\/v2\/posts\/2199"}],"collection":[{"href":"https:\/\/www.victorarandagarcia.es\/index.php\/wp-json\/wp\/v2\/posts"}],"about":[{"href":"https:\/\/www.victorarandagarcia.es\/index.php\/wp-json\/wp\/v2\/types\/post"}],"author":[{"embeddable":true,"href":"https:\/\/www.victorarandagarcia.es\/index.php\/wp-json\/wp\/v2\/users\/1"}],"replies":[{"embeddable":true,"href":"https:\/\/www.victorarandagarcia.es\/index.php\/wp-json\/wp\/v2\/comments?post=2199"}],"version-history":[{"count":3,"href":"https:\/\/www.victorarandagarcia.es\/index.php\/wp-json\/wp\/v2\/posts\/2199\/revisions"}],"predecessor-version":[{"id":2232,"href":"https:\/\/www.victorarandagarcia.es\/index.php\/wp-json\/wp\/v2\/posts\/2199\/revisions\/2232"}],"wp:featuredmedia":[{"embeddable":true,"href":"https:\/\/www.victorarandagarcia.es\/index.php\/wp-json\/wp\/v2\/media\/2207"}],"wp:attachment":[{"href":"https:\/\/www.victorarandagarcia.es\/index.php\/wp-json\/wp\/v2\/media?parent=2199"}],"wp:term":[{"taxonomy":"category","embeddable":true,"href":"https:\/\/www.victorarandagarcia.es\/index.php\/wp-json\/wp\/v2\/categories?post=2199"},{"taxonomy":"post_tag","embeddable":true,"href":"https:\/\/www.victorarandagarcia.es\/index.php\/wp-json\/wp\/v2\/tags?post=2199"}],"curies":[{"name":"wp","href":"https:\/\/api.w.org\/{rel}","templated":true}]}}