{"id":2175,"date":"2019-06-30T20:38:42","date_gmt":"2019-06-30T18:38:42","guid":{"rendered":"https:\/\/www.victorarandagarcia.es\/?p=2175"},"modified":"2020-01-11T20:18:05","modified_gmt":"2020-01-11T19:18:05","slug":"objeciones-en-blanco-y-negro","status":"publish","type":"post","link":"https:\/\/www.victorarandagarcia.es\/index.php\/arte\/limites\/objeciones-en-blanco-y-negro\/","title":{"rendered":"Objeciones en blanco y negro"},"content":{"rendered":"\n<div class=\"wp-block-image\"><figure class=\"aligncenter\"><img data-attachment-id=\"2288\" data-permalink=\"https:\/\/www.victorarandagarcia.es\/calendario-2019-12\/\" data-orig-file=\"https:\/\/www.victorarandagarcia.es\/wp-content\/uploads\/calendario-2019-12.jpg\" data-orig-size=\"650,508\" data-comments-opened=\"0\" data-image-meta=\"{&quot;aperture&quot;:&quot;0&quot;,&quot;credit&quot;:&quot;unknown&quot;,&quot;camera&quot;:&quot;&quot;,&quot;caption&quot;:&quot;&quot;,&quot;created_timestamp&quot;:&quot;0&quot;,&quot;copyright&quot;:&quot;&quot;,&quot;focal_length&quot;:&quot;0&quot;,&quot;iso&quot;:&quot;0&quot;,&quot;shutter_speed&quot;:&quot;0&quot;,&quot;title&quot;:&quot;&quot;,&quot;orientation&quot;:&quot;0&quot;}\" data-image-title=\"calendario-2019-12\" data-image-description=\"&lt;p&gt;Sin t\u00edtulo (Fuente \u00c1lamo 2017)&lt;\/p&gt;\n\" data-image-caption=\"\" data-medium-file=\"https:\/\/www.victorarandagarcia.es\/wp-content\/uploads\/calendario-2019-12-300x234.jpg\" data-large-file=\"https:\/\/www.victorarandagarcia.es\/wp-content\/uploads\/calendario-2019-12.jpg\" decoding=\"async\" loading=\"lazy\" width=\"650\" height=\"508\" src=\"https:\/\/www.victorarandagarcia.es\/wp-content\/uploads\/calendario-2019-12.jpg\" alt=\"Fotograf\u00eda en blanco y negro de una espiral hecha con caracoles\" class=\"wp-image-2288\" srcset=\"https:\/\/www.victorarandagarcia.es\/wp-content\/uploads\/calendario-2019-12.jpg 650w, https:\/\/www.victorarandagarcia.es\/wp-content\/uploads\/calendario-2019-12-300x234.jpg 300w\" sizes=\"(max-width: 650px) 100vw, 650px\" \/><\/figure><\/div>\n\n\n\n<p><em>Objeciones<\/em> es una colecci\u00f3n de fotograf\u00edas realizadas con objetos cotidianos o encontrados para la serie que llamo <em><a href=\"https:\/\/www.victorarandagarcia.es\/index.php\/arte\/limites\/limites\/\">L\u00edmites<\/a><\/em>. Algunas de las im\u00e1genes han sido tomadas en estudio, otras en la calle, pero ninguna ha sido alterada en sus formas.<\/p>\n\n\n\n<ul class=\"wp-block-gallery columns-2 is-cropped wp-block-gallery-1 is-layout-flex wp-block-gallery-is-layout-flex\"><li class=\"blocks-gallery-item\"><figure><img data-attachment-id=\"2172\" data-permalink=\"https:\/\/www.victorarandagarcia.es\/limites-objeciones-01\/\" data-orig-file=\"https:\/\/www.victorarandagarcia.es\/wp-content\/uploads\/limites-objeciones-01.jpg\" data-orig-size=\"720,492\" data-comments-opened=\"0\" data-image-meta=\"{&quot;aperture&quot;:&quot;0&quot;,&quot;credit&quot;:&quot;&quot;,&quot;camera&quot;:&quot;&quot;,&quot;caption&quot;:&quot;&quot;,&quot;created_timestamp&quot;:&quot;0&quot;,&quot;copyright&quot;:&quot;&quot;,&quot;focal_length&quot;:&quot;0&quot;,&quot;iso&quot;:&quot;0&quot;,&quot;shutter_speed&quot;:&quot;0&quot;,&quot;title&quot;:&quot;&quot;,&quot;orientation&quot;:&quot;0&quot;}\" data-image-title=\"limites-objeciones-01\" data-image-description=\"&lt;p&gt;Pito doble (Valencia 2008)&lt;\/p&gt;\n\" data-image-caption=\"\" data-medium-file=\"https:\/\/www.victorarandagarcia.es\/wp-content\/uploads\/limites-objeciones-01-300x205.jpg\" data-large-file=\"https:\/\/www.victorarandagarcia.es\/wp-content\/uploads\/limites-objeciones-01.jpg\" decoding=\"async\" loading=\"lazy\" width=\"720\" height=\"492\" src=\"https:\/\/www.victorarandagarcia.es\/wp-content\/uploads\/limites-objeciones-01.jpg\" alt=\"Fotograf\u00eda de piezas de domin\u00f3 junto a un enchufe\" data-id=\"2172\" data-link=\"https:\/\/www.victorarandagarcia.es\/limites-objeciones-01\/\" class=\"wp-image-2172\" srcset=\"https:\/\/www.victorarandagarcia.es\/wp-content\/uploads\/limites-objeciones-01.jpg 720w, https:\/\/www.victorarandagarcia.es\/wp-content\/uploads\/limites-objeciones-01-300x205.jpg 300w\" sizes=\"(max-width: 720px) 100vw, 720px\" \/><\/figure><\/li><li class=\"blocks-gallery-item\"><figure><img data-attachment-id=\"2139\" data-permalink=\"https:\/\/www.victorarandagarcia.es\/limites-objeciones-02\/\" data-orig-file=\"https:\/\/www.victorarandagarcia.es\/wp-content\/uploads\/limites-objeciones-02.jpg\" data-orig-size=\"604,411\" data-comments-opened=\"0\" data-image-meta=\"{&quot;aperture&quot;:&quot;0&quot;,&quot;credit&quot;:&quot;&quot;,&quot;camera&quot;:&quot;&quot;,&quot;caption&quot;:&quot;&quot;,&quot;created_timestamp&quot;:&quot;0&quot;,&quot;copyright&quot;:&quot;&quot;,&quot;focal_length&quot;:&quot;0&quot;,&quot;iso&quot;:&quot;0&quot;,&quot;shutter_speed&quot;:&quot;0&quot;,&quot;title&quot;:&quot;&quot;,&quot;orientation&quot;:&quot;0&quot;}\" data-image-title=\"limites-objeciones-02\" data-image-description=\"&lt;p&gt;Fruto de Invierno (Castell\u00f3n 2006)&lt;\/p&gt;\n\" data-image-caption=\"\" data-medium-file=\"https:\/\/www.victorarandagarcia.es\/wp-content\/uploads\/limites-objeciones-02-300x204.jpg\" data-large-file=\"https:\/\/www.victorarandagarcia.es\/wp-content\/uploads\/limites-objeciones-02.jpg\" decoding=\"async\" loading=\"lazy\" width=\"604\" height=\"411\" src=\"https:\/\/www.victorarandagarcia.es\/wp-content\/uploads\/limites-objeciones-02.jpg\" alt=\"Fotograf\u00eda de un globo colgado de las ramas de un \u00e1rbol\" data-id=\"2139\" data-link=\"https:\/\/www.victorarandagarcia.es\/limites-objeciones-02\/\" class=\"wp-image-2139\" srcset=\"https:\/\/www.victorarandagarcia.es\/wp-content\/uploads\/limites-objeciones-02.jpg 604w, https:\/\/www.victorarandagarcia.es\/wp-content\/uploads\/limites-objeciones-02-300x204.jpg 300w\" sizes=\"(max-width: 604px) 100vw, 604px\" \/><\/figure><\/li><li class=\"blocks-gallery-item\"><figure><img data-attachment-id=\"2163\" data-permalink=\"https:\/\/www.victorarandagarcia.es\/limites-objeciones-030\/\" data-orig-file=\"https:\/\/www.victorarandagarcia.es\/wp-content\/uploads\/limites-objeciones-030.jpg\" data-orig-size=\"720,481\" data-comments-opened=\"0\" data-image-meta=\"{&quot;aperture&quot;:&quot;0&quot;,&quot;credit&quot;:&quot;&quot;,&quot;camera&quot;:&quot;&quot;,&quot;caption&quot;:&quot;&quot;,&quot;created_timestamp&quot;:&quot;0&quot;,&quot;copyright&quot;:&quot;&quot;,&quot;focal_length&quot;:&quot;0&quot;,&quot;iso&quot;:&quot;0&quot;,&quot;shutter_speed&quot;:&quot;0&quot;,&quot;title&quot;:&quot;&quot;,&quot;orientation&quot;:&quot;0&quot;}\" data-image-title=\"limites-objeciones-030\" data-image-description=\"&lt;p&gt;Papeles amontonados (Valencia 2012)&lt;\/p&gt;\n\" data-image-caption=\"\" data-medium-file=\"https:\/\/www.victorarandagarcia.es\/wp-content\/uploads\/limites-objeciones-030-300x200.jpg\" data-large-file=\"https:\/\/www.victorarandagarcia.es\/wp-content\/uploads\/limites-objeciones-030.jpg\" decoding=\"async\" loading=\"lazy\" width=\"720\" height=\"481\" src=\"https:\/\/www.victorarandagarcia.es\/wp-content\/uploads\/limites-objeciones-030.jpg\" alt=\"\" data-id=\"2163\" data-link=\"https:\/\/www.victorarandagarcia.es\/limites-objeciones-030\/\" class=\"wp-image-2163\" srcset=\"https:\/\/www.victorarandagarcia.es\/wp-content\/uploads\/limites-objeciones-030.jpg 720w, https:\/\/www.victorarandagarcia.es\/wp-content\/uploads\/limites-objeciones-030-300x200.jpg 300w\" sizes=\"(max-width: 720px) 100vw, 720px\" \/><\/figure><\/li><li class=\"blocks-gallery-item\"><figure><img data-attachment-id=\"2155\" data-permalink=\"https:\/\/www.victorarandagarcia.es\/limites-objeciones-03\/\" data-orig-file=\"https:\/\/www.victorarandagarcia.es\/wp-content\/uploads\/limites-objeciones-03.jpg\" data-orig-size=\"604,365\" data-comments-opened=\"0\" data-image-meta=\"{&quot;aperture&quot;:&quot;0&quot;,&quot;credit&quot;:&quot;&quot;,&quot;camera&quot;:&quot;&quot;,&quot;caption&quot;:&quot;&quot;,&quot;created_timestamp&quot;:&quot;0&quot;,&quot;copyright&quot;:&quot;&quot;,&quot;focal_length&quot;:&quot;0&quot;,&quot;iso&quot;:&quot;0&quot;,&quot;shutter_speed&quot;:&quot;0&quot;,&quot;title&quot;:&quot;&quot;,&quot;orientation&quot;:&quot;0&quot;}\" data-image-title=\"limites-objeciones-03\" data-image-description=\"&lt;p&gt;Otra rayada (Valencia 2009)&lt;\/p&gt;\n\" data-image-caption=\"\" data-medium-file=\"https:\/\/www.victorarandagarcia.es\/wp-content\/uploads\/limites-objeciones-03-300x181.jpg\" data-large-file=\"https:\/\/www.victorarandagarcia.es\/wp-content\/uploads\/limites-objeciones-03.jpg\" decoding=\"async\" loading=\"lazy\" width=\"604\" height=\"365\" src=\"https:\/\/www.victorarandagarcia.es\/wp-content\/uploads\/limites-objeciones-03.jpg\" alt=\"Fotograf\u00eda de un tablero rayado con un l\u00e1piz\" data-id=\"2155\" data-link=\"https:\/\/www.victorarandagarcia.es\/limites-objeciones-03\/\" class=\"wp-image-2155\" srcset=\"https:\/\/www.victorarandagarcia.es\/wp-content\/uploads\/limites-objeciones-03.jpg 604w, https:\/\/www.victorarandagarcia.es\/wp-content\/uploads\/limites-objeciones-03-300x181.jpg 300w\" sizes=\"(max-width: 604px) 100vw, 604px\" \/><\/figure><\/li><li class=\"blocks-gallery-item\"><figure><img data-attachment-id=\"2159\" data-permalink=\"https:\/\/www.victorarandagarcia.es\/limites-objeciones-04\/\" data-orig-file=\"https:\/\/www.victorarandagarcia.es\/wp-content\/uploads\/limites-objeciones-04.jpg\" data-orig-size=\"481,720\" data-comments-opened=\"0\" data-image-meta=\"{&quot;aperture&quot;:&quot;0&quot;,&quot;credit&quot;:&quot;&quot;,&quot;camera&quot;:&quot;&quot;,&quot;caption&quot;:&quot;&quot;,&quot;created_timestamp&quot;:&quot;0&quot;,&quot;copyright&quot;:&quot;&quot;,&quot;focal_length&quot;:&quot;0&quot;,&quot;iso&quot;:&quot;0&quot;,&quot;shutter_speed&quot;:&quot;0&quot;,&quot;title&quot;:&quot;&quot;,&quot;orientation&quot;:&quot;0&quot;}\" data-image-title=\"limites-objeciones-04\" data-image-description=\"&lt;p&gt;Sin t\u00edtulo (Valencia 2012)&lt;\/p&gt;\n\" data-image-caption=\"\" data-medium-file=\"https:\/\/www.victorarandagarcia.es\/wp-content\/uploads\/limites-objeciones-04-200x300.jpg\" data-large-file=\"https:\/\/www.victorarandagarcia.es\/wp-content\/uploads\/limites-objeciones-04.jpg\" decoding=\"async\" loading=\"lazy\" width=\"481\" height=\"720\" src=\"https:\/\/www.victorarandagarcia.es\/wp-content\/uploads\/limites-objeciones-04.jpg\" alt=\"Fotograf\u00eda de un tel\u00e9fono que comparte espiral con una agenda\" data-id=\"2159\" data-link=\"https:\/\/www.victorarandagarcia.es\/limites-objeciones-04\/\" class=\"wp-image-2159\" srcset=\"https:\/\/www.victorarandagarcia.es\/wp-content\/uploads\/limites-objeciones-04.jpg 481w, https:\/\/www.victorarandagarcia.es\/wp-content\/uploads\/limites-objeciones-04-200x300.jpg 200w\" sizes=\"(max-width: 481px) 100vw, 481px\" \/><\/figure><\/li><li class=\"blocks-gallery-item\"><figure><img data-attachment-id=\"2156\" data-permalink=\"https:\/\/www.victorarandagarcia.es\/limites-objeciones-05\/\" data-orig-file=\"https:\/\/www.victorarandagarcia.es\/wp-content\/uploads\/limites-objeciones-05.jpg\" data-orig-size=\"482,720\" data-comments-opened=\"0\" data-image-meta=\"{&quot;aperture&quot;:&quot;0&quot;,&quot;credit&quot;:&quot;&quot;,&quot;camera&quot;:&quot;&quot;,&quot;caption&quot;:&quot;&quot;,&quot;created_timestamp&quot;:&quot;0&quot;,&quot;copyright&quot;:&quot;&quot;,&quot;focal_length&quot;:&quot;0&quot;,&quot;iso&quot;:&quot;0&quot;,&quot;shutter_speed&quot;:&quot;0&quot;,&quot;title&quot;:&quot;&quot;,&quot;orientation&quot;:&quot;0&quot;}\" data-image-title=\"limites-objeciones-05\" data-image-description=\"&lt;p&gt;Ex-libris (Valencia 2010)&lt;\/p&gt;\n\" data-image-caption=\"\" data-medium-file=\"https:\/\/www.victorarandagarcia.es\/wp-content\/uploads\/limites-objeciones-05-201x300.jpg\" data-large-file=\"https:\/\/www.victorarandagarcia.es\/wp-content\/uploads\/limites-objeciones-05.jpg\" decoding=\"async\" loading=\"lazy\" width=\"482\" height=\"720\" src=\"https:\/\/www.victorarandagarcia.es\/wp-content\/uploads\/limites-objeciones-05.jpg\" alt=\"Fotograf\u00eda de una columna de libros que recuerda a un \u00e1rbol\" data-id=\"2156\" data-link=\"https:\/\/www.victorarandagarcia.es\/limites-objeciones-05\/\" class=\"wp-image-2156\" srcset=\"https:\/\/www.victorarandagarcia.es\/wp-content\/uploads\/limites-objeciones-05.jpg 482w, https:\/\/www.victorarandagarcia.es\/wp-content\/uploads\/limites-objeciones-05-201x300.jpg 201w\" sizes=\"(max-width: 482px) 100vw, 482px\" \/><\/figure><\/li><li class=\"blocks-gallery-item\"><figure><img data-attachment-id=\"2166\" data-permalink=\"https:\/\/www.victorarandagarcia.es\/limites-objeciones-07\/\" data-orig-file=\"https:\/\/www.victorarandagarcia.es\/wp-content\/uploads\/limites-objeciones-07.jpg\" data-orig-size=\"720,720\" data-comments-opened=\"0\" data-image-meta=\"{&quot;aperture&quot;:&quot;0&quot;,&quot;credit&quot;:&quot;&quot;,&quot;camera&quot;:&quot;&quot;,&quot;caption&quot;:&quot;&quot;,&quot;created_timestamp&quot;:&quot;0&quot;,&quot;copyright&quot;:&quot;&quot;,&quot;focal_length&quot;:&quot;0&quot;,&quot;iso&quot;:&quot;0&quot;,&quot;shutter_speed&quot;:&quot;0&quot;,&quot;title&quot;:&quot;&quot;,&quot;orientation&quot;:&quot;0&quot;}\" data-image-title=\"limites-objeciones-07\" data-image-description=\"&lt;p&gt;Juntos pero no revueltos (Valencia 2012)&lt;\/p&gt;\n\" data-image-caption=\"\" data-medium-file=\"https:\/\/www.victorarandagarcia.es\/wp-content\/uploads\/limites-objeciones-07-300x300.jpg\" data-large-file=\"https:\/\/www.victorarandagarcia.es\/wp-content\/uploads\/limites-objeciones-07.jpg\" decoding=\"async\" loading=\"lazy\" width=\"720\" height=\"720\" src=\"https:\/\/www.victorarandagarcia.es\/wp-content\/uploads\/limites-objeciones-07.jpg\" alt=\"Fotograf\u00eda del interior de un juego de ajedrez\" data-id=\"2166\" data-link=\"https:\/\/www.victorarandagarcia.es\/limites-objeciones-07\/\" class=\"wp-image-2166\" srcset=\"https:\/\/www.victorarandagarcia.es\/wp-content\/uploads\/limites-objeciones-07.jpg 720w, https:\/\/www.victorarandagarcia.es\/wp-content\/uploads\/limites-objeciones-07-150x150.jpg 150w, https:\/\/www.victorarandagarcia.es\/wp-content\/uploads\/limites-objeciones-07-300x300.jpg 300w, https:\/\/www.victorarandagarcia.es\/wp-content\/uploads\/limites-objeciones-07-533x533.jpg 533w, https:\/\/www.victorarandagarcia.es\/wp-content\/uploads\/limites-objeciones-07-640x640.jpg 640w, https:\/\/www.victorarandagarcia.es\/wp-content\/uploads\/limites-objeciones-07-50x50.jpg 50w\" sizes=\"(max-width: 720px) 100vw, 720px\" \/><\/figure><\/li><li class=\"blocks-gallery-item\"><figure><img data-attachment-id=\"2147\" data-permalink=\"https:\/\/www.victorarandagarcia.es\/limites-objeciones-08\/\" data-orig-file=\"https:\/\/www.victorarandagarcia.es\/wp-content\/uploads\/limites-objeciones-08.jpg\" data-orig-size=\"608,580\" data-comments-opened=\"0\" data-image-meta=\"{&quot;aperture&quot;:&quot;0&quot;,&quot;credit&quot;:&quot;&quot;,&quot;camera&quot;:&quot;&quot;,&quot;caption&quot;:&quot;&quot;,&quot;created_timestamp&quot;:&quot;0&quot;,&quot;copyright&quot;:&quot;&quot;,&quot;focal_length&quot;:&quot;0&quot;,&quot;iso&quot;:&quot;0&quot;,&quot;shutter_speed&quot;:&quot;0&quot;,&quot;title&quot;:&quot;&quot;,&quot;orientation&quot;:&quot;0&quot;}\" data-image-title=\"limites-objeciones-08\" data-image-description=\"&lt;p&gt;10 y 10 (Valencia 2008)&lt;\/p&gt;\n\" data-image-caption=\"\" data-medium-file=\"https:\/\/www.victorarandagarcia.es\/wp-content\/uploads\/limites-objeciones-08-300x286.jpg\" data-large-file=\"https:\/\/www.victorarandagarcia.es\/wp-content\/uploads\/limites-objeciones-08.jpg\" decoding=\"async\" loading=\"lazy\" width=\"608\" height=\"580\" src=\"https:\/\/www.victorarandagarcia.es\/wp-content\/uploads\/limites-objeciones-08.jpg\" alt=\"Fotograf\u00eda de una tabla de cortar que parece un reloj\" data-id=\"2147\" data-link=\"https:\/\/www.victorarandagarcia.es\/limites-objeciones-08\/\" class=\"wp-image-2147\" srcset=\"https:\/\/www.victorarandagarcia.es\/wp-content\/uploads\/limites-objeciones-08.jpg 608w, https:\/\/www.victorarandagarcia.es\/wp-content\/uploads\/limites-objeciones-08-300x286.jpg 300w\" sizes=\"(max-width: 608px) 100vw, 608px\" \/><\/figure><\/li><li class=\"blocks-gallery-item\"><figure><img data-attachment-id=\"2167\" data-permalink=\"https:\/\/www.victorarandagarcia.es\/limites-objeciones-09\/\" data-orig-file=\"https:\/\/www.victorarandagarcia.es\/wp-content\/uploads\/limites-objeciones-09.jpg\" data-orig-size=\"720,504\" data-comments-opened=\"0\" data-image-meta=\"{&quot;aperture&quot;:&quot;0&quot;,&quot;credit&quot;:&quot;&quot;,&quot;camera&quot;:&quot;&quot;,&quot;caption&quot;:&quot;&quot;,&quot;created_timestamp&quot;:&quot;0&quot;,&quot;copyright&quot;:&quot;&quot;,&quot;focal_length&quot;:&quot;0&quot;,&quot;iso&quot;:&quot;0&quot;,&quot;shutter_speed&quot;:&quot;0&quot;,&quot;title&quot;:&quot;&quot;,&quot;orientation&quot;:&quot;0&quot;}\" data-image-title=\"limites-objeciones-09\" data-image-description=\"&lt;p&gt;Sin t\u00edtulo (Valencia 2010)&lt;\/p&gt;\n\" data-image-caption=\"\" data-medium-file=\"https:\/\/www.victorarandagarcia.es\/wp-content\/uploads\/limites-objeciones-09-300x210.jpg\" data-large-file=\"https:\/\/www.victorarandagarcia.es\/wp-content\/uploads\/limites-objeciones-09.jpg\" decoding=\"async\" loading=\"lazy\" width=\"720\" height=\"504\" src=\"https:\/\/www.victorarandagarcia.es\/wp-content\/uploads\/limites-objeciones-09.jpg\" alt=\"Fotograf\u00eda de una concha en un fregadero\" data-id=\"2167\" data-link=\"https:\/\/www.victorarandagarcia.es\/limites-objeciones-09\/\" class=\"wp-image-2167\" srcset=\"https:\/\/www.victorarandagarcia.es\/wp-content\/uploads\/limites-objeciones-09.jpg 720w, https:\/\/www.victorarandagarcia.es\/wp-content\/uploads\/limites-objeciones-09-300x210.jpg 300w\" sizes=\"(max-width: 720px) 100vw, 720px\" \/><\/figure><\/li><li class=\"blocks-gallery-item\"><figure><img data-attachment-id=\"2141\" data-permalink=\"https:\/\/www.victorarandagarcia.es\/limites-objeciones-010\/\" data-orig-file=\"https:\/\/www.victorarandagarcia.es\/wp-content\/uploads\/limites-objeciones-010.jpg\" data-orig-size=\"720,529\" data-comments-opened=\"0\" data-image-meta=\"{&quot;aperture&quot;:&quot;0&quot;,&quot;credit&quot;:&quot;&quot;,&quot;camera&quot;:&quot;&quot;,&quot;caption&quot;:&quot;&quot;,&quot;created_timestamp&quot;:&quot;0&quot;,&quot;copyright&quot;:&quot;&quot;,&quot;focal_length&quot;:&quot;0&quot;,&quot;iso&quot;:&quot;0&quot;,&quot;shutter_speed&quot;:&quot;0&quot;,&quot;title&quot;:&quot;&quot;,&quot;orientation&quot;:&quot;0&quot;}\" data-image-title=\"limites-objeciones-010\" data-image-description=\"&lt;p&gt;Sumidero (Murcia 2001)&lt;\/p&gt;\n\" data-image-caption=\"\" data-medium-file=\"https:\/\/www.victorarandagarcia.es\/wp-content\/uploads\/limites-objeciones-010-300x220.jpg\" data-large-file=\"https:\/\/www.victorarandagarcia.es\/wp-content\/uploads\/limites-objeciones-010.jpg\" decoding=\"async\" loading=\"lazy\" width=\"720\" height=\"529\" src=\"https:\/\/www.victorarandagarcia.es\/wp-content\/uploads\/limites-objeciones-010.jpg\" alt=\"Fotograf\u00eda de una mano entrando en un sumidero\" data-id=\"2141\" data-link=\"https:\/\/www.victorarandagarcia.es\/limites-objeciones-010\/\" class=\"wp-image-2141\" srcset=\"https:\/\/www.victorarandagarcia.es\/wp-content\/uploads\/limites-objeciones-010.jpg 720w, https:\/\/www.victorarandagarcia.es\/wp-content\/uploads\/limites-objeciones-010-300x220.jpg 300w\" sizes=\"(max-width: 720px) 100vw, 720px\" \/><\/figure><\/li><li class=\"blocks-gallery-item\"><figure><img data-attachment-id=\"2168\" data-permalink=\"https:\/\/www.victorarandagarcia.es\/limites-objeciones-012\/\" data-orig-file=\"https:\/\/www.victorarandagarcia.es\/wp-content\/uploads\/limites-objeciones-012.jpg\" data-orig-size=\"720,484\" data-comments-opened=\"0\" data-image-meta=\"{&quot;aperture&quot;:&quot;0&quot;,&quot;credit&quot;:&quot;&quot;,&quot;camera&quot;:&quot;&quot;,&quot;caption&quot;:&quot;&quot;,&quot;created_timestamp&quot;:&quot;0&quot;,&quot;copyright&quot;:&quot;&quot;,&quot;focal_length&quot;:&quot;0&quot;,&quot;iso&quot;:&quot;0&quot;,&quot;shutter_speed&quot;:&quot;0&quot;,&quot;title&quot;:&quot;&quot;,&quot;orientation&quot;:&quot;0&quot;}\" data-image-title=\"limites-objeciones-012\" data-image-description=\"&lt;p&gt;L\u00edmites (Valencia 2006)&lt;\/p&gt;\n\" data-image-caption=\"\" data-medium-file=\"https:\/\/www.victorarandagarcia.es\/wp-content\/uploads\/limites-objeciones-012-300x202.jpg\" data-large-file=\"https:\/\/www.victorarandagarcia.es\/wp-content\/uploads\/limites-objeciones-012.jpg\" decoding=\"async\" loading=\"lazy\" width=\"720\" height=\"484\" src=\"https:\/\/www.victorarandagarcia.es\/wp-content\/uploads\/limites-objeciones-012.jpg\" alt=\"Fotograf\u00eda de una vaso con agua derramada\" data-id=\"2168\" data-link=\"https:\/\/www.victorarandagarcia.es\/limites-objeciones-012\/\" class=\"wp-image-2168\" srcset=\"https:\/\/www.victorarandagarcia.es\/wp-content\/uploads\/limites-objeciones-012.jpg 720w, https:\/\/www.victorarandagarcia.es\/wp-content\/uploads\/limites-objeciones-012-300x202.jpg 300w\" sizes=\"(max-width: 720px) 100vw, 720px\" \/><\/figure><\/li><li class=\"blocks-gallery-item\"><figure><img data-attachment-id=\"2149\" data-permalink=\"https:\/\/www.victorarandagarcia.es\/limites-objeciones-011\/\" data-orig-file=\"https:\/\/www.victorarandagarcia.es\/wp-content\/uploads\/limites-objeciones-011.jpg\" data-orig-size=\"709,472\" data-comments-opened=\"0\" data-image-meta=\"{&quot;aperture&quot;:&quot;0&quot;,&quot;credit&quot;:&quot;&quot;,&quot;camera&quot;:&quot;&quot;,&quot;caption&quot;:&quot;&quot;,&quot;created_timestamp&quot;:&quot;0&quot;,&quot;copyright&quot;:&quot;&quot;,&quot;focal_length&quot;:&quot;0&quot;,&quot;iso&quot;:&quot;0&quot;,&quot;shutter_speed&quot;:&quot;0&quot;,&quot;title&quot;:&quot;&quot;,&quot;orientation&quot;:&quot;0&quot;}\" data-image-title=\"limites-objeciones-011\" data-image-description=\"&lt;p&gt;L\u00edmites (Valencia 2001)&lt;\/p&gt;\n\" data-image-caption=\"\" data-medium-file=\"https:\/\/www.victorarandagarcia.es\/wp-content\/uploads\/limites-objeciones-011-300x200.jpg\" data-large-file=\"https:\/\/www.victorarandagarcia.es\/wp-content\/uploads\/limites-objeciones-011.jpg\" decoding=\"async\" loading=\"lazy\" width=\"709\" height=\"472\" src=\"https:\/\/www.victorarandagarcia.es\/wp-content\/uploads\/limites-objeciones-011.jpg\" alt=\"Fotograf\u00eda de un vaso a contraluz con agua\" data-id=\"2149\" data-link=\"https:\/\/www.victorarandagarcia.es\/limites-objeciones-011\/\" class=\"wp-image-2149\" srcset=\"https:\/\/www.victorarandagarcia.es\/wp-content\/uploads\/limites-objeciones-011.jpg 709w, https:\/\/www.victorarandagarcia.es\/wp-content\/uploads\/limites-objeciones-011-300x200.jpg 300w\" sizes=\"(max-width: 709px) 100vw, 709px\" \/><\/figure><\/li><li class=\"blocks-gallery-item\"><figure><img data-attachment-id=\"2142\" data-permalink=\"https:\/\/www.victorarandagarcia.es\/limites-objeciones-013\/\" data-orig-file=\"https:\/\/www.victorarandagarcia.es\/wp-content\/uploads\/limites-objeciones-013.jpg\" data-orig-size=\"720,481\" data-comments-opened=\"0\" data-image-meta=\"{&quot;aperture&quot;:&quot;0&quot;,&quot;credit&quot;:&quot;&quot;,&quot;camera&quot;:&quot;&quot;,&quot;caption&quot;:&quot;&quot;,&quot;created_timestamp&quot;:&quot;0&quot;,&quot;copyright&quot;:&quot;&quot;,&quot;focal_length&quot;:&quot;0&quot;,&quot;iso&quot;:&quot;0&quot;,&quot;shutter_speed&quot;:&quot;0&quot;,&quot;title&quot;:&quot;&quot;,&quot;orientation&quot;:&quot;0&quot;}\" data-image-title=\"limites-objeciones-013\" data-image-description=\"&lt;p&gt;L\u00edmites (Valencia 2011)&lt;\/p&gt;\n\" data-image-caption=\"\" data-medium-file=\"https:\/\/www.victorarandagarcia.es\/wp-content\/uploads\/limites-objeciones-013-300x200.jpg\" data-large-file=\"https:\/\/www.victorarandagarcia.es\/wp-content\/uploads\/limites-objeciones-013.jpg\" decoding=\"async\" loading=\"lazy\" width=\"720\" height=\"481\" src=\"https:\/\/www.victorarandagarcia.es\/wp-content\/uploads\/limites-objeciones-013.jpg\" alt=\"Fotograf\u00eda de una cuchara en una pila h\u00fameda\" data-id=\"2142\" data-link=\"https:\/\/www.victorarandagarcia.es\/limites-objeciones-013\/\" class=\"wp-image-2142\" srcset=\"https:\/\/www.victorarandagarcia.es\/wp-content\/uploads\/limites-objeciones-013.jpg 720w, https:\/\/www.victorarandagarcia.es\/wp-content\/uploads\/limites-objeciones-013-300x200.jpg 300w\" sizes=\"(max-width: 720px) 100vw, 720px\" \/><\/figure><\/li><li class=\"blocks-gallery-item\"><figure><img data-attachment-id=\"2157\" data-permalink=\"https:\/\/www.victorarandagarcia.es\/limites-objeciones-014\/\" data-orig-file=\"https:\/\/www.victorarandagarcia.es\/wp-content\/uploads\/limites-objeciones-014.jpg\" data-orig-size=\"604,446\" data-comments-opened=\"0\" data-image-meta=\"{&quot;aperture&quot;:&quot;0&quot;,&quot;credit&quot;:&quot;&quot;,&quot;camera&quot;:&quot;&quot;,&quot;caption&quot;:&quot;&quot;,&quot;created_timestamp&quot;:&quot;0&quot;,&quot;copyright&quot;:&quot;&quot;,&quot;focal_length&quot;:&quot;0&quot;,&quot;iso&quot;:&quot;0&quot;,&quot;shutter_speed&quot;:&quot;0&quot;,&quot;title&quot;:&quot;&quot;,&quot;orientation&quot;:&quot;0&quot;}\" data-image-title=\"limites-objeciones-014\" data-image-description=\"&lt;p&gt;Condensaci\u00f3n (Valencia 2009)&lt;\/p&gt;\n\" data-image-caption=\"\" data-medium-file=\"https:\/\/www.victorarandagarcia.es\/wp-content\/uploads\/limites-objeciones-014-300x222.jpg\" data-large-file=\"https:\/\/www.victorarandagarcia.es\/wp-content\/uploads\/limites-objeciones-014.jpg\" decoding=\"async\" loading=\"lazy\" width=\"604\" height=\"446\" src=\"https:\/\/www.victorarandagarcia.es\/wp-content\/uploads\/limites-objeciones-014.jpg\" alt=\"Condensaci\u00f3n de agua sobre una tapa\" data-id=\"2157\" data-link=\"https:\/\/www.victorarandagarcia.es\/limites-objeciones-014\/\" class=\"wp-image-2157\" srcset=\"https:\/\/www.victorarandagarcia.es\/wp-content\/uploads\/limites-objeciones-014.jpg 604w, https:\/\/www.victorarandagarcia.es\/wp-content\/uploads\/limites-objeciones-014-300x222.jpg 300w\" sizes=\"(max-width: 604px) 100vw, 604px\" \/><\/figure><\/li><li class=\"blocks-gallery-item\"><figure><img data-attachment-id=\"2158\" data-permalink=\"https:\/\/www.victorarandagarcia.es\/limites-objeciones-015\/\" data-orig-file=\"https:\/\/www.victorarandagarcia.es\/wp-content\/uploads\/limites-objeciones-015.jpg\" data-orig-size=\"604,426\" data-comments-opened=\"0\" data-image-meta=\"{&quot;aperture&quot;:&quot;0&quot;,&quot;credit&quot;:&quot;&quot;,&quot;camera&quot;:&quot;&quot;,&quot;caption&quot;:&quot;&quot;,&quot;created_timestamp&quot;:&quot;0&quot;,&quot;copyright&quot;:&quot;&quot;,&quot;focal_length&quot;:&quot;0&quot;,&quot;iso&quot;:&quot;0&quot;,&quot;shutter_speed&quot;:&quot;0&quot;,&quot;title&quot;:&quot;&quot;,&quot;orientation&quot;:&quot;0&quot;}\" data-image-title=\"limites-objeciones-015\" data-image-description=\"&lt;p&gt;Paraguas (Valencia 2009)&lt;\/p&gt;\n\" data-image-caption=\"\" data-medium-file=\"https:\/\/www.victorarandagarcia.es\/wp-content\/uploads\/limites-objeciones-015-300x212.jpg\" data-large-file=\"https:\/\/www.victorarandagarcia.es\/wp-content\/uploads\/limites-objeciones-015.jpg\" decoding=\"async\" loading=\"lazy\" width=\"604\" height=\"426\" src=\"https:\/\/www.victorarandagarcia.es\/wp-content\/uploads\/limites-objeciones-015.jpg\" alt=\"Fotograf\u00eda de una paraguas mojado\" data-id=\"2158\" data-link=\"https:\/\/www.victorarandagarcia.es\/limites-objeciones-015\/\" class=\"wp-image-2158\" srcset=\"https:\/\/www.victorarandagarcia.es\/wp-content\/uploads\/limites-objeciones-015.jpg 604w, https:\/\/www.victorarandagarcia.es\/wp-content\/uploads\/limites-objeciones-015-300x212.jpg 300w\" sizes=\"(max-width: 604px) 100vw, 604px\" \/><\/figure><\/li><li class=\"blocks-gallery-item\"><figure><img data-attachment-id=\"2151\" data-permalink=\"https:\/\/www.victorarandagarcia.es\/limites-objeciones-016\/\" data-orig-file=\"https:\/\/www.victorarandagarcia.es\/wp-content\/uploads\/limites-objeciones-016.jpg\" data-orig-size=\"720,481\" data-comments-opened=\"0\" data-image-meta=\"{&quot;aperture&quot;:&quot;0&quot;,&quot;credit&quot;:&quot;&quot;,&quot;camera&quot;:&quot;&quot;,&quot;caption&quot;:&quot;&quot;,&quot;created_timestamp&quot;:&quot;0&quot;,&quot;copyright&quot;:&quot;&quot;,&quot;focal_length&quot;:&quot;0&quot;,&quot;iso&quot;:&quot;0&quot;,&quot;shutter_speed&quot;:&quot;0&quot;,&quot;title&quot;:&quot;&quot;,&quot;orientation&quot;:&quot;0&quot;}\" data-image-title=\"limites-objeciones-016\" data-image-description=\"&lt;p&gt;De profundis (Valencia 2013)&lt;\/p&gt;\n\" data-image-caption=\"\" data-medium-file=\"https:\/\/www.victorarandagarcia.es\/wp-content\/uploads\/limites-objeciones-016-300x200.jpg\" data-large-file=\"https:\/\/www.victorarandagarcia.es\/wp-content\/uploads\/limites-objeciones-016.jpg\" decoding=\"async\" loading=\"lazy\" width=\"720\" height=\"481\" src=\"https:\/\/www.victorarandagarcia.es\/wp-content\/uploads\/limites-objeciones-016.jpg\" alt=\"Fotograf\u00eda de un cactus doblado sobre un vaso de agua\" data-id=\"2151\" data-link=\"https:\/\/www.victorarandagarcia.es\/limites-objeciones-016\/\" class=\"wp-image-2151\" srcset=\"https:\/\/www.victorarandagarcia.es\/wp-content\/uploads\/limites-objeciones-016.jpg 720w, https:\/\/www.victorarandagarcia.es\/wp-content\/uploads\/limites-objeciones-016-300x200.jpg 300w\" sizes=\"(max-width: 720px) 100vw, 720px\" \/><\/figure><\/li><li class=\"blocks-gallery-item\"><figure><img data-attachment-id=\"2169\" data-permalink=\"https:\/\/www.victorarandagarcia.es\/limites-objeciones-017\/\" data-orig-file=\"https:\/\/www.victorarandagarcia.es\/wp-content\/uploads\/limites-objeciones-017.jpg\" data-orig-size=\"720,552\" data-comments-opened=\"0\" data-image-meta=\"{&quot;aperture&quot;:&quot;0&quot;,&quot;credit&quot;:&quot;&quot;,&quot;camera&quot;:&quot;&quot;,&quot;caption&quot;:&quot;&quot;,&quot;created_timestamp&quot;:&quot;0&quot;,&quot;copyright&quot;:&quot;&quot;,&quot;focal_length&quot;:&quot;0&quot;,&quot;iso&quot;:&quot;0&quot;,&quot;shutter_speed&quot;:&quot;0&quot;,&quot;title&quot;:&quot;&quot;,&quot;orientation&quot;:&quot;0&quot;}\" data-image-title=\"limites-objeciones-017\" data-image-description=\"&lt;p&gt;Sin t\u00edtulo (Valencia 2009)&lt;\/p&gt;\n\" data-image-caption=\"\" data-medium-file=\"https:\/\/www.victorarandagarcia.es\/wp-content\/uploads\/limites-objeciones-017-300x230.jpg\" data-large-file=\"https:\/\/www.victorarandagarcia.es\/wp-content\/uploads\/limites-objeciones-017.jpg\" decoding=\"async\" loading=\"lazy\" width=\"720\" height=\"552\" src=\"https:\/\/www.victorarandagarcia.es\/wp-content\/uploads\/limites-objeciones-017.jpg\" alt=\"Fotograf\u00eda de una hoja en una comida\" data-id=\"2169\" data-link=\"https:\/\/www.victorarandagarcia.es\/limites-objeciones-017\/\" class=\"wp-image-2169\" srcset=\"https:\/\/www.victorarandagarcia.es\/wp-content\/uploads\/limites-objeciones-017.jpg 720w, https:\/\/www.victorarandagarcia.es\/wp-content\/uploads\/limites-objeciones-017-300x230.jpg 300w\" sizes=\"(max-width: 720px) 100vw, 720px\" \/><\/figure><\/li><li class=\"blocks-gallery-item\"><figure><img data-attachment-id=\"2164\" data-permalink=\"https:\/\/www.victorarandagarcia.es\/limites-objeciones-018\/\" data-orig-file=\"https:\/\/www.victorarandagarcia.es\/wp-content\/uploads\/limites-objeciones-018.jpg\" data-orig-size=\"720,481\" data-comments-opened=\"0\" data-image-meta=\"{&quot;aperture&quot;:&quot;0&quot;,&quot;credit&quot;:&quot;&quot;,&quot;camera&quot;:&quot;&quot;,&quot;caption&quot;:&quot;&quot;,&quot;created_timestamp&quot;:&quot;0&quot;,&quot;copyright&quot;:&quot;&quot;,&quot;focal_length&quot;:&quot;0&quot;,&quot;iso&quot;:&quot;0&quot;,&quot;shutter_speed&quot;:&quot;0&quot;,&quot;title&quot;:&quot;&quot;,&quot;orientation&quot;:&quot;0&quot;}\" data-image-title=\"limites-objeciones-018\" data-image-description=\"&lt;p&gt;Ruina ilustrada (Valencia 2012)&lt;\/p&gt;\n\" data-image-caption=\"\" data-medium-file=\"https:\/\/www.victorarandagarcia.es\/wp-content\/uploads\/limites-objeciones-018-300x200.jpg\" data-large-file=\"https:\/\/www.victorarandagarcia.es\/wp-content\/uploads\/limites-objeciones-018.jpg\" decoding=\"async\" loading=\"lazy\" width=\"720\" height=\"481\" src=\"https:\/\/www.victorarandagarcia.es\/wp-content\/uploads\/limites-objeciones-018.jpg\" alt=\"Fotograf\u00eda de unos libros a contraluz\" data-id=\"2164\" data-link=\"https:\/\/www.victorarandagarcia.es\/limites-objeciones-018\/\" class=\"wp-image-2164\" srcset=\"https:\/\/www.victorarandagarcia.es\/wp-content\/uploads\/limites-objeciones-018.jpg 720w, https:\/\/www.victorarandagarcia.es\/wp-content\/uploads\/limites-objeciones-018-300x200.jpg 300w\" sizes=\"(max-width: 720px) 100vw, 720px\" \/><\/figure><\/li><li class=\"blocks-gallery-item\"><figure><img data-attachment-id=\"2137\" data-permalink=\"https:\/\/www.victorarandagarcia.es\/limites-objeciones-019\/\" data-orig-file=\"https:\/\/www.victorarandagarcia.es\/wp-content\/uploads\/limites-objeciones-019.jpg\" data-orig-size=\"493,720\" data-comments-opened=\"0\" data-image-meta=\"{&quot;aperture&quot;:&quot;0&quot;,&quot;credit&quot;:&quot;&quot;,&quot;camera&quot;:&quot;&quot;,&quot;caption&quot;:&quot;&quot;,&quot;created_timestamp&quot;:&quot;0&quot;,&quot;copyright&quot;:&quot;&quot;,&quot;focal_length&quot;:&quot;0&quot;,&quot;iso&quot;:&quot;0&quot;,&quot;shutter_speed&quot;:&quot;0&quot;,&quot;title&quot;:&quot;&quot;,&quot;orientation&quot;:&quot;0&quot;}\" data-image-title=\"limites-objeciones-019\" data-image-description=\"&lt;p&gt;A dos velas (Valencia 2010)&lt;\/p&gt;\n\" data-image-caption=\"\" data-medium-file=\"https:\/\/www.victorarandagarcia.es\/wp-content\/uploads\/limites-objeciones-019-205x300.jpg\" data-large-file=\"https:\/\/www.victorarandagarcia.es\/wp-content\/uploads\/limites-objeciones-019.jpg\" decoding=\"async\" loading=\"lazy\" width=\"493\" height=\"720\" src=\"https:\/\/www.victorarandagarcia.es\/wp-content\/uploads\/limites-objeciones-019.jpg\" alt=\"Fotograf\u00eda art\u00edstica de una vela en una l\u00e1mpara\" data-id=\"2137\" data-link=\"https:\/\/www.victorarandagarcia.es\/limites-objeciones-019\/\" class=\"wp-image-2137\" srcset=\"https:\/\/www.victorarandagarcia.es\/wp-content\/uploads\/limites-objeciones-019.jpg 493w, https:\/\/www.victorarandagarcia.es\/wp-content\/uploads\/limites-objeciones-019-205x300.jpg 205w\" sizes=\"(max-width: 493px) 100vw, 493px\" \/><\/figure><\/li><li class=\"blocks-gallery-item\"><figure><img data-attachment-id=\"2143\" data-permalink=\"https:\/\/www.victorarandagarcia.es\/limites-objeciones-020\/\" data-orig-file=\"https:\/\/www.victorarandagarcia.es\/wp-content\/uploads\/limites-objeciones-020.jpg\" data-orig-size=\"508,720\" data-comments-opened=\"0\" data-image-meta=\"{&quot;aperture&quot;:&quot;0&quot;,&quot;credit&quot;:&quot;&quot;,&quot;camera&quot;:&quot;&quot;,&quot;caption&quot;:&quot;&quot;,&quot;created_timestamp&quot;:&quot;0&quot;,&quot;copyright&quot;:&quot;&quot;,&quot;focal_length&quot;:&quot;0&quot;,&quot;iso&quot;:&quot;0&quot;,&quot;shutter_speed&quot;:&quot;0&quot;,&quot;title&quot;:&quot;&quot;,&quot;orientation&quot;:&quot;0&quot;}\" data-image-title=\"limites-objeciones-020\" data-image-description=\"&lt;p&gt;La naturaleza de la luz (Valencia 2011)&lt;\/p&gt;\n\" data-image-caption=\"\" data-medium-file=\"https:\/\/www.victorarandagarcia.es\/wp-content\/uploads\/limites-objeciones-020-212x300.jpg\" data-large-file=\"https:\/\/www.victorarandagarcia.es\/wp-content\/uploads\/limites-objeciones-020.jpg\" decoding=\"async\" loading=\"lazy\" width=\"508\" height=\"720\" src=\"https:\/\/www.victorarandagarcia.es\/wp-content\/uploads\/limites-objeciones-020.jpg\" alt=\"Fotograf\u00eda en una pluma sobre una vela\" data-id=\"2143\" data-link=\"https:\/\/www.victorarandagarcia.es\/limites-objeciones-020\/\" class=\"wp-image-2143\" srcset=\"https:\/\/www.victorarandagarcia.es\/wp-content\/uploads\/limites-objeciones-020.jpg 508w, https:\/\/www.victorarandagarcia.es\/wp-content\/uploads\/limites-objeciones-020-212x300.jpg 212w\" sizes=\"(max-width: 508px) 100vw, 508px\" \/><\/figure><\/li><li class=\"blocks-gallery-item\"><figure><img data-attachment-id=\"2152\" data-permalink=\"https:\/\/www.victorarandagarcia.es\/limites-objeciones-021\/\" data-orig-file=\"https:\/\/www.victorarandagarcia.es\/wp-content\/uploads\/limites-objeciones-021.jpg\" data-orig-size=\"405,595\" data-comments-opened=\"0\" data-image-meta=\"{&quot;aperture&quot;:&quot;0&quot;,&quot;credit&quot;:&quot;&quot;,&quot;camera&quot;:&quot;&quot;,&quot;caption&quot;:&quot;&quot;,&quot;created_timestamp&quot;:&quot;0&quot;,&quot;copyright&quot;:&quot;&quot;,&quot;focal_length&quot;:&quot;0&quot;,&quot;iso&quot;:&quot;0&quot;,&quot;shutter_speed&quot;:&quot;0&quot;,&quot;title&quot;:&quot;&quot;,&quot;orientation&quot;:&quot;0&quot;}\" data-image-title=\"limites-objeciones-021\" data-image-description=\"&lt;p&gt;Sin t\u00edtulo (Murcia 2003)&lt;\/p&gt;\n\" data-image-caption=\"\" data-medium-file=\"https:\/\/www.victorarandagarcia.es\/wp-content\/uploads\/limites-objeciones-021-204x300.jpg\" data-large-file=\"https:\/\/www.victorarandagarcia.es\/wp-content\/uploads\/limites-objeciones-021.jpg\" decoding=\"async\" loading=\"lazy\" width=\"405\" height=\"595\" src=\"https:\/\/www.victorarandagarcia.es\/wp-content\/uploads\/limites-objeciones-021.jpg\" alt=\"Fotograf\u00eda de una bombilla desnuda\" data-id=\"2152\" data-link=\"https:\/\/www.victorarandagarcia.es\/limites-objeciones-021\/\" class=\"wp-image-2152\" srcset=\"https:\/\/www.victorarandagarcia.es\/wp-content\/uploads\/limites-objeciones-021.jpg 405w, https:\/\/www.victorarandagarcia.es\/wp-content\/uploads\/limites-objeciones-021-204x300.jpg 204w\" sizes=\"(max-width: 405px) 100vw, 405px\" \/><\/figure><\/li><li class=\"blocks-gallery-item\"><figure><img data-attachment-id=\"2153\" data-permalink=\"https:\/\/www.victorarandagarcia.es\/limites-objeciones-022\/\" data-orig-file=\"https:\/\/www.victorarandagarcia.es\/wp-content\/uploads\/limites-objeciones-022.jpg\" data-orig-size=\"481,720\" data-comments-opened=\"0\" data-image-meta=\"{&quot;aperture&quot;:&quot;0&quot;,&quot;credit&quot;:&quot;&quot;,&quot;camera&quot;:&quot;&quot;,&quot;caption&quot;:&quot;&quot;,&quot;created_timestamp&quot;:&quot;0&quot;,&quot;copyright&quot;:&quot;&quot;,&quot;focal_length&quot;:&quot;0&quot;,&quot;iso&quot;:&quot;0&quot;,&quot;shutter_speed&quot;:&quot;0&quot;,&quot;title&quot;:&quot;&quot;,&quot;orientation&quot;:&quot;0&quot;}\" data-image-title=\"limites-objeciones-022\" data-image-description=\"&lt;p&gt;Sin t\u00edtulo (B\u00e9tera 2012)&lt;\/p&gt;\n\" data-image-caption=\"\" data-medium-file=\"https:\/\/www.victorarandagarcia.es\/wp-content\/uploads\/limites-objeciones-022-200x300.jpg\" data-large-file=\"https:\/\/www.victorarandagarcia.es\/wp-content\/uploads\/limites-objeciones-022.jpg\" decoding=\"async\" loading=\"lazy\" width=\"481\" height=\"720\" src=\"https:\/\/www.victorarandagarcia.es\/wp-content\/uploads\/limites-objeciones-022.jpg\" alt=\"\" data-id=\"2153\" data-link=\"https:\/\/www.victorarandagarcia.es\/limites-objeciones-022\/\" class=\"wp-image-2153\" srcset=\"https:\/\/www.victorarandagarcia.es\/wp-content\/uploads\/limites-objeciones-022.jpg 481w, https:\/\/www.victorarandagarcia.es\/wp-content\/uploads\/limites-objeciones-022-200x300.jpg 200w\" sizes=\"(max-width: 481px) 100vw, 481px\" \/><\/figure><\/li><li class=\"blocks-gallery-item\"><figure><img data-attachment-id=\"2160\" data-permalink=\"https:\/\/www.victorarandagarcia.es\/limites-objeciones-023\/\" data-orig-file=\"https:\/\/www.victorarandagarcia.es\/wp-content\/uploads\/limites-objeciones-023.jpg\" data-orig-size=\"486,720\" data-comments-opened=\"0\" data-image-meta=\"{&quot;aperture&quot;:&quot;0&quot;,&quot;credit&quot;:&quot;&quot;,&quot;camera&quot;:&quot;&quot;,&quot;caption&quot;:&quot;&quot;,&quot;created_timestamp&quot;:&quot;0&quot;,&quot;copyright&quot;:&quot;&quot;,&quot;focal_length&quot;:&quot;0&quot;,&quot;iso&quot;:&quot;0&quot;,&quot;shutter_speed&quot;:&quot;0&quot;,&quot;title&quot;:&quot;&quot;,&quot;orientation&quot;:&quot;0&quot;}\" data-image-title=\"limites-objeciones-023\" data-image-description=\"&lt;p&gt;Pegado y despegando (Valencia 2010)&lt;\/p&gt;\n\" data-image-caption=\"\" data-medium-file=\"https:\/\/www.victorarandagarcia.es\/wp-content\/uploads\/limites-objeciones-023-203x300.jpg\" data-large-file=\"https:\/\/www.victorarandagarcia.es\/wp-content\/uploads\/limites-objeciones-023.jpg\" decoding=\"async\" loading=\"lazy\" width=\"486\" height=\"720\" src=\"https:\/\/www.victorarandagarcia.es\/wp-content\/uploads\/limites-objeciones-023.jpg\" alt=\"Fotograf\u00eda de un tubo de pegamento apretado\" data-id=\"2160\" data-link=\"https:\/\/www.victorarandagarcia.es\/limites-objeciones-023\/\" class=\"wp-image-2160\" srcset=\"https:\/\/www.victorarandagarcia.es\/wp-content\/uploads\/limites-objeciones-023.jpg 486w, https:\/\/www.victorarandagarcia.es\/wp-content\/uploads\/limites-objeciones-023-203x300.jpg 203w\" sizes=\"(max-width: 486px) 100vw, 486px\" \/><\/figure><\/li><li class=\"blocks-gallery-item\"><figure><img data-attachment-id=\"2161\" data-permalink=\"https:\/\/www.victorarandagarcia.es\/limites-objeciones-024\/\" data-orig-file=\"https:\/\/www.victorarandagarcia.es\/wp-content\/uploads\/limites-objeciones-024.jpg\" data-orig-size=\"481,720\" data-comments-opened=\"0\" data-image-meta=\"{&quot;aperture&quot;:&quot;0&quot;,&quot;credit&quot;:&quot;&quot;,&quot;camera&quot;:&quot;&quot;,&quot;caption&quot;:&quot;&quot;,&quot;created_timestamp&quot;:&quot;0&quot;,&quot;copyright&quot;:&quot;&quot;,&quot;focal_length&quot;:&quot;0&quot;,&quot;iso&quot;:&quot;0&quot;,&quot;shutter_speed&quot;:&quot;0&quot;,&quot;title&quot;:&quot;&quot;,&quot;orientation&quot;:&quot;0&quot;}\" data-image-title=\"limites-objeciones-024\" data-image-description=\"&lt;p&gt;Sali\u00f3 bien por los pelos (Valencia 2013)&lt;\/p&gt;\n\" data-image-caption=\"\" data-medium-file=\"https:\/\/www.victorarandagarcia.es\/wp-content\/uploads\/limites-objeciones-024-200x300.jpg\" data-large-file=\"https:\/\/www.victorarandagarcia.es\/wp-content\/uploads\/limites-objeciones-024.jpg\" decoding=\"async\" loading=\"lazy\" width=\"481\" height=\"720\" src=\"https:\/\/www.victorarandagarcia.es\/wp-content\/uploads\/limites-objeciones-024.jpg\" alt=\"Fotograf\u00eda de un cepillo a contraluz\" data-id=\"2161\" data-link=\"https:\/\/www.victorarandagarcia.es\/limites-objeciones-024\/\" class=\"wp-image-2161\" srcset=\"https:\/\/www.victorarandagarcia.es\/wp-content\/uploads\/limites-objeciones-024.jpg 481w, https:\/\/www.victorarandagarcia.es\/wp-content\/uploads\/limites-objeciones-024-200x300.jpg 200w\" sizes=\"(max-width: 481px) 100vw, 481px\" \/><\/figure><\/li><li class=\"blocks-gallery-item\"><figure><img data-attachment-id=\"2173\" data-permalink=\"https:\/\/www.victorarandagarcia.es\/limites-objeciones-025\/\" data-orig-file=\"https:\/\/www.victorarandagarcia.es\/wp-content\/uploads\/limites-objeciones-025.jpg\" data-orig-size=\"720,481\" data-comments-opened=\"0\" data-image-meta=\"{&quot;aperture&quot;:&quot;0&quot;,&quot;credit&quot;:&quot;&quot;,&quot;camera&quot;:&quot;&quot;,&quot;caption&quot;:&quot;&quot;,&quot;created_timestamp&quot;:&quot;0&quot;,&quot;copyright&quot;:&quot;&quot;,&quot;focal_length&quot;:&quot;0&quot;,&quot;iso&quot;:&quot;0&quot;,&quot;shutter_speed&quot;:&quot;0&quot;,&quot;title&quot;:&quot;&quot;,&quot;orientation&quot;:&quot;0&quot;}\" data-image-title=\"limites-objeciones-025\" data-image-description=\"&lt;p&gt;Daddy long leggs (Milton Keynes 2013)&lt;\/p&gt;\n\" data-image-caption=\"\" data-medium-file=\"https:\/\/www.victorarandagarcia.es\/wp-content\/uploads\/limites-objeciones-025-300x200.jpg\" data-large-file=\"https:\/\/www.victorarandagarcia.es\/wp-content\/uploads\/limites-objeciones-025.jpg\" decoding=\"async\" loading=\"lazy\" width=\"720\" height=\"481\" src=\"https:\/\/www.victorarandagarcia.es\/wp-content\/uploads\/limites-objeciones-025.jpg\" alt=\"Fotograf\u00eda de un mosquito de patas largas ante un cepillo\" data-id=\"2173\" data-link=\"https:\/\/www.victorarandagarcia.es\/limites-objeciones-025\/\" class=\"wp-image-2173\" srcset=\"https:\/\/www.victorarandagarcia.es\/wp-content\/uploads\/limites-objeciones-025.jpg 720w, https:\/\/www.victorarandagarcia.es\/wp-content\/uploads\/limites-objeciones-025-300x200.jpg 300w\" sizes=\"(max-width: 720px) 100vw, 720px\" \/><\/figure><\/li><li class=\"blocks-gallery-item\"><figure><img data-attachment-id=\"2165\" data-permalink=\"https:\/\/www.victorarandagarcia.es\/limites-objeciones-026\/\" data-orig-file=\"https:\/\/www.victorarandagarcia.es\/wp-content\/uploads\/limites-objeciones-026.jpg\" data-orig-size=\"720,481\" data-comments-opened=\"0\" data-image-meta=\"{&quot;aperture&quot;:&quot;0&quot;,&quot;credit&quot;:&quot;&quot;,&quot;camera&quot;:&quot;&quot;,&quot;caption&quot;:&quot;&quot;,&quot;created_timestamp&quot;:&quot;0&quot;,&quot;copyright&quot;:&quot;&quot;,&quot;focal_length&quot;:&quot;0&quot;,&quot;iso&quot;:&quot;0&quot;,&quot;shutter_speed&quot;:&quot;0&quot;,&quot;title&quot;:&quot;&quot;,&quot;orientation&quot;:&quot;0&quot;}\" data-image-title=\"limites-objeciones-026\" data-image-description=\"&lt;p&gt;Con A de Anarqu\u00eda (Valencia 2014)&lt;\/p&gt;\n\" data-image-caption=\"\" data-medium-file=\"https:\/\/www.victorarandagarcia.es\/wp-content\/uploads\/limites-objeciones-026-300x200.jpg\" data-large-file=\"https:\/\/www.victorarandagarcia.es\/wp-content\/uploads\/limites-objeciones-026.jpg\" decoding=\"async\" loading=\"lazy\" width=\"720\" height=\"481\" src=\"https:\/\/www.victorarandagarcia.es\/wp-content\/uploads\/limites-objeciones-026.jpg\" alt=\"Fotograf\u00eda de una tapa de registro en la calle\" data-id=\"2165\" data-link=\"https:\/\/www.victorarandagarcia.es\/limites-objeciones-026\/\" class=\"wp-image-2165\" srcset=\"https:\/\/www.victorarandagarcia.es\/wp-content\/uploads\/limites-objeciones-026.jpg 720w, https:\/\/www.victorarandagarcia.es\/wp-content\/uploads\/limites-objeciones-026-300x200.jpg 300w\" sizes=\"(max-width: 720px) 100vw, 720px\" \/><\/figure><\/li><li class=\"blocks-gallery-item\"><figure><img data-attachment-id=\"2146\" data-permalink=\"https:\/\/www.victorarandagarcia.es\/limites-objeciones-027\/\" data-orig-file=\"https:\/\/www.victorarandagarcia.es\/wp-content\/uploads\/limites-objeciones-027.jpg\" data-orig-size=\"604,404\" data-comments-opened=\"0\" data-image-meta=\"{&quot;aperture&quot;:&quot;0&quot;,&quot;credit&quot;:&quot;&quot;,&quot;camera&quot;:&quot;&quot;,&quot;caption&quot;:&quot;&quot;,&quot;created_timestamp&quot;:&quot;0&quot;,&quot;copyright&quot;:&quot;&quot;,&quot;focal_length&quot;:&quot;0&quot;,&quot;iso&quot;:&quot;0&quot;,&quot;shutter_speed&quot;:&quot;0&quot;,&quot;title&quot;:&quot;&quot;,&quot;orientation&quot;:&quot;0&quot;}\" data-image-title=\"limites-objeciones-027\" data-image-description=\"&lt;p&gt;Rueda (Valencia 2009)&lt;\/p&gt;\n\" data-image-caption=\"\" data-medium-file=\"https:\/\/www.victorarandagarcia.es\/wp-content\/uploads\/limites-objeciones-027-300x201.jpg\" data-large-file=\"https:\/\/www.victorarandagarcia.es\/wp-content\/uploads\/limites-objeciones-027.jpg\" decoding=\"async\" loading=\"lazy\" width=\"604\" height=\"404\" src=\"https:\/\/www.victorarandagarcia.es\/wp-content\/uploads\/limites-objeciones-027.jpg\" alt=\"Fotograf\u00eda de la rueda de una bicicleta\" data-id=\"2146\" data-link=\"https:\/\/www.victorarandagarcia.es\/limites-objeciones-027\/\" class=\"wp-image-2146\" srcset=\"https:\/\/www.victorarandagarcia.es\/wp-content\/uploads\/limites-objeciones-027.jpg 604w, https:\/\/www.victorarandagarcia.es\/wp-content\/uploads\/limites-objeciones-027-300x201.jpg 300w\" sizes=\"(max-width: 604px) 100vw, 604px\" \/><\/figure><\/li><li class=\"blocks-gallery-item\"><figure><img data-attachment-id=\"2150\" data-permalink=\"https:\/\/www.victorarandagarcia.es\/limites-objeciones-028\/\" data-orig-file=\"https:\/\/www.victorarandagarcia.es\/wp-content\/uploads\/limites-objeciones-028.jpg\" data-orig-size=\"709,473\" data-comments-opened=\"0\" data-image-meta=\"{&quot;aperture&quot;:&quot;0&quot;,&quot;credit&quot;:&quot;&quot;,&quot;camera&quot;:&quot;&quot;,&quot;caption&quot;:&quot;&quot;,&quot;created_timestamp&quot;:&quot;0&quot;,&quot;copyright&quot;:&quot;&quot;,&quot;focal_length&quot;:&quot;0&quot;,&quot;iso&quot;:&quot;0&quot;,&quot;shutter_speed&quot;:&quot;0&quot;,&quot;title&quot;:&quot;&quot;,&quot;orientation&quot;:&quot;0&quot;}\" data-image-title=\"limites-objeciones-028\" data-image-description=\"&lt;p&gt;L\u00edmites (Valencia 2001)&lt;\/p&gt;\n\" data-image-caption=\"\" data-medium-file=\"https:\/\/www.victorarandagarcia.es\/wp-content\/uploads\/limites-objeciones-028-300x200.jpg\" data-large-file=\"https:\/\/www.victorarandagarcia.es\/wp-content\/uploads\/limites-objeciones-028.jpg\" decoding=\"async\" loading=\"lazy\" width=\"709\" height=\"473\" src=\"https:\/\/www.victorarandagarcia.es\/wp-content\/uploads\/limites-objeciones-028.jpg\" alt=\"Fotograf\u00eda de una pluma en estudio con fondo negro\" data-id=\"2150\" data-link=\"https:\/\/www.victorarandagarcia.es\/limites-objeciones-028\/\" class=\"wp-image-2150\" srcset=\"https:\/\/www.victorarandagarcia.es\/wp-content\/uploads\/limites-objeciones-028.jpg 709w, https:\/\/www.victorarandagarcia.es\/wp-content\/uploads\/limites-objeciones-028-300x200.jpg 300w\" sizes=\"(max-width: 709px) 100vw, 709px\" \/><\/figure><\/li><li class=\"blocks-gallery-item\"><figure><img data-attachment-id=\"2288\" data-permalink=\"https:\/\/www.victorarandagarcia.es\/calendario-2019-12\/\" data-orig-file=\"https:\/\/www.victorarandagarcia.es\/wp-content\/uploads\/calendario-2019-12.jpg\" data-orig-size=\"650,508\" data-comments-opened=\"0\" data-image-meta=\"{&quot;aperture&quot;:&quot;0&quot;,&quot;credit&quot;:&quot;unknown&quot;,&quot;camera&quot;:&quot;&quot;,&quot;caption&quot;:&quot;&quot;,&quot;created_timestamp&quot;:&quot;0&quot;,&quot;copyright&quot;:&quot;&quot;,&quot;focal_length&quot;:&quot;0&quot;,&quot;iso&quot;:&quot;0&quot;,&quot;shutter_speed&quot;:&quot;0&quot;,&quot;title&quot;:&quot;&quot;,&quot;orientation&quot;:&quot;0&quot;}\" data-image-title=\"calendario-2019-12\" data-image-description=\"&lt;p&gt;Sin t\u00edtulo (Fuente \u00c1lamo 2017)&lt;\/p&gt;\n\" data-image-caption=\"\" data-medium-file=\"https:\/\/www.victorarandagarcia.es\/wp-content\/uploads\/calendario-2019-12-300x234.jpg\" data-large-file=\"https:\/\/www.victorarandagarcia.es\/wp-content\/uploads\/calendario-2019-12.jpg\" decoding=\"async\" loading=\"lazy\" width=\"650\" height=\"508\" src=\"https:\/\/www.victorarandagarcia.es\/wp-content\/uploads\/calendario-2019-12.jpg\" alt=\"Fotograf\u00eda en blanco y negro de una espiral hecha con caracoles\" data-id=\"2288\" data-link=\"https:\/\/www.victorarandagarcia.es\/calendario-2019-12\/\" class=\"wp-image-2288\" srcset=\"https:\/\/www.victorarandagarcia.es\/wp-content\/uploads\/calendario-2019-12.jpg 650w, https:\/\/www.victorarandagarcia.es\/wp-content\/uploads\/calendario-2019-12-300x234.jpg 300w\" sizes=\"(max-width: 650px) 100vw, 650px\" \/><\/figure><\/li><li class=\"blocks-gallery-item\"><figure><img data-attachment-id=\"2138\" data-permalink=\"https:\/\/www.victorarandagarcia.es\/limites-objeciones-029\/\" data-orig-file=\"https:\/\/www.victorarandagarcia.es\/wp-content\/uploads\/limites-objeciones-029.jpg\" data-orig-size=\"720,508\" data-comments-opened=\"0\" data-image-meta=\"{&quot;aperture&quot;:&quot;0&quot;,&quot;credit&quot;:&quot;&quot;,&quot;camera&quot;:&quot;&quot;,&quot;caption&quot;:&quot;&quot;,&quot;created_timestamp&quot;:&quot;0&quot;,&quot;copyright&quot;:&quot;&quot;,&quot;focal_length&quot;:&quot;0&quot;,&quot;iso&quot;:&quot;0&quot;,&quot;shutter_speed&quot;:&quot;0&quot;,&quot;title&quot;:&quot;&quot;,&quot;orientation&quot;:&quot;0&quot;}\" data-image-title=\"limites-objeciones-029\" data-image-description=\"&lt;p&gt;L\u00edmites (Valencia 2009)&lt;\/p&gt;\n\" data-image-caption=\"\" data-medium-file=\"https:\/\/www.victorarandagarcia.es\/wp-content\/uploads\/limites-objeciones-029-300x212.jpg\" data-large-file=\"https:\/\/www.victorarandagarcia.es\/wp-content\/uploads\/limites-objeciones-029.jpg\" decoding=\"async\" loading=\"lazy\" width=\"720\" height=\"508\" src=\"https:\/\/www.victorarandagarcia.es\/wp-content\/uploads\/limites-objeciones-029.jpg\" alt=\"Fotograf\u00eda de una manzana con su rabo\" data-id=\"2138\" data-link=\"https:\/\/www.victorarandagarcia.es\/limites-objeciones-029\/\" class=\"wp-image-2138\" srcset=\"https:\/\/www.victorarandagarcia.es\/wp-content\/uploads\/limites-objeciones-029.jpg 720w, https:\/\/www.victorarandagarcia.es\/wp-content\/uploads\/limites-objeciones-029-300x212.jpg 300w\" sizes=\"(max-width: 720px) 100vw, 720px\" \/><\/figure><\/li><li class=\"blocks-gallery-item\"><figure><img data-attachment-id=\"2171\" data-permalink=\"https:\/\/www.victorarandagarcia.es\/limites-objeciones-036\/\" data-orig-file=\"https:\/\/www.victorarandagarcia.es\/wp-content\/uploads\/limites-objeciones-036.jpg\" data-orig-size=\"509,720\" data-comments-opened=\"0\" data-image-meta=\"{&quot;aperture&quot;:&quot;0&quot;,&quot;credit&quot;:&quot;&quot;,&quot;camera&quot;:&quot;&quot;,&quot;caption&quot;:&quot;&quot;,&quot;created_timestamp&quot;:&quot;0&quot;,&quot;copyright&quot;:&quot;&quot;,&quot;focal_length&quot;:&quot;0&quot;,&quot;iso&quot;:&quot;0&quot;,&quot;shutter_speed&quot;:&quot;0&quot;,&quot;title&quot;:&quot;&quot;,&quot;orientation&quot;:&quot;0&quot;}\" data-image-title=\"limites-objeciones-036\" data-image-description=\"&lt;p&gt;Tres platanos sobre dos maderas (Valencia 2009)&lt;\/p&gt;\n\" data-image-caption=\"\" data-medium-file=\"https:\/\/www.victorarandagarcia.es\/wp-content\/uploads\/limites-objeciones-036-212x300.jpg\" data-large-file=\"https:\/\/www.victorarandagarcia.es\/wp-content\/uploads\/limites-objeciones-036.jpg\" decoding=\"async\" loading=\"lazy\" width=\"509\" height=\"720\" src=\"https:\/\/www.victorarandagarcia.es\/wp-content\/uploads\/limites-objeciones-036.jpg\" alt=\"Fotograf\u00eda de tres platanos sobre dos tablas\" data-id=\"2171\" data-link=\"https:\/\/www.victorarandagarcia.es\/limites-objeciones-036\/\" class=\"wp-image-2171\" srcset=\"https:\/\/www.victorarandagarcia.es\/wp-content\/uploads\/limites-objeciones-036.jpg 509w, https:\/\/www.victorarandagarcia.es\/wp-content\/uploads\/limites-objeciones-036-212x300.jpg 212w\" sizes=\"(max-width: 509px) 100vw, 509px\" \/><\/figure><\/li><li class=\"blocks-gallery-item\"><figure><img data-attachment-id=\"2144\" data-permalink=\"https:\/\/www.victorarandagarcia.es\/limites-objeciones-031\/\" data-orig-file=\"https:\/\/www.victorarandagarcia.es\/wp-content\/uploads\/limites-objeciones-031.jpg\" data-orig-size=\"413,604\" data-comments-opened=\"0\" data-image-meta=\"{&quot;aperture&quot;:&quot;0&quot;,&quot;credit&quot;:&quot;&quot;,&quot;camera&quot;:&quot;&quot;,&quot;caption&quot;:&quot;&quot;,&quot;created_timestamp&quot;:&quot;0&quot;,&quot;copyright&quot;:&quot;&quot;,&quot;focal_length&quot;:&quot;0&quot;,&quot;iso&quot;:&quot;0&quot;,&quot;shutter_speed&quot;:&quot;0&quot;,&quot;title&quot;:&quot;&quot;,&quot;orientation&quot;:&quot;0&quot;}\" data-image-title=\"limites-objeciones-031\" data-image-description=\"&lt;p&gt;EggSCAQUES (Valencia 2004)&lt;\/p&gt;\n\" data-image-caption=\"\" data-medium-file=\"https:\/\/www.victorarandagarcia.es\/wp-content\/uploads\/limites-objeciones-031-205x300.jpg\" data-large-file=\"https:\/\/www.victorarandagarcia.es\/wp-content\/uploads\/limites-objeciones-031.jpg\" decoding=\"async\" loading=\"lazy\" width=\"413\" height=\"604\" src=\"https:\/\/www.victorarandagarcia.es\/wp-content\/uploads\/limites-objeciones-031.jpg\" alt=\"Fotograf\u00eda de huevos de gallina sobre un tablero de ajedrez\" data-id=\"2144\" data-link=\"https:\/\/www.victorarandagarcia.es\/limites-objeciones-031\/\" class=\"wp-image-2144\" srcset=\"https:\/\/www.victorarandagarcia.es\/wp-content\/uploads\/limites-objeciones-031.jpg 413w, https:\/\/www.victorarandagarcia.es\/wp-content\/uploads\/limites-objeciones-031-205x300.jpg 205w\" sizes=\"(max-width: 413px) 100vw, 413px\" \/><\/figure><\/li><li class=\"blocks-gallery-item\"><figure><img data-attachment-id=\"2148\" data-permalink=\"https:\/\/www.victorarandagarcia.es\/limites-objeciones-032\/\" data-orig-file=\"https:\/\/www.victorarandagarcia.es\/wp-content\/uploads\/limites-objeciones-032.jpg\" data-orig-size=\"496,720\" data-comments-opened=\"0\" data-image-meta=\"{&quot;aperture&quot;:&quot;0&quot;,&quot;credit&quot;:&quot;&quot;,&quot;camera&quot;:&quot;&quot;,&quot;caption&quot;:&quot;&quot;,&quot;created_timestamp&quot;:&quot;0&quot;,&quot;copyright&quot;:&quot;&quot;,&quot;focal_length&quot;:&quot;0&quot;,&quot;iso&quot;:&quot;0&quot;,&quot;shutter_speed&quot;:&quot;0&quot;,&quot;title&quot;:&quot;&quot;,&quot;orientation&quot;:&quot;0&quot;}\" data-image-title=\"limites-objeciones-032\" data-image-description=\"&lt;p&gt;An\u00e1lisis de formas I (Valencia 2011)&lt;\/p&gt;\n\" data-image-caption=\"\" data-medium-file=\"https:\/\/www.victorarandagarcia.es\/wp-content\/uploads\/limites-objeciones-032-207x300.jpg\" data-large-file=\"https:\/\/www.victorarandagarcia.es\/wp-content\/uploads\/limites-objeciones-032.jpg\" decoding=\"async\" loading=\"lazy\" width=\"496\" height=\"720\" src=\"https:\/\/www.victorarandagarcia.es\/wp-content\/uploads\/limites-objeciones-032.jpg\" alt=\"Fotograf\u00eda de un globo lleno de agua\" data-id=\"2148\" data-link=\"https:\/\/www.victorarandagarcia.es\/limites-objeciones-032\/\" class=\"wp-image-2148\" srcset=\"https:\/\/www.victorarandagarcia.es\/wp-content\/uploads\/limites-objeciones-032.jpg 496w, https:\/\/www.victorarandagarcia.es\/wp-content\/uploads\/limites-objeciones-032-207x300.jpg 207w\" sizes=\"(max-width: 496px) 100vw, 496px\" \/><\/figure><\/li><li class=\"blocks-gallery-item\"><figure><img data-attachment-id=\"2154\" data-permalink=\"https:\/\/www.victorarandagarcia.es\/limites-objeciones-033\/\" data-orig-file=\"https:\/\/www.victorarandagarcia.es\/wp-content\/uploads\/limites-objeciones-033.jpg\" data-orig-size=\"481,720\" data-comments-opened=\"0\" data-image-meta=\"{&quot;aperture&quot;:&quot;0&quot;,&quot;credit&quot;:&quot;&quot;,&quot;camera&quot;:&quot;&quot;,&quot;caption&quot;:&quot;&quot;,&quot;created_timestamp&quot;:&quot;0&quot;,&quot;copyright&quot;:&quot;&quot;,&quot;focal_length&quot;:&quot;0&quot;,&quot;iso&quot;:&quot;0&quot;,&quot;shutter_speed&quot;:&quot;0&quot;,&quot;title&quot;:&quot;&quot;,&quot;orientation&quot;:&quot;0&quot;}\" data-image-title=\"limites-objeciones-033\" data-image-description=\"&lt;p&gt;An\u00e1lisis de formas II (Valencia 2011)&lt;\/p&gt;\n\" data-image-caption=\"\" data-medium-file=\"https:\/\/www.victorarandagarcia.es\/wp-content\/uploads\/limites-objeciones-033-200x300.jpg\" data-large-file=\"https:\/\/www.victorarandagarcia.es\/wp-content\/uploads\/limites-objeciones-033.jpg\" decoding=\"async\" loading=\"lazy\" width=\"481\" height=\"720\" src=\"https:\/\/www.victorarandagarcia.es\/wp-content\/uploads\/limites-objeciones-033.jpg\" alt=\"Fotograf\u00eda de un guante lleno de agua\" data-id=\"2154\" data-link=\"https:\/\/www.victorarandagarcia.es\/limites-objeciones-033\/\" class=\"wp-image-2154\" srcset=\"https:\/\/www.victorarandagarcia.es\/wp-content\/uploads\/limites-objeciones-033.jpg 481w, https:\/\/www.victorarandagarcia.es\/wp-content\/uploads\/limites-objeciones-033-200x300.jpg 200w\" sizes=\"(max-width: 481px) 100vw, 481px\" \/><\/figure><\/li><li class=\"blocks-gallery-item\"><figure><img data-attachment-id=\"2145\" data-permalink=\"https:\/\/www.victorarandagarcia.es\/limites-objeciones-034\/\" data-orig-file=\"https:\/\/www.victorarandagarcia.es\/wp-content\/uploads\/limites-objeciones-034.jpg\" data-orig-size=\"481,720\" data-comments-opened=\"0\" data-image-meta=\"{&quot;aperture&quot;:&quot;0&quot;,&quot;credit&quot;:&quot;&quot;,&quot;camera&quot;:&quot;&quot;,&quot;caption&quot;:&quot;&quot;,&quot;created_timestamp&quot;:&quot;0&quot;,&quot;copyright&quot;:&quot;&quot;,&quot;focal_length&quot;:&quot;0&quot;,&quot;iso&quot;:&quot;0&quot;,&quot;shutter_speed&quot;:&quot;0&quot;,&quot;title&quot;:&quot;&quot;,&quot;orientation&quot;:&quot;0&quot;}\" data-image-title=\"limites-objeciones-034\" data-image-description=\"&lt;p&gt;Bajo la playa est\u00e1n los adoquines (Pinedo 2013)&lt;\/p&gt;\n\" data-image-caption=\"\" data-medium-file=\"https:\/\/www.victorarandagarcia.es\/wp-content\/uploads\/limites-objeciones-034-200x300.jpg\" data-large-file=\"https:\/\/www.victorarandagarcia.es\/wp-content\/uploads\/limites-objeciones-034.jpg\" decoding=\"async\" loading=\"lazy\" width=\"481\" height=\"720\" src=\"https:\/\/www.victorarandagarcia.es\/wp-content\/uploads\/limites-objeciones-034.jpg\" alt=\"Fotograf\u00eda de unas bsldosas que asoman entre la arena\" data-id=\"2145\" data-link=\"https:\/\/www.victorarandagarcia.es\/limites-objeciones-034\/\" class=\"wp-image-2145\" srcset=\"https:\/\/www.victorarandagarcia.es\/wp-content\/uploads\/limites-objeciones-034.jpg 481w, https:\/\/www.victorarandagarcia.es\/wp-content\/uploads\/limites-objeciones-034-200x300.jpg 200w\" sizes=\"(max-width: 481px) 100vw, 481px\" \/><\/figure><\/li><li class=\"blocks-gallery-item\"><figure><img data-attachment-id=\"2170\" data-permalink=\"https:\/\/www.victorarandagarcia.es\/limites-objeciones-035\/\" data-orig-file=\"https:\/\/www.victorarandagarcia.es\/wp-content\/uploads\/limites-objeciones-035.jpg\" data-orig-size=\"413,604\" data-comments-opened=\"0\" data-image-meta=\"{&quot;aperture&quot;:&quot;0&quot;,&quot;credit&quot;:&quot;&quot;,&quot;camera&quot;:&quot;&quot;,&quot;caption&quot;:&quot;&quot;,&quot;created_timestamp&quot;:&quot;0&quot;,&quot;copyright&quot;:&quot;&quot;,&quot;focal_length&quot;:&quot;0&quot;,&quot;iso&quot;:&quot;0&quot;,&quot;shutter_speed&quot;:&quot;0&quot;,&quot;title&quot;:&quot;&quot;,&quot;orientation&quot;:&quot;0&quot;}\" data-image-title=\"limites-objeciones-035\" data-image-description=\"&lt;p&gt;L\u00edmites (B\u00e9tera 2004)&lt;\/p&gt;\n\" data-image-caption=\"\" data-medium-file=\"https:\/\/www.victorarandagarcia.es\/wp-content\/uploads\/limites-objeciones-035-205x300.jpg\" data-large-file=\"https:\/\/www.victorarandagarcia.es\/wp-content\/uploads\/limites-objeciones-035.jpg\" decoding=\"async\" loading=\"lazy\" width=\"413\" height=\"604\" src=\"https:\/\/www.victorarandagarcia.es\/wp-content\/uploads\/limites-objeciones-035.jpg\" alt=\"Fotograf\u00eda de los botones de un pantal\u00f3n bajo un ombligo\" data-id=\"2170\" data-link=\"https:\/\/www.victorarandagarcia.es\/limites-objeciones-035\/\" class=\"wp-image-2170\" srcset=\"https:\/\/www.victorarandagarcia.es\/wp-content\/uploads\/limites-objeciones-035.jpg 413w, https:\/\/www.victorarandagarcia.es\/wp-content\/uploads\/limites-objeciones-035-205x300.jpg 205w\" sizes=\"(max-width: 413px) 100vw, 413px\" \/><\/figure><\/li><li class=\"blocks-gallery-item\"><figure><img data-attachment-id=\"2162\" data-permalink=\"https:\/\/www.victorarandagarcia.es\/limites-objeciones-06\/\" data-orig-file=\"https:\/\/www.victorarandagarcia.es\/wp-content\/uploads\/limites-objeciones-06.jpg\" data-orig-size=\"518,750\" data-comments-opened=\"0\" data-image-meta=\"{&quot;aperture&quot;:&quot;0&quot;,&quot;credit&quot;:&quot;&quot;,&quot;camera&quot;:&quot;&quot;,&quot;caption&quot;:&quot;&quot;,&quot;created_timestamp&quot;:&quot;0&quot;,&quot;copyright&quot;:&quot;&quot;,&quot;focal_length&quot;:&quot;0&quot;,&quot;iso&quot;:&quot;0&quot;,&quot;shutter_speed&quot;:&quot;0&quot;,&quot;title&quot;:&quot;&quot;,&quot;orientation&quot;:&quot;0&quot;}\" data-image-title=\"limites-objeciones-06\" data-image-description=\"&lt;p&gt;Latas (Valencia 2004)&lt;\/p&gt;\n\" data-image-caption=\"\" data-medium-file=\"https:\/\/www.victorarandagarcia.es\/wp-content\/uploads\/limites-objeciones-06-207x300.jpg\" data-large-file=\"https:\/\/www.victorarandagarcia.es\/wp-content\/uploads\/limites-objeciones-06.jpg\" decoding=\"async\" loading=\"lazy\" width=\"518\" height=\"750\" src=\"https:\/\/www.victorarandagarcia.es\/wp-content\/uploads\/limites-objeciones-06.jpg\" alt=\"Fotograf\u00eda en blanco y negro de tres latas de refresco\" data-id=\"2162\" data-link=\"https:\/\/www.victorarandagarcia.es\/limites-objeciones-06\/\" class=\"wp-image-2162\" srcset=\"https:\/\/www.victorarandagarcia.es\/wp-content\/uploads\/limites-objeciones-06.jpg 518w, https:\/\/www.victorarandagarcia.es\/wp-content\/uploads\/limites-objeciones-06-207x300.jpg 207w\" sizes=\"(max-width: 518px) 100vw, 518px\" \/><\/figure><\/li><li class=\"blocks-gallery-item\"><figure><img data-attachment-id=\"2176\" data-permalink=\"https:\/\/www.victorarandagarcia.es\/038-la-parabola-de-las-llaves-valencia-2010\/\" data-orig-file=\"https:\/\/www.victorarandagarcia.es\/wp-content\/uploads\/038-La-par\u00e1bola-de-las-llaves-Valencia-2010.jpg\" data-orig-size=\"467,720\" data-comments-opened=\"0\" data-image-meta=\"{&quot;aperture&quot;:&quot;0&quot;,&quot;credit&quot;:&quot;&quot;,&quot;camera&quot;:&quot;&quot;,&quot;caption&quot;:&quot;&quot;,&quot;created_timestamp&quot;:&quot;0&quot;,&quot;copyright&quot;:&quot;&quot;,&quot;focal_length&quot;:&quot;0&quot;,&quot;iso&quot;:&quot;0&quot;,&quot;shutter_speed&quot;:&quot;0&quot;,&quot;title&quot;:&quot;&quot;,&quot;orientation&quot;:&quot;1&quot;}\" data-image-title=\"038 La par\u00e1bola de las llaves (Valencia 2010)\" data-image-description=\"&lt;p&gt;La par\u00e1bola de las llaves (Valencia 2010)&lt;\/p&gt;\n\" data-image-caption=\"\" data-medium-file=\"https:\/\/www.victorarandagarcia.es\/wp-content\/uploads\/038-La-par\u00e1bola-de-las-llaves-Valencia-2010-195x300.jpg\" data-large-file=\"https:\/\/www.victorarandagarcia.es\/wp-content\/uploads\/038-La-par\u00e1bola-de-las-llaves-Valencia-2010.jpg\" decoding=\"async\" loading=\"lazy\" width=\"467\" height=\"720\" src=\"https:\/\/www.victorarandagarcia.es\/wp-content\/uploads\/038-La-par\u00e1bola-de-las-llaves-Valencia-2010.jpg\" alt=\"Fotograf\u00eda de la par\u00e1bola dibujada por unas llaves lanzadas al aire\" data-id=\"2176\" data-link=\"https:\/\/www.victorarandagarcia.es\/038-la-parabola-de-las-llaves-valencia-2010\/\" class=\"wp-image-2176\" srcset=\"https:\/\/www.victorarandagarcia.es\/wp-content\/uploads\/038-La-par\u00e1bola-de-las-llaves-Valencia-2010.jpg 467w, https:\/\/www.victorarandagarcia.es\/wp-content\/uploads\/038-La-par\u00e1bola-de-las-llaves-Valencia-2010-195x300.jpg 195w\" sizes=\"(max-width: 467px) 100vw, 467px\" \/><\/figure><\/li><li class=\"blocks-gallery-item\"><figure><img data-attachment-id=\"2140\" data-permalink=\"https:\/\/www.victorarandagarcia.es\/limites-objeciones-037\/\" data-orig-file=\"https:\/\/www.victorarandagarcia.es\/wp-content\/uploads\/limites-objeciones-037.jpg\" data-orig-size=\"604,406\" data-comments-opened=\"0\" data-image-meta=\"{&quot;aperture&quot;:&quot;0&quot;,&quot;credit&quot;:&quot;&quot;,&quot;camera&quot;:&quot;&quot;,&quot;caption&quot;:&quot;&quot;,&quot;created_timestamp&quot;:&quot;0&quot;,&quot;copyright&quot;:&quot;&quot;,&quot;focal_length&quot;:&quot;0&quot;,&quot;iso&quot;:&quot;0&quot;,&quot;shutter_speed&quot;:&quot;0&quot;,&quot;title&quot;:&quot;&quot;,&quot;orientation&quot;:&quot;0&quot;}\" data-image-title=\"limites-objeciones-037\" data-image-description=\"&lt;p&gt;Sin t\u00edtulo (Valencia 2002)&lt;\/p&gt;\n\" data-image-caption=\"\" data-medium-file=\"https:\/\/www.victorarandagarcia.es\/wp-content\/uploads\/limites-objeciones-037-300x202.jpg\" data-large-file=\"https:\/\/www.victorarandagarcia.es\/wp-content\/uploads\/limites-objeciones-037.jpg\" decoding=\"async\" loading=\"lazy\" width=\"604\" height=\"406\" src=\"https:\/\/www.victorarandagarcia.es\/wp-content\/uploads\/limites-objeciones-037.jpg\" alt=\"Fotograf\u00eda de unas llaves en pie en el suelo\" data-id=\"2140\" data-link=\"https:\/\/www.victorarandagarcia.es\/limites-objeciones-037\/\" class=\"wp-image-2140\" srcset=\"https:\/\/www.victorarandagarcia.es\/wp-content\/uploads\/limites-objeciones-037.jpg 604w, https:\/\/www.victorarandagarcia.es\/wp-content\/uploads\/limites-objeciones-037-300x202.jpg 300w\" sizes=\"(max-width: 604px) 100vw, 604px\" \/><\/figure><\/li><\/ul>\n","protected":false},"excerpt":{"rendered":"<p>Objeciones es una colecci\u00f3n de fotograf\u00edas realizadas con objetos cotidianos o encontrados para la serie L\u00edmites. &hellip; <a href=\"https:\/\/www.victorarandagarcia.es\/index.php\/arte\/limites\/objeciones-en-blanco-y-negro\/\" class=\"more-link\"><span>Continuar<span class=\"screen-reader-text\">Objeciones en blanco y negro<\/span><\/span><\/a><\/p>\n","protected":false},"author":1,"featured_media":2147,"comment_status":"closed","ping_status":"open","sticky":false,"template":"","format":"standard","meta":{"jetpack_post_was_ever_published":false,"_jetpack_newsletter_access":"","_jetpack_dont_email_post_to_subs":false,"_jetpack_newsletter_tier_id":0,"_jetpack_memberships_contains_paywalled_content":false,"footnotes":"","_jetpack_memberships_contains_paid_content":false},"categories":[37],"tags":[34,29],"yoast_head":"<!-- This site is optimized with the Yoast SEO plugin v22.6 - https:\/\/yoast.com\/wordpress\/plugins\/seo\/ -->\n<title>Objeciones en blanco y negro - arte y estudio<\/title>\n<meta name=\"description\" content=\"Objeciones es una colecci\u00f3n de fotograf\u00eda art\u00edstica realizada con objetos cotidianos o encontrados para la serie L\u00edmites.\" \/>\n<meta name=\"robots\" content=\"index, follow, max-snippet:-1, max-image-preview:large, max-video-preview:-1\" \/>\n<link rel=\"canonical\" href=\"https:\/\/www.victorarandagarcia.es\/index.php\/arte\/limites\/objeciones-en-blanco-y-negro\/\" \/>\n<meta property=\"og:locale\" content=\"es_ES\" \/>\n<meta property=\"og:type\" content=\"article\" \/>\n<meta property=\"og:title\" content=\"Objeciones en blanco y negro - arte y estudio\" \/>\n<meta property=\"og:description\" content=\"Objeciones es una colecci\u00f3n de fotograf\u00eda art\u00edstica realizada con objetos cotidianos o encontrados para la serie L\u00edmites.\" \/>\n<meta property=\"og:url\" content=\"https:\/\/www.victorarandagarcia.es\/index.php\/arte\/limites\/objeciones-en-blanco-y-negro\/\" \/>\n<meta property=\"og:site_name\" content=\"arte y estudio\" \/>\n<meta property=\"article:published_time\" content=\"2019-06-30T18:38:42+00:00\" \/>\n<meta property=\"article:modified_time\" content=\"2020-01-11T19:18:05+00:00\" \/>\n<meta property=\"og:image\" content=\"https:\/\/www.victorarandagarcia.es\/wp-content\/uploads\/limites-objeciones-08.jpg\" \/>\n\t<meta property=\"og:image:width\" content=\"608\" \/>\n\t<meta property=\"og:image:height\" content=\"580\" \/>\n\t<meta property=\"og:image:type\" content=\"image\/jpeg\" \/>\n<meta name=\"author\" content=\"victorarandagarcia\" \/>\n<meta name=\"twitter:card\" content=\"summary_large_image\" \/>\n<meta name=\"twitter:label1\" content=\"Escrito por\" \/>\n\t<meta name=\"twitter:data1\" content=\"victorarandagarcia\" \/>\n<script type=\"application\/ld+json\" class=\"yoast-schema-graph\">{\"@context\":\"https:\/\/schema.org\",\"@graph\":[{\"@type\":\"Article\",\"@id\":\"https:\/\/www.victorarandagarcia.es\/index.php\/arte\/limites\/objeciones-en-blanco-y-negro\/#article\",\"isPartOf\":{\"@id\":\"https:\/\/www.victorarandagarcia.es\/index.php\/arte\/limites\/objeciones-en-blanco-y-negro\/\"},\"author\":{\"name\":\"victorarandagarcia\",\"@id\":\"https:\/\/www.victorarandagarcia.es\/#\/schema\/person\/bfa9c61a3776d517deeee5f9386ef302\"},\"headline\":\"Objeciones en blanco y negro\",\"datePublished\":\"2019-06-30T18:38:42+00:00\",\"dateModified\":\"2020-01-11T19:18:05+00:00\",\"mainEntityOfPage\":{\"@id\":\"https:\/\/www.victorarandagarcia.es\/index.php\/arte\/limites\/objeciones-en-blanco-y-negro\/\"},\"wordCount\":48,\"publisher\":{\"@id\":\"https:\/\/www.victorarandagarcia.es\/#organization\"},\"image\":{\"@id\":\"https:\/\/www.victorarandagarcia.es\/index.php\/arte\/limites\/objeciones-en-blanco-y-negro\/#primaryimage\"},\"thumbnailUrl\":\"https:\/\/www.victorarandagarcia.es\/wp-content\/uploads\/limites-objeciones-08.jpg\",\"keywords\":[\"estudio\",\"l\u00ed\u00admites\"],\"articleSection\":[\"L\u00cdMITES\"],\"inLanguage\":\"es\"},{\"@type\":\"WebPage\",\"@id\":\"https:\/\/www.victorarandagarcia.es\/index.php\/arte\/limites\/objeciones-en-blanco-y-negro\/\",\"url\":\"https:\/\/www.victorarandagarcia.es\/index.php\/arte\/limites\/objeciones-en-blanco-y-negro\/\",\"name\":\"Objeciones en blanco y negro - arte y estudio\",\"isPartOf\":{\"@id\":\"https:\/\/www.victorarandagarcia.es\/#website\"},\"primaryImageOfPage\":{\"@id\":\"https:\/\/www.victorarandagarcia.es\/index.php\/arte\/limites\/objeciones-en-blanco-y-negro\/#primaryimage\"},\"image\":{\"@id\":\"https:\/\/www.victorarandagarcia.es\/index.php\/arte\/limites\/objeciones-en-blanco-y-negro\/#primaryimage\"},\"thumbnailUrl\":\"https:\/\/www.victorarandagarcia.es\/wp-content\/uploads\/limites-objeciones-08.jpg\",\"datePublished\":\"2019-06-30T18:38:42+00:00\",\"dateModified\":\"2020-01-11T19:18:05+00:00\",\"description\":\"Objeciones es una colecci\u00f3n de fotograf\u00eda art\u00edstica realizada con objetos cotidianos o encontrados para la serie L\u00edmites.\",\"breadcrumb\":{\"@id\":\"https:\/\/www.victorarandagarcia.es\/index.php\/arte\/limites\/objeciones-en-blanco-y-negro\/#breadcrumb\"},\"inLanguage\":\"es\",\"potentialAction\":[{\"@type\":\"ReadAction\",\"target\":[\"https:\/\/www.victorarandagarcia.es\/index.php\/arte\/limites\/objeciones-en-blanco-y-negro\/\"]}]},{\"@type\":\"ImageObject\",\"inLanguage\":\"es\",\"@id\":\"https:\/\/www.victorarandagarcia.es\/index.php\/arte\/limites\/objeciones-en-blanco-y-negro\/#primaryimage\",\"url\":\"https:\/\/www.victorarandagarcia.es\/wp-content\/uploads\/limites-objeciones-08.jpg\",\"contentUrl\":\"https:\/\/www.victorarandagarcia.es\/wp-content\/uploads\/limites-objeciones-08.jpg\",\"width\":608,\"height\":580,\"caption\":\"Fotograf\u00eda de una tabla de cortar que parece un reloj\"},{\"@type\":\"BreadcrumbList\",\"@id\":\"https:\/\/www.victorarandagarcia.es\/index.php\/arte\/limites\/objeciones-en-blanco-y-negro\/#breadcrumb\",\"itemListElement\":[{\"@type\":\"ListItem\",\"position\":1,\"name\":\"Portada\",\"item\":\"https:\/\/www.victorarandagarcia.es\/\"},{\"@type\":\"ListItem\",\"position\":2,\"name\":\"Objeciones en blanco y negro\"}]},{\"@type\":\"WebSite\",\"@id\":\"https:\/\/www.victorarandagarcia.es\/#website\",\"url\":\"https:\/\/www.victorarandagarcia.es\/\",\"name\":\"arte y estudio\",\"description\":\"Fot\u00f3grafo\",\"publisher\":{\"@id\":\"https:\/\/www.victorarandagarcia.es\/#organization\"},\"potentialAction\":[{\"@type\":\"SearchAction\",\"target\":{\"@type\":\"EntryPoint\",\"urlTemplate\":\"https:\/\/www.victorarandagarcia.es\/?s={search_term_string}\"},\"query-input\":\"required name=search_term_string\"}],\"inLanguage\":\"es\"},{\"@type\":\"Organization\",\"@id\":\"https:\/\/www.victorarandagarcia.es\/#organization\",\"name\":\"arte y estudio\",\"url\":\"https:\/\/www.victorarandagarcia.es\/\",\"logo\":{\"@type\":\"ImageObject\",\"inLanguage\":\"es\",\"@id\":\"https:\/\/www.victorarandagarcia.es\/#\/schema\/logo\/image\/\",\"url\":\"https:\/\/www.victorarandagarcia.es\/wp-content\/uploads\/2019\/03\/logo-fotografo.png\",\"contentUrl\":\"https:\/\/www.victorarandagarcia.es\/wp-content\/uploads\/2019\/03\/logo-fotografo.png\",\"width\":150,\"height\":150,\"caption\":\"arte y estudio\"},\"image\":{\"@id\":\"https:\/\/www.victorarandagarcia.es\/#\/schema\/logo\/image\/\"}},{\"@type\":\"Person\",\"@id\":\"https:\/\/www.victorarandagarcia.es\/#\/schema\/person\/bfa9c61a3776d517deeee5f9386ef302\",\"name\":\"victorarandagarcia\",\"image\":{\"@type\":\"ImageObject\",\"inLanguage\":\"es\",\"@id\":\"https:\/\/www.victorarandagarcia.es\/#\/schema\/person\/image\/\",\"url\":\"https:\/\/secure.gravatar.com\/avatar\/957a01ac23a6393e755ae8225c35dbdb?s=96&d=mm&r=g\",\"contentUrl\":\"https:\/\/secure.gravatar.com\/avatar\/957a01ac23a6393e755ae8225c35dbdb?s=96&d=mm&r=g\",\"caption\":\"victorarandagarcia\"}}]}<\/script>\n<!-- \/ Yoast SEO plugin. -->","yoast_head_json":{"title":"Objeciones en blanco y negro - arte y estudio","description":"Objeciones es una colecci\u00f3n de fotograf\u00eda art\u00edstica realizada con objetos cotidianos o encontrados para la serie L\u00edmites.","robots":{"index":"index","follow":"follow","max-snippet":"max-snippet:-1","max-image-preview":"max-image-preview:large","max-video-preview":"max-video-preview:-1"},"canonical":"https:\/\/www.victorarandagarcia.es\/index.php\/arte\/limites\/objeciones-en-blanco-y-negro\/","og_locale":"es_ES","og_type":"article","og_title":"Objeciones en blanco y negro - arte y estudio","og_description":"Objeciones es una colecci\u00f3n de fotograf\u00eda art\u00edstica realizada con objetos cotidianos o encontrados para la serie L\u00edmites.","og_url":"https:\/\/www.victorarandagarcia.es\/index.php\/arte\/limites\/objeciones-en-blanco-y-negro\/","og_site_name":"arte y estudio","article_published_time":"2019-06-30T18:38:42+00:00","article_modified_time":"2020-01-11T19:18:05+00:00","og_image":[{"width":608,"height":580,"url":"https:\/\/www.victorarandagarcia.es\/wp-content\/uploads\/limites-objeciones-08.jpg","type":"image\/jpeg"}],"author":"victorarandagarcia","twitter_card":"summary_large_image","twitter_misc":{"Escrito por":"victorarandagarcia"},"schema":{"@context":"https:\/\/schema.org","@graph":[{"@type":"Article","@id":"https:\/\/www.victorarandagarcia.es\/index.php\/arte\/limites\/objeciones-en-blanco-y-negro\/#article","isPartOf":{"@id":"https:\/\/www.victorarandagarcia.es\/index.php\/arte\/limites\/objeciones-en-blanco-y-negro\/"},"author":{"name":"victorarandagarcia","@id":"https:\/\/www.victorarandagarcia.es\/#\/schema\/person\/bfa9c61a3776d517deeee5f9386ef302"},"headline":"Objeciones en blanco y negro","datePublished":"2019-06-30T18:38:42+00:00","dateModified":"2020-01-11T19:18:05+00:00","mainEntityOfPage":{"@id":"https:\/\/www.victorarandagarcia.es\/index.php\/arte\/limites\/objeciones-en-blanco-y-negro\/"},"wordCount":48,"publisher":{"@id":"https:\/\/www.victorarandagarcia.es\/#organization"},"image":{"@id":"https:\/\/www.victorarandagarcia.es\/index.php\/arte\/limites\/objeciones-en-blanco-y-negro\/#primaryimage"},"thumbnailUrl":"https:\/\/www.victorarandagarcia.es\/wp-content\/uploads\/limites-objeciones-08.jpg","keywords":["estudio","l\u00ed\u00admites"],"articleSection":["L\u00cdMITES"],"inLanguage":"es"},{"@type":"WebPage","@id":"https:\/\/www.victorarandagarcia.es\/index.php\/arte\/limites\/objeciones-en-blanco-y-negro\/","url":"https:\/\/www.victorarandagarcia.es\/index.php\/arte\/limites\/objeciones-en-blanco-y-negro\/","name":"Objeciones en blanco y negro - arte y estudio","isPartOf":{"@id":"https:\/\/www.victorarandagarcia.es\/#website"},"primaryImageOfPage":{"@id":"https:\/\/www.victorarandagarcia.es\/index.php\/arte\/limites\/objeciones-en-blanco-y-negro\/#primaryimage"},"image":{"@id":"https:\/\/www.victorarandagarcia.es\/index.php\/arte\/limites\/objeciones-en-blanco-y-negro\/#primaryimage"},"thumbnailUrl":"https:\/\/www.victorarandagarcia.es\/wp-content\/uploads\/limites-objeciones-08.jpg","datePublished":"2019-06-30T18:38:42+00:00","dateModified":"2020-01-11T19:18:05+00:00","description":"Objeciones es una colecci\u00f3n de fotograf\u00eda art\u00edstica realizada con objetos cotidianos o encontrados para la serie L\u00edmites.","breadcrumb":{"@id":"https:\/\/www.victorarandagarcia.es\/index.php\/arte\/limites\/objeciones-en-blanco-y-negro\/#breadcrumb"},"inLanguage":"es","potentialAction":[{"@type":"ReadAction","target":["https:\/\/www.victorarandagarcia.es\/index.php\/arte\/limites\/objeciones-en-blanco-y-negro\/"]}]},{"@type":"ImageObject","inLanguage":"es","@id":"https:\/\/www.victorarandagarcia.es\/index.php\/arte\/limites\/objeciones-en-blanco-y-negro\/#primaryimage","url":"https:\/\/www.victorarandagarcia.es\/wp-content\/uploads\/limites-objeciones-08.jpg","contentUrl":"https:\/\/www.victorarandagarcia.es\/wp-content\/uploads\/limites-objeciones-08.jpg","width":608,"height":580,"caption":"Fotograf\u00eda de una tabla de cortar que parece un reloj"},{"@type":"BreadcrumbList","@id":"https:\/\/www.victorarandagarcia.es\/index.php\/arte\/limites\/objeciones-en-blanco-y-negro\/#breadcrumb","itemListElement":[{"@type":"ListItem","position":1,"name":"Portada","item":"https:\/\/www.victorarandagarcia.es\/"},{"@type":"ListItem","position":2,"name":"Objeciones en blanco y negro"}]},{"@type":"WebSite","@id":"https:\/\/www.victorarandagarcia.es\/#website","url":"https:\/\/www.victorarandagarcia.es\/","name":"arte y estudio","description":"Fot\u00f3grafo","publisher":{"@id":"https:\/\/www.victorarandagarcia.es\/#organization"},"potentialAction":[{"@type":"SearchAction","target":{"@type":"EntryPoint","urlTemplate":"https:\/\/www.victorarandagarcia.es\/?s={search_term_string}"},"query-input":"required name=search_term_string"}],"inLanguage":"es"},{"@type":"Organization","@id":"https:\/\/www.victorarandagarcia.es\/#organization","name":"arte y estudio","url":"https:\/\/www.victorarandagarcia.es\/","logo":{"@type":"ImageObject","inLanguage":"es","@id":"https:\/\/www.victorarandagarcia.es\/#\/schema\/logo\/image\/","url":"https:\/\/www.victorarandagarcia.es\/wp-content\/uploads\/2019\/03\/logo-fotografo.png","contentUrl":"https:\/\/www.victorarandagarcia.es\/wp-content\/uploads\/2019\/03\/logo-fotografo.png","width":150,"height":150,"caption":"arte y estudio"},"image":{"@id":"https:\/\/www.victorarandagarcia.es\/#\/schema\/logo\/image\/"}},{"@type":"Person","@id":"https:\/\/www.victorarandagarcia.es\/#\/schema\/person\/bfa9c61a3776d517deeee5f9386ef302","name":"victorarandagarcia","image":{"@type":"ImageObject","inLanguage":"es","@id":"https:\/\/www.victorarandagarcia.es\/#\/schema\/person\/image\/","url":"https:\/\/secure.gravatar.com\/avatar\/957a01ac23a6393e755ae8225c35dbdb?s=96&d=mm&r=g","contentUrl":"https:\/\/secure.gravatar.com\/avatar\/957a01ac23a6393e755ae8225c35dbdb?s=96&d=mm&r=g","caption":"victorarandagarcia"}}]}},"jetpack_featured_media_url":"https:\/\/www.victorarandagarcia.es\/wp-content\/uploads\/limites-objeciones-08.jpg","jetpack_sharing_enabled":true,"_links":{"self":[{"href":"https:\/\/www.victorarandagarcia.es\/index.php\/wp-json\/wp\/v2\/posts\/2175"}],"collection":[{"href":"https:\/\/www.victorarandagarcia.es\/index.php\/wp-json\/wp\/v2\/posts"}],"about":[{"href":"https:\/\/www.victorarandagarcia.es\/index.php\/wp-json\/wp\/v2\/types\/post"}],"author":[{"embeddable":true,"href":"https:\/\/www.victorarandagarcia.es\/index.php\/wp-json\/wp\/v2\/users\/1"}],"replies":[{"embeddable":true,"href":"https:\/\/www.victorarandagarcia.es\/index.php\/wp-json\/wp\/v2\/comments?post=2175"}],"version-history":[{"count":5,"href":"https:\/\/www.victorarandagarcia.es\/index.php\/wp-json\/wp\/v2\/posts\/2175\/revisions"}],"predecessor-version":[{"id":2554,"href":"https:\/\/www.victorarandagarcia.es\/index.php\/wp-json\/wp\/v2\/posts\/2175\/revisions\/2554"}],"wp:featuredmedia":[{"embeddable":true,"href":"https:\/\/www.victorarandagarcia.es\/index.php\/wp-json\/wp\/v2\/media\/2147"}],"wp:attachment":[{"href":"https:\/\/www.victorarandagarcia.es\/index.php\/wp-json\/wp\/v2\/media?parent=2175"}],"wp:term":[{"taxonomy":"category","embeddable":true,"href":"https:\/\/www.victorarandagarcia.es\/index.php\/wp-json\/wp\/v2\/categories?post=2175"},{"taxonomy":"post_tag","embeddable":true,"href":"https:\/\/www.victorarandagarcia.es\/index.php\/wp-json\/wp\/v2\/tags?post=2175"}],"curies":[{"name":"wp","href":"https:\/\/api.w.org\/{rel}","templated":true}]}}