{"id":2052,"date":"2019-06-18T19:41:46","date_gmt":"2019-06-18T17:41:46","guid":{"rendered":"https:\/\/www.victorarandagarcia.es\/?p=2052"},"modified":"2019-06-18T19:50:35","modified_gmt":"2019-06-18T17:50:35","slug":"estelas","status":"publish","type":"post","link":"https:\/\/www.victorarandagarcia.es\/index.php\/arte\/limites\/estelas\/","title":{"rendered":"Estelas"},"content":{"rendered":"\n<p>Igual que las nubes suelen ser un buen aliado del fot\u00f3grafo a la hora de componer el plano de un paisaje, siempre he encontrado sugerente el dibujo de las estelas de condensaci\u00f3n que generan los aviones en sus rutas por el cielo.<\/p>\n\n\n\n<p>Estelas: once fotograf\u00edas en blanco y negro. Serie <a href=\"https:\/\/www.victorarandagarcia.es\/index.php\/category\/arte\/limites\/\">L\u00edmites<\/a>.<\/p>\n\n\n\n<ul class=\"wp-block-gallery columns-3 is-cropped wp-block-gallery-1 is-layout-flex wp-block-gallery-is-layout-flex\"><li class=\"blocks-gallery-item\"><figure><img data-attachment-id=\"2043\" data-permalink=\"https:\/\/www.victorarandagarcia.es\/limites-estelas-01\/\" data-orig-file=\"https:\/\/www.victorarandagarcia.es\/wp-content\/uploads\/limites-estelas-01.jpg\" data-orig-size=\"481,720\" data-comments-opened=\"0\" data-image-meta=\"{&quot;aperture&quot;:&quot;0&quot;,&quot;credit&quot;:&quot;&quot;,&quot;camera&quot;:&quot;&quot;,&quot;caption&quot;:&quot;&quot;,&quot;created_timestamp&quot;:&quot;0&quot;,&quot;copyright&quot;:&quot;&quot;,&quot;focal_length&quot;:&quot;0&quot;,&quot;iso&quot;:&quot;0&quot;,&quot;shutter_speed&quot;:&quot;0&quot;,&quot;title&quot;:&quot;&quot;,&quot;orientation&quot;:&quot;0&quot;}\" data-image-title=\"limites-estelas-01\" data-image-description=\"&lt;p&gt;L\u00edmites (Alboraia 2011)&lt;\/p&gt;\n\" data-image-caption=\"\" data-medium-file=\"https:\/\/www.victorarandagarcia.es\/wp-content\/uploads\/limites-estelas-01-200x300.jpg\" data-large-file=\"https:\/\/www.victorarandagarcia.es\/wp-content\/uploads\/limites-estelas-01.jpg\" decoding=\"async\" loading=\"lazy\" width=\"481\" height=\"720\" src=\"https:\/\/www.victorarandagarcia.es\/wp-content\/uploads\/limites-estelas-01.jpg\" alt=\"Fotograf\u00eda en blanco y negro\" data-id=\"2043\" data-link=\"https:\/\/www.victorarandagarcia.es\/limites-estelas-01\/\" class=\"wp-image-2043\" srcset=\"https:\/\/www.victorarandagarcia.es\/wp-content\/uploads\/limites-estelas-01.jpg 481w, https:\/\/www.victorarandagarcia.es\/wp-content\/uploads\/limites-estelas-01-200x300.jpg 200w\" sizes=\"(max-width: 481px) 100vw, 481px\" \/><\/figure><\/li><li class=\"blocks-gallery-item\"><figure><img data-attachment-id=\"2044\" data-permalink=\"https:\/\/www.victorarandagarcia.es\/limites-estelas-02\/\" data-orig-file=\"https:\/\/www.victorarandagarcia.es\/wp-content\/uploads\/limites-estelas-02.jpg\" data-orig-size=\"404,604\" data-comments-opened=\"0\" data-image-meta=\"{&quot;aperture&quot;:&quot;0&quot;,&quot;credit&quot;:&quot;&quot;,&quot;camera&quot;:&quot;&quot;,&quot;caption&quot;:&quot;&quot;,&quot;created_timestamp&quot;:&quot;0&quot;,&quot;copyright&quot;:&quot;&quot;,&quot;focal_length&quot;:&quot;0&quot;,&quot;iso&quot;:&quot;0&quot;,&quot;shutter_speed&quot;:&quot;0&quot;,&quot;title&quot;:&quot;&quot;,&quot;orientation&quot;:&quot;0&quot;}\" data-image-title=\"limites-estelas-02\" data-image-description=\"&lt;p&gt;L\u00edmites (B\u00e9tera 2009)&lt;\/p&gt;\n\" data-image-caption=\"\" data-medium-file=\"https:\/\/www.victorarandagarcia.es\/wp-content\/uploads\/limites-estelas-02-201x300.jpg\" data-large-file=\"https:\/\/www.victorarandagarcia.es\/wp-content\/uploads\/limites-estelas-02.jpg\" decoding=\"async\" loading=\"lazy\" width=\"404\" height=\"604\" src=\"https:\/\/www.victorarandagarcia.es\/wp-content\/uploads\/limites-estelas-02.jpg\" alt=\"Fotograf\u00eda en blanco y negro\" data-id=\"2044\" data-link=\"https:\/\/www.victorarandagarcia.es\/limites-estelas-02\/\" class=\"wp-image-2044\" srcset=\"https:\/\/www.victorarandagarcia.es\/wp-content\/uploads\/limites-estelas-02.jpg 404w, https:\/\/www.victorarandagarcia.es\/wp-content\/uploads\/limites-estelas-02-201x300.jpg 201w\" sizes=\"(max-width: 404px) 100vw, 404px\" \/><\/figure><\/li><li class=\"blocks-gallery-item\"><figure><img data-attachment-id=\"2041\" data-permalink=\"https:\/\/www.victorarandagarcia.es\/limites-estelas-03\/\" data-orig-file=\"https:\/\/www.victorarandagarcia.es\/wp-content\/uploads\/limites-estelas-03.jpg\" data-orig-size=\"481,720\" data-comments-opened=\"0\" data-image-meta=\"{&quot;aperture&quot;:&quot;0&quot;,&quot;credit&quot;:&quot;&quot;,&quot;camera&quot;:&quot;&quot;,&quot;caption&quot;:&quot;&quot;,&quot;created_timestamp&quot;:&quot;0&quot;,&quot;copyright&quot;:&quot;&quot;,&quot;focal_length&quot;:&quot;0&quot;,&quot;iso&quot;:&quot;0&quot;,&quot;shutter_speed&quot;:&quot;0&quot;,&quot;title&quot;:&quot;&quot;,&quot;orientation&quot;:&quot;0&quot;}\" data-image-title=\"limites-estelas-03\" data-image-description=\"&lt;p&gt;L\u00edmites (El Saler 2013)&lt;\/p&gt;\n\" data-image-caption=\"\" data-medium-file=\"https:\/\/www.victorarandagarcia.es\/wp-content\/uploads\/limites-estelas-03-200x300.jpg\" data-large-file=\"https:\/\/www.victorarandagarcia.es\/wp-content\/uploads\/limites-estelas-03.jpg\" decoding=\"async\" loading=\"lazy\" width=\"481\" height=\"720\" src=\"https:\/\/www.victorarandagarcia.es\/wp-content\/uploads\/limites-estelas-03.jpg\" alt=\"Fotograf\u00eda en blanco y negro\" data-id=\"2041\" data-link=\"https:\/\/www.victorarandagarcia.es\/limites-estelas-03\/\" class=\"wp-image-2041\" srcset=\"https:\/\/www.victorarandagarcia.es\/wp-content\/uploads\/limites-estelas-03.jpg 481w, https:\/\/www.victorarandagarcia.es\/wp-content\/uploads\/limites-estelas-03-200x300.jpg 200w\" sizes=\"(max-width: 481px) 100vw, 481px\" \/><\/figure><\/li><li class=\"blocks-gallery-item\"><figure><img data-attachment-id=\"2048\" data-permalink=\"https:\/\/www.victorarandagarcia.es\/limites-estelas-04\/\" data-orig-file=\"https:\/\/www.victorarandagarcia.es\/wp-content\/uploads\/limites-estelas-04.jpg\" data-orig-size=\"482,720\" data-comments-opened=\"0\" data-image-meta=\"{&quot;aperture&quot;:&quot;0&quot;,&quot;credit&quot;:&quot;&quot;,&quot;camera&quot;:&quot;&quot;,&quot;caption&quot;:&quot;&quot;,&quot;created_timestamp&quot;:&quot;0&quot;,&quot;copyright&quot;:&quot;&quot;,&quot;focal_length&quot;:&quot;0&quot;,&quot;iso&quot;:&quot;0&quot;,&quot;shutter_speed&quot;:&quot;0&quot;,&quot;title&quot;:&quot;&quot;,&quot;orientation&quot;:&quot;0&quot;}\" data-image-title=\"limites-estelas-04\" data-image-description=\"&lt;p&gt;L\u00edmites (Valencia 2009)&lt;\/p&gt;\n\" data-image-caption=\"\" data-medium-file=\"https:\/\/www.victorarandagarcia.es\/wp-content\/uploads\/limites-estelas-04-201x300.jpg\" data-large-file=\"https:\/\/www.victorarandagarcia.es\/wp-content\/uploads\/limites-estelas-04.jpg\" decoding=\"async\" loading=\"lazy\" width=\"482\" height=\"720\" src=\"https:\/\/www.victorarandagarcia.es\/wp-content\/uploads\/limites-estelas-04.jpg\" alt=\"Fotograf\u00eda en blanco y negro\" data-id=\"2048\" data-link=\"https:\/\/www.victorarandagarcia.es\/limites-estelas-04\/\" class=\"wp-image-2048\" srcset=\"https:\/\/www.victorarandagarcia.es\/wp-content\/uploads\/limites-estelas-04.jpg 482w, https:\/\/www.victorarandagarcia.es\/wp-content\/uploads\/limites-estelas-04-201x300.jpg 201w\" sizes=\"(max-width: 482px) 100vw, 482px\" \/><\/figure><\/li><li class=\"blocks-gallery-item\"><figure><img data-attachment-id=\"2045\" data-permalink=\"https:\/\/www.victorarandagarcia.es\/limites-estelas-05\/\" data-orig-file=\"https:\/\/www.victorarandagarcia.es\/wp-content\/uploads\/limites-estelas-05.jpg\" data-orig-size=\"481,720\" data-comments-opened=\"0\" data-image-meta=\"{&quot;aperture&quot;:&quot;0&quot;,&quot;credit&quot;:&quot;&quot;,&quot;camera&quot;:&quot;&quot;,&quot;caption&quot;:&quot;&quot;,&quot;created_timestamp&quot;:&quot;0&quot;,&quot;copyright&quot;:&quot;&quot;,&quot;focal_length&quot;:&quot;0&quot;,&quot;iso&quot;:&quot;0&quot;,&quot;shutter_speed&quot;:&quot;0&quot;,&quot;title&quot;:&quot;&quot;,&quot;orientation&quot;:&quot;0&quot;}\" data-image-title=\"limites-estelas-05\" data-image-description=\"&lt;p&gt;L\u00edmites (B\u00e9tera 2015)&lt;\/p&gt;\n\" data-image-caption=\"\" data-medium-file=\"https:\/\/www.victorarandagarcia.es\/wp-content\/uploads\/limites-estelas-05-200x300.jpg\" data-large-file=\"https:\/\/www.victorarandagarcia.es\/wp-content\/uploads\/limites-estelas-05.jpg\" decoding=\"async\" loading=\"lazy\" width=\"481\" height=\"720\" src=\"https:\/\/www.victorarandagarcia.es\/wp-content\/uploads\/limites-estelas-05.jpg\" alt=\"Fotograf\u00eda en blanco y negro\" data-id=\"2045\" data-link=\"https:\/\/www.victorarandagarcia.es\/limites-estelas-05\/\" class=\"wp-image-2045\" srcset=\"https:\/\/www.victorarandagarcia.es\/wp-content\/uploads\/limites-estelas-05.jpg 481w, https:\/\/www.victorarandagarcia.es\/wp-content\/uploads\/limites-estelas-05-200x300.jpg 200w\" sizes=\"(max-width: 481px) 100vw, 481px\" \/><\/figure><\/li><li class=\"blocks-gallery-item\"><figure><img data-attachment-id=\"2049\" data-permalink=\"https:\/\/www.victorarandagarcia.es\/limites-estelas-06\/\" data-orig-file=\"https:\/\/www.victorarandagarcia.es\/wp-content\/uploads\/limites-estelas-06.jpg\" data-orig-size=\"481,720\" data-comments-opened=\"0\" data-image-meta=\"{&quot;aperture&quot;:&quot;0&quot;,&quot;credit&quot;:&quot;&quot;,&quot;camera&quot;:&quot;&quot;,&quot;caption&quot;:&quot;&quot;,&quot;created_timestamp&quot;:&quot;0&quot;,&quot;copyright&quot;:&quot;&quot;,&quot;focal_length&quot;:&quot;0&quot;,&quot;iso&quot;:&quot;0&quot;,&quot;shutter_speed&quot;:&quot;0&quot;,&quot;title&quot;:&quot;&quot;,&quot;orientation&quot;:&quot;0&quot;}\" data-image-title=\"limites-estelas-06\" data-image-description=\"&lt;p&gt;L\u00edmites (B\u00e9tera 2010)&lt;\/p&gt;\n\" data-image-caption=\"\" data-medium-file=\"https:\/\/www.victorarandagarcia.es\/wp-content\/uploads\/limites-estelas-06-200x300.jpg\" data-large-file=\"https:\/\/www.victorarandagarcia.es\/wp-content\/uploads\/limites-estelas-06.jpg\" decoding=\"async\" loading=\"lazy\" width=\"481\" height=\"720\" src=\"https:\/\/www.victorarandagarcia.es\/wp-content\/uploads\/limites-estelas-06.jpg\" alt=\"Fotograf\u00eda en blanco y negro\" data-id=\"2049\" data-link=\"https:\/\/www.victorarandagarcia.es\/limites-estelas-06\/\" class=\"wp-image-2049\" srcset=\"https:\/\/www.victorarandagarcia.es\/wp-content\/uploads\/limites-estelas-06.jpg 481w, https:\/\/www.victorarandagarcia.es\/wp-content\/uploads\/limites-estelas-06-200x300.jpg 200w\" sizes=\"(max-width: 481px) 100vw, 481px\" \/><\/figure><\/li><li class=\"blocks-gallery-item\"><figure><img data-attachment-id=\"2042\" data-permalink=\"https:\/\/www.victorarandagarcia.es\/limites-estelas-07\/\" data-orig-file=\"https:\/\/www.victorarandagarcia.es\/wp-content\/uploads\/limites-estelas-07.jpg\" data-orig-size=\"720,481\" data-comments-opened=\"0\" data-image-meta=\"{&quot;aperture&quot;:&quot;0&quot;,&quot;credit&quot;:&quot;&quot;,&quot;camera&quot;:&quot;&quot;,&quot;caption&quot;:&quot;&quot;,&quot;created_timestamp&quot;:&quot;0&quot;,&quot;copyright&quot;:&quot;&quot;,&quot;focal_length&quot;:&quot;0&quot;,&quot;iso&quot;:&quot;0&quot;,&quot;shutter_speed&quot;:&quot;0&quot;,&quot;title&quot;:&quot;&quot;,&quot;orientation&quot;:&quot;0&quot;}\" data-image-title=\"limites-estelas-07\" data-image-description=\"&lt;p&gt;L\u00edmites (Valencia 2010)&lt;\/p&gt;\n\" data-image-caption=\"\" data-medium-file=\"https:\/\/www.victorarandagarcia.es\/wp-content\/uploads\/limites-estelas-07-300x200.jpg\" data-large-file=\"https:\/\/www.victorarandagarcia.es\/wp-content\/uploads\/limites-estelas-07.jpg\" decoding=\"async\" loading=\"lazy\" width=\"720\" height=\"481\" src=\"https:\/\/www.victorarandagarcia.es\/wp-content\/uploads\/limites-estelas-07.jpg\" alt=\"Fotograf\u00eda en blanco y negro\" data-id=\"2042\" data-link=\"https:\/\/www.victorarandagarcia.es\/limites-estelas-07\/\" class=\"wp-image-2042\" srcset=\"https:\/\/www.victorarandagarcia.es\/wp-content\/uploads\/limites-estelas-07.jpg 720w, https:\/\/www.victorarandagarcia.es\/wp-content\/uploads\/limites-estelas-07-300x200.jpg 300w\" sizes=\"(max-width: 720px) 100vw, 720px\" \/><\/figure><\/li><li class=\"blocks-gallery-item\"><figure><img data-attachment-id=\"2046\" data-permalink=\"https:\/\/www.victorarandagarcia.es\/limites-estelas-08\/\" data-orig-file=\"https:\/\/www.victorarandagarcia.es\/wp-content\/uploads\/limites-estelas-08.jpg\" data-orig-size=\"720,481\" data-comments-opened=\"0\" data-image-meta=\"{&quot;aperture&quot;:&quot;0&quot;,&quot;credit&quot;:&quot;&quot;,&quot;camera&quot;:&quot;&quot;,&quot;caption&quot;:&quot;&quot;,&quot;created_timestamp&quot;:&quot;0&quot;,&quot;copyright&quot;:&quot;&quot;,&quot;focal_length&quot;:&quot;0&quot;,&quot;iso&quot;:&quot;0&quot;,&quot;shutter_speed&quot;:&quot;0&quot;,&quot;title&quot;:&quot;&quot;,&quot;orientation&quot;:&quot;0&quot;}\" data-image-title=\"limites-estelas-08\" data-image-description=\"&lt;p&gt;L\u00edmites (Valencia 2014)&lt;\/p&gt;\n\" data-image-caption=\"\" data-medium-file=\"https:\/\/www.victorarandagarcia.es\/wp-content\/uploads\/limites-estelas-08-300x200.jpg\" data-large-file=\"https:\/\/www.victorarandagarcia.es\/wp-content\/uploads\/limites-estelas-08.jpg\" decoding=\"async\" loading=\"lazy\" width=\"720\" height=\"481\" src=\"https:\/\/www.victorarandagarcia.es\/wp-content\/uploads\/limites-estelas-08.jpg\" alt=\"Fotograf\u00eda en blanco y negro\" data-id=\"2046\" data-link=\"https:\/\/www.victorarandagarcia.es\/limites-estelas-08\/\" class=\"wp-image-2046\" srcset=\"https:\/\/www.victorarandagarcia.es\/wp-content\/uploads\/limites-estelas-08.jpg 720w, https:\/\/www.victorarandagarcia.es\/wp-content\/uploads\/limites-estelas-08-300x200.jpg 300w\" sizes=\"(max-width: 720px) 100vw, 720px\" \/><\/figure><\/li><li class=\"blocks-gallery-item\"><figure><img data-attachment-id=\"2047\" data-permalink=\"https:\/\/www.victorarandagarcia.es\/limites-estelas-09\/\" data-orig-file=\"https:\/\/www.victorarandagarcia.es\/wp-content\/uploads\/limites-estelas-09.jpg\" data-orig-size=\"720,481\" data-comments-opened=\"0\" data-image-meta=\"{&quot;aperture&quot;:&quot;0&quot;,&quot;credit&quot;:&quot;&quot;,&quot;camera&quot;:&quot;&quot;,&quot;caption&quot;:&quot;&quot;,&quot;created_timestamp&quot;:&quot;0&quot;,&quot;copyright&quot;:&quot;&quot;,&quot;focal_length&quot;:&quot;0&quot;,&quot;iso&quot;:&quot;0&quot;,&quot;shutter_speed&quot;:&quot;0&quot;,&quot;title&quot;:&quot;&quot;,&quot;orientation&quot;:&quot;0&quot;}\" data-image-title=\"limites-estelas-09\" data-image-description=\"&lt;p&gt;L\u00edmites (Fortaleny 2010)&lt;\/p&gt;\n\" data-image-caption=\"\" data-medium-file=\"https:\/\/www.victorarandagarcia.es\/wp-content\/uploads\/limites-estelas-09-300x200.jpg\" data-large-file=\"https:\/\/www.victorarandagarcia.es\/wp-content\/uploads\/limites-estelas-09.jpg\" decoding=\"async\" loading=\"lazy\" width=\"720\" height=\"481\" src=\"https:\/\/www.victorarandagarcia.es\/wp-content\/uploads\/limites-estelas-09.jpg\" alt=\"Fotograf\u00eda en blanco y negro\" data-id=\"2047\" data-link=\"https:\/\/www.victorarandagarcia.es\/limites-estelas-09\/\" class=\"wp-image-2047\" srcset=\"https:\/\/www.victorarandagarcia.es\/wp-content\/uploads\/limites-estelas-09.jpg 720w, https:\/\/www.victorarandagarcia.es\/wp-content\/uploads\/limites-estelas-09-300x200.jpg 300w\" sizes=\"(max-width: 720px) 100vw, 720px\" \/><\/figure><\/li><li class=\"blocks-gallery-item\"><figure><img data-attachment-id=\"2050\" data-permalink=\"https:\/\/www.victorarandagarcia.es\/limites-estelas-10\/\" data-orig-file=\"https:\/\/www.victorarandagarcia.es\/wp-content\/uploads\/limites-estelas-10.jpg\" data-orig-size=\"720,481\" data-comments-opened=\"0\" data-image-meta=\"{&quot;aperture&quot;:&quot;0&quot;,&quot;credit&quot;:&quot;&quot;,&quot;camera&quot;:&quot;&quot;,&quot;caption&quot;:&quot;&quot;,&quot;created_timestamp&quot;:&quot;0&quot;,&quot;copyright&quot;:&quot;&quot;,&quot;focal_length&quot;:&quot;0&quot;,&quot;iso&quot;:&quot;0&quot;,&quot;shutter_speed&quot;:&quot;0&quot;,&quot;title&quot;:&quot;&quot;,&quot;orientation&quot;:&quot;0&quot;}\" data-image-title=\"limites-estelas-10\" data-image-description=\"&lt;p&gt;L\u00edmites (Valencia 2010)&lt;\/p&gt;\n\" data-image-caption=\"\" data-medium-file=\"https:\/\/www.victorarandagarcia.es\/wp-content\/uploads\/limites-estelas-10-300x200.jpg\" data-large-file=\"https:\/\/www.victorarandagarcia.es\/wp-content\/uploads\/limites-estelas-10.jpg\" decoding=\"async\" loading=\"lazy\" width=\"720\" height=\"481\" src=\"https:\/\/www.victorarandagarcia.es\/wp-content\/uploads\/limites-estelas-10.jpg\" alt=\"Fotograf\u00eda en blanco y negro\" data-id=\"2050\" data-link=\"https:\/\/www.victorarandagarcia.es\/limites-estelas-10\/\" class=\"wp-image-2050\" srcset=\"https:\/\/www.victorarandagarcia.es\/wp-content\/uploads\/limites-estelas-10.jpg 720w, https:\/\/www.victorarandagarcia.es\/wp-content\/uploads\/limites-estelas-10-300x200.jpg 300w\" sizes=\"(max-width: 720px) 100vw, 720px\" \/><\/figure><\/li><li class=\"blocks-gallery-item\"><figure><img data-attachment-id=\"2051\" data-permalink=\"https:\/\/www.victorarandagarcia.es\/limites-estelas-11\/\" data-orig-file=\"https:\/\/www.victorarandagarcia.es\/wp-content\/uploads\/limites-estelas-11.jpg\" data-orig-size=\"720,481\" data-comments-opened=\"0\" data-image-meta=\"{&quot;aperture&quot;:&quot;0&quot;,&quot;credit&quot;:&quot;&quot;,&quot;camera&quot;:&quot;&quot;,&quot;caption&quot;:&quot;&quot;,&quot;created_timestamp&quot;:&quot;0&quot;,&quot;copyright&quot;:&quot;&quot;,&quot;focal_length&quot;:&quot;0&quot;,&quot;iso&quot;:&quot;0&quot;,&quot;shutter_speed&quot;:&quot;0&quot;,&quot;title&quot;:&quot;&quot;,&quot;orientation&quot;:&quot;0&quot;}\" data-image-title=\"limites-estelas-11\" data-image-description=\"&lt;p&gt;Estela Luna do Feria (Valencia 2012)&lt;\/p&gt;\n\" data-image-caption=\"\" data-medium-file=\"https:\/\/www.victorarandagarcia.es\/wp-content\/uploads\/limites-estelas-11-300x200.jpg\" data-large-file=\"https:\/\/www.victorarandagarcia.es\/wp-content\/uploads\/limites-estelas-11.jpg\" decoding=\"async\" loading=\"lazy\" width=\"720\" height=\"481\" src=\"https:\/\/www.victorarandagarcia.es\/wp-content\/uploads\/limites-estelas-11.jpg\" alt=\"Fotograf\u00eda en blanco y negro\" data-id=\"2051\" data-link=\"https:\/\/www.victorarandagarcia.es\/limites-estelas-11\/\" class=\"wp-image-2051\" srcset=\"https:\/\/www.victorarandagarcia.es\/wp-content\/uploads\/limites-estelas-11.jpg 720w, https:\/\/www.victorarandagarcia.es\/wp-content\/uploads\/limites-estelas-11-300x200.jpg 300w\" sizes=\"(max-width: 720px) 100vw, 720px\" \/><\/figure><\/li><\/ul>\n","protected":false},"excerpt":{"rendered":"<p>Igual que las nubes suelen ser un buen aliado a la hora de componer un paisaje, siempre he encontrado sugerente el dibujo de las estelas de los aviones. &hellip; <a href=\"https:\/\/www.victorarandagarcia.es\/index.php\/arte\/limites\/estelas\/\" class=\"more-link\"><span>Continuar<span class=\"screen-reader-text\">Estelas<\/span><\/span><\/a><\/p>\n","protected":false},"author":1,"featured_media":2043,"comment_status":"closed","ping_status":"open","sticky":false,"template":"","format":"standard","meta":{"jetpack_post_was_ever_published":false,"_jetpack_newsletter_access":"","_jetpack_dont_email_post_to_subs":false,"_jetpack_newsletter_tier_id":0,"_jetpack_memberships_contains_paywalled_content":false,"footnotes":"","_jetpack_memberships_contains_paid_content":false},"categories":[37],"tags":[75,29],"yoast_head":"<!-- This site is optimized with the Yoast SEO plugin v22.6 - https:\/\/yoast.com\/wordpress\/plugins\/seo\/ -->\n<title>Estelas - arte y estudio<\/title>\n<meta name=\"description\" content=\"El rastro de los aviones comerciales protagoniza estas fotograf\u00edas en blanco y negro tomadas por V\u00edctor Aranda Garc\u00eda para la serie L\u00edmites.\" \/>\n<meta name=\"robots\" content=\"index, follow, max-snippet:-1, max-image-preview:large, max-video-preview:-1\" \/>\n<link rel=\"canonical\" href=\"https:\/\/www.victorarandagarcia.es\/index.php\/arte\/limites\/estelas\/\" \/>\n<meta property=\"og:locale\" content=\"es_ES\" \/>\n<meta property=\"og:type\" content=\"article\" \/>\n<meta property=\"og:title\" content=\"Estelas - arte y estudio\" \/>\n<meta property=\"og:description\" content=\"El rastro de los aviones comerciales protagoniza estas fotograf\u00edas en blanco y negro tomadas por V\u00edctor Aranda Garc\u00eda para la serie L\u00edmites.\" \/>\n<meta property=\"og:url\" content=\"https:\/\/www.victorarandagarcia.es\/index.php\/arte\/limites\/estelas\/\" \/>\n<meta property=\"og:site_name\" content=\"arte y estudio\" \/>\n<meta property=\"article:published_time\" content=\"2019-06-18T17:41:46+00:00\" \/>\n<meta property=\"article:modified_time\" content=\"2019-06-18T17:50:35+00:00\" \/>\n<meta property=\"og:image\" content=\"https:\/\/www.victorarandagarcia.es\/wp-content\/uploads\/limites-estelas-01.jpg\" \/>\n\t<meta property=\"og:image:width\" content=\"481\" \/>\n\t<meta property=\"og:image:height\" content=\"720\" \/>\n\t<meta property=\"og:image:type\" content=\"image\/jpeg\" \/>\n<meta name=\"author\" content=\"victorarandagarcia\" \/>\n<meta name=\"twitter:card\" content=\"summary_large_image\" \/>\n<meta name=\"twitter:label1\" content=\"Escrito por\" \/>\n\t<meta name=\"twitter:data1\" content=\"victorarandagarcia\" \/>\n<script type=\"application\/ld+json\" class=\"yoast-schema-graph\">{\"@context\":\"https:\/\/schema.org\",\"@graph\":[{\"@type\":\"Article\",\"@id\":\"https:\/\/www.victorarandagarcia.es\/index.php\/arte\/limites\/estelas\/#article\",\"isPartOf\":{\"@id\":\"https:\/\/www.victorarandagarcia.es\/index.php\/arte\/limites\/estelas\/\"},\"author\":{\"name\":\"victorarandagarcia\",\"@id\":\"https:\/\/www.victorarandagarcia.es\/#\/schema\/person\/bfa9c61a3776d517deeee5f9386ef302\"},\"headline\":\"Estelas\",\"datePublished\":\"2019-06-18T17:41:46+00:00\",\"dateModified\":\"2019-06-18T17:50:35+00:00\",\"mainEntityOfPage\":{\"@id\":\"https:\/\/www.victorarandagarcia.es\/index.php\/arte\/limites\/estelas\/\"},\"wordCount\":56,\"publisher\":{\"@id\":\"https:\/\/www.victorarandagarcia.es\/#organization\"},\"image\":{\"@id\":\"https:\/\/www.victorarandagarcia.es\/index.php\/arte\/limites\/estelas\/#primaryimage\"},\"thumbnailUrl\":\"https:\/\/www.victorarandagarcia.es\/wp-content\/uploads\/limites-estelas-01.jpg\",\"keywords\":[\"estelas\",\"l\u00ed\u00admites\"],\"articleSection\":[\"L\u00cdMITES\"],\"inLanguage\":\"es\"},{\"@type\":\"WebPage\",\"@id\":\"https:\/\/www.victorarandagarcia.es\/index.php\/arte\/limites\/estelas\/\",\"url\":\"https:\/\/www.victorarandagarcia.es\/index.php\/arte\/limites\/estelas\/\",\"name\":\"Estelas - arte y estudio\",\"isPartOf\":{\"@id\":\"https:\/\/www.victorarandagarcia.es\/#website\"},\"primaryImageOfPage\":{\"@id\":\"https:\/\/www.victorarandagarcia.es\/index.php\/arte\/limites\/estelas\/#primaryimage\"},\"image\":{\"@id\":\"https:\/\/www.victorarandagarcia.es\/index.php\/arte\/limites\/estelas\/#primaryimage\"},\"thumbnailUrl\":\"https:\/\/www.victorarandagarcia.es\/wp-content\/uploads\/limites-estelas-01.jpg\",\"datePublished\":\"2019-06-18T17:41:46+00:00\",\"dateModified\":\"2019-06-18T17:50:35+00:00\",\"description\":\"El rastro de los aviones comerciales protagoniza estas fotograf\u00edas en blanco y negro tomadas por V\u00edctor Aranda Garc\u00eda para la serie L\u00edmites.\",\"breadcrumb\":{\"@id\":\"https:\/\/www.victorarandagarcia.es\/index.php\/arte\/limites\/estelas\/#breadcrumb\"},\"inLanguage\":\"es\",\"potentialAction\":[{\"@type\":\"ReadAction\",\"target\":[\"https:\/\/www.victorarandagarcia.es\/index.php\/arte\/limites\/estelas\/\"]}]},{\"@type\":\"ImageObject\",\"inLanguage\":\"es\",\"@id\":\"https:\/\/www.victorarandagarcia.es\/index.php\/arte\/limites\/estelas\/#primaryimage\",\"url\":\"https:\/\/www.victorarandagarcia.es\/wp-content\/uploads\/limites-estelas-01.jpg\",\"contentUrl\":\"https:\/\/www.victorarandagarcia.es\/wp-content\/uploads\/limites-estelas-01.jpg\",\"width\":481,\"height\":720,\"caption\":\"Fotograf\u00eda en blanco y negro\"},{\"@type\":\"BreadcrumbList\",\"@id\":\"https:\/\/www.victorarandagarcia.es\/index.php\/arte\/limites\/estelas\/#breadcrumb\",\"itemListElement\":[{\"@type\":\"ListItem\",\"position\":1,\"name\":\"Portada\",\"item\":\"https:\/\/www.victorarandagarcia.es\/\"},{\"@type\":\"ListItem\",\"position\":2,\"name\":\"Estelas\"}]},{\"@type\":\"WebSite\",\"@id\":\"https:\/\/www.victorarandagarcia.es\/#website\",\"url\":\"https:\/\/www.victorarandagarcia.es\/\",\"name\":\"arte y estudio\",\"description\":\"Fot\u00f3grafo\",\"publisher\":{\"@id\":\"https:\/\/www.victorarandagarcia.es\/#organization\"},\"potentialAction\":[{\"@type\":\"SearchAction\",\"target\":{\"@type\":\"EntryPoint\",\"urlTemplate\":\"https:\/\/www.victorarandagarcia.es\/?s={search_term_string}\"},\"query-input\":\"required name=search_term_string\"}],\"inLanguage\":\"es\"},{\"@type\":\"Organization\",\"@id\":\"https:\/\/www.victorarandagarcia.es\/#organization\",\"name\":\"arte y estudio\",\"url\":\"https:\/\/www.victorarandagarcia.es\/\",\"logo\":{\"@type\":\"ImageObject\",\"inLanguage\":\"es\",\"@id\":\"https:\/\/www.victorarandagarcia.es\/#\/schema\/logo\/image\/\",\"url\":\"https:\/\/www.victorarandagarcia.es\/wp-content\/uploads\/2019\/03\/logo-fotografo.png\",\"contentUrl\":\"https:\/\/www.victorarandagarcia.es\/wp-content\/uploads\/2019\/03\/logo-fotografo.png\",\"width\":150,\"height\":150,\"caption\":\"arte y estudio\"},\"image\":{\"@id\":\"https:\/\/www.victorarandagarcia.es\/#\/schema\/logo\/image\/\"}},{\"@type\":\"Person\",\"@id\":\"https:\/\/www.victorarandagarcia.es\/#\/schema\/person\/bfa9c61a3776d517deeee5f9386ef302\",\"name\":\"victorarandagarcia\",\"image\":{\"@type\":\"ImageObject\",\"inLanguage\":\"es\",\"@id\":\"https:\/\/www.victorarandagarcia.es\/#\/schema\/person\/image\/\",\"url\":\"https:\/\/secure.gravatar.com\/avatar\/957a01ac23a6393e755ae8225c35dbdb?s=96&d=mm&r=g\",\"contentUrl\":\"https:\/\/secure.gravatar.com\/avatar\/957a01ac23a6393e755ae8225c35dbdb?s=96&d=mm&r=g\",\"caption\":\"victorarandagarcia\"}}]}<\/script>\n<!-- \/ Yoast SEO plugin. -->","yoast_head_json":{"title":"Estelas - arte y estudio","description":"El rastro de los aviones comerciales protagoniza estas fotograf\u00edas en blanco y negro tomadas por V\u00edctor Aranda Garc\u00eda para la serie L\u00edmites.","robots":{"index":"index","follow":"follow","max-snippet":"max-snippet:-1","max-image-preview":"max-image-preview:large","max-video-preview":"max-video-preview:-1"},"canonical":"https:\/\/www.victorarandagarcia.es\/index.php\/arte\/limites\/estelas\/","og_locale":"es_ES","og_type":"article","og_title":"Estelas - arte y estudio","og_description":"El rastro de los aviones comerciales protagoniza estas fotograf\u00edas en blanco y negro tomadas por V\u00edctor Aranda Garc\u00eda para la serie L\u00edmites.","og_url":"https:\/\/www.victorarandagarcia.es\/index.php\/arte\/limites\/estelas\/","og_site_name":"arte y estudio","article_published_time":"2019-06-18T17:41:46+00:00","article_modified_time":"2019-06-18T17:50:35+00:00","og_image":[{"width":481,"height":720,"url":"https:\/\/www.victorarandagarcia.es\/wp-content\/uploads\/limites-estelas-01.jpg","type":"image\/jpeg"}],"author":"victorarandagarcia","twitter_card":"summary_large_image","twitter_misc":{"Escrito por":"victorarandagarcia"},"schema":{"@context":"https:\/\/schema.org","@graph":[{"@type":"Article","@id":"https:\/\/www.victorarandagarcia.es\/index.php\/arte\/limites\/estelas\/#article","isPartOf":{"@id":"https:\/\/www.victorarandagarcia.es\/index.php\/arte\/limites\/estelas\/"},"author":{"name":"victorarandagarcia","@id":"https:\/\/www.victorarandagarcia.es\/#\/schema\/person\/bfa9c61a3776d517deeee5f9386ef302"},"headline":"Estelas","datePublished":"2019-06-18T17:41:46+00:00","dateModified":"2019-06-18T17:50:35+00:00","mainEntityOfPage":{"@id":"https:\/\/www.victorarandagarcia.es\/index.php\/arte\/limites\/estelas\/"},"wordCount":56,"publisher":{"@id":"https:\/\/www.victorarandagarcia.es\/#organization"},"image":{"@id":"https:\/\/www.victorarandagarcia.es\/index.php\/arte\/limites\/estelas\/#primaryimage"},"thumbnailUrl":"https:\/\/www.victorarandagarcia.es\/wp-content\/uploads\/limites-estelas-01.jpg","keywords":["estelas","l\u00ed\u00admites"],"articleSection":["L\u00cdMITES"],"inLanguage":"es"},{"@type":"WebPage","@id":"https:\/\/www.victorarandagarcia.es\/index.php\/arte\/limites\/estelas\/","url":"https:\/\/www.victorarandagarcia.es\/index.php\/arte\/limites\/estelas\/","name":"Estelas - arte y estudio","isPartOf":{"@id":"https:\/\/www.victorarandagarcia.es\/#website"},"primaryImageOfPage":{"@id":"https:\/\/www.victorarandagarcia.es\/index.php\/arte\/limites\/estelas\/#primaryimage"},"image":{"@id":"https:\/\/www.victorarandagarcia.es\/index.php\/arte\/limites\/estelas\/#primaryimage"},"thumbnailUrl":"https:\/\/www.victorarandagarcia.es\/wp-content\/uploads\/limites-estelas-01.jpg","datePublished":"2019-06-18T17:41:46+00:00","dateModified":"2019-06-18T17:50:35+00:00","description":"El rastro de los aviones comerciales protagoniza estas fotograf\u00edas en blanco y negro tomadas por V\u00edctor Aranda Garc\u00eda para la serie L\u00edmites.","breadcrumb":{"@id":"https:\/\/www.victorarandagarcia.es\/index.php\/arte\/limites\/estelas\/#breadcrumb"},"inLanguage":"es","potentialAction":[{"@type":"ReadAction","target":["https:\/\/www.victorarandagarcia.es\/index.php\/arte\/limites\/estelas\/"]}]},{"@type":"ImageObject","inLanguage":"es","@id":"https:\/\/www.victorarandagarcia.es\/index.php\/arte\/limites\/estelas\/#primaryimage","url":"https:\/\/www.victorarandagarcia.es\/wp-content\/uploads\/limites-estelas-01.jpg","contentUrl":"https:\/\/www.victorarandagarcia.es\/wp-content\/uploads\/limites-estelas-01.jpg","width":481,"height":720,"caption":"Fotograf\u00eda en blanco y negro"},{"@type":"BreadcrumbList","@id":"https:\/\/www.victorarandagarcia.es\/index.php\/arte\/limites\/estelas\/#breadcrumb","itemListElement":[{"@type":"ListItem","position":1,"name":"Portada","item":"https:\/\/www.victorarandagarcia.es\/"},{"@type":"ListItem","position":2,"name":"Estelas"}]},{"@type":"WebSite","@id":"https:\/\/www.victorarandagarcia.es\/#website","url":"https:\/\/www.victorarandagarcia.es\/","name":"arte y estudio","description":"Fot\u00f3grafo","publisher":{"@id":"https:\/\/www.victorarandagarcia.es\/#organization"},"potentialAction":[{"@type":"SearchAction","target":{"@type":"EntryPoint","urlTemplate":"https:\/\/www.victorarandagarcia.es\/?s={search_term_string}"},"query-input":"required name=search_term_string"}],"inLanguage":"es"},{"@type":"Organization","@id":"https:\/\/www.victorarandagarcia.es\/#organization","name":"arte y estudio","url":"https:\/\/www.victorarandagarcia.es\/","logo":{"@type":"ImageObject","inLanguage":"es","@id":"https:\/\/www.victorarandagarcia.es\/#\/schema\/logo\/image\/","url":"https:\/\/www.victorarandagarcia.es\/wp-content\/uploads\/2019\/03\/logo-fotografo.png","contentUrl":"https:\/\/www.victorarandagarcia.es\/wp-content\/uploads\/2019\/03\/logo-fotografo.png","width":150,"height":150,"caption":"arte y estudio"},"image":{"@id":"https:\/\/www.victorarandagarcia.es\/#\/schema\/logo\/image\/"}},{"@type":"Person","@id":"https:\/\/www.victorarandagarcia.es\/#\/schema\/person\/bfa9c61a3776d517deeee5f9386ef302","name":"victorarandagarcia","image":{"@type":"ImageObject","inLanguage":"es","@id":"https:\/\/www.victorarandagarcia.es\/#\/schema\/person\/image\/","url":"https:\/\/secure.gravatar.com\/avatar\/957a01ac23a6393e755ae8225c35dbdb?s=96&d=mm&r=g","contentUrl":"https:\/\/secure.gravatar.com\/avatar\/957a01ac23a6393e755ae8225c35dbdb?s=96&d=mm&r=g","caption":"victorarandagarcia"}}]}},"jetpack_featured_media_url":"https:\/\/www.victorarandagarcia.es\/wp-content\/uploads\/limites-estelas-01.jpg","jetpack_sharing_enabled":true,"_links":{"self":[{"href":"https:\/\/www.victorarandagarcia.es\/index.php\/wp-json\/wp\/v2\/posts\/2052"}],"collection":[{"href":"https:\/\/www.victorarandagarcia.es\/index.php\/wp-json\/wp\/v2\/posts"}],"about":[{"href":"https:\/\/www.victorarandagarcia.es\/index.php\/wp-json\/wp\/v2\/types\/post"}],"author":[{"embeddable":true,"href":"https:\/\/www.victorarandagarcia.es\/index.php\/wp-json\/wp\/v2\/users\/1"}],"replies":[{"embeddable":true,"href":"https:\/\/www.victorarandagarcia.es\/index.php\/wp-json\/wp\/v2\/comments?post=2052"}],"version-history":[{"count":1,"href":"https:\/\/www.victorarandagarcia.es\/index.php\/wp-json\/wp\/v2\/posts\/2052\/revisions"}],"predecessor-version":[{"id":2053,"href":"https:\/\/www.victorarandagarcia.es\/index.php\/wp-json\/wp\/v2\/posts\/2052\/revisions\/2053"}],"wp:featuredmedia":[{"embeddable":true,"href":"https:\/\/www.victorarandagarcia.es\/index.php\/wp-json\/wp\/v2\/media\/2043"}],"wp:attachment":[{"href":"https:\/\/www.victorarandagarcia.es\/index.php\/wp-json\/wp\/v2\/media?parent=2052"}],"wp:term":[{"taxonomy":"category","embeddable":true,"href":"https:\/\/www.victorarandagarcia.es\/index.php\/wp-json\/wp\/v2\/categories?post=2052"},{"taxonomy":"post_tag","embeddable":true,"href":"https:\/\/www.victorarandagarcia.es\/index.php\/wp-json\/wp\/v2\/tags?post=2052"}],"curies":[{"name":"wp","href":"https:\/\/api.w.org\/{rel}","templated":true}]}}