{"id":2018,"date":"2019-06-16T14:06:27","date_gmt":"2019-06-16T12:06:27","guid":{"rendered":"https:\/\/www.victorarandagarcia.es\/?p=2018"},"modified":"2019-06-16T14:06:41","modified_gmt":"2019-06-16T12:06:41","slug":"variaciones-del-agua-en-clave-de-sol","status":"publish","type":"post","link":"https:\/\/www.victorarandagarcia.es\/index.php\/arte\/variaciones\/variaciones-del-agua-en-clave-de-sol\/","title":{"rendered":"Variaciones del agua en clave de sol"},"content":{"rendered":"\n<p>Doce fotograf\u00edas tomadas en una balsa de riego en B\u00e9tera en 2011. El sol reflej\u00e1ndose sobre la superficie del agua en diferentes formas y lugares de acuerdo con sus variaciones.<\/p>\n\n\n\n<ul class=\"wp-block-gallery columns-3 is-cropped wp-block-gallery-1 is-layout-flex wp-block-gallery-is-layout-flex\"><li class=\"blocks-gallery-item\"><figure><img data-attachment-id=\"2008\" data-permalink=\"https:\/\/www.victorarandagarcia.es\/variaciones-sol-agua-01\/\" data-orig-file=\"https:\/\/www.victorarandagarcia.es\/wp-content\/uploads\/variaciones-sol-agua-01.jpg\" data-orig-size=\"481,720\" data-comments-opened=\"0\" data-image-meta=\"{&quot;aperture&quot;:&quot;0&quot;,&quot;credit&quot;:&quot;&quot;,&quot;camera&quot;:&quot;&quot;,&quot;caption&quot;:&quot;&quot;,&quot;created_timestamp&quot;:&quot;0&quot;,&quot;copyright&quot;:&quot;&quot;,&quot;focal_length&quot;:&quot;0&quot;,&quot;iso&quot;:&quot;0&quot;,&quot;shutter_speed&quot;:&quot;0&quot;,&quot;title&quot;:&quot;&quot;,&quot;orientation&quot;:&quot;0&quot;}\" data-image-title=\"variaciones-sol-agua-01\" data-image-description=\"&lt;p&gt;Variaciones del sol sobre el agua (B\u00e9tera 2011)&lt;\/p&gt;\n\" data-image-caption=\"\" data-medium-file=\"https:\/\/www.victorarandagarcia.es\/wp-content\/uploads\/variaciones-sol-agua-01-200x300.jpg\" data-large-file=\"https:\/\/www.victorarandagarcia.es\/wp-content\/uploads\/variaciones-sol-agua-01.jpg\" decoding=\"async\" loading=\"lazy\" width=\"481\" height=\"720\" src=\"https:\/\/www.victorarandagarcia.es\/wp-content\/uploads\/variaciones-sol-agua-01.jpg\" alt=\"\" data-id=\"2008\" data-link=\"https:\/\/www.victorarandagarcia.es\/variaciones-sol-agua-01\/\" class=\"wp-image-2008\" srcset=\"https:\/\/www.victorarandagarcia.es\/wp-content\/uploads\/variaciones-sol-agua-01.jpg 481w, https:\/\/www.victorarandagarcia.es\/wp-content\/uploads\/variaciones-sol-agua-01-200x300.jpg 200w\" sizes=\"(max-width: 481px) 100vw, 481px\" \/><\/figure><\/li><li class=\"blocks-gallery-item\"><figure><img data-attachment-id=\"2010\" data-permalink=\"https:\/\/www.victorarandagarcia.es\/variaciones-sol-agua-02\/\" data-orig-file=\"https:\/\/www.victorarandagarcia.es\/wp-content\/uploads\/variaciones-sol-agua-02.jpg\" data-orig-size=\"481,720\" data-comments-opened=\"0\" data-image-meta=\"{&quot;aperture&quot;:&quot;0&quot;,&quot;credit&quot;:&quot;&quot;,&quot;camera&quot;:&quot;&quot;,&quot;caption&quot;:&quot;&quot;,&quot;created_timestamp&quot;:&quot;0&quot;,&quot;copyright&quot;:&quot;&quot;,&quot;focal_length&quot;:&quot;0&quot;,&quot;iso&quot;:&quot;0&quot;,&quot;shutter_speed&quot;:&quot;0&quot;,&quot;title&quot;:&quot;&quot;,&quot;orientation&quot;:&quot;0&quot;}\" data-image-title=\"variaciones-sol-agua-02\" data-image-description=\"&lt;p&gt;Variaciones del sol sobre el agua (B\u00e9tera 2011)&lt;\/p&gt;\n\" data-image-caption=\"\" data-medium-file=\"https:\/\/www.victorarandagarcia.es\/wp-content\/uploads\/variaciones-sol-agua-02-200x300.jpg\" data-large-file=\"https:\/\/www.victorarandagarcia.es\/wp-content\/uploads\/variaciones-sol-agua-02.jpg\" decoding=\"async\" loading=\"lazy\" width=\"481\" height=\"720\" src=\"https:\/\/www.victorarandagarcia.es\/wp-content\/uploads\/variaciones-sol-agua-02.jpg\" alt=\"\" data-id=\"2010\" data-link=\"https:\/\/www.victorarandagarcia.es\/variaciones-sol-agua-02\/\" class=\"wp-image-2010\" srcset=\"https:\/\/www.victorarandagarcia.es\/wp-content\/uploads\/variaciones-sol-agua-02.jpg 481w, https:\/\/www.victorarandagarcia.es\/wp-content\/uploads\/variaciones-sol-agua-02-200x300.jpg 200w\" sizes=\"(max-width: 481px) 100vw, 481px\" \/><\/figure><\/li><li class=\"blocks-gallery-item\"><figure><img data-attachment-id=\"2013\" data-permalink=\"https:\/\/www.victorarandagarcia.es\/variaciones-sol-agua-03\/\" data-orig-file=\"https:\/\/www.victorarandagarcia.es\/wp-content\/uploads\/variaciones-sol-agua-03.jpg\" data-orig-size=\"481,720\" data-comments-opened=\"0\" data-image-meta=\"{&quot;aperture&quot;:&quot;0&quot;,&quot;credit&quot;:&quot;&quot;,&quot;camera&quot;:&quot;&quot;,&quot;caption&quot;:&quot;&quot;,&quot;created_timestamp&quot;:&quot;0&quot;,&quot;copyright&quot;:&quot;&quot;,&quot;focal_length&quot;:&quot;0&quot;,&quot;iso&quot;:&quot;0&quot;,&quot;shutter_speed&quot;:&quot;0&quot;,&quot;title&quot;:&quot;&quot;,&quot;orientation&quot;:&quot;0&quot;}\" data-image-title=\"variaciones-sol-agua-03\" data-image-description=\"&lt;p&gt;Variaciones del sol sobre el agua (B\u00e9tera 2011)&lt;\/p&gt;\n\" data-image-caption=\"\" data-medium-file=\"https:\/\/www.victorarandagarcia.es\/wp-content\/uploads\/variaciones-sol-agua-03-200x300.jpg\" data-large-file=\"https:\/\/www.victorarandagarcia.es\/wp-content\/uploads\/variaciones-sol-agua-03.jpg\" decoding=\"async\" loading=\"lazy\" width=\"481\" height=\"720\" src=\"https:\/\/www.victorarandagarcia.es\/wp-content\/uploads\/variaciones-sol-agua-03.jpg\" alt=\"\" data-id=\"2013\" data-link=\"https:\/\/www.victorarandagarcia.es\/variaciones-sol-agua-03\/\" class=\"wp-image-2013\" srcset=\"https:\/\/www.victorarandagarcia.es\/wp-content\/uploads\/variaciones-sol-agua-03.jpg 481w, https:\/\/www.victorarandagarcia.es\/wp-content\/uploads\/variaciones-sol-agua-03-200x300.jpg 200w\" sizes=\"(max-width: 481px) 100vw, 481px\" \/><\/figure><\/li><li class=\"blocks-gallery-item\"><figure><img data-attachment-id=\"2015\" data-permalink=\"https:\/\/www.victorarandagarcia.es\/variaciones-sol-agua-04\/\" data-orig-file=\"https:\/\/www.victorarandagarcia.es\/wp-content\/uploads\/variaciones-sol-agua-04.jpg\" data-orig-size=\"481,720\" data-comments-opened=\"0\" data-image-meta=\"{&quot;aperture&quot;:&quot;0&quot;,&quot;credit&quot;:&quot;&quot;,&quot;camera&quot;:&quot;&quot;,&quot;caption&quot;:&quot;&quot;,&quot;created_timestamp&quot;:&quot;0&quot;,&quot;copyright&quot;:&quot;&quot;,&quot;focal_length&quot;:&quot;0&quot;,&quot;iso&quot;:&quot;0&quot;,&quot;shutter_speed&quot;:&quot;0&quot;,&quot;title&quot;:&quot;&quot;,&quot;orientation&quot;:&quot;0&quot;}\" data-image-title=\"variaciones-sol-agua-04\" data-image-description=\"&lt;p&gt;Variaciones del sol sobre el agua (B\u00e9tera 2011)&lt;\/p&gt;\n\" data-image-caption=\"\" data-medium-file=\"https:\/\/www.victorarandagarcia.es\/wp-content\/uploads\/variaciones-sol-agua-04-200x300.jpg\" data-large-file=\"https:\/\/www.victorarandagarcia.es\/wp-content\/uploads\/variaciones-sol-agua-04.jpg\" decoding=\"async\" loading=\"lazy\" width=\"481\" height=\"720\" src=\"https:\/\/www.victorarandagarcia.es\/wp-content\/uploads\/variaciones-sol-agua-04.jpg\" alt=\"\" data-id=\"2015\" data-link=\"https:\/\/www.victorarandagarcia.es\/variaciones-sol-agua-04\/\" class=\"wp-image-2015\" srcset=\"https:\/\/www.victorarandagarcia.es\/wp-content\/uploads\/variaciones-sol-agua-04.jpg 481w, https:\/\/www.victorarandagarcia.es\/wp-content\/uploads\/variaciones-sol-agua-04-200x300.jpg 200w\" sizes=\"(max-width: 481px) 100vw, 481px\" \/><\/figure><\/li><li class=\"blocks-gallery-item\"><figure><img data-attachment-id=\"2012\" data-permalink=\"https:\/\/www.victorarandagarcia.es\/variaciones-sol-agua-05\/\" data-orig-file=\"https:\/\/www.victorarandagarcia.es\/wp-content\/uploads\/variaciones-sol-agua-05.jpg\" data-orig-size=\"481,720\" data-comments-opened=\"0\" data-image-meta=\"{&quot;aperture&quot;:&quot;0&quot;,&quot;credit&quot;:&quot;&quot;,&quot;camera&quot;:&quot;&quot;,&quot;caption&quot;:&quot;&quot;,&quot;created_timestamp&quot;:&quot;0&quot;,&quot;copyright&quot;:&quot;&quot;,&quot;focal_length&quot;:&quot;0&quot;,&quot;iso&quot;:&quot;0&quot;,&quot;shutter_speed&quot;:&quot;0&quot;,&quot;title&quot;:&quot;&quot;,&quot;orientation&quot;:&quot;0&quot;}\" data-image-title=\"variaciones-sol-agua-05\" data-image-description=\"&lt;p&gt;Variaciones del sol sobre el agua (B\u00e9tera 2011)&lt;\/p&gt;\n\" data-image-caption=\"\" data-medium-file=\"https:\/\/www.victorarandagarcia.es\/wp-content\/uploads\/variaciones-sol-agua-05-200x300.jpg\" data-large-file=\"https:\/\/www.victorarandagarcia.es\/wp-content\/uploads\/variaciones-sol-agua-05.jpg\" decoding=\"async\" loading=\"lazy\" width=\"481\" height=\"720\" src=\"https:\/\/www.victorarandagarcia.es\/wp-content\/uploads\/variaciones-sol-agua-05.jpg\" alt=\"\" data-id=\"2012\" data-link=\"https:\/\/www.victorarandagarcia.es\/variaciones-sol-agua-05\/\" class=\"wp-image-2012\" srcset=\"https:\/\/www.victorarandagarcia.es\/wp-content\/uploads\/variaciones-sol-agua-05.jpg 481w, https:\/\/www.victorarandagarcia.es\/wp-content\/uploads\/variaciones-sol-agua-05-200x300.jpg 200w\" sizes=\"(max-width: 481px) 100vw, 481px\" \/><\/figure><\/li><li class=\"blocks-gallery-item\"><figure><img data-attachment-id=\"2006\" data-permalink=\"https:\/\/www.victorarandagarcia.es\/variaciones-sol-agua-06\/\" data-orig-file=\"https:\/\/www.victorarandagarcia.es\/wp-content\/uploads\/variaciones-sol-agua-06.jpg\" data-orig-size=\"481,720\" data-comments-opened=\"0\" data-image-meta=\"{&quot;aperture&quot;:&quot;0&quot;,&quot;credit&quot;:&quot;&quot;,&quot;camera&quot;:&quot;&quot;,&quot;caption&quot;:&quot;&quot;,&quot;created_timestamp&quot;:&quot;0&quot;,&quot;copyright&quot;:&quot;&quot;,&quot;focal_length&quot;:&quot;0&quot;,&quot;iso&quot;:&quot;0&quot;,&quot;shutter_speed&quot;:&quot;0&quot;,&quot;title&quot;:&quot;&quot;,&quot;orientation&quot;:&quot;0&quot;}\" data-image-title=\"variaciones-sol-agua-06\" data-image-description=\"&lt;p&gt;Variaciones del sol sobre el agua (B\u00e9tera 2011)&lt;\/p&gt;\n\" data-image-caption=\"\" data-medium-file=\"https:\/\/www.victorarandagarcia.es\/wp-content\/uploads\/variaciones-sol-agua-06-200x300.jpg\" data-large-file=\"https:\/\/www.victorarandagarcia.es\/wp-content\/uploads\/variaciones-sol-agua-06.jpg\" decoding=\"async\" loading=\"lazy\" width=\"481\" height=\"720\" src=\"https:\/\/www.victorarandagarcia.es\/wp-content\/uploads\/variaciones-sol-agua-06.jpg\" alt=\"\" data-id=\"2006\" data-link=\"https:\/\/www.victorarandagarcia.es\/variaciones-sol-agua-06\/\" class=\"wp-image-2006\" srcset=\"https:\/\/www.victorarandagarcia.es\/wp-content\/uploads\/variaciones-sol-agua-06.jpg 481w, https:\/\/www.victorarandagarcia.es\/wp-content\/uploads\/variaciones-sol-agua-06-200x300.jpg 200w\" sizes=\"(max-width: 481px) 100vw, 481px\" \/><\/figure><\/li><li class=\"blocks-gallery-item\"><figure><img data-attachment-id=\"2011\" data-permalink=\"https:\/\/www.victorarandagarcia.es\/variaciones-sol-agua-07\/\" data-orig-file=\"https:\/\/www.victorarandagarcia.es\/wp-content\/uploads\/variaciones-sol-agua-07.jpg\" data-orig-size=\"481,720\" data-comments-opened=\"0\" data-image-meta=\"{&quot;aperture&quot;:&quot;0&quot;,&quot;credit&quot;:&quot;&quot;,&quot;camera&quot;:&quot;&quot;,&quot;caption&quot;:&quot;&quot;,&quot;created_timestamp&quot;:&quot;0&quot;,&quot;copyright&quot;:&quot;&quot;,&quot;focal_length&quot;:&quot;0&quot;,&quot;iso&quot;:&quot;0&quot;,&quot;shutter_speed&quot;:&quot;0&quot;,&quot;title&quot;:&quot;&quot;,&quot;orientation&quot;:&quot;0&quot;}\" data-image-title=\"variaciones-sol-agua-07\" data-image-description=\"&lt;p&gt;Variaciones del sol sobre el agua (B\u00e9tera 2011)&lt;\/p&gt;\n\" data-image-caption=\"\" data-medium-file=\"https:\/\/www.victorarandagarcia.es\/wp-content\/uploads\/variaciones-sol-agua-07-200x300.jpg\" data-large-file=\"https:\/\/www.victorarandagarcia.es\/wp-content\/uploads\/variaciones-sol-agua-07.jpg\" decoding=\"async\" loading=\"lazy\" width=\"481\" height=\"720\" src=\"https:\/\/www.victorarandagarcia.es\/wp-content\/uploads\/variaciones-sol-agua-07.jpg\" alt=\"\" data-id=\"2011\" data-link=\"https:\/\/www.victorarandagarcia.es\/variaciones-sol-agua-07\/\" class=\"wp-image-2011\" srcset=\"https:\/\/www.victorarandagarcia.es\/wp-content\/uploads\/variaciones-sol-agua-07.jpg 481w, https:\/\/www.victorarandagarcia.es\/wp-content\/uploads\/variaciones-sol-agua-07-200x300.jpg 200w\" sizes=\"(max-width: 481px) 100vw, 481px\" \/><\/figure><\/li><li class=\"blocks-gallery-item\"><figure><img data-attachment-id=\"2017\" data-permalink=\"https:\/\/www.victorarandagarcia.es\/variaciones-sol-agua-12\/\" data-orig-file=\"https:\/\/www.victorarandagarcia.es\/wp-content\/uploads\/variaciones-sol-agua-12.jpg\" data-orig-size=\"481,720\" data-comments-opened=\"0\" data-image-meta=\"{&quot;aperture&quot;:&quot;0&quot;,&quot;credit&quot;:&quot;&quot;,&quot;camera&quot;:&quot;&quot;,&quot;caption&quot;:&quot;&quot;,&quot;created_timestamp&quot;:&quot;0&quot;,&quot;copyright&quot;:&quot;&quot;,&quot;focal_length&quot;:&quot;0&quot;,&quot;iso&quot;:&quot;0&quot;,&quot;shutter_speed&quot;:&quot;0&quot;,&quot;title&quot;:&quot;&quot;,&quot;orientation&quot;:&quot;0&quot;}\" data-image-title=\"variaciones-sol-agua-12\" data-image-description=\"&lt;p&gt;Variaciones del sol sobre el agua (B\u00e9tera 2011)&lt;\/p&gt;\n\" data-image-caption=\"\" data-medium-file=\"https:\/\/www.victorarandagarcia.es\/wp-content\/uploads\/variaciones-sol-agua-12-200x300.jpg\" data-large-file=\"https:\/\/www.victorarandagarcia.es\/wp-content\/uploads\/variaciones-sol-agua-12.jpg\" decoding=\"async\" loading=\"lazy\" width=\"481\" height=\"720\" src=\"https:\/\/www.victorarandagarcia.es\/wp-content\/uploads\/variaciones-sol-agua-12.jpg\" alt=\"\" data-id=\"2017\" data-link=\"https:\/\/www.victorarandagarcia.es\/variaciones-sol-agua-12\/\" class=\"wp-image-2017\" srcset=\"https:\/\/www.victorarandagarcia.es\/wp-content\/uploads\/variaciones-sol-agua-12.jpg 481w, https:\/\/www.victorarandagarcia.es\/wp-content\/uploads\/variaciones-sol-agua-12-200x300.jpg 200w\" sizes=\"(max-width: 481px) 100vw, 481px\" \/><\/figure><\/li><li class=\"blocks-gallery-item\"><figure><img data-attachment-id=\"2016\" data-permalink=\"https:\/\/www.victorarandagarcia.es\/variaciones-sol-agua-08\/\" data-orig-file=\"https:\/\/www.victorarandagarcia.es\/wp-content\/uploads\/variaciones-sol-agua-08.jpg\" data-orig-size=\"481,720\" data-comments-opened=\"0\" data-image-meta=\"{&quot;aperture&quot;:&quot;0&quot;,&quot;credit&quot;:&quot;&quot;,&quot;camera&quot;:&quot;&quot;,&quot;caption&quot;:&quot;&quot;,&quot;created_timestamp&quot;:&quot;0&quot;,&quot;copyright&quot;:&quot;&quot;,&quot;focal_length&quot;:&quot;0&quot;,&quot;iso&quot;:&quot;0&quot;,&quot;shutter_speed&quot;:&quot;0&quot;,&quot;title&quot;:&quot;&quot;,&quot;orientation&quot;:&quot;0&quot;}\" data-image-title=\"variaciones-sol-agua-08\" data-image-description=\"&lt;p&gt;Variaciones del sol sobre el agua (B\u00e9tera 2011)&lt;\/p&gt;\n\" data-image-caption=\"\" data-medium-file=\"https:\/\/www.victorarandagarcia.es\/wp-content\/uploads\/variaciones-sol-agua-08-200x300.jpg\" data-large-file=\"https:\/\/www.victorarandagarcia.es\/wp-content\/uploads\/variaciones-sol-agua-08.jpg\" decoding=\"async\" loading=\"lazy\" width=\"481\" height=\"720\" src=\"https:\/\/www.victorarandagarcia.es\/wp-content\/uploads\/variaciones-sol-agua-08.jpg\" alt=\"\" data-id=\"2016\" data-link=\"https:\/\/www.victorarandagarcia.es\/variaciones-sol-agua-08\/\" class=\"wp-image-2016\" srcset=\"https:\/\/www.victorarandagarcia.es\/wp-content\/uploads\/variaciones-sol-agua-08.jpg 481w, https:\/\/www.victorarandagarcia.es\/wp-content\/uploads\/variaciones-sol-agua-08-200x300.jpg 200w\" sizes=\"(max-width: 481px) 100vw, 481px\" \/><\/figure><\/li><li class=\"blocks-gallery-item\"><figure><img data-attachment-id=\"2014\" data-permalink=\"https:\/\/www.victorarandagarcia.es\/variaciones-sol-agua-10\/\" data-orig-file=\"https:\/\/www.victorarandagarcia.es\/wp-content\/uploads\/variaciones-sol-agua-10.jpg\" data-orig-size=\"481,720\" data-comments-opened=\"0\" data-image-meta=\"{&quot;aperture&quot;:&quot;0&quot;,&quot;credit&quot;:&quot;&quot;,&quot;camera&quot;:&quot;&quot;,&quot;caption&quot;:&quot;&quot;,&quot;created_timestamp&quot;:&quot;0&quot;,&quot;copyright&quot;:&quot;&quot;,&quot;focal_length&quot;:&quot;0&quot;,&quot;iso&quot;:&quot;0&quot;,&quot;shutter_speed&quot;:&quot;0&quot;,&quot;title&quot;:&quot;&quot;,&quot;orientation&quot;:&quot;0&quot;}\" data-image-title=\"variaciones-sol-agua-10\" data-image-description=\"&lt;p&gt;Variaciones del sol sobre el agua (B\u00e9tera 2011)&lt;\/p&gt;\n\" data-image-caption=\"\" data-medium-file=\"https:\/\/www.victorarandagarcia.es\/wp-content\/uploads\/variaciones-sol-agua-10-200x300.jpg\" data-large-file=\"https:\/\/www.victorarandagarcia.es\/wp-content\/uploads\/variaciones-sol-agua-10.jpg\" decoding=\"async\" loading=\"lazy\" width=\"481\" height=\"720\" src=\"https:\/\/www.victorarandagarcia.es\/wp-content\/uploads\/variaciones-sol-agua-10.jpg\" alt=\"\" data-id=\"2014\" data-link=\"https:\/\/www.victorarandagarcia.es\/variaciones-sol-agua-10\/\" class=\"wp-image-2014\" srcset=\"https:\/\/www.victorarandagarcia.es\/wp-content\/uploads\/variaciones-sol-agua-10.jpg 481w, https:\/\/www.victorarandagarcia.es\/wp-content\/uploads\/variaciones-sol-agua-10-200x300.jpg 200w\" sizes=\"(max-width: 481px) 100vw, 481px\" \/><\/figure><\/li><li class=\"blocks-gallery-item\"><figure><img data-attachment-id=\"2009\" data-permalink=\"https:\/\/www.victorarandagarcia.es\/variaciones-sol-agua-11\/\" data-orig-file=\"https:\/\/www.victorarandagarcia.es\/wp-content\/uploads\/variaciones-sol-agua-11.jpg\" data-orig-size=\"481,720\" data-comments-opened=\"0\" data-image-meta=\"{&quot;aperture&quot;:&quot;0&quot;,&quot;credit&quot;:&quot;&quot;,&quot;camera&quot;:&quot;&quot;,&quot;caption&quot;:&quot;&quot;,&quot;created_timestamp&quot;:&quot;0&quot;,&quot;copyright&quot;:&quot;&quot;,&quot;focal_length&quot;:&quot;0&quot;,&quot;iso&quot;:&quot;0&quot;,&quot;shutter_speed&quot;:&quot;0&quot;,&quot;title&quot;:&quot;&quot;,&quot;orientation&quot;:&quot;0&quot;}\" data-image-title=\"variaciones-sol-agua-11\" data-image-description=\"&lt;p&gt;Variaciones del sol sobre el agua (B\u00e9tera 2011)&lt;\/p&gt;\n\" data-image-caption=\"\" data-medium-file=\"https:\/\/www.victorarandagarcia.es\/wp-content\/uploads\/variaciones-sol-agua-11-200x300.jpg\" data-large-file=\"https:\/\/www.victorarandagarcia.es\/wp-content\/uploads\/variaciones-sol-agua-11.jpg\" decoding=\"async\" loading=\"lazy\" width=\"481\" height=\"720\" src=\"https:\/\/www.victorarandagarcia.es\/wp-content\/uploads\/variaciones-sol-agua-11.jpg\" alt=\"\" data-id=\"2009\" data-link=\"https:\/\/www.victorarandagarcia.es\/variaciones-sol-agua-11\/\" class=\"wp-image-2009\" srcset=\"https:\/\/www.victorarandagarcia.es\/wp-content\/uploads\/variaciones-sol-agua-11.jpg 481w, https:\/\/www.victorarandagarcia.es\/wp-content\/uploads\/variaciones-sol-agua-11-200x300.jpg 200w\" sizes=\"(max-width: 481px) 100vw, 481px\" \/><\/figure><\/li><li class=\"blocks-gallery-item\"><figure><img data-attachment-id=\"2007\" data-permalink=\"https:\/\/www.victorarandagarcia.es\/variaciones-sol-agua-09\/\" data-orig-file=\"https:\/\/www.victorarandagarcia.es\/wp-content\/uploads\/variaciones-sol-agua-09.jpg\" data-orig-size=\"481,720\" data-comments-opened=\"0\" data-image-meta=\"{&quot;aperture&quot;:&quot;0&quot;,&quot;credit&quot;:&quot;&quot;,&quot;camera&quot;:&quot;&quot;,&quot;caption&quot;:&quot;&quot;,&quot;created_timestamp&quot;:&quot;0&quot;,&quot;copyright&quot;:&quot;&quot;,&quot;focal_length&quot;:&quot;0&quot;,&quot;iso&quot;:&quot;0&quot;,&quot;shutter_speed&quot;:&quot;0&quot;,&quot;title&quot;:&quot;&quot;,&quot;orientation&quot;:&quot;0&quot;}\" data-image-title=\"variaciones-sol-agua-09\" data-image-description=\"&lt;p&gt;Variaciones del sol sobre el agua (B\u00e9tera 2011)&lt;\/p&gt;\n\" data-image-caption=\"\" data-medium-file=\"https:\/\/www.victorarandagarcia.es\/wp-content\/uploads\/variaciones-sol-agua-09-200x300.jpg\" data-large-file=\"https:\/\/www.victorarandagarcia.es\/wp-content\/uploads\/variaciones-sol-agua-09.jpg\" decoding=\"async\" loading=\"lazy\" width=\"481\" height=\"720\" src=\"https:\/\/www.victorarandagarcia.es\/wp-content\/uploads\/variaciones-sol-agua-09.jpg\" alt=\"\" data-id=\"2007\" data-link=\"https:\/\/www.victorarandagarcia.es\/variaciones-sol-agua-09\/\" class=\"wp-image-2007\" srcset=\"https:\/\/www.victorarandagarcia.es\/wp-content\/uploads\/variaciones-sol-agua-09.jpg 481w, https:\/\/www.victorarandagarcia.es\/wp-content\/uploads\/variaciones-sol-agua-09-200x300.jpg 200w\" sizes=\"(max-width: 481px) 100vw, 481px\" \/><\/figure><\/li><\/ul>\n","protected":false},"excerpt":{"rendered":"<p>Doce fotograf\u00edas tomadas en una balsa de riego en B\u00e9tera en 2011. El sol reflej\u00e1ndose sobre la superficie del agua en diferentes formas y lugares de acuerdo con sus variaciones.<\/p>\n","protected":false},"author":1,"featured_media":2016,"comment_status":"closed","ping_status":"open","sticky":false,"template":"","format":"standard","meta":{"jetpack_post_was_ever_published":false,"_jetpack_newsletter_access":"","_jetpack_dont_email_post_to_subs":false,"_jetpack_newsletter_tier_id":0,"_jetpack_memberships_contains_paywalled_content":false,"footnotes":"","_jetpack_memberships_contains_paid_content":false},"categories":[38],"tags":[30],"yoast_head":"<!-- This site is optimized with the Yoast SEO plugin v22.6 - https:\/\/yoast.com\/wordpress\/plugins\/seo\/ -->\n<title>Variaciones del agua en clave de sol - arte y estudio<\/title>\n<meta name=\"description\" content=\"Fotograf\u00eda art\u00edstica: el sol reflej\u00e1ndose sobre la superficie del agua en diferentes formas y lugares de acuerdo con sus variaciones.\" \/>\n<meta name=\"robots\" content=\"index, follow, max-snippet:-1, max-image-preview:large, max-video-preview:-1\" \/>\n<link rel=\"canonical\" href=\"https:\/\/www.victorarandagarcia.es\/index.php\/arte\/variaciones\/variaciones-del-agua-en-clave-de-sol\/\" \/>\n<meta property=\"og:locale\" content=\"es_ES\" \/>\n<meta property=\"og:type\" content=\"article\" \/>\n<meta property=\"og:title\" content=\"Variaciones del agua en clave de sol - arte y estudio\" \/>\n<meta property=\"og:description\" content=\"Fotograf\u00eda art\u00edstica: el sol reflej\u00e1ndose sobre la superficie del agua en diferentes formas y lugares de acuerdo con sus variaciones.\" \/>\n<meta property=\"og:url\" content=\"https:\/\/www.victorarandagarcia.es\/index.php\/arte\/variaciones\/variaciones-del-agua-en-clave-de-sol\/\" \/>\n<meta property=\"og:site_name\" content=\"arte y estudio\" \/>\n<meta property=\"article:published_time\" content=\"2019-06-16T12:06:27+00:00\" \/>\n<meta property=\"article:modified_time\" content=\"2019-06-16T12:06:41+00:00\" \/>\n<meta property=\"og:image\" content=\"https:\/\/www.victorarandagarcia.es\/wp-content\/uploads\/variaciones-sol-agua-08.jpg\" \/>\n\t<meta property=\"og:image:width\" content=\"481\" \/>\n\t<meta property=\"og:image:height\" content=\"720\" \/>\n\t<meta property=\"og:image:type\" content=\"image\/jpeg\" \/>\n<meta name=\"author\" content=\"victorarandagarcia\" \/>\n<meta name=\"twitter:card\" content=\"summary_large_image\" \/>\n<meta name=\"twitter:label1\" content=\"Escrito por\" \/>\n\t<meta name=\"twitter:data1\" content=\"victorarandagarcia\" \/>\n<script type=\"application\/ld+json\" class=\"yoast-schema-graph\">{\"@context\":\"https:\/\/schema.org\",\"@graph\":[{\"@type\":\"Article\",\"@id\":\"https:\/\/www.victorarandagarcia.es\/index.php\/arte\/variaciones\/variaciones-del-agua-en-clave-de-sol\/#article\",\"isPartOf\":{\"@id\":\"https:\/\/www.victorarandagarcia.es\/index.php\/arte\/variaciones\/variaciones-del-agua-en-clave-de-sol\/\"},\"author\":{\"name\":\"victorarandagarcia\",\"@id\":\"https:\/\/www.victorarandagarcia.es\/#\/schema\/person\/bfa9c61a3776d517deeee5f9386ef302\"},\"headline\":\"Variaciones del agua en clave de sol\",\"datePublished\":\"2019-06-16T12:06:27+00:00\",\"dateModified\":\"2019-06-16T12:06:41+00:00\",\"mainEntityOfPage\":{\"@id\":\"https:\/\/www.victorarandagarcia.es\/index.php\/arte\/variaciones\/variaciones-del-agua-en-clave-de-sol\/\"},\"wordCount\":39,\"publisher\":{\"@id\":\"https:\/\/www.victorarandagarcia.es\/#organization\"},\"image\":{\"@id\":\"https:\/\/www.victorarandagarcia.es\/index.php\/arte\/variaciones\/variaciones-del-agua-en-clave-de-sol\/#primaryimage\"},\"thumbnailUrl\":\"https:\/\/www.victorarandagarcia.es\/wp-content\/uploads\/variaciones-sol-agua-08.jpg\",\"keywords\":[\"variaciones\"],\"articleSection\":[\"VARIACIONES\"],\"inLanguage\":\"es\"},{\"@type\":\"WebPage\",\"@id\":\"https:\/\/www.victorarandagarcia.es\/index.php\/arte\/variaciones\/variaciones-del-agua-en-clave-de-sol\/\",\"url\":\"https:\/\/www.victorarandagarcia.es\/index.php\/arte\/variaciones\/variaciones-del-agua-en-clave-de-sol\/\",\"name\":\"Variaciones del agua en clave de sol - arte y estudio\",\"isPartOf\":{\"@id\":\"https:\/\/www.victorarandagarcia.es\/#website\"},\"primaryImageOfPage\":{\"@id\":\"https:\/\/www.victorarandagarcia.es\/index.php\/arte\/variaciones\/variaciones-del-agua-en-clave-de-sol\/#primaryimage\"},\"image\":{\"@id\":\"https:\/\/www.victorarandagarcia.es\/index.php\/arte\/variaciones\/variaciones-del-agua-en-clave-de-sol\/#primaryimage\"},\"thumbnailUrl\":\"https:\/\/www.victorarandagarcia.es\/wp-content\/uploads\/variaciones-sol-agua-08.jpg\",\"datePublished\":\"2019-06-16T12:06:27+00:00\",\"dateModified\":\"2019-06-16T12:06:41+00:00\",\"description\":\"Fotograf\u00eda art\u00edstica: el sol reflej\u00e1ndose sobre la superficie del agua en diferentes formas y lugares de acuerdo con sus variaciones.\",\"breadcrumb\":{\"@id\":\"https:\/\/www.victorarandagarcia.es\/index.php\/arte\/variaciones\/variaciones-del-agua-en-clave-de-sol\/#breadcrumb\"},\"inLanguage\":\"es\",\"potentialAction\":[{\"@type\":\"ReadAction\",\"target\":[\"https:\/\/www.victorarandagarcia.es\/index.php\/arte\/variaciones\/variaciones-del-agua-en-clave-de-sol\/\"]}]},{\"@type\":\"ImageObject\",\"inLanguage\":\"es\",\"@id\":\"https:\/\/www.victorarandagarcia.es\/index.php\/arte\/variaciones\/variaciones-del-agua-en-clave-de-sol\/#primaryimage\",\"url\":\"https:\/\/www.victorarandagarcia.es\/wp-content\/uploads\/variaciones-sol-agua-08.jpg\",\"contentUrl\":\"https:\/\/www.victorarandagarcia.es\/wp-content\/uploads\/variaciones-sol-agua-08.jpg\",\"width\":481,\"height\":720},{\"@type\":\"BreadcrumbList\",\"@id\":\"https:\/\/www.victorarandagarcia.es\/index.php\/arte\/variaciones\/variaciones-del-agua-en-clave-de-sol\/#breadcrumb\",\"itemListElement\":[{\"@type\":\"ListItem\",\"position\":1,\"name\":\"Portada\",\"item\":\"https:\/\/www.victorarandagarcia.es\/\"},{\"@type\":\"ListItem\",\"position\":2,\"name\":\"Variaciones del agua en clave de sol\"}]},{\"@type\":\"WebSite\",\"@id\":\"https:\/\/www.victorarandagarcia.es\/#website\",\"url\":\"https:\/\/www.victorarandagarcia.es\/\",\"name\":\"arte y estudio\",\"description\":\"Fot\u00f3grafo\",\"publisher\":{\"@id\":\"https:\/\/www.victorarandagarcia.es\/#organization\"},\"potentialAction\":[{\"@type\":\"SearchAction\",\"target\":{\"@type\":\"EntryPoint\",\"urlTemplate\":\"https:\/\/www.victorarandagarcia.es\/?s={search_term_string}\"},\"query-input\":\"required name=search_term_string\"}],\"inLanguage\":\"es\"},{\"@type\":\"Organization\",\"@id\":\"https:\/\/www.victorarandagarcia.es\/#organization\",\"name\":\"arte y estudio\",\"url\":\"https:\/\/www.victorarandagarcia.es\/\",\"logo\":{\"@type\":\"ImageObject\",\"inLanguage\":\"es\",\"@id\":\"https:\/\/www.victorarandagarcia.es\/#\/schema\/logo\/image\/\",\"url\":\"https:\/\/www.victorarandagarcia.es\/wp-content\/uploads\/2019\/03\/logo-fotografo.png\",\"contentUrl\":\"https:\/\/www.victorarandagarcia.es\/wp-content\/uploads\/2019\/03\/logo-fotografo.png\",\"width\":150,\"height\":150,\"caption\":\"arte y estudio\"},\"image\":{\"@id\":\"https:\/\/www.victorarandagarcia.es\/#\/schema\/logo\/image\/\"}},{\"@type\":\"Person\",\"@id\":\"https:\/\/www.victorarandagarcia.es\/#\/schema\/person\/bfa9c61a3776d517deeee5f9386ef302\",\"name\":\"victorarandagarcia\",\"image\":{\"@type\":\"ImageObject\",\"inLanguage\":\"es\",\"@id\":\"https:\/\/www.victorarandagarcia.es\/#\/schema\/person\/image\/\",\"url\":\"https:\/\/secure.gravatar.com\/avatar\/957a01ac23a6393e755ae8225c35dbdb?s=96&d=mm&r=g\",\"contentUrl\":\"https:\/\/secure.gravatar.com\/avatar\/957a01ac23a6393e755ae8225c35dbdb?s=96&d=mm&r=g\",\"caption\":\"victorarandagarcia\"}}]}<\/script>\n<!-- \/ Yoast SEO plugin. -->","yoast_head_json":{"title":"Variaciones del agua en clave de sol - arte y estudio","description":"Fotograf\u00eda art\u00edstica: el sol reflej\u00e1ndose sobre la superficie del agua en diferentes formas y lugares de acuerdo con sus variaciones.","robots":{"index":"index","follow":"follow","max-snippet":"max-snippet:-1","max-image-preview":"max-image-preview:large","max-video-preview":"max-video-preview:-1"},"canonical":"https:\/\/www.victorarandagarcia.es\/index.php\/arte\/variaciones\/variaciones-del-agua-en-clave-de-sol\/","og_locale":"es_ES","og_type":"article","og_title":"Variaciones del agua en clave de sol - arte y estudio","og_description":"Fotograf\u00eda art\u00edstica: el sol reflej\u00e1ndose sobre la superficie del agua en diferentes formas y lugares de acuerdo con sus variaciones.","og_url":"https:\/\/www.victorarandagarcia.es\/index.php\/arte\/variaciones\/variaciones-del-agua-en-clave-de-sol\/","og_site_name":"arte y estudio","article_published_time":"2019-06-16T12:06:27+00:00","article_modified_time":"2019-06-16T12:06:41+00:00","og_image":[{"width":481,"height":720,"url":"https:\/\/www.victorarandagarcia.es\/wp-content\/uploads\/variaciones-sol-agua-08.jpg","type":"image\/jpeg"}],"author":"victorarandagarcia","twitter_card":"summary_large_image","twitter_misc":{"Escrito por":"victorarandagarcia"},"schema":{"@context":"https:\/\/schema.org","@graph":[{"@type":"Article","@id":"https:\/\/www.victorarandagarcia.es\/index.php\/arte\/variaciones\/variaciones-del-agua-en-clave-de-sol\/#article","isPartOf":{"@id":"https:\/\/www.victorarandagarcia.es\/index.php\/arte\/variaciones\/variaciones-del-agua-en-clave-de-sol\/"},"author":{"name":"victorarandagarcia","@id":"https:\/\/www.victorarandagarcia.es\/#\/schema\/person\/bfa9c61a3776d517deeee5f9386ef302"},"headline":"Variaciones del agua en clave de sol","datePublished":"2019-06-16T12:06:27+00:00","dateModified":"2019-06-16T12:06:41+00:00","mainEntityOfPage":{"@id":"https:\/\/www.victorarandagarcia.es\/index.php\/arte\/variaciones\/variaciones-del-agua-en-clave-de-sol\/"},"wordCount":39,"publisher":{"@id":"https:\/\/www.victorarandagarcia.es\/#organization"},"image":{"@id":"https:\/\/www.victorarandagarcia.es\/index.php\/arte\/variaciones\/variaciones-del-agua-en-clave-de-sol\/#primaryimage"},"thumbnailUrl":"https:\/\/www.victorarandagarcia.es\/wp-content\/uploads\/variaciones-sol-agua-08.jpg","keywords":["variaciones"],"articleSection":["VARIACIONES"],"inLanguage":"es"},{"@type":"WebPage","@id":"https:\/\/www.victorarandagarcia.es\/index.php\/arte\/variaciones\/variaciones-del-agua-en-clave-de-sol\/","url":"https:\/\/www.victorarandagarcia.es\/index.php\/arte\/variaciones\/variaciones-del-agua-en-clave-de-sol\/","name":"Variaciones del agua en clave de sol - arte y estudio","isPartOf":{"@id":"https:\/\/www.victorarandagarcia.es\/#website"},"primaryImageOfPage":{"@id":"https:\/\/www.victorarandagarcia.es\/index.php\/arte\/variaciones\/variaciones-del-agua-en-clave-de-sol\/#primaryimage"},"image":{"@id":"https:\/\/www.victorarandagarcia.es\/index.php\/arte\/variaciones\/variaciones-del-agua-en-clave-de-sol\/#primaryimage"},"thumbnailUrl":"https:\/\/www.victorarandagarcia.es\/wp-content\/uploads\/variaciones-sol-agua-08.jpg","datePublished":"2019-06-16T12:06:27+00:00","dateModified":"2019-06-16T12:06:41+00:00","description":"Fotograf\u00eda art\u00edstica: el sol reflej\u00e1ndose sobre la superficie del agua en diferentes formas y lugares de acuerdo con sus variaciones.","breadcrumb":{"@id":"https:\/\/www.victorarandagarcia.es\/index.php\/arte\/variaciones\/variaciones-del-agua-en-clave-de-sol\/#breadcrumb"},"inLanguage":"es","potentialAction":[{"@type":"ReadAction","target":["https:\/\/www.victorarandagarcia.es\/index.php\/arte\/variaciones\/variaciones-del-agua-en-clave-de-sol\/"]}]},{"@type":"ImageObject","inLanguage":"es","@id":"https:\/\/www.victorarandagarcia.es\/index.php\/arte\/variaciones\/variaciones-del-agua-en-clave-de-sol\/#primaryimage","url":"https:\/\/www.victorarandagarcia.es\/wp-content\/uploads\/variaciones-sol-agua-08.jpg","contentUrl":"https:\/\/www.victorarandagarcia.es\/wp-content\/uploads\/variaciones-sol-agua-08.jpg","width":481,"height":720},{"@type":"BreadcrumbList","@id":"https:\/\/www.victorarandagarcia.es\/index.php\/arte\/variaciones\/variaciones-del-agua-en-clave-de-sol\/#breadcrumb","itemListElement":[{"@type":"ListItem","position":1,"name":"Portada","item":"https:\/\/www.victorarandagarcia.es\/"},{"@type":"ListItem","position":2,"name":"Variaciones del agua en clave de sol"}]},{"@type":"WebSite","@id":"https:\/\/www.victorarandagarcia.es\/#website","url":"https:\/\/www.victorarandagarcia.es\/","name":"arte y estudio","description":"Fot\u00f3grafo","publisher":{"@id":"https:\/\/www.victorarandagarcia.es\/#organization"},"potentialAction":[{"@type":"SearchAction","target":{"@type":"EntryPoint","urlTemplate":"https:\/\/www.victorarandagarcia.es\/?s={search_term_string}"},"query-input":"required name=search_term_string"}],"inLanguage":"es"},{"@type":"Organization","@id":"https:\/\/www.victorarandagarcia.es\/#organization","name":"arte y estudio","url":"https:\/\/www.victorarandagarcia.es\/","logo":{"@type":"ImageObject","inLanguage":"es","@id":"https:\/\/www.victorarandagarcia.es\/#\/schema\/logo\/image\/","url":"https:\/\/www.victorarandagarcia.es\/wp-content\/uploads\/2019\/03\/logo-fotografo.png","contentUrl":"https:\/\/www.victorarandagarcia.es\/wp-content\/uploads\/2019\/03\/logo-fotografo.png","width":150,"height":150,"caption":"arte y estudio"},"image":{"@id":"https:\/\/www.victorarandagarcia.es\/#\/schema\/logo\/image\/"}},{"@type":"Person","@id":"https:\/\/www.victorarandagarcia.es\/#\/schema\/person\/bfa9c61a3776d517deeee5f9386ef302","name":"victorarandagarcia","image":{"@type":"ImageObject","inLanguage":"es","@id":"https:\/\/www.victorarandagarcia.es\/#\/schema\/person\/image\/","url":"https:\/\/secure.gravatar.com\/avatar\/957a01ac23a6393e755ae8225c35dbdb?s=96&d=mm&r=g","contentUrl":"https:\/\/secure.gravatar.com\/avatar\/957a01ac23a6393e755ae8225c35dbdb?s=96&d=mm&r=g","caption":"victorarandagarcia"}}]}},"jetpack_featured_media_url":"https:\/\/www.victorarandagarcia.es\/wp-content\/uploads\/variaciones-sol-agua-08.jpg","jetpack_sharing_enabled":true,"_links":{"self":[{"href":"https:\/\/www.victorarandagarcia.es\/index.php\/wp-json\/wp\/v2\/posts\/2018"}],"collection":[{"href":"https:\/\/www.victorarandagarcia.es\/index.php\/wp-json\/wp\/v2\/posts"}],"about":[{"href":"https:\/\/www.victorarandagarcia.es\/index.php\/wp-json\/wp\/v2\/types\/post"}],"author":[{"embeddable":true,"href":"https:\/\/www.victorarandagarcia.es\/index.php\/wp-json\/wp\/v2\/users\/1"}],"replies":[{"embeddable":true,"href":"https:\/\/www.victorarandagarcia.es\/index.php\/wp-json\/wp\/v2\/comments?post=2018"}],"version-history":[{"count":1,"href":"https:\/\/www.victorarandagarcia.es\/index.php\/wp-json\/wp\/v2\/posts\/2018\/revisions"}],"predecessor-version":[{"id":2019,"href":"https:\/\/www.victorarandagarcia.es\/index.php\/wp-json\/wp\/v2\/posts\/2018\/revisions\/2019"}],"wp:featuredmedia":[{"embeddable":true,"href":"https:\/\/www.victorarandagarcia.es\/index.php\/wp-json\/wp\/v2\/media\/2016"}],"wp:attachment":[{"href":"https:\/\/www.victorarandagarcia.es\/index.php\/wp-json\/wp\/v2\/media?parent=2018"}],"wp:term":[{"taxonomy":"category","embeddable":true,"href":"https:\/\/www.victorarandagarcia.es\/index.php\/wp-json\/wp\/v2\/categories?post=2018"},{"taxonomy":"post_tag","embeddable":true,"href":"https:\/\/www.victorarandagarcia.es\/index.php\/wp-json\/wp\/v2\/tags?post=2018"}],"curies":[{"name":"wp","href":"https:\/\/api.w.org\/{rel}","templated":true}]}}