{"id":1995,"date":"2019-06-01T12:57:57","date_gmt":"2019-06-01T10:57:57","guid":{"rendered":"https:\/\/www.victorarandagarcia.es\/?p=1995"},"modified":"2019-06-01T12:57:59","modified_gmt":"2019-06-01T10:57:59","slug":"en-cuerpo-y-alma","status":"publish","type":"post","link":"https:\/\/www.victorarandagarcia.es\/index.php\/arte\/limites\/en-cuerpo-y-alma\/","title":{"rendered":"En cuerpo y alma"},"content":{"rendered":"\n<p>Dos fotograf\u00edas tomadas en Valencia en 2013. La idea surgi\u00f3 al visitar a una amiga que ten\u00eda en su casa un maniqu\u00ed como decoraci\u00f3n y las paredes pintadas de azul. Con la ayuda de otra amiga consegu\u00ed el p\u00e1jaro que hab\u00eda imaginado dentro del maniqu\u00ed-jaula y en un ratitio ten\u00edamos la foto que buscaba, y que fue portada del calendario que publiqu\u00e9 al a\u00f1o siguiente. La otra fotograf\u00eda surgi\u00f3 pocos d\u00edas despu\u00e9s gracias a otra casualidad y a otra amiga, quien me pidi\u00f3 que le ayudara a comprar una jaula para otro p\u00e1jaro que ten\u00eda su abuela. Una vez la tuve propuse a mi gato Ren\u00e9 entrar en la jaula para hacer la foto y para mi sorpresa se meti\u00f3 encantado.<\/p>\n\n\n\n<ul class=\"wp-block-gallery columns-2 is-cropped wp-block-gallery-1 is-layout-flex wp-block-gallery-is-layout-flex\"><li class=\"blocks-gallery-item\"><figure><img data-attachment-id=\"1996\" data-permalink=\"https:\/\/www.victorarandagarcia.es\/en-cuerpo-y-alma-1\/\" data-orig-file=\"https:\/\/www.victorarandagarcia.es\/wp-content\/uploads\/en-cuerpo-y-alma-1.jpg\" data-orig-size=\"480,720\" data-comments-opened=\"0\" data-image-meta=\"{&quot;aperture&quot;:&quot;0&quot;,&quot;credit&quot;:&quot;&quot;,&quot;camera&quot;:&quot;&quot;,&quot;caption&quot;:&quot;&quot;,&quot;created_timestamp&quot;:&quot;0&quot;,&quot;copyright&quot;:&quot;&quot;,&quot;focal_length&quot;:&quot;0&quot;,&quot;iso&quot;:&quot;0&quot;,&quot;shutter_speed&quot;:&quot;0&quot;,&quot;title&quot;:&quot;&quot;,&quot;orientation&quot;:&quot;0&quot;}\" data-image-title=\"en-cuerpo-y-alma-1\" data-image-description=\"&lt;p&gt;En cuerpo y alma (Valencia 2013)&lt;\/p&gt;\n\" data-image-caption=\"\" data-medium-file=\"https:\/\/www.victorarandagarcia.es\/wp-content\/uploads\/en-cuerpo-y-alma-1-200x300.jpg\" data-large-file=\"https:\/\/www.victorarandagarcia.es\/wp-content\/uploads\/en-cuerpo-y-alma-1.jpg\" decoding=\"async\" loading=\"lazy\" width=\"480\" height=\"720\" src=\"https:\/\/www.victorarandagarcia.es\/wp-content\/uploads\/en-cuerpo-y-alma-1.jpg\" alt=\"\" data-id=\"1996\" data-link=\"https:\/\/www.victorarandagarcia.es\/en-cuerpo-y-alma-1\/\" class=\"wp-image-1996\" srcset=\"https:\/\/www.victorarandagarcia.es\/wp-content\/uploads\/en-cuerpo-y-alma-1.jpg 480w, https:\/\/www.victorarandagarcia.es\/wp-content\/uploads\/en-cuerpo-y-alma-1-200x300.jpg 200w\" sizes=\"(max-width: 480px) 100vw, 480px\" \/><\/figure><\/li><li class=\"blocks-gallery-item\"><figure><img data-attachment-id=\"1997\" data-permalink=\"https:\/\/www.victorarandagarcia.es\/en-cuerpo-y-alma-2\/\" data-orig-file=\"https:\/\/www.victorarandagarcia.es\/wp-content\/uploads\/en-cuerpo-y-alma-2.jpg\" data-orig-size=\"481,720\" data-comments-opened=\"0\" data-image-meta=\"{&quot;aperture&quot;:&quot;0&quot;,&quot;credit&quot;:&quot;&quot;,&quot;camera&quot;:&quot;&quot;,&quot;caption&quot;:&quot;&quot;,&quot;created_timestamp&quot;:&quot;0&quot;,&quot;copyright&quot;:&quot;&quot;,&quot;focal_length&quot;:&quot;0&quot;,&quot;iso&quot;:&quot;0&quot;,&quot;shutter_speed&quot;:&quot;0&quot;,&quot;title&quot;:&quot;&quot;,&quot;orientation&quot;:&quot;0&quot;}\" data-image-title=\"en-cuerpo-y-alma-2\" data-image-description=\"&lt;p&gt;En cuerpo y alma (Valencia 2013)&lt;\/p&gt;\n\" data-image-caption=\"\" data-medium-file=\"https:\/\/www.victorarandagarcia.es\/wp-content\/uploads\/en-cuerpo-y-alma-2-200x300.jpg\" data-large-file=\"https:\/\/www.victorarandagarcia.es\/wp-content\/uploads\/en-cuerpo-y-alma-2.jpg\" decoding=\"async\" loading=\"lazy\" width=\"481\" height=\"720\" src=\"https:\/\/www.victorarandagarcia.es\/wp-content\/uploads\/en-cuerpo-y-alma-2.jpg\" alt=\"\" data-id=\"1997\" data-link=\"https:\/\/www.victorarandagarcia.es\/en-cuerpo-y-alma-2\/\" class=\"wp-image-1997\" srcset=\"https:\/\/www.victorarandagarcia.es\/wp-content\/uploads\/en-cuerpo-y-alma-2.jpg 481w, https:\/\/www.victorarandagarcia.es\/wp-content\/uploads\/en-cuerpo-y-alma-2-200x300.jpg 200w\" sizes=\"(max-width: 481px) 100vw, 481px\" \/><\/figure><\/li><\/ul>\n","protected":false},"excerpt":{"rendered":"<p>Dos fotograf\u00edas tomadas en Valencia en 2013. La idea surgi\u00f3 al visitar a una amiga que ten\u00eda en su casa un maniqu\u00ed como decoraci\u00f3n y las paredes pintadas de azul. &hellip; <a href=\"https:\/\/www.victorarandagarcia.es\/index.php\/arte\/limites\/en-cuerpo-y-alma\/\" class=\"more-link\"><span>Continuar<span class=\"screen-reader-text\">En cuerpo y alma<\/span><\/span><\/a><\/p>\n","protected":false},"author":1,"featured_media":1996,"comment_status":"closed","ping_status":"open","sticky":false,"template":"","format":"standard","meta":{"jetpack_post_was_ever_published":false,"_jetpack_newsletter_access":"","_jetpack_dont_email_post_to_subs":false,"_jetpack_newsletter_tier_id":0,"_jetpack_memberships_contains_paywalled_content":false,"footnotes":"","_jetpack_memberships_contains_paid_content":false},"categories":[37],"tags":[73,29],"yoast_head":"<!-- This site is optimized with the Yoast SEO plugin v22.6 - https:\/\/yoast.com\/wordpress\/plugins\/seo\/ -->\n<title>En cuerpo y alma - arte y estudio<\/title>\n<meta name=\"description\" content=\"Dos fotograf\u00edas tomadas en Valencia en 2013. La idea surgi\u00f3 al visitar a una amiga que ten\u00eda en su casa un maniqu\u00ed como decoraci\u00f3n y las paredes pintadas de azul.\" \/>\n<meta name=\"robots\" content=\"index, follow, max-snippet:-1, max-image-preview:large, max-video-preview:-1\" \/>\n<link rel=\"canonical\" href=\"https:\/\/www.victorarandagarcia.es\/index.php\/arte\/limites\/en-cuerpo-y-alma\/\" \/>\n<meta property=\"og:locale\" content=\"es_ES\" \/>\n<meta property=\"og:type\" content=\"article\" \/>\n<meta property=\"og:title\" content=\"En cuerpo y alma - arte y estudio\" \/>\n<meta property=\"og:description\" content=\"Dos fotograf\u00edas tomadas en Valencia en 2013. La idea surgi\u00f3 al visitar a una amiga que ten\u00eda en su casa un maniqu\u00ed como decoraci\u00f3n y las paredes pintadas de azul.\" \/>\n<meta property=\"og:url\" content=\"https:\/\/www.victorarandagarcia.es\/index.php\/arte\/limites\/en-cuerpo-y-alma\/\" \/>\n<meta property=\"og:site_name\" content=\"arte y estudio\" \/>\n<meta property=\"article:published_time\" content=\"2019-06-01T10:57:57+00:00\" \/>\n<meta property=\"article:modified_time\" content=\"2019-06-01T10:57:59+00:00\" \/>\n<meta property=\"og:image\" content=\"https:\/\/www.victorarandagarcia.es\/wp-content\/uploads\/en-cuerpo-y-alma-1.jpg\" \/>\n\t<meta property=\"og:image:width\" content=\"480\" \/>\n\t<meta property=\"og:image:height\" content=\"720\" \/>\n\t<meta property=\"og:image:type\" content=\"image\/jpeg\" \/>\n<meta name=\"author\" content=\"victorarandagarcia\" \/>\n<meta name=\"twitter:card\" content=\"summary_large_image\" \/>\n<meta name=\"twitter:label1\" content=\"Escrito por\" \/>\n\t<meta name=\"twitter:data1\" content=\"victorarandagarcia\" \/>\n\t<meta name=\"twitter:label2\" content=\"Tiempo de lectura\" \/>\n\t<meta name=\"twitter:data2\" content=\"1 minuto\" \/>\n<script type=\"application\/ld+json\" class=\"yoast-schema-graph\">{\"@context\":\"https:\/\/schema.org\",\"@graph\":[{\"@type\":\"Article\",\"@id\":\"https:\/\/www.victorarandagarcia.es\/index.php\/arte\/limites\/en-cuerpo-y-alma\/#article\",\"isPartOf\":{\"@id\":\"https:\/\/www.victorarandagarcia.es\/index.php\/arte\/limites\/en-cuerpo-y-alma\/\"},\"author\":{\"name\":\"victorarandagarcia\",\"@id\":\"https:\/\/www.victorarandagarcia.es\/#\/schema\/person\/bfa9c61a3776d517deeee5f9386ef302\"},\"headline\":\"En cuerpo y alma\",\"datePublished\":\"2019-06-01T10:57:57+00:00\",\"dateModified\":\"2019-06-01T10:57:59+00:00\",\"mainEntityOfPage\":{\"@id\":\"https:\/\/www.victorarandagarcia.es\/index.php\/arte\/limites\/en-cuerpo-y-alma\/\"},\"wordCount\":137,\"publisher\":{\"@id\":\"https:\/\/www.victorarandagarcia.es\/#organization\"},\"image\":{\"@id\":\"https:\/\/www.victorarandagarcia.es\/index.php\/arte\/limites\/en-cuerpo-y-alma\/#primaryimage\"},\"thumbnailUrl\":\"https:\/\/www.victorarandagarcia.es\/wp-content\/uploads\/en-cuerpo-y-alma-1.jpg\",\"keywords\":[\"fauna\",\"l\u00ed\u00admites\"],\"articleSection\":[\"L\u00cdMITES\"],\"inLanguage\":\"es\"},{\"@type\":\"WebPage\",\"@id\":\"https:\/\/www.victorarandagarcia.es\/index.php\/arte\/limites\/en-cuerpo-y-alma\/\",\"url\":\"https:\/\/www.victorarandagarcia.es\/index.php\/arte\/limites\/en-cuerpo-y-alma\/\",\"name\":\"En cuerpo y alma - arte y estudio\",\"isPartOf\":{\"@id\":\"https:\/\/www.victorarandagarcia.es\/#website\"},\"primaryImageOfPage\":{\"@id\":\"https:\/\/www.victorarandagarcia.es\/index.php\/arte\/limites\/en-cuerpo-y-alma\/#primaryimage\"},\"image\":{\"@id\":\"https:\/\/www.victorarandagarcia.es\/index.php\/arte\/limites\/en-cuerpo-y-alma\/#primaryimage\"},\"thumbnailUrl\":\"https:\/\/www.victorarandagarcia.es\/wp-content\/uploads\/en-cuerpo-y-alma-1.jpg\",\"datePublished\":\"2019-06-01T10:57:57+00:00\",\"dateModified\":\"2019-06-01T10:57:59+00:00\",\"description\":\"Dos fotograf\u00edas tomadas en Valencia en 2013. La idea surgi\u00f3 al visitar a una amiga que ten\u00eda en su casa un maniqu\u00ed como decoraci\u00f3n y las paredes pintadas de azul.\",\"breadcrumb\":{\"@id\":\"https:\/\/www.victorarandagarcia.es\/index.php\/arte\/limites\/en-cuerpo-y-alma\/#breadcrumb\"},\"inLanguage\":\"es\",\"potentialAction\":[{\"@type\":\"ReadAction\",\"target\":[\"https:\/\/www.victorarandagarcia.es\/index.php\/arte\/limites\/en-cuerpo-y-alma\/\"]}]},{\"@type\":\"ImageObject\",\"inLanguage\":\"es\",\"@id\":\"https:\/\/www.victorarandagarcia.es\/index.php\/arte\/limites\/en-cuerpo-y-alma\/#primaryimage\",\"url\":\"https:\/\/www.victorarandagarcia.es\/wp-content\/uploads\/en-cuerpo-y-alma-1.jpg\",\"contentUrl\":\"https:\/\/www.victorarandagarcia.es\/wp-content\/uploads\/en-cuerpo-y-alma-1.jpg\",\"width\":480,\"height\":720},{\"@type\":\"BreadcrumbList\",\"@id\":\"https:\/\/www.victorarandagarcia.es\/index.php\/arte\/limites\/en-cuerpo-y-alma\/#breadcrumb\",\"itemListElement\":[{\"@type\":\"ListItem\",\"position\":1,\"name\":\"Portada\",\"item\":\"https:\/\/www.victorarandagarcia.es\/\"},{\"@type\":\"ListItem\",\"position\":2,\"name\":\"En cuerpo y alma\"}]},{\"@type\":\"WebSite\",\"@id\":\"https:\/\/www.victorarandagarcia.es\/#website\",\"url\":\"https:\/\/www.victorarandagarcia.es\/\",\"name\":\"arte y estudio\",\"description\":\"Fot\u00f3grafo\",\"publisher\":{\"@id\":\"https:\/\/www.victorarandagarcia.es\/#organization\"},\"potentialAction\":[{\"@type\":\"SearchAction\",\"target\":{\"@type\":\"EntryPoint\",\"urlTemplate\":\"https:\/\/www.victorarandagarcia.es\/?s={search_term_string}\"},\"query-input\":\"required name=search_term_string\"}],\"inLanguage\":\"es\"},{\"@type\":\"Organization\",\"@id\":\"https:\/\/www.victorarandagarcia.es\/#organization\",\"name\":\"arte y estudio\",\"url\":\"https:\/\/www.victorarandagarcia.es\/\",\"logo\":{\"@type\":\"ImageObject\",\"inLanguage\":\"es\",\"@id\":\"https:\/\/www.victorarandagarcia.es\/#\/schema\/logo\/image\/\",\"url\":\"https:\/\/www.victorarandagarcia.es\/wp-content\/uploads\/2019\/03\/logo-fotografo.png\",\"contentUrl\":\"https:\/\/www.victorarandagarcia.es\/wp-content\/uploads\/2019\/03\/logo-fotografo.png\",\"width\":150,\"height\":150,\"caption\":\"arte y estudio\"},\"image\":{\"@id\":\"https:\/\/www.victorarandagarcia.es\/#\/schema\/logo\/image\/\"}},{\"@type\":\"Person\",\"@id\":\"https:\/\/www.victorarandagarcia.es\/#\/schema\/person\/bfa9c61a3776d517deeee5f9386ef302\",\"name\":\"victorarandagarcia\",\"image\":{\"@type\":\"ImageObject\",\"inLanguage\":\"es\",\"@id\":\"https:\/\/www.victorarandagarcia.es\/#\/schema\/person\/image\/\",\"url\":\"https:\/\/secure.gravatar.com\/avatar\/957a01ac23a6393e755ae8225c35dbdb?s=96&d=mm&r=g\",\"contentUrl\":\"https:\/\/secure.gravatar.com\/avatar\/957a01ac23a6393e755ae8225c35dbdb?s=96&d=mm&r=g\",\"caption\":\"victorarandagarcia\"}}]}<\/script>\n<!-- \/ Yoast SEO plugin. -->","yoast_head_json":{"title":"En cuerpo y alma - arte y estudio","description":"Dos fotograf\u00edas tomadas en Valencia en 2013. La idea surgi\u00f3 al visitar a una amiga que ten\u00eda en su casa un maniqu\u00ed como decoraci\u00f3n y las paredes pintadas de azul.","robots":{"index":"index","follow":"follow","max-snippet":"max-snippet:-1","max-image-preview":"max-image-preview:large","max-video-preview":"max-video-preview:-1"},"canonical":"https:\/\/www.victorarandagarcia.es\/index.php\/arte\/limites\/en-cuerpo-y-alma\/","og_locale":"es_ES","og_type":"article","og_title":"En cuerpo y alma - arte y estudio","og_description":"Dos fotograf\u00edas tomadas en Valencia en 2013. La idea surgi\u00f3 al visitar a una amiga que ten\u00eda en su casa un maniqu\u00ed como decoraci\u00f3n y las paredes pintadas de azul.","og_url":"https:\/\/www.victorarandagarcia.es\/index.php\/arte\/limites\/en-cuerpo-y-alma\/","og_site_name":"arte y estudio","article_published_time":"2019-06-01T10:57:57+00:00","article_modified_time":"2019-06-01T10:57:59+00:00","og_image":[{"width":480,"height":720,"url":"https:\/\/www.victorarandagarcia.es\/wp-content\/uploads\/en-cuerpo-y-alma-1.jpg","type":"image\/jpeg"}],"author":"victorarandagarcia","twitter_card":"summary_large_image","twitter_misc":{"Escrito por":"victorarandagarcia","Tiempo de lectura":"1 minuto"},"schema":{"@context":"https:\/\/schema.org","@graph":[{"@type":"Article","@id":"https:\/\/www.victorarandagarcia.es\/index.php\/arte\/limites\/en-cuerpo-y-alma\/#article","isPartOf":{"@id":"https:\/\/www.victorarandagarcia.es\/index.php\/arte\/limites\/en-cuerpo-y-alma\/"},"author":{"name":"victorarandagarcia","@id":"https:\/\/www.victorarandagarcia.es\/#\/schema\/person\/bfa9c61a3776d517deeee5f9386ef302"},"headline":"En cuerpo y alma","datePublished":"2019-06-01T10:57:57+00:00","dateModified":"2019-06-01T10:57:59+00:00","mainEntityOfPage":{"@id":"https:\/\/www.victorarandagarcia.es\/index.php\/arte\/limites\/en-cuerpo-y-alma\/"},"wordCount":137,"publisher":{"@id":"https:\/\/www.victorarandagarcia.es\/#organization"},"image":{"@id":"https:\/\/www.victorarandagarcia.es\/index.php\/arte\/limites\/en-cuerpo-y-alma\/#primaryimage"},"thumbnailUrl":"https:\/\/www.victorarandagarcia.es\/wp-content\/uploads\/en-cuerpo-y-alma-1.jpg","keywords":["fauna","l\u00ed\u00admites"],"articleSection":["L\u00cdMITES"],"inLanguage":"es"},{"@type":"WebPage","@id":"https:\/\/www.victorarandagarcia.es\/index.php\/arte\/limites\/en-cuerpo-y-alma\/","url":"https:\/\/www.victorarandagarcia.es\/index.php\/arte\/limites\/en-cuerpo-y-alma\/","name":"En cuerpo y alma - arte y estudio","isPartOf":{"@id":"https:\/\/www.victorarandagarcia.es\/#website"},"primaryImageOfPage":{"@id":"https:\/\/www.victorarandagarcia.es\/index.php\/arte\/limites\/en-cuerpo-y-alma\/#primaryimage"},"image":{"@id":"https:\/\/www.victorarandagarcia.es\/index.php\/arte\/limites\/en-cuerpo-y-alma\/#primaryimage"},"thumbnailUrl":"https:\/\/www.victorarandagarcia.es\/wp-content\/uploads\/en-cuerpo-y-alma-1.jpg","datePublished":"2019-06-01T10:57:57+00:00","dateModified":"2019-06-01T10:57:59+00:00","description":"Dos fotograf\u00edas tomadas en Valencia en 2013. La idea surgi\u00f3 al visitar a una amiga que ten\u00eda en su casa un maniqu\u00ed como decoraci\u00f3n y las paredes pintadas de azul.","breadcrumb":{"@id":"https:\/\/www.victorarandagarcia.es\/index.php\/arte\/limites\/en-cuerpo-y-alma\/#breadcrumb"},"inLanguage":"es","potentialAction":[{"@type":"ReadAction","target":["https:\/\/www.victorarandagarcia.es\/index.php\/arte\/limites\/en-cuerpo-y-alma\/"]}]},{"@type":"ImageObject","inLanguage":"es","@id":"https:\/\/www.victorarandagarcia.es\/index.php\/arte\/limites\/en-cuerpo-y-alma\/#primaryimage","url":"https:\/\/www.victorarandagarcia.es\/wp-content\/uploads\/en-cuerpo-y-alma-1.jpg","contentUrl":"https:\/\/www.victorarandagarcia.es\/wp-content\/uploads\/en-cuerpo-y-alma-1.jpg","width":480,"height":720},{"@type":"BreadcrumbList","@id":"https:\/\/www.victorarandagarcia.es\/index.php\/arte\/limites\/en-cuerpo-y-alma\/#breadcrumb","itemListElement":[{"@type":"ListItem","position":1,"name":"Portada","item":"https:\/\/www.victorarandagarcia.es\/"},{"@type":"ListItem","position":2,"name":"En cuerpo y alma"}]},{"@type":"WebSite","@id":"https:\/\/www.victorarandagarcia.es\/#website","url":"https:\/\/www.victorarandagarcia.es\/","name":"arte y estudio","description":"Fot\u00f3grafo","publisher":{"@id":"https:\/\/www.victorarandagarcia.es\/#organization"},"potentialAction":[{"@type":"SearchAction","target":{"@type":"EntryPoint","urlTemplate":"https:\/\/www.victorarandagarcia.es\/?s={search_term_string}"},"query-input":"required name=search_term_string"}],"inLanguage":"es"},{"@type":"Organization","@id":"https:\/\/www.victorarandagarcia.es\/#organization","name":"arte y estudio","url":"https:\/\/www.victorarandagarcia.es\/","logo":{"@type":"ImageObject","inLanguage":"es","@id":"https:\/\/www.victorarandagarcia.es\/#\/schema\/logo\/image\/","url":"https:\/\/www.victorarandagarcia.es\/wp-content\/uploads\/2019\/03\/logo-fotografo.png","contentUrl":"https:\/\/www.victorarandagarcia.es\/wp-content\/uploads\/2019\/03\/logo-fotografo.png","width":150,"height":150,"caption":"arte y estudio"},"image":{"@id":"https:\/\/www.victorarandagarcia.es\/#\/schema\/logo\/image\/"}},{"@type":"Person","@id":"https:\/\/www.victorarandagarcia.es\/#\/schema\/person\/bfa9c61a3776d517deeee5f9386ef302","name":"victorarandagarcia","image":{"@type":"ImageObject","inLanguage":"es","@id":"https:\/\/www.victorarandagarcia.es\/#\/schema\/person\/image\/","url":"https:\/\/secure.gravatar.com\/avatar\/957a01ac23a6393e755ae8225c35dbdb?s=96&d=mm&r=g","contentUrl":"https:\/\/secure.gravatar.com\/avatar\/957a01ac23a6393e755ae8225c35dbdb?s=96&d=mm&r=g","caption":"victorarandagarcia"}}]}},"jetpack_featured_media_url":"https:\/\/www.victorarandagarcia.es\/wp-content\/uploads\/en-cuerpo-y-alma-1.jpg","jetpack_sharing_enabled":true,"_links":{"self":[{"href":"https:\/\/www.victorarandagarcia.es\/index.php\/wp-json\/wp\/v2\/posts\/1995"}],"collection":[{"href":"https:\/\/www.victorarandagarcia.es\/index.php\/wp-json\/wp\/v2\/posts"}],"about":[{"href":"https:\/\/www.victorarandagarcia.es\/index.php\/wp-json\/wp\/v2\/types\/post"}],"author":[{"embeddable":true,"href":"https:\/\/www.victorarandagarcia.es\/index.php\/wp-json\/wp\/v2\/users\/1"}],"replies":[{"embeddable":true,"href":"https:\/\/www.victorarandagarcia.es\/index.php\/wp-json\/wp\/v2\/comments?post=1995"}],"version-history":[{"count":1,"href":"https:\/\/www.victorarandagarcia.es\/index.php\/wp-json\/wp\/v2\/posts\/1995\/revisions"}],"predecessor-version":[{"id":1998,"href":"https:\/\/www.victorarandagarcia.es\/index.php\/wp-json\/wp\/v2\/posts\/1995\/revisions\/1998"}],"wp:featuredmedia":[{"embeddable":true,"href":"https:\/\/www.victorarandagarcia.es\/index.php\/wp-json\/wp\/v2\/media\/1996"}],"wp:attachment":[{"href":"https:\/\/www.victorarandagarcia.es\/index.php\/wp-json\/wp\/v2\/media?parent=1995"}],"wp:term":[{"taxonomy":"category","embeddable":true,"href":"https:\/\/www.victorarandagarcia.es\/index.php\/wp-json\/wp\/v2\/categories?post=1995"},{"taxonomy":"post_tag","embeddable":true,"href":"https:\/\/www.victorarandagarcia.es\/index.php\/wp-json\/wp\/v2\/tags?post=1995"}],"curies":[{"name":"wp","href":"https:\/\/api.w.org\/{rel}","templated":true}]}}