{"id":1983,"date":"2019-05-29T20:40:49","date_gmt":"2019-05-29T18:40:49","guid":{"rendered":"https:\/\/www.victorarandagarcia.es\/?p=1983"},"modified":"2022-08-30T13:26:08","modified_gmt":"2022-08-30T11:26:08","slug":"variaciones-carteles","status":"publish","type":"post","link":"https:\/\/www.victorarandagarcia.es\/index.php\/arte\/variaciones\/variaciones-carteles\/","title":{"rendered":"Variaciones \/ Carteles"},"content":{"rendered":"\n<p>Serie de fotograf\u00edas que inici\u00e9 en 2009: carteles publicitarios fotografiados tal y como los encuentro en la calle. Cada imagen es una composici\u00f3n de las fotograf\u00edas realizadas a cada modelo de cartel. Hasta el momento todas las he hecho en Valencia.<\/p>\n\n\n\n<figure class=\"wp-block-gallery aligncenter has-nested-images columns-1 wp-block-gallery-1 is-layout-flex wp-block-gallery-is-layout-flex\">\n<figure class=\"wp-block-image\"><img data-attachment-id=\"1981\" data-permalink=\"https:\/\/www.victorarandagarcia.es\/variaciones-carteles-04\/\" data-orig-file=\"https:\/\/www.victorarandagarcia.es\/wp-content\/uploads\/variaciones-carteles-04.jpg\" data-orig-size=\"720,720\" data-comments-opened=\"0\" data-image-meta=\"{&quot;aperture&quot;:&quot;0&quot;,&quot;credit&quot;:&quot;&quot;,&quot;camera&quot;:&quot;&quot;,&quot;caption&quot;:&quot;&quot;,&quot;created_timestamp&quot;:&quot;0&quot;,&quot;copyright&quot;:&quot;&quot;,&quot;focal_length&quot;:&quot;0&quot;,&quot;iso&quot;:&quot;0&quot;,&quot;shutter_speed&quot;:&quot;0&quot;,&quot;title&quot;:&quot;&quot;,&quot;orientation&quot;:&quot;0&quot;}\" data-image-title=\"variaciones-carteles-04\" data-image-description=\"&lt;p&gt;Variaciones. 6 fotograf\u00edas de 6 carteles de Chris Isaak (Valencia 2011)&lt;\/p&gt;\n\" data-image-caption=\"\" data-medium-file=\"https:\/\/www.victorarandagarcia.es\/wp-content\/uploads\/variaciones-carteles-04-300x300.jpg\" data-large-file=\"https:\/\/www.victorarandagarcia.es\/wp-content\/uploads\/variaciones-carteles-04.jpg\" decoding=\"async\" loading=\"lazy\" width=\"720\" height=\"720\" data-id=\"1981\" src=\"https:\/\/www.victorarandagarcia.es\/wp-content\/uploads\/variaciones-carteles-04.jpg\" alt=\"Fotograf\u00edas de 6 carteles en los que sale el m\u00fasico Chris Isaak\" class=\"wp-image-1981\" srcset=\"https:\/\/www.victorarandagarcia.es\/wp-content\/uploads\/variaciones-carteles-04.jpg 720w, https:\/\/www.victorarandagarcia.es\/wp-content\/uploads\/variaciones-carteles-04-150x150.jpg 150w, https:\/\/www.victorarandagarcia.es\/wp-content\/uploads\/variaciones-carteles-04-300x300.jpg 300w, https:\/\/www.victorarandagarcia.es\/wp-content\/uploads\/variaciones-carteles-04-533x533.jpg 533w, https:\/\/www.victorarandagarcia.es\/wp-content\/uploads\/variaciones-carteles-04-640x640.jpg 640w, https:\/\/www.victorarandagarcia.es\/wp-content\/uploads\/variaciones-carteles-04-50x50.jpg 50w\" sizes=\"(max-width: 720px) 100vw, 720px\" \/><\/figure>\n\n\n\n<figure class=\"wp-block-image\"><img data-attachment-id=\"1979\" data-permalink=\"https:\/\/www.victorarandagarcia.es\/variaciones-carteles-01\/\" data-orig-file=\"https:\/\/www.victorarandagarcia.es\/wp-content\/uploads\/variaciones-carteles-01.jpg\" data-orig-size=\"720,651\" data-comments-opened=\"0\" data-image-meta=\"{&quot;aperture&quot;:&quot;0&quot;,&quot;credit&quot;:&quot;&quot;,&quot;camera&quot;:&quot;&quot;,&quot;caption&quot;:&quot;&quot;,&quot;created_timestamp&quot;:&quot;0&quot;,&quot;copyright&quot;:&quot;&quot;,&quot;focal_length&quot;:&quot;0&quot;,&quot;iso&quot;:&quot;0&quot;,&quot;shutter_speed&quot;:&quot;0&quot;,&quot;title&quot;:&quot;&quot;,&quot;orientation&quot;:&quot;0&quot;}\" data-image-title=\"variaciones-carteles-01\" data-image-description=\"&lt;p&gt;Variaciones. 4 fotograf\u00edas de 4 carteles publicitarios (Valencia 2009)&lt;\/p&gt;\n\" data-image-caption=\"\" data-medium-file=\"https:\/\/www.victorarandagarcia.es\/wp-content\/uploads\/variaciones-carteles-01-300x271.jpg\" data-large-file=\"https:\/\/www.victorarandagarcia.es\/wp-content\/uploads\/variaciones-carteles-01.jpg\" decoding=\"async\" loading=\"lazy\" width=\"720\" height=\"651\" data-id=\"1979\" src=\"https:\/\/www.victorarandagarcia.es\/wp-content\/uploads\/variaciones-carteles-01.jpg\" alt=\"Fotograf\u00edas de 4 carteles con la cara de una chica de un anuncio\" class=\"wp-image-1979\" srcset=\"https:\/\/www.victorarandagarcia.es\/wp-content\/uploads\/variaciones-carteles-01.jpg 720w, https:\/\/www.victorarandagarcia.es\/wp-content\/uploads\/variaciones-carteles-01-300x271.jpg 300w\" sizes=\"(max-width: 720px) 100vw, 720px\" \/><\/figure>\n\n\n\n<figure class=\"wp-block-image\"><img data-attachment-id=\"3353\" data-permalink=\"https:\/\/www.victorarandagarcia.es\/index.php\/arte\/variaciones\/variaciones-carteles\/attachment\/carteles-variaciones-valencia-2022\/\" data-orig-file=\"https:\/\/www.victorarandagarcia.es\/wp-content\/uploads\/carteles-variaciones-valencia-2022.jpg\" data-orig-size=\"720,541\" data-comments-opened=\"0\" data-image-meta=\"{&quot;aperture&quot;:&quot;0&quot;,&quot;credit&quot;:&quot;&quot;,&quot;camera&quot;:&quot;&quot;,&quot;caption&quot;:&quot;&quot;,&quot;created_timestamp&quot;:&quot;0&quot;,&quot;copyright&quot;:&quot;&quot;,&quot;focal_length&quot;:&quot;0&quot;,&quot;iso&quot;:&quot;0&quot;,&quot;shutter_speed&quot;:&quot;0&quot;,&quot;title&quot;:&quot;&quot;,&quot;orientation&quot;:&quot;1&quot;}\" data-image-title=\"carteles-variaciones-valencia-2022\" data-image-description=\"\" data-image-caption=\"\" data-medium-file=\"https:\/\/www.victorarandagarcia.es\/wp-content\/uploads\/carteles-variaciones-valencia-2022-300x225.jpg\" data-large-file=\"https:\/\/www.victorarandagarcia.es\/wp-content\/uploads\/carteles-variaciones-valencia-2022.jpg\" decoding=\"async\" loading=\"lazy\" width=\"720\" height=\"541\" data-id=\"3353\" src=\"https:\/\/www.victorarandagarcia.es\/wp-content\/uploads\/carteles-variaciones-valencia-2022.jpg\" alt=\"Composici\u00f3n con ocho fotograf\u00edas de carteles del mismo anuncio\" class=\"wp-image-3353\" srcset=\"https:\/\/www.victorarandagarcia.es\/wp-content\/uploads\/carteles-variaciones-valencia-2022.jpg 720w, https:\/\/www.victorarandagarcia.es\/wp-content\/uploads\/carteles-variaciones-valencia-2022-300x225.jpg 300w\" sizes=\"(max-width: 720px) 100vw, 720px\" \/><\/figure>\n\n\n\n<figure class=\"wp-block-image\"><img data-attachment-id=\"1982\" data-permalink=\"https:\/\/www.victorarandagarcia.es\/variaciones-carteles-02\/\" data-orig-file=\"https:\/\/www.victorarandagarcia.es\/wp-content\/uploads\/variaciones-carteles-02.jpg\" data-orig-size=\"452,900\" data-comments-opened=\"0\" data-image-meta=\"{&quot;aperture&quot;:&quot;0&quot;,&quot;credit&quot;:&quot;&quot;,&quot;camera&quot;:&quot;&quot;,&quot;caption&quot;:&quot;&quot;,&quot;created_timestamp&quot;:&quot;0&quot;,&quot;copyright&quot;:&quot;&quot;,&quot;focal_length&quot;:&quot;0&quot;,&quot;iso&quot;:&quot;0&quot;,&quot;shutter_speed&quot;:&quot;0&quot;,&quot;title&quot;:&quot;&quot;,&quot;orientation&quot;:&quot;0&quot;}\" data-image-title=\"variaciones-carteles-02\" data-image-description=\"&lt;p&gt;Variaciones. 3 fotograf\u00edas de 3 carteles de Dani Mart\u00edn (Valencia 2009)&lt;\/p&gt;\n\" data-image-caption=\"\" data-medium-file=\"https:\/\/www.victorarandagarcia.es\/wp-content\/uploads\/variaciones-carteles-02-151x300.jpg\" data-large-file=\"https:\/\/www.victorarandagarcia.es\/wp-content\/uploads\/variaciones-carteles-02.jpg\" decoding=\"async\" loading=\"lazy\" width=\"452\" height=\"900\" data-id=\"1982\" src=\"https:\/\/www.victorarandagarcia.es\/wp-content\/uploads\/variaciones-carteles-02.jpg\" alt=\"Fotograf\u00edas de tres carteles en los que sale el cantante Dani Mart\u00edn\" class=\"wp-image-1982\" srcset=\"https:\/\/www.victorarandagarcia.es\/wp-content\/uploads\/variaciones-carteles-02.jpg 452w, https:\/\/www.victorarandagarcia.es\/wp-content\/uploads\/variaciones-carteles-02-151x300.jpg 151w\" sizes=\"(max-width: 452px) 100vw, 452px\" \/><\/figure>\n\n\n\n<figure class=\"wp-block-image\"><img data-attachment-id=\"1978\" data-permalink=\"https:\/\/www.victorarandagarcia.es\/variaciones-carteles-05\/\" data-orig-file=\"https:\/\/www.victorarandagarcia.es\/wp-content\/uploads\/variaciones-carteles-05.jpg\" data-orig-size=\"803,1200\" data-comments-opened=\"0\" data-image-meta=\"{&quot;aperture&quot;:&quot;0&quot;,&quot;credit&quot;:&quot;&quot;,&quot;camera&quot;:&quot;&quot;,&quot;caption&quot;:&quot;&quot;,&quot;created_timestamp&quot;:&quot;0&quot;,&quot;copyright&quot;:&quot;&quot;,&quot;focal_length&quot;:&quot;0&quot;,&quot;iso&quot;:&quot;0&quot;,&quot;shutter_speed&quot;:&quot;0&quot;,&quot;title&quot;:&quot;&quot;,&quot;orientation&quot;:&quot;0&quot;}\" data-image-title=\"variaciones-carteles-05\" data-image-description=\"&lt;p&gt;Variaciones. 4 fotograf\u00edas de 4 carteles publicitarios (Valencia 2014)&lt;\/p&gt;\n\" data-image-caption=\"\" data-medium-file=\"https:\/\/www.victorarandagarcia.es\/wp-content\/uploads\/variaciones-carteles-05-201x300.jpg\" data-large-file=\"https:\/\/www.victorarandagarcia.es\/wp-content\/uploads\/variaciones-carteles-05-685x1024.jpg\" decoding=\"async\" loading=\"lazy\" width=\"685\" height=\"1024\" data-id=\"1978\" src=\"https:\/\/www.victorarandagarcia.es\/wp-content\/uploads\/variaciones-carteles-05-685x1024.jpg\" alt=\"Fotograf\u00edas de carteles de publicidad rotos con la cara de una chica con gafas de sol\" class=\"wp-image-1978\" srcset=\"https:\/\/www.victorarandagarcia.es\/wp-content\/uploads\/variaciones-carteles-05-685x1024.jpg 685w, https:\/\/www.victorarandagarcia.es\/wp-content\/uploads\/variaciones-carteles-05-201x300.jpg 201w, https:\/\/www.victorarandagarcia.es\/wp-content\/uploads\/variaciones-carteles-05-768x1148.jpg 768w, https:\/\/www.victorarandagarcia.es\/wp-content\/uploads\/variaciones-carteles-05.jpg 803w\" sizes=\"(max-width: 685px) 100vw, 685px\" \/><\/figure>\n\n\n\n<figure class=\"wp-block-image\"><img data-attachment-id=\"2440\" data-permalink=\"https:\/\/www.victorarandagarcia.es\/variaciones-bertinosborne\/\" data-orig-file=\"https:\/\/www.victorarandagarcia.es\/wp-content\/uploads\/variaciones-bertinosborne.jpg\" data-orig-size=\"962,720\" data-comments-opened=\"0\" data-image-meta=\"{&quot;aperture&quot;:&quot;0&quot;,&quot;credit&quot;:&quot;Victor Aranda Garcia&quot;,&quot;camera&quot;:&quot;&quot;,&quot;caption&quot;:&quot;&quot;,&quot;created_timestamp&quot;:&quot;0&quot;,&quot;copyright&quot;:&quot;Victor Aranda Garcia&quot;,&quot;focal_length&quot;:&quot;0&quot;,&quot;iso&quot;:&quot;0&quot;,&quot;shutter_speed&quot;:&quot;0&quot;,&quot;title&quot;:&quot;&quot;,&quot;orientation&quot;:&quot;1&quot;}\" data-image-title=\"variaciones-bertinosborne\" data-image-description=\"&lt;p&gt;Variaciones. 2 fotograf\u00edas de 2 carteles de Bert\u00edn Osborne (Valencia 2017)&lt;\/p&gt;\n\" data-image-caption=\"\" data-medium-file=\"https:\/\/www.victorarandagarcia.es\/wp-content\/uploads\/variaciones-bertinosborne-300x225.jpg\" data-large-file=\"https:\/\/www.victorarandagarcia.es\/wp-content\/uploads\/variaciones-bertinosborne.jpg\" decoding=\"async\" loading=\"lazy\" width=\"962\" height=\"720\" data-id=\"2440\" src=\"https:\/\/www.victorarandagarcia.es\/wp-content\/uploads\/variaciones-bertinosborne.jpg\" alt=\"Fotograf\u00edas de dos carteles con la cara de Bert\u00edn Osborne\" class=\"wp-image-2440\" srcset=\"https:\/\/www.victorarandagarcia.es\/wp-content\/uploads\/variaciones-bertinosborne.jpg 962w, https:\/\/www.victorarandagarcia.es\/wp-content\/uploads\/variaciones-bertinosborne-300x225.jpg 300w, https:\/\/www.victorarandagarcia.es\/wp-content\/uploads\/variaciones-bertinosborne-768x575.jpg 768w\" sizes=\"(max-width: 962px) 100vw, 962px\" \/><\/figure>\n\n\n\n<figure class=\"wp-block-image\"><img data-attachment-id=\"1980\" data-permalink=\"https:\/\/www.victorarandagarcia.es\/variaciones-carteles-06\/\" data-orig-file=\"https:\/\/www.victorarandagarcia.es\/wp-content\/uploads\/variaciones-carteles-06.jpg\" data-orig-size=\"900,898\" data-comments-opened=\"0\" data-image-meta=\"{&quot;aperture&quot;:&quot;0&quot;,&quot;credit&quot;:&quot;&quot;,&quot;camera&quot;:&quot;&quot;,&quot;caption&quot;:&quot;&quot;,&quot;created_timestamp&quot;:&quot;0&quot;,&quot;copyright&quot;:&quot;&quot;,&quot;focal_length&quot;:&quot;0&quot;,&quot;iso&quot;:&quot;0&quot;,&quot;shutter_speed&quot;:&quot;0&quot;,&quot;title&quot;:&quot;&quot;,&quot;orientation&quot;:&quot;0&quot;}\" data-image-title=\"variaciones-carteles-06\" data-image-description=\"&lt;p&gt;Variaciones. 6 fotograf\u00edas de 6 carteles publicitarios (Valencia 2014)&lt;\/p&gt;\n\" data-image-caption=\"\" data-medium-file=\"https:\/\/www.victorarandagarcia.es\/wp-content\/uploads\/variaciones-carteles-06-300x300.jpg\" data-large-file=\"https:\/\/www.victorarandagarcia.es\/wp-content\/uploads\/variaciones-carteles-06.jpg\" decoding=\"async\" loading=\"lazy\" width=\"900\" height=\"898\" data-id=\"1980\" src=\"https:\/\/www.victorarandagarcia.es\/wp-content\/uploads\/variaciones-carteles-06.jpg\" alt=\"Fotograf\u00edas de seis carteles de publicidad con la cara de una chica con rulos sorprendida\" class=\"wp-image-1980\" srcset=\"https:\/\/www.victorarandagarcia.es\/wp-content\/uploads\/variaciones-carteles-06.jpg 900w, https:\/\/www.victorarandagarcia.es\/wp-content\/uploads\/variaciones-carteles-06-150x150.jpg 150w, https:\/\/www.victorarandagarcia.es\/wp-content\/uploads\/variaciones-carteles-06-300x300.jpg 300w, https:\/\/www.victorarandagarcia.es\/wp-content\/uploads\/variaciones-carteles-06-768x766.jpg 768w, https:\/\/www.victorarandagarcia.es\/wp-content\/uploads\/variaciones-carteles-06-533x533.jpg 533w, https:\/\/www.victorarandagarcia.es\/wp-content\/uploads\/variaciones-carteles-06-640x640.jpg 640w, https:\/\/www.victorarandagarcia.es\/wp-content\/uploads\/variaciones-carteles-06-50x50.jpg 50w\" sizes=\"(max-width: 900px) 100vw, 900px\" \/><\/figure>\n\n\n\n<figure class=\"wp-block-image\"><img data-attachment-id=\"1977\" data-permalink=\"https:\/\/www.victorarandagarcia.es\/variaciones-carteles-03\/\" data-orig-file=\"https:\/\/www.victorarandagarcia.es\/wp-content\/uploads\/variaciones-carteles-03.jpg\" data-orig-size=\"720,505\" data-comments-opened=\"0\" data-image-meta=\"{&quot;aperture&quot;:&quot;0&quot;,&quot;credit&quot;:&quot;&quot;,&quot;camera&quot;:&quot;&quot;,&quot;caption&quot;:&quot;&quot;,&quot;created_timestamp&quot;:&quot;0&quot;,&quot;copyright&quot;:&quot;&quot;,&quot;focal_length&quot;:&quot;0&quot;,&quot;iso&quot;:&quot;0&quot;,&quot;shutter_speed&quot;:&quot;0&quot;,&quot;title&quot;:&quot;&quot;,&quot;orientation&quot;:&quot;0&quot;}\" data-image-title=\"variaciones-carteles-03\" data-image-description=\"&lt;p&gt;Variaciones. 18 fotograf\u00edas de 18 carteles de Alejandro Sanz (Valencia 2010)&lt;\/p&gt;\n\" data-image-caption=\"\" data-medium-file=\"https:\/\/www.victorarandagarcia.es\/wp-content\/uploads\/variaciones-carteles-03-300x210.jpg\" data-large-file=\"https:\/\/www.victorarandagarcia.es\/wp-content\/uploads\/variaciones-carteles-03.jpg\" decoding=\"async\" loading=\"lazy\" width=\"720\" height=\"505\" data-id=\"1977\" src=\"https:\/\/www.victorarandagarcia.es\/wp-content\/uploads\/variaciones-carteles-03.jpg\" alt=\"Fotograf\u00edas de carteles de promoci\u00f3n de Alejandro Sanz con diferentes defectos de color\" class=\"wp-image-1977\" srcset=\"https:\/\/www.victorarandagarcia.es\/wp-content\/uploads\/variaciones-carteles-03.jpg 720w, https:\/\/www.victorarandagarcia.es\/wp-content\/uploads\/variaciones-carteles-03-300x210.jpg 300w\" sizes=\"(max-width: 720px) 100vw, 720px\" \/><\/figure>\n\n\n\n<figure class=\"wp-block-image\"><img data-attachment-id=\"2448\" data-permalink=\"https:\/\/www.victorarandagarcia.es\/variaciones-sanbasilio-6\/\" data-orig-file=\"https:\/\/www.victorarandagarcia.es\/wp-content\/uploads\/variaciones-sanbasilio-6.jpg\" data-orig-size=\"1311,720\" data-comments-opened=\"0\" data-image-meta=\"{&quot;aperture&quot;:&quot;0&quot;,&quot;credit&quot;:&quot;&quot;,&quot;camera&quot;:&quot;&quot;,&quot;caption&quot;:&quot;&quot;,&quot;created_timestamp&quot;:&quot;0&quot;,&quot;copyright&quot;:&quot;&quot;,&quot;focal_length&quot;:&quot;0&quot;,&quot;iso&quot;:&quot;0&quot;,&quot;shutter_speed&quot;:&quot;0&quot;,&quot;title&quot;:&quot;&quot;,&quot;orientation&quot;:&quot;1&quot;}\" data-image-title=\"variaciones-sanbasilio-6\" data-image-description=\"&lt;p&gt;Variaciones. 6 fotograf\u00edas de 6 carteles de Paloma San Basilio (Valencia 2020)&lt;\/p&gt;\n\" data-image-caption=\"\" data-medium-file=\"https:\/\/www.victorarandagarcia.es\/wp-content\/uploads\/variaciones-sanbasilio-6-300x165.jpg\" data-large-file=\"https:\/\/www.victorarandagarcia.es\/wp-content\/uploads\/variaciones-sanbasilio-6-1024x562.jpg\" decoding=\"async\" loading=\"lazy\" width=\"1024\" height=\"562\" data-id=\"2448\" src=\"https:\/\/www.victorarandagarcia.es\/wp-content\/uploads\/variaciones-sanbasilio-6-1024x562.jpg\" alt=\"Seis fotograf\u00edas de carteles con la cara de Paloma San Basilio\" class=\"wp-image-2448\" srcset=\"https:\/\/www.victorarandagarcia.es\/wp-content\/uploads\/variaciones-sanbasilio-6-1024x562.jpg 1024w, https:\/\/www.victorarandagarcia.es\/wp-content\/uploads\/variaciones-sanbasilio-6-300x165.jpg 300w, https:\/\/www.victorarandagarcia.es\/wp-content\/uploads\/variaciones-sanbasilio-6-768x422.jpg 768w, https:\/\/www.victorarandagarcia.es\/wp-content\/uploads\/variaciones-sanbasilio-6.jpg 1311w\" sizes=\"(max-width: 1024px) 100vw, 1024px\" \/><\/figure>\n\n\n\n<figure class=\"wp-block-image\"><img data-attachment-id=\"1976\" data-permalink=\"https:\/\/www.victorarandagarcia.es\/variaciones-carteles-07\/\" data-orig-file=\"https:\/\/www.victorarandagarcia.es\/wp-content\/uploads\/variaciones-carteles-07.jpg\" data-orig-size=\"840,838\" data-comments-opened=\"0\" data-image-meta=\"{&quot;aperture&quot;:&quot;0&quot;,&quot;credit&quot;:&quot;&quot;,&quot;camera&quot;:&quot;&quot;,&quot;caption&quot;:&quot;&quot;,&quot;created_timestamp&quot;:&quot;0&quot;,&quot;copyright&quot;:&quot;&quot;,&quot;focal_length&quot;:&quot;0&quot;,&quot;iso&quot;:&quot;0&quot;,&quot;shutter_speed&quot;:&quot;0&quot;,&quot;title&quot;:&quot;&quot;,&quot;orientation&quot;:&quot;0&quot;}\" data-image-title=\"variaciones-carteles-07\" data-image-description=\"&lt;p&gt;Variaciones. 6 fotograf\u00edas de 6 carteles (Valencia 2013)&lt;\/p&gt;\n\" data-image-caption=\"\" data-medium-file=\"https:\/\/www.victorarandagarcia.es\/wp-content\/uploads\/variaciones-carteles-07-300x300.jpg\" data-large-file=\"https:\/\/www.victorarandagarcia.es\/wp-content\/uploads\/variaciones-carteles-07.jpg\" decoding=\"async\" loading=\"lazy\" width=\"840\" height=\"838\" data-id=\"1976\" src=\"https:\/\/www.victorarandagarcia.es\/wp-content\/uploads\/variaciones-carteles-07.jpg\" alt=\"Fotograf\u00edas de carteles publicitarios con la misma imagen pero con diferentes defectos\" class=\"wp-image-1976\" srcset=\"https:\/\/www.victorarandagarcia.es\/wp-content\/uploads\/variaciones-carteles-07.jpg 840w, https:\/\/www.victorarandagarcia.es\/wp-content\/uploads\/variaciones-carteles-07-150x150.jpg 150w, https:\/\/www.victorarandagarcia.es\/wp-content\/uploads\/variaciones-carteles-07-300x300.jpg 300w, https:\/\/www.victorarandagarcia.es\/wp-content\/uploads\/variaciones-carteles-07-768x766.jpg 768w, https:\/\/www.victorarandagarcia.es\/wp-content\/uploads\/variaciones-carteles-07-533x533.jpg 533w, https:\/\/www.victorarandagarcia.es\/wp-content\/uploads\/variaciones-carteles-07-50x50.jpg 50w\" sizes=\"(max-width: 840px) 100vw, 840px\" \/><\/figure>\n<\/figure>\n\n\n","protected":false},"excerpt":{"rendered":"<p>Serie de fotograf\u00edas que inici\u00e9 en 2009: carteles publicitarios fotografiados tal y como los encuentro en la calle. &hellip; <a href=\"https:\/\/www.victorarandagarcia.es\/index.php\/arte\/variaciones\/variaciones-carteles\/\" class=\"more-link\"><span>Continuar<span class=\"screen-reader-text\">Variaciones \/ Carteles<\/span><\/span><\/a><\/p>\n","protected":false},"author":1,"featured_media":1981,"comment_status":"closed","ping_status":"open","sticky":false,"template":"","format":"standard","meta":{"jetpack_post_was_ever_published":false,"_jetpack_newsletter_access":"","_jetpack_dont_email_post_to_subs":false,"_jetpack_newsletter_tier_id":0,"_jetpack_memberships_contains_paywalled_content":false,"footnotes":"","_jetpack_memberships_contains_paid_content":false},"categories":[38],"tags":[72,30],"yoast_head":"<!-- This site is optimized with the Yoast SEO plugin v22.6 - https:\/\/yoast.com\/wordpress\/plugins\/seo\/ -->\n<title>Variaciones \/ Carteles - arte y estudio<\/title>\n<meta name=\"description\" content=\"Serie de fotograf\u00edas que inici\u00e9 en 2009: carteles publicitarios fotografiados tal y como los encuentro en la calle, presentados juntos en una composici\u00f3n\" \/>\n<meta name=\"robots\" content=\"index, follow, max-snippet:-1, max-image-preview:large, max-video-preview:-1\" \/>\n<link rel=\"canonical\" href=\"https:\/\/www.victorarandagarcia.es\/index.php\/arte\/variaciones\/variaciones-carteles\/\" \/>\n<meta property=\"og:locale\" content=\"es_ES\" \/>\n<meta property=\"og:type\" content=\"article\" \/>\n<meta property=\"og:title\" content=\"Variaciones \/ Carteles - arte y estudio\" \/>\n<meta property=\"og:description\" content=\"Serie de fotograf\u00edas que inici\u00e9 en 2009: carteles publicitarios fotografiados tal y como los encuentro en la calle, presentados juntos en una composici\u00f3n\" \/>\n<meta property=\"og:url\" content=\"https:\/\/www.victorarandagarcia.es\/index.php\/arte\/variaciones\/variaciones-carteles\/\" \/>\n<meta property=\"og:site_name\" content=\"arte y estudio\" \/>\n<meta property=\"article:published_time\" content=\"2019-05-29T18:40:49+00:00\" \/>\n<meta property=\"article:modified_time\" content=\"2022-08-30T11:26:08+00:00\" \/>\n<meta property=\"og:image\" content=\"https:\/\/www.victorarandagarcia.es\/wp-content\/uploads\/variaciones-carteles-04.jpg\" \/>\n\t<meta property=\"og:image:width\" content=\"720\" \/>\n\t<meta property=\"og:image:height\" content=\"720\" \/>\n\t<meta property=\"og:image:type\" content=\"image\/jpeg\" \/>\n<meta name=\"author\" content=\"victorarandagarcia\" \/>\n<meta name=\"twitter:card\" content=\"summary_large_image\" \/>\n<meta name=\"twitter:label1\" content=\"Escrito por\" \/>\n\t<meta name=\"twitter:data1\" content=\"victorarandagarcia\" \/>\n\t<meta name=\"twitter:label2\" content=\"Tiempo de lectura\" \/>\n\t<meta name=\"twitter:data2\" content=\"3 minutos\" \/>\n<script type=\"application\/ld+json\" class=\"yoast-schema-graph\">{\"@context\":\"https:\/\/schema.org\",\"@graph\":[{\"@type\":\"Article\",\"@id\":\"https:\/\/www.victorarandagarcia.es\/index.php\/arte\/variaciones\/variaciones-carteles\/#article\",\"isPartOf\":{\"@id\":\"https:\/\/www.victorarandagarcia.es\/index.php\/arte\/variaciones\/variaciones-carteles\/\"},\"author\":{\"name\":\"victorarandagarcia\",\"@id\":\"https:\/\/www.victorarandagarcia.es\/#\/schema\/person\/bfa9c61a3776d517deeee5f9386ef302\"},\"headline\":\"Variaciones \/ Carteles\",\"datePublished\":\"2019-05-29T18:40:49+00:00\",\"dateModified\":\"2022-08-30T11:26:08+00:00\",\"mainEntityOfPage\":{\"@id\":\"https:\/\/www.victorarandagarcia.es\/index.php\/arte\/variaciones\/variaciones-carteles\/\"},\"wordCount\":45,\"publisher\":{\"@id\":\"https:\/\/www.victorarandagarcia.es\/#organization\"},\"image\":{\"@id\":\"https:\/\/www.victorarandagarcia.es\/index.php\/arte\/variaciones\/variaciones-carteles\/#primaryimage\"},\"thumbnailUrl\":\"https:\/\/www.victorarandagarcia.es\/wp-content\/uploads\/variaciones-carteles-04.jpg\",\"keywords\":[\"carteles\",\"variaciones\"],\"articleSection\":[\"VARIACIONES\"],\"inLanguage\":\"es\"},{\"@type\":\"WebPage\",\"@id\":\"https:\/\/www.victorarandagarcia.es\/index.php\/arte\/variaciones\/variaciones-carteles\/\",\"url\":\"https:\/\/www.victorarandagarcia.es\/index.php\/arte\/variaciones\/variaciones-carteles\/\",\"name\":\"Variaciones \/ Carteles - arte y estudio\",\"isPartOf\":{\"@id\":\"https:\/\/www.victorarandagarcia.es\/#website\"},\"primaryImageOfPage\":{\"@id\":\"https:\/\/www.victorarandagarcia.es\/index.php\/arte\/variaciones\/variaciones-carteles\/#primaryimage\"},\"image\":{\"@id\":\"https:\/\/www.victorarandagarcia.es\/index.php\/arte\/variaciones\/variaciones-carteles\/#primaryimage\"},\"thumbnailUrl\":\"https:\/\/www.victorarandagarcia.es\/wp-content\/uploads\/variaciones-carteles-04.jpg\",\"datePublished\":\"2019-05-29T18:40:49+00:00\",\"dateModified\":\"2022-08-30T11:26:08+00:00\",\"description\":\"Serie de fotograf\u00edas que inici\u00e9 en 2009: carteles publicitarios fotografiados tal y como los encuentro en la calle, presentados juntos en una composici\u00f3n\",\"breadcrumb\":{\"@id\":\"https:\/\/www.victorarandagarcia.es\/index.php\/arte\/variaciones\/variaciones-carteles\/#breadcrumb\"},\"inLanguage\":\"es\",\"potentialAction\":[{\"@type\":\"ReadAction\",\"target\":[\"https:\/\/www.victorarandagarcia.es\/index.php\/arte\/variaciones\/variaciones-carteles\/\"]}]},{\"@type\":\"ImageObject\",\"inLanguage\":\"es\",\"@id\":\"https:\/\/www.victorarandagarcia.es\/index.php\/arte\/variaciones\/variaciones-carteles\/#primaryimage\",\"url\":\"https:\/\/www.victorarandagarcia.es\/wp-content\/uploads\/variaciones-carteles-04.jpg\",\"contentUrl\":\"https:\/\/www.victorarandagarcia.es\/wp-content\/uploads\/variaciones-carteles-04.jpg\",\"width\":720,\"height\":720,\"caption\":\"Fotograf\u00edas de 6 carteles en los que sale el m\u00fasico Chris Isaak\"},{\"@type\":\"BreadcrumbList\",\"@id\":\"https:\/\/www.victorarandagarcia.es\/index.php\/arte\/variaciones\/variaciones-carteles\/#breadcrumb\",\"itemListElement\":[{\"@type\":\"ListItem\",\"position\":1,\"name\":\"Portada\",\"item\":\"https:\/\/www.victorarandagarcia.es\/\"},{\"@type\":\"ListItem\",\"position\":2,\"name\":\"Variaciones \/ Carteles\"}]},{\"@type\":\"WebSite\",\"@id\":\"https:\/\/www.victorarandagarcia.es\/#website\",\"url\":\"https:\/\/www.victorarandagarcia.es\/\",\"name\":\"arte y estudio\",\"description\":\"Fot\u00f3grafo\",\"publisher\":{\"@id\":\"https:\/\/www.victorarandagarcia.es\/#organization\"},\"potentialAction\":[{\"@type\":\"SearchAction\",\"target\":{\"@type\":\"EntryPoint\",\"urlTemplate\":\"https:\/\/www.victorarandagarcia.es\/?s={search_term_string}\"},\"query-input\":\"required name=search_term_string\"}],\"inLanguage\":\"es\"},{\"@type\":\"Organization\",\"@id\":\"https:\/\/www.victorarandagarcia.es\/#organization\",\"name\":\"arte y estudio\",\"url\":\"https:\/\/www.victorarandagarcia.es\/\",\"logo\":{\"@type\":\"ImageObject\",\"inLanguage\":\"es\",\"@id\":\"https:\/\/www.victorarandagarcia.es\/#\/schema\/logo\/image\/\",\"url\":\"https:\/\/www.victorarandagarcia.es\/wp-content\/uploads\/2019\/03\/logo-fotografo.png\",\"contentUrl\":\"https:\/\/www.victorarandagarcia.es\/wp-content\/uploads\/2019\/03\/logo-fotografo.png\",\"width\":150,\"height\":150,\"caption\":\"arte y estudio\"},\"image\":{\"@id\":\"https:\/\/www.victorarandagarcia.es\/#\/schema\/logo\/image\/\"}},{\"@type\":\"Person\",\"@id\":\"https:\/\/www.victorarandagarcia.es\/#\/schema\/person\/bfa9c61a3776d517deeee5f9386ef302\",\"name\":\"victorarandagarcia\",\"image\":{\"@type\":\"ImageObject\",\"inLanguage\":\"es\",\"@id\":\"https:\/\/www.victorarandagarcia.es\/#\/schema\/person\/image\/\",\"url\":\"https:\/\/secure.gravatar.com\/avatar\/957a01ac23a6393e755ae8225c35dbdb?s=96&d=mm&r=g\",\"contentUrl\":\"https:\/\/secure.gravatar.com\/avatar\/957a01ac23a6393e755ae8225c35dbdb?s=96&d=mm&r=g\",\"caption\":\"victorarandagarcia\"}}]}<\/script>\n<!-- \/ Yoast SEO plugin. -->","yoast_head_json":{"title":"Variaciones \/ Carteles - arte y estudio","description":"Serie de fotograf\u00edas que inici\u00e9 en 2009: carteles publicitarios fotografiados tal y como los encuentro en la calle, presentados juntos en una composici\u00f3n","robots":{"index":"index","follow":"follow","max-snippet":"max-snippet:-1","max-image-preview":"max-image-preview:large","max-video-preview":"max-video-preview:-1"},"canonical":"https:\/\/www.victorarandagarcia.es\/index.php\/arte\/variaciones\/variaciones-carteles\/","og_locale":"es_ES","og_type":"article","og_title":"Variaciones \/ Carteles - arte y estudio","og_description":"Serie de fotograf\u00edas que inici\u00e9 en 2009: carteles publicitarios fotografiados tal y como los encuentro en la calle, presentados juntos en una composici\u00f3n","og_url":"https:\/\/www.victorarandagarcia.es\/index.php\/arte\/variaciones\/variaciones-carteles\/","og_site_name":"arte y estudio","article_published_time":"2019-05-29T18:40:49+00:00","article_modified_time":"2022-08-30T11:26:08+00:00","og_image":[{"width":720,"height":720,"url":"https:\/\/www.victorarandagarcia.es\/wp-content\/uploads\/variaciones-carteles-04.jpg","type":"image\/jpeg"}],"author":"victorarandagarcia","twitter_card":"summary_large_image","twitter_misc":{"Escrito por":"victorarandagarcia","Tiempo de lectura":"3 minutos"},"schema":{"@context":"https:\/\/schema.org","@graph":[{"@type":"Article","@id":"https:\/\/www.victorarandagarcia.es\/index.php\/arte\/variaciones\/variaciones-carteles\/#article","isPartOf":{"@id":"https:\/\/www.victorarandagarcia.es\/index.php\/arte\/variaciones\/variaciones-carteles\/"},"author":{"name":"victorarandagarcia","@id":"https:\/\/www.victorarandagarcia.es\/#\/schema\/person\/bfa9c61a3776d517deeee5f9386ef302"},"headline":"Variaciones \/ Carteles","datePublished":"2019-05-29T18:40:49+00:00","dateModified":"2022-08-30T11:26:08+00:00","mainEntityOfPage":{"@id":"https:\/\/www.victorarandagarcia.es\/index.php\/arte\/variaciones\/variaciones-carteles\/"},"wordCount":45,"publisher":{"@id":"https:\/\/www.victorarandagarcia.es\/#organization"},"image":{"@id":"https:\/\/www.victorarandagarcia.es\/index.php\/arte\/variaciones\/variaciones-carteles\/#primaryimage"},"thumbnailUrl":"https:\/\/www.victorarandagarcia.es\/wp-content\/uploads\/variaciones-carteles-04.jpg","keywords":["carteles","variaciones"],"articleSection":["VARIACIONES"],"inLanguage":"es"},{"@type":"WebPage","@id":"https:\/\/www.victorarandagarcia.es\/index.php\/arte\/variaciones\/variaciones-carteles\/","url":"https:\/\/www.victorarandagarcia.es\/index.php\/arte\/variaciones\/variaciones-carteles\/","name":"Variaciones \/ Carteles - arte y estudio","isPartOf":{"@id":"https:\/\/www.victorarandagarcia.es\/#website"},"primaryImageOfPage":{"@id":"https:\/\/www.victorarandagarcia.es\/index.php\/arte\/variaciones\/variaciones-carteles\/#primaryimage"},"image":{"@id":"https:\/\/www.victorarandagarcia.es\/index.php\/arte\/variaciones\/variaciones-carteles\/#primaryimage"},"thumbnailUrl":"https:\/\/www.victorarandagarcia.es\/wp-content\/uploads\/variaciones-carteles-04.jpg","datePublished":"2019-05-29T18:40:49+00:00","dateModified":"2022-08-30T11:26:08+00:00","description":"Serie de fotograf\u00edas que inici\u00e9 en 2009: carteles publicitarios fotografiados tal y como los encuentro en la calle, presentados juntos en una composici\u00f3n","breadcrumb":{"@id":"https:\/\/www.victorarandagarcia.es\/index.php\/arte\/variaciones\/variaciones-carteles\/#breadcrumb"},"inLanguage":"es","potentialAction":[{"@type":"ReadAction","target":["https:\/\/www.victorarandagarcia.es\/index.php\/arte\/variaciones\/variaciones-carteles\/"]}]},{"@type":"ImageObject","inLanguage":"es","@id":"https:\/\/www.victorarandagarcia.es\/index.php\/arte\/variaciones\/variaciones-carteles\/#primaryimage","url":"https:\/\/www.victorarandagarcia.es\/wp-content\/uploads\/variaciones-carteles-04.jpg","contentUrl":"https:\/\/www.victorarandagarcia.es\/wp-content\/uploads\/variaciones-carteles-04.jpg","width":720,"height":720,"caption":"Fotograf\u00edas de 6 carteles en los que sale el m\u00fasico Chris Isaak"},{"@type":"BreadcrumbList","@id":"https:\/\/www.victorarandagarcia.es\/index.php\/arte\/variaciones\/variaciones-carteles\/#breadcrumb","itemListElement":[{"@type":"ListItem","position":1,"name":"Portada","item":"https:\/\/www.victorarandagarcia.es\/"},{"@type":"ListItem","position":2,"name":"Variaciones \/ Carteles"}]},{"@type":"WebSite","@id":"https:\/\/www.victorarandagarcia.es\/#website","url":"https:\/\/www.victorarandagarcia.es\/","name":"arte y estudio","description":"Fot\u00f3grafo","publisher":{"@id":"https:\/\/www.victorarandagarcia.es\/#organization"},"potentialAction":[{"@type":"SearchAction","target":{"@type":"EntryPoint","urlTemplate":"https:\/\/www.victorarandagarcia.es\/?s={search_term_string}"},"query-input":"required name=search_term_string"}],"inLanguage":"es"},{"@type":"Organization","@id":"https:\/\/www.victorarandagarcia.es\/#organization","name":"arte y estudio","url":"https:\/\/www.victorarandagarcia.es\/","logo":{"@type":"ImageObject","inLanguage":"es","@id":"https:\/\/www.victorarandagarcia.es\/#\/schema\/logo\/image\/","url":"https:\/\/www.victorarandagarcia.es\/wp-content\/uploads\/2019\/03\/logo-fotografo.png","contentUrl":"https:\/\/www.victorarandagarcia.es\/wp-content\/uploads\/2019\/03\/logo-fotografo.png","width":150,"height":150,"caption":"arte y estudio"},"image":{"@id":"https:\/\/www.victorarandagarcia.es\/#\/schema\/logo\/image\/"}},{"@type":"Person","@id":"https:\/\/www.victorarandagarcia.es\/#\/schema\/person\/bfa9c61a3776d517deeee5f9386ef302","name":"victorarandagarcia","image":{"@type":"ImageObject","inLanguage":"es","@id":"https:\/\/www.victorarandagarcia.es\/#\/schema\/person\/image\/","url":"https:\/\/secure.gravatar.com\/avatar\/957a01ac23a6393e755ae8225c35dbdb?s=96&d=mm&r=g","contentUrl":"https:\/\/secure.gravatar.com\/avatar\/957a01ac23a6393e755ae8225c35dbdb?s=96&d=mm&r=g","caption":"victorarandagarcia"}}]}},"jetpack_featured_media_url":"https:\/\/www.victorarandagarcia.es\/wp-content\/uploads\/variaciones-carteles-04.jpg","jetpack_sharing_enabled":true,"_links":{"self":[{"href":"https:\/\/www.victorarandagarcia.es\/index.php\/wp-json\/wp\/v2\/posts\/1983"}],"collection":[{"href":"https:\/\/www.victorarandagarcia.es\/index.php\/wp-json\/wp\/v2\/posts"}],"about":[{"href":"https:\/\/www.victorarandagarcia.es\/index.php\/wp-json\/wp\/v2\/types\/post"}],"author":[{"embeddable":true,"href":"https:\/\/www.victorarandagarcia.es\/index.php\/wp-json\/wp\/v2\/users\/1"}],"replies":[{"embeddable":true,"href":"https:\/\/www.victorarandagarcia.es\/index.php\/wp-json\/wp\/v2\/comments?post=1983"}],"version-history":[{"count":9,"href":"https:\/\/www.victorarandagarcia.es\/index.php\/wp-json\/wp\/v2\/posts\/1983\/revisions"}],"predecessor-version":[{"id":3354,"href":"https:\/\/www.victorarandagarcia.es\/index.php\/wp-json\/wp\/v2\/posts\/1983\/revisions\/3354"}],"wp:featuredmedia":[{"embeddable":true,"href":"https:\/\/www.victorarandagarcia.es\/index.php\/wp-json\/wp\/v2\/media\/1981"}],"wp:attachment":[{"href":"https:\/\/www.victorarandagarcia.es\/index.php\/wp-json\/wp\/v2\/media?parent=1983"}],"wp:term":[{"taxonomy":"category","embeddable":true,"href":"https:\/\/www.victorarandagarcia.es\/index.php\/wp-json\/wp\/v2\/categories?post=1983"},{"taxonomy":"post_tag","embeddable":true,"href":"https:\/\/www.victorarandagarcia.es\/index.php\/wp-json\/wp\/v2\/tags?post=1983"}],"curies":[{"name":"wp","href":"https:\/\/api.w.org\/{rel}","templated":true}]}}