{"id":1893,"date":"2019-05-27T17:37:50","date_gmt":"2019-05-27T15:37:50","guid":{"rendered":"https:\/\/www.victorarandagarcia.es\/?p=1893"},"modified":"2020-01-12T20:10:10","modified_gmt":"2020-01-12T19:10:10","slug":"bautizo","status":"publish","type":"post","link":"https:\/\/www.victorarandagarcia.es\/index.php\/estudio\/bodas-y-eventos\/bautizo\/","title":{"rendered":"Bautizo"},"content":{"rendered":"\n<p>Es tradici\u00f3n que los reci\u00e9n nacidos pasen por el rito del bautismo, un sacramento cristiano mediante el que se nos da la bienvenida a la f\u00e9. Si necesitas fotos de un d\u00eda tan memorable podemos empezar haciendo algunas fotos en casa, luego os acompa\u00f1o a la iglesia para tomar fotos de la ceremonia y, si as\u00ed lo quer\u00e9is, podemos terminar haciendo algunas fotos en la celebraci\u00f3n. Consulta sin compromiso tu presupuesto y nuestra disponibilidad de fechas.<\/p>\n\n\n\n<ul class=\"wp-block-gallery columns-2 is-cropped wp-block-gallery-1 is-layout-flex wp-block-gallery-is-layout-flex\"><li class=\"blocks-gallery-item\"><figure><img data-attachment-id=\"1894\" data-permalink=\"https:\/\/www.victorarandagarcia.es\/index.php\/estudio\/bodas-y-eventos\/bautizo\/attachment\/bautizo-fotos-4\/\" data-orig-file=\"https:\/\/www.victorarandagarcia.es\/wp-content\/uploads\/bautizo-fotos-4.jpg\" data-orig-size=\"850,571\" data-comments-opened=\"0\" data-image-meta=\"{&quot;aperture&quot;:&quot;0&quot;,&quot;credit&quot;:&quot;Victor Aranda Garcia&quot;,&quot;camera&quot;:&quot;&quot;,&quot;caption&quot;:&quot;&quot;,&quot;created_timestamp&quot;:&quot;0&quot;,&quot;copyright&quot;:&quot;&quot;,&quot;focal_length&quot;:&quot;0&quot;,&quot;iso&quot;:&quot;0&quot;,&quot;shutter_speed&quot;:&quot;0&quot;,&quot;title&quot;:&quot;&quot;,&quot;orientation&quot;:&quot;0&quot;}\" data-image-title=\"bautizo-fotos-4\" data-image-description=\"&lt;p&gt;Bautizo en Valencia&lt;\/p&gt;\n\" data-image-caption=\"\" data-medium-file=\"https:\/\/www.victorarandagarcia.es\/wp-content\/uploads\/bautizo-fotos-4-300x202.jpg\" data-large-file=\"https:\/\/www.victorarandagarcia.es\/wp-content\/uploads\/bautizo-fotos-4.jpg\" decoding=\"async\" loading=\"lazy\" width=\"850\" height=\"571\" src=\"https:\/\/www.victorarandagarcia.es\/wp-content\/uploads\/bautizo-fotos-4.jpg\" alt=\"\" data-id=\"1894\" data-link=\"https:\/\/www.victorarandagarcia.es\/?attachment_id=1894\" class=\"wp-image-1894\" srcset=\"https:\/\/www.victorarandagarcia.es\/wp-content\/uploads\/bautizo-fotos-4.jpg 850w, https:\/\/www.victorarandagarcia.es\/wp-content\/uploads\/bautizo-fotos-4-300x202.jpg 300w, https:\/\/www.victorarandagarcia.es\/wp-content\/uploads\/bautizo-fotos-4-768x516.jpg 768w\" sizes=\"(max-width: 850px) 100vw, 850px\" \/><\/figure><\/li><li class=\"blocks-gallery-item\"><figure><img data-attachment-id=\"1895\" data-permalink=\"https:\/\/www.victorarandagarcia.es\/index.php\/estudio\/bodas-y-eventos\/bautizo\/attachment\/bautizo-fotos-3\/\" data-orig-file=\"https:\/\/www.victorarandagarcia.es\/wp-content\/uploads\/bautizo-fotos-3.jpg\" data-orig-size=\"850,571\" data-comments-opened=\"0\" data-image-meta=\"{&quot;aperture&quot;:&quot;0&quot;,&quot;credit&quot;:&quot;Victor Aranda Garcia&quot;,&quot;camera&quot;:&quot;&quot;,&quot;caption&quot;:&quot;&quot;,&quot;created_timestamp&quot;:&quot;0&quot;,&quot;copyright&quot;:&quot;&quot;,&quot;focal_length&quot;:&quot;0&quot;,&quot;iso&quot;:&quot;0&quot;,&quot;shutter_speed&quot;:&quot;0&quot;,&quot;title&quot;:&quot;&quot;,&quot;orientation&quot;:&quot;0&quot;}\" data-image-title=\"bautizo-fotos-3\" data-image-description=\"&lt;p&gt;Bautizo en Valencia&lt;\/p&gt;\n\" data-image-caption=\"\" data-medium-file=\"https:\/\/www.victorarandagarcia.es\/wp-content\/uploads\/bautizo-fotos-3-300x202.jpg\" data-large-file=\"https:\/\/www.victorarandagarcia.es\/wp-content\/uploads\/bautizo-fotos-3.jpg\" decoding=\"async\" loading=\"lazy\" width=\"850\" height=\"571\" src=\"https:\/\/www.victorarandagarcia.es\/wp-content\/uploads\/bautizo-fotos-3.jpg\" alt=\"\" data-id=\"1895\" data-link=\"https:\/\/www.victorarandagarcia.es\/?attachment_id=1895\" class=\"wp-image-1895\" srcset=\"https:\/\/www.victorarandagarcia.es\/wp-content\/uploads\/bautizo-fotos-3.jpg 850w, https:\/\/www.victorarandagarcia.es\/wp-content\/uploads\/bautizo-fotos-3-300x202.jpg 300w, https:\/\/www.victorarandagarcia.es\/wp-content\/uploads\/bautizo-fotos-3-768x516.jpg 768w\" sizes=\"(max-width: 850px) 100vw, 850px\" \/><\/figure><\/li><li class=\"blocks-gallery-item\"><figure><img data-attachment-id=\"1896\" data-permalink=\"https:\/\/www.victorarandagarcia.es\/index.php\/estudio\/bodas-y-eventos\/bautizo\/attachment\/bautizo-fotos-2\/\" data-orig-file=\"https:\/\/www.victorarandagarcia.es\/wp-content\/uploads\/bautizo-fotos-2.jpg\" data-orig-size=\"438,650\" data-comments-opened=\"0\" data-image-meta=\"{&quot;aperture&quot;:&quot;0&quot;,&quot;credit&quot;:&quot;Victor Aranda Garcia&quot;,&quot;camera&quot;:&quot;&quot;,&quot;caption&quot;:&quot;&quot;,&quot;created_timestamp&quot;:&quot;0&quot;,&quot;copyright&quot;:&quot;&quot;,&quot;focal_length&quot;:&quot;0&quot;,&quot;iso&quot;:&quot;0&quot;,&quot;shutter_speed&quot;:&quot;0&quot;,&quot;title&quot;:&quot;&quot;,&quot;orientation&quot;:&quot;0&quot;}\" data-image-title=\"bautizo-fotos-2\" data-image-description=\"&lt;p&gt;Bautizo en Valencia&lt;\/p&gt;\n\" data-image-caption=\"\" data-medium-file=\"https:\/\/www.victorarandagarcia.es\/wp-content\/uploads\/bautizo-fotos-2-202x300.jpg\" data-large-file=\"https:\/\/www.victorarandagarcia.es\/wp-content\/uploads\/bautizo-fotos-2.jpg\" decoding=\"async\" loading=\"lazy\" width=\"438\" height=\"650\" src=\"https:\/\/www.victorarandagarcia.es\/wp-content\/uploads\/bautizo-fotos-2.jpg\" alt=\"\" data-id=\"1896\" data-link=\"https:\/\/www.victorarandagarcia.es\/?attachment_id=1896\" class=\"wp-image-1896\" srcset=\"https:\/\/www.victorarandagarcia.es\/wp-content\/uploads\/bautizo-fotos-2.jpg 438w, https:\/\/www.victorarandagarcia.es\/wp-content\/uploads\/bautizo-fotos-2-202x300.jpg 202w\" sizes=\"(max-width: 438px) 100vw, 438px\" \/><\/figure><\/li><li class=\"blocks-gallery-item\"><figure><img data-attachment-id=\"1897\" data-permalink=\"https:\/\/www.victorarandagarcia.es\/index.php\/estudio\/bodas-y-eventos\/bautizo\/attachment\/bautizo-fotos-1\/\" data-orig-file=\"https:\/\/www.victorarandagarcia.es\/wp-content\/uploads\/bautizo-fotos-1.jpg\" data-orig-size=\"515,650\" data-comments-opened=\"0\" data-image-meta=\"{&quot;aperture&quot;:&quot;0&quot;,&quot;credit&quot;:&quot;Victor Aranda Garcia&quot;,&quot;camera&quot;:&quot;&quot;,&quot;caption&quot;:&quot;&quot;,&quot;created_timestamp&quot;:&quot;0&quot;,&quot;copyright&quot;:&quot;&quot;,&quot;focal_length&quot;:&quot;0&quot;,&quot;iso&quot;:&quot;0&quot;,&quot;shutter_speed&quot;:&quot;0&quot;,&quot;title&quot;:&quot;&quot;,&quot;orientation&quot;:&quot;0&quot;}\" data-image-title=\"bautizo-fotos-1\" data-image-description=\"&lt;p&gt;Bautizo en Valencia&lt;\/p&gt;\n\" data-image-caption=\"\" data-medium-file=\"https:\/\/www.victorarandagarcia.es\/wp-content\/uploads\/bautizo-fotos-1-238x300.jpg\" data-large-file=\"https:\/\/www.victorarandagarcia.es\/wp-content\/uploads\/bautizo-fotos-1.jpg\" decoding=\"async\" loading=\"lazy\" width=\"515\" height=\"650\" src=\"https:\/\/www.victorarandagarcia.es\/wp-content\/uploads\/bautizo-fotos-1.jpg\" alt=\"\" data-id=\"1897\" data-link=\"https:\/\/www.victorarandagarcia.es\/?attachment_id=1897\" class=\"wp-image-1897\" srcset=\"https:\/\/www.victorarandagarcia.es\/wp-content\/uploads\/bautizo-fotos-1.jpg 515w, https:\/\/www.victorarandagarcia.es\/wp-content\/uploads\/bautizo-fotos-1-238x300.jpg 238w\" sizes=\"(max-width: 515px) 100vw, 515px\" \/><\/figure><\/li><li class=\"blocks-gallery-item\"><figure><img data-attachment-id=\"1898\" data-permalink=\"https:\/\/www.victorarandagarcia.es\/index.php\/estudio\/bodas-y-eventos\/bautizo\/attachment\/bautizo-fotos-5\/\" data-orig-file=\"https:\/\/www.victorarandagarcia.es\/wp-content\/uploads\/bautizo-fotos-5.jpg\" data-orig-size=\"850,571\" data-comments-opened=\"0\" data-image-meta=\"{&quot;aperture&quot;:&quot;0&quot;,&quot;credit&quot;:&quot;Victor Aranda Garcia&quot;,&quot;camera&quot;:&quot;&quot;,&quot;caption&quot;:&quot;&quot;,&quot;created_timestamp&quot;:&quot;0&quot;,&quot;copyright&quot;:&quot;&quot;,&quot;focal_length&quot;:&quot;0&quot;,&quot;iso&quot;:&quot;0&quot;,&quot;shutter_speed&quot;:&quot;0&quot;,&quot;title&quot;:&quot;&quot;,&quot;orientation&quot;:&quot;0&quot;}\" data-image-title=\"bautizo-fotos-5\" data-image-description=\"&lt;p&gt;Bautizo en Valencia&lt;\/p&gt;\n\" data-image-caption=\"\" data-medium-file=\"https:\/\/www.victorarandagarcia.es\/wp-content\/uploads\/bautizo-fotos-5-300x202.jpg\" data-large-file=\"https:\/\/www.victorarandagarcia.es\/wp-content\/uploads\/bautizo-fotos-5.jpg\" decoding=\"async\" loading=\"lazy\" width=\"850\" height=\"571\" src=\"https:\/\/www.victorarandagarcia.es\/wp-content\/uploads\/bautizo-fotos-5.jpg\" alt=\"\" data-id=\"1898\" data-link=\"https:\/\/www.victorarandagarcia.es\/?attachment_id=1898\" class=\"wp-image-1898\" srcset=\"https:\/\/www.victorarandagarcia.es\/wp-content\/uploads\/bautizo-fotos-5.jpg 850w, https:\/\/www.victorarandagarcia.es\/wp-content\/uploads\/bautizo-fotos-5-300x202.jpg 300w, https:\/\/www.victorarandagarcia.es\/wp-content\/uploads\/bautizo-fotos-5-768x516.jpg 768w\" sizes=\"(max-width: 850px) 100vw, 850px\" \/><\/figure><\/li><\/ul>\n","protected":false},"excerpt":{"rendered":"<p>En Espa\u00f1a es tradici\u00f3n que los reci\u00e9n nacidos pasen por el rito del bautismo. Si necesitas fotos de un d\u00eda tan memorable podemos empezar haciendo algunas fotos en casa &hellip; <a href=\"https:\/\/www.victorarandagarcia.es\/index.php\/estudio\/bodas-y-eventos\/bautizo\/\" class=\"more-link\"><span>Continuar<span class=\"screen-reader-text\">Bautizo<\/span><\/span><\/a><\/p>\n","protected":false},"author":1,"featured_media":1896,"comment_status":"closed","ping_status":"open","sticky":false,"template":"","format":"standard","meta":{"jetpack_post_was_ever_published":false,"_jetpack_newsletter_access":"","_jetpack_dont_email_post_to_subs":false,"_jetpack_newsletter_tier_id":0,"_jetpack_memberships_contains_paywalled_content":false,"footnotes":"","_jetpack_memberships_contains_paid_content":false},"categories":[61],"tags":[66],"yoast_head":"<!-- This site is optimized with the Yoast SEO plugin v22.6 - https:\/\/yoast.com\/wordpress\/plugins\/seo\/ -->\n<title>Bautizo - arte y estudio<\/title>\n<meta name=\"description\" content=\"En Espa\u00f1a es tradici\u00f3n que los reci\u00e9n nacidos pasen por el rito del bautismo. Si necesitas fotos de un d\u00eda tan memorable consulta sin compromiso\" \/>\n<meta name=\"robots\" content=\"index, follow, max-snippet:-1, max-image-preview:large, max-video-preview:-1\" \/>\n<link rel=\"canonical\" href=\"https:\/\/www.victorarandagarcia.es\/index.php\/estudio\/bodas-y-eventos\/bautizo\/\" \/>\n<meta property=\"og:locale\" content=\"es_ES\" \/>\n<meta property=\"og:type\" content=\"article\" \/>\n<meta property=\"og:title\" content=\"Bautizo - arte y estudio\" \/>\n<meta property=\"og:description\" content=\"En Espa\u00f1a es tradici\u00f3n que los reci\u00e9n nacidos pasen por el rito del bautismo. Si necesitas fotos de un d\u00eda tan memorable consulta sin compromiso\" \/>\n<meta property=\"og:url\" content=\"https:\/\/www.victorarandagarcia.es\/index.php\/estudio\/bodas-y-eventos\/bautizo\/\" \/>\n<meta property=\"og:site_name\" content=\"arte y estudio\" \/>\n<meta property=\"article:published_time\" content=\"2019-05-27T15:37:50+00:00\" \/>\n<meta property=\"article:modified_time\" content=\"2020-01-12T19:10:10+00:00\" \/>\n<meta property=\"og:image\" content=\"https:\/\/www.victorarandagarcia.es\/wp-content\/uploads\/bautizo-fotos-2.jpg\" \/>\n\t<meta property=\"og:image:width\" content=\"438\" \/>\n\t<meta property=\"og:image:height\" content=\"650\" \/>\n\t<meta property=\"og:image:type\" content=\"image\/jpeg\" \/>\n<meta name=\"author\" content=\"victorarandagarcia\" \/>\n<meta name=\"twitter:card\" content=\"summary_large_image\" \/>\n<meta name=\"twitter:label1\" content=\"Escrito por\" \/>\n\t<meta name=\"twitter:data1\" content=\"victorarandagarcia\" \/>\n<script type=\"application\/ld+json\" class=\"yoast-schema-graph\">{\"@context\":\"https:\/\/schema.org\",\"@graph\":[{\"@type\":\"Article\",\"@id\":\"https:\/\/www.victorarandagarcia.es\/index.php\/estudio\/bodas-y-eventos\/bautizo\/#article\",\"isPartOf\":{\"@id\":\"https:\/\/www.victorarandagarcia.es\/index.php\/estudio\/bodas-y-eventos\/bautizo\/\"},\"author\":{\"name\":\"victorarandagarcia\",\"@id\":\"https:\/\/www.victorarandagarcia.es\/#\/schema\/person\/bfa9c61a3776d517deeee5f9386ef302\"},\"headline\":\"Bautizo\",\"datePublished\":\"2019-05-27T15:37:50+00:00\",\"dateModified\":\"2020-01-12T19:10:10+00:00\",\"mainEntityOfPage\":{\"@id\":\"https:\/\/www.victorarandagarcia.es\/index.php\/estudio\/bodas-y-eventos\/bautizo\/\"},\"wordCount\":83,\"publisher\":{\"@id\":\"https:\/\/www.victorarandagarcia.es\/#organization\"},\"image\":{\"@id\":\"https:\/\/www.victorarandagarcia.es\/index.php\/estudio\/bodas-y-eventos\/bautizo\/#primaryimage\"},\"thumbnailUrl\":\"https:\/\/www.victorarandagarcia.es\/wp-content\/uploads\/bautizo-fotos-2.jpg\",\"keywords\":[\"Bautizo\"],\"articleSection\":[\"BODAS Y EVENTOS\"],\"inLanguage\":\"es\"},{\"@type\":\"WebPage\",\"@id\":\"https:\/\/www.victorarandagarcia.es\/index.php\/estudio\/bodas-y-eventos\/bautizo\/\",\"url\":\"https:\/\/www.victorarandagarcia.es\/index.php\/estudio\/bodas-y-eventos\/bautizo\/\",\"name\":\"Bautizo - arte y estudio\",\"isPartOf\":{\"@id\":\"https:\/\/www.victorarandagarcia.es\/#website\"},\"primaryImageOfPage\":{\"@id\":\"https:\/\/www.victorarandagarcia.es\/index.php\/estudio\/bodas-y-eventos\/bautizo\/#primaryimage\"},\"image\":{\"@id\":\"https:\/\/www.victorarandagarcia.es\/index.php\/estudio\/bodas-y-eventos\/bautizo\/#primaryimage\"},\"thumbnailUrl\":\"https:\/\/www.victorarandagarcia.es\/wp-content\/uploads\/bautizo-fotos-2.jpg\",\"datePublished\":\"2019-05-27T15:37:50+00:00\",\"dateModified\":\"2020-01-12T19:10:10+00:00\",\"description\":\"En Espa\u00f1a es tradici\u00f3n que los reci\u00e9n nacidos pasen por el rito del bautismo. Si necesitas fotos de un d\u00eda tan memorable consulta sin compromiso\",\"breadcrumb\":{\"@id\":\"https:\/\/www.victorarandagarcia.es\/index.php\/estudio\/bodas-y-eventos\/bautizo\/#breadcrumb\"},\"inLanguage\":\"es\",\"potentialAction\":[{\"@type\":\"ReadAction\",\"target\":[\"https:\/\/www.victorarandagarcia.es\/index.php\/estudio\/bodas-y-eventos\/bautizo\/\"]}]},{\"@type\":\"ImageObject\",\"inLanguage\":\"es\",\"@id\":\"https:\/\/www.victorarandagarcia.es\/index.php\/estudio\/bodas-y-eventos\/bautizo\/#primaryimage\",\"url\":\"https:\/\/www.victorarandagarcia.es\/wp-content\/uploads\/bautizo-fotos-2.jpg\",\"contentUrl\":\"https:\/\/www.victorarandagarcia.es\/wp-content\/uploads\/bautizo-fotos-2.jpg\",\"width\":438,\"height\":650},{\"@type\":\"BreadcrumbList\",\"@id\":\"https:\/\/www.victorarandagarcia.es\/index.php\/estudio\/bodas-y-eventos\/bautizo\/#breadcrumb\",\"itemListElement\":[{\"@type\":\"ListItem\",\"position\":1,\"name\":\"Portada\",\"item\":\"https:\/\/www.victorarandagarcia.es\/\"},{\"@type\":\"ListItem\",\"position\":2,\"name\":\"Bautizo\"}]},{\"@type\":\"WebSite\",\"@id\":\"https:\/\/www.victorarandagarcia.es\/#website\",\"url\":\"https:\/\/www.victorarandagarcia.es\/\",\"name\":\"arte y estudio\",\"description\":\"Fot\u00f3grafo\",\"publisher\":{\"@id\":\"https:\/\/www.victorarandagarcia.es\/#organization\"},\"potentialAction\":[{\"@type\":\"SearchAction\",\"target\":{\"@type\":\"EntryPoint\",\"urlTemplate\":\"https:\/\/www.victorarandagarcia.es\/?s={search_term_string}\"},\"query-input\":\"required name=search_term_string\"}],\"inLanguage\":\"es\"},{\"@type\":\"Organization\",\"@id\":\"https:\/\/www.victorarandagarcia.es\/#organization\",\"name\":\"arte y estudio\",\"url\":\"https:\/\/www.victorarandagarcia.es\/\",\"logo\":{\"@type\":\"ImageObject\",\"inLanguage\":\"es\",\"@id\":\"https:\/\/www.victorarandagarcia.es\/#\/schema\/logo\/image\/\",\"url\":\"https:\/\/www.victorarandagarcia.es\/wp-content\/uploads\/2019\/03\/logo-fotografo.png\",\"contentUrl\":\"https:\/\/www.victorarandagarcia.es\/wp-content\/uploads\/2019\/03\/logo-fotografo.png\",\"width\":150,\"height\":150,\"caption\":\"arte y estudio\"},\"image\":{\"@id\":\"https:\/\/www.victorarandagarcia.es\/#\/schema\/logo\/image\/\"}},{\"@type\":\"Person\",\"@id\":\"https:\/\/www.victorarandagarcia.es\/#\/schema\/person\/bfa9c61a3776d517deeee5f9386ef302\",\"name\":\"victorarandagarcia\",\"image\":{\"@type\":\"ImageObject\",\"inLanguage\":\"es\",\"@id\":\"https:\/\/www.victorarandagarcia.es\/#\/schema\/person\/image\/\",\"url\":\"https:\/\/secure.gravatar.com\/avatar\/957a01ac23a6393e755ae8225c35dbdb?s=96&d=mm&r=g\",\"contentUrl\":\"https:\/\/secure.gravatar.com\/avatar\/957a01ac23a6393e755ae8225c35dbdb?s=96&d=mm&r=g\",\"caption\":\"victorarandagarcia\"}}]}<\/script>\n<!-- \/ Yoast SEO plugin. -->","yoast_head_json":{"title":"Bautizo - arte y estudio","description":"En Espa\u00f1a es tradici\u00f3n que los reci\u00e9n nacidos pasen por el rito del bautismo. Si necesitas fotos de un d\u00eda tan memorable consulta sin compromiso","robots":{"index":"index","follow":"follow","max-snippet":"max-snippet:-1","max-image-preview":"max-image-preview:large","max-video-preview":"max-video-preview:-1"},"canonical":"https:\/\/www.victorarandagarcia.es\/index.php\/estudio\/bodas-y-eventos\/bautizo\/","og_locale":"es_ES","og_type":"article","og_title":"Bautizo - arte y estudio","og_description":"En Espa\u00f1a es tradici\u00f3n que los reci\u00e9n nacidos pasen por el rito del bautismo. Si necesitas fotos de un d\u00eda tan memorable consulta sin compromiso","og_url":"https:\/\/www.victorarandagarcia.es\/index.php\/estudio\/bodas-y-eventos\/bautizo\/","og_site_name":"arte y estudio","article_published_time":"2019-05-27T15:37:50+00:00","article_modified_time":"2020-01-12T19:10:10+00:00","og_image":[{"width":438,"height":650,"url":"https:\/\/www.victorarandagarcia.es\/wp-content\/uploads\/bautizo-fotos-2.jpg","type":"image\/jpeg"}],"author":"victorarandagarcia","twitter_card":"summary_large_image","twitter_misc":{"Escrito por":"victorarandagarcia"},"schema":{"@context":"https:\/\/schema.org","@graph":[{"@type":"Article","@id":"https:\/\/www.victorarandagarcia.es\/index.php\/estudio\/bodas-y-eventos\/bautizo\/#article","isPartOf":{"@id":"https:\/\/www.victorarandagarcia.es\/index.php\/estudio\/bodas-y-eventos\/bautizo\/"},"author":{"name":"victorarandagarcia","@id":"https:\/\/www.victorarandagarcia.es\/#\/schema\/person\/bfa9c61a3776d517deeee5f9386ef302"},"headline":"Bautizo","datePublished":"2019-05-27T15:37:50+00:00","dateModified":"2020-01-12T19:10:10+00:00","mainEntityOfPage":{"@id":"https:\/\/www.victorarandagarcia.es\/index.php\/estudio\/bodas-y-eventos\/bautizo\/"},"wordCount":83,"publisher":{"@id":"https:\/\/www.victorarandagarcia.es\/#organization"},"image":{"@id":"https:\/\/www.victorarandagarcia.es\/index.php\/estudio\/bodas-y-eventos\/bautizo\/#primaryimage"},"thumbnailUrl":"https:\/\/www.victorarandagarcia.es\/wp-content\/uploads\/bautizo-fotos-2.jpg","keywords":["Bautizo"],"articleSection":["BODAS Y EVENTOS"],"inLanguage":"es"},{"@type":"WebPage","@id":"https:\/\/www.victorarandagarcia.es\/index.php\/estudio\/bodas-y-eventos\/bautizo\/","url":"https:\/\/www.victorarandagarcia.es\/index.php\/estudio\/bodas-y-eventos\/bautizo\/","name":"Bautizo - arte y estudio","isPartOf":{"@id":"https:\/\/www.victorarandagarcia.es\/#website"},"primaryImageOfPage":{"@id":"https:\/\/www.victorarandagarcia.es\/index.php\/estudio\/bodas-y-eventos\/bautizo\/#primaryimage"},"image":{"@id":"https:\/\/www.victorarandagarcia.es\/index.php\/estudio\/bodas-y-eventos\/bautizo\/#primaryimage"},"thumbnailUrl":"https:\/\/www.victorarandagarcia.es\/wp-content\/uploads\/bautizo-fotos-2.jpg","datePublished":"2019-05-27T15:37:50+00:00","dateModified":"2020-01-12T19:10:10+00:00","description":"En Espa\u00f1a es tradici\u00f3n que los reci\u00e9n nacidos pasen por el rito del bautismo. Si necesitas fotos de un d\u00eda tan memorable consulta sin compromiso","breadcrumb":{"@id":"https:\/\/www.victorarandagarcia.es\/index.php\/estudio\/bodas-y-eventos\/bautizo\/#breadcrumb"},"inLanguage":"es","potentialAction":[{"@type":"ReadAction","target":["https:\/\/www.victorarandagarcia.es\/index.php\/estudio\/bodas-y-eventos\/bautizo\/"]}]},{"@type":"ImageObject","inLanguage":"es","@id":"https:\/\/www.victorarandagarcia.es\/index.php\/estudio\/bodas-y-eventos\/bautizo\/#primaryimage","url":"https:\/\/www.victorarandagarcia.es\/wp-content\/uploads\/bautizo-fotos-2.jpg","contentUrl":"https:\/\/www.victorarandagarcia.es\/wp-content\/uploads\/bautizo-fotos-2.jpg","width":438,"height":650},{"@type":"BreadcrumbList","@id":"https:\/\/www.victorarandagarcia.es\/index.php\/estudio\/bodas-y-eventos\/bautizo\/#breadcrumb","itemListElement":[{"@type":"ListItem","position":1,"name":"Portada","item":"https:\/\/www.victorarandagarcia.es\/"},{"@type":"ListItem","position":2,"name":"Bautizo"}]},{"@type":"WebSite","@id":"https:\/\/www.victorarandagarcia.es\/#website","url":"https:\/\/www.victorarandagarcia.es\/","name":"arte y estudio","description":"Fot\u00f3grafo","publisher":{"@id":"https:\/\/www.victorarandagarcia.es\/#organization"},"potentialAction":[{"@type":"SearchAction","target":{"@type":"EntryPoint","urlTemplate":"https:\/\/www.victorarandagarcia.es\/?s={search_term_string}"},"query-input":"required name=search_term_string"}],"inLanguage":"es"},{"@type":"Organization","@id":"https:\/\/www.victorarandagarcia.es\/#organization","name":"arte y estudio","url":"https:\/\/www.victorarandagarcia.es\/","logo":{"@type":"ImageObject","inLanguage":"es","@id":"https:\/\/www.victorarandagarcia.es\/#\/schema\/logo\/image\/","url":"https:\/\/www.victorarandagarcia.es\/wp-content\/uploads\/2019\/03\/logo-fotografo.png","contentUrl":"https:\/\/www.victorarandagarcia.es\/wp-content\/uploads\/2019\/03\/logo-fotografo.png","width":150,"height":150,"caption":"arte y estudio"},"image":{"@id":"https:\/\/www.victorarandagarcia.es\/#\/schema\/logo\/image\/"}},{"@type":"Person","@id":"https:\/\/www.victorarandagarcia.es\/#\/schema\/person\/bfa9c61a3776d517deeee5f9386ef302","name":"victorarandagarcia","image":{"@type":"ImageObject","inLanguage":"es","@id":"https:\/\/www.victorarandagarcia.es\/#\/schema\/person\/image\/","url":"https:\/\/secure.gravatar.com\/avatar\/957a01ac23a6393e755ae8225c35dbdb?s=96&d=mm&r=g","contentUrl":"https:\/\/secure.gravatar.com\/avatar\/957a01ac23a6393e755ae8225c35dbdb?s=96&d=mm&r=g","caption":"victorarandagarcia"}}]}},"jetpack_featured_media_url":"https:\/\/www.victorarandagarcia.es\/wp-content\/uploads\/bautizo-fotos-2.jpg","jetpack_sharing_enabled":true,"_links":{"self":[{"href":"https:\/\/www.victorarandagarcia.es\/index.php\/wp-json\/wp\/v2\/posts\/1893"}],"collection":[{"href":"https:\/\/www.victorarandagarcia.es\/index.php\/wp-json\/wp\/v2\/posts"}],"about":[{"href":"https:\/\/www.victorarandagarcia.es\/index.php\/wp-json\/wp\/v2\/types\/post"}],"author":[{"embeddable":true,"href":"https:\/\/www.victorarandagarcia.es\/index.php\/wp-json\/wp\/v2\/users\/1"}],"replies":[{"embeddable":true,"href":"https:\/\/www.victorarandagarcia.es\/index.php\/wp-json\/wp\/v2\/comments?post=1893"}],"version-history":[{"count":3,"href":"https:\/\/www.victorarandagarcia.es\/index.php\/wp-json\/wp\/v2\/posts\/1893\/revisions"}],"predecessor-version":[{"id":2569,"href":"https:\/\/www.victorarandagarcia.es\/index.php\/wp-json\/wp\/v2\/posts\/1893\/revisions\/2569"}],"wp:featuredmedia":[{"embeddable":true,"href":"https:\/\/www.victorarandagarcia.es\/index.php\/wp-json\/wp\/v2\/media\/1896"}],"wp:attachment":[{"href":"https:\/\/www.victorarandagarcia.es\/index.php\/wp-json\/wp\/v2\/media?parent=1893"}],"wp:term":[{"taxonomy":"category","embeddable":true,"href":"https:\/\/www.victorarandagarcia.es\/index.php\/wp-json\/wp\/v2\/categories?post=1893"},{"taxonomy":"post_tag","embeddable":true,"href":"https:\/\/www.victorarandagarcia.es\/index.php\/wp-json\/wp\/v2\/tags?post=1893"}],"curies":[{"name":"wp","href":"https:\/\/api.w.org\/{rel}","templated":true}]}}