{"id":1873,"date":"2019-05-27T17:00:21","date_gmt":"2019-05-27T15:00:21","guid":{"rendered":"https:\/\/www.victorarandagarcia.es\/?p=1873"},"modified":"2022-03-25T09:17:28","modified_gmt":"2022-03-25T08:17:28","slug":"album-y-recordatorio-de-primera-comunion","status":"publish","type":"post","link":"https:\/\/www.victorarandagarcia.es\/index.php\/estudio\/bodas-y-eventos\/album-y-recordatorio-de-primera-comunion\/","title":{"rendered":"\u00c1lbum y recordatorio de Primera Comuni\u00f3n"},"content":{"rendered":"\n<p>Sabemos que cada persona es distinta, como tambi\u00e9n lo es cada retrato de comuni\u00f3n que hacemos, por eso ofrecemos un tratamiento de los \u00e1lbumes y recordatorios totalmente personalizado: anal\u00f3gico, digital, con foto en la tapa o no, \u00bfc\u00f3mo lo prefieres? \u00a1Pide tu presupuesto sin compromiso! M\u00e1s foto e info sobre los reportajes de Primera Comuni\u00f3n que hacemos <a href=\"https:\/\/www.victorarandagarcia.es\/index.php\/estudio\/bodas-y-eventos\/reportaje-primera-comunion\/\">en este enlace<\/a>.<\/p>\n\n\n\n<figure class=\"wp-block-gallery has-nested-images columns-2 is-cropped wp-block-gallery-1 is-layout-flex wp-block-gallery-is-layout-flex\">\n<figure class=\"wp-block-image\"><img data-attachment-id=\"1876\" data-permalink=\"https:\/\/www.victorarandagarcia.es\/index.php\/estudio\/bodas-y-eventos\/album-y-recordatorio-de-primera-comunion\/attachment\/album-comunion-1\/\" data-orig-file=\"https:\/\/www.victorarandagarcia.es\/wp-content\/uploads\/album-comunion-1.jpg\" data-orig-size=\"850,587\" data-comments-opened=\"0\" data-image-meta=\"{&quot;aperture&quot;:&quot;0&quot;,&quot;credit&quot;:&quot;Victor Aranda Garcia&quot;,&quot;camera&quot;:&quot;&quot;,&quot;caption&quot;:&quot;&quot;,&quot;created_timestamp&quot;:&quot;0&quot;,&quot;copyright&quot;:&quot;&quot;,&quot;focal_length&quot;:&quot;0&quot;,&quot;iso&quot;:&quot;0&quot;,&quot;shutter_speed&quot;:&quot;0&quot;,&quot;title&quot;:&quot;&quot;,&quot;orientation&quot;:&quot;0&quot;}\" data-image-title=\"album-comunion-1\" data-image-description=\"&lt;p&gt;\u00c1lbum de Primera Comuni\u00f3n&lt;\/p&gt;\n\" data-image-caption=\"\" data-medium-file=\"https:\/\/www.victorarandagarcia.es\/wp-content\/uploads\/album-comunion-1-300x207.jpg\" data-large-file=\"https:\/\/www.victorarandagarcia.es\/wp-content\/uploads\/album-comunion-1.jpg\" decoding=\"async\" loading=\"lazy\" width=\"850\" height=\"587\" data-id=\"1876\" src=\"https:\/\/www.victorarandagarcia.es\/wp-content\/uploads\/album-comunion-1.jpg\" alt=\"\" class=\"wp-image-1876\" srcset=\"https:\/\/www.victorarandagarcia.es\/wp-content\/uploads\/album-comunion-1.jpg 850w, https:\/\/www.victorarandagarcia.es\/wp-content\/uploads\/album-comunion-1-300x207.jpg 300w, https:\/\/www.victorarandagarcia.es\/wp-content\/uploads\/album-comunion-1-768x530.jpg 768w\" sizes=\"(max-width: 850px) 100vw, 850px\" \/><\/figure>\n\n\n\n<figure class=\"wp-block-image\"><img data-attachment-id=\"1878\" data-permalink=\"https:\/\/www.victorarandagarcia.es\/index.php\/estudio\/bodas-y-eventos\/album-y-recordatorio-de-primera-comunion\/attachment\/album-comunion-4\/\" data-orig-file=\"https:\/\/www.victorarandagarcia.es\/wp-content\/uploads\/album-comunion-4.jpg\" data-orig-size=\"850,587\" data-comments-opened=\"0\" data-image-meta=\"{&quot;aperture&quot;:&quot;0&quot;,&quot;credit&quot;:&quot;&quot;,&quot;camera&quot;:&quot;&quot;,&quot;caption&quot;:&quot;&quot;,&quot;created_timestamp&quot;:&quot;0&quot;,&quot;copyright&quot;:&quot;&quot;,&quot;focal_length&quot;:&quot;0&quot;,&quot;iso&quot;:&quot;0&quot;,&quot;shutter_speed&quot;:&quot;0&quot;,&quot;title&quot;:&quot;&quot;,&quot;orientation&quot;:&quot;0&quot;}\" data-image-title=\"album-comunion-4\" data-image-description=\"&lt;p&gt;\u00c1lbum de Primera Comuni\u00f3n&lt;\/p&gt;\n\" data-image-caption=\"\" data-medium-file=\"https:\/\/www.victorarandagarcia.es\/wp-content\/uploads\/album-comunion-4-300x207.jpg\" data-large-file=\"https:\/\/www.victorarandagarcia.es\/wp-content\/uploads\/album-comunion-4.jpg\" decoding=\"async\" loading=\"lazy\" width=\"850\" height=\"587\" data-id=\"1878\" src=\"https:\/\/www.victorarandagarcia.es\/wp-content\/uploads\/album-comunion-4.jpg\" alt=\"\" class=\"wp-image-1878\" srcset=\"https:\/\/www.victorarandagarcia.es\/wp-content\/uploads\/album-comunion-4.jpg 850w, https:\/\/www.victorarandagarcia.es\/wp-content\/uploads\/album-comunion-4-300x207.jpg 300w, https:\/\/www.victorarandagarcia.es\/wp-content\/uploads\/album-comunion-4-768x530.jpg 768w\" sizes=\"(max-width: 850px) 100vw, 850px\" \/><\/figure>\n\n\n\n<figure class=\"wp-block-image\"><img data-attachment-id=\"1879\" data-permalink=\"https:\/\/www.victorarandagarcia.es\/index.php\/estudio\/bodas-y-eventos\/album-y-recordatorio-de-primera-comunion\/attachment\/album-comunion-3\/\" data-orig-file=\"https:\/\/www.victorarandagarcia.es\/wp-content\/uploads\/album-comunion-3.jpg\" data-orig-size=\"850,531\" data-comments-opened=\"0\" data-image-meta=\"{&quot;aperture&quot;:&quot;0&quot;,&quot;credit&quot;:&quot;Victor Aranda Garcia&quot;,&quot;camera&quot;:&quot;&quot;,&quot;caption&quot;:&quot;&quot;,&quot;created_timestamp&quot;:&quot;0&quot;,&quot;copyright&quot;:&quot;&quot;,&quot;focal_length&quot;:&quot;0&quot;,&quot;iso&quot;:&quot;0&quot;,&quot;shutter_speed&quot;:&quot;0&quot;,&quot;title&quot;:&quot;&quot;,&quot;orientation&quot;:&quot;0&quot;}\" data-image-title=\"album-comunion-3\" data-image-description=\"&lt;p&gt;\u00c1lbum de Primera Comuni\u00f3n&lt;\/p&gt;\n\" data-image-caption=\"\" data-medium-file=\"https:\/\/www.victorarandagarcia.es\/wp-content\/uploads\/album-comunion-3-300x187.jpg\" data-large-file=\"https:\/\/www.victorarandagarcia.es\/wp-content\/uploads\/album-comunion-3.jpg\" decoding=\"async\" loading=\"lazy\" width=\"850\" height=\"531\" data-id=\"1879\" src=\"https:\/\/www.victorarandagarcia.es\/wp-content\/uploads\/album-comunion-3.jpg\" alt=\"\" class=\"wp-image-1879\" srcset=\"https:\/\/www.victorarandagarcia.es\/wp-content\/uploads\/album-comunion-3.jpg 850w, https:\/\/www.victorarandagarcia.es\/wp-content\/uploads\/album-comunion-3-300x187.jpg 300w, https:\/\/www.victorarandagarcia.es\/wp-content\/uploads\/album-comunion-3-768x480.jpg 768w\" sizes=\"(max-width: 850px) 100vw, 850px\" \/><\/figure>\n\n\n\n<figure class=\"wp-block-image\"><img data-attachment-id=\"1880\" data-permalink=\"https:\/\/www.victorarandagarcia.es\/index.php\/estudio\/bodas-y-eventos\/album-y-recordatorio-de-primera-comunion\/attachment\/album-comunion-2-1\/\" data-orig-file=\"https:\/\/www.victorarandagarcia.es\/wp-content\/uploads\/album-comunion-2-1.jpg\" data-orig-size=\"850,587\" data-comments-opened=\"0\" data-image-meta=\"{&quot;aperture&quot;:&quot;0&quot;,&quot;credit&quot;:&quot;&quot;,&quot;camera&quot;:&quot;&quot;,&quot;caption&quot;:&quot;&quot;,&quot;created_timestamp&quot;:&quot;0&quot;,&quot;copyright&quot;:&quot;&quot;,&quot;focal_length&quot;:&quot;0&quot;,&quot;iso&quot;:&quot;0&quot;,&quot;shutter_speed&quot;:&quot;0&quot;,&quot;title&quot;:&quot;&quot;,&quot;orientation&quot;:&quot;0&quot;}\" data-image-title=\"album-comunion-2-1\" data-image-description=\"&lt;p&gt;\u00c1lbum de Primera Comuni\u00f3n&lt;\/p&gt;\n\" data-image-caption=\"\" data-medium-file=\"https:\/\/www.victorarandagarcia.es\/wp-content\/uploads\/album-comunion-2-1-300x207.jpg\" data-large-file=\"https:\/\/www.victorarandagarcia.es\/wp-content\/uploads\/album-comunion-2-1.jpg\" decoding=\"async\" loading=\"lazy\" width=\"850\" height=\"587\" data-id=\"1880\" src=\"https:\/\/www.victorarandagarcia.es\/wp-content\/uploads\/album-comunion-2-1.jpg\" alt=\"\" class=\"wp-image-1880\" srcset=\"https:\/\/www.victorarandagarcia.es\/wp-content\/uploads\/album-comunion-2-1.jpg 850w, https:\/\/www.victorarandagarcia.es\/wp-content\/uploads\/album-comunion-2-1-300x207.jpg 300w, https:\/\/www.victorarandagarcia.es\/wp-content\/uploads\/album-comunion-2-1-768x530.jpg 768w\" sizes=\"(max-width: 850px) 100vw, 850px\" \/><\/figure>\n\n\n\n<figure class=\"wp-block-image\"><img data-attachment-id=\"1881\" data-permalink=\"https:\/\/www.victorarandagarcia.es\/index.php\/estudio\/bodas-y-eventos\/album-y-recordatorio-de-primera-comunion\/attachment\/recordatorio-comunion-6-1\/\" data-orig-file=\"https:\/\/www.victorarandagarcia.es\/wp-content\/uploads\/recordatorio-comunion-6-1.jpg\" data-orig-size=\"850,612\" data-comments-opened=\"0\" data-image-meta=\"{&quot;aperture&quot;:&quot;0&quot;,&quot;credit&quot;:&quot;Victor Aranda Garcia&quot;,&quot;camera&quot;:&quot;&quot;,&quot;caption&quot;:&quot;&quot;,&quot;created_timestamp&quot;:&quot;0&quot;,&quot;copyright&quot;:&quot;&quot;,&quot;focal_length&quot;:&quot;0&quot;,&quot;iso&quot;:&quot;0&quot;,&quot;shutter_speed&quot;:&quot;0&quot;,&quot;title&quot;:&quot;&quot;,&quot;orientation&quot;:&quot;0&quot;}\" data-image-title=\"recordatorio-comunion-6-1\" data-image-description=\"&lt;p&gt;Recordatorio&lt;\/p&gt;\n\" data-image-caption=\"\" data-medium-file=\"https:\/\/www.victorarandagarcia.es\/wp-content\/uploads\/recordatorio-comunion-6-1-300x216.jpg\" data-large-file=\"https:\/\/www.victorarandagarcia.es\/wp-content\/uploads\/recordatorio-comunion-6-1.jpg\" decoding=\"async\" loading=\"lazy\" width=\"850\" height=\"612\" data-id=\"1881\" src=\"https:\/\/www.victorarandagarcia.es\/wp-content\/uploads\/recordatorio-comunion-6-1.jpg\" alt=\"\" class=\"wp-image-1881\" srcset=\"https:\/\/www.victorarandagarcia.es\/wp-content\/uploads\/recordatorio-comunion-6-1.jpg 850w, https:\/\/www.victorarandagarcia.es\/wp-content\/uploads\/recordatorio-comunion-6-1-300x216.jpg 300w, https:\/\/www.victorarandagarcia.es\/wp-content\/uploads\/recordatorio-comunion-6-1-768x553.jpg 768w\" sizes=\"(max-width: 850px) 100vw, 850px\" \/><\/figure>\n\n\n\n<figure class=\"wp-block-image\"><img data-attachment-id=\"3319\" data-permalink=\"https:\/\/www.victorarandagarcia.es\/index.php\/estudio\/bodas-y-eventos\/album-y-recordatorio-de-primera-comunion\/attachment\/album-comunion-7\/\" data-orig-file=\"https:\/\/www.victorarandagarcia.es\/wp-content\/uploads\/album-comunion-7.jpg\" data-orig-size=\"720,497\" data-comments-opened=\"0\" data-image-meta=\"{&quot;aperture&quot;:&quot;5&quot;,&quot;credit&quot;:&quot;&quot;,&quot;camera&quot;:&quot;Canon EOS 50D&quot;,&quot;caption&quot;:&quot;&quot;,&quot;created_timestamp&quot;:&quot;1279379842&quot;,&quot;copyright&quot;:&quot;&quot;,&quot;focal_length&quot;:&quot;40&quot;,&quot;iso&quot;:&quot;200&quot;,&quot;shutter_speed&quot;:&quot;0.01&quot;,&quot;title&quot;:&quot;&quot;,&quot;orientation&quot;:&quot;1&quot;}\" data-image-title=\"album-comunion-7\" data-image-description=\"\" data-image-caption=\"\" data-medium-file=\"https:\/\/www.victorarandagarcia.es\/wp-content\/uploads\/album-comunion-7-300x207.jpg\" data-large-file=\"https:\/\/www.victorarandagarcia.es\/wp-content\/uploads\/album-comunion-7.jpg\" decoding=\"async\" loading=\"lazy\" width=\"720\" height=\"497\" data-id=\"3319\" src=\"https:\/\/www.victorarandagarcia.es\/wp-content\/uploads\/album-comunion-7.jpg\" alt=\"\" class=\"wp-image-3319\" srcset=\"https:\/\/www.victorarandagarcia.es\/wp-content\/uploads\/album-comunion-7.jpg 720w, https:\/\/www.victorarandagarcia.es\/wp-content\/uploads\/album-comunion-7-300x207.jpg 300w\" sizes=\"(max-width: 720px) 100vw, 720px\" \/><\/figure>\n\n\n\n<figure class=\"wp-block-image\"><img data-attachment-id=\"3318\" data-permalink=\"https:\/\/www.victorarandagarcia.es\/index.php\/estudio\/bodas-y-eventos\/album-y-recordatorio-de-primera-comunion\/attachment\/album-comunion-8\/\" data-orig-file=\"https:\/\/www.victorarandagarcia.es\/wp-content\/uploads\/album-comunion-8.jpg\" data-orig-size=\"720,497\" data-comments-opened=\"0\" data-image-meta=\"{&quot;aperture&quot;:&quot;5&quot;,&quot;credit&quot;:&quot;&quot;,&quot;camera&quot;:&quot;Canon EOS 50D&quot;,&quot;caption&quot;:&quot;&quot;,&quot;created_timestamp&quot;:&quot;1279379842&quot;,&quot;copyright&quot;:&quot;&quot;,&quot;focal_length&quot;:&quot;40&quot;,&quot;iso&quot;:&quot;200&quot;,&quot;shutter_speed&quot;:&quot;0.01&quot;,&quot;title&quot;:&quot;&quot;,&quot;orientation&quot;:&quot;1&quot;}\" data-image-title=\"album-comunion-8\" data-image-description=\"\" data-image-caption=\"\" data-medium-file=\"https:\/\/www.victorarandagarcia.es\/wp-content\/uploads\/album-comunion-8-300x207.jpg\" data-large-file=\"https:\/\/www.victorarandagarcia.es\/wp-content\/uploads\/album-comunion-8.jpg\" decoding=\"async\" loading=\"lazy\" width=\"720\" height=\"497\" data-id=\"3318\" src=\"https:\/\/www.victorarandagarcia.es\/wp-content\/uploads\/album-comunion-8.jpg\" alt=\"\" class=\"wp-image-3318\" srcset=\"https:\/\/www.victorarandagarcia.es\/wp-content\/uploads\/album-comunion-8.jpg 720w, https:\/\/www.victorarandagarcia.es\/wp-content\/uploads\/album-comunion-8-300x207.jpg 300w\" sizes=\"(max-width: 720px) 100vw, 720px\" \/><\/figure>\n<\/figure>\n\n\n\n<p><\/p>\n\n\n\n<p>Entradas relacionadas: <br><strong><a href=\"https:\/\/www.victorarandagarcia.es\/index.php\/estudio\/bodas-y-eventos\/reportaje-primera-comunion\/\">REPORTAJE DE COMUNI\u00d3N<\/a><\/strong>   \/   <a href=\"https:\/\/www.victorarandagarcia.es\/index.php\/estudio\/bodas-y-eventos\/sesion-de-fotos-de-comunion\/\" rel=\"nofollow\"><strong>SESI\u00d3N DE FOTOS DE COMUNI\u00d3N<\/strong><\/a><\/p>\n\n\n\n<p><\/p>\n","protected":false},"excerpt":{"rendered":"<p>Sabemos que cada persona es distinta, como tambi\u00e9n lo es cada retrato de comuni\u00f3n que hacemos, por eso ofrecemos un tratamiento de los \u00e1lbumes y recordatorios totalmente personalizado &hellip; <a href=\"https:\/\/www.victorarandagarcia.es\/index.php\/estudio\/bodas-y-eventos\/album-y-recordatorio-de-primera-comunion\/\" class=\"more-link\"><span>Continuar<span class=\"screen-reader-text\">\u00c1lbum y recordatorio de Primera Comuni\u00f3n<\/span><\/span><\/a><\/p>\n","protected":false},"author":1,"featured_media":1878,"comment_status":"closed","ping_status":"open","sticky":false,"template":"","format":"standard","meta":{"jetpack_post_was_ever_published":false,"_jetpack_newsletter_access":"","_jetpack_dont_email_post_to_subs":false,"_jetpack_newsletter_tier_id":0,"_jetpack_memberships_contains_paywalled_content":false,"footnotes":"","_jetpack_memberships_contains_paid_content":false},"categories":[61],"tags":[58,64],"yoast_head":"<!-- This site is optimized with the Yoast SEO plugin v22.6 - https:\/\/yoast.com\/wordpress\/plugins\/seo\/ -->\n<title>\u00c1lbum y recordatorio de Primera Comuni\u00f3n - arte y estudio<\/title>\n<meta name=\"description\" content=\"Cada retrato de Primera Comuni\u00f3n que hacemos es distinto, por eso ofrecemos un tratamiento de los \u00e1lbumes y recordatorios totalmente personalizado\" \/>\n<meta name=\"robots\" content=\"index, follow, max-snippet:-1, max-image-preview:large, max-video-preview:-1\" \/>\n<link rel=\"canonical\" href=\"https:\/\/www.victorarandagarcia.es\/index.php\/estudio\/bodas-y-eventos\/album-y-recordatorio-de-primera-comunion\/\" \/>\n<meta property=\"og:locale\" content=\"es_ES\" \/>\n<meta property=\"og:type\" content=\"article\" \/>\n<meta property=\"og:title\" content=\"\u00c1lbum y recordatorio de Primera Comuni\u00f3n - arte y estudio\" \/>\n<meta property=\"og:description\" content=\"Cada retrato de Primera Comuni\u00f3n que hacemos es distinto, por eso ofrecemos un tratamiento de los \u00e1lbumes y recordatorios totalmente personalizado\" \/>\n<meta property=\"og:url\" content=\"https:\/\/www.victorarandagarcia.es\/index.php\/estudio\/bodas-y-eventos\/album-y-recordatorio-de-primera-comunion\/\" \/>\n<meta property=\"og:site_name\" content=\"arte y estudio\" \/>\n<meta property=\"article:published_time\" content=\"2019-05-27T15:00:21+00:00\" \/>\n<meta property=\"article:modified_time\" content=\"2022-03-25T08:17:28+00:00\" \/>\n<meta property=\"og:image\" content=\"https:\/\/www.victorarandagarcia.es\/wp-content\/uploads\/album-comunion-4.jpg\" \/>\n\t<meta property=\"og:image:width\" content=\"850\" \/>\n\t<meta property=\"og:image:height\" content=\"587\" \/>\n\t<meta property=\"og:image:type\" content=\"image\/jpeg\" \/>\n<meta name=\"author\" content=\"victorarandagarcia\" \/>\n<meta name=\"twitter:card\" content=\"summary_large_image\" \/>\n<meta name=\"twitter:label1\" content=\"Escrito por\" \/>\n\t<meta name=\"twitter:data1\" content=\"victorarandagarcia\" \/>\n\t<meta name=\"twitter:label2\" content=\"Tiempo de lectura\" \/>\n\t<meta name=\"twitter:data2\" content=\"2 minutos\" \/>\n<script type=\"application\/ld+json\" class=\"yoast-schema-graph\">{\"@context\":\"https:\/\/schema.org\",\"@graph\":[{\"@type\":\"Article\",\"@id\":\"https:\/\/www.victorarandagarcia.es\/index.php\/estudio\/bodas-y-eventos\/album-y-recordatorio-de-primera-comunion\/#article\",\"isPartOf\":{\"@id\":\"https:\/\/www.victorarandagarcia.es\/index.php\/estudio\/bodas-y-eventos\/album-y-recordatorio-de-primera-comunion\/\"},\"author\":{\"name\":\"victorarandagarcia\",\"@id\":\"https:\/\/www.victorarandagarcia.es\/#\/schema\/person\/bfa9c61a3776d517deeee5f9386ef302\"},\"headline\":\"\u00c1lbum y recordatorio de Primera Comuni\u00f3n\",\"datePublished\":\"2019-05-27T15:00:21+00:00\",\"dateModified\":\"2022-03-25T08:17:28+00:00\",\"mainEntityOfPage\":{\"@id\":\"https:\/\/www.victorarandagarcia.es\/index.php\/estudio\/bodas-y-eventos\/album-y-recordatorio-de-primera-comunion\/\"},\"wordCount\":86,\"publisher\":{\"@id\":\"https:\/\/www.victorarandagarcia.es\/#organization\"},\"image\":{\"@id\":\"https:\/\/www.victorarandagarcia.es\/index.php\/estudio\/bodas-y-eventos\/album-y-recordatorio-de-primera-comunion\/#primaryimage\"},\"thumbnailUrl\":\"https:\/\/www.victorarandagarcia.es\/wp-content\/uploads\/album-comunion-4.jpg\",\"keywords\":[\"\u00e1lbum\",\"Primera Comuni\u00f3n\"],\"articleSection\":[\"BODAS Y EVENTOS\"],\"inLanguage\":\"es\"},{\"@type\":\"WebPage\",\"@id\":\"https:\/\/www.victorarandagarcia.es\/index.php\/estudio\/bodas-y-eventos\/album-y-recordatorio-de-primera-comunion\/\",\"url\":\"https:\/\/www.victorarandagarcia.es\/index.php\/estudio\/bodas-y-eventos\/album-y-recordatorio-de-primera-comunion\/\",\"name\":\"\u00c1lbum y recordatorio de Primera Comuni\u00f3n - arte y estudio\",\"isPartOf\":{\"@id\":\"https:\/\/www.victorarandagarcia.es\/#website\"},\"primaryImageOfPage\":{\"@id\":\"https:\/\/www.victorarandagarcia.es\/index.php\/estudio\/bodas-y-eventos\/album-y-recordatorio-de-primera-comunion\/#primaryimage\"},\"image\":{\"@id\":\"https:\/\/www.victorarandagarcia.es\/index.php\/estudio\/bodas-y-eventos\/album-y-recordatorio-de-primera-comunion\/#primaryimage\"},\"thumbnailUrl\":\"https:\/\/www.victorarandagarcia.es\/wp-content\/uploads\/album-comunion-4.jpg\",\"datePublished\":\"2019-05-27T15:00:21+00:00\",\"dateModified\":\"2022-03-25T08:17:28+00:00\",\"description\":\"Cada retrato de Primera Comuni\u00f3n que hacemos es distinto, por eso ofrecemos un tratamiento de los \u00e1lbumes y recordatorios totalmente personalizado\",\"breadcrumb\":{\"@id\":\"https:\/\/www.victorarandagarcia.es\/index.php\/estudio\/bodas-y-eventos\/album-y-recordatorio-de-primera-comunion\/#breadcrumb\"},\"inLanguage\":\"es\",\"potentialAction\":[{\"@type\":\"ReadAction\",\"target\":[\"https:\/\/www.victorarandagarcia.es\/index.php\/estudio\/bodas-y-eventos\/album-y-recordatorio-de-primera-comunion\/\"]}]},{\"@type\":\"ImageObject\",\"inLanguage\":\"es\",\"@id\":\"https:\/\/www.victorarandagarcia.es\/index.php\/estudio\/bodas-y-eventos\/album-y-recordatorio-de-primera-comunion\/#primaryimage\",\"url\":\"https:\/\/www.victorarandagarcia.es\/wp-content\/uploads\/album-comunion-4.jpg\",\"contentUrl\":\"https:\/\/www.victorarandagarcia.es\/wp-content\/uploads\/album-comunion-4.jpg\",\"width\":850,\"height\":587},{\"@type\":\"BreadcrumbList\",\"@id\":\"https:\/\/www.victorarandagarcia.es\/index.php\/estudio\/bodas-y-eventos\/album-y-recordatorio-de-primera-comunion\/#breadcrumb\",\"itemListElement\":[{\"@type\":\"ListItem\",\"position\":1,\"name\":\"Portada\",\"item\":\"https:\/\/www.victorarandagarcia.es\/\"},{\"@type\":\"ListItem\",\"position\":2,\"name\":\"\u00c1lbum y recordatorio de Primera Comuni\u00f3n\"}]},{\"@type\":\"WebSite\",\"@id\":\"https:\/\/www.victorarandagarcia.es\/#website\",\"url\":\"https:\/\/www.victorarandagarcia.es\/\",\"name\":\"arte y estudio\",\"description\":\"Fot\u00f3grafo\",\"publisher\":{\"@id\":\"https:\/\/www.victorarandagarcia.es\/#organization\"},\"potentialAction\":[{\"@type\":\"SearchAction\",\"target\":{\"@type\":\"EntryPoint\",\"urlTemplate\":\"https:\/\/www.victorarandagarcia.es\/?s={search_term_string}\"},\"query-input\":\"required name=search_term_string\"}],\"inLanguage\":\"es\"},{\"@type\":\"Organization\",\"@id\":\"https:\/\/www.victorarandagarcia.es\/#organization\",\"name\":\"arte y estudio\",\"url\":\"https:\/\/www.victorarandagarcia.es\/\",\"logo\":{\"@type\":\"ImageObject\",\"inLanguage\":\"es\",\"@id\":\"https:\/\/www.victorarandagarcia.es\/#\/schema\/logo\/image\/\",\"url\":\"https:\/\/www.victorarandagarcia.es\/wp-content\/uploads\/2019\/03\/logo-fotografo.png\",\"contentUrl\":\"https:\/\/www.victorarandagarcia.es\/wp-content\/uploads\/2019\/03\/logo-fotografo.png\",\"width\":150,\"height\":150,\"caption\":\"arte y estudio\"},\"image\":{\"@id\":\"https:\/\/www.victorarandagarcia.es\/#\/schema\/logo\/image\/\"}},{\"@type\":\"Person\",\"@id\":\"https:\/\/www.victorarandagarcia.es\/#\/schema\/person\/bfa9c61a3776d517deeee5f9386ef302\",\"name\":\"victorarandagarcia\",\"image\":{\"@type\":\"ImageObject\",\"inLanguage\":\"es\",\"@id\":\"https:\/\/www.victorarandagarcia.es\/#\/schema\/person\/image\/\",\"url\":\"https:\/\/secure.gravatar.com\/avatar\/957a01ac23a6393e755ae8225c35dbdb?s=96&d=mm&r=g\",\"contentUrl\":\"https:\/\/secure.gravatar.com\/avatar\/957a01ac23a6393e755ae8225c35dbdb?s=96&d=mm&r=g\",\"caption\":\"victorarandagarcia\"}}]}<\/script>\n<!-- \/ Yoast SEO plugin. -->","yoast_head_json":{"title":"\u00c1lbum y recordatorio de Primera Comuni\u00f3n - arte y estudio","description":"Cada retrato de Primera Comuni\u00f3n que hacemos es distinto, por eso ofrecemos un tratamiento de los \u00e1lbumes y recordatorios totalmente personalizado","robots":{"index":"index","follow":"follow","max-snippet":"max-snippet:-1","max-image-preview":"max-image-preview:large","max-video-preview":"max-video-preview:-1"},"canonical":"https:\/\/www.victorarandagarcia.es\/index.php\/estudio\/bodas-y-eventos\/album-y-recordatorio-de-primera-comunion\/","og_locale":"es_ES","og_type":"article","og_title":"\u00c1lbum y recordatorio de Primera Comuni\u00f3n - arte y estudio","og_description":"Cada retrato de Primera Comuni\u00f3n que hacemos es distinto, por eso ofrecemos un tratamiento de los \u00e1lbumes y recordatorios totalmente personalizado","og_url":"https:\/\/www.victorarandagarcia.es\/index.php\/estudio\/bodas-y-eventos\/album-y-recordatorio-de-primera-comunion\/","og_site_name":"arte y estudio","article_published_time":"2019-05-27T15:00:21+00:00","article_modified_time":"2022-03-25T08:17:28+00:00","og_image":[{"width":850,"height":587,"url":"https:\/\/www.victorarandagarcia.es\/wp-content\/uploads\/album-comunion-4.jpg","type":"image\/jpeg"}],"author":"victorarandagarcia","twitter_card":"summary_large_image","twitter_misc":{"Escrito por":"victorarandagarcia","Tiempo de lectura":"2 minutos"},"schema":{"@context":"https:\/\/schema.org","@graph":[{"@type":"Article","@id":"https:\/\/www.victorarandagarcia.es\/index.php\/estudio\/bodas-y-eventos\/album-y-recordatorio-de-primera-comunion\/#article","isPartOf":{"@id":"https:\/\/www.victorarandagarcia.es\/index.php\/estudio\/bodas-y-eventos\/album-y-recordatorio-de-primera-comunion\/"},"author":{"name":"victorarandagarcia","@id":"https:\/\/www.victorarandagarcia.es\/#\/schema\/person\/bfa9c61a3776d517deeee5f9386ef302"},"headline":"\u00c1lbum y recordatorio de Primera Comuni\u00f3n","datePublished":"2019-05-27T15:00:21+00:00","dateModified":"2022-03-25T08:17:28+00:00","mainEntityOfPage":{"@id":"https:\/\/www.victorarandagarcia.es\/index.php\/estudio\/bodas-y-eventos\/album-y-recordatorio-de-primera-comunion\/"},"wordCount":86,"publisher":{"@id":"https:\/\/www.victorarandagarcia.es\/#organization"},"image":{"@id":"https:\/\/www.victorarandagarcia.es\/index.php\/estudio\/bodas-y-eventos\/album-y-recordatorio-de-primera-comunion\/#primaryimage"},"thumbnailUrl":"https:\/\/www.victorarandagarcia.es\/wp-content\/uploads\/album-comunion-4.jpg","keywords":["\u00e1lbum","Primera Comuni\u00f3n"],"articleSection":["BODAS Y EVENTOS"],"inLanguage":"es"},{"@type":"WebPage","@id":"https:\/\/www.victorarandagarcia.es\/index.php\/estudio\/bodas-y-eventos\/album-y-recordatorio-de-primera-comunion\/","url":"https:\/\/www.victorarandagarcia.es\/index.php\/estudio\/bodas-y-eventos\/album-y-recordatorio-de-primera-comunion\/","name":"\u00c1lbum y recordatorio de Primera Comuni\u00f3n - arte y estudio","isPartOf":{"@id":"https:\/\/www.victorarandagarcia.es\/#website"},"primaryImageOfPage":{"@id":"https:\/\/www.victorarandagarcia.es\/index.php\/estudio\/bodas-y-eventos\/album-y-recordatorio-de-primera-comunion\/#primaryimage"},"image":{"@id":"https:\/\/www.victorarandagarcia.es\/index.php\/estudio\/bodas-y-eventos\/album-y-recordatorio-de-primera-comunion\/#primaryimage"},"thumbnailUrl":"https:\/\/www.victorarandagarcia.es\/wp-content\/uploads\/album-comunion-4.jpg","datePublished":"2019-05-27T15:00:21+00:00","dateModified":"2022-03-25T08:17:28+00:00","description":"Cada retrato de Primera Comuni\u00f3n que hacemos es distinto, por eso ofrecemos un tratamiento de los \u00e1lbumes y recordatorios totalmente personalizado","breadcrumb":{"@id":"https:\/\/www.victorarandagarcia.es\/index.php\/estudio\/bodas-y-eventos\/album-y-recordatorio-de-primera-comunion\/#breadcrumb"},"inLanguage":"es","potentialAction":[{"@type":"ReadAction","target":["https:\/\/www.victorarandagarcia.es\/index.php\/estudio\/bodas-y-eventos\/album-y-recordatorio-de-primera-comunion\/"]}]},{"@type":"ImageObject","inLanguage":"es","@id":"https:\/\/www.victorarandagarcia.es\/index.php\/estudio\/bodas-y-eventos\/album-y-recordatorio-de-primera-comunion\/#primaryimage","url":"https:\/\/www.victorarandagarcia.es\/wp-content\/uploads\/album-comunion-4.jpg","contentUrl":"https:\/\/www.victorarandagarcia.es\/wp-content\/uploads\/album-comunion-4.jpg","width":850,"height":587},{"@type":"BreadcrumbList","@id":"https:\/\/www.victorarandagarcia.es\/index.php\/estudio\/bodas-y-eventos\/album-y-recordatorio-de-primera-comunion\/#breadcrumb","itemListElement":[{"@type":"ListItem","position":1,"name":"Portada","item":"https:\/\/www.victorarandagarcia.es\/"},{"@type":"ListItem","position":2,"name":"\u00c1lbum y recordatorio de Primera Comuni\u00f3n"}]},{"@type":"WebSite","@id":"https:\/\/www.victorarandagarcia.es\/#website","url":"https:\/\/www.victorarandagarcia.es\/","name":"arte y estudio","description":"Fot\u00f3grafo","publisher":{"@id":"https:\/\/www.victorarandagarcia.es\/#organization"},"potentialAction":[{"@type":"SearchAction","target":{"@type":"EntryPoint","urlTemplate":"https:\/\/www.victorarandagarcia.es\/?s={search_term_string}"},"query-input":"required name=search_term_string"}],"inLanguage":"es"},{"@type":"Organization","@id":"https:\/\/www.victorarandagarcia.es\/#organization","name":"arte y estudio","url":"https:\/\/www.victorarandagarcia.es\/","logo":{"@type":"ImageObject","inLanguage":"es","@id":"https:\/\/www.victorarandagarcia.es\/#\/schema\/logo\/image\/","url":"https:\/\/www.victorarandagarcia.es\/wp-content\/uploads\/2019\/03\/logo-fotografo.png","contentUrl":"https:\/\/www.victorarandagarcia.es\/wp-content\/uploads\/2019\/03\/logo-fotografo.png","width":150,"height":150,"caption":"arte y estudio"},"image":{"@id":"https:\/\/www.victorarandagarcia.es\/#\/schema\/logo\/image\/"}},{"@type":"Person","@id":"https:\/\/www.victorarandagarcia.es\/#\/schema\/person\/bfa9c61a3776d517deeee5f9386ef302","name":"victorarandagarcia","image":{"@type":"ImageObject","inLanguage":"es","@id":"https:\/\/www.victorarandagarcia.es\/#\/schema\/person\/image\/","url":"https:\/\/secure.gravatar.com\/avatar\/957a01ac23a6393e755ae8225c35dbdb?s=96&d=mm&r=g","contentUrl":"https:\/\/secure.gravatar.com\/avatar\/957a01ac23a6393e755ae8225c35dbdb?s=96&d=mm&r=g","caption":"victorarandagarcia"}}]}},"jetpack_featured_media_url":"https:\/\/www.victorarandagarcia.es\/wp-content\/uploads\/album-comunion-4.jpg","jetpack_sharing_enabled":true,"_links":{"self":[{"href":"https:\/\/www.victorarandagarcia.es\/index.php\/wp-json\/wp\/v2\/posts\/1873"}],"collection":[{"href":"https:\/\/www.victorarandagarcia.es\/index.php\/wp-json\/wp\/v2\/posts"}],"about":[{"href":"https:\/\/www.victorarandagarcia.es\/index.php\/wp-json\/wp\/v2\/types\/post"}],"author":[{"embeddable":true,"href":"https:\/\/www.victorarandagarcia.es\/index.php\/wp-json\/wp\/v2\/users\/1"}],"replies":[{"embeddable":true,"href":"https:\/\/www.victorarandagarcia.es\/index.php\/wp-json\/wp\/v2\/comments?post=1873"}],"version-history":[{"count":6,"href":"https:\/\/www.victorarandagarcia.es\/index.php\/wp-json\/wp\/v2\/posts\/1873\/revisions"}],"predecessor-version":[{"id":3323,"href":"https:\/\/www.victorarandagarcia.es\/index.php\/wp-json\/wp\/v2\/posts\/1873\/revisions\/3323"}],"wp:featuredmedia":[{"embeddable":true,"href":"https:\/\/www.victorarandagarcia.es\/index.php\/wp-json\/wp\/v2\/media\/1878"}],"wp:attachment":[{"href":"https:\/\/www.victorarandagarcia.es\/index.php\/wp-json\/wp\/v2\/media?parent=1873"}],"wp:term":[{"taxonomy":"category","embeddable":true,"href":"https:\/\/www.victorarandagarcia.es\/index.php\/wp-json\/wp\/v2\/categories?post=1873"},{"taxonomy":"post_tag","embeddable":true,"href":"https:\/\/www.victorarandagarcia.es\/index.php\/wp-json\/wp\/v2\/tags?post=1873"}],"curies":[{"name":"wp","href":"https:\/\/api.w.org\/{rel}","templated":true}]}}