{"id":1795,"date":"2019-05-15T22:40:51","date_gmt":"2019-05-15T20:40:51","guid":{"rendered":"http:\/\/www.victorarandagarcia.es\/?p=1795"},"modified":"2020-01-12T20:49:05","modified_gmt":"2020-01-12T19:49:05","slug":"gastronomia","status":"publish","type":"post","link":"https:\/\/www.victorarandagarcia.es\/index.php\/estudio\/reportaje\/gastronomia\/","title":{"rendered":"Gastronom\u00eda"},"content":{"rendered":"\n<p>Aparte de mi trabajo como fot\u00f3grafo freelance entre 2002 y 2009 realic\u00e9 m\u00e1s de 200 reportajes fotogr\u00e1ficos de gastronom\u00eda y restaurantes para la gu\u00eda LaNetro en Valencia. Si eres cocinero o regentas un restaurante y necesitas buenas fotos de tus platos p\u00eddeme un presupuesto sin compromiso. Las fotos pueden realizarse tanto en estudio como directamente en la cocina con la ayuda de flashes port\u00e1tiles adecuados<\/p>\n\n\n\n<ul class=\"wp-block-gallery columns-3 is-cropped wp-block-gallery-1 is-layout-flex wp-block-gallery-is-layout-flex\"><li class=\"blocks-gallery-item\"><figure><img data-attachment-id=\"1794\" data-permalink=\"https:\/\/www.victorarandagarcia.es\/04-fotografia-de-menu-de-autor\/\" data-orig-file=\"https:\/\/www.victorarandagarcia.es\/wp-content\/uploads\/04-Fotografia-de-Menu-de-Autor.jpg\" data-orig-size=\"720,539\" data-comments-opened=\"0\" data-image-meta=\"{&quot;aperture&quot;:&quot;8&quot;,&quot;credit&quot;:&quot;Victor Aranda Garcia&quot;,&quot;camera&quot;:&quot;Canon EOS 400D DIGITAL&quot;,&quot;caption&quot;:&quot;&quot;,&quot;created_timestamp&quot;:&quot;1228397157&quot;,&quot;copyright&quot;:&quot;&quot;,&quot;focal_length&quot;:&quot;43&quot;,&quot;iso&quot;:&quot;200&quot;,&quot;shutter_speed&quot;:&quot;0.0125&quot;,&quot;title&quot;:&quot;&quot;,&quot;orientation&quot;:&quot;1&quot;}\" data-image-title=\"04 Fotografia de Menu de Autor\" data-image-description=\"\" data-image-caption=\"\" data-medium-file=\"https:\/\/www.victorarandagarcia.es\/wp-content\/uploads\/04-Fotografia-de-Menu-de-Autor-300x225.jpg\" data-large-file=\"https:\/\/www.victorarandagarcia.es\/wp-content\/uploads\/04-Fotografia-de-Menu-de-Autor.jpg\" decoding=\"async\" loading=\"lazy\" width=\"720\" height=\"539\" src=\"http:\/\/www.victorarandagarcia.es\/wp-content\/uploads\/04-Fotografia-de-Menu-de-Autor.jpg\" alt=\"\" data-id=\"1794\" data-link=\"http:\/\/www.victorarandagarcia.es\/04-fotografia-de-menu-de-autor\/\" class=\"wp-image-1794\" srcset=\"https:\/\/www.victorarandagarcia.es\/wp-content\/uploads\/04-Fotografia-de-Menu-de-Autor.jpg 720w, https:\/\/www.victorarandagarcia.es\/wp-content\/uploads\/04-Fotografia-de-Menu-de-Autor-300x225.jpg 300w\" sizes=\"(max-width: 720px) 100vw, 720px\" \/><\/figure><\/li><li class=\"blocks-gallery-item\"><figure><img data-attachment-id=\"1785\" data-permalink=\"https:\/\/www.victorarandagarcia.es\/01-reportaje-del-restaurante-mondrian\/\" data-orig-file=\"https:\/\/www.victorarandagarcia.es\/wp-content\/uploads\/01-Reportaje-del-Restaurante-Mondrian.jpg\" data-orig-size=\"840,520\" data-comments-opened=\"0\" data-image-meta=\"{&quot;aperture&quot;:&quot;7.1&quot;,&quot;credit&quot;:&quot;Victor Aranda Garcia&quot;,&quot;camera&quot;:&quot;Canon EOS 400D DIGITAL&quot;,&quot;caption&quot;:&quot;&quot;,&quot;created_timestamp&quot;:&quot;1242913154&quot;,&quot;copyright&quot;:&quot;&quot;,&quot;focal_length&quot;:&quot;45&quot;,&quot;iso&quot;:&quot;200&quot;,&quot;shutter_speed&quot;:&quot;0.008&quot;,&quot;title&quot;:&quot;&quot;,&quot;orientation&quot;:&quot;1&quot;}\" data-image-title=\"01 Reportaje del Restaurante Mondrian\" data-image-description=\"\" data-image-caption=\"\" data-medium-file=\"https:\/\/www.victorarandagarcia.es\/wp-content\/uploads\/01-Reportaje-del-Restaurante-Mondrian-300x186.jpg\" data-large-file=\"https:\/\/www.victorarandagarcia.es\/wp-content\/uploads\/01-Reportaje-del-Restaurante-Mondrian.jpg\" decoding=\"async\" loading=\"lazy\" width=\"840\" height=\"520\" src=\"http:\/\/www.victorarandagarcia.es\/wp-content\/uploads\/01-Reportaje-del-Restaurante-Mondrian.jpg\" alt=\"\" data-id=\"1785\" data-link=\"http:\/\/www.victorarandagarcia.es\/01-reportaje-del-restaurante-mondrian\/\" class=\"wp-image-1785\" srcset=\"https:\/\/www.victorarandagarcia.es\/wp-content\/uploads\/01-Reportaje-del-Restaurante-Mondrian.jpg 840w, https:\/\/www.victorarandagarcia.es\/wp-content\/uploads\/01-Reportaje-del-Restaurante-Mondrian-300x186.jpg 300w, https:\/\/www.victorarandagarcia.es\/wp-content\/uploads\/01-Reportaje-del-Restaurante-Mondrian-768x475.jpg 768w\" sizes=\"(max-width: 840px) 100vw, 840px\" \/><\/figure><\/li><li class=\"blocks-gallery-item\"><figure><img data-attachment-id=\"1790\" data-permalink=\"https:\/\/www.victorarandagarcia.es\/07-fotos-para-la-carta\/\" data-orig-file=\"https:\/\/www.victorarandagarcia.es\/wp-content\/uploads\/07-Fotos-para-la-Carta.jpg\" data-orig-size=\"600,401\" data-comments-opened=\"0\" data-image-meta=\"{&quot;aperture&quot;:&quot;0&quot;,&quot;credit&quot;:&quot;Victor Aranda Garcia&quot;,&quot;camera&quot;:&quot;&quot;,&quot;caption&quot;:&quot;&quot;,&quot;created_timestamp&quot;:&quot;0&quot;,&quot;copyright&quot;:&quot;&quot;,&quot;focal_length&quot;:&quot;0&quot;,&quot;iso&quot;:&quot;0&quot;,&quot;shutter_speed&quot;:&quot;0&quot;,&quot;title&quot;:&quot;&quot;,&quot;orientation&quot;:&quot;0&quot;}\" data-image-title=\"07 Fotos para la Carta\" data-image-description=\"\" data-image-caption=\"\" data-medium-file=\"https:\/\/www.victorarandagarcia.es\/wp-content\/uploads\/07-Fotos-para-la-Carta-300x201.jpg\" data-large-file=\"https:\/\/www.victorarandagarcia.es\/wp-content\/uploads\/07-Fotos-para-la-Carta.jpg\" decoding=\"async\" loading=\"lazy\" width=\"600\" height=\"401\" src=\"http:\/\/www.victorarandagarcia.es\/wp-content\/uploads\/07-Fotos-para-la-Carta.jpg\" alt=\"\" data-id=\"1790\" data-link=\"http:\/\/www.victorarandagarcia.es\/07-fotos-para-la-carta\/\" class=\"wp-image-1790\" srcset=\"https:\/\/www.victorarandagarcia.es\/wp-content\/uploads\/07-Fotos-para-la-Carta.jpg 600w, https:\/\/www.victorarandagarcia.es\/wp-content\/uploads\/07-Fotos-para-la-Carta-300x201.jpg 300w\" sizes=\"(max-width: 600px) 100vw, 600px\" \/><\/figure><\/li><li class=\"blocks-gallery-item\"><figure><img data-attachment-id=\"1789\" data-permalink=\"https:\/\/www.victorarandagarcia.es\/09-fotografia-de-menu\/\" data-orig-file=\"https:\/\/www.victorarandagarcia.es\/wp-content\/uploads\/09-Fotografia-de-menu.jpg\" data-orig-size=\"600,401\" data-comments-opened=\"0\" data-image-meta=\"{&quot;aperture&quot;:&quot;0&quot;,&quot;credit&quot;:&quot;Victor Aranda Garcia&quot;,&quot;camera&quot;:&quot;&quot;,&quot;caption&quot;:&quot;&quot;,&quot;created_timestamp&quot;:&quot;0&quot;,&quot;copyright&quot;:&quot;&quot;,&quot;focal_length&quot;:&quot;0&quot;,&quot;iso&quot;:&quot;0&quot;,&quot;shutter_speed&quot;:&quot;0&quot;,&quot;title&quot;:&quot;&quot;,&quot;orientation&quot;:&quot;0&quot;}\" data-image-title=\"09 Fotografia de menu\" data-image-description=\"\" data-image-caption=\"\" data-medium-file=\"https:\/\/www.victorarandagarcia.es\/wp-content\/uploads\/09-Fotografia-de-menu-300x201.jpg\" data-large-file=\"https:\/\/www.victorarandagarcia.es\/wp-content\/uploads\/09-Fotografia-de-menu.jpg\" decoding=\"async\" loading=\"lazy\" width=\"600\" height=\"401\" src=\"http:\/\/www.victorarandagarcia.es\/wp-content\/uploads\/09-Fotografia-de-menu.jpg\" alt=\"\" data-id=\"1789\" data-link=\"http:\/\/www.victorarandagarcia.es\/09-fotografia-de-menu\/\" class=\"wp-image-1789\" srcset=\"https:\/\/www.victorarandagarcia.es\/wp-content\/uploads\/09-Fotografia-de-menu.jpg 600w, https:\/\/www.victorarandagarcia.es\/wp-content\/uploads\/09-Fotografia-de-menu-300x201.jpg 300w\" sizes=\"(max-width: 600px) 100vw, 600px\" \/><\/figure><\/li><li class=\"blocks-gallery-item\"><figure><img data-attachment-id=\"1787\" data-permalink=\"https:\/\/www.victorarandagarcia.es\/05-reportaje-gastronomico\/\" data-orig-file=\"https:\/\/www.victorarandagarcia.es\/wp-content\/uploads\/05-Reportaje-Gastronomico.jpg\" data-orig-size=\"600,401\" data-comments-opened=\"0\" data-image-meta=\"{&quot;aperture&quot;:&quot;0&quot;,&quot;credit&quot;:&quot;Victor Aranda Garcia&quot;,&quot;camera&quot;:&quot;&quot;,&quot;caption&quot;:&quot;&quot;,&quot;created_timestamp&quot;:&quot;0&quot;,&quot;copyright&quot;:&quot;&quot;,&quot;focal_length&quot;:&quot;0&quot;,&quot;iso&quot;:&quot;0&quot;,&quot;shutter_speed&quot;:&quot;0&quot;,&quot;title&quot;:&quot;&quot;,&quot;orientation&quot;:&quot;0&quot;}\" data-image-title=\"05 Reportaje Gastronomico\" data-image-description=\"\" data-image-caption=\"\" data-medium-file=\"https:\/\/www.victorarandagarcia.es\/wp-content\/uploads\/05-Reportaje-Gastronomico-300x201.jpg\" data-large-file=\"https:\/\/www.victorarandagarcia.es\/wp-content\/uploads\/05-Reportaje-Gastronomico.jpg\" decoding=\"async\" loading=\"lazy\" width=\"600\" height=\"401\" src=\"http:\/\/www.victorarandagarcia.es\/wp-content\/uploads\/05-Reportaje-Gastronomico.jpg\" alt=\"\" data-id=\"1787\" data-link=\"http:\/\/www.victorarandagarcia.es\/05-reportaje-gastronomico\/\" class=\"wp-image-1787\" srcset=\"https:\/\/www.victorarandagarcia.es\/wp-content\/uploads\/05-Reportaje-Gastronomico.jpg 600w, https:\/\/www.victorarandagarcia.es\/wp-content\/uploads\/05-Reportaje-Gastronomico-300x201.jpg 300w\" sizes=\"(max-width: 600px) 100vw, 600px\" \/><\/figure><\/li><li class=\"blocks-gallery-item\"><figure><img data-attachment-id=\"1786\" data-permalink=\"https:\/\/www.victorarandagarcia.es\/11-reportaje-de-majoses-para-lanetro-valencia\/\" data-orig-file=\"https:\/\/www.victorarandagarcia.es\/wp-content\/uploads\/11-Reportaje-de-Majoses-para-LaNetro-Valencia.jpg\" data-orig-size=\"720,481\" data-comments-opened=\"0\" data-image-meta=\"{&quot;aperture&quot;:&quot;7.1&quot;,&quot;credit&quot;:&quot;Victor Aranda Garcia&quot;,&quot;camera&quot;:&quot;Canon EOS 50D&quot;,&quot;caption&quot;:&quot;&quot;,&quot;created_timestamp&quot;:&quot;1246017277&quot;,&quot;copyright&quot;:&quot;&quot;,&quot;focal_length&quot;:&quot;55&quot;,&quot;iso&quot;:&quot;800&quot;,&quot;shutter_speed&quot;:&quot;0.0125&quot;,&quot;title&quot;:&quot;&quot;,&quot;orientation&quot;:&quot;1&quot;}\" data-image-title=\"11 Reportaje de Majoses para LaNetro Valencia\" data-image-description=\"\" data-image-caption=\"\" data-medium-file=\"https:\/\/www.victorarandagarcia.es\/wp-content\/uploads\/11-Reportaje-de-Majoses-para-LaNetro-Valencia-300x200.jpg\" data-large-file=\"https:\/\/www.victorarandagarcia.es\/wp-content\/uploads\/11-Reportaje-de-Majoses-para-LaNetro-Valencia.jpg\" decoding=\"async\" loading=\"lazy\" width=\"720\" height=\"481\" src=\"http:\/\/www.victorarandagarcia.es\/wp-content\/uploads\/11-Reportaje-de-Majoses-para-LaNetro-Valencia.jpg\" alt=\"\" data-id=\"1786\" data-link=\"http:\/\/www.victorarandagarcia.es\/11-reportaje-de-majoses-para-lanetro-valencia\/\" class=\"wp-image-1786\" srcset=\"https:\/\/www.victorarandagarcia.es\/wp-content\/uploads\/11-Reportaje-de-Majoses-para-LaNetro-Valencia.jpg 720w, https:\/\/www.victorarandagarcia.es\/wp-content\/uploads\/11-Reportaje-de-Majoses-para-LaNetro-Valencia-300x200.jpg 300w\" sizes=\"(max-width: 720px) 100vw, 720px\" \/><\/figure><\/li><li class=\"blocks-gallery-item\"><figure><img data-attachment-id=\"1788\" data-permalink=\"https:\/\/www.victorarandagarcia.es\/08-el-peix-daurat\/\" data-orig-file=\"https:\/\/www.victorarandagarcia.es\/wp-content\/uploads\/08-El-Peix-Daurat.jpg\" data-orig-size=\"442,550\" data-comments-opened=\"0\" data-image-meta=\"{&quot;aperture&quot;:&quot;6.3&quot;,&quot;credit&quot;:&quot;Victor Aranda Garcia&quot;,&quot;camera&quot;:&quot;Canon EOS 400D DIGITAL&quot;,&quot;caption&quot;:&quot;&quot;,&quot;created_timestamp&quot;:&quot;1227390260&quot;,&quot;copyright&quot;:&quot;&quot;,&quot;focal_length&quot;:&quot;42&quot;,&quot;iso&quot;:&quot;800&quot;,&quot;shutter_speed&quot;:&quot;0.00625&quot;,&quot;title&quot;:&quot;&quot;,&quot;orientation&quot;:&quot;1&quot;}\" data-image-title=\"08 El Peix Daurat\" data-image-description=\"\" data-image-caption=\"\" data-medium-file=\"https:\/\/www.victorarandagarcia.es\/wp-content\/uploads\/08-El-Peix-Daurat-241x300.jpg\" data-large-file=\"https:\/\/www.victorarandagarcia.es\/wp-content\/uploads\/08-El-Peix-Daurat.jpg\" decoding=\"async\" loading=\"lazy\" width=\"442\" height=\"550\" src=\"http:\/\/www.victorarandagarcia.es\/wp-content\/uploads\/08-El-Peix-Daurat.jpg\" alt=\"\" data-id=\"1788\" data-link=\"http:\/\/www.victorarandagarcia.es\/08-el-peix-daurat\/\" class=\"wp-image-1788\" srcset=\"https:\/\/www.victorarandagarcia.es\/wp-content\/uploads\/08-El-Peix-Daurat.jpg 442w, https:\/\/www.victorarandagarcia.es\/wp-content\/uploads\/08-El-Peix-Daurat-241x300.jpg 241w\" sizes=\"(max-width: 442px) 100vw, 442px\" \/><\/figure><\/li><li class=\"blocks-gallery-item\"><figure><img data-attachment-id=\"1791\" data-permalink=\"https:\/\/www.victorarandagarcia.es\/10-ana-bosch-y-pablo-xirivella\/\" data-orig-file=\"https:\/\/www.victorarandagarcia.es\/wp-content\/uploads\/10-Ana-Bosch-y-Pablo-Xirivella.jpg\" data-orig-size=\"720,491\" data-comments-opened=\"0\" data-image-meta=\"{&quot;aperture&quot;:&quot;8&quot;,&quot;credit&quot;:&quot;Victor Aranda Garcia&quot;,&quot;camera&quot;:&quot;Canon EOS 400D DIGITAL&quot;,&quot;caption&quot;:&quot;&quot;,&quot;created_timestamp&quot;:&quot;1194538606&quot;,&quot;copyright&quot;:&quot;&quot;,&quot;focal_length&quot;:&quot;30&quot;,&quot;iso&quot;:&quot;800&quot;,&quot;shutter_speed&quot;:&quot;0.016666666666667&quot;,&quot;title&quot;:&quot;&quot;,&quot;orientation&quot;:&quot;1&quot;}\" data-image-title=\"10 Ana Bosch y Pablo Xirivella\" data-image-description=\"\" data-image-caption=\"\" data-medium-file=\"https:\/\/www.victorarandagarcia.es\/wp-content\/uploads\/10-Ana-Bosch-y-Pablo-Xirivella-300x205.jpg\" data-large-file=\"https:\/\/www.victorarandagarcia.es\/wp-content\/uploads\/10-Ana-Bosch-y-Pablo-Xirivella.jpg\" decoding=\"async\" loading=\"lazy\" width=\"720\" height=\"491\" src=\"http:\/\/www.victorarandagarcia.es\/wp-content\/uploads\/10-Ana-Bosch-y-Pablo-Xirivella.jpg\" alt=\"\" data-id=\"1791\" data-link=\"http:\/\/www.victorarandagarcia.es\/10-ana-bosch-y-pablo-xirivella\/\" class=\"wp-image-1791\" srcset=\"https:\/\/www.victorarandagarcia.es\/wp-content\/uploads\/10-Ana-Bosch-y-Pablo-Xirivella.jpg 720w, https:\/\/www.victorarandagarcia.es\/wp-content\/uploads\/10-Ana-Bosch-y-Pablo-Xirivella-300x205.jpg 300w\" sizes=\"(max-width: 720px) 100vw, 720px\" \/><\/figure><\/li><li class=\"blocks-gallery-item\"><figure><img data-attachment-id=\"1792\" data-permalink=\"https:\/\/www.victorarandagarcia.es\/06-restaurante-tapa2\/\" data-orig-file=\"https:\/\/www.victorarandagarcia.es\/wp-content\/uploads\/06-Restaurante-Tapa2.jpg\" data-orig-size=\"720,481\" data-comments-opened=\"0\" data-image-meta=\"{&quot;aperture&quot;:&quot;7.1&quot;,&quot;credit&quot;:&quot;Victor Aranda Garcia&quot;,&quot;camera&quot;:&quot;Canon EOS 400D DIGITAL&quot;,&quot;caption&quot;:&quot;&quot;,&quot;created_timestamp&quot;:&quot;1210271073&quot;,&quot;copyright&quot;:&quot;&quot;,&quot;focal_length&quot;:&quot;22&quot;,&quot;iso&quot;:&quot;800&quot;,&quot;shutter_speed&quot;:&quot;0.04&quot;,&quot;title&quot;:&quot;&quot;,&quot;orientation&quot;:&quot;1&quot;}\" data-image-title=\"06 Restaurante Tapa2\" data-image-description=\"\" data-image-caption=\"\" data-medium-file=\"https:\/\/www.victorarandagarcia.es\/wp-content\/uploads\/06-Restaurante-Tapa2-300x200.jpg\" data-large-file=\"https:\/\/www.victorarandagarcia.es\/wp-content\/uploads\/06-Restaurante-Tapa2.jpg\" decoding=\"async\" loading=\"lazy\" width=\"720\" height=\"481\" src=\"http:\/\/www.victorarandagarcia.es\/wp-content\/uploads\/06-Restaurante-Tapa2.jpg\" alt=\"\" data-id=\"1792\" data-link=\"http:\/\/www.victorarandagarcia.es\/06-restaurante-tapa2\/\" class=\"wp-image-1792\" srcset=\"https:\/\/www.victorarandagarcia.es\/wp-content\/uploads\/06-Restaurante-Tapa2.jpg 720w, https:\/\/www.victorarandagarcia.es\/wp-content\/uploads\/06-Restaurante-Tapa2-300x200.jpg 300w\" sizes=\"(max-width: 720px) 100vw, 720px\" \/><\/figure><\/li><\/ul>\n","protected":false},"excerpt":{"rendered":"<p>Aparte de mi trabajo como fot\u00f3grafo freelance entre 2002 y 2009 realic\u00e9 m\u00e1s de 200 reportajes fotogr\u00e1ficos de gastronom\u00eda y restaurantes para la gu\u00eda LaNetro en Valencia.  &hellip; <a href=\"https:\/\/www.victorarandagarcia.es\/index.php\/estudio\/reportaje\/gastronomia\/\" class=\"more-link\"><span>Continuar<span class=\"screen-reader-text\">Gastronom\u00eda<\/span><\/span><\/a><\/p>\n","protected":false},"author":1,"featured_media":1793,"comment_status":"closed","ping_status":"open","sticky":false,"template":"","format":"standard","meta":{"jetpack_post_was_ever_published":false,"_jetpack_newsletter_access":"","_jetpack_dont_email_post_to_subs":false,"_jetpack_newsletter_tier_id":0,"_jetpack_memberships_contains_paywalled_content":false,"footnotes":"","_jetpack_memberships_contains_paid_content":false},"categories":[53],"tags":[67],"yoast_head":"<!-- This site is optimized with the Yoast SEO plugin v22.6 - https:\/\/yoast.com\/wordpress\/plugins\/seo\/ -->\n<title>Gastronom\u00eda - arte y estudio<\/title>\n<meta name=\"description\" content=\"Las fotos que realizamos de gastronom\u00eda pueden realizarse tanto en estudio como directamente en la cocina con la ayuda de flashes port\u00e1tiles adecuados\" \/>\n<meta name=\"robots\" content=\"index, follow, max-snippet:-1, max-image-preview:large, max-video-preview:-1\" \/>\n<link rel=\"canonical\" href=\"https:\/\/www.victorarandagarcia.es\/index.php\/estudio\/reportaje\/gastronomia\/\" \/>\n<meta property=\"og:locale\" content=\"es_ES\" \/>\n<meta property=\"og:type\" content=\"article\" \/>\n<meta property=\"og:title\" content=\"Gastronom\u00eda - arte y estudio\" \/>\n<meta property=\"og:description\" content=\"Las fotos que realizamos de gastronom\u00eda pueden realizarse tanto en estudio como directamente en la cocina con la ayuda de flashes port\u00e1tiles adecuados\" \/>\n<meta property=\"og:url\" content=\"https:\/\/www.victorarandagarcia.es\/index.php\/estudio\/reportaje\/gastronomia\/\" \/>\n<meta property=\"og:site_name\" content=\"arte y estudio\" \/>\n<meta property=\"article:published_time\" content=\"2019-05-15T20:40:51+00:00\" \/>\n<meta property=\"article:modified_time\" content=\"2020-01-12T19:49:05+00:00\" \/>\n<meta property=\"og:image\" content=\"https:\/\/www.victorarandagarcia.es\/wp-content\/uploads\/02-Reportaje-de-Miss-Sushi.jpg\" \/>\n\t<meta property=\"og:image:width\" content=\"600\" \/>\n\t<meta property=\"og:image:height\" content=\"368\" \/>\n\t<meta property=\"og:image:type\" content=\"image\/jpeg\" \/>\n<meta name=\"author\" content=\"victorarandagarcia\" \/>\n<meta name=\"twitter:card\" content=\"summary_large_image\" \/>\n<meta name=\"twitter:label1\" content=\"Escrito por\" \/>\n\t<meta name=\"twitter:data1\" content=\"victorarandagarcia\" \/>\n<script type=\"application\/ld+json\" class=\"yoast-schema-graph\">{\"@context\":\"https:\/\/schema.org\",\"@graph\":[{\"@type\":\"Article\",\"@id\":\"https:\/\/www.victorarandagarcia.es\/index.php\/estudio\/reportaje\/gastronomia\/#article\",\"isPartOf\":{\"@id\":\"https:\/\/www.victorarandagarcia.es\/index.php\/estudio\/reportaje\/gastronomia\/\"},\"author\":{\"name\":\"victorarandagarcia\",\"@id\":\"https:\/\/www.victorarandagarcia.es\/#\/schema\/person\/bfa9c61a3776d517deeee5f9386ef302\"},\"headline\":\"Gastronom\u00eda\",\"datePublished\":\"2019-05-15T20:40:51+00:00\",\"dateModified\":\"2020-01-12T19:49:05+00:00\",\"mainEntityOfPage\":{\"@id\":\"https:\/\/www.victorarandagarcia.es\/index.php\/estudio\/reportaje\/gastronomia\/\"},\"wordCount\":71,\"publisher\":{\"@id\":\"https:\/\/www.victorarandagarcia.es\/#organization\"},\"image\":{\"@id\":\"https:\/\/www.victorarandagarcia.es\/index.php\/estudio\/reportaje\/gastronomia\/#primaryimage\"},\"thumbnailUrl\":\"https:\/\/www.victorarandagarcia.es\/wp-content\/uploads\/02-Reportaje-de-Miss-Sushi.jpg\",\"keywords\":[\"gastronom\u00eda\"],\"articleSection\":[\"Reportaje\"],\"inLanguage\":\"es\"},{\"@type\":\"WebPage\",\"@id\":\"https:\/\/www.victorarandagarcia.es\/index.php\/estudio\/reportaje\/gastronomia\/\",\"url\":\"https:\/\/www.victorarandagarcia.es\/index.php\/estudio\/reportaje\/gastronomia\/\",\"name\":\"Gastronom\u00eda - arte y estudio\",\"isPartOf\":{\"@id\":\"https:\/\/www.victorarandagarcia.es\/#website\"},\"primaryImageOfPage\":{\"@id\":\"https:\/\/www.victorarandagarcia.es\/index.php\/estudio\/reportaje\/gastronomia\/#primaryimage\"},\"image\":{\"@id\":\"https:\/\/www.victorarandagarcia.es\/index.php\/estudio\/reportaje\/gastronomia\/#primaryimage\"},\"thumbnailUrl\":\"https:\/\/www.victorarandagarcia.es\/wp-content\/uploads\/02-Reportaje-de-Miss-Sushi.jpg\",\"datePublished\":\"2019-05-15T20:40:51+00:00\",\"dateModified\":\"2020-01-12T19:49:05+00:00\",\"description\":\"Las fotos que realizamos de gastronom\u00eda pueden realizarse tanto en estudio como directamente en la cocina con la ayuda de flashes port\u00e1tiles adecuados\",\"breadcrumb\":{\"@id\":\"https:\/\/www.victorarandagarcia.es\/index.php\/estudio\/reportaje\/gastronomia\/#breadcrumb\"},\"inLanguage\":\"es\",\"potentialAction\":[{\"@type\":\"ReadAction\",\"target\":[\"https:\/\/www.victorarandagarcia.es\/index.php\/estudio\/reportaje\/gastronomia\/\"]}]},{\"@type\":\"ImageObject\",\"inLanguage\":\"es\",\"@id\":\"https:\/\/www.victorarandagarcia.es\/index.php\/estudio\/reportaje\/gastronomia\/#primaryimage\",\"url\":\"https:\/\/www.victorarandagarcia.es\/wp-content\/uploads\/02-Reportaje-de-Miss-Sushi.jpg\",\"contentUrl\":\"https:\/\/www.victorarandagarcia.es\/wp-content\/uploads\/02-Reportaje-de-Miss-Sushi.jpg\",\"width\":600,\"height\":368},{\"@type\":\"BreadcrumbList\",\"@id\":\"https:\/\/www.victorarandagarcia.es\/index.php\/estudio\/reportaje\/gastronomia\/#breadcrumb\",\"itemListElement\":[{\"@type\":\"ListItem\",\"position\":1,\"name\":\"Portada\",\"item\":\"https:\/\/www.victorarandagarcia.es\/\"},{\"@type\":\"ListItem\",\"position\":2,\"name\":\"Gastronom\u00eda\"}]},{\"@type\":\"WebSite\",\"@id\":\"https:\/\/www.victorarandagarcia.es\/#website\",\"url\":\"https:\/\/www.victorarandagarcia.es\/\",\"name\":\"arte y estudio\",\"description\":\"Fot\u00f3grafo\",\"publisher\":{\"@id\":\"https:\/\/www.victorarandagarcia.es\/#organization\"},\"potentialAction\":[{\"@type\":\"SearchAction\",\"target\":{\"@type\":\"EntryPoint\",\"urlTemplate\":\"https:\/\/www.victorarandagarcia.es\/?s={search_term_string}\"},\"query-input\":\"required name=search_term_string\"}],\"inLanguage\":\"es\"},{\"@type\":\"Organization\",\"@id\":\"https:\/\/www.victorarandagarcia.es\/#organization\",\"name\":\"arte y estudio\",\"url\":\"https:\/\/www.victorarandagarcia.es\/\",\"logo\":{\"@type\":\"ImageObject\",\"inLanguage\":\"es\",\"@id\":\"https:\/\/www.victorarandagarcia.es\/#\/schema\/logo\/image\/\",\"url\":\"https:\/\/www.victorarandagarcia.es\/wp-content\/uploads\/2019\/03\/logo-fotografo.png\",\"contentUrl\":\"https:\/\/www.victorarandagarcia.es\/wp-content\/uploads\/2019\/03\/logo-fotografo.png\",\"width\":150,\"height\":150,\"caption\":\"arte y estudio\"},\"image\":{\"@id\":\"https:\/\/www.victorarandagarcia.es\/#\/schema\/logo\/image\/\"}},{\"@type\":\"Person\",\"@id\":\"https:\/\/www.victorarandagarcia.es\/#\/schema\/person\/bfa9c61a3776d517deeee5f9386ef302\",\"name\":\"victorarandagarcia\",\"image\":{\"@type\":\"ImageObject\",\"inLanguage\":\"es\",\"@id\":\"https:\/\/www.victorarandagarcia.es\/#\/schema\/person\/image\/\",\"url\":\"https:\/\/secure.gravatar.com\/avatar\/957a01ac23a6393e755ae8225c35dbdb?s=96&d=mm&r=g\",\"contentUrl\":\"https:\/\/secure.gravatar.com\/avatar\/957a01ac23a6393e755ae8225c35dbdb?s=96&d=mm&r=g\",\"caption\":\"victorarandagarcia\"}}]}<\/script>\n<!-- \/ Yoast SEO plugin. -->","yoast_head_json":{"title":"Gastronom\u00eda - arte y estudio","description":"Las fotos que realizamos de gastronom\u00eda pueden realizarse tanto en estudio como directamente en la cocina con la ayuda de flashes port\u00e1tiles adecuados","robots":{"index":"index","follow":"follow","max-snippet":"max-snippet:-1","max-image-preview":"max-image-preview:large","max-video-preview":"max-video-preview:-1"},"canonical":"https:\/\/www.victorarandagarcia.es\/index.php\/estudio\/reportaje\/gastronomia\/","og_locale":"es_ES","og_type":"article","og_title":"Gastronom\u00eda - arte y estudio","og_description":"Las fotos que realizamos de gastronom\u00eda pueden realizarse tanto en estudio como directamente en la cocina con la ayuda de flashes port\u00e1tiles adecuados","og_url":"https:\/\/www.victorarandagarcia.es\/index.php\/estudio\/reportaje\/gastronomia\/","og_site_name":"arte y estudio","article_published_time":"2019-05-15T20:40:51+00:00","article_modified_time":"2020-01-12T19:49:05+00:00","og_image":[{"width":600,"height":368,"url":"https:\/\/www.victorarandagarcia.es\/wp-content\/uploads\/02-Reportaje-de-Miss-Sushi.jpg","type":"image\/jpeg"}],"author":"victorarandagarcia","twitter_card":"summary_large_image","twitter_misc":{"Escrito por":"victorarandagarcia"},"schema":{"@context":"https:\/\/schema.org","@graph":[{"@type":"Article","@id":"https:\/\/www.victorarandagarcia.es\/index.php\/estudio\/reportaje\/gastronomia\/#article","isPartOf":{"@id":"https:\/\/www.victorarandagarcia.es\/index.php\/estudio\/reportaje\/gastronomia\/"},"author":{"name":"victorarandagarcia","@id":"https:\/\/www.victorarandagarcia.es\/#\/schema\/person\/bfa9c61a3776d517deeee5f9386ef302"},"headline":"Gastronom\u00eda","datePublished":"2019-05-15T20:40:51+00:00","dateModified":"2020-01-12T19:49:05+00:00","mainEntityOfPage":{"@id":"https:\/\/www.victorarandagarcia.es\/index.php\/estudio\/reportaje\/gastronomia\/"},"wordCount":71,"publisher":{"@id":"https:\/\/www.victorarandagarcia.es\/#organization"},"image":{"@id":"https:\/\/www.victorarandagarcia.es\/index.php\/estudio\/reportaje\/gastronomia\/#primaryimage"},"thumbnailUrl":"https:\/\/www.victorarandagarcia.es\/wp-content\/uploads\/02-Reportaje-de-Miss-Sushi.jpg","keywords":["gastronom\u00eda"],"articleSection":["Reportaje"],"inLanguage":"es"},{"@type":"WebPage","@id":"https:\/\/www.victorarandagarcia.es\/index.php\/estudio\/reportaje\/gastronomia\/","url":"https:\/\/www.victorarandagarcia.es\/index.php\/estudio\/reportaje\/gastronomia\/","name":"Gastronom\u00eda - arte y estudio","isPartOf":{"@id":"https:\/\/www.victorarandagarcia.es\/#website"},"primaryImageOfPage":{"@id":"https:\/\/www.victorarandagarcia.es\/index.php\/estudio\/reportaje\/gastronomia\/#primaryimage"},"image":{"@id":"https:\/\/www.victorarandagarcia.es\/index.php\/estudio\/reportaje\/gastronomia\/#primaryimage"},"thumbnailUrl":"https:\/\/www.victorarandagarcia.es\/wp-content\/uploads\/02-Reportaje-de-Miss-Sushi.jpg","datePublished":"2019-05-15T20:40:51+00:00","dateModified":"2020-01-12T19:49:05+00:00","description":"Las fotos que realizamos de gastronom\u00eda pueden realizarse tanto en estudio como directamente en la cocina con la ayuda de flashes port\u00e1tiles adecuados","breadcrumb":{"@id":"https:\/\/www.victorarandagarcia.es\/index.php\/estudio\/reportaje\/gastronomia\/#breadcrumb"},"inLanguage":"es","potentialAction":[{"@type":"ReadAction","target":["https:\/\/www.victorarandagarcia.es\/index.php\/estudio\/reportaje\/gastronomia\/"]}]},{"@type":"ImageObject","inLanguage":"es","@id":"https:\/\/www.victorarandagarcia.es\/index.php\/estudio\/reportaje\/gastronomia\/#primaryimage","url":"https:\/\/www.victorarandagarcia.es\/wp-content\/uploads\/02-Reportaje-de-Miss-Sushi.jpg","contentUrl":"https:\/\/www.victorarandagarcia.es\/wp-content\/uploads\/02-Reportaje-de-Miss-Sushi.jpg","width":600,"height":368},{"@type":"BreadcrumbList","@id":"https:\/\/www.victorarandagarcia.es\/index.php\/estudio\/reportaje\/gastronomia\/#breadcrumb","itemListElement":[{"@type":"ListItem","position":1,"name":"Portada","item":"https:\/\/www.victorarandagarcia.es\/"},{"@type":"ListItem","position":2,"name":"Gastronom\u00eda"}]},{"@type":"WebSite","@id":"https:\/\/www.victorarandagarcia.es\/#website","url":"https:\/\/www.victorarandagarcia.es\/","name":"arte y estudio","description":"Fot\u00f3grafo","publisher":{"@id":"https:\/\/www.victorarandagarcia.es\/#organization"},"potentialAction":[{"@type":"SearchAction","target":{"@type":"EntryPoint","urlTemplate":"https:\/\/www.victorarandagarcia.es\/?s={search_term_string}"},"query-input":"required name=search_term_string"}],"inLanguage":"es"},{"@type":"Organization","@id":"https:\/\/www.victorarandagarcia.es\/#organization","name":"arte y estudio","url":"https:\/\/www.victorarandagarcia.es\/","logo":{"@type":"ImageObject","inLanguage":"es","@id":"https:\/\/www.victorarandagarcia.es\/#\/schema\/logo\/image\/","url":"https:\/\/www.victorarandagarcia.es\/wp-content\/uploads\/2019\/03\/logo-fotografo.png","contentUrl":"https:\/\/www.victorarandagarcia.es\/wp-content\/uploads\/2019\/03\/logo-fotografo.png","width":150,"height":150,"caption":"arte y estudio"},"image":{"@id":"https:\/\/www.victorarandagarcia.es\/#\/schema\/logo\/image\/"}},{"@type":"Person","@id":"https:\/\/www.victorarandagarcia.es\/#\/schema\/person\/bfa9c61a3776d517deeee5f9386ef302","name":"victorarandagarcia","image":{"@type":"ImageObject","inLanguage":"es","@id":"https:\/\/www.victorarandagarcia.es\/#\/schema\/person\/image\/","url":"https:\/\/secure.gravatar.com\/avatar\/957a01ac23a6393e755ae8225c35dbdb?s=96&d=mm&r=g","contentUrl":"https:\/\/secure.gravatar.com\/avatar\/957a01ac23a6393e755ae8225c35dbdb?s=96&d=mm&r=g","caption":"victorarandagarcia"}}]}},"jetpack_featured_media_url":"https:\/\/www.victorarandagarcia.es\/wp-content\/uploads\/02-Reportaje-de-Miss-Sushi.jpg","jetpack_sharing_enabled":true,"_links":{"self":[{"href":"https:\/\/www.victorarandagarcia.es\/index.php\/wp-json\/wp\/v2\/posts\/1795"}],"collection":[{"href":"https:\/\/www.victorarandagarcia.es\/index.php\/wp-json\/wp\/v2\/posts"}],"about":[{"href":"https:\/\/www.victorarandagarcia.es\/index.php\/wp-json\/wp\/v2\/types\/post"}],"author":[{"embeddable":true,"href":"https:\/\/www.victorarandagarcia.es\/index.php\/wp-json\/wp\/v2\/users\/1"}],"replies":[{"embeddable":true,"href":"https:\/\/www.victorarandagarcia.es\/index.php\/wp-json\/wp\/v2\/comments?post=1795"}],"version-history":[{"count":3,"href":"https:\/\/www.victorarandagarcia.es\/index.php\/wp-json\/wp\/v2\/posts\/1795\/revisions"}],"predecessor-version":[{"id":1902,"href":"https:\/\/www.victorarandagarcia.es\/index.php\/wp-json\/wp\/v2\/posts\/1795\/revisions\/1902"}],"wp:featuredmedia":[{"embeddable":true,"href":"https:\/\/www.victorarandagarcia.es\/index.php\/wp-json\/wp\/v2\/media\/1793"}],"wp:attachment":[{"href":"https:\/\/www.victorarandagarcia.es\/index.php\/wp-json\/wp\/v2\/media?parent=1795"}],"wp:term":[{"taxonomy":"category","embeddable":true,"href":"https:\/\/www.victorarandagarcia.es\/index.php\/wp-json\/wp\/v2\/categories?post=1795"},{"taxonomy":"post_tag","embeddable":true,"href":"https:\/\/www.victorarandagarcia.es\/index.php\/wp-json\/wp\/v2\/tags?post=1795"}],"curies":[{"name":"wp","href":"https:\/\/api.w.org\/{rel}","templated":true}]}}