{"id":1769,"date":"2019-05-15T22:20:07","date_gmt":"2019-05-15T20:20:07","guid":{"rendered":"http:\/\/www.victorarandagarcia.es\/?p=1769"},"modified":"2019-05-27T17:50:28","modified_gmt":"2019-05-27T15:50:28","slug":"fotografia-de-producto","status":"publish","type":"post","link":"https:\/\/www.victorarandagarcia.es\/index.php\/estudio\/producto\/fotografia-de-producto\/","title":{"rendered":"Fotograf\u00eda de Producto"},"content":{"rendered":"\n<p>\u00bfNecesitas fotograf\u00edas de tus productos para tu p\u00e1gina web, comercio electr\u00f3nico, cat\u00e1logos o publicidad? Podemos hacer las fotos que necesitas en nuestro estudio o, si se requiere, en las instalaciones de tu empresa. Pide tu presupuesto sin compromiso.<\/p>\n\n\n\n<ul class=\"wp-block-gallery columns-3 is-cropped wp-block-gallery-1 is-layout-flex wp-block-gallery-is-layout-flex\"><li class=\"blocks-gallery-item\"><figure><img data-attachment-id=\"1773\" data-permalink=\"https:\/\/www.victorarandagarcia.es\/producto-foto-estudio\/\" data-orig-file=\"https:\/\/www.victorarandagarcia.es\/wp-content\/uploads\/producto-foto-estudio.jpg\" data-orig-size=\"706,1500\" data-comments-opened=\"0\" data-image-meta=\"{&quot;aperture&quot;:&quot;16&quot;,&quot;credit&quot;:&quot;&quot;,&quot;camera&quot;:&quot;Canon EOS 50D&quot;,&quot;caption&quot;:&quot;&quot;,&quot;created_timestamp&quot;:&quot;1302464032&quot;,&quot;copyright&quot;:&quot;&quot;,&quot;focal_length&quot;:&quot;50&quot;,&quot;iso&quot;:&quot;100&quot;,&quot;shutter_speed&quot;:&quot;0.033333333333333&quot;,&quot;title&quot;:&quot;&quot;,&quot;orientation&quot;:&quot;1&quot;}\" data-image-title=\"producto-foto-estudio\" data-image-description=\"\" data-image-caption=\"\" data-medium-file=\"https:\/\/www.victorarandagarcia.es\/wp-content\/uploads\/producto-foto-estudio-141x300.jpg\" data-large-file=\"https:\/\/www.victorarandagarcia.es\/wp-content\/uploads\/producto-foto-estudio-482x1024.jpg\" decoding=\"async\" loading=\"lazy\" width=\"482\" height=\"1024\" src=\"http:\/\/www.victorarandagarcia.es\/wp-content\/uploads\/producto-foto-estudio-482x1024.jpg\" alt=\"\" data-id=\"1773\" data-link=\"http:\/\/www.victorarandagarcia.es\/producto-foto-estudio\/\" class=\"wp-image-1773\" srcset=\"https:\/\/www.victorarandagarcia.es\/wp-content\/uploads\/producto-foto-estudio-482x1024.jpg 482w, https:\/\/www.victorarandagarcia.es\/wp-content\/uploads\/producto-foto-estudio-141x300.jpg 141w, https:\/\/www.victorarandagarcia.es\/wp-content\/uploads\/producto-foto-estudio.jpg 706w\" sizes=\"(max-width: 482px) 100vw, 482px\" \/><\/figure><\/li><li class=\"blocks-gallery-item\"><figure><img data-attachment-id=\"1774\" data-permalink=\"https:\/\/www.victorarandagarcia.es\/producto-fondo-blanco\/\" data-orig-file=\"https:\/\/www.victorarandagarcia.es\/wp-content\/uploads\/producto-fondo-blanco.jpg\" data-orig-size=\"1200,1800\" data-comments-opened=\"0\" data-image-meta=\"{&quot;aperture&quot;:&quot;9&quot;,&quot;credit&quot;:&quot;&quot;,&quot;camera&quot;:&quot;Canon EOS 50D&quot;,&quot;caption&quot;:&quot;&quot;,&quot;created_timestamp&quot;:&quot;1349379015&quot;,&quot;copyright&quot;:&quot;&quot;,&quot;focal_length&quot;:&quot;50&quot;,&quot;iso&quot;:&quot;100&quot;,&quot;shutter_speed&quot;:&quot;0.0125&quot;,&quot;title&quot;:&quot;&quot;,&quot;orientation&quot;:&quot;1&quot;}\" data-image-title=\"producto-fondo-blanco\" data-image-description=\"\" data-image-caption=\"\" data-medium-file=\"https:\/\/www.victorarandagarcia.es\/wp-content\/uploads\/producto-fondo-blanco-200x300.jpg\" data-large-file=\"https:\/\/www.victorarandagarcia.es\/wp-content\/uploads\/producto-fondo-blanco-683x1024.jpg\" decoding=\"async\" loading=\"lazy\" width=\"683\" height=\"1024\" src=\"http:\/\/www.victorarandagarcia.es\/wp-content\/uploads\/producto-fondo-blanco-683x1024.jpg\" alt=\"\" data-id=\"1774\" data-link=\"http:\/\/www.victorarandagarcia.es\/producto-fondo-blanco\/\" class=\"wp-image-1774\" srcset=\"https:\/\/www.victorarandagarcia.es\/wp-content\/uploads\/producto-fondo-blanco-683x1024.jpg 683w, https:\/\/www.victorarandagarcia.es\/wp-content\/uploads\/producto-fondo-blanco-200x300.jpg 200w, https:\/\/www.victorarandagarcia.es\/wp-content\/uploads\/producto-fondo-blanco-768x1152.jpg 768w, https:\/\/www.victorarandagarcia.es\/wp-content\/uploads\/producto-fondo-blanco.jpg 1200w\" sizes=\"(max-width: 683px) 100vw, 683px\" \/><\/figure><\/li><li class=\"blocks-gallery-item\"><figure><img data-attachment-id=\"1780\" data-permalink=\"https:\/\/www.victorarandagarcia.es\/producto-lampara\/\" data-orig-file=\"https:\/\/www.victorarandagarcia.es\/wp-content\/uploads\/producto-lampara.jpg\" data-orig-size=\"642,1000\" data-comments-opened=\"0\" data-image-meta=\"{&quot;aperture&quot;:&quot;5.6&quot;,&quot;credit&quot;:&quot;Victor Aranda Garcia&quot;,&quot;camera&quot;:&quot;Canon EOS 50D&quot;,&quot;caption&quot;:&quot;&quot;,&quot;created_timestamp&quot;:&quot;1422299793&quot;,&quot;copyright&quot;:&quot;Victor Aranda Garcia&quot;,&quot;focal_length&quot;:&quot;34&quot;,&quot;iso&quot;:&quot;200&quot;,&quot;shutter_speed&quot;:&quot;0.008&quot;,&quot;title&quot;:&quot;&quot;,&quot;orientation&quot;:&quot;1&quot;}\" data-image-title=\"producto-lampara\" data-image-description=\"\" data-image-caption=\"\" data-medium-file=\"https:\/\/www.victorarandagarcia.es\/wp-content\/uploads\/producto-lampara-193x300.jpg\" data-large-file=\"https:\/\/www.victorarandagarcia.es\/wp-content\/uploads\/producto-lampara.jpg\" decoding=\"async\" loading=\"lazy\" width=\"642\" height=\"1000\" src=\"http:\/\/www.victorarandagarcia.es\/wp-content\/uploads\/producto-lampara.jpg\" alt=\"\" data-id=\"1780\" data-link=\"http:\/\/www.victorarandagarcia.es\/producto-lampara\/\" class=\"wp-image-1780\" srcset=\"https:\/\/www.victorarandagarcia.es\/wp-content\/uploads\/producto-lampara.jpg 642w, https:\/\/www.victorarandagarcia.es\/wp-content\/uploads\/producto-lampara-193x300.jpg 193w\" sizes=\"(max-width: 642px) 100vw, 642px\" \/><\/figure><\/li><li class=\"blocks-gallery-item\"><figure><img data-attachment-id=\"1776\" data-permalink=\"https:\/\/www.victorarandagarcia.es\/producto-fotografia-pimenton\/\" data-orig-file=\"https:\/\/www.victorarandagarcia.es\/wp-content\/uploads\/producto-fotografia-pimenton.jpg\" data-orig-size=\"1800,1200\" data-comments-opened=\"0\" data-image-meta=\"{&quot;aperture&quot;:&quot;11&quot;,&quot;credit&quot;:&quot;&quot;,&quot;camera&quot;:&quot;Canon EOS 50D&quot;,&quot;caption&quot;:&quot;&quot;,&quot;created_timestamp&quot;:&quot;1367413025&quot;,&quot;copyright&quot;:&quot;&quot;,&quot;focal_length&quot;:&quot;50&quot;,&quot;iso&quot;:&quot;100&quot;,&quot;shutter_speed&quot;:&quot;0.01&quot;,&quot;title&quot;:&quot;&quot;,&quot;orientation&quot;:&quot;1&quot;}\" data-image-title=\"producto-fotografia-pimenton\" data-image-description=\"\" data-image-caption=\"\" data-medium-file=\"https:\/\/www.victorarandagarcia.es\/wp-content\/uploads\/producto-fotografia-pimenton-300x200.jpg\" data-large-file=\"https:\/\/www.victorarandagarcia.es\/wp-content\/uploads\/producto-fotografia-pimenton-1024x683.jpg\" decoding=\"async\" loading=\"lazy\" width=\"1024\" height=\"683\" src=\"http:\/\/www.victorarandagarcia.es\/wp-content\/uploads\/producto-fotografia-pimenton-1024x683.jpg\" alt=\"\" data-id=\"1776\" data-link=\"http:\/\/www.victorarandagarcia.es\/producto-fotografia-pimenton\/\" class=\"wp-image-1776\" srcset=\"https:\/\/www.victorarandagarcia.es\/wp-content\/uploads\/producto-fotografia-pimenton-1024x683.jpg 1024w, https:\/\/www.victorarandagarcia.es\/wp-content\/uploads\/producto-fotografia-pimenton-300x200.jpg 300w, https:\/\/www.victorarandagarcia.es\/wp-content\/uploads\/producto-fotografia-pimenton-768x512.jpg 768w, https:\/\/www.victorarandagarcia.es\/wp-content\/uploads\/producto-fotografia-pimenton.jpg 1800w\" sizes=\"(max-width: 1024px) 100vw, 1024px\" \/><\/figure><\/li><li class=\"blocks-gallery-item\"><figure><img data-attachment-id=\"1779\" data-permalink=\"https:\/\/www.victorarandagarcia.es\/producto-mueble\/\" data-orig-file=\"https:\/\/www.victorarandagarcia.es\/wp-content\/uploads\/producto-mueble.jpg\" data-orig-size=\"1000,910\" data-comments-opened=\"0\" data-image-meta=\"{&quot;aperture&quot;:&quot;6.3&quot;,&quot;credit&quot;:&quot;Victor Aranda Garcia&quot;,&quot;camera&quot;:&quot;Canon EOS 50D&quot;,&quot;caption&quot;:&quot;&quot;,&quot;created_timestamp&quot;:&quot;1422298758&quot;,&quot;copyright&quot;:&quot;Victor Aranda Garcia&quot;,&quot;focal_length&quot;:&quot;21&quot;,&quot;iso&quot;:&quot;400&quot;,&quot;shutter_speed&quot;:&quot;0.0125&quot;,&quot;title&quot;:&quot;&quot;,&quot;orientation&quot;:&quot;1&quot;}\" data-image-title=\"producto-mueble\" data-image-description=\"\" data-image-caption=\"\" data-medium-file=\"https:\/\/www.victorarandagarcia.es\/wp-content\/uploads\/producto-mueble-300x273.jpg\" data-large-file=\"https:\/\/www.victorarandagarcia.es\/wp-content\/uploads\/producto-mueble.jpg\" decoding=\"async\" loading=\"lazy\" width=\"1000\" height=\"910\" src=\"http:\/\/www.victorarandagarcia.es\/wp-content\/uploads\/producto-mueble.jpg\" alt=\"\" data-id=\"1779\" data-link=\"http:\/\/www.victorarandagarcia.es\/producto-mueble\/\" class=\"wp-image-1779\" srcset=\"https:\/\/www.victorarandagarcia.es\/wp-content\/uploads\/producto-mueble.jpg 1000w, https:\/\/www.victorarandagarcia.es\/wp-content\/uploads\/producto-mueble-300x273.jpg 300w, https:\/\/www.victorarandagarcia.es\/wp-content\/uploads\/producto-mueble-768x699.jpg 768w\" sizes=\"(max-width: 1000px) 100vw, 1000px\" \/><\/figure><\/li><li class=\"blocks-gallery-item\"><figure><img data-attachment-id=\"1772\" data-permalink=\"https:\/\/www.victorarandagarcia.es\/producto-pie-de-ducha\/\" data-orig-file=\"https:\/\/www.victorarandagarcia.es\/wp-content\/uploads\/producto-pie-de-ducha.jpg\" data-orig-size=\"1477,985\" data-comments-opened=\"0\" data-image-meta=\"{&quot;aperture&quot;:&quot;11&quot;,&quot;credit&quot;:&quot;&quot;,&quot;camera&quot;:&quot;Canon EOS 6D&quot;,&quot;caption&quot;:&quot;&quot;,&quot;created_timestamp&quot;:&quot;1427734477&quot;,&quot;copyright&quot;:&quot;&quot;,&quot;focal_length&quot;:&quot;50&quot;,&quot;iso&quot;:&quot;320&quot;,&quot;shutter_speed&quot;:&quot;0.0125&quot;,&quot;title&quot;:&quot;&quot;,&quot;orientation&quot;:&quot;1&quot;}\" data-image-title=\"producto-pie-de-ducha\" data-image-description=\"\" data-image-caption=\"\" data-medium-file=\"https:\/\/www.victorarandagarcia.es\/wp-content\/uploads\/producto-pie-de-ducha-300x200.jpg\" data-large-file=\"https:\/\/www.victorarandagarcia.es\/wp-content\/uploads\/producto-pie-de-ducha-1024x683.jpg\" decoding=\"async\" loading=\"lazy\" width=\"1024\" height=\"683\" src=\"http:\/\/www.victorarandagarcia.es\/wp-content\/uploads\/producto-pie-de-ducha-1024x683.jpg\" alt=\"\" data-id=\"1772\" data-link=\"http:\/\/www.victorarandagarcia.es\/producto-pie-de-ducha\/\" class=\"wp-image-1772\" srcset=\"https:\/\/www.victorarandagarcia.es\/wp-content\/uploads\/producto-pie-de-ducha-1024x683.jpg 1024w, https:\/\/www.victorarandagarcia.es\/wp-content\/uploads\/producto-pie-de-ducha-300x200.jpg 300w, https:\/\/www.victorarandagarcia.es\/wp-content\/uploads\/producto-pie-de-ducha-768x512.jpg 768w, https:\/\/www.victorarandagarcia.es\/wp-content\/uploads\/producto-pie-de-ducha.jpg 1477w\" sizes=\"(max-width: 1024px) 100vw, 1024px\" \/><\/figure><\/li><li class=\"blocks-gallery-item\"><figure><img data-attachment-id=\"1781\" data-permalink=\"https:\/\/www.victorarandagarcia.es\/producto-interfono\/\" data-orig-file=\"https:\/\/www.victorarandagarcia.es\/wp-content\/uploads\/producto-interfono.jpg\" data-orig-size=\"367,550\" data-comments-opened=\"0\" data-image-meta=\"{&quot;aperture&quot;:&quot;9&quot;,&quot;credit&quot;:&quot;Victor Aranda Garcia&quot;,&quot;camera&quot;:&quot;Canon EOS 50D&quot;,&quot;caption&quot;:&quot;&quot;,&quot;created_timestamp&quot;:&quot;1276252362&quot;,&quot;copyright&quot;:&quot;&quot;,&quot;focal_length&quot;:&quot;39&quot;,&quot;iso&quot;:&quot;100&quot;,&quot;shutter_speed&quot;:&quot;0.025&quot;,&quot;title&quot;:&quot;&quot;,&quot;orientation&quot;:&quot;1&quot;}\" data-image-title=\"producto-interfono\" data-image-description=\"\" data-image-caption=\"\" data-medium-file=\"https:\/\/www.victorarandagarcia.es\/wp-content\/uploads\/producto-interfono-200x300.jpg\" data-large-file=\"https:\/\/www.victorarandagarcia.es\/wp-content\/uploads\/producto-interfono.jpg\" decoding=\"async\" loading=\"lazy\" width=\"367\" height=\"550\" src=\"http:\/\/www.victorarandagarcia.es\/wp-content\/uploads\/producto-interfono.jpg\" alt=\"\" data-id=\"1781\" data-link=\"http:\/\/www.victorarandagarcia.es\/producto-interfono\/\" class=\"wp-image-1781\" srcset=\"https:\/\/www.victorarandagarcia.es\/wp-content\/uploads\/producto-interfono.jpg 367w, https:\/\/www.victorarandagarcia.es\/wp-content\/uploads\/producto-interfono-200x300.jpg 200w\" sizes=\"(max-width: 367px) 100vw, 367px\" \/><\/figure><\/li><li class=\"blocks-gallery-item\"><figure><img data-attachment-id=\"1775\" data-permalink=\"https:\/\/www.victorarandagarcia.es\/producto-copa-vino\/\" data-orig-file=\"https:\/\/www.victorarandagarcia.es\/wp-content\/uploads\/producto-copa-vino.jpg\" data-orig-size=\"481,720\" data-comments-opened=\"0\" data-image-meta=\"{&quot;aperture&quot;:&quot;16&quot;,&quot;credit&quot;:&quot;Victor Aranda Garcia&quot;,&quot;camera&quot;:&quot;Canon EOS 50D&quot;,&quot;caption&quot;:&quot;&quot;,&quot;created_timestamp&quot;:&quot;1373917585&quot;,&quot;copyright&quot;:&quot;Victor Aranda Garcia&quot;,&quot;focal_length&quot;:&quot;50&quot;,&quot;iso&quot;:&quot;100&quot;,&quot;shutter_speed&quot;:&quot;0.0125&quot;,&quot;title&quot;:&quot;&quot;,&quot;orientation&quot;:&quot;1&quot;}\" data-image-title=\"producto-copa-vino\" data-image-description=\"\" data-image-caption=\"\" data-medium-file=\"https:\/\/www.victorarandagarcia.es\/wp-content\/uploads\/producto-copa-vino-200x300.jpg\" data-large-file=\"https:\/\/www.victorarandagarcia.es\/wp-content\/uploads\/producto-copa-vino.jpg\" decoding=\"async\" loading=\"lazy\" width=\"481\" height=\"720\" src=\"http:\/\/www.victorarandagarcia.es\/wp-content\/uploads\/producto-copa-vino.jpg\" alt=\"\" data-id=\"1775\" data-link=\"http:\/\/www.victorarandagarcia.es\/producto-copa-vino\/\" class=\"wp-image-1775\" srcset=\"https:\/\/www.victorarandagarcia.es\/wp-content\/uploads\/producto-copa-vino.jpg 481w, https:\/\/www.victorarandagarcia.es\/wp-content\/uploads\/producto-copa-vino-200x300.jpg 200w\" sizes=\"(max-width: 481px) 100vw, 481px\" \/><\/figure><\/li><li class=\"blocks-gallery-item\"><figure><img data-attachment-id=\"1777\" data-permalink=\"https:\/\/www.victorarandagarcia.es\/producto-estudio-vino\/\" data-orig-file=\"https:\/\/www.victorarandagarcia.es\/wp-content\/uploads\/producto-estudio-vino.jpg\" data-orig-size=\"589,720\" data-comments-opened=\"0\" data-image-meta=\"{&quot;aperture&quot;:&quot;16&quot;,&quot;credit&quot;:&quot;Victor Aranda Garcia&quot;,&quot;camera&quot;:&quot;Canon EOS 50D&quot;,&quot;caption&quot;:&quot;&quot;,&quot;created_timestamp&quot;:&quot;1376413795&quot;,&quot;copyright&quot;:&quot;Victor Aranda Garcia&quot;,&quot;focal_length&quot;:&quot;50&quot;,&quot;iso&quot;:&quot;100&quot;,&quot;shutter_speed&quot;:&quot;0.0125&quot;,&quot;title&quot;:&quot;&quot;,&quot;orientation&quot;:&quot;1&quot;}\" data-image-title=\"producto-estudio-vino\" data-image-description=\"\" data-image-caption=\"\" data-medium-file=\"https:\/\/www.victorarandagarcia.es\/wp-content\/uploads\/producto-estudio-vino-245x300.jpg\" data-large-file=\"https:\/\/www.victorarandagarcia.es\/wp-content\/uploads\/producto-estudio-vino.jpg\" decoding=\"async\" loading=\"lazy\" width=\"589\" height=\"720\" src=\"http:\/\/www.victorarandagarcia.es\/wp-content\/uploads\/producto-estudio-vino.jpg\" alt=\"\" data-id=\"1777\" data-link=\"http:\/\/www.victorarandagarcia.es\/producto-estudio-vino\/\" class=\"wp-image-1777\" srcset=\"https:\/\/www.victorarandagarcia.es\/wp-content\/uploads\/producto-estudio-vino.jpg 589w, https:\/\/www.victorarandagarcia.es\/wp-content\/uploads\/producto-estudio-vino-245x300.jpg 245w\" sizes=\"(max-width: 589px) 100vw, 589px\" \/><\/figure><\/li><\/ul>\n","protected":false},"excerpt":{"rendered":"<p>\u00bfNecesitas fotograf\u00edas de tus productos para tu p\u00e1gina web, comercio electr\u00f3nico, cat\u00e1logos o publicidad? Podemos hacer las fotos que necesitas en nuestro estudio o, si se requiere, en las instalaciones de tu empresa. &hellip; <a href=\"https:\/\/www.victorarandagarcia.es\/index.php\/estudio\/producto\/fotografia-de-producto\/\" class=\"more-link\"><span>Continuar<span class=\"screen-reader-text\">Fotograf\u00eda de Producto<\/span><\/span><\/a><\/p>\n","protected":false},"author":1,"featured_media":1782,"comment_status":"closed","ping_status":"open","sticky":false,"template":"","format":"standard","meta":{"jetpack_post_was_ever_published":false,"_jetpack_newsletter_access":"","_jetpack_dont_email_post_to_subs":false,"_jetpack_newsletter_tier_id":0,"_jetpack_memberships_contains_paywalled_content":false,"footnotes":"","_jetpack_memberships_contains_paid_content":false},"categories":[62],"tags":[34],"yoast_head":"<!-- This site is optimized with the Yoast SEO plugin v22.6 - https:\/\/yoast.com\/wordpress\/plugins\/seo\/ -->\n<title>Fotograf\u00eda de Producto - arte y estudio<\/title>\n<meta name=\"robots\" content=\"index, follow, max-snippet:-1, max-image-preview:large, max-video-preview:-1\" \/>\n<link rel=\"canonical\" href=\"https:\/\/www.victorarandagarcia.es\/index.php\/estudio\/producto\/fotografia-de-producto\/\" \/>\n<meta property=\"og:locale\" content=\"es_ES\" \/>\n<meta property=\"og:type\" content=\"article\" \/>\n<meta property=\"og:title\" content=\"Fotograf\u00eda de Producto - arte y estudio\" \/>\n<meta property=\"og:description\" content=\"\u00bfNecesitas fotograf\u00edas de tus productos para tu p\u00e1gina web, comercio electr\u00f3nico, cat\u00e1logos o publicidad? Podemos hacer las fotos que necesitas en nuestro estudio o, si se requiere, en las instalaciones de tu empresa. &hellip; ContinuarFotograf\u00eda de Producto\" \/>\n<meta property=\"og:url\" content=\"https:\/\/www.victorarandagarcia.es\/index.php\/estudio\/producto\/fotografia-de-producto\/\" \/>\n<meta property=\"og:site_name\" content=\"arte y estudio\" \/>\n<meta property=\"article:published_time\" content=\"2019-05-15T20:20:07+00:00\" \/>\n<meta property=\"article:modified_time\" content=\"2019-05-27T15:50:28+00:00\" \/>\n<meta property=\"og:image\" content=\"https:\/\/www.victorarandagarcia.es\/wp-content\/uploads\/producto-frasco-perfume-1.jpg\" \/>\n\t<meta property=\"og:image:width\" content=\"405\" \/>\n\t<meta property=\"og:image:height\" content=\"680\" \/>\n\t<meta property=\"og:image:type\" content=\"image\/jpeg\" \/>\n<meta name=\"author\" content=\"victorarandagarcia\" \/>\n<meta name=\"twitter:card\" content=\"summary_large_image\" \/>\n<meta name=\"twitter:label1\" content=\"Escrito por\" \/>\n\t<meta name=\"twitter:data1\" content=\"victorarandagarcia\" \/>\n<script type=\"application\/ld+json\" class=\"yoast-schema-graph\">{\"@context\":\"https:\/\/schema.org\",\"@graph\":[{\"@type\":\"Article\",\"@id\":\"https:\/\/www.victorarandagarcia.es\/index.php\/estudio\/producto\/fotografia-de-producto\/#article\",\"isPartOf\":{\"@id\":\"https:\/\/www.victorarandagarcia.es\/index.php\/estudio\/producto\/fotografia-de-producto\/\"},\"author\":{\"name\":\"victorarandagarcia\",\"@id\":\"https:\/\/www.victorarandagarcia.es\/#\/schema\/person\/bfa9c61a3776d517deeee5f9386ef302\"},\"headline\":\"Fotograf\u00eda de Producto\",\"datePublished\":\"2019-05-15T20:20:07+00:00\",\"dateModified\":\"2019-05-27T15:50:28+00:00\",\"mainEntityOfPage\":{\"@id\":\"https:\/\/www.victorarandagarcia.es\/index.php\/estudio\/producto\/fotografia-de-producto\/\"},\"wordCount\":46,\"publisher\":{\"@id\":\"https:\/\/www.victorarandagarcia.es\/#organization\"},\"image\":{\"@id\":\"https:\/\/www.victorarandagarcia.es\/index.php\/estudio\/producto\/fotografia-de-producto\/#primaryimage\"},\"thumbnailUrl\":\"https:\/\/www.victorarandagarcia.es\/wp-content\/uploads\/producto-frasco-perfume-1.jpg\",\"keywords\":[\"estudio\"],\"articleSection\":[\"producto\"],\"inLanguage\":\"es\"},{\"@type\":\"WebPage\",\"@id\":\"https:\/\/www.victorarandagarcia.es\/index.php\/estudio\/producto\/fotografia-de-producto\/\",\"url\":\"https:\/\/www.victorarandagarcia.es\/index.php\/estudio\/producto\/fotografia-de-producto\/\",\"name\":\"Fotograf\u00eda de Producto - arte y estudio\",\"isPartOf\":{\"@id\":\"https:\/\/www.victorarandagarcia.es\/#website\"},\"primaryImageOfPage\":{\"@id\":\"https:\/\/www.victorarandagarcia.es\/index.php\/estudio\/producto\/fotografia-de-producto\/#primaryimage\"},\"image\":{\"@id\":\"https:\/\/www.victorarandagarcia.es\/index.php\/estudio\/producto\/fotografia-de-producto\/#primaryimage\"},\"thumbnailUrl\":\"https:\/\/www.victorarandagarcia.es\/wp-content\/uploads\/producto-frasco-perfume-1.jpg\",\"datePublished\":\"2019-05-15T20:20:07+00:00\",\"dateModified\":\"2019-05-27T15:50:28+00:00\",\"breadcrumb\":{\"@id\":\"https:\/\/www.victorarandagarcia.es\/index.php\/estudio\/producto\/fotografia-de-producto\/#breadcrumb\"},\"inLanguage\":\"es\",\"potentialAction\":[{\"@type\":\"ReadAction\",\"target\":[\"https:\/\/www.victorarandagarcia.es\/index.php\/estudio\/producto\/fotografia-de-producto\/\"]}]},{\"@type\":\"ImageObject\",\"inLanguage\":\"es\",\"@id\":\"https:\/\/www.victorarandagarcia.es\/index.php\/estudio\/producto\/fotografia-de-producto\/#primaryimage\",\"url\":\"https:\/\/www.victorarandagarcia.es\/wp-content\/uploads\/producto-frasco-perfume-1.jpg\",\"contentUrl\":\"https:\/\/www.victorarandagarcia.es\/wp-content\/uploads\/producto-frasco-perfume-1.jpg\",\"width\":405,\"height\":680},{\"@type\":\"BreadcrumbList\",\"@id\":\"https:\/\/www.victorarandagarcia.es\/index.php\/estudio\/producto\/fotografia-de-producto\/#breadcrumb\",\"itemListElement\":[{\"@type\":\"ListItem\",\"position\":1,\"name\":\"Portada\",\"item\":\"https:\/\/www.victorarandagarcia.es\/\"},{\"@type\":\"ListItem\",\"position\":2,\"name\":\"Fotograf\u00eda de Producto\"}]},{\"@type\":\"WebSite\",\"@id\":\"https:\/\/www.victorarandagarcia.es\/#website\",\"url\":\"https:\/\/www.victorarandagarcia.es\/\",\"name\":\"arte y estudio\",\"description\":\"Fot\u00f3grafo\",\"publisher\":{\"@id\":\"https:\/\/www.victorarandagarcia.es\/#organization\"},\"potentialAction\":[{\"@type\":\"SearchAction\",\"target\":{\"@type\":\"EntryPoint\",\"urlTemplate\":\"https:\/\/www.victorarandagarcia.es\/?s={search_term_string}\"},\"query-input\":\"required name=search_term_string\"}],\"inLanguage\":\"es\"},{\"@type\":\"Organization\",\"@id\":\"https:\/\/www.victorarandagarcia.es\/#organization\",\"name\":\"arte y estudio\",\"url\":\"https:\/\/www.victorarandagarcia.es\/\",\"logo\":{\"@type\":\"ImageObject\",\"inLanguage\":\"es\",\"@id\":\"https:\/\/www.victorarandagarcia.es\/#\/schema\/logo\/image\/\",\"url\":\"https:\/\/www.victorarandagarcia.es\/wp-content\/uploads\/2019\/03\/logo-fotografo.png\",\"contentUrl\":\"https:\/\/www.victorarandagarcia.es\/wp-content\/uploads\/2019\/03\/logo-fotografo.png\",\"width\":150,\"height\":150,\"caption\":\"arte y estudio\"},\"image\":{\"@id\":\"https:\/\/www.victorarandagarcia.es\/#\/schema\/logo\/image\/\"}},{\"@type\":\"Person\",\"@id\":\"https:\/\/www.victorarandagarcia.es\/#\/schema\/person\/bfa9c61a3776d517deeee5f9386ef302\",\"name\":\"victorarandagarcia\",\"image\":{\"@type\":\"ImageObject\",\"inLanguage\":\"es\",\"@id\":\"https:\/\/www.victorarandagarcia.es\/#\/schema\/person\/image\/\",\"url\":\"https:\/\/secure.gravatar.com\/avatar\/957a01ac23a6393e755ae8225c35dbdb?s=96&d=mm&r=g\",\"contentUrl\":\"https:\/\/secure.gravatar.com\/avatar\/957a01ac23a6393e755ae8225c35dbdb?s=96&d=mm&r=g\",\"caption\":\"victorarandagarcia\"}}]}<\/script>\n<!-- \/ Yoast SEO plugin. -->","yoast_head_json":{"title":"Fotograf\u00eda de Producto - arte y estudio","robots":{"index":"index","follow":"follow","max-snippet":"max-snippet:-1","max-image-preview":"max-image-preview:large","max-video-preview":"max-video-preview:-1"},"canonical":"https:\/\/www.victorarandagarcia.es\/index.php\/estudio\/producto\/fotografia-de-producto\/","og_locale":"es_ES","og_type":"article","og_title":"Fotograf\u00eda de Producto - arte y estudio","og_description":"\u00bfNecesitas fotograf\u00edas de tus productos para tu p\u00e1gina web, comercio electr\u00f3nico, cat\u00e1logos o publicidad? Podemos hacer las fotos que necesitas en nuestro estudio o, si se requiere, en las instalaciones de tu empresa. &hellip; ContinuarFotograf\u00eda de Producto","og_url":"https:\/\/www.victorarandagarcia.es\/index.php\/estudio\/producto\/fotografia-de-producto\/","og_site_name":"arte y estudio","article_published_time":"2019-05-15T20:20:07+00:00","article_modified_time":"2019-05-27T15:50:28+00:00","og_image":[{"width":405,"height":680,"url":"https:\/\/www.victorarandagarcia.es\/wp-content\/uploads\/producto-frasco-perfume-1.jpg","type":"image\/jpeg"}],"author":"victorarandagarcia","twitter_card":"summary_large_image","twitter_misc":{"Escrito por":"victorarandagarcia"},"schema":{"@context":"https:\/\/schema.org","@graph":[{"@type":"Article","@id":"https:\/\/www.victorarandagarcia.es\/index.php\/estudio\/producto\/fotografia-de-producto\/#article","isPartOf":{"@id":"https:\/\/www.victorarandagarcia.es\/index.php\/estudio\/producto\/fotografia-de-producto\/"},"author":{"name":"victorarandagarcia","@id":"https:\/\/www.victorarandagarcia.es\/#\/schema\/person\/bfa9c61a3776d517deeee5f9386ef302"},"headline":"Fotograf\u00eda de Producto","datePublished":"2019-05-15T20:20:07+00:00","dateModified":"2019-05-27T15:50:28+00:00","mainEntityOfPage":{"@id":"https:\/\/www.victorarandagarcia.es\/index.php\/estudio\/producto\/fotografia-de-producto\/"},"wordCount":46,"publisher":{"@id":"https:\/\/www.victorarandagarcia.es\/#organization"},"image":{"@id":"https:\/\/www.victorarandagarcia.es\/index.php\/estudio\/producto\/fotografia-de-producto\/#primaryimage"},"thumbnailUrl":"https:\/\/www.victorarandagarcia.es\/wp-content\/uploads\/producto-frasco-perfume-1.jpg","keywords":["estudio"],"articleSection":["producto"],"inLanguage":"es"},{"@type":"WebPage","@id":"https:\/\/www.victorarandagarcia.es\/index.php\/estudio\/producto\/fotografia-de-producto\/","url":"https:\/\/www.victorarandagarcia.es\/index.php\/estudio\/producto\/fotografia-de-producto\/","name":"Fotograf\u00eda de Producto - arte y estudio","isPartOf":{"@id":"https:\/\/www.victorarandagarcia.es\/#website"},"primaryImageOfPage":{"@id":"https:\/\/www.victorarandagarcia.es\/index.php\/estudio\/producto\/fotografia-de-producto\/#primaryimage"},"image":{"@id":"https:\/\/www.victorarandagarcia.es\/index.php\/estudio\/producto\/fotografia-de-producto\/#primaryimage"},"thumbnailUrl":"https:\/\/www.victorarandagarcia.es\/wp-content\/uploads\/producto-frasco-perfume-1.jpg","datePublished":"2019-05-15T20:20:07+00:00","dateModified":"2019-05-27T15:50:28+00:00","breadcrumb":{"@id":"https:\/\/www.victorarandagarcia.es\/index.php\/estudio\/producto\/fotografia-de-producto\/#breadcrumb"},"inLanguage":"es","potentialAction":[{"@type":"ReadAction","target":["https:\/\/www.victorarandagarcia.es\/index.php\/estudio\/producto\/fotografia-de-producto\/"]}]},{"@type":"ImageObject","inLanguage":"es","@id":"https:\/\/www.victorarandagarcia.es\/index.php\/estudio\/producto\/fotografia-de-producto\/#primaryimage","url":"https:\/\/www.victorarandagarcia.es\/wp-content\/uploads\/producto-frasco-perfume-1.jpg","contentUrl":"https:\/\/www.victorarandagarcia.es\/wp-content\/uploads\/producto-frasco-perfume-1.jpg","width":405,"height":680},{"@type":"BreadcrumbList","@id":"https:\/\/www.victorarandagarcia.es\/index.php\/estudio\/producto\/fotografia-de-producto\/#breadcrumb","itemListElement":[{"@type":"ListItem","position":1,"name":"Portada","item":"https:\/\/www.victorarandagarcia.es\/"},{"@type":"ListItem","position":2,"name":"Fotograf\u00eda de Producto"}]},{"@type":"WebSite","@id":"https:\/\/www.victorarandagarcia.es\/#website","url":"https:\/\/www.victorarandagarcia.es\/","name":"arte y estudio","description":"Fot\u00f3grafo","publisher":{"@id":"https:\/\/www.victorarandagarcia.es\/#organization"},"potentialAction":[{"@type":"SearchAction","target":{"@type":"EntryPoint","urlTemplate":"https:\/\/www.victorarandagarcia.es\/?s={search_term_string}"},"query-input":"required name=search_term_string"}],"inLanguage":"es"},{"@type":"Organization","@id":"https:\/\/www.victorarandagarcia.es\/#organization","name":"arte y estudio","url":"https:\/\/www.victorarandagarcia.es\/","logo":{"@type":"ImageObject","inLanguage":"es","@id":"https:\/\/www.victorarandagarcia.es\/#\/schema\/logo\/image\/","url":"https:\/\/www.victorarandagarcia.es\/wp-content\/uploads\/2019\/03\/logo-fotografo.png","contentUrl":"https:\/\/www.victorarandagarcia.es\/wp-content\/uploads\/2019\/03\/logo-fotografo.png","width":150,"height":150,"caption":"arte y estudio"},"image":{"@id":"https:\/\/www.victorarandagarcia.es\/#\/schema\/logo\/image\/"}},{"@type":"Person","@id":"https:\/\/www.victorarandagarcia.es\/#\/schema\/person\/bfa9c61a3776d517deeee5f9386ef302","name":"victorarandagarcia","image":{"@type":"ImageObject","inLanguage":"es","@id":"https:\/\/www.victorarandagarcia.es\/#\/schema\/person\/image\/","url":"https:\/\/secure.gravatar.com\/avatar\/957a01ac23a6393e755ae8225c35dbdb?s=96&d=mm&r=g","contentUrl":"https:\/\/secure.gravatar.com\/avatar\/957a01ac23a6393e755ae8225c35dbdb?s=96&d=mm&r=g","caption":"victorarandagarcia"}}]}},"jetpack_featured_media_url":"https:\/\/www.victorarandagarcia.es\/wp-content\/uploads\/producto-frasco-perfume-1.jpg","jetpack_sharing_enabled":true,"_links":{"self":[{"href":"https:\/\/www.victorarandagarcia.es\/index.php\/wp-json\/wp\/v2\/posts\/1769"}],"collection":[{"href":"https:\/\/www.victorarandagarcia.es\/index.php\/wp-json\/wp\/v2\/posts"}],"about":[{"href":"https:\/\/www.victorarandagarcia.es\/index.php\/wp-json\/wp\/v2\/types\/post"}],"author":[{"embeddable":true,"href":"https:\/\/www.victorarandagarcia.es\/index.php\/wp-json\/wp\/v2\/users\/1"}],"replies":[{"embeddable":true,"href":"https:\/\/www.victorarandagarcia.es\/index.php\/wp-json\/wp\/v2\/comments?post=1769"}],"version-history":[{"count":5,"href":"https:\/\/www.victorarandagarcia.es\/index.php\/wp-json\/wp\/v2\/posts\/1769\/revisions"}],"predecessor-version":[{"id":1901,"href":"https:\/\/www.victorarandagarcia.es\/index.php\/wp-json\/wp\/v2\/posts\/1769\/revisions\/1901"}],"wp:featuredmedia":[{"embeddable":true,"href":"https:\/\/www.victorarandagarcia.es\/index.php\/wp-json\/wp\/v2\/media\/1782"}],"wp:attachment":[{"href":"https:\/\/www.victorarandagarcia.es\/index.php\/wp-json\/wp\/v2\/media?parent=1769"}],"wp:term":[{"taxonomy":"category","embeddable":true,"href":"https:\/\/www.victorarandagarcia.es\/index.php\/wp-json\/wp\/v2\/categories?post=1769"},{"taxonomy":"post_tag","embeddable":true,"href":"https:\/\/www.victorarandagarcia.es\/index.php\/wp-json\/wp\/v2\/tags?post=1769"}],"curies":[{"name":"wp","href":"https:\/\/api.w.org\/{rel}","templated":true}]}}