{"id":1761,"date":"2019-05-15T21:46:01","date_gmt":"2019-05-15T19:46:01","guid":{"rendered":"http:\/\/www.victorarandagarcia.es\/?p=1761"},"modified":"2019-05-15T21:52:49","modified_gmt":"2019-05-15T19:52:49","slug":"retrato-en-estudio","status":"publish","type":"post","link":"https:\/\/www.victorarandagarcia.es\/index.php\/estudio\/retrato-estudio\/retrato-en-estudio\/","title":{"rendered":"Retrato en estudio"},"content":{"rendered":"\n<p>El retrato en estudio permite controlar la luz para lograr el efecto deseado mediante flashes, pantallas y paraguas. La duraci\u00f3n de la sesi\u00f3n y el formato de entrega de las fotograf\u00ed\u00adas es totalmente personalizable. Pide tu presupuesto sin compromiso.<\/p>\n\n\n\n<ul class=\"wp-block-gallery columns-3 is-cropped wp-block-gallery-1 is-layout-flex wp-block-gallery-is-layout-flex\"><li class=\"blocks-gallery-item\"><figure><img data-attachment-id=\"530\" data-permalink=\"https:\/\/www.victorarandagarcia.es\/estudio-022-fotografia-de-estudio-para-book-2\/\" data-orig-file=\"https:\/\/www.victorarandagarcia.es\/wp-content\/uploads\/estudio-022-Fotografia-de-estudio-para-book-1.jpg\" data-orig-size=\"401,600\" data-comments-opened=\"0\" data-image-meta=\"{&quot;aperture&quot;:&quot;7.1&quot;,&quot;credit&quot;:&quot;&quot;,&quot;camera&quot;:&quot;Canon EOS 400D DIGITAL&quot;,&quot;caption&quot;:&quot;&quot;,&quot;created_timestamp&quot;:&quot;1236347912&quot;,&quot;copyright&quot;:&quot;&quot;,&quot;focal_length&quot;:&quot;49&quot;,&quot;iso&quot;:&quot;200&quot;,&quot;shutter_speed&quot;:&quot;0.025&quot;,&quot;title&quot;:&quot;&quot;,&quot;orientation&quot;:&quot;1&quot;}\" data-image-title=\"estudio-022 Fotografia de estudio para book\" data-image-description=\"\" data-image-caption=\"\" data-medium-file=\"https:\/\/www.victorarandagarcia.es\/wp-content\/uploads\/estudio-022-Fotografia-de-estudio-para-book-1-201x300.jpg\" data-large-file=\"https:\/\/www.victorarandagarcia.es\/wp-content\/uploads\/estudio-022-Fotografia-de-estudio-para-book-1.jpg\" decoding=\"async\" loading=\"lazy\" width=\"401\" height=\"600\" src=\"http:\/\/www.victorarandagarcia.es\/wp-content\/uploads\/estudio-022-Fotografia-de-estudio-para-book-1.jpg\" alt=\"\" data-id=\"530\" data-link=\"http:\/\/www.victorarandagarcia.es\/estudio-022-fotografia-de-estudio-para-book-2\/\" class=\"wp-image-530\" srcset=\"https:\/\/www.victorarandagarcia.es\/wp-content\/uploads\/estudio-022-Fotografia-de-estudio-para-book-1.jpg 401w, https:\/\/www.victorarandagarcia.es\/wp-content\/uploads\/estudio-022-Fotografia-de-estudio-para-book-1-201x300.jpg 201w\" sizes=\"(max-width: 401px) 100vw, 401px\" \/><\/figure><\/li><li class=\"blocks-gallery-item\"><figure><img data-attachment-id=\"529\" data-permalink=\"https:\/\/www.victorarandagarcia.es\/estudio-086-sesion-de-estudio-2\/\" data-orig-file=\"https:\/\/www.victorarandagarcia.es\/wp-content\/uploads\/estudio-086-Sesion-de-estudio-1.jpg\" data-orig-size=\"600,436\" data-comments-opened=\"0\" data-image-meta=\"{&quot;aperture&quot;:&quot;0&quot;,&quot;credit&quot;:&quot;&quot;,&quot;camera&quot;:&quot;&quot;,&quot;caption&quot;:&quot;&quot;,&quot;created_timestamp&quot;:&quot;0&quot;,&quot;copyright&quot;:&quot;&quot;,&quot;focal_length&quot;:&quot;0&quot;,&quot;iso&quot;:&quot;0&quot;,&quot;shutter_speed&quot;:&quot;0&quot;,&quot;title&quot;:&quot;&quot;,&quot;orientation&quot;:&quot;0&quot;}\" data-image-title=\"estudio-086 Sesion de estudio\" data-image-description=\"\" data-image-caption=\"\" data-medium-file=\"https:\/\/www.victorarandagarcia.es\/wp-content\/uploads\/estudio-086-Sesion-de-estudio-1-300x218.jpg\" data-large-file=\"https:\/\/www.victorarandagarcia.es\/wp-content\/uploads\/estudio-086-Sesion-de-estudio-1.jpg\" decoding=\"async\" loading=\"lazy\" width=\"600\" height=\"436\" src=\"http:\/\/www.victorarandagarcia.es\/wp-content\/uploads\/estudio-086-Sesion-de-estudio-1.jpg\" alt=\"\" data-id=\"529\" data-link=\"http:\/\/www.victorarandagarcia.es\/estudio-086-sesion-de-estudio-2\/\" class=\"wp-image-529\" srcset=\"https:\/\/www.victorarandagarcia.es\/wp-content\/uploads\/estudio-086-Sesion-de-estudio-1.jpg 600w, https:\/\/www.victorarandagarcia.es\/wp-content\/uploads\/estudio-086-Sesion-de-estudio-1-300x218.jpg 300w\" sizes=\"(max-width: 600px) 100vw, 600px\" \/><\/figure><\/li><li class=\"blocks-gallery-item\"><figure><img data-attachment-id=\"528\" data-permalink=\"https:\/\/www.victorarandagarcia.es\/estudio-056-retrato-en-estudio-2\/\" data-orig-file=\"https:\/\/www.victorarandagarcia.es\/wp-content\/uploads\/estudio-056-Retrato-en-estudio-1.jpg\" data-orig-size=\"402,600\" data-comments-opened=\"0\" data-image-meta=\"{&quot;aperture&quot;:&quot;0&quot;,&quot;credit&quot;:&quot;&quot;,&quot;camera&quot;:&quot;&quot;,&quot;caption&quot;:&quot;&quot;,&quot;created_timestamp&quot;:&quot;0&quot;,&quot;copyright&quot;:&quot;&quot;,&quot;focal_length&quot;:&quot;0&quot;,&quot;iso&quot;:&quot;0&quot;,&quot;shutter_speed&quot;:&quot;0&quot;,&quot;title&quot;:&quot;&quot;,&quot;orientation&quot;:&quot;0&quot;}\" data-image-title=\"estudio-056 Retrato en estudio\" data-image-description=\"\" data-image-caption=\"\" data-medium-file=\"https:\/\/www.victorarandagarcia.es\/wp-content\/uploads\/estudio-056-Retrato-en-estudio-1-201x300.jpg\" data-large-file=\"https:\/\/www.victorarandagarcia.es\/wp-content\/uploads\/estudio-056-Retrato-en-estudio-1.jpg\" decoding=\"async\" loading=\"lazy\" width=\"402\" height=\"600\" src=\"http:\/\/www.victorarandagarcia.es\/wp-content\/uploads\/estudio-056-Retrato-en-estudio-1.jpg\" alt=\"\" data-id=\"528\" data-link=\"http:\/\/www.victorarandagarcia.es\/estudio-056-retrato-en-estudio-2\/\" class=\"wp-image-528\" srcset=\"https:\/\/www.victorarandagarcia.es\/wp-content\/uploads\/estudio-056-Retrato-en-estudio-1.jpg 402w, https:\/\/www.victorarandagarcia.es\/wp-content\/uploads\/estudio-056-Retrato-en-estudio-1-201x300.jpg 201w\" sizes=\"(max-width: 402px) 100vw, 402px\" \/><\/figure><\/li><li class=\"blocks-gallery-item\"><figure><img data-attachment-id=\"527\" data-permalink=\"https:\/\/www.victorarandagarcia.es\/estudio-053-retrato-de-estudio-en-valencia-2\/\" data-orig-file=\"https:\/\/www.victorarandagarcia.es\/wp-content\/uploads\/estudio-053-Retrato-de-Estudio-en-Valencia-1.jpg\" data-orig-size=\"401,600\" data-comments-opened=\"0\" data-image-meta=\"{&quot;aperture&quot;:&quot;0&quot;,&quot;credit&quot;:&quot;&quot;,&quot;camera&quot;:&quot;&quot;,&quot;caption&quot;:&quot;&quot;,&quot;created_timestamp&quot;:&quot;0&quot;,&quot;copyright&quot;:&quot;&quot;,&quot;focal_length&quot;:&quot;0&quot;,&quot;iso&quot;:&quot;0&quot;,&quot;shutter_speed&quot;:&quot;0&quot;,&quot;title&quot;:&quot;&quot;,&quot;orientation&quot;:&quot;0&quot;}\" data-image-title=\"estudio-053 Retrato de Estudio en Valencia\" data-image-description=\"\" data-image-caption=\"\" data-medium-file=\"https:\/\/www.victorarandagarcia.es\/wp-content\/uploads\/estudio-053-Retrato-de-Estudio-en-Valencia-1-201x300.jpg\" data-large-file=\"https:\/\/www.victorarandagarcia.es\/wp-content\/uploads\/estudio-053-Retrato-de-Estudio-en-Valencia-1.jpg\" decoding=\"async\" loading=\"lazy\" width=\"401\" height=\"600\" src=\"http:\/\/www.victorarandagarcia.es\/wp-content\/uploads\/estudio-053-Retrato-de-Estudio-en-Valencia-1.jpg\" alt=\"\" data-id=\"527\" data-link=\"http:\/\/www.victorarandagarcia.es\/estudio-053-retrato-de-estudio-en-valencia-2\/\" class=\"wp-image-527\" srcset=\"https:\/\/www.victorarandagarcia.es\/wp-content\/uploads\/estudio-053-Retrato-de-Estudio-en-Valencia-1.jpg 401w, https:\/\/www.victorarandagarcia.es\/wp-content\/uploads\/estudio-053-Retrato-de-Estudio-en-Valencia-1-201x300.jpg 201w\" sizes=\"(max-width: 401px) 100vw, 401px\" \/><\/figure><\/li><li class=\"blocks-gallery-item\"><figure><img data-attachment-id=\"526\" data-permalink=\"https:\/\/www.victorarandagarcia.es\/estudio-134-retrato-de-estudio-2\/\" data-orig-file=\"https:\/\/www.victorarandagarcia.es\/wp-content\/uploads\/estudio-134-Retrato-de-Estudio-1.jpg\" data-orig-size=\"402,600\" data-comments-opened=\"0\" data-image-meta=\"{&quot;aperture&quot;:&quot;0&quot;,&quot;credit&quot;:&quot;Victor Aranda Garcia&quot;,&quot;camera&quot;:&quot;&quot;,&quot;caption&quot;:&quot;&quot;,&quot;created_timestamp&quot;:&quot;0&quot;,&quot;copyright&quot;:&quot;&quot;,&quot;focal_length&quot;:&quot;0&quot;,&quot;iso&quot;:&quot;0&quot;,&quot;shutter_speed&quot;:&quot;0&quot;,&quot;title&quot;:&quot;&quot;,&quot;orientation&quot;:&quot;0&quot;}\" data-image-title=\"estudio-134 Retrato de Estudio\" data-image-description=\"\" data-image-caption=\"\" data-medium-file=\"https:\/\/www.victorarandagarcia.es\/wp-content\/uploads\/estudio-134-Retrato-de-Estudio-1-201x300.jpg\" data-large-file=\"https:\/\/www.victorarandagarcia.es\/wp-content\/uploads\/estudio-134-Retrato-de-Estudio-1.jpg\" decoding=\"async\" loading=\"lazy\" width=\"402\" height=\"600\" src=\"http:\/\/www.victorarandagarcia.es\/wp-content\/uploads\/estudio-134-Retrato-de-Estudio-1.jpg\" alt=\"\" data-id=\"526\" data-link=\"http:\/\/www.victorarandagarcia.es\/estudio-134-retrato-de-estudio-2\/\" class=\"wp-image-526\" srcset=\"https:\/\/www.victorarandagarcia.es\/wp-content\/uploads\/estudio-134-Retrato-de-Estudio-1.jpg 402w, https:\/\/www.victorarandagarcia.es\/wp-content\/uploads\/estudio-134-Retrato-de-Estudio-1-201x300.jpg 201w\" sizes=\"(max-width: 402px) 100vw, 402px\" \/><\/figure><\/li><li class=\"blocks-gallery-item\"><figure><img data-attachment-id=\"525\" data-permalink=\"https:\/\/www.victorarandagarcia.es\/estudio-020-retrato-en-estudio-2\/\" data-orig-file=\"https:\/\/www.victorarandagarcia.es\/wp-content\/uploads\/estudio-020-Retrato-en-estudio-1.jpg\" data-orig-size=\"481,720\" data-comments-opened=\"0\" data-image-meta=\"{&quot;aperture&quot;:&quot;0&quot;,&quot;credit&quot;:&quot;&quot;,&quot;camera&quot;:&quot;&quot;,&quot;caption&quot;:&quot;&quot;,&quot;created_timestamp&quot;:&quot;0&quot;,&quot;copyright&quot;:&quot;&quot;,&quot;focal_length&quot;:&quot;0&quot;,&quot;iso&quot;:&quot;0&quot;,&quot;shutter_speed&quot;:&quot;0&quot;,&quot;title&quot;:&quot;&quot;,&quot;orientation&quot;:&quot;0&quot;}\" data-image-title=\"estudio-020 Retrato en estudio\" data-image-description=\"\" data-image-caption=\"\" data-medium-file=\"https:\/\/www.victorarandagarcia.es\/wp-content\/uploads\/estudio-020-Retrato-en-estudio-1-200x300.jpg\" data-large-file=\"https:\/\/www.victorarandagarcia.es\/wp-content\/uploads\/estudio-020-Retrato-en-estudio-1.jpg\" decoding=\"async\" loading=\"lazy\" width=\"481\" height=\"720\" src=\"http:\/\/www.victorarandagarcia.es\/wp-content\/uploads\/estudio-020-Retrato-en-estudio-1.jpg\" alt=\"\" data-id=\"525\" data-link=\"http:\/\/www.victorarandagarcia.es\/estudio-020-retrato-en-estudio-2\/\" class=\"wp-image-525\" srcset=\"https:\/\/www.victorarandagarcia.es\/wp-content\/uploads\/estudio-020-Retrato-en-estudio-1.jpg 481w, https:\/\/www.victorarandagarcia.es\/wp-content\/uploads\/estudio-020-Retrato-en-estudio-1-200x300.jpg 200w\" sizes=\"(max-width: 481px) 100vw, 481px\" \/><\/figure><\/li><li class=\"blocks-gallery-item\"><figure><img data-attachment-id=\"524\" data-permalink=\"https:\/\/www.victorarandagarcia.es\/estudio-017-sesion-de-retrato-en-estudio-2\/\" data-orig-file=\"https:\/\/www.victorarandagarcia.es\/wp-content\/uploads\/estudio-017-Sesion-de-Retrato-en-Estudio-1.jpg\" data-orig-size=\"476,690\" data-comments-opened=\"0\" data-image-meta=\"{&quot;aperture&quot;:&quot;7.1&quot;,&quot;credit&quot;:&quot;Victor Aranda Garcia&quot;,&quot;camera&quot;:&quot;Canon EOS 50D&quot;,&quot;caption&quot;:&quot;&quot;,&quot;created_timestamp&quot;:&quot;1283622506&quot;,&quot;copyright&quot;:&quot;&quot;,&quot;focal_length&quot;:&quot;33&quot;,&quot;iso&quot;:&quot;200&quot;,&quot;shutter_speed&quot;:&quot;0.01&quot;,&quot;title&quot;:&quot;&quot;,&quot;orientation&quot;:&quot;1&quot;}\" data-image-title=\"estudio-017 Sesion de Retrato en Estudio\" data-image-description=\"\" data-image-caption=\"\" data-medium-file=\"https:\/\/www.victorarandagarcia.es\/wp-content\/uploads\/estudio-017-Sesion-de-Retrato-en-Estudio-1-207x300.jpg\" data-large-file=\"https:\/\/www.victorarandagarcia.es\/wp-content\/uploads\/estudio-017-Sesion-de-Retrato-en-Estudio-1.jpg\" decoding=\"async\" loading=\"lazy\" width=\"476\" height=\"690\" src=\"http:\/\/www.victorarandagarcia.es\/wp-content\/uploads\/estudio-017-Sesion-de-Retrato-en-Estudio-1.jpg\" alt=\"\" data-id=\"524\" data-link=\"http:\/\/www.victorarandagarcia.es\/estudio-017-sesion-de-retrato-en-estudio-2\/\" class=\"wp-image-524\" srcset=\"https:\/\/www.victorarandagarcia.es\/wp-content\/uploads\/estudio-017-Sesion-de-Retrato-en-Estudio-1.jpg 476w, https:\/\/www.victorarandagarcia.es\/wp-content\/uploads\/estudio-017-Sesion-de-Retrato-en-Estudio-1-207x300.jpg 207w\" sizes=\"(max-width: 476px) 100vw, 476px\" \/><\/figure><\/li><li class=\"blocks-gallery-item\"><figure><img data-attachment-id=\"523\" data-permalink=\"https:\/\/www.victorarandagarcia.es\/estudio-004-retrato-en-blanco-y-negro-2\/\" data-orig-file=\"https:\/\/www.victorarandagarcia.es\/wp-content\/uploads\/estudio-004-Retrato-en-Blanco-y-Negro-1.jpg\" data-orig-size=\"462,690\" data-comments-opened=\"0\" data-image-meta=\"{&quot;aperture&quot;:&quot;8&quot;,&quot;credit&quot;:&quot;Victor Aranda Garcia&quot;,&quot;camera&quot;:&quot;Canon EOS 50D&quot;,&quot;caption&quot;:&quot;&quot;,&quot;created_timestamp&quot;:&quot;1274645222&quot;,&quot;copyright&quot;:&quot;&quot;,&quot;focal_length&quot;:&quot;40&quot;,&quot;iso&quot;:&quot;200&quot;,&quot;shutter_speed&quot;:&quot;0.033333333333333&quot;,&quot;title&quot;:&quot;&quot;,&quot;orientation&quot;:&quot;1&quot;}\" data-image-title=\"estudio-004 Retrato en Blanco y Negro\" data-image-description=\"\" data-image-caption=\"\" data-medium-file=\"https:\/\/www.victorarandagarcia.es\/wp-content\/uploads\/estudio-004-Retrato-en-Blanco-y-Negro-1-201x300.jpg\" data-large-file=\"https:\/\/www.victorarandagarcia.es\/wp-content\/uploads\/estudio-004-Retrato-en-Blanco-y-Negro-1.jpg\" decoding=\"async\" loading=\"lazy\" width=\"462\" height=\"690\" src=\"http:\/\/www.victorarandagarcia.es\/wp-content\/uploads\/estudio-004-Retrato-en-Blanco-y-Negro-1.jpg\" alt=\"\" data-id=\"523\" data-link=\"http:\/\/www.victorarandagarcia.es\/estudio-004-retrato-en-blanco-y-negro-2\/\" class=\"wp-image-523\" srcset=\"https:\/\/www.victorarandagarcia.es\/wp-content\/uploads\/estudio-004-Retrato-en-Blanco-y-Negro-1.jpg 462w, https:\/\/www.victorarandagarcia.es\/wp-content\/uploads\/estudio-004-Retrato-en-Blanco-y-Negro-1-201x300.jpg 201w\" sizes=\"(max-width: 462px) 100vw, 462px\" \/><\/figure><\/li><li class=\"blocks-gallery-item\"><figure><img data-attachment-id=\"522\" data-permalink=\"https:\/\/www.victorarandagarcia.es\/estudio-007-fotografia-de-retrato-en-estudio-2\/\" data-orig-file=\"https:\/\/www.victorarandagarcia.es\/wp-content\/uploads\/estudio-007-Fotografia-de-Retrato-en-Estudio-1.jpg\" data-orig-size=\"465,690\" data-comments-opened=\"0\" data-image-meta=\"{&quot;aperture&quot;:&quot;8&quot;,&quot;credit&quot;:&quot;Victor Aranda Garcia&quot;,&quot;camera&quot;:&quot;Canon EOS 50D&quot;,&quot;caption&quot;:&quot;&quot;,&quot;created_timestamp&quot;:&quot;1274041940&quot;,&quot;copyright&quot;:&quot;&quot;,&quot;focal_length&quot;:&quot;20&quot;,&quot;iso&quot;:&quot;200&quot;,&quot;shutter_speed&quot;:&quot;0.033333333333333&quot;,&quot;title&quot;:&quot;&quot;,&quot;orientation&quot;:&quot;1&quot;}\" data-image-title=\"estudio-007 Fotografia de Retrato en Estudio\" data-image-description=\"\" data-image-caption=\"\" data-medium-file=\"https:\/\/www.victorarandagarcia.es\/wp-content\/uploads\/estudio-007-Fotografia-de-Retrato-en-Estudio-1-202x300.jpg\" data-large-file=\"https:\/\/www.victorarandagarcia.es\/wp-content\/uploads\/estudio-007-Fotografia-de-Retrato-en-Estudio-1.jpg\" decoding=\"async\" loading=\"lazy\" width=\"465\" height=\"690\" src=\"http:\/\/www.victorarandagarcia.es\/wp-content\/uploads\/estudio-007-Fotografia-de-Retrato-en-Estudio-1.jpg\" alt=\"\" data-id=\"522\" data-link=\"http:\/\/www.victorarandagarcia.es\/estudio-007-fotografia-de-retrato-en-estudio-2\/\" class=\"wp-image-522\" srcset=\"https:\/\/www.victorarandagarcia.es\/wp-content\/uploads\/estudio-007-Fotografia-de-Retrato-en-Estudio-1.jpg 465w, https:\/\/www.victorarandagarcia.es\/wp-content\/uploads\/estudio-007-Fotografia-de-Retrato-en-Estudio-1-202x300.jpg 202w\" sizes=\"(max-width: 465px) 100vw, 465px\" \/><\/figure><\/li><\/ul>\n","protected":false},"excerpt":{"rendered":"<p>El retrato en estudio permite controlar la luz para lograr el efecto deseado mediante flashes, pantallas y paraguas. La duraci\u00f3n de la sesi\u00f3n y el formato de entrega de las fotograf\u00ed\u00adas es totalmente personalizable &hellip; <a href=\"https:\/\/www.victorarandagarcia.es\/index.php\/estudio\/retrato-estudio\/retrato-en-estudio\/\" class=\"more-link\"><span>Continuar<span class=\"screen-reader-text\">Retrato en estudio<\/span><\/span><\/a><\/p>\n","protected":false},"author":1,"featured_media":284,"comment_status":"closed","ping_status":"open","sticky":false,"template":"","format":"standard","meta":{"jetpack_post_was_ever_published":false,"_jetpack_newsletter_access":"","_jetpack_dont_email_post_to_subs":false,"_jetpack_newsletter_tier_id":0,"_jetpack_memberships_contains_paywalled_content":false,"footnotes":"","_jetpack_memberships_contains_paid_content":false},"categories":[56],"tags":[60,34,27],"yoast_head":"<!-- This site is optimized with the Yoast SEO plugin v22.6 - https:\/\/yoast.com\/wordpress\/plugins\/seo\/ -->\n<title>Retrato en estudio - arte y estudio<\/title>\n<meta name=\"robots\" content=\"index, follow, max-snippet:-1, max-image-preview:large, max-video-preview:-1\" \/>\n<link rel=\"canonical\" href=\"https:\/\/www.victorarandagarcia.es\/index.php\/estudio\/retrato-estudio\/retrato-en-estudio\/\" \/>\n<meta property=\"og:locale\" content=\"es_ES\" \/>\n<meta property=\"og:type\" content=\"article\" \/>\n<meta property=\"og:title\" content=\"Retrato en estudio - arte y estudio\" \/>\n<meta property=\"og:description\" content=\"El retrato en estudio permite controlar la luz para lograr el efecto deseado mediante flashes, pantallas y paraguas. La duraci\u00f3n de la sesi\u00f3n y el formato de entrega de las fotograf\u00ed\u00adas es totalmente personalizable &hellip; ContinuarRetrato en estudio\" \/>\n<meta property=\"og:url\" content=\"https:\/\/www.victorarandagarcia.es\/index.php\/estudio\/retrato-estudio\/retrato-en-estudio\/\" \/>\n<meta property=\"og:site_name\" content=\"arte y estudio\" \/>\n<meta property=\"article:published_time\" content=\"2019-05-15T19:46:01+00:00\" \/>\n<meta property=\"article:modified_time\" content=\"2019-05-15T19:52:49+00:00\" \/>\n<meta property=\"og:image\" content=\"https:\/\/www.victorarandagarcia.es\/wp-content\/uploads\/2019\/03\/005-Bego-Valencia-2012.jpg\" \/>\n\t<meta property=\"og:image:width\" content=\"720\" \/>\n\t<meta property=\"og:image:height\" content=\"481\" \/>\n\t<meta property=\"og:image:type\" content=\"image\/jpeg\" \/>\n<meta name=\"author\" content=\"victorarandagarcia\" \/>\n<meta name=\"twitter:card\" content=\"summary_large_image\" \/>\n<meta name=\"twitter:label1\" content=\"Escrito por\" \/>\n\t<meta name=\"twitter:data1\" content=\"victorarandagarcia\" \/>\n<script type=\"application\/ld+json\" class=\"yoast-schema-graph\">{\"@context\":\"https:\/\/schema.org\",\"@graph\":[{\"@type\":\"Article\",\"@id\":\"https:\/\/www.victorarandagarcia.es\/index.php\/estudio\/retrato-estudio\/retrato-en-estudio\/#article\",\"isPartOf\":{\"@id\":\"https:\/\/www.victorarandagarcia.es\/index.php\/estudio\/retrato-estudio\/retrato-en-estudio\/\"},\"author\":{\"name\":\"victorarandagarcia\",\"@id\":\"https:\/\/www.victorarandagarcia.es\/#\/schema\/person\/bfa9c61a3776d517deeee5f9386ef302\"},\"headline\":\"Retrato en estudio\",\"datePublished\":\"2019-05-15T19:46:01+00:00\",\"dateModified\":\"2019-05-15T19:52:49+00:00\",\"mainEntityOfPage\":{\"@id\":\"https:\/\/www.victorarandagarcia.es\/index.php\/estudio\/retrato-estudio\/retrato-en-estudio\/\"},\"wordCount\":45,\"publisher\":{\"@id\":\"https:\/\/www.victorarandagarcia.es\/#organization\"},\"image\":{\"@id\":\"https:\/\/www.victorarandagarcia.es\/index.php\/estudio\/retrato-estudio\/retrato-en-estudio\/#primaryimage\"},\"thumbnailUrl\":\"https:\/\/www.victorarandagarcia.es\/wp-content\/uploads\/2019\/03\/005-Bego-Valencia-2012.jpg\",\"keywords\":[\"book\",\"estudio\",\"retrato\"],\"articleSection\":[\"retrato\"],\"inLanguage\":\"es\"},{\"@type\":\"WebPage\",\"@id\":\"https:\/\/www.victorarandagarcia.es\/index.php\/estudio\/retrato-estudio\/retrato-en-estudio\/\",\"url\":\"https:\/\/www.victorarandagarcia.es\/index.php\/estudio\/retrato-estudio\/retrato-en-estudio\/\",\"name\":\"Retrato en estudio - arte y estudio\",\"isPartOf\":{\"@id\":\"https:\/\/www.victorarandagarcia.es\/#website\"},\"primaryImageOfPage\":{\"@id\":\"https:\/\/www.victorarandagarcia.es\/index.php\/estudio\/retrato-estudio\/retrato-en-estudio\/#primaryimage\"},\"image\":{\"@id\":\"https:\/\/www.victorarandagarcia.es\/index.php\/estudio\/retrato-estudio\/retrato-en-estudio\/#primaryimage\"},\"thumbnailUrl\":\"https:\/\/www.victorarandagarcia.es\/wp-content\/uploads\/2019\/03\/005-Bego-Valencia-2012.jpg\",\"datePublished\":\"2019-05-15T19:46:01+00:00\",\"dateModified\":\"2019-05-15T19:52:49+00:00\",\"breadcrumb\":{\"@id\":\"https:\/\/www.victorarandagarcia.es\/index.php\/estudio\/retrato-estudio\/retrato-en-estudio\/#breadcrumb\"},\"inLanguage\":\"es\",\"potentialAction\":[{\"@type\":\"ReadAction\",\"target\":[\"https:\/\/www.victorarandagarcia.es\/index.php\/estudio\/retrato-estudio\/retrato-en-estudio\/\"]}]},{\"@type\":\"ImageObject\",\"inLanguage\":\"es\",\"@id\":\"https:\/\/www.victorarandagarcia.es\/index.php\/estudio\/retrato-estudio\/retrato-en-estudio\/#primaryimage\",\"url\":\"https:\/\/www.victorarandagarcia.es\/wp-content\/uploads\/2019\/03\/005-Bego-Valencia-2012.jpg\",\"contentUrl\":\"https:\/\/www.victorarandagarcia.es\/wp-content\/uploads\/2019\/03\/005-Bego-Valencia-2012.jpg\",\"width\":720,\"height\":481,\"caption\":\"retrato en blanco y negro\"},{\"@type\":\"BreadcrumbList\",\"@id\":\"https:\/\/www.victorarandagarcia.es\/index.php\/estudio\/retrato-estudio\/retrato-en-estudio\/#breadcrumb\",\"itemListElement\":[{\"@type\":\"ListItem\",\"position\":1,\"name\":\"Portada\",\"item\":\"https:\/\/www.victorarandagarcia.es\/\"},{\"@type\":\"ListItem\",\"position\":2,\"name\":\"Retrato en estudio\"}]},{\"@type\":\"WebSite\",\"@id\":\"https:\/\/www.victorarandagarcia.es\/#website\",\"url\":\"https:\/\/www.victorarandagarcia.es\/\",\"name\":\"arte y estudio\",\"description\":\"Fot\u00f3grafo\",\"publisher\":{\"@id\":\"https:\/\/www.victorarandagarcia.es\/#organization\"},\"potentialAction\":[{\"@type\":\"SearchAction\",\"target\":{\"@type\":\"EntryPoint\",\"urlTemplate\":\"https:\/\/www.victorarandagarcia.es\/?s={search_term_string}\"},\"query-input\":\"required name=search_term_string\"}],\"inLanguage\":\"es\"},{\"@type\":\"Organization\",\"@id\":\"https:\/\/www.victorarandagarcia.es\/#organization\",\"name\":\"arte y estudio\",\"url\":\"https:\/\/www.victorarandagarcia.es\/\",\"logo\":{\"@type\":\"ImageObject\",\"inLanguage\":\"es\",\"@id\":\"https:\/\/www.victorarandagarcia.es\/#\/schema\/logo\/image\/\",\"url\":\"https:\/\/www.victorarandagarcia.es\/wp-content\/uploads\/2019\/03\/logo-fotografo.png\",\"contentUrl\":\"https:\/\/www.victorarandagarcia.es\/wp-content\/uploads\/2019\/03\/logo-fotografo.png\",\"width\":150,\"height\":150,\"caption\":\"arte y estudio\"},\"image\":{\"@id\":\"https:\/\/www.victorarandagarcia.es\/#\/schema\/logo\/image\/\"}},{\"@type\":\"Person\",\"@id\":\"https:\/\/www.victorarandagarcia.es\/#\/schema\/person\/bfa9c61a3776d517deeee5f9386ef302\",\"name\":\"victorarandagarcia\",\"image\":{\"@type\":\"ImageObject\",\"inLanguage\":\"es\",\"@id\":\"https:\/\/www.victorarandagarcia.es\/#\/schema\/person\/image\/\",\"url\":\"https:\/\/secure.gravatar.com\/avatar\/957a01ac23a6393e755ae8225c35dbdb?s=96&d=mm&r=g\",\"contentUrl\":\"https:\/\/secure.gravatar.com\/avatar\/957a01ac23a6393e755ae8225c35dbdb?s=96&d=mm&r=g\",\"caption\":\"victorarandagarcia\"}}]}<\/script>\n<!-- \/ Yoast SEO plugin. -->","yoast_head_json":{"title":"Retrato en estudio - arte y estudio","robots":{"index":"index","follow":"follow","max-snippet":"max-snippet:-1","max-image-preview":"max-image-preview:large","max-video-preview":"max-video-preview:-1"},"canonical":"https:\/\/www.victorarandagarcia.es\/index.php\/estudio\/retrato-estudio\/retrato-en-estudio\/","og_locale":"es_ES","og_type":"article","og_title":"Retrato en estudio - arte y estudio","og_description":"El retrato en estudio permite controlar la luz para lograr el efecto deseado mediante flashes, pantallas y paraguas. La duraci\u00f3n de la sesi\u00f3n y el formato de entrega de las fotograf\u00ed\u00adas es totalmente personalizable &hellip; ContinuarRetrato en estudio","og_url":"https:\/\/www.victorarandagarcia.es\/index.php\/estudio\/retrato-estudio\/retrato-en-estudio\/","og_site_name":"arte y estudio","article_published_time":"2019-05-15T19:46:01+00:00","article_modified_time":"2019-05-15T19:52:49+00:00","og_image":[{"width":720,"height":481,"url":"https:\/\/www.victorarandagarcia.es\/wp-content\/uploads\/2019\/03\/005-Bego-Valencia-2012.jpg","type":"image\/jpeg"}],"author":"victorarandagarcia","twitter_card":"summary_large_image","twitter_misc":{"Escrito por":"victorarandagarcia"},"schema":{"@context":"https:\/\/schema.org","@graph":[{"@type":"Article","@id":"https:\/\/www.victorarandagarcia.es\/index.php\/estudio\/retrato-estudio\/retrato-en-estudio\/#article","isPartOf":{"@id":"https:\/\/www.victorarandagarcia.es\/index.php\/estudio\/retrato-estudio\/retrato-en-estudio\/"},"author":{"name":"victorarandagarcia","@id":"https:\/\/www.victorarandagarcia.es\/#\/schema\/person\/bfa9c61a3776d517deeee5f9386ef302"},"headline":"Retrato en estudio","datePublished":"2019-05-15T19:46:01+00:00","dateModified":"2019-05-15T19:52:49+00:00","mainEntityOfPage":{"@id":"https:\/\/www.victorarandagarcia.es\/index.php\/estudio\/retrato-estudio\/retrato-en-estudio\/"},"wordCount":45,"publisher":{"@id":"https:\/\/www.victorarandagarcia.es\/#organization"},"image":{"@id":"https:\/\/www.victorarandagarcia.es\/index.php\/estudio\/retrato-estudio\/retrato-en-estudio\/#primaryimage"},"thumbnailUrl":"https:\/\/www.victorarandagarcia.es\/wp-content\/uploads\/2019\/03\/005-Bego-Valencia-2012.jpg","keywords":["book","estudio","retrato"],"articleSection":["retrato"],"inLanguage":"es"},{"@type":"WebPage","@id":"https:\/\/www.victorarandagarcia.es\/index.php\/estudio\/retrato-estudio\/retrato-en-estudio\/","url":"https:\/\/www.victorarandagarcia.es\/index.php\/estudio\/retrato-estudio\/retrato-en-estudio\/","name":"Retrato en estudio - arte y estudio","isPartOf":{"@id":"https:\/\/www.victorarandagarcia.es\/#website"},"primaryImageOfPage":{"@id":"https:\/\/www.victorarandagarcia.es\/index.php\/estudio\/retrato-estudio\/retrato-en-estudio\/#primaryimage"},"image":{"@id":"https:\/\/www.victorarandagarcia.es\/index.php\/estudio\/retrato-estudio\/retrato-en-estudio\/#primaryimage"},"thumbnailUrl":"https:\/\/www.victorarandagarcia.es\/wp-content\/uploads\/2019\/03\/005-Bego-Valencia-2012.jpg","datePublished":"2019-05-15T19:46:01+00:00","dateModified":"2019-05-15T19:52:49+00:00","breadcrumb":{"@id":"https:\/\/www.victorarandagarcia.es\/index.php\/estudio\/retrato-estudio\/retrato-en-estudio\/#breadcrumb"},"inLanguage":"es","potentialAction":[{"@type":"ReadAction","target":["https:\/\/www.victorarandagarcia.es\/index.php\/estudio\/retrato-estudio\/retrato-en-estudio\/"]}]},{"@type":"ImageObject","inLanguage":"es","@id":"https:\/\/www.victorarandagarcia.es\/index.php\/estudio\/retrato-estudio\/retrato-en-estudio\/#primaryimage","url":"https:\/\/www.victorarandagarcia.es\/wp-content\/uploads\/2019\/03\/005-Bego-Valencia-2012.jpg","contentUrl":"https:\/\/www.victorarandagarcia.es\/wp-content\/uploads\/2019\/03\/005-Bego-Valencia-2012.jpg","width":720,"height":481,"caption":"retrato en blanco y negro"},{"@type":"BreadcrumbList","@id":"https:\/\/www.victorarandagarcia.es\/index.php\/estudio\/retrato-estudio\/retrato-en-estudio\/#breadcrumb","itemListElement":[{"@type":"ListItem","position":1,"name":"Portada","item":"https:\/\/www.victorarandagarcia.es\/"},{"@type":"ListItem","position":2,"name":"Retrato en estudio"}]},{"@type":"WebSite","@id":"https:\/\/www.victorarandagarcia.es\/#website","url":"https:\/\/www.victorarandagarcia.es\/","name":"arte y estudio","description":"Fot\u00f3grafo","publisher":{"@id":"https:\/\/www.victorarandagarcia.es\/#organization"},"potentialAction":[{"@type":"SearchAction","target":{"@type":"EntryPoint","urlTemplate":"https:\/\/www.victorarandagarcia.es\/?s={search_term_string}"},"query-input":"required name=search_term_string"}],"inLanguage":"es"},{"@type":"Organization","@id":"https:\/\/www.victorarandagarcia.es\/#organization","name":"arte y estudio","url":"https:\/\/www.victorarandagarcia.es\/","logo":{"@type":"ImageObject","inLanguage":"es","@id":"https:\/\/www.victorarandagarcia.es\/#\/schema\/logo\/image\/","url":"https:\/\/www.victorarandagarcia.es\/wp-content\/uploads\/2019\/03\/logo-fotografo.png","contentUrl":"https:\/\/www.victorarandagarcia.es\/wp-content\/uploads\/2019\/03\/logo-fotografo.png","width":150,"height":150,"caption":"arte y estudio"},"image":{"@id":"https:\/\/www.victorarandagarcia.es\/#\/schema\/logo\/image\/"}},{"@type":"Person","@id":"https:\/\/www.victorarandagarcia.es\/#\/schema\/person\/bfa9c61a3776d517deeee5f9386ef302","name":"victorarandagarcia","image":{"@type":"ImageObject","inLanguage":"es","@id":"https:\/\/www.victorarandagarcia.es\/#\/schema\/person\/image\/","url":"https:\/\/secure.gravatar.com\/avatar\/957a01ac23a6393e755ae8225c35dbdb?s=96&d=mm&r=g","contentUrl":"https:\/\/secure.gravatar.com\/avatar\/957a01ac23a6393e755ae8225c35dbdb?s=96&d=mm&r=g","caption":"victorarandagarcia"}}]}},"jetpack_featured_media_url":"https:\/\/www.victorarandagarcia.es\/wp-content\/uploads\/2019\/03\/005-Bego-Valencia-2012.jpg","jetpack_sharing_enabled":true,"_links":{"self":[{"href":"https:\/\/www.victorarandagarcia.es\/index.php\/wp-json\/wp\/v2\/posts\/1761"}],"collection":[{"href":"https:\/\/www.victorarandagarcia.es\/index.php\/wp-json\/wp\/v2\/posts"}],"about":[{"href":"https:\/\/www.victorarandagarcia.es\/index.php\/wp-json\/wp\/v2\/types\/post"}],"author":[{"embeddable":true,"href":"https:\/\/www.victorarandagarcia.es\/index.php\/wp-json\/wp\/v2\/users\/1"}],"replies":[{"embeddable":true,"href":"https:\/\/www.victorarandagarcia.es\/index.php\/wp-json\/wp\/v2\/comments?post=1761"}],"version-history":[{"count":2,"href":"https:\/\/www.victorarandagarcia.es\/index.php\/wp-json\/wp\/v2\/posts\/1761\/revisions"}],"predecessor-version":[{"id":1764,"href":"https:\/\/www.victorarandagarcia.es\/index.php\/wp-json\/wp\/v2\/posts\/1761\/revisions\/1764"}],"wp:featuredmedia":[{"embeddable":true,"href":"https:\/\/www.victorarandagarcia.es\/index.php\/wp-json\/wp\/v2\/media\/284"}],"wp:attachment":[{"href":"https:\/\/www.victorarandagarcia.es\/index.php\/wp-json\/wp\/v2\/media?parent=1761"}],"wp:term":[{"taxonomy":"category","embeddable":true,"href":"https:\/\/www.victorarandagarcia.es\/index.php\/wp-json\/wp\/v2\/categories?post=1761"},{"taxonomy":"post_tag","embeddable":true,"href":"https:\/\/www.victorarandagarcia.es\/index.php\/wp-json\/wp\/v2\/tags?post=1761"}],"curies":[{"name":"wp","href":"https:\/\/api.w.org\/{rel}","templated":true}]}}