{"id":1748,"date":"2019-05-15T20:49:47","date_gmt":"2019-05-15T18:49:47","guid":{"rendered":"http:\/\/www.victorarandagarcia.es\/?p=1748"},"modified":"2019-05-15T21:58:00","modified_gmt":"2019-05-15T19:58:00","slug":"reportaje-de-boda","status":"publish","type":"post","link":"https:\/\/www.victorarandagarcia.es\/index.php\/estudio\/bodas-y-eventos\/reportaje-de-boda\/","title":{"rendered":"Reportaje de boda"},"content":{"rendered":"\n<p>Hay muchos reportajes de boda posibles, casi tantos como parejas: el estilo puede ser rom\u00e1ntico, moderno, en blanco y negro. \u00bfC\u00f3mo te gustar\u00eda a t\u00ed guardar el recuerdo de ese d\u00eda? Ya sea una boda civil o tradicional por la iglesia lo importante es que el fot\u00f3grafo sepa capturar los momentos importantes y tenga sensibilidad para hacerlo con belleza. Desde nuestro primer reportaje en Murcia en 2002 son muchas las parejas a las que hemos acompa\u00f1ado en su enlace, y nuestra experiencia incluye trabajos realizados no s\u00f3lo en Espa\u00f1a en ciudades como Valencia o Madrid sino tambi\u00e9n en otros pa\u00edses de Europa como Alemania, Austria, Portugal y Reino Unido.<\/p>\n\n\n\n<figure class=\"wp-block-image\"><img data-attachment-id=\"1755\" data-permalink=\"https:\/\/www.victorarandagarcia.es\/boda-pareja-pose\/\" data-orig-file=\"https:\/\/www.victorarandagarcia.es\/wp-content\/uploads\/boda-pareja-pose.jpg\" data-orig-size=\"850,569\" data-comments-opened=\"0\" data-image-meta=\"{&quot;aperture&quot;:&quot;0&quot;,&quot;credit&quot;:&quot;&quot;,&quot;camera&quot;:&quot;&quot;,&quot;caption&quot;:&quot;&quot;,&quot;created_timestamp&quot;:&quot;0&quot;,&quot;copyright&quot;:&quot;&quot;,&quot;focal_length&quot;:&quot;0&quot;,&quot;iso&quot;:&quot;0&quot;,&quot;shutter_speed&quot;:&quot;0&quot;,&quot;title&quot;:&quot;&quot;,&quot;orientation&quot;:&quot;0&quot;}\" data-image-title=\"boda-pareja-pose\" data-image-description=\"\" data-image-caption=\"\" data-medium-file=\"https:\/\/www.victorarandagarcia.es\/wp-content\/uploads\/boda-pareja-pose-300x201.jpg\" data-large-file=\"https:\/\/www.victorarandagarcia.es\/wp-content\/uploads\/boda-pareja-pose.jpg\" decoding=\"async\" loading=\"lazy\" width=\"850\" height=\"569\" src=\"http:\/\/www.victorarandagarcia.es\/wp-content\/uploads\/boda-pareja-pose.jpg\" alt=\"\" class=\"wp-image-1755\" srcset=\"https:\/\/www.victorarandagarcia.es\/wp-content\/uploads\/boda-pareja-pose.jpg 850w, https:\/\/www.victorarandagarcia.es\/wp-content\/uploads\/boda-pareja-pose-300x201.jpg 300w, https:\/\/www.victorarandagarcia.es\/wp-content\/uploads\/boda-pareja-pose-768x514.jpg 768w\" sizes=\"(max-width: 850px) 100vw, 850px\" \/><\/figure>\n\n\n\n<p>Entre los servicios que ofrecemos se incluye la posibilidad de contratar sesiones de pre-boda (sesi\u00f3n de retrato con la pareja previa al d\u00eda de la ceremonia), post-boda (lo mismo pero despu\u00e9s de la boda, normalmente en exteriores), un divertido y original photo-call y, por supuesto, grabaci\u00f3n profesional en video para que no te pierdas nada. Las fotos se pueden entregar en digital y tambi\u00e9n en un \u00e1lbum totalmente personalizado, digital o anal\u00f3gico seg\u00fan prefieras. El \u00e1lbum tradicional es m\u00e1s sobrio y se realiza con una foto por p\u00e1gina y papel separador entre p\u00e1ginas. El \u00e1lbum digital en cambio ofrece un acabado m\u00e1s moderno y m\u00e1s libertad para el dise\u00f1o, pudiendo poner fotos a toda p\u00e1gina o composiciones de varias fotograf\u00edas seg\u00fan se requiera. Cons\u00faltanos y te daremos un presupuesto sin compromiso. <\/p>\n\n\n\n<ul class=\"wp-block-gallery columns-2 is-cropped wp-block-gallery-1 is-layout-flex wp-block-gallery-is-layout-flex\"><li class=\"blocks-gallery-item\"><figure><img data-attachment-id=\"1756\" data-permalink=\"https:\/\/www.victorarandagarcia.es\/boda-madrid-arroz\/\" data-orig-file=\"https:\/\/www.victorarandagarcia.es\/wp-content\/uploads\/boda-madrid-arroz.jpg\" data-orig-size=\"720,478\" data-comments-opened=\"0\" data-image-meta=\"{&quot;aperture&quot;:&quot;9&quot;,&quot;credit&quot;:&quot;Victor Aranda Garcia&quot;,&quot;camera&quot;:&quot;Canon EOS 400D DIGITAL&quot;,&quot;caption&quot;:&quot;&quot;,&quot;created_timestamp&quot;:&quot;1179576485&quot;,&quot;copyright&quot;:&quot;&quot;,&quot;focal_length&quot;:&quot;47&quot;,&quot;iso&quot;:&quot;400&quot;,&quot;shutter_speed&quot;:&quot;0.00625&quot;,&quot;title&quot;:&quot;&quot;,&quot;orientation&quot;:&quot;1&quot;}\" data-image-title=\"boda-madrid-arroz\" data-image-description=\"\" data-image-caption=\"\" data-medium-file=\"https:\/\/www.victorarandagarcia.es\/wp-content\/uploads\/boda-madrid-arroz-300x199.jpg\" data-large-file=\"https:\/\/www.victorarandagarcia.es\/wp-content\/uploads\/boda-madrid-arroz.jpg\" decoding=\"async\" loading=\"lazy\" width=\"720\" height=\"478\" src=\"http:\/\/www.victorarandagarcia.es\/wp-content\/uploads\/boda-madrid-arroz.jpg\" alt=\"\" data-id=\"1756\" data-link=\"http:\/\/www.victorarandagarcia.es\/boda-madrid-arroz\/\" class=\"wp-image-1756\" srcset=\"https:\/\/www.victorarandagarcia.es\/wp-content\/uploads\/boda-madrid-arroz.jpg 720w, https:\/\/www.victorarandagarcia.es\/wp-content\/uploads\/boda-madrid-arroz-300x199.jpg 300w\" sizes=\"(max-width: 720px) 100vw, 720px\" \/><\/figure><\/li><li class=\"blocks-gallery-item\"><figure><img data-attachment-id=\"1758\" data-permalink=\"https:\/\/www.victorarandagarcia.es\/boda-pareja-original\/\" data-orig-file=\"https:\/\/www.victorarandagarcia.es\/wp-content\/uploads\/boda-pareja-original.jpg\" data-orig-size=\"850,569\" data-comments-opened=\"0\" data-image-meta=\"{&quot;aperture&quot;:&quot;0&quot;,&quot;credit&quot;:&quot;Victor Aranda Garcia&quot;,&quot;camera&quot;:&quot;&quot;,&quot;caption&quot;:&quot;&quot;,&quot;created_timestamp&quot;:&quot;0&quot;,&quot;copyright&quot;:&quot;&quot;,&quot;focal_length&quot;:&quot;0&quot;,&quot;iso&quot;:&quot;0&quot;,&quot;shutter_speed&quot;:&quot;0&quot;,&quot;title&quot;:&quot;&quot;,&quot;orientation&quot;:&quot;0&quot;}\" data-image-title=\"boda-pareja-original\" data-image-description=\"\" data-image-caption=\"\" data-medium-file=\"https:\/\/www.victorarandagarcia.es\/wp-content\/uploads\/boda-pareja-original-300x201.jpg\" data-large-file=\"https:\/\/www.victorarandagarcia.es\/wp-content\/uploads\/boda-pareja-original.jpg\" decoding=\"async\" loading=\"lazy\" width=\"850\" height=\"569\" src=\"http:\/\/www.victorarandagarcia.es\/wp-content\/uploads\/boda-pareja-original.jpg\" alt=\"\" data-id=\"1758\" data-link=\"http:\/\/www.victorarandagarcia.es\/boda-pareja-original\/\" class=\"wp-image-1758\" srcset=\"https:\/\/www.victorarandagarcia.es\/wp-content\/uploads\/boda-pareja-original.jpg 850w, https:\/\/www.victorarandagarcia.es\/wp-content\/uploads\/boda-pareja-original-300x201.jpg 300w, https:\/\/www.victorarandagarcia.es\/wp-content\/uploads\/boda-pareja-original-768x514.jpg 768w\" sizes=\"(max-width: 850px) 100vw, 850px\" \/><\/figure><\/li><li class=\"blocks-gallery-item\"><figure><img data-attachment-id=\"1757\" data-permalink=\"https:\/\/www.victorarandagarcia.es\/boda-casino-murcia\/\" data-orig-file=\"https:\/\/www.victorarandagarcia.es\/wp-content\/uploads\/boda-casino-murcia.jpg\" data-orig-size=\"481,720\" data-comments-opened=\"0\" data-image-meta=\"{&quot;aperture&quot;:&quot;4&quot;,&quot;credit&quot;:&quot;&quot;,&quot;camera&quot;:&quot;Canon EOS 50D&quot;,&quot;caption&quot;:&quot;&quot;,&quot;created_timestamp&quot;:&quot;1335664721&quot;,&quot;copyright&quot;:&quot;&quot;,&quot;focal_length&quot;:&quot;21&quot;,&quot;iso&quot;:&quot;800&quot;,&quot;shutter_speed&quot;:&quot;0.02&quot;,&quot;title&quot;:&quot;&quot;,&quot;orientation&quot;:&quot;1&quot;}\" data-image-title=\"boda-casino-murcia\" data-image-description=\"\" data-image-caption=\"\" data-medium-file=\"https:\/\/www.victorarandagarcia.es\/wp-content\/uploads\/boda-casino-murcia-200x300.jpg\" data-large-file=\"https:\/\/www.victorarandagarcia.es\/wp-content\/uploads\/boda-casino-murcia.jpg\" decoding=\"async\" loading=\"lazy\" width=\"481\" height=\"720\" src=\"http:\/\/www.victorarandagarcia.es\/wp-content\/uploads\/boda-casino-murcia.jpg\" alt=\"\" data-id=\"1757\" data-link=\"http:\/\/www.victorarandagarcia.es\/boda-casino-murcia\/\" class=\"wp-image-1757\" srcset=\"https:\/\/www.victorarandagarcia.es\/wp-content\/uploads\/boda-casino-murcia.jpg 481w, https:\/\/www.victorarandagarcia.es\/wp-content\/uploads\/boda-casino-murcia-200x300.jpg 200w\" sizes=\"(max-width: 481px) 100vw, 481px\" \/><\/figure><\/li><li class=\"blocks-gallery-item\"><figure><img data-attachment-id=\"1754\" data-permalink=\"https:\/\/www.victorarandagarcia.es\/boda-retrato\/\" data-orig-file=\"https:\/\/www.victorarandagarcia.es\/wp-content\/uploads\/boda-retrato.jpg\" data-orig-size=\"561,840\" data-comments-opened=\"0\" data-image-meta=\"{&quot;aperture&quot;:&quot;6.3&quot;,&quot;credit&quot;:&quot;Victor Aranda Garcia&quot;,&quot;camera&quot;:&quot;Canon EOS 400D DIGITAL&quot;,&quot;caption&quot;:&quot;&quot;,&quot;created_timestamp&quot;:&quot;1213995164&quot;,&quot;copyright&quot;:&quot;&quot;,&quot;focal_length&quot;:&quot;75&quot;,&quot;iso&quot;:&quot;800&quot;,&quot;shutter_speed&quot;:&quot;0.004&quot;,&quot;title&quot;:&quot;&quot;,&quot;orientation&quot;:&quot;1&quot;}\" data-image-title=\"boda-retrato\" data-image-description=\"\" data-image-caption=\"\" data-medium-file=\"https:\/\/www.victorarandagarcia.es\/wp-content\/uploads\/boda-retrato-200x300.jpg\" data-large-file=\"https:\/\/www.victorarandagarcia.es\/wp-content\/uploads\/boda-retrato.jpg\" decoding=\"async\" loading=\"lazy\" width=\"561\" height=\"840\" src=\"http:\/\/www.victorarandagarcia.es\/wp-content\/uploads\/boda-retrato.jpg\" alt=\"\" data-id=\"1754\" data-link=\"http:\/\/www.victorarandagarcia.es\/boda-retrato\/\" class=\"wp-image-1754\" srcset=\"https:\/\/www.victorarandagarcia.es\/wp-content\/uploads\/boda-retrato.jpg 561w, https:\/\/www.victorarandagarcia.es\/wp-content\/uploads\/boda-retrato-200x300.jpg 200w\" sizes=\"(max-width: 561px) 100vw, 561px\" \/><\/figure><\/li><li class=\"blocks-gallery-item\"><figure><img data-attachment-id=\"1753\" data-permalink=\"https:\/\/www.victorarandagarcia.es\/boda-posado-alemania\/\" data-orig-file=\"https:\/\/www.victorarandagarcia.es\/wp-content\/uploads\/boda-posado-alemania.jpg\" data-orig-size=\"850,569\" data-comments-opened=\"0\" data-image-meta=\"{&quot;aperture&quot;:&quot;0&quot;,&quot;credit&quot;:&quot;Victor Aranda Garcia&quot;,&quot;camera&quot;:&quot;&quot;,&quot;caption&quot;:&quot;&quot;,&quot;created_timestamp&quot;:&quot;0&quot;,&quot;copyright&quot;:&quot;&quot;,&quot;focal_length&quot;:&quot;0&quot;,&quot;iso&quot;:&quot;0&quot;,&quot;shutter_speed&quot;:&quot;0&quot;,&quot;title&quot;:&quot;&quot;,&quot;orientation&quot;:&quot;0&quot;}\" data-image-title=\"boda-posado-alemania\" data-image-description=\"\" data-image-caption=\"\" data-medium-file=\"https:\/\/www.victorarandagarcia.es\/wp-content\/uploads\/boda-posado-alemania-300x201.jpg\" data-large-file=\"https:\/\/www.victorarandagarcia.es\/wp-content\/uploads\/boda-posado-alemania.jpg\" decoding=\"async\" loading=\"lazy\" width=\"850\" height=\"569\" src=\"http:\/\/www.victorarandagarcia.es\/wp-content\/uploads\/boda-posado-alemania.jpg\" alt=\"\" data-id=\"1753\" data-link=\"http:\/\/www.victorarandagarcia.es\/boda-posado-alemania\/\" class=\"wp-image-1753\" srcset=\"https:\/\/www.victorarandagarcia.es\/wp-content\/uploads\/boda-posado-alemania.jpg 850w, https:\/\/www.victorarandagarcia.es\/wp-content\/uploads\/boda-posado-alemania-300x201.jpg 300w, https:\/\/www.victorarandagarcia.es\/wp-content\/uploads\/boda-posado-alemania-768x514.jpg 768w\" sizes=\"(max-width: 850px) 100vw, 850px\" \/><\/figure><\/li><\/ul>\n","protected":false},"excerpt":{"rendered":"<p>Hay muchos reportajes de boda posibles, casi tantos como parejas: el estilo puede ser rom\u00e1ntico, moderno, en blanco y negro. \u00bfC\u00f3mo te gustar\u00eda a t\u00ed guardar el recuerdo de ese d\u00eda? Ya sea una boda civil o tradicional por la iglesia lo importante es que el fot\u00f3grafo sepa capturar los momentos importantes &hellip; <a href=\"https:\/\/www.victorarandagarcia.es\/index.php\/estudio\/bodas-y-eventos\/reportaje-de-boda\/\" class=\"more-link\"><span>Continuar<span class=\"screen-reader-text\">Reportaje de boda<\/span><\/span><\/a><\/p>\n","protected":false},"author":1,"featured_media":1752,"comment_status":"closed","ping_status":"open","sticky":false,"template":"","format":"standard","meta":{"jetpack_post_was_ever_published":false,"_jetpack_newsletter_access":"","_jetpack_dont_email_post_to_subs":false,"_jetpack_newsletter_tier_id":0,"_jetpack_memberships_contains_paywalled_content":false,"footnotes":"","_jetpack_memberships_contains_paid_content":false},"categories":[61],"tags":[58,57],"yoast_head":"<!-- This site is optimized with the Yoast SEO plugin v22.6 - https:\/\/yoast.com\/wordpress\/plugins\/seo\/ -->\n<title>Reportaje de boda - arte y estudio<\/title>\n<meta name=\"robots\" content=\"index, follow, max-snippet:-1, max-image-preview:large, max-video-preview:-1\" \/>\n<link rel=\"canonical\" href=\"https:\/\/www.victorarandagarcia.es\/index.php\/estudio\/bodas-y-eventos\/reportaje-de-boda\/\" \/>\n<meta property=\"og:locale\" content=\"es_ES\" \/>\n<meta property=\"og:type\" content=\"article\" \/>\n<meta property=\"og:title\" content=\"Reportaje de boda - arte y estudio\" \/>\n<meta property=\"og:description\" content=\"Hay muchos reportajes de boda posibles, casi tantos como parejas: el estilo puede ser rom\u00e1ntico, moderno, en blanco y negro. \u00bfC\u00f3mo te gustar\u00eda a t\u00ed guardar el recuerdo de ese d\u00eda? Ya sea una boda civil o tradicional por la iglesia lo importante es que el fot\u00f3grafo sepa capturar los momentos importantes &hellip; ContinuarReportaje de boda\" \/>\n<meta property=\"og:url\" content=\"https:\/\/www.victorarandagarcia.es\/index.php\/estudio\/bodas-y-eventos\/reportaje-de-boda\/\" \/>\n<meta property=\"og:site_name\" content=\"arte y estudio\" \/>\n<meta property=\"article:published_time\" content=\"2019-05-15T18:49:47+00:00\" \/>\n<meta property=\"article:modified_time\" content=\"2019-05-15T19:58:00+00:00\" \/>\n<meta property=\"og:image\" content=\"https:\/\/www.victorarandagarcia.es\/wp-content\/uploads\/post-boda-valencia.jpg\" \/>\n\t<meta property=\"og:image:width\" content=\"720\" \/>\n\t<meta property=\"og:image:height\" content=\"480\" \/>\n\t<meta property=\"og:image:type\" content=\"image\/jpeg\" \/>\n<meta name=\"author\" content=\"victorarandagarcia\" \/>\n<meta name=\"twitter:card\" content=\"summary_large_image\" \/>\n<meta name=\"twitter:label1\" content=\"Escrito por\" \/>\n\t<meta name=\"twitter:data1\" content=\"victorarandagarcia\" \/>\n\t<meta name=\"twitter:label2\" content=\"Tiempo de lectura\" \/>\n\t<meta name=\"twitter:data2\" content=\"1 minuto\" \/>\n<script type=\"application\/ld+json\" class=\"yoast-schema-graph\">{\"@context\":\"https:\/\/schema.org\",\"@graph\":[{\"@type\":\"Article\",\"@id\":\"https:\/\/www.victorarandagarcia.es\/index.php\/estudio\/bodas-y-eventos\/reportaje-de-boda\/#article\",\"isPartOf\":{\"@id\":\"https:\/\/www.victorarandagarcia.es\/index.php\/estudio\/bodas-y-eventos\/reportaje-de-boda\/\"},\"author\":{\"name\":\"victorarandagarcia\",\"@id\":\"https:\/\/www.victorarandagarcia.es\/#\/schema\/person\/bfa9c61a3776d517deeee5f9386ef302\"},\"headline\":\"Reportaje de boda\",\"datePublished\":\"2019-05-15T18:49:47+00:00\",\"dateModified\":\"2019-05-15T19:58:00+00:00\",\"mainEntityOfPage\":{\"@id\":\"https:\/\/www.victorarandagarcia.es\/index.php\/estudio\/bodas-y-eventos\/reportaje-de-boda\/\"},\"wordCount\":269,\"publisher\":{\"@id\":\"https:\/\/www.victorarandagarcia.es\/#organization\"},\"image\":{\"@id\":\"https:\/\/www.victorarandagarcia.es\/index.php\/estudio\/bodas-y-eventos\/reportaje-de-boda\/#primaryimage\"},\"thumbnailUrl\":\"https:\/\/www.victorarandagarcia.es\/wp-content\/uploads\/post-boda-valencia.jpg\",\"keywords\":[\"\u00e1lbum\",\"boda\"],\"articleSection\":[\"BODAS Y EVENTOS\"],\"inLanguage\":\"es\"},{\"@type\":\"WebPage\",\"@id\":\"https:\/\/www.victorarandagarcia.es\/index.php\/estudio\/bodas-y-eventos\/reportaje-de-boda\/\",\"url\":\"https:\/\/www.victorarandagarcia.es\/index.php\/estudio\/bodas-y-eventos\/reportaje-de-boda\/\",\"name\":\"Reportaje de boda - arte y estudio\",\"isPartOf\":{\"@id\":\"https:\/\/www.victorarandagarcia.es\/#website\"},\"primaryImageOfPage\":{\"@id\":\"https:\/\/www.victorarandagarcia.es\/index.php\/estudio\/bodas-y-eventos\/reportaje-de-boda\/#primaryimage\"},\"image\":{\"@id\":\"https:\/\/www.victorarandagarcia.es\/index.php\/estudio\/bodas-y-eventos\/reportaje-de-boda\/#primaryimage\"},\"thumbnailUrl\":\"https:\/\/www.victorarandagarcia.es\/wp-content\/uploads\/post-boda-valencia.jpg\",\"datePublished\":\"2019-05-15T18:49:47+00:00\",\"dateModified\":\"2019-05-15T19:58:00+00:00\",\"breadcrumb\":{\"@id\":\"https:\/\/www.victorarandagarcia.es\/index.php\/estudio\/bodas-y-eventos\/reportaje-de-boda\/#breadcrumb\"},\"inLanguage\":\"es\",\"potentialAction\":[{\"@type\":\"ReadAction\",\"target\":[\"https:\/\/www.victorarandagarcia.es\/index.php\/estudio\/bodas-y-eventos\/reportaje-de-boda\/\"]}]},{\"@type\":\"ImageObject\",\"inLanguage\":\"es\",\"@id\":\"https:\/\/www.victorarandagarcia.es\/index.php\/estudio\/bodas-y-eventos\/reportaje-de-boda\/#primaryimage\",\"url\":\"https:\/\/www.victorarandagarcia.es\/wp-content\/uploads\/post-boda-valencia.jpg\",\"contentUrl\":\"https:\/\/www.victorarandagarcia.es\/wp-content\/uploads\/post-boda-valencia.jpg\",\"width\":720,\"height\":480},{\"@type\":\"BreadcrumbList\",\"@id\":\"https:\/\/www.victorarandagarcia.es\/index.php\/estudio\/bodas-y-eventos\/reportaje-de-boda\/#breadcrumb\",\"itemListElement\":[{\"@type\":\"ListItem\",\"position\":1,\"name\":\"Portada\",\"item\":\"https:\/\/www.victorarandagarcia.es\/\"},{\"@type\":\"ListItem\",\"position\":2,\"name\":\"Reportaje de boda\"}]},{\"@type\":\"WebSite\",\"@id\":\"https:\/\/www.victorarandagarcia.es\/#website\",\"url\":\"https:\/\/www.victorarandagarcia.es\/\",\"name\":\"arte y estudio\",\"description\":\"Fot\u00f3grafo\",\"publisher\":{\"@id\":\"https:\/\/www.victorarandagarcia.es\/#organization\"},\"potentialAction\":[{\"@type\":\"SearchAction\",\"target\":{\"@type\":\"EntryPoint\",\"urlTemplate\":\"https:\/\/www.victorarandagarcia.es\/?s={search_term_string}\"},\"query-input\":\"required name=search_term_string\"}],\"inLanguage\":\"es\"},{\"@type\":\"Organization\",\"@id\":\"https:\/\/www.victorarandagarcia.es\/#organization\",\"name\":\"arte y estudio\",\"url\":\"https:\/\/www.victorarandagarcia.es\/\",\"logo\":{\"@type\":\"ImageObject\",\"inLanguage\":\"es\",\"@id\":\"https:\/\/www.victorarandagarcia.es\/#\/schema\/logo\/image\/\",\"url\":\"https:\/\/www.victorarandagarcia.es\/wp-content\/uploads\/2019\/03\/logo-fotografo.png\",\"contentUrl\":\"https:\/\/www.victorarandagarcia.es\/wp-content\/uploads\/2019\/03\/logo-fotografo.png\",\"width\":150,\"height\":150,\"caption\":\"arte y estudio\"},\"image\":{\"@id\":\"https:\/\/www.victorarandagarcia.es\/#\/schema\/logo\/image\/\"}},{\"@type\":\"Person\",\"@id\":\"https:\/\/www.victorarandagarcia.es\/#\/schema\/person\/bfa9c61a3776d517deeee5f9386ef302\",\"name\":\"victorarandagarcia\",\"image\":{\"@type\":\"ImageObject\",\"inLanguage\":\"es\",\"@id\":\"https:\/\/www.victorarandagarcia.es\/#\/schema\/person\/image\/\",\"url\":\"https:\/\/secure.gravatar.com\/avatar\/957a01ac23a6393e755ae8225c35dbdb?s=96&d=mm&r=g\",\"contentUrl\":\"https:\/\/secure.gravatar.com\/avatar\/957a01ac23a6393e755ae8225c35dbdb?s=96&d=mm&r=g\",\"caption\":\"victorarandagarcia\"}}]}<\/script>\n<!-- \/ Yoast SEO plugin. -->","yoast_head_json":{"title":"Reportaje de boda - arte y estudio","robots":{"index":"index","follow":"follow","max-snippet":"max-snippet:-1","max-image-preview":"max-image-preview:large","max-video-preview":"max-video-preview:-1"},"canonical":"https:\/\/www.victorarandagarcia.es\/index.php\/estudio\/bodas-y-eventos\/reportaje-de-boda\/","og_locale":"es_ES","og_type":"article","og_title":"Reportaje de boda - arte y estudio","og_description":"Hay muchos reportajes de boda posibles, casi tantos como parejas: el estilo puede ser rom\u00e1ntico, moderno, en blanco y negro. \u00bfC\u00f3mo te gustar\u00eda a t\u00ed guardar el recuerdo de ese d\u00eda? Ya sea una boda civil o tradicional por la iglesia lo importante es que el fot\u00f3grafo sepa capturar los momentos importantes &hellip; ContinuarReportaje de boda","og_url":"https:\/\/www.victorarandagarcia.es\/index.php\/estudio\/bodas-y-eventos\/reportaje-de-boda\/","og_site_name":"arte y estudio","article_published_time":"2019-05-15T18:49:47+00:00","article_modified_time":"2019-05-15T19:58:00+00:00","og_image":[{"width":720,"height":480,"url":"https:\/\/www.victorarandagarcia.es\/wp-content\/uploads\/post-boda-valencia.jpg","type":"image\/jpeg"}],"author":"victorarandagarcia","twitter_card":"summary_large_image","twitter_misc":{"Escrito por":"victorarandagarcia","Tiempo de lectura":"1 minuto"},"schema":{"@context":"https:\/\/schema.org","@graph":[{"@type":"Article","@id":"https:\/\/www.victorarandagarcia.es\/index.php\/estudio\/bodas-y-eventos\/reportaje-de-boda\/#article","isPartOf":{"@id":"https:\/\/www.victorarandagarcia.es\/index.php\/estudio\/bodas-y-eventos\/reportaje-de-boda\/"},"author":{"name":"victorarandagarcia","@id":"https:\/\/www.victorarandagarcia.es\/#\/schema\/person\/bfa9c61a3776d517deeee5f9386ef302"},"headline":"Reportaje de boda","datePublished":"2019-05-15T18:49:47+00:00","dateModified":"2019-05-15T19:58:00+00:00","mainEntityOfPage":{"@id":"https:\/\/www.victorarandagarcia.es\/index.php\/estudio\/bodas-y-eventos\/reportaje-de-boda\/"},"wordCount":269,"publisher":{"@id":"https:\/\/www.victorarandagarcia.es\/#organization"},"image":{"@id":"https:\/\/www.victorarandagarcia.es\/index.php\/estudio\/bodas-y-eventos\/reportaje-de-boda\/#primaryimage"},"thumbnailUrl":"https:\/\/www.victorarandagarcia.es\/wp-content\/uploads\/post-boda-valencia.jpg","keywords":["\u00e1lbum","boda"],"articleSection":["BODAS Y EVENTOS"],"inLanguage":"es"},{"@type":"WebPage","@id":"https:\/\/www.victorarandagarcia.es\/index.php\/estudio\/bodas-y-eventos\/reportaje-de-boda\/","url":"https:\/\/www.victorarandagarcia.es\/index.php\/estudio\/bodas-y-eventos\/reportaje-de-boda\/","name":"Reportaje de boda - arte y estudio","isPartOf":{"@id":"https:\/\/www.victorarandagarcia.es\/#website"},"primaryImageOfPage":{"@id":"https:\/\/www.victorarandagarcia.es\/index.php\/estudio\/bodas-y-eventos\/reportaje-de-boda\/#primaryimage"},"image":{"@id":"https:\/\/www.victorarandagarcia.es\/index.php\/estudio\/bodas-y-eventos\/reportaje-de-boda\/#primaryimage"},"thumbnailUrl":"https:\/\/www.victorarandagarcia.es\/wp-content\/uploads\/post-boda-valencia.jpg","datePublished":"2019-05-15T18:49:47+00:00","dateModified":"2019-05-15T19:58:00+00:00","breadcrumb":{"@id":"https:\/\/www.victorarandagarcia.es\/index.php\/estudio\/bodas-y-eventos\/reportaje-de-boda\/#breadcrumb"},"inLanguage":"es","potentialAction":[{"@type":"ReadAction","target":["https:\/\/www.victorarandagarcia.es\/index.php\/estudio\/bodas-y-eventos\/reportaje-de-boda\/"]}]},{"@type":"ImageObject","inLanguage":"es","@id":"https:\/\/www.victorarandagarcia.es\/index.php\/estudio\/bodas-y-eventos\/reportaje-de-boda\/#primaryimage","url":"https:\/\/www.victorarandagarcia.es\/wp-content\/uploads\/post-boda-valencia.jpg","contentUrl":"https:\/\/www.victorarandagarcia.es\/wp-content\/uploads\/post-boda-valencia.jpg","width":720,"height":480},{"@type":"BreadcrumbList","@id":"https:\/\/www.victorarandagarcia.es\/index.php\/estudio\/bodas-y-eventos\/reportaje-de-boda\/#breadcrumb","itemListElement":[{"@type":"ListItem","position":1,"name":"Portada","item":"https:\/\/www.victorarandagarcia.es\/"},{"@type":"ListItem","position":2,"name":"Reportaje de boda"}]},{"@type":"WebSite","@id":"https:\/\/www.victorarandagarcia.es\/#website","url":"https:\/\/www.victorarandagarcia.es\/","name":"arte y estudio","description":"Fot\u00f3grafo","publisher":{"@id":"https:\/\/www.victorarandagarcia.es\/#organization"},"potentialAction":[{"@type":"SearchAction","target":{"@type":"EntryPoint","urlTemplate":"https:\/\/www.victorarandagarcia.es\/?s={search_term_string}"},"query-input":"required name=search_term_string"}],"inLanguage":"es"},{"@type":"Organization","@id":"https:\/\/www.victorarandagarcia.es\/#organization","name":"arte y estudio","url":"https:\/\/www.victorarandagarcia.es\/","logo":{"@type":"ImageObject","inLanguage":"es","@id":"https:\/\/www.victorarandagarcia.es\/#\/schema\/logo\/image\/","url":"https:\/\/www.victorarandagarcia.es\/wp-content\/uploads\/2019\/03\/logo-fotografo.png","contentUrl":"https:\/\/www.victorarandagarcia.es\/wp-content\/uploads\/2019\/03\/logo-fotografo.png","width":150,"height":150,"caption":"arte y estudio"},"image":{"@id":"https:\/\/www.victorarandagarcia.es\/#\/schema\/logo\/image\/"}},{"@type":"Person","@id":"https:\/\/www.victorarandagarcia.es\/#\/schema\/person\/bfa9c61a3776d517deeee5f9386ef302","name":"victorarandagarcia","image":{"@type":"ImageObject","inLanguage":"es","@id":"https:\/\/www.victorarandagarcia.es\/#\/schema\/person\/image\/","url":"https:\/\/secure.gravatar.com\/avatar\/957a01ac23a6393e755ae8225c35dbdb?s=96&d=mm&r=g","contentUrl":"https:\/\/secure.gravatar.com\/avatar\/957a01ac23a6393e755ae8225c35dbdb?s=96&d=mm&r=g","caption":"victorarandagarcia"}}]}},"jetpack_featured_media_url":"https:\/\/www.victorarandagarcia.es\/wp-content\/uploads\/post-boda-valencia.jpg","jetpack_sharing_enabled":true,"_links":{"self":[{"href":"https:\/\/www.victorarandagarcia.es\/index.php\/wp-json\/wp\/v2\/posts\/1748"}],"collection":[{"href":"https:\/\/www.victorarandagarcia.es\/index.php\/wp-json\/wp\/v2\/posts"}],"about":[{"href":"https:\/\/www.victorarandagarcia.es\/index.php\/wp-json\/wp\/v2\/types\/post"}],"author":[{"embeddable":true,"href":"https:\/\/www.victorarandagarcia.es\/index.php\/wp-json\/wp\/v2\/users\/1"}],"replies":[{"embeddable":true,"href":"https:\/\/www.victorarandagarcia.es\/index.php\/wp-json\/wp\/v2\/comments?post=1748"}],"version-history":[{"count":4,"href":"https:\/\/www.victorarandagarcia.es\/index.php\/wp-json\/wp\/v2\/posts\/1748\/revisions"}],"predecessor-version":[{"id":1767,"href":"https:\/\/www.victorarandagarcia.es\/index.php\/wp-json\/wp\/v2\/posts\/1748\/revisions\/1767"}],"wp:featuredmedia":[{"embeddable":true,"href":"https:\/\/www.victorarandagarcia.es\/index.php\/wp-json\/wp\/v2\/media\/1752"}],"wp:attachment":[{"href":"https:\/\/www.victorarandagarcia.es\/index.php\/wp-json\/wp\/v2\/media?parent=1748"}],"wp:term":[{"taxonomy":"category","embeddable":true,"href":"https:\/\/www.victorarandagarcia.es\/index.php\/wp-json\/wp\/v2\/categories?post=1748"},{"taxonomy":"post_tag","embeddable":true,"href":"https:\/\/www.victorarandagarcia.es\/index.php\/wp-json\/wp\/v2\/tags?post=1748"}],"curies":[{"name":"wp","href":"https:\/\/api.w.org\/{rel}","templated":true}]}}