{"id":1699,"date":"2019-04-25T11:32:46","date_gmt":"2019-04-25T09:32:46","guid":{"rendered":"http:\/\/www.victorarandagarcia.es\/?p=1699"},"modified":"2020-01-10T21:38:23","modified_gmt":"2020-01-10T20:38:23","slug":"retrato-familiar","status":"publish","type":"post","link":"https:\/\/www.victorarandagarcia.es\/index.php\/estudio\/retrato-estudio\/retrato-familiar\/","title":{"rendered":"Retrato familiar"},"content":{"rendered":"\n<figure class=\"wp-block-image\"><img data-attachment-id=\"1918\" data-permalink=\"https:\/\/www.victorarandagarcia.es\/index.php\/estudio\/retrato-estudio\/retrato-familiar\/attachment\/retrato-familiar-8\/\" data-orig-file=\"https:\/\/www.victorarandagarcia.es\/wp-content\/uploads\/retrato-familiar-8.jpg\" data-orig-size=\"2400,1713\" data-comments-opened=\"0\" data-image-meta=\"{&quot;aperture&quot;:&quot;9&quot;,&quot;credit&quot;:&quot;Victor Aranda Garcia&quot;,&quot;camera&quot;:&quot;Canon EOS 50D&quot;,&quot;caption&quot;:&quot;&quot;,&quot;created_timestamp&quot;:&quot;1387634443&quot;,&quot;copyright&quot;:&quot;Victor Aranda Garcia&quot;,&quot;focal_length&quot;:&quot;50&quot;,&quot;iso&quot;:&quot;100&quot;,&quot;shutter_speed&quot;:&quot;0.00625&quot;,&quot;title&quot;:&quot;&quot;,&quot;orientation&quot;:&quot;1&quot;}\" data-image-title=\"retrato-familiar-8\" data-image-description=\"\" data-image-caption=\"\" data-medium-file=\"https:\/\/www.victorarandagarcia.es\/wp-content\/uploads\/retrato-familiar-8-300x214.jpg\" data-large-file=\"https:\/\/www.victorarandagarcia.es\/wp-content\/uploads\/retrato-familiar-8-1024x731.jpg\" decoding=\"async\" loading=\"lazy\" width=\"1024\" height=\"731\" src=\"https:\/\/www.victorarandagarcia.es\/wp-content\/uploads\/retrato-familiar-8-1024x731.jpg\" alt=\"\" class=\"wp-image-1918\" srcset=\"https:\/\/www.victorarandagarcia.es\/wp-content\/uploads\/retrato-familiar-8-1024x731.jpg 1024w, https:\/\/www.victorarandagarcia.es\/wp-content\/uploads\/retrato-familiar-8-300x214.jpg 300w, https:\/\/www.victorarandagarcia.es\/wp-content\/uploads\/retrato-familiar-8-768x548.jpg 768w\" sizes=\"(max-width: 1024px) 100vw, 1024px\" \/><\/figure>\n\n\n\n<p>Aunque las sesiones de retrato familiar pueden hacerse en estudio mi opci\u00f3n preferida es hacer las fotos en casa de los clientes o en un lugar que les guste como la playa, donde normalmente se sienten m\u00e1s c\u00f3modos y pueden interaccionar de una forma m\u00e1s natural: yo pongo las luces y la c\u00e1mara, vosotros las sonrisas.<\/p>\n\n\n\n<ul class=\"wp-block-gallery columns-4 is-cropped wp-block-gallery-1 is-layout-flex wp-block-gallery-is-layout-flex\"><li class=\"blocks-gallery-item\"><figure><img data-attachment-id=\"1705\" data-permalink=\"https:\/\/www.victorarandagarcia.es\/retrato-familiar1\/\" data-orig-file=\"https:\/\/www.victorarandagarcia.es\/wp-content\/uploads\/retrato-familiar1.jpg\" data-orig-size=\"516,720\" data-comments-opened=\"0\" data-image-meta=\"{&quot;aperture&quot;:&quot;0&quot;,&quot;credit&quot;:&quot;&quot;,&quot;camera&quot;:&quot;&quot;,&quot;caption&quot;:&quot;&quot;,&quot;created_timestamp&quot;:&quot;0&quot;,&quot;copyright&quot;:&quot;&quot;,&quot;focal_length&quot;:&quot;0&quot;,&quot;iso&quot;:&quot;0&quot;,&quot;shutter_speed&quot;:&quot;0&quot;,&quot;title&quot;:&quot;&quot;,&quot;orientation&quot;:&quot;0&quot;}\" data-image-title=\"retrato-familiar1\" data-image-description=\"\" data-image-caption=\"\" data-medium-file=\"https:\/\/www.victorarandagarcia.es\/wp-content\/uploads\/retrato-familiar1-215x300.jpg\" data-large-file=\"https:\/\/www.victorarandagarcia.es\/wp-content\/uploads\/retrato-familiar1.jpg\" decoding=\"async\" loading=\"lazy\" width=\"516\" height=\"720\" src=\"http:\/\/www.victorarandagarcia.es\/wp-content\/uploads\/retrato-familiar1.jpg\" alt=\"ni\u00f1os,foto,retrato,familia\" data-id=\"1705\" data-link=\"http:\/\/www.victorarandagarcia.es\/retrato-familiar1\/\" class=\"wp-image-1705\" srcset=\"https:\/\/www.victorarandagarcia.es\/wp-content\/uploads\/retrato-familiar1.jpg 516w, https:\/\/www.victorarandagarcia.es\/wp-content\/uploads\/retrato-familiar1-215x300.jpg 215w\" sizes=\"(max-width: 516px) 100vw, 516px\" \/><\/figure><\/li><li class=\"blocks-gallery-item\"><figure><img data-attachment-id=\"1706\" data-permalink=\"https:\/\/www.victorarandagarcia.es\/retrato-familiar3\/\" data-orig-file=\"https:\/\/www.victorarandagarcia.es\/wp-content\/uploads\/retrato-familiar3.jpg\" data-orig-size=\"481,720\" data-comments-opened=\"0\" data-image-meta=\"{&quot;aperture&quot;:&quot;0&quot;,&quot;credit&quot;:&quot;&quot;,&quot;camera&quot;:&quot;&quot;,&quot;caption&quot;:&quot;&quot;,&quot;created_timestamp&quot;:&quot;0&quot;,&quot;copyright&quot;:&quot;&quot;,&quot;focal_length&quot;:&quot;0&quot;,&quot;iso&quot;:&quot;0&quot;,&quot;shutter_speed&quot;:&quot;0&quot;,&quot;title&quot;:&quot;&quot;,&quot;orientation&quot;:&quot;0&quot;}\" data-image-title=\"retrato-familiar3\" data-image-description=\"\" data-image-caption=\"\" data-medium-file=\"https:\/\/www.victorarandagarcia.es\/wp-content\/uploads\/retrato-familiar3-200x300.jpg\" data-large-file=\"https:\/\/www.victorarandagarcia.es\/wp-content\/uploads\/retrato-familiar3.jpg\" decoding=\"async\" loading=\"lazy\" width=\"481\" height=\"720\" src=\"http:\/\/www.victorarandagarcia.es\/wp-content\/uploads\/retrato-familiar3.jpg\" alt=\"ni\u00f1os,foto,retrato,familia\" data-id=\"1706\" data-link=\"http:\/\/www.victorarandagarcia.es\/retrato-familiar3\/\" class=\"wp-image-1706\" srcset=\"https:\/\/www.victorarandagarcia.es\/wp-content\/uploads\/retrato-familiar3.jpg 481w, https:\/\/www.victorarandagarcia.es\/wp-content\/uploads\/retrato-familiar3-200x300.jpg 200w\" sizes=\"(max-width: 481px) 100vw, 481px\" \/><\/figure><\/li><li class=\"blocks-gallery-item\"><figure><img data-attachment-id=\"1704\" data-permalink=\"https:\/\/www.victorarandagarcia.es\/retrato-familiar4\/\" data-orig-file=\"https:\/\/www.victorarandagarcia.es\/wp-content\/uploads\/retrato-familiar4.jpg\" data-orig-size=\"481,720\" data-comments-opened=\"0\" data-image-meta=\"{&quot;aperture&quot;:&quot;0&quot;,&quot;credit&quot;:&quot;&quot;,&quot;camera&quot;:&quot;&quot;,&quot;caption&quot;:&quot;&quot;,&quot;created_timestamp&quot;:&quot;0&quot;,&quot;copyright&quot;:&quot;&quot;,&quot;focal_length&quot;:&quot;0&quot;,&quot;iso&quot;:&quot;0&quot;,&quot;shutter_speed&quot;:&quot;0&quot;,&quot;title&quot;:&quot;&quot;,&quot;orientation&quot;:&quot;0&quot;}\" data-image-title=\"retrato-familiar4\" data-image-description=\"\" data-image-caption=\"\" data-medium-file=\"https:\/\/www.victorarandagarcia.es\/wp-content\/uploads\/retrato-familiar4-200x300.jpg\" data-large-file=\"https:\/\/www.victorarandagarcia.es\/wp-content\/uploads\/retrato-familiar4.jpg\" decoding=\"async\" loading=\"lazy\" width=\"481\" height=\"720\" src=\"http:\/\/www.victorarandagarcia.es\/wp-content\/uploads\/retrato-familiar4.jpg\" alt=\"ni\u00f1os,foto,retrato,familia\" data-id=\"1704\" data-link=\"http:\/\/www.victorarandagarcia.es\/retrato-familiar4\/\" class=\"wp-image-1704\" srcset=\"https:\/\/www.victorarandagarcia.es\/wp-content\/uploads\/retrato-familiar4.jpg 481w, https:\/\/www.victorarandagarcia.es\/wp-content\/uploads\/retrato-familiar4-200x300.jpg 200w\" sizes=\"(max-width: 481px) 100vw, 481px\" \/><\/figure><\/li><li class=\"blocks-gallery-item\"><figure><img data-attachment-id=\"1702\" data-permalink=\"https:\/\/www.victorarandagarcia.es\/retrato-familiar5\/\" data-orig-file=\"https:\/\/www.victorarandagarcia.es\/wp-content\/uploads\/retrato-familiar5.jpg\" data-orig-size=\"481,720\" data-comments-opened=\"0\" data-image-meta=\"{&quot;aperture&quot;:&quot;0&quot;,&quot;credit&quot;:&quot;&quot;,&quot;camera&quot;:&quot;&quot;,&quot;caption&quot;:&quot;&quot;,&quot;created_timestamp&quot;:&quot;0&quot;,&quot;copyright&quot;:&quot;&quot;,&quot;focal_length&quot;:&quot;0&quot;,&quot;iso&quot;:&quot;0&quot;,&quot;shutter_speed&quot;:&quot;0&quot;,&quot;title&quot;:&quot;&quot;,&quot;orientation&quot;:&quot;0&quot;}\" data-image-title=\"retrato-familiar5\" data-image-description=\"\" data-image-caption=\"\" data-medium-file=\"https:\/\/www.victorarandagarcia.es\/wp-content\/uploads\/retrato-familiar5-200x300.jpg\" data-large-file=\"https:\/\/www.victorarandagarcia.es\/wp-content\/uploads\/retrato-familiar5.jpg\" decoding=\"async\" loading=\"lazy\" width=\"481\" height=\"720\" src=\"http:\/\/www.victorarandagarcia.es\/wp-content\/uploads\/retrato-familiar5.jpg\" alt=\"ni\u00f1os,foto,retrato,familia\" data-id=\"1702\" data-link=\"http:\/\/www.victorarandagarcia.es\/retrato-familiar5\/\" class=\"wp-image-1702\" srcset=\"https:\/\/www.victorarandagarcia.es\/wp-content\/uploads\/retrato-familiar5.jpg 481w, https:\/\/www.victorarandagarcia.es\/wp-content\/uploads\/retrato-familiar5-200x300.jpg 200w\" sizes=\"(max-width: 481px) 100vw, 481px\" \/><\/figure><\/li><li class=\"blocks-gallery-item\"><figure><img data-attachment-id=\"1919\" data-permalink=\"https:\/\/www.victorarandagarcia.es\/index.php\/estudio\/retrato-estudio\/retrato-familiar\/attachment\/retrato-familiar9-1\/\" data-orig-file=\"https:\/\/www.victorarandagarcia.es\/wp-content\/uploads\/retrato-familiar9-1.jpg\" data-orig-size=\"600,402\" data-comments-opened=\"0\" data-image-meta=\"{&quot;aperture&quot;:&quot;0&quot;,&quot;credit&quot;:&quot;Victor Aranda Garcia&quot;,&quot;camera&quot;:&quot;&quot;,&quot;caption&quot;:&quot;&quot;,&quot;created_timestamp&quot;:&quot;0&quot;,&quot;copyright&quot;:&quot;&quot;,&quot;focal_length&quot;:&quot;0&quot;,&quot;iso&quot;:&quot;0&quot;,&quot;shutter_speed&quot;:&quot;0&quot;,&quot;title&quot;:&quot;&quot;,&quot;orientation&quot;:&quot;0&quot;}\" data-image-title=\"retrato-familiar9-1\" data-image-description=\"\" data-image-caption=\"\" data-medium-file=\"https:\/\/www.victorarandagarcia.es\/wp-content\/uploads\/retrato-familiar9-1-300x201.jpg\" data-large-file=\"https:\/\/www.victorarandagarcia.es\/wp-content\/uploads\/retrato-familiar9-1.jpg\" decoding=\"async\" loading=\"lazy\" width=\"600\" height=\"402\" src=\"https:\/\/www.victorarandagarcia.es\/wp-content\/uploads\/retrato-familiar9-1.jpg\" alt=\"\" data-id=\"1919\" data-link=\"https:\/\/www.victorarandagarcia.es\/index.php\/estudio\/retrato-familiar\/attachment\/retrato-familiar9-1\/\" class=\"wp-image-1919\" srcset=\"https:\/\/www.victorarandagarcia.es\/wp-content\/uploads\/retrato-familiar9-1.jpg 600w, https:\/\/www.victorarandagarcia.es\/wp-content\/uploads\/retrato-familiar9-1-300x201.jpg 300w\" sizes=\"(max-width: 600px) 100vw, 600px\" \/><\/figure><\/li><\/ul>\n","protected":false},"excerpt":{"rendered":"<p>Aunque las sesiones de retrato familiar pueden hacerse en estudio mi opci\u00f3n preferida es hacer las fotos en casa de los clientes, donde normalmente se sienten m\u00e1s c\u00f3modos &hellip; <a href=\"https:\/\/www.victorarandagarcia.es\/index.php\/estudio\/retrato-estudio\/retrato-familiar\/\" class=\"more-link\"><span>Continuar<span class=\"screen-reader-text\">Retrato familiar<\/span><\/span><\/a><\/p>\n","protected":false},"author":1,"featured_media":1703,"comment_status":"closed","ping_status":"open","sticky":false,"template":"","format":"standard","meta":{"jetpack_post_was_ever_published":false,"_jetpack_newsletter_access":"","_jetpack_dont_email_post_to_subs":false,"_jetpack_newsletter_tier_id":0,"_jetpack_memberships_contains_paywalled_content":false,"footnotes":"","_jetpack_memberships_contains_paid_content":false},"categories":[19,56],"tags":[27],"yoast_head":"<!-- This site is optimized with the Yoast SEO plugin v22.6 - https:\/\/yoast.com\/wordpress\/plugins\/seo\/ -->\n<title>Retrato familiar - arte y estudio<\/title>\n<meta name=\"description\" content=\"Aunque las sesiones de retrato familiar pueden hacerse en estudio mi opci\u00f3n preferida es hacer las fotos en casa de los clientes o en su lugar preferido.\" \/>\n<meta name=\"robots\" content=\"index, follow, max-snippet:-1, max-image-preview:large, max-video-preview:-1\" \/>\n<link rel=\"canonical\" href=\"https:\/\/www.victorarandagarcia.es\/index.php\/estudio\/retrato-estudio\/retrato-familiar\/\" \/>\n<meta property=\"og:locale\" content=\"es_ES\" \/>\n<meta property=\"og:type\" content=\"article\" \/>\n<meta property=\"og:title\" content=\"Retrato familiar - arte y estudio\" \/>\n<meta property=\"og:description\" content=\"Aunque las sesiones de retrato familiar pueden hacerse en estudio mi opci\u00f3n preferida es hacer las fotos en casa de los clientes o en su lugar preferido.\" \/>\n<meta property=\"og:url\" content=\"https:\/\/www.victorarandagarcia.es\/index.php\/estudio\/retrato-estudio\/retrato-familiar\/\" \/>\n<meta property=\"og:site_name\" content=\"arte y estudio\" \/>\n<meta property=\"article:published_time\" content=\"2019-04-25T09:32:46+00:00\" \/>\n<meta property=\"article:modified_time\" content=\"2020-01-10T20:38:23+00:00\" \/>\n<meta property=\"og:image\" content=\"https:\/\/www.victorarandagarcia.es\/wp-content\/uploads\/retrato-familiar9.jpg\" \/>\n\t<meta property=\"og:image:width\" content=\"600\" \/>\n\t<meta property=\"og:image:height\" content=\"402\" \/>\n\t<meta property=\"og:image:type\" content=\"image\/jpeg\" \/>\n<meta name=\"author\" content=\"victorarandagarcia\" \/>\n<meta name=\"twitter:card\" content=\"summary_large_image\" \/>\n<meta name=\"twitter:label1\" content=\"Escrito por\" \/>\n\t<meta name=\"twitter:data1\" content=\"victorarandagarcia\" \/>\n<script type=\"application\/ld+json\" class=\"yoast-schema-graph\">{\"@context\":\"https:\/\/schema.org\",\"@graph\":[{\"@type\":\"Article\",\"@id\":\"https:\/\/www.victorarandagarcia.es\/index.php\/estudio\/retrato-estudio\/retrato-familiar\/#article\",\"isPartOf\":{\"@id\":\"https:\/\/www.victorarandagarcia.es\/index.php\/estudio\/retrato-estudio\/retrato-familiar\/\"},\"author\":{\"name\":\"victorarandagarcia\",\"@id\":\"https:\/\/www.victorarandagarcia.es\/#\/schema\/person\/bfa9c61a3776d517deeee5f9386ef302\"},\"headline\":\"Retrato familiar\",\"datePublished\":\"2019-04-25T09:32:46+00:00\",\"dateModified\":\"2020-01-10T20:38:23+00:00\",\"mainEntityOfPage\":{\"@id\":\"https:\/\/www.victorarandagarcia.es\/index.php\/estudio\/retrato-estudio\/retrato-familiar\/\"},\"wordCount\":63,\"publisher\":{\"@id\":\"https:\/\/www.victorarandagarcia.es\/#organization\"},\"image\":{\"@id\":\"https:\/\/www.victorarandagarcia.es\/index.php\/estudio\/retrato-estudio\/retrato-familiar\/#primaryimage\"},\"thumbnailUrl\":\"https:\/\/www.victorarandagarcia.es\/wp-content\/uploads\/retrato-familiar9.jpg\",\"keywords\":[\"retrato\"],\"articleSection\":[\"estudio\",\"retrato\"],\"inLanguage\":\"es\"},{\"@type\":\"WebPage\",\"@id\":\"https:\/\/www.victorarandagarcia.es\/index.php\/estudio\/retrato-estudio\/retrato-familiar\/\",\"url\":\"https:\/\/www.victorarandagarcia.es\/index.php\/estudio\/retrato-estudio\/retrato-familiar\/\",\"name\":\"Retrato familiar - arte y estudio\",\"isPartOf\":{\"@id\":\"https:\/\/www.victorarandagarcia.es\/#website\"},\"primaryImageOfPage\":{\"@id\":\"https:\/\/www.victorarandagarcia.es\/index.php\/estudio\/retrato-estudio\/retrato-familiar\/#primaryimage\"},\"image\":{\"@id\":\"https:\/\/www.victorarandagarcia.es\/index.php\/estudio\/retrato-estudio\/retrato-familiar\/#primaryimage\"},\"thumbnailUrl\":\"https:\/\/www.victorarandagarcia.es\/wp-content\/uploads\/retrato-familiar9.jpg\",\"datePublished\":\"2019-04-25T09:32:46+00:00\",\"dateModified\":\"2020-01-10T20:38:23+00:00\",\"description\":\"Aunque las sesiones de retrato familiar pueden hacerse en estudio mi opci\u00f3n preferida es hacer las fotos en casa de los clientes o en su lugar preferido.\",\"breadcrumb\":{\"@id\":\"https:\/\/www.victorarandagarcia.es\/index.php\/estudio\/retrato-estudio\/retrato-familiar\/#breadcrumb\"},\"inLanguage\":\"es\",\"potentialAction\":[{\"@type\":\"ReadAction\",\"target\":[\"https:\/\/www.victorarandagarcia.es\/index.php\/estudio\/retrato-estudio\/retrato-familiar\/\"]}]},{\"@type\":\"ImageObject\",\"inLanguage\":\"es\",\"@id\":\"https:\/\/www.victorarandagarcia.es\/index.php\/estudio\/retrato-estudio\/retrato-familiar\/#primaryimage\",\"url\":\"https:\/\/www.victorarandagarcia.es\/wp-content\/uploads\/retrato-familiar9.jpg\",\"contentUrl\":\"https:\/\/www.victorarandagarcia.es\/wp-content\/uploads\/retrato-familiar9.jpg\",\"width\":600,\"height\":402,\"caption\":\"ni\u00f1os,foto,retrato,familia\"},{\"@type\":\"BreadcrumbList\",\"@id\":\"https:\/\/www.victorarandagarcia.es\/index.php\/estudio\/retrato-estudio\/retrato-familiar\/#breadcrumb\",\"itemListElement\":[{\"@type\":\"ListItem\",\"position\":1,\"name\":\"Portada\",\"item\":\"https:\/\/www.victorarandagarcia.es\/\"},{\"@type\":\"ListItem\",\"position\":2,\"name\":\"Retrato familiar\"}]},{\"@type\":\"WebSite\",\"@id\":\"https:\/\/www.victorarandagarcia.es\/#website\",\"url\":\"https:\/\/www.victorarandagarcia.es\/\",\"name\":\"arte y estudio\",\"description\":\"Fot\u00f3grafo\",\"publisher\":{\"@id\":\"https:\/\/www.victorarandagarcia.es\/#organization\"},\"potentialAction\":[{\"@type\":\"SearchAction\",\"target\":{\"@type\":\"EntryPoint\",\"urlTemplate\":\"https:\/\/www.victorarandagarcia.es\/?s={search_term_string}\"},\"query-input\":\"required name=search_term_string\"}],\"inLanguage\":\"es\"},{\"@type\":\"Organization\",\"@id\":\"https:\/\/www.victorarandagarcia.es\/#organization\",\"name\":\"arte y estudio\",\"url\":\"https:\/\/www.victorarandagarcia.es\/\",\"logo\":{\"@type\":\"ImageObject\",\"inLanguage\":\"es\",\"@id\":\"https:\/\/www.victorarandagarcia.es\/#\/schema\/logo\/image\/\",\"url\":\"https:\/\/www.victorarandagarcia.es\/wp-content\/uploads\/2019\/03\/logo-fotografo.png\",\"contentUrl\":\"https:\/\/www.victorarandagarcia.es\/wp-content\/uploads\/2019\/03\/logo-fotografo.png\",\"width\":150,\"height\":150,\"caption\":\"arte y estudio\"},\"image\":{\"@id\":\"https:\/\/www.victorarandagarcia.es\/#\/schema\/logo\/image\/\"}},{\"@type\":\"Person\",\"@id\":\"https:\/\/www.victorarandagarcia.es\/#\/schema\/person\/bfa9c61a3776d517deeee5f9386ef302\",\"name\":\"victorarandagarcia\",\"image\":{\"@type\":\"ImageObject\",\"inLanguage\":\"es\",\"@id\":\"https:\/\/www.victorarandagarcia.es\/#\/schema\/person\/image\/\",\"url\":\"https:\/\/secure.gravatar.com\/avatar\/957a01ac23a6393e755ae8225c35dbdb?s=96&d=mm&r=g\",\"contentUrl\":\"https:\/\/secure.gravatar.com\/avatar\/957a01ac23a6393e755ae8225c35dbdb?s=96&d=mm&r=g\",\"caption\":\"victorarandagarcia\"}}]}<\/script>\n<!-- \/ Yoast SEO plugin. -->","yoast_head_json":{"title":"Retrato familiar - arte y estudio","description":"Aunque las sesiones de retrato familiar pueden hacerse en estudio mi opci\u00f3n preferida es hacer las fotos en casa de los clientes o en su lugar preferido.","robots":{"index":"index","follow":"follow","max-snippet":"max-snippet:-1","max-image-preview":"max-image-preview:large","max-video-preview":"max-video-preview:-1"},"canonical":"https:\/\/www.victorarandagarcia.es\/index.php\/estudio\/retrato-estudio\/retrato-familiar\/","og_locale":"es_ES","og_type":"article","og_title":"Retrato familiar - arte y estudio","og_description":"Aunque las sesiones de retrato familiar pueden hacerse en estudio mi opci\u00f3n preferida es hacer las fotos en casa de los clientes o en su lugar preferido.","og_url":"https:\/\/www.victorarandagarcia.es\/index.php\/estudio\/retrato-estudio\/retrato-familiar\/","og_site_name":"arte y estudio","article_published_time":"2019-04-25T09:32:46+00:00","article_modified_time":"2020-01-10T20:38:23+00:00","og_image":[{"width":600,"height":402,"url":"https:\/\/www.victorarandagarcia.es\/wp-content\/uploads\/retrato-familiar9.jpg","type":"image\/jpeg"}],"author":"victorarandagarcia","twitter_card":"summary_large_image","twitter_misc":{"Escrito por":"victorarandagarcia"},"schema":{"@context":"https:\/\/schema.org","@graph":[{"@type":"Article","@id":"https:\/\/www.victorarandagarcia.es\/index.php\/estudio\/retrato-estudio\/retrato-familiar\/#article","isPartOf":{"@id":"https:\/\/www.victorarandagarcia.es\/index.php\/estudio\/retrato-estudio\/retrato-familiar\/"},"author":{"name":"victorarandagarcia","@id":"https:\/\/www.victorarandagarcia.es\/#\/schema\/person\/bfa9c61a3776d517deeee5f9386ef302"},"headline":"Retrato familiar","datePublished":"2019-04-25T09:32:46+00:00","dateModified":"2020-01-10T20:38:23+00:00","mainEntityOfPage":{"@id":"https:\/\/www.victorarandagarcia.es\/index.php\/estudio\/retrato-estudio\/retrato-familiar\/"},"wordCount":63,"publisher":{"@id":"https:\/\/www.victorarandagarcia.es\/#organization"},"image":{"@id":"https:\/\/www.victorarandagarcia.es\/index.php\/estudio\/retrato-estudio\/retrato-familiar\/#primaryimage"},"thumbnailUrl":"https:\/\/www.victorarandagarcia.es\/wp-content\/uploads\/retrato-familiar9.jpg","keywords":["retrato"],"articleSection":["estudio","retrato"],"inLanguage":"es"},{"@type":"WebPage","@id":"https:\/\/www.victorarandagarcia.es\/index.php\/estudio\/retrato-estudio\/retrato-familiar\/","url":"https:\/\/www.victorarandagarcia.es\/index.php\/estudio\/retrato-estudio\/retrato-familiar\/","name":"Retrato familiar - arte y estudio","isPartOf":{"@id":"https:\/\/www.victorarandagarcia.es\/#website"},"primaryImageOfPage":{"@id":"https:\/\/www.victorarandagarcia.es\/index.php\/estudio\/retrato-estudio\/retrato-familiar\/#primaryimage"},"image":{"@id":"https:\/\/www.victorarandagarcia.es\/index.php\/estudio\/retrato-estudio\/retrato-familiar\/#primaryimage"},"thumbnailUrl":"https:\/\/www.victorarandagarcia.es\/wp-content\/uploads\/retrato-familiar9.jpg","datePublished":"2019-04-25T09:32:46+00:00","dateModified":"2020-01-10T20:38:23+00:00","description":"Aunque las sesiones de retrato familiar pueden hacerse en estudio mi opci\u00f3n preferida es hacer las fotos en casa de los clientes o en su lugar preferido.","breadcrumb":{"@id":"https:\/\/www.victorarandagarcia.es\/index.php\/estudio\/retrato-estudio\/retrato-familiar\/#breadcrumb"},"inLanguage":"es","potentialAction":[{"@type":"ReadAction","target":["https:\/\/www.victorarandagarcia.es\/index.php\/estudio\/retrato-estudio\/retrato-familiar\/"]}]},{"@type":"ImageObject","inLanguage":"es","@id":"https:\/\/www.victorarandagarcia.es\/index.php\/estudio\/retrato-estudio\/retrato-familiar\/#primaryimage","url":"https:\/\/www.victorarandagarcia.es\/wp-content\/uploads\/retrato-familiar9.jpg","contentUrl":"https:\/\/www.victorarandagarcia.es\/wp-content\/uploads\/retrato-familiar9.jpg","width":600,"height":402,"caption":"ni\u00f1os,foto,retrato,familia"},{"@type":"BreadcrumbList","@id":"https:\/\/www.victorarandagarcia.es\/index.php\/estudio\/retrato-estudio\/retrato-familiar\/#breadcrumb","itemListElement":[{"@type":"ListItem","position":1,"name":"Portada","item":"https:\/\/www.victorarandagarcia.es\/"},{"@type":"ListItem","position":2,"name":"Retrato familiar"}]},{"@type":"WebSite","@id":"https:\/\/www.victorarandagarcia.es\/#website","url":"https:\/\/www.victorarandagarcia.es\/","name":"arte y estudio","description":"Fot\u00f3grafo","publisher":{"@id":"https:\/\/www.victorarandagarcia.es\/#organization"},"potentialAction":[{"@type":"SearchAction","target":{"@type":"EntryPoint","urlTemplate":"https:\/\/www.victorarandagarcia.es\/?s={search_term_string}"},"query-input":"required name=search_term_string"}],"inLanguage":"es"},{"@type":"Organization","@id":"https:\/\/www.victorarandagarcia.es\/#organization","name":"arte y estudio","url":"https:\/\/www.victorarandagarcia.es\/","logo":{"@type":"ImageObject","inLanguage":"es","@id":"https:\/\/www.victorarandagarcia.es\/#\/schema\/logo\/image\/","url":"https:\/\/www.victorarandagarcia.es\/wp-content\/uploads\/2019\/03\/logo-fotografo.png","contentUrl":"https:\/\/www.victorarandagarcia.es\/wp-content\/uploads\/2019\/03\/logo-fotografo.png","width":150,"height":150,"caption":"arte y estudio"},"image":{"@id":"https:\/\/www.victorarandagarcia.es\/#\/schema\/logo\/image\/"}},{"@type":"Person","@id":"https:\/\/www.victorarandagarcia.es\/#\/schema\/person\/bfa9c61a3776d517deeee5f9386ef302","name":"victorarandagarcia","image":{"@type":"ImageObject","inLanguage":"es","@id":"https:\/\/www.victorarandagarcia.es\/#\/schema\/person\/image\/","url":"https:\/\/secure.gravatar.com\/avatar\/957a01ac23a6393e755ae8225c35dbdb?s=96&d=mm&r=g","contentUrl":"https:\/\/secure.gravatar.com\/avatar\/957a01ac23a6393e755ae8225c35dbdb?s=96&d=mm&r=g","caption":"victorarandagarcia"}}]}},"jetpack_featured_media_url":"https:\/\/www.victorarandagarcia.es\/wp-content\/uploads\/retrato-familiar9.jpg","jetpack_sharing_enabled":true,"_links":{"self":[{"href":"https:\/\/www.victorarandagarcia.es\/index.php\/wp-json\/wp\/v2\/posts\/1699"}],"collection":[{"href":"https:\/\/www.victorarandagarcia.es\/index.php\/wp-json\/wp\/v2\/posts"}],"about":[{"href":"https:\/\/www.victorarandagarcia.es\/index.php\/wp-json\/wp\/v2\/types\/post"}],"author":[{"embeddable":true,"href":"https:\/\/www.victorarandagarcia.es\/index.php\/wp-json\/wp\/v2\/users\/1"}],"replies":[{"embeddable":true,"href":"https:\/\/www.victorarandagarcia.es\/index.php\/wp-json\/wp\/v2\/comments?post=1699"}],"version-history":[{"count":7,"href":"https:\/\/www.victorarandagarcia.es\/index.php\/wp-json\/wp\/v2\/posts\/1699\/revisions"}],"predecessor-version":[{"id":2537,"href":"https:\/\/www.victorarandagarcia.es\/index.php\/wp-json\/wp\/v2\/posts\/1699\/revisions\/2537"}],"wp:featuredmedia":[{"embeddable":true,"href":"https:\/\/www.victorarandagarcia.es\/index.php\/wp-json\/wp\/v2\/media\/1703"}],"wp:attachment":[{"href":"https:\/\/www.victorarandagarcia.es\/index.php\/wp-json\/wp\/v2\/media?parent=1699"}],"wp:term":[{"taxonomy":"category","embeddable":true,"href":"https:\/\/www.victorarandagarcia.es\/index.php\/wp-json\/wp\/v2\/categories?post=1699"},{"taxonomy":"post_tag","embeddable":true,"href":"https:\/\/www.victorarandagarcia.es\/index.php\/wp-json\/wp\/v2\/tags?post=1699"}],"curies":[{"name":"wp","href":"https:\/\/api.w.org\/{rel}","templated":true}]}}