{"id":1624,"date":"2019-04-16T18:49:19","date_gmt":"2019-04-16T16:49:19","guid":{"rendered":"http:\/\/www.victorarandagarcia.es\/?p=1624"},"modified":"2019-04-16T18:58:14","modified_gmt":"2019-04-16T16:58:14","slug":"rstros","status":"publish","type":"post","link":"https:\/\/www.victorarandagarcia.es\/index.php\/arte\/variaciones\/rstros\/","title":{"rendered":"R@stros"},"content":{"rendered":"\n<p>Serie de retratos realizados en estudio en blanco y negro y en forma de secuencia. John Paul, el primero, se tom\u00f3 en Valencia en 2002 mientras yo mismo le cortaba el pelo. Kaiko en cambio se afeit\u00f3 \u00e9l mismo la barba en 2005, a\u00f1o en el que tambi\u00e9n tom\u00e9 la tercera de las secuencias, un autorretrato para el que pos\u00e9 ante la c\u00e1mara durante un tiempo de medio segundo para cada foto, pero variando entre ellas de quedarme totalmente quieto a moverme cada vez m\u00e1s hasta, incluso, llegar a desaparecer en la \u00faltima captura, haciendo bueno el dicho <em>\u00abel que se mueve no sale en la foto\u00bb.<\/em><br><\/p>\n\n\n\n<ul class=\"wp-block-gallery columns-3 is-cropped wp-block-gallery-1 is-layout-flex wp-block-gallery-is-layout-flex\"><li class=\"blocks-gallery-item\"><figure><img data-attachment-id=\"1622\" data-permalink=\"https:\/\/www.victorarandagarcia.es\/variaciones-john-paul\/\" data-orig-file=\"https:\/\/www.victorarandagarcia.es\/wp-content\/uploads\/variaciones-john-paul.jpg\" data-orig-size=\"438,604\" data-comments-opened=\"0\" data-image-meta=\"{&quot;aperture&quot;:&quot;0&quot;,&quot;credit&quot;:&quot;&quot;,&quot;camera&quot;:&quot;&quot;,&quot;caption&quot;:&quot;&quot;,&quot;created_timestamp&quot;:&quot;0&quot;,&quot;copyright&quot;:&quot;&quot;,&quot;focal_length&quot;:&quot;0&quot;,&quot;iso&quot;:&quot;0&quot;,&quot;shutter_speed&quot;:&quot;0&quot;,&quot;title&quot;:&quot;&quot;,&quot;orientation&quot;:&quot;1&quot;}\" data-image-title=\"variaciones-john-paul\" data-image-description=\"&lt;p&gt;John Paul \/ Variaciones (Valencia 2002)&lt;\/p&gt;\n\" data-image-caption=\"\" data-medium-file=\"https:\/\/www.victorarandagarcia.es\/wp-content\/uploads\/variaciones-john-paul-218x300.jpg\" data-large-file=\"https:\/\/www.victorarandagarcia.es\/wp-content\/uploads\/variaciones-john-paul.jpg\" decoding=\"async\" loading=\"lazy\" width=\"438\" height=\"604\" src=\"http:\/\/www.victorarandagarcia.es\/wp-content\/uploads\/variaciones-john-paul.jpg\" alt=\"\" data-id=\"1622\" data-link=\"http:\/\/www.victorarandagarcia.es\/variaciones-john-paul\/\" class=\"wp-image-1622\" srcset=\"https:\/\/www.victorarandagarcia.es\/wp-content\/uploads\/variaciones-john-paul.jpg 438w, https:\/\/www.victorarandagarcia.es\/wp-content\/uploads\/variaciones-john-paul-218x300.jpg 218w\" sizes=\"(max-width: 438px) 100vw, 438px\" \/><\/figure><\/li><li class=\"blocks-gallery-item\"><figure><img data-attachment-id=\"1621\" data-permalink=\"https:\/\/www.victorarandagarcia.es\/variaciones-kaiko\/\" data-orig-file=\"https:\/\/www.victorarandagarcia.es\/wp-content\/uploads\/variaciones-kaiko.jpg\" data-orig-size=\"435,604\" data-comments-opened=\"0\" data-image-meta=\"{&quot;aperture&quot;:&quot;0&quot;,&quot;credit&quot;:&quot;&quot;,&quot;camera&quot;:&quot;&quot;,&quot;caption&quot;:&quot;&quot;,&quot;created_timestamp&quot;:&quot;0&quot;,&quot;copyright&quot;:&quot;&quot;,&quot;focal_length&quot;:&quot;0&quot;,&quot;iso&quot;:&quot;0&quot;,&quot;shutter_speed&quot;:&quot;0&quot;,&quot;title&quot;:&quot;&quot;,&quot;orientation&quot;:&quot;1&quot;}\" data-image-title=\"variaciones-kaiko\" data-image-description=\"&lt;p&gt;Kaiko \/ Variaciones (Valencia 2005)&lt;\/p&gt;\n\" data-image-caption=\"\" data-medium-file=\"https:\/\/www.victorarandagarcia.es\/wp-content\/uploads\/variaciones-kaiko-216x300.jpg\" data-large-file=\"https:\/\/www.victorarandagarcia.es\/wp-content\/uploads\/variaciones-kaiko.jpg\" decoding=\"async\" loading=\"lazy\" width=\"435\" height=\"604\" src=\"http:\/\/www.victorarandagarcia.es\/wp-content\/uploads\/variaciones-kaiko.jpg\" alt=\"\" data-id=\"1621\" data-link=\"http:\/\/www.victorarandagarcia.es\/variaciones-kaiko\/\" class=\"wp-image-1621\" srcset=\"https:\/\/www.victorarandagarcia.es\/wp-content\/uploads\/variaciones-kaiko.jpg 435w, https:\/\/www.victorarandagarcia.es\/wp-content\/uploads\/variaciones-kaiko-216x300.jpg 216w\" sizes=\"(max-width: 435px) 100vw, 435px\" \/><\/figure><\/li><li class=\"blocks-gallery-item\"><figure><img data-attachment-id=\"1620\" data-permalink=\"https:\/\/www.victorarandagarcia.es\/variaciones-victor\/\" data-orig-file=\"https:\/\/www.victorarandagarcia.es\/wp-content\/uploads\/variaciones-victor.jpg\" data-orig-size=\"437,604\" data-comments-opened=\"0\" data-image-meta=\"{&quot;aperture&quot;:&quot;0&quot;,&quot;credit&quot;:&quot;&quot;,&quot;camera&quot;:&quot;&quot;,&quot;caption&quot;:&quot;&quot;,&quot;created_timestamp&quot;:&quot;0&quot;,&quot;copyright&quot;:&quot;&quot;,&quot;focal_length&quot;:&quot;0&quot;,&quot;iso&quot;:&quot;0&quot;,&quot;shutter_speed&quot;:&quot;0&quot;,&quot;title&quot;:&quot;&quot;,&quot;orientation&quot;:&quot;1&quot;}\" data-image-title=\"variaciones-victor\" data-image-description=\"&lt;p&gt;V\u00ed\u00adctor \/ Variaciones (Valencia 2005)&lt;\/p&gt;\n\" data-image-caption=\"&lt;p&gt;Autorretrato \/ Variaciones (Valencia 2005)&lt;\/p&gt;\n\" data-medium-file=\"https:\/\/www.victorarandagarcia.es\/wp-content\/uploads\/variaciones-victor-217x300.jpg\" data-large-file=\"https:\/\/www.victorarandagarcia.es\/wp-content\/uploads\/variaciones-victor.jpg\" decoding=\"async\" loading=\"lazy\" width=\"437\" height=\"604\" src=\"http:\/\/www.victorarandagarcia.es\/wp-content\/uploads\/variaciones-victor.jpg\" alt=\"\" data-id=\"1620\" data-link=\"http:\/\/www.victorarandagarcia.es\/variaciones-victor\/\" class=\"wp-image-1620\" srcset=\"https:\/\/www.victorarandagarcia.es\/wp-content\/uploads\/variaciones-victor.jpg 437w, https:\/\/www.victorarandagarcia.es\/wp-content\/uploads\/variaciones-victor-217x300.jpg 217w\" sizes=\"(max-width: 437px) 100vw, 437px\" \/><\/figure><\/li><\/ul>\n\n\n\n<p>La serie ha sido galardonada, entre otros, con un acc\u00e9sit en el certamen art\u00ed\u00adstico Creajoven 2005<\/p>\n","protected":false},"excerpt":{"rendered":"<p>Serie de retratos realizados en estudio en blanco y negro y en forma de secuencia &hellip; <a href=\"https:\/\/www.victorarandagarcia.es\/index.php\/arte\/variaciones\/rstros\/\" class=\"more-link\"><span>Continuar<span class=\"screen-reader-text\">R@stros<\/span><\/span><\/a><\/p>\n","protected":false},"author":1,"featured_media":1626,"comment_status":"closed","ping_status":"open","sticky":false,"template":"","format":"standard","meta":{"jetpack_post_was_ever_published":false,"_jetpack_newsletter_access":"","_jetpack_dont_email_post_to_subs":false,"_jetpack_newsletter_tier_id":0,"_jetpack_memberships_contains_paywalled_content":false,"footnotes":"","_jetpack_memberships_contains_paid_content":false},"categories":[40,38],"tags":[55,27,30],"yoast_head":"<!-- This site is optimized with the Yoast SEO plugin v22.6 - https:\/\/yoast.com\/wordpress\/plugins\/seo\/ -->\n<title>R@stros - arte y estudio<\/title>\n<meta name=\"robots\" content=\"index, follow, max-snippet:-1, max-image-preview:large, max-video-preview:-1\" \/>\n<link rel=\"canonical\" href=\"https:\/\/www.victorarandagarcia.es\/index.php\/arte\/variaciones\/rstros\/\" \/>\n<meta property=\"og:locale\" content=\"es_ES\" \/>\n<meta property=\"og:type\" content=\"article\" \/>\n<meta property=\"og:title\" content=\"R@stros - arte y estudio\" \/>\n<meta property=\"og:description\" content=\"Serie de retratos realizados en estudio en blanco y negro y en forma de secuencia &hellip; ContinuarR@stros\" \/>\n<meta property=\"og:url\" content=\"https:\/\/www.victorarandagarcia.es\/index.php\/arte\/variaciones\/rstros\/\" \/>\n<meta property=\"og:site_name\" content=\"arte y estudio\" \/>\n<meta property=\"article:published_time\" content=\"2019-04-16T16:49:19+00:00\" \/>\n<meta property=\"article:modified_time\" content=\"2019-04-16T16:58:14+00:00\" \/>\n<meta property=\"og:image\" content=\"https:\/\/www.victorarandagarcia.es\/wp-content\/uploads\/variaciones-rostros-0.jpg\" \/>\n\t<meta property=\"og:image:width\" content=\"280\" \/>\n\t<meta property=\"og:image:height\" content=\"280\" \/>\n\t<meta property=\"og:image:type\" content=\"image\/jpeg\" \/>\n<meta name=\"author\" content=\"victorarandagarcia\" \/>\n<meta name=\"twitter:card\" content=\"summary_large_image\" \/>\n<meta name=\"twitter:label1\" content=\"Escrito por\" \/>\n\t<meta name=\"twitter:data1\" content=\"victorarandagarcia\" \/>\n\t<meta name=\"twitter:label2\" content=\"Tiempo de lectura\" \/>\n\t<meta name=\"twitter:data2\" content=\"1 minuto\" \/>\n<script type=\"application\/ld+json\" class=\"yoast-schema-graph\">{\"@context\":\"https:\/\/schema.org\",\"@graph\":[{\"@type\":\"Article\",\"@id\":\"https:\/\/www.victorarandagarcia.es\/index.php\/arte\/variaciones\/rstros\/#article\",\"isPartOf\":{\"@id\":\"https:\/\/www.victorarandagarcia.es\/index.php\/arte\/variaciones\/rstros\/\"},\"author\":{\"name\":\"victorarandagarcia\",\"@id\":\"https:\/\/www.victorarandagarcia.es\/#\/schema\/person\/bfa9c61a3776d517deeee5f9386ef302\"},\"headline\":\"R@stros\",\"datePublished\":\"2019-04-16T16:49:19+00:00\",\"dateModified\":\"2019-04-16T16:58:14+00:00\",\"mainEntityOfPage\":{\"@id\":\"https:\/\/www.victorarandagarcia.es\/index.php\/arte\/variaciones\/rstros\/\"},\"wordCount\":128,\"publisher\":{\"@id\":\"https:\/\/www.victorarandagarcia.es\/#organization\"},\"image\":{\"@id\":\"https:\/\/www.victorarandagarcia.es\/index.php\/arte\/variaciones\/rstros\/#primaryimage\"},\"thumbnailUrl\":\"https:\/\/www.victorarandagarcia.es\/wp-content\/uploads\/variaciones-rostros-0.jpg\",\"keywords\":[\"autorretrato\",\"retrato\",\"variaciones\"],\"articleSection\":[\"RETRATO\",\"VARIACIONES\"],\"inLanguage\":\"es\"},{\"@type\":\"WebPage\",\"@id\":\"https:\/\/www.victorarandagarcia.es\/index.php\/arte\/variaciones\/rstros\/\",\"url\":\"https:\/\/www.victorarandagarcia.es\/index.php\/arte\/variaciones\/rstros\/\",\"name\":\"R@stros - arte y estudio\",\"isPartOf\":{\"@id\":\"https:\/\/www.victorarandagarcia.es\/#website\"},\"primaryImageOfPage\":{\"@id\":\"https:\/\/www.victorarandagarcia.es\/index.php\/arte\/variaciones\/rstros\/#primaryimage\"},\"image\":{\"@id\":\"https:\/\/www.victorarandagarcia.es\/index.php\/arte\/variaciones\/rstros\/#primaryimage\"},\"thumbnailUrl\":\"https:\/\/www.victorarandagarcia.es\/wp-content\/uploads\/variaciones-rostros-0.jpg\",\"datePublished\":\"2019-04-16T16:49:19+00:00\",\"dateModified\":\"2019-04-16T16:58:14+00:00\",\"breadcrumb\":{\"@id\":\"https:\/\/www.victorarandagarcia.es\/index.php\/arte\/variaciones\/rstros\/#breadcrumb\"},\"inLanguage\":\"es\",\"potentialAction\":[{\"@type\":\"ReadAction\",\"target\":[\"https:\/\/www.victorarandagarcia.es\/index.php\/arte\/variaciones\/rstros\/\"]}]},{\"@type\":\"ImageObject\",\"inLanguage\":\"es\",\"@id\":\"https:\/\/www.victorarandagarcia.es\/index.php\/arte\/variaciones\/rstros\/#primaryimage\",\"url\":\"https:\/\/www.victorarandagarcia.es\/wp-content\/uploads\/variaciones-rostros-0.jpg\",\"contentUrl\":\"https:\/\/www.victorarandagarcia.es\/wp-content\/uploads\/variaciones-rostros-0.jpg\",\"width\":280,\"height\":280},{\"@type\":\"BreadcrumbList\",\"@id\":\"https:\/\/www.victorarandagarcia.es\/index.php\/arte\/variaciones\/rstros\/#breadcrumb\",\"itemListElement\":[{\"@type\":\"ListItem\",\"position\":1,\"name\":\"Portada\",\"item\":\"https:\/\/www.victorarandagarcia.es\/\"},{\"@type\":\"ListItem\",\"position\":2,\"name\":\"R@stros\"}]},{\"@type\":\"WebSite\",\"@id\":\"https:\/\/www.victorarandagarcia.es\/#website\",\"url\":\"https:\/\/www.victorarandagarcia.es\/\",\"name\":\"arte y estudio\",\"description\":\"Fot\u00f3grafo\",\"publisher\":{\"@id\":\"https:\/\/www.victorarandagarcia.es\/#organization\"},\"potentialAction\":[{\"@type\":\"SearchAction\",\"target\":{\"@type\":\"EntryPoint\",\"urlTemplate\":\"https:\/\/www.victorarandagarcia.es\/?s={search_term_string}\"},\"query-input\":\"required name=search_term_string\"}],\"inLanguage\":\"es\"},{\"@type\":\"Organization\",\"@id\":\"https:\/\/www.victorarandagarcia.es\/#organization\",\"name\":\"arte y estudio\",\"url\":\"https:\/\/www.victorarandagarcia.es\/\",\"logo\":{\"@type\":\"ImageObject\",\"inLanguage\":\"es\",\"@id\":\"https:\/\/www.victorarandagarcia.es\/#\/schema\/logo\/image\/\",\"url\":\"https:\/\/www.victorarandagarcia.es\/wp-content\/uploads\/2019\/03\/logo-fotografo.png\",\"contentUrl\":\"https:\/\/www.victorarandagarcia.es\/wp-content\/uploads\/2019\/03\/logo-fotografo.png\",\"width\":150,\"height\":150,\"caption\":\"arte y estudio\"},\"image\":{\"@id\":\"https:\/\/www.victorarandagarcia.es\/#\/schema\/logo\/image\/\"}},{\"@type\":\"Person\",\"@id\":\"https:\/\/www.victorarandagarcia.es\/#\/schema\/person\/bfa9c61a3776d517deeee5f9386ef302\",\"name\":\"victorarandagarcia\",\"image\":{\"@type\":\"ImageObject\",\"inLanguage\":\"es\",\"@id\":\"https:\/\/www.victorarandagarcia.es\/#\/schema\/person\/image\/\",\"url\":\"https:\/\/secure.gravatar.com\/avatar\/957a01ac23a6393e755ae8225c35dbdb?s=96&d=mm&r=g\",\"contentUrl\":\"https:\/\/secure.gravatar.com\/avatar\/957a01ac23a6393e755ae8225c35dbdb?s=96&d=mm&r=g\",\"caption\":\"victorarandagarcia\"}}]}<\/script>\n<!-- \/ Yoast SEO plugin. -->","yoast_head_json":{"title":"R@stros - arte y estudio","robots":{"index":"index","follow":"follow","max-snippet":"max-snippet:-1","max-image-preview":"max-image-preview:large","max-video-preview":"max-video-preview:-1"},"canonical":"https:\/\/www.victorarandagarcia.es\/index.php\/arte\/variaciones\/rstros\/","og_locale":"es_ES","og_type":"article","og_title":"R@stros - arte y estudio","og_description":"Serie de retratos realizados en estudio en blanco y negro y en forma de secuencia &hellip; ContinuarR@stros","og_url":"https:\/\/www.victorarandagarcia.es\/index.php\/arte\/variaciones\/rstros\/","og_site_name":"arte y estudio","article_published_time":"2019-04-16T16:49:19+00:00","article_modified_time":"2019-04-16T16:58:14+00:00","og_image":[{"width":280,"height":280,"url":"https:\/\/www.victorarandagarcia.es\/wp-content\/uploads\/variaciones-rostros-0.jpg","type":"image\/jpeg"}],"author":"victorarandagarcia","twitter_card":"summary_large_image","twitter_misc":{"Escrito por":"victorarandagarcia","Tiempo de lectura":"1 minuto"},"schema":{"@context":"https:\/\/schema.org","@graph":[{"@type":"Article","@id":"https:\/\/www.victorarandagarcia.es\/index.php\/arte\/variaciones\/rstros\/#article","isPartOf":{"@id":"https:\/\/www.victorarandagarcia.es\/index.php\/arte\/variaciones\/rstros\/"},"author":{"name":"victorarandagarcia","@id":"https:\/\/www.victorarandagarcia.es\/#\/schema\/person\/bfa9c61a3776d517deeee5f9386ef302"},"headline":"R@stros","datePublished":"2019-04-16T16:49:19+00:00","dateModified":"2019-04-16T16:58:14+00:00","mainEntityOfPage":{"@id":"https:\/\/www.victorarandagarcia.es\/index.php\/arte\/variaciones\/rstros\/"},"wordCount":128,"publisher":{"@id":"https:\/\/www.victorarandagarcia.es\/#organization"},"image":{"@id":"https:\/\/www.victorarandagarcia.es\/index.php\/arte\/variaciones\/rstros\/#primaryimage"},"thumbnailUrl":"https:\/\/www.victorarandagarcia.es\/wp-content\/uploads\/variaciones-rostros-0.jpg","keywords":["autorretrato","retrato","variaciones"],"articleSection":["RETRATO","VARIACIONES"],"inLanguage":"es"},{"@type":"WebPage","@id":"https:\/\/www.victorarandagarcia.es\/index.php\/arte\/variaciones\/rstros\/","url":"https:\/\/www.victorarandagarcia.es\/index.php\/arte\/variaciones\/rstros\/","name":"R@stros - arte y estudio","isPartOf":{"@id":"https:\/\/www.victorarandagarcia.es\/#website"},"primaryImageOfPage":{"@id":"https:\/\/www.victorarandagarcia.es\/index.php\/arte\/variaciones\/rstros\/#primaryimage"},"image":{"@id":"https:\/\/www.victorarandagarcia.es\/index.php\/arte\/variaciones\/rstros\/#primaryimage"},"thumbnailUrl":"https:\/\/www.victorarandagarcia.es\/wp-content\/uploads\/variaciones-rostros-0.jpg","datePublished":"2019-04-16T16:49:19+00:00","dateModified":"2019-04-16T16:58:14+00:00","breadcrumb":{"@id":"https:\/\/www.victorarandagarcia.es\/index.php\/arte\/variaciones\/rstros\/#breadcrumb"},"inLanguage":"es","potentialAction":[{"@type":"ReadAction","target":["https:\/\/www.victorarandagarcia.es\/index.php\/arte\/variaciones\/rstros\/"]}]},{"@type":"ImageObject","inLanguage":"es","@id":"https:\/\/www.victorarandagarcia.es\/index.php\/arte\/variaciones\/rstros\/#primaryimage","url":"https:\/\/www.victorarandagarcia.es\/wp-content\/uploads\/variaciones-rostros-0.jpg","contentUrl":"https:\/\/www.victorarandagarcia.es\/wp-content\/uploads\/variaciones-rostros-0.jpg","width":280,"height":280},{"@type":"BreadcrumbList","@id":"https:\/\/www.victorarandagarcia.es\/index.php\/arte\/variaciones\/rstros\/#breadcrumb","itemListElement":[{"@type":"ListItem","position":1,"name":"Portada","item":"https:\/\/www.victorarandagarcia.es\/"},{"@type":"ListItem","position":2,"name":"R@stros"}]},{"@type":"WebSite","@id":"https:\/\/www.victorarandagarcia.es\/#website","url":"https:\/\/www.victorarandagarcia.es\/","name":"arte y estudio","description":"Fot\u00f3grafo","publisher":{"@id":"https:\/\/www.victorarandagarcia.es\/#organization"},"potentialAction":[{"@type":"SearchAction","target":{"@type":"EntryPoint","urlTemplate":"https:\/\/www.victorarandagarcia.es\/?s={search_term_string}"},"query-input":"required name=search_term_string"}],"inLanguage":"es"},{"@type":"Organization","@id":"https:\/\/www.victorarandagarcia.es\/#organization","name":"arte y estudio","url":"https:\/\/www.victorarandagarcia.es\/","logo":{"@type":"ImageObject","inLanguage":"es","@id":"https:\/\/www.victorarandagarcia.es\/#\/schema\/logo\/image\/","url":"https:\/\/www.victorarandagarcia.es\/wp-content\/uploads\/2019\/03\/logo-fotografo.png","contentUrl":"https:\/\/www.victorarandagarcia.es\/wp-content\/uploads\/2019\/03\/logo-fotografo.png","width":150,"height":150,"caption":"arte y estudio"},"image":{"@id":"https:\/\/www.victorarandagarcia.es\/#\/schema\/logo\/image\/"}},{"@type":"Person","@id":"https:\/\/www.victorarandagarcia.es\/#\/schema\/person\/bfa9c61a3776d517deeee5f9386ef302","name":"victorarandagarcia","image":{"@type":"ImageObject","inLanguage":"es","@id":"https:\/\/www.victorarandagarcia.es\/#\/schema\/person\/image\/","url":"https:\/\/secure.gravatar.com\/avatar\/957a01ac23a6393e755ae8225c35dbdb?s=96&d=mm&r=g","contentUrl":"https:\/\/secure.gravatar.com\/avatar\/957a01ac23a6393e755ae8225c35dbdb?s=96&d=mm&r=g","caption":"victorarandagarcia"}}]}},"jetpack_featured_media_url":"https:\/\/www.victorarandagarcia.es\/wp-content\/uploads\/variaciones-rostros-0.jpg","jetpack_sharing_enabled":true,"_links":{"self":[{"href":"https:\/\/www.victorarandagarcia.es\/index.php\/wp-json\/wp\/v2\/posts\/1624"}],"collection":[{"href":"https:\/\/www.victorarandagarcia.es\/index.php\/wp-json\/wp\/v2\/posts"}],"about":[{"href":"https:\/\/www.victorarandagarcia.es\/index.php\/wp-json\/wp\/v2\/types\/post"}],"author":[{"embeddable":true,"href":"https:\/\/www.victorarandagarcia.es\/index.php\/wp-json\/wp\/v2\/users\/1"}],"replies":[{"embeddable":true,"href":"https:\/\/www.victorarandagarcia.es\/index.php\/wp-json\/wp\/v2\/comments?post=1624"}],"version-history":[{"count":2,"href":"https:\/\/www.victorarandagarcia.es\/index.php\/wp-json\/wp\/v2\/posts\/1624\/revisions"}],"predecessor-version":[{"id":1627,"href":"https:\/\/www.victorarandagarcia.es\/index.php\/wp-json\/wp\/v2\/posts\/1624\/revisions\/1627"}],"wp:featuredmedia":[{"embeddable":true,"href":"https:\/\/www.victorarandagarcia.es\/index.php\/wp-json\/wp\/v2\/media\/1626"}],"wp:attachment":[{"href":"https:\/\/www.victorarandagarcia.es\/index.php\/wp-json\/wp\/v2\/media?parent=1624"}],"wp:term":[{"taxonomy":"category","embeddable":true,"href":"https:\/\/www.victorarandagarcia.es\/index.php\/wp-json\/wp\/v2\/categories?post=1624"},{"taxonomy":"post_tag","embeddable":true,"href":"https:\/\/www.victorarandagarcia.es\/index.php\/wp-json\/wp\/v2\/tags?post=1624"}],"curies":[{"name":"wp","href":"https:\/\/api.w.org\/{rel}","templated":true}]}}