{"id":1547,"date":"2019-04-15T18:03:45","date_gmt":"2019-04-15T16:03:45","guid":{"rendered":"http:\/\/www.victorarandagarcia.es\/?p=1547"},"modified":"2019-04-16T00:55:33","modified_gmt":"2019-04-15T22:55:33","slug":"latas-aplastadas-sobre-catalogo-de-carrefour-retroiluminado","status":"publish","type":"post","link":"https:\/\/www.victorarandagarcia.es\/index.php\/arte\/variaciones\/latas-aplastadas-sobre-catalogo-de-carrefour-retroiluminado\/","title":{"rendered":"Latas aplastadas sobre cat\u00e1logo de carrefour Retroiluminado"},"content":{"rendered":"\n<p>Serie de fotograf\u00ed\u00adas tomadas en estudio de latas recogidas de la calle dispuestas sobre las p\u00e1ginas de un cat\u00e1logo de Carrefour iluminado por detr\u00e1s realizadas en Valencia en dos sesiones en 2009 y 2012<\/p>\n\n\n\n<ul class=\"wp-block-gallery columns-3 is-cropped wp-block-gallery-1 is-layout-flex wp-block-gallery-is-layout-flex\"><li class=\"blocks-gallery-item\"><figure><img data-attachment-id=\"1546\" data-permalink=\"https:\/\/www.victorarandagarcia.es\/latas-aplastadas-sobre-catalogo-010\/\" data-orig-file=\"https:\/\/www.victorarandagarcia.es\/wp-content\/uploads\/latas-aplastadas-sobre-catalogo-010.jpg\" data-orig-size=\"480,720\" data-comments-opened=\"0\" data-image-meta=\"{&quot;aperture&quot;:&quot;0&quot;,&quot;credit&quot;:&quot;&quot;,&quot;camera&quot;:&quot;&quot;,&quot;caption&quot;:&quot;&quot;,&quot;created_timestamp&quot;:&quot;0&quot;,&quot;copyright&quot;:&quot;&quot;,&quot;focal_length&quot;:&quot;0&quot;,&quot;iso&quot;:&quot;0&quot;,&quot;shutter_speed&quot;:&quot;0&quot;,&quot;title&quot;:&quot;&quot;,&quot;orientation&quot;:&quot;0&quot;}\" data-image-title=\"latas-aplastadas-sobre-catalogo-010\" data-image-description=\"&lt;p&gt;Latas aplastadas sobre cat\u00e1logo de Carrefour retroiluminado&lt;\/p&gt;\n\" data-image-caption=\"\" data-medium-file=\"https:\/\/www.victorarandagarcia.es\/wp-content\/uploads\/latas-aplastadas-sobre-catalogo-010-200x300.jpg\" data-large-file=\"https:\/\/www.victorarandagarcia.es\/wp-content\/uploads\/latas-aplastadas-sobre-catalogo-010.jpg\" decoding=\"async\" loading=\"lazy\" width=\"480\" height=\"720\" src=\"http:\/\/www.victorarandagarcia.es\/wp-content\/uploads\/latas-aplastadas-sobre-catalogo-010.jpg\" alt=\"\" data-id=\"1546\" data-link=\"http:\/\/www.victorarandagarcia.es\/latas-aplastadas-sobre-catalogo-010\/\" class=\"wp-image-1546\" srcset=\"https:\/\/www.victorarandagarcia.es\/wp-content\/uploads\/latas-aplastadas-sobre-catalogo-010.jpg 480w, https:\/\/www.victorarandagarcia.es\/wp-content\/uploads\/latas-aplastadas-sobre-catalogo-010-200x300.jpg 200w\" sizes=\"(max-width: 480px) 100vw, 480px\" \/><\/figure><\/li><li class=\"blocks-gallery-item\"><figure><img data-attachment-id=\"1544\" data-permalink=\"https:\/\/www.victorarandagarcia.es\/latas-aplastadas-sobre-catalogo-009\/\" data-orig-file=\"https:\/\/www.victorarandagarcia.es\/wp-content\/uploads\/latas-aplastadas-sobre-catalogo-009.jpg\" data-orig-size=\"480,720\" data-comments-opened=\"0\" data-image-meta=\"{&quot;aperture&quot;:&quot;0&quot;,&quot;credit&quot;:&quot;&quot;,&quot;camera&quot;:&quot;&quot;,&quot;caption&quot;:&quot;&quot;,&quot;created_timestamp&quot;:&quot;0&quot;,&quot;copyright&quot;:&quot;&quot;,&quot;focal_length&quot;:&quot;0&quot;,&quot;iso&quot;:&quot;0&quot;,&quot;shutter_speed&quot;:&quot;0&quot;,&quot;title&quot;:&quot;&quot;,&quot;orientation&quot;:&quot;0&quot;}\" data-image-title=\"latas-aplastadas-sobre-catalogo-009\" data-image-description=\"&lt;p&gt;Latas aplastadas sobre cat\u00e1logo de Carrefour retroiluminado&lt;\/p&gt;\n\" data-image-caption=\"\" data-medium-file=\"https:\/\/www.victorarandagarcia.es\/wp-content\/uploads\/latas-aplastadas-sobre-catalogo-009-200x300.jpg\" data-large-file=\"https:\/\/www.victorarandagarcia.es\/wp-content\/uploads\/latas-aplastadas-sobre-catalogo-009.jpg\" decoding=\"async\" loading=\"lazy\" width=\"480\" height=\"720\" src=\"http:\/\/www.victorarandagarcia.es\/wp-content\/uploads\/latas-aplastadas-sobre-catalogo-009.jpg\" alt=\"\" data-id=\"1544\" data-link=\"http:\/\/www.victorarandagarcia.es\/latas-aplastadas-sobre-catalogo-009\/\" class=\"wp-image-1544\" srcset=\"https:\/\/www.victorarandagarcia.es\/wp-content\/uploads\/latas-aplastadas-sobre-catalogo-009.jpg 480w, https:\/\/www.victorarandagarcia.es\/wp-content\/uploads\/latas-aplastadas-sobre-catalogo-009-200x300.jpg 200w\" sizes=\"(max-width: 480px) 100vw, 480px\" \/><\/figure><\/li><li class=\"blocks-gallery-item\"><figure><img data-attachment-id=\"1543\" data-permalink=\"https:\/\/www.victorarandagarcia.es\/latas-aplastadas-sobre-catalogo-004\/\" data-orig-file=\"https:\/\/www.victorarandagarcia.es\/wp-content\/uploads\/latas-aplastadas-sobre-catalogo-004.jpg\" data-orig-size=\"403,604\" data-comments-opened=\"0\" data-image-meta=\"{&quot;aperture&quot;:&quot;0&quot;,&quot;credit&quot;:&quot;&quot;,&quot;camera&quot;:&quot;&quot;,&quot;caption&quot;:&quot;&quot;,&quot;created_timestamp&quot;:&quot;0&quot;,&quot;copyright&quot;:&quot;&quot;,&quot;focal_length&quot;:&quot;0&quot;,&quot;iso&quot;:&quot;0&quot;,&quot;shutter_speed&quot;:&quot;0&quot;,&quot;title&quot;:&quot;&quot;,&quot;orientation&quot;:&quot;0&quot;}\" data-image-title=\"latas-aplastadas-sobre-catalogo-004\" data-image-description=\"&lt;p&gt;Latas aplastadas sobre cat\u00e1logo de Carrefour retroiluminado&lt;\/p&gt;\n\" data-image-caption=\"\" data-medium-file=\"https:\/\/www.victorarandagarcia.es\/wp-content\/uploads\/latas-aplastadas-sobre-catalogo-004-200x300.jpg\" data-large-file=\"https:\/\/www.victorarandagarcia.es\/wp-content\/uploads\/latas-aplastadas-sobre-catalogo-004.jpg\" decoding=\"async\" loading=\"lazy\" width=\"403\" height=\"604\" src=\"http:\/\/www.victorarandagarcia.es\/wp-content\/uploads\/latas-aplastadas-sobre-catalogo-004.jpg\" alt=\"\" data-id=\"1543\" data-link=\"http:\/\/www.victorarandagarcia.es\/latas-aplastadas-sobre-catalogo-004\/\" class=\"wp-image-1543\" srcset=\"https:\/\/www.victorarandagarcia.es\/wp-content\/uploads\/latas-aplastadas-sobre-catalogo-004.jpg 403w, https:\/\/www.victorarandagarcia.es\/wp-content\/uploads\/latas-aplastadas-sobre-catalogo-004-200x300.jpg 200w\" sizes=\"(max-width: 403px) 100vw, 403px\" \/><\/figure><\/li><li class=\"blocks-gallery-item\"><figure><img data-attachment-id=\"1542\" data-permalink=\"https:\/\/www.victorarandagarcia.es\/latas-aplastadas-sobre-catalogo-003\/\" data-orig-file=\"https:\/\/www.victorarandagarcia.es\/wp-content\/uploads\/latas-aplastadas-sobre-catalogo-003.jpg\" data-orig-size=\"403,604\" data-comments-opened=\"0\" data-image-meta=\"{&quot;aperture&quot;:&quot;0&quot;,&quot;credit&quot;:&quot;&quot;,&quot;camera&quot;:&quot;&quot;,&quot;caption&quot;:&quot;&quot;,&quot;created_timestamp&quot;:&quot;0&quot;,&quot;copyright&quot;:&quot;&quot;,&quot;focal_length&quot;:&quot;0&quot;,&quot;iso&quot;:&quot;0&quot;,&quot;shutter_speed&quot;:&quot;0&quot;,&quot;title&quot;:&quot;&quot;,&quot;orientation&quot;:&quot;0&quot;}\" data-image-title=\"latas-aplastadas-sobre-catalogo-003\" data-image-description=\"&lt;p&gt;Latas aplastadas sobre cat\u00e1logo de Carrefour retroiluminado&lt;\/p&gt;\n\" data-image-caption=\"\" data-medium-file=\"https:\/\/www.victorarandagarcia.es\/wp-content\/uploads\/latas-aplastadas-sobre-catalogo-003-200x300.jpg\" data-large-file=\"https:\/\/www.victorarandagarcia.es\/wp-content\/uploads\/latas-aplastadas-sobre-catalogo-003.jpg\" decoding=\"async\" loading=\"lazy\" width=\"403\" height=\"604\" src=\"http:\/\/www.victorarandagarcia.es\/wp-content\/uploads\/latas-aplastadas-sobre-catalogo-003.jpg\" alt=\"\" data-id=\"1542\" data-link=\"http:\/\/www.victorarandagarcia.es\/latas-aplastadas-sobre-catalogo-003\/\" class=\"wp-image-1542\" srcset=\"https:\/\/www.victorarandagarcia.es\/wp-content\/uploads\/latas-aplastadas-sobre-catalogo-003.jpg 403w, https:\/\/www.victorarandagarcia.es\/wp-content\/uploads\/latas-aplastadas-sobre-catalogo-003-200x300.jpg 200w\" sizes=\"(max-width: 403px) 100vw, 403px\" \/><\/figure><\/li><li class=\"blocks-gallery-item\"><figure><img data-attachment-id=\"1541\" data-permalink=\"https:\/\/www.victorarandagarcia.es\/latas-aplastadas-sobre-catalogo-008\/\" data-orig-file=\"https:\/\/www.victorarandagarcia.es\/wp-content\/uploads\/latas-aplastadas-sobre-catalogo-008.jpg\" data-orig-size=\"480,720\" data-comments-opened=\"0\" data-image-meta=\"{&quot;aperture&quot;:&quot;0&quot;,&quot;credit&quot;:&quot;&quot;,&quot;camera&quot;:&quot;&quot;,&quot;caption&quot;:&quot;&quot;,&quot;created_timestamp&quot;:&quot;0&quot;,&quot;copyright&quot;:&quot;&quot;,&quot;focal_length&quot;:&quot;0&quot;,&quot;iso&quot;:&quot;0&quot;,&quot;shutter_speed&quot;:&quot;0&quot;,&quot;title&quot;:&quot;&quot;,&quot;orientation&quot;:&quot;0&quot;}\" data-image-title=\"latas-aplastadas-sobre-catalogo-008\" data-image-description=\"&lt;p&gt;Latas aplastadas sobre cat\u00e1logo de Carrefour retroiluminado&lt;\/p&gt;\n\" data-image-caption=\"\" data-medium-file=\"https:\/\/www.victorarandagarcia.es\/wp-content\/uploads\/latas-aplastadas-sobre-catalogo-008-200x300.jpg\" data-large-file=\"https:\/\/www.victorarandagarcia.es\/wp-content\/uploads\/latas-aplastadas-sobre-catalogo-008.jpg\" decoding=\"async\" loading=\"lazy\" width=\"480\" height=\"720\" src=\"http:\/\/www.victorarandagarcia.es\/wp-content\/uploads\/latas-aplastadas-sobre-catalogo-008.jpg\" alt=\"\" data-id=\"1541\" data-link=\"http:\/\/www.victorarandagarcia.es\/latas-aplastadas-sobre-catalogo-008\/\" class=\"wp-image-1541\" srcset=\"https:\/\/www.victorarandagarcia.es\/wp-content\/uploads\/latas-aplastadas-sobre-catalogo-008.jpg 480w, https:\/\/www.victorarandagarcia.es\/wp-content\/uploads\/latas-aplastadas-sobre-catalogo-008-200x300.jpg 200w\" sizes=\"(max-width: 480px) 100vw, 480px\" \/><\/figure><\/li><li class=\"blocks-gallery-item\"><figure><img data-attachment-id=\"1540\" data-permalink=\"https:\/\/www.victorarandagarcia.es\/latas-aplastadas-sobre-catalogo-011\/\" data-orig-file=\"https:\/\/www.victorarandagarcia.es\/wp-content\/uploads\/latas-aplastadas-sobre-catalogo-011.jpg\" data-orig-size=\"480,720\" data-comments-opened=\"0\" data-image-meta=\"{&quot;aperture&quot;:&quot;0&quot;,&quot;credit&quot;:&quot;&quot;,&quot;camera&quot;:&quot;&quot;,&quot;caption&quot;:&quot;&quot;,&quot;created_timestamp&quot;:&quot;0&quot;,&quot;copyright&quot;:&quot;&quot;,&quot;focal_length&quot;:&quot;0&quot;,&quot;iso&quot;:&quot;0&quot;,&quot;shutter_speed&quot;:&quot;0&quot;,&quot;title&quot;:&quot;&quot;,&quot;orientation&quot;:&quot;0&quot;}\" data-image-title=\"latas-aplastadas-sobre-catalogo-011\" data-image-description=\"&lt;p&gt;Latas aplastadas sobre cat\u00e1logo de Carrefour retroiluminado&lt;\/p&gt;\n\" data-image-caption=\"\" data-medium-file=\"https:\/\/www.victorarandagarcia.es\/wp-content\/uploads\/latas-aplastadas-sobre-catalogo-011-200x300.jpg\" data-large-file=\"https:\/\/www.victorarandagarcia.es\/wp-content\/uploads\/latas-aplastadas-sobre-catalogo-011.jpg\" decoding=\"async\" loading=\"lazy\" width=\"480\" height=\"720\" src=\"http:\/\/www.victorarandagarcia.es\/wp-content\/uploads\/latas-aplastadas-sobre-catalogo-011.jpg\" alt=\"\" data-id=\"1540\" data-link=\"http:\/\/www.victorarandagarcia.es\/latas-aplastadas-sobre-catalogo-011\/\" class=\"wp-image-1540\" srcset=\"https:\/\/www.victorarandagarcia.es\/wp-content\/uploads\/latas-aplastadas-sobre-catalogo-011.jpg 480w, https:\/\/www.victorarandagarcia.es\/wp-content\/uploads\/latas-aplastadas-sobre-catalogo-011-200x300.jpg 200w\" sizes=\"(max-width: 480px) 100vw, 480px\" \/><\/figure><\/li><li class=\"blocks-gallery-item\"><figure><img data-attachment-id=\"1539\" data-permalink=\"https:\/\/www.victorarandagarcia.es\/latas-aplastadas-sobre-catalogo-002\/\" data-orig-file=\"https:\/\/www.victorarandagarcia.es\/wp-content\/uploads\/latas-aplastadas-sobre-catalogo-002.jpg\" data-orig-size=\"403,604\" data-comments-opened=\"0\" data-image-meta=\"{&quot;aperture&quot;:&quot;0&quot;,&quot;credit&quot;:&quot;&quot;,&quot;camera&quot;:&quot;&quot;,&quot;caption&quot;:&quot;&quot;,&quot;created_timestamp&quot;:&quot;0&quot;,&quot;copyright&quot;:&quot;&quot;,&quot;focal_length&quot;:&quot;0&quot;,&quot;iso&quot;:&quot;0&quot;,&quot;shutter_speed&quot;:&quot;0&quot;,&quot;title&quot;:&quot;&quot;,&quot;orientation&quot;:&quot;0&quot;}\" data-image-title=\"latas-aplastadas-sobre-catalogo-002\" data-image-description=\"&lt;p&gt;Latas aplastadas sobre cat\u00e1logo de Carrefour retroiluminado&lt;\/p&gt;\n\" data-image-caption=\"\" data-medium-file=\"https:\/\/www.victorarandagarcia.es\/wp-content\/uploads\/latas-aplastadas-sobre-catalogo-002-200x300.jpg\" data-large-file=\"https:\/\/www.victorarandagarcia.es\/wp-content\/uploads\/latas-aplastadas-sobre-catalogo-002.jpg\" decoding=\"async\" loading=\"lazy\" width=\"403\" height=\"604\" src=\"http:\/\/www.victorarandagarcia.es\/wp-content\/uploads\/latas-aplastadas-sobre-catalogo-002.jpg\" alt=\"\" data-id=\"1539\" data-link=\"http:\/\/www.victorarandagarcia.es\/latas-aplastadas-sobre-catalogo-002\/\" class=\"wp-image-1539\" srcset=\"https:\/\/www.victorarandagarcia.es\/wp-content\/uploads\/latas-aplastadas-sobre-catalogo-002.jpg 403w, https:\/\/www.victorarandagarcia.es\/wp-content\/uploads\/latas-aplastadas-sobre-catalogo-002-200x300.jpg 200w\" sizes=\"(max-width: 403px) 100vw, 403px\" \/><\/figure><\/li><li class=\"blocks-gallery-item\"><figure><img data-attachment-id=\"1538\" data-permalink=\"https:\/\/www.victorarandagarcia.es\/latas-aplastadas-sobre-catalogo-007\/\" data-orig-file=\"https:\/\/www.victorarandagarcia.es\/wp-content\/uploads\/latas-aplastadas-sobre-catalogo-007.jpg\" data-orig-size=\"480,720\" data-comments-opened=\"0\" data-image-meta=\"{&quot;aperture&quot;:&quot;0&quot;,&quot;credit&quot;:&quot;&quot;,&quot;camera&quot;:&quot;&quot;,&quot;caption&quot;:&quot;&quot;,&quot;created_timestamp&quot;:&quot;0&quot;,&quot;copyright&quot;:&quot;&quot;,&quot;focal_length&quot;:&quot;0&quot;,&quot;iso&quot;:&quot;0&quot;,&quot;shutter_speed&quot;:&quot;0&quot;,&quot;title&quot;:&quot;&quot;,&quot;orientation&quot;:&quot;0&quot;}\" data-image-title=\"latas-aplastadas-sobre-catalogo-007\" data-image-description=\"&lt;p&gt;Latas aplastadas sobre cat\u00e1logo de Carrefour retroiluminado&lt;\/p&gt;\n\" data-image-caption=\"\" data-medium-file=\"https:\/\/www.victorarandagarcia.es\/wp-content\/uploads\/latas-aplastadas-sobre-catalogo-007-200x300.jpg\" data-large-file=\"https:\/\/www.victorarandagarcia.es\/wp-content\/uploads\/latas-aplastadas-sobre-catalogo-007.jpg\" decoding=\"async\" loading=\"lazy\" width=\"480\" height=\"720\" src=\"http:\/\/www.victorarandagarcia.es\/wp-content\/uploads\/latas-aplastadas-sobre-catalogo-007.jpg\" alt=\"\" data-id=\"1538\" data-link=\"http:\/\/www.victorarandagarcia.es\/latas-aplastadas-sobre-catalogo-007\/\" class=\"wp-image-1538\" srcset=\"https:\/\/www.victorarandagarcia.es\/wp-content\/uploads\/latas-aplastadas-sobre-catalogo-007.jpg 480w, https:\/\/www.victorarandagarcia.es\/wp-content\/uploads\/latas-aplastadas-sobre-catalogo-007-200x300.jpg 200w\" sizes=\"(max-width: 480px) 100vw, 480px\" \/><\/figure><\/li><li class=\"blocks-gallery-item\"><figure><img data-attachment-id=\"1535\" data-permalink=\"https:\/\/www.victorarandagarcia.es\/latas-aplastadas-sobre-catalogo-006\/\" data-orig-file=\"https:\/\/www.victorarandagarcia.es\/wp-content\/uploads\/latas-aplastadas-sobre-catalogo-006.jpg\" data-orig-size=\"403,604\" data-comments-opened=\"0\" data-image-meta=\"{&quot;aperture&quot;:&quot;0&quot;,&quot;credit&quot;:&quot;&quot;,&quot;camera&quot;:&quot;&quot;,&quot;caption&quot;:&quot;&quot;,&quot;created_timestamp&quot;:&quot;0&quot;,&quot;copyright&quot;:&quot;&quot;,&quot;focal_length&quot;:&quot;0&quot;,&quot;iso&quot;:&quot;0&quot;,&quot;shutter_speed&quot;:&quot;0&quot;,&quot;title&quot;:&quot;&quot;,&quot;orientation&quot;:&quot;0&quot;}\" data-image-title=\"latas-aplastadas-sobre-catalogo-006\" data-image-description=\"&lt;p&gt;Latas aplastadas sobre cat\u00e1logo de Carrefour retroiluminado&lt;\/p&gt;\n\" data-image-caption=\"\" data-medium-file=\"https:\/\/www.victorarandagarcia.es\/wp-content\/uploads\/latas-aplastadas-sobre-catalogo-006-200x300.jpg\" data-large-file=\"https:\/\/www.victorarandagarcia.es\/wp-content\/uploads\/latas-aplastadas-sobre-catalogo-006.jpg\" decoding=\"async\" loading=\"lazy\" width=\"403\" height=\"604\" src=\"http:\/\/www.victorarandagarcia.es\/wp-content\/uploads\/latas-aplastadas-sobre-catalogo-006.jpg\" alt=\"\" data-id=\"1535\" data-link=\"http:\/\/www.victorarandagarcia.es\/latas-aplastadas-sobre-catalogo-006\/\" class=\"wp-image-1535\" srcset=\"https:\/\/www.victorarandagarcia.es\/wp-content\/uploads\/latas-aplastadas-sobre-catalogo-006.jpg 403w, https:\/\/www.victorarandagarcia.es\/wp-content\/uploads\/latas-aplastadas-sobre-catalogo-006-200x300.jpg 200w\" sizes=\"(max-width: 403px) 100vw, 403px\" \/><\/figure><\/li><li class=\"blocks-gallery-item\"><figure><img data-attachment-id=\"1537\" data-permalink=\"https:\/\/www.victorarandagarcia.es\/latas-aplastadas-sobre-catalogo-012\/\" data-orig-file=\"https:\/\/www.victorarandagarcia.es\/wp-content\/uploads\/latas-aplastadas-sobre-catalogo-012.jpg\" data-orig-size=\"480,720\" data-comments-opened=\"0\" data-image-meta=\"{&quot;aperture&quot;:&quot;0&quot;,&quot;credit&quot;:&quot;&quot;,&quot;camera&quot;:&quot;&quot;,&quot;caption&quot;:&quot;&quot;,&quot;created_timestamp&quot;:&quot;0&quot;,&quot;copyright&quot;:&quot;&quot;,&quot;focal_length&quot;:&quot;0&quot;,&quot;iso&quot;:&quot;0&quot;,&quot;shutter_speed&quot;:&quot;0&quot;,&quot;title&quot;:&quot;&quot;,&quot;orientation&quot;:&quot;0&quot;}\" data-image-title=\"latas-aplastadas-sobre-catalogo-012\" data-image-description=\"&lt;p&gt;Latas aplastadas sobre cat\u00e1logo de Carrefour retroiluminado&lt;\/p&gt;\n\" data-image-caption=\"\" data-medium-file=\"https:\/\/www.victorarandagarcia.es\/wp-content\/uploads\/latas-aplastadas-sobre-catalogo-012-200x300.jpg\" data-large-file=\"https:\/\/www.victorarandagarcia.es\/wp-content\/uploads\/latas-aplastadas-sobre-catalogo-012.jpg\" decoding=\"async\" loading=\"lazy\" width=\"480\" height=\"720\" src=\"http:\/\/www.victorarandagarcia.es\/wp-content\/uploads\/latas-aplastadas-sobre-catalogo-012.jpg\" alt=\"\" data-id=\"1537\" data-link=\"http:\/\/www.victorarandagarcia.es\/latas-aplastadas-sobre-catalogo-012\/\" class=\"wp-image-1537\" srcset=\"https:\/\/www.victorarandagarcia.es\/wp-content\/uploads\/latas-aplastadas-sobre-catalogo-012.jpg 480w, https:\/\/www.victorarandagarcia.es\/wp-content\/uploads\/latas-aplastadas-sobre-catalogo-012-200x300.jpg 200w\" sizes=\"(max-width: 480px) 100vw, 480px\" \/><\/figure><\/li><li class=\"blocks-gallery-item\"><figure><img data-attachment-id=\"1534\" data-permalink=\"https:\/\/www.victorarandagarcia.es\/latas-aplastadas-sobre-catalogo-001\/\" data-orig-file=\"https:\/\/www.victorarandagarcia.es\/wp-content\/uploads\/latas-aplastadas-sobre-catalogo-001.jpg\" data-orig-size=\"403,604\" data-comments-opened=\"0\" data-image-meta=\"{&quot;aperture&quot;:&quot;0&quot;,&quot;credit&quot;:&quot;&quot;,&quot;camera&quot;:&quot;&quot;,&quot;caption&quot;:&quot;&quot;,&quot;created_timestamp&quot;:&quot;0&quot;,&quot;copyright&quot;:&quot;&quot;,&quot;focal_length&quot;:&quot;0&quot;,&quot;iso&quot;:&quot;0&quot;,&quot;shutter_speed&quot;:&quot;0&quot;,&quot;title&quot;:&quot;&quot;,&quot;orientation&quot;:&quot;0&quot;}\" data-image-title=\"latas-aplastadas-sobre-catalogo-001\" data-image-description=\"&lt;p&gt;Latas aplastadas sobre cat\u00e1logo de Carrefour retroiluminado&lt;\/p&gt;\n\" data-image-caption=\"\" data-medium-file=\"https:\/\/www.victorarandagarcia.es\/wp-content\/uploads\/latas-aplastadas-sobre-catalogo-001-200x300.jpg\" data-large-file=\"https:\/\/www.victorarandagarcia.es\/wp-content\/uploads\/latas-aplastadas-sobre-catalogo-001.jpg\" decoding=\"async\" loading=\"lazy\" width=\"403\" height=\"604\" src=\"http:\/\/www.victorarandagarcia.es\/wp-content\/uploads\/latas-aplastadas-sobre-catalogo-001.jpg\" alt=\"\" data-id=\"1534\" data-link=\"http:\/\/www.victorarandagarcia.es\/latas-aplastadas-sobre-catalogo-001\/\" class=\"wp-image-1534\" srcset=\"https:\/\/www.victorarandagarcia.es\/wp-content\/uploads\/latas-aplastadas-sobre-catalogo-001.jpg 403w, https:\/\/www.victorarandagarcia.es\/wp-content\/uploads\/latas-aplastadas-sobre-catalogo-001-200x300.jpg 200w\" sizes=\"(max-width: 403px) 100vw, 403px\" \/><\/figure><\/li><li class=\"blocks-gallery-item\"><figure><img data-attachment-id=\"1536\" data-permalink=\"https:\/\/www.victorarandagarcia.es\/latas-aplastadas-sobre-catalogo-005\/\" data-orig-file=\"https:\/\/www.victorarandagarcia.es\/wp-content\/uploads\/latas-aplastadas-sobre-catalogo-005.jpg\" data-orig-size=\"403,604\" data-comments-opened=\"0\" data-image-meta=\"{&quot;aperture&quot;:&quot;0&quot;,&quot;credit&quot;:&quot;&quot;,&quot;camera&quot;:&quot;&quot;,&quot;caption&quot;:&quot;&quot;,&quot;created_timestamp&quot;:&quot;0&quot;,&quot;copyright&quot;:&quot;&quot;,&quot;focal_length&quot;:&quot;0&quot;,&quot;iso&quot;:&quot;0&quot;,&quot;shutter_speed&quot;:&quot;0&quot;,&quot;title&quot;:&quot;&quot;,&quot;orientation&quot;:&quot;0&quot;}\" data-image-title=\"latas-aplastadas-sobre-catalogo-005\" data-image-description=\"&lt;p&gt;Latas aplastadas sobre cat\u00e1logo de Carrefour retroiluminado&lt;\/p&gt;\n\" data-image-caption=\"\" data-medium-file=\"https:\/\/www.victorarandagarcia.es\/wp-content\/uploads\/latas-aplastadas-sobre-catalogo-005-200x300.jpg\" data-large-file=\"https:\/\/www.victorarandagarcia.es\/wp-content\/uploads\/latas-aplastadas-sobre-catalogo-005.jpg\" decoding=\"async\" loading=\"lazy\" width=\"403\" height=\"604\" src=\"http:\/\/www.victorarandagarcia.es\/wp-content\/uploads\/latas-aplastadas-sobre-catalogo-005.jpg\" alt=\"\" data-id=\"1536\" data-link=\"http:\/\/www.victorarandagarcia.es\/latas-aplastadas-sobre-catalogo-005\/\" class=\"wp-image-1536\" srcset=\"https:\/\/www.victorarandagarcia.es\/wp-content\/uploads\/latas-aplastadas-sobre-catalogo-005.jpg 403w, https:\/\/www.victorarandagarcia.es\/wp-content\/uploads\/latas-aplastadas-sobre-catalogo-005-200x300.jpg 200w\" sizes=\"(max-width: 403px) 100vw, 403px\" \/><\/figure><\/li><\/ul>\n","protected":false},"excerpt":{"rendered":"<p>Serie de fotograf\u00ed\u00adas tomadas en estudio de latas recogidas de la calle dispuestas sobre las p\u00e1ginas de un cat\u00e1logo de Carrefour iluminado por detr\u00e1s &hellip; <a href=\"https:\/\/www.victorarandagarcia.es\/index.php\/arte\/variaciones\/latas-aplastadas-sobre-catalogo-de-carrefour-retroiluminado\/\" class=\"more-link\"><span>Continuar<span class=\"screen-reader-text\">Latas aplastadas sobre cat\u00e1logo de carrefour Retroiluminado<\/span><\/span><\/a><\/p>\n","protected":false},"author":1,"featured_media":1545,"comment_status":"closed","ping_status":"open","sticky":false,"template":"","format":"standard","meta":{"jetpack_post_was_ever_published":false,"_jetpack_newsletter_access":"","_jetpack_dont_email_post_to_subs":false,"_jetpack_newsletter_tier_id":0,"_jetpack_memberships_contains_paywalled_content":false,"footnotes":"","_jetpack_memberships_contains_paid_content":false},"categories":[38],"tags":[34,30],"yoast_head":"<!-- This site is optimized with the Yoast SEO plugin v22.6 - https:\/\/yoast.com\/wordpress\/plugins\/seo\/ -->\n<title>Latas aplastadas sobre cat\u00e1logo de carrefour Retroiluminado - arte y estudio<\/title>\n<meta name=\"robots\" content=\"index, follow, max-snippet:-1, max-image-preview:large, max-video-preview:-1\" \/>\n<link rel=\"canonical\" href=\"https:\/\/www.victorarandagarcia.es\/index.php\/arte\/variaciones\/latas-aplastadas-sobre-catalogo-de-carrefour-retroiluminado\/\" \/>\n<meta property=\"og:locale\" content=\"es_ES\" \/>\n<meta property=\"og:type\" content=\"article\" \/>\n<meta property=\"og:title\" content=\"Latas aplastadas sobre cat\u00e1logo de carrefour Retroiluminado - arte y estudio\" \/>\n<meta property=\"og:description\" content=\"Serie de fotograf\u00ed\u00adas tomadas en estudio de latas recogidas de la calle dispuestas sobre las p\u00e1ginas de un cat\u00e1logo de Carrefour iluminado por detr\u00e1s &hellip; ContinuarLatas aplastadas sobre cat\u00e1logo de carrefour Retroiluminado\" \/>\n<meta property=\"og:url\" content=\"https:\/\/www.victorarandagarcia.es\/index.php\/arte\/variaciones\/latas-aplastadas-sobre-catalogo-de-carrefour-retroiluminado\/\" \/>\n<meta property=\"og:site_name\" content=\"arte y estudio\" \/>\n<meta property=\"article:published_time\" content=\"2019-04-15T16:03:45+00:00\" \/>\n<meta property=\"article:modified_time\" content=\"2019-04-15T22:55:33+00:00\" \/>\n<meta property=\"og:image\" content=\"https:\/\/www.victorarandagarcia.es\/wp-content\/uploads\/latas-aplastadas-sobre-catalogo-0.jpg\" \/>\n\t<meta property=\"og:image:width\" content=\"280\" \/>\n\t<meta property=\"og:image:height\" content=\"280\" \/>\n\t<meta property=\"og:image:type\" content=\"image\/jpeg\" \/>\n<meta name=\"author\" content=\"victorarandagarcia\" \/>\n<meta name=\"twitter:card\" content=\"summary_large_image\" \/>\n<meta name=\"twitter:label1\" content=\"Escrito por\" \/>\n\t<meta name=\"twitter:data1\" content=\"victorarandagarcia\" \/>\n<script type=\"application\/ld+json\" class=\"yoast-schema-graph\">{\"@context\":\"https:\/\/schema.org\",\"@graph\":[{\"@type\":\"Article\",\"@id\":\"https:\/\/www.victorarandagarcia.es\/index.php\/arte\/variaciones\/latas-aplastadas-sobre-catalogo-de-carrefour-retroiluminado\/#article\",\"isPartOf\":{\"@id\":\"https:\/\/www.victorarandagarcia.es\/index.php\/arte\/variaciones\/latas-aplastadas-sobre-catalogo-de-carrefour-retroiluminado\/\"},\"author\":{\"name\":\"victorarandagarcia\",\"@id\":\"https:\/\/www.victorarandagarcia.es\/#\/schema\/person\/bfa9c61a3776d517deeee5f9386ef302\"},\"headline\":\"Latas aplastadas sobre cat\u00e1logo de carrefour Retroiluminado\",\"datePublished\":\"2019-04-15T16:03:45+00:00\",\"dateModified\":\"2019-04-15T22:55:33+00:00\",\"mainEntityOfPage\":{\"@id\":\"https:\/\/www.victorarandagarcia.es\/index.php\/arte\/variaciones\/latas-aplastadas-sobre-catalogo-de-carrefour-retroiluminado\/\"},\"wordCount\":44,\"publisher\":{\"@id\":\"https:\/\/www.victorarandagarcia.es\/#organization\"},\"image\":{\"@id\":\"https:\/\/www.victorarandagarcia.es\/index.php\/arte\/variaciones\/latas-aplastadas-sobre-catalogo-de-carrefour-retroiluminado\/#primaryimage\"},\"thumbnailUrl\":\"https:\/\/www.victorarandagarcia.es\/wp-content\/uploads\/latas-aplastadas-sobre-catalogo-0.jpg\",\"keywords\":[\"estudio\",\"variaciones\"],\"articleSection\":[\"VARIACIONES\"],\"inLanguage\":\"es\"},{\"@type\":\"WebPage\",\"@id\":\"https:\/\/www.victorarandagarcia.es\/index.php\/arte\/variaciones\/latas-aplastadas-sobre-catalogo-de-carrefour-retroiluminado\/\",\"url\":\"https:\/\/www.victorarandagarcia.es\/index.php\/arte\/variaciones\/latas-aplastadas-sobre-catalogo-de-carrefour-retroiluminado\/\",\"name\":\"Latas aplastadas sobre cat\u00e1logo de carrefour Retroiluminado - arte y estudio\",\"isPartOf\":{\"@id\":\"https:\/\/www.victorarandagarcia.es\/#website\"},\"primaryImageOfPage\":{\"@id\":\"https:\/\/www.victorarandagarcia.es\/index.php\/arte\/variaciones\/latas-aplastadas-sobre-catalogo-de-carrefour-retroiluminado\/#primaryimage\"},\"image\":{\"@id\":\"https:\/\/www.victorarandagarcia.es\/index.php\/arte\/variaciones\/latas-aplastadas-sobre-catalogo-de-carrefour-retroiluminado\/#primaryimage\"},\"thumbnailUrl\":\"https:\/\/www.victorarandagarcia.es\/wp-content\/uploads\/latas-aplastadas-sobre-catalogo-0.jpg\",\"datePublished\":\"2019-04-15T16:03:45+00:00\",\"dateModified\":\"2019-04-15T22:55:33+00:00\",\"breadcrumb\":{\"@id\":\"https:\/\/www.victorarandagarcia.es\/index.php\/arte\/variaciones\/latas-aplastadas-sobre-catalogo-de-carrefour-retroiluminado\/#breadcrumb\"},\"inLanguage\":\"es\",\"potentialAction\":[{\"@type\":\"ReadAction\",\"target\":[\"https:\/\/www.victorarandagarcia.es\/index.php\/arte\/variaciones\/latas-aplastadas-sobre-catalogo-de-carrefour-retroiluminado\/\"]}]},{\"@type\":\"ImageObject\",\"inLanguage\":\"es\",\"@id\":\"https:\/\/www.victorarandagarcia.es\/index.php\/arte\/variaciones\/latas-aplastadas-sobre-catalogo-de-carrefour-retroiluminado\/#primaryimage\",\"url\":\"https:\/\/www.victorarandagarcia.es\/wp-content\/uploads\/latas-aplastadas-sobre-catalogo-0.jpg\",\"contentUrl\":\"https:\/\/www.victorarandagarcia.es\/wp-content\/uploads\/latas-aplastadas-sobre-catalogo-0.jpg\",\"width\":280,\"height\":280},{\"@type\":\"BreadcrumbList\",\"@id\":\"https:\/\/www.victorarandagarcia.es\/index.php\/arte\/variaciones\/latas-aplastadas-sobre-catalogo-de-carrefour-retroiluminado\/#breadcrumb\",\"itemListElement\":[{\"@type\":\"ListItem\",\"position\":1,\"name\":\"Portada\",\"item\":\"https:\/\/www.victorarandagarcia.es\/\"},{\"@type\":\"ListItem\",\"position\":2,\"name\":\"Latas aplastadas sobre cat\u00e1logo de carrefour Retroiluminado\"}]},{\"@type\":\"WebSite\",\"@id\":\"https:\/\/www.victorarandagarcia.es\/#website\",\"url\":\"https:\/\/www.victorarandagarcia.es\/\",\"name\":\"arte y estudio\",\"description\":\"Fot\u00f3grafo\",\"publisher\":{\"@id\":\"https:\/\/www.victorarandagarcia.es\/#organization\"},\"potentialAction\":[{\"@type\":\"SearchAction\",\"target\":{\"@type\":\"EntryPoint\",\"urlTemplate\":\"https:\/\/www.victorarandagarcia.es\/?s={search_term_string}\"},\"query-input\":\"required name=search_term_string\"}],\"inLanguage\":\"es\"},{\"@type\":\"Organization\",\"@id\":\"https:\/\/www.victorarandagarcia.es\/#organization\",\"name\":\"arte y estudio\",\"url\":\"https:\/\/www.victorarandagarcia.es\/\",\"logo\":{\"@type\":\"ImageObject\",\"inLanguage\":\"es\",\"@id\":\"https:\/\/www.victorarandagarcia.es\/#\/schema\/logo\/image\/\",\"url\":\"https:\/\/www.victorarandagarcia.es\/wp-content\/uploads\/2019\/03\/logo-fotografo.png\",\"contentUrl\":\"https:\/\/www.victorarandagarcia.es\/wp-content\/uploads\/2019\/03\/logo-fotografo.png\",\"width\":150,\"height\":150,\"caption\":\"arte y estudio\"},\"image\":{\"@id\":\"https:\/\/www.victorarandagarcia.es\/#\/schema\/logo\/image\/\"}},{\"@type\":\"Person\",\"@id\":\"https:\/\/www.victorarandagarcia.es\/#\/schema\/person\/bfa9c61a3776d517deeee5f9386ef302\",\"name\":\"victorarandagarcia\",\"image\":{\"@type\":\"ImageObject\",\"inLanguage\":\"es\",\"@id\":\"https:\/\/www.victorarandagarcia.es\/#\/schema\/person\/image\/\",\"url\":\"https:\/\/secure.gravatar.com\/avatar\/957a01ac23a6393e755ae8225c35dbdb?s=96&d=mm&r=g\",\"contentUrl\":\"https:\/\/secure.gravatar.com\/avatar\/957a01ac23a6393e755ae8225c35dbdb?s=96&d=mm&r=g\",\"caption\":\"victorarandagarcia\"}}]}<\/script>\n<!-- \/ Yoast SEO plugin. -->","yoast_head_json":{"title":"Latas aplastadas sobre cat\u00e1logo de carrefour Retroiluminado - arte y estudio","robots":{"index":"index","follow":"follow","max-snippet":"max-snippet:-1","max-image-preview":"max-image-preview:large","max-video-preview":"max-video-preview:-1"},"canonical":"https:\/\/www.victorarandagarcia.es\/index.php\/arte\/variaciones\/latas-aplastadas-sobre-catalogo-de-carrefour-retroiluminado\/","og_locale":"es_ES","og_type":"article","og_title":"Latas aplastadas sobre cat\u00e1logo de carrefour Retroiluminado - arte y estudio","og_description":"Serie de fotograf\u00ed\u00adas tomadas en estudio de latas recogidas de la calle dispuestas sobre las p\u00e1ginas de un cat\u00e1logo de Carrefour iluminado por detr\u00e1s &hellip; ContinuarLatas aplastadas sobre cat\u00e1logo de carrefour Retroiluminado","og_url":"https:\/\/www.victorarandagarcia.es\/index.php\/arte\/variaciones\/latas-aplastadas-sobre-catalogo-de-carrefour-retroiluminado\/","og_site_name":"arte y estudio","article_published_time":"2019-04-15T16:03:45+00:00","article_modified_time":"2019-04-15T22:55:33+00:00","og_image":[{"width":280,"height":280,"url":"https:\/\/www.victorarandagarcia.es\/wp-content\/uploads\/latas-aplastadas-sobre-catalogo-0.jpg","type":"image\/jpeg"}],"author":"victorarandagarcia","twitter_card":"summary_large_image","twitter_misc":{"Escrito por":"victorarandagarcia"},"schema":{"@context":"https:\/\/schema.org","@graph":[{"@type":"Article","@id":"https:\/\/www.victorarandagarcia.es\/index.php\/arte\/variaciones\/latas-aplastadas-sobre-catalogo-de-carrefour-retroiluminado\/#article","isPartOf":{"@id":"https:\/\/www.victorarandagarcia.es\/index.php\/arte\/variaciones\/latas-aplastadas-sobre-catalogo-de-carrefour-retroiluminado\/"},"author":{"name":"victorarandagarcia","@id":"https:\/\/www.victorarandagarcia.es\/#\/schema\/person\/bfa9c61a3776d517deeee5f9386ef302"},"headline":"Latas aplastadas sobre cat\u00e1logo de carrefour Retroiluminado","datePublished":"2019-04-15T16:03:45+00:00","dateModified":"2019-04-15T22:55:33+00:00","mainEntityOfPage":{"@id":"https:\/\/www.victorarandagarcia.es\/index.php\/arte\/variaciones\/latas-aplastadas-sobre-catalogo-de-carrefour-retroiluminado\/"},"wordCount":44,"publisher":{"@id":"https:\/\/www.victorarandagarcia.es\/#organization"},"image":{"@id":"https:\/\/www.victorarandagarcia.es\/index.php\/arte\/variaciones\/latas-aplastadas-sobre-catalogo-de-carrefour-retroiluminado\/#primaryimage"},"thumbnailUrl":"https:\/\/www.victorarandagarcia.es\/wp-content\/uploads\/latas-aplastadas-sobre-catalogo-0.jpg","keywords":["estudio","variaciones"],"articleSection":["VARIACIONES"],"inLanguage":"es"},{"@type":"WebPage","@id":"https:\/\/www.victorarandagarcia.es\/index.php\/arte\/variaciones\/latas-aplastadas-sobre-catalogo-de-carrefour-retroiluminado\/","url":"https:\/\/www.victorarandagarcia.es\/index.php\/arte\/variaciones\/latas-aplastadas-sobre-catalogo-de-carrefour-retroiluminado\/","name":"Latas aplastadas sobre cat\u00e1logo de carrefour Retroiluminado - arte y estudio","isPartOf":{"@id":"https:\/\/www.victorarandagarcia.es\/#website"},"primaryImageOfPage":{"@id":"https:\/\/www.victorarandagarcia.es\/index.php\/arte\/variaciones\/latas-aplastadas-sobre-catalogo-de-carrefour-retroiluminado\/#primaryimage"},"image":{"@id":"https:\/\/www.victorarandagarcia.es\/index.php\/arte\/variaciones\/latas-aplastadas-sobre-catalogo-de-carrefour-retroiluminado\/#primaryimage"},"thumbnailUrl":"https:\/\/www.victorarandagarcia.es\/wp-content\/uploads\/latas-aplastadas-sobre-catalogo-0.jpg","datePublished":"2019-04-15T16:03:45+00:00","dateModified":"2019-04-15T22:55:33+00:00","breadcrumb":{"@id":"https:\/\/www.victorarandagarcia.es\/index.php\/arte\/variaciones\/latas-aplastadas-sobre-catalogo-de-carrefour-retroiluminado\/#breadcrumb"},"inLanguage":"es","potentialAction":[{"@type":"ReadAction","target":["https:\/\/www.victorarandagarcia.es\/index.php\/arte\/variaciones\/latas-aplastadas-sobre-catalogo-de-carrefour-retroiluminado\/"]}]},{"@type":"ImageObject","inLanguage":"es","@id":"https:\/\/www.victorarandagarcia.es\/index.php\/arte\/variaciones\/latas-aplastadas-sobre-catalogo-de-carrefour-retroiluminado\/#primaryimage","url":"https:\/\/www.victorarandagarcia.es\/wp-content\/uploads\/latas-aplastadas-sobre-catalogo-0.jpg","contentUrl":"https:\/\/www.victorarandagarcia.es\/wp-content\/uploads\/latas-aplastadas-sobre-catalogo-0.jpg","width":280,"height":280},{"@type":"BreadcrumbList","@id":"https:\/\/www.victorarandagarcia.es\/index.php\/arte\/variaciones\/latas-aplastadas-sobre-catalogo-de-carrefour-retroiluminado\/#breadcrumb","itemListElement":[{"@type":"ListItem","position":1,"name":"Portada","item":"https:\/\/www.victorarandagarcia.es\/"},{"@type":"ListItem","position":2,"name":"Latas aplastadas sobre cat\u00e1logo de carrefour Retroiluminado"}]},{"@type":"WebSite","@id":"https:\/\/www.victorarandagarcia.es\/#website","url":"https:\/\/www.victorarandagarcia.es\/","name":"arte y estudio","description":"Fot\u00f3grafo","publisher":{"@id":"https:\/\/www.victorarandagarcia.es\/#organization"},"potentialAction":[{"@type":"SearchAction","target":{"@type":"EntryPoint","urlTemplate":"https:\/\/www.victorarandagarcia.es\/?s={search_term_string}"},"query-input":"required name=search_term_string"}],"inLanguage":"es"},{"@type":"Organization","@id":"https:\/\/www.victorarandagarcia.es\/#organization","name":"arte y estudio","url":"https:\/\/www.victorarandagarcia.es\/","logo":{"@type":"ImageObject","inLanguage":"es","@id":"https:\/\/www.victorarandagarcia.es\/#\/schema\/logo\/image\/","url":"https:\/\/www.victorarandagarcia.es\/wp-content\/uploads\/2019\/03\/logo-fotografo.png","contentUrl":"https:\/\/www.victorarandagarcia.es\/wp-content\/uploads\/2019\/03\/logo-fotografo.png","width":150,"height":150,"caption":"arte y estudio"},"image":{"@id":"https:\/\/www.victorarandagarcia.es\/#\/schema\/logo\/image\/"}},{"@type":"Person","@id":"https:\/\/www.victorarandagarcia.es\/#\/schema\/person\/bfa9c61a3776d517deeee5f9386ef302","name":"victorarandagarcia","image":{"@type":"ImageObject","inLanguage":"es","@id":"https:\/\/www.victorarandagarcia.es\/#\/schema\/person\/image\/","url":"https:\/\/secure.gravatar.com\/avatar\/957a01ac23a6393e755ae8225c35dbdb?s=96&d=mm&r=g","contentUrl":"https:\/\/secure.gravatar.com\/avatar\/957a01ac23a6393e755ae8225c35dbdb?s=96&d=mm&r=g","caption":"victorarandagarcia"}}]}},"jetpack_featured_media_url":"https:\/\/www.victorarandagarcia.es\/wp-content\/uploads\/latas-aplastadas-sobre-catalogo-0.jpg","jetpack_sharing_enabled":true,"_links":{"self":[{"href":"https:\/\/www.victorarandagarcia.es\/index.php\/wp-json\/wp\/v2\/posts\/1547"}],"collection":[{"href":"https:\/\/www.victorarandagarcia.es\/index.php\/wp-json\/wp\/v2\/posts"}],"about":[{"href":"https:\/\/www.victorarandagarcia.es\/index.php\/wp-json\/wp\/v2\/types\/post"}],"author":[{"embeddable":true,"href":"https:\/\/www.victorarandagarcia.es\/index.php\/wp-json\/wp\/v2\/users\/1"}],"replies":[{"embeddable":true,"href":"https:\/\/www.victorarandagarcia.es\/index.php\/wp-json\/wp\/v2\/comments?post=1547"}],"version-history":[{"count":1,"href":"https:\/\/www.victorarandagarcia.es\/index.php\/wp-json\/wp\/v2\/posts\/1547\/revisions"}],"predecessor-version":[{"id":1548,"href":"https:\/\/www.victorarandagarcia.es\/index.php\/wp-json\/wp\/v2\/posts\/1547\/revisions\/1548"}],"wp:featuredmedia":[{"embeddable":true,"href":"https:\/\/www.victorarandagarcia.es\/index.php\/wp-json\/wp\/v2\/media\/1545"}],"wp:attachment":[{"href":"https:\/\/www.victorarandagarcia.es\/index.php\/wp-json\/wp\/v2\/media?parent=1547"}],"wp:term":[{"taxonomy":"category","embeddable":true,"href":"https:\/\/www.victorarandagarcia.es\/index.php\/wp-json\/wp\/v2\/categories?post=1547"},{"taxonomy":"post_tag","embeddable":true,"href":"https:\/\/www.victorarandagarcia.es\/index.php\/wp-json\/wp\/v2\/tags?post=1547"}],"curies":[{"name":"wp","href":"https:\/\/api.w.org\/{rel}","templated":true}]}}