{"id":1502,"date":"2019-04-13T21:39:23","date_gmt":"2019-04-13T19:39:23","guid":{"rendered":"http:\/\/www.victorarandagarcia.es\/?p=1502"},"modified":"2019-04-16T00:57:47","modified_gmt":"2019-04-15T22:57:47","slug":"ciudad-de-las-artes-y-las-ciencias","status":"publish","type":"post","link":"https:\/\/www.victorarandagarcia.es\/index.php\/estudio\/reportaje\/ciudad-de-las-artes-y-las-ciencias\/","title":{"rendered":"Ciudad de las Artes y las Ciencias"},"content":{"rendered":"\n<p>Reportaje fotogr\u00e1fico realizado en Valencia. Consulta sin compromiso tu presupuesto si necesitas un reportaje de fotograf\u00ed\u00ada de arquitectura o si est\u00e1s interesado en la adquisici\u00f3n de alguna de mis obras o de los derechos de reproducci\u00f3n de las fotograf\u00ed\u00adas.<\/p>\n\n\n\n<ul class=\"wp-block-gallery columns-3 is-cropped wp-block-gallery-1 is-layout-flex wp-block-gallery-is-layout-flex\"><li class=\"blocks-gallery-item\"><figure><img data-attachment-id=\"1497\" data-permalink=\"https:\/\/www.victorarandagarcia.es\/arquitectura-cac-atardecer\/\" data-orig-file=\"https:\/\/www.victorarandagarcia.es\/wp-content\/uploads\/arquitectura-cac-atardecer.jpg\" data-orig-size=\"720,482\" data-comments-opened=\"0\" data-image-meta=\"{&quot;aperture&quot;:&quot;0&quot;,&quot;credit&quot;:&quot;&quot;,&quot;camera&quot;:&quot;&quot;,&quot;caption&quot;:&quot;&quot;,&quot;created_timestamp&quot;:&quot;0&quot;,&quot;copyright&quot;:&quot;&quot;,&quot;focal_length&quot;:&quot;0&quot;,&quot;iso&quot;:&quot;0&quot;,&quot;shutter_speed&quot;:&quot;0&quot;,&quot;title&quot;:&quot;&quot;,&quot;orientation&quot;:&quot;1&quot;}\" data-image-title=\"arquitectura-cac-atardecer\" data-image-description=\"\" data-image-caption=\"\" data-medium-file=\"https:\/\/www.victorarandagarcia.es\/wp-content\/uploads\/arquitectura-cac-atardecer-300x201.jpg\" data-large-file=\"https:\/\/www.victorarandagarcia.es\/wp-content\/uploads\/arquitectura-cac-atardecer.jpg\" decoding=\"async\" loading=\"lazy\" width=\"720\" height=\"482\" src=\"http:\/\/www.victorarandagarcia.es\/wp-content\/uploads\/arquitectura-cac-atardecer.jpg\" alt=\"\" data-id=\"1497\" data-link=\"http:\/\/www.victorarandagarcia.es\/arquitectura-cac-atardecer\/\" class=\"wp-image-1497\" srcset=\"https:\/\/www.victorarandagarcia.es\/wp-content\/uploads\/arquitectura-cac-atardecer.jpg 720w, https:\/\/www.victorarandagarcia.es\/wp-content\/uploads\/arquitectura-cac-atardecer-300x201.jpg 300w\" sizes=\"(max-width: 720px) 100vw, 720px\" \/><\/figure><\/li><li class=\"blocks-gallery-item\"><figure><img data-attachment-id=\"1500\" data-permalink=\"https:\/\/www.victorarandagarcia.es\/arquitectura-arquitecturas-en-valencia\/\" data-orig-file=\"https:\/\/www.victorarandagarcia.es\/wp-content\/uploads\/arquitectura-arquitecturas-en-valencia.jpg\" data-orig-size=\"720,481\" data-comments-opened=\"0\" data-image-meta=\"{&quot;aperture&quot;:&quot;11&quot;,&quot;credit&quot;:&quot;Victor Aranda Garcia&quot;,&quot;camera&quot;:&quot;Canon EOS 50D&quot;,&quot;caption&quot;:&quot;&quot;,&quot;created_timestamp&quot;:&quot;1315820984&quot;,&quot;copyright&quot;:&quot;&quot;,&quot;focal_length&quot;:&quot;21&quot;,&quot;iso&quot;:&quot;200&quot;,&quot;shutter_speed&quot;:&quot;0.003125&quot;,&quot;title&quot;:&quot;&quot;,&quot;orientation&quot;:&quot;1&quot;}\" data-image-title=\"arquitectura-arquitecturas-en-valencia\" data-image-description=\"\" data-image-caption=\"\" data-medium-file=\"https:\/\/www.victorarandagarcia.es\/wp-content\/uploads\/arquitectura-arquitecturas-en-valencia-300x200.jpg\" data-large-file=\"https:\/\/www.victorarandagarcia.es\/wp-content\/uploads\/arquitectura-arquitecturas-en-valencia.jpg\" decoding=\"async\" loading=\"lazy\" width=\"720\" height=\"481\" src=\"http:\/\/www.victorarandagarcia.es\/wp-content\/uploads\/arquitectura-arquitecturas-en-valencia.jpg\" alt=\"\" data-id=\"1500\" data-link=\"http:\/\/www.victorarandagarcia.es\/arquitectura-arquitecturas-en-valencia\/\" class=\"wp-image-1500\" srcset=\"https:\/\/www.victorarandagarcia.es\/wp-content\/uploads\/arquitectura-arquitecturas-en-valencia.jpg 720w, https:\/\/www.victorarandagarcia.es\/wp-content\/uploads\/arquitectura-arquitecturas-en-valencia-300x200.jpg 300w\" sizes=\"(max-width: 720px) 100vw, 720px\" \/><\/figure><\/li><li class=\"blocks-gallery-item\"><figure><img data-attachment-id=\"1501\" data-permalink=\"https:\/\/www.victorarandagarcia.es\/arquitectura-ciudad-de-las-artes-y-las-ciencias-noche\/\" data-orig-file=\"https:\/\/www.victorarandagarcia.es\/wp-content\/uploads\/arquitectura-ciudad-de-las-artes-y-las-ciencias-noche.jpg\" data-orig-size=\"720,458\" data-comments-opened=\"0\" data-image-meta=\"{&quot;aperture&quot;:&quot;0&quot;,&quot;credit&quot;:&quot;&quot;,&quot;camera&quot;:&quot;&quot;,&quot;caption&quot;:&quot;&quot;,&quot;created_timestamp&quot;:&quot;0&quot;,&quot;copyright&quot;:&quot;&quot;,&quot;focal_length&quot;:&quot;0&quot;,&quot;iso&quot;:&quot;0&quot;,&quot;shutter_speed&quot;:&quot;0&quot;,&quot;title&quot;:&quot;&quot;,&quot;orientation&quot;:&quot;1&quot;}\" data-image-title=\"arquitectura-ciudad-de-las-artes-y-las-ciencias-noche\" data-image-description=\"\" data-image-caption=\"\" data-medium-file=\"https:\/\/www.victorarandagarcia.es\/wp-content\/uploads\/arquitectura-ciudad-de-las-artes-y-las-ciencias-noche-300x191.jpg\" data-large-file=\"https:\/\/www.victorarandagarcia.es\/wp-content\/uploads\/arquitectura-ciudad-de-las-artes-y-las-ciencias-noche.jpg\" decoding=\"async\" loading=\"lazy\" width=\"720\" height=\"458\" src=\"http:\/\/www.victorarandagarcia.es\/wp-content\/uploads\/arquitectura-ciudad-de-las-artes-y-las-ciencias-noche.jpg\" alt=\"\" data-id=\"1501\" data-link=\"http:\/\/www.victorarandagarcia.es\/arquitectura-ciudad-de-las-artes-y-las-ciencias-noche\/\" class=\"wp-image-1501\" srcset=\"https:\/\/www.victorarandagarcia.es\/wp-content\/uploads\/arquitectura-ciudad-de-las-artes-y-las-ciencias-noche.jpg 720w, https:\/\/www.victorarandagarcia.es\/wp-content\/uploads\/arquitectura-ciudad-de-las-artes-y-las-ciencias-noche-300x191.jpg 300w\" sizes=\"(max-width: 720px) 100vw, 720px\" \/><\/figure><\/li><li class=\"blocks-gallery-item\"><figure><img data-attachment-id=\"1496\" data-permalink=\"https:\/\/www.victorarandagarcia.es\/arquitectura-cac-valencia\/\" data-orig-file=\"https:\/\/www.victorarandagarcia.es\/wp-content\/uploads\/arquitectura-cac-valencia.jpg\" data-orig-size=\"481,720\" data-comments-opened=\"0\" data-image-meta=\"{&quot;aperture&quot;:&quot;7.1&quot;,&quot;credit&quot;:&quot;Victor Aranda Garcia&quot;,&quot;camera&quot;:&quot;Canon EOS 50D&quot;,&quot;caption&quot;:&quot;&quot;,&quot;created_timestamp&quot;:&quot;1310592799&quot;,&quot;copyright&quot;:&quot;&quot;,&quot;focal_length&quot;:&quot;50&quot;,&quot;iso&quot;:&quot;400&quot;,&quot;shutter_speed&quot;:&quot;0.016666666666667&quot;,&quot;title&quot;:&quot;&quot;,&quot;orientation&quot;:&quot;1&quot;}\" data-image-title=\"arquitectura-cac-valencia\" data-image-description=\"\" data-image-caption=\"\" data-medium-file=\"https:\/\/www.victorarandagarcia.es\/wp-content\/uploads\/arquitectura-cac-valencia-200x300.jpg\" data-large-file=\"https:\/\/www.victorarandagarcia.es\/wp-content\/uploads\/arquitectura-cac-valencia.jpg\" decoding=\"async\" loading=\"lazy\" width=\"481\" height=\"720\" src=\"http:\/\/www.victorarandagarcia.es\/wp-content\/uploads\/arquitectura-cac-valencia.jpg\" alt=\"\" data-id=\"1496\" data-link=\"http:\/\/www.victorarandagarcia.es\/arquitectura-cac-valencia\/\" class=\"wp-image-1496\" srcset=\"https:\/\/www.victorarandagarcia.es\/wp-content\/uploads\/arquitectura-cac-valencia.jpg 481w, https:\/\/www.victorarandagarcia.es\/wp-content\/uploads\/arquitectura-cac-valencia-200x300.jpg 200w\" sizes=\"(max-width: 481px) 100vw, 481px\" \/><\/figure><\/li><li class=\"blocks-gallery-item\"><figure><img data-attachment-id=\"1498\" data-permalink=\"https:\/\/www.victorarandagarcia.es\/arquitectura-el-agora-de-valencia-en-construccion\/\" data-orig-file=\"https:\/\/www.victorarandagarcia.es\/wp-content\/uploads\/arquitectura-el-agora-de-valencia-en-construccion.jpg\" data-orig-size=\"414,600\" data-comments-opened=\"0\" data-image-meta=\"{&quot;aperture&quot;:&quot;8&quot;,&quot;credit&quot;:&quot;Victor Aranda Garcia&quot;,&quot;camera&quot;:&quot;Canon EOS 50D&quot;,&quot;caption&quot;:&quot;&quot;,&quot;created_timestamp&quot;:&quot;1244833714&quot;,&quot;copyright&quot;:&quot;&quot;,&quot;focal_length&quot;:&quot;18&quot;,&quot;iso&quot;:&quot;400&quot;,&quot;shutter_speed&quot;:&quot;0.005&quot;,&quot;title&quot;:&quot;&quot;,&quot;orientation&quot;:&quot;1&quot;}\" data-image-title=\"arquitectura-el-agora-de-valencia-en-construccion\" data-image-description=\"\" data-image-caption=\"\" data-medium-file=\"https:\/\/www.victorarandagarcia.es\/wp-content\/uploads\/arquitectura-el-agora-de-valencia-en-construccion-207x300.jpg\" data-large-file=\"https:\/\/www.victorarandagarcia.es\/wp-content\/uploads\/arquitectura-el-agora-de-valencia-en-construccion.jpg\" decoding=\"async\" loading=\"lazy\" width=\"414\" height=\"600\" src=\"http:\/\/www.victorarandagarcia.es\/wp-content\/uploads\/arquitectura-el-agora-de-valencia-en-construccion.jpg\" alt=\"\" data-id=\"1498\" data-link=\"http:\/\/www.victorarandagarcia.es\/arquitectura-el-agora-de-valencia-en-construccion\/\" class=\"wp-image-1498\" srcset=\"https:\/\/www.victorarandagarcia.es\/wp-content\/uploads\/arquitectura-el-agora-de-valencia-en-construccion.jpg 414w, https:\/\/www.victorarandagarcia.es\/wp-content\/uploads\/arquitectura-el-agora-de-valencia-en-construccion-207x300.jpg 207w\" sizes=\"(max-width: 414px) 100vw, 414px\" \/><\/figure><\/li><\/ul>\n\n\n\n<p> <\/p>\n","protected":false},"excerpt":{"rendered":"<p>Reportaje fotogr\u00e1fico realizado en Valencia. Consulta sin compromiso tu presupuesto si necesitas un reportaje de fotograf\u00ed\u00ada de arquitectura &hellip; <a href=\"https:\/\/www.victorarandagarcia.es\/index.php\/estudio\/reportaje\/ciudad-de-las-artes-y-las-ciencias\/\" class=\"more-link\"><span>Continuar<span class=\"screen-reader-text\">Ciudad de las Artes y las Ciencias<\/span><\/span><\/a><\/p>\n","protected":false},"author":1,"featured_media":1499,"comment_status":"closed","ping_status":"open","sticky":false,"template":"","format":"standard","meta":{"jetpack_post_was_ever_published":false,"_jetpack_newsletter_access":"","_jetpack_dont_email_post_to_subs":false,"_jetpack_newsletter_tier_id":0,"_jetpack_memberships_contains_paywalled_content":false,"footnotes":"","_jetpack_memberships_contains_paid_content":false},"categories":[53],"tags":[50],"yoast_head":"<!-- This site is optimized with the Yoast SEO plugin v22.6 - https:\/\/yoast.com\/wordpress\/plugins\/seo\/ -->\n<title>Ciudad de las Artes y las Ciencias - arte y estudio<\/title>\n<meta name=\"robots\" content=\"index, follow, max-snippet:-1, max-image-preview:large, max-video-preview:-1\" \/>\n<link rel=\"canonical\" href=\"https:\/\/www.victorarandagarcia.es\/index.php\/estudio\/reportaje\/ciudad-de-las-artes-y-las-ciencias\/\" \/>\n<meta property=\"og:locale\" content=\"es_ES\" \/>\n<meta property=\"og:type\" content=\"article\" \/>\n<meta property=\"og:title\" content=\"Ciudad de las Artes y las Ciencias - arte y estudio\" \/>\n<meta property=\"og:description\" content=\"Reportaje fotogr\u00e1fico realizado en Valencia. Consulta sin compromiso tu presupuesto si necesitas un reportaje de fotograf\u00ed\u00ada de arquitectura &hellip; ContinuarCiudad de las Artes y las Ciencias\" \/>\n<meta property=\"og:url\" content=\"https:\/\/www.victorarandagarcia.es\/index.php\/estudio\/reportaje\/ciudad-de-las-artes-y-las-ciencias\/\" \/>\n<meta property=\"og:site_name\" content=\"arte y estudio\" \/>\n<meta property=\"article:published_time\" content=\"2019-04-13T19:39:23+00:00\" \/>\n<meta property=\"article:modified_time\" content=\"2019-04-15T22:57:47+00:00\" \/>\n<meta property=\"og:image\" content=\"https:\/\/www.victorarandagarcia.es\/wp-content\/uploads\/arquitectura-valencia-0.jpg\" \/>\n\t<meta property=\"og:image:width\" content=\"472\" \/>\n\t<meta property=\"og:image:height\" content=\"472\" \/>\n\t<meta property=\"og:image:type\" content=\"image\/jpeg\" \/>\n<meta name=\"author\" content=\"victorarandagarcia\" \/>\n<meta name=\"twitter:card\" content=\"summary_large_image\" \/>\n<meta name=\"twitter:label1\" content=\"Escrito por\" \/>\n\t<meta name=\"twitter:data1\" content=\"victorarandagarcia\" \/>\n<script type=\"application\/ld+json\" class=\"yoast-schema-graph\">{\"@context\":\"https:\/\/schema.org\",\"@graph\":[{\"@type\":\"Article\",\"@id\":\"https:\/\/www.victorarandagarcia.es\/index.php\/estudio\/reportaje\/ciudad-de-las-artes-y-las-ciencias\/#article\",\"isPartOf\":{\"@id\":\"https:\/\/www.victorarandagarcia.es\/index.php\/estudio\/reportaje\/ciudad-de-las-artes-y-las-ciencias\/\"},\"author\":{\"name\":\"victorarandagarcia\",\"@id\":\"https:\/\/www.victorarandagarcia.es\/#\/schema\/person\/bfa9c61a3776d517deeee5f9386ef302\"},\"headline\":\"Ciudad de las Artes y las Ciencias\",\"datePublished\":\"2019-04-13T19:39:23+00:00\",\"dateModified\":\"2019-04-15T22:57:47+00:00\",\"mainEntityOfPage\":{\"@id\":\"https:\/\/www.victorarandagarcia.es\/index.php\/estudio\/reportaje\/ciudad-de-las-artes-y-las-ciencias\/\"},\"wordCount\":52,\"publisher\":{\"@id\":\"https:\/\/www.victorarandagarcia.es\/#organization\"},\"image\":{\"@id\":\"https:\/\/www.victorarandagarcia.es\/index.php\/estudio\/reportaje\/ciudad-de-las-artes-y-las-ciencias\/#primaryimage\"},\"thumbnailUrl\":\"https:\/\/www.victorarandagarcia.es\/wp-content\/uploads\/arquitectura-valencia-0.jpg\",\"keywords\":[\"arquitectura\"],\"articleSection\":[\"Reportaje\"],\"inLanguage\":\"es\"},{\"@type\":\"WebPage\",\"@id\":\"https:\/\/www.victorarandagarcia.es\/index.php\/estudio\/reportaje\/ciudad-de-las-artes-y-las-ciencias\/\",\"url\":\"https:\/\/www.victorarandagarcia.es\/index.php\/estudio\/reportaje\/ciudad-de-las-artes-y-las-ciencias\/\",\"name\":\"Ciudad de las Artes y las Ciencias - arte y estudio\",\"isPartOf\":{\"@id\":\"https:\/\/www.victorarandagarcia.es\/#website\"},\"primaryImageOfPage\":{\"@id\":\"https:\/\/www.victorarandagarcia.es\/index.php\/estudio\/reportaje\/ciudad-de-las-artes-y-las-ciencias\/#primaryimage\"},\"image\":{\"@id\":\"https:\/\/www.victorarandagarcia.es\/index.php\/estudio\/reportaje\/ciudad-de-las-artes-y-las-ciencias\/#primaryimage\"},\"thumbnailUrl\":\"https:\/\/www.victorarandagarcia.es\/wp-content\/uploads\/arquitectura-valencia-0.jpg\",\"datePublished\":\"2019-04-13T19:39:23+00:00\",\"dateModified\":\"2019-04-15T22:57:47+00:00\",\"breadcrumb\":{\"@id\":\"https:\/\/www.victorarandagarcia.es\/index.php\/estudio\/reportaje\/ciudad-de-las-artes-y-las-ciencias\/#breadcrumb\"},\"inLanguage\":\"es\",\"potentialAction\":[{\"@type\":\"ReadAction\",\"target\":[\"https:\/\/www.victorarandagarcia.es\/index.php\/estudio\/reportaje\/ciudad-de-las-artes-y-las-ciencias\/\"]}]},{\"@type\":\"ImageObject\",\"inLanguage\":\"es\",\"@id\":\"https:\/\/www.victorarandagarcia.es\/index.php\/estudio\/reportaje\/ciudad-de-las-artes-y-las-ciencias\/#primaryimage\",\"url\":\"https:\/\/www.victorarandagarcia.es\/wp-content\/uploads\/arquitectura-valencia-0.jpg\",\"contentUrl\":\"https:\/\/www.victorarandagarcia.es\/wp-content\/uploads\/arquitectura-valencia-0.jpg\",\"width\":472,\"height\":472},{\"@type\":\"BreadcrumbList\",\"@id\":\"https:\/\/www.victorarandagarcia.es\/index.php\/estudio\/reportaje\/ciudad-de-las-artes-y-las-ciencias\/#breadcrumb\",\"itemListElement\":[{\"@type\":\"ListItem\",\"position\":1,\"name\":\"Portada\",\"item\":\"https:\/\/www.victorarandagarcia.es\/\"},{\"@type\":\"ListItem\",\"position\":2,\"name\":\"Ciudad de las Artes y las Ciencias\"}]},{\"@type\":\"WebSite\",\"@id\":\"https:\/\/www.victorarandagarcia.es\/#website\",\"url\":\"https:\/\/www.victorarandagarcia.es\/\",\"name\":\"arte y estudio\",\"description\":\"Fot\u00f3grafo\",\"publisher\":{\"@id\":\"https:\/\/www.victorarandagarcia.es\/#organization\"},\"potentialAction\":[{\"@type\":\"SearchAction\",\"target\":{\"@type\":\"EntryPoint\",\"urlTemplate\":\"https:\/\/www.victorarandagarcia.es\/?s={search_term_string}\"},\"query-input\":\"required name=search_term_string\"}],\"inLanguage\":\"es\"},{\"@type\":\"Organization\",\"@id\":\"https:\/\/www.victorarandagarcia.es\/#organization\",\"name\":\"arte y estudio\",\"url\":\"https:\/\/www.victorarandagarcia.es\/\",\"logo\":{\"@type\":\"ImageObject\",\"inLanguage\":\"es\",\"@id\":\"https:\/\/www.victorarandagarcia.es\/#\/schema\/logo\/image\/\",\"url\":\"https:\/\/www.victorarandagarcia.es\/wp-content\/uploads\/2019\/03\/logo-fotografo.png\",\"contentUrl\":\"https:\/\/www.victorarandagarcia.es\/wp-content\/uploads\/2019\/03\/logo-fotografo.png\",\"width\":150,\"height\":150,\"caption\":\"arte y estudio\"},\"image\":{\"@id\":\"https:\/\/www.victorarandagarcia.es\/#\/schema\/logo\/image\/\"}},{\"@type\":\"Person\",\"@id\":\"https:\/\/www.victorarandagarcia.es\/#\/schema\/person\/bfa9c61a3776d517deeee5f9386ef302\",\"name\":\"victorarandagarcia\",\"image\":{\"@type\":\"ImageObject\",\"inLanguage\":\"es\",\"@id\":\"https:\/\/www.victorarandagarcia.es\/#\/schema\/person\/image\/\",\"url\":\"https:\/\/secure.gravatar.com\/avatar\/957a01ac23a6393e755ae8225c35dbdb?s=96&d=mm&r=g\",\"contentUrl\":\"https:\/\/secure.gravatar.com\/avatar\/957a01ac23a6393e755ae8225c35dbdb?s=96&d=mm&r=g\",\"caption\":\"victorarandagarcia\"}}]}<\/script>\n<!-- \/ Yoast SEO plugin. -->","yoast_head_json":{"title":"Ciudad de las Artes y las Ciencias - arte y estudio","robots":{"index":"index","follow":"follow","max-snippet":"max-snippet:-1","max-image-preview":"max-image-preview:large","max-video-preview":"max-video-preview:-1"},"canonical":"https:\/\/www.victorarandagarcia.es\/index.php\/estudio\/reportaje\/ciudad-de-las-artes-y-las-ciencias\/","og_locale":"es_ES","og_type":"article","og_title":"Ciudad de las Artes y las Ciencias - arte y estudio","og_description":"Reportaje fotogr\u00e1fico realizado en Valencia. Consulta sin compromiso tu presupuesto si necesitas un reportaje de fotograf\u00ed\u00ada de arquitectura &hellip; ContinuarCiudad de las Artes y las Ciencias","og_url":"https:\/\/www.victorarandagarcia.es\/index.php\/estudio\/reportaje\/ciudad-de-las-artes-y-las-ciencias\/","og_site_name":"arte y estudio","article_published_time":"2019-04-13T19:39:23+00:00","article_modified_time":"2019-04-15T22:57:47+00:00","og_image":[{"width":472,"height":472,"url":"https:\/\/www.victorarandagarcia.es\/wp-content\/uploads\/arquitectura-valencia-0.jpg","type":"image\/jpeg"}],"author":"victorarandagarcia","twitter_card":"summary_large_image","twitter_misc":{"Escrito por":"victorarandagarcia"},"schema":{"@context":"https:\/\/schema.org","@graph":[{"@type":"Article","@id":"https:\/\/www.victorarandagarcia.es\/index.php\/estudio\/reportaje\/ciudad-de-las-artes-y-las-ciencias\/#article","isPartOf":{"@id":"https:\/\/www.victorarandagarcia.es\/index.php\/estudio\/reportaje\/ciudad-de-las-artes-y-las-ciencias\/"},"author":{"name":"victorarandagarcia","@id":"https:\/\/www.victorarandagarcia.es\/#\/schema\/person\/bfa9c61a3776d517deeee5f9386ef302"},"headline":"Ciudad de las Artes y las Ciencias","datePublished":"2019-04-13T19:39:23+00:00","dateModified":"2019-04-15T22:57:47+00:00","mainEntityOfPage":{"@id":"https:\/\/www.victorarandagarcia.es\/index.php\/estudio\/reportaje\/ciudad-de-las-artes-y-las-ciencias\/"},"wordCount":52,"publisher":{"@id":"https:\/\/www.victorarandagarcia.es\/#organization"},"image":{"@id":"https:\/\/www.victorarandagarcia.es\/index.php\/estudio\/reportaje\/ciudad-de-las-artes-y-las-ciencias\/#primaryimage"},"thumbnailUrl":"https:\/\/www.victorarandagarcia.es\/wp-content\/uploads\/arquitectura-valencia-0.jpg","keywords":["arquitectura"],"articleSection":["Reportaje"],"inLanguage":"es"},{"@type":"WebPage","@id":"https:\/\/www.victorarandagarcia.es\/index.php\/estudio\/reportaje\/ciudad-de-las-artes-y-las-ciencias\/","url":"https:\/\/www.victorarandagarcia.es\/index.php\/estudio\/reportaje\/ciudad-de-las-artes-y-las-ciencias\/","name":"Ciudad de las Artes y las Ciencias - arte y estudio","isPartOf":{"@id":"https:\/\/www.victorarandagarcia.es\/#website"},"primaryImageOfPage":{"@id":"https:\/\/www.victorarandagarcia.es\/index.php\/estudio\/reportaje\/ciudad-de-las-artes-y-las-ciencias\/#primaryimage"},"image":{"@id":"https:\/\/www.victorarandagarcia.es\/index.php\/estudio\/reportaje\/ciudad-de-las-artes-y-las-ciencias\/#primaryimage"},"thumbnailUrl":"https:\/\/www.victorarandagarcia.es\/wp-content\/uploads\/arquitectura-valencia-0.jpg","datePublished":"2019-04-13T19:39:23+00:00","dateModified":"2019-04-15T22:57:47+00:00","breadcrumb":{"@id":"https:\/\/www.victorarandagarcia.es\/index.php\/estudio\/reportaje\/ciudad-de-las-artes-y-las-ciencias\/#breadcrumb"},"inLanguage":"es","potentialAction":[{"@type":"ReadAction","target":["https:\/\/www.victorarandagarcia.es\/index.php\/estudio\/reportaje\/ciudad-de-las-artes-y-las-ciencias\/"]}]},{"@type":"ImageObject","inLanguage":"es","@id":"https:\/\/www.victorarandagarcia.es\/index.php\/estudio\/reportaje\/ciudad-de-las-artes-y-las-ciencias\/#primaryimage","url":"https:\/\/www.victorarandagarcia.es\/wp-content\/uploads\/arquitectura-valencia-0.jpg","contentUrl":"https:\/\/www.victorarandagarcia.es\/wp-content\/uploads\/arquitectura-valencia-0.jpg","width":472,"height":472},{"@type":"BreadcrumbList","@id":"https:\/\/www.victorarandagarcia.es\/index.php\/estudio\/reportaje\/ciudad-de-las-artes-y-las-ciencias\/#breadcrumb","itemListElement":[{"@type":"ListItem","position":1,"name":"Portada","item":"https:\/\/www.victorarandagarcia.es\/"},{"@type":"ListItem","position":2,"name":"Ciudad de las Artes y las Ciencias"}]},{"@type":"WebSite","@id":"https:\/\/www.victorarandagarcia.es\/#website","url":"https:\/\/www.victorarandagarcia.es\/","name":"arte y estudio","description":"Fot\u00f3grafo","publisher":{"@id":"https:\/\/www.victorarandagarcia.es\/#organization"},"potentialAction":[{"@type":"SearchAction","target":{"@type":"EntryPoint","urlTemplate":"https:\/\/www.victorarandagarcia.es\/?s={search_term_string}"},"query-input":"required name=search_term_string"}],"inLanguage":"es"},{"@type":"Organization","@id":"https:\/\/www.victorarandagarcia.es\/#organization","name":"arte y estudio","url":"https:\/\/www.victorarandagarcia.es\/","logo":{"@type":"ImageObject","inLanguage":"es","@id":"https:\/\/www.victorarandagarcia.es\/#\/schema\/logo\/image\/","url":"https:\/\/www.victorarandagarcia.es\/wp-content\/uploads\/2019\/03\/logo-fotografo.png","contentUrl":"https:\/\/www.victorarandagarcia.es\/wp-content\/uploads\/2019\/03\/logo-fotografo.png","width":150,"height":150,"caption":"arte y estudio"},"image":{"@id":"https:\/\/www.victorarandagarcia.es\/#\/schema\/logo\/image\/"}},{"@type":"Person","@id":"https:\/\/www.victorarandagarcia.es\/#\/schema\/person\/bfa9c61a3776d517deeee5f9386ef302","name":"victorarandagarcia","image":{"@type":"ImageObject","inLanguage":"es","@id":"https:\/\/www.victorarandagarcia.es\/#\/schema\/person\/image\/","url":"https:\/\/secure.gravatar.com\/avatar\/957a01ac23a6393e755ae8225c35dbdb?s=96&d=mm&r=g","contentUrl":"https:\/\/secure.gravatar.com\/avatar\/957a01ac23a6393e755ae8225c35dbdb?s=96&d=mm&r=g","caption":"victorarandagarcia"}}]}},"jetpack_featured_media_url":"https:\/\/www.victorarandagarcia.es\/wp-content\/uploads\/arquitectura-valencia-0.jpg","jetpack_sharing_enabled":true,"_links":{"self":[{"href":"https:\/\/www.victorarandagarcia.es\/index.php\/wp-json\/wp\/v2\/posts\/1502"}],"collection":[{"href":"https:\/\/www.victorarandagarcia.es\/index.php\/wp-json\/wp\/v2\/posts"}],"about":[{"href":"https:\/\/www.victorarandagarcia.es\/index.php\/wp-json\/wp\/v2\/types\/post"}],"author":[{"embeddable":true,"href":"https:\/\/www.victorarandagarcia.es\/index.php\/wp-json\/wp\/v2\/users\/1"}],"replies":[{"embeddable":true,"href":"https:\/\/www.victorarandagarcia.es\/index.php\/wp-json\/wp\/v2\/comments?post=1502"}],"version-history":[{"count":2,"href":"https:\/\/www.victorarandagarcia.es\/index.php\/wp-json\/wp\/v2\/posts\/1502\/revisions"}],"predecessor-version":[{"id":1505,"href":"https:\/\/www.victorarandagarcia.es\/index.php\/wp-json\/wp\/v2\/posts\/1502\/revisions\/1505"}],"wp:featuredmedia":[{"embeddable":true,"href":"https:\/\/www.victorarandagarcia.es\/index.php\/wp-json\/wp\/v2\/media\/1499"}],"wp:attachment":[{"href":"https:\/\/www.victorarandagarcia.es\/index.php\/wp-json\/wp\/v2\/media?parent=1502"}],"wp:term":[{"taxonomy":"category","embeddable":true,"href":"https:\/\/www.victorarandagarcia.es\/index.php\/wp-json\/wp\/v2\/categories?post=1502"},{"taxonomy":"post_tag","embeddable":true,"href":"https:\/\/www.victorarandagarcia.es\/index.php\/wp-json\/wp\/v2\/tags?post=1502"}],"curies":[{"name":"wp","href":"https:\/\/api.w.org\/{rel}","templated":true}]}}