{"id":1493,"date":"2019-04-13T21:23:02","date_gmt":"2019-04-13T19:23:02","guid":{"rendered":"http:\/\/www.victorarandagarcia.es\/?p=1493"},"modified":"2019-04-16T00:58:21","modified_gmt":"2019-04-15T22:58:21","slug":"arquitectura","status":"publish","type":"post","link":"https:\/\/www.victorarandagarcia.es\/index.php\/estudio\/reportaje\/arquitectura\/","title":{"rendered":"Arquitectura"},"content":{"rendered":"\n<p>Muestra de fotograf\u00ed\u00ada de arquitectura. Consulta sin compromiso tu presupuesto para un reportaje fotogr\u00e1fico o si est\u00e1s interesado en la adquisici\u00f3n de obra o los derechos de reproducci\u00f3n de alguna de mis fotograf\u00ed\u00adas<\/p>\n\n\n\n<ul class=\"wp-block-gallery columns-3 is-cropped wp-block-gallery-1 is-layout-flex wp-block-gallery-is-layout-flex\"><li class=\"blocks-gallery-item\"><figure><img data-attachment-id=\"1484\" data-permalink=\"https:\/\/www.victorarandagarcia.es\/arquitectura-londres-2\/\" data-orig-file=\"https:\/\/www.victorarandagarcia.es\/wp-content\/uploads\/arquitectura-londres-1.jpg\" data-orig-size=\"452,677\" data-comments-opened=\"0\" data-image-meta=\"{&quot;aperture&quot;:&quot;11&quot;,&quot;credit&quot;:&quot;Victor Aranda Garcia&quot;,&quot;camera&quot;:&quot;Canon EOS 50D&quot;,&quot;caption&quot;:&quot;&quot;,&quot;created_timestamp&quot;:&quot;1256651945&quot;,&quot;copyright&quot;:&quot;&quot;,&quot;focal_length&quot;:&quot;17&quot;,&quot;iso&quot;:&quot;200&quot;,&quot;shutter_speed&quot;:&quot;0.005&quot;,&quot;title&quot;:&quot;&quot;,&quot;orientation&quot;:&quot;1&quot;}\" data-image-title=\"arquitectura-londres\" data-image-description=\"\" data-image-caption=\"\" data-medium-file=\"https:\/\/www.victorarandagarcia.es\/wp-content\/uploads\/arquitectura-londres-1-200x300.jpg\" data-large-file=\"https:\/\/www.victorarandagarcia.es\/wp-content\/uploads\/arquitectura-londres-1.jpg\" decoding=\"async\" loading=\"lazy\" width=\"452\" height=\"677\" src=\"http:\/\/www.victorarandagarcia.es\/wp-content\/uploads\/arquitectura-londres-1.jpg\" alt=\"\" data-id=\"1484\" data-link=\"http:\/\/www.victorarandagarcia.es\/arquitectura-londres-2\/\" class=\"wp-image-1484\" srcset=\"https:\/\/www.victorarandagarcia.es\/wp-content\/uploads\/arquitectura-londres-1.jpg 452w, https:\/\/www.victorarandagarcia.es\/wp-content\/uploads\/arquitectura-londres-1-200x300.jpg 200w\" sizes=\"(max-width: 452px) 100vw, 452px\" \/><\/figure><\/li><li class=\"blocks-gallery-item\"><figure><img data-attachment-id=\"1490\" data-permalink=\"https:\/\/www.victorarandagarcia.es\/arquitectura-alfajeria-de-zaragoza\/\" data-orig-file=\"https:\/\/www.victorarandagarcia.es\/wp-content\/uploads\/arquitectura-alfajeria-de-zaragoza.jpg\" data-orig-size=\"402,600\" data-comments-opened=\"0\" data-image-meta=\"{&quot;aperture&quot;:&quot;0&quot;,&quot;credit&quot;:&quot;Victor Aranda Garcia&quot;,&quot;camera&quot;:&quot;&quot;,&quot;caption&quot;:&quot;&quot;,&quot;created_timestamp&quot;:&quot;0&quot;,&quot;copyright&quot;:&quot;&quot;,&quot;focal_length&quot;:&quot;0&quot;,&quot;iso&quot;:&quot;0&quot;,&quot;shutter_speed&quot;:&quot;0&quot;,&quot;title&quot;:&quot;&quot;,&quot;orientation&quot;:&quot;1&quot;}\" data-image-title=\"arquitectura-alfajeria-de-zaragoza\" data-image-description=\"\" data-image-caption=\"\" data-medium-file=\"https:\/\/www.victorarandagarcia.es\/wp-content\/uploads\/arquitectura-alfajeria-de-zaragoza-201x300.jpg\" data-large-file=\"https:\/\/www.victorarandagarcia.es\/wp-content\/uploads\/arquitectura-alfajeria-de-zaragoza.jpg\" decoding=\"async\" loading=\"lazy\" width=\"402\" height=\"600\" src=\"http:\/\/www.victorarandagarcia.es\/wp-content\/uploads\/arquitectura-alfajeria-de-zaragoza.jpg\" alt=\"\" data-id=\"1490\" data-link=\"http:\/\/www.victorarandagarcia.es\/arquitectura-alfajeria-de-zaragoza\/\" class=\"wp-image-1490\" srcset=\"https:\/\/www.victorarandagarcia.es\/wp-content\/uploads\/arquitectura-alfajeria-de-zaragoza.jpg 402w, https:\/\/www.victorarandagarcia.es\/wp-content\/uploads\/arquitectura-alfajeria-de-zaragoza-201x300.jpg 201w\" sizes=\"(max-width: 402px) 100vw, 402px\" \/><\/figure><\/li><li class=\"blocks-gallery-item\"><figure><img data-attachment-id=\"1491\" data-permalink=\"https:\/\/www.victorarandagarcia.es\/arquitectura-arquitectura-en-zaragoza\/\" data-orig-file=\"https:\/\/www.victorarandagarcia.es\/wp-content\/uploads\/arquitectura-arquitectura-en-zaragoza.jpg\" data-orig-size=\"402,600\" data-comments-opened=\"0\" data-image-meta=\"{&quot;aperture&quot;:&quot;0&quot;,&quot;credit&quot;:&quot;Victor Aranda Garcia&quot;,&quot;camera&quot;:&quot;&quot;,&quot;caption&quot;:&quot;&quot;,&quot;created_timestamp&quot;:&quot;0&quot;,&quot;copyright&quot;:&quot;&quot;,&quot;focal_length&quot;:&quot;0&quot;,&quot;iso&quot;:&quot;0&quot;,&quot;shutter_speed&quot;:&quot;0&quot;,&quot;title&quot;:&quot;&quot;,&quot;orientation&quot;:&quot;1&quot;}\" data-image-title=\"arquitectura-arquitectura-en-zaragoza\" data-image-description=\"\" data-image-caption=\"\" data-medium-file=\"https:\/\/www.victorarandagarcia.es\/wp-content\/uploads\/arquitectura-arquitectura-en-zaragoza-201x300.jpg\" data-large-file=\"https:\/\/www.victorarandagarcia.es\/wp-content\/uploads\/arquitectura-arquitectura-en-zaragoza.jpg\" decoding=\"async\" loading=\"lazy\" width=\"402\" height=\"600\" src=\"http:\/\/www.victorarandagarcia.es\/wp-content\/uploads\/arquitectura-arquitectura-en-zaragoza.jpg\" alt=\"\" data-id=\"1491\" data-link=\"http:\/\/www.victorarandagarcia.es\/arquitectura-arquitectura-en-zaragoza\/\" class=\"wp-image-1491\" srcset=\"https:\/\/www.victorarandagarcia.es\/wp-content\/uploads\/arquitectura-arquitectura-en-zaragoza.jpg 402w, https:\/\/www.victorarandagarcia.es\/wp-content\/uploads\/arquitectura-arquitectura-en-zaragoza-201x300.jpg 201w\" sizes=\"(max-width: 402px) 100vw, 402px\" \/><\/figure><\/li><li class=\"blocks-gallery-item\"><figure><img data-attachment-id=\"1488\" data-permalink=\"https:\/\/www.victorarandagarcia.es\/arquitectura-el-alcazar-de-segovia\/\" data-orig-file=\"https:\/\/www.victorarandagarcia.es\/wp-content\/uploads\/arquitectura-el-alcazar-de-segovia.jpg\" data-orig-size=\"720,481\" data-comments-opened=\"0\" data-image-meta=\"{&quot;aperture&quot;:&quot;8&quot;,&quot;credit&quot;:&quot;Victor Aranda Garcia&quot;,&quot;camera&quot;:&quot;Canon EOS 50D&quot;,&quot;caption&quot;:&quot;&quot;,&quot;created_timestamp&quot;:&quot;1319559080&quot;,&quot;copyright&quot;:&quot;&quot;,&quot;focal_length&quot;:&quot;29&quot;,&quot;iso&quot;:&quot;100&quot;,&quot;shutter_speed&quot;:&quot;0.004&quot;,&quot;title&quot;:&quot;&quot;,&quot;orientation&quot;:&quot;1&quot;}\" data-image-title=\"arquitectura-el-alcazar-de-segovia\" data-image-description=\"\" data-image-caption=\"\" data-medium-file=\"https:\/\/www.victorarandagarcia.es\/wp-content\/uploads\/arquitectura-el-alcazar-de-segovia-300x200.jpg\" data-large-file=\"https:\/\/www.victorarandagarcia.es\/wp-content\/uploads\/arquitectura-el-alcazar-de-segovia.jpg\" decoding=\"async\" loading=\"lazy\" width=\"720\" height=\"481\" src=\"http:\/\/www.victorarandagarcia.es\/wp-content\/uploads\/arquitectura-el-alcazar-de-segovia.jpg\" alt=\"\" data-id=\"1488\" data-link=\"http:\/\/www.victorarandagarcia.es\/arquitectura-el-alcazar-de-segovia\/\" class=\"wp-image-1488\" srcset=\"https:\/\/www.victorarandagarcia.es\/wp-content\/uploads\/arquitectura-el-alcazar-de-segovia.jpg 720w, https:\/\/www.victorarandagarcia.es\/wp-content\/uploads\/arquitectura-el-alcazar-de-segovia-300x200.jpg 300w\" sizes=\"(max-width: 720px) 100vw, 720px\" \/><\/figure><\/li><li class=\"blocks-gallery-item\"><figure><img data-attachment-id=\"1486\" data-permalink=\"https:\/\/www.victorarandagarcia.es\/arquitectura-london-architecture\/\" data-orig-file=\"https:\/\/www.victorarandagarcia.es\/wp-content\/uploads\/arquitectura-london-architecture.jpg\" data-orig-size=\"600,422\" data-comments-opened=\"0\" data-image-meta=\"{&quot;aperture&quot;:&quot;0&quot;,&quot;credit&quot;:&quot;Victor Aranda Garcia&quot;,&quot;camera&quot;:&quot;&quot;,&quot;caption&quot;:&quot;&quot;,&quot;created_timestamp&quot;:&quot;0&quot;,&quot;copyright&quot;:&quot;&quot;,&quot;focal_length&quot;:&quot;0&quot;,&quot;iso&quot;:&quot;0&quot;,&quot;shutter_speed&quot;:&quot;0&quot;,&quot;title&quot;:&quot;&quot;,&quot;orientation&quot;:&quot;1&quot;}\" data-image-title=\"arquitectura-london-architecture\" data-image-description=\"\" data-image-caption=\"\" data-medium-file=\"https:\/\/www.victorarandagarcia.es\/wp-content\/uploads\/arquitectura-london-architecture-300x211.jpg\" data-large-file=\"https:\/\/www.victorarandagarcia.es\/wp-content\/uploads\/arquitectura-london-architecture.jpg\" decoding=\"async\" loading=\"lazy\" width=\"600\" height=\"422\" src=\"http:\/\/www.victorarandagarcia.es\/wp-content\/uploads\/arquitectura-london-architecture.jpg\" alt=\"\" data-id=\"1486\" data-link=\"http:\/\/www.victorarandagarcia.es\/arquitectura-london-architecture\/\" class=\"wp-image-1486\" srcset=\"https:\/\/www.victorarandagarcia.es\/wp-content\/uploads\/arquitectura-london-architecture.jpg 600w, https:\/\/www.victorarandagarcia.es\/wp-content\/uploads\/arquitectura-london-architecture-300x211.jpg 300w\" sizes=\"(max-width: 600px) 100vw, 600px\" \/><\/figure><\/li><li class=\"blocks-gallery-item\"><figure><img data-attachment-id=\"1487\" data-permalink=\"https:\/\/www.victorarandagarcia.es\/arquitectura-iglesia-en-heidelberg\/\" data-orig-file=\"https:\/\/www.victorarandagarcia.es\/wp-content\/uploads\/arquitectura-iglesia-en-heidelberg.jpg\" data-orig-size=\"600,542\" data-comments-opened=\"0\" data-image-meta=\"{&quot;aperture&quot;:&quot;0&quot;,&quot;credit&quot;:&quot;Victor Aranda Garcia&quot;,&quot;camera&quot;:&quot;&quot;,&quot;caption&quot;:&quot;&quot;,&quot;created_timestamp&quot;:&quot;0&quot;,&quot;copyright&quot;:&quot;&quot;,&quot;focal_length&quot;:&quot;0&quot;,&quot;iso&quot;:&quot;0&quot;,&quot;shutter_speed&quot;:&quot;0&quot;,&quot;title&quot;:&quot;&quot;,&quot;orientation&quot;:&quot;1&quot;}\" data-image-title=\"arquitectura-iglesia-en-heidelberg\" data-image-description=\"\" data-image-caption=\"\" data-medium-file=\"https:\/\/www.victorarandagarcia.es\/wp-content\/uploads\/arquitectura-iglesia-en-heidelberg-300x271.jpg\" data-large-file=\"https:\/\/www.victorarandagarcia.es\/wp-content\/uploads\/arquitectura-iglesia-en-heidelberg.jpg\" decoding=\"async\" loading=\"lazy\" width=\"600\" height=\"542\" src=\"http:\/\/www.victorarandagarcia.es\/wp-content\/uploads\/arquitectura-iglesia-en-heidelberg.jpg\" alt=\"\" data-id=\"1487\" data-link=\"http:\/\/www.victorarandagarcia.es\/arquitectura-iglesia-en-heidelberg\/\" class=\"wp-image-1487\" srcset=\"https:\/\/www.victorarandagarcia.es\/wp-content\/uploads\/arquitectura-iglesia-en-heidelberg.jpg 600w, https:\/\/www.victorarandagarcia.es\/wp-content\/uploads\/arquitectura-iglesia-en-heidelberg-300x271.jpg 300w\" sizes=\"(max-width: 600px) 100vw, 600px\" \/><\/figure><\/li><li class=\"blocks-gallery-item\"><figure><img data-attachment-id=\"1485\" data-permalink=\"https:\/\/www.victorarandagarcia.es\/arquitectura-diferentes-estilos-zaragoza\/\" data-orig-file=\"https:\/\/www.victorarandagarcia.es\/wp-content\/uploads\/arquitectura-diferentes-estilos-zaragoza.jpg\" data-orig-size=\"408,600\" data-comments-opened=\"0\" data-image-meta=\"{&quot;aperture&quot;:&quot;0&quot;,&quot;credit&quot;:&quot;Victor Aranda Garcia&quot;,&quot;camera&quot;:&quot;&quot;,&quot;caption&quot;:&quot;&quot;,&quot;created_timestamp&quot;:&quot;0&quot;,&quot;copyright&quot;:&quot;&quot;,&quot;focal_length&quot;:&quot;0&quot;,&quot;iso&quot;:&quot;0&quot;,&quot;shutter_speed&quot;:&quot;0&quot;,&quot;title&quot;:&quot;&quot;,&quot;orientation&quot;:&quot;1&quot;}\" data-image-title=\"arquitectura-diferentes-estilos-zaragoza\" data-image-description=\"\" data-image-caption=\"\" data-medium-file=\"https:\/\/www.victorarandagarcia.es\/wp-content\/uploads\/arquitectura-diferentes-estilos-zaragoza-204x300.jpg\" data-large-file=\"https:\/\/www.victorarandagarcia.es\/wp-content\/uploads\/arquitectura-diferentes-estilos-zaragoza.jpg\" decoding=\"async\" loading=\"lazy\" width=\"408\" height=\"600\" src=\"http:\/\/www.victorarandagarcia.es\/wp-content\/uploads\/arquitectura-diferentes-estilos-zaragoza.jpg\" alt=\"\" data-id=\"1485\" data-link=\"http:\/\/www.victorarandagarcia.es\/arquitectura-diferentes-estilos-zaragoza\/\" class=\"wp-image-1485\" srcset=\"https:\/\/www.victorarandagarcia.es\/wp-content\/uploads\/arquitectura-diferentes-estilos-zaragoza.jpg 408w, https:\/\/www.victorarandagarcia.es\/wp-content\/uploads\/arquitectura-diferentes-estilos-zaragoza-204x300.jpg 204w\" sizes=\"(max-width: 408px) 100vw, 408px\" \/><\/figure><\/li><li class=\"blocks-gallery-item\"><figure><img data-attachment-id=\"1489\" data-permalink=\"https:\/\/www.victorarandagarcia.es\/arquitectura-valencia-2\/\" data-orig-file=\"https:\/\/www.victorarandagarcia.es\/wp-content\/uploads\/arquitectura-valencia-1.jpg\" data-orig-size=\"467,720\" data-comments-opened=\"0\" data-image-meta=\"{&quot;aperture&quot;:&quot;0&quot;,&quot;credit&quot;:&quot;&quot;,&quot;camera&quot;:&quot;&quot;,&quot;caption&quot;:&quot;&quot;,&quot;created_timestamp&quot;:&quot;0&quot;,&quot;copyright&quot;:&quot;&quot;,&quot;focal_length&quot;:&quot;0&quot;,&quot;iso&quot;:&quot;0&quot;,&quot;shutter_speed&quot;:&quot;0&quot;,&quot;title&quot;:&quot;&quot;,&quot;orientation&quot;:&quot;1&quot;}\" data-image-title=\"arquitectura-valencia\" data-image-description=\"\" data-image-caption=\"\" data-medium-file=\"https:\/\/www.victorarandagarcia.es\/wp-content\/uploads\/arquitectura-valencia-1-195x300.jpg\" data-large-file=\"https:\/\/www.victorarandagarcia.es\/wp-content\/uploads\/arquitectura-valencia-1.jpg\" decoding=\"async\" loading=\"lazy\" width=\"467\" height=\"720\" src=\"http:\/\/www.victorarandagarcia.es\/wp-content\/uploads\/arquitectura-valencia-1.jpg\" alt=\"\" data-id=\"1489\" data-link=\"http:\/\/www.victorarandagarcia.es\/arquitectura-valencia-2\/\" class=\"wp-image-1489\" srcset=\"https:\/\/www.victorarandagarcia.es\/wp-content\/uploads\/arquitectura-valencia-1.jpg 467w, https:\/\/www.victorarandagarcia.es\/wp-content\/uploads\/arquitectura-valencia-1-195x300.jpg 195w\" sizes=\"(max-width: 467px) 100vw, 467px\" \/><\/figure><\/li><li class=\"blocks-gallery-item\"><figure><img data-attachment-id=\"1483\" data-permalink=\"https:\/\/www.victorarandagarcia.es\/arquitectura-granero-en-alemania\/\" data-orig-file=\"https:\/\/www.victorarandagarcia.es\/wp-content\/uploads\/arquitectura-granero-en-alemania.jpg\" data-orig-size=\"402,600\" data-comments-opened=\"0\" data-image-meta=\"{&quot;aperture&quot;:&quot;0&quot;,&quot;credit&quot;:&quot;Victor Aranda Garcia&quot;,&quot;camera&quot;:&quot;&quot;,&quot;caption&quot;:&quot;&quot;,&quot;created_timestamp&quot;:&quot;0&quot;,&quot;copyright&quot;:&quot;&quot;,&quot;focal_length&quot;:&quot;0&quot;,&quot;iso&quot;:&quot;0&quot;,&quot;shutter_speed&quot;:&quot;0&quot;,&quot;title&quot;:&quot;&quot;,&quot;orientation&quot;:&quot;1&quot;}\" data-image-title=\"arquitectura-granero-en-alemania\" data-image-description=\"\" data-image-caption=\"\" data-medium-file=\"https:\/\/www.victorarandagarcia.es\/wp-content\/uploads\/arquitectura-granero-en-alemania-201x300.jpg\" data-large-file=\"https:\/\/www.victorarandagarcia.es\/wp-content\/uploads\/arquitectura-granero-en-alemania.jpg\" decoding=\"async\" loading=\"lazy\" width=\"402\" height=\"600\" src=\"http:\/\/www.victorarandagarcia.es\/wp-content\/uploads\/arquitectura-granero-en-alemania.jpg\" alt=\"\" data-id=\"1483\" data-link=\"http:\/\/www.victorarandagarcia.es\/arquitectura-granero-en-alemania\/\" class=\"wp-image-1483\" srcset=\"https:\/\/www.victorarandagarcia.es\/wp-content\/uploads\/arquitectura-granero-en-alemania.jpg 402w, https:\/\/www.victorarandagarcia.es\/wp-content\/uploads\/arquitectura-granero-en-alemania-201x300.jpg 201w\" sizes=\"(max-width: 402px) 100vw, 402px\" \/><\/figure><\/li><\/ul>\n","protected":false},"excerpt":{"rendered":"<p>Muestra de fotograf\u00ed\u00ada de arquitectura &hellip; <a href=\"https:\/\/www.victorarandagarcia.es\/index.php\/estudio\/reportaje\/arquitectura\/\" class=\"more-link\"><span>Continuar<span class=\"screen-reader-text\">Arquitectura<\/span><\/span><\/a><\/p>\n","protected":false},"author":1,"featured_media":1492,"comment_status":"closed","ping_status":"open","sticky":false,"template":"","format":"standard","meta":{"jetpack_post_was_ever_published":false,"_jetpack_newsletter_access":"","_jetpack_dont_email_post_to_subs":false,"_jetpack_newsletter_tier_id":0,"_jetpack_memberships_contains_paywalled_content":false,"footnotes":"","_jetpack_memberships_contains_paid_content":false},"categories":[53],"tags":[50],"yoast_head":"<!-- This site is optimized with the Yoast SEO plugin v22.6 - https:\/\/yoast.com\/wordpress\/plugins\/seo\/ -->\n<title>Arquitectura - arte y estudio<\/title>\n<meta name=\"robots\" content=\"index, follow, max-snippet:-1, max-image-preview:large, max-video-preview:-1\" \/>\n<link rel=\"canonical\" href=\"https:\/\/www.victorarandagarcia.es\/index.php\/estudio\/reportaje\/arquitectura\/\" \/>\n<meta property=\"og:locale\" content=\"es_ES\" \/>\n<meta property=\"og:type\" content=\"article\" \/>\n<meta property=\"og:title\" content=\"Arquitectura - arte y estudio\" \/>\n<meta property=\"og:description\" content=\"Muestra de fotograf\u00ed\u00ada de arquitectura &hellip; ContinuarArquitectura\" \/>\n<meta property=\"og:url\" content=\"https:\/\/www.victorarandagarcia.es\/index.php\/estudio\/reportaje\/arquitectura\/\" \/>\n<meta property=\"og:site_name\" content=\"arte y estudio\" \/>\n<meta property=\"article:published_time\" content=\"2019-04-13T19:23:02+00:00\" \/>\n<meta property=\"article:modified_time\" content=\"2019-04-15T22:58:21+00:00\" \/>\n<meta property=\"og:image\" content=\"https:\/\/www.victorarandagarcia.es\/wp-content\/uploads\/arquitectura-reportaje-0.jpg\" \/>\n\t<meta property=\"og:image:width\" content=\"392\" \/>\n\t<meta property=\"og:image:height\" content=\"393\" \/>\n\t<meta property=\"og:image:type\" content=\"image\/jpeg\" \/>\n<meta name=\"author\" content=\"victorarandagarcia\" \/>\n<meta name=\"twitter:card\" content=\"summary_large_image\" \/>\n<meta name=\"twitter:label1\" content=\"Escrito por\" \/>\n\t<meta name=\"twitter:data1\" content=\"victorarandagarcia\" \/>\n<script type=\"application\/ld+json\" class=\"yoast-schema-graph\">{\"@context\":\"https:\/\/schema.org\",\"@graph\":[{\"@type\":\"Article\",\"@id\":\"https:\/\/www.victorarandagarcia.es\/index.php\/estudio\/reportaje\/arquitectura\/#article\",\"isPartOf\":{\"@id\":\"https:\/\/www.victorarandagarcia.es\/index.php\/estudio\/reportaje\/arquitectura\/\"},\"author\":{\"name\":\"victorarandagarcia\",\"@id\":\"https:\/\/www.victorarandagarcia.es\/#\/schema\/person\/bfa9c61a3776d517deeee5f9386ef302\"},\"headline\":\"Arquitectura\",\"datePublished\":\"2019-04-13T19:23:02+00:00\",\"dateModified\":\"2019-04-15T22:58:21+00:00\",\"mainEntityOfPage\":{\"@id\":\"https:\/\/www.victorarandagarcia.es\/index.php\/estudio\/reportaje\/arquitectura\/\"},\"wordCount\":40,\"publisher\":{\"@id\":\"https:\/\/www.victorarandagarcia.es\/#organization\"},\"image\":{\"@id\":\"https:\/\/www.victorarandagarcia.es\/index.php\/estudio\/reportaje\/arquitectura\/#primaryimage\"},\"thumbnailUrl\":\"https:\/\/www.victorarandagarcia.es\/wp-content\/uploads\/arquitectura-reportaje-0.jpg\",\"keywords\":[\"arquitectura\"],\"articleSection\":[\"Reportaje\"],\"inLanguage\":\"es\"},{\"@type\":\"WebPage\",\"@id\":\"https:\/\/www.victorarandagarcia.es\/index.php\/estudio\/reportaje\/arquitectura\/\",\"url\":\"https:\/\/www.victorarandagarcia.es\/index.php\/estudio\/reportaje\/arquitectura\/\",\"name\":\"Arquitectura - arte y estudio\",\"isPartOf\":{\"@id\":\"https:\/\/www.victorarandagarcia.es\/#website\"},\"primaryImageOfPage\":{\"@id\":\"https:\/\/www.victorarandagarcia.es\/index.php\/estudio\/reportaje\/arquitectura\/#primaryimage\"},\"image\":{\"@id\":\"https:\/\/www.victorarandagarcia.es\/index.php\/estudio\/reportaje\/arquitectura\/#primaryimage\"},\"thumbnailUrl\":\"https:\/\/www.victorarandagarcia.es\/wp-content\/uploads\/arquitectura-reportaje-0.jpg\",\"datePublished\":\"2019-04-13T19:23:02+00:00\",\"dateModified\":\"2019-04-15T22:58:21+00:00\",\"breadcrumb\":{\"@id\":\"https:\/\/www.victorarandagarcia.es\/index.php\/estudio\/reportaje\/arquitectura\/#breadcrumb\"},\"inLanguage\":\"es\",\"potentialAction\":[{\"@type\":\"ReadAction\",\"target\":[\"https:\/\/www.victorarandagarcia.es\/index.php\/estudio\/reportaje\/arquitectura\/\"]}]},{\"@type\":\"ImageObject\",\"inLanguage\":\"es\",\"@id\":\"https:\/\/www.victorarandagarcia.es\/index.php\/estudio\/reportaje\/arquitectura\/#primaryimage\",\"url\":\"https:\/\/www.victorarandagarcia.es\/wp-content\/uploads\/arquitectura-reportaje-0.jpg\",\"contentUrl\":\"https:\/\/www.victorarandagarcia.es\/wp-content\/uploads\/arquitectura-reportaje-0.jpg\",\"width\":392,\"height\":393},{\"@type\":\"BreadcrumbList\",\"@id\":\"https:\/\/www.victorarandagarcia.es\/index.php\/estudio\/reportaje\/arquitectura\/#breadcrumb\",\"itemListElement\":[{\"@type\":\"ListItem\",\"position\":1,\"name\":\"Portada\",\"item\":\"https:\/\/www.victorarandagarcia.es\/\"},{\"@type\":\"ListItem\",\"position\":2,\"name\":\"Arquitectura\"}]},{\"@type\":\"WebSite\",\"@id\":\"https:\/\/www.victorarandagarcia.es\/#website\",\"url\":\"https:\/\/www.victorarandagarcia.es\/\",\"name\":\"arte y estudio\",\"description\":\"Fot\u00f3grafo\",\"publisher\":{\"@id\":\"https:\/\/www.victorarandagarcia.es\/#organization\"},\"potentialAction\":[{\"@type\":\"SearchAction\",\"target\":{\"@type\":\"EntryPoint\",\"urlTemplate\":\"https:\/\/www.victorarandagarcia.es\/?s={search_term_string}\"},\"query-input\":\"required name=search_term_string\"}],\"inLanguage\":\"es\"},{\"@type\":\"Organization\",\"@id\":\"https:\/\/www.victorarandagarcia.es\/#organization\",\"name\":\"arte y estudio\",\"url\":\"https:\/\/www.victorarandagarcia.es\/\",\"logo\":{\"@type\":\"ImageObject\",\"inLanguage\":\"es\",\"@id\":\"https:\/\/www.victorarandagarcia.es\/#\/schema\/logo\/image\/\",\"url\":\"https:\/\/www.victorarandagarcia.es\/wp-content\/uploads\/2019\/03\/logo-fotografo.png\",\"contentUrl\":\"https:\/\/www.victorarandagarcia.es\/wp-content\/uploads\/2019\/03\/logo-fotografo.png\",\"width\":150,\"height\":150,\"caption\":\"arte y estudio\"},\"image\":{\"@id\":\"https:\/\/www.victorarandagarcia.es\/#\/schema\/logo\/image\/\"}},{\"@type\":\"Person\",\"@id\":\"https:\/\/www.victorarandagarcia.es\/#\/schema\/person\/bfa9c61a3776d517deeee5f9386ef302\",\"name\":\"victorarandagarcia\",\"image\":{\"@type\":\"ImageObject\",\"inLanguage\":\"es\",\"@id\":\"https:\/\/www.victorarandagarcia.es\/#\/schema\/person\/image\/\",\"url\":\"https:\/\/secure.gravatar.com\/avatar\/957a01ac23a6393e755ae8225c35dbdb?s=96&d=mm&r=g\",\"contentUrl\":\"https:\/\/secure.gravatar.com\/avatar\/957a01ac23a6393e755ae8225c35dbdb?s=96&d=mm&r=g\",\"caption\":\"victorarandagarcia\"}}]}<\/script>\n<!-- \/ Yoast SEO plugin. -->","yoast_head_json":{"title":"Arquitectura - arte y estudio","robots":{"index":"index","follow":"follow","max-snippet":"max-snippet:-1","max-image-preview":"max-image-preview:large","max-video-preview":"max-video-preview:-1"},"canonical":"https:\/\/www.victorarandagarcia.es\/index.php\/estudio\/reportaje\/arquitectura\/","og_locale":"es_ES","og_type":"article","og_title":"Arquitectura - arte y estudio","og_description":"Muestra de fotograf\u00ed\u00ada de arquitectura &hellip; ContinuarArquitectura","og_url":"https:\/\/www.victorarandagarcia.es\/index.php\/estudio\/reportaje\/arquitectura\/","og_site_name":"arte y estudio","article_published_time":"2019-04-13T19:23:02+00:00","article_modified_time":"2019-04-15T22:58:21+00:00","og_image":[{"width":392,"height":393,"url":"https:\/\/www.victorarandagarcia.es\/wp-content\/uploads\/arquitectura-reportaje-0.jpg","type":"image\/jpeg"}],"author":"victorarandagarcia","twitter_card":"summary_large_image","twitter_misc":{"Escrito por":"victorarandagarcia"},"schema":{"@context":"https:\/\/schema.org","@graph":[{"@type":"Article","@id":"https:\/\/www.victorarandagarcia.es\/index.php\/estudio\/reportaje\/arquitectura\/#article","isPartOf":{"@id":"https:\/\/www.victorarandagarcia.es\/index.php\/estudio\/reportaje\/arquitectura\/"},"author":{"name":"victorarandagarcia","@id":"https:\/\/www.victorarandagarcia.es\/#\/schema\/person\/bfa9c61a3776d517deeee5f9386ef302"},"headline":"Arquitectura","datePublished":"2019-04-13T19:23:02+00:00","dateModified":"2019-04-15T22:58:21+00:00","mainEntityOfPage":{"@id":"https:\/\/www.victorarandagarcia.es\/index.php\/estudio\/reportaje\/arquitectura\/"},"wordCount":40,"publisher":{"@id":"https:\/\/www.victorarandagarcia.es\/#organization"},"image":{"@id":"https:\/\/www.victorarandagarcia.es\/index.php\/estudio\/reportaje\/arquitectura\/#primaryimage"},"thumbnailUrl":"https:\/\/www.victorarandagarcia.es\/wp-content\/uploads\/arquitectura-reportaje-0.jpg","keywords":["arquitectura"],"articleSection":["Reportaje"],"inLanguage":"es"},{"@type":"WebPage","@id":"https:\/\/www.victorarandagarcia.es\/index.php\/estudio\/reportaje\/arquitectura\/","url":"https:\/\/www.victorarandagarcia.es\/index.php\/estudio\/reportaje\/arquitectura\/","name":"Arquitectura - arte y estudio","isPartOf":{"@id":"https:\/\/www.victorarandagarcia.es\/#website"},"primaryImageOfPage":{"@id":"https:\/\/www.victorarandagarcia.es\/index.php\/estudio\/reportaje\/arquitectura\/#primaryimage"},"image":{"@id":"https:\/\/www.victorarandagarcia.es\/index.php\/estudio\/reportaje\/arquitectura\/#primaryimage"},"thumbnailUrl":"https:\/\/www.victorarandagarcia.es\/wp-content\/uploads\/arquitectura-reportaje-0.jpg","datePublished":"2019-04-13T19:23:02+00:00","dateModified":"2019-04-15T22:58:21+00:00","breadcrumb":{"@id":"https:\/\/www.victorarandagarcia.es\/index.php\/estudio\/reportaje\/arquitectura\/#breadcrumb"},"inLanguage":"es","potentialAction":[{"@type":"ReadAction","target":["https:\/\/www.victorarandagarcia.es\/index.php\/estudio\/reportaje\/arquitectura\/"]}]},{"@type":"ImageObject","inLanguage":"es","@id":"https:\/\/www.victorarandagarcia.es\/index.php\/estudio\/reportaje\/arquitectura\/#primaryimage","url":"https:\/\/www.victorarandagarcia.es\/wp-content\/uploads\/arquitectura-reportaje-0.jpg","contentUrl":"https:\/\/www.victorarandagarcia.es\/wp-content\/uploads\/arquitectura-reportaje-0.jpg","width":392,"height":393},{"@type":"BreadcrumbList","@id":"https:\/\/www.victorarandagarcia.es\/index.php\/estudio\/reportaje\/arquitectura\/#breadcrumb","itemListElement":[{"@type":"ListItem","position":1,"name":"Portada","item":"https:\/\/www.victorarandagarcia.es\/"},{"@type":"ListItem","position":2,"name":"Arquitectura"}]},{"@type":"WebSite","@id":"https:\/\/www.victorarandagarcia.es\/#website","url":"https:\/\/www.victorarandagarcia.es\/","name":"arte y estudio","description":"Fot\u00f3grafo","publisher":{"@id":"https:\/\/www.victorarandagarcia.es\/#organization"},"potentialAction":[{"@type":"SearchAction","target":{"@type":"EntryPoint","urlTemplate":"https:\/\/www.victorarandagarcia.es\/?s={search_term_string}"},"query-input":"required name=search_term_string"}],"inLanguage":"es"},{"@type":"Organization","@id":"https:\/\/www.victorarandagarcia.es\/#organization","name":"arte y estudio","url":"https:\/\/www.victorarandagarcia.es\/","logo":{"@type":"ImageObject","inLanguage":"es","@id":"https:\/\/www.victorarandagarcia.es\/#\/schema\/logo\/image\/","url":"https:\/\/www.victorarandagarcia.es\/wp-content\/uploads\/2019\/03\/logo-fotografo.png","contentUrl":"https:\/\/www.victorarandagarcia.es\/wp-content\/uploads\/2019\/03\/logo-fotografo.png","width":150,"height":150,"caption":"arte y estudio"},"image":{"@id":"https:\/\/www.victorarandagarcia.es\/#\/schema\/logo\/image\/"}},{"@type":"Person","@id":"https:\/\/www.victorarandagarcia.es\/#\/schema\/person\/bfa9c61a3776d517deeee5f9386ef302","name":"victorarandagarcia","image":{"@type":"ImageObject","inLanguage":"es","@id":"https:\/\/www.victorarandagarcia.es\/#\/schema\/person\/image\/","url":"https:\/\/secure.gravatar.com\/avatar\/957a01ac23a6393e755ae8225c35dbdb?s=96&d=mm&r=g","contentUrl":"https:\/\/secure.gravatar.com\/avatar\/957a01ac23a6393e755ae8225c35dbdb?s=96&d=mm&r=g","caption":"victorarandagarcia"}}]}},"jetpack_featured_media_url":"https:\/\/www.victorarandagarcia.es\/wp-content\/uploads\/arquitectura-reportaje-0.jpg","jetpack_sharing_enabled":true,"_links":{"self":[{"href":"https:\/\/www.victorarandagarcia.es\/index.php\/wp-json\/wp\/v2\/posts\/1493"}],"collection":[{"href":"https:\/\/www.victorarandagarcia.es\/index.php\/wp-json\/wp\/v2\/posts"}],"about":[{"href":"https:\/\/www.victorarandagarcia.es\/index.php\/wp-json\/wp\/v2\/types\/post"}],"author":[{"embeddable":true,"href":"https:\/\/www.victorarandagarcia.es\/index.php\/wp-json\/wp\/v2\/users\/1"}],"replies":[{"embeddable":true,"href":"https:\/\/www.victorarandagarcia.es\/index.php\/wp-json\/wp\/v2\/comments?post=1493"}],"version-history":[{"count":2,"href":"https:\/\/www.victorarandagarcia.es\/index.php\/wp-json\/wp\/v2\/posts\/1493\/revisions"}],"predecessor-version":[{"id":1495,"href":"https:\/\/www.victorarandagarcia.es\/index.php\/wp-json\/wp\/v2\/posts\/1493\/revisions\/1495"}],"wp:featuredmedia":[{"embeddable":true,"href":"https:\/\/www.victorarandagarcia.es\/index.php\/wp-json\/wp\/v2\/media\/1492"}],"wp:attachment":[{"href":"https:\/\/www.victorarandagarcia.es\/index.php\/wp-json\/wp\/v2\/media?parent=1493"}],"wp:term":[{"taxonomy":"category","embeddable":true,"href":"https:\/\/www.victorarandagarcia.es\/index.php\/wp-json\/wp\/v2\/categories?post=1493"},{"taxonomy":"post_tag","embeddable":true,"href":"https:\/\/www.victorarandagarcia.es\/index.php\/wp-json\/wp\/v2\/tags?post=1493"}],"curies":[{"name":"wp","href":"https:\/\/api.w.org\/{rel}","templated":true}]}}