{"id":1476,"date":"2019-04-13T20:38:55","date_gmt":"2019-04-13T18:38:55","guid":{"rendered":"http:\/\/www.victorarandagarcia.es\/?p=1476"},"modified":"2019-04-16T00:58:52","modified_gmt":"2019-04-15T22:58:52","slug":"arquitectura-contemporanea","status":"publish","type":"post","link":"https:\/\/www.victorarandagarcia.es\/index.php\/estudio\/reportaje\/arquitectura-contemporanea\/","title":{"rendered":"Arquitectura contempor\u00e1nea"},"content":{"rendered":"\n<p>La fotograf\u00ed\u00ada de arquitectura es tan antigua como el propio arte de la fotograf\u00ed\u00ada. De hecho el tema de la primera foto reconocida como tal fue la vista de una calle a trav\u00e9s de una ventana tomada de manera rudimentaria con una mezcla asf\u00e1ltica alrededor del a\u00f1o 1830. Adem\u00e1s, al principio el retrato de edificios y otros objetos inm\u00f3viles era m\u00e1s sencillo que el de personas dado que la captura de las im\u00e1genes fotogr\u00e1ficas necesitaba de un tiempo infinitamente m\u00e1s largo que ahora, lo cual obligaba al retratado a mantener la pose el tiempo necesario para no salir movido en la foto (de ah\u00ed\u00ad viene el dicho: &#8216;el que se mueve no sale en la foto&#8217;. Esa posibilidad de salir movido no era desde luego un problema para la toma de fotograf\u00ed\u00adas de calles, monumentos y edificios, bastando la ayuda de un tr\u00ed\u00adpode para solventar el problema del tiempo de la captura.<\/p>\n\n\n\n<ul class=\"wp-block-gallery columns-3 is-cropped wp-block-gallery-1 is-layout-flex wp-block-gallery-is-layout-flex\"><li class=\"blocks-gallery-item\"><figure><img data-attachment-id=\"1470\" data-permalink=\"https:\/\/www.victorarandagarcia.es\/fotografia-de-arquitectura-en-valencia\/\" data-orig-file=\"https:\/\/www.victorarandagarcia.es\/wp-content\/uploads\/fotografia-de-arquitectura-en-valencia.jpg\" data-orig-size=\"461,690\" data-comments-opened=\"0\" data-image-meta=\"{&quot;aperture&quot;:&quot;8&quot;,&quot;credit&quot;:&quot;Victor Aranda Garcia&quot;,&quot;camera&quot;:&quot;Canon EOS 50D&quot;,&quot;caption&quot;:&quot;&quot;,&quot;created_timestamp&quot;:&quot;1295706878&quot;,&quot;copyright&quot;:&quot;&quot;,&quot;focal_length&quot;:&quot;17&quot;,&quot;iso&quot;:&quot;200&quot;,&quot;shutter_speed&quot;:&quot;0.004&quot;,&quot;title&quot;:&quot;&quot;,&quot;orientation&quot;:&quot;1&quot;}\" data-image-title=\"fotografia-de-arquitectura-en-valencia\" data-image-description=\"\" data-image-caption=\"\" data-medium-file=\"https:\/\/www.victorarandagarcia.es\/wp-content\/uploads\/fotografia-de-arquitectura-en-valencia-200x300.jpg\" data-large-file=\"https:\/\/www.victorarandagarcia.es\/wp-content\/uploads\/fotografia-de-arquitectura-en-valencia.jpg\" decoding=\"async\" loading=\"lazy\" width=\"461\" height=\"690\" src=\"http:\/\/www.victorarandagarcia.es\/wp-content\/uploads\/fotografia-de-arquitectura-en-valencia.jpg\" alt=\"\" data-id=\"1470\" data-link=\"http:\/\/www.victorarandagarcia.es\/fotografia-de-arquitectura-en-valencia\/\" class=\"wp-image-1470\" srcset=\"https:\/\/www.victorarandagarcia.es\/wp-content\/uploads\/fotografia-de-arquitectura-en-valencia.jpg 461w, https:\/\/www.victorarandagarcia.es\/wp-content\/uploads\/fotografia-de-arquitectura-en-valencia-200x300.jpg 200w\" sizes=\"(max-width: 461px) 100vw, 461px\" \/><\/figure><\/li><li class=\"blocks-gallery-item\"><figure><img data-attachment-id=\"1474\" data-permalink=\"https:\/\/www.victorarandagarcia.es\/sombras-de-arquitectura-en-alemania\/\" data-orig-file=\"https:\/\/www.victorarandagarcia.es\/wp-content\/uploads\/sombras-de-arquitectura-en-alemania.jpg\" data-orig-size=\"402,600\" data-comments-opened=\"0\" data-image-meta=\"{&quot;aperture&quot;:&quot;0&quot;,&quot;credit&quot;:&quot;Victor Aranda Garcia&quot;,&quot;camera&quot;:&quot;&quot;,&quot;caption&quot;:&quot;&quot;,&quot;created_timestamp&quot;:&quot;0&quot;,&quot;copyright&quot;:&quot;&quot;,&quot;focal_length&quot;:&quot;0&quot;,&quot;iso&quot;:&quot;0&quot;,&quot;shutter_speed&quot;:&quot;0&quot;,&quot;title&quot;:&quot;&quot;,&quot;orientation&quot;:&quot;1&quot;}\" data-image-title=\"sombras-de-arquitectura-en-alemania\" data-image-description=\"\" data-image-caption=\"\" data-medium-file=\"https:\/\/www.victorarandagarcia.es\/wp-content\/uploads\/sombras-de-arquitectura-en-alemania-201x300.jpg\" data-large-file=\"https:\/\/www.victorarandagarcia.es\/wp-content\/uploads\/sombras-de-arquitectura-en-alemania.jpg\" decoding=\"async\" loading=\"lazy\" width=\"402\" height=\"600\" src=\"http:\/\/www.victorarandagarcia.es\/wp-content\/uploads\/sombras-de-arquitectura-en-alemania.jpg\" alt=\"\" data-id=\"1474\" data-link=\"http:\/\/www.victorarandagarcia.es\/sombras-de-arquitectura-en-alemania\/\" class=\"wp-image-1474\" srcset=\"https:\/\/www.victorarandagarcia.es\/wp-content\/uploads\/sombras-de-arquitectura-en-alemania.jpg 402w, https:\/\/www.victorarandagarcia.es\/wp-content\/uploads\/sombras-de-arquitectura-en-alemania-201x300.jpg 201w\" sizes=\"(max-width: 402px) 100vw, 402px\" \/><\/figure><\/li><li class=\"blocks-gallery-item\"><figure><img data-attachment-id=\"1463\" data-permalink=\"https:\/\/www.victorarandagarcia.es\/fotos-de-arquitectura-en-valencia\/\" data-orig-file=\"https:\/\/www.victorarandagarcia.es\/wp-content\/uploads\/fotos-de-arquitectura-en-valencia.jpg\" data-orig-size=\"403,600\" data-comments-opened=\"0\" data-image-meta=\"{&quot;aperture&quot;:&quot;9&quot;,&quot;credit&quot;:&quot;Victor Aranda Garcia&quot;,&quot;camera&quot;:&quot;Canon EOS 50D&quot;,&quot;caption&quot;:&quot;&quot;,&quot;created_timestamp&quot;:&quot;1255158759&quot;,&quot;copyright&quot;:&quot;&quot;,&quot;focal_length&quot;:&quot;19&quot;,&quot;iso&quot;:&quot;400&quot;,&quot;shutter_speed&quot;:&quot;0.008&quot;,&quot;title&quot;:&quot;&quot;,&quot;orientation&quot;:&quot;1&quot;}\" data-image-title=\"fotos-de-arquitectura-en-valencia\" data-image-description=\"\" data-image-caption=\"\" data-medium-file=\"https:\/\/www.victorarandagarcia.es\/wp-content\/uploads\/fotos-de-arquitectura-en-valencia-202x300.jpg\" data-large-file=\"https:\/\/www.victorarandagarcia.es\/wp-content\/uploads\/fotos-de-arquitectura-en-valencia.jpg\" decoding=\"async\" loading=\"lazy\" width=\"403\" height=\"600\" src=\"http:\/\/www.victorarandagarcia.es\/wp-content\/uploads\/fotos-de-arquitectura-en-valencia.jpg\" alt=\"\" data-id=\"1463\" data-link=\"http:\/\/www.victorarandagarcia.es\/fotos-de-arquitectura-en-valencia\/\" class=\"wp-image-1463\" srcset=\"https:\/\/www.victorarandagarcia.es\/wp-content\/uploads\/fotos-de-arquitectura-en-valencia.jpg 403w, https:\/\/www.victorarandagarcia.es\/wp-content\/uploads\/fotos-de-arquitectura-en-valencia-202x300.jpg 202w\" sizes=\"(max-width: 403px) 100vw, 403px\" \/><\/figure><\/li><\/ul>\n\n\n\n<p>Tomadas en ciudades como Frankfurt, Londres o Valencia, estas fotograf\u00ed\u00adas son una muestra de diversos reportajes de arquitectura contempor\u00e1nea realizados en blanco y negro a lo largo del tiempo. Pide tu presupuesto sin compromiso si necesitas un trabajo de fotograf\u00ed\u00ada arquitect\u00f3nica<\/p>\n\n\n\n<ul class=\"wp-block-gallery columns-3 is-cropped wp-block-gallery-3 is-layout-flex wp-block-gallery-is-layout-flex\"><li class=\"blocks-gallery-item\"><figure><img data-attachment-id=\"1475\" data-permalink=\"https:\/\/www.victorarandagarcia.es\/arquitectura-tate-gallery-con-tirantes-y-palomas\/\" data-orig-file=\"https:\/\/www.victorarandagarcia.es\/wp-content\/uploads\/arquitectura-tate-gallery-con-tirantes-y-palomas.jpg\" data-orig-size=\"443,700\" data-comments-opened=\"0\" data-image-meta=\"{&quot;aperture&quot;:&quot;8&quot;,&quot;credit&quot;:&quot;&quot;,&quot;camera&quot;:&quot;Canon EOS 50D&quot;,&quot;caption&quot;:&quot;&quot;,&quot;created_timestamp&quot;:&quot;1256744302&quot;,&quot;copyright&quot;:&quot;&quot;,&quot;focal_length&quot;:&quot;34&quot;,&quot;iso&quot;:&quot;200&quot;,&quot;shutter_speed&quot;:&quot;0.016666666666667&quot;,&quot;title&quot;:&quot;&quot;,&quot;orientation&quot;:&quot;1&quot;}\" data-image-title=\"arquitectura-tate-gallery-con-tirantes-y-palomas\" data-image-description=\"\" data-image-caption=\"\" data-medium-file=\"https:\/\/www.victorarandagarcia.es\/wp-content\/uploads\/arquitectura-tate-gallery-con-tirantes-y-palomas-190x300.jpg\" data-large-file=\"https:\/\/www.victorarandagarcia.es\/wp-content\/uploads\/arquitectura-tate-gallery-con-tirantes-y-palomas.jpg\" decoding=\"async\" loading=\"lazy\" width=\"443\" height=\"700\" src=\"http:\/\/www.victorarandagarcia.es\/wp-content\/uploads\/arquitectura-tate-gallery-con-tirantes-y-palomas.jpg\" alt=\"\" data-id=\"1475\" data-link=\"http:\/\/www.victorarandagarcia.es\/arquitectura-tate-gallery-con-tirantes-y-palomas\/\" class=\"wp-image-1475\" srcset=\"https:\/\/www.victorarandagarcia.es\/wp-content\/uploads\/arquitectura-tate-gallery-con-tirantes-y-palomas.jpg 443w, https:\/\/www.victorarandagarcia.es\/wp-content\/uploads\/arquitectura-tate-gallery-con-tirantes-y-palomas-190x300.jpg 190w\" sizes=\"(max-width: 443px) 100vw, 443px\" \/><\/figure><\/li><li class=\"blocks-gallery-item\"><figure><img data-attachment-id=\"1472\" data-permalink=\"https:\/\/www.victorarandagarcia.es\/arquitectura-en-cartagena-i\/\" data-orig-file=\"https:\/\/www.victorarandagarcia.es\/wp-content\/uploads\/arquitectura-en-cartagena-i.jpg\" data-orig-size=\"497,720\" data-comments-opened=\"0\" data-image-meta=\"{&quot;aperture&quot;:&quot;0&quot;,&quot;credit&quot;:&quot;&quot;,&quot;camera&quot;:&quot;&quot;,&quot;caption&quot;:&quot;&quot;,&quot;created_timestamp&quot;:&quot;0&quot;,&quot;copyright&quot;:&quot;&quot;,&quot;focal_length&quot;:&quot;0&quot;,&quot;iso&quot;:&quot;0&quot;,&quot;shutter_speed&quot;:&quot;0&quot;,&quot;title&quot;:&quot;&quot;,&quot;orientation&quot;:&quot;1&quot;}\" data-image-title=\"arquitectura-en-cartagena-i\" data-image-description=\"\" data-image-caption=\"\" data-medium-file=\"https:\/\/www.victorarandagarcia.es\/wp-content\/uploads\/arquitectura-en-cartagena-i-207x300.jpg\" data-large-file=\"https:\/\/www.victorarandagarcia.es\/wp-content\/uploads\/arquitectura-en-cartagena-i.jpg\" decoding=\"async\" loading=\"lazy\" width=\"497\" height=\"720\" src=\"http:\/\/www.victorarandagarcia.es\/wp-content\/uploads\/arquitectura-en-cartagena-i.jpg\" alt=\"\" data-id=\"1472\" data-link=\"http:\/\/www.victorarandagarcia.es\/arquitectura-en-cartagena-i\/\" class=\"wp-image-1472\" srcset=\"https:\/\/www.victorarandagarcia.es\/wp-content\/uploads\/arquitectura-en-cartagena-i.jpg 497w, https:\/\/www.victorarandagarcia.es\/wp-content\/uploads\/arquitectura-en-cartagena-i-207x300.jpg 207w\" sizes=\"(max-width: 497px) 100vw, 497px\" \/><\/figure><\/li><li class=\"blocks-gallery-item\"><figure><img data-attachment-id=\"1473\" data-permalink=\"https:\/\/www.victorarandagarcia.es\/arquitectura-en-cartagena-ii\/\" data-orig-file=\"https:\/\/www.victorarandagarcia.es\/wp-content\/uploads\/arquitectura-en-cartagena-ii.jpg\" data-orig-size=\"504,720\" data-comments-opened=\"0\" data-image-meta=\"{&quot;aperture&quot;:&quot;0&quot;,&quot;credit&quot;:&quot;&quot;,&quot;camera&quot;:&quot;&quot;,&quot;caption&quot;:&quot;&quot;,&quot;created_timestamp&quot;:&quot;0&quot;,&quot;copyright&quot;:&quot;&quot;,&quot;focal_length&quot;:&quot;0&quot;,&quot;iso&quot;:&quot;0&quot;,&quot;shutter_speed&quot;:&quot;0&quot;,&quot;title&quot;:&quot;&quot;,&quot;orientation&quot;:&quot;1&quot;}\" data-image-title=\"arquitectura-en-cartagena-ii\" data-image-description=\"\" data-image-caption=\"\" data-medium-file=\"https:\/\/www.victorarandagarcia.es\/wp-content\/uploads\/arquitectura-en-cartagena-ii-210x300.jpg\" data-large-file=\"https:\/\/www.victorarandagarcia.es\/wp-content\/uploads\/arquitectura-en-cartagena-ii.jpg\" decoding=\"async\" loading=\"lazy\" width=\"504\" height=\"720\" src=\"http:\/\/www.victorarandagarcia.es\/wp-content\/uploads\/arquitectura-en-cartagena-ii.jpg\" alt=\"\" data-id=\"1473\" data-link=\"http:\/\/www.victorarandagarcia.es\/arquitectura-en-cartagena-ii\/\" class=\"wp-image-1473\" srcset=\"https:\/\/www.victorarandagarcia.es\/wp-content\/uploads\/arquitectura-en-cartagena-ii.jpg 504w, https:\/\/www.victorarandagarcia.es\/wp-content\/uploads\/arquitectura-en-cartagena-ii-210x300.jpg 210w\" sizes=\"(max-width: 504px) 100vw, 504px\" \/><\/figure><\/li><li class=\"blocks-gallery-item\"><figure><img data-attachment-id=\"1466\" data-permalink=\"https:\/\/www.victorarandagarcia.es\/arquitectura-reportaje-de-la-ciudad-de-las-artes-y-las-ciencias-de-valencia\/\" data-orig-file=\"https:\/\/www.victorarandagarcia.es\/wp-content\/uploads\/arquitectura-reportaje-de-la-ciudad-de-las-artes-y-las-ciencias-de-valencia.jpg\" data-orig-size=\"840,561\" data-comments-opened=\"0\" data-image-meta=\"{&quot;aperture&quot;:&quot;8&quot;,&quot;credit&quot;:&quot;&quot;,&quot;camera&quot;:&quot;Canon EOS 400D DIGITAL&quot;,&quot;caption&quot;:&quot;&quot;,&quot;created_timestamp&quot;:&quot;1197131253&quot;,&quot;copyright&quot;:&quot;&quot;,&quot;focal_length&quot;:&quot;22&quot;,&quot;iso&quot;:&quot;200&quot;,&quot;shutter_speed&quot;:&quot;0.02&quot;,&quot;title&quot;:&quot;&quot;,&quot;orientation&quot;:&quot;1&quot;}\" data-image-title=\"arquitectura-reportaje-de-la-ciudad-de-las-artes-y-las-ciencias-de-valencia\" data-image-description=\"\" data-image-caption=\"\" data-medium-file=\"https:\/\/www.victorarandagarcia.es\/wp-content\/uploads\/arquitectura-reportaje-de-la-ciudad-de-las-artes-y-las-ciencias-de-valencia-300x200.jpg\" data-large-file=\"https:\/\/www.victorarandagarcia.es\/wp-content\/uploads\/arquitectura-reportaje-de-la-ciudad-de-las-artes-y-las-ciencias-de-valencia.jpg\" decoding=\"async\" loading=\"lazy\" width=\"840\" height=\"561\" src=\"http:\/\/www.victorarandagarcia.es\/wp-content\/uploads\/arquitectura-reportaje-de-la-ciudad-de-las-artes-y-las-ciencias-de-valencia.jpg\" alt=\"\" data-id=\"1466\" data-link=\"http:\/\/www.victorarandagarcia.es\/arquitectura-reportaje-de-la-ciudad-de-las-artes-y-las-ciencias-de-valencia\/\" class=\"wp-image-1466\" srcset=\"https:\/\/www.victorarandagarcia.es\/wp-content\/uploads\/arquitectura-reportaje-de-la-ciudad-de-las-artes-y-las-ciencias-de-valencia.jpg 840w, https:\/\/www.victorarandagarcia.es\/wp-content\/uploads\/arquitectura-reportaje-de-la-ciudad-de-las-artes-y-las-ciencias-de-valencia-300x200.jpg 300w, https:\/\/www.victorarandagarcia.es\/wp-content\/uploads\/arquitectura-reportaje-de-la-ciudad-de-las-artes-y-las-ciencias-de-valencia-768x513.jpg 768w\" sizes=\"(max-width: 840px) 100vw, 840px\" \/><\/figure><\/li><li class=\"blocks-gallery-item\"><figure><img data-attachment-id=\"1467\" data-permalink=\"https:\/\/www.victorarandagarcia.es\/arquitectura-agora-valencia-y-puente-colgado\/\" data-orig-file=\"https:\/\/www.victorarandagarcia.es\/wp-content\/uploads\/arquitectura-agora-valencia-y-puente-colgado.jpg\" data-orig-size=\"690,461\" data-comments-opened=\"0\" data-image-meta=\"{&quot;aperture&quot;:&quot;0&quot;,&quot;credit&quot;:&quot;&quot;,&quot;camera&quot;:&quot;&quot;,&quot;caption&quot;:&quot;&quot;,&quot;created_timestamp&quot;:&quot;0&quot;,&quot;copyright&quot;:&quot;&quot;,&quot;focal_length&quot;:&quot;0&quot;,&quot;iso&quot;:&quot;0&quot;,&quot;shutter_speed&quot;:&quot;0&quot;,&quot;title&quot;:&quot;&quot;,&quot;orientation&quot;:&quot;1&quot;}\" data-image-title=\"arquitectura-agora-valencia-y-puente-colgado\" data-image-description=\"\" data-image-caption=\"\" data-medium-file=\"https:\/\/www.victorarandagarcia.es\/wp-content\/uploads\/arquitectura-agora-valencia-y-puente-colgado-300x200.jpg\" data-large-file=\"https:\/\/www.victorarandagarcia.es\/wp-content\/uploads\/arquitectura-agora-valencia-y-puente-colgado.jpg\" decoding=\"async\" loading=\"lazy\" width=\"690\" height=\"461\" src=\"http:\/\/www.victorarandagarcia.es\/wp-content\/uploads\/arquitectura-agora-valencia-y-puente-colgado.jpg\" alt=\"\" data-id=\"1467\" data-link=\"http:\/\/www.victorarandagarcia.es\/arquitectura-agora-valencia-y-puente-colgado\/\" class=\"wp-image-1467\" srcset=\"https:\/\/www.victorarandagarcia.es\/wp-content\/uploads\/arquitectura-agora-valencia-y-puente-colgado.jpg 690w, https:\/\/www.victorarandagarcia.es\/wp-content\/uploads\/arquitectura-agora-valencia-y-puente-colgado-300x200.jpg 300w\" sizes=\"(max-width: 690px) 100vw, 690px\" \/><\/figure><\/li><li class=\"blocks-gallery-item\"><figure><img data-attachment-id=\"1460\" data-permalink=\"https:\/\/www.victorarandagarcia.es\/arquitectura-palau-de-les-arts-valencia\/\" data-orig-file=\"https:\/\/www.victorarandagarcia.es\/wp-content\/uploads\/arquitectura-palau-de-les-arts-valencia.jpg\" data-orig-size=\"482,720\" data-comments-opened=\"0\" data-image-meta=\"{&quot;aperture&quot;:&quot;0&quot;,&quot;credit&quot;:&quot;&quot;,&quot;camera&quot;:&quot;&quot;,&quot;caption&quot;:&quot;&quot;,&quot;created_timestamp&quot;:&quot;0&quot;,&quot;copyright&quot;:&quot;&quot;,&quot;focal_length&quot;:&quot;0&quot;,&quot;iso&quot;:&quot;0&quot;,&quot;shutter_speed&quot;:&quot;0&quot;,&quot;title&quot;:&quot;&quot;,&quot;orientation&quot;:&quot;1&quot;}\" data-image-title=\"arquitectura-palau-de-les-arts-valencia\" data-image-description=\"\" data-image-caption=\"\" data-medium-file=\"https:\/\/www.victorarandagarcia.es\/wp-content\/uploads\/arquitectura-palau-de-les-arts-valencia-201x300.jpg\" data-large-file=\"https:\/\/www.victorarandagarcia.es\/wp-content\/uploads\/arquitectura-palau-de-les-arts-valencia.jpg\" decoding=\"async\" loading=\"lazy\" width=\"482\" height=\"720\" src=\"http:\/\/www.victorarandagarcia.es\/wp-content\/uploads\/arquitectura-palau-de-les-arts-valencia.jpg\" alt=\"\" data-id=\"1460\" data-link=\"http:\/\/www.victorarandagarcia.es\/arquitectura-palau-de-les-arts-valencia\/\" class=\"wp-image-1460\" srcset=\"https:\/\/www.victorarandagarcia.es\/wp-content\/uploads\/arquitectura-palau-de-les-arts-valencia.jpg 482w, https:\/\/www.victorarandagarcia.es\/wp-content\/uploads\/arquitectura-palau-de-les-arts-valencia-201x300.jpg 201w\" sizes=\"(max-width: 482px) 100vw, 482px\" \/><\/figure><\/li><li class=\"blocks-gallery-item\"><figure><img data-attachment-id=\"1465\" data-permalink=\"https:\/\/www.victorarandagarcia.es\/arquitectura-puente-exposicion-valencia\/\" data-orig-file=\"https:\/\/www.victorarandagarcia.es\/wp-content\/uploads\/arquitectura-puente-exposicion-valencia.jpg\" data-orig-size=\"720,482\" data-comments-opened=\"0\" data-image-meta=\"{&quot;aperture&quot;:&quot;0&quot;,&quot;credit&quot;:&quot;&quot;,&quot;camera&quot;:&quot;&quot;,&quot;caption&quot;:&quot;&quot;,&quot;created_timestamp&quot;:&quot;0&quot;,&quot;copyright&quot;:&quot;&quot;,&quot;focal_length&quot;:&quot;0&quot;,&quot;iso&quot;:&quot;0&quot;,&quot;shutter_speed&quot;:&quot;0&quot;,&quot;title&quot;:&quot;&quot;,&quot;orientation&quot;:&quot;1&quot;}\" data-image-title=\"arquitectura-puente-exposicion-valencia\" data-image-description=\"\" data-image-caption=\"\" data-medium-file=\"https:\/\/www.victorarandagarcia.es\/wp-content\/uploads\/arquitectura-puente-exposicion-valencia-300x201.jpg\" data-large-file=\"https:\/\/www.victorarandagarcia.es\/wp-content\/uploads\/arquitectura-puente-exposicion-valencia.jpg\" decoding=\"async\" loading=\"lazy\" width=\"720\" height=\"482\" src=\"http:\/\/www.victorarandagarcia.es\/wp-content\/uploads\/arquitectura-puente-exposicion-valencia.jpg\" alt=\"\" data-id=\"1465\" data-link=\"http:\/\/www.victorarandagarcia.es\/arquitectura-puente-exposicion-valencia\/\" class=\"wp-image-1465\" srcset=\"https:\/\/www.victorarandagarcia.es\/wp-content\/uploads\/arquitectura-puente-exposicion-valencia.jpg 720w, https:\/\/www.victorarandagarcia.es\/wp-content\/uploads\/arquitectura-puente-exposicion-valencia-300x201.jpg 300w\" sizes=\"(max-width: 720px) 100vw, 720px\" \/><\/figure><\/li><li class=\"blocks-gallery-item\"><figure><img data-attachment-id=\"1469\" data-permalink=\"https:\/\/www.victorarandagarcia.es\/arquitectura-valencia\/\" data-orig-file=\"https:\/\/www.victorarandagarcia.es\/wp-content\/uploads\/arquitectura-valencia.jpg\" data-orig-size=\"489,720\" data-comments-opened=\"0\" data-image-meta=\"{&quot;aperture&quot;:&quot;0&quot;,&quot;credit&quot;:&quot;&quot;,&quot;camera&quot;:&quot;&quot;,&quot;caption&quot;:&quot;&quot;,&quot;created_timestamp&quot;:&quot;0&quot;,&quot;copyright&quot;:&quot;&quot;,&quot;focal_length&quot;:&quot;0&quot;,&quot;iso&quot;:&quot;0&quot;,&quot;shutter_speed&quot;:&quot;0&quot;,&quot;title&quot;:&quot;&quot;,&quot;orientation&quot;:&quot;1&quot;}\" data-image-title=\"arquitectura-valencia\" data-image-description=\"\" data-image-caption=\"\" data-medium-file=\"https:\/\/www.victorarandagarcia.es\/wp-content\/uploads\/arquitectura-valencia-204x300.jpg\" data-large-file=\"https:\/\/www.victorarandagarcia.es\/wp-content\/uploads\/arquitectura-valencia.jpg\" decoding=\"async\" loading=\"lazy\" width=\"489\" height=\"720\" src=\"http:\/\/www.victorarandagarcia.es\/wp-content\/uploads\/arquitectura-valencia.jpg\" alt=\"\" data-id=\"1469\" data-link=\"http:\/\/www.victorarandagarcia.es\/arquitectura-valencia\/\" class=\"wp-image-1469\" srcset=\"https:\/\/www.victorarandagarcia.es\/wp-content\/uploads\/arquitectura-valencia.jpg 489w, https:\/\/www.victorarandagarcia.es\/wp-content\/uploads\/arquitectura-valencia-204x300.jpg 204w\" sizes=\"(max-width: 489px) 100vw, 489px\" \/><\/figure><\/li><li class=\"blocks-gallery-item\"><figure><img data-attachment-id=\"1459\" data-permalink=\"https:\/\/www.victorarandagarcia.es\/arquitectura-londres\/\" data-orig-file=\"https:\/\/www.victorarandagarcia.es\/wp-content\/uploads\/arquitectura-londres.jpg\" data-orig-size=\"840,561\" data-comments-opened=\"0\" data-image-meta=\"{&quot;aperture&quot;:&quot;10&quot;,&quot;credit&quot;:&quot;&quot;,&quot;camera&quot;:&quot;Canon EOS 50D&quot;,&quot;caption&quot;:&quot;&quot;,&quot;created_timestamp&quot;:&quot;1256743825&quot;,&quot;copyright&quot;:&quot;&quot;,&quot;focal_length&quot;:&quot;30&quot;,&quot;iso&quot;:&quot;400&quot;,&quot;shutter_speed&quot;:&quot;0.005&quot;,&quot;title&quot;:&quot;&quot;,&quot;orientation&quot;:&quot;1&quot;}\" data-image-title=\"arquitectura-londres\" data-image-description=\"\" data-image-caption=\"\" data-medium-file=\"https:\/\/www.victorarandagarcia.es\/wp-content\/uploads\/arquitectura-londres-300x200.jpg\" data-large-file=\"https:\/\/www.victorarandagarcia.es\/wp-content\/uploads\/arquitectura-londres.jpg\" decoding=\"async\" loading=\"lazy\" width=\"840\" height=\"561\" src=\"http:\/\/www.victorarandagarcia.es\/wp-content\/uploads\/arquitectura-londres.jpg\" alt=\"\" data-id=\"1459\" data-link=\"http:\/\/www.victorarandagarcia.es\/arquitectura-londres\/\" class=\"wp-image-1459\" srcset=\"https:\/\/www.victorarandagarcia.es\/wp-content\/uploads\/arquitectura-londres.jpg 840w, https:\/\/www.victorarandagarcia.es\/wp-content\/uploads\/arquitectura-londres-300x200.jpg 300w, https:\/\/www.victorarandagarcia.es\/wp-content\/uploads\/arquitectura-londres-768x513.jpg 768w\" sizes=\"(max-width: 840px) 100vw, 840px\" \/><\/figure><\/li><li class=\"blocks-gallery-item\"><figure><img data-attachment-id=\"1471\" data-permalink=\"https:\/\/www.victorarandagarcia.es\/arquitectura-avenida-de-francia-valencia\/\" data-orig-file=\"https:\/\/www.victorarandagarcia.es\/wp-content\/uploads\/arquitectura-avenida-de-francia-valencia.jpg\" data-orig-size=\"720,481\" data-comments-opened=\"0\" data-image-meta=\"{&quot;aperture&quot;:&quot;8&quot;,&quot;credit&quot;:&quot;&quot;,&quot;camera&quot;:&quot;Canon EOS 400D DIGITAL&quot;,&quot;caption&quot;:&quot;&quot;,&quot;created_timestamp&quot;:&quot;1228128646&quot;,&quot;copyright&quot;:&quot;&quot;,&quot;focal_length&quot;:&quot;24&quot;,&quot;iso&quot;:&quot;100&quot;,&quot;shutter_speed&quot;:&quot;0.005&quot;,&quot;title&quot;:&quot;&quot;,&quot;orientation&quot;:&quot;1&quot;}\" data-image-title=\"arquitectura-avenida-de-francia-valencia\" data-image-description=\"\" data-image-caption=\"\" data-medium-file=\"https:\/\/www.victorarandagarcia.es\/wp-content\/uploads\/arquitectura-avenida-de-francia-valencia-300x200.jpg\" data-large-file=\"https:\/\/www.victorarandagarcia.es\/wp-content\/uploads\/arquitectura-avenida-de-francia-valencia.jpg\" decoding=\"async\" loading=\"lazy\" width=\"720\" height=\"481\" src=\"http:\/\/www.victorarandagarcia.es\/wp-content\/uploads\/arquitectura-avenida-de-francia-valencia.jpg\" alt=\"\" data-id=\"1471\" data-link=\"http:\/\/www.victorarandagarcia.es\/arquitectura-avenida-de-francia-valencia\/\" class=\"wp-image-1471\" srcset=\"https:\/\/www.victorarandagarcia.es\/wp-content\/uploads\/arquitectura-avenida-de-francia-valencia.jpg 720w, https:\/\/www.victorarandagarcia.es\/wp-content\/uploads\/arquitectura-avenida-de-francia-valencia-300x200.jpg 300w\" sizes=\"(max-width: 720px) 100vw, 720px\" \/><\/figure><\/li><li class=\"blocks-gallery-item\"><figure><img data-attachment-id=\"1464\" data-permalink=\"https:\/\/www.victorarandagarcia.es\/arquitectura-frankfurt\/\" data-orig-file=\"https:\/\/www.victorarandagarcia.es\/wp-content\/uploads\/arquitectura-frankfurt.jpg\" data-orig-size=\"720,488\" data-comments-opened=\"0\" data-image-meta=\"{&quot;aperture&quot;:&quot;0&quot;,&quot;credit&quot;:&quot;&quot;,&quot;camera&quot;:&quot;&quot;,&quot;caption&quot;:&quot;&quot;,&quot;created_timestamp&quot;:&quot;0&quot;,&quot;copyright&quot;:&quot;&quot;,&quot;focal_length&quot;:&quot;0&quot;,&quot;iso&quot;:&quot;0&quot;,&quot;shutter_speed&quot;:&quot;0&quot;,&quot;title&quot;:&quot;&quot;,&quot;orientation&quot;:&quot;1&quot;}\" data-image-title=\"arquitectura-frankfurt\" data-image-description=\"\" data-image-caption=\"\" data-medium-file=\"https:\/\/www.victorarandagarcia.es\/wp-content\/uploads\/arquitectura-frankfurt-300x203.jpg\" data-large-file=\"https:\/\/www.victorarandagarcia.es\/wp-content\/uploads\/arquitectura-frankfurt.jpg\" decoding=\"async\" loading=\"lazy\" width=\"720\" height=\"488\" src=\"http:\/\/www.victorarandagarcia.es\/wp-content\/uploads\/arquitectura-frankfurt.jpg\" alt=\"\" data-id=\"1464\" data-link=\"http:\/\/www.victorarandagarcia.es\/arquitectura-frankfurt\/\" class=\"wp-image-1464\" srcset=\"https:\/\/www.victorarandagarcia.es\/wp-content\/uploads\/arquitectura-frankfurt.jpg 720w, https:\/\/www.victorarandagarcia.es\/wp-content\/uploads\/arquitectura-frankfurt-300x203.jpg 300w\" sizes=\"(max-width: 720px) 100vw, 720px\" \/><\/figure><\/li><li class=\"blocks-gallery-item\"><figure><img data-attachment-id=\"1468\" data-permalink=\"https:\/\/www.victorarandagarcia.es\/arquitectura-plaza-ayuntamiento-valencia\/\" data-orig-file=\"https:\/\/www.victorarandagarcia.es\/wp-content\/uploads\/arquitectura-plaza-ayuntamiento-valencia.jpg\" data-orig-size=\"720,494\" data-comments-opened=\"0\" data-image-meta=\"{&quot;aperture&quot;:&quot;11&quot;,&quot;credit&quot;:&quot;&quot;,&quot;camera&quot;:&quot;Canon EOS 50D&quot;,&quot;caption&quot;:&quot;&quot;,&quot;created_timestamp&quot;:&quot;1252674276&quot;,&quot;copyright&quot;:&quot;&quot;,&quot;focal_length&quot;:&quot;23&quot;,&quot;iso&quot;:&quot;100&quot;,&quot;shutter_speed&quot;:&quot;0.008&quot;,&quot;title&quot;:&quot;&quot;,&quot;orientation&quot;:&quot;1&quot;}\" data-image-title=\"arquitectura-plaza-ayuntamiento-valencia\" data-image-description=\"\" data-image-caption=\"\" data-medium-file=\"https:\/\/www.victorarandagarcia.es\/wp-content\/uploads\/arquitectura-plaza-ayuntamiento-valencia-300x206.jpg\" data-large-file=\"https:\/\/www.victorarandagarcia.es\/wp-content\/uploads\/arquitectura-plaza-ayuntamiento-valencia.jpg\" decoding=\"async\" loading=\"lazy\" width=\"720\" height=\"494\" src=\"http:\/\/www.victorarandagarcia.es\/wp-content\/uploads\/arquitectura-plaza-ayuntamiento-valencia.jpg\" alt=\"\" data-id=\"1468\" data-link=\"http:\/\/www.victorarandagarcia.es\/arquitectura-plaza-ayuntamiento-valencia\/\" class=\"wp-image-1468\" srcset=\"https:\/\/www.victorarandagarcia.es\/wp-content\/uploads\/arquitectura-plaza-ayuntamiento-valencia.jpg 720w, https:\/\/www.victorarandagarcia.es\/wp-content\/uploads\/arquitectura-plaza-ayuntamiento-valencia-300x206.jpg 300w\" sizes=\"(max-width: 720px) 100vw, 720px\" \/><\/figure><\/li><li class=\"blocks-gallery-item\"><figure><img data-attachment-id=\"1462\" data-permalink=\"https:\/\/www.victorarandagarcia.es\/arquitectura-interior-ivam\/\" data-orig-file=\"https:\/\/www.victorarandagarcia.es\/wp-content\/uploads\/arquitectura-interior-ivam.jpg\" data-orig-size=\"720,481\" data-comments-opened=\"0\" data-image-meta=\"{&quot;aperture&quot;:&quot;0&quot;,&quot;credit&quot;:&quot;&quot;,&quot;camera&quot;:&quot;&quot;,&quot;caption&quot;:&quot;&quot;,&quot;created_timestamp&quot;:&quot;0&quot;,&quot;copyright&quot;:&quot;&quot;,&quot;focal_length&quot;:&quot;0&quot;,&quot;iso&quot;:&quot;0&quot;,&quot;shutter_speed&quot;:&quot;0&quot;,&quot;title&quot;:&quot;&quot;,&quot;orientation&quot;:&quot;1&quot;}\" data-image-title=\"arquitectura-interior-ivam\" data-image-description=\"\" data-image-caption=\"\" data-medium-file=\"https:\/\/www.victorarandagarcia.es\/wp-content\/uploads\/arquitectura-interior-ivam-300x200.jpg\" data-large-file=\"https:\/\/www.victorarandagarcia.es\/wp-content\/uploads\/arquitectura-interior-ivam.jpg\" decoding=\"async\" loading=\"lazy\" width=\"720\" height=\"481\" src=\"http:\/\/www.victorarandagarcia.es\/wp-content\/uploads\/arquitectura-interior-ivam.jpg\" alt=\"\" data-id=\"1462\" data-link=\"http:\/\/www.victorarandagarcia.es\/arquitectura-interior-ivam\/\" class=\"wp-image-1462\" srcset=\"https:\/\/www.victorarandagarcia.es\/wp-content\/uploads\/arquitectura-interior-ivam.jpg 720w, https:\/\/www.victorarandagarcia.es\/wp-content\/uploads\/arquitectura-interior-ivam-300x200.jpg 300w\" sizes=\"(max-width: 720px) 100vw, 720px\" \/><\/figure><\/li><li class=\"blocks-gallery-item\"><figure><img data-attachment-id=\"1480\" data-permalink=\"https:\/\/www.victorarandagarcia.es\/index.php\/estudio\/reportaje\/arquitectura-contemporanea\/attachment\/reportaje-de-nueva-arquitectura-en-valencia-2\/\" data-orig-file=\"https:\/\/www.victorarandagarcia.es\/wp-content\/uploads\/reportaje-de-nueva-arquitectura-en-valencia-1.jpg\" data-orig-size=\"368,550\" data-comments-opened=\"0\" data-image-meta=\"{&quot;aperture&quot;:&quot;8&quot;,&quot;credit&quot;:&quot;Victor Aranda Garcia&quot;,&quot;camera&quot;:&quot;Canon EOS 400D DIGITAL&quot;,&quot;caption&quot;:&quot;&quot;,&quot;created_timestamp&quot;:&quot;1212503509&quot;,&quot;copyright&quot;:&quot;&quot;,&quot;focal_length&quot;:&quot;34&quot;,&quot;iso&quot;:&quot;100&quot;,&quot;shutter_speed&quot;:&quot;0.002&quot;,&quot;title&quot;:&quot;&quot;,&quot;orientation&quot;:&quot;1&quot;}\" data-image-title=\"reportaje-de-nueva-arquitectura-en-valencia\" data-image-description=\"\" data-image-caption=\"\" data-medium-file=\"https:\/\/www.victorarandagarcia.es\/wp-content\/uploads\/reportaje-de-nueva-arquitectura-en-valencia-1-201x300.jpg\" data-large-file=\"https:\/\/www.victorarandagarcia.es\/wp-content\/uploads\/reportaje-de-nueva-arquitectura-en-valencia-1.jpg\" decoding=\"async\" loading=\"lazy\" width=\"368\" height=\"550\" src=\"http:\/\/www.victorarandagarcia.es\/wp-content\/uploads\/reportaje-de-nueva-arquitectura-en-valencia-1.jpg\" alt=\"\" data-id=\"1480\" data-link=\"http:\/\/www.victorarandagarcia.es\/index.php\/estudio\/arquitectura-contemporanea\/attachment\/reportaje-de-nueva-arquitectura-en-valencia-2\/\" class=\"wp-image-1480\" srcset=\"https:\/\/www.victorarandagarcia.es\/wp-content\/uploads\/reportaje-de-nueva-arquitectura-en-valencia-1.jpg 368w, https:\/\/www.victorarandagarcia.es\/wp-content\/uploads\/reportaje-de-nueva-arquitectura-en-valencia-1-201x300.jpg 201w\" sizes=\"(max-width: 368px) 100vw, 368px\" \/><\/figure><\/li><\/ul>\n","protected":false},"excerpt":{"rendered":"<p>Tomadas en ciudades como Frankfurt, Londres o Valencia, estas fotograf\u00ed\u00adas son una muestra de diversos reportajes de arquitectura contempor\u00e1nea realizados a lo largo del tiempo &hellip; <a href=\"https:\/\/www.victorarandagarcia.es\/index.php\/estudio\/reportaje\/arquitectura-contemporanea\/\" class=\"more-link\"><span>Continuar<span class=\"screen-reader-text\">Arquitectura contempor\u00e1nea<\/span><\/span><\/a><\/p>\n","protected":false},"author":1,"featured_media":1479,"comment_status":"closed","ping_status":"open","sticky":false,"template":"","format":"standard","meta":{"jetpack_post_was_ever_published":false,"_jetpack_newsletter_access":"","_jetpack_dont_email_post_to_subs":false,"_jetpack_newsletter_tier_id":0,"_jetpack_memberships_contains_paywalled_content":false,"footnotes":"","_jetpack_memberships_contains_paid_content":false},"categories":[53],"tags":[50],"yoast_head":"<!-- This site is optimized with the Yoast SEO plugin v22.6 - https:\/\/yoast.com\/wordpress\/plugins\/seo\/ -->\n<title>Arquitectura contempor\u00e1nea - arte y estudio<\/title>\n<meta name=\"robots\" content=\"index, follow, max-snippet:-1, max-image-preview:large, max-video-preview:-1\" \/>\n<link rel=\"canonical\" href=\"https:\/\/www.victorarandagarcia.es\/index.php\/estudio\/reportaje\/arquitectura-contemporanea\/\" \/>\n<meta property=\"og:locale\" content=\"es_ES\" \/>\n<meta property=\"og:type\" content=\"article\" \/>\n<meta property=\"og:title\" content=\"Arquitectura contempor\u00e1nea - arte y estudio\" \/>\n<meta property=\"og:description\" content=\"Tomadas en ciudades como Frankfurt, Londres o Valencia, estas fotograf\u00ed\u00adas son una muestra de diversos reportajes de arquitectura contempor\u00e1nea realizados a lo largo del tiempo &hellip; ContinuarArquitectura contempor\u00e1nea\" \/>\n<meta property=\"og:url\" content=\"https:\/\/www.victorarandagarcia.es\/index.php\/estudio\/reportaje\/arquitectura-contemporanea\/\" \/>\n<meta property=\"og:site_name\" content=\"arte y estudio\" \/>\n<meta property=\"article:published_time\" content=\"2019-04-13T18:38:55+00:00\" \/>\n<meta property=\"article:modified_time\" content=\"2019-04-15T22:58:52+00:00\" \/>\n<meta property=\"og:image\" content=\"https:\/\/www.victorarandagarcia.es\/wp-content\/uploads\/arquitectura-contemporanea-0.jpg\" \/>\n\t<meta property=\"og:image:width\" content=\"399\" \/>\n\t<meta property=\"og:image:height\" content=\"399\" \/>\n\t<meta property=\"og:image:type\" content=\"image\/jpeg\" \/>\n<meta name=\"author\" content=\"victorarandagarcia\" \/>\n<meta name=\"twitter:card\" content=\"summary_large_image\" \/>\n<meta name=\"twitter:label1\" content=\"Escrito por\" \/>\n\t<meta name=\"twitter:data1\" content=\"victorarandagarcia\" \/>\n\t<meta name=\"twitter:label2\" content=\"Tiempo de lectura\" \/>\n\t<meta name=\"twitter:data2\" content=\"1 minuto\" \/>\n<script type=\"application\/ld+json\" class=\"yoast-schema-graph\">{\"@context\":\"https:\/\/schema.org\",\"@graph\":[{\"@type\":\"Article\",\"@id\":\"https:\/\/www.victorarandagarcia.es\/index.php\/estudio\/reportaje\/arquitectura-contemporanea\/#article\",\"isPartOf\":{\"@id\":\"https:\/\/www.victorarandagarcia.es\/index.php\/estudio\/reportaje\/arquitectura-contemporanea\/\"},\"author\":{\"name\":\"victorarandagarcia\",\"@id\":\"https:\/\/www.victorarandagarcia.es\/#\/schema\/person\/bfa9c61a3776d517deeee5f9386ef302\"},\"headline\":\"Arquitectura contempor\u00e1nea\",\"datePublished\":\"2019-04-13T18:38:55+00:00\",\"dateModified\":\"2019-04-15T22:58:52+00:00\",\"mainEntityOfPage\":{\"@id\":\"https:\/\/www.victorarandagarcia.es\/index.php\/estudio\/reportaje\/arquitectura-contemporanea\/\"},\"wordCount\":212,\"publisher\":{\"@id\":\"https:\/\/www.victorarandagarcia.es\/#organization\"},\"image\":{\"@id\":\"https:\/\/www.victorarandagarcia.es\/index.php\/estudio\/reportaje\/arquitectura-contemporanea\/#primaryimage\"},\"thumbnailUrl\":\"https:\/\/www.victorarandagarcia.es\/wp-content\/uploads\/arquitectura-contemporanea-0.jpg\",\"keywords\":[\"arquitectura\"],\"articleSection\":[\"Reportaje\"],\"inLanguage\":\"es\"},{\"@type\":\"WebPage\",\"@id\":\"https:\/\/www.victorarandagarcia.es\/index.php\/estudio\/reportaje\/arquitectura-contemporanea\/\",\"url\":\"https:\/\/www.victorarandagarcia.es\/index.php\/estudio\/reportaje\/arquitectura-contemporanea\/\",\"name\":\"Arquitectura contempor\u00e1nea - arte y estudio\",\"isPartOf\":{\"@id\":\"https:\/\/www.victorarandagarcia.es\/#website\"},\"primaryImageOfPage\":{\"@id\":\"https:\/\/www.victorarandagarcia.es\/index.php\/estudio\/reportaje\/arquitectura-contemporanea\/#primaryimage\"},\"image\":{\"@id\":\"https:\/\/www.victorarandagarcia.es\/index.php\/estudio\/reportaje\/arquitectura-contemporanea\/#primaryimage\"},\"thumbnailUrl\":\"https:\/\/www.victorarandagarcia.es\/wp-content\/uploads\/arquitectura-contemporanea-0.jpg\",\"datePublished\":\"2019-04-13T18:38:55+00:00\",\"dateModified\":\"2019-04-15T22:58:52+00:00\",\"breadcrumb\":{\"@id\":\"https:\/\/www.victorarandagarcia.es\/index.php\/estudio\/reportaje\/arquitectura-contemporanea\/#breadcrumb\"},\"inLanguage\":\"es\",\"potentialAction\":[{\"@type\":\"ReadAction\",\"target\":[\"https:\/\/www.victorarandagarcia.es\/index.php\/estudio\/reportaje\/arquitectura-contemporanea\/\"]}]},{\"@type\":\"ImageObject\",\"inLanguage\":\"es\",\"@id\":\"https:\/\/www.victorarandagarcia.es\/index.php\/estudio\/reportaje\/arquitectura-contemporanea\/#primaryimage\",\"url\":\"https:\/\/www.victorarandagarcia.es\/wp-content\/uploads\/arquitectura-contemporanea-0.jpg\",\"contentUrl\":\"https:\/\/www.victorarandagarcia.es\/wp-content\/uploads\/arquitectura-contemporanea-0.jpg\",\"width\":399,\"height\":399},{\"@type\":\"BreadcrumbList\",\"@id\":\"https:\/\/www.victorarandagarcia.es\/index.php\/estudio\/reportaje\/arquitectura-contemporanea\/#breadcrumb\",\"itemListElement\":[{\"@type\":\"ListItem\",\"position\":1,\"name\":\"Portada\",\"item\":\"https:\/\/www.victorarandagarcia.es\/\"},{\"@type\":\"ListItem\",\"position\":2,\"name\":\"Arquitectura contempor\u00e1nea\"}]},{\"@type\":\"WebSite\",\"@id\":\"https:\/\/www.victorarandagarcia.es\/#website\",\"url\":\"https:\/\/www.victorarandagarcia.es\/\",\"name\":\"arte y estudio\",\"description\":\"Fot\u00f3grafo\",\"publisher\":{\"@id\":\"https:\/\/www.victorarandagarcia.es\/#organization\"},\"potentialAction\":[{\"@type\":\"SearchAction\",\"target\":{\"@type\":\"EntryPoint\",\"urlTemplate\":\"https:\/\/www.victorarandagarcia.es\/?s={search_term_string}\"},\"query-input\":\"required name=search_term_string\"}],\"inLanguage\":\"es\"},{\"@type\":\"Organization\",\"@id\":\"https:\/\/www.victorarandagarcia.es\/#organization\",\"name\":\"arte y estudio\",\"url\":\"https:\/\/www.victorarandagarcia.es\/\",\"logo\":{\"@type\":\"ImageObject\",\"inLanguage\":\"es\",\"@id\":\"https:\/\/www.victorarandagarcia.es\/#\/schema\/logo\/image\/\",\"url\":\"https:\/\/www.victorarandagarcia.es\/wp-content\/uploads\/2019\/03\/logo-fotografo.png\",\"contentUrl\":\"https:\/\/www.victorarandagarcia.es\/wp-content\/uploads\/2019\/03\/logo-fotografo.png\",\"width\":150,\"height\":150,\"caption\":\"arte y estudio\"},\"image\":{\"@id\":\"https:\/\/www.victorarandagarcia.es\/#\/schema\/logo\/image\/\"}},{\"@type\":\"Person\",\"@id\":\"https:\/\/www.victorarandagarcia.es\/#\/schema\/person\/bfa9c61a3776d517deeee5f9386ef302\",\"name\":\"victorarandagarcia\",\"image\":{\"@type\":\"ImageObject\",\"inLanguage\":\"es\",\"@id\":\"https:\/\/www.victorarandagarcia.es\/#\/schema\/person\/image\/\",\"url\":\"https:\/\/secure.gravatar.com\/avatar\/957a01ac23a6393e755ae8225c35dbdb?s=96&d=mm&r=g\",\"contentUrl\":\"https:\/\/secure.gravatar.com\/avatar\/957a01ac23a6393e755ae8225c35dbdb?s=96&d=mm&r=g\",\"caption\":\"victorarandagarcia\"}}]}<\/script>\n<!-- \/ Yoast SEO plugin. -->","yoast_head_json":{"title":"Arquitectura contempor\u00e1nea - arte y estudio","robots":{"index":"index","follow":"follow","max-snippet":"max-snippet:-1","max-image-preview":"max-image-preview:large","max-video-preview":"max-video-preview:-1"},"canonical":"https:\/\/www.victorarandagarcia.es\/index.php\/estudio\/reportaje\/arquitectura-contemporanea\/","og_locale":"es_ES","og_type":"article","og_title":"Arquitectura contempor\u00e1nea - arte y estudio","og_description":"Tomadas en ciudades como Frankfurt, Londres o Valencia, estas fotograf\u00ed\u00adas son una muestra de diversos reportajes de arquitectura contempor\u00e1nea realizados a lo largo del tiempo &hellip; ContinuarArquitectura contempor\u00e1nea","og_url":"https:\/\/www.victorarandagarcia.es\/index.php\/estudio\/reportaje\/arquitectura-contemporanea\/","og_site_name":"arte y estudio","article_published_time":"2019-04-13T18:38:55+00:00","article_modified_time":"2019-04-15T22:58:52+00:00","og_image":[{"width":399,"height":399,"url":"https:\/\/www.victorarandagarcia.es\/wp-content\/uploads\/arquitectura-contemporanea-0.jpg","type":"image\/jpeg"}],"author":"victorarandagarcia","twitter_card":"summary_large_image","twitter_misc":{"Escrito por":"victorarandagarcia","Tiempo de lectura":"1 minuto"},"schema":{"@context":"https:\/\/schema.org","@graph":[{"@type":"Article","@id":"https:\/\/www.victorarandagarcia.es\/index.php\/estudio\/reportaje\/arquitectura-contemporanea\/#article","isPartOf":{"@id":"https:\/\/www.victorarandagarcia.es\/index.php\/estudio\/reportaje\/arquitectura-contemporanea\/"},"author":{"name":"victorarandagarcia","@id":"https:\/\/www.victorarandagarcia.es\/#\/schema\/person\/bfa9c61a3776d517deeee5f9386ef302"},"headline":"Arquitectura contempor\u00e1nea","datePublished":"2019-04-13T18:38:55+00:00","dateModified":"2019-04-15T22:58:52+00:00","mainEntityOfPage":{"@id":"https:\/\/www.victorarandagarcia.es\/index.php\/estudio\/reportaje\/arquitectura-contemporanea\/"},"wordCount":212,"publisher":{"@id":"https:\/\/www.victorarandagarcia.es\/#organization"},"image":{"@id":"https:\/\/www.victorarandagarcia.es\/index.php\/estudio\/reportaje\/arquitectura-contemporanea\/#primaryimage"},"thumbnailUrl":"https:\/\/www.victorarandagarcia.es\/wp-content\/uploads\/arquitectura-contemporanea-0.jpg","keywords":["arquitectura"],"articleSection":["Reportaje"],"inLanguage":"es"},{"@type":"WebPage","@id":"https:\/\/www.victorarandagarcia.es\/index.php\/estudio\/reportaje\/arquitectura-contemporanea\/","url":"https:\/\/www.victorarandagarcia.es\/index.php\/estudio\/reportaje\/arquitectura-contemporanea\/","name":"Arquitectura contempor\u00e1nea - arte y estudio","isPartOf":{"@id":"https:\/\/www.victorarandagarcia.es\/#website"},"primaryImageOfPage":{"@id":"https:\/\/www.victorarandagarcia.es\/index.php\/estudio\/reportaje\/arquitectura-contemporanea\/#primaryimage"},"image":{"@id":"https:\/\/www.victorarandagarcia.es\/index.php\/estudio\/reportaje\/arquitectura-contemporanea\/#primaryimage"},"thumbnailUrl":"https:\/\/www.victorarandagarcia.es\/wp-content\/uploads\/arquitectura-contemporanea-0.jpg","datePublished":"2019-04-13T18:38:55+00:00","dateModified":"2019-04-15T22:58:52+00:00","breadcrumb":{"@id":"https:\/\/www.victorarandagarcia.es\/index.php\/estudio\/reportaje\/arquitectura-contemporanea\/#breadcrumb"},"inLanguage":"es","potentialAction":[{"@type":"ReadAction","target":["https:\/\/www.victorarandagarcia.es\/index.php\/estudio\/reportaje\/arquitectura-contemporanea\/"]}]},{"@type":"ImageObject","inLanguage":"es","@id":"https:\/\/www.victorarandagarcia.es\/index.php\/estudio\/reportaje\/arquitectura-contemporanea\/#primaryimage","url":"https:\/\/www.victorarandagarcia.es\/wp-content\/uploads\/arquitectura-contemporanea-0.jpg","contentUrl":"https:\/\/www.victorarandagarcia.es\/wp-content\/uploads\/arquitectura-contemporanea-0.jpg","width":399,"height":399},{"@type":"BreadcrumbList","@id":"https:\/\/www.victorarandagarcia.es\/index.php\/estudio\/reportaje\/arquitectura-contemporanea\/#breadcrumb","itemListElement":[{"@type":"ListItem","position":1,"name":"Portada","item":"https:\/\/www.victorarandagarcia.es\/"},{"@type":"ListItem","position":2,"name":"Arquitectura contempor\u00e1nea"}]},{"@type":"WebSite","@id":"https:\/\/www.victorarandagarcia.es\/#website","url":"https:\/\/www.victorarandagarcia.es\/","name":"arte y estudio","description":"Fot\u00f3grafo","publisher":{"@id":"https:\/\/www.victorarandagarcia.es\/#organization"},"potentialAction":[{"@type":"SearchAction","target":{"@type":"EntryPoint","urlTemplate":"https:\/\/www.victorarandagarcia.es\/?s={search_term_string}"},"query-input":"required name=search_term_string"}],"inLanguage":"es"},{"@type":"Organization","@id":"https:\/\/www.victorarandagarcia.es\/#organization","name":"arte y estudio","url":"https:\/\/www.victorarandagarcia.es\/","logo":{"@type":"ImageObject","inLanguage":"es","@id":"https:\/\/www.victorarandagarcia.es\/#\/schema\/logo\/image\/","url":"https:\/\/www.victorarandagarcia.es\/wp-content\/uploads\/2019\/03\/logo-fotografo.png","contentUrl":"https:\/\/www.victorarandagarcia.es\/wp-content\/uploads\/2019\/03\/logo-fotografo.png","width":150,"height":150,"caption":"arte y estudio"},"image":{"@id":"https:\/\/www.victorarandagarcia.es\/#\/schema\/logo\/image\/"}},{"@type":"Person","@id":"https:\/\/www.victorarandagarcia.es\/#\/schema\/person\/bfa9c61a3776d517deeee5f9386ef302","name":"victorarandagarcia","image":{"@type":"ImageObject","inLanguage":"es","@id":"https:\/\/www.victorarandagarcia.es\/#\/schema\/person\/image\/","url":"https:\/\/secure.gravatar.com\/avatar\/957a01ac23a6393e755ae8225c35dbdb?s=96&d=mm&r=g","contentUrl":"https:\/\/secure.gravatar.com\/avatar\/957a01ac23a6393e755ae8225c35dbdb?s=96&d=mm&r=g","caption":"victorarandagarcia"}}]}},"jetpack_featured_media_url":"https:\/\/www.victorarandagarcia.es\/wp-content\/uploads\/arquitectura-contemporanea-0.jpg","jetpack_sharing_enabled":true,"_links":{"self":[{"href":"https:\/\/www.victorarandagarcia.es\/index.php\/wp-json\/wp\/v2\/posts\/1476"}],"collection":[{"href":"https:\/\/www.victorarandagarcia.es\/index.php\/wp-json\/wp\/v2\/posts"}],"about":[{"href":"https:\/\/www.victorarandagarcia.es\/index.php\/wp-json\/wp\/v2\/types\/post"}],"author":[{"embeddable":true,"href":"https:\/\/www.victorarandagarcia.es\/index.php\/wp-json\/wp\/v2\/users\/1"}],"replies":[{"embeddable":true,"href":"https:\/\/www.victorarandagarcia.es\/index.php\/wp-json\/wp\/v2\/comments?post=1476"}],"version-history":[{"count":3,"href":"https:\/\/www.victorarandagarcia.es\/index.php\/wp-json\/wp\/v2\/posts\/1476\/revisions"}],"predecessor-version":[{"id":1482,"href":"https:\/\/www.victorarandagarcia.es\/index.php\/wp-json\/wp\/v2\/posts\/1476\/revisions\/1482"}],"wp:featuredmedia":[{"embeddable":true,"href":"https:\/\/www.victorarandagarcia.es\/index.php\/wp-json\/wp\/v2\/media\/1479"}],"wp:attachment":[{"href":"https:\/\/www.victorarandagarcia.es\/index.php\/wp-json\/wp\/v2\/media?parent=1476"}],"wp:term":[{"taxonomy":"category","embeddable":true,"href":"https:\/\/www.victorarandagarcia.es\/index.php\/wp-json\/wp\/v2\/categories?post=1476"},{"taxonomy":"post_tag","embeddable":true,"href":"https:\/\/www.victorarandagarcia.es\/index.php\/wp-json\/wp\/v2\/tags?post=1476"}],"curies":[{"name":"wp","href":"https:\/\/api.w.org\/{rel}","templated":true}]}}