{"id":1362,"date":"2019-04-12T13:15:00","date_gmt":"2019-04-12T11:15:00","guid":{"rendered":"http:\/\/www.victorarandagarcia.es\/?p=1362"},"modified":"2019-12-28T20:57:23","modified_gmt":"2019-12-28T19:57:23","slug":"naturaleza-urbana","status":"publish","type":"post","link":"https:\/\/www.victorarandagarcia.es\/index.php\/arte\/naturaleza\/naturaleza-urbana\/","title":{"rendered":"Naturaleza urbana"},"content":{"rendered":"\n<p>Serie de fotograf\u00ed\u00ada de naturaleza en el entorno urbano iniciada en la primavera de 2002<\/p>\n\n\n\n<ul class=\"wp-block-gallery columns-3 is-cropped wp-block-gallery-1 is-layout-flex wp-block-gallery-is-layout-flex\"><li class=\"blocks-gallery-item\"><figure><img data-attachment-id=\"1352\" data-permalink=\"https:\/\/www.victorarandagarcia.es\/naturaleza-urbana-003\/\" data-orig-file=\"https:\/\/www.victorarandagarcia.es\/wp-content\/uploads\/naturaleza-urbana-003.jpg\" data-orig-size=\"720,483\" data-comments-opened=\"0\" data-image-meta=\"{&quot;aperture&quot;:&quot;6.3&quot;,&quot;credit&quot;:&quot;&quot;,&quot;camera&quot;:&quot;Canon EOS 400D DIGITAL&quot;,&quot;caption&quot;:&quot;&quot;,&quot;created_timestamp&quot;:&quot;1201956146&quot;,&quot;copyright&quot;:&quot;&quot;,&quot;focal_length&quot;:&quot;21&quot;,&quot;iso&quot;:&quot;200&quot;,&quot;shutter_speed&quot;:&quot;0.01&quot;,&quot;title&quot;:&quot;&quot;,&quot;orientation&quot;:&quot;1&quot;}\" data-image-title=\"naturaleza-urbana-003\" data-image-description=\"&lt;p&gt;Naturaleza urbana (Valencia 2008)&lt;\/p&gt;\n\" data-image-caption=\"\" data-medium-file=\"https:\/\/www.victorarandagarcia.es\/wp-content\/uploads\/naturaleza-urbana-003-300x201.jpg\" data-large-file=\"https:\/\/www.victorarandagarcia.es\/wp-content\/uploads\/naturaleza-urbana-003.jpg\" decoding=\"async\" loading=\"lazy\" width=\"720\" height=\"483\" src=\"https:\/\/www.victorarandagarcia.es\/wp-content\/uploads\/naturaleza-urbana-003.jpg\" alt=\"planta,brote\" data-id=\"1352\" data-link=\"https:\/\/www.victorarandagarcia.es\/naturaleza-urbana-003\/\" class=\"wp-image-1352\" srcset=\"https:\/\/www.victorarandagarcia.es\/wp-content\/uploads\/naturaleza-urbana-003.jpg 720w, https:\/\/www.victorarandagarcia.es\/wp-content\/uploads\/naturaleza-urbana-003-300x201.jpg 300w\" sizes=\"(max-width: 720px) 100vw, 720px\" \/><\/figure><\/li><li class=\"blocks-gallery-item\"><figure><img data-attachment-id=\"1355\" data-permalink=\"https:\/\/www.victorarandagarcia.es\/naturaleza-urbana-0013\/\" data-orig-file=\"https:\/\/www.victorarandagarcia.es\/wp-content\/uploads\/naturaleza-urbana-0013.jpg\" data-orig-size=\"720,481\" data-comments-opened=\"0\" data-image-meta=\"{&quot;aperture&quot;:&quot;6.3&quot;,&quot;credit&quot;:&quot;Victor Aranda Garcia&quot;,&quot;camera&quot;:&quot;Canon EOS 50D&quot;,&quot;caption&quot;:&quot;&quot;,&quot;created_timestamp&quot;:&quot;1370463251&quot;,&quot;copyright&quot;:&quot;&quot;,&quot;focal_length&quot;:&quot;107&quot;,&quot;iso&quot;:&quot;400&quot;,&quot;shutter_speed&quot;:&quot;0.0015625&quot;,&quot;title&quot;:&quot;&quot;,&quot;orientation&quot;:&quot;1&quot;}\" data-image-title=\"naturaleza-urbana-0013\" data-image-description=\"&lt;p&gt;Naturaleza urbana (Albuixech 2012)&lt;\/p&gt;\n\" data-image-caption=\"\" data-medium-file=\"https:\/\/www.victorarandagarcia.es\/wp-content\/uploads\/naturaleza-urbana-0013-300x200.jpg\" data-large-file=\"https:\/\/www.victorarandagarcia.es\/wp-content\/uploads\/naturaleza-urbana-0013.jpg\" decoding=\"async\" loading=\"lazy\" width=\"720\" height=\"481\" src=\"https:\/\/www.victorarandagarcia.es\/wp-content\/uploads\/naturaleza-urbana-0013.jpg\" alt=\"planta,brote\" data-id=\"1355\" data-link=\"https:\/\/www.victorarandagarcia.es\/naturaleza-urbana-0013\/\" class=\"wp-image-1355\" srcset=\"https:\/\/www.victorarandagarcia.es\/wp-content\/uploads\/naturaleza-urbana-0013.jpg 720w, https:\/\/www.victorarandagarcia.es\/wp-content\/uploads\/naturaleza-urbana-0013-300x200.jpg 300w\" sizes=\"(max-width: 720px) 100vw, 720px\" \/><\/figure><\/li><li class=\"blocks-gallery-item\"><figure><img data-attachment-id=\"1357\" data-permalink=\"https:\/\/www.victorarandagarcia.es\/naturaleza-urbana-006\/\" data-orig-file=\"https:\/\/www.victorarandagarcia.es\/wp-content\/uploads\/naturaleza-urbana-006.jpg\" data-orig-size=\"720,481\" data-comments-opened=\"0\" data-image-meta=\"{&quot;aperture&quot;:&quot;2.8&quot;,&quot;credit&quot;:&quot;Victor Aranda Garcia&quot;,&quot;camera&quot;:&quot;Canon EOS 50D&quot;,&quot;caption&quot;:&quot;&quot;,&quot;created_timestamp&quot;:&quot;1359279172&quot;,&quot;copyright&quot;:&quot;&quot;,&quot;focal_length&quot;:&quot;50&quot;,&quot;iso&quot;:&quot;800&quot;,&quot;shutter_speed&quot;:&quot;0.0125&quot;,&quot;title&quot;:&quot;&quot;,&quot;orientation&quot;:&quot;1&quot;}\" data-image-title=\"naturaleza-urbana-006\" data-image-description=\"&lt;p&gt;Naturaleza urbana (Valencia 2013)&lt;\/p&gt;\n\" data-image-caption=\"\" data-medium-file=\"https:\/\/www.victorarandagarcia.es\/wp-content\/uploads\/naturaleza-urbana-006-300x200.jpg\" data-large-file=\"https:\/\/www.victorarandagarcia.es\/wp-content\/uploads\/naturaleza-urbana-006.jpg\" decoding=\"async\" loading=\"lazy\" width=\"720\" height=\"481\" src=\"https:\/\/www.victorarandagarcia.es\/wp-content\/uploads\/naturaleza-urbana-006.jpg\" alt=\"planta,brote\" data-id=\"1357\" data-link=\"https:\/\/www.victorarandagarcia.es\/naturaleza-urbana-006\/\" class=\"wp-image-1357\" srcset=\"https:\/\/www.victorarandagarcia.es\/wp-content\/uploads\/naturaleza-urbana-006.jpg 720w, https:\/\/www.victorarandagarcia.es\/wp-content\/uploads\/naturaleza-urbana-006-300x200.jpg 300w\" sizes=\"(max-width: 720px) 100vw, 720px\" \/><\/figure><\/li><li class=\"blocks-gallery-item\"><figure><img data-attachment-id=\"1354\" data-permalink=\"https:\/\/www.victorarandagarcia.es\/naturaleza-urbana-007\/\" data-orig-file=\"https:\/\/www.victorarandagarcia.es\/wp-content\/uploads\/naturaleza-urbana-007.jpg\" data-orig-size=\"481,720\" data-comments-opened=\"0\" data-image-meta=\"{&quot;aperture&quot;:&quot;6.3&quot;,&quot;credit&quot;:&quot;Victor Aranda Garcia&quot;,&quot;camera&quot;:&quot;Canon EOS 50D&quot;,&quot;caption&quot;:&quot;&quot;,&quot;created_timestamp&quot;:&quot;1365877033&quot;,&quot;copyright&quot;:&quot;&quot;,&quot;focal_length&quot;:&quot;36&quot;,&quot;iso&quot;:&quot;200&quot;,&quot;shutter_speed&quot;:&quot;0.002&quot;,&quot;title&quot;:&quot;&quot;,&quot;orientation&quot;:&quot;1&quot;}\" data-image-title=\"naturaleza-urbana-007\" data-image-description=\"&lt;p&gt;Naturaleza urbana (Valencia 2013)&lt;\/p&gt;\n\" data-image-caption=\"\" data-medium-file=\"https:\/\/www.victorarandagarcia.es\/wp-content\/uploads\/naturaleza-urbana-007-200x300.jpg\" data-large-file=\"https:\/\/www.victorarandagarcia.es\/wp-content\/uploads\/naturaleza-urbana-007.jpg\" decoding=\"async\" loading=\"lazy\" width=\"481\" height=\"720\" src=\"https:\/\/www.victorarandagarcia.es\/wp-content\/uploads\/naturaleza-urbana-007.jpg\" alt=\"planta,brote\" data-id=\"1354\" data-link=\"https:\/\/www.victorarandagarcia.es\/naturaleza-urbana-007\/\" class=\"wp-image-1354\" srcset=\"https:\/\/www.victorarandagarcia.es\/wp-content\/uploads\/naturaleza-urbana-007.jpg 481w, https:\/\/www.victorarandagarcia.es\/wp-content\/uploads\/naturaleza-urbana-007-200x300.jpg 200w\" sizes=\"(max-width: 481px) 100vw, 481px\" \/><\/figure><\/li><li class=\"blocks-gallery-item\"><figure><img data-attachment-id=\"1353\" data-permalink=\"https:\/\/www.victorarandagarcia.es\/naturaleza-urbana-002\/\" data-orig-file=\"https:\/\/www.victorarandagarcia.es\/wp-content\/uploads\/naturaleza-urbana-002.jpg\" data-orig-size=\"478,720\" data-comments-opened=\"0\" data-image-meta=\"{&quot;aperture&quot;:&quot;0&quot;,&quot;credit&quot;:&quot;&quot;,&quot;camera&quot;:&quot;&quot;,&quot;caption&quot;:&quot;&quot;,&quot;created_timestamp&quot;:&quot;0&quot;,&quot;copyright&quot;:&quot;&quot;,&quot;focal_length&quot;:&quot;0&quot;,&quot;iso&quot;:&quot;0&quot;,&quot;shutter_speed&quot;:&quot;0&quot;,&quot;title&quot;:&quot;&quot;,&quot;orientation&quot;:&quot;1&quot;}\" data-image-title=\"naturaleza-urbana-002\" data-image-description=\"&lt;p&gt;Naturaleza urbana (Valencia 2005)&lt;\/p&gt;\n\" data-image-caption=\"\" data-medium-file=\"https:\/\/www.victorarandagarcia.es\/wp-content\/uploads\/naturaleza-urbana-002-199x300.jpg\" data-large-file=\"https:\/\/www.victorarandagarcia.es\/wp-content\/uploads\/naturaleza-urbana-002.jpg\" decoding=\"async\" loading=\"lazy\" width=\"478\" height=\"720\" src=\"https:\/\/www.victorarandagarcia.es\/wp-content\/uploads\/naturaleza-urbana-002.jpg\" alt=\"planta,brote\" data-id=\"1353\" data-link=\"https:\/\/www.victorarandagarcia.es\/naturaleza-urbana-002\/\" class=\"wp-image-1353\" srcset=\"https:\/\/www.victorarandagarcia.es\/wp-content\/uploads\/naturaleza-urbana-002.jpg 478w, https:\/\/www.victorarandagarcia.es\/wp-content\/uploads\/naturaleza-urbana-002-199x300.jpg 199w\" sizes=\"(max-width: 478px) 100vw, 478px\" \/><\/figure><\/li><li class=\"blocks-gallery-item\"><figure><img data-attachment-id=\"2389\" data-permalink=\"https:\/\/www.victorarandagarcia.es\/naturaleza-urbana-03\/\" data-orig-file=\"https:\/\/www.victorarandagarcia.es\/wp-content\/uploads\/naturaleza-urbana-03.jpg\" data-orig-size=\"461,687\" data-comments-opened=\"0\" data-image-meta=\"{&quot;aperture&quot;:&quot;0&quot;,&quot;credit&quot;:&quot;&quot;,&quot;camera&quot;:&quot;&quot;,&quot;caption&quot;:&quot;&quot;,&quot;created_timestamp&quot;:&quot;0&quot;,&quot;copyright&quot;:&quot;&quot;,&quot;focal_length&quot;:&quot;0&quot;,&quot;iso&quot;:&quot;0&quot;,&quot;shutter_speed&quot;:&quot;0&quot;,&quot;title&quot;:&quot;&quot;,&quot;orientation&quot;:&quot;0&quot;}\" data-image-title=\"naturaleza-urbana-03\" data-image-description=\"&lt;p&gt;Naturaleza urbana (Paterna 2002)&lt;\/p&gt;\n\" data-image-caption=\"\" data-medium-file=\"https:\/\/www.victorarandagarcia.es\/wp-content\/uploads\/naturaleza-urbana-03-201x300.jpg\" data-large-file=\"https:\/\/www.victorarandagarcia.es\/wp-content\/uploads\/naturaleza-urbana-03.jpg\" decoding=\"async\" loading=\"lazy\" width=\"461\" height=\"687\" src=\"https:\/\/www.victorarandagarcia.es\/wp-content\/uploads\/naturaleza-urbana-03.jpg\" alt=\"Fotograf\u00eda de un poste met\u00e1lico inclinado con unas hierbas creciendo debajo\" data-id=\"2389\" data-link=\"https:\/\/www.victorarandagarcia.es\/naturaleza-urbana-03\/\" class=\"wp-image-2389\" srcset=\"https:\/\/www.victorarandagarcia.es\/wp-content\/uploads\/naturaleza-urbana-03.jpg 461w, https:\/\/www.victorarandagarcia.es\/wp-content\/uploads\/naturaleza-urbana-03-201x300.jpg 201w\" sizes=\"(max-width: 461px) 100vw, 461px\" \/><\/figure><\/li><li class=\"blocks-gallery-item\"><figure><img data-attachment-id=\"2376\" data-permalink=\"https:\/\/www.victorarandagarcia.es\/naturaleza-urbana-04\/\" data-orig-file=\"https:\/\/www.victorarandagarcia.es\/wp-content\/uploads\/naturaleza-urbana-04.jpg\" data-orig-size=\"481,720\" data-comments-opened=\"0\" data-image-meta=\"{&quot;aperture&quot;:&quot;0&quot;,&quot;credit&quot;:&quot;&quot;,&quot;camera&quot;:&quot;&quot;,&quot;caption&quot;:&quot;&quot;,&quot;created_timestamp&quot;:&quot;0&quot;,&quot;copyright&quot;:&quot;&quot;,&quot;focal_length&quot;:&quot;0&quot;,&quot;iso&quot;:&quot;0&quot;,&quot;shutter_speed&quot;:&quot;0&quot;,&quot;title&quot;:&quot;&quot;,&quot;orientation&quot;:&quot;0&quot;}\" data-image-title=\"naturaleza-urbana-04\" data-image-description=\"&lt;p&gt;Naturaleza urbana (Murcia 2014)&lt;\/p&gt;\n\" data-image-caption=\"\" data-medium-file=\"https:\/\/www.victorarandagarcia.es\/wp-content\/uploads\/naturaleza-urbana-04-200x300.jpg\" data-large-file=\"https:\/\/www.victorarandagarcia.es\/wp-content\/uploads\/naturaleza-urbana-04.jpg\" decoding=\"async\" loading=\"lazy\" width=\"481\" height=\"720\" src=\"https:\/\/www.victorarandagarcia.es\/wp-content\/uploads\/naturaleza-urbana-04.jpg\" alt=\"Fotograf\u00eda de una hierba creciendo entre los pedazos del asfalto de una carretera roto\" data-id=\"2376\" data-link=\"https:\/\/www.victorarandagarcia.es\/naturaleza-urbana-04\/\" class=\"wp-image-2376\" srcset=\"https:\/\/www.victorarandagarcia.es\/wp-content\/uploads\/naturaleza-urbana-04.jpg 481w, https:\/\/www.victorarandagarcia.es\/wp-content\/uploads\/naturaleza-urbana-04-200x300.jpg 200w\" sizes=\"(max-width: 481px) 100vw, 481px\" \/><\/figure><\/li><li class=\"blocks-gallery-item\"><figure><img data-attachment-id=\"2380\" data-permalink=\"https:\/\/www.victorarandagarcia.es\/naturaleza-urbana-05\/\" data-orig-file=\"https:\/\/www.victorarandagarcia.es\/wp-content\/uploads\/naturaleza-urbana-05.jpg\" data-orig-size=\"481,720\" data-comments-opened=\"0\" data-image-meta=\"{&quot;aperture&quot;:&quot;0&quot;,&quot;credit&quot;:&quot;&quot;,&quot;camera&quot;:&quot;&quot;,&quot;caption&quot;:&quot;&quot;,&quot;created_timestamp&quot;:&quot;0&quot;,&quot;copyright&quot;:&quot;&quot;,&quot;focal_length&quot;:&quot;0&quot;,&quot;iso&quot;:&quot;0&quot;,&quot;shutter_speed&quot;:&quot;0&quot;,&quot;title&quot;:&quot;&quot;,&quot;orientation&quot;:&quot;0&quot;}\" data-image-title=\"naturaleza-urbana-05\" data-image-description=\"&lt;p&gt;Naturaleza urbana (Eppelheim 2014)&lt;\/p&gt;\n\" data-image-caption=\"\" data-medium-file=\"https:\/\/www.victorarandagarcia.es\/wp-content\/uploads\/naturaleza-urbana-05-200x300.jpg\" data-large-file=\"https:\/\/www.victorarandagarcia.es\/wp-content\/uploads\/naturaleza-urbana-05.jpg\" decoding=\"async\" loading=\"lazy\" width=\"481\" height=\"720\" src=\"https:\/\/www.victorarandagarcia.es\/wp-content\/uploads\/naturaleza-urbana-05.jpg\" alt=\"Fotograf\u00eda de una planta creciendo en el suelo de una calle en una l\u00ednea blanca\" data-id=\"2380\" data-link=\"https:\/\/www.victorarandagarcia.es\/naturaleza-urbana-05\/\" class=\"wp-image-2380\" srcset=\"https:\/\/www.victorarandagarcia.es\/wp-content\/uploads\/naturaleza-urbana-05.jpg 481w, https:\/\/www.victorarandagarcia.es\/wp-content\/uploads\/naturaleza-urbana-05-200x300.jpg 200w\" sizes=\"(max-width: 481px) 100vw, 481px\" \/><\/figure><\/li><li class=\"blocks-gallery-item\"><figure><img data-attachment-id=\"2381\" data-permalink=\"https:\/\/www.victorarandagarcia.es\/naturaleza-urbana-06\/\" data-orig-file=\"https:\/\/www.victorarandagarcia.es\/wp-content\/uploads\/naturaleza-urbana-06.jpg\" data-orig-size=\"481,720\" data-comments-opened=\"0\" data-image-meta=\"{&quot;aperture&quot;:&quot;0&quot;,&quot;credit&quot;:&quot;&quot;,&quot;camera&quot;:&quot;&quot;,&quot;caption&quot;:&quot;&quot;,&quot;created_timestamp&quot;:&quot;0&quot;,&quot;copyright&quot;:&quot;&quot;,&quot;focal_length&quot;:&quot;0&quot;,&quot;iso&quot;:&quot;0&quot;,&quot;shutter_speed&quot;:&quot;0&quot;,&quot;title&quot;:&quot;&quot;,&quot;orientation&quot;:&quot;0&quot;}\" data-image-title=\"naturaleza-urbana-06\" data-image-description=\"&lt;p&gt;Naturaleza urbana (Valencia 2012)&lt;\/p&gt;\n\" data-image-caption=\"\" data-medium-file=\"https:\/\/www.victorarandagarcia.es\/wp-content\/uploads\/naturaleza-urbana-06-200x300.jpg\" data-large-file=\"https:\/\/www.victorarandagarcia.es\/wp-content\/uploads\/naturaleza-urbana-06.jpg\" decoding=\"async\" loading=\"lazy\" width=\"481\" height=\"720\" src=\"https:\/\/www.victorarandagarcia.es\/wp-content\/uploads\/naturaleza-urbana-06.jpg\" alt=\"Fotograf\u00eda de uan planta creciendo en un roto de una pared pintada con grafitis\" data-id=\"2381\" data-link=\"https:\/\/www.victorarandagarcia.es\/naturaleza-urbana-06\/\" class=\"wp-image-2381\" srcset=\"https:\/\/www.victorarandagarcia.es\/wp-content\/uploads\/naturaleza-urbana-06.jpg 481w, https:\/\/www.victorarandagarcia.es\/wp-content\/uploads\/naturaleza-urbana-06-200x300.jpg 200w\" sizes=\"(max-width: 481px) 100vw, 481px\" \/><\/figure><\/li><li class=\"blocks-gallery-item\"><figure><img data-attachment-id=\"1356\" data-permalink=\"https:\/\/www.victorarandagarcia.es\/naturaleza-urbana-005\/\" data-orig-file=\"https:\/\/www.victorarandagarcia.es\/wp-content\/uploads\/naturaleza-urbana-005.jpg\" data-orig-size=\"720,481\" data-comments-opened=\"0\" data-image-meta=\"{&quot;aperture&quot;:&quot;8&quot;,&quot;credit&quot;:&quot;Victor Aranda Garcia&quot;,&quot;camera&quot;:&quot;Canon EOS 50D&quot;,&quot;caption&quot;:&quot;&quot;,&quot;created_timestamp&quot;:&quot;1426159184&quot;,&quot;copyright&quot;:&quot;Victor Aranda Garcia&quot;,&quot;focal_length&quot;:&quot;25&quot;,&quot;iso&quot;:&quot;200&quot;,&quot;shutter_speed&quot;:&quot;0.00125&quot;,&quot;title&quot;:&quot;&quot;,&quot;orientation&quot;:&quot;1&quot;}\" data-image-title=\"naturaleza-urbana-005\" data-image-description=\"&lt;p&gt;Naturaleza urbana (Valencia 2015)&lt;\/p&gt;\n\" data-image-caption=\"\" data-medium-file=\"https:\/\/www.victorarandagarcia.es\/wp-content\/uploads\/naturaleza-urbana-005-300x200.jpg\" data-large-file=\"https:\/\/www.victorarandagarcia.es\/wp-content\/uploads\/naturaleza-urbana-005.jpg\" decoding=\"async\" loading=\"lazy\" width=\"720\" height=\"481\" src=\"https:\/\/www.victorarandagarcia.es\/wp-content\/uploads\/naturaleza-urbana-005.jpg\" alt=\"planta,brote\" data-id=\"1356\" data-link=\"https:\/\/www.victorarandagarcia.es\/naturaleza-urbana-005\/\" class=\"wp-image-1356\" srcset=\"https:\/\/www.victorarandagarcia.es\/wp-content\/uploads\/naturaleza-urbana-005.jpg 720w, https:\/\/www.victorarandagarcia.es\/wp-content\/uploads\/naturaleza-urbana-005-300x200.jpg 300w\" sizes=\"(max-width: 720px) 100vw, 720px\" \/><\/figure><\/li><li class=\"blocks-gallery-item\"><figure><img data-attachment-id=\"2379\" data-permalink=\"https:\/\/www.victorarandagarcia.es\/naturaleza-urbana-08\/\" data-orig-file=\"https:\/\/www.victorarandagarcia.es\/wp-content\/uploads\/naturaleza-urbana-08.jpg\" data-orig-size=\"720,481\" data-comments-opened=\"0\" data-image-meta=\"{&quot;aperture&quot;:&quot;0&quot;,&quot;credit&quot;:&quot;&quot;,&quot;camera&quot;:&quot;&quot;,&quot;caption&quot;:&quot;&quot;,&quot;created_timestamp&quot;:&quot;0&quot;,&quot;copyright&quot;:&quot;&quot;,&quot;focal_length&quot;:&quot;0&quot;,&quot;iso&quot;:&quot;0&quot;,&quot;shutter_speed&quot;:&quot;0&quot;,&quot;title&quot;:&quot;&quot;,&quot;orientation&quot;:&quot;0&quot;}\" data-image-title=\"naturaleza-urbana-08\" data-image-description=\"&lt;p&gt;Naturaleza urbana (Oporto 2018)&lt;\/p&gt;\n\" data-image-caption=\"\" data-medium-file=\"https:\/\/www.victorarandagarcia.es\/wp-content\/uploads\/naturaleza-urbana-08-300x200.jpg\" data-large-file=\"https:\/\/www.victorarandagarcia.es\/wp-content\/uploads\/naturaleza-urbana-08.jpg\" decoding=\"async\" loading=\"lazy\" width=\"720\" height=\"481\" src=\"https:\/\/www.victorarandagarcia.es\/wp-content\/uploads\/naturaleza-urbana-08.jpg\" alt=\"Fotograf\u00eda de una flor creciendo en el suelo delante del rio Duero en Oporto con un barco pasando a la derecha\" data-id=\"2379\" data-link=\"https:\/\/www.victorarandagarcia.es\/naturaleza-urbana-08\/\" class=\"wp-image-2379\" srcset=\"https:\/\/www.victorarandagarcia.es\/wp-content\/uploads\/naturaleza-urbana-08.jpg 720w, https:\/\/www.victorarandagarcia.es\/wp-content\/uploads\/naturaleza-urbana-08-300x200.jpg 300w\" sizes=\"(max-width: 720px) 100vw, 720px\" \/><\/figure><\/li><li class=\"blocks-gallery-item\"><figure><img data-attachment-id=\"2390\" data-permalink=\"https:\/\/www.victorarandagarcia.es\/naturaleza-urbana-09\/\" data-orig-file=\"https:\/\/www.victorarandagarcia.es\/wp-content\/uploads\/naturaleza-urbana-09.jpg\" data-orig-size=\"720,481\" data-comments-opened=\"0\" data-image-meta=\"{&quot;aperture&quot;:&quot;0&quot;,&quot;credit&quot;:&quot;&quot;,&quot;camera&quot;:&quot;&quot;,&quot;caption&quot;:&quot;&quot;,&quot;created_timestamp&quot;:&quot;0&quot;,&quot;copyright&quot;:&quot;&quot;,&quot;focal_length&quot;:&quot;0&quot;,&quot;iso&quot;:&quot;0&quot;,&quot;shutter_speed&quot;:&quot;0&quot;,&quot;title&quot;:&quot;&quot;,&quot;orientation&quot;:&quot;0&quot;}\" data-image-title=\"naturaleza-urbana-09\" data-image-description=\"&lt;p&gt;Naturaleza urbana (Sagunto 2015)&lt;\/p&gt;\n\" data-image-caption=\"\" data-medium-file=\"https:\/\/www.victorarandagarcia.es\/wp-content\/uploads\/naturaleza-urbana-09-300x200.jpg\" data-large-file=\"https:\/\/www.victorarandagarcia.es\/wp-content\/uploads\/naturaleza-urbana-09.jpg\" decoding=\"async\" loading=\"lazy\" width=\"720\" height=\"481\" src=\"https:\/\/www.victorarandagarcia.es\/wp-content\/uploads\/naturaleza-urbana-09.jpg\" alt=\"Fotograf\u00eda de una planta creciendo entre baldosas con torres el\u00e9ctricas al fondo\" data-id=\"2390\" data-link=\"https:\/\/www.victorarandagarcia.es\/naturaleza-urbana-09\/\" class=\"wp-image-2390\" srcset=\"https:\/\/www.victorarandagarcia.es\/wp-content\/uploads\/naturaleza-urbana-09.jpg 720w, https:\/\/www.victorarandagarcia.es\/wp-content\/uploads\/naturaleza-urbana-09-300x200.jpg 300w\" sizes=\"(max-width: 720px) 100vw, 720px\" \/><\/figure><\/li><li class=\"blocks-gallery-item\"><figure><img data-attachment-id=\"2373\" data-permalink=\"https:\/\/www.victorarandagarcia.es\/naturaleza-urbana-11\/\" data-orig-file=\"https:\/\/www.victorarandagarcia.es\/wp-content\/uploads\/naturaleza-urbana-11.jpg\" data-orig-size=\"720,481\" data-comments-opened=\"0\" data-image-meta=\"{&quot;aperture&quot;:&quot;0&quot;,&quot;credit&quot;:&quot;&quot;,&quot;camera&quot;:&quot;&quot;,&quot;caption&quot;:&quot;&quot;,&quot;created_timestamp&quot;:&quot;0&quot;,&quot;copyright&quot;:&quot;&quot;,&quot;focal_length&quot;:&quot;0&quot;,&quot;iso&quot;:&quot;0&quot;,&quot;shutter_speed&quot;:&quot;0&quot;,&quot;title&quot;:&quot;&quot;,&quot;orientation&quot;:&quot;0&quot;}\" data-image-title=\"naturaleza-urbana-11\" data-image-description=\"&lt;p&gt;Naturaleza urbana (Sagunto 2015)&lt;\/p&gt;\n\" data-image-caption=\"\" data-medium-file=\"https:\/\/www.victorarandagarcia.es\/wp-content\/uploads\/naturaleza-urbana-11-300x200.jpg\" data-large-file=\"https:\/\/www.victorarandagarcia.es\/wp-content\/uploads\/naturaleza-urbana-11.jpg\" decoding=\"async\" loading=\"lazy\" width=\"720\" height=\"481\" src=\"https:\/\/www.victorarandagarcia.es\/wp-content\/uploads\/naturaleza-urbana-11.jpg\" alt=\"Fotograf\u00eda de unas amapolas creciendo en una carretera\" data-id=\"2373\" data-link=\"https:\/\/www.victorarandagarcia.es\/naturaleza-urbana-11\/\" class=\"wp-image-2373\" srcset=\"https:\/\/www.victorarandagarcia.es\/wp-content\/uploads\/naturaleza-urbana-11.jpg 720w, https:\/\/www.victorarandagarcia.es\/wp-content\/uploads\/naturaleza-urbana-11-300x200.jpg 300w\" sizes=\"(max-width: 720px) 100vw, 720px\" \/><\/figure><\/li><li class=\"blocks-gallery-item\"><figure><img data-attachment-id=\"2388\" data-permalink=\"https:\/\/www.victorarandagarcia.es\/naturaleza-urbana-10\/\" data-orig-file=\"https:\/\/www.victorarandagarcia.es\/wp-content\/uploads\/naturaleza-urbana-10.jpg\" data-orig-size=\"720,481\" data-comments-opened=\"0\" data-image-meta=\"{&quot;aperture&quot;:&quot;0&quot;,&quot;credit&quot;:&quot;&quot;,&quot;camera&quot;:&quot;&quot;,&quot;caption&quot;:&quot;&quot;,&quot;created_timestamp&quot;:&quot;0&quot;,&quot;copyright&quot;:&quot;&quot;,&quot;focal_length&quot;:&quot;0&quot;,&quot;iso&quot;:&quot;0&quot;,&quot;shutter_speed&quot;:&quot;0&quot;,&quot;title&quot;:&quot;&quot;,&quot;orientation&quot;:&quot;0&quot;}\" data-image-title=\"naturaleza-urbana-10\" data-image-description=\"&lt;p&gt;Naturaleza urbana (Valencia 2013)&lt;\/p&gt;\n\" data-image-caption=\"\" data-medium-file=\"https:\/\/www.victorarandagarcia.es\/wp-content\/uploads\/naturaleza-urbana-10-300x200.jpg\" data-large-file=\"https:\/\/www.victorarandagarcia.es\/wp-content\/uploads\/naturaleza-urbana-10.jpg\" decoding=\"async\" loading=\"lazy\" width=\"720\" height=\"481\" src=\"https:\/\/www.victorarandagarcia.es\/wp-content\/uploads\/naturaleza-urbana-10.jpg\" alt=\"Fotograf\u00eda de una flor creciendo en un puente de Valencia\" data-id=\"2388\" data-link=\"https:\/\/www.victorarandagarcia.es\/naturaleza-urbana-10\/\" class=\"wp-image-2388\" srcset=\"https:\/\/www.victorarandagarcia.es\/wp-content\/uploads\/naturaleza-urbana-10.jpg 720w, https:\/\/www.victorarandagarcia.es\/wp-content\/uploads\/naturaleza-urbana-10-300x200.jpg 300w\" sizes=\"(max-width: 720px) 100vw, 720px\" \/><\/figure><\/li><li class=\"blocks-gallery-item\"><figure><img data-attachment-id=\"1359\" data-permalink=\"https:\/\/www.victorarandagarcia.es\/naturaleza-urbana-0010\/\" data-orig-file=\"https:\/\/www.victorarandagarcia.es\/wp-content\/uploads\/naturaleza-urbana-0010.jpg\" data-orig-size=\"720,481\" data-comments-opened=\"0\" data-image-meta=\"{&quot;aperture&quot;:&quot;7.1&quot;,&quot;credit&quot;:&quot;Victor Aranda Garcia&quot;,&quot;camera&quot;:&quot;Canon EOS 6D&quot;,&quot;caption&quot;:&quot;&quot;,&quot;created_timestamp&quot;:&quot;1411404585&quot;,&quot;copyright&quot;:&quot;&quot;,&quot;focal_length&quot;:&quot;40&quot;,&quot;iso&quot;:&quot;200&quot;,&quot;shutter_speed&quot;:&quot;0.00625&quot;,&quot;title&quot;:&quot;&quot;,&quot;orientation&quot;:&quot;1&quot;}\" data-image-title=\"naturaleza-urbana-0010\" data-image-description=\"&lt;p&gt;Naturaleza urbana (Eppelheim 2014)&lt;\/p&gt;\n\" data-image-caption=\"\" data-medium-file=\"https:\/\/www.victorarandagarcia.es\/wp-content\/uploads\/naturaleza-urbana-0010-300x200.jpg\" data-large-file=\"https:\/\/www.victorarandagarcia.es\/wp-content\/uploads\/naturaleza-urbana-0010.jpg\" decoding=\"async\" loading=\"lazy\" width=\"720\" height=\"481\" src=\"https:\/\/www.victorarandagarcia.es\/wp-content\/uploads\/naturaleza-urbana-0010.jpg\" alt=\"planta,brote\" data-id=\"1359\" data-link=\"https:\/\/www.victorarandagarcia.es\/naturaleza-urbana-0010\/\" class=\"wp-image-1359\" srcset=\"https:\/\/www.victorarandagarcia.es\/wp-content\/uploads\/naturaleza-urbana-0010.jpg 720w, https:\/\/www.victorarandagarcia.es\/wp-content\/uploads\/naturaleza-urbana-0010-300x200.jpg 300w\" sizes=\"(max-width: 720px) 100vw, 720px\" \/><\/figure><\/li><li class=\"blocks-gallery-item\"><figure><img data-attachment-id=\"1346\" data-permalink=\"https:\/\/www.victorarandagarcia.es\/naturaleza-urbana-001\/\" data-orig-file=\"https:\/\/www.victorarandagarcia.es\/wp-content\/uploads\/naturaleza-urbana-001.jpg\" data-orig-size=\"720,539\" data-comments-opened=\"0\" data-image-meta=\"{&quot;aperture&quot;:&quot;0&quot;,&quot;credit&quot;:&quot;&quot;,&quot;camera&quot;:&quot;&quot;,&quot;caption&quot;:&quot;&quot;,&quot;created_timestamp&quot;:&quot;0&quot;,&quot;copyright&quot;:&quot;&quot;,&quot;focal_length&quot;:&quot;0&quot;,&quot;iso&quot;:&quot;0&quot;,&quot;shutter_speed&quot;:&quot;0&quot;,&quot;title&quot;:&quot;&quot;,&quot;orientation&quot;:&quot;1&quot;}\" data-image-title=\"naturaleza-urbana-001\" data-image-description=\"&lt;p&gt;Naturaleza urbana&lt;\/p&gt;\n\" data-image-caption=\"\" data-medium-file=\"https:\/\/www.victorarandagarcia.es\/wp-content\/uploads\/naturaleza-urbana-001-300x225.jpg\" data-large-file=\"https:\/\/www.victorarandagarcia.es\/wp-content\/uploads\/naturaleza-urbana-001.jpg\" decoding=\"async\" loading=\"lazy\" width=\"720\" height=\"539\" src=\"https:\/\/www.victorarandagarcia.es\/wp-content\/uploads\/naturaleza-urbana-001.jpg\" alt=\"planta,brote,suelo\" data-id=\"1346\" data-link=\"https:\/\/www.victorarandagarcia.es\/naturaleza-urbana-001\/\" class=\"wp-image-1346\" srcset=\"https:\/\/www.victorarandagarcia.es\/wp-content\/uploads\/naturaleza-urbana-001.jpg 720w, https:\/\/www.victorarandagarcia.es\/wp-content\/uploads\/naturaleza-urbana-001-300x225.jpg 300w\" sizes=\"(max-width: 720px) 100vw, 720px\" \/><\/figure><\/li><li class=\"blocks-gallery-item\"><figure><img data-attachment-id=\"2387\" data-permalink=\"https:\/\/www.victorarandagarcia.es\/naturaleza-urbana-12\/\" data-orig-file=\"https:\/\/www.victorarandagarcia.es\/wp-content\/uploads\/naturaleza-urbana-12.jpg\" data-orig-size=\"720,481\" data-comments-opened=\"0\" data-image-meta=\"{&quot;aperture&quot;:&quot;0&quot;,&quot;credit&quot;:&quot;&quot;,&quot;camera&quot;:&quot;&quot;,&quot;caption&quot;:&quot;&quot;,&quot;created_timestamp&quot;:&quot;0&quot;,&quot;copyright&quot;:&quot;&quot;,&quot;focal_length&quot;:&quot;0&quot;,&quot;iso&quot;:&quot;0&quot;,&quot;shutter_speed&quot;:&quot;0&quot;,&quot;title&quot;:&quot;&quot;,&quot;orientation&quot;:&quot;0&quot;}\" data-image-title=\"naturaleza-urbana-12\" data-image-description=\"&lt;p&gt;Naturaleza urbana (Cartagena 2018)&lt;\/p&gt;\n\" data-image-caption=\"\" data-medium-file=\"https:\/\/www.victorarandagarcia.es\/wp-content\/uploads\/naturaleza-urbana-12-300x200.jpg\" data-large-file=\"https:\/\/www.victorarandagarcia.es\/wp-content\/uploads\/naturaleza-urbana-12.jpg\" decoding=\"async\" loading=\"lazy\" width=\"720\" height=\"481\" src=\"https:\/\/www.victorarandagarcia.es\/wp-content\/uploads\/naturaleza-urbana-12.jpg\" alt=\"Fotograf\u00eda de unas adelfas creciendo dentro de un desag\u00fce en una calle de Cartagena\" data-id=\"2387\" data-link=\"https:\/\/www.victorarandagarcia.es\/naturaleza-urbana-12\/\" class=\"wp-image-2387\" srcset=\"https:\/\/www.victorarandagarcia.es\/wp-content\/uploads\/naturaleza-urbana-12.jpg 720w, https:\/\/www.victorarandagarcia.es\/wp-content\/uploads\/naturaleza-urbana-12-300x200.jpg 300w\" sizes=\"(max-width: 720px) 100vw, 720px\" \/><\/figure><\/li><li class=\"blocks-gallery-item\"><figure><img data-attachment-id=\"2382\" data-permalink=\"https:\/\/www.victorarandagarcia.es\/naturaleza-urbana-14\/\" data-orig-file=\"https:\/\/www.victorarandagarcia.es\/wp-content\/uploads\/naturaleza-urbana-14.jpg\" data-orig-size=\"720,481\" data-comments-opened=\"0\" data-image-meta=\"{&quot;aperture&quot;:&quot;0&quot;,&quot;credit&quot;:&quot;&quot;,&quot;camera&quot;:&quot;&quot;,&quot;caption&quot;:&quot;&quot;,&quot;created_timestamp&quot;:&quot;0&quot;,&quot;copyright&quot;:&quot;&quot;,&quot;focal_length&quot;:&quot;0&quot;,&quot;iso&quot;:&quot;0&quot;,&quot;shutter_speed&quot;:&quot;0&quot;,&quot;title&quot;:&quot;&quot;,&quot;orientation&quot;:&quot;0&quot;}\" data-image-title=\"naturaleza-urbana-14\" data-image-description=\"&lt;p&gt;Naturaleza urbana (Valencia 2016)&lt;\/p&gt;\n\" data-image-caption=\"\" data-medium-file=\"https:\/\/www.victorarandagarcia.es\/wp-content\/uploads\/naturaleza-urbana-14-300x200.jpg\" data-large-file=\"https:\/\/www.victorarandagarcia.es\/wp-content\/uploads\/naturaleza-urbana-14.jpg\" decoding=\"async\" loading=\"lazy\" width=\"720\" height=\"481\" src=\"https:\/\/www.victorarandagarcia.es\/wp-content\/uploads\/naturaleza-urbana-14.jpg\" alt=\"Fotograf\u00eda de una palmera creciendo en el asfalto entre grandes tuber\u00edas de hormig\u00f3n\" data-id=\"2382\" data-link=\"https:\/\/www.victorarandagarcia.es\/naturaleza-urbana-14\/\" class=\"wp-image-2382\" srcset=\"https:\/\/www.victorarandagarcia.es\/wp-content\/uploads\/naturaleza-urbana-14.jpg 720w, https:\/\/www.victorarandagarcia.es\/wp-content\/uploads\/naturaleza-urbana-14-300x200.jpg 300w\" sizes=\"(max-width: 720px) 100vw, 720px\" \/><\/figure><\/li><li class=\"blocks-gallery-item\"><figure><img data-attachment-id=\"1360\" data-permalink=\"https:\/\/www.victorarandagarcia.es\/naturaleza-urbana-0014\/\" data-orig-file=\"https:\/\/www.victorarandagarcia.es\/wp-content\/uploads\/naturaleza-urbana-0014.jpg\" data-orig-size=\"481,720\" data-comments-opened=\"0\" data-image-meta=\"{&quot;aperture&quot;:&quot;6.3&quot;,&quot;credit&quot;:&quot;Victor Aranda Garcia&quot;,&quot;camera&quot;:&quot;Canon EOS 50D&quot;,&quot;caption&quot;:&quot;&quot;,&quot;created_timestamp&quot;:&quot;1371232929&quot;,&quot;copyright&quot;:&quot;Victor Aranda Garcia&quot;,&quot;focal_length&quot;:&quot;149&quot;,&quot;iso&quot;:&quot;400&quot;,&quot;shutter_speed&quot;:&quot;0.001&quot;,&quot;title&quot;:&quot;&quot;,&quot;orientation&quot;:&quot;1&quot;}\" data-image-title=\"naturaleza-urbana-0014\" data-image-description=\"&lt;p&gt;Naturaleza urbana (Alboraia 2013)&lt;\/p&gt;\n\" data-image-caption=\"\" data-medium-file=\"https:\/\/www.victorarandagarcia.es\/wp-content\/uploads\/naturaleza-urbana-0014-200x300.jpg\" data-large-file=\"https:\/\/www.victorarandagarcia.es\/wp-content\/uploads\/naturaleza-urbana-0014.jpg\" decoding=\"async\" loading=\"lazy\" width=\"481\" height=\"720\" src=\"https:\/\/www.victorarandagarcia.es\/wp-content\/uploads\/naturaleza-urbana-0014.jpg\" alt=\"planta,brote\" data-id=\"1360\" data-link=\"https:\/\/www.victorarandagarcia.es\/naturaleza-urbana-0014\/\" class=\"wp-image-1360\" srcset=\"https:\/\/www.victorarandagarcia.es\/wp-content\/uploads\/naturaleza-urbana-0014.jpg 481w, https:\/\/www.victorarandagarcia.es\/wp-content\/uploads\/naturaleza-urbana-0014-200x300.jpg 200w\" sizes=\"(max-width: 481px) 100vw, 481px\" \/><\/figure><\/li><li class=\"blocks-gallery-item\"><figure><img data-attachment-id=\"2386\" data-permalink=\"https:\/\/www.victorarandagarcia.es\/naturaleza-urbana-18\/\" data-orig-file=\"https:\/\/www.victorarandagarcia.es\/wp-content\/uploads\/naturaleza-urbana-18.jpg\" data-orig-size=\"481,720\" data-comments-opened=\"0\" data-image-meta=\"{&quot;aperture&quot;:&quot;0&quot;,&quot;credit&quot;:&quot;&quot;,&quot;camera&quot;:&quot;&quot;,&quot;caption&quot;:&quot;&quot;,&quot;created_timestamp&quot;:&quot;0&quot;,&quot;copyright&quot;:&quot;&quot;,&quot;focal_length&quot;:&quot;0&quot;,&quot;iso&quot;:&quot;0&quot;,&quot;shutter_speed&quot;:&quot;0&quot;,&quot;title&quot;:&quot;&quot;,&quot;orientation&quot;:&quot;0&quot;}\" data-image-title=\"naturaleza-urbana-18\" data-image-description=\"&lt;p&gt;Naturaleza urbana (Londres 2013)&lt;\/p&gt;\n\" data-image-caption=\"\" data-medium-file=\"https:\/\/www.victorarandagarcia.es\/wp-content\/uploads\/naturaleza-urbana-18-200x300.jpg\" data-large-file=\"https:\/\/www.victorarandagarcia.es\/wp-content\/uploads\/naturaleza-urbana-18.jpg\" decoding=\"async\" loading=\"lazy\" width=\"481\" height=\"720\" src=\"https:\/\/www.victorarandagarcia.es\/wp-content\/uploads\/naturaleza-urbana-18.jpg\" alt=\"Fotograf\u00eda de una planta creciendo en Londres creciendo delante del London Eye\" data-id=\"2386\" data-link=\"https:\/\/www.victorarandagarcia.es\/naturaleza-urbana-18\/\" class=\"wp-image-2386\" srcset=\"https:\/\/www.victorarandagarcia.es\/wp-content\/uploads\/naturaleza-urbana-18.jpg 481w, https:\/\/www.victorarandagarcia.es\/wp-content\/uploads\/naturaleza-urbana-18-200x300.jpg 200w\" sizes=\"(max-width: 481px) 100vw, 481px\" \/><\/figure><\/li><li class=\"blocks-gallery-item\"><figure><img data-attachment-id=\"1351\" data-permalink=\"https:\/\/www.victorarandagarcia.es\/naturaleza-urbana-0012\/\" data-orig-file=\"https:\/\/www.victorarandagarcia.es\/wp-content\/uploads\/naturaleza-urbana-0012.jpg\" data-orig-size=\"482,720\" data-comments-opened=\"0\" data-image-meta=\"{&quot;aperture&quot;:&quot;0&quot;,&quot;credit&quot;:&quot;&quot;,&quot;camera&quot;:&quot;&quot;,&quot;caption&quot;:&quot;&quot;,&quot;created_timestamp&quot;:&quot;0&quot;,&quot;copyright&quot;:&quot;&quot;,&quot;focal_length&quot;:&quot;0&quot;,&quot;iso&quot;:&quot;0&quot;,&quot;shutter_speed&quot;:&quot;0&quot;,&quot;title&quot;:&quot;&quot;,&quot;orientation&quot;:&quot;1&quot;}\" data-image-title=\"naturaleza-urbana-0012\" data-image-description=\"&lt;p&gt;Naturaleza urbana (Valencia 2010)&lt;\/p&gt;\n\" data-image-caption=\"\" data-medium-file=\"https:\/\/www.victorarandagarcia.es\/wp-content\/uploads\/naturaleza-urbana-0012-201x300.jpg\" data-large-file=\"https:\/\/www.victorarandagarcia.es\/wp-content\/uploads\/naturaleza-urbana-0012.jpg\" decoding=\"async\" loading=\"lazy\" width=\"482\" height=\"720\" src=\"https:\/\/www.victorarandagarcia.es\/wp-content\/uploads\/naturaleza-urbana-0012.jpg\" alt=\"planta,brote\" data-id=\"1351\" data-link=\"https:\/\/www.victorarandagarcia.es\/naturaleza-urbana-0012\/\" class=\"wp-image-1351\" srcset=\"https:\/\/www.victorarandagarcia.es\/wp-content\/uploads\/naturaleza-urbana-0012.jpg 482w, https:\/\/www.victorarandagarcia.es\/wp-content\/uploads\/naturaleza-urbana-0012-201x300.jpg 201w\" sizes=\"(max-width: 482px) 100vw, 482px\" \/><\/figure><\/li><li class=\"blocks-gallery-item\"><figure><img data-attachment-id=\"2383\" data-permalink=\"https:\/\/www.victorarandagarcia.es\/naturaleza-urbana-22\/\" data-orig-file=\"https:\/\/www.victorarandagarcia.es\/wp-content\/uploads\/naturaleza-urbana-22.jpg\" data-orig-size=\"481,720\" data-comments-opened=\"0\" data-image-meta=\"{&quot;aperture&quot;:&quot;0&quot;,&quot;credit&quot;:&quot;&quot;,&quot;camera&quot;:&quot;&quot;,&quot;caption&quot;:&quot;&quot;,&quot;created_timestamp&quot;:&quot;0&quot;,&quot;copyright&quot;:&quot;&quot;,&quot;focal_length&quot;:&quot;0&quot;,&quot;iso&quot;:&quot;0&quot;,&quot;shutter_speed&quot;:&quot;0&quot;,&quot;title&quot;:&quot;&quot;,&quot;orientation&quot;:&quot;0&quot;}\" data-image-title=\"naturaleza-urbana-22\" data-image-description=\"&lt;p&gt;Naturaleza urbana (Valencia 2013)&lt;\/p&gt;\n\" data-image-caption=\"\" data-medium-file=\"https:\/\/www.victorarandagarcia.es\/wp-content\/uploads\/naturaleza-urbana-22-200x300.jpg\" data-large-file=\"https:\/\/www.victorarandagarcia.es\/wp-content\/uploads\/naturaleza-urbana-22.jpg\" decoding=\"async\" loading=\"lazy\" width=\"481\" height=\"720\" src=\"https:\/\/www.victorarandagarcia.es\/wp-content\/uploads\/naturaleza-urbana-22.jpg\" alt=\"Fotograf\u00eda de una planta creciendo en un tuber\u00eda en Valencia\" data-id=\"2383\" data-link=\"https:\/\/www.victorarandagarcia.es\/naturaleza-urbana-22\/\" class=\"wp-image-2383\" srcset=\"https:\/\/www.victorarandagarcia.es\/wp-content\/uploads\/naturaleza-urbana-22.jpg 481w, https:\/\/www.victorarandagarcia.es\/wp-content\/uploads\/naturaleza-urbana-22-200x300.jpg 200w\" sizes=\"(max-width: 481px) 100vw, 481px\" \/><\/figure><\/li><li class=\"blocks-gallery-item\"><figure><img data-attachment-id=\"1349\" data-permalink=\"https:\/\/www.victorarandagarcia.es\/naturaleza-urbana-009\/\" data-orig-file=\"https:\/\/www.victorarandagarcia.es\/wp-content\/uploads\/naturaleza-urbana-009.jpg\" data-orig-size=\"481,720\" data-comments-opened=\"0\" data-image-meta=\"{&quot;aperture&quot;:&quot;7.1&quot;,&quot;credit&quot;:&quot;Victor Aranda Garcia&quot;,&quot;camera&quot;:&quot;Canon EOS 50D&quot;,&quot;caption&quot;:&quot;&quot;,&quot;created_timestamp&quot;:&quot;1407664786&quot;,&quot;copyright&quot;:&quot;Victor Aranda Garcia&quot;,&quot;focal_length&quot;:&quot;37&quot;,&quot;iso&quot;:&quot;100&quot;,&quot;shutter_speed&quot;:&quot;0.003125&quot;,&quot;title&quot;:&quot;&quot;,&quot;orientation&quot;:&quot;1&quot;}\" data-image-title=\"naturaleza-urbana-009\" data-image-description=\"&lt;p&gt;Naturaleza urbana (Bonrep\u00f3s i Mirambell 2013)&lt;\/p&gt;\n\" data-image-caption=\"\" data-medium-file=\"https:\/\/www.victorarandagarcia.es\/wp-content\/uploads\/naturaleza-urbana-009-200x300.jpg\" data-large-file=\"https:\/\/www.victorarandagarcia.es\/wp-content\/uploads\/naturaleza-urbana-009.jpg\" decoding=\"async\" loading=\"lazy\" width=\"481\" height=\"720\" src=\"https:\/\/www.victorarandagarcia.es\/wp-content\/uploads\/naturaleza-urbana-009.jpg\" alt=\"planta,brote\" data-id=\"1349\" data-link=\"https:\/\/www.victorarandagarcia.es\/naturaleza-urbana-009\/\" class=\"wp-image-1349\" srcset=\"https:\/\/www.victorarandagarcia.es\/wp-content\/uploads\/naturaleza-urbana-009.jpg 481w, https:\/\/www.victorarandagarcia.es\/wp-content\/uploads\/naturaleza-urbana-009-200x300.jpg 200w\" sizes=\"(max-width: 481px) 100vw, 481px\" \/><\/figure><\/li><li class=\"blocks-gallery-item\"><figure><img data-attachment-id=\"1350\" data-permalink=\"https:\/\/www.victorarandagarcia.es\/naturaleza-urbana-004\/\" data-orig-file=\"https:\/\/www.victorarandagarcia.es\/wp-content\/uploads\/naturaleza-urbana-004.jpg\" data-orig-size=\"481,720\" data-comments-opened=\"0\" data-image-meta=\"{&quot;aperture&quot;:&quot;8&quot;,&quot;credit&quot;:&quot;Victor Aranda Garcia&quot;,&quot;camera&quot;:&quot;Canon EOS 50D&quot;,&quot;caption&quot;:&quot;&quot;,&quot;created_timestamp&quot;:&quot;1426338244&quot;,&quot;copyright&quot;:&quot;Victor Aranda Garcia&quot;,&quot;focal_length&quot;:&quot;34&quot;,&quot;iso&quot;:&quot;100&quot;,&quot;shutter_speed&quot;:&quot;0.002&quot;,&quot;title&quot;:&quot;&quot;,&quot;orientation&quot;:&quot;1&quot;}\" data-image-title=\"naturaleza-urbana-004\" data-image-description=\"&lt;p&gt;Naturaleza urbana (Valencia 2013)&lt;\/p&gt;\n\" data-image-caption=\"\" data-medium-file=\"https:\/\/www.victorarandagarcia.es\/wp-content\/uploads\/naturaleza-urbana-004-200x300.jpg\" data-large-file=\"https:\/\/www.victorarandagarcia.es\/wp-content\/uploads\/naturaleza-urbana-004.jpg\" decoding=\"async\" loading=\"lazy\" width=\"481\" height=\"720\" src=\"https:\/\/www.victorarandagarcia.es\/wp-content\/uploads\/naturaleza-urbana-004.jpg\" alt=\"planta,brote\" data-id=\"1350\" data-link=\"https:\/\/www.victorarandagarcia.es\/naturaleza-urbana-004\/\" class=\"wp-image-1350\" srcset=\"https:\/\/www.victorarandagarcia.es\/wp-content\/uploads\/naturaleza-urbana-004.jpg 481w, https:\/\/www.victorarandagarcia.es\/wp-content\/uploads\/naturaleza-urbana-004-200x300.jpg 200w\" sizes=\"(max-width: 481px) 100vw, 481px\" \/><\/figure><\/li><li class=\"blocks-gallery-item\"><figure><img data-attachment-id=\"2384\" data-permalink=\"https:\/\/www.victorarandagarcia.es\/naturaleza-urbana-21\/\" data-orig-file=\"https:\/\/www.victorarandagarcia.es\/wp-content\/uploads\/naturaleza-urbana-21.jpg\" data-orig-size=\"720,482\" data-comments-opened=\"0\" data-image-meta=\"{&quot;aperture&quot;:&quot;0&quot;,&quot;credit&quot;:&quot;&quot;,&quot;camera&quot;:&quot;&quot;,&quot;caption&quot;:&quot;&quot;,&quot;created_timestamp&quot;:&quot;0&quot;,&quot;copyright&quot;:&quot;&quot;,&quot;focal_length&quot;:&quot;0&quot;,&quot;iso&quot;:&quot;0&quot;,&quot;shutter_speed&quot;:&quot;0&quot;,&quot;title&quot;:&quot;&quot;,&quot;orientation&quot;:&quot;0&quot;}\" data-image-title=\"naturaleza-urbana-21\" data-image-description=\"&lt;p&gt;Naturaleza urbana (Valencia 2019)&lt;\/p&gt;\n\" data-image-caption=\"\" data-medium-file=\"https:\/\/www.victorarandagarcia.es\/wp-content\/uploads\/naturaleza-urbana-21-300x201.jpg\" data-large-file=\"https:\/\/www.victorarandagarcia.es\/wp-content\/uploads\/naturaleza-urbana-21.jpg\" decoding=\"async\" loading=\"lazy\" width=\"720\" height=\"482\" src=\"https:\/\/www.victorarandagarcia.es\/wp-content\/uploads\/naturaleza-urbana-21.jpg\" alt=\"Fotograf\u00eda de una planta creciendo en la pared de una casa\" data-id=\"2384\" data-link=\"https:\/\/www.victorarandagarcia.es\/naturaleza-urbana-21\/\" class=\"wp-image-2384\" srcset=\"https:\/\/www.victorarandagarcia.es\/wp-content\/uploads\/naturaleza-urbana-21.jpg 720w, https:\/\/www.victorarandagarcia.es\/wp-content\/uploads\/naturaleza-urbana-21-300x201.jpg 300w\" sizes=\"(max-width: 720px) 100vw, 720px\" \/><\/figure><\/li><li class=\"blocks-gallery-item\"><figure><img data-attachment-id=\"2378\" data-permalink=\"https:\/\/www.victorarandagarcia.es\/naturaleza-urbana-15\/\" data-orig-file=\"https:\/\/www.victorarandagarcia.es\/wp-content\/uploads\/naturaleza-urbana-15.jpg\" data-orig-size=\"688,460\" data-comments-opened=\"0\" data-image-meta=\"{&quot;aperture&quot;:&quot;0&quot;,&quot;credit&quot;:&quot;&quot;,&quot;camera&quot;:&quot;&quot;,&quot;caption&quot;:&quot;&quot;,&quot;created_timestamp&quot;:&quot;0&quot;,&quot;copyright&quot;:&quot;&quot;,&quot;focal_length&quot;:&quot;0&quot;,&quot;iso&quot;:&quot;0&quot;,&quot;shutter_speed&quot;:&quot;0&quot;,&quot;title&quot;:&quot;&quot;,&quot;orientation&quot;:&quot;0&quot;}\" data-image-title=\"naturaleza-urbana-15\" data-image-description=\"&lt;p&gt;Naturaleza urbana (Valencia 2002)&lt;\/p&gt;\n\" data-image-caption=\"\" data-medium-file=\"https:\/\/www.victorarandagarcia.es\/wp-content\/uploads\/naturaleza-urbana-15-300x201.jpg\" data-large-file=\"https:\/\/www.victorarandagarcia.es\/wp-content\/uploads\/naturaleza-urbana-15.jpg\" decoding=\"async\" loading=\"lazy\" width=\"688\" height=\"460\" src=\"https:\/\/www.victorarandagarcia.es\/wp-content\/uploads\/naturaleza-urbana-15.jpg\" alt=\"Fotograf\u00eda de una planta creciendo en una acera justo bajo una tuber\u00eda de desag\u00fce\" data-id=\"2378\" data-link=\"https:\/\/www.victorarandagarcia.es\/naturaleza-urbana-15\/\" class=\"wp-image-2378\" srcset=\"https:\/\/www.victorarandagarcia.es\/wp-content\/uploads\/naturaleza-urbana-15.jpg 688w, https:\/\/www.victorarandagarcia.es\/wp-content\/uploads\/naturaleza-urbana-15-300x201.jpg 300w\" sizes=\"(max-width: 688px) 100vw, 688px\" \/><\/figure><\/li><li class=\"blocks-gallery-item\"><figure><img data-attachment-id=\"2374\" data-permalink=\"https:\/\/www.victorarandagarcia.es\/naturaleza-urbana-19\/\" data-orig-file=\"https:\/\/www.victorarandagarcia.es\/wp-content\/uploads\/naturaleza-urbana-19.jpg\" data-orig-size=\"720,481\" data-comments-opened=\"0\" data-image-meta=\"{&quot;aperture&quot;:&quot;0&quot;,&quot;credit&quot;:&quot;&quot;,&quot;camera&quot;:&quot;&quot;,&quot;caption&quot;:&quot;&quot;,&quot;created_timestamp&quot;:&quot;0&quot;,&quot;copyright&quot;:&quot;&quot;,&quot;focal_length&quot;:&quot;0&quot;,&quot;iso&quot;:&quot;0&quot;,&quot;shutter_speed&quot;:&quot;0&quot;,&quot;title&quot;:&quot;&quot;,&quot;orientation&quot;:&quot;0&quot;}\" data-image-title=\"naturaleza-urbana-19\" data-image-description=\"&lt;p&gt;Naturaleza urbana (Valencia 2014)&lt;\/p&gt;\n\" data-image-caption=\"\" data-medium-file=\"https:\/\/www.victorarandagarcia.es\/wp-content\/uploads\/naturaleza-urbana-19-300x200.jpg\" data-large-file=\"https:\/\/www.victorarandagarcia.es\/wp-content\/uploads\/naturaleza-urbana-19.jpg\" decoding=\"async\" loading=\"lazy\" width=\"720\" height=\"481\" src=\"https:\/\/www.victorarandagarcia.es\/wp-content\/uploads\/naturaleza-urbana-19.jpg\" alt=\"Fotograf\u00eda de una flor amarilla creciendo en la parte baja de un muro\" data-id=\"2374\" data-link=\"https:\/\/www.victorarandagarcia.es\/naturaleza-urbana-19\/\" class=\"wp-image-2374\" srcset=\"https:\/\/www.victorarandagarcia.es\/wp-content\/uploads\/naturaleza-urbana-19.jpg 720w, https:\/\/www.victorarandagarcia.es\/wp-content\/uploads\/naturaleza-urbana-19-300x200.jpg 300w\" sizes=\"(max-width: 720px) 100vw, 720px\" \/><\/figure><\/li><li class=\"blocks-gallery-item\"><figure><img data-attachment-id=\"1364\" data-permalink=\"https:\/\/www.victorarandagarcia.es\/naturaleza-urbana-0018\/\" data-orig-file=\"https:\/\/www.victorarandagarcia.es\/wp-content\/uploads\/naturaleza-urbana-0018.jpg\" data-orig-size=\"720,482\" data-comments-opened=\"0\" data-image-meta=\"{&quot;aperture&quot;:&quot;0&quot;,&quot;credit&quot;:&quot;&quot;,&quot;camera&quot;:&quot;&quot;,&quot;caption&quot;:&quot;&quot;,&quot;created_timestamp&quot;:&quot;0&quot;,&quot;copyright&quot;:&quot;&quot;,&quot;focal_length&quot;:&quot;0&quot;,&quot;iso&quot;:&quot;0&quot;,&quot;shutter_speed&quot;:&quot;0&quot;,&quot;title&quot;:&quot;&quot;,&quot;orientation&quot;:&quot;1&quot;}\" data-image-title=\"naturaleza-urbana-0018\" data-image-description=\"&lt;p&gt;Naturaleza urbana (Valencia 2010)&lt;\/p&gt;\n\" data-image-caption=\"\" data-medium-file=\"https:\/\/www.victorarandagarcia.es\/wp-content\/uploads\/naturaleza-urbana-0018-300x201.jpg\" data-large-file=\"https:\/\/www.victorarandagarcia.es\/wp-content\/uploads\/naturaleza-urbana-0018.jpg\" decoding=\"async\" loading=\"lazy\" width=\"720\" height=\"482\" src=\"https:\/\/www.victorarandagarcia.es\/wp-content\/uploads\/naturaleza-urbana-0018.jpg\" alt=\"planta,brote\" data-id=\"1364\" data-link=\"https:\/\/www.victorarandagarcia.es\/naturaleza-urbana-0018\/\" class=\"wp-image-1364\" srcset=\"https:\/\/www.victorarandagarcia.es\/wp-content\/uploads\/naturaleza-urbana-0018.jpg 720w, https:\/\/www.victorarandagarcia.es\/wp-content\/uploads\/naturaleza-urbana-0018-300x201.jpg 300w\" sizes=\"(max-width: 720px) 100vw, 720px\" \/><\/figure><\/li><\/ul>\n","protected":false},"excerpt":{"rendered":"<p>Serie de fotograf\u00ed\u00ada de naturaleza en el entorno urbano &hellip; <a href=\"https:\/\/www.victorarandagarcia.es\/index.php\/arte\/naturaleza\/naturaleza-urbana\/\" class=\"more-link\"><span>Continuar<span class=\"screen-reader-text\">Naturaleza urbana<\/span><\/span><\/a><\/p>\n","protected":false},"author":1,"featured_media":1348,"comment_status":"closed","ping_status":"open","sticky":false,"template":"","format":"standard","meta":{"jetpack_post_was_ever_published":false,"_jetpack_newsletter_access":"","_jetpack_dont_email_post_to_subs":false,"_jetpack_newsletter_tier_id":0,"_jetpack_memberships_contains_paywalled_content":false,"footnotes":"","_jetpack_memberships_contains_paid_content":false},"categories":[46],"tags":[36],"yoast_head":"<!-- This site is optimized with the Yoast SEO plugin v22.6 - https:\/\/yoast.com\/wordpress\/plugins\/seo\/ -->\n<title>Naturaleza urbana - arte y estudio<\/title>\n<meta name=\"robots\" content=\"index, follow, max-snippet:-1, max-image-preview:large, max-video-preview:-1\" \/>\n<link rel=\"canonical\" href=\"https:\/\/www.victorarandagarcia.es\/index.php\/arte\/naturaleza\/naturaleza-urbana\/\" \/>\n<meta property=\"og:locale\" content=\"es_ES\" \/>\n<meta property=\"og:type\" content=\"article\" \/>\n<meta property=\"og:title\" content=\"Naturaleza urbana - arte y estudio\" \/>\n<meta property=\"og:description\" content=\"Serie de fotograf\u00ed\u00ada de naturaleza en el entorno urbano &hellip; ContinuarNaturaleza urbana\" \/>\n<meta property=\"og:url\" content=\"https:\/\/www.victorarandagarcia.es\/index.php\/arte\/naturaleza\/naturaleza-urbana\/\" \/>\n<meta property=\"og:site_name\" content=\"arte y estudio\" \/>\n<meta property=\"article:published_time\" content=\"2019-04-12T11:15:00+00:00\" \/>\n<meta property=\"article:modified_time\" content=\"2019-12-28T19:57:23+00:00\" \/>\n<meta property=\"og:image\" content=\"https:\/\/www.victorarandagarcia.es\/wp-content\/uploads\/naturaleza-urbana-0.jpg\" \/>\n\t<meta property=\"og:image:width\" content=\"280\" \/>\n\t<meta property=\"og:image:height\" content=\"280\" \/>\n\t<meta property=\"og:image:type\" content=\"image\/jpeg\" \/>\n<meta name=\"author\" content=\"victorarandagarcia\" \/>\n<meta name=\"twitter:card\" content=\"summary_large_image\" \/>\n<meta name=\"twitter:label1\" content=\"Escrito por\" \/>\n\t<meta name=\"twitter:data1\" content=\"victorarandagarcia\" \/>\n<script type=\"application\/ld+json\" class=\"yoast-schema-graph\">{\"@context\":\"https:\/\/schema.org\",\"@graph\":[{\"@type\":\"Article\",\"@id\":\"https:\/\/www.victorarandagarcia.es\/index.php\/arte\/naturaleza\/naturaleza-urbana\/#article\",\"isPartOf\":{\"@id\":\"https:\/\/www.victorarandagarcia.es\/index.php\/arte\/naturaleza\/naturaleza-urbana\/\"},\"author\":{\"name\":\"victorarandagarcia\",\"@id\":\"https:\/\/www.victorarandagarcia.es\/#\/schema\/person\/bfa9c61a3776d517deeee5f9386ef302\"},\"headline\":\"Naturaleza urbana\",\"datePublished\":\"2019-04-12T11:15:00+00:00\",\"dateModified\":\"2019-12-28T19:57:23+00:00\",\"mainEntityOfPage\":{\"@id\":\"https:\/\/www.victorarandagarcia.es\/index.php\/arte\/naturaleza\/naturaleza-urbana\/\"},\"wordCount\":17,\"publisher\":{\"@id\":\"https:\/\/www.victorarandagarcia.es\/#organization\"},\"image\":{\"@id\":\"https:\/\/www.victorarandagarcia.es\/index.php\/arte\/naturaleza\/naturaleza-urbana\/#primaryimage\"},\"thumbnailUrl\":\"https:\/\/www.victorarandagarcia.es\/wp-content\/uploads\/naturaleza-urbana-0.jpg\",\"keywords\":[\"naturaleza\"],\"articleSection\":[\"NATURALEZA\"],\"inLanguage\":\"es\"},{\"@type\":\"WebPage\",\"@id\":\"https:\/\/www.victorarandagarcia.es\/index.php\/arte\/naturaleza\/naturaleza-urbana\/\",\"url\":\"https:\/\/www.victorarandagarcia.es\/index.php\/arte\/naturaleza\/naturaleza-urbana\/\",\"name\":\"Naturaleza urbana - arte y estudio\",\"isPartOf\":{\"@id\":\"https:\/\/www.victorarandagarcia.es\/#website\"},\"primaryImageOfPage\":{\"@id\":\"https:\/\/www.victorarandagarcia.es\/index.php\/arte\/naturaleza\/naturaleza-urbana\/#primaryimage\"},\"image\":{\"@id\":\"https:\/\/www.victorarandagarcia.es\/index.php\/arte\/naturaleza\/naturaleza-urbana\/#primaryimage\"},\"thumbnailUrl\":\"https:\/\/www.victorarandagarcia.es\/wp-content\/uploads\/naturaleza-urbana-0.jpg\",\"datePublished\":\"2019-04-12T11:15:00+00:00\",\"dateModified\":\"2019-12-28T19:57:23+00:00\",\"breadcrumb\":{\"@id\":\"https:\/\/www.victorarandagarcia.es\/index.php\/arte\/naturaleza\/naturaleza-urbana\/#breadcrumb\"},\"inLanguage\":\"es\",\"potentialAction\":[{\"@type\":\"ReadAction\",\"target\":[\"https:\/\/www.victorarandagarcia.es\/index.php\/arte\/naturaleza\/naturaleza-urbana\/\"]}]},{\"@type\":\"ImageObject\",\"inLanguage\":\"es\",\"@id\":\"https:\/\/www.victorarandagarcia.es\/index.php\/arte\/naturaleza\/naturaleza-urbana\/#primaryimage\",\"url\":\"https:\/\/www.victorarandagarcia.es\/wp-content\/uploads\/naturaleza-urbana-0.jpg\",\"contentUrl\":\"https:\/\/www.victorarandagarcia.es\/wp-content\/uploads\/naturaleza-urbana-0.jpg\",\"width\":280,\"height\":280},{\"@type\":\"BreadcrumbList\",\"@id\":\"https:\/\/www.victorarandagarcia.es\/index.php\/arte\/naturaleza\/naturaleza-urbana\/#breadcrumb\",\"itemListElement\":[{\"@type\":\"ListItem\",\"position\":1,\"name\":\"Portada\",\"item\":\"https:\/\/www.victorarandagarcia.es\/\"},{\"@type\":\"ListItem\",\"position\":2,\"name\":\"Naturaleza urbana\"}]},{\"@type\":\"WebSite\",\"@id\":\"https:\/\/www.victorarandagarcia.es\/#website\",\"url\":\"https:\/\/www.victorarandagarcia.es\/\",\"name\":\"arte y estudio\",\"description\":\"Fot\u00f3grafo\",\"publisher\":{\"@id\":\"https:\/\/www.victorarandagarcia.es\/#organization\"},\"potentialAction\":[{\"@type\":\"SearchAction\",\"target\":{\"@type\":\"EntryPoint\",\"urlTemplate\":\"https:\/\/www.victorarandagarcia.es\/?s={search_term_string}\"},\"query-input\":\"required name=search_term_string\"}],\"inLanguage\":\"es\"},{\"@type\":\"Organization\",\"@id\":\"https:\/\/www.victorarandagarcia.es\/#organization\",\"name\":\"arte y estudio\",\"url\":\"https:\/\/www.victorarandagarcia.es\/\",\"logo\":{\"@type\":\"ImageObject\",\"inLanguage\":\"es\",\"@id\":\"https:\/\/www.victorarandagarcia.es\/#\/schema\/logo\/image\/\",\"url\":\"https:\/\/www.victorarandagarcia.es\/wp-content\/uploads\/2019\/03\/logo-fotografo.png\",\"contentUrl\":\"https:\/\/www.victorarandagarcia.es\/wp-content\/uploads\/2019\/03\/logo-fotografo.png\",\"width\":150,\"height\":150,\"caption\":\"arte y estudio\"},\"image\":{\"@id\":\"https:\/\/www.victorarandagarcia.es\/#\/schema\/logo\/image\/\"}},{\"@type\":\"Person\",\"@id\":\"https:\/\/www.victorarandagarcia.es\/#\/schema\/person\/bfa9c61a3776d517deeee5f9386ef302\",\"name\":\"victorarandagarcia\",\"image\":{\"@type\":\"ImageObject\",\"inLanguage\":\"es\",\"@id\":\"https:\/\/www.victorarandagarcia.es\/#\/schema\/person\/image\/\",\"url\":\"https:\/\/secure.gravatar.com\/avatar\/957a01ac23a6393e755ae8225c35dbdb?s=96&d=mm&r=g\",\"contentUrl\":\"https:\/\/secure.gravatar.com\/avatar\/957a01ac23a6393e755ae8225c35dbdb?s=96&d=mm&r=g\",\"caption\":\"victorarandagarcia\"}}]}<\/script>\n<!-- \/ Yoast SEO plugin. -->","yoast_head_json":{"title":"Naturaleza urbana - arte y estudio","robots":{"index":"index","follow":"follow","max-snippet":"max-snippet:-1","max-image-preview":"max-image-preview:large","max-video-preview":"max-video-preview:-1"},"canonical":"https:\/\/www.victorarandagarcia.es\/index.php\/arte\/naturaleza\/naturaleza-urbana\/","og_locale":"es_ES","og_type":"article","og_title":"Naturaleza urbana - arte y estudio","og_description":"Serie de fotograf\u00ed\u00ada de naturaleza en el entorno urbano &hellip; ContinuarNaturaleza urbana","og_url":"https:\/\/www.victorarandagarcia.es\/index.php\/arte\/naturaleza\/naturaleza-urbana\/","og_site_name":"arte y estudio","article_published_time":"2019-04-12T11:15:00+00:00","article_modified_time":"2019-12-28T19:57:23+00:00","og_image":[{"width":280,"height":280,"url":"https:\/\/www.victorarandagarcia.es\/wp-content\/uploads\/naturaleza-urbana-0.jpg","type":"image\/jpeg"}],"author":"victorarandagarcia","twitter_card":"summary_large_image","twitter_misc":{"Escrito por":"victorarandagarcia"},"schema":{"@context":"https:\/\/schema.org","@graph":[{"@type":"Article","@id":"https:\/\/www.victorarandagarcia.es\/index.php\/arte\/naturaleza\/naturaleza-urbana\/#article","isPartOf":{"@id":"https:\/\/www.victorarandagarcia.es\/index.php\/arte\/naturaleza\/naturaleza-urbana\/"},"author":{"name":"victorarandagarcia","@id":"https:\/\/www.victorarandagarcia.es\/#\/schema\/person\/bfa9c61a3776d517deeee5f9386ef302"},"headline":"Naturaleza urbana","datePublished":"2019-04-12T11:15:00+00:00","dateModified":"2019-12-28T19:57:23+00:00","mainEntityOfPage":{"@id":"https:\/\/www.victorarandagarcia.es\/index.php\/arte\/naturaleza\/naturaleza-urbana\/"},"wordCount":17,"publisher":{"@id":"https:\/\/www.victorarandagarcia.es\/#organization"},"image":{"@id":"https:\/\/www.victorarandagarcia.es\/index.php\/arte\/naturaleza\/naturaleza-urbana\/#primaryimage"},"thumbnailUrl":"https:\/\/www.victorarandagarcia.es\/wp-content\/uploads\/naturaleza-urbana-0.jpg","keywords":["naturaleza"],"articleSection":["NATURALEZA"],"inLanguage":"es"},{"@type":"WebPage","@id":"https:\/\/www.victorarandagarcia.es\/index.php\/arte\/naturaleza\/naturaleza-urbana\/","url":"https:\/\/www.victorarandagarcia.es\/index.php\/arte\/naturaleza\/naturaleza-urbana\/","name":"Naturaleza urbana - arte y estudio","isPartOf":{"@id":"https:\/\/www.victorarandagarcia.es\/#website"},"primaryImageOfPage":{"@id":"https:\/\/www.victorarandagarcia.es\/index.php\/arte\/naturaleza\/naturaleza-urbana\/#primaryimage"},"image":{"@id":"https:\/\/www.victorarandagarcia.es\/index.php\/arte\/naturaleza\/naturaleza-urbana\/#primaryimage"},"thumbnailUrl":"https:\/\/www.victorarandagarcia.es\/wp-content\/uploads\/naturaleza-urbana-0.jpg","datePublished":"2019-04-12T11:15:00+00:00","dateModified":"2019-12-28T19:57:23+00:00","breadcrumb":{"@id":"https:\/\/www.victorarandagarcia.es\/index.php\/arte\/naturaleza\/naturaleza-urbana\/#breadcrumb"},"inLanguage":"es","potentialAction":[{"@type":"ReadAction","target":["https:\/\/www.victorarandagarcia.es\/index.php\/arte\/naturaleza\/naturaleza-urbana\/"]}]},{"@type":"ImageObject","inLanguage":"es","@id":"https:\/\/www.victorarandagarcia.es\/index.php\/arte\/naturaleza\/naturaleza-urbana\/#primaryimage","url":"https:\/\/www.victorarandagarcia.es\/wp-content\/uploads\/naturaleza-urbana-0.jpg","contentUrl":"https:\/\/www.victorarandagarcia.es\/wp-content\/uploads\/naturaleza-urbana-0.jpg","width":280,"height":280},{"@type":"BreadcrumbList","@id":"https:\/\/www.victorarandagarcia.es\/index.php\/arte\/naturaleza\/naturaleza-urbana\/#breadcrumb","itemListElement":[{"@type":"ListItem","position":1,"name":"Portada","item":"https:\/\/www.victorarandagarcia.es\/"},{"@type":"ListItem","position":2,"name":"Naturaleza urbana"}]},{"@type":"WebSite","@id":"https:\/\/www.victorarandagarcia.es\/#website","url":"https:\/\/www.victorarandagarcia.es\/","name":"arte y estudio","description":"Fot\u00f3grafo","publisher":{"@id":"https:\/\/www.victorarandagarcia.es\/#organization"},"potentialAction":[{"@type":"SearchAction","target":{"@type":"EntryPoint","urlTemplate":"https:\/\/www.victorarandagarcia.es\/?s={search_term_string}"},"query-input":"required name=search_term_string"}],"inLanguage":"es"},{"@type":"Organization","@id":"https:\/\/www.victorarandagarcia.es\/#organization","name":"arte y estudio","url":"https:\/\/www.victorarandagarcia.es\/","logo":{"@type":"ImageObject","inLanguage":"es","@id":"https:\/\/www.victorarandagarcia.es\/#\/schema\/logo\/image\/","url":"https:\/\/www.victorarandagarcia.es\/wp-content\/uploads\/2019\/03\/logo-fotografo.png","contentUrl":"https:\/\/www.victorarandagarcia.es\/wp-content\/uploads\/2019\/03\/logo-fotografo.png","width":150,"height":150,"caption":"arte y estudio"},"image":{"@id":"https:\/\/www.victorarandagarcia.es\/#\/schema\/logo\/image\/"}},{"@type":"Person","@id":"https:\/\/www.victorarandagarcia.es\/#\/schema\/person\/bfa9c61a3776d517deeee5f9386ef302","name":"victorarandagarcia","image":{"@type":"ImageObject","inLanguage":"es","@id":"https:\/\/www.victorarandagarcia.es\/#\/schema\/person\/image\/","url":"https:\/\/secure.gravatar.com\/avatar\/957a01ac23a6393e755ae8225c35dbdb?s=96&d=mm&r=g","contentUrl":"https:\/\/secure.gravatar.com\/avatar\/957a01ac23a6393e755ae8225c35dbdb?s=96&d=mm&r=g","caption":"victorarandagarcia"}}]}},"jetpack_featured_media_url":"https:\/\/www.victorarandagarcia.es\/wp-content\/uploads\/naturaleza-urbana-0.jpg","jetpack_sharing_enabled":true,"_links":{"self":[{"href":"https:\/\/www.victorarandagarcia.es\/index.php\/wp-json\/wp\/v2\/posts\/1362"}],"collection":[{"href":"https:\/\/www.victorarandagarcia.es\/index.php\/wp-json\/wp\/v2\/posts"}],"about":[{"href":"https:\/\/www.victorarandagarcia.es\/index.php\/wp-json\/wp\/v2\/types\/post"}],"author":[{"embeddable":true,"href":"https:\/\/www.victorarandagarcia.es\/index.php\/wp-json\/wp\/v2\/users\/1"}],"replies":[{"embeddable":true,"href":"https:\/\/www.victorarandagarcia.es\/index.php\/wp-json\/wp\/v2\/comments?post=1362"}],"version-history":[{"count":4,"href":"https:\/\/www.victorarandagarcia.es\/index.php\/wp-json\/wp\/v2\/posts\/1362\/revisions"}],"predecessor-version":[{"id":2393,"href":"https:\/\/www.victorarandagarcia.es\/index.php\/wp-json\/wp\/v2\/posts\/1362\/revisions\/2393"}],"wp:featuredmedia":[{"embeddable":true,"href":"https:\/\/www.victorarandagarcia.es\/index.php\/wp-json\/wp\/v2\/media\/1348"}],"wp:attachment":[{"href":"https:\/\/www.victorarandagarcia.es\/index.php\/wp-json\/wp\/v2\/media?parent=1362"}],"wp:term":[{"taxonomy":"category","embeddable":true,"href":"https:\/\/www.victorarandagarcia.es\/index.php\/wp-json\/wp\/v2\/categories?post=1362"},{"taxonomy":"post_tag","embeddable":true,"href":"https:\/\/www.victorarandagarcia.es\/index.php\/wp-json\/wp\/v2\/tags?post=1362"}],"curies":[{"name":"wp","href":"https:\/\/api.w.org\/{rel}","templated":true}]}}