{"id":1134,"date":"2019-04-10T00:53:59","date_gmt":"2019-04-09T22:53:59","guid":{"rendered":"http:\/\/www.victorarandagarcia.es\/?p=1134"},"modified":"2021-01-11T18:56:15","modified_gmt":"2021-01-11T17:56:15","slug":"lucia","status":"publish","type":"post","link":"https:\/\/www.victorarandagarcia.es\/index.php\/arte\/retrato\/lucia\/","title":{"rendered":"Luc\u00ed\u00ada"},"content":{"rendered":"\n<p>Sesi\u00f3n de retrato art\u00edstico con Luc\u00eda. Cuatro fotograf\u00ed\u00adas tomadas en Valencia en agosto de 2008.<\/p>\n\n\n\n<ul class=\"wp-block-gallery aligncenter columns-1 wp-block-gallery-1 is-layout-flex wp-block-gallery-is-layout-flex\"><li class=\"blocks-gallery-item\"><figure><img data-attachment-id=\"1144\" data-permalink=\"https:\/\/www.victorarandagarcia.es\/retrato-lucia01\/\" data-orig-file=\"https:\/\/www.victorarandagarcia.es\/wp-content\/uploads\/retrato-lucia01.jpg\" data-orig-size=\"459,690\" data-comments-opened=\"0\" data-image-meta=\"{&quot;aperture&quot;:&quot;0&quot;,&quot;credit&quot;:&quot;&quot;,&quot;camera&quot;:&quot;&quot;,&quot;caption&quot;:&quot;&quot;,&quot;created_timestamp&quot;:&quot;0&quot;,&quot;copyright&quot;:&quot;&quot;,&quot;focal_length&quot;:&quot;0&quot;,&quot;iso&quot;:&quot;0&quot;,&quot;shutter_speed&quot;:&quot;0&quot;,&quot;title&quot;:&quot;&quot;,&quot;orientation&quot;:&quot;0&quot;}\" data-image-title=\"retrato-lucia01\" data-image-description=\"&lt;p&gt;Luc\u00ed\u00ada (Valencia 2008)&lt;\/p&gt;\n\" data-image-caption=\"&lt;p&gt;Luc\u00ed\u00ada (Valencia 2008)&lt;\/p&gt;\n\" data-medium-file=\"https:\/\/www.victorarandagarcia.es\/wp-content\/uploads\/retrato-lucia01-200x300.jpg\" data-large-file=\"https:\/\/www.victorarandagarcia.es\/wp-content\/uploads\/retrato-lucia01.jpg\" decoding=\"async\" loading=\"lazy\" width=\"459\" height=\"690\" src=\"http:\/\/www.victorarandagarcia.es\/wp-content\/uploads\/retrato-lucia01.jpg\" alt=\"\" data-id=\"1144\" data-link=\"http:\/\/www.victorarandagarcia.es\/retrato-lucia01\/\" class=\"wp-image-1144\" srcset=\"https:\/\/www.victorarandagarcia.es\/wp-content\/uploads\/retrato-lucia01.jpg 459w, https:\/\/www.victorarandagarcia.es\/wp-content\/uploads\/retrato-lucia01-200x300.jpg 200w\" sizes=\"(max-width: 459px) 100vw, 459px\" \/><\/figure><\/li><li class=\"blocks-gallery-item\"><figure><img data-attachment-id=\"1142\" data-permalink=\"https:\/\/www.victorarandagarcia.es\/retrato-lucia02\/\" data-orig-file=\"https:\/\/www.victorarandagarcia.es\/wp-content\/uploads\/retrato-lucia02.jpg\" data-orig-size=\"462,690\" data-comments-opened=\"0\" data-image-meta=\"{&quot;aperture&quot;:&quot;0&quot;,&quot;credit&quot;:&quot;&quot;,&quot;camera&quot;:&quot;&quot;,&quot;caption&quot;:&quot;&quot;,&quot;created_timestamp&quot;:&quot;0&quot;,&quot;copyright&quot;:&quot;&quot;,&quot;focal_length&quot;:&quot;0&quot;,&quot;iso&quot;:&quot;0&quot;,&quot;shutter_speed&quot;:&quot;0&quot;,&quot;title&quot;:&quot;&quot;,&quot;orientation&quot;:&quot;0&quot;}\" data-image-title=\"retrato-lucia02\" data-image-description=\"&lt;p&gt;Luc\u00ed\u00ada (Valencia 2008)&lt;\/p&gt;\n\" data-image-caption=\"&lt;p&gt;Luc\u00ed\u00ada (Valencia 2008)&lt;\/p&gt;\n\" data-medium-file=\"https:\/\/www.victorarandagarcia.es\/wp-content\/uploads\/retrato-lucia02-201x300.jpg\" data-large-file=\"https:\/\/www.victorarandagarcia.es\/wp-content\/uploads\/retrato-lucia02.jpg\" decoding=\"async\" loading=\"lazy\" width=\"462\" height=\"690\" src=\"http:\/\/www.victorarandagarcia.es\/wp-content\/uploads\/retrato-lucia02.jpg\" alt=\"\" data-id=\"1142\" data-link=\"http:\/\/www.victorarandagarcia.es\/retrato-lucia02\/\" class=\"wp-image-1142\" srcset=\"https:\/\/www.victorarandagarcia.es\/wp-content\/uploads\/retrato-lucia02.jpg 462w, https:\/\/www.victorarandagarcia.es\/wp-content\/uploads\/retrato-lucia02-201x300.jpg 201w\" sizes=\"(max-width: 462px) 100vw, 462px\" \/><\/figure><\/li><li class=\"blocks-gallery-item\"><figure><img data-attachment-id=\"1141\" data-permalink=\"https:\/\/www.victorarandagarcia.es\/retrato-lucia03\/\" data-orig-file=\"https:\/\/www.victorarandagarcia.es\/wp-content\/uploads\/retrato-lucia03.jpg\" data-orig-size=\"457,690\" data-comments-opened=\"0\" data-image-meta=\"{&quot;aperture&quot;:&quot;0&quot;,&quot;credit&quot;:&quot;&quot;,&quot;camera&quot;:&quot;&quot;,&quot;caption&quot;:&quot;&quot;,&quot;created_timestamp&quot;:&quot;0&quot;,&quot;copyright&quot;:&quot;&quot;,&quot;focal_length&quot;:&quot;0&quot;,&quot;iso&quot;:&quot;0&quot;,&quot;shutter_speed&quot;:&quot;0&quot;,&quot;title&quot;:&quot;&quot;,&quot;orientation&quot;:&quot;0&quot;}\" data-image-title=\"retrato-lucia03\" data-image-description=\"&lt;p&gt;Luc\u00ed\u00ada (Valencia 2008)&lt;\/p&gt;\n\" data-image-caption=\"&lt;p&gt;Luc\u00ed\u00ada (Valencia 2008)&lt;\/p&gt;\n\" data-medium-file=\"https:\/\/www.victorarandagarcia.es\/wp-content\/uploads\/retrato-lucia03-199x300.jpg\" data-large-file=\"https:\/\/www.victorarandagarcia.es\/wp-content\/uploads\/retrato-lucia03.jpg\" decoding=\"async\" loading=\"lazy\" width=\"457\" height=\"690\" src=\"http:\/\/www.victorarandagarcia.es\/wp-content\/uploads\/retrato-lucia03.jpg\" alt=\"\" data-id=\"1141\" data-link=\"http:\/\/www.victorarandagarcia.es\/retrato-lucia03\/\" class=\"wp-image-1141\" srcset=\"https:\/\/www.victorarandagarcia.es\/wp-content\/uploads\/retrato-lucia03.jpg 457w, https:\/\/www.victorarandagarcia.es\/wp-content\/uploads\/retrato-lucia03-199x300.jpg 199w\" sizes=\"(max-width: 457px) 100vw, 457px\" \/><\/figure><\/li><li class=\"blocks-gallery-item\"><figure><img data-attachment-id=\"1143\" data-permalink=\"https:\/\/www.victorarandagarcia.es\/retrato-lucia04\/\" data-orig-file=\"https:\/\/www.victorarandagarcia.es\/wp-content\/uploads\/retrato-lucia04.jpg\" data-orig-size=\"462,690\" data-comments-opened=\"0\" data-image-meta=\"{&quot;aperture&quot;:&quot;0&quot;,&quot;credit&quot;:&quot;&quot;,&quot;camera&quot;:&quot;&quot;,&quot;caption&quot;:&quot;&quot;,&quot;created_timestamp&quot;:&quot;0&quot;,&quot;copyright&quot;:&quot;&quot;,&quot;focal_length&quot;:&quot;0&quot;,&quot;iso&quot;:&quot;0&quot;,&quot;shutter_speed&quot;:&quot;0&quot;,&quot;title&quot;:&quot;&quot;,&quot;orientation&quot;:&quot;0&quot;}\" data-image-title=\"retrato-lucia04\" data-image-description=\"&lt;p&gt;Luc\u00ed\u00ada (Valencia 2008)&lt;\/p&gt;\n\" data-image-caption=\"&lt;p&gt;Luc\u00ed\u00ada (Valencia 2008)&lt;\/p&gt;\n\" data-medium-file=\"https:\/\/www.victorarandagarcia.es\/wp-content\/uploads\/retrato-lucia04-201x300.jpg\" data-large-file=\"https:\/\/www.victorarandagarcia.es\/wp-content\/uploads\/retrato-lucia04.jpg\" decoding=\"async\" loading=\"lazy\" width=\"462\" height=\"690\" src=\"http:\/\/www.victorarandagarcia.es\/wp-content\/uploads\/retrato-lucia04.jpg\" alt=\"\" data-id=\"1143\" data-link=\"http:\/\/www.victorarandagarcia.es\/retrato-lucia04\/\" class=\"wp-image-1143\" srcset=\"https:\/\/www.victorarandagarcia.es\/wp-content\/uploads\/retrato-lucia04.jpg 462w, https:\/\/www.victorarandagarcia.es\/wp-content\/uploads\/retrato-lucia04-201x300.jpg 201w\" sizes=\"(max-width: 462px) 100vw, 462px\" \/><\/figure><\/li><\/ul>\n","protected":false},"excerpt":{"rendered":"<p>Cuatro fotograf\u00ed\u00adas tomadas en Valencia en agosto de 2008 &hellip; <a href=\"https:\/\/www.victorarandagarcia.es\/index.php\/arte\/retrato\/lucia\/\" class=\"more-link\"><span>Continuar<span class=\"screen-reader-text\">Luc\u00ed\u00ada<\/span><\/span><\/a><\/p>\n","protected":false},"author":1,"featured_media":1145,"comment_status":"closed","ping_status":"open","sticky":false,"template":"","format":"standard","meta":{"jetpack_post_was_ever_published":false,"_jetpack_newsletter_access":"","_jetpack_dont_email_post_to_subs":false,"_jetpack_newsletter_tier_id":0,"_jetpack_memberships_contains_paywalled_content":false,"footnotes":"","_jetpack_memberships_contains_paid_content":false},"categories":[40],"tags":[60,27],"yoast_head":"<!-- This site is optimized with the Yoast SEO plugin v22.6 - https:\/\/yoast.com\/wordpress\/plugins\/seo\/ -->\n<title>Luc\u00ed\u00ada - arte y estudio<\/title>\n<meta name=\"description\" content=\"Sesi\u00f3n de retrato art\u00edstico con Luc\u00eda. Cuatro fotograf\u00ed\u00adas tomadas en Valencia en agosto de 2008 por V\u00edctor Aranda Garc\u00eda.\" \/>\n<meta name=\"robots\" content=\"index, follow, max-snippet:-1, max-image-preview:large, max-video-preview:-1\" \/>\n<link rel=\"canonical\" href=\"https:\/\/www.victorarandagarcia.es\/index.php\/arte\/retrato\/lucia\/\" \/>\n<meta property=\"og:locale\" content=\"es_ES\" \/>\n<meta property=\"og:type\" content=\"article\" \/>\n<meta property=\"og:title\" content=\"Luc\u00ed\u00ada - arte y estudio\" \/>\n<meta property=\"og:description\" content=\"Sesi\u00f3n de retrato art\u00edstico con Luc\u00eda. Cuatro fotograf\u00ed\u00adas tomadas en Valencia en agosto de 2008 por V\u00edctor Aranda Garc\u00eda.\" \/>\n<meta property=\"og:url\" content=\"https:\/\/www.victorarandagarcia.es\/index.php\/arte\/retrato\/lucia\/\" \/>\n<meta property=\"og:site_name\" content=\"arte y estudio\" \/>\n<meta property=\"article:published_time\" content=\"2019-04-09T22:53:59+00:00\" \/>\n<meta property=\"article:modified_time\" content=\"2021-01-11T17:56:15+00:00\" \/>\n<meta property=\"og:image\" content=\"https:\/\/www.victorarandagarcia.es\/wp-content\/uploads\/retrato-lucia0.jpg\" \/>\n\t<meta property=\"og:image:width\" content=\"280\" \/>\n\t<meta property=\"og:image:height\" content=\"280\" \/>\n\t<meta property=\"og:image:type\" content=\"image\/jpeg\" \/>\n<meta name=\"author\" content=\"victorarandagarcia\" \/>\n<meta name=\"twitter:card\" content=\"summary_large_image\" \/>\n<meta name=\"twitter:label1\" content=\"Escrito por\" \/>\n\t<meta name=\"twitter:data1\" content=\"victorarandagarcia\" \/>\n<script type=\"application\/ld+json\" class=\"yoast-schema-graph\">{\"@context\":\"https:\/\/schema.org\",\"@graph\":[{\"@type\":\"Article\",\"@id\":\"https:\/\/www.victorarandagarcia.es\/index.php\/arte\/retrato\/lucia\/#article\",\"isPartOf\":{\"@id\":\"https:\/\/www.victorarandagarcia.es\/index.php\/arte\/retrato\/lucia\/\"},\"author\":{\"name\":\"victorarandagarcia\",\"@id\":\"https:\/\/www.victorarandagarcia.es\/#\/schema\/person\/bfa9c61a3776d517deeee5f9386ef302\"},\"headline\":\"Luc\u00ed\u00ada\",\"datePublished\":\"2019-04-09T22:53:59+00:00\",\"dateModified\":\"2021-01-11T17:56:15+00:00\",\"mainEntityOfPage\":{\"@id\":\"https:\/\/www.victorarandagarcia.es\/index.php\/arte\/retrato\/lucia\/\"},\"wordCount\":20,\"publisher\":{\"@id\":\"https:\/\/www.victorarandagarcia.es\/#organization\"},\"image\":{\"@id\":\"https:\/\/www.victorarandagarcia.es\/index.php\/arte\/retrato\/lucia\/#primaryimage\"},\"thumbnailUrl\":\"https:\/\/www.victorarandagarcia.es\/wp-content\/uploads\/retrato-lucia0.jpg\",\"keywords\":[\"book\",\"retrato\"],\"articleSection\":[\"RETRATO\"],\"inLanguage\":\"es\"},{\"@type\":\"WebPage\",\"@id\":\"https:\/\/www.victorarandagarcia.es\/index.php\/arte\/retrato\/lucia\/\",\"url\":\"https:\/\/www.victorarandagarcia.es\/index.php\/arte\/retrato\/lucia\/\",\"name\":\"Luc\u00ed\u00ada - arte y estudio\",\"isPartOf\":{\"@id\":\"https:\/\/www.victorarandagarcia.es\/#website\"},\"primaryImageOfPage\":{\"@id\":\"https:\/\/www.victorarandagarcia.es\/index.php\/arte\/retrato\/lucia\/#primaryimage\"},\"image\":{\"@id\":\"https:\/\/www.victorarandagarcia.es\/index.php\/arte\/retrato\/lucia\/#primaryimage\"},\"thumbnailUrl\":\"https:\/\/www.victorarandagarcia.es\/wp-content\/uploads\/retrato-lucia0.jpg\",\"datePublished\":\"2019-04-09T22:53:59+00:00\",\"dateModified\":\"2021-01-11T17:56:15+00:00\",\"description\":\"Sesi\u00f3n de retrato art\u00edstico con Luc\u00eda. Cuatro fotograf\u00ed\u00adas tomadas en Valencia en agosto de 2008 por V\u00edctor Aranda Garc\u00eda.\",\"breadcrumb\":{\"@id\":\"https:\/\/www.victorarandagarcia.es\/index.php\/arte\/retrato\/lucia\/#breadcrumb\"},\"inLanguage\":\"es\",\"potentialAction\":[{\"@type\":\"ReadAction\",\"target\":[\"https:\/\/www.victorarandagarcia.es\/index.php\/arte\/retrato\/lucia\/\"]}]},{\"@type\":\"ImageObject\",\"inLanguage\":\"es\",\"@id\":\"https:\/\/www.victorarandagarcia.es\/index.php\/arte\/retrato\/lucia\/#primaryimage\",\"url\":\"https:\/\/www.victorarandagarcia.es\/wp-content\/uploads\/retrato-lucia0.jpg\",\"contentUrl\":\"https:\/\/www.victorarandagarcia.es\/wp-content\/uploads\/retrato-lucia0.jpg\",\"width\":280,\"height\":280},{\"@type\":\"BreadcrumbList\",\"@id\":\"https:\/\/www.victorarandagarcia.es\/index.php\/arte\/retrato\/lucia\/#breadcrumb\",\"itemListElement\":[{\"@type\":\"ListItem\",\"position\":1,\"name\":\"Portada\",\"item\":\"https:\/\/www.victorarandagarcia.es\/\"},{\"@type\":\"ListItem\",\"position\":2,\"name\":\"Luc\u00ed\u00ada\"}]},{\"@type\":\"WebSite\",\"@id\":\"https:\/\/www.victorarandagarcia.es\/#website\",\"url\":\"https:\/\/www.victorarandagarcia.es\/\",\"name\":\"arte y estudio\",\"description\":\"Fot\u00f3grafo\",\"publisher\":{\"@id\":\"https:\/\/www.victorarandagarcia.es\/#organization\"},\"potentialAction\":[{\"@type\":\"SearchAction\",\"target\":{\"@type\":\"EntryPoint\",\"urlTemplate\":\"https:\/\/www.victorarandagarcia.es\/?s={search_term_string}\"},\"query-input\":\"required name=search_term_string\"}],\"inLanguage\":\"es\"},{\"@type\":\"Organization\",\"@id\":\"https:\/\/www.victorarandagarcia.es\/#organization\",\"name\":\"arte y estudio\",\"url\":\"https:\/\/www.victorarandagarcia.es\/\",\"logo\":{\"@type\":\"ImageObject\",\"inLanguage\":\"es\",\"@id\":\"https:\/\/www.victorarandagarcia.es\/#\/schema\/logo\/image\/\",\"url\":\"https:\/\/www.victorarandagarcia.es\/wp-content\/uploads\/2019\/03\/logo-fotografo.png\",\"contentUrl\":\"https:\/\/www.victorarandagarcia.es\/wp-content\/uploads\/2019\/03\/logo-fotografo.png\",\"width\":150,\"height\":150,\"caption\":\"arte y estudio\"},\"image\":{\"@id\":\"https:\/\/www.victorarandagarcia.es\/#\/schema\/logo\/image\/\"}},{\"@type\":\"Person\",\"@id\":\"https:\/\/www.victorarandagarcia.es\/#\/schema\/person\/bfa9c61a3776d517deeee5f9386ef302\",\"name\":\"victorarandagarcia\",\"image\":{\"@type\":\"ImageObject\",\"inLanguage\":\"es\",\"@id\":\"https:\/\/www.victorarandagarcia.es\/#\/schema\/person\/image\/\",\"url\":\"https:\/\/secure.gravatar.com\/avatar\/957a01ac23a6393e755ae8225c35dbdb?s=96&d=mm&r=g\",\"contentUrl\":\"https:\/\/secure.gravatar.com\/avatar\/957a01ac23a6393e755ae8225c35dbdb?s=96&d=mm&r=g\",\"caption\":\"victorarandagarcia\"}}]}<\/script>\n<!-- \/ Yoast SEO plugin. -->","yoast_head_json":{"title":"Luc\u00ed\u00ada - arte y estudio","description":"Sesi\u00f3n de retrato art\u00edstico con Luc\u00eda. Cuatro fotograf\u00ed\u00adas tomadas en Valencia en agosto de 2008 por V\u00edctor Aranda Garc\u00eda.","robots":{"index":"index","follow":"follow","max-snippet":"max-snippet:-1","max-image-preview":"max-image-preview:large","max-video-preview":"max-video-preview:-1"},"canonical":"https:\/\/www.victorarandagarcia.es\/index.php\/arte\/retrato\/lucia\/","og_locale":"es_ES","og_type":"article","og_title":"Luc\u00ed\u00ada - arte y estudio","og_description":"Sesi\u00f3n de retrato art\u00edstico con Luc\u00eda. Cuatro fotograf\u00ed\u00adas tomadas en Valencia en agosto de 2008 por V\u00edctor Aranda Garc\u00eda.","og_url":"https:\/\/www.victorarandagarcia.es\/index.php\/arte\/retrato\/lucia\/","og_site_name":"arte y estudio","article_published_time":"2019-04-09T22:53:59+00:00","article_modified_time":"2021-01-11T17:56:15+00:00","og_image":[{"width":280,"height":280,"url":"https:\/\/www.victorarandagarcia.es\/wp-content\/uploads\/retrato-lucia0.jpg","type":"image\/jpeg"}],"author":"victorarandagarcia","twitter_card":"summary_large_image","twitter_misc":{"Escrito por":"victorarandagarcia"},"schema":{"@context":"https:\/\/schema.org","@graph":[{"@type":"Article","@id":"https:\/\/www.victorarandagarcia.es\/index.php\/arte\/retrato\/lucia\/#article","isPartOf":{"@id":"https:\/\/www.victorarandagarcia.es\/index.php\/arte\/retrato\/lucia\/"},"author":{"name":"victorarandagarcia","@id":"https:\/\/www.victorarandagarcia.es\/#\/schema\/person\/bfa9c61a3776d517deeee5f9386ef302"},"headline":"Luc\u00ed\u00ada","datePublished":"2019-04-09T22:53:59+00:00","dateModified":"2021-01-11T17:56:15+00:00","mainEntityOfPage":{"@id":"https:\/\/www.victorarandagarcia.es\/index.php\/arte\/retrato\/lucia\/"},"wordCount":20,"publisher":{"@id":"https:\/\/www.victorarandagarcia.es\/#organization"},"image":{"@id":"https:\/\/www.victorarandagarcia.es\/index.php\/arte\/retrato\/lucia\/#primaryimage"},"thumbnailUrl":"https:\/\/www.victorarandagarcia.es\/wp-content\/uploads\/retrato-lucia0.jpg","keywords":["book","retrato"],"articleSection":["RETRATO"],"inLanguage":"es"},{"@type":"WebPage","@id":"https:\/\/www.victorarandagarcia.es\/index.php\/arte\/retrato\/lucia\/","url":"https:\/\/www.victorarandagarcia.es\/index.php\/arte\/retrato\/lucia\/","name":"Luc\u00ed\u00ada - arte y estudio","isPartOf":{"@id":"https:\/\/www.victorarandagarcia.es\/#website"},"primaryImageOfPage":{"@id":"https:\/\/www.victorarandagarcia.es\/index.php\/arte\/retrato\/lucia\/#primaryimage"},"image":{"@id":"https:\/\/www.victorarandagarcia.es\/index.php\/arte\/retrato\/lucia\/#primaryimage"},"thumbnailUrl":"https:\/\/www.victorarandagarcia.es\/wp-content\/uploads\/retrato-lucia0.jpg","datePublished":"2019-04-09T22:53:59+00:00","dateModified":"2021-01-11T17:56:15+00:00","description":"Sesi\u00f3n de retrato art\u00edstico con Luc\u00eda. Cuatro fotograf\u00ed\u00adas tomadas en Valencia en agosto de 2008 por V\u00edctor Aranda Garc\u00eda.","breadcrumb":{"@id":"https:\/\/www.victorarandagarcia.es\/index.php\/arte\/retrato\/lucia\/#breadcrumb"},"inLanguage":"es","potentialAction":[{"@type":"ReadAction","target":["https:\/\/www.victorarandagarcia.es\/index.php\/arte\/retrato\/lucia\/"]}]},{"@type":"ImageObject","inLanguage":"es","@id":"https:\/\/www.victorarandagarcia.es\/index.php\/arte\/retrato\/lucia\/#primaryimage","url":"https:\/\/www.victorarandagarcia.es\/wp-content\/uploads\/retrato-lucia0.jpg","contentUrl":"https:\/\/www.victorarandagarcia.es\/wp-content\/uploads\/retrato-lucia0.jpg","width":280,"height":280},{"@type":"BreadcrumbList","@id":"https:\/\/www.victorarandagarcia.es\/index.php\/arte\/retrato\/lucia\/#breadcrumb","itemListElement":[{"@type":"ListItem","position":1,"name":"Portada","item":"https:\/\/www.victorarandagarcia.es\/"},{"@type":"ListItem","position":2,"name":"Luc\u00ed\u00ada"}]},{"@type":"WebSite","@id":"https:\/\/www.victorarandagarcia.es\/#website","url":"https:\/\/www.victorarandagarcia.es\/","name":"arte y estudio","description":"Fot\u00f3grafo","publisher":{"@id":"https:\/\/www.victorarandagarcia.es\/#organization"},"potentialAction":[{"@type":"SearchAction","target":{"@type":"EntryPoint","urlTemplate":"https:\/\/www.victorarandagarcia.es\/?s={search_term_string}"},"query-input":"required name=search_term_string"}],"inLanguage":"es"},{"@type":"Organization","@id":"https:\/\/www.victorarandagarcia.es\/#organization","name":"arte y estudio","url":"https:\/\/www.victorarandagarcia.es\/","logo":{"@type":"ImageObject","inLanguage":"es","@id":"https:\/\/www.victorarandagarcia.es\/#\/schema\/logo\/image\/","url":"https:\/\/www.victorarandagarcia.es\/wp-content\/uploads\/2019\/03\/logo-fotografo.png","contentUrl":"https:\/\/www.victorarandagarcia.es\/wp-content\/uploads\/2019\/03\/logo-fotografo.png","width":150,"height":150,"caption":"arte y estudio"},"image":{"@id":"https:\/\/www.victorarandagarcia.es\/#\/schema\/logo\/image\/"}},{"@type":"Person","@id":"https:\/\/www.victorarandagarcia.es\/#\/schema\/person\/bfa9c61a3776d517deeee5f9386ef302","name":"victorarandagarcia","image":{"@type":"ImageObject","inLanguage":"es","@id":"https:\/\/www.victorarandagarcia.es\/#\/schema\/person\/image\/","url":"https:\/\/secure.gravatar.com\/avatar\/957a01ac23a6393e755ae8225c35dbdb?s=96&d=mm&r=g","contentUrl":"https:\/\/secure.gravatar.com\/avatar\/957a01ac23a6393e755ae8225c35dbdb?s=96&d=mm&r=g","caption":"victorarandagarcia"}}]}},"jetpack_featured_media_url":"https:\/\/www.victorarandagarcia.es\/wp-content\/uploads\/retrato-lucia0.jpg","jetpack_sharing_enabled":true,"_links":{"self":[{"href":"https:\/\/www.victorarandagarcia.es\/index.php\/wp-json\/wp\/v2\/posts\/1134"}],"collection":[{"href":"https:\/\/www.victorarandagarcia.es\/index.php\/wp-json\/wp\/v2\/posts"}],"about":[{"href":"https:\/\/www.victorarandagarcia.es\/index.php\/wp-json\/wp\/v2\/types\/post"}],"author":[{"embeddable":true,"href":"https:\/\/www.victorarandagarcia.es\/index.php\/wp-json\/wp\/v2\/users\/1"}],"replies":[{"embeddable":true,"href":"https:\/\/www.victorarandagarcia.es\/index.php\/wp-json\/wp\/v2\/comments?post=1134"}],"version-history":[{"count":3,"href":"https:\/\/www.victorarandagarcia.es\/index.php\/wp-json\/wp\/v2\/posts\/1134\/revisions"}],"predecessor-version":[{"id":3101,"href":"https:\/\/www.victorarandagarcia.es\/index.php\/wp-json\/wp\/v2\/posts\/1134\/revisions\/3101"}],"wp:featuredmedia":[{"embeddable":true,"href":"https:\/\/www.victorarandagarcia.es\/index.php\/wp-json\/wp\/v2\/media\/1145"}],"wp:attachment":[{"href":"https:\/\/www.victorarandagarcia.es\/index.php\/wp-json\/wp\/v2\/media?parent=1134"}],"wp:term":[{"taxonomy":"category","embeddable":true,"href":"https:\/\/www.victorarandagarcia.es\/index.php\/wp-json\/wp\/v2\/categories?post=1134"},{"taxonomy":"post_tag","embeddable":true,"href":"https:\/\/www.victorarandagarcia.es\/index.php\/wp-json\/wp\/v2\/tags?post=1134"}],"curies":[{"name":"wp","href":"https:\/\/api.w.org\/{rel}","templated":true}]}}